{"id":93024,"date":"2022-12-15T11:53:48","date_gmt":"2022-12-15T16:53:48","guid":{"rendered":"https:\/\/interamerica.org\/?p=93024"},"modified":"2022-12-15T20:10:59","modified_gmt":"2022-12-16T01:10:59","slug":"club-adventista-de-ciclismo-en-colombia-motiva-a-jovenes-y-mayores-a-pedalear-por-su-salud","status":"publish","type":"post","link":"https:\/\/interamerica.org\/es\/2022\/12\/club-adventista-de-ciclismo-en-colombia-motiva-a-jovenes-y-mayores-a-pedalear-por-su-salud\/","title":{"rendered":"Club adventista de ciclismo en Colombia motiva a j\u00f3venes y mayores a pedalear por su salud"},"content":{"rendered":"<p><em>Decenas usan sus bicicletas para recorrer la ciudad de Medell\u00edn durante un d\u00eda.<\/em><\/p>\n<p>14 de diciembre de 2022 | Medell\u00edn, Colombia | Daniela Arrieta y Noticias de la Divisi\u00f3n Interamericana<\/p>\n<p>El Club de Ciclismo \u201cQuiero vivir sano\u201d de la Iglesia Adventista del S\u00e9ptimo D\u00eda en la ciudad de Medell\u00edn, Colombia, invit\u00f3 hace poco a decenas de sus amigos y vecinos a subirse a sus bicicletas y recorrer juntos la ciudad.<\/p>\n<p>La actividad atrajo a m\u00e1s de ochenta ciclistas j\u00f3venes y mayores el pasado 14 de noviembre de 2022, como parte del objetivo del club para conectarse con otros ciclistas, por medio de la iniciativa insignia de la iglesia titulada \u201cQuiero vivir sano\u201d. La iniciativa promueve los ocho remedios naturales para vivir un estilo de vida sano que incluye beber agua, mantener una actitud positiva, comer ensaladas, hacer ejercicio, descansar, evitar los alimentos de mala calidad, comer un mejor desayuno, menos cenas y promover la felicidad.<\/p>\n<p><div id=\"attachment_92973\" style=\"width: 859px\" class=\"wp-caption aligncenter\"><img fetchpriority=\"high\" decoding=\"async\" aria-describedby=\"caption-attachment-92973\" class=\" wp-image-92971\" src=\"https:\/\/interamerica.org\/wp-content\/uploads\/2022\/12\/nocu-cycling-with-dog-nov2022.jpg\" alt=\"\" width=\"849\" height=\"566\" srcset=\"https:\/\/interamerica.org\/wp-content\/uploads\/2022\/12\/nocu-cycling-with-dog-nov2022.jpg 1000w, https:\/\/interamerica.org\/wp-content\/uploads\/2022\/12\/nocu-cycling-with-dog-nov2022-300x200.jpg 300w, https:\/\/interamerica.org\/wp-content\/uploads\/2022\/12\/nocu-cycling-with-dog-nov2022-768x512.jpg 768w\" sizes=\"(max-width: 849px) 100vw, 849px\" \/><p id=\"caption-attachment-92973\" class=\"wp-caption-text\">Un ciclista que form\u00f3 parte del club de ciclismo \u201cQuiero vivir sano\u201d, recorre las calles de Medell\u00edn, Colombia, con su perro en la bicicleta, durante el recorrido del club por la ciudad el pasado 14 de noviembre de 2022. M\u00e1s de ochenta ciclistas j\u00f3venes y mayores se sumaron a la iniciativa, que promueve un estilo de vida equilibrado. [Fotograf\u00eda: Hope Media Colombia]<\/p><\/div>Ciclistas de entre 13 y 60 a\u00f1os participaron de la traves\u00eda de treinta kil\u00f3metros, que dur\u00f3 unas tres horas. \u201cLos miembros de iglesia vieron esta actividad deportiva como una oportunidad de conectarse con otros y ser parte del inter\u00e9s de la iglesia por promover la salud en las familias\u201d, dijo el pastor Mauricio Buitrago, director de ministerios de salud de la Uni\u00f3n Colombiana del Norte y principal organizador del evento.<\/p>\n<p>Implic\u00f3 destacar a la Iglesia Adventista del S\u00e9ptimo D\u00eda por medio del deporte, el sano estilo de vida que persigue, y de mostrar a los miembros de iglesia de qu\u00e9 manera pueden conectarse m\u00e1s con la comunidad, dijeron los organizadores.<\/p>\n<p>\u201cDeber\u00edamos salir y organizar diversas actividades, no actividades tradicionales sino modernas, como lo es el ciclismo, porque se ha tornado en un deporte insignia en Colombia\u201d, dijo Buitrago, que es \u00e9l mismo un \u00e1vido ciclista.<\/p>\n<p>Los ciclistas pedalearon por toda la ciudad, deteni\u00e9ndose en el Centro Evangel\u00edstico El Poblado de la iglesia, la Escuela Adventista Sim\u00f3n Bol\u00edvar, y la iglesia adventista La Foresta, donde se les ofrecieron bebidas hidratantes y un desayuno vegetariano con frutas y bocadillos.<\/p>\n<p><div id=\"attachment_92967\" style=\"width: 857px\" class=\"wp-caption aligncenter\"><img decoding=\"async\" aria-describedby=\"caption-attachment-92967\" class=\" wp-image-92965\" src=\"https:\/\/interamerica.org\/wp-content\/uploads\/2022\/12\/nocu-young-cyclist-nov2022.jpg\" alt=\"\" width=\"847\" height=\"565\" srcset=\"https:\/\/interamerica.org\/wp-content\/uploads\/2022\/12\/nocu-young-cyclist-nov2022.jpg 1000w, https:\/\/interamerica.org\/wp-content\/uploads\/2022\/12\/nocu-young-cyclist-nov2022-300x200.jpg 300w, https:\/\/interamerica.org\/wp-content\/uploads\/2022\/12\/nocu-young-cyclist-nov2022-768x512.jpg 768w\" sizes=\"(max-width: 847px) 100vw, 847px\" \/><p id=\"caption-attachment-92967\" class=\"wp-caption-text\">Un adolescente r\u00ede mientras anda en Bicicleta con el grupo por la ciudad de Medell\u00edn, Colombia. [Fotograf\u00eda: Hope Media Colombia]<\/p><\/div>Se otorg\u00f3 un reconocimiento especial al ciclista m\u00e1s joven y al de mayor edad, a un joven con autismo y a una familia que realiz\u00f3 todo el recorrido, adem\u00e1s del ciclista del grupo que tiene m\u00e1s tiempo de andar en bicicleta. Asimismo, el ciclista profesional Jarrison V\u00e9lez, que forma parte del Club Cobel\u00e9n de Medell\u00edn, tambi\u00e9n recibi\u00f3 un reconocimiento en la categor\u00eda de j\u00f3venes.<\/p>\n<p>\u201cV\u00e9lez me expres\u00f3 su asombro al ver de qu\u00e9 manera una iglesia evang\u00e9lica puede llevar a cabo este tipo de actividades e incluir a personas que no son miembros de la iglesia\u201d, dijo Buitrago. \u201cEl a\u00f1o pr\u00f3ximo andar\u00e1 en bicicleta en Europa, y dijo que les contar\u00e1 a otros c\u00f3mo la Iglesia Adventista organiza esas actividades\u201d.<\/p>\n<p><div id=\"attachment_92979\" style=\"width: 587px\" class=\"wp-caption aligncenter\"><img decoding=\"async\" aria-describedby=\"caption-attachment-92979\" class=\" wp-image-92977\" src=\"https:\/\/interamerica.org\/wp-content\/uploads\/2022\/12\/nocu-2young-cyclist-nov2022.jpg\" alt=\"\" width=\"577\" height=\"800\" srcset=\"https:\/\/interamerica.org\/wp-content\/uploads\/2022\/12\/nocu-2young-cyclist-nov2022.jpg 600w, https:\/\/interamerica.org\/wp-content\/uploads\/2022\/12\/nocu-2young-cyclist-nov2022-216x300.jpg 216w\" sizes=\"(max-width: 577px) 100vw, 577px\" \/><p id=\"caption-attachment-92979\" class=\"wp-caption-text\">J\u00f3venes ciclistas pedalearon por treinta kil\u00f3metros por la ciudad de Medell\u00edn, Colombia. [Fotograf\u00eda: Hope Media Colombia]<\/p><\/div>Los ciclistas regalaron revistas y libros de APIA, la casa publicadora de la iglesia, adem\u00e1s de presentes de la universidad adventista local y de otras organizaciones de la iglesia. Los ciclistas lograron descansar bajo tiendas, y recibir masajes despu\u00e9s de la traves\u00eda.<\/p>\n<p>El evento tambi\u00e9n fue patrocinado por veh\u00edculos especiales que siguieron a los ciclistas anunciando servicios m\u00e9dicos.<\/p>\n<p>Muchos <a href=\"https:\/\/interamerica.org\/2022\/03\/in-north-colombia-adventist-church-organizes-i-want-to-live-healthy-cycling-clubs-as-a-witnessing-tool\/\"> Clubes de Ciclismo \u201cQuiero vivir sano<\/a> est\u00e1n incrementando sus actividades para producir mayor conciencia de un estilo de vida saludable en toda la naci\u00f3n, dijo Buitrago. Se est\u00e1n haciendo planes de tener una aplicaci\u00f3n especial que sea exclusiva al club de ciclismo de la iglesia, para que los ciclistas puedan llevar registro de sus distancias y carreras por toda Colombia.<\/p>\n<p><div id=\"attachment_93004\" style=\"width: 562px\" class=\"wp-caption aligncenter\"><img loading=\"lazy\" decoding=\"async\" aria-describedby=\"caption-attachment-93004\" class=\" wp-image-93002\" src=\"https:\/\/interamerica.org\/wp-content\/uploads\/2022\/12\/nocu-medelling-cycing-nov2022.jpg\" alt=\"\" width=\"552\" height=\"829\" srcset=\"https:\/\/interamerica.org\/wp-content\/uploads\/2022\/12\/nocu-medelling-cycing-nov2022.jpg 600w, https:\/\/interamerica.org\/wp-content\/uploads\/2022\/12\/nocu-medelling-cycing-nov2022-200x300.jpg 200w\" sizes=\"(max-width: 552px) 100vw, 552px\" \/><p id=\"caption-attachment-93004\" class=\"wp-caption-text\">Un miembro del club de ciclistas Saluda al aproximarse a la l\u00ednea de llegada en Bucaramanga, en el norte de Colombia. [Fotograf\u00eda: Hope Media Colombia]<\/p><\/div>Se est\u00e1n haciendo planes de llevar a cabo el primer recorrido de ciclismo por toda Colombia, comenzando desde Bogot\u00e1, la ciudad capital, a la ciudad norte\u00f1a de Bucaramanga, que es una distancia de 408 kil\u00f3metros. El recorrido est\u00e1 planificado para llevarse a cabo del 11-15 de octubre de 2023.<\/p>\n<p>\u201cEsperamos que muchas personas puedan participar en el recorrido de ciclismo, para que podamos generar un impacto en cada una de las comunidades donde el programa \u201cQuiero vivir sano\u201d en Colombia llegue a ser un ejemplo para que otras regiones del pa\u00eds se inspiren a diversas actividades por medio del deporte del ciclismo\u201d, dijo Buitrago.<\/p>\n<p><div id=\"attachment_92976\" style=\"width: 862px\" class=\"wp-caption aligncenter\"><img loading=\"lazy\" decoding=\"async\" aria-describedby=\"caption-attachment-92976\" class=\" wp-image-92974\" src=\"https:\/\/interamerica.org\/wp-content\/uploads\/2022\/12\/nocu-qvs-cycling-tour-nov2022.jpg\" alt=\"\" width=\"852\" height=\"568\" srcset=\"https:\/\/interamerica.org\/wp-content\/uploads\/2022\/12\/nocu-qvs-cycling-tour-nov2022.jpg 1000w, https:\/\/interamerica.org\/wp-content\/uploads\/2022\/12\/nocu-qvs-cycling-tour-nov2022-300x200.jpg 300w, https:\/\/interamerica.org\/wp-content\/uploads\/2022\/12\/nocu-qvs-cycling-tour-nov2022-768x512.jpg 768w\" sizes=\"(max-width: 852px) 100vw, 852px\" \/><p id=\"caption-attachment-92976\" class=\"wp-caption-text\">Parte de los m\u00e1s de ochenta ciclistas que participaron del recorrido de tres horas por la ciudad de Medell\u00edn, Colombia, el pasado 14 de noviembre de 2022. [Fotograf\u00eda: Hope Media Colombia]<\/p><\/div>Para saber m\u00e1s sobre las iniciativas de ciclismo de la Uni\u00f3n Colombiana del Norte, visite <a href=\"https:\/\/www.unioncolombiana.org.co\/\">unioncolombiana.org.co<\/a><\/p>\n<p>Traducci\u00f3n de Marcos Paseggi<\/p>\n","protected":false},"excerpt":{"rendered":"<p>Decenas usan sus bicicletas para recorrer la ciudad de Medell\u00edn durante un d\u00eda. 14 de diciembre de 2022 | Medell\u00edn, Colombia | Daniela Arrieta y Noticias de la Divisi\u00f3n Interamericana&#8230;<\/p>\n","protected":false},"author":3,"featured_media":92973,"comment_status":"closed","ping_status":"closed","sticky":false,"template":"","format":"standard","meta":{"_acf_changed":false,"footnotes":""},"categories":[17,15],"tags":[],"class_list":["post-93024","post","type-post","status-publish","format-standard","has-post-thumbnail","hentry","category-desde-el-campo","category-rss-espanol"],"acf":[],"yoast_head":"<!-- This site is optimized with the Yoast SEO plugin v27.3 - https:\/\/yoast.com\/product\/yoast-seo-wordpress\/ -->\n<title>Club adventista de ciclismo en Colombia motiva a j\u00f3venes y mayores a pedalear por su salud - Iglesia Adventista del S\u00e9ptimo D\u00eda - Divisi\u00f3n Interamericana<\/title>\n<meta name=\"robots\" content=\"index, follow, max-snippet:-1, max-image-preview:large, max-video-preview:-1\" \/>\n<link rel=\"canonical\" href=\"https:\/\/interamerica.org\/es\/2022\/12\/club-adventista-de-ciclismo-en-colombia-motiva-a-jovenes-y-mayores-a-pedalear-por-su-salud\/\" \/>\n<meta property=\"og:locale\" content=\"es_ES\" \/>\n<meta property=\"og:type\" content=\"article\" \/>\n<meta property=\"og:title\" content=\"Club adventista de ciclismo en Colombia motiva a j\u00f3venes y mayores a pedalear por su salud - Iglesia Adventista del S\u00e9ptimo D\u00eda - Divisi\u00f3n Interamericana\" \/>\n<meta property=\"og:description\" content=\"Decenas usan sus bicicletas para recorrer la ciudad de Medell\u00edn durante un d\u00eda. 14 de diciembre de 2022 | Medell\u00edn, Colombia | Daniela Arrieta y Noticias de la Divisi\u00f3n Interamericana...\" \/>\n<meta property=\"og:url\" content=\"https:\/\/interamerica.org\/es\/2022\/12\/club-adventista-de-ciclismo-en-colombia-motiva-a-jovenes-y-mayores-a-pedalear-por-su-salud\/\" \/>\n<meta property=\"og:site_name\" content=\"Iglesia Adventista del S\u00e9ptimo D\u00eda - Divisi\u00f3n Interamericana\" \/>\n<meta property=\"article:published_time\" content=\"2022-12-15T16:53:48+00:00\" \/>\n<meta property=\"article:modified_time\" content=\"2022-12-16T01:10:59+00:00\" \/>\n<meta property=\"og:image\" content=\"https:\/\/interamerica.org\/wp-content\/uploads\/2022\/12\/nocu-cycling-with-dog-nov2022.jpg\" \/>\n\t<meta property=\"og:image:width\" content=\"1000\" \/>\n\t<meta property=\"og:image:height\" content=\"667\" \/>\n\t<meta property=\"og:image:type\" content=\"image\/jpeg\" \/>\n<meta name=\"author\" content=\"libna\" \/>\n<meta name=\"twitter:card\" content=\"summary_large_image\" \/>\n<meta name=\"twitter:label1\" content=\"Escrito por\" \/>\n\t<meta name=\"twitter:data1\" content=\"libna\" \/>\n\t<meta name=\"twitter:label2\" content=\"Tiempo de lectura\" \/>\n\t<meta name=\"twitter:data2\" content=\"5 minutos\" \/>\n<script type=\"application\/ld+json\" class=\"yoast-schema-graph\">{\"@context\":\"https:\\\/\\\/schema.org\",\"@graph\":[{\"@type\":\"Article\",\"@id\":\"https:\\\/\\\/interamerica.org\\\/es\\\/2022\\\/12\\\/club-adventista-de-ciclismo-en-colombia-motiva-a-jovenes-y-mayores-a-pedalear-por-su-salud\\\/#article\",\"isPartOf\":{\"@id\":\"https:\\\/\\\/interamerica.org\\\/es\\\/2022\\\/12\\\/club-adventista-de-ciclismo-en-colombia-motiva-a-jovenes-y-mayores-a-pedalear-por-su-salud\\\/\"},\"author\":{\"name\":\"libna\",\"@id\":\"https:\\\/\\\/interamerica.org\\\/es\\\/#\\\/schema\\\/person\\\/29998f2bc2d8bd0d38662909289b54f1\"},\"headline\":\"Club adventista de ciclismo en Colombia motiva a j\u00f3venes y mayores a pedalear por su salud\",\"datePublished\":\"2022-12-15T16:53:48+00:00\",\"dateModified\":\"2022-12-16T01:10:59+00:00\",\"mainEntityOfPage\":{\"@id\":\"https:\\\/\\\/interamerica.org\\\/es\\\/2022\\\/12\\\/club-adventista-de-ciclismo-en-colombia-motiva-a-jovenes-y-mayores-a-pedalear-por-su-salud\\\/\"},\"wordCount\":968,\"image\":{\"@id\":\"https:\\\/\\\/interamerica.org\\\/es\\\/2022\\\/12\\\/club-adventista-de-ciclismo-en-colombia-motiva-a-jovenes-y-mayores-a-pedalear-por-su-salud\\\/#primaryimage\"},\"thumbnailUrl\":\"https:\\\/\\\/interamerica.org\\\/wp-content\\\/uploads\\\/2022\\\/12\\\/nocu-cycling-with-dog-nov2022.jpg\",\"articleSection\":[\"Desde el campo\",\"RSS Espa\u00f1ol\"],\"inLanguage\":\"es\"},{\"@type\":\"WebPage\",\"@id\":\"https:\\\/\\\/interamerica.org\\\/es\\\/2022\\\/12\\\/club-adventista-de-ciclismo-en-colombia-motiva-a-jovenes-y-mayores-a-pedalear-por-su-salud\\\/\",\"url\":\"https:\\\/\\\/interamerica.org\\\/es\\\/2022\\\/12\\\/club-adventista-de-ciclismo-en-colombia-motiva-a-jovenes-y-mayores-a-pedalear-por-su-salud\\\/\",\"name\":\"Club adventista de ciclismo en Colombia motiva a j\u00f3venes y mayores a pedalear por su salud - Iglesia Adventista del S\u00e9ptimo D\u00eda - Divisi\u00f3n Interamericana\",\"isPartOf\":{\"@id\":\"https:\\\/\\\/interamerica.org\\\/es\\\/#website\"},\"primaryImageOfPage\":{\"@id\":\"https:\\\/\\\/interamerica.org\\\/es\\\/2022\\\/12\\\/club-adventista-de-ciclismo-en-colombia-motiva-a-jovenes-y-mayores-a-pedalear-por-su-salud\\\/#primaryimage\"},\"image\":{\"@id\":\"https:\\\/\\\/interamerica.org\\\/es\\\/2022\\\/12\\\/club-adventista-de-ciclismo-en-colombia-motiva-a-jovenes-y-mayores-a-pedalear-por-su-salud\\\/#primaryimage\"},\"thumbnailUrl\":\"https:\\\/\\\/interamerica.org\\\/wp-content\\\/uploads\\\/2022\\\/12\\\/nocu-cycling-with-dog-nov2022.jpg\",\"datePublished\":\"2022-12-15T16:53:48+00:00\",\"dateModified\":\"2022-12-16T01:10:59+00:00\",\"author\":{\"@id\":\"https:\\\/\\\/interamerica.org\\\/es\\\/#\\\/schema\\\/person\\\/29998f2bc2d8bd0d38662909289b54f1\"},\"breadcrumb\":{\"@id\":\"https:\\\/\\\/interamerica.org\\\/es\\\/2022\\\/12\\\/club-adventista-de-ciclismo-en-colombia-motiva-a-jovenes-y-mayores-a-pedalear-por-su-salud\\\/#breadcrumb\"},\"inLanguage\":\"es\",\"potentialAction\":[{\"@type\":\"ReadAction\",\"target\":[\"https:\\\/\\\/interamerica.org\\\/es\\\/2022\\\/12\\\/club-adventista-de-ciclismo-en-colombia-motiva-a-jovenes-y-mayores-a-pedalear-por-su-salud\\\/\"]}]},{\"@type\":\"ImageObject\",\"inLanguage\":\"es\",\"@id\":\"https:\\\/\\\/interamerica.org\\\/es\\\/2022\\\/12\\\/club-adventista-de-ciclismo-en-colombia-motiva-a-jovenes-y-mayores-a-pedalear-por-su-salud\\\/#primaryimage\",\"url\":\"https:\\\/\\\/interamerica.org\\\/wp-content\\\/uploads\\\/2022\\\/12\\\/nocu-cycling-with-dog-nov2022.jpg\",\"contentUrl\":\"https:\\\/\\\/interamerica.org\\\/wp-content\\\/uploads\\\/2022\\\/12\\\/nocu-cycling-with-dog-nov2022.jpg\",\"width\":1000,\"height\":667,\"caption\":\"[Photo: Hope Media Colombia]\"},{\"@type\":\"BreadcrumbList\",\"@id\":\"https:\\\/\\\/interamerica.org\\\/es\\\/2022\\\/12\\\/club-adventista-de-ciclismo-en-colombia-motiva-a-jovenes-y-mayores-a-pedalear-por-su-salud\\\/#breadcrumb\",\"itemListElement\":[{\"@type\":\"ListItem\",\"position\":1,\"name\":\"Home\",\"item\":\"https:\\\/\\\/interamerica.org\\\/es\\\/\"},{\"@type\":\"ListItem\",\"position\":2,\"name\":\"Club adventista de ciclismo en Colombia motiva a j\u00f3venes y mayores a pedalear por su salud\"}]},{\"@type\":\"WebSite\",\"@id\":\"https:\\\/\\\/interamerica.org\\\/es\\\/#website\",\"url\":\"https:\\\/\\\/interamerica.org\\\/es\\\/\",\"name\":\"Iglesia Adventista del S\u00e9ptimo D\u00eda - Divisi\u00f3n Interamericana\",\"description\":\"\",\"potentialAction\":[{\"@type\":\"SearchAction\",\"target\":{\"@type\":\"EntryPoint\",\"urlTemplate\":\"https:\\\/\\\/interamerica.org\\\/es\\\/?s={search_term_string}\"},\"query-input\":{\"@type\":\"PropertyValueSpecification\",\"valueRequired\":true,\"valueName\":\"search_term_string\"}}],\"inLanguage\":\"es\"},{\"@type\":\"Person\",\"@id\":\"https:\\\/\\\/interamerica.org\\\/es\\\/#\\\/schema\\\/person\\\/29998f2bc2d8bd0d38662909289b54f1\",\"name\":\"libna\",\"image\":{\"@type\":\"ImageObject\",\"inLanguage\":\"es\",\"@id\":\"https:\\\/\\\/secure.gravatar.com\\\/avatar\\\/7c5bd30ae4b47a9ba3c856590957fd1d96dc588bf3ac05719d247e126840331f?s=96&d=mm&r=g\",\"url\":\"https:\\\/\\\/secure.gravatar.com\\\/avatar\\\/7c5bd30ae4b47a9ba3c856590957fd1d96dc588bf3ac05719d247e126840331f?s=96&d=mm&r=g\",\"contentUrl\":\"https:\\\/\\\/secure.gravatar.com\\\/avatar\\\/7c5bd30ae4b47a9ba3c856590957fd1d96dc588bf3ac05719d247e126840331f?s=96&d=mm&r=g\",\"caption\":\"libna\"}}]}<\/script>\n<!-- \/ Yoast SEO plugin. -->","yoast_head_json":{"title":"Club adventista de ciclismo en Colombia motiva a j\u00f3venes y mayores a pedalear por su salud - Iglesia Adventista del S\u00e9ptimo D\u00eda - Divisi\u00f3n Interamericana","robots":{"index":"index","follow":"follow","max-snippet":"max-snippet:-1","max-image-preview":"max-image-preview:large","max-video-preview":"max-video-preview:-1"},"canonical":"https:\/\/interamerica.org\/es\/2022\/12\/club-adventista-de-ciclismo-en-colombia-motiva-a-jovenes-y-mayores-a-pedalear-por-su-salud\/","og_locale":"es_ES","og_type":"article","og_title":"Club adventista de ciclismo en Colombia motiva a j\u00f3venes y mayores a pedalear por su salud - Iglesia Adventista del S\u00e9ptimo D\u00eda - Divisi\u00f3n Interamericana","og_description":"Decenas usan sus bicicletas para recorrer la ciudad de Medell\u00edn durante un d\u00eda. 14 de diciembre de 2022 | Medell\u00edn, Colombia | Daniela Arrieta y Noticias de la Divisi\u00f3n Interamericana...","og_url":"https:\/\/interamerica.org\/es\/2022\/12\/club-adventista-de-ciclismo-en-colombia-motiva-a-jovenes-y-mayores-a-pedalear-por-su-salud\/","og_site_name":"Iglesia Adventista del S\u00e9ptimo D\u00eda - Divisi\u00f3n Interamericana","article_published_time":"2022-12-15T16:53:48+00:00","article_modified_time":"2022-12-16T01:10:59+00:00","og_image":[{"width":1000,"height":667,"url":"https:\/\/interamerica.org\/wp-content\/uploads\/2022\/12\/nocu-cycling-with-dog-nov2022.jpg","type":"image\/jpeg"}],"author":"libna","twitter_card":"summary_large_image","twitter_misc":{"Escrito por":"libna","Tiempo de lectura":"5 minutos"},"schema":{"@context":"https:\/\/schema.org","@graph":[{"@type":"Article","@id":"https:\/\/interamerica.org\/es\/2022\/12\/club-adventista-de-ciclismo-en-colombia-motiva-a-jovenes-y-mayores-a-pedalear-por-su-salud\/#article","isPartOf":{"@id":"https:\/\/interamerica.org\/es\/2022\/12\/club-adventista-de-ciclismo-en-colombia-motiva-a-jovenes-y-mayores-a-pedalear-por-su-salud\/"},"author":{"name":"libna","@id":"https:\/\/interamerica.org\/es\/#\/schema\/person\/29998f2bc2d8bd0d38662909289b54f1"},"headline":"Club adventista de ciclismo en Colombia motiva a j\u00f3venes y mayores a pedalear por su salud","datePublished":"2022-12-15T16:53:48+00:00","dateModified":"2022-12-16T01:10:59+00:00","mainEntityOfPage":{"@id":"https:\/\/interamerica.org\/es\/2022\/12\/club-adventista-de-ciclismo-en-colombia-motiva-a-jovenes-y-mayores-a-pedalear-por-su-salud\/"},"wordCount":968,"image":{"@id":"https:\/\/interamerica.org\/es\/2022\/12\/club-adventista-de-ciclismo-en-colombia-motiva-a-jovenes-y-mayores-a-pedalear-por-su-salud\/#primaryimage"},"thumbnailUrl":"https:\/\/interamerica.org\/wp-content\/uploads\/2022\/12\/nocu-cycling-with-dog-nov2022.jpg","articleSection":["Desde el campo","RSS Espa\u00f1ol"],"inLanguage":"es"},{"@type":"WebPage","@id":"https:\/\/interamerica.org\/es\/2022\/12\/club-adventista-de-ciclismo-en-colombia-motiva-a-jovenes-y-mayores-a-pedalear-por-su-salud\/","url":"https:\/\/interamerica.org\/es\/2022\/12\/club-adventista-de-ciclismo-en-colombia-motiva-a-jovenes-y-mayores-a-pedalear-por-su-salud\/","name":"Club adventista de ciclismo en Colombia motiva a j\u00f3venes y mayores a pedalear por su salud - Iglesia Adventista del S\u00e9ptimo D\u00eda - Divisi\u00f3n Interamericana","isPartOf":{"@id":"https:\/\/interamerica.org\/es\/#website"},"primaryImageOfPage":{"@id":"https:\/\/interamerica.org\/es\/2022\/12\/club-adventista-de-ciclismo-en-colombia-motiva-a-jovenes-y-mayores-a-pedalear-por-su-salud\/#primaryimage"},"image":{"@id":"https:\/\/interamerica.org\/es\/2022\/12\/club-adventista-de-ciclismo-en-colombia-motiva-a-jovenes-y-mayores-a-pedalear-por-su-salud\/#primaryimage"},"thumbnailUrl":"https:\/\/interamerica.org\/wp-content\/uploads\/2022\/12\/nocu-cycling-with-dog-nov2022.jpg","datePublished":"2022-12-15T16:53:48+00:00","dateModified":"2022-12-16T01:10:59+00:00","author":{"@id":"https:\/\/interamerica.org\/es\/#\/schema\/person\/29998f2bc2d8bd0d38662909289b54f1"},"breadcrumb":{"@id":"https:\/\/interamerica.org\/es\/2022\/12\/club-adventista-de-ciclismo-en-colombia-motiva-a-jovenes-y-mayores-a-pedalear-por-su-salud\/#breadcrumb"},"inLanguage":"es","potentialAction":[{"@type":"ReadAction","target":["https:\/\/interamerica.org\/es\/2022\/12\/club-adventista-de-ciclismo-en-colombia-motiva-a-jovenes-y-mayores-a-pedalear-por-su-salud\/"]}]},{"@type":"ImageObject","inLanguage":"es","@id":"https:\/\/interamerica.org\/es\/2022\/12\/club-adventista-de-ciclismo-en-colombia-motiva-a-jovenes-y-mayores-a-pedalear-por-su-salud\/#primaryimage","url":"https:\/\/interamerica.org\/wp-content\/uploads\/2022\/12\/nocu-cycling-with-dog-nov2022.jpg","contentUrl":"https:\/\/interamerica.org\/wp-content\/uploads\/2022\/12\/nocu-cycling-with-dog-nov2022.jpg","width":1000,"height":667,"caption":"[Photo: Hope Media Colombia]"},{"@type":"BreadcrumbList","@id":"https:\/\/interamerica.org\/es\/2022\/12\/club-adventista-de-ciclismo-en-colombia-motiva-a-jovenes-y-mayores-a-pedalear-por-su-salud\/#breadcrumb","itemListElement":[{"@type":"ListItem","position":1,"name":"Home","item":"https:\/\/interamerica.org\/es\/"},{"@type":"ListItem","position":2,"name":"Club adventista de ciclismo en Colombia motiva a j\u00f3venes y mayores a pedalear por su salud"}]},{"@type":"WebSite","@id":"https:\/\/interamerica.org\/es\/#website","url":"https:\/\/interamerica.org\/es\/","name":"Iglesia Adventista del S\u00e9ptimo D\u00eda - Divisi\u00f3n Interamericana","description":"","potentialAction":[{"@type":"SearchAction","target":{"@type":"EntryPoint","urlTemplate":"https:\/\/interamerica.org\/es\/?s={search_term_string}"},"query-input":{"@type":"PropertyValueSpecification","valueRequired":true,"valueName":"search_term_string"}}],"inLanguage":"es"},{"@type":"Person","@id":"https:\/\/interamerica.org\/es\/#\/schema\/person\/29998f2bc2d8bd0d38662909289b54f1","name":"libna","image":{"@type":"ImageObject","inLanguage":"es","@id":"https:\/\/secure.gravatar.com\/avatar\/7c5bd30ae4b47a9ba3c856590957fd1d96dc588bf3ac05719d247e126840331f?s=96&d=mm&r=g","url":"https:\/\/secure.gravatar.com\/avatar\/7c5bd30ae4b47a9ba3c856590957fd1d96dc588bf3ac05719d247e126840331f?s=96&d=mm&r=g","contentUrl":"https:\/\/secure.gravatar.com\/avatar\/7c5bd30ae4b47a9ba3c856590957fd1d96dc588bf3ac05719d247e126840331f?s=96&d=mm&r=g","caption":"libna"}}]}},"_links":{"self":[{"href":"https:\/\/interamerica.org\/es\/wp-json\/wp\/v2\/posts\/93024","targetHints":{"allow":["GET"]}}],"collection":[{"href":"https:\/\/interamerica.org\/es\/wp-json\/wp\/v2\/posts"}],"about":[{"href":"https:\/\/interamerica.org\/es\/wp-json\/wp\/v2\/types\/post"}],"author":[{"embeddable":true,"href":"https:\/\/interamerica.org\/es\/wp-json\/wp\/v2\/users\/3"}],"replies":[{"embeddable":true,"href":"https:\/\/interamerica.org\/es\/wp-json\/wp\/v2\/comments?post=93024"}],"version-history":[{"count":0,"href":"https:\/\/interamerica.org\/es\/wp-json\/wp\/v2\/posts\/93024\/revisions"}],"wp:featuredmedia":[{"embeddable":true,"href":"https:\/\/interamerica.org\/es\/wp-json\/wp\/v2\/media\/92973"}],"wp:attachment":[{"href":"https:\/\/interamerica.org\/es\/wp-json\/wp\/v2\/media?parent=93024"}],"wp:term":[{"taxonomy":"category","embeddable":true,"href":"https:\/\/interamerica.org\/es\/wp-json\/wp\/v2\/categories?post=93024"},{"taxonomy":"post_tag","embeddable":true,"href":"https:\/\/interamerica.org\/es\/wp-json\/wp\/v2\/tags?post=93024"}],"curies":[{"name":"wp","href":"https:\/\/api.w.org\/{rel}","templated":true}]}}