{"id":93278,"date":"2023-01-04T20:37:04","date_gmt":"2023-01-05T01:37:04","guid":{"rendered":"https:\/\/interamerica.org\/?p=93278"},"modified":"2023-01-05T09:07:04","modified_gmt":"2023-01-05T14:07:04","slug":"una-escuela-por-la-que-valio-la-espera","status":"publish","type":"post","link":"https:\/\/interamerica.org\/es\/2023\/01\/una-escuela-por-la-que-valio-la-espera\/","title":{"rendered":"Una escuela por la que vali\u00f3 la espera"},"content":{"rendered":"<p><strong>Dirigentes de Maranatha y de la iglesia inauguran una largamente esperada escuela adventista en Per\u00fa. <\/strong><\/p>\n<p>4 de enero de 2023 | Per\u00fa | Maranatha Volunteers International News<\/p>\n<p>El 11 de diciembre de 2022, los dirigentes de Maranatha Volunteers International participaron en la ceremonia de dedicaci\u00f3n de la nueva Escuela Adventista La Tingui\u00f1a, en la ciudad de Ica, Per\u00fa. Maranatha construy\u00f3 un edificio de ocho aulas llamado Centro de Educaci\u00f3n y Evangelizaci\u00f3n, que incluye oficinas administrativas y un espacio central de reuni\u00f3n para asambleas.<\/p>\n<p><div id=\"attachment_93261\" style=\"width: 838px\" class=\"wp-caption aligncenter\"><img fetchpriority=\"high\" decoding=\"async\" aria-describedby=\"caption-attachment-93261\" class=\" wp-image-93259\" src=\"https:\/\/interamerica.org\/wp-content\/uploads\/2023\/01\/ica-school-2.jpeg\" alt=\"\" width=\"828\" height=\"457\" srcset=\"https:\/\/interamerica.org\/wp-content\/uploads\/2023\/01\/ica-school-2.jpeg 725w, https:\/\/interamerica.org\/wp-content\/uploads\/2023\/01\/ica-school-2-300x166.jpeg 300w\" sizes=\"(max-width: 828px) 100vw, 828px\" \/><p id=\"caption-attachment-93261\" class=\"wp-caption-text\">Dirigentes y miembros posan para una fotograf\u00eda de grupo durante la inauguraci\u00f3n de la Escuela Adventista La Tingui\u00f1a, el 11 de diciembre de 2022, en Ica, Per\u00fa. [Imagen: Maranatha Volunteers International]<\/p><\/div>Este glorioso d\u00eda representa todo un ejercicio de paciencia por parte de todos los involucrados, desde la congregaci\u00f3n local, que ha estado anhelando por d\u00e9cadas poder ver que su sue\u00f1o se convierta en realidad, hasta el equipo de Maranatha en el pa\u00eds, comenzando en 2020, cuando tuvieron que permanecer inactivos por meses durante la estricta cuarentena por causa de la epidemia de COVID-19.<br \/>\nCuando se levantaron las restricciones, el equipo de Maranatha comenz\u00f3 a reanudar su trabajo y eventualmente grupos de voluntarios pudieron visitar Ica para ayudar a construir las paredes de bloque del edificio. Despu\u00e9s de cercar el plantel con un muro perimetral y una puerta de entrada, adem\u00e1s de embellecerlo con trabajos de jardiner\u00eda, La Tingui\u00f1a estuvo lista para su dedicaci\u00f3n.<\/p>\n<p>\u201cEsta escuela es un testimonio de la determinaci\u00f3n de los miembros de la iglesia local, que han estado orando por a\u00f1os que se llegara este d\u00eda\u201d, dijo el vicepresidente de proyectos de Maranatha, Kyle Fiess \u201cEs especialmente gratificante para nuestro equipo en Per\u00fa que tuvo que soportar largos periodos de espera durante la pandemia de COVID. Este es verdaderamente un d\u00eda especial en el que podemos entregarlo a esta comunidad\u201d.<\/p>\n<p><div id=\"attachment_93268\" style=\"width: 804px\" class=\"wp-caption aligncenter\"><img decoding=\"async\" aria-describedby=\"caption-attachment-93268\" class=\" wp-image-93266\" src=\"https:\/\/interamerica.org\/wp-content\/uploads\/2023\/01\/ica-school-1.jpg\" alt=\"\" width=\"794\" height=\"438\" srcset=\"https:\/\/interamerica.org\/wp-content\/uploads\/2023\/01\/ica-school-1.jpg 725w, https:\/\/interamerica.org\/wp-content\/uploads\/2023\/01\/ica-school-1-300x166.jpg 300w\" sizes=\"(max-width: 794px) 100vw, 794px\" \/><p id=\"caption-attachment-93268\" class=\"wp-caption-text\">Vista desde un dron, de la nueva Escuela Adventista del S\u00e9ptimo D\u00eda La Tingui\u00f1a, en Ica, Per\u00fa. [Imagen: Maranatha Volunteers International]<\/p><\/div>La ceremonia de dedicaci\u00f3n cont\u00f3 con la presencia de dirigentes de la iglesia adventista en Per\u00fa e incluy\u00f3 cuatro bautismos. Con la terminaci\u00f3n de los trabajos de edificaci\u00f3n en el plantel, la iglesia adventista en Per\u00fa mira hacia adelante, respecto a las conexiones que la escuela va a establecer con la comunidad. Las clases dar\u00e1n comienzo en el mes de marzo 2023 y los administradores de la escuela informan que ya est\u00e1n casi a plena capacidad en relaci\u00f3n al alumnado.<\/p>\n<p>De 2004 a 2006, m\u00e1s de 3,000 voluntarios de Maranatha arribaron a Per\u00fa y construyeron casi 100 iglesias y escuelas. En 2019, Maranatha regres\u00f3 a Per\u00fa a petici\u00f3n de la iglesia adventista en Sudam\u00e9rica. Despu\u00e9s de que varios grupos de voluntarios prestaron sus servicios a principios de 2020, el trabajo tuvo que detenerse cuando la pandemia de COVID-19 cerr\u00f3 las puertas del pa\u00eds en ese a\u00f1o. El equipo de Maranatha en Per\u00fa y otros voluntarios han reanudado la labor al mejorar las condiciones.<\/p>\n<p><div id=\"attachment_93271\" style=\"width: 803px\" class=\"wp-caption aligncenter\"><img decoding=\"async\" aria-describedby=\"caption-attachment-93271\" class=\" wp-image-93269\" src=\"https:\/\/interamerica.org\/wp-content\/uploads\/2023\/01\/ica-school-3.jpg\" alt=\"\" width=\"793\" height=\"437\" srcset=\"https:\/\/interamerica.org\/wp-content\/uploads\/2023\/01\/ica-school-3.jpg 725w, https:\/\/interamerica.org\/wp-content\/uploads\/2023\/01\/ica-school-3-300x166.jpg 300w\" sizes=\"(max-width: 793px) 100vw, 793px\" \/><p id=\"caption-attachment-93271\" class=\"wp-caption-text\">Dirigentes de Maranatha y de la iglesia observan la ceremonia oficial de inauguraci\u00f3n de la Escuela Adventista del S\u00e9ptimo D\u00eda La Tingui\u00f1a, el 11 de diciembre 2022. [Imagen: Maranatha Volunteers International]<\/p><\/div>Maranatha est\u00e1 trabajando actualmente en casi una docena de pa\u00edses en todo el mundo. Sus esfuerzos se est\u00e1n enfocando especialmente en construcci\u00f3n de iglesias y escuelas y en pozos de agua. Una parte de los proyectos se llevan a cabo por voluntarios que participan en viajes misioneros a corto plazo, organizados por Maranatha.<\/p>\n<p>La <a href=\"https:\/\/maranatha.org\/news-events\/a-school-worth-the-wait\/\">versi\u00f3n original<\/a> de esta noticia se public\u00f3 en <a href=\"https:\/\/maranatha.org\/\">Maranatha Volunteers International.<\/a><\/p>\n<p>Traducci\u00f3n \u2013 Gloria A. Castrej\u00f3n<\/p>\n<p>&nbsp;<\/p>\n","protected":false},"excerpt":{"rendered":"<p>Dirigentes de Maranatha y de la iglesia inauguran una largamente esperada escuela adventista en Per\u00fa. 4 de enero de 2023 | Per\u00fa | Maranatha Volunteers International News El 11 de&#8230;<\/p>\n","protected":false},"author":3,"featured_media":93261,"comment_status":"closed","ping_status":"closed","sticky":false,"template":"","format":"standard","meta":{"_acf_changed":false,"footnotes":""},"categories":[14,15],"tags":[],"class_list":["post-93278","post","type-post","status-publish","format-standard","has-post-thumbnail","hentry","category-de-la-iglesia-mundial","category-rss-espanol"],"acf":[],"yoast_head":"<!-- This site is optimized with the Yoast SEO plugin v27.3 - https:\/\/yoast.com\/product\/yoast-seo-wordpress\/ -->\n<title>Una escuela por la que vali\u00f3 la espera - Iglesia Adventista del S\u00e9ptimo D\u00eda - Divisi\u00f3n Interamericana<\/title>\n<meta name=\"robots\" content=\"index, follow, max-snippet:-1, max-image-preview:large, max-video-preview:-1\" \/>\n<link rel=\"canonical\" href=\"https:\/\/interamerica.org\/es\/2023\/01\/una-escuela-por-la-que-valio-la-espera\/\" \/>\n<meta property=\"og:locale\" content=\"es_ES\" \/>\n<meta property=\"og:type\" content=\"article\" \/>\n<meta property=\"og:title\" content=\"Una escuela por la que vali\u00f3 la espera - Iglesia Adventista del S\u00e9ptimo D\u00eda - Divisi\u00f3n Interamericana\" \/>\n<meta property=\"og:description\" content=\"Dirigentes de Maranatha y de la iglesia inauguran una largamente esperada escuela adventista en Per\u00fa. 4 de enero de 2023 | Per\u00fa | Maranatha Volunteers International News El 11 de...\" \/>\n<meta property=\"og:url\" content=\"https:\/\/interamerica.org\/es\/2023\/01\/una-escuela-por-la-que-valio-la-espera\/\" \/>\n<meta property=\"og:site_name\" content=\"Iglesia Adventista del S\u00e9ptimo D\u00eda - Divisi\u00f3n Interamericana\" \/>\n<meta property=\"article:published_time\" content=\"2023-01-05T01:37:04+00:00\" \/>\n<meta property=\"article:modified_time\" content=\"2023-01-05T14:07:04+00:00\" \/>\n<meta property=\"og:image\" content=\"https:\/\/interamerica.org\/wp-content\/uploads\/2023\/01\/ica-school-2.jpeg\" \/>\n\t<meta property=\"og:image:width\" content=\"725\" \/>\n\t<meta property=\"og:image:height\" content=\"400\" \/>\n\t<meta property=\"og:image:type\" content=\"image\/jpeg\" \/>\n<meta name=\"author\" content=\"libna\" \/>\n<meta name=\"twitter:card\" content=\"summary_large_image\" \/>\n<meta name=\"twitter:label1\" content=\"Escrito por\" \/>\n\t<meta name=\"twitter:data1\" content=\"libna\" \/>\n\t<meta name=\"twitter:label2\" content=\"Tiempo de lectura\" \/>\n\t<meta name=\"twitter:data2\" content=\"4 minutos\" \/>\n<script type=\"application\/ld+json\" class=\"yoast-schema-graph\">{\"@context\":\"https:\\\/\\\/schema.org\",\"@graph\":[{\"@type\":\"Article\",\"@id\":\"https:\\\/\\\/interamerica.org\\\/es\\\/2023\\\/01\\\/una-escuela-por-la-que-valio-la-espera\\\/#article\",\"isPartOf\":{\"@id\":\"https:\\\/\\\/interamerica.org\\\/es\\\/2023\\\/01\\\/una-escuela-por-la-que-valio-la-espera\\\/\"},\"author\":{\"name\":\"libna\",\"@id\":\"https:\\\/\\\/interamerica.org\\\/es\\\/#\\\/schema\\\/person\\\/29998f2bc2d8bd0d38662909289b54f1\"},\"headline\":\"Una escuela por la que vali\u00f3 la espera\",\"datePublished\":\"2023-01-05T01:37:04+00:00\",\"dateModified\":\"2023-01-05T14:07:04+00:00\",\"mainEntityOfPage\":{\"@id\":\"https:\\\/\\\/interamerica.org\\\/es\\\/2023\\\/01\\\/una-escuela-por-la-que-valio-la-espera\\\/\"},\"wordCount\":650,\"image\":{\"@id\":\"https:\\\/\\\/interamerica.org\\\/es\\\/2023\\\/01\\\/una-escuela-por-la-que-valio-la-espera\\\/#primaryimage\"},\"thumbnailUrl\":\"https:\\\/\\\/interamerica.org\\\/wp-content\\\/uploads\\\/2023\\\/01\\\/ica-school-2.jpeg\",\"articleSection\":[\"Desde la iglesia mundial\",\"RSS Espa\u00f1ol\"],\"inLanguage\":\"es\"},{\"@type\":\"WebPage\",\"@id\":\"https:\\\/\\\/interamerica.org\\\/es\\\/2023\\\/01\\\/una-escuela-por-la-que-valio-la-espera\\\/\",\"url\":\"https:\\\/\\\/interamerica.org\\\/es\\\/2023\\\/01\\\/una-escuela-por-la-que-valio-la-espera\\\/\",\"name\":\"Una escuela por la que vali\u00f3 la espera - Iglesia Adventista del S\u00e9ptimo D\u00eda - Divisi\u00f3n Interamericana\",\"isPartOf\":{\"@id\":\"https:\\\/\\\/interamerica.org\\\/es\\\/#website\"},\"primaryImageOfPage\":{\"@id\":\"https:\\\/\\\/interamerica.org\\\/es\\\/2023\\\/01\\\/una-escuela-por-la-que-valio-la-espera\\\/#primaryimage\"},\"image\":{\"@id\":\"https:\\\/\\\/interamerica.org\\\/es\\\/2023\\\/01\\\/una-escuela-por-la-que-valio-la-espera\\\/#primaryimage\"},\"thumbnailUrl\":\"https:\\\/\\\/interamerica.org\\\/wp-content\\\/uploads\\\/2023\\\/01\\\/ica-school-2.jpeg\",\"datePublished\":\"2023-01-05T01:37:04+00:00\",\"dateModified\":\"2023-01-05T14:07:04+00:00\",\"author\":{\"@id\":\"https:\\\/\\\/interamerica.org\\\/es\\\/#\\\/schema\\\/person\\\/29998f2bc2d8bd0d38662909289b54f1\"},\"breadcrumb\":{\"@id\":\"https:\\\/\\\/interamerica.org\\\/es\\\/2023\\\/01\\\/una-escuela-por-la-que-valio-la-espera\\\/#breadcrumb\"},\"inLanguage\":\"es\",\"potentialAction\":[{\"@type\":\"ReadAction\",\"target\":[\"https:\\\/\\\/interamerica.org\\\/es\\\/2023\\\/01\\\/una-escuela-por-la-que-valio-la-espera\\\/\"]}]},{\"@type\":\"ImageObject\",\"inLanguage\":\"es\",\"@id\":\"https:\\\/\\\/interamerica.org\\\/es\\\/2023\\\/01\\\/una-escuela-por-la-que-valio-la-espera\\\/#primaryimage\",\"url\":\"https:\\\/\\\/interamerica.org\\\/wp-content\\\/uploads\\\/2023\\\/01\\\/ica-school-2.jpeg\",\"contentUrl\":\"https:\\\/\\\/interamerica.org\\\/wp-content\\\/uploads\\\/2023\\\/01\\\/ica-school-2.jpeg\",\"width\":725,\"height\":400,\"caption\":\"Leaders and members pose for a group photo during the La Tingui\u00f1a Seventh-day Adventist School inauguration on December 11, 2022, in Ica, Peru. [Photo: Maranatha Volunteers International]\"},{\"@type\":\"BreadcrumbList\",\"@id\":\"https:\\\/\\\/interamerica.org\\\/es\\\/2023\\\/01\\\/una-escuela-por-la-que-valio-la-espera\\\/#breadcrumb\",\"itemListElement\":[{\"@type\":\"ListItem\",\"position\":1,\"name\":\"Home\",\"item\":\"https:\\\/\\\/interamerica.org\\\/es\\\/\"},{\"@type\":\"ListItem\",\"position\":2,\"name\":\"Una escuela por la que vali\u00f3 la espera\"}]},{\"@type\":\"WebSite\",\"@id\":\"https:\\\/\\\/interamerica.org\\\/es\\\/#website\",\"url\":\"https:\\\/\\\/interamerica.org\\\/es\\\/\",\"name\":\"Iglesia Adventista del S\u00e9ptimo D\u00eda - Divisi\u00f3n Interamericana\",\"description\":\"\",\"potentialAction\":[{\"@type\":\"SearchAction\",\"target\":{\"@type\":\"EntryPoint\",\"urlTemplate\":\"https:\\\/\\\/interamerica.org\\\/es\\\/?s={search_term_string}\"},\"query-input\":{\"@type\":\"PropertyValueSpecification\",\"valueRequired\":true,\"valueName\":\"search_term_string\"}}],\"inLanguage\":\"es\"},{\"@type\":\"Person\",\"@id\":\"https:\\\/\\\/interamerica.org\\\/es\\\/#\\\/schema\\\/person\\\/29998f2bc2d8bd0d38662909289b54f1\",\"name\":\"libna\",\"image\":{\"@type\":\"ImageObject\",\"inLanguage\":\"es\",\"@id\":\"https:\\\/\\\/secure.gravatar.com\\\/avatar\\\/7c5bd30ae4b47a9ba3c856590957fd1d96dc588bf3ac05719d247e126840331f?s=96&d=mm&r=g\",\"url\":\"https:\\\/\\\/secure.gravatar.com\\\/avatar\\\/7c5bd30ae4b47a9ba3c856590957fd1d96dc588bf3ac05719d247e126840331f?s=96&d=mm&r=g\",\"contentUrl\":\"https:\\\/\\\/secure.gravatar.com\\\/avatar\\\/7c5bd30ae4b47a9ba3c856590957fd1d96dc588bf3ac05719d247e126840331f?s=96&d=mm&r=g\",\"caption\":\"libna\"}}]}<\/script>\n<!-- \/ Yoast SEO plugin. -->","yoast_head_json":{"title":"Una escuela por la que vali\u00f3 la espera - Iglesia Adventista del S\u00e9ptimo D\u00eda - Divisi\u00f3n Interamericana","robots":{"index":"index","follow":"follow","max-snippet":"max-snippet:-1","max-image-preview":"max-image-preview:large","max-video-preview":"max-video-preview:-1"},"canonical":"https:\/\/interamerica.org\/es\/2023\/01\/una-escuela-por-la-que-valio-la-espera\/","og_locale":"es_ES","og_type":"article","og_title":"Una escuela por la que vali\u00f3 la espera - Iglesia Adventista del S\u00e9ptimo D\u00eda - Divisi\u00f3n Interamericana","og_description":"Dirigentes de Maranatha y de la iglesia inauguran una largamente esperada escuela adventista en Per\u00fa. 4 de enero de 2023 | Per\u00fa | Maranatha Volunteers International News El 11 de...","og_url":"https:\/\/interamerica.org\/es\/2023\/01\/una-escuela-por-la-que-valio-la-espera\/","og_site_name":"Iglesia Adventista del S\u00e9ptimo D\u00eda - Divisi\u00f3n Interamericana","article_published_time":"2023-01-05T01:37:04+00:00","article_modified_time":"2023-01-05T14:07:04+00:00","og_image":[{"width":725,"height":400,"url":"https:\/\/interamerica.org\/wp-content\/uploads\/2023\/01\/ica-school-2.jpeg","type":"image\/jpeg"}],"author":"libna","twitter_card":"summary_large_image","twitter_misc":{"Escrito por":"libna","Tiempo de lectura":"4 minutos"},"schema":{"@context":"https:\/\/schema.org","@graph":[{"@type":"Article","@id":"https:\/\/interamerica.org\/es\/2023\/01\/una-escuela-por-la-que-valio-la-espera\/#article","isPartOf":{"@id":"https:\/\/interamerica.org\/es\/2023\/01\/una-escuela-por-la-que-valio-la-espera\/"},"author":{"name":"libna","@id":"https:\/\/interamerica.org\/es\/#\/schema\/person\/29998f2bc2d8bd0d38662909289b54f1"},"headline":"Una escuela por la que vali\u00f3 la espera","datePublished":"2023-01-05T01:37:04+00:00","dateModified":"2023-01-05T14:07:04+00:00","mainEntityOfPage":{"@id":"https:\/\/interamerica.org\/es\/2023\/01\/una-escuela-por-la-que-valio-la-espera\/"},"wordCount":650,"image":{"@id":"https:\/\/interamerica.org\/es\/2023\/01\/una-escuela-por-la-que-valio-la-espera\/#primaryimage"},"thumbnailUrl":"https:\/\/interamerica.org\/wp-content\/uploads\/2023\/01\/ica-school-2.jpeg","articleSection":["Desde la iglesia mundial","RSS Espa\u00f1ol"],"inLanguage":"es"},{"@type":"WebPage","@id":"https:\/\/interamerica.org\/es\/2023\/01\/una-escuela-por-la-que-valio-la-espera\/","url":"https:\/\/interamerica.org\/es\/2023\/01\/una-escuela-por-la-que-valio-la-espera\/","name":"Una escuela por la que vali\u00f3 la espera - Iglesia Adventista del S\u00e9ptimo D\u00eda - Divisi\u00f3n Interamericana","isPartOf":{"@id":"https:\/\/interamerica.org\/es\/#website"},"primaryImageOfPage":{"@id":"https:\/\/interamerica.org\/es\/2023\/01\/una-escuela-por-la-que-valio-la-espera\/#primaryimage"},"image":{"@id":"https:\/\/interamerica.org\/es\/2023\/01\/una-escuela-por-la-que-valio-la-espera\/#primaryimage"},"thumbnailUrl":"https:\/\/interamerica.org\/wp-content\/uploads\/2023\/01\/ica-school-2.jpeg","datePublished":"2023-01-05T01:37:04+00:00","dateModified":"2023-01-05T14:07:04+00:00","author":{"@id":"https:\/\/interamerica.org\/es\/#\/schema\/person\/29998f2bc2d8bd0d38662909289b54f1"},"breadcrumb":{"@id":"https:\/\/interamerica.org\/es\/2023\/01\/una-escuela-por-la-que-valio-la-espera\/#breadcrumb"},"inLanguage":"es","potentialAction":[{"@type":"ReadAction","target":["https:\/\/interamerica.org\/es\/2023\/01\/una-escuela-por-la-que-valio-la-espera\/"]}]},{"@type":"ImageObject","inLanguage":"es","@id":"https:\/\/interamerica.org\/es\/2023\/01\/una-escuela-por-la-que-valio-la-espera\/#primaryimage","url":"https:\/\/interamerica.org\/wp-content\/uploads\/2023\/01\/ica-school-2.jpeg","contentUrl":"https:\/\/interamerica.org\/wp-content\/uploads\/2023\/01\/ica-school-2.jpeg","width":725,"height":400,"caption":"Leaders and members pose for a group photo during the La Tingui\u00f1a Seventh-day Adventist School inauguration on December 11, 2022, in Ica, Peru. [Photo: Maranatha Volunteers International]"},{"@type":"BreadcrumbList","@id":"https:\/\/interamerica.org\/es\/2023\/01\/una-escuela-por-la-que-valio-la-espera\/#breadcrumb","itemListElement":[{"@type":"ListItem","position":1,"name":"Home","item":"https:\/\/interamerica.org\/es\/"},{"@type":"ListItem","position":2,"name":"Una escuela por la que vali\u00f3 la espera"}]},{"@type":"WebSite","@id":"https:\/\/interamerica.org\/es\/#website","url":"https:\/\/interamerica.org\/es\/","name":"Iglesia Adventista del S\u00e9ptimo D\u00eda - Divisi\u00f3n Interamericana","description":"","potentialAction":[{"@type":"SearchAction","target":{"@type":"EntryPoint","urlTemplate":"https:\/\/interamerica.org\/es\/?s={search_term_string}"},"query-input":{"@type":"PropertyValueSpecification","valueRequired":true,"valueName":"search_term_string"}}],"inLanguage":"es"},{"@type":"Person","@id":"https:\/\/interamerica.org\/es\/#\/schema\/person\/29998f2bc2d8bd0d38662909289b54f1","name":"libna","image":{"@type":"ImageObject","inLanguage":"es","@id":"https:\/\/secure.gravatar.com\/avatar\/7c5bd30ae4b47a9ba3c856590957fd1d96dc588bf3ac05719d247e126840331f?s=96&d=mm&r=g","url":"https:\/\/secure.gravatar.com\/avatar\/7c5bd30ae4b47a9ba3c856590957fd1d96dc588bf3ac05719d247e126840331f?s=96&d=mm&r=g","contentUrl":"https:\/\/secure.gravatar.com\/avatar\/7c5bd30ae4b47a9ba3c856590957fd1d96dc588bf3ac05719d247e126840331f?s=96&d=mm&r=g","caption":"libna"}}]}},"_links":{"self":[{"href":"https:\/\/interamerica.org\/es\/wp-json\/wp\/v2\/posts\/93278","targetHints":{"allow":["GET"]}}],"collection":[{"href":"https:\/\/interamerica.org\/es\/wp-json\/wp\/v2\/posts"}],"about":[{"href":"https:\/\/interamerica.org\/es\/wp-json\/wp\/v2\/types\/post"}],"author":[{"embeddable":true,"href":"https:\/\/interamerica.org\/es\/wp-json\/wp\/v2\/users\/3"}],"replies":[{"embeddable":true,"href":"https:\/\/interamerica.org\/es\/wp-json\/wp\/v2\/comments?post=93278"}],"version-history":[{"count":0,"href":"https:\/\/interamerica.org\/es\/wp-json\/wp\/v2\/posts\/93278\/revisions"}],"wp:featuredmedia":[{"embeddable":true,"href":"https:\/\/interamerica.org\/es\/wp-json\/wp\/v2\/media\/93261"}],"wp:attachment":[{"href":"https:\/\/interamerica.org\/es\/wp-json\/wp\/v2\/media?parent=93278"}],"wp:term":[{"taxonomy":"category","embeddable":true,"href":"https:\/\/interamerica.org\/es\/wp-json\/wp\/v2\/categories?post=93278"},{"taxonomy":"post_tag","embeddable":true,"href":"https:\/\/interamerica.org\/es\/wp-json\/wp\/v2\/tags?post=93278"}],"curies":[{"name":"wp","href":"https:\/\/api.w.org\/{rel}","templated":true}]}}