{"id":93445,"date":"2023-01-09T15:25:07","date_gmt":"2023-01-09T20:25:07","guid":{"rendered":"https:\/\/interamerica.org\/?p=93445"},"modified":"2023-01-10T09:11:27","modified_gmt":"2023-01-10T14:11:27","slug":"lideres-adventistas-repasan-y-solidifican-las-iniciativas-de-evangelismo-para-2023","status":"publish","type":"post","link":"https:\/\/interamerica.org\/es\/2023\/01\/lideres-adventistas-repasan-y-solidifican-las-iniciativas-de-evangelismo-para-2023\/","title":{"rendered":"L\u00edderes adventistas repasan y solidifican las iniciativas de evangelismo para 2023"},"content":{"rendered":"<p><div id=\"attachment_93415\" style=\"width: 860px\" class=\"wp-caption aligncenter\"><img fetchpriority=\"high\" decoding=\"async\" aria-describedby=\"caption-attachment-93415\" class=\" wp-image-93413\" src=\"https:\/\/interamerica.org\/wp-content\/uploads\/2023\/01\/dept-leadership-header.jpg\" alt=\"\" width=\"850\" height=\"566\" srcset=\"https:\/\/interamerica.org\/wp-content\/uploads\/2023\/01\/dept-leadership-header.jpg 1000w, https:\/\/interamerica.org\/wp-content\/uploads\/2023\/01\/dept-leadership-header-300x200.jpg 300w, https:\/\/interamerica.org\/wp-content\/uploads\/2023\/01\/dept-leadership-header-768x511.jpg 768w\" sizes=\"(max-width: 850px) 100vw, 850px\" \/><p id=\"caption-attachment-93415\" class=\"wp-caption-text\">El pastor Balvin Braham, vicepresidente de la Divisi\u00f3n Interamericana y quien supervise el plan estrat\u00e9gico de la iglesia hasta 2025 repasa las iniciativas durante las reuniones de los l\u00edderes del departamento, en la que analizaron las iniciativas para 2023 el 4 y 5 de 2023. [Fotograf\u00eda: Libna Stevens\/DIA]<\/p><\/div>9 de enero de 2023 | Miami, Florida, Estados Unidos | Libna Stevens, Noticias de la Divisi\u00f3n Interamericana<\/p>\n<p>Los administradores y directores de departamento de la Divisi\u00f3n Interamericana dedicaron dos d\u00edas para orar y repasar las iniciativas en curso, los nuevos planes y actividades que apuntan a movilizar a los miembros de iglesia para esparcir el evangelio en todo el territorio este a\u00f1o. La reuni\u00f3n de l\u00edderes se llev\u00f3 a cabo del 4 al 5 de enero de 2023. En ellas, los l\u00edderes solidificaron las actividades de evangelismo con mayores esfuerzos de colaboraci\u00f3n entre los departamentos y ministerios con el prop\u00f3sito de cumplir la misi\u00f3n, dijeron los l\u00edderes de la iglesia.<\/p>\n<p>\u201cNecesitamos continuar siendo un equipo m\u00e1s s\u00f3lido, dedicado a escucharnos mutuamente y a trabajar m\u00e1s de cerca ahora que enfrentamos la inmensidad de 2023\u201d, dijo el pastor Elie Henry, presidente de la Iglesia Adventista en la Divisi\u00f3n Interamericana. Implica garantizar que las iniciativas y actividades ya en curso y las que est\u00e1n planificadas para el a\u00f1o sean m\u00e1s integradas, expres\u00f3.<\/p>\n<p><div id=\"attachment_93409\" style=\"width: 860px\" class=\"wp-caption aligncenter\"><img decoding=\"async\" aria-describedby=\"caption-attachment-93409\" class=\" wp-image-93407\" src=\"https:\/\/interamerica.org\/wp-content\/uploads\/2023\/01\/elie-henry-dept-leadership.jpg\" alt=\"\" width=\"850\" height=\"567\" srcset=\"https:\/\/interamerica.org\/wp-content\/uploads\/2023\/01\/elie-henry-dept-leadership.jpg 1000w, https:\/\/interamerica.org\/wp-content\/uploads\/2023\/01\/elie-henry-dept-leadership-300x200.jpg 300w, https:\/\/interamerica.org\/wp-content\/uploads\/2023\/01\/elie-henry-dept-leadership-768x512.jpg 768w\" sizes=\"(max-width: 850px) 100vw, 850px\" \/><p id=\"caption-attachment-93409\" class=\"wp-caption-text\">El pastor Elie Henry, presidente de la Iglesia Adventista en la Divisi\u00f3n Interamericana, dirige las reuniones de l\u00edderes del departamento, el pasado 4 y 5 de enero de 2023. [Fotograf\u00eda: Libna Stevens\/DIA]<\/p><\/div>\u201cSaber lo que est\u00e1 haciendo cada departamento y ministerio y c\u00f3mo involucrar mejor a los miembros de iglesia tendr\u00e1 en \u00faltimo t\u00e9rmino un impacto a\u00fan mayor en las comunidades\u201d, dijo el pastor Henry.<\/p>\n<p>Las reuniones de l\u00edderes de los departamentos fueron cruciales para que los l\u00edderes dedicaran tiempo a orar como grupo y a reflexionar en las bendiciones de Dios a su iglesia en la Divisi\u00f3n Interamericana durante 2022, y rogar por la conducci\u00f3n divina de aqu\u00ed en adelante, dijo el pastor Henry. Los l\u00edderes reafirmaron los valores b\u00edblicos y las iniciativas de todo miembro involucrado de las iniciativas misioneras de <em><a href=\"https:\/\/interamerica.org\/project\/i-will-go-strategic-plan-2020-2025\/\" data-saferedirecturl=\"https:\/\/www.google.com\/url?q=https:\/\/interamerica.org\/project\/i-will-go-strategic-plan-2020-2025\/&amp;source=gmail&amp;ust=1673377275880000&amp;usg=AOvVaw2jP_xO5dIqAY71BYO8nxON\">I Will Go<\/a><\/em> que apuntar\u00e1n a las grandes ciudades con el evangelismo urbano, adem\u00e1s del discipulado y la conservaci\u00f3n de miembros, mientras que decenas de iniciativas se enfocan en ense\u00f1ar o educar a la iglesia y la comunidad, adem\u00e1s de alcanzar y servir en todas las comunidades.<\/p>\n<p><div id=\"attachment_93418\" style=\"width: 853px\" class=\"wp-caption aligncenter\"><img decoding=\"async\" aria-describedby=\"caption-attachment-93418\" class=\" wp-image-93416\" src=\"https:\/\/interamerica.org\/wp-content\/uploads\/2023\/01\/dept-leadership-prayer.jpg\" alt=\"\" width=\"843\" height=\"562\" srcset=\"https:\/\/interamerica.org\/wp-content\/uploads\/2023\/01\/dept-leadership-prayer.jpg 1000w, https:\/\/interamerica.org\/wp-content\/uploads\/2023\/01\/dept-leadership-prayer-300x200.jpg 300w, https:\/\/interamerica.org\/wp-content\/uploads\/2023\/01\/dept-leadership-prayer-768x512.jpg 768w\" sizes=\"(max-width: 843px) 100vw, 843px\" \/><p id=\"caption-attachment-93418\" class=\"wp-caption-text\">Abel M\u00e1rquez, director de comunicaci\u00f3n de la Divisi\u00f3n Interamericana y director ejecutivo de Hope Channel Interam\u00e9rica, participa de una de varias sesiones de oraci\u00f3n, junto a su esposa Magda, que es parte del personal de oficina. [Fotograf\u00eda: Libna Stevens\/DIA]<\/p><\/div>Denominada en Interam\u00e9rica como el \u201cA\u00f1o de Conservaci\u00f3n y Ganancia de Almas\u201d, el a\u00f1o llevar\u00e1 a que los pastores y l\u00edderes redoblen sus esfuerzos para discipular a los ni\u00f1os, los j\u00f3venes, los adultos y los ancianos para una participaci\u00f3n activa en la vida de la iglesia.<\/p>\n<p>Los principales eventos que se llevar\u00e1n a cabo este a\u00f1o incluyen la distribuci\u00f3n masiva en marzo pr\u00f3ximo del libro <em>El conflicto de los siglos, <\/em>de Elena G. White, una de las fundadoras de la Iglesia Adventista. El plan es los miembros distribuyan seis millones de ejemplares en papel de la versi\u00f3n completa del libro en todo el territorio de la Divisi\u00f3n Interamericana en un solo d\u00eda. Entre el 9 de marzo y el 15 de abril tambi\u00e9n se espera distribuir cuarenta millones de ejemplares digitales en ingl\u00e9s, espa\u00f1ol y franc\u00e9s.<\/p>\n<p>Se han planificado importantes esfuerzos de evangelizaci\u00f3n a cargo de decenas de evangelistas y laicos en Ciudad de M\u00e9xico, Guadalajara (ambas en M\u00e9xico), en Bogot\u00e1 (Colombia) y en Kingston (Jamaica) del 26 de marzo al 1 de abril de 2023.<\/p>\n<p><div id=\"attachment_93425\" style=\"width: 865px\" class=\"wp-caption aligncenter\"><img loading=\"lazy\" decoding=\"async\" aria-describedby=\"caption-attachment-93425\" class=\" wp-image-93423\" src=\"https:\/\/interamerica.org\/wp-content\/uploads\/2023\/01\/dept-leadership-group.jpg\" alt=\"\" width=\"855\" height=\"570\" srcset=\"https:\/\/interamerica.org\/wp-content\/uploads\/2023\/01\/dept-leadership-group.jpg 1000w, https:\/\/interamerica.org\/wp-content\/uploads\/2023\/01\/dept-leadership-group-300x200.jpg 300w, https:\/\/interamerica.org\/wp-content\/uploads\/2023\/01\/dept-leadership-group-768x512.jpg 768w\" sizes=\"(max-width: 855px) 100vw, 855px\" \/><p id=\"caption-attachment-93425\" class=\"wp-caption-text\">Los l\u00edderes de la iglesia repasan las iniciativas estrat\u00e9gicas para 2023 el 5 de junio de 2023. [Fotograf\u00eda: Libna Stevens\/DIA]<\/p><\/div>Los directores de departamento compartieron eventos y actividades que se llevar\u00e1n a cabo este a\u00f1o y recibieron un informe sobre el estatus del crecimiento financiero y de miembros en el territorio de la Divisi\u00f3n Interamericana, adem\u00e1s de los desaf\u00edos y planes actuales que se han implementado para continuar con el progreso de la misi\u00f3n de la iglesia.<\/p>\n<p>Adem\u00e1s de ello, los l\u00edderes de la iglesia repasaron la log\u00edstica y los eventos del pr\u00f3ximo <a href=\"https:\/\/camporee.interamerica.org\/\">Campor\u00ed de Conquistadores<\/a>, que se espera recibir\u00e1 a m\u00e1s de diez mil campistas del 4-8 de abril de 2023 en Montego Bay, Jamaica.<\/p>\n<p>En los pr\u00f3ximos d\u00edas, los l\u00edderes de la Divisi\u00f3n Interamericana estudiar\u00e1n los indicadores claves de desempe\u00f1o de las iniciativas estrat\u00e9gicas implementadas desde 2020, y repasar\u00e1n las pr\u00f3ximas iniciativas y eventos para 2023-2025, con decenas de administradores de las uniones y asociaciones y misiones el mes pr\u00f3ximo.<\/p>\n<p><div id=\"attachment_93406\" style=\"width: 889px\" class=\"wp-caption aligncenter\"><img loading=\"lazy\" decoding=\"async\" aria-describedby=\"caption-attachment-93406\" class=\" wp-image-93404\" src=\"https:\/\/interamerica.org\/wp-content\/uploads\/2023\/01\/hiram-ruiz-dept-leadership.jpg\" alt=\"\" width=\"879\" height=\"550\" srcset=\"https:\/\/interamerica.org\/wp-content\/uploads\/2023\/01\/hiram-ruiz-dept-leadership.jpg 903w, https:\/\/interamerica.org\/wp-content\/uploads\/2023\/01\/hiram-ruiz-dept-leadership-300x188.jpg 300w, https:\/\/interamerica.org\/wp-content\/uploads\/2023\/01\/hiram-ruiz-dept-leadership-768x481.jpg 768w\" sizes=\"(max-width: 879px) 100vw, 879px\" \/><p id=\"caption-attachment-93406\" class=\"wp-caption-text\">El pastor Hiram Ruiz, director de ministerios en campus p\u00fablicos de la Divisi\u00f3n Interamericana, ofrece colaborar a\u00fan m\u00e1s con el director de ministerio juvenil respecto del V Campor\u00ed de Conquistadores de Interam\u00e9rica, que se llevar\u00e1 a cabo del 4-8 de abril de 2023. [Fotograf\u00eda: Libna Stevens\/DIA]<\/p><\/div>Para saber m\u00e1s sobre las iniciativas, eventos, actividades y recursos de la Divisi\u00f3n Interamericana, vis\u00edtenos en <a href=\"https:\/\/interamerica.org\/\">interamerica.org<\/a><\/p>\n<p>Traducci\u00f3n de Marcos Paseggi<\/p>\n","protected":false},"excerpt":{"rendered":"<p>9 de enero de 2023 | Miami, Florida, Estados Unidos | Libna Stevens, Noticias de la Divisi\u00f3n Interamericana Los administradores y directores de departamento de la Divisi\u00f3n Interamericana dedicaron dos&#8230;<\/p>\n","protected":false},"author":3,"featured_media":93415,"comment_status":"closed","ping_status":"closed","sticky":false,"template":"","format":"standard","meta":{"_acf_changed":false,"footnotes":""},"categories":[16,15],"tags":[],"class_list":["post-93445","post","type-post","status-publish","format-standard","has-post-thumbnail","hentry","category-desde-la-sede","category-rss-espanol"],"acf":[],"yoast_head":"<!-- This site is optimized with the Yoast SEO plugin v27.3 - https:\/\/yoast.com\/product\/yoast-seo-wordpress\/ -->\n<title>L\u00edderes adventistas repasan y solidifican las iniciativas de evangelismo para 2023 - Iglesia Adventista del S\u00e9ptimo D\u00eda - Divisi\u00f3n Interamericana<\/title>\n<meta name=\"robots\" content=\"index, follow, max-snippet:-1, max-image-preview:large, max-video-preview:-1\" \/>\n<link rel=\"canonical\" href=\"https:\/\/interamerica.org\/es\/2023\/01\/lideres-adventistas-repasan-y-solidifican-las-iniciativas-de-evangelismo-para-2023\/\" \/>\n<meta property=\"og:locale\" content=\"es_ES\" \/>\n<meta property=\"og:type\" content=\"article\" \/>\n<meta property=\"og:title\" content=\"L\u00edderes adventistas repasan y solidifican las iniciativas de evangelismo para 2023 - Iglesia Adventista del S\u00e9ptimo D\u00eda - Divisi\u00f3n Interamericana\" \/>\n<meta property=\"og:description\" content=\"9 de enero de 2023 | Miami, Florida, Estados Unidos | Libna Stevens, Noticias de la Divisi\u00f3n Interamericana Los administradores y directores de departamento de la Divisi\u00f3n Interamericana dedicaron dos...\" \/>\n<meta property=\"og:url\" content=\"https:\/\/interamerica.org\/es\/2023\/01\/lideres-adventistas-repasan-y-solidifican-las-iniciativas-de-evangelismo-para-2023\/\" \/>\n<meta property=\"og:site_name\" content=\"Iglesia Adventista del S\u00e9ptimo D\u00eda - Divisi\u00f3n Interamericana\" \/>\n<meta property=\"article:published_time\" content=\"2023-01-09T20:25:07+00:00\" \/>\n<meta property=\"article:modified_time\" content=\"2023-01-10T14:11:27+00:00\" \/>\n<meta property=\"og:image\" content=\"https:\/\/interamerica.org\/wp-content\/uploads\/2023\/01\/dept-leadership-header.jpg\" \/>\n\t<meta property=\"og:image:width\" content=\"1000\" \/>\n\t<meta property=\"og:image:height\" content=\"666\" \/>\n\t<meta property=\"og:image:type\" content=\"image\/jpeg\" \/>\n<meta name=\"author\" content=\"libna\" \/>\n<meta name=\"twitter:card\" content=\"summary_large_image\" \/>\n<meta name=\"twitter:label1\" content=\"Escrito por\" \/>\n\t<meta name=\"twitter:data1\" content=\"libna\" \/>\n\t<meta name=\"twitter:label2\" content=\"Tiempo de lectura\" \/>\n\t<meta name=\"twitter:data2\" content=\"5 minutos\" \/>\n<script type=\"application\/ld+json\" class=\"yoast-schema-graph\">{\"@context\":\"https:\\\/\\\/schema.org\",\"@graph\":[{\"@type\":\"Article\",\"@id\":\"https:\\\/\\\/interamerica.org\\\/es\\\/2023\\\/01\\\/lideres-adventistas-repasan-y-solidifican-las-iniciativas-de-evangelismo-para-2023\\\/#article\",\"isPartOf\":{\"@id\":\"https:\\\/\\\/interamerica.org\\\/es\\\/2023\\\/01\\\/lideres-adventistas-repasan-y-solidifican-las-iniciativas-de-evangelismo-para-2023\\\/\"},\"author\":{\"name\":\"libna\",\"@id\":\"https:\\\/\\\/interamerica.org\\\/es\\\/#\\\/schema\\\/person\\\/29998f2bc2d8bd0d38662909289b54f1\"},\"headline\":\"L\u00edderes adventistas repasan y solidifican las iniciativas de evangelismo para 2023\",\"datePublished\":\"2023-01-09T20:25:07+00:00\",\"dateModified\":\"2023-01-10T14:11:27+00:00\",\"mainEntityOfPage\":{\"@id\":\"https:\\\/\\\/interamerica.org\\\/es\\\/2023\\\/01\\\/lideres-adventistas-repasan-y-solidifican-las-iniciativas-de-evangelismo-para-2023\\\/\"},\"wordCount\":968,\"image\":{\"@id\":\"https:\\\/\\\/interamerica.org\\\/es\\\/2023\\\/01\\\/lideres-adventistas-repasan-y-solidifican-las-iniciativas-de-evangelismo-para-2023\\\/#primaryimage\"},\"thumbnailUrl\":\"https:\\\/\\\/interamerica.org\\\/wp-content\\\/uploads\\\/2023\\\/01\\\/dept-leadership-header.jpg\",\"articleSection\":[\"Desde la sede\",\"RSS Espa\u00f1ol\"],\"inLanguage\":\"es\"},{\"@type\":\"WebPage\",\"@id\":\"https:\\\/\\\/interamerica.org\\\/es\\\/2023\\\/01\\\/lideres-adventistas-repasan-y-solidifican-las-iniciativas-de-evangelismo-para-2023\\\/\",\"url\":\"https:\\\/\\\/interamerica.org\\\/es\\\/2023\\\/01\\\/lideres-adventistas-repasan-y-solidifican-las-iniciativas-de-evangelismo-para-2023\\\/\",\"name\":\"L\u00edderes adventistas repasan y solidifican las iniciativas de evangelismo para 2023 - Iglesia Adventista del S\u00e9ptimo D\u00eda - Divisi\u00f3n Interamericana\",\"isPartOf\":{\"@id\":\"https:\\\/\\\/interamerica.org\\\/es\\\/#website\"},\"primaryImageOfPage\":{\"@id\":\"https:\\\/\\\/interamerica.org\\\/es\\\/2023\\\/01\\\/lideres-adventistas-repasan-y-solidifican-las-iniciativas-de-evangelismo-para-2023\\\/#primaryimage\"},\"image\":{\"@id\":\"https:\\\/\\\/interamerica.org\\\/es\\\/2023\\\/01\\\/lideres-adventistas-repasan-y-solidifican-las-iniciativas-de-evangelismo-para-2023\\\/#primaryimage\"},\"thumbnailUrl\":\"https:\\\/\\\/interamerica.org\\\/wp-content\\\/uploads\\\/2023\\\/01\\\/dept-leadership-header.jpg\",\"datePublished\":\"2023-01-09T20:25:07+00:00\",\"dateModified\":\"2023-01-10T14:11:27+00:00\",\"author\":{\"@id\":\"https:\\\/\\\/interamerica.org\\\/es\\\/#\\\/schema\\\/person\\\/29998f2bc2d8bd0d38662909289b54f1\"},\"breadcrumb\":{\"@id\":\"https:\\\/\\\/interamerica.org\\\/es\\\/2023\\\/01\\\/lideres-adventistas-repasan-y-solidifican-las-iniciativas-de-evangelismo-para-2023\\\/#breadcrumb\"},\"inLanguage\":\"es\",\"potentialAction\":[{\"@type\":\"ReadAction\",\"target\":[\"https:\\\/\\\/interamerica.org\\\/es\\\/2023\\\/01\\\/lideres-adventistas-repasan-y-solidifican-las-iniciativas-de-evangelismo-para-2023\\\/\"]}]},{\"@type\":\"ImageObject\",\"inLanguage\":\"es\",\"@id\":\"https:\\\/\\\/interamerica.org\\\/es\\\/2023\\\/01\\\/lideres-adventistas-repasan-y-solidifican-las-iniciativas-de-evangelismo-para-2023\\\/#primaryimage\",\"url\":\"https:\\\/\\\/interamerica.org\\\/wp-content\\\/uploads\\\/2023\\\/01\\\/dept-leadership-header.jpg\",\"contentUrl\":\"https:\\\/\\\/interamerica.org\\\/wp-content\\\/uploads\\\/2023\\\/01\\\/dept-leadership-header.jpg\",\"width\":1000,\"height\":666,\"caption\":\"[Photo: Libna Stevens\\\/IAD]\"},{\"@type\":\"BreadcrumbList\",\"@id\":\"https:\\\/\\\/interamerica.org\\\/es\\\/2023\\\/01\\\/lideres-adventistas-repasan-y-solidifican-las-iniciativas-de-evangelismo-para-2023\\\/#breadcrumb\",\"itemListElement\":[{\"@type\":\"ListItem\",\"position\":1,\"name\":\"Home\",\"item\":\"https:\\\/\\\/interamerica.org\\\/es\\\/\"},{\"@type\":\"ListItem\",\"position\":2,\"name\":\"L\u00edderes adventistas repasan y solidifican las iniciativas de evangelismo para 2023\"}]},{\"@type\":\"WebSite\",\"@id\":\"https:\\\/\\\/interamerica.org\\\/es\\\/#website\",\"url\":\"https:\\\/\\\/interamerica.org\\\/es\\\/\",\"name\":\"Iglesia Adventista del S\u00e9ptimo D\u00eda - Divisi\u00f3n Interamericana\",\"description\":\"\",\"potentialAction\":[{\"@type\":\"SearchAction\",\"target\":{\"@type\":\"EntryPoint\",\"urlTemplate\":\"https:\\\/\\\/interamerica.org\\\/es\\\/?s={search_term_string}\"},\"query-input\":{\"@type\":\"PropertyValueSpecification\",\"valueRequired\":true,\"valueName\":\"search_term_string\"}}],\"inLanguage\":\"es\"},{\"@type\":\"Person\",\"@id\":\"https:\\\/\\\/interamerica.org\\\/es\\\/#\\\/schema\\\/person\\\/29998f2bc2d8bd0d38662909289b54f1\",\"name\":\"libna\",\"image\":{\"@type\":\"ImageObject\",\"inLanguage\":\"es\",\"@id\":\"https:\\\/\\\/secure.gravatar.com\\\/avatar\\\/7c5bd30ae4b47a9ba3c856590957fd1d96dc588bf3ac05719d247e126840331f?s=96&d=mm&r=g\",\"url\":\"https:\\\/\\\/secure.gravatar.com\\\/avatar\\\/7c5bd30ae4b47a9ba3c856590957fd1d96dc588bf3ac05719d247e126840331f?s=96&d=mm&r=g\",\"contentUrl\":\"https:\\\/\\\/secure.gravatar.com\\\/avatar\\\/7c5bd30ae4b47a9ba3c856590957fd1d96dc588bf3ac05719d247e126840331f?s=96&d=mm&r=g\",\"caption\":\"libna\"}}]}<\/script>\n<!-- \/ Yoast SEO plugin. -->","yoast_head_json":{"title":"L\u00edderes adventistas repasan y solidifican las iniciativas de evangelismo para 2023 - Iglesia Adventista del S\u00e9ptimo D\u00eda - Divisi\u00f3n Interamericana","robots":{"index":"index","follow":"follow","max-snippet":"max-snippet:-1","max-image-preview":"max-image-preview:large","max-video-preview":"max-video-preview:-1"},"canonical":"https:\/\/interamerica.org\/es\/2023\/01\/lideres-adventistas-repasan-y-solidifican-las-iniciativas-de-evangelismo-para-2023\/","og_locale":"es_ES","og_type":"article","og_title":"L\u00edderes adventistas repasan y solidifican las iniciativas de evangelismo para 2023 - Iglesia Adventista del S\u00e9ptimo D\u00eda - Divisi\u00f3n Interamericana","og_description":"9 de enero de 2023 | Miami, Florida, Estados Unidos | Libna Stevens, Noticias de la Divisi\u00f3n Interamericana Los administradores y directores de departamento de la Divisi\u00f3n Interamericana dedicaron dos...","og_url":"https:\/\/interamerica.org\/es\/2023\/01\/lideres-adventistas-repasan-y-solidifican-las-iniciativas-de-evangelismo-para-2023\/","og_site_name":"Iglesia Adventista del S\u00e9ptimo D\u00eda - Divisi\u00f3n Interamericana","article_published_time":"2023-01-09T20:25:07+00:00","article_modified_time":"2023-01-10T14:11:27+00:00","og_image":[{"width":1000,"height":666,"url":"https:\/\/interamerica.org\/wp-content\/uploads\/2023\/01\/dept-leadership-header.jpg","type":"image\/jpeg"}],"author":"libna","twitter_card":"summary_large_image","twitter_misc":{"Escrito por":"libna","Tiempo de lectura":"5 minutos"},"schema":{"@context":"https:\/\/schema.org","@graph":[{"@type":"Article","@id":"https:\/\/interamerica.org\/es\/2023\/01\/lideres-adventistas-repasan-y-solidifican-las-iniciativas-de-evangelismo-para-2023\/#article","isPartOf":{"@id":"https:\/\/interamerica.org\/es\/2023\/01\/lideres-adventistas-repasan-y-solidifican-las-iniciativas-de-evangelismo-para-2023\/"},"author":{"name":"libna","@id":"https:\/\/interamerica.org\/es\/#\/schema\/person\/29998f2bc2d8bd0d38662909289b54f1"},"headline":"L\u00edderes adventistas repasan y solidifican las iniciativas de evangelismo para 2023","datePublished":"2023-01-09T20:25:07+00:00","dateModified":"2023-01-10T14:11:27+00:00","mainEntityOfPage":{"@id":"https:\/\/interamerica.org\/es\/2023\/01\/lideres-adventistas-repasan-y-solidifican-las-iniciativas-de-evangelismo-para-2023\/"},"wordCount":968,"image":{"@id":"https:\/\/interamerica.org\/es\/2023\/01\/lideres-adventistas-repasan-y-solidifican-las-iniciativas-de-evangelismo-para-2023\/#primaryimage"},"thumbnailUrl":"https:\/\/interamerica.org\/wp-content\/uploads\/2023\/01\/dept-leadership-header.jpg","articleSection":["Desde la sede","RSS Espa\u00f1ol"],"inLanguage":"es"},{"@type":"WebPage","@id":"https:\/\/interamerica.org\/es\/2023\/01\/lideres-adventistas-repasan-y-solidifican-las-iniciativas-de-evangelismo-para-2023\/","url":"https:\/\/interamerica.org\/es\/2023\/01\/lideres-adventistas-repasan-y-solidifican-las-iniciativas-de-evangelismo-para-2023\/","name":"L\u00edderes adventistas repasan y solidifican las iniciativas de evangelismo para 2023 - Iglesia Adventista del S\u00e9ptimo D\u00eda - Divisi\u00f3n Interamericana","isPartOf":{"@id":"https:\/\/interamerica.org\/es\/#website"},"primaryImageOfPage":{"@id":"https:\/\/interamerica.org\/es\/2023\/01\/lideres-adventistas-repasan-y-solidifican-las-iniciativas-de-evangelismo-para-2023\/#primaryimage"},"image":{"@id":"https:\/\/interamerica.org\/es\/2023\/01\/lideres-adventistas-repasan-y-solidifican-las-iniciativas-de-evangelismo-para-2023\/#primaryimage"},"thumbnailUrl":"https:\/\/interamerica.org\/wp-content\/uploads\/2023\/01\/dept-leadership-header.jpg","datePublished":"2023-01-09T20:25:07+00:00","dateModified":"2023-01-10T14:11:27+00:00","author":{"@id":"https:\/\/interamerica.org\/es\/#\/schema\/person\/29998f2bc2d8bd0d38662909289b54f1"},"breadcrumb":{"@id":"https:\/\/interamerica.org\/es\/2023\/01\/lideres-adventistas-repasan-y-solidifican-las-iniciativas-de-evangelismo-para-2023\/#breadcrumb"},"inLanguage":"es","potentialAction":[{"@type":"ReadAction","target":["https:\/\/interamerica.org\/es\/2023\/01\/lideres-adventistas-repasan-y-solidifican-las-iniciativas-de-evangelismo-para-2023\/"]}]},{"@type":"ImageObject","inLanguage":"es","@id":"https:\/\/interamerica.org\/es\/2023\/01\/lideres-adventistas-repasan-y-solidifican-las-iniciativas-de-evangelismo-para-2023\/#primaryimage","url":"https:\/\/interamerica.org\/wp-content\/uploads\/2023\/01\/dept-leadership-header.jpg","contentUrl":"https:\/\/interamerica.org\/wp-content\/uploads\/2023\/01\/dept-leadership-header.jpg","width":1000,"height":666,"caption":"[Photo: Libna Stevens\/IAD]"},{"@type":"BreadcrumbList","@id":"https:\/\/interamerica.org\/es\/2023\/01\/lideres-adventistas-repasan-y-solidifican-las-iniciativas-de-evangelismo-para-2023\/#breadcrumb","itemListElement":[{"@type":"ListItem","position":1,"name":"Home","item":"https:\/\/interamerica.org\/es\/"},{"@type":"ListItem","position":2,"name":"L\u00edderes adventistas repasan y solidifican las iniciativas de evangelismo para 2023"}]},{"@type":"WebSite","@id":"https:\/\/interamerica.org\/es\/#website","url":"https:\/\/interamerica.org\/es\/","name":"Iglesia Adventista del S\u00e9ptimo D\u00eda - Divisi\u00f3n Interamericana","description":"","potentialAction":[{"@type":"SearchAction","target":{"@type":"EntryPoint","urlTemplate":"https:\/\/interamerica.org\/es\/?s={search_term_string}"},"query-input":{"@type":"PropertyValueSpecification","valueRequired":true,"valueName":"search_term_string"}}],"inLanguage":"es"},{"@type":"Person","@id":"https:\/\/interamerica.org\/es\/#\/schema\/person\/29998f2bc2d8bd0d38662909289b54f1","name":"libna","image":{"@type":"ImageObject","inLanguage":"es","@id":"https:\/\/secure.gravatar.com\/avatar\/7c5bd30ae4b47a9ba3c856590957fd1d96dc588bf3ac05719d247e126840331f?s=96&d=mm&r=g","url":"https:\/\/secure.gravatar.com\/avatar\/7c5bd30ae4b47a9ba3c856590957fd1d96dc588bf3ac05719d247e126840331f?s=96&d=mm&r=g","contentUrl":"https:\/\/secure.gravatar.com\/avatar\/7c5bd30ae4b47a9ba3c856590957fd1d96dc588bf3ac05719d247e126840331f?s=96&d=mm&r=g","caption":"libna"}}]}},"_links":{"self":[{"href":"https:\/\/interamerica.org\/es\/wp-json\/wp\/v2\/posts\/93445","targetHints":{"allow":["GET"]}}],"collection":[{"href":"https:\/\/interamerica.org\/es\/wp-json\/wp\/v2\/posts"}],"about":[{"href":"https:\/\/interamerica.org\/es\/wp-json\/wp\/v2\/types\/post"}],"author":[{"embeddable":true,"href":"https:\/\/interamerica.org\/es\/wp-json\/wp\/v2\/users\/3"}],"replies":[{"embeddable":true,"href":"https:\/\/interamerica.org\/es\/wp-json\/wp\/v2\/comments?post=93445"}],"version-history":[{"count":0,"href":"https:\/\/interamerica.org\/es\/wp-json\/wp\/v2\/posts\/93445\/revisions"}],"wp:featuredmedia":[{"embeddable":true,"href":"https:\/\/interamerica.org\/es\/wp-json\/wp\/v2\/media\/93415"}],"wp:attachment":[{"href":"https:\/\/interamerica.org\/es\/wp-json\/wp\/v2\/media?parent=93445"}],"wp:term":[{"taxonomy":"category","embeddable":true,"href":"https:\/\/interamerica.org\/es\/wp-json\/wp\/v2\/categories?post=93445"},{"taxonomy":"post_tag","embeddable":true,"href":"https:\/\/interamerica.org\/es\/wp-json\/wp\/v2\/tags?post=93445"}],"curies":[{"name":"wp","href":"https:\/\/api.w.org\/{rel}","templated":true}]}}