{"id":93701,"date":"2023-01-19T14:19:38","date_gmt":"2023-01-19T19:19:38","guid":{"rendered":"https:\/\/interamerica.org\/?p=93701"},"modified":"2023-01-24T10:36:26","modified_gmt":"2023-01-24T15:36:26","slug":"universidad-adventista-primera-en-tener-programa-acreditado-de-atencion-respiratoria-en-puerto-rico","status":"publish","type":"post","link":"https:\/\/interamerica.org\/es\/2023\/01\/universidad-adventista-primera-en-tener-programa-acreditado-de-atencion-respiratoria-en-puerto-rico\/","title":{"rendered":"Universidad adventista, primera en tener programa acreditado de atenci\u00f3n respiratoria en Puerto Rico"},"content":{"rendered":"<p><em>La instituci\u00f3n sigue siendo la \u00fanica acreditada por la Comisi\u00f3n de Acreditaci\u00f3n de Atenci\u00f3n Respiratoria (CoARC) en la isla.<\/em><\/p>\n<p>19 de enero de 2023 | Mayag\u00fcez, Puerto Rico | Lorell Varela y Noticias de la Divisi\u00f3n Interamericana.<\/p>\n<p>La Universidad Adventista de las Antillas (UAA), una instituci\u00f3n operada por la Iglesia Adventista del S\u00e9ptimo D\u00eda en Puerto Rico, recibi\u00f3 hace poco la acreditaci\u00f3n de parte de la Comisi\u00f3n de Acreditaci\u00f3n de Atenci\u00f3n Respiratoria (CoARC) por su t\u00edtulo de grado en ciencias cardiopulmonares. La UAA es la \u00fanica instituci\u00f3n de Puerto Rico en ofrecer esa carrera con la acreditaci\u00f3n de la CoARC.<\/p>\n<p>El equipo de evaluaci\u00f3n de la CoARC felicit\u00f3 a esa carrera en la instituci\u00f3n, destacando su compromiso con el cumplimiento de las normas que se requieren y por continuar siendo una universidad l\u00edder a la hora de contar con la acreditaci\u00f3n en la isla.<\/p>\n<p><div id=\"attachment_93650\" style=\"width: 862px\" class=\"wp-caption aligncenter\"><img fetchpriority=\"high\" decoding=\"async\" aria-describedby=\"caption-attachment-93650\" class=\" wp-image-93648\" src=\"https:\/\/interamerica.org\/wp-content\/uploads\/2023\/01\/aau-respiratory-program-coarc-1000x630-1.jpeg\" alt=\"\" width=\"852\" height=\"537\" srcset=\"https:\/\/interamerica.org\/wp-content\/uploads\/2023\/01\/aau-respiratory-program-coarc-1000x630-1.jpeg 1000w, https:\/\/interamerica.org\/wp-content\/uploads\/2023\/01\/aau-respiratory-program-coarc-1000x630-1-300x189.jpeg 300w, https:\/\/interamerica.org\/wp-content\/uploads\/2023\/01\/aau-respiratory-program-coarc-1000x630-1-768x484.jpeg 768w\" sizes=\"(max-width: 852px) 100vw, 852px\" \/><p id=\"caption-attachment-93650\" class=\"wp-caption-text\">Estudiantes matriculados en el programa de ciencias cardiopulmonares de la Universidad Adventista de las Antillas en Mayag\u00fcez, Puerto Rico, practican en el centro de simulaci\u00f3n. [Fotograf\u00eda: Comunicaciones de la UAA]<\/p><\/div>\u201cNos sentimos tan agradecidos de recibir ese informe tan positivo de parte del equipo de la comisi\u00f3n, despu\u00e9s de su nueva visita y acreditaci\u00f3n del programa\u201d, dijo la doctora Amarilys Irizarry, decana de la Escuela de Salud y Ciencias de la instituci\u00f3n.<\/p>\n<p>Entre las fortalezas que destac\u00f3 el informe de la CoARC se mencionan \u201cla calidad de nuestra oferta educacional, al avanzado centro de simulaci\u00f3n y sus recursos, la evaluaci\u00f3n de la capacitaci\u00f3n del estudiante en el campus y el compromiso del decano y su equipo docente\u201d, dijo Irizarry.<\/p>\n<p>El programa de ciencias cardiopulmonares en la UAA comenz\u00f3 hace 32 a\u00f1os, y ha estado creciendo desde sus inicios, con un promedio anual de treinta a cuarenta estudiantes matriculados en la carrera. Este a\u00f1o, se espera que quince estudiantes puedan graduarse en mayo pr\u00f3ximo.<\/p>\n<p><div id=\"attachment_93683\" style=\"width: 864px\" class=\"wp-caption aligncenter\"><img decoding=\"async\" aria-describedby=\"caption-attachment-93683\" class=\" wp-image-93681\" src=\"https:\/\/interamerica.org\/wp-content\/uploads\/2023\/01\/aau-accrediting-visit-1.jpg\" alt=\"\" width=\"854\" height=\"534\" srcset=\"https:\/\/interamerica.org\/wp-content\/uploads\/2023\/01\/aau-accrediting-visit-1.jpg 1000w, https:\/\/interamerica.org\/wp-content\/uploads\/2023\/01\/aau-accrediting-visit-1-300x188.jpg 300w, https:\/\/interamerica.org\/wp-content\/uploads\/2023\/01\/aau-accrediting-visit-1-768x480.jpg 768w\" sizes=\"(max-width: 854px) 100vw, 854px\" \/><p id=\"caption-attachment-93683\" class=\"wp-caption-text\">Parte del equipo de evaluaci\u00f3n de la Comisi\u00f3n de Acreditaci\u00f3n de Atenci\u00f3n Respiratoria posan para una fotograf\u00eda grupal junto con los l\u00edderes de la Universidad Adventista de las Antillas en el campus en noviembre de 2022. [Fotograf\u00eda: Comunicaci\u00f3n de la UAA]<\/p><\/div>El programa tambi\u00e9n cuenta con el reconocimiento de la Junta Nacional de Atenci\u00f3n Respiratoria (NBRC), y sus graduados pueden acceder a los ex\u00e1menes de acreditaci\u00f3n nacional para ser un Terapeuta Respiratorio Certificado y un Terapeuta Respiratorio Registrado, y tambi\u00e9n a credenciales espec\u00edficas del \u00e1rea de atenci\u00f3n neonatal, atenci\u00f3n cr\u00edtica y funciones pulmonares, explic\u00f3 Irizarry. Los graduados tambi\u00e9n pueden procurar una certificaci\u00f3n como educadores de asma despu\u00e9s de completar una carrera de cuatro a\u00f1os en estudios cardiopulmonares.<\/p>\n<p>\u201cNos sentimos agradecidos de que los estudiantes que completen este programa en la instituci\u00f3n sean considerados como profesionales de salud de nivel avanzado, lo que ampl\u00eda las oportunidades profesionales en las instituciones de alto calibre tanto en Puerto Rico como en los Estados Unidos\u201d, dijo Irizarry.<\/p>\n<p>Para saber m\u00e1s sobre la Universidad Adventista de las Antillas y sus programas, visite <a href=\"https:\/\/www.uaa.edu\/\">uaa.edu<\/a><\/p>\n<p>Traducci\u00f3n de Marcos Paseggi<\/p>\n","protected":false},"excerpt":{"rendered":"<p>La instituci\u00f3n sigue siendo la \u00fanica acreditada por la Comisi\u00f3n de Acreditaci\u00f3n de Atenci\u00f3n Respiratoria (CoARC) en la isla. 19 de enero de 2023 | Mayag\u00fcez, Puerto Rico | Lorell&#8230;<\/p>\n","protected":false},"author":3,"featured_media":93650,"comment_status":"closed","ping_status":"closed","sticky":false,"template":"","format":"standard","meta":{"_acf_changed":false,"footnotes":""},"categories":[17,15],"tags":[],"class_list":["post-93701","post","type-post","status-publish","format-standard","has-post-thumbnail","hentry","category-desde-el-campo","category-rss-espanol"],"acf":[],"yoast_head":"<!-- This site is optimized with the Yoast SEO plugin v27.3 - https:\/\/yoast.com\/product\/yoast-seo-wordpress\/ -->\n<title>Universidad adventista, primera en tener programa acreditado de atenci\u00f3n respiratoria en Puerto Rico - Iglesia Adventista del S\u00e9ptimo D\u00eda - Divisi\u00f3n Interamericana<\/title>\n<meta name=\"robots\" content=\"index, follow, max-snippet:-1, max-image-preview:large, max-video-preview:-1\" \/>\n<link rel=\"canonical\" href=\"https:\/\/interamerica.org\/es\/2023\/01\/universidad-adventista-primera-en-tener-programa-acreditado-de-atencion-respiratoria-en-puerto-rico\/\" \/>\n<meta property=\"og:locale\" content=\"es_ES\" \/>\n<meta property=\"og:type\" content=\"article\" \/>\n<meta property=\"og:title\" content=\"Universidad adventista, primera en tener programa acreditado de atenci\u00f3n respiratoria en Puerto Rico - Iglesia Adventista del S\u00e9ptimo D\u00eda - Divisi\u00f3n Interamericana\" \/>\n<meta property=\"og:description\" content=\"La instituci\u00f3n sigue siendo la \u00fanica acreditada por la Comisi\u00f3n de Acreditaci\u00f3n de Atenci\u00f3n Respiratoria (CoARC) en la isla. 19 de enero de 2023 | Mayag\u00fcez, Puerto Rico | Lorell...\" \/>\n<meta property=\"og:url\" content=\"https:\/\/interamerica.org\/es\/2023\/01\/universidad-adventista-primera-en-tener-programa-acreditado-de-atencion-respiratoria-en-puerto-rico\/\" \/>\n<meta property=\"og:site_name\" content=\"Iglesia Adventista del S\u00e9ptimo D\u00eda - Divisi\u00f3n Interamericana\" \/>\n<meta property=\"article:published_time\" content=\"2023-01-19T19:19:38+00:00\" \/>\n<meta property=\"article:modified_time\" content=\"2023-01-24T15:36:26+00:00\" \/>\n<meta property=\"og:image\" content=\"https:\/\/interamerica.org\/wp-content\/uploads\/2023\/01\/aau-respiratory-program-coarc-1000x630-1.jpeg\" \/>\n\t<meta property=\"og:image:width\" content=\"1000\" \/>\n\t<meta property=\"og:image:height\" content=\"630\" \/>\n\t<meta property=\"og:image:type\" content=\"image\/jpeg\" \/>\n<meta name=\"author\" content=\"libna\" \/>\n<meta name=\"twitter:card\" content=\"summary_large_image\" \/>\n<meta name=\"twitter:label1\" content=\"Escrito por\" \/>\n\t<meta name=\"twitter:data1\" content=\"libna\" \/>\n\t<meta name=\"twitter:label2\" content=\"Tiempo de lectura\" \/>\n\t<meta name=\"twitter:data2\" content=\"3 minutos\" \/>\n<script type=\"application\/ld+json\" class=\"yoast-schema-graph\">{\"@context\":\"https:\\\/\\\/schema.org\",\"@graph\":[{\"@type\":\"Article\",\"@id\":\"https:\\\/\\\/interamerica.org\\\/es\\\/2023\\\/01\\\/universidad-adventista-primera-en-tener-programa-acreditado-de-atencion-respiratoria-en-puerto-rico\\\/#article\",\"isPartOf\":{\"@id\":\"https:\\\/\\\/interamerica.org\\\/es\\\/2023\\\/01\\\/universidad-adventista-primera-en-tener-programa-acreditado-de-atencion-respiratoria-en-puerto-rico\\\/\"},\"author\":{\"name\":\"libna\",\"@id\":\"https:\\\/\\\/interamerica.org\\\/es\\\/#\\\/schema\\\/person\\\/29998f2bc2d8bd0d38662909289b54f1\"},\"headline\":\"Universidad adventista, primera en tener programa acreditado de atenci\u00f3n respiratoria en Puerto Rico\",\"datePublished\":\"2023-01-19T19:19:38+00:00\",\"dateModified\":\"2023-01-24T15:36:26+00:00\",\"mainEntityOfPage\":{\"@id\":\"https:\\\/\\\/interamerica.org\\\/es\\\/2023\\\/01\\\/universidad-adventista-primera-en-tener-programa-acreditado-de-atencion-respiratoria-en-puerto-rico\\\/\"},\"wordCount\":570,\"image\":{\"@id\":\"https:\\\/\\\/interamerica.org\\\/es\\\/2023\\\/01\\\/universidad-adventista-primera-en-tener-programa-acreditado-de-atencion-respiratoria-en-puerto-rico\\\/#primaryimage\"},\"thumbnailUrl\":\"https:\\\/\\\/interamerica.org\\\/wp-content\\\/uploads\\\/2023\\\/01\\\/aau-respiratory-program-coarc-1000x630-1.jpeg\",\"articleSection\":[\"Desde el campo\",\"RSS Espa\u00f1ol\"],\"inLanguage\":\"es\"},{\"@type\":\"WebPage\",\"@id\":\"https:\\\/\\\/interamerica.org\\\/es\\\/2023\\\/01\\\/universidad-adventista-primera-en-tener-programa-acreditado-de-atencion-respiratoria-en-puerto-rico\\\/\",\"url\":\"https:\\\/\\\/interamerica.org\\\/es\\\/2023\\\/01\\\/universidad-adventista-primera-en-tener-programa-acreditado-de-atencion-respiratoria-en-puerto-rico\\\/\",\"name\":\"Universidad adventista, primera en tener programa acreditado de atenci\u00f3n respiratoria en Puerto Rico - Iglesia Adventista del S\u00e9ptimo D\u00eda - Divisi\u00f3n Interamericana\",\"isPartOf\":{\"@id\":\"https:\\\/\\\/interamerica.org\\\/es\\\/#website\"},\"primaryImageOfPage\":{\"@id\":\"https:\\\/\\\/interamerica.org\\\/es\\\/2023\\\/01\\\/universidad-adventista-primera-en-tener-programa-acreditado-de-atencion-respiratoria-en-puerto-rico\\\/#primaryimage\"},\"image\":{\"@id\":\"https:\\\/\\\/interamerica.org\\\/es\\\/2023\\\/01\\\/universidad-adventista-primera-en-tener-programa-acreditado-de-atencion-respiratoria-en-puerto-rico\\\/#primaryimage\"},\"thumbnailUrl\":\"https:\\\/\\\/interamerica.org\\\/wp-content\\\/uploads\\\/2023\\\/01\\\/aau-respiratory-program-coarc-1000x630-1.jpeg\",\"datePublished\":\"2023-01-19T19:19:38+00:00\",\"dateModified\":\"2023-01-24T15:36:26+00:00\",\"author\":{\"@id\":\"https:\\\/\\\/interamerica.org\\\/es\\\/#\\\/schema\\\/person\\\/29998f2bc2d8bd0d38662909289b54f1\"},\"breadcrumb\":{\"@id\":\"https:\\\/\\\/interamerica.org\\\/es\\\/2023\\\/01\\\/universidad-adventista-primera-en-tener-programa-acreditado-de-atencion-respiratoria-en-puerto-rico\\\/#breadcrumb\"},\"inLanguage\":\"es\",\"potentialAction\":[{\"@type\":\"ReadAction\",\"target\":[\"https:\\\/\\\/interamerica.org\\\/es\\\/2023\\\/01\\\/universidad-adventista-primera-en-tener-programa-acreditado-de-atencion-respiratoria-en-puerto-rico\\\/\"]}]},{\"@type\":\"ImageObject\",\"inLanguage\":\"es\",\"@id\":\"https:\\\/\\\/interamerica.org\\\/es\\\/2023\\\/01\\\/universidad-adventista-primera-en-tener-programa-acreditado-de-atencion-respiratoria-en-puerto-rico\\\/#primaryimage\",\"url\":\"https:\\\/\\\/interamerica.org\\\/wp-content\\\/uploads\\\/2023\\\/01\\\/aau-respiratory-program-coarc-1000x630-1.jpeg\",\"contentUrl\":\"https:\\\/\\\/interamerica.org\\\/wp-content\\\/uploads\\\/2023\\\/01\\\/aau-respiratory-program-coarc-1000x630-1.jpeg\",\"width\":1000,\"height\":630,\"caption\":\"[Photo: Antillean Communication]\"},{\"@type\":\"BreadcrumbList\",\"@id\":\"https:\\\/\\\/interamerica.org\\\/es\\\/2023\\\/01\\\/universidad-adventista-primera-en-tener-programa-acreditado-de-atencion-respiratoria-en-puerto-rico\\\/#breadcrumb\",\"itemListElement\":[{\"@type\":\"ListItem\",\"position\":1,\"name\":\"Home\",\"item\":\"https:\\\/\\\/interamerica.org\\\/es\\\/\"},{\"@type\":\"ListItem\",\"position\":2,\"name\":\"Universidad adventista, primera en tener programa acreditado de atenci\u00f3n respiratoria en Puerto Rico\"}]},{\"@type\":\"WebSite\",\"@id\":\"https:\\\/\\\/interamerica.org\\\/es\\\/#website\",\"url\":\"https:\\\/\\\/interamerica.org\\\/es\\\/\",\"name\":\"Iglesia Adventista del S\u00e9ptimo D\u00eda - Divisi\u00f3n Interamericana\",\"description\":\"\",\"potentialAction\":[{\"@type\":\"SearchAction\",\"target\":{\"@type\":\"EntryPoint\",\"urlTemplate\":\"https:\\\/\\\/interamerica.org\\\/es\\\/?s={search_term_string}\"},\"query-input\":{\"@type\":\"PropertyValueSpecification\",\"valueRequired\":true,\"valueName\":\"search_term_string\"}}],\"inLanguage\":\"es\"},{\"@type\":\"Person\",\"@id\":\"https:\\\/\\\/interamerica.org\\\/es\\\/#\\\/schema\\\/person\\\/29998f2bc2d8bd0d38662909289b54f1\",\"name\":\"libna\",\"image\":{\"@type\":\"ImageObject\",\"inLanguage\":\"es\",\"@id\":\"https:\\\/\\\/secure.gravatar.com\\\/avatar\\\/7c5bd30ae4b47a9ba3c856590957fd1d96dc588bf3ac05719d247e126840331f?s=96&d=mm&r=g\",\"url\":\"https:\\\/\\\/secure.gravatar.com\\\/avatar\\\/7c5bd30ae4b47a9ba3c856590957fd1d96dc588bf3ac05719d247e126840331f?s=96&d=mm&r=g\",\"contentUrl\":\"https:\\\/\\\/secure.gravatar.com\\\/avatar\\\/7c5bd30ae4b47a9ba3c856590957fd1d96dc588bf3ac05719d247e126840331f?s=96&d=mm&r=g\",\"caption\":\"libna\"}}]}<\/script>\n<!-- \/ Yoast SEO plugin. -->","yoast_head_json":{"title":"Universidad adventista, primera en tener programa acreditado de atenci\u00f3n respiratoria en Puerto Rico - Iglesia Adventista del S\u00e9ptimo D\u00eda - Divisi\u00f3n Interamericana","robots":{"index":"index","follow":"follow","max-snippet":"max-snippet:-1","max-image-preview":"max-image-preview:large","max-video-preview":"max-video-preview:-1"},"canonical":"https:\/\/interamerica.org\/es\/2023\/01\/universidad-adventista-primera-en-tener-programa-acreditado-de-atencion-respiratoria-en-puerto-rico\/","og_locale":"es_ES","og_type":"article","og_title":"Universidad adventista, primera en tener programa acreditado de atenci\u00f3n respiratoria en Puerto Rico - Iglesia Adventista del S\u00e9ptimo D\u00eda - Divisi\u00f3n Interamericana","og_description":"La instituci\u00f3n sigue siendo la \u00fanica acreditada por la Comisi\u00f3n de Acreditaci\u00f3n de Atenci\u00f3n Respiratoria (CoARC) en la isla. 19 de enero de 2023 | Mayag\u00fcez, Puerto Rico | Lorell...","og_url":"https:\/\/interamerica.org\/es\/2023\/01\/universidad-adventista-primera-en-tener-programa-acreditado-de-atencion-respiratoria-en-puerto-rico\/","og_site_name":"Iglesia Adventista del S\u00e9ptimo D\u00eda - Divisi\u00f3n Interamericana","article_published_time":"2023-01-19T19:19:38+00:00","article_modified_time":"2023-01-24T15:36:26+00:00","og_image":[{"width":1000,"height":630,"url":"https:\/\/interamerica.org\/wp-content\/uploads\/2023\/01\/aau-respiratory-program-coarc-1000x630-1.jpeg","type":"image\/jpeg"}],"author":"libna","twitter_card":"summary_large_image","twitter_misc":{"Escrito por":"libna","Tiempo de lectura":"3 minutos"},"schema":{"@context":"https:\/\/schema.org","@graph":[{"@type":"Article","@id":"https:\/\/interamerica.org\/es\/2023\/01\/universidad-adventista-primera-en-tener-programa-acreditado-de-atencion-respiratoria-en-puerto-rico\/#article","isPartOf":{"@id":"https:\/\/interamerica.org\/es\/2023\/01\/universidad-adventista-primera-en-tener-programa-acreditado-de-atencion-respiratoria-en-puerto-rico\/"},"author":{"name":"libna","@id":"https:\/\/interamerica.org\/es\/#\/schema\/person\/29998f2bc2d8bd0d38662909289b54f1"},"headline":"Universidad adventista, primera en tener programa acreditado de atenci\u00f3n respiratoria en Puerto Rico","datePublished":"2023-01-19T19:19:38+00:00","dateModified":"2023-01-24T15:36:26+00:00","mainEntityOfPage":{"@id":"https:\/\/interamerica.org\/es\/2023\/01\/universidad-adventista-primera-en-tener-programa-acreditado-de-atencion-respiratoria-en-puerto-rico\/"},"wordCount":570,"image":{"@id":"https:\/\/interamerica.org\/es\/2023\/01\/universidad-adventista-primera-en-tener-programa-acreditado-de-atencion-respiratoria-en-puerto-rico\/#primaryimage"},"thumbnailUrl":"https:\/\/interamerica.org\/wp-content\/uploads\/2023\/01\/aau-respiratory-program-coarc-1000x630-1.jpeg","articleSection":["Desde el campo","RSS Espa\u00f1ol"],"inLanguage":"es"},{"@type":"WebPage","@id":"https:\/\/interamerica.org\/es\/2023\/01\/universidad-adventista-primera-en-tener-programa-acreditado-de-atencion-respiratoria-en-puerto-rico\/","url":"https:\/\/interamerica.org\/es\/2023\/01\/universidad-adventista-primera-en-tener-programa-acreditado-de-atencion-respiratoria-en-puerto-rico\/","name":"Universidad adventista, primera en tener programa acreditado de atenci\u00f3n respiratoria en Puerto Rico - Iglesia Adventista del S\u00e9ptimo D\u00eda - Divisi\u00f3n Interamericana","isPartOf":{"@id":"https:\/\/interamerica.org\/es\/#website"},"primaryImageOfPage":{"@id":"https:\/\/interamerica.org\/es\/2023\/01\/universidad-adventista-primera-en-tener-programa-acreditado-de-atencion-respiratoria-en-puerto-rico\/#primaryimage"},"image":{"@id":"https:\/\/interamerica.org\/es\/2023\/01\/universidad-adventista-primera-en-tener-programa-acreditado-de-atencion-respiratoria-en-puerto-rico\/#primaryimage"},"thumbnailUrl":"https:\/\/interamerica.org\/wp-content\/uploads\/2023\/01\/aau-respiratory-program-coarc-1000x630-1.jpeg","datePublished":"2023-01-19T19:19:38+00:00","dateModified":"2023-01-24T15:36:26+00:00","author":{"@id":"https:\/\/interamerica.org\/es\/#\/schema\/person\/29998f2bc2d8bd0d38662909289b54f1"},"breadcrumb":{"@id":"https:\/\/interamerica.org\/es\/2023\/01\/universidad-adventista-primera-en-tener-programa-acreditado-de-atencion-respiratoria-en-puerto-rico\/#breadcrumb"},"inLanguage":"es","potentialAction":[{"@type":"ReadAction","target":["https:\/\/interamerica.org\/es\/2023\/01\/universidad-adventista-primera-en-tener-programa-acreditado-de-atencion-respiratoria-en-puerto-rico\/"]}]},{"@type":"ImageObject","inLanguage":"es","@id":"https:\/\/interamerica.org\/es\/2023\/01\/universidad-adventista-primera-en-tener-programa-acreditado-de-atencion-respiratoria-en-puerto-rico\/#primaryimage","url":"https:\/\/interamerica.org\/wp-content\/uploads\/2023\/01\/aau-respiratory-program-coarc-1000x630-1.jpeg","contentUrl":"https:\/\/interamerica.org\/wp-content\/uploads\/2023\/01\/aau-respiratory-program-coarc-1000x630-1.jpeg","width":1000,"height":630,"caption":"[Photo: Antillean Communication]"},{"@type":"BreadcrumbList","@id":"https:\/\/interamerica.org\/es\/2023\/01\/universidad-adventista-primera-en-tener-programa-acreditado-de-atencion-respiratoria-en-puerto-rico\/#breadcrumb","itemListElement":[{"@type":"ListItem","position":1,"name":"Home","item":"https:\/\/interamerica.org\/es\/"},{"@type":"ListItem","position":2,"name":"Universidad adventista, primera en tener programa acreditado de atenci\u00f3n respiratoria en Puerto Rico"}]},{"@type":"WebSite","@id":"https:\/\/interamerica.org\/es\/#website","url":"https:\/\/interamerica.org\/es\/","name":"Iglesia Adventista del S\u00e9ptimo D\u00eda - Divisi\u00f3n Interamericana","description":"","potentialAction":[{"@type":"SearchAction","target":{"@type":"EntryPoint","urlTemplate":"https:\/\/interamerica.org\/es\/?s={search_term_string}"},"query-input":{"@type":"PropertyValueSpecification","valueRequired":true,"valueName":"search_term_string"}}],"inLanguage":"es"},{"@type":"Person","@id":"https:\/\/interamerica.org\/es\/#\/schema\/person\/29998f2bc2d8bd0d38662909289b54f1","name":"libna","image":{"@type":"ImageObject","inLanguage":"es","@id":"https:\/\/secure.gravatar.com\/avatar\/7c5bd30ae4b47a9ba3c856590957fd1d96dc588bf3ac05719d247e126840331f?s=96&d=mm&r=g","url":"https:\/\/secure.gravatar.com\/avatar\/7c5bd30ae4b47a9ba3c856590957fd1d96dc588bf3ac05719d247e126840331f?s=96&d=mm&r=g","contentUrl":"https:\/\/secure.gravatar.com\/avatar\/7c5bd30ae4b47a9ba3c856590957fd1d96dc588bf3ac05719d247e126840331f?s=96&d=mm&r=g","caption":"libna"}}]}},"_links":{"self":[{"href":"https:\/\/interamerica.org\/es\/wp-json\/wp\/v2\/posts\/93701","targetHints":{"allow":["GET"]}}],"collection":[{"href":"https:\/\/interamerica.org\/es\/wp-json\/wp\/v2\/posts"}],"about":[{"href":"https:\/\/interamerica.org\/es\/wp-json\/wp\/v2\/types\/post"}],"author":[{"embeddable":true,"href":"https:\/\/interamerica.org\/es\/wp-json\/wp\/v2\/users\/3"}],"replies":[{"embeddable":true,"href":"https:\/\/interamerica.org\/es\/wp-json\/wp\/v2\/comments?post=93701"}],"version-history":[{"count":0,"href":"https:\/\/interamerica.org\/es\/wp-json\/wp\/v2\/posts\/93701\/revisions"}],"wp:featuredmedia":[{"embeddable":true,"href":"https:\/\/interamerica.org\/es\/wp-json\/wp\/v2\/media\/93650"}],"wp:attachment":[{"href":"https:\/\/interamerica.org\/es\/wp-json\/wp\/v2\/media?parent=93701"}],"wp:term":[{"taxonomy":"category","embeddable":true,"href":"https:\/\/interamerica.org\/es\/wp-json\/wp\/v2\/categories?post=93701"},{"taxonomy":"post_tag","embeddable":true,"href":"https:\/\/interamerica.org\/es\/wp-json\/wp\/v2\/tags?post=93701"}],"curies":[{"name":"wp","href":"https:\/\/api.w.org\/{rel}","templated":true}]}}