{"id":94893,"date":"2023-02-16T16:32:15","date_gmt":"2023-02-16T21:32:15","guid":{"rendered":"https:\/\/interamerica.org\/?p=94893"},"modified":"2023-02-17T10:10:06","modified_gmt":"2023-02-17T15:10:06","slug":"dos-heroes-de-la-edad-media","status":"publish","type":"post","link":"https:\/\/interamerica.org\/es\/2023\/02\/dos-heroes-de-la-edad-media\/","title":{"rendered":"Dos h\u00e9roes de la edad media"},"content":{"rendered":"<p>16 de febrero del 2023 | Silver Spring, Maryland, Estados Unidos | Ted N.C. Wilson, President de la Asociaci\u00f3n General de los Adventistas del S\u00e9ptimo D\u00eda<\/p>\n<p><span style=\"font-weight: 400;\">Hola amigos. Imaginen conmigo por un momento que estamos viajando a la hist\u00f3rica ciudad de Constanza, en el sur de Alemania. Situada en el extremo occidental del hermoso lago de Constanza, esta ciudad universitaria cuenta actualmente con aproximadamente 83,000 habitantes y fue la sede de la Di\u00f3cesis Cat\u00f3lica Romana de Konstanz durante m\u00e1s de 1,200 a\u00f1os.<\/span><\/p>\n<p><span style=\"font-weight: 400;\">En la actualidad, si caminamos una corta distancia desde la ciudad vieja, llegamos a un vecindario bastante moderno, con casas a lo largo de la calle pavimentada y bancas de parque bien ubicadas sobre un c\u00e9sped verde. Avanzando por la calle, nuestro ojo capta una peque\u00f1a isla de vegetaci\u00f3n en medio de la carretera. Acerc\u00e1ndonos, notamos una enorme roca negra en esta peque\u00f1a isla de tr\u00e1fico. Tallado en letras doradas en un lado de la roca vemos el nombre de \u00abJohannes Hus\u00bb, es decir, Juan Hus, 6 de julio de 1415. En el otro lado vemos otro nombre, \u00abHieronymus von Prag\u00bb, es decir, Jer\u00f3nimo de Praga, 30 de mayo de 1416.<\/span><\/p>\n<p><span style=\"font-weight: 400;\">Esta piedra conmemorativa de piedra caliza negruzca fue financiada por donaciones y se inaugur\u00f3 el 6 de octubre de 1862. Cada a\u00f1o, es el sitio de una conmemoraci\u00f3n anual de Juan Hus y Jer\u00f3nimo de Praga. \u00bfQui\u00e9nes eran estos dos hombres y por qu\u00e9 est\u00e1n conmemorados con piedra caliza negra?<\/span><\/p>\n<p><span style=\"font-weight: 400;\">Hus y Jer\u00f3nimo, como Wiclef, fueron precursores de la Reforma. Su trabajo se extendi\u00f3 por Bohemia, un pa\u00eds que ahora se conoce como la Rep\u00fablica Checa, y m\u00e1s all\u00e1 al llevar las verdades salvadoras que se encuentran en las Escrituras a miles de personas en Europa.<\/span><\/p>\n<p><span style=\"font-weight: 400;\">Juan Hus naci\u00f3 el 6 de julio de 1373 en un hogar campesino. Su padre falleci\u00f3 poco despu\u00e9s del nacimiento de Juan, dejando a su pobre viuda para criar sola a su hijo. Su madre era una mujer temerosa de Dios que ayud\u00f3 a inculcar la fe en su hijo. Ella cre\u00eda en la educaci\u00f3n y anim\u00f3 a su hijo a asistir a la Universidad de Praga, donde recibi\u00f3 una beca completa. Antes de dejarlo en la universidad, se arrodill\u00f3 junto a su hijo, orando para que Dios estuviera con \u00e9l y lo protegiera de las pruebas que sin duda enfrentar\u00eda. Poco se dio cuenta de c\u00f3mo ser\u00edan contestadas sus oraciones.<\/span><\/p>\n<p><span style=\"font-weight: 400;\">Hus fue un destacado erudito y pronto se gan\u00f3 el respeto de todos. Despu\u00e9s de completar sus estudios, ingres\u00f3 al sacerdocio y pronto fue invitado a unirse a la corte del rey. Tambi\u00e9n fue nombrado profesor y m\u00e1s tarde rector de la Universidad de Praga. En poco tiempo, Hus se convirti\u00f3 en el orgullo de Bohemia y fue conocido y respetado en toda Europa.<\/span><\/p>\n<p><span style=\"font-weight: 400;\">Varios a\u00f1os despu\u00e9s de convertirse en sacerdote, Hus fue nombrado predicador en la Capilla de Bel\u00e9n en Praga en 1402. El fundador de esta capilla dio gran importancia a que los servicios se celebraran en el idioma del pueblo, en lugar del lat\u00edn. Llevar a cabo servicios en bohemio hab\u00eda sido una pr\u00e1ctica com\u00fan, y la Biblia se tradujo a ese idioma muy temprano. Pero cuando Gregorio VII ascendi\u00f3 al trono papal, emiti\u00f3 una bula que prohib\u00eda que el culto p\u00fablico se realizara en lengua bohemia. Sin embargo, en algunos lugares, los servicios todav\u00eda se llevaban a cabo en el idioma nativo.<\/span><\/p>\n<p><span style=\"font-weight: 400;\">Jer\u00f3nimo, quien m\u00e1s tarde trabajar\u00eda de cerca con Hus, estudi\u00f3 en la Universidad de Oxford en Inglaterra y regres\u00f3 a Bohemia con los escritos de Wiclef. Cuando regres\u00f3 a Praga, Jer\u00f3nimo conoci\u00f3 a Hus, quien se hab\u00eda familiarizado con los escritos de Wilef y se hab\u00eda convertido en un firme defensor de la Palabra de Dios. Juntos, estos dos hombres difundieron las ense\u00f1anzas de las Escrituras en su tierra natal y m\u00e1s all\u00e1. Jer\u00f3nimo era el orador m\u00e1s talentoso, pero Hus era un hombre de car\u00e1cter firme y Jer\u00f3nimo lo admiraba como l\u00edder espiritual.<\/span><\/p>\n<p><span style=\"font-weight: 400;\">Una de las principales ense\u00f1anzas de Hus y Jer\u00f3nimo fue que <\/span><span style=\"font-weight: 400;\">\u00ablos preceptos de la Santas Escrituras transmitidos por el entendimiento han de dirigir la conciencia, o en otras palabras, que Dios hablando en la Biblia, y no la iglesia hablando por medio de los sacerdotes, era el \u00fanico gu\u00eda infalible\u00bb (<\/span><i><span style=\"font-weight: 400;\">CS 95.2<\/span><\/i><span style=\"font-weight: 400;\">).<\/span><\/p>\n<p><span style=\"font-weight: 400;\">Por supuesto, esto iba directamente en contra de las ense\u00f1anzas de la Iglesia Cat\u00f3lica, y en poco tiempo, estos reformadores sintieron la ira de Roma.<\/span><\/p>\n<p><span style=\"font-weight: 400;\">Se convoc\u00f3 un concilio general para reunirse en Constanza para abordar una serie de problemas que enfrentaba la iglesia, incluidos tres papas rivales en lo que se conoci\u00f3 como el \u00abGran Cisma\u00bb, y tambi\u00e9n para erradicar la herej\u00eda potencial. Juan Hus fue llamado a comparecer ante el consejo. Aunque le hab\u00edan prometido un salvoconducto, poco despu\u00e9s de llegar a Constanza fue arrestado y puesto en una h\u00fameda celda de calabozo.\u00a0<\/span><\/p>\n<p><span style=\"font-weight: 400;\">Al enterarse de la dif\u00edcil situaci\u00f3n de Hus, Jer\u00f3nimo parti\u00f3 hacia Constanza, pero una vez que lleg\u00f3 a la ciudad se dio cuenta de que no hab\u00eda nada que pudiera hacer para ayudar a su amigo. Al intentar huir, pronto fue arrestado y tambi\u00e9n colocado en una repugnante celda de prisi\u00f3n.\u00a0\u00a0\u00a0\u00a0\u00a0\u00a0\u00a0\u00a0\u00a0\u00a0<\/span><\/p>\n<p><span style=\"font-weight: 400;\">Hus al menos fue llevado ante el concilio donde se le pidi\u00f3 que se retractara de sus doctrinas o sufriera la muerte. Aunque debilitado por la enfermedad y el encarcelamiento, Hus defendi\u00f3 audazmente la verdad y acept\u00f3 el destino de m\u00e1rtir.<\/span><\/p>\n<p><span style=\"font-weight: 400;\">Cuando se le presion\u00f3 para que renunciara a sus \u00aberrores\u00bb, pidi\u00f3, <\/span><span style=\"font-weight: 400;\">\u00ab&#8216;\u00bfA cu\u00e1les errores\u2014dijo Hus\u2014debo renunciar? De ninguno me encuentro culpable. Tomo a Dios por testigo de que todo lo que he escrito y predicado ha sido con el fin de rescatar a las almas del pecado y de la perdici\u00f3n; y, por consiguiente, con el mayor gozo confirmar\u00e9 con mi sangre aquella verdad que he anunciado por escrito y de viva voz'\u00bb (<\/span><i><span style=\"font-weight: 400;\">CS 102.1<\/span><\/i><span style=\"font-weight: 400;\">).<\/span><\/p>\n<p><span style=\"font-weight: 400;\">Fue condenado y llevado a la hoguera en un lugar ubicado a las afueras de la ciudad. <\/span><span style=\"font-weight: 400;\">\u201cCuando las llamas comenzaron a arder en torno suyo, principi\u00f3 a cantar: \u201cJes\u00fas, Hijo de David, ten misericordia de m\u00ed\u201d, y continu\u00f3 hasta que su voz enmudeci\u00f3 para siempre.\u201d <\/span><i><span style=\"font-weight: 400;\">(CS 102.1<\/span><\/i><span style=\"font-weight: 400;\">).<\/span><\/p>\n<p><span style=\"font-weight: 400;\">Despu\u00e9s de pasar varios meses insoportables de tortura en la mazmorra, Jer\u00f3nimo corri\u00f3 la misma suerte que Hus y fue quemado en el mismo lugar a las afueras de la ciudad, donde la roca negra se erige hoy como testigo silencioso de estos dos m\u00e1rtires.<\/span><\/p>\n<p><span style=\"font-weight: 400;\">Incluso los enemigos que presenciaron la ejecuci\u00f3n de estos dos hombres quedaron impresionados por su actitud tranquila. Un firme partidario del Papa lo describi\u00f3 as\u00ed: <\/span><span style=\"font-weight: 400;\">\u201cAmbos se portaron como valientes al aproximarse su \u00faltima hora. Se prepararon para ir a la hoguera como se hubieran preparado para ir a una boda; no dejaron o\u00edr un grito de dolor. Cuando subieron las llamas, entonaron himnos y apenas pod\u00eda la vehemencia del fuego acallar sus cantos\u201d (<\/span><i><span style=\"font-weight: 400;\">CS 102.2<\/span><\/i><span style=\"font-weight: 400;\">).<\/span><\/p>\n<p><span style=\"font-weight: 400;\">Amigos, hoy, acabamos de ver la superficie de la historia de estos dos grandes hombres piadosos. Les recomiendo encarecidamente a leer m\u00e1s sobre ellos en el cap\u00edtulo 6 del inspirador libro El conflicto de los Siglos. Si a\u00fan no tienen una copia de este maravilloso libro, pueden descargar su copia gratuita en greatcontroversyproject.org [Insertar: greatcontroversyproject.org] hoy.<\/span><\/p>\n<p><span style=\"font-weight: 400;\">Al considerar la fidelidad de Hus y Jer\u00f3nimo, y muchos otros que han sido martirizados por Jes\u00fas, recordemos el hermoso texto de <\/span><b>Hebreos 12:1,2<\/b><span style=\"font-weight: 400;\">: \u00abPor tanto, nosotros tambi\u00e9n, teniendo en derredor nuestro tan grande nube de testigos, despoj\u00e9monos de todo peso y del pecado que nos asedia, y corramos con paciencia la carrera que tenemos por delante, puestos los ojos en Jes\u00fas, el autor y consumador de la fe, el cual por el gozo puesto delante de \u00e9l sufri\u00f3 la cruz, menospreciando el oprobio, y se sent\u00f3 a la diestra del trono de Dios.\u00bb<\/span><\/p>\n<p><span style=\"font-weight: 400;\">Oremos juntos ahora mismo. Padre. Gracias por inspirar a estos grandes reformadores, Hus y Jer\u00f3nimo, no solo a defender la verdad, sino incluso a morir por la verdad y morir entonando alabanzas a ti.<\/span><\/p>\n<p><span style=\"font-weight: 400;\">Se\u00f1or, ay\u00fadanos a ser tan fieles como ellos. Danos fortaleza mientras miramos hacia el futuro y enfrentar los desaf\u00edos cuando otros intenten de alguna manera desistir de nuestra creencia en la Santa Palabra de Dios y solo en la palabra. Ni la tradici\u00f3n humana, ni el humanismo, ni las ideas de la filosof\u00eda, sino s\u00f3lo la Palabra de Dios. Ay\u00fadanos a ser fieles a tu Palabra, como lo fueron Hus y Jer\u00f3nimo y muchos otros. Gracias por su ejemplo. Vive dentro de nuestros corazones a trav\u00e9s del Esp\u00edritu Santo y ay\u00fadanos a defenderte a ti y defender la verdad b\u00edblica. En el nombre de Jes\u00fas, te lo pedimos. Am\u00e9n.<\/span><\/p>\n<p>&nbsp;<\/p>\n<p><iframe title=\"Dos H\u00e9roes de la Edad Media \/ Pastor Ted Wilson\" width=\"500\" height=\"281\" src=\"https:\/\/www.youtube.com\/embed\/OVGOMoFBIwQ?feature=oembed\" frameborder=\"0\" allow=\"accelerometer; autoplay; clipboard-write; encrypted-media; gyroscope; picture-in-picture; web-share\" referrerpolicy=\"strict-origin-when-cross-origin\" allowfullscreen><\/iframe><\/p>\n","protected":false},"excerpt":{"rendered":"<p>16 de febrero del 2023 | Silver Spring, Maryland, Estados Unidos | Ted N.C. Wilson, President de la Asociaci\u00f3n General de los Adventistas del S\u00e9ptimo D\u00eda Hola amigos. Imaginen conmigo&#8230;<\/p>\n","protected":false},"author":3,"featured_media":94883,"comment_status":"closed","ping_status":"closed","sticky":false,"template":"","format":"standard","meta":{"_acf_changed":false,"footnotes":""},"categories":[14,15],"tags":[],"class_list":["post-94893","post","type-post","status-publish","format-standard","has-post-thumbnail","hentry","category-de-la-iglesia-mundial","category-rss-espanol"],"acf":[],"yoast_head":"<!-- This site is optimized with the Yoast SEO plugin v27.3 - https:\/\/yoast.com\/product\/yoast-seo-wordpress\/ -->\n<title>Dos h\u00e9roes de la edad media - Iglesia Adventista del S\u00e9ptimo D\u00eda - Divisi\u00f3n Interamericana<\/title>\n<meta name=\"robots\" content=\"index, follow, max-snippet:-1, max-image-preview:large, max-video-preview:-1\" \/>\n<link rel=\"canonical\" href=\"https:\/\/interamerica.org\/es\/2023\/02\/dos-heroes-de-la-edad-media\/\" \/>\n<meta property=\"og:locale\" content=\"es_ES\" \/>\n<meta property=\"og:type\" content=\"article\" \/>\n<meta property=\"og:title\" content=\"Dos h\u00e9roes de la edad media - Iglesia Adventista del S\u00e9ptimo D\u00eda - Divisi\u00f3n Interamericana\" \/>\n<meta property=\"og:description\" content=\"16 de febrero del 2023 | Silver Spring, Maryland, Estados Unidos | Ted N.C. Wilson, President de la Asociaci\u00f3n General de los Adventistas del S\u00e9ptimo D\u00eda Hola amigos. Imaginen conmigo...\" \/>\n<meta property=\"og:url\" content=\"https:\/\/interamerica.org\/es\/2023\/02\/dos-heroes-de-la-edad-media\/\" \/>\n<meta property=\"og:site_name\" content=\"Iglesia Adventista del S\u00e9ptimo D\u00eda - Divisi\u00f3n Interamericana\" \/>\n<meta property=\"article:published_time\" content=\"2023-02-16T21:32:15+00:00\" \/>\n<meta property=\"article:modified_time\" content=\"2023-02-17T15:10:06+00:00\" \/>\n<meta property=\"og:image\" content=\"https:\/\/interamerica.org\/wp-content\/uploads\/2023\/02\/huss-and-jerome-sp.png\" \/>\n\t<meta property=\"og:image:width\" content=\"1334\" \/>\n\t<meta property=\"og:image:height\" content=\"750\" \/>\n\t<meta property=\"og:image:type\" content=\"image\/png\" \/>\n<meta name=\"author\" content=\"libna\" \/>\n<meta name=\"twitter:card\" content=\"summary_large_image\" \/>\n<meta name=\"twitter:label1\" content=\"Escrito por\" \/>\n\t<meta name=\"twitter:data1\" content=\"libna\" \/>\n\t<meta name=\"twitter:label2\" content=\"Tiempo de lectura\" \/>\n\t<meta name=\"twitter:data2\" content=\"7 minutos\" \/>\n<script type=\"application\/ld+json\" class=\"yoast-schema-graph\">{\"@context\":\"https:\\\/\\\/schema.org\",\"@graph\":[{\"@type\":\"Article\",\"@id\":\"https:\\\/\\\/interamerica.org\\\/es\\\/2023\\\/02\\\/dos-heroes-de-la-edad-media\\\/#article\",\"isPartOf\":{\"@id\":\"https:\\\/\\\/interamerica.org\\\/es\\\/2023\\\/02\\\/dos-heroes-de-la-edad-media\\\/\"},\"author\":{\"name\":\"libna\",\"@id\":\"https:\\\/\\\/interamerica.org\\\/es\\\/#\\\/schema\\\/person\\\/29998f2bc2d8bd0d38662909289b54f1\"},\"headline\":\"Dos h\u00e9roes de la edad media\",\"datePublished\":\"2023-02-16T21:32:15+00:00\",\"dateModified\":\"2023-02-17T15:10:06+00:00\",\"mainEntityOfPage\":{\"@id\":\"https:\\\/\\\/interamerica.org\\\/es\\\/2023\\\/02\\\/dos-heroes-de-la-edad-media\\\/\"},\"wordCount\":1541,\"image\":{\"@id\":\"https:\\\/\\\/interamerica.org\\\/es\\\/2023\\\/02\\\/dos-heroes-de-la-edad-media\\\/#primaryimage\"},\"thumbnailUrl\":\"https:\\\/\\\/interamerica.org\\\/wp-content\\\/uploads\\\/2023\\\/02\\\/huss-and-jerome-sp.png\",\"articleSection\":[\"Desde la iglesia mundial\",\"RSS Espa\u00f1ol\"],\"inLanguage\":\"es\"},{\"@type\":\"WebPage\",\"@id\":\"https:\\\/\\\/interamerica.org\\\/es\\\/2023\\\/02\\\/dos-heroes-de-la-edad-media\\\/\",\"url\":\"https:\\\/\\\/interamerica.org\\\/es\\\/2023\\\/02\\\/dos-heroes-de-la-edad-media\\\/\",\"name\":\"Dos h\u00e9roes de la edad media - Iglesia Adventista del S\u00e9ptimo D\u00eda - Divisi\u00f3n Interamericana\",\"isPartOf\":{\"@id\":\"https:\\\/\\\/interamerica.org\\\/es\\\/#website\"},\"primaryImageOfPage\":{\"@id\":\"https:\\\/\\\/interamerica.org\\\/es\\\/2023\\\/02\\\/dos-heroes-de-la-edad-media\\\/#primaryimage\"},\"image\":{\"@id\":\"https:\\\/\\\/interamerica.org\\\/es\\\/2023\\\/02\\\/dos-heroes-de-la-edad-media\\\/#primaryimage\"},\"thumbnailUrl\":\"https:\\\/\\\/interamerica.org\\\/wp-content\\\/uploads\\\/2023\\\/02\\\/huss-and-jerome-sp.png\",\"datePublished\":\"2023-02-16T21:32:15+00:00\",\"dateModified\":\"2023-02-17T15:10:06+00:00\",\"author\":{\"@id\":\"https:\\\/\\\/interamerica.org\\\/es\\\/#\\\/schema\\\/person\\\/29998f2bc2d8bd0d38662909289b54f1\"},\"breadcrumb\":{\"@id\":\"https:\\\/\\\/interamerica.org\\\/es\\\/2023\\\/02\\\/dos-heroes-de-la-edad-media\\\/#breadcrumb\"},\"inLanguage\":\"es\",\"potentialAction\":[{\"@type\":\"ReadAction\",\"target\":[\"https:\\\/\\\/interamerica.org\\\/es\\\/2023\\\/02\\\/dos-heroes-de-la-edad-media\\\/\"]}]},{\"@type\":\"ImageObject\",\"inLanguage\":\"es\",\"@id\":\"https:\\\/\\\/interamerica.org\\\/es\\\/2023\\\/02\\\/dos-heroes-de-la-edad-media\\\/#primaryimage\",\"url\":\"https:\\\/\\\/interamerica.org\\\/wp-content\\\/uploads\\\/2023\\\/02\\\/huss-and-jerome-sp.png\",\"contentUrl\":\"https:\\\/\\\/interamerica.org\\\/wp-content\\\/uploads\\\/2023\\\/02\\\/huss-and-jerome-sp.png\",\"width\":1334,\"height\":750},{\"@type\":\"BreadcrumbList\",\"@id\":\"https:\\\/\\\/interamerica.org\\\/es\\\/2023\\\/02\\\/dos-heroes-de-la-edad-media\\\/#breadcrumb\",\"itemListElement\":[{\"@type\":\"ListItem\",\"position\":1,\"name\":\"Home\",\"item\":\"https:\\\/\\\/interamerica.org\\\/es\\\/\"},{\"@type\":\"ListItem\",\"position\":2,\"name\":\"Dos h\u00e9roes de la edad media\"}]},{\"@type\":\"WebSite\",\"@id\":\"https:\\\/\\\/interamerica.org\\\/es\\\/#website\",\"url\":\"https:\\\/\\\/interamerica.org\\\/es\\\/\",\"name\":\"Iglesia Adventista del S\u00e9ptimo D\u00eda - Divisi\u00f3n Interamericana\",\"description\":\"\",\"potentialAction\":[{\"@type\":\"SearchAction\",\"target\":{\"@type\":\"EntryPoint\",\"urlTemplate\":\"https:\\\/\\\/interamerica.org\\\/es\\\/?s={search_term_string}\"},\"query-input\":{\"@type\":\"PropertyValueSpecification\",\"valueRequired\":true,\"valueName\":\"search_term_string\"}}],\"inLanguage\":\"es\"},{\"@type\":\"Person\",\"@id\":\"https:\\\/\\\/interamerica.org\\\/es\\\/#\\\/schema\\\/person\\\/29998f2bc2d8bd0d38662909289b54f1\",\"name\":\"libna\",\"image\":{\"@type\":\"ImageObject\",\"inLanguage\":\"es\",\"@id\":\"https:\\\/\\\/secure.gravatar.com\\\/avatar\\\/7c5bd30ae4b47a9ba3c856590957fd1d96dc588bf3ac05719d247e126840331f?s=96&d=mm&r=g\",\"url\":\"https:\\\/\\\/secure.gravatar.com\\\/avatar\\\/7c5bd30ae4b47a9ba3c856590957fd1d96dc588bf3ac05719d247e126840331f?s=96&d=mm&r=g\",\"contentUrl\":\"https:\\\/\\\/secure.gravatar.com\\\/avatar\\\/7c5bd30ae4b47a9ba3c856590957fd1d96dc588bf3ac05719d247e126840331f?s=96&d=mm&r=g\",\"caption\":\"libna\"}}]}<\/script>\n<!-- \/ Yoast SEO plugin. -->","yoast_head_json":{"title":"Dos h\u00e9roes de la edad media - Iglesia Adventista del S\u00e9ptimo D\u00eda - Divisi\u00f3n Interamericana","robots":{"index":"index","follow":"follow","max-snippet":"max-snippet:-1","max-image-preview":"max-image-preview:large","max-video-preview":"max-video-preview:-1"},"canonical":"https:\/\/interamerica.org\/es\/2023\/02\/dos-heroes-de-la-edad-media\/","og_locale":"es_ES","og_type":"article","og_title":"Dos h\u00e9roes de la edad media - Iglesia Adventista del S\u00e9ptimo D\u00eda - Divisi\u00f3n Interamericana","og_description":"16 de febrero del 2023 | Silver Spring, Maryland, Estados Unidos | Ted N.C. Wilson, President de la Asociaci\u00f3n General de los Adventistas del S\u00e9ptimo D\u00eda Hola amigos. Imaginen conmigo...","og_url":"https:\/\/interamerica.org\/es\/2023\/02\/dos-heroes-de-la-edad-media\/","og_site_name":"Iglesia Adventista del S\u00e9ptimo D\u00eda - Divisi\u00f3n Interamericana","article_published_time":"2023-02-16T21:32:15+00:00","article_modified_time":"2023-02-17T15:10:06+00:00","og_image":[{"width":1334,"height":750,"url":"https:\/\/interamerica.org\/wp-content\/uploads\/2023\/02\/huss-and-jerome-sp.png","type":"image\/png"}],"author":"libna","twitter_card":"summary_large_image","twitter_misc":{"Escrito por":"libna","Tiempo de lectura":"7 minutos"},"schema":{"@context":"https:\/\/schema.org","@graph":[{"@type":"Article","@id":"https:\/\/interamerica.org\/es\/2023\/02\/dos-heroes-de-la-edad-media\/#article","isPartOf":{"@id":"https:\/\/interamerica.org\/es\/2023\/02\/dos-heroes-de-la-edad-media\/"},"author":{"name":"libna","@id":"https:\/\/interamerica.org\/es\/#\/schema\/person\/29998f2bc2d8bd0d38662909289b54f1"},"headline":"Dos h\u00e9roes de la edad media","datePublished":"2023-02-16T21:32:15+00:00","dateModified":"2023-02-17T15:10:06+00:00","mainEntityOfPage":{"@id":"https:\/\/interamerica.org\/es\/2023\/02\/dos-heroes-de-la-edad-media\/"},"wordCount":1541,"image":{"@id":"https:\/\/interamerica.org\/es\/2023\/02\/dos-heroes-de-la-edad-media\/#primaryimage"},"thumbnailUrl":"https:\/\/interamerica.org\/wp-content\/uploads\/2023\/02\/huss-and-jerome-sp.png","articleSection":["Desde la iglesia mundial","RSS Espa\u00f1ol"],"inLanguage":"es"},{"@type":"WebPage","@id":"https:\/\/interamerica.org\/es\/2023\/02\/dos-heroes-de-la-edad-media\/","url":"https:\/\/interamerica.org\/es\/2023\/02\/dos-heroes-de-la-edad-media\/","name":"Dos h\u00e9roes de la edad media - Iglesia Adventista del S\u00e9ptimo D\u00eda - Divisi\u00f3n Interamericana","isPartOf":{"@id":"https:\/\/interamerica.org\/es\/#website"},"primaryImageOfPage":{"@id":"https:\/\/interamerica.org\/es\/2023\/02\/dos-heroes-de-la-edad-media\/#primaryimage"},"image":{"@id":"https:\/\/interamerica.org\/es\/2023\/02\/dos-heroes-de-la-edad-media\/#primaryimage"},"thumbnailUrl":"https:\/\/interamerica.org\/wp-content\/uploads\/2023\/02\/huss-and-jerome-sp.png","datePublished":"2023-02-16T21:32:15+00:00","dateModified":"2023-02-17T15:10:06+00:00","author":{"@id":"https:\/\/interamerica.org\/es\/#\/schema\/person\/29998f2bc2d8bd0d38662909289b54f1"},"breadcrumb":{"@id":"https:\/\/interamerica.org\/es\/2023\/02\/dos-heroes-de-la-edad-media\/#breadcrumb"},"inLanguage":"es","potentialAction":[{"@type":"ReadAction","target":["https:\/\/interamerica.org\/es\/2023\/02\/dos-heroes-de-la-edad-media\/"]}]},{"@type":"ImageObject","inLanguage":"es","@id":"https:\/\/interamerica.org\/es\/2023\/02\/dos-heroes-de-la-edad-media\/#primaryimage","url":"https:\/\/interamerica.org\/wp-content\/uploads\/2023\/02\/huss-and-jerome-sp.png","contentUrl":"https:\/\/interamerica.org\/wp-content\/uploads\/2023\/02\/huss-and-jerome-sp.png","width":1334,"height":750},{"@type":"BreadcrumbList","@id":"https:\/\/interamerica.org\/es\/2023\/02\/dos-heroes-de-la-edad-media\/#breadcrumb","itemListElement":[{"@type":"ListItem","position":1,"name":"Home","item":"https:\/\/interamerica.org\/es\/"},{"@type":"ListItem","position":2,"name":"Dos h\u00e9roes de la edad media"}]},{"@type":"WebSite","@id":"https:\/\/interamerica.org\/es\/#website","url":"https:\/\/interamerica.org\/es\/","name":"Iglesia Adventista del S\u00e9ptimo D\u00eda - Divisi\u00f3n Interamericana","description":"","potentialAction":[{"@type":"SearchAction","target":{"@type":"EntryPoint","urlTemplate":"https:\/\/interamerica.org\/es\/?s={search_term_string}"},"query-input":{"@type":"PropertyValueSpecification","valueRequired":true,"valueName":"search_term_string"}}],"inLanguage":"es"},{"@type":"Person","@id":"https:\/\/interamerica.org\/es\/#\/schema\/person\/29998f2bc2d8bd0d38662909289b54f1","name":"libna","image":{"@type":"ImageObject","inLanguage":"es","@id":"https:\/\/secure.gravatar.com\/avatar\/7c5bd30ae4b47a9ba3c856590957fd1d96dc588bf3ac05719d247e126840331f?s=96&d=mm&r=g","url":"https:\/\/secure.gravatar.com\/avatar\/7c5bd30ae4b47a9ba3c856590957fd1d96dc588bf3ac05719d247e126840331f?s=96&d=mm&r=g","contentUrl":"https:\/\/secure.gravatar.com\/avatar\/7c5bd30ae4b47a9ba3c856590957fd1d96dc588bf3ac05719d247e126840331f?s=96&d=mm&r=g","caption":"libna"}}]}},"_links":{"self":[{"href":"https:\/\/interamerica.org\/es\/wp-json\/wp\/v2\/posts\/94893","targetHints":{"allow":["GET"]}}],"collection":[{"href":"https:\/\/interamerica.org\/es\/wp-json\/wp\/v2\/posts"}],"about":[{"href":"https:\/\/interamerica.org\/es\/wp-json\/wp\/v2\/types\/post"}],"author":[{"embeddable":true,"href":"https:\/\/interamerica.org\/es\/wp-json\/wp\/v2\/users\/3"}],"replies":[{"embeddable":true,"href":"https:\/\/interamerica.org\/es\/wp-json\/wp\/v2\/comments?post=94893"}],"version-history":[{"count":0,"href":"https:\/\/interamerica.org\/es\/wp-json\/wp\/v2\/posts\/94893\/revisions"}],"wp:featuredmedia":[{"embeddable":true,"href":"https:\/\/interamerica.org\/es\/wp-json\/wp\/v2\/media\/94883"}],"wp:attachment":[{"href":"https:\/\/interamerica.org\/es\/wp-json\/wp\/v2\/media?parent=94893"}],"wp:term":[{"taxonomy":"category","embeddable":true,"href":"https:\/\/interamerica.org\/es\/wp-json\/wp\/v2\/categories?post=94893"},{"taxonomy":"post_tag","embeddable":true,"href":"https:\/\/interamerica.org\/es\/wp-json\/wp\/v2\/tags?post=94893"}],"curies":[{"name":"wp","href":"https:\/\/api.w.org\/{rel}","templated":true}]}}