{"id":95242,"date":"2023-03-01T11:07:38","date_gmt":"2023-03-01T16:07:38","guid":{"rendered":"https:\/\/interamerica.org\/?p=95242"},"modified":"2023-03-01T14:13:03","modified_gmt":"2023-03-01T19:13:03","slug":"lideres-de-la-iglesia-reciben-a-la-embajadora-de-jordania-en-los-estados-unidos","status":"publish","type":"post","link":"https:\/\/interamerica.org\/es\/2023\/03\/lideres-de-la-iglesia-reciben-a-la-embajadora-de-jordania-en-los-estados-unidos\/","title":{"rendered":"L\u00edderes de la iglesia reciben a la embajadora de Jordania en los Estados Unidos"},"content":{"rendered":"<h4>La visita a la sede de la iglesia sirve para destacar la libertad religiosa en Jordania.<\/h4>\n<p>1 de marzo de 2023 | Silver Spring, Maryland, Estados Unidos | Alyssa Truman, Red de Noticias Adventistas, y Adventist Review<\/p>\n<p>Su Excelencia Dina Kawar, Embajadora del Reino Hachemita de Jordania en los Estados Unidos, visit\u00f3 la sede de la Iglesia Adventista del S\u00e9ptimo D\u00eda en Silver Spring, Maryland, el pasado 24 de febrero.<\/p>\n<p>Ted N. C. Wilson, presidente de la Asociaci\u00f3n General, dio la bienvenida a Kawar y al segundo secretario Raad Elfawair en una visita de cortes\u00eda que enfatiz\u00f3 la libertad de religiosa y una colaboraci\u00f3n continua entre la Iglesia Adventista y esa naci\u00f3n de Oriente Medio.<\/p>\n<p>Wilson y otros l\u00edderes de la iglesia agradecieron al Reino de Jordania por medio de la Embajadora Kawar por la libertad religiosa que disfrutan los residentes de esa naci\u00f3n, y tambi\u00e9n comparti\u00f3 el ministerio multifac\u00e9tico de la Iglesia Adventista en el mundo. \u201cGracias por brindar libertad religiosa a los adventistas del s\u00e9ptimo d\u00eda y a otras comunidades religiosas\u201d, dijo Wilson a Kawar y Elfawair.<\/p>\n<p><div id=\"attachment_95229\" style=\"width: 843px\" class=\"wp-caption aligncenter\"><img fetchpriority=\"high\" decoding=\"async\" aria-describedby=\"caption-attachment-95229\" class=\" wp-image-95227\" src=\"https:\/\/interamerica.org\/wp-content\/uploads\/2023\/03\/rl-gc-1-1024x714.jpeg\" alt=\"\" width=\"833\" height=\"581\" srcset=\"https:\/\/interamerica.org\/wp-content\/uploads\/2023\/03\/rl-gc-1-1024x714.jpeg 1024w, https:\/\/interamerica.org\/wp-content\/uploads\/2023\/03\/rl-gc-1-300x209.jpeg 300w, https:\/\/interamerica.org\/wp-content\/uploads\/2023\/03\/rl-gc-1-768x535.jpeg 768w, https:\/\/interamerica.org\/wp-content\/uploads\/2023\/03\/rl-gc-1.jpeg 1280w\" sizes=\"(max-width: 833px) 100vw, 833px\" \/><p id=\"caption-attachment-95229\" class=\"wp-caption-text\">Su Excelencia Dina Kawar, Embajadora del Reino Hachemita de Jordania (cuarta desde la izquierda), visit\u00f3 la sede de la Iglesia Adventista en Silver Spring, Maryland, Estados Unidos, el 24 de febrero. [Fotograf\u00eda: Presidencia de la Asociaci\u00f3n General]<\/p><\/div>Ganoune Diop, director del departamento de Asuntos P\u00fablicos y Libertad Religiosa (PARL), le dijo a Kawar que \u201cel Reino Hachemita de Jordania es un ejemplo de coexistencia pac\u00edfica, una pol\u00edtica deliberada del reino de permitir la libertad religiosa o de creencias. Es, en efecto, un reino que se ha mostrado hospitalario a un incontable n\u00famero de refugiados y buscadores de asilo\u201d, dijo Diop.<\/p>\n<p>El ciudadano de Jordania Anees Abdelnour, un miembro de la Iglesia Adventista que presta servicios en la Asociaci\u00f3n General, comparti\u00f3 su gratitud por su pa\u00eds natal. \u201cCrec\u00ed en Jordania, donde los cristianos son tratados con gran respeto\u201d, dijo Abdelnour. \u201cMi madre lleg\u00f3 a ser adventista hace varios a\u00f1os despu\u00e9s de su casamiento en Jordania. Yo segu\u00ed sus pasos, porque ella era una cristiana devota dedicada a ayudar a otras personas y a la humanidad\u201d, expres\u00f3.<\/p>\n<p>Wilson comparti\u00f3 detalles del ministerio de la iglesia en Jordania, que incluye una instituci\u00f3n educativa y una instituci\u00f3n de salud en forma de cl\u00ednica de la vista.<\/p>\n<p><div id=\"attachment_95235\" style=\"width: 787px\" class=\"wp-caption aligncenter\"><img decoding=\"async\" aria-describedby=\"caption-attachment-95235\" class=\" wp-image-95233\" src=\"https:\/\/interamerica.org\/wp-content\/uploads\/2023\/03\/797316-n-1024x812-1.jpg\" alt=\"\" width=\"777\" height=\"616\" srcset=\"https:\/\/interamerica.org\/wp-content\/uploads\/2023\/03\/797316-n-1024x812-1.jpg 1024w, https:\/\/interamerica.org\/wp-content\/uploads\/2023\/03\/797316-n-1024x812-1-300x238.jpg 300w, https:\/\/interamerica.org\/wp-content\/uploads\/2023\/03\/797316-n-1024x812-1-768x609.jpg 768w\" sizes=\"(max-width: 777px) 100vw, 777px\" \/><p id=\"caption-attachment-95235\" class=\"wp-caption-text\">La Embajadora Dina Kawar (izquierda) dialoga con el presidente de la Asociaci\u00f3n General Ted N. C. Wilson, durante su visita de cortes\u00eda a la sede de la iglesia el pasado 24 de febrero. [Fotograf\u00eda: Presidencia de la Asociaci\u00f3n General]<\/p><\/div>Seg\u00fan Bill Knott, director asociado del PARL, \u201cel treinta por ciento de la poblaci\u00f3n de Jordania est\u00e1 compuesta por refugiados de los conflictos en pa\u00edses vecinos\u201d. Por ello, m\u00e1s all\u00e1 de las discusiones sobre libertad religiosa, el grupo pudo compartir de qu\u00e9 manera la Iglesia Adventista de Jordania trabaja en las comunidades para satisfacer necesidades esenciales.<\/p>\n<p>\u201cLa breve pero sustantiva visita de la Embajadora Kawar a la sede de la iglesia fue un \u00fatil recordatorio de que las naciones y otros grupos religiosos nos comprenden mejor gracias a la ayuda pr\u00e1ctica que podemos brindarles en sus comunidades en la educaci\u00f3n, el desarrollo de la salud, y el apoyo a los grupos de personas que pasan por momentos dif\u00edciles\u201d, dijo Knott. \u201cHay enormes necesidades humanitarias que los adventistas podemos ayudar a satisfacer\u201d.<\/p>\n<p>Los l\u00edderes de la Iglesia Adventista que estuvieron presentes en la visita del 24 de febrero dedicaron tiempo a explicar a los representantes de Jordania las maneras pr\u00e1cticas en las que las iglesias locales satisfacen esas necesidades, y enfatizaron el deseo de la iglesia de continuar ayudando a la comunidad tanto f\u00edsica como mental, social y espiritualmente, as\u00ed como lo hizo Jes\u00fas.<\/p>\n<p><div id=\"attachment_95238\" style=\"width: 791px\" class=\"wp-caption aligncenter\"><img decoding=\"async\" aria-describedby=\"caption-attachment-95238\" class=\" wp-image-95236\" src=\"https:\/\/interamerica.org\/wp-content\/uploads\/2023\/03\/23803.jpg\" alt=\"\" width=\"781\" height=\"499\" srcset=\"https:\/\/interamerica.org\/wp-content\/uploads\/2023\/03\/23803.jpg 900w, https:\/\/interamerica.org\/wp-content\/uploads\/2023\/03\/23803-300x192.jpg 300w, https:\/\/interamerica.org\/wp-content\/uploads\/2023\/03\/23803-768x491.jpg 768w\" sizes=\"(max-width: 781px) 100vw, 781px\" \/><p id=\"caption-attachment-95238\" class=\"wp-caption-text\">La Escuela Nacional Adventista de Am\u00e1n ha estado operando por m\u00e1s de 75 a\u00f1os, y brinda una educaci\u00f3n de alta calidad a los estudiantes, desde el Jard\u00edn de Infantes hasta el duod\u00e9cimo grado. [Fotograf\u00eda: Presidencia de la Asociaci\u00f3n General]<\/p><\/div>Wilson comparti\u00f3 asimismo su aprecio por la cooperaci\u00f3n entre la iglesia y el gobierno jordano. \u201cEspero [que podamos mantener] una participaci\u00f3n continua en beneficio del pueblo de Jordania\u201d, dijo Wilson.<\/p>\n<p><strong>Los adventistas del s\u00e9ptimo d\u00eda en Jordania<\/strong><\/p>\n<p>El Reino Hachemita de Jordania es parte de la Regi\u00f3n Mediterr\u00e1nea Oriental en la Misi\u00f3n de Oriente Medio y Norte de \u00c1frica de la Iglesia Adventista. Esa regi\u00f3n abarca cuatro pa\u00edses, con seis iglesias y 611 miembros bautizados.<\/p>\n<p>Aunque hay solo un peque\u00f1o n\u00famero de congregaciones adventistas en las diversas regiones del pa\u00eds, sus programas comunitarios brindan apoyo a muchas personas de la comunidad.<\/p>\n<p>En Jordania, la Escuela Adventista Nacional de Am\u00e1n ha estado operando por m\u00e1s de 75 a\u00f1os. Es una instituci\u00f3n que brinda una educaci\u00f3n de alta calidad a los estudiantes desde el Jard\u00edn de Infantes hasta el duod\u00e9cimo grado. Hace poco, la escuela pas\u00f3 por una remodelaci\u00f3n significativa, que duplic\u00f3 el espacio disponible, permitiendo un mayor n\u00famero de matriculados y n\u00famero de programas despu\u00e9s de clases que apuntan a mejorar la salud.<\/p>\n<p>Adem\u00e1s de la escuela, la Iglesia Adventista de Jordania opera una cl\u00ednica para la vista que brinda atenci\u00f3n oftalmol\u00f3gica a los necesitados.<\/p>\n<p>La versi\u00f3n original de esta noticia fue publicada por la <a href=\"https:\/\/adventist.news\/news\">Red de Noticias Adventistas<\/a>.<\/p>\n<p>Traducci\u00f3n de Marcos Paseggi<\/p>\n","protected":false},"excerpt":{"rendered":"<p>La visita a la sede de la iglesia sirve para destacar la libertad religiosa en Jordania. 1 de marzo de 2023 | Silver Spring, Maryland, Estados Unidos | Alyssa Truman,&#8230;<\/p>\n","protected":false},"author":3,"featured_media":95229,"comment_status":"closed","ping_status":"closed","sticky":false,"template":"","format":"standard","meta":{"_acf_changed":false,"footnotes":""},"categories":[14,15],"tags":[],"class_list":["post-95242","post","type-post","status-publish","format-standard","has-post-thumbnail","hentry","category-de-la-iglesia-mundial","category-rss-espanol"],"acf":[],"yoast_head":"<!-- This site is optimized with the Yoast SEO plugin v27.3 - https:\/\/yoast.com\/product\/yoast-seo-wordpress\/ -->\n<title>L\u00edderes de la iglesia reciben a la embajadora de Jordania en los Estados Unidos - Iglesia Adventista del S\u00e9ptimo D\u00eda - Divisi\u00f3n Interamericana<\/title>\n<meta name=\"robots\" content=\"index, follow, max-snippet:-1, max-image-preview:large, max-video-preview:-1\" \/>\n<link rel=\"canonical\" href=\"https:\/\/interamerica.org\/es\/2023\/03\/lideres-de-la-iglesia-reciben-a-la-embajadora-de-jordania-en-los-estados-unidos\/\" \/>\n<meta property=\"og:locale\" content=\"es_ES\" \/>\n<meta property=\"og:type\" content=\"article\" \/>\n<meta property=\"og:title\" content=\"L\u00edderes de la iglesia reciben a la embajadora de Jordania en los Estados Unidos - Iglesia Adventista del S\u00e9ptimo D\u00eda - Divisi\u00f3n Interamericana\" \/>\n<meta property=\"og:description\" content=\"La visita a la sede de la iglesia sirve para destacar la libertad religiosa en Jordania. 1 de marzo de 2023 | Silver Spring, Maryland, Estados Unidos | Alyssa Truman,...\" \/>\n<meta property=\"og:url\" content=\"https:\/\/interamerica.org\/es\/2023\/03\/lideres-de-la-iglesia-reciben-a-la-embajadora-de-jordania-en-los-estados-unidos\/\" \/>\n<meta property=\"og:site_name\" content=\"Iglesia Adventista del S\u00e9ptimo D\u00eda - Divisi\u00f3n Interamericana\" \/>\n<meta property=\"article:published_time\" content=\"2023-03-01T16:07:38+00:00\" \/>\n<meta property=\"article:modified_time\" content=\"2023-03-01T19:13:03+00:00\" \/>\n<meta property=\"og:image\" content=\"https:\/\/interamerica.org\/wp-content\/uploads\/2023\/03\/rl-gc-1.jpeg\" \/>\n\t<meta property=\"og:image:width\" content=\"1280\" \/>\n\t<meta property=\"og:image:height\" content=\"892\" \/>\n\t<meta property=\"og:image:type\" content=\"image\/jpeg\" \/>\n<meta name=\"author\" content=\"libna\" \/>\n<meta name=\"twitter:card\" content=\"summary_large_image\" \/>\n<meta name=\"twitter:label1\" content=\"Escrito por\" \/>\n\t<meta name=\"twitter:data1\" content=\"libna\" \/>\n\t<meta name=\"twitter:label2\" content=\"Tiempo de lectura\" \/>\n\t<meta name=\"twitter:data2\" content=\"5 minutos\" \/>\n<script type=\"application\/ld+json\" class=\"yoast-schema-graph\">{\"@context\":\"https:\\\/\\\/schema.org\",\"@graph\":[{\"@type\":\"Article\",\"@id\":\"https:\\\/\\\/interamerica.org\\\/es\\\/2023\\\/03\\\/lideres-de-la-iglesia-reciben-a-la-embajadora-de-jordania-en-los-estados-unidos\\\/#article\",\"isPartOf\":{\"@id\":\"https:\\\/\\\/interamerica.org\\\/es\\\/2023\\\/03\\\/lideres-de-la-iglesia-reciben-a-la-embajadora-de-jordania-en-los-estados-unidos\\\/\"},\"author\":{\"name\":\"libna\",\"@id\":\"https:\\\/\\\/interamerica.org\\\/es\\\/#\\\/schema\\\/person\\\/29998f2bc2d8bd0d38662909289b54f1\"},\"headline\":\"L\u00edderes de la iglesia reciben a la embajadora de Jordania en los Estados Unidos\",\"datePublished\":\"2023-03-01T16:07:38+00:00\",\"dateModified\":\"2023-03-01T19:13:03+00:00\",\"mainEntityOfPage\":{\"@id\":\"https:\\\/\\\/interamerica.org\\\/es\\\/2023\\\/03\\\/lideres-de-la-iglesia-reciben-a-la-embajadora-de-jordania-en-los-estados-unidos\\\/\"},\"wordCount\":966,\"image\":{\"@id\":\"https:\\\/\\\/interamerica.org\\\/es\\\/2023\\\/03\\\/lideres-de-la-iglesia-reciben-a-la-embajadora-de-jordania-en-los-estados-unidos\\\/#primaryimage\"},\"thumbnailUrl\":\"https:\\\/\\\/interamerica.org\\\/wp-content\\\/uploads\\\/2023\\\/03\\\/rl-gc-1.jpeg\",\"articleSection\":[\"Desde la iglesia mundial\",\"RSS Espa\u00f1ol\"],\"inLanguage\":\"es\"},{\"@type\":\"WebPage\",\"@id\":\"https:\\\/\\\/interamerica.org\\\/es\\\/2023\\\/03\\\/lideres-de-la-iglesia-reciben-a-la-embajadora-de-jordania-en-los-estados-unidos\\\/\",\"url\":\"https:\\\/\\\/interamerica.org\\\/es\\\/2023\\\/03\\\/lideres-de-la-iglesia-reciben-a-la-embajadora-de-jordania-en-los-estados-unidos\\\/\",\"name\":\"L\u00edderes de la iglesia reciben a la embajadora de Jordania en los Estados Unidos - Iglesia Adventista del S\u00e9ptimo D\u00eda - Divisi\u00f3n Interamericana\",\"isPartOf\":{\"@id\":\"https:\\\/\\\/interamerica.org\\\/es\\\/#website\"},\"primaryImageOfPage\":{\"@id\":\"https:\\\/\\\/interamerica.org\\\/es\\\/2023\\\/03\\\/lideres-de-la-iglesia-reciben-a-la-embajadora-de-jordania-en-los-estados-unidos\\\/#primaryimage\"},\"image\":{\"@id\":\"https:\\\/\\\/interamerica.org\\\/es\\\/2023\\\/03\\\/lideres-de-la-iglesia-reciben-a-la-embajadora-de-jordania-en-los-estados-unidos\\\/#primaryimage\"},\"thumbnailUrl\":\"https:\\\/\\\/interamerica.org\\\/wp-content\\\/uploads\\\/2023\\\/03\\\/rl-gc-1.jpeg\",\"datePublished\":\"2023-03-01T16:07:38+00:00\",\"dateModified\":\"2023-03-01T19:13:03+00:00\",\"author\":{\"@id\":\"https:\\\/\\\/interamerica.org\\\/es\\\/#\\\/schema\\\/person\\\/29998f2bc2d8bd0d38662909289b54f1\"},\"breadcrumb\":{\"@id\":\"https:\\\/\\\/interamerica.org\\\/es\\\/2023\\\/03\\\/lideres-de-la-iglesia-reciben-a-la-embajadora-de-jordania-en-los-estados-unidos\\\/#breadcrumb\"},\"inLanguage\":\"es\",\"potentialAction\":[{\"@type\":\"ReadAction\",\"target\":[\"https:\\\/\\\/interamerica.org\\\/es\\\/2023\\\/03\\\/lideres-de-la-iglesia-reciben-a-la-embajadora-de-jordania-en-los-estados-unidos\\\/\"]}]},{\"@type\":\"ImageObject\",\"inLanguage\":\"es\",\"@id\":\"https:\\\/\\\/interamerica.org\\\/es\\\/2023\\\/03\\\/lideres-de-la-iglesia-reciben-a-la-embajadora-de-jordania-en-los-estados-unidos\\\/#primaryimage\",\"url\":\"https:\\\/\\\/interamerica.org\\\/wp-content\\\/uploads\\\/2023\\\/03\\\/rl-gc-1.jpeg\",\"contentUrl\":\"https:\\\/\\\/interamerica.org\\\/wp-content\\\/uploads\\\/2023\\\/03\\\/rl-gc-1.jpeg\",\"width\":1280,\"height\":892,\"caption\":\"Her Excellency Dina Kawar, Ambassador of the Hashemite Kingdom of Jordan (fourth from the left), visited the Seventh-day Adventist Church headquarters in Silver Spring, Maryland, United States, on February 24. [Photo: General Conference President\u2019s Office]\"},{\"@type\":\"BreadcrumbList\",\"@id\":\"https:\\\/\\\/interamerica.org\\\/es\\\/2023\\\/03\\\/lideres-de-la-iglesia-reciben-a-la-embajadora-de-jordania-en-los-estados-unidos\\\/#breadcrumb\",\"itemListElement\":[{\"@type\":\"ListItem\",\"position\":1,\"name\":\"Home\",\"item\":\"https:\\\/\\\/interamerica.org\\\/es\\\/\"},{\"@type\":\"ListItem\",\"position\":2,\"name\":\"L\u00edderes de la iglesia reciben a la embajadora de Jordania en los Estados Unidos\"}]},{\"@type\":\"WebSite\",\"@id\":\"https:\\\/\\\/interamerica.org\\\/es\\\/#website\",\"url\":\"https:\\\/\\\/interamerica.org\\\/es\\\/\",\"name\":\"Iglesia Adventista del S\u00e9ptimo D\u00eda - Divisi\u00f3n Interamericana\",\"description\":\"\",\"potentialAction\":[{\"@type\":\"SearchAction\",\"target\":{\"@type\":\"EntryPoint\",\"urlTemplate\":\"https:\\\/\\\/interamerica.org\\\/es\\\/?s={search_term_string}\"},\"query-input\":{\"@type\":\"PropertyValueSpecification\",\"valueRequired\":true,\"valueName\":\"search_term_string\"}}],\"inLanguage\":\"es\"},{\"@type\":\"Person\",\"@id\":\"https:\\\/\\\/interamerica.org\\\/es\\\/#\\\/schema\\\/person\\\/29998f2bc2d8bd0d38662909289b54f1\",\"name\":\"libna\",\"image\":{\"@type\":\"ImageObject\",\"inLanguage\":\"es\",\"@id\":\"https:\\\/\\\/secure.gravatar.com\\\/avatar\\\/7c5bd30ae4b47a9ba3c856590957fd1d96dc588bf3ac05719d247e126840331f?s=96&d=mm&r=g\",\"url\":\"https:\\\/\\\/secure.gravatar.com\\\/avatar\\\/7c5bd30ae4b47a9ba3c856590957fd1d96dc588bf3ac05719d247e126840331f?s=96&d=mm&r=g\",\"contentUrl\":\"https:\\\/\\\/secure.gravatar.com\\\/avatar\\\/7c5bd30ae4b47a9ba3c856590957fd1d96dc588bf3ac05719d247e126840331f?s=96&d=mm&r=g\",\"caption\":\"libna\"}}]}<\/script>\n<!-- \/ Yoast SEO plugin. -->","yoast_head_json":{"title":"L\u00edderes de la iglesia reciben a la embajadora de Jordania en los Estados Unidos - Iglesia Adventista del S\u00e9ptimo D\u00eda - Divisi\u00f3n Interamericana","robots":{"index":"index","follow":"follow","max-snippet":"max-snippet:-1","max-image-preview":"max-image-preview:large","max-video-preview":"max-video-preview:-1"},"canonical":"https:\/\/interamerica.org\/es\/2023\/03\/lideres-de-la-iglesia-reciben-a-la-embajadora-de-jordania-en-los-estados-unidos\/","og_locale":"es_ES","og_type":"article","og_title":"L\u00edderes de la iglesia reciben a la embajadora de Jordania en los Estados Unidos - Iglesia Adventista del S\u00e9ptimo D\u00eda - Divisi\u00f3n Interamericana","og_description":"La visita a la sede de la iglesia sirve para destacar la libertad religiosa en Jordania. 1 de marzo de 2023 | Silver Spring, Maryland, Estados Unidos | Alyssa Truman,...","og_url":"https:\/\/interamerica.org\/es\/2023\/03\/lideres-de-la-iglesia-reciben-a-la-embajadora-de-jordania-en-los-estados-unidos\/","og_site_name":"Iglesia Adventista del S\u00e9ptimo D\u00eda - Divisi\u00f3n Interamericana","article_published_time":"2023-03-01T16:07:38+00:00","article_modified_time":"2023-03-01T19:13:03+00:00","og_image":[{"width":1280,"height":892,"url":"https:\/\/interamerica.org\/wp-content\/uploads\/2023\/03\/rl-gc-1.jpeg","type":"image\/jpeg"}],"author":"libna","twitter_card":"summary_large_image","twitter_misc":{"Escrito por":"libna","Tiempo de lectura":"5 minutos"},"schema":{"@context":"https:\/\/schema.org","@graph":[{"@type":"Article","@id":"https:\/\/interamerica.org\/es\/2023\/03\/lideres-de-la-iglesia-reciben-a-la-embajadora-de-jordania-en-los-estados-unidos\/#article","isPartOf":{"@id":"https:\/\/interamerica.org\/es\/2023\/03\/lideres-de-la-iglesia-reciben-a-la-embajadora-de-jordania-en-los-estados-unidos\/"},"author":{"name":"libna","@id":"https:\/\/interamerica.org\/es\/#\/schema\/person\/29998f2bc2d8bd0d38662909289b54f1"},"headline":"L\u00edderes de la iglesia reciben a la embajadora de Jordania en los Estados Unidos","datePublished":"2023-03-01T16:07:38+00:00","dateModified":"2023-03-01T19:13:03+00:00","mainEntityOfPage":{"@id":"https:\/\/interamerica.org\/es\/2023\/03\/lideres-de-la-iglesia-reciben-a-la-embajadora-de-jordania-en-los-estados-unidos\/"},"wordCount":966,"image":{"@id":"https:\/\/interamerica.org\/es\/2023\/03\/lideres-de-la-iglesia-reciben-a-la-embajadora-de-jordania-en-los-estados-unidos\/#primaryimage"},"thumbnailUrl":"https:\/\/interamerica.org\/wp-content\/uploads\/2023\/03\/rl-gc-1.jpeg","articleSection":["Desde la iglesia mundial","RSS Espa\u00f1ol"],"inLanguage":"es"},{"@type":"WebPage","@id":"https:\/\/interamerica.org\/es\/2023\/03\/lideres-de-la-iglesia-reciben-a-la-embajadora-de-jordania-en-los-estados-unidos\/","url":"https:\/\/interamerica.org\/es\/2023\/03\/lideres-de-la-iglesia-reciben-a-la-embajadora-de-jordania-en-los-estados-unidos\/","name":"L\u00edderes de la iglesia reciben a la embajadora de Jordania en los Estados Unidos - Iglesia Adventista del S\u00e9ptimo D\u00eda - Divisi\u00f3n Interamericana","isPartOf":{"@id":"https:\/\/interamerica.org\/es\/#website"},"primaryImageOfPage":{"@id":"https:\/\/interamerica.org\/es\/2023\/03\/lideres-de-la-iglesia-reciben-a-la-embajadora-de-jordania-en-los-estados-unidos\/#primaryimage"},"image":{"@id":"https:\/\/interamerica.org\/es\/2023\/03\/lideres-de-la-iglesia-reciben-a-la-embajadora-de-jordania-en-los-estados-unidos\/#primaryimage"},"thumbnailUrl":"https:\/\/interamerica.org\/wp-content\/uploads\/2023\/03\/rl-gc-1.jpeg","datePublished":"2023-03-01T16:07:38+00:00","dateModified":"2023-03-01T19:13:03+00:00","author":{"@id":"https:\/\/interamerica.org\/es\/#\/schema\/person\/29998f2bc2d8bd0d38662909289b54f1"},"breadcrumb":{"@id":"https:\/\/interamerica.org\/es\/2023\/03\/lideres-de-la-iglesia-reciben-a-la-embajadora-de-jordania-en-los-estados-unidos\/#breadcrumb"},"inLanguage":"es","potentialAction":[{"@type":"ReadAction","target":["https:\/\/interamerica.org\/es\/2023\/03\/lideres-de-la-iglesia-reciben-a-la-embajadora-de-jordania-en-los-estados-unidos\/"]}]},{"@type":"ImageObject","inLanguage":"es","@id":"https:\/\/interamerica.org\/es\/2023\/03\/lideres-de-la-iglesia-reciben-a-la-embajadora-de-jordania-en-los-estados-unidos\/#primaryimage","url":"https:\/\/interamerica.org\/wp-content\/uploads\/2023\/03\/rl-gc-1.jpeg","contentUrl":"https:\/\/interamerica.org\/wp-content\/uploads\/2023\/03\/rl-gc-1.jpeg","width":1280,"height":892,"caption":"Her Excellency Dina Kawar, Ambassador of the Hashemite Kingdom of Jordan (fourth from the left), visited the Seventh-day Adventist Church headquarters in Silver Spring, Maryland, United States, on February 24. [Photo: General Conference President\u2019s Office]"},{"@type":"BreadcrumbList","@id":"https:\/\/interamerica.org\/es\/2023\/03\/lideres-de-la-iglesia-reciben-a-la-embajadora-de-jordania-en-los-estados-unidos\/#breadcrumb","itemListElement":[{"@type":"ListItem","position":1,"name":"Home","item":"https:\/\/interamerica.org\/es\/"},{"@type":"ListItem","position":2,"name":"L\u00edderes de la iglesia reciben a la embajadora de Jordania en los Estados Unidos"}]},{"@type":"WebSite","@id":"https:\/\/interamerica.org\/es\/#website","url":"https:\/\/interamerica.org\/es\/","name":"Iglesia Adventista del S\u00e9ptimo D\u00eda - Divisi\u00f3n Interamericana","description":"","potentialAction":[{"@type":"SearchAction","target":{"@type":"EntryPoint","urlTemplate":"https:\/\/interamerica.org\/es\/?s={search_term_string}"},"query-input":{"@type":"PropertyValueSpecification","valueRequired":true,"valueName":"search_term_string"}}],"inLanguage":"es"},{"@type":"Person","@id":"https:\/\/interamerica.org\/es\/#\/schema\/person\/29998f2bc2d8bd0d38662909289b54f1","name":"libna","image":{"@type":"ImageObject","inLanguage":"es","@id":"https:\/\/secure.gravatar.com\/avatar\/7c5bd30ae4b47a9ba3c856590957fd1d96dc588bf3ac05719d247e126840331f?s=96&d=mm&r=g","url":"https:\/\/secure.gravatar.com\/avatar\/7c5bd30ae4b47a9ba3c856590957fd1d96dc588bf3ac05719d247e126840331f?s=96&d=mm&r=g","contentUrl":"https:\/\/secure.gravatar.com\/avatar\/7c5bd30ae4b47a9ba3c856590957fd1d96dc588bf3ac05719d247e126840331f?s=96&d=mm&r=g","caption":"libna"}}]}},"_links":{"self":[{"href":"https:\/\/interamerica.org\/es\/wp-json\/wp\/v2\/posts\/95242","targetHints":{"allow":["GET"]}}],"collection":[{"href":"https:\/\/interamerica.org\/es\/wp-json\/wp\/v2\/posts"}],"about":[{"href":"https:\/\/interamerica.org\/es\/wp-json\/wp\/v2\/types\/post"}],"author":[{"embeddable":true,"href":"https:\/\/interamerica.org\/es\/wp-json\/wp\/v2\/users\/3"}],"replies":[{"embeddable":true,"href":"https:\/\/interamerica.org\/es\/wp-json\/wp\/v2\/comments?post=95242"}],"version-history":[{"count":0,"href":"https:\/\/interamerica.org\/es\/wp-json\/wp\/v2\/posts\/95242\/revisions"}],"wp:featuredmedia":[{"embeddable":true,"href":"https:\/\/interamerica.org\/es\/wp-json\/wp\/v2\/media\/95229"}],"wp:attachment":[{"href":"https:\/\/interamerica.org\/es\/wp-json\/wp\/v2\/media?parent=95242"}],"wp:term":[{"taxonomy":"category","embeddable":true,"href":"https:\/\/interamerica.org\/es\/wp-json\/wp\/v2\/categories?post=95242"},{"taxonomy":"post_tag","embeddable":true,"href":"https:\/\/interamerica.org\/es\/wp-json\/wp\/v2\/tags?post=95242"}],"curies":[{"name":"wp","href":"https:\/\/api.w.org\/{rel}","templated":true}]}}