{"id":95501,"date":"2023-03-04T16:00:41","date_gmt":"2023-03-04T21:00:41","guid":{"rendered":"https:\/\/interamerica.org\/?p=95501"},"modified":"2023-03-07T09:58:19","modified_gmt":"2023-03-07T14:58:19","slug":"helicoptero-misionero-adventista-esta-desaparecido-en-filipinas","status":"publish","type":"post","link":"https:\/\/interamerica.org\/es\/2023\/03\/helicoptero-misionero-adventista-esta-desaparecido-en-filipinas\/","title":{"rendered":"Helic\u00f3ptero misionero adventista est\u00e1 desaparecido en Filipinas"},"content":{"rendered":"<p><strong>Oraciones y apoyo contin\u00faan fluyendo mientras las operaciones de b\u00fasqueda y rescate siguen en marcha. <\/strong><\/p>\n<p>4 de marzo de 2023 | Edward Rodriguez, Divisi\u00f3n Asia Pac\u00edfico Sur y Adventist Review<\/p>\n<p>Un helic\u00f3ptero de servicios m\u00e9dicos de PAMAS (Servicios de aviaci\u00f3n m\u00e9dica adventistas de Filipinas) que llevaba consigo cinco personas, desapareci\u00f3 en ruta a un hospital en la provincia Palawan, inform\u00f3 la Autoridad de Aviaci\u00f3n Civil de Filipinas (CAAP) el 1 de marzo.<\/p>\n<p>El helic\u00f3ptero con registro n\u00famero N45VX, llevaba al capit\u00e1n Daniel Lui, un piloto voluntario estadounidense; Janelle Alder, una enfermera voluntaria estadounidense; un paciente y dos pasajeros de la Isla Mangsee, situada en la zona m\u00e1s hacia del suroeste de la municipalidad de Balabac.\u00a0Regresaban a Brooke\u2019s Point cuando el GPS (sistema de posicionamiento global) del helic\u00f3ptero dej\u00f3 de enviar se\u00f1ales aproximadamente a las 9:00 a.m.<\/p>\n<p><div id=\"attachment_95347\" style=\"width: 876px\" class=\"wp-caption aligncenter\"><img fetchpriority=\"high\" decoding=\"async\" aria-describedby=\"caption-attachment-95347\" class=\" wp-image-95345\" src=\"https:\/\/interamerica.org\/wp-content\/uploads\/2023\/03\/helicopter-phillippines-1024x683.jpeg\" alt=\"\" width=\"866\" height=\"578\" srcset=\"https:\/\/interamerica.org\/wp-content\/uploads\/2023\/03\/helicopter-phillippines-1024x683.jpeg 1024w, https:\/\/interamerica.org\/wp-content\/uploads\/2023\/03\/helicopter-phillippines-300x200.jpeg 300w, https:\/\/interamerica.org\/wp-content\/uploads\/2023\/03\/helicopter-phillippines-768x512.jpeg 768w, https:\/\/interamerica.org\/wp-content\/uploads\/2023\/03\/helicopter-phillippines.jpeg 1440w\" sizes=\"(max-width: 866px) 100vw, 866px\" \/><p id=\"caption-attachment-95347\" class=\"wp-caption-text\">El helic\u00f3ptero de Servicios de Aviaci\u00f3n M\u00e9dica Adventistas de Filipinas que desapareci\u00f3 sobre las aguas del mar Sul\u00fa el 1 de marzo mientras llevaba a una persona enferma al hospital de Palawan. [Imagen cortes\u00eda de la cuenta de Facebook de PAMAS]<\/p><\/div>Se han estado llevando a cabo esfuerzos de b\u00fasqueda y rescate desde mediod\u00eda del 1 de marzo. El personal de PAMAS inici\u00f3 una operaci\u00f3n de b\u00fasqueda en las zonas aleda\u00f1as al sitio desde donde se obtuvo el \u00faltimo dato actualizado del GPS y en zonas cercanas del mar Sul\u00fa. Agencias gubernamentales, incluyendo la Guardia Costera Filipina y la Marina Filipina, adem\u00e1s de otros amigos con aeroplanos, se han unido a seis pilotos PAMAS y otro personal en las operaciones de b\u00fasqueda tanto por aire como por tierra.<\/p>\n<p>La b\u00fasqueda a\u00e9rea del 2 de marzo revel\u00f3 un posible lugar en donde haya ca\u00eddo el helic\u00f3ptero, aproximadamente a unos 8 kil\u00f3metros de las coordinadas de la \u00faltima actualizaci\u00f3n del rastreo de GPS, seg\u00fan se hace evidente por rastros de aceite o combustible y algunos escombros. La Fuerza A\u00e9rea Filipina est\u00e1 enviando buzos para seguir explorando la zona. El d\u00eda de ayer algunas embarcaciones recuperaron algunos art\u00edculos que se cree fueron propiedad de los pasajeros.<\/p>\n<p><div id=\"attachment_95350\" style=\"width: 849px\" class=\"wp-caption aligncenter\"><img decoding=\"async\" aria-describedby=\"caption-attachment-95350\" class=\" wp-image-95348\" src=\"https:\/\/interamerica.org\/wp-content\/uploads\/2023\/03\/heli-phil-2.jpg\" alt=\"\" width=\"839\" height=\"559\" srcset=\"https:\/\/interamerica.org\/wp-content\/uploads\/2023\/03\/heli-phil-2.jpg 600w, https:\/\/interamerica.org\/wp-content\/uploads\/2023\/03\/heli-phil-2-300x200.jpg 300w\" sizes=\"(max-width: 839px) 100vw, 839px\" \/><p id=\"caption-attachment-95350\" class=\"wp-caption-text\">El hangar de Servicios de Aviaci\u00f3n M\u00e9dica Adventistas de Filipinas (PAMAS), en Palawan. Esta organizaci\u00f3n tiene su base en Valencia, Negros Oriental, Filipinas. [Imagen cortes\u00eda de la cuenta de Facebook de PAMAS]<\/p><\/div>En una publicaci\u00f3n en los medios sociales, PAMAS dio a conocer una declaraci\u00f3n oficial que expresa gratitud hacia cada uno de quienes han estado ayudando en la b\u00fasqueda. \u201cDeseamos expresar nuestra gratitud a Dios por sostener hasta aqu\u00ed al equipo; y a todos los que se han unido\u00a0 a nosotros en oraci\u00f3n ferviente, a los que han enviado mensajes de \u00e1nimo y a los que se han unido a nosotros en la b\u00fasqueda o nos han ayudado financieramente para obtener el combustible necesario para la b\u00fasqueda\u201d.<\/p>\n<p>Sean Knapp, el director de PAMAS Palawan, est\u00e1 procurando donaciones de combustible para las operaciones de b\u00fasqueda y rescate. En una declaraci\u00f3n, el director Knapp dijo: \u201cMuchos de ustedes han preguntado de qu\u00e9 manera pueden ayudar en nuestras operaciones de b\u00fasqueda y rescate de nuestro helic\u00f3ptero desaparecido. Cinco naves a\u00e9reas nos estar\u00e1n ayudando el d\u00eda de hoy [2 de marzo], y realmente necesitamos m\u00e1s combustible del que tenemos a mano.\u2026 Gracias a ustedes por sus oraciones. Dios est\u00e1 obrando ya de muchas maneras; pero el helic\u00f3ptero y las cinco personas a bordo contin\u00faan desaparecidas hasta este momento\u201d.<\/p>\n<p>Las comunidades adventistas de todo el mundo enviaron sus oraciones y palabras de aliento a trav\u00e9s de los medios sociales en apoyo a las operaciones que se llevan a cabo en torno al helic\u00f3ptero de PAMAS.<\/p>\n<p><div id=\"attachment_95395\" style=\"width: 853px\" class=\"wp-caption aligncenter\"><img decoding=\"async\" aria-describedby=\"caption-attachment-95395\" class=\" wp-image-95393\" src=\"https:\/\/interamerica.org\/wp-content\/uploads\/2023\/03\/97060-n.jpg\" alt=\"\" width=\"843\" height=\"632\" srcset=\"https:\/\/interamerica.org\/wp-content\/uploads\/2023\/03\/97060-n.jpg 1000w, https:\/\/interamerica.org\/wp-content\/uploads\/2023\/03\/97060-n-300x225.jpg 300w, https:\/\/interamerica.org\/wp-content\/uploads\/2023\/03\/97060-n-768x576.jpg 768w\" sizes=\"(max-width: 843px) 100vw, 843px\" \/><p id=\"caption-attachment-95395\" class=\"wp-caption-text\">Imagen de una previa operaci\u00f3n de servicio del helic\u00f3ptero de PAMAS que se encuentra desaparecido. [Imagen cortes\u00eda de la cuenta de Facebook de PAMAS]<\/p><\/div>Mientras contin\u00faan los esfuerzos de b\u00fasqueda y rescate hacia el final de la semana, el vocero de PAMAS solicit\u00f3 oraciones y el continuo apoyo por parte del p\u00fablico.<\/p>\n<p><strong>Acerca de PAMAS<\/strong><\/p>\n<p>La organizaci\u00f3n sin fines de lucro Servicios de Aviaci\u00f3n M\u00e9dica Adventistas de Filipinas, Inc. (PAMAS), registrada ante la Autoridad de Aviaci\u00f3n Civil de Filipinas, provee servicios de aviaci\u00f3n m\u00e9dica a grupos vulnerables de personas en zonas geogr\u00e1ficas aisladas y en desventaja. \u00a0PAMAS fue establecida en 2007 con la misi\u00f3n de ofrecer asistencia m\u00e9dica a personas que la necesitan, independientemente de su habilidad financiera, religi\u00f3n o etnicidad.<\/p>\n<p>PAMAS opera por fe a trav\u00e9s de donaciones y su personal est\u00e1 compuesto totalmente por voluntarios que comparten entre s\u00ed la misma pasi\u00f3n por ayudar a los dem\u00e1s. La organizaci\u00f3n es \u00fanica en varias formas, incluyendo la disponibilidad de servicios a personas de todas las clases sociales, independientemente de sus capacidades financieras.<\/p>\n<p><div id=\"attachment_95392\" style=\"width: 858px\" class=\"wp-caption aligncenter\"><img loading=\"lazy\" decoding=\"async\" aria-describedby=\"caption-attachment-95392\" class=\" wp-image-95390\" src=\"https:\/\/interamerica.org\/wp-content\/uploads\/2023\/03\/10968-n-1024x768-1.jpg\" alt=\"\" width=\"848\" height=\"636\" srcset=\"https:\/\/interamerica.org\/wp-content\/uploads\/2023\/03\/10968-n-1024x768-1.jpg 1024w, https:\/\/interamerica.org\/wp-content\/uploads\/2023\/03\/10968-n-1024x768-1-300x225.jpg 300w, https:\/\/interamerica.org\/wp-content\/uploads\/2023\/03\/10968-n-1024x768-1-768x576.jpg 768w\" sizes=\"(max-width: 848px) 100vw, 848px\" \/><p id=\"caption-attachment-95392\" class=\"wp-caption-text\">Tanques de combustible donados por personas que apoyan a PAMAS en las operaciones de b\u00fasqueda y rescate del helic\u00f3ptero desaparecido el 1 de marzo. [Imagen cortes\u00eda de la cuenta de Facebook de PAMAS]<\/p><\/div>La organizaci\u00f3n provee una variedad de servicios, incluyendo evacuaciones m\u00e9dicas, servicios m\u00e9dicos y dentales, escuelas de alfabetizaci\u00f3n en las monta\u00f1as. Adem\u00e1s, PAMAS ofrece ayuda durante crisis y desastres naturales, llevando suministros asistenciales, equipos m\u00e9dicos y otros recursos a las zonas afectadas.<\/p>\n<p>PAMAS se dedica a mejorar el acceso a la atenci\u00f3n m\u00e9dica de aquellas personas que m\u00e1s lo necesitan, independientemente de sus circunstancias.<\/p>\n<p>La <a href=\"https:\/\/adventist.asia\/news\/in-the-philippines-prayers-and-support-pour-out-as-adventist-medical-helicopter-goes-missing-search-and-rescue-operations\/\">versi\u00f3n original<\/a> de esta noticia se public\u00f3 en <a href=\"https:\/\/adventist.asia\/news\/\">news s<\/a> de la Divisi\u00f3n Asia Pac\u00edfico del Sur.<\/p>\n<p>Traducci\u00f3n \u2013 Gloria A. Castrej\u00f3n<\/p>\n<p>&nbsp;<\/p>\n","protected":false},"excerpt":{"rendered":"<p>Oraciones y apoyo contin\u00faan fluyendo mientras las operaciones de b\u00fasqueda y rescate siguen en marcha. 4 de marzo de 2023 | Edward Rodriguez, Divisi\u00f3n Asia Pac\u00edfico Sur y Adventist Review&#8230;<\/p>\n","protected":false},"author":3,"featured_media":95347,"comment_status":"closed","ping_status":"closed","sticky":false,"template":"","format":"standard","meta":{"_acf_changed":false,"footnotes":""},"categories":[14,15],"tags":[],"class_list":["post-95501","post","type-post","status-publish","format-standard","has-post-thumbnail","hentry","category-de-la-iglesia-mundial","category-rss-espanol"],"acf":[],"yoast_head":"<!-- This site is optimized with the Yoast SEO plugin v27.3 - https:\/\/yoast.com\/product\/yoast-seo-wordpress\/ -->\n<title>Helic\u00f3ptero misionero adventista est\u00e1 desaparecido en Filipinas - Iglesia Adventista del S\u00e9ptimo D\u00eda - Divisi\u00f3n Interamericana<\/title>\n<meta name=\"robots\" content=\"index, follow, max-snippet:-1, max-image-preview:large, max-video-preview:-1\" \/>\n<link rel=\"canonical\" href=\"https:\/\/interamerica.org\/es\/2023\/03\/helicoptero-misionero-adventista-esta-desaparecido-en-filipinas\/\" \/>\n<meta property=\"og:locale\" content=\"es_ES\" \/>\n<meta property=\"og:type\" content=\"article\" \/>\n<meta property=\"og:title\" content=\"Helic\u00f3ptero misionero adventista est\u00e1 desaparecido en Filipinas - Iglesia Adventista del S\u00e9ptimo D\u00eda - Divisi\u00f3n Interamericana\" \/>\n<meta property=\"og:description\" content=\"Oraciones y apoyo contin\u00faan fluyendo mientras las operaciones de b\u00fasqueda y rescate siguen en marcha. 4 de marzo de 2023 | Edward Rodriguez, Divisi\u00f3n Asia Pac\u00edfico Sur y Adventist Review...\" \/>\n<meta property=\"og:url\" content=\"https:\/\/interamerica.org\/es\/2023\/03\/helicoptero-misionero-adventista-esta-desaparecido-en-filipinas\/\" \/>\n<meta property=\"og:site_name\" content=\"Iglesia Adventista del S\u00e9ptimo D\u00eda - Divisi\u00f3n Interamericana\" \/>\n<meta property=\"article:published_time\" content=\"2023-03-04T21:00:41+00:00\" \/>\n<meta property=\"article:modified_time\" content=\"2023-03-07T14:58:19+00:00\" \/>\n<meta property=\"og:image\" content=\"https:\/\/interamerica.org\/wp-content\/uploads\/2023\/03\/helicopter-phillippines.jpeg\" \/>\n\t<meta property=\"og:image:width\" content=\"1440\" \/>\n\t<meta property=\"og:image:height\" content=\"960\" \/>\n\t<meta property=\"og:image:type\" content=\"image\/jpeg\" \/>\n<meta name=\"author\" content=\"libna\" \/>\n<meta name=\"twitter:card\" content=\"summary_large_image\" \/>\n<meta name=\"twitter:label1\" content=\"Escrito por\" \/>\n\t<meta name=\"twitter:data1\" content=\"libna\" \/>\n\t<meta name=\"twitter:label2\" content=\"Tiempo de lectura\" \/>\n\t<meta name=\"twitter:data2\" content=\"5 minutos\" \/>\n<script type=\"application\/ld+json\" class=\"yoast-schema-graph\">{\"@context\":\"https:\\\/\\\/schema.org\",\"@graph\":[{\"@type\":\"Article\",\"@id\":\"https:\\\/\\\/interamerica.org\\\/es\\\/2023\\\/03\\\/helicoptero-misionero-adventista-esta-desaparecido-en-filipinas\\\/#article\",\"isPartOf\":{\"@id\":\"https:\\\/\\\/interamerica.org\\\/es\\\/2023\\\/03\\\/helicoptero-misionero-adventista-esta-desaparecido-en-filipinas\\\/\"},\"author\":{\"name\":\"libna\",\"@id\":\"https:\\\/\\\/interamerica.org\\\/es\\\/#\\\/schema\\\/person\\\/29998f2bc2d8bd0d38662909289b54f1\"},\"headline\":\"Helic\u00f3ptero misionero adventista est\u00e1 desaparecido en Filipinas\",\"datePublished\":\"2023-03-04T21:00:41+00:00\",\"dateModified\":\"2023-03-07T14:58:19+00:00\",\"mainEntityOfPage\":{\"@id\":\"https:\\\/\\\/interamerica.org\\\/es\\\/2023\\\/03\\\/helicoptero-misionero-adventista-esta-desaparecido-en-filipinas\\\/\"},\"wordCount\":1006,\"image\":{\"@id\":\"https:\\\/\\\/interamerica.org\\\/es\\\/2023\\\/03\\\/helicoptero-misionero-adventista-esta-desaparecido-en-filipinas\\\/#primaryimage\"},\"thumbnailUrl\":\"https:\\\/\\\/interamerica.org\\\/wp-content\\\/uploads\\\/2023\\\/03\\\/helicopter-phillippines.jpeg\",\"articleSection\":[\"Desde la iglesia mundial\",\"RSS Espa\u00f1ol\"],\"inLanguage\":\"es\"},{\"@type\":\"WebPage\",\"@id\":\"https:\\\/\\\/interamerica.org\\\/es\\\/2023\\\/03\\\/helicoptero-misionero-adventista-esta-desaparecido-en-filipinas\\\/\",\"url\":\"https:\\\/\\\/interamerica.org\\\/es\\\/2023\\\/03\\\/helicoptero-misionero-adventista-esta-desaparecido-en-filipinas\\\/\",\"name\":\"Helic\u00f3ptero misionero adventista est\u00e1 desaparecido en Filipinas - Iglesia Adventista del S\u00e9ptimo D\u00eda - Divisi\u00f3n Interamericana\",\"isPartOf\":{\"@id\":\"https:\\\/\\\/interamerica.org\\\/es\\\/#website\"},\"primaryImageOfPage\":{\"@id\":\"https:\\\/\\\/interamerica.org\\\/es\\\/2023\\\/03\\\/helicoptero-misionero-adventista-esta-desaparecido-en-filipinas\\\/#primaryimage\"},\"image\":{\"@id\":\"https:\\\/\\\/interamerica.org\\\/es\\\/2023\\\/03\\\/helicoptero-misionero-adventista-esta-desaparecido-en-filipinas\\\/#primaryimage\"},\"thumbnailUrl\":\"https:\\\/\\\/interamerica.org\\\/wp-content\\\/uploads\\\/2023\\\/03\\\/helicopter-phillippines.jpeg\",\"datePublished\":\"2023-03-04T21:00:41+00:00\",\"dateModified\":\"2023-03-07T14:58:19+00:00\",\"author\":{\"@id\":\"https:\\\/\\\/interamerica.org\\\/es\\\/#\\\/schema\\\/person\\\/29998f2bc2d8bd0d38662909289b54f1\"},\"breadcrumb\":{\"@id\":\"https:\\\/\\\/interamerica.org\\\/es\\\/2023\\\/03\\\/helicoptero-misionero-adventista-esta-desaparecido-en-filipinas\\\/#breadcrumb\"},\"inLanguage\":\"es\",\"potentialAction\":[{\"@type\":\"ReadAction\",\"target\":[\"https:\\\/\\\/interamerica.org\\\/es\\\/2023\\\/03\\\/helicoptero-misionero-adventista-esta-desaparecido-en-filipinas\\\/\"]}]},{\"@type\":\"ImageObject\",\"inLanguage\":\"es\",\"@id\":\"https:\\\/\\\/interamerica.org\\\/es\\\/2023\\\/03\\\/helicoptero-misionero-adventista-esta-desaparecido-en-filipinas\\\/#primaryimage\",\"url\":\"https:\\\/\\\/interamerica.org\\\/wp-content\\\/uploads\\\/2023\\\/03\\\/helicopter-phillippines.jpeg\",\"contentUrl\":\"https:\\\/\\\/interamerica.org\\\/wp-content\\\/uploads\\\/2023\\\/03\\\/helicopter-phillippines.jpeg\",\"width\":1440,\"height\":960,\"caption\":\"The Philippine Adventist Medical Aviation Services helicopter that went missing over the Sulu Sea on March 1 as it carried a sick person to a hospital in Palawan. [Photo: courtesy of the PAMAS Facebook account]\"},{\"@type\":\"BreadcrumbList\",\"@id\":\"https:\\\/\\\/interamerica.org\\\/es\\\/2023\\\/03\\\/helicoptero-misionero-adventista-esta-desaparecido-en-filipinas\\\/#breadcrumb\",\"itemListElement\":[{\"@type\":\"ListItem\",\"position\":1,\"name\":\"Home\",\"item\":\"https:\\\/\\\/interamerica.org\\\/es\\\/\"},{\"@type\":\"ListItem\",\"position\":2,\"name\":\"Helic\u00f3ptero misionero adventista est\u00e1 desaparecido en Filipinas\"}]},{\"@type\":\"WebSite\",\"@id\":\"https:\\\/\\\/interamerica.org\\\/es\\\/#website\",\"url\":\"https:\\\/\\\/interamerica.org\\\/es\\\/\",\"name\":\"Iglesia Adventista del S\u00e9ptimo D\u00eda - Divisi\u00f3n Interamericana\",\"description\":\"\",\"potentialAction\":[{\"@type\":\"SearchAction\",\"target\":{\"@type\":\"EntryPoint\",\"urlTemplate\":\"https:\\\/\\\/interamerica.org\\\/es\\\/?s={search_term_string}\"},\"query-input\":{\"@type\":\"PropertyValueSpecification\",\"valueRequired\":true,\"valueName\":\"search_term_string\"}}],\"inLanguage\":\"es\"},{\"@type\":\"Person\",\"@id\":\"https:\\\/\\\/interamerica.org\\\/es\\\/#\\\/schema\\\/person\\\/29998f2bc2d8bd0d38662909289b54f1\",\"name\":\"libna\",\"image\":{\"@type\":\"ImageObject\",\"inLanguage\":\"es\",\"@id\":\"https:\\\/\\\/secure.gravatar.com\\\/avatar\\\/7c5bd30ae4b47a9ba3c856590957fd1d96dc588bf3ac05719d247e126840331f?s=96&d=mm&r=g\",\"url\":\"https:\\\/\\\/secure.gravatar.com\\\/avatar\\\/7c5bd30ae4b47a9ba3c856590957fd1d96dc588bf3ac05719d247e126840331f?s=96&d=mm&r=g\",\"contentUrl\":\"https:\\\/\\\/secure.gravatar.com\\\/avatar\\\/7c5bd30ae4b47a9ba3c856590957fd1d96dc588bf3ac05719d247e126840331f?s=96&d=mm&r=g\",\"caption\":\"libna\"}}]}<\/script>\n<!-- \/ Yoast SEO plugin. -->","yoast_head_json":{"title":"Helic\u00f3ptero misionero adventista est\u00e1 desaparecido en Filipinas - Iglesia Adventista del S\u00e9ptimo D\u00eda - Divisi\u00f3n Interamericana","robots":{"index":"index","follow":"follow","max-snippet":"max-snippet:-1","max-image-preview":"max-image-preview:large","max-video-preview":"max-video-preview:-1"},"canonical":"https:\/\/interamerica.org\/es\/2023\/03\/helicoptero-misionero-adventista-esta-desaparecido-en-filipinas\/","og_locale":"es_ES","og_type":"article","og_title":"Helic\u00f3ptero misionero adventista est\u00e1 desaparecido en Filipinas - Iglesia Adventista del S\u00e9ptimo D\u00eda - Divisi\u00f3n Interamericana","og_description":"Oraciones y apoyo contin\u00faan fluyendo mientras las operaciones de b\u00fasqueda y rescate siguen en marcha. 4 de marzo de 2023 | Edward Rodriguez, Divisi\u00f3n Asia Pac\u00edfico Sur y Adventist Review...","og_url":"https:\/\/interamerica.org\/es\/2023\/03\/helicoptero-misionero-adventista-esta-desaparecido-en-filipinas\/","og_site_name":"Iglesia Adventista del S\u00e9ptimo D\u00eda - Divisi\u00f3n Interamericana","article_published_time":"2023-03-04T21:00:41+00:00","article_modified_time":"2023-03-07T14:58:19+00:00","og_image":[{"width":1440,"height":960,"url":"https:\/\/interamerica.org\/wp-content\/uploads\/2023\/03\/helicopter-phillippines.jpeg","type":"image\/jpeg"}],"author":"libna","twitter_card":"summary_large_image","twitter_misc":{"Escrito por":"libna","Tiempo de lectura":"5 minutos"},"schema":{"@context":"https:\/\/schema.org","@graph":[{"@type":"Article","@id":"https:\/\/interamerica.org\/es\/2023\/03\/helicoptero-misionero-adventista-esta-desaparecido-en-filipinas\/#article","isPartOf":{"@id":"https:\/\/interamerica.org\/es\/2023\/03\/helicoptero-misionero-adventista-esta-desaparecido-en-filipinas\/"},"author":{"name":"libna","@id":"https:\/\/interamerica.org\/es\/#\/schema\/person\/29998f2bc2d8bd0d38662909289b54f1"},"headline":"Helic\u00f3ptero misionero adventista est\u00e1 desaparecido en Filipinas","datePublished":"2023-03-04T21:00:41+00:00","dateModified":"2023-03-07T14:58:19+00:00","mainEntityOfPage":{"@id":"https:\/\/interamerica.org\/es\/2023\/03\/helicoptero-misionero-adventista-esta-desaparecido-en-filipinas\/"},"wordCount":1006,"image":{"@id":"https:\/\/interamerica.org\/es\/2023\/03\/helicoptero-misionero-adventista-esta-desaparecido-en-filipinas\/#primaryimage"},"thumbnailUrl":"https:\/\/interamerica.org\/wp-content\/uploads\/2023\/03\/helicopter-phillippines.jpeg","articleSection":["Desde la iglesia mundial","RSS Espa\u00f1ol"],"inLanguage":"es"},{"@type":"WebPage","@id":"https:\/\/interamerica.org\/es\/2023\/03\/helicoptero-misionero-adventista-esta-desaparecido-en-filipinas\/","url":"https:\/\/interamerica.org\/es\/2023\/03\/helicoptero-misionero-adventista-esta-desaparecido-en-filipinas\/","name":"Helic\u00f3ptero misionero adventista est\u00e1 desaparecido en Filipinas - Iglesia Adventista del S\u00e9ptimo D\u00eda - Divisi\u00f3n Interamericana","isPartOf":{"@id":"https:\/\/interamerica.org\/es\/#website"},"primaryImageOfPage":{"@id":"https:\/\/interamerica.org\/es\/2023\/03\/helicoptero-misionero-adventista-esta-desaparecido-en-filipinas\/#primaryimage"},"image":{"@id":"https:\/\/interamerica.org\/es\/2023\/03\/helicoptero-misionero-adventista-esta-desaparecido-en-filipinas\/#primaryimage"},"thumbnailUrl":"https:\/\/interamerica.org\/wp-content\/uploads\/2023\/03\/helicopter-phillippines.jpeg","datePublished":"2023-03-04T21:00:41+00:00","dateModified":"2023-03-07T14:58:19+00:00","author":{"@id":"https:\/\/interamerica.org\/es\/#\/schema\/person\/29998f2bc2d8bd0d38662909289b54f1"},"breadcrumb":{"@id":"https:\/\/interamerica.org\/es\/2023\/03\/helicoptero-misionero-adventista-esta-desaparecido-en-filipinas\/#breadcrumb"},"inLanguage":"es","potentialAction":[{"@type":"ReadAction","target":["https:\/\/interamerica.org\/es\/2023\/03\/helicoptero-misionero-adventista-esta-desaparecido-en-filipinas\/"]}]},{"@type":"ImageObject","inLanguage":"es","@id":"https:\/\/interamerica.org\/es\/2023\/03\/helicoptero-misionero-adventista-esta-desaparecido-en-filipinas\/#primaryimage","url":"https:\/\/interamerica.org\/wp-content\/uploads\/2023\/03\/helicopter-phillippines.jpeg","contentUrl":"https:\/\/interamerica.org\/wp-content\/uploads\/2023\/03\/helicopter-phillippines.jpeg","width":1440,"height":960,"caption":"The Philippine Adventist Medical Aviation Services helicopter that went missing over the Sulu Sea on March 1 as it carried a sick person to a hospital in Palawan. [Photo: courtesy of the PAMAS Facebook account]"},{"@type":"BreadcrumbList","@id":"https:\/\/interamerica.org\/es\/2023\/03\/helicoptero-misionero-adventista-esta-desaparecido-en-filipinas\/#breadcrumb","itemListElement":[{"@type":"ListItem","position":1,"name":"Home","item":"https:\/\/interamerica.org\/es\/"},{"@type":"ListItem","position":2,"name":"Helic\u00f3ptero misionero adventista est\u00e1 desaparecido en Filipinas"}]},{"@type":"WebSite","@id":"https:\/\/interamerica.org\/es\/#website","url":"https:\/\/interamerica.org\/es\/","name":"Iglesia Adventista del S\u00e9ptimo D\u00eda - Divisi\u00f3n Interamericana","description":"","potentialAction":[{"@type":"SearchAction","target":{"@type":"EntryPoint","urlTemplate":"https:\/\/interamerica.org\/es\/?s={search_term_string}"},"query-input":{"@type":"PropertyValueSpecification","valueRequired":true,"valueName":"search_term_string"}}],"inLanguage":"es"},{"@type":"Person","@id":"https:\/\/interamerica.org\/es\/#\/schema\/person\/29998f2bc2d8bd0d38662909289b54f1","name":"libna","image":{"@type":"ImageObject","inLanguage":"es","@id":"https:\/\/secure.gravatar.com\/avatar\/7c5bd30ae4b47a9ba3c856590957fd1d96dc588bf3ac05719d247e126840331f?s=96&d=mm&r=g","url":"https:\/\/secure.gravatar.com\/avatar\/7c5bd30ae4b47a9ba3c856590957fd1d96dc588bf3ac05719d247e126840331f?s=96&d=mm&r=g","contentUrl":"https:\/\/secure.gravatar.com\/avatar\/7c5bd30ae4b47a9ba3c856590957fd1d96dc588bf3ac05719d247e126840331f?s=96&d=mm&r=g","caption":"libna"}}]}},"_links":{"self":[{"href":"https:\/\/interamerica.org\/es\/wp-json\/wp\/v2\/posts\/95501","targetHints":{"allow":["GET"]}}],"collection":[{"href":"https:\/\/interamerica.org\/es\/wp-json\/wp\/v2\/posts"}],"about":[{"href":"https:\/\/interamerica.org\/es\/wp-json\/wp\/v2\/types\/post"}],"author":[{"embeddable":true,"href":"https:\/\/interamerica.org\/es\/wp-json\/wp\/v2\/users\/3"}],"replies":[{"embeddable":true,"href":"https:\/\/interamerica.org\/es\/wp-json\/wp\/v2\/comments?post=95501"}],"version-history":[{"count":0,"href":"https:\/\/interamerica.org\/es\/wp-json\/wp\/v2\/posts\/95501\/revisions"}],"wp:featuredmedia":[{"embeddable":true,"href":"https:\/\/interamerica.org\/es\/wp-json\/wp\/v2\/media\/95347"}],"wp:attachment":[{"href":"https:\/\/interamerica.org\/es\/wp-json\/wp\/v2\/media?parent=95501"}],"wp:term":[{"taxonomy":"category","embeddable":true,"href":"https:\/\/interamerica.org\/es\/wp-json\/wp\/v2\/categories?post=95501"},{"taxonomy":"post_tag","embeddable":true,"href":"https:\/\/interamerica.org\/es\/wp-json\/wp\/v2\/tags?post=95501"}],"curies":[{"name":"wp","href":"https:\/\/api.w.org\/{rel}","templated":true}]}}