{"id":96284,"date":"2023-03-22T10:22:19","date_gmt":"2023-03-22T14:22:19","guid":{"rendered":"https:\/\/interamerica.org\/?p=96284"},"modified":"2023-03-22T12:59:21","modified_gmt":"2023-03-22T16:59:21","slug":"profesionales-adventistas-de-salud-en-la-republica-dominicana-responden-al-llamado-levantate-y-resplandece","status":"publish","type":"post","link":"https:\/\/interamerica.org\/es\/2023\/03\/profesionales-adventistas-de-salud-en-la-republica-dominicana-responden-al-llamado-levantate-y-resplandece\/","title":{"rendered":"Profesionales adventistas de salud en la Rep\u00fablica Dominicana responden al llamado: \u201cLev\u00e1ntate y resplandece\u201d"},"content":{"rendered":"<p>22 de marzo de 2023 | Playa Najayo, Rep\u00fablica Dominicana | Wilfredo Ruiz y Noticias de la Divisi\u00f3n Interamericana<\/p>\n<p>Bajo el lema \u201cLev\u00e1ntate y resplandece\u201d, la Asociaci\u00f3n Dominicana de Profesionales Adventistas de Salud (ADOPAS) llev\u00f3 a cabo su novena conferencia bianual en Playa Najayo, del 27-29 de enero de 2023. El evento se enfoc\u00f3 en los principios adventistas de salud, conocidos como el mensaje de la reforma prosalud, dijeron los organizadores.<\/p>\n<p>M\u00e1s de cien m\u00e9dicos, bioanalistas, enfermeras, psic\u00f3logos, fisioterapeutas, farmac\u00f3logos, nutricionistas y otros profesionales de salud establecieron conexiones, disfrutaron de diversas experiencias de aprendizaje, participaron de reflexiones espirituales e impactaron la comunidad.<\/p>\n<p><div id=\"attachment_96278\" style=\"width: 924px\" class=\"wp-caption aligncenter\"><img fetchpriority=\"high\" decoding=\"async\" aria-describedby=\"caption-attachment-96278\" class=\"wp-image-96276 \" src=\"https:\/\/interamerica.org\/wp-content\/uploads\/2023\/03\/adopas-grou-1024x640.jpg\" alt=\"\" width=\"914\" height=\"571\" srcset=\"https:\/\/interamerica.org\/wp-content\/uploads\/2023\/03\/adopas-grou-1024x640.jpg 1024w, https:\/\/interamerica.org\/wp-content\/uploads\/2023\/03\/adopas-grou-300x188.jpg 300w, https:\/\/interamerica.org\/wp-content\/uploads\/2023\/03\/adopas-grou-768x480.jpg 768w, https:\/\/interamerica.org\/wp-content\/uploads\/2023\/03\/adopas-grou.jpg 1280w\" sizes=\"(max-width: 914px) 100vw, 914px\" \/><p id=\"caption-attachment-96278\" class=\"wp-caption-text\">Profesionales de salud de toda la Uni\u00f3n Dominicana se reunieron para su conferencia bianual en Plaza Najayo, Rep\u00fablica Dominicana, del 27-29 de enero de 2023. [Fotograf\u00eda: Asociaci\u00f3n Dominicana del Norte]<\/p><\/div>El evento incluy\u00f3 presentaciones tem\u00e1ticas especializadas a cargo del doctor Frank G\u00e9neus, director de ministerios de salud de la Divisi\u00f3n Interamericana; Faustino de los Santos, director de ministerios de salud de la Uni\u00f3n Mexicana de Chiapas; y Roel Cea, director de ministerios de salud de la Uni\u00f3n Mexicana del Norte y la Universidad de Montemorelos. En sus presentaciones, compartieron herramientas cognitivas y tecnol\u00f3gicas con los participantes. Pueden ser utilizadas para una atenci\u00f3n integral de la salud de cada persona, y de la salud de la familia, la iglesia, y la comunidad, fomentando redes internacionales de trabajo conjunto e investigaci\u00f3n que tiene la Iglesia Adventista para sus profesionales de salud.<\/p>\n<p>El pastor Paulino Puello, presidente de la Uni\u00f3n Dominicana, anim\u00f3 a los profesionales adventistas de salud para que profundicen su relaci\u00f3n personal con Dios para atender sus necesidades personales. \u201cDe esa manera, podr\u00edan estar en un estado \u00f3ptimo y dar lo mejor de s\u00ed para tambi\u00e9n ayudar a los que llegan buscando servicios de salud en los lugares donde les toca servir\u201d, dijo Puello.<\/p>\n<p>El evento de tres d\u00edas concluy\u00f3 con palabras de aliento a cargo de la doctora Maricela Ram\u00edrez, directora de ministerios de salud de la Iglesia Adventista en la isla. Ram\u00edrez desafi\u00f3 a los profesionales adventistas de salud para que cumplir la misi\u00f3n de sanar y salvar. \u201cAsuman el compromiso con Dios de ser una luz en medio de las tinieblas de la enfermedad\u201d.<\/p>\n<p><div id=\"attachment_96272\" style=\"width: 889px\" class=\"wp-caption aligncenter\"><img decoding=\"async\" aria-describedby=\"caption-attachment-96272\" class=\" wp-image-96270\" src=\"https:\/\/interamerica.org\/wp-content\/uploads\/2023\/03\/adopas-roel-cea.jpg\" alt=\"\" width=\"879\" height=\"659\" srcset=\"https:\/\/interamerica.org\/wp-content\/uploads\/2023\/03\/adopas-roel-cea.jpg 1024w, https:\/\/interamerica.org\/wp-content\/uploads\/2023\/03\/adopas-roel-cea-300x225.jpg 300w, https:\/\/interamerica.org\/wp-content\/uploads\/2023\/03\/adopas-roel-cea-768x576.jpg 768w\" sizes=\"(max-width: 879px) 100vw, 879px\" \/><p id=\"caption-attachment-96272\" class=\"wp-caption-text\">El doctor Roel Cea, director de ministerios de salud de la Uni\u00f3n Mexicana del Norte y la Universidad de Montemorelos, habla a decenas de profesionales de salud durante la conferencia, del 27-29 de enero de 2023. [Fotograf\u00eda: Asociaci\u00f3n Dominicana del Norte]<\/p><\/div><strong>La voz de los asistentes<\/strong><\/p>\n<p>Varios asistentes al Congreso de la ADOPA destacaron las bendiciones espirituales que sienten haber recibido al participar en el evento de este a\u00f1o.<\/p>\n<p>\u201cCreo que este evento result\u00f3 ser una gran bendici\u00f3n, porque los l\u00edderes destacaron lo obra maravillosa que somos llamados a cumplir como profesionales adventistas de la salud, y el gran campo en el que podemos servir\u201d, dijo Marleny Tavarez. \u201cCuando estamos dispuestos a que Cristo brille mediante nuestro servicio en el \u00e1rea de salud, el Esp\u00edritu Santo tocar\u00e1 muchas almas\u201d, expres\u00f3.<\/p>\n<p>Para Raysa Feliz, el Congreso de la ADOPA fue una experiencia de enriquecimiento espiritual. \u201cSe nos mostr\u00f3 qu\u00e9 enfoque deber\u00edamos tener como profesionales de salud que sirven a Dios\u201d, expres\u00f3. \u201cSe nos record\u00f3 que no estamos solos en esta obra, porque Dios cuenta con obreros en toda Interam\u00e9rica y el mundo que est\u00e1n dedicados a preservar la salud de cada uno, y a sanar y salvar. Aun Dios mismo est\u00e1 interesado en que seamos sanos y salvos\u201d, a\u00f1adi\u00f3 Feliz.<\/p>\n<p><strong>La evaluaci\u00f3n de parte de un l\u00edder<\/strong><\/p>\n<p>Al evaluar el impacto del evento, el doctor G\u00e9neus dijo que este llev\u00f3 a que los profesionales adventistas de salud renueven su compromiso para ayudar al avance de la misi\u00f3n de la iglesia, mediante el servicio de ellos a la comunidad y sus compromisos personales que buscan mejorar los resultados de salud.<\/p>\n<p><div id=\"attachment_84319\" style=\"width: 884px\" class=\"wp-caption aligncenter\"><img decoding=\"async\" aria-describedby=\"caption-attachment-84319\" class=\" wp-image-84317\" src=\"https:\/\/interamerica.org\/wp-content\/uploads\/2022\/05\/franck-geneus-ahsia-2022.jpg\" alt=\"\" width=\"874\" height=\"583\" srcset=\"https:\/\/interamerica.org\/wp-content\/uploads\/2022\/05\/franck-geneus-ahsia-2022.jpg 799w, https:\/\/interamerica.org\/wp-content\/uploads\/2022\/05\/franck-geneus-ahsia-2022-300x200.jpg 300w, https:\/\/interamerica.org\/wp-content\/uploads\/2022\/05\/franck-geneus-ahsia-2022-768x512.jpg 768w\" sizes=\"(max-width: 874px) 100vw, 874px\" \/><p id=\"caption-attachment-84319\" class=\"wp-caption-text\">El doctor Franck G\u00e9n\u00e9us, director de ministerios de salud de la Iglesia Adventista en Interam\u00e9rica, habl\u00f3 a los profesionales de salud durante la conferencia reciente en la Rep\u00fablica Dominicana. [Fotograf\u00eda de archivo: Keila Trejo\/DIA]<\/p><\/div>Tambi\u00e9n destac\u00f3 cu\u00e1n significativo result\u00f3 el evento de 2023. \u201cEsta convenci\u00f3n anual de ADOPAS en la Rep\u00fablica Dominicana marc\u00f3 el renacimiento de un movimiento que se detuvo por causa del COVID-19 y de otros desaf\u00edos\u201d, dijo G\u00e9neus. \u201cM\u00e1s de 500 profesionales de salud de la regi\u00f3n est\u00e1n aguardando con ansias poder contribuir de manera proactiva a la tarea de compartir el evangelio por medio del ministerio integral de salud\u201d.<\/p>\n<p>G\u00e9neus celebr\u00f3 la colaboraci\u00f3n en proyectos y el servicio de los profesionales de salud a la iglesia. \u201cEsta asociaci\u00f3n es una organizaci\u00f3n madura, con un s\u00f3lido apoyo de los l\u00edderes de la iglesia y una s\u00f3lida estructura de liderazgo\u201d, enfatiz\u00f3.<\/p>\n<p><strong>En busca de un cambio de paradigma <\/strong><\/p>\n<p>En su mensaje a los profesionales adventistas de salud, G\u00e9neus recomend\u00f3 un cambio de paradigma en el papel que tienen los profesionales adventistas de salud en el cumplimiento de la misi\u00f3n de la iglesia. Los l\u00edderes creen que los profesionales adventistas de salud tienen necesidades que no necesariamente son bien satisfechas por la iglesia, a\u00f1adi\u00f3. Esas necesidades pueden ser personales, profesionales y espirituales, y pueden ser sumamente diferentes de las que tienen otros miembros de iglesia, expres\u00f3.<\/p>\n<p>Las necesidades personales pueden ser complejas debido a la administraci\u00f3n de la vida familiar, el equilibrio entre trabajo y descanso, una mayor tasa de divorcios en comparaci\u00f3n con otros grupos de la comunidad, un \u00edndice m\u00e1s elevado de adicciones a las drogas y una calidad m\u00e1s pobre de salud en comparaci\u00f3n con otros miembros del mismo estatus social y econ\u00f3mico, explic\u00f3 G\u00e9neus.<\/p>\n<p>\u201cLas necesidades profesionales son, entre otras, el acceso a la capacitaci\u00f3n continua y la educaci\u00f3n m\u00e9dica. Se espera que los profesionales adventistas de salud alcancen la excelencia en su profesi\u00f3n, como portaestandartes de la visi\u00f3n del ministerio adventista de salud\u201d, dijo G\u00e9neus. Implica desarrollar una pr\u00e1ctica con profesionalismo, brindando servicios de calidad, \u201cpara practicar con compasi\u00f3n el mensaje adventista de salud basado en la Biblia, el esp\u00edritu de profec\u00eda, y las pr\u00e1cticas cient\u00edficas basadas en evidencias\u201d, explic\u00f3.<\/p>\n<p><strong>El papel de la iglesia<\/strong><\/p>\n<p>El doctor G\u00e9neus dijo que los l\u00edderes creen que la iglesia puede jugar un papel fundamental en el desarrollo espiritual de los profesionales adventistas de salud. La iglesia puede acompa\u00f1ar el crecimiento espiritual del profesional de salud, apoyar un alineamiento entre la fe, la espiritualidad y los enfoques cient\u00edficos modernos seculares, y brindar oportunidades continuas de capacitaci\u00f3n y desarrollo profesional, entre otras iniciativas.<\/p>\n<p>\u201cCreemos que el ministerio de atenci\u00f3n de la salud centrado en Cristo que ofrecen los profesionales adventistas de salud es una contribuci\u00f3n valiosa al bien general de la humanidad, y contribuye al progreso de la causa de Dios al aplicar el m\u00e9todo de ganar almas de Cristo\u201d, dijo G\u00e9neus.<\/p>\n<p>Como parte del evento, ADOPA eligi\u00f3 nuevos l\u00edderes para los pr\u00f3ximos dos a\u00f1os.<\/p>\n<p>Traducci\u00f3n de Marcos Paseggi<\/p>\n","protected":false},"excerpt":{"rendered":"<p>22 de marzo de 2023 | Playa Najayo, Rep\u00fablica Dominicana | Wilfredo Ruiz y Noticias de la Divisi\u00f3n Interamericana Bajo el lema \u201cLev\u00e1ntate y resplandece\u201d, la Asociaci\u00f3n Dominicana de Profesionales&#8230;<\/p>\n","protected":false},"author":3,"featured_media":96275,"comment_status":"closed","ping_status":"closed","sticky":false,"template":"","format":"standard","meta":{"_acf_changed":false,"footnotes":""},"categories":[17,15],"tags":[],"class_list":["post-96284","post","type-post","status-publish","format-standard","has-post-thumbnail","hentry","category-desde-el-campo","category-rss-espanol"],"acf":[],"yoast_head":"<!-- This site is optimized with the Yoast SEO plugin v27.3 - https:\/\/yoast.com\/product\/yoast-seo-wordpress\/ -->\n<title>Profesionales adventistas de salud en la Rep\u00fablica Dominicana responden al llamado: \u201cLev\u00e1ntate y resplandece\u201d - Iglesia Adventista del S\u00e9ptimo D\u00eda - Divisi\u00f3n Interamericana<\/title>\n<meta name=\"robots\" content=\"index, follow, max-snippet:-1, max-image-preview:large, max-video-preview:-1\" \/>\n<link rel=\"canonical\" href=\"https:\/\/interamerica.org\/es\/2023\/03\/profesionales-adventistas-de-salud-en-la-republica-dominicana-responden-al-llamado-levantate-y-resplandece\/\" \/>\n<meta property=\"og:locale\" content=\"es_ES\" \/>\n<meta property=\"og:type\" content=\"article\" \/>\n<meta property=\"og:title\" content=\"Profesionales adventistas de salud en la Rep\u00fablica Dominicana responden al llamado: \u201cLev\u00e1ntate y resplandece\u201d - Iglesia Adventista del S\u00e9ptimo D\u00eda - Divisi\u00f3n Interamericana\" \/>\n<meta property=\"og:description\" content=\"22 de marzo de 2023 | Playa Najayo, Rep\u00fablica Dominicana | Wilfredo Ruiz y Noticias de la Divisi\u00f3n Interamericana Bajo el lema \u201cLev\u00e1ntate y resplandece\u201d, la Asociaci\u00f3n Dominicana de Profesionales...\" \/>\n<meta property=\"og:url\" content=\"https:\/\/interamerica.org\/es\/2023\/03\/profesionales-adventistas-de-salud-en-la-republica-dominicana-responden-al-llamado-levantate-y-resplandece\/\" \/>\n<meta property=\"og:site_name\" content=\"Iglesia Adventista del S\u00e9ptimo D\u00eda - Divisi\u00f3n Interamericana\" \/>\n<meta property=\"article:published_time\" content=\"2023-03-22T14:22:19+00:00\" \/>\n<meta property=\"article:modified_time\" content=\"2023-03-22T16:59:21+00:00\" \/>\n<meta property=\"og:image\" content=\"https:\/\/interamerica.org\/wp-content\/uploads\/2023\/03\/adopas-grou-1280.jpg\" \/>\n\t<meta property=\"og:image:width\" content=\"1280\" \/>\n\t<meta property=\"og:image:height\" content=\"800\" \/>\n\t<meta property=\"og:image:type\" content=\"image\/jpeg\" \/>\n<meta name=\"author\" content=\"libna\" \/>\n<meta name=\"twitter:card\" content=\"summary_large_image\" \/>\n<meta name=\"twitter:label1\" content=\"Escrito por\" \/>\n\t<meta name=\"twitter:data1\" content=\"libna\" \/>\n\t<meta name=\"twitter:label2\" content=\"Tiempo de lectura\" \/>\n\t<meta name=\"twitter:data2\" content=\"6 minutos\" \/>\n<script type=\"application\/ld+json\" class=\"yoast-schema-graph\">{\"@context\":\"https:\\\/\\\/schema.org\",\"@graph\":[{\"@type\":\"Article\",\"@id\":\"https:\\\/\\\/interamerica.org\\\/es\\\/2023\\\/03\\\/profesionales-adventistas-de-salud-en-la-republica-dominicana-responden-al-llamado-levantate-y-resplandece\\\/#article\",\"isPartOf\":{\"@id\":\"https:\\\/\\\/interamerica.org\\\/es\\\/2023\\\/03\\\/profesionales-adventistas-de-salud-en-la-republica-dominicana-responden-al-llamado-levantate-y-resplandece\\\/\"},\"author\":{\"name\":\"libna\",\"@id\":\"https:\\\/\\\/interamerica.org\\\/es\\\/#\\\/schema\\\/person\\\/29998f2bc2d8bd0d38662909289b54f1\"},\"headline\":\"Profesionales adventistas de salud en la Rep\u00fablica Dominicana responden al llamado: \u201cLev\u00e1ntate y resplandece\u201d\",\"datePublished\":\"2023-03-22T14:22:19+00:00\",\"dateModified\":\"2023-03-22T16:59:21+00:00\",\"mainEntityOfPage\":{\"@id\":\"https:\\\/\\\/interamerica.org\\\/es\\\/2023\\\/03\\\/profesionales-adventistas-de-salud-en-la-republica-dominicana-responden-al-llamado-levantate-y-resplandece\\\/\"},\"wordCount\":1265,\"image\":{\"@id\":\"https:\\\/\\\/interamerica.org\\\/es\\\/2023\\\/03\\\/profesionales-adventistas-de-salud-en-la-republica-dominicana-responden-al-llamado-levantate-y-resplandece\\\/#primaryimage\"},\"thumbnailUrl\":\"https:\\\/\\\/interamerica.org\\\/wp-content\\\/uploads\\\/2023\\\/03\\\/adopas-grou-1280.jpg\",\"articleSection\":[\"Desde el campo\",\"RSS Espa\u00f1ol\"],\"inLanguage\":\"es\"},{\"@type\":\"WebPage\",\"@id\":\"https:\\\/\\\/interamerica.org\\\/es\\\/2023\\\/03\\\/profesionales-adventistas-de-salud-en-la-republica-dominicana-responden-al-llamado-levantate-y-resplandece\\\/\",\"url\":\"https:\\\/\\\/interamerica.org\\\/es\\\/2023\\\/03\\\/profesionales-adventistas-de-salud-en-la-republica-dominicana-responden-al-llamado-levantate-y-resplandece\\\/\",\"name\":\"Profesionales adventistas de salud en la Rep\u00fablica Dominicana responden al llamado: \u201cLev\u00e1ntate y resplandece\u201d - Iglesia Adventista del S\u00e9ptimo D\u00eda - Divisi\u00f3n Interamericana\",\"isPartOf\":{\"@id\":\"https:\\\/\\\/interamerica.org\\\/es\\\/#website\"},\"primaryImageOfPage\":{\"@id\":\"https:\\\/\\\/interamerica.org\\\/es\\\/2023\\\/03\\\/profesionales-adventistas-de-salud-en-la-republica-dominicana-responden-al-llamado-levantate-y-resplandece\\\/#primaryimage\"},\"image\":{\"@id\":\"https:\\\/\\\/interamerica.org\\\/es\\\/2023\\\/03\\\/profesionales-adventistas-de-salud-en-la-republica-dominicana-responden-al-llamado-levantate-y-resplandece\\\/#primaryimage\"},\"thumbnailUrl\":\"https:\\\/\\\/interamerica.org\\\/wp-content\\\/uploads\\\/2023\\\/03\\\/adopas-grou-1280.jpg\",\"datePublished\":\"2023-03-22T14:22:19+00:00\",\"dateModified\":\"2023-03-22T16:59:21+00:00\",\"author\":{\"@id\":\"https:\\\/\\\/interamerica.org\\\/es\\\/#\\\/schema\\\/person\\\/29998f2bc2d8bd0d38662909289b54f1\"},\"breadcrumb\":{\"@id\":\"https:\\\/\\\/interamerica.org\\\/es\\\/2023\\\/03\\\/profesionales-adventistas-de-salud-en-la-republica-dominicana-responden-al-llamado-levantate-y-resplandece\\\/#breadcrumb\"},\"inLanguage\":\"es\",\"potentialAction\":[{\"@type\":\"ReadAction\",\"target\":[\"https:\\\/\\\/interamerica.org\\\/es\\\/2023\\\/03\\\/profesionales-adventistas-de-salud-en-la-republica-dominicana-responden-al-llamado-levantate-y-resplandece\\\/\"]}]},{\"@type\":\"ImageObject\",\"inLanguage\":\"es\",\"@id\":\"https:\\\/\\\/interamerica.org\\\/es\\\/2023\\\/03\\\/profesionales-adventistas-de-salud-en-la-republica-dominicana-responden-al-llamado-levantate-y-resplandece\\\/#primaryimage\",\"url\":\"https:\\\/\\\/interamerica.org\\\/wp-content\\\/uploads\\\/2023\\\/03\\\/adopas-grou-1280.jpg\",\"contentUrl\":\"https:\\\/\\\/interamerica.org\\\/wp-content\\\/uploads\\\/2023\\\/03\\\/adopas-grou-1280.jpg\",\"width\":1280,\"height\":800},{\"@type\":\"BreadcrumbList\",\"@id\":\"https:\\\/\\\/interamerica.org\\\/es\\\/2023\\\/03\\\/profesionales-adventistas-de-salud-en-la-republica-dominicana-responden-al-llamado-levantate-y-resplandece\\\/#breadcrumb\",\"itemListElement\":[{\"@type\":\"ListItem\",\"position\":1,\"name\":\"Home\",\"item\":\"https:\\\/\\\/interamerica.org\\\/es\\\/\"},{\"@type\":\"ListItem\",\"position\":2,\"name\":\"Profesionales adventistas de salud en la Rep\u00fablica Dominicana responden al llamado: \u201cLev\u00e1ntate y resplandece\u201d\"}]},{\"@type\":\"WebSite\",\"@id\":\"https:\\\/\\\/interamerica.org\\\/es\\\/#website\",\"url\":\"https:\\\/\\\/interamerica.org\\\/es\\\/\",\"name\":\"Iglesia Adventista del S\u00e9ptimo D\u00eda - Divisi\u00f3n Interamericana\",\"description\":\"\",\"potentialAction\":[{\"@type\":\"SearchAction\",\"target\":{\"@type\":\"EntryPoint\",\"urlTemplate\":\"https:\\\/\\\/interamerica.org\\\/es\\\/?s={search_term_string}\"},\"query-input\":{\"@type\":\"PropertyValueSpecification\",\"valueRequired\":true,\"valueName\":\"search_term_string\"}}],\"inLanguage\":\"es\"},{\"@type\":\"Person\",\"@id\":\"https:\\\/\\\/interamerica.org\\\/es\\\/#\\\/schema\\\/person\\\/29998f2bc2d8bd0d38662909289b54f1\",\"name\":\"libna\",\"image\":{\"@type\":\"ImageObject\",\"inLanguage\":\"es\",\"@id\":\"https:\\\/\\\/secure.gravatar.com\\\/avatar\\\/7c5bd30ae4b47a9ba3c856590957fd1d96dc588bf3ac05719d247e126840331f?s=96&d=mm&r=g\",\"url\":\"https:\\\/\\\/secure.gravatar.com\\\/avatar\\\/7c5bd30ae4b47a9ba3c856590957fd1d96dc588bf3ac05719d247e126840331f?s=96&d=mm&r=g\",\"contentUrl\":\"https:\\\/\\\/secure.gravatar.com\\\/avatar\\\/7c5bd30ae4b47a9ba3c856590957fd1d96dc588bf3ac05719d247e126840331f?s=96&d=mm&r=g\",\"caption\":\"libna\"}}]}<\/script>\n<!-- \/ Yoast SEO plugin. -->","yoast_head_json":{"title":"Profesionales adventistas de salud en la Rep\u00fablica Dominicana responden al llamado: \u201cLev\u00e1ntate y resplandece\u201d - Iglesia Adventista del S\u00e9ptimo D\u00eda - Divisi\u00f3n Interamericana","robots":{"index":"index","follow":"follow","max-snippet":"max-snippet:-1","max-image-preview":"max-image-preview:large","max-video-preview":"max-video-preview:-1"},"canonical":"https:\/\/interamerica.org\/es\/2023\/03\/profesionales-adventistas-de-salud-en-la-republica-dominicana-responden-al-llamado-levantate-y-resplandece\/","og_locale":"es_ES","og_type":"article","og_title":"Profesionales adventistas de salud en la Rep\u00fablica Dominicana responden al llamado: \u201cLev\u00e1ntate y resplandece\u201d - Iglesia Adventista del S\u00e9ptimo D\u00eda - Divisi\u00f3n Interamericana","og_description":"22 de marzo de 2023 | Playa Najayo, Rep\u00fablica Dominicana | Wilfredo Ruiz y Noticias de la Divisi\u00f3n Interamericana Bajo el lema \u201cLev\u00e1ntate y resplandece\u201d, la Asociaci\u00f3n Dominicana de Profesionales...","og_url":"https:\/\/interamerica.org\/es\/2023\/03\/profesionales-adventistas-de-salud-en-la-republica-dominicana-responden-al-llamado-levantate-y-resplandece\/","og_site_name":"Iglesia Adventista del S\u00e9ptimo D\u00eda - Divisi\u00f3n Interamericana","article_published_time":"2023-03-22T14:22:19+00:00","article_modified_time":"2023-03-22T16:59:21+00:00","og_image":[{"width":1280,"height":800,"url":"https:\/\/interamerica.org\/wp-content\/uploads\/2023\/03\/adopas-grou-1280.jpg","type":"image\/jpeg"}],"author":"libna","twitter_card":"summary_large_image","twitter_misc":{"Escrito por":"libna","Tiempo de lectura":"6 minutos"},"schema":{"@context":"https:\/\/schema.org","@graph":[{"@type":"Article","@id":"https:\/\/interamerica.org\/es\/2023\/03\/profesionales-adventistas-de-salud-en-la-republica-dominicana-responden-al-llamado-levantate-y-resplandece\/#article","isPartOf":{"@id":"https:\/\/interamerica.org\/es\/2023\/03\/profesionales-adventistas-de-salud-en-la-republica-dominicana-responden-al-llamado-levantate-y-resplandece\/"},"author":{"name":"libna","@id":"https:\/\/interamerica.org\/es\/#\/schema\/person\/29998f2bc2d8bd0d38662909289b54f1"},"headline":"Profesionales adventistas de salud en la Rep\u00fablica Dominicana responden al llamado: \u201cLev\u00e1ntate y resplandece\u201d","datePublished":"2023-03-22T14:22:19+00:00","dateModified":"2023-03-22T16:59:21+00:00","mainEntityOfPage":{"@id":"https:\/\/interamerica.org\/es\/2023\/03\/profesionales-adventistas-de-salud-en-la-republica-dominicana-responden-al-llamado-levantate-y-resplandece\/"},"wordCount":1265,"image":{"@id":"https:\/\/interamerica.org\/es\/2023\/03\/profesionales-adventistas-de-salud-en-la-republica-dominicana-responden-al-llamado-levantate-y-resplandece\/#primaryimage"},"thumbnailUrl":"https:\/\/interamerica.org\/wp-content\/uploads\/2023\/03\/adopas-grou-1280.jpg","articleSection":["Desde el campo","RSS Espa\u00f1ol"],"inLanguage":"es"},{"@type":"WebPage","@id":"https:\/\/interamerica.org\/es\/2023\/03\/profesionales-adventistas-de-salud-en-la-republica-dominicana-responden-al-llamado-levantate-y-resplandece\/","url":"https:\/\/interamerica.org\/es\/2023\/03\/profesionales-adventistas-de-salud-en-la-republica-dominicana-responden-al-llamado-levantate-y-resplandece\/","name":"Profesionales adventistas de salud en la Rep\u00fablica Dominicana responden al llamado: \u201cLev\u00e1ntate y resplandece\u201d - Iglesia Adventista del S\u00e9ptimo D\u00eda - Divisi\u00f3n Interamericana","isPartOf":{"@id":"https:\/\/interamerica.org\/es\/#website"},"primaryImageOfPage":{"@id":"https:\/\/interamerica.org\/es\/2023\/03\/profesionales-adventistas-de-salud-en-la-republica-dominicana-responden-al-llamado-levantate-y-resplandece\/#primaryimage"},"image":{"@id":"https:\/\/interamerica.org\/es\/2023\/03\/profesionales-adventistas-de-salud-en-la-republica-dominicana-responden-al-llamado-levantate-y-resplandece\/#primaryimage"},"thumbnailUrl":"https:\/\/interamerica.org\/wp-content\/uploads\/2023\/03\/adopas-grou-1280.jpg","datePublished":"2023-03-22T14:22:19+00:00","dateModified":"2023-03-22T16:59:21+00:00","author":{"@id":"https:\/\/interamerica.org\/es\/#\/schema\/person\/29998f2bc2d8bd0d38662909289b54f1"},"breadcrumb":{"@id":"https:\/\/interamerica.org\/es\/2023\/03\/profesionales-adventistas-de-salud-en-la-republica-dominicana-responden-al-llamado-levantate-y-resplandece\/#breadcrumb"},"inLanguage":"es","potentialAction":[{"@type":"ReadAction","target":["https:\/\/interamerica.org\/es\/2023\/03\/profesionales-adventistas-de-salud-en-la-republica-dominicana-responden-al-llamado-levantate-y-resplandece\/"]}]},{"@type":"ImageObject","inLanguage":"es","@id":"https:\/\/interamerica.org\/es\/2023\/03\/profesionales-adventistas-de-salud-en-la-republica-dominicana-responden-al-llamado-levantate-y-resplandece\/#primaryimage","url":"https:\/\/interamerica.org\/wp-content\/uploads\/2023\/03\/adopas-grou-1280.jpg","contentUrl":"https:\/\/interamerica.org\/wp-content\/uploads\/2023\/03\/adopas-grou-1280.jpg","width":1280,"height":800},{"@type":"BreadcrumbList","@id":"https:\/\/interamerica.org\/es\/2023\/03\/profesionales-adventistas-de-salud-en-la-republica-dominicana-responden-al-llamado-levantate-y-resplandece\/#breadcrumb","itemListElement":[{"@type":"ListItem","position":1,"name":"Home","item":"https:\/\/interamerica.org\/es\/"},{"@type":"ListItem","position":2,"name":"Profesionales adventistas de salud en la Rep\u00fablica Dominicana responden al llamado: \u201cLev\u00e1ntate y resplandece\u201d"}]},{"@type":"WebSite","@id":"https:\/\/interamerica.org\/es\/#website","url":"https:\/\/interamerica.org\/es\/","name":"Iglesia Adventista del S\u00e9ptimo D\u00eda - Divisi\u00f3n Interamericana","description":"","potentialAction":[{"@type":"SearchAction","target":{"@type":"EntryPoint","urlTemplate":"https:\/\/interamerica.org\/es\/?s={search_term_string}"},"query-input":{"@type":"PropertyValueSpecification","valueRequired":true,"valueName":"search_term_string"}}],"inLanguage":"es"},{"@type":"Person","@id":"https:\/\/interamerica.org\/es\/#\/schema\/person\/29998f2bc2d8bd0d38662909289b54f1","name":"libna","image":{"@type":"ImageObject","inLanguage":"es","@id":"https:\/\/secure.gravatar.com\/avatar\/7c5bd30ae4b47a9ba3c856590957fd1d96dc588bf3ac05719d247e126840331f?s=96&d=mm&r=g","url":"https:\/\/secure.gravatar.com\/avatar\/7c5bd30ae4b47a9ba3c856590957fd1d96dc588bf3ac05719d247e126840331f?s=96&d=mm&r=g","contentUrl":"https:\/\/secure.gravatar.com\/avatar\/7c5bd30ae4b47a9ba3c856590957fd1d96dc588bf3ac05719d247e126840331f?s=96&d=mm&r=g","caption":"libna"}}]}},"_links":{"self":[{"href":"https:\/\/interamerica.org\/es\/wp-json\/wp\/v2\/posts\/96284","targetHints":{"allow":["GET"]}}],"collection":[{"href":"https:\/\/interamerica.org\/es\/wp-json\/wp\/v2\/posts"}],"about":[{"href":"https:\/\/interamerica.org\/es\/wp-json\/wp\/v2\/types\/post"}],"author":[{"embeddable":true,"href":"https:\/\/interamerica.org\/es\/wp-json\/wp\/v2\/users\/3"}],"replies":[{"embeddable":true,"href":"https:\/\/interamerica.org\/es\/wp-json\/wp\/v2\/comments?post=96284"}],"version-history":[{"count":0,"href":"https:\/\/interamerica.org\/es\/wp-json\/wp\/v2\/posts\/96284\/revisions"}],"wp:featuredmedia":[{"embeddable":true,"href":"https:\/\/interamerica.org\/es\/wp-json\/wp\/v2\/media\/96275"}],"wp:attachment":[{"href":"https:\/\/interamerica.org\/es\/wp-json\/wp\/v2\/media?parent=96284"}],"wp:term":[{"taxonomy":"category","embeddable":true,"href":"https:\/\/interamerica.org\/es\/wp-json\/wp\/v2\/categories?post=96284"},{"taxonomy":"post_tag","embeddable":true,"href":"https:\/\/interamerica.org\/es\/wp-json\/wp\/v2\/tags?post=96284"}],"curies":[{"name":"wp","href":"https:\/\/api.w.org\/{rel}","templated":true}]}}