{"id":96436,"date":"2023-03-23T22:23:59","date_gmt":"2023-03-24T02:23:59","guid":{"rendered":"https:\/\/interamerica.org\/?p=96436"},"modified":"2023-03-24T15:20:25","modified_gmt":"2023-03-24T19:20:25","slug":"dia-mundial-de-la-juventud-cuenta-con-distribucion-masiva-del-libro-el-conflicto-de-los-siglos-en-toda-interamerica","status":"publish","type":"post","link":"https:\/\/interamerica.org\/es\/2023\/03\/dia-mundial-de-la-juventud-cuenta-con-distribucion-masiva-del-libro-el-conflicto-de-los-siglos-en-toda-interamerica\/","title":{"rendered":"D\u00eda Mundial de la Juventud cuenta con distribuci\u00f3n masiva del libro \u2018El conflicto de los siglos\u2019 en toda Interam\u00e9rica"},"content":{"rendered":"<p><div id=\"attachment_96350\" style=\"width: 1054px\" class=\"wp-caption aligncenter\"><img fetchpriority=\"high\" decoding=\"async\" aria-describedby=\"caption-attachment-96350\" class=\" wp-image-96348\" src=\"https:\/\/interamerica.org\/wp-content\/uploads\/2023\/03\/gyd-domu-2023-1.jpg\" alt=\"\" width=\"1044\" height=\"644\" srcset=\"https:\/\/interamerica.org\/wp-content\/uploads\/2023\/03\/gyd-domu-2023-1.jpg 1000w, https:\/\/interamerica.org\/wp-content\/uploads\/2023\/03\/gyd-domu-2023-1-300x185.jpg 300w, https:\/\/interamerica.org\/wp-content\/uploads\/2023\/03\/gyd-domu-2023-1-768x474.jpg 768w\" sizes=\"(max-width: 1044px) 100vw, 1044px\" \/><p id=\"caption-attachment-96350\" class=\"wp-caption-text\">J\u00f3venes de la Asociaci\u00f3n Dominicana del Sureste en Santo Domingo, Rep\u00fablica Dominicana, visten sus camisetas del D\u00eda Mundial de la Juventud mientras se aprestan para distribuir ejemplares de \u2018El conflicto de los siglos\u2019 en las calles de la ciudad el pasado 18 de marzo de 2023. Miles de ni\u00f1os, j\u00f3venes y personas de todas las edades de las iglesias adventistas en todo el territorio de la Divisi\u00f3n Interamericana participaron de la distribuci\u00f3n masiva del libro y mostraron el amor de Jes\u00fas mediante actos de bondad y compasi\u00f3n en ciudades y comunidades. [Fotograf\u00eda: Asociaci\u00f3n Dominicana del Sureste]<\/p><\/div>23 de marzo de 2023 | Ciudad de M\u00e9xico, M\u00e9xico | Libna Stevens, Divisi\u00f3n Interamericana<\/p>\n<p>Cientos de miles de j\u00f3venes fueron acompa\u00f1ados por ni\u00f1os y adultos de toda la Iglesia Adventista del S\u00e9ptimo D\u00eda en el territorio de la Divisi\u00f3n Interamericana para compartir el amor de Jes\u00fas y esparcir esperanza en sus comunidades, durante el <a href=\"https:\/\/www.gcyouthministries.org\/events-and-projects\/global-youth-day-gyd\/\">D\u00eda Mundial de la Juventud<\/a> (GYD) el pasado 18 de marzo de 2023.<\/p>\n<p>El D\u00eda Mundial de la Juventud sirvi\u00f3 como plataforma de lanzamiento para la distribuci\u00f3n del libro El conflicto de los siglos de Elena G. White, una de las fundadoras de la Iglesia Adventista, en todo el territorio de la Divisi\u00f3n Interamericana. Se distribuyeron casi tres millones de ejemplares en papel y en tarjetas de descarga digital, dijeron los l\u00edderes de la iglesia.<\/p>\n<p><div id=\"attachment_96331\" style=\"width: 1007px\" class=\"wp-caption aligncenter\"><img decoding=\"async\" aria-describedby=\"caption-attachment-96331\" class=\" wp-image-96329\" src=\"https:\/\/interamerica.org\/wp-content\/uploads\/2023\/03\/gyd-nomu-sinaloa-2023.jpg\" alt=\"\" width=\"997\" height=\"748\" srcset=\"https:\/\/interamerica.org\/wp-content\/uploads\/2023\/03\/gyd-nomu-sinaloa-2023.jpg 950w, https:\/\/interamerica.org\/wp-content\/uploads\/2023\/03\/gyd-nomu-sinaloa-2023-300x225.jpg 300w, https:\/\/interamerica.org\/wp-content\/uploads\/2023\/03\/gyd-nomu-sinaloa-2023-768x576.jpg 768w\" sizes=\"(max-width: 997px) 100vw, 997px\" \/><p id=\"caption-attachment-96331\" class=\"wp-caption-text\">Miembros del Club de Aventureros de Guatmuchil, en el Estado de Sinaloa, en el norte de M\u00e9xico, sostienen ejemplares de <em>El conflicto de los siglos<\/em> antes de comenzar a marchar y distribuirlos a los transe\u00fantes durante el D\u00eda Mundial de la Juventud, el pasado 18 de marzo de 2023. [Fotograf\u00eda: Uni\u00f3n Mexicana del Norte]<\/p><\/div>\u201cLos j\u00f3venes aprovecharon la oportunidad de compartir <em>El gran conflicto<em> en calles, parques, hogares, empresas y en cada comunidad cerca de ellos\u201d, dijo el pastor Al Powell, director de ministerio juvenil de la Divisi\u00f3n Interamericana. La participaci\u00f3n una vez m\u00e1s este a\u00f1o de los j\u00f3venes en la distribuci\u00f3n del libro misionero fue fundamental en medio de un mundo de caos que incluye guerras, cat\u00e1strofes, desesperanza e incertidumbre\u201d, dijo Powell.<\/em><\/em><\/p>\n<p>Los l\u00edderes del ministerio de publicaciones trabajaron en forma estrecha con IADPA y GEMA Editores, dos de las casas publicadores de la iglesia, para preparar el libro para la distribuci\u00f3n masiva.<\/p>\n<p><strong>Impacto en Ciudad de M\u00e9xico<\/strong><\/p>\n<p>Los principales l\u00edderes de la Divisi\u00f3n Interamericana viajaron a decenas de iglesias de Ciudad de M\u00e9xico para predicar y participar en las actividades del D\u00eda Mundial de la Juventud.<\/p>\n<p><div id=\"attachment_96365\" style=\"width: 1012px\" class=\"wp-caption aligncenter\"><img decoding=\"async\" aria-describedby=\"caption-attachment-96365\" class=\" wp-image-96363\" src=\"https:\/\/interamerica.org\/wp-content\/uploads\/2023\/03\/gyd-book-mexico-city.jpg\" alt=\"\" width=\"1002\" height=\"752\" srcset=\"https:\/\/interamerica.org\/wp-content\/uploads\/2023\/03\/gyd-book-mexico-city.jpg 950w, https:\/\/interamerica.org\/wp-content\/uploads\/2023\/03\/gyd-book-mexico-city-300x225.jpg 300w, https:\/\/interamerica.org\/wp-content\/uploads\/2023\/03\/gyd-book-mexico-city-768x576.jpg 768w\" sizes=\"(max-width: 1002px) 100vw, 1002px\" \/><p id=\"caption-attachment-96365\" class=\"wp-caption-text\">Un hombre en Ciudad de M\u00e9xico ojea las p\u00e1ginas de <em>El gran conflicto<em> justo despu\u00e9s de recibir el libro de parte de los j\u00f3venes, el pasado 18 de marzo de 2023. [Fotograf\u00eda: Libna Stevens\/DIA]<\/em><\/em><\/p><\/div>\u201cDios nos ha invitado a hacer brillar su luz libre y continuamente, y con amor para todos aquellos con quienes entramos en contacto\u201d, dijo el pastor Elie Henry, presidente de la Divisi\u00f3n Interamericana, al hablar en la iglesia adventista Central. \u201cHoy es el d\u00eda de mostrar el amor de Dios, porque muchos lo necesitan y otros quieren escuchar de Jes\u00fas y de su experiencia con \u00e9l\u201d. El pastor Henry anim\u00f3 a los miembros para que no solo compartan <em>El conflicto de los siglos <\/em>sino para que tambi\u00e9n lo estudien con diligencia como disc\u00edpulos de Jes\u00fas, \u201cporque contiene la historia del pasado, el presente y el futuro, y sirve como el gran \u00faltimo clamor a este mundo que perece\u201d, dijo.<\/p>\n<p>Poco despu\u00e9s del culto de adoraci\u00f3n, el pastor Henry y cientos de miembros de iglesia se dirigieron para hablar, orar y distribuir el libro a decenas de personas en el Monumento de la Revoluci\u00f3n. \u201cEs tan impresionante ver a tan tos ni\u00f1os y j\u00f3venes dispuestos y entusiasmados con la tarea de compartir el libro misionero con otros\u201d, dijo el pastor Henry.<\/p>\n<p><div id=\"attachment_96347\" style=\"width: 974px\" class=\"wp-caption aligncenter\"><img loading=\"lazy\" decoding=\"async\" aria-describedby=\"caption-attachment-96347\" class=\" wp-image-96345\" src=\"https:\/\/interamerica.org\/wp-content\/uploads\/2023\/03\/gyd-elie-henry-monumento-revolucion.jpg\" alt=\"\" width=\"964\" height=\"723\" srcset=\"https:\/\/interamerica.org\/wp-content\/uploads\/2023\/03\/gyd-elie-henry-monumento-revolucion.jpg 950w, https:\/\/interamerica.org\/wp-content\/uploads\/2023\/03\/gyd-elie-henry-monumento-revolucion-300x225.jpg 300w, https:\/\/interamerica.org\/wp-content\/uploads\/2023\/03\/gyd-elie-henry-monumento-revolucion-768x576.jpg 768w\" sizes=\"(max-width: 964px) 100vw, 964px\" \/><p id=\"caption-attachment-96347\" class=\"wp-caption-text\">El pastor Elie Henry, presidente de la Divisi\u00f3n Interamericana, habla a un grupo de Chiapas sobre el libro misionero, durante el segmento de distribuci\u00f3n en el Monumento de la Revoluci\u00f3n en Ciudad de M\u00e9xico, M\u00e9xico, el 18 de marzo de 2023. El pastor Henry estuvo acompa\u00f1ado por miembros de iglesia de la iglesia adventista Central, despu\u00e9s de un culto especial de s\u00e1bado. [Fotograf\u00eda: Libna Stevens\/DIA]<\/p><\/div>Las calles de la ciudad se vieron particularmente atestadas debido a un evento pol\u00edtico que no form\u00f3 parte del D\u00eda Mundial de la Juventud. \u201cVemos el d\u00eda de hoy como una oportunidad hermosa de alcanzar a las personas de todo el pa\u00eds con un libro que ofrece la esperanza de un ma\u00f1ana mejor\u201d, dijo el pastor Jos\u00e9 Dzul, presidente de la Iglesia Adventista en la Uni\u00f3n Mexicana Central. La distribuci\u00f3n de <em>El conflicto de los siglos <\/em>es parte de una estrategia mayor que busca atraer a los residentes de la ciudad a campa\u00f1as de evangelizaci\u00f3n que se llevar\u00e1n a cabo en los pr\u00f3ximos tres meses.<\/p>\n<p>Rosaisela Rinc\u00f3n fue una de las que recibi\u00f3 el libro en el parque del Monumento a la Revoluci\u00f3n. Pidi\u00f3 que el pastor Dzul se lo dedicara a ella y su hijo Oswaldo, que ha cumplido ocho a\u00f1os de su sentencia de 52. \u201cMe he estado acercando a Dios ahora, y mi hijo tambi\u00e9n ha estado buscando m\u00e1s a Dios cada d\u00eda\u201d, dijo. \u201c\u00c9l necesita tener esperanza, y les agradezco por compartir esto conmigo\u201d. Dzul y su esposa Cozvi oraron por ella y su hijo, y la animaron a leer el libro.<\/p>\n<p><div id=\"attachment_96344\" style=\"width: 999px\" class=\"wp-caption aligncenter\"><img loading=\"lazy\" decoding=\"async\" aria-describedby=\"caption-attachment-96344\" class=\" wp-image-96342\" src=\"https:\/\/interamerica.org\/wp-content\/uploads\/2023\/03\/gyd-jose-dzul-mexcity2023.jpg\" alt=\"\" width=\"989\" height=\"629\" srcset=\"https:\/\/interamerica.org\/wp-content\/uploads\/2023\/03\/gyd-jose-dzul-mexcity2023.jpg 968w, https:\/\/interamerica.org\/wp-content\/uploads\/2023\/03\/gyd-jose-dzul-mexcity2023-300x191.jpg 300w, https:\/\/interamerica.org\/wp-content\/uploads\/2023\/03\/gyd-jose-dzul-mexcity2023-768x489.jpg 768w\" sizes=\"(max-width: 989px) 100vw, 989px\" \/><p id=\"caption-attachment-96344\" class=\"wp-caption-text\">El pastor Jos\u00e9 Dzul y su esposa Cozvi oran por Rosaisela Rinc\u00f3n y su hijo, que est\u00e1 en la c\u00e1rcel, despu\u00e9s de dedicarles un ejemplar del libro, en Ciudad de M\u00e9xico, el 18 de marzo de 2023. [Fotograf\u00eda: Libna Stevens\/DIA]<\/p><\/div>El senador Crist\u00f3bal Arias Sol\u00eds, del estado de Michoac\u00e1n, con vecinos de la Ciudad de M\u00e9xico, fue uno de los que recibi\u00f3 el libro. Sol\u00eds celebr\u00f3 el trabajo de los j\u00f3venes adventistas, que esparcieron esperanza en toda la ciudad. \u201cLos j\u00f3venes quieren hoy tener una perspectiva que les permita mejores condiciones en la vida y les ayude en su desarrollo, mientras miran hacia el futuro. Por ello, gracias por esta iniciativa, y espero dedicar tiempo personalmente para leer este libro\u201d, dijo el senador Arias.<\/p>\n<p><strong>Visita y oraci\u00f3n por las empresas<\/strong><\/p>\n<p>El pastor Almir Marroni, director de publicaciones de la Asociaci\u00f3n General de la Iglesia Adventista, se sum\u00f3 a los miembros de la iglesia adventista Sat\u00e9lite, en la regi\u00f3n metropolitana. El grupo de doscientos miembros distribuy\u00f3 cientos de libros y tarjetas especiales de QR para descargas digitales. \u201cFue tan maravilloso ver a los j\u00f3venes en uniforme y a todos los miembros entusiasmados de ser testigos y repartir este libro\u201d, dijo Marroni, quien distribuy\u00f3 el mismo treinta ejemplares en treinta minutos a empleados de varias empresas.<\/p>\n<p><div id=\"attachment_96434\" style=\"width: 1034px\" class=\"wp-caption aligncenter\"><img loading=\"lazy\" decoding=\"async\" aria-describedby=\"caption-attachment-96434\" class=\"size-full wp-image-96434\" src=\"https:\/\/interamerica.org\/wp-content\/uploads\/2023\/03\/gyd-almir-marroni-satelite-mexcity-2023.jpg\" alt=\"\" width=\"1024\" height=\"680\" srcset=\"https:\/\/interamerica.org\/wp-content\/uploads\/2023\/03\/gyd-almir-marroni-satelite-mexcity-2023.jpg 1024w, https:\/\/interamerica.org\/wp-content\/uploads\/2023\/03\/gyd-almir-marroni-satelite-mexcity-2023-300x199.jpg 300w, https:\/\/interamerica.org\/wp-content\/uploads\/2023\/03\/gyd-almir-marroni-satelite-mexcity-2023-768x510.jpg 768w\" sizes=\"(max-width: 1024px) 100vw, 1024px\" \/><p id=\"caption-attachment-96434\" class=\"wp-caption-text\">El pastor Almir Marroni (izquierda), director de publicaciones de la Asociaci\u00f3n General de la Iglesia Adventista, camina con j\u00f3venes de la iglesia adventista Sat\u00e9lite, en la regi\u00f3n metropolitana de Ciudad de M\u00e9xico, para distribuir los libros misioneros a empresas el 18 de marzo de 2023. [Fotograf\u00eda: Asociaci\u00f3n Azteca]<\/p><\/div>\u201cTenemos un mensaje, y muchas personas est\u00e1n buscando m\u00e1s y no cuentan con orientaciones claras. Est\u00e1n buscando a Dios pero necesitan la verdad presente\u201d, dijo Marroni. \u201c<em>El conflicto de los siglos<\/em> es un libro que puede ser usado para predicar nuestro mensaje, en esfuerzos de evangelismo y sermones. Sirve para el culto familiar, para llegar a la comunidad, y en un proyecto que puede durar todo el a\u00f1o gracias al seguimiento de estudios b\u00edblicos, y para conectar y construir una relaci\u00f3n con otros y otras cosas m\u00e1s\u201d, dijo. La Divisi\u00f3n Interamericana es el primer territorio en promover esa distribuci\u00f3n masiva del libro misionero de este a\u00f1o, dijo Marroni.<em><em> \u201c<\/em><\/em>Es impresionante ver de qu\u00e9 manera personas comprometidas de Interam\u00e9rica est\u00e1n participando en la distribuci\u00f3n y testificaci\u00f3n por medio de esta actividad\u201d.<\/p>\n<p>En toda la Divisi\u00f3n Interamericana hay informes de una distribuci\u00f3n de casi cuatro millones de ejemplares. Solo en M\u00e9xico se distribuyeron m\u00e1s de 1.900.000 ejemplares, dijo el pastor Isa\u00edas Espinoza, director de ministerio de publicaciones de la Divisi\u00f3n Interamericana.<\/p>\n<p><div id=\"attachment_96322\" style=\"width: 973px\" class=\"wp-caption aligncenter\"><img loading=\"lazy\" decoding=\"async\" aria-describedby=\"caption-attachment-96322\" class=\" wp-image-96320\" src=\"https:\/\/interamerica.org\/wp-content\/uploads\/2023\/03\/gyd-chiapas-2023.jpg\" alt=\"\" width=\"963\" height=\"641\" srcset=\"https:\/\/interamerica.org\/wp-content\/uploads\/2023\/03\/gyd-chiapas-2023.jpg 1000w, https:\/\/interamerica.org\/wp-content\/uploads\/2023\/03\/gyd-chiapas-2023-300x200.jpg 300w, https:\/\/interamerica.org\/wp-content\/uploads\/2023\/03\/gyd-chiapas-2023-768x511.jpg 768w\" sizes=\"(max-width: 963px) 100vw, 963px\" \/><p id=\"caption-attachment-96322\" class=\"wp-caption-text\">J\u00f3venes del Club de Conquistadores Alfa Centauro oran por una tendera, despu\u00e9s de obsequiarle un ejemplar del libro <i>El conflicto de los siglos<\/i>\u00a0en Tapilula, en la regi\u00f3n norte de Chiapas, M\u00e9xico, el 18 de marzo de 2023. [Fotograf\u00eda: Uzziel Le\u00f3n]<\/p><\/div>\u201cEsta fue la actividad misionera de primer nivel que moviliz\u00f3 a la iglesia para conectarse con las personas en la calle y doquiera est\u00e9n, para que puedan leer por su cuenta y conozcan a Dios y su verdad\u201d, dijo Espinoza. Fue importante generar un gran impulso para los pr\u00f3ximos meses y a\u00f1o, en el que la Iglesia Adventista en la Divisi\u00f3n Interamericana est\u00e1 planificando distribuir seis millones de ejemplares y otro mill\u00f3n de copias digitales para fines de 2024, dijo.<\/p>\n<p>El libro <em>El conflicto de los siglos <\/em>es una obra sumamente valiosa, a\u00f1adi\u00f3 Espinoza. \u201cEs el libro m\u00e1s emblem\u00e1tico que tiene la Iglesia Adventista, donde la iglesia identifica las verdades singulares que posee\u201d, dijo Espinoza.<\/p>\n<p>Gracias a miles de j\u00f3venes y miembros de iglesia, que abrazaron el proyecto de distribuci\u00f3n del libro misionero, 500 mil personas lo recibieron en Ciudad de M\u00e9xico, dijo Espinoza.<\/p>\n<p><div id=\"attachment_96328\" style=\"width: 977px\" class=\"wp-caption aligncenter\"><img loading=\"lazy\" decoding=\"async\" aria-describedby=\"caption-attachment-96328\" class=\" wp-image-96326\" src=\"https:\/\/interamerica.org\/wp-content\/uploads\/2023\/03\/gyd-semu-2023.jpg\" alt=\"\" width=\"967\" height=\"637\" srcset=\"https:\/\/interamerica.org\/wp-content\/uploads\/2023\/03\/gyd-semu-2023.jpg 1000w, https:\/\/interamerica.org\/wp-content\/uploads\/2023\/03\/gyd-semu-2023-300x198.jpg 300w, https:\/\/interamerica.org\/wp-content\/uploads\/2023\/03\/gyd-semu-2023-768x506.jpg 768w\" sizes=\"(max-width: 967px) 100vw, 967px\" \/><p id=\"caption-attachment-96328\" class=\"wp-caption-text\">J\u00f3venes de Escarcega, en Campeche, en el sureste de M\u00e9xico, posan junto a una expendedora de cart\u00f3n, en la que las personas pod\u00edan marcar n\u00fameros y obtener as\u00ed un libro misionero gratuito. Una vez que recib\u00edan el libro, los j\u00f3venes les dec\u00edan que Jes\u00fas los ama y que en \u00e9l hay esperanza. [Fotograf\u00eda: Uni\u00f3n del Sureste Mexicano]<\/p><\/div><strong>En todo M\u00e9xico<\/strong><\/p>\n<p>En Chiapas, M\u00e9xico, miembros j\u00f3venes y ancianos distribuyeron 500 mil ejemplares del libro misionero mientras participaban de marchas, ofrec\u00edan brigadas m\u00e9dicas, compart\u00edan comidas vegetarianas en los parques, distribu\u00edan bolsas de alimento en comunidades necesitadas, oraban por los conductores en esquinas y sem\u00e1foros, y organizaban conciertos en diversos parques a lo largo y a lo ancho del estado, entre otras iniciativas. Los j\u00f3venes tambi\u00e9n repartieron libros misioneros a los tenderos y oraron por ellos.<\/p>\n<p>De manera similar, en toda la regi\u00f3n Mexicana del Sureste, m\u00e1s de 52 mil miembros de iglesia distribuyeron 286 mil libros por medio de marchas, caravanas decorativas y la distribuci\u00f3n de alimentos y en las comunidades necesitadas.<\/p>\n<p><div id=\"attachment_96372\" style=\"width: 982px\" class=\"wp-caption aligncenter\"><img loading=\"lazy\" decoding=\"async\" aria-describedby=\"caption-attachment-96372\" class=\" wp-image-96370\" src=\"https:\/\/interamerica.org\/wp-content\/uploads\/2023\/03\/gyd-nomu-mural-2023.jpg\" alt=\"\" width=\"972\" height=\"662\" srcset=\"https:\/\/interamerica.org\/wp-content\/uploads\/2023\/03\/gyd-nomu-mural-2023.jpg 1000w, https:\/\/interamerica.org\/wp-content\/uploads\/2023\/03\/gyd-nomu-mural-2023-300x204.jpg 300w, https:\/\/interamerica.org\/wp-content\/uploads\/2023\/03\/gyd-nomu-mural-2023-768x523.jpg 768w\" sizes=\"(max-width: 972px) 100vw, 972px\" \/><p id=\"caption-attachment-96372\" class=\"wp-caption-text\">J\u00f3venes de la iglesia adventista San Nicol\u00e1s en Nuevo Le\u00f3n, M\u00e9xico, pintan un mural con las palabras: \u201cNo te rindas; a\u00fan hay esperanza\u201d, en un muro de una escuela secundaria. La letrista especialista Heidi Cartagena, de Chiapas, M\u00e9xico, estuvo al frente de la iniciativa local del D\u00eda Mundial de la Juventud el pasado 18 de marzo de 2023. [Fotograf\u00eda: Cortes\u00eda de Heidi Cartagena]<\/p><\/div>En la ciudad de Escarcega, en Campeche, un grupo de j\u00f3venes pas\u00f3 m\u00fasica con parlantes para los transe\u00fantes y coloc\u00f3 una expendedora del libro gratuito, donde las personas pod\u00edan marcar unos n\u00fameros y recibir un presente. \u201cLes dec\u00edamos a las personas que se acercaran e ingresaran dos n\u00fameros y, una vez que recib\u00edan el libro de la expendedora, les dec\u00edamos: \u2018Jes\u00fas te ama; a\u00fan hay esperanza\u2019\u201d, dijo Argelia Cordero, l\u00edder de ministerio juvenil de la iglesia adventista Carmen de Campeche.<\/p>\n<p>La Uni\u00f3n Mexicana del Norte distribuy\u00f3 m\u00e1s de 275 mil libros en todo el territorio. Cientos de ni\u00f1os en edad de Aventureros, Conquistadores y otros j\u00f3venes marcharon por las calles de Sinaloa llevando sus libros y distribuy\u00e9ndolos a los transe\u00fantes.<\/p>\n<p>Un grupo de j\u00f3venes de la iglesia adventista San Nicol\u00e1s en Nuevo Le\u00f3n, M\u00e9xico se sum\u00f3 a la letrista especialista Heidi Cartagena, de Chiapas, para pintar un mural con un mensaje de esperanza en un muro callejero de una escuela secundaria.<\/p>\n<p><div id=\"attachment_96325\" style=\"width: 981px\" class=\"wp-caption aligncenter\"><img loading=\"lazy\" decoding=\"async\" aria-describedby=\"caption-attachment-96325\" class=\" wp-image-96323\" src=\"https:\/\/interamerica.org\/wp-content\/uploads\/2023\/03\/gyd-elsalvador-2023.jpg\" alt=\"\" width=\"971\" height=\"728\" srcset=\"https:\/\/interamerica.org\/wp-content\/uploads\/2023\/03\/gyd-elsalvador-2023.jpg 900w, https:\/\/interamerica.org\/wp-content\/uploads\/2023\/03\/gyd-elsalvador-2023-300x225.jpg 300w, https:\/\/interamerica.org\/wp-content\/uploads\/2023\/03\/gyd-elsalvador-2023-768x576.jpg 768w\" sizes=\"(max-width: 971px) 100vw, 971px\" \/><p id=\"caption-attachment-96325\" class=\"wp-caption-text\">J\u00f3venes de la regi\u00f3n occidental de El Salvador visitaron comisar\u00edas para donar el libro <em>El conflicto de los siglos <\/em>\u00a0y orar por los polic\u00edas y sus familias, el 18 de marzo de 2023. [Fotograf\u00eda: Uni\u00f3n Salvadore\u00f1a]<\/p><\/div><strong>En otros territorios de la Divisi\u00f3n Interamericana<\/strong><\/p>\n<p>En toda Guatemala se distribuyeron doscientos mil ejemplares del libro <em>El conflicto de los siglos<\/em>mediante marchas, en hospitales, hogares de ancianos, departamentos de bomberos, comisar\u00edas, escuelas, actividades comunitarias, y al compartir bolsas de alimentos en varias comunidades.<\/p>\n<p>En El Salvador, los j\u00f3venes distribuyeron m\u00e1s de 63 mil ejemplares del libro, visitaron a los enfermos en los hospitales, en las oficinas de las comisar\u00edas, en hogares de ancianos, orfanatos, centros comerciales, comunidades necesitadas, vecindarios y oficinas municipales, mientras que otros ofrecieron servicios m\u00e9dicos durante brigadas m\u00e9dicas p\u00fablicas y limpiando calles, entre otras actividades.<\/p>\n<p><div id=\"attachment_96391\" style=\"width: 999px\" class=\"wp-caption aligncenter\"><img loading=\"lazy\" decoding=\"async\" aria-describedby=\"caption-attachment-96391\" class=\" wp-image-96389\" src=\"https:\/\/interamerica.org\/wp-content\/uploads\/2023\/03\/gyd-puru-breakfast-book.jpg\" alt=\"\" width=\"989\" height=\"740\" srcset=\"https:\/\/interamerica.org\/wp-content\/uploads\/2023\/03\/gyd-puru-breakfast-book.jpg 763w, https:\/\/interamerica.org\/wp-content\/uploads\/2023\/03\/gyd-puru-breakfast-book-300x225.jpg 300w\" sizes=\"(max-width: 989px) 100vw, 989px\" \/><p id=\"caption-attachment-96391\" class=\"wp-caption-text\">J\u00f3venes de Mayag\u00fcez, Puerto Rico, reparten un desayuno gratuito y el libro misionero, durante el D\u00eda Mundial de la Juventud, el pasado 18 de marzo de 2023. [Fotograf\u00eda: Iglesia de Bella Vista]<\/p><\/div>Cientos de j\u00f3venes compartieron un desayuno con las personas sin hogar en las primeras horas del s\u00e1bado por la ma\u00f1ana en Mayag\u00fcez, en la regi\u00f3n occidental de Puerto Rico. Tambi\u00e9n visitaron departamentos de polic\u00eda, distribuyeron bolsas de alimentos, y compartieron cientos de libros misioneros en las calles, adem\u00e1s de hacerlo en las tiendas y en hogares de ancianos.<\/p>\n<p>En un caf\u00e9 en especial, que ten\u00eda una peque\u00f1a biblioteca de libros donados, j\u00f3venes de la Academia de Bella Vista en Mayag\u00fcez, colocaron varios ejemplares del libro <em>El conflicto de los siglos\u00a0 e<\/em>n sus estantes. Los estudiantes tambi\u00e9n oraron por los que estaban en la plaza central y compartieron mensajes de esperanza con los transe\u00fantes.<\/p>\n<p>Cientros de miembros de iglesia de Venezuela distribuyeron miles de libros misioneros mientras marchaban por las principales calles y plazas.<\/p>\n<p><div id=\"attachment_96378\" style=\"width: 991px\" class=\"wp-caption aligncenter\"><img loading=\"lazy\" decoding=\"async\" aria-describedby=\"caption-attachment-96378\" class=\" wp-image-96376\" src=\"https:\/\/interamerica.org\/wp-content\/uploads\/2023\/03\/gyd-evau-hospital.jpg\" alt=\"\" width=\"981\" height=\"668\" srcset=\"https:\/\/interamerica.org\/wp-content\/uploads\/2023\/03\/gyd-evau-hospital.jpg 900w, https:\/\/interamerica.org\/wp-content\/uploads\/2023\/03\/gyd-evau-hospital-300x204.jpg 300w, https:\/\/interamerica.org\/wp-content\/uploads\/2023\/03\/gyd-evau-hospital-768x523.jpg 768w\" sizes=\"(max-width: 981px) 100vw, 981px\" \/><p id=\"caption-attachment-96378\" class=\"wp-caption-text\">J\u00f3venes del este de Venezuela visitan un hospital para compartir libros misioneros, orar y llevar algunos presentes a los pacientes, el pasado 18 de marzo de 2023. [Fotograf\u00eda: Asociaci\u00f3n Venezolana Oriental]<\/p><\/div>En el estado de Bol\u00edvar, en la Uni\u00f3n Venezolana, se distribuyeron m\u00e1s de mil s\u00e1ndwiches y vasos de avena cocida en la ma\u00f1ana del 18 de marzo. Los j\u00f3venes tambi\u00e9n marcharon y cantaron por las calles de San F\u00e9lix, para compartir mensajes de esperanza y distribuir libros. Adem\u00e1s de ello, los j\u00f3venes visitaron a los enfermos en los hospitales y hogares de ancianos, y presentaron un programa especial con m\u00fasica, representaciones dram\u00e1ticas y actividades sociales.<\/p>\n<p>\u201cEl lanzamiento del libro <em>El conflicto de los siglos<\/em>\u00a0que la iglesia ha estado preparando desde la Asociaci\u00f3n General y ahora est\u00e1 alcanzando a la iglesia mundial es sumamente motivador para m\u00ed\u201d, dijo Solardo Rivero Guatire, en el estado de Miranda, en la regi\u00f3n Venezolana Oriental. \u201cEs una obra solemne, una obra de enorme magnitud\u201d.<\/p>\n<p><div id=\"attachment_96337\" style=\"width: 984px\" class=\"wp-caption aligncenter\"><img loading=\"lazy\" decoding=\"async\" aria-describedby=\"caption-attachment-96337\" class=\" wp-image-96335\" src=\"https:\/\/interamerica.org\/wp-content\/uploads\/2023\/03\/gyd-wevu-maracaibo.jpg\" alt=\"\" width=\"974\" height=\"576\" srcset=\"https:\/\/interamerica.org\/wp-content\/uploads\/2023\/03\/gyd-wevu-maracaibo.jpg 953w, https:\/\/interamerica.org\/wp-content\/uploads\/2023\/03\/gyd-wevu-maracaibo-300x177.jpg 300w, https:\/\/interamerica.org\/wp-content\/uploads\/2023\/03\/gyd-wevu-maracaibo-768x454.jpg 768w\" sizes=\"(max-width: 974px) 100vw, 974px\" \/><p id=\"caption-attachment-96337\" class=\"wp-caption-text\">Los j\u00f3venes participan en una cl\u00ednica m\u00e9dica establecida en Maracaibo, en la regi\u00f3n occidental de Venezuela, durante las actividades del D\u00eda Mundial de la Juventud, donde tambi\u00e9n distribuyeron libros misioneros, el pasado 18 de marzo de 2023. [Fotograf\u00eda: Uni\u00f3n Venezolana Occidental]<\/p><\/div>En la regi\u00f3n Venezolana Occidental, los j\u00f3venes distribuyeron cientos de libros y ofrecieron una cl\u00ednica m\u00e9dica a cientos de personas en la ciudad de Maracaibo, en el estado de Zulia.<\/p>\n<p>En la Rep\u00fablica Dominicana, miles de j\u00f3venes participaron de marchas y distribuyeron m\u00e1s de ochenta mil libros misioneros.<\/p>\n<p>En la regi\u00f3n oriental de la isla, miles de j\u00f3venes se reunieron para compartir esperanza, m\u00fasica, representaciones dram\u00e1ticas y para distribuir alimentos, libros y revistas. Los j\u00f3venes tambi\u00e9n donaron sangre y oraron por las personas.<\/p>\n<p><div id=\"attachment_96382\" style=\"width: 982px\" class=\"wp-caption aligncenter\"><img loading=\"lazy\" decoding=\"async\" aria-describedby=\"caption-attachment-96382\" class=\"size-full wp-image-96380\" src=\"https:\/\/interamerica.org\/wp-content\/uploads\/2023\/03\/gyd-nocu-book-distribution.jpg\" alt=\"\" width=\"972\" height=\"624\" srcset=\"https:\/\/interamerica.org\/wp-content\/uploads\/2023\/03\/gyd-nocu-book-distribution.jpg 972w, https:\/\/interamerica.org\/wp-content\/uploads\/2023\/03\/gyd-nocu-book-distribution-300x193.jpg 300w, https:\/\/interamerica.org\/wp-content\/uploads\/2023\/03\/gyd-nocu-book-distribution-768x493.jpg 768w\" sizes=\"(max-width: 972px) 100vw, 972px\" \/><p id=\"caption-attachment-96382\" class=\"wp-caption-text\">Cientos de j\u00f3venes de Medell\u00edn, Colombia, posan para una fotograf\u00eda grupal, antes de salir a las calles y vecindarios a distribuir el libro misionero el 18 de marzo de 2023. [Fotograf\u00eda: Uni\u00f3n Colombiana del Norte]<\/p><\/div>En Jamaica, se distribuyeron libros misioneros en ciudades y comunidades. En la Asociaci\u00f3n de Jamaica Oriental, docentes de escuelas cercanas fueron invitados al culto y recibieron un reconocimiento por su contribuci\u00f3n a la sociedad por medio de la entrega de certificados y presentes de aprecio. De manera similar, los j\u00f3venes invitaron a los que estaban en los parques a ferias de salud, y ni\u00f1os de la comunidad recibieron art\u00edculos escolares y bocadillos. Tambi\u00e9n se visit\u00f3 a los miembros recluidos o postrados y a maestros jubilados, como parte de las actividades del D\u00eda Mundial de la Juventud.<\/p>\n<p>En la regi\u00f3n Colombiana del Norte, se distribuyeron m\u00e1s de noventa mil libros misioneros en las calles de las ciudades, parques y hogares.<\/p>\n<p><div id=\"attachment_96396\" style=\"width: 953px\" class=\"wp-caption aligncenter\"><img loading=\"lazy\" decoding=\"async\" aria-describedby=\"caption-attachment-96396\" class=\" wp-image-96394\" src=\"https:\/\/interamerica.org\/wp-content\/uploads\/2023\/03\/gyd-guatemala-eastern-2023.jpg\" alt=\"\" width=\"943\" height=\"707\" srcset=\"https:\/\/interamerica.org\/wp-content\/uploads\/2023\/03\/gyd-guatemala-eastern-2023.jpg 1000w, https:\/\/interamerica.org\/wp-content\/uploads\/2023\/03\/gyd-guatemala-eastern-2023-300x225.jpg 300w, https:\/\/interamerica.org\/wp-content\/uploads\/2023\/03\/gyd-guatemala-eastern-2023-768x576.jpg 768w\" sizes=\"(max-width: 943px) 100vw, 943px\" \/><p id=\"caption-attachment-96396\" class=\"wp-caption-text\">Dos j\u00f3venes de la iglesia adventista San Carlos Alzatate en Guatemala sostienen ejemplares del libro misionero, antes de visitar una comunidad en la regi\u00f3n oriental del pa\u00eds el pasado 18 de marzo de 2023. [Fotograf\u00eda: Uni\u00f3n Guatemalteca]<\/p><\/div>En la regi\u00f3n Colombiana del Sur, los j\u00f3venes distribuyeron diez mil ejemplares del libro, visitaron a hogares de rehabilitaci\u00f3n de drogadictos, hogares de ancianos, adem\u00e1s de limpiar parques, alimentar a las personas de la calle y marchar por las calles de la ciudad de la regi\u00f3n.<\/p>\n<p>\u201cNuestros j\u00f3venes constituyen un movimiento poderoso, un ej\u00e9rcito que, cuando se mueve unido, impacta a muchos que tanto lo necesitan\u201d, dijo Leonel Preciado, director de ministerio juvenil de la Uni\u00f3n Colombiana del Sur.<\/p>\n<p>Un grupo de la iglesia adventista Hope de Nassau, en Bahamas, comparti\u00f3 un desayuno caliente con los miembros de la comunidad que viven cerca de las iglesias adventistas.<\/p>\n<p><div id=\"attachment_96386\" style=\"width: 968px\" class=\"wp-caption aligncenter\"><img loading=\"lazy\" decoding=\"async\" aria-describedby=\"caption-attachment-96386\" class=\" wp-image-96384\" src=\"https:\/\/interamerica.org\/wp-content\/uploads\/2023\/03\/gyd-socu-signs-road.jpg\" alt=\"\" width=\"958\" height=\"638\" srcset=\"https:\/\/interamerica.org\/wp-content\/uploads\/2023\/03\/gyd-socu-signs-road.jpg 1000w, https:\/\/interamerica.org\/wp-content\/uploads\/2023\/03\/gyd-socu-signs-road-300x200.jpg 300w, https:\/\/interamerica.org\/wp-content\/uploads\/2023\/03\/gyd-socu-signs-road-768x511.jpg 768w\" sizes=\"(max-width: 958px) 100vw, 958px\" \/><p id=\"caption-attachment-96386\" class=\"wp-caption-text\">J\u00f3venes sostienen un cartel que dice: \u201cSi amas a Jes\u00fas, pita\u201d, durante la marcha y distribuci\u00f3n del libro misionero en el D\u00eda Mundial de la Juventud en Bogot\u00e1, Colombia. [Fotograf\u00eda: Uni\u00f3n Colombiana del Sur]<\/p><\/div>En otras partes de la Divisi\u00f3n Interamericana, los j\u00f3venes y los miembros de iglesia dedicaron el d\u00eda a testificar, como parte de la distribuci\u00f3n masiva del libro misionero, mientras compart\u00edan el amor de Jes\u00fas por medio de diversas actividades comunitarias.<\/p>\n<p>\u201cLos j\u00f3venes comprendieron que el libro misionero era importante de compartir, como parte de las actividades del D\u00eda Mundial de la Juventud, y abrazaron con felicidad esas actividades, marcando una diferencia incre\u00edble en la vida de otras personas\u201d, dijo Powell.<\/p>\n<p><div id=\"attachment_96447\" style=\"width: 930px\" class=\"wp-caption aligncenter\"><img loading=\"lazy\" decoding=\"async\" aria-describedby=\"caption-attachment-96447\" class=\" wp-image-96447\" src=\"https:\/\/interamerica.org\/wp-content\/uploads\/2023\/03\/gyd-palletes-anguilla.jpg\" alt=\"\" width=\"920\" height=\"690\" srcset=\"https:\/\/interamerica.org\/wp-content\/uploads\/2023\/03\/gyd-palletes-anguilla.jpg 900w, https:\/\/interamerica.org\/wp-content\/uploads\/2023\/03\/gyd-palletes-anguilla-300x225.jpg 300w, https:\/\/interamerica.org\/wp-content\/uploads\/2023\/03\/gyd-palletes-anguilla-768x576.jpg 768w\" sizes=\"(max-width: 920px) 100vw, 920px\" \/><p id=\"caption-attachment-96447\" class=\"wp-caption-text\">Un grupo de Conquistadores del Club The Conquerors en South Hill, Anguila, posa junto a uno de varios bancos que fabricaron con madera de pal\u00e9s con el prop\u00f3sito de donarlos al Lugar Seguro para Ni\u00f1os y Hogar de Ancianos local, en el D\u00eda Mundial de la Juventud el pasado 18 de marzo de 2023. [Fotograf\u00eda: Asociaci\u00f3n Norte\u00f1a del Caribe]<\/p><\/div><em>Uriel Castellanos, V\u00edctor Mart\u00ednez, Gustavo Men\u00e9ndez, Fabricio Rivera, Daniela Arrieta, Nemuel Artiles, Steven\u2019s Rosado, Nigel Coke, Laura Acosta, Cesar Medina y Yoel Lizardo colaboraron con este informe.<\/em><\/p>\n<p>Traducci\u00f3n de Marcos Paseggi<\/p>\n","protected":false},"excerpt":{"rendered":"<p>23 de marzo de 2023 | Ciudad de M\u00e9xico, M\u00e9xico | Libna Stevens, Divisi\u00f3n Interamericana Cientos de miles de j\u00f3venes fueron acompa\u00f1ados por ni\u00f1os y adultos de toda la Iglesia&#8230;<\/p>\n","protected":false},"author":3,"featured_media":96350,"comment_status":"closed","ping_status":"closed","sticky":false,"template":"","format":"standard","meta":{"_acf_changed":false,"footnotes":""},"categories":[16,15],"tags":[],"class_list":["post-96436","post","type-post","status-publish","format-standard","has-post-thumbnail","hentry","category-desde-la-sede","category-rss-espanol"],"acf":[],"yoast_head":"<!-- This site is optimized with the Yoast SEO plugin v27.3 - https:\/\/yoast.com\/product\/yoast-seo-wordpress\/ -->\n<title>D\u00eda Mundial de la Juventud cuenta con distribuci\u00f3n masiva del libro \u2018El conflicto de los siglos\u2019 en toda Interam\u00e9rica - Iglesia Adventista del S\u00e9ptimo D\u00eda - Divisi\u00f3n Interamericana<\/title>\n<meta name=\"robots\" content=\"index, follow, max-snippet:-1, max-image-preview:large, max-video-preview:-1\" \/>\n<link rel=\"canonical\" href=\"https:\/\/interamerica.org\/es\/2023\/03\/dia-mundial-de-la-juventud-cuenta-con-distribucion-masiva-del-libro-el-conflicto-de-los-siglos-en-toda-interamerica\/\" \/>\n<meta property=\"og:locale\" content=\"es_ES\" \/>\n<meta property=\"og:type\" content=\"article\" \/>\n<meta property=\"og:title\" content=\"D\u00eda Mundial de la Juventud cuenta con distribuci\u00f3n masiva del libro \u2018El conflicto de los siglos\u2019 en toda Interam\u00e9rica - Iglesia Adventista del S\u00e9ptimo D\u00eda - Divisi\u00f3n Interamericana\" \/>\n<meta property=\"og:description\" content=\"23 de marzo de 2023 | Ciudad de M\u00e9xico, M\u00e9xico | Libna Stevens, Divisi\u00f3n Interamericana Cientos de miles de j\u00f3venes fueron acompa\u00f1ados por ni\u00f1os y adultos de toda la Iglesia...\" \/>\n<meta property=\"og:url\" content=\"https:\/\/interamerica.org\/es\/2023\/03\/dia-mundial-de-la-juventud-cuenta-con-distribucion-masiva-del-libro-el-conflicto-de-los-siglos-en-toda-interamerica\/\" \/>\n<meta property=\"og:site_name\" content=\"Iglesia Adventista del S\u00e9ptimo D\u00eda - Divisi\u00f3n Interamericana\" \/>\n<meta property=\"article:published_time\" content=\"2023-03-24T02:23:59+00:00\" \/>\n<meta property=\"article:modified_time\" content=\"2023-03-24T19:20:25+00:00\" \/>\n<meta property=\"og:image\" content=\"https:\/\/interamerica.org\/wp-content\/uploads\/2023\/03\/gyd-domu-2023-1.jpg\" \/>\n\t<meta property=\"og:image:width\" content=\"1000\" \/>\n\t<meta property=\"og:image:height\" content=\"617\" \/>\n\t<meta property=\"og:image:type\" content=\"image\/jpeg\" \/>\n<meta name=\"author\" content=\"libna\" \/>\n<meta name=\"twitter:card\" content=\"summary_large_image\" \/>\n<meta name=\"twitter:label1\" content=\"Escrito por\" \/>\n\t<meta name=\"twitter:data1\" content=\"libna\" \/>\n\t<meta name=\"twitter:label2\" content=\"Tiempo de lectura\" \/>\n\t<meta name=\"twitter:data2\" content=\"17 minutos\" \/>\n<script type=\"application\/ld+json\" class=\"yoast-schema-graph\">{\"@context\":\"https:\\\/\\\/schema.org\",\"@graph\":[{\"@type\":\"Article\",\"@id\":\"https:\\\/\\\/interamerica.org\\\/es\\\/2023\\\/03\\\/dia-mundial-de-la-juventud-cuenta-con-distribucion-masiva-del-libro-el-conflicto-de-los-siglos-en-toda-interamerica\\\/#article\",\"isPartOf\":{\"@id\":\"https:\\\/\\\/interamerica.org\\\/es\\\/2023\\\/03\\\/dia-mundial-de-la-juventud-cuenta-con-distribucion-masiva-del-libro-el-conflicto-de-los-siglos-en-toda-interamerica\\\/\"},\"author\":{\"name\":\"libna\",\"@id\":\"https:\\\/\\\/interamerica.org\\\/es\\\/#\\\/schema\\\/person\\\/29998f2bc2d8bd0d38662909289b54f1\"},\"headline\":\"D\u00eda Mundial de la Juventud cuenta con distribuci\u00f3n masiva del libro \u2018El conflicto de los siglos\u2019 en toda Interam\u00e9rica\",\"datePublished\":\"2023-03-24T02:23:59+00:00\",\"dateModified\":\"2023-03-24T19:20:25+00:00\",\"mainEntityOfPage\":{\"@id\":\"https:\\\/\\\/interamerica.org\\\/es\\\/2023\\\/03\\\/dia-mundial-de-la-juventud-cuenta-con-distribucion-masiva-del-libro-el-conflicto-de-los-siglos-en-toda-interamerica\\\/\"},\"wordCount\":3414,\"image\":{\"@id\":\"https:\\\/\\\/interamerica.org\\\/es\\\/2023\\\/03\\\/dia-mundial-de-la-juventud-cuenta-con-distribucion-masiva-del-libro-el-conflicto-de-los-siglos-en-toda-interamerica\\\/#primaryimage\"},\"thumbnailUrl\":\"https:\\\/\\\/interamerica.org\\\/wp-content\\\/uploads\\\/2023\\\/03\\\/gyd-domu-2023-1.jpg\",\"articleSection\":[\"Desde la sede\",\"RSS Espa\u00f1ol\"],\"inLanguage\":\"es\"},{\"@type\":\"WebPage\",\"@id\":\"https:\\\/\\\/interamerica.org\\\/es\\\/2023\\\/03\\\/dia-mundial-de-la-juventud-cuenta-con-distribucion-masiva-del-libro-el-conflicto-de-los-siglos-en-toda-interamerica\\\/\",\"url\":\"https:\\\/\\\/interamerica.org\\\/es\\\/2023\\\/03\\\/dia-mundial-de-la-juventud-cuenta-con-distribucion-masiva-del-libro-el-conflicto-de-los-siglos-en-toda-interamerica\\\/\",\"name\":\"D\u00eda Mundial de la Juventud cuenta con distribuci\u00f3n masiva del libro \u2018El conflicto de los siglos\u2019 en toda Interam\u00e9rica - Iglesia Adventista del S\u00e9ptimo D\u00eda - Divisi\u00f3n Interamericana\",\"isPartOf\":{\"@id\":\"https:\\\/\\\/interamerica.org\\\/es\\\/#website\"},\"primaryImageOfPage\":{\"@id\":\"https:\\\/\\\/interamerica.org\\\/es\\\/2023\\\/03\\\/dia-mundial-de-la-juventud-cuenta-con-distribucion-masiva-del-libro-el-conflicto-de-los-siglos-en-toda-interamerica\\\/#primaryimage\"},\"image\":{\"@id\":\"https:\\\/\\\/interamerica.org\\\/es\\\/2023\\\/03\\\/dia-mundial-de-la-juventud-cuenta-con-distribucion-masiva-del-libro-el-conflicto-de-los-siglos-en-toda-interamerica\\\/#primaryimage\"},\"thumbnailUrl\":\"https:\\\/\\\/interamerica.org\\\/wp-content\\\/uploads\\\/2023\\\/03\\\/gyd-domu-2023-1.jpg\",\"datePublished\":\"2023-03-24T02:23:59+00:00\",\"dateModified\":\"2023-03-24T19:20:25+00:00\",\"author\":{\"@id\":\"https:\\\/\\\/interamerica.org\\\/es\\\/#\\\/schema\\\/person\\\/29998f2bc2d8bd0d38662909289b54f1\"},\"breadcrumb\":{\"@id\":\"https:\\\/\\\/interamerica.org\\\/es\\\/2023\\\/03\\\/dia-mundial-de-la-juventud-cuenta-con-distribucion-masiva-del-libro-el-conflicto-de-los-siglos-en-toda-interamerica\\\/#breadcrumb\"},\"inLanguage\":\"es\",\"potentialAction\":[{\"@type\":\"ReadAction\",\"target\":[\"https:\\\/\\\/interamerica.org\\\/es\\\/2023\\\/03\\\/dia-mundial-de-la-juventud-cuenta-con-distribucion-masiva-del-libro-el-conflicto-de-los-siglos-en-toda-interamerica\\\/\"]}]},{\"@type\":\"ImageObject\",\"inLanguage\":\"es\",\"@id\":\"https:\\\/\\\/interamerica.org\\\/es\\\/2023\\\/03\\\/dia-mundial-de-la-juventud-cuenta-con-distribucion-masiva-del-libro-el-conflicto-de-los-siglos-en-toda-interamerica\\\/#primaryimage\",\"url\":\"https:\\\/\\\/interamerica.org\\\/wp-content\\\/uploads\\\/2023\\\/03\\\/gyd-domu-2023-1.jpg\",\"contentUrl\":\"https:\\\/\\\/interamerica.org\\\/wp-content\\\/uploads\\\/2023\\\/03\\\/gyd-domu-2023-1.jpg\",\"width\":1000,\"height\":617,\"caption\":\"Young people from the Southeast Dominican Conference in Santo Domingo, Dominican Republic, wear their Global Youth Day T-shirts and get ready to distribute \\\"The Great Controversy\\\" books through the city streets, on Mar. 18, 2023. More than 80,000 copies of the missionary books were distributed throughout the island. [Photo: Dominican Union]\"},{\"@type\":\"BreadcrumbList\",\"@id\":\"https:\\\/\\\/interamerica.org\\\/es\\\/2023\\\/03\\\/dia-mundial-de-la-juventud-cuenta-con-distribucion-masiva-del-libro-el-conflicto-de-los-siglos-en-toda-interamerica\\\/#breadcrumb\",\"itemListElement\":[{\"@type\":\"ListItem\",\"position\":1,\"name\":\"Home\",\"item\":\"https:\\\/\\\/interamerica.org\\\/es\\\/\"},{\"@type\":\"ListItem\",\"position\":2,\"name\":\"D\u00eda Mundial de la Juventud cuenta con distribuci\u00f3n masiva del libro \u2018El conflicto de los siglos\u2019 en toda Interam\u00e9rica\"}]},{\"@type\":\"WebSite\",\"@id\":\"https:\\\/\\\/interamerica.org\\\/es\\\/#website\",\"url\":\"https:\\\/\\\/interamerica.org\\\/es\\\/\",\"name\":\"Iglesia Adventista del S\u00e9ptimo D\u00eda - Divisi\u00f3n Interamericana\",\"description\":\"\",\"potentialAction\":[{\"@type\":\"SearchAction\",\"target\":{\"@type\":\"EntryPoint\",\"urlTemplate\":\"https:\\\/\\\/interamerica.org\\\/es\\\/?s={search_term_string}\"},\"query-input\":{\"@type\":\"PropertyValueSpecification\",\"valueRequired\":true,\"valueName\":\"search_term_string\"}}],\"inLanguage\":\"es\"},{\"@type\":\"Person\",\"@id\":\"https:\\\/\\\/interamerica.org\\\/es\\\/#\\\/schema\\\/person\\\/29998f2bc2d8bd0d38662909289b54f1\",\"name\":\"libna\",\"image\":{\"@type\":\"ImageObject\",\"inLanguage\":\"es\",\"@id\":\"https:\\\/\\\/secure.gravatar.com\\\/avatar\\\/7c5bd30ae4b47a9ba3c856590957fd1d96dc588bf3ac05719d247e126840331f?s=96&d=mm&r=g\",\"url\":\"https:\\\/\\\/secure.gravatar.com\\\/avatar\\\/7c5bd30ae4b47a9ba3c856590957fd1d96dc588bf3ac05719d247e126840331f?s=96&d=mm&r=g\",\"contentUrl\":\"https:\\\/\\\/secure.gravatar.com\\\/avatar\\\/7c5bd30ae4b47a9ba3c856590957fd1d96dc588bf3ac05719d247e126840331f?s=96&d=mm&r=g\",\"caption\":\"libna\"}}]}<\/script>\n<!-- \/ Yoast SEO plugin. -->","yoast_head_json":{"title":"D\u00eda Mundial de la Juventud cuenta con distribuci\u00f3n masiva del libro \u2018El conflicto de los siglos\u2019 en toda Interam\u00e9rica - Iglesia Adventista del S\u00e9ptimo D\u00eda - Divisi\u00f3n Interamericana","robots":{"index":"index","follow":"follow","max-snippet":"max-snippet:-1","max-image-preview":"max-image-preview:large","max-video-preview":"max-video-preview:-1"},"canonical":"https:\/\/interamerica.org\/es\/2023\/03\/dia-mundial-de-la-juventud-cuenta-con-distribucion-masiva-del-libro-el-conflicto-de-los-siglos-en-toda-interamerica\/","og_locale":"es_ES","og_type":"article","og_title":"D\u00eda Mundial de la Juventud cuenta con distribuci\u00f3n masiva del libro \u2018El conflicto de los siglos\u2019 en toda Interam\u00e9rica - Iglesia Adventista del S\u00e9ptimo D\u00eda - Divisi\u00f3n Interamericana","og_description":"23 de marzo de 2023 | Ciudad de M\u00e9xico, M\u00e9xico | Libna Stevens, Divisi\u00f3n Interamericana Cientos de miles de j\u00f3venes fueron acompa\u00f1ados por ni\u00f1os y adultos de toda la Iglesia...","og_url":"https:\/\/interamerica.org\/es\/2023\/03\/dia-mundial-de-la-juventud-cuenta-con-distribucion-masiva-del-libro-el-conflicto-de-los-siglos-en-toda-interamerica\/","og_site_name":"Iglesia Adventista del S\u00e9ptimo D\u00eda - Divisi\u00f3n Interamericana","article_published_time":"2023-03-24T02:23:59+00:00","article_modified_time":"2023-03-24T19:20:25+00:00","og_image":[{"width":1000,"height":617,"url":"https:\/\/interamerica.org\/wp-content\/uploads\/2023\/03\/gyd-domu-2023-1.jpg","type":"image\/jpeg"}],"author":"libna","twitter_card":"summary_large_image","twitter_misc":{"Escrito por":"libna","Tiempo de lectura":"17 minutos"},"schema":{"@context":"https:\/\/schema.org","@graph":[{"@type":"Article","@id":"https:\/\/interamerica.org\/es\/2023\/03\/dia-mundial-de-la-juventud-cuenta-con-distribucion-masiva-del-libro-el-conflicto-de-los-siglos-en-toda-interamerica\/#article","isPartOf":{"@id":"https:\/\/interamerica.org\/es\/2023\/03\/dia-mundial-de-la-juventud-cuenta-con-distribucion-masiva-del-libro-el-conflicto-de-los-siglos-en-toda-interamerica\/"},"author":{"name":"libna","@id":"https:\/\/interamerica.org\/es\/#\/schema\/person\/29998f2bc2d8bd0d38662909289b54f1"},"headline":"D\u00eda Mundial de la Juventud cuenta con distribuci\u00f3n masiva del libro \u2018El conflicto de los siglos\u2019 en toda Interam\u00e9rica","datePublished":"2023-03-24T02:23:59+00:00","dateModified":"2023-03-24T19:20:25+00:00","mainEntityOfPage":{"@id":"https:\/\/interamerica.org\/es\/2023\/03\/dia-mundial-de-la-juventud-cuenta-con-distribucion-masiva-del-libro-el-conflicto-de-los-siglos-en-toda-interamerica\/"},"wordCount":3414,"image":{"@id":"https:\/\/interamerica.org\/es\/2023\/03\/dia-mundial-de-la-juventud-cuenta-con-distribucion-masiva-del-libro-el-conflicto-de-los-siglos-en-toda-interamerica\/#primaryimage"},"thumbnailUrl":"https:\/\/interamerica.org\/wp-content\/uploads\/2023\/03\/gyd-domu-2023-1.jpg","articleSection":["Desde la sede","RSS Espa\u00f1ol"],"inLanguage":"es"},{"@type":"WebPage","@id":"https:\/\/interamerica.org\/es\/2023\/03\/dia-mundial-de-la-juventud-cuenta-con-distribucion-masiva-del-libro-el-conflicto-de-los-siglos-en-toda-interamerica\/","url":"https:\/\/interamerica.org\/es\/2023\/03\/dia-mundial-de-la-juventud-cuenta-con-distribucion-masiva-del-libro-el-conflicto-de-los-siglos-en-toda-interamerica\/","name":"D\u00eda Mundial de la Juventud cuenta con distribuci\u00f3n masiva del libro \u2018El conflicto de los siglos\u2019 en toda Interam\u00e9rica - Iglesia Adventista del S\u00e9ptimo D\u00eda - Divisi\u00f3n Interamericana","isPartOf":{"@id":"https:\/\/interamerica.org\/es\/#website"},"primaryImageOfPage":{"@id":"https:\/\/interamerica.org\/es\/2023\/03\/dia-mundial-de-la-juventud-cuenta-con-distribucion-masiva-del-libro-el-conflicto-de-los-siglos-en-toda-interamerica\/#primaryimage"},"image":{"@id":"https:\/\/interamerica.org\/es\/2023\/03\/dia-mundial-de-la-juventud-cuenta-con-distribucion-masiva-del-libro-el-conflicto-de-los-siglos-en-toda-interamerica\/#primaryimage"},"thumbnailUrl":"https:\/\/interamerica.org\/wp-content\/uploads\/2023\/03\/gyd-domu-2023-1.jpg","datePublished":"2023-03-24T02:23:59+00:00","dateModified":"2023-03-24T19:20:25+00:00","author":{"@id":"https:\/\/interamerica.org\/es\/#\/schema\/person\/29998f2bc2d8bd0d38662909289b54f1"},"breadcrumb":{"@id":"https:\/\/interamerica.org\/es\/2023\/03\/dia-mundial-de-la-juventud-cuenta-con-distribucion-masiva-del-libro-el-conflicto-de-los-siglos-en-toda-interamerica\/#breadcrumb"},"inLanguage":"es","potentialAction":[{"@type":"ReadAction","target":["https:\/\/interamerica.org\/es\/2023\/03\/dia-mundial-de-la-juventud-cuenta-con-distribucion-masiva-del-libro-el-conflicto-de-los-siglos-en-toda-interamerica\/"]}]},{"@type":"ImageObject","inLanguage":"es","@id":"https:\/\/interamerica.org\/es\/2023\/03\/dia-mundial-de-la-juventud-cuenta-con-distribucion-masiva-del-libro-el-conflicto-de-los-siglos-en-toda-interamerica\/#primaryimage","url":"https:\/\/interamerica.org\/wp-content\/uploads\/2023\/03\/gyd-domu-2023-1.jpg","contentUrl":"https:\/\/interamerica.org\/wp-content\/uploads\/2023\/03\/gyd-domu-2023-1.jpg","width":1000,"height":617,"caption":"Young people from the Southeast Dominican Conference in Santo Domingo, Dominican Republic, wear their Global Youth Day T-shirts and get ready to distribute \"The Great Controversy\" books through the city streets, on Mar. 18, 2023. More than 80,000 copies of the missionary books were distributed throughout the island. [Photo: Dominican Union]"},{"@type":"BreadcrumbList","@id":"https:\/\/interamerica.org\/es\/2023\/03\/dia-mundial-de-la-juventud-cuenta-con-distribucion-masiva-del-libro-el-conflicto-de-los-siglos-en-toda-interamerica\/#breadcrumb","itemListElement":[{"@type":"ListItem","position":1,"name":"Home","item":"https:\/\/interamerica.org\/es\/"},{"@type":"ListItem","position":2,"name":"D\u00eda Mundial de la Juventud cuenta con distribuci\u00f3n masiva del libro \u2018El conflicto de los siglos\u2019 en toda Interam\u00e9rica"}]},{"@type":"WebSite","@id":"https:\/\/interamerica.org\/es\/#website","url":"https:\/\/interamerica.org\/es\/","name":"Iglesia Adventista del S\u00e9ptimo D\u00eda - Divisi\u00f3n Interamericana","description":"","potentialAction":[{"@type":"SearchAction","target":{"@type":"EntryPoint","urlTemplate":"https:\/\/interamerica.org\/es\/?s={search_term_string}"},"query-input":{"@type":"PropertyValueSpecification","valueRequired":true,"valueName":"search_term_string"}}],"inLanguage":"es"},{"@type":"Person","@id":"https:\/\/interamerica.org\/es\/#\/schema\/person\/29998f2bc2d8bd0d38662909289b54f1","name":"libna","image":{"@type":"ImageObject","inLanguage":"es","@id":"https:\/\/secure.gravatar.com\/avatar\/7c5bd30ae4b47a9ba3c856590957fd1d96dc588bf3ac05719d247e126840331f?s=96&d=mm&r=g","url":"https:\/\/secure.gravatar.com\/avatar\/7c5bd30ae4b47a9ba3c856590957fd1d96dc588bf3ac05719d247e126840331f?s=96&d=mm&r=g","contentUrl":"https:\/\/secure.gravatar.com\/avatar\/7c5bd30ae4b47a9ba3c856590957fd1d96dc588bf3ac05719d247e126840331f?s=96&d=mm&r=g","caption":"libna"}}]}},"_links":{"self":[{"href":"https:\/\/interamerica.org\/es\/wp-json\/wp\/v2\/posts\/96436","targetHints":{"allow":["GET"]}}],"collection":[{"href":"https:\/\/interamerica.org\/es\/wp-json\/wp\/v2\/posts"}],"about":[{"href":"https:\/\/interamerica.org\/es\/wp-json\/wp\/v2\/types\/post"}],"author":[{"embeddable":true,"href":"https:\/\/interamerica.org\/es\/wp-json\/wp\/v2\/users\/3"}],"replies":[{"embeddable":true,"href":"https:\/\/interamerica.org\/es\/wp-json\/wp\/v2\/comments?post=96436"}],"version-history":[{"count":0,"href":"https:\/\/interamerica.org\/es\/wp-json\/wp\/v2\/posts\/96436\/revisions"}],"wp:featuredmedia":[{"embeddable":true,"href":"https:\/\/interamerica.org\/es\/wp-json\/wp\/v2\/media\/96350"}],"wp:attachment":[{"href":"https:\/\/interamerica.org\/es\/wp-json\/wp\/v2\/media?parent=96436"}],"wp:term":[{"taxonomy":"category","embeddable":true,"href":"https:\/\/interamerica.org\/es\/wp-json\/wp\/v2\/categories?post=96436"},{"taxonomy":"post_tag","embeddable":true,"href":"https:\/\/interamerica.org\/es\/wp-json\/wp\/v2\/tags?post=96436"}],"curies":[{"name":"wp","href":"https:\/\/api.w.org\/{rel}","templated":true}]}}