{"id":96590,"date":"2023-03-29T10:55:28","date_gmt":"2023-03-29T14:55:28","guid":{"rendered":"https:\/\/interamerica.org\/?p=96590"},"modified":"2023-03-29T12:02:26","modified_gmt":"2023-03-29T16:02:26","slug":"en-colombia-adventistas-donan-sangre-para-las-victimas-del-terremoto-de-turquia","status":"publish","type":"post","link":"https:\/\/interamerica.org\/es\/2023\/03\/en-colombia-adventistas-donan-sangre-para-las-victimas-del-terremoto-de-turquia\/","title":{"rendered":"En Colombia, adventistas donan sangre para las v\u00edctimas del terremoto de Turqu\u00eda"},"content":{"rendered":"<p><div id=\"attachment_96564\" style=\"width: 981px\" class=\"wp-caption aligncenter\"><img fetchpriority=\"high\" decoding=\"async\" aria-describedby=\"caption-attachment-96564\" class=\" wp-image-96562\" src=\"https:\/\/interamerica.org\/wp-content\/uploads\/2023\/03\/socu-blood-donation2.jpg\" alt=\"\" width=\"971\" height=\"728\" srcset=\"https:\/\/interamerica.org\/wp-content\/uploads\/2023\/03\/socu-blood-donation2.jpg 960w, https:\/\/interamerica.org\/wp-content\/uploads\/2023\/03\/socu-blood-donation2-300x225.jpg 300w, https:\/\/interamerica.org\/wp-content\/uploads\/2023\/03\/socu-blood-donation2-768x576.jpg 768w\" sizes=\"(max-width: 971px) 100vw, 971px\" \/><p id=\"caption-attachment-96564\" class=\"wp-caption-text\">Adventistas completan formularios para donar sangre, antes de ingresar a la Cruz Roja de Colombia para donar sangre, durante el evento del centenario de la Iglesia Adventista en el Parque Bol\u00edvar, en Bogot\u00e1, Colombia, el 11 de febrero de 2023. Se recolectaron 250 unidades de sangre durante la campa\u00f1a, que fueron destinadas directamente a las v\u00edctimas del reciente terremoto de Turqu\u00eda. [Fotograf\u00eda: Yesmer Tarazona]<\/p><\/div>28 de marzo de 2023 | Bogot\u00e1, Colombia | Laura Acosta y Noticias de la Divisi\u00f3n Interamericana<\/p>\n<p>Los adventistas del s\u00e9ptimo d\u00eda en Bogot\u00e1, Colombia, donaron sangre para ayudar a las v\u00edctimas del terremoto que azot\u00f3 Turqu\u00eda el mes pasado. Decenas de miembros de iglesia hicieron fila para participar de la campa\u00f1a de donaci\u00f3n, organizada por la Red Cruz de Colombia, durante la <a href=\"https:\/\/interamerica.org\/fr\/2023\/03\/les-professionnels-de-sante-adventistes-en-republique-dominicaine-repondent-a-lappel-a-se-lever-et-rayonner\/\" data-saferedirecturl=\"https:\/\/www.google.com\/url?q=https:\/\/interamerica.org\/fr\/2023\/03\/les-professionnels-de-sante-adventistes-en-republique-dominicaine-repondent-a-lappel-a-se-lever-et-rayonner\/&amp;source=gmail&amp;ust=1680149025338000&amp;usg=AOvVaw3YFfzKGADLmvg6EHVK0C6s\">celebraci\u00f3n del centenario de la iglesia<\/a> en la Plaza Bol\u00edvar, el 11 de febrero de 2023.<\/p>\n<p>\u201cEn nombre del Banco Nacional de Sangre de la Cruz Roja de Colombia, les agradecemos por el compromiso y la solidaridad de la comunidad adventista de compartir felicidad, paz y amor mediante esta donaci\u00f3n de sangre\u201d, dijo F\u00e9lix Rocha, coordinador de promoci\u00f3n del Banco Nacional de Sangre de la Cruz Roja de Colombia. Rocha inform\u00f3 que se recolectaron 250 unidades de sangre durante el evento. \u201cNuestro grupo de colaboradores y voluntarios aqu\u00ed est\u00e1n impresionados con el hermoso prop\u00f3sito y la c\u00e1lida recepci\u00f3n mostrada en la donaci\u00f3n de sangre\u201d.<\/p>\n<p><div id=\"attachment_96567\" style=\"width: 928px\" class=\"wp-caption aligncenter\"><img decoding=\"async\" aria-describedby=\"caption-attachment-96567\" class=\" wp-image-96565\" src=\"https:\/\/interamerica.org\/wp-content\/uploads\/2023\/03\/socu-blood-donation.jpg\" alt=\"\" width=\"918\" height=\"689\" srcset=\"https:\/\/interamerica.org\/wp-content\/uploads\/2023\/03\/socu-blood-donation.jpg 960w, https:\/\/interamerica.org\/wp-content\/uploads\/2023\/03\/socu-blood-donation-300x225.jpg 300w, https:\/\/interamerica.org\/wp-content\/uploads\/2023\/03\/socu-blood-donation-768x576.jpg 768w\" sizes=\"(max-width: 918px) 100vw, 918px\" \/><p id=\"caption-attachment-96567\" class=\"wp-caption-text\">Cientos de miembros de iglesia hacen fila mientras completan los formularios de donaci\u00f3n de sangre. [Fotograf\u00eda: Uni\u00f3n Colombiana del Sur]<\/p><\/div>El pastor \u00c1lvaro Ni\u00f1o, presidente de la Uni\u00f3n Colombiana del Sur, dijo que la sociedad entre la iglesia y la Cruz Roja ha sido continua en muchas ocasiones y en toda la gran urbe, adem\u00e1s de otras numerosas iniciativas que buscan promover un estilo de vida saludable mediante clubes de ciclismo, exposiciones de salud, publicaciones, y otras actividades humanitarias y ecol\u00f3gicas como lo son la distribuci\u00f3n de alimentos y la plantaci\u00f3n de \u00e1rboles.<\/p>\n<p>\u201cLa Iglesia Adventista lleva a cabo este evento de donaci\u00f3n de sangre como una expresi\u00f3n de amor compasivo ejemplificado en la experiencia de nuestro Se\u00f1or Jesucristo, como un acto de bondad por los que lo necesitan para vivir, y por su bienestar\u201d, dijo Ni\u00f1o.<\/p>\n<p><div id=\"attachment_96555\" style=\"width: 927px\" class=\"wp-caption aligncenter\"><img decoding=\"async\" aria-describedby=\"caption-attachment-96555\" class=\" wp-image-96553\" src=\"https:\/\/interamerica.org\/wp-content\/uploads\/2023\/03\/socu-blood-donation4.jpg\" alt=\"\" width=\"917\" height=\"688\" srcset=\"https:\/\/interamerica.org\/wp-content\/uploads\/2023\/03\/socu-blood-donation4.jpg 1000w, https:\/\/interamerica.org\/wp-content\/uploads\/2023\/03\/socu-blood-donation4-300x225.jpg 300w, https:\/\/interamerica.org\/wp-content\/uploads\/2023\/03\/socu-blood-donation4-768x576.jpg 768w\" sizes=\"(max-width: 917px) 100vw, 917px\" \/><p id=\"caption-attachment-96555\" class=\"wp-caption-text\">Varios miembros de iglesia dentro de la tienda de la Cruz Roja para donar su sangre a las v\u00edctimas del terremoto en Turqu\u00eda. [Fotograf\u00eda: Uni\u00f3n Colombiana del Sur]<\/p><\/div>\u201cNos sentimos tan agradecidos a los miembros de iglesia por hacerse presentes a donar sangre que ser\u00e1 enviada sin demora a Turqu\u00eda\u201d, dijo Henry B\u00e9ltran, secretario ejecutivo de la Uni\u00f3n Colombiana del Sur. \u201cFue maravilloso ver a tantos [miembros] dispuestos a donar su sangre\u201d.<\/p>\n<p>Allan L\u00f3pez se mostraba ansioso por participar de la campa\u00f1a de donaci\u00f3n. \u201cPara m\u00ed, donar sangre significa que puedo ayudar a alguien de manera trascendental, porque nadie recibe una trasfusi\u00f3n de sangre solo por gusto, sino porque le est\u00e1 sucediendo algo de importancia\u201d, dijo L\u00f3pez. \u201cMi abuela depend\u00eda mucho de estos tipos de donaciones y, en ocasiones, era sumamente esencial encontrar alguien con el mismo tipo de sangre que la ayudara. Por ello, es para m\u00ed un privilegio ser un instrumento para situaciones de emergencia. Implica brindar alivio y ayuda durante una emergencia\u201d.<\/p>\n<p><div id=\"attachment_96558\" style=\"width: 944px\" class=\"wp-caption aligncenter\"><img loading=\"lazy\" decoding=\"async\" aria-describedby=\"caption-attachment-96558\" class=\" wp-image-96556\" src=\"https:\/\/interamerica.org\/wp-content\/uploads\/2023\/03\/socu-runners-cyclists.jpg\" alt=\"\" width=\"934\" height=\"623\" srcset=\"https:\/\/interamerica.org\/wp-content\/uploads\/2023\/03\/socu-runners-cyclists.jpg 1000w, https:\/\/interamerica.org\/wp-content\/uploads\/2023\/03\/socu-runners-cyclists-300x200.jpg 300w, https:\/\/interamerica.org\/wp-content\/uploads\/2023\/03\/socu-runners-cyclists-768x512.jpg 768w\" sizes=\"(max-width: 934px) 100vw, 934px\" \/><p id=\"caption-attachment-96558\" class=\"wp-caption-text\">Un grupo de corredores y ciclistas adventistas aguarda en fila para donar sangre, durante el evento organizado por la Iglesia Adventista en Bogot\u00e1, Colombia. [Fotograf\u00eda: Uni\u00f3n Colombiana del Sur]<\/p><\/div>Implica ser un canal de bendiciones para las personas, dijo el pastor Ni\u00f1o. \u201cAl igual que cuando compartimos un libro, o folletos, cuando enviamos un mensaje de aliento mediante nuestras plataformas de medios sociales, cuando invitamos a la gente a visitar nuestras iglesias o participar de la limpieza de un parque, es importante beneficiar a otros, y mucho m\u00e1s impactar la vida de otra persona mediante la donaci\u00f3n de sangre\u201d.<\/p>\n<p>La Iglesia Adventista de la regi\u00f3n Colombiana del Sur est\u00e1 planificando m\u00e1s campa\u00f1as de donaci\u00f3n de sangre mediante actividades de las iglesias locales y regional, dijeron los l\u00edderes.<\/p>\n<p>Traducci\u00f3n de Marcos Paseggi<\/p>\n","protected":false},"excerpt":{"rendered":"<p>28 de marzo de 2023 | Bogot\u00e1, Colombia | Laura Acosta y Noticias de la Divisi\u00f3n Interamericana Los adventistas del s\u00e9ptimo d\u00eda en Bogot\u00e1, Colombia, donaron sangre para ayudar a&#8230;<\/p>\n","protected":false},"author":3,"featured_media":96564,"comment_status":"closed","ping_status":"closed","sticky":false,"template":"","format":"standard","meta":{"_acf_changed":false,"footnotes":""},"categories":[17,15],"tags":[],"class_list":["post-96590","post","type-post","status-publish","format-standard","has-post-thumbnail","hentry","category-desde-el-campo","category-rss-espanol"],"acf":[],"yoast_head":"<!-- This site is optimized with the Yoast SEO plugin v27.3 - https:\/\/yoast.com\/product\/yoast-seo-wordpress\/ -->\n<title>En Colombia, adventistas donan sangre para las v\u00edctimas del terremoto de Turqu\u00eda - Iglesia Adventista del S\u00e9ptimo D\u00eda - Divisi\u00f3n Interamericana<\/title>\n<meta name=\"robots\" content=\"index, follow, max-snippet:-1, max-image-preview:large, max-video-preview:-1\" \/>\n<link rel=\"canonical\" href=\"https:\/\/interamerica.org\/es\/2023\/03\/en-colombia-adventistas-donan-sangre-para-las-victimas-del-terremoto-de-turquia\/\" \/>\n<meta property=\"og:locale\" content=\"es_ES\" \/>\n<meta property=\"og:type\" content=\"article\" \/>\n<meta property=\"og:title\" content=\"En Colombia, adventistas donan sangre para las v\u00edctimas del terremoto de Turqu\u00eda - Iglesia Adventista del S\u00e9ptimo D\u00eda - Divisi\u00f3n Interamericana\" \/>\n<meta property=\"og:description\" content=\"28 de marzo de 2023 | Bogot\u00e1, Colombia | Laura Acosta y Noticias de la Divisi\u00f3n Interamericana Los adventistas del s\u00e9ptimo d\u00eda en Bogot\u00e1, Colombia, donaron sangre para ayudar a...\" \/>\n<meta property=\"og:url\" content=\"https:\/\/interamerica.org\/es\/2023\/03\/en-colombia-adventistas-donan-sangre-para-las-victimas-del-terremoto-de-turquia\/\" \/>\n<meta property=\"og:site_name\" content=\"Iglesia Adventista del S\u00e9ptimo D\u00eda - Divisi\u00f3n Interamericana\" \/>\n<meta property=\"article:published_time\" content=\"2023-03-29T14:55:28+00:00\" \/>\n<meta property=\"article:modified_time\" content=\"2023-03-29T16:02:26+00:00\" \/>\n<meta property=\"og:image\" content=\"https:\/\/interamerica.org\/wp-content\/uploads\/2023\/03\/socu-blood-donation2.jpg\" \/>\n\t<meta property=\"og:image:width\" content=\"960\" \/>\n\t<meta property=\"og:image:height\" content=\"720\" \/>\n\t<meta property=\"og:image:type\" content=\"image\/jpeg\" \/>\n<meta name=\"author\" content=\"libna\" \/>\n<meta name=\"twitter:card\" content=\"summary_large_image\" \/>\n<meta name=\"twitter:label1\" content=\"Escrito por\" \/>\n\t<meta name=\"twitter:data1\" content=\"libna\" \/>\n\t<meta name=\"twitter:label2\" content=\"Tiempo de lectura\" \/>\n\t<meta name=\"twitter:data2\" content=\"4 minutos\" \/>\n<script type=\"application\/ld+json\" class=\"yoast-schema-graph\">{\"@context\":\"https:\\\/\\\/schema.org\",\"@graph\":[{\"@type\":\"Article\",\"@id\":\"https:\\\/\\\/interamerica.org\\\/es\\\/2023\\\/03\\\/en-colombia-adventistas-donan-sangre-para-las-victimas-del-terremoto-de-turquia\\\/#article\",\"isPartOf\":{\"@id\":\"https:\\\/\\\/interamerica.org\\\/es\\\/2023\\\/03\\\/en-colombia-adventistas-donan-sangre-para-las-victimas-del-terremoto-de-turquia\\\/\"},\"author\":{\"name\":\"libna\",\"@id\":\"https:\\\/\\\/interamerica.org\\\/es\\\/#\\\/schema\\\/person\\\/29998f2bc2d8bd0d38662909289b54f1\"},\"headline\":\"En Colombia, adventistas donan sangre para las v\u00edctimas del terremoto de Turqu\u00eda\",\"datePublished\":\"2023-03-29T14:55:28+00:00\",\"dateModified\":\"2023-03-29T16:02:26+00:00\",\"mainEntityOfPage\":{\"@id\":\"https:\\\/\\\/interamerica.org\\\/es\\\/2023\\\/03\\\/en-colombia-adventistas-donan-sangre-para-las-victimas-del-terremoto-de-turquia\\\/\"},\"wordCount\":755,\"image\":{\"@id\":\"https:\\\/\\\/interamerica.org\\\/es\\\/2023\\\/03\\\/en-colombia-adventistas-donan-sangre-para-las-victimas-del-terremoto-de-turquia\\\/#primaryimage\"},\"thumbnailUrl\":\"https:\\\/\\\/interamerica.org\\\/wp-content\\\/uploads\\\/2023\\\/03\\\/socu-blood-donation2.jpg\",\"articleSection\":[\"Desde el campo\",\"RSS Espa\u00f1ol\"],\"inLanguage\":\"es\"},{\"@type\":\"WebPage\",\"@id\":\"https:\\\/\\\/interamerica.org\\\/es\\\/2023\\\/03\\\/en-colombia-adventistas-donan-sangre-para-las-victimas-del-terremoto-de-turquia\\\/\",\"url\":\"https:\\\/\\\/interamerica.org\\\/es\\\/2023\\\/03\\\/en-colombia-adventistas-donan-sangre-para-las-victimas-del-terremoto-de-turquia\\\/\",\"name\":\"En Colombia, adventistas donan sangre para las v\u00edctimas del terremoto de Turqu\u00eda - Iglesia Adventista del S\u00e9ptimo D\u00eda - Divisi\u00f3n Interamericana\",\"isPartOf\":{\"@id\":\"https:\\\/\\\/interamerica.org\\\/es\\\/#website\"},\"primaryImageOfPage\":{\"@id\":\"https:\\\/\\\/interamerica.org\\\/es\\\/2023\\\/03\\\/en-colombia-adventistas-donan-sangre-para-las-victimas-del-terremoto-de-turquia\\\/#primaryimage\"},\"image\":{\"@id\":\"https:\\\/\\\/interamerica.org\\\/es\\\/2023\\\/03\\\/en-colombia-adventistas-donan-sangre-para-las-victimas-del-terremoto-de-turquia\\\/#primaryimage\"},\"thumbnailUrl\":\"https:\\\/\\\/interamerica.org\\\/wp-content\\\/uploads\\\/2023\\\/03\\\/socu-blood-donation2.jpg\",\"datePublished\":\"2023-03-29T14:55:28+00:00\",\"dateModified\":\"2023-03-29T16:02:26+00:00\",\"author\":{\"@id\":\"https:\\\/\\\/interamerica.org\\\/es\\\/#\\\/schema\\\/person\\\/29998f2bc2d8bd0d38662909289b54f1\"},\"breadcrumb\":{\"@id\":\"https:\\\/\\\/interamerica.org\\\/es\\\/2023\\\/03\\\/en-colombia-adventistas-donan-sangre-para-las-victimas-del-terremoto-de-turquia\\\/#breadcrumb\"},\"inLanguage\":\"es\",\"potentialAction\":[{\"@type\":\"ReadAction\",\"target\":[\"https:\\\/\\\/interamerica.org\\\/es\\\/2023\\\/03\\\/en-colombia-adventistas-donan-sangre-para-las-victimas-del-terremoto-de-turquia\\\/\"]}]},{\"@type\":\"ImageObject\",\"inLanguage\":\"es\",\"@id\":\"https:\\\/\\\/interamerica.org\\\/es\\\/2023\\\/03\\\/en-colombia-adventistas-donan-sangre-para-las-victimas-del-terremoto-de-turquia\\\/#primaryimage\",\"url\":\"https:\\\/\\\/interamerica.org\\\/wp-content\\\/uploads\\\/2023\\\/03\\\/socu-blood-donation2.jpg\",\"contentUrl\":\"https:\\\/\\\/interamerica.org\\\/wp-content\\\/uploads\\\/2023\\\/03\\\/socu-blood-donation2.jpg\",\"width\":960,\"height\":720,\"caption\":\"Adventists fill out blood drive forms before entering the Colombia's Red Cross to donate blood during church's centennial event at the Bolivar Park, in Bogota, Colombia. [Photo: Yesmer Tarazona]\"},{\"@type\":\"BreadcrumbList\",\"@id\":\"https:\\\/\\\/interamerica.org\\\/es\\\/2023\\\/03\\\/en-colombia-adventistas-donan-sangre-para-las-victimas-del-terremoto-de-turquia\\\/#breadcrumb\",\"itemListElement\":[{\"@type\":\"ListItem\",\"position\":1,\"name\":\"Home\",\"item\":\"https:\\\/\\\/interamerica.org\\\/es\\\/\"},{\"@type\":\"ListItem\",\"position\":2,\"name\":\"En Colombia, adventistas donan sangre para las v\u00edctimas del terremoto de Turqu\u00eda\"}]},{\"@type\":\"WebSite\",\"@id\":\"https:\\\/\\\/interamerica.org\\\/es\\\/#website\",\"url\":\"https:\\\/\\\/interamerica.org\\\/es\\\/\",\"name\":\"Iglesia Adventista del S\u00e9ptimo D\u00eda - Divisi\u00f3n Interamericana\",\"description\":\"\",\"potentialAction\":[{\"@type\":\"SearchAction\",\"target\":{\"@type\":\"EntryPoint\",\"urlTemplate\":\"https:\\\/\\\/interamerica.org\\\/es\\\/?s={search_term_string}\"},\"query-input\":{\"@type\":\"PropertyValueSpecification\",\"valueRequired\":true,\"valueName\":\"search_term_string\"}}],\"inLanguage\":\"es\"},{\"@type\":\"Person\",\"@id\":\"https:\\\/\\\/interamerica.org\\\/es\\\/#\\\/schema\\\/person\\\/29998f2bc2d8bd0d38662909289b54f1\",\"name\":\"libna\",\"image\":{\"@type\":\"ImageObject\",\"inLanguage\":\"es\",\"@id\":\"https:\\\/\\\/secure.gravatar.com\\\/avatar\\\/7c5bd30ae4b47a9ba3c856590957fd1d96dc588bf3ac05719d247e126840331f?s=96&d=mm&r=g\",\"url\":\"https:\\\/\\\/secure.gravatar.com\\\/avatar\\\/7c5bd30ae4b47a9ba3c856590957fd1d96dc588bf3ac05719d247e126840331f?s=96&d=mm&r=g\",\"contentUrl\":\"https:\\\/\\\/secure.gravatar.com\\\/avatar\\\/7c5bd30ae4b47a9ba3c856590957fd1d96dc588bf3ac05719d247e126840331f?s=96&d=mm&r=g\",\"caption\":\"libna\"}}]}<\/script>\n<!-- \/ Yoast SEO plugin. -->","yoast_head_json":{"title":"En Colombia, adventistas donan sangre para las v\u00edctimas del terremoto de Turqu\u00eda - Iglesia Adventista del S\u00e9ptimo D\u00eda - Divisi\u00f3n Interamericana","robots":{"index":"index","follow":"follow","max-snippet":"max-snippet:-1","max-image-preview":"max-image-preview:large","max-video-preview":"max-video-preview:-1"},"canonical":"https:\/\/interamerica.org\/es\/2023\/03\/en-colombia-adventistas-donan-sangre-para-las-victimas-del-terremoto-de-turquia\/","og_locale":"es_ES","og_type":"article","og_title":"En Colombia, adventistas donan sangre para las v\u00edctimas del terremoto de Turqu\u00eda - Iglesia Adventista del S\u00e9ptimo D\u00eda - Divisi\u00f3n Interamericana","og_description":"28 de marzo de 2023 | Bogot\u00e1, Colombia | Laura Acosta y Noticias de la Divisi\u00f3n Interamericana Los adventistas del s\u00e9ptimo d\u00eda en Bogot\u00e1, Colombia, donaron sangre para ayudar a...","og_url":"https:\/\/interamerica.org\/es\/2023\/03\/en-colombia-adventistas-donan-sangre-para-las-victimas-del-terremoto-de-turquia\/","og_site_name":"Iglesia Adventista del S\u00e9ptimo D\u00eda - Divisi\u00f3n Interamericana","article_published_time":"2023-03-29T14:55:28+00:00","article_modified_time":"2023-03-29T16:02:26+00:00","og_image":[{"width":960,"height":720,"url":"https:\/\/interamerica.org\/wp-content\/uploads\/2023\/03\/socu-blood-donation2.jpg","type":"image\/jpeg"}],"author":"libna","twitter_card":"summary_large_image","twitter_misc":{"Escrito por":"libna","Tiempo de lectura":"4 minutos"},"schema":{"@context":"https:\/\/schema.org","@graph":[{"@type":"Article","@id":"https:\/\/interamerica.org\/es\/2023\/03\/en-colombia-adventistas-donan-sangre-para-las-victimas-del-terremoto-de-turquia\/#article","isPartOf":{"@id":"https:\/\/interamerica.org\/es\/2023\/03\/en-colombia-adventistas-donan-sangre-para-las-victimas-del-terremoto-de-turquia\/"},"author":{"name":"libna","@id":"https:\/\/interamerica.org\/es\/#\/schema\/person\/29998f2bc2d8bd0d38662909289b54f1"},"headline":"En Colombia, adventistas donan sangre para las v\u00edctimas del terremoto de Turqu\u00eda","datePublished":"2023-03-29T14:55:28+00:00","dateModified":"2023-03-29T16:02:26+00:00","mainEntityOfPage":{"@id":"https:\/\/interamerica.org\/es\/2023\/03\/en-colombia-adventistas-donan-sangre-para-las-victimas-del-terremoto-de-turquia\/"},"wordCount":755,"image":{"@id":"https:\/\/interamerica.org\/es\/2023\/03\/en-colombia-adventistas-donan-sangre-para-las-victimas-del-terremoto-de-turquia\/#primaryimage"},"thumbnailUrl":"https:\/\/interamerica.org\/wp-content\/uploads\/2023\/03\/socu-blood-donation2.jpg","articleSection":["Desde el campo","RSS Espa\u00f1ol"],"inLanguage":"es"},{"@type":"WebPage","@id":"https:\/\/interamerica.org\/es\/2023\/03\/en-colombia-adventistas-donan-sangre-para-las-victimas-del-terremoto-de-turquia\/","url":"https:\/\/interamerica.org\/es\/2023\/03\/en-colombia-adventistas-donan-sangre-para-las-victimas-del-terremoto-de-turquia\/","name":"En Colombia, adventistas donan sangre para las v\u00edctimas del terremoto de Turqu\u00eda - Iglesia Adventista del S\u00e9ptimo D\u00eda - Divisi\u00f3n Interamericana","isPartOf":{"@id":"https:\/\/interamerica.org\/es\/#website"},"primaryImageOfPage":{"@id":"https:\/\/interamerica.org\/es\/2023\/03\/en-colombia-adventistas-donan-sangre-para-las-victimas-del-terremoto-de-turquia\/#primaryimage"},"image":{"@id":"https:\/\/interamerica.org\/es\/2023\/03\/en-colombia-adventistas-donan-sangre-para-las-victimas-del-terremoto-de-turquia\/#primaryimage"},"thumbnailUrl":"https:\/\/interamerica.org\/wp-content\/uploads\/2023\/03\/socu-blood-donation2.jpg","datePublished":"2023-03-29T14:55:28+00:00","dateModified":"2023-03-29T16:02:26+00:00","author":{"@id":"https:\/\/interamerica.org\/es\/#\/schema\/person\/29998f2bc2d8bd0d38662909289b54f1"},"breadcrumb":{"@id":"https:\/\/interamerica.org\/es\/2023\/03\/en-colombia-adventistas-donan-sangre-para-las-victimas-del-terremoto-de-turquia\/#breadcrumb"},"inLanguage":"es","potentialAction":[{"@type":"ReadAction","target":["https:\/\/interamerica.org\/es\/2023\/03\/en-colombia-adventistas-donan-sangre-para-las-victimas-del-terremoto-de-turquia\/"]}]},{"@type":"ImageObject","inLanguage":"es","@id":"https:\/\/interamerica.org\/es\/2023\/03\/en-colombia-adventistas-donan-sangre-para-las-victimas-del-terremoto-de-turquia\/#primaryimage","url":"https:\/\/interamerica.org\/wp-content\/uploads\/2023\/03\/socu-blood-donation2.jpg","contentUrl":"https:\/\/interamerica.org\/wp-content\/uploads\/2023\/03\/socu-blood-donation2.jpg","width":960,"height":720,"caption":"Adventists fill out blood drive forms before entering the Colombia's Red Cross to donate blood during church's centennial event at the Bolivar Park, in Bogota, Colombia. [Photo: Yesmer Tarazona]"},{"@type":"BreadcrumbList","@id":"https:\/\/interamerica.org\/es\/2023\/03\/en-colombia-adventistas-donan-sangre-para-las-victimas-del-terremoto-de-turquia\/#breadcrumb","itemListElement":[{"@type":"ListItem","position":1,"name":"Home","item":"https:\/\/interamerica.org\/es\/"},{"@type":"ListItem","position":2,"name":"En Colombia, adventistas donan sangre para las v\u00edctimas del terremoto de Turqu\u00eda"}]},{"@type":"WebSite","@id":"https:\/\/interamerica.org\/es\/#website","url":"https:\/\/interamerica.org\/es\/","name":"Iglesia Adventista del S\u00e9ptimo D\u00eda - Divisi\u00f3n Interamericana","description":"","potentialAction":[{"@type":"SearchAction","target":{"@type":"EntryPoint","urlTemplate":"https:\/\/interamerica.org\/es\/?s={search_term_string}"},"query-input":{"@type":"PropertyValueSpecification","valueRequired":true,"valueName":"search_term_string"}}],"inLanguage":"es"},{"@type":"Person","@id":"https:\/\/interamerica.org\/es\/#\/schema\/person\/29998f2bc2d8bd0d38662909289b54f1","name":"libna","image":{"@type":"ImageObject","inLanguage":"es","@id":"https:\/\/secure.gravatar.com\/avatar\/7c5bd30ae4b47a9ba3c856590957fd1d96dc588bf3ac05719d247e126840331f?s=96&d=mm&r=g","url":"https:\/\/secure.gravatar.com\/avatar\/7c5bd30ae4b47a9ba3c856590957fd1d96dc588bf3ac05719d247e126840331f?s=96&d=mm&r=g","contentUrl":"https:\/\/secure.gravatar.com\/avatar\/7c5bd30ae4b47a9ba3c856590957fd1d96dc588bf3ac05719d247e126840331f?s=96&d=mm&r=g","caption":"libna"}}]}},"_links":{"self":[{"href":"https:\/\/interamerica.org\/es\/wp-json\/wp\/v2\/posts\/96590","targetHints":{"allow":["GET"]}}],"collection":[{"href":"https:\/\/interamerica.org\/es\/wp-json\/wp\/v2\/posts"}],"about":[{"href":"https:\/\/interamerica.org\/es\/wp-json\/wp\/v2\/types\/post"}],"author":[{"embeddable":true,"href":"https:\/\/interamerica.org\/es\/wp-json\/wp\/v2\/users\/3"}],"replies":[{"embeddable":true,"href":"https:\/\/interamerica.org\/es\/wp-json\/wp\/v2\/comments?post=96590"}],"version-history":[{"count":0,"href":"https:\/\/interamerica.org\/es\/wp-json\/wp\/v2\/posts\/96590\/revisions"}],"wp:featuredmedia":[{"embeddable":true,"href":"https:\/\/interamerica.org\/es\/wp-json\/wp\/v2\/media\/96564"}],"wp:attachment":[{"href":"https:\/\/interamerica.org\/es\/wp-json\/wp\/v2\/media?parent=96590"}],"wp:term":[{"taxonomy":"category","embeddable":true,"href":"https:\/\/interamerica.org\/es\/wp-json\/wp\/v2\/categories?post=96590"},{"taxonomy":"post_tag","embeddable":true,"href":"https:\/\/interamerica.org\/es\/wp-json\/wp\/v2\/tags?post=96590"}],"curies":[{"name":"wp","href":"https:\/\/api.w.org\/{rel}","templated":true}]}}