{"id":96736,"date":"2023-03-31T09:27:17","date_gmt":"2023-03-31T13:27:17","guid":{"rendered":"https:\/\/interamerica.org\/?p=96736"},"modified":"2023-03-31T11:17:14","modified_gmt":"2023-03-31T15:17:14","slug":"clubes-adventistas-de-ciclismo-dedicados-a-la-vida-sana-ahora-suman-casi-quinientos-miembros-en-colombia","status":"publish","type":"post","link":"https:\/\/interamerica.org\/es\/2023\/03\/clubes-adventistas-de-ciclismo-dedicados-a-la-vida-sana-ahora-suman-casi-quinientos-miembros-en-colombia\/","title":{"rendered":"Clubes adventistas de ciclismo dedicados a la vida sana ahora suman casi quinientos miembros en Colombia"},"content":{"rendered":"<p><div id=\"attachment_96682\" style=\"width: 1124px\" class=\"wp-caption aligncenter\"><img fetchpriority=\"high\" decoding=\"async\" aria-describedby=\"caption-attachment-96682\" class=\" wp-image-96680\" src=\"https:\/\/interamerica.org\/wp-content\/uploads\/2023\/03\/hope-onwheels-mar20-1280-1024x640.jpg\" alt=\"\" width=\"1114\" height=\"696\" srcset=\"https:\/\/interamerica.org\/wp-content\/uploads\/2023\/03\/hope-onwheels-mar20-1280-1024x640.jpg 1024w, https:\/\/interamerica.org\/wp-content\/uploads\/2023\/03\/hope-onwheels-mar20-1280-300x188.jpg 300w, https:\/\/interamerica.org\/wp-content\/uploads\/2023\/03\/hope-onwheels-mar20-1280-768x480.jpg 768w, https:\/\/interamerica.org\/wp-content\/uploads\/2023\/03\/hope-onwheels-mar20-1280.jpg 1280w\" sizes=\"(max-width: 1114px) 100vw, 1114px\" \/><p id=\"caption-attachment-96682\" class=\"wp-caption-text\">Un club de ciclismo de \u201cQuiero vivir sano\u201d en La Garita, en el norte de Colombia, hace una pausa sobre un puente, durante su recorrido el pasado 19 de marzo de 2023. El evento, denominado \u201cEsperanza sobre ruedas\u201d, es parte de una serie de actividades de ciclismo organizadas por la Iglesia Adventista del S\u00e9ptimo D\u00eda en las uniones Colombiana del Norte y Colombiana del Sur, y atrajo a 480 personas que pedalearon en sus respectivas regiones para promover un estilo de vida saludable del 19-20 de marzo de 2023. [Fotograf\u00eda: Uni\u00f3n Colombiana del Norte]<\/p><\/div>31 de marzo de 2023 | Bogot\u00e1, Colombia | Laura Acosta y Daniela Arrieta, y Divisi\u00f3n Interamericana<\/p>\n<p>Los clubes adventistas de ciclismo en Colombia han crecido hasta alcanzar casi 500 miembros, gracias a una iniciativa en todo el pa\u00eds que busca promover un estilo de vida saludable. Denominados \u201cQuiero vivir sano\u201d, los clubes de ciclismo no solo han involucrado a miembros de iglesia para que lleguen a mostrarse activos en ese deporte sino tambi\u00e9n a sus amigos. En una reciente actividad en todo el pa\u00eds, 480 ciclistas salieron a los caminos de sus respectivas regiones entre el 19 y el 20 de mayo de 2023.<\/p>\n<p>Los ciclistas llevaron registro de sus kil\u00f3metros gracias al grupo QVS Colombia en la aplicaci\u00f3n Strava, y lograron promover la actividad saludable como comunidad adventista, dijeron los organizadores. La iglesia de las regiones sur y norte ha estado trabajando para promover la iniciativa, motivando a los miembros para que organicen clubes de ciclismo e incluyan atletas para correr y patinar, sum\u00e1ndose ellos tambi\u00e9n para promover un estilo de vida activo.<\/p>\n<p><div id=\"attachment_96676\" style=\"width: 1085px\" class=\"wp-caption aligncenter\"><img decoding=\"async\" aria-describedby=\"caption-attachment-96676\" class=\" wp-image-96674\" src=\"https:\/\/interamerica.org\/wp-content\/uploads\/2023\/03\/socu-hope-on-wheels-mar19.jpg\" alt=\"\" width=\"1075\" height=\"741\" srcset=\"https:\/\/interamerica.org\/wp-content\/uploads\/2023\/03\/socu-hope-on-wheels-mar19.jpg 1000w, https:\/\/interamerica.org\/wp-content\/uploads\/2023\/03\/socu-hope-on-wheels-mar19-300x207.jpg 300w, https:\/\/interamerica.org\/wp-content\/uploads\/2023\/03\/socu-hope-on-wheels-mar19-768x529.jpg 768w\" sizes=\"(max-width: 1075px) 100vw, 1075px\" \/><p id=\"caption-attachment-96676\" class=\"wp-caption-text\">Un grupo de ciclistas se detiene en un Puente cerca de las costa sur de Colombia, el 20 de marzo de 2023. [Fotograf\u00eda: Uni\u00f3n Colombiana del Sur]<\/p><\/div>\u201cEl ciclismo ha llegado a ser uno de los deportes m\u00e1s populares y exitosos de Colombia, no solo a nivel profesional sino tambi\u00e9n en el campo recreativo y aficionado\u201d, dijo el pastor Leonel Preciado, director de ministerios de salud de la Uni\u00f3n Colombiana del Sur, quien tambi\u00e9n es ciclista. Una de las razones por las que el deporte ha sido adoptado ampliamente tiene que ver con las caracter\u00edsticas geogr\u00e1ficas del pa\u00eds, con monta\u00f1as y paisajes que ofrecen un desaf\u00edo ideal para los ciclistas, pero tambi\u00e9n la pasi\u00f3n y dedicaci\u00f3n de los colombianos por ese deporte, explic\u00f3.<\/p>\n<p><strong>\u201cEsperanza sobre ruedas\u201d<\/strong><\/p>\n<p>\u201cHemos motivado a nuestros miembros de iglesia para que se sumen al Club de Ciclismo \u2018Quiero vivir sano\u2019, como un club oficial con estatutos y seguro para sus ciclistas\u201d, dijo Preciado. El a\u00f1o pasado, hubo rutas que llamaron la atenci\u00f3n del lema \u201cEsperanza sobre ruedas\u201d, dijo. \u201cEl 19 y el 20 de marzo, cumplimos un prop\u00f3sito muy importante, donde tuvimos la estrategia de motivar a las personas para que sumen veinte mil kil\u00f3metros, y logramos alcanzar esa cifra en ciudades y distritos municipales, y en comunidades donde decenas salieron con sus clubes, por su cuenta, o como familia para alcanzar el desaf\u00edo\u201d.<\/p>\n<p><div id=\"attachment_96673\" style=\"width: 1086px\" class=\"wp-caption aligncenter\"><img decoding=\"async\" aria-describedby=\"caption-attachment-96673\" class=\" wp-image-96671\" src=\"https:\/\/interamerica.org\/wp-content\/uploads\/2023\/03\/socu-qvs-cilicsmo-mar20-2023.jpg\" alt=\"\" width=\"1076\" height=\"807\" srcset=\"https:\/\/interamerica.org\/wp-content\/uploads\/2023\/03\/socu-qvs-cilicsmo-mar20-2023.jpg 900w, https:\/\/interamerica.org\/wp-content\/uploads\/2023\/03\/socu-qvs-cilicsmo-mar20-2023-300x225.jpg 300w, https:\/\/interamerica.org\/wp-content\/uploads\/2023\/03\/socu-qvs-cilicsmo-mar20-2023-768x576.jpg 768w\" sizes=\"(max-width: 1076px) 100vw, 1076px\" \/><p id=\"caption-attachment-96673\" class=\"wp-caption-text\">Un grupo de ciclistas pedalea junto por una zona de campo, en la regi\u00f3n Colombiana del Sur, el pasado 20 de marzo de 2023. [Fotograf\u00eda: Uni\u00f3n Colombiana del Sur]<\/p><\/div>\u201cLos veinte mil kil\u00f3metros alcanzados en dos d\u00edas fue una de las demostraciones de que podemos unirnos para hacer grandes cosas para testificar de que tenemos una iglesia sana con h\u00e1bitos y estilos de vida sanos\u201d, dijo Preciado.<\/p>\n<p>La iniciativa se produjo a partir de la idea de un grupo de ciclistas profesionales, y est\u00e1 apoyada por ambas uniones de la Iglesia Adventista en Colombia.<\/p>\n<p>El pastor Mauricio Buitrago, director de ministerios de salud de la Uni\u00f3n Colombiana del Norte, quien ha estado activo andando en bicicleta de manera peri\u00f3dica por Medell\u00edn y otras zonas de la regi\u00f3n norte, expres\u00f3: \u201cSin duda este desaf\u00edo de alcanzar veinte mil kil\u00f3metros en dos d\u00edas es una oportunidad de demostrar la pasi\u00f3n por el ciclismo, y de contribuir con la promoci\u00f3n de un estilo de vida m\u00e1s saludable. Espero que esta iniciativa anime a que m\u00e1s personas se unan a esta gran aventura sobre ruedas\u201d.<\/p>\n<p><div id=\"attachment_96679\" style=\"width: 1034px\" class=\"wp-caption aligncenter\"><img loading=\"lazy\" decoding=\"async\" aria-describedby=\"caption-attachment-96679\" class=\" wp-image-96677\" src=\"https:\/\/interamerica.org\/wp-content\/uploads\/2023\/03\/socu-qvs-cycling-club.jpg\" alt=\"\" width=\"1024\" height=\"768\" srcset=\"https:\/\/interamerica.org\/wp-content\/uploads\/2023\/03\/socu-qvs-cycling-club.jpg 900w, https:\/\/interamerica.org\/wp-content\/uploads\/2023\/03\/socu-qvs-cycling-club-300x225.jpg 300w, https:\/\/interamerica.org\/wp-content\/uploads\/2023\/03\/socu-qvs-cycling-club-768x576.jpg 768w\" sizes=\"(max-width: 1024px) 100vw, 1024px\" \/><p id=\"caption-attachment-96679\" class=\"wp-caption-text\">Un grupo de ciclistas adventistas sonr\u00ede ampliamente despu\u00e9s de hacer un largo recorrido por una ciudad de la regi\u00f3n Colombiana del Sur. [Fotograf\u00eda: Uni\u00f3n Colombiana del Sur]<\/p><\/div><strong>Expansi\u00f3n en todo el pa\u00eds<\/strong><\/p>\n<p>A nivel nacional, hubo una gran participaci\u00f3n de ciclistas en Valledupar, en la regi\u00f3n Colombiana del Norte, con m\u00e1s de que cien ciclistas que completaron el recorrido. Un grupo de ciclistas comenz\u00f3 en 2019, y para el fin de la pandemia, el grupo hab\u00eda llegado a tener 120 miembros en Bogot\u00e1, y 150 en Los Llanos. Muchas decenas m\u00e1s se han sumado en muchas de las regiones m\u00e1s peque\u00f1as, y la iniciativa se est\u00e1 expandiendo m\u00e1s y m\u00e1s en la regi\u00f3n del norte, dijeron los l\u00edderes de la iglesia.<\/p>\n<p>\u201cNuestras iglesias en toda la Uni\u00f3n Colombiana del Sur han estado alcanzando cada distrito municipal, cada pueblo y ciudad para involucrar a m\u00e1s ni\u00f1os, j\u00f3venes y familias que puedan participar de esta actividad deportiva\u201d, dijo Preciado. \u201cEstos tipos de clubes atl\u00e9ticos pueden unirnos para ayudarnos a organizarnos mejor con un seguro apropiado, y mantener un estilo de vida saludable que permite m\u00e1s testificaci\u00f3n\u201d.<\/p>\n<p>La actividad reciente es una m\u00e1s que ha sido planificada para este a\u00f1o, en anticipo de un recorrido de ciclismo de cuatrocientos kil\u00f3metros desde Bogot\u00e1, en la parte sur, a la ciudad norte\u00f1a de Bucaramanga, dijo Preciado. \u201cEsperamos que cientos de ciclistas participen en esta larga aventura con nosotros. Queremos seguir motivando a nuestros miembros de iglesia, amigos, j\u00f3venes y l\u00edderes para que cada d\u00eda practiquen una actividad deportiva, porque sabemos que eso mejorar\u00e1 su salud, alentar\u00e1 h\u00e1bitos saludables, y expandir\u00e1 los clubes para compartir a Cristo y crecer personal, espiritual y socialmente\u201d.<\/p>\n<p>Traducci\u00f3n de Marcos Paseggi<\/p>\n","protected":false},"excerpt":{"rendered":"<p>31 de marzo de 2023 | Bogot\u00e1, Colombia | Laura Acosta y Daniela Arrieta, y Divisi\u00f3n Interamericana Los clubes adventistas de ciclismo en Colombia han crecido hasta alcanzar casi 500&#8230;<\/p>\n","protected":false},"author":3,"featured_media":96670,"comment_status":"closed","ping_status":"closed","sticky":false,"template":"","format":"standard","meta":{"_acf_changed":false,"footnotes":""},"categories":[17,15],"tags":[],"class_list":["post-96736","post","type-post","status-publish","format-standard","has-post-thumbnail","hentry","category-desde-el-campo","category-rss-espanol"],"acf":[],"yoast_head":"<!-- This site is optimized with the Yoast SEO plugin v27.3 - https:\/\/yoast.com\/product\/yoast-seo-wordpress\/ -->\n<title>Clubes adventistas de ciclismo dedicados a la vida sana ahora suman casi quinientos miembros en Colombia - Iglesia Adventista del S\u00e9ptimo D\u00eda - Divisi\u00f3n Interamericana<\/title>\n<meta name=\"robots\" content=\"index, follow, max-snippet:-1, max-image-preview:large, max-video-preview:-1\" \/>\n<link rel=\"canonical\" href=\"https:\/\/interamerica.org\/es\/2023\/03\/clubes-adventistas-de-ciclismo-dedicados-a-la-vida-sana-ahora-suman-casi-quinientos-miembros-en-colombia\/\" \/>\n<meta property=\"og:locale\" content=\"es_ES\" \/>\n<meta property=\"og:type\" content=\"article\" \/>\n<meta property=\"og:title\" content=\"Clubes adventistas de ciclismo dedicados a la vida sana ahora suman casi quinientos miembros en Colombia - Iglesia Adventista del S\u00e9ptimo D\u00eda - Divisi\u00f3n Interamericana\" \/>\n<meta property=\"og:description\" content=\"31 de marzo de 2023 | Bogot\u00e1, Colombia | Laura Acosta y Daniela Arrieta, y Divisi\u00f3n Interamericana Los clubes adventistas de ciclismo en Colombia han crecido hasta alcanzar casi 500...\" \/>\n<meta property=\"og:url\" content=\"https:\/\/interamerica.org\/es\/2023\/03\/clubes-adventistas-de-ciclismo-dedicados-a-la-vida-sana-ahora-suman-casi-quinientos-miembros-en-colombia\/\" \/>\n<meta property=\"og:site_name\" content=\"Iglesia Adventista del S\u00e9ptimo D\u00eda - Divisi\u00f3n Interamericana\" \/>\n<meta property=\"article:published_time\" content=\"2023-03-31T13:27:17+00:00\" \/>\n<meta property=\"article:modified_time\" content=\"2023-03-31T15:17:14+00:00\" \/>\n<meta property=\"og:image\" content=\"https:\/\/interamerica.org\/wp-content\/uploads\/2023\/03\/hope-onwheels-mar20.jpg\" \/>\n\t<meta property=\"og:image:width\" content=\"1280\" \/>\n\t<meta property=\"og:image:height\" content=\"800\" \/>\n\t<meta property=\"og:image:type\" content=\"image\/jpeg\" \/>\n<meta name=\"author\" content=\"libna\" \/>\n<meta name=\"twitter:card\" content=\"summary_large_image\" \/>\n<meta name=\"twitter:label1\" content=\"Escrito por\" \/>\n\t<meta name=\"twitter:data1\" content=\"libna\" \/>\n\t<meta name=\"twitter:label2\" content=\"Tiempo de lectura\" \/>\n\t<meta name=\"twitter:data2\" content=\"6 minutos\" \/>\n<script type=\"application\/ld+json\" class=\"yoast-schema-graph\">{\"@context\":\"https:\\\/\\\/schema.org\",\"@graph\":[{\"@type\":\"Article\",\"@id\":\"https:\\\/\\\/interamerica.org\\\/es\\\/2023\\\/03\\\/clubes-adventistas-de-ciclismo-dedicados-a-la-vida-sana-ahora-suman-casi-quinientos-miembros-en-colombia\\\/#article\",\"isPartOf\":{\"@id\":\"https:\\\/\\\/interamerica.org\\\/es\\\/2023\\\/03\\\/clubes-adventistas-de-ciclismo-dedicados-a-la-vida-sana-ahora-suman-casi-quinientos-miembros-en-colombia\\\/\"},\"author\":{\"name\":\"libna\",\"@id\":\"https:\\\/\\\/interamerica.org\\\/es\\\/#\\\/schema\\\/person\\\/29998f2bc2d8bd0d38662909289b54f1\"},\"headline\":\"Clubes adventistas de ciclismo dedicados a la vida sana ahora suman casi quinientos miembros en Colombia\",\"datePublished\":\"2023-03-31T13:27:17+00:00\",\"dateModified\":\"2023-03-31T15:17:14+00:00\",\"mainEntityOfPage\":{\"@id\":\"https:\\\/\\\/interamerica.org\\\/es\\\/2023\\\/03\\\/clubes-adventistas-de-ciclismo-dedicados-a-la-vida-sana-ahora-suman-casi-quinientos-miembros-en-colombia\\\/\"},\"wordCount\":1063,\"image\":{\"@id\":\"https:\\\/\\\/interamerica.org\\\/es\\\/2023\\\/03\\\/clubes-adventistas-de-ciclismo-dedicados-a-la-vida-sana-ahora-suman-casi-quinientos-miembros-en-colombia\\\/#primaryimage\"},\"thumbnailUrl\":\"https:\\\/\\\/interamerica.org\\\/wp-content\\\/uploads\\\/2023\\\/03\\\/hope-onwheels-mar20.jpg\",\"articleSection\":[\"Desde el campo\",\"RSS Espa\u00f1ol\"],\"inLanguage\":\"es\"},{\"@type\":\"WebPage\",\"@id\":\"https:\\\/\\\/interamerica.org\\\/es\\\/2023\\\/03\\\/clubes-adventistas-de-ciclismo-dedicados-a-la-vida-sana-ahora-suman-casi-quinientos-miembros-en-colombia\\\/\",\"url\":\"https:\\\/\\\/interamerica.org\\\/es\\\/2023\\\/03\\\/clubes-adventistas-de-ciclismo-dedicados-a-la-vida-sana-ahora-suman-casi-quinientos-miembros-en-colombia\\\/\",\"name\":\"Clubes adventistas de ciclismo dedicados a la vida sana ahora suman casi quinientos miembros en Colombia - Iglesia Adventista del S\u00e9ptimo D\u00eda - Divisi\u00f3n Interamericana\",\"isPartOf\":{\"@id\":\"https:\\\/\\\/interamerica.org\\\/es\\\/#website\"},\"primaryImageOfPage\":{\"@id\":\"https:\\\/\\\/interamerica.org\\\/es\\\/2023\\\/03\\\/clubes-adventistas-de-ciclismo-dedicados-a-la-vida-sana-ahora-suman-casi-quinientos-miembros-en-colombia\\\/#primaryimage\"},\"image\":{\"@id\":\"https:\\\/\\\/interamerica.org\\\/es\\\/2023\\\/03\\\/clubes-adventistas-de-ciclismo-dedicados-a-la-vida-sana-ahora-suman-casi-quinientos-miembros-en-colombia\\\/#primaryimage\"},\"thumbnailUrl\":\"https:\\\/\\\/interamerica.org\\\/wp-content\\\/uploads\\\/2023\\\/03\\\/hope-onwheels-mar20.jpg\",\"datePublished\":\"2023-03-31T13:27:17+00:00\",\"dateModified\":\"2023-03-31T15:17:14+00:00\",\"author\":{\"@id\":\"https:\\\/\\\/interamerica.org\\\/es\\\/#\\\/schema\\\/person\\\/29998f2bc2d8bd0d38662909289b54f1\"},\"breadcrumb\":{\"@id\":\"https:\\\/\\\/interamerica.org\\\/es\\\/2023\\\/03\\\/clubes-adventistas-de-ciclismo-dedicados-a-la-vida-sana-ahora-suman-casi-quinientos-miembros-en-colombia\\\/#breadcrumb\"},\"inLanguage\":\"es\",\"potentialAction\":[{\"@type\":\"ReadAction\",\"target\":[\"https:\\\/\\\/interamerica.org\\\/es\\\/2023\\\/03\\\/clubes-adventistas-de-ciclismo-dedicados-a-la-vida-sana-ahora-suman-casi-quinientos-miembros-en-colombia\\\/\"]}]},{\"@type\":\"ImageObject\",\"inLanguage\":\"es\",\"@id\":\"https:\\\/\\\/interamerica.org\\\/es\\\/2023\\\/03\\\/clubes-adventistas-de-ciclismo-dedicados-a-la-vida-sana-ahora-suman-casi-quinientos-miembros-en-colombia\\\/#primaryimage\",\"url\":\"https:\\\/\\\/interamerica.org\\\/wp-content\\\/uploads\\\/2023\\\/03\\\/hope-onwheels-mar20.jpg\",\"contentUrl\":\"https:\\\/\\\/interamerica.org\\\/wp-content\\\/uploads\\\/2023\\\/03\\\/hope-onwheels-mar20.jpg\",\"width\":1280,\"height\":800,\"caption\":\"[Photo: South Colombia Union]\"},{\"@type\":\"BreadcrumbList\",\"@id\":\"https:\\\/\\\/interamerica.org\\\/es\\\/2023\\\/03\\\/clubes-adventistas-de-ciclismo-dedicados-a-la-vida-sana-ahora-suman-casi-quinientos-miembros-en-colombia\\\/#breadcrumb\",\"itemListElement\":[{\"@type\":\"ListItem\",\"position\":1,\"name\":\"Home\",\"item\":\"https:\\\/\\\/interamerica.org\\\/es\\\/\"},{\"@type\":\"ListItem\",\"position\":2,\"name\":\"Clubes adventistas de ciclismo dedicados a la vida sana ahora suman casi quinientos miembros en Colombia\"}]},{\"@type\":\"WebSite\",\"@id\":\"https:\\\/\\\/interamerica.org\\\/es\\\/#website\",\"url\":\"https:\\\/\\\/interamerica.org\\\/es\\\/\",\"name\":\"Iglesia Adventista del S\u00e9ptimo D\u00eda - Divisi\u00f3n Interamericana\",\"description\":\"\",\"potentialAction\":[{\"@type\":\"SearchAction\",\"target\":{\"@type\":\"EntryPoint\",\"urlTemplate\":\"https:\\\/\\\/interamerica.org\\\/es\\\/?s={search_term_string}\"},\"query-input\":{\"@type\":\"PropertyValueSpecification\",\"valueRequired\":true,\"valueName\":\"search_term_string\"}}],\"inLanguage\":\"es\"},{\"@type\":\"Person\",\"@id\":\"https:\\\/\\\/interamerica.org\\\/es\\\/#\\\/schema\\\/person\\\/29998f2bc2d8bd0d38662909289b54f1\",\"name\":\"libna\",\"image\":{\"@type\":\"ImageObject\",\"inLanguage\":\"es\",\"@id\":\"https:\\\/\\\/secure.gravatar.com\\\/avatar\\\/7c5bd30ae4b47a9ba3c856590957fd1d96dc588bf3ac05719d247e126840331f?s=96&d=mm&r=g\",\"url\":\"https:\\\/\\\/secure.gravatar.com\\\/avatar\\\/7c5bd30ae4b47a9ba3c856590957fd1d96dc588bf3ac05719d247e126840331f?s=96&d=mm&r=g\",\"contentUrl\":\"https:\\\/\\\/secure.gravatar.com\\\/avatar\\\/7c5bd30ae4b47a9ba3c856590957fd1d96dc588bf3ac05719d247e126840331f?s=96&d=mm&r=g\",\"caption\":\"libna\"}}]}<\/script>\n<!-- \/ Yoast SEO plugin. -->","yoast_head_json":{"title":"Clubes adventistas de ciclismo dedicados a la vida sana ahora suman casi quinientos miembros en Colombia - Iglesia Adventista del S\u00e9ptimo D\u00eda - Divisi\u00f3n Interamericana","robots":{"index":"index","follow":"follow","max-snippet":"max-snippet:-1","max-image-preview":"max-image-preview:large","max-video-preview":"max-video-preview:-1"},"canonical":"https:\/\/interamerica.org\/es\/2023\/03\/clubes-adventistas-de-ciclismo-dedicados-a-la-vida-sana-ahora-suman-casi-quinientos-miembros-en-colombia\/","og_locale":"es_ES","og_type":"article","og_title":"Clubes adventistas de ciclismo dedicados a la vida sana ahora suman casi quinientos miembros en Colombia - Iglesia Adventista del S\u00e9ptimo D\u00eda - Divisi\u00f3n Interamericana","og_description":"31 de marzo de 2023 | Bogot\u00e1, Colombia | Laura Acosta y Daniela Arrieta, y Divisi\u00f3n Interamericana Los clubes adventistas de ciclismo en Colombia han crecido hasta alcanzar casi 500...","og_url":"https:\/\/interamerica.org\/es\/2023\/03\/clubes-adventistas-de-ciclismo-dedicados-a-la-vida-sana-ahora-suman-casi-quinientos-miembros-en-colombia\/","og_site_name":"Iglesia Adventista del S\u00e9ptimo D\u00eda - Divisi\u00f3n Interamericana","article_published_time":"2023-03-31T13:27:17+00:00","article_modified_time":"2023-03-31T15:17:14+00:00","og_image":[{"width":1280,"height":800,"url":"https:\/\/interamerica.org\/wp-content\/uploads\/2023\/03\/hope-onwheels-mar20.jpg","type":"image\/jpeg"}],"author":"libna","twitter_card":"summary_large_image","twitter_misc":{"Escrito por":"libna","Tiempo de lectura":"6 minutos"},"schema":{"@context":"https:\/\/schema.org","@graph":[{"@type":"Article","@id":"https:\/\/interamerica.org\/es\/2023\/03\/clubes-adventistas-de-ciclismo-dedicados-a-la-vida-sana-ahora-suman-casi-quinientos-miembros-en-colombia\/#article","isPartOf":{"@id":"https:\/\/interamerica.org\/es\/2023\/03\/clubes-adventistas-de-ciclismo-dedicados-a-la-vida-sana-ahora-suman-casi-quinientos-miembros-en-colombia\/"},"author":{"name":"libna","@id":"https:\/\/interamerica.org\/es\/#\/schema\/person\/29998f2bc2d8bd0d38662909289b54f1"},"headline":"Clubes adventistas de ciclismo dedicados a la vida sana ahora suman casi quinientos miembros en Colombia","datePublished":"2023-03-31T13:27:17+00:00","dateModified":"2023-03-31T15:17:14+00:00","mainEntityOfPage":{"@id":"https:\/\/interamerica.org\/es\/2023\/03\/clubes-adventistas-de-ciclismo-dedicados-a-la-vida-sana-ahora-suman-casi-quinientos-miembros-en-colombia\/"},"wordCount":1063,"image":{"@id":"https:\/\/interamerica.org\/es\/2023\/03\/clubes-adventistas-de-ciclismo-dedicados-a-la-vida-sana-ahora-suman-casi-quinientos-miembros-en-colombia\/#primaryimage"},"thumbnailUrl":"https:\/\/interamerica.org\/wp-content\/uploads\/2023\/03\/hope-onwheels-mar20.jpg","articleSection":["Desde el campo","RSS Espa\u00f1ol"],"inLanguage":"es"},{"@type":"WebPage","@id":"https:\/\/interamerica.org\/es\/2023\/03\/clubes-adventistas-de-ciclismo-dedicados-a-la-vida-sana-ahora-suman-casi-quinientos-miembros-en-colombia\/","url":"https:\/\/interamerica.org\/es\/2023\/03\/clubes-adventistas-de-ciclismo-dedicados-a-la-vida-sana-ahora-suman-casi-quinientos-miembros-en-colombia\/","name":"Clubes adventistas de ciclismo dedicados a la vida sana ahora suman casi quinientos miembros en Colombia - Iglesia Adventista del S\u00e9ptimo D\u00eda - Divisi\u00f3n Interamericana","isPartOf":{"@id":"https:\/\/interamerica.org\/es\/#website"},"primaryImageOfPage":{"@id":"https:\/\/interamerica.org\/es\/2023\/03\/clubes-adventistas-de-ciclismo-dedicados-a-la-vida-sana-ahora-suman-casi-quinientos-miembros-en-colombia\/#primaryimage"},"image":{"@id":"https:\/\/interamerica.org\/es\/2023\/03\/clubes-adventistas-de-ciclismo-dedicados-a-la-vida-sana-ahora-suman-casi-quinientos-miembros-en-colombia\/#primaryimage"},"thumbnailUrl":"https:\/\/interamerica.org\/wp-content\/uploads\/2023\/03\/hope-onwheels-mar20.jpg","datePublished":"2023-03-31T13:27:17+00:00","dateModified":"2023-03-31T15:17:14+00:00","author":{"@id":"https:\/\/interamerica.org\/es\/#\/schema\/person\/29998f2bc2d8bd0d38662909289b54f1"},"breadcrumb":{"@id":"https:\/\/interamerica.org\/es\/2023\/03\/clubes-adventistas-de-ciclismo-dedicados-a-la-vida-sana-ahora-suman-casi-quinientos-miembros-en-colombia\/#breadcrumb"},"inLanguage":"es","potentialAction":[{"@type":"ReadAction","target":["https:\/\/interamerica.org\/es\/2023\/03\/clubes-adventistas-de-ciclismo-dedicados-a-la-vida-sana-ahora-suman-casi-quinientos-miembros-en-colombia\/"]}]},{"@type":"ImageObject","inLanguage":"es","@id":"https:\/\/interamerica.org\/es\/2023\/03\/clubes-adventistas-de-ciclismo-dedicados-a-la-vida-sana-ahora-suman-casi-quinientos-miembros-en-colombia\/#primaryimage","url":"https:\/\/interamerica.org\/wp-content\/uploads\/2023\/03\/hope-onwheels-mar20.jpg","contentUrl":"https:\/\/interamerica.org\/wp-content\/uploads\/2023\/03\/hope-onwheels-mar20.jpg","width":1280,"height":800,"caption":"[Photo: South Colombia Union]"},{"@type":"BreadcrumbList","@id":"https:\/\/interamerica.org\/es\/2023\/03\/clubes-adventistas-de-ciclismo-dedicados-a-la-vida-sana-ahora-suman-casi-quinientos-miembros-en-colombia\/#breadcrumb","itemListElement":[{"@type":"ListItem","position":1,"name":"Home","item":"https:\/\/interamerica.org\/es\/"},{"@type":"ListItem","position":2,"name":"Clubes adventistas de ciclismo dedicados a la vida sana ahora suman casi quinientos miembros en Colombia"}]},{"@type":"WebSite","@id":"https:\/\/interamerica.org\/es\/#website","url":"https:\/\/interamerica.org\/es\/","name":"Iglesia Adventista del S\u00e9ptimo D\u00eda - Divisi\u00f3n Interamericana","description":"","potentialAction":[{"@type":"SearchAction","target":{"@type":"EntryPoint","urlTemplate":"https:\/\/interamerica.org\/es\/?s={search_term_string}"},"query-input":{"@type":"PropertyValueSpecification","valueRequired":true,"valueName":"search_term_string"}}],"inLanguage":"es"},{"@type":"Person","@id":"https:\/\/interamerica.org\/es\/#\/schema\/person\/29998f2bc2d8bd0d38662909289b54f1","name":"libna","image":{"@type":"ImageObject","inLanguage":"es","@id":"https:\/\/secure.gravatar.com\/avatar\/7c5bd30ae4b47a9ba3c856590957fd1d96dc588bf3ac05719d247e126840331f?s=96&d=mm&r=g","url":"https:\/\/secure.gravatar.com\/avatar\/7c5bd30ae4b47a9ba3c856590957fd1d96dc588bf3ac05719d247e126840331f?s=96&d=mm&r=g","contentUrl":"https:\/\/secure.gravatar.com\/avatar\/7c5bd30ae4b47a9ba3c856590957fd1d96dc588bf3ac05719d247e126840331f?s=96&d=mm&r=g","caption":"libna"}}]}},"_links":{"self":[{"href":"https:\/\/interamerica.org\/es\/wp-json\/wp\/v2\/posts\/96736","targetHints":{"allow":["GET"]}}],"collection":[{"href":"https:\/\/interamerica.org\/es\/wp-json\/wp\/v2\/posts"}],"about":[{"href":"https:\/\/interamerica.org\/es\/wp-json\/wp\/v2\/types\/post"}],"author":[{"embeddable":true,"href":"https:\/\/interamerica.org\/es\/wp-json\/wp\/v2\/users\/3"}],"replies":[{"embeddable":true,"href":"https:\/\/interamerica.org\/es\/wp-json\/wp\/v2\/comments?post=96736"}],"version-history":[{"count":0,"href":"https:\/\/interamerica.org\/es\/wp-json\/wp\/v2\/posts\/96736\/revisions"}],"wp:featuredmedia":[{"embeddable":true,"href":"https:\/\/interamerica.org\/es\/wp-json\/wp\/v2\/media\/96670"}],"wp:attachment":[{"href":"https:\/\/interamerica.org\/es\/wp-json\/wp\/v2\/media?parent=96736"}],"wp:term":[{"taxonomy":"category","embeddable":true,"href":"https:\/\/interamerica.org\/es\/wp-json\/wp\/v2\/categories?post=96736"},{"taxonomy":"post_tag","embeddable":true,"href":"https:\/\/interamerica.org\/es\/wp-json\/wp\/v2\/tags?post=96736"}],"curies":[{"name":"wp","href":"https:\/\/api.w.org\/{rel}","templated":true}]}}