{"id":96858,"date":"2023-04-04T14:47:22","date_gmt":"2023-04-04T18:47:22","guid":{"rendered":"https:\/\/interamerica.org\/?p=96858"},"modified":"2023-04-05T12:06:21","modified_gmt":"2023-04-05T16:06:21","slug":"en-el-campamento-los-conquistadores-tienen-una-mision","status":"publish","type":"post","link":"https:\/\/interamerica.org\/es\/2023\/04\/en-el-campamento-los-conquistadores-tienen-una-mision\/","title":{"rendered":"En el campamento, los Conquistadores tienen una misi\u00f3n"},"content":{"rendered":"<p>4 de abril de 2023 | Trelawny, Jamaica | Libna Stevens, Noticias de la Divisi\u00f3n Interamericana<\/p>\n<p>Con miles de Conquistadores que se est\u00e1n acomodando en la vida del campamento en Trelawny, Jamaica, antes del comienzo oficial del V Camporee de Conquistadores de la Divisi\u00f3n Interamericana, muchos est\u00e1n dedicados a la misi\u00f3n de cumplir algo.<\/p>\n<p>El autodeclarado extrovertido Daktari Doman, de 15 a\u00f1os y proveniente de Kingston, Jamaica, no tiene tiempo que perder. Representa a m\u00e1s de 5200 Conquistadores de Jamaica que se registraron para el campor\u00ed. Durante dos d\u00edas, ha estado recorriendo el campamento con varios objetivos. \u201cQuiero encontrarme con una persona de cada uno de los pa\u00edses que est\u00e1n representados aqu\u00ed\u201d, dice. Para ello, ha estado practicando espa\u00f1ol y mejorando el franc\u00e9s. Tiene mucho que cubrir, dice. Sus ojos se ampliaron cuando le informaron que hay 51 pa\u00edses representados en el campamento. Se identifica perfectamente el nombre de su club, \u201cConquistadores Astronautas\u201d.<\/p>\n<p>Daktari disfruta de cada encuentro, como si estuviera en c\u00e1mara lenta en el espacio exterior. Tiene la misi\u00f3n de a\u00f1adir a su colecci\u00f3n de pines de diversos pa\u00edses. Tiene una bolsa llena de diferentes recuerdos, como gorros de b\u00e9isbol y mu\u00f1equeras que est\u00e1 intercambiando por pines, dice.<\/p>\n<p><div id=\"attachment_96813\" style=\"width: 945px\" class=\"wp-caption aligncenter\"><img fetchpriority=\"high\" decoding=\"async\" aria-describedby=\"caption-attachment-96813\" class=\" wp-image-96811\" src=\"https:\/\/interamerica.org\/wp-content\/uploads\/2023\/04\/iadcamp-ejc-pathfinders.jpg\" alt=\"\" width=\"935\" height=\"702\" srcset=\"https:\/\/interamerica.org\/wp-content\/uploads\/2023\/04\/iadcamp-ejc-pathfinders.jpg 950w, https:\/\/interamerica.org\/wp-content\/uploads\/2023\/04\/iadcamp-ejc-pathfinders-300x225.jpg 300w, https:\/\/interamerica.org\/wp-content\/uploads\/2023\/04\/iadcamp-ejc-pathfinders-768x576.jpg 768w\" sizes=\"(max-width: 935px) 100vw, 935px\" \/><p id=\"caption-attachment-96813\" class=\"wp-caption-text\">Daktari Doman (derecha), de 15 a\u00f1os, de la Asociaci\u00f3n de Jamaica Oriental, posa junto a su amigo del club Kijani Evering, de 12 a\u00f1os mientras exploran el campamento en el Estadio de\u00a0 Trelawny en Trelawny, Jamaica, el 3 de abril del 2023. [Fotograf\u00eda: Libna Stevens\/DIA]<\/p><\/div>Daktari no tiene tiempo que perder cuando se le acerca alguien del campamento de la Uni\u00f3n Mexicana del Norte y comienza a hablarle en espa\u00f1ol. Quiere cambiar su gorro por algunos pines. Llega a un acuerdo: su gorro por cuatro pines. Daktari y su amigo Kijani Evering siguen avanzando y preguntan a todo el que cruzan por qu\u00e9 pueden cambiar una mu\u00f1equera que dice Jamaica. \u201cEsto no es abrumador para m\u00ed para anda; me encanta conocer otras personas porque me parece algo divertido\u201d, dice Daktari.<\/p>\n<p>Esta semana, Daktari participar\u00e1 de varias especialidades que quiere llegar a tener en su banda: diversidad cultural, sem\u00e1foros, respiratorio, y manualidades de fieltro, entre otras, dice. \u201cNo soy muy bueno para los deportes, pero mi \u00e9nfasis estar\u00e1 en los ejercicios y las marchas\u201d, dice Daktari. Quiere participar de ejercicios sincronizados. No es un ejercicio b\u00e1sico, sino uno especializado, en el que hay que moverse al ritmo de los redoblantes, marchando por turnos en ejercicios de coreograf\u00eda y movimientos ligeros de manera sincronizada a cada paso, explica. Antes de que nos demos cuenta, ya ha salido a conocer a otra persona.<\/p>\n<p><div id=\"attachment_96835\" style=\"width: 941px\" class=\"wp-caption aligncenter\"><img decoding=\"async\" aria-describedby=\"caption-attachment-96835\" class=\" wp-image-96833\" src=\"https:\/\/interamerica.org\/wp-content\/uploads\/2023\/04\/iadcamp-ejc-daktari.jpg\" alt=\"\" width=\"931\" height=\"621\" srcset=\"https:\/\/interamerica.org\/wp-content\/uploads\/2023\/04\/iadcamp-ejc-daktari.jpg 800w, https:\/\/interamerica.org\/wp-content\/uploads\/2023\/04\/iadcamp-ejc-daktari-300x200.jpg 300w, https:\/\/interamerica.org\/wp-content\/uploads\/2023\/04\/iadcamp-ejc-daktari-768x513.jpg 768w\" sizes=\"(max-width: 931px) 100vw, 931px\" \/><p id=\"caption-attachment-96835\" class=\"wp-caption-text\">Daktari Domain, de Jamaica Oriental, mira la selecci\u00f3n de pines que Mar\u00eda de los \u00c1ngeles, de la Uni\u00f3n Mexicana del Norte, le muestra, antes de cambiar su gorro jamaiquino por cuatro pines. [Fotograf\u00eda: Daniel Gallardo\/DIA]<\/p><\/div>Magdalina Dorlis, de 15 a\u00f1os, de la isla de San Mart\u00edn, tiene sus intereses durante la experiencia de Conquistadores. Quiere hacerse de tantos amigos como sea posible. Implica aprender diferentes perspectivas de otros Conquistadores fuera de la serie de islas por las que est\u00e1 rodeada all\u00ed donde vive. \u201cMe gusta escuchar sermones, mirar algunos en l\u00ednea y aprender c\u00f3mo ser un orador efectivo\u201d, dice Magdalina, que ha estado predicando ante el p\u00fablico desde que era Exploradora en su club. Ha participado en competencias de hablar en p\u00fablico, y hace poco triunf\u00f3 en un evento en el que compiti\u00f3 contra otros ganadores distritales del sector p\u00fablico. Su discurso ganador trat\u00f3 sobre el fin del tiempo y sobre c\u00f3mo la sociedad est\u00e1 viendo que lo malo es bueno, y que lo bueno es malo, dice.<\/p>\n<p>Magdalina aguarda con ansias disfrutar de cada mensaje espiritual que le traer\u00e1 el evento del camporee, dice. Ella es parte de una delegaci\u00f3n de cuatrocientas personas de la Asociaci\u00f3n Caribe\u00f1a del Norte, parte de la delegaci\u00f3n de 1200 miembros de la Uni\u00f3n del Caribe. Ella, junto con los dem\u00e1s campistas, han aprendido por primera vez c\u00f3mo armar una tienda. Quiere continuar aprendiendo habilidades de supervivencia. \u201cTodo parece tan bueno aqu\u00ed\u201d, dice Magdalena. \u201cTengo un sentido de pertenencia, y s\u00e9 que no tendr\u00eda tantos amigos ni aprender\u00eda tanto de Jes\u00fas si no fuera parte de mi club [de Conquistadores]\u201d.<\/p>\n<p><div id=\"attachment_96838\" style=\"width: 945px\" class=\"wp-caption aligncenter\"><img decoding=\"async\" aria-describedby=\"caption-attachment-96838\" class=\" wp-image-96836\" src=\"https:\/\/interamerica.org\/wp-content\/uploads\/2023\/04\/ncc-magdalena-dorlis-stmaarten.jpg\" alt=\"\" width=\"935\" height=\"702\" srcset=\"https:\/\/interamerica.org\/wp-content\/uploads\/2023\/04\/ncc-magdalena-dorlis-stmaarten.jpg 950w, https:\/\/interamerica.org\/wp-content\/uploads\/2023\/04\/ncc-magdalena-dorlis-stmaarten-300x225.jpg 300w, https:\/\/interamerica.org\/wp-content\/uploads\/2023\/04\/ncc-magdalena-dorlis-stmaarten-768x576.jpg 768w\" sizes=\"(max-width: 935px) 100vw, 935px\" \/><p id=\"caption-attachment-96838\" class=\"wp-caption-text\">Magdalina Dorlis, de 15 a\u00f1os, de la isla de San Mart\u00edn, le muestra el lapicero que recibi\u00f3 de una amiga que conoci\u00f3 de las islas de Turcos y Caicos, el 3 de abril de 2023. [Fotograf\u00eda: Libna Stevens\/DIA]<\/p><\/div>El sentido de pertenencia es sumamente reconfortante para Shekhinah Mathias, de 15 a\u00f1os, quien proviene de la isla de Guadalupe. Ella y otros 89 Conquistadores de su delegaci\u00f3n de 156 se sienten en casa, jugando juntos, completando algunas especialidades y simplemente relaj\u00e1ndose en el campamento. Ha sido parte de diversos clubes de la iglesia desde que era muy peque\u00f1a. La ha pasado bien, y ha cultivado una relaci\u00f3n m\u00e1s estrecha con sus amigos y conocido a otros nuevos, dice. La mayor\u00eda de sus amigos son compa\u00f1eros, adem\u00e1s de Conquistadores de su club all\u00e1 en su pa\u00eds.<\/p>\n<p>\u201cSer parte de Conquistadores siempre me resulta liberador, porque podemos ser nosotros mismos sin que nuestros padres nos digan: \u2018No hagas esto o lo otro\u2019\u201d, dice mientras se r\u00ede de su ocurrencia. Una de las cosas que le gusta hacer con sus amigos es distribuir impresos y realizar tareas de servicio comunitario, como por ejemplo distribuir alimentos y prendas de vestir en las comunidades necesitadas.<\/p>\n<p><div id=\"attachment_96807\" style=\"width: 946px\" class=\"wp-caption aligncenter\"><img loading=\"lazy\" decoding=\"async\" aria-describedby=\"caption-attachment-96807\" class=\" wp-image-96805\" src=\"https:\/\/interamerica.org\/wp-content\/uploads\/2023\/04\/iad-camp-guade-shekhinah-mathias.jpg\" alt=\"\" width=\"936\" height=\"702\" srcset=\"https:\/\/interamerica.org\/wp-content\/uploads\/2023\/04\/iad-camp-guade-shekhinah-mathias.jpg 900w, https:\/\/interamerica.org\/wp-content\/uploads\/2023\/04\/iad-camp-guade-shekhinah-mathias-300x225.jpg 300w, https:\/\/interamerica.org\/wp-content\/uploads\/2023\/04\/iad-camp-guade-shekhinah-mathias-768x576.jpg 768w\" sizes=\"(max-width: 936px) 100vw, 936px\" \/><p id=\"caption-attachment-96807\" class=\"wp-caption-text\">Shekinah Mathias, de 15 a\u00f1os, posa junto a la tienda principal de las Uni\u00f3n de Guyana y Antillas Francesas, donde se relaja su delegaci\u00f3n de Guadalupe el 3 de abril de 2023. [Fotograf\u00eda: Libna Stevens\/DIA]<\/p><\/div>Shekhinah aguarda con ansias participar de las actividades de impacto comunitario mientras est\u00e1 en Jamaica, y tambi\u00e9n en la b\u00fasqueda del tesoro con habilidades de supervivencia, en las especialidades de seguridad, ecolog\u00eda, reciclaje y oraci\u00f3n durante la semana. Ha invitado a sus vecinos y amigos a ser parte de su club. \u201cLes explico que no es solo para adventistas, sino para todo aquel que le guste aprender nuevas habilidades y hacer el bien, y participar de actividades divertidas\u201d, dice.<\/p>\n<p>Participar y testificar a otras personas es lo que forma parte importante de los clubes de Conquistadores, dice Nahomie Daub, capellana de los Conquistadores de Guadalupe. \u201cQueremos hacer que los clubes crezcan mientras compartimos el amor de Jes\u00fas\u201d.<\/p>\n<p><div id=\"attachment_96804\" style=\"width: 985px\" class=\"wp-caption aligncenter\"><img loading=\"lazy\" decoding=\"async\" aria-describedby=\"caption-attachment-96804\" class=\" wp-image-96802\" src=\"https:\/\/interamerica.org\/wp-content\/uploads\/2023\/04\/iadcamp-guadeloupe-leaders-1024x768.jpg\" alt=\"\" width=\"975\" height=\"731\" srcset=\"https:\/\/interamerica.org\/wp-content\/uploads\/2023\/04\/iadcamp-guadeloupe-leaders-1024x768.jpg 1024w, https:\/\/interamerica.org\/wp-content\/uploads\/2023\/04\/iadcamp-guadeloupe-leaders-300x225.jpg 300w, https:\/\/interamerica.org\/wp-content\/uploads\/2023\/04\/iadcamp-guadeloupe-leaders-768x576.jpg 768w, https:\/\/interamerica.org\/wp-content\/uploads\/2023\/04\/iadcamp-guadeloupe-leaders-1536x1152.jpg 1536w, https:\/\/interamerica.org\/wp-content\/uploads\/2023\/04\/iadcamp-guadeloupe-leaders-2048x1536.jpg 2048w\" sizes=\"(max-width: 975px) 100vw, 975px\" \/><p id=\"caption-attachment-96804\" class=\"wp-caption-text\">Nahomie Daub (izquierda), capellana de los Conquistadores de la delegaci\u00f3n de Guadalupe, posa junto a Lucson Bernard (derecha), director del ministerio juvenil de la Asociaci\u00f3n de Guadalupe, junto a la zona que tiene la delegaci\u00f3n para acampar. [Fotograf\u00eda: Libna Stevens\/DIA]<\/p><\/div>Para mirar la ceremonia de apertura del V Camporee de Conquistadores de la Divisi\u00f3n Sudamericana el 4 de abril de 2023, a las 18:30 de Jamaica o 19:30 de Miami, visite <a href=\"https:\/\/www.youtube.com\/watch?v=ALisscbH0jw\">webcast.interamerica.org<\/a><\/p>\n<p>Traducci\u00f3n de Marcos Paseggi<\/p>\n","protected":false},"excerpt":{"rendered":"<p>4 de abril de 2023 | Trelawny, Jamaica | Libna Stevens, Noticias de la Divisi\u00f3n Interamericana Con miles de Conquistadores que se est\u00e1n acomodando en la vida del campamento en&#8230;<\/p>\n","protected":false},"author":3,"featured_media":96813,"comment_status":"closed","ping_status":"closed","sticky":false,"template":"","format":"standard","meta":{"_acf_changed":false,"footnotes":""},"categories":[16,15],"tags":[],"class_list":["post-96858","post","type-post","status-publish","format-standard","has-post-thumbnail","hentry","category-desde-la-sede","category-rss-espanol"],"acf":[],"yoast_head":"<!-- This site is optimized with the Yoast SEO plugin v27.3 - https:\/\/yoast.com\/product\/yoast-seo-wordpress\/ -->\n<title>En el campamento, los Conquistadores tienen una misi\u00f3n - Iglesia Adventista del S\u00e9ptimo D\u00eda - Divisi\u00f3n Interamericana<\/title>\n<meta name=\"robots\" content=\"index, follow, max-snippet:-1, max-image-preview:large, max-video-preview:-1\" \/>\n<link rel=\"canonical\" href=\"https:\/\/interamerica.org\/es\/2023\/04\/en-el-campamento-los-conquistadores-tienen-una-mision\/\" \/>\n<meta property=\"og:locale\" content=\"es_ES\" \/>\n<meta property=\"og:type\" content=\"article\" \/>\n<meta property=\"og:title\" content=\"En el campamento, los Conquistadores tienen una misi\u00f3n - Iglesia Adventista del S\u00e9ptimo D\u00eda - Divisi\u00f3n Interamericana\" \/>\n<meta property=\"og:description\" content=\"4 de abril de 2023 | Trelawny, Jamaica | Libna Stevens, Noticias de la Divisi\u00f3n Interamericana Con miles de Conquistadores que se est\u00e1n acomodando en la vida del campamento en...\" \/>\n<meta property=\"og:url\" content=\"https:\/\/interamerica.org\/es\/2023\/04\/en-el-campamento-los-conquistadores-tienen-una-mision\/\" \/>\n<meta property=\"og:site_name\" content=\"Iglesia Adventista del S\u00e9ptimo D\u00eda - Divisi\u00f3n Interamericana\" \/>\n<meta property=\"article:published_time\" content=\"2023-04-04T18:47:22+00:00\" \/>\n<meta property=\"article:modified_time\" content=\"2023-04-05T16:06:21+00:00\" \/>\n<meta property=\"og:image\" content=\"https:\/\/interamerica.org\/wp-content\/uploads\/2023\/04\/iadcamp-ejc-pathfinders.jpg\" \/>\n\t<meta property=\"og:image:width\" content=\"950\" \/>\n\t<meta property=\"og:image:height\" content=\"713\" \/>\n\t<meta property=\"og:image:type\" content=\"image\/jpeg\" \/>\n<meta name=\"author\" content=\"libna\" \/>\n<meta name=\"twitter:card\" content=\"summary_large_image\" \/>\n<meta name=\"twitter:label1\" content=\"Escrito por\" \/>\n\t<meta name=\"twitter:data1\" content=\"libna\" \/>\n\t<meta name=\"twitter:label2\" content=\"Tiempo de lectura\" \/>\n\t<meta name=\"twitter:data2\" content=\"7 minutos\" \/>\n<script type=\"application\/ld+json\" class=\"yoast-schema-graph\">{\"@context\":\"https:\\\/\\\/schema.org\",\"@graph\":[{\"@type\":\"Article\",\"@id\":\"https:\\\/\\\/interamerica.org\\\/es\\\/2023\\\/04\\\/en-el-campamento-los-conquistadores-tienen-una-mision\\\/#article\",\"isPartOf\":{\"@id\":\"https:\\\/\\\/interamerica.org\\\/es\\\/2023\\\/04\\\/en-el-campamento-los-conquistadores-tienen-una-mision\\\/\"},\"author\":{\"name\":\"libna\",\"@id\":\"https:\\\/\\\/interamerica.org\\\/es\\\/#\\\/schema\\\/person\\\/29998f2bc2d8bd0d38662909289b54f1\"},\"headline\":\"En el campamento, los Conquistadores tienen una misi\u00f3n\",\"datePublished\":\"2023-04-04T18:47:22+00:00\",\"dateModified\":\"2023-04-05T16:06:21+00:00\",\"mainEntityOfPage\":{\"@id\":\"https:\\\/\\\/interamerica.org\\\/es\\\/2023\\\/04\\\/en-el-campamento-los-conquistadores-tienen-una-mision\\\/\"},\"wordCount\":1229,\"image\":{\"@id\":\"https:\\\/\\\/interamerica.org\\\/es\\\/2023\\\/04\\\/en-el-campamento-los-conquistadores-tienen-una-mision\\\/#primaryimage\"},\"thumbnailUrl\":\"https:\\\/\\\/interamerica.org\\\/wp-content\\\/uploads\\\/2023\\\/04\\\/iadcamp-ejc-pathfinders.jpg\",\"articleSection\":[\"Desde la sede\",\"RSS Espa\u00f1ol\"],\"inLanguage\":\"es\"},{\"@type\":\"WebPage\",\"@id\":\"https:\\\/\\\/interamerica.org\\\/es\\\/2023\\\/04\\\/en-el-campamento-los-conquistadores-tienen-una-mision\\\/\",\"url\":\"https:\\\/\\\/interamerica.org\\\/es\\\/2023\\\/04\\\/en-el-campamento-los-conquistadores-tienen-una-mision\\\/\",\"name\":\"En el campamento, los Conquistadores tienen una misi\u00f3n - Iglesia Adventista del S\u00e9ptimo D\u00eda - Divisi\u00f3n Interamericana\",\"isPartOf\":{\"@id\":\"https:\\\/\\\/interamerica.org\\\/es\\\/#website\"},\"primaryImageOfPage\":{\"@id\":\"https:\\\/\\\/interamerica.org\\\/es\\\/2023\\\/04\\\/en-el-campamento-los-conquistadores-tienen-una-mision\\\/#primaryimage\"},\"image\":{\"@id\":\"https:\\\/\\\/interamerica.org\\\/es\\\/2023\\\/04\\\/en-el-campamento-los-conquistadores-tienen-una-mision\\\/#primaryimage\"},\"thumbnailUrl\":\"https:\\\/\\\/interamerica.org\\\/wp-content\\\/uploads\\\/2023\\\/04\\\/iadcamp-ejc-pathfinders.jpg\",\"datePublished\":\"2023-04-04T18:47:22+00:00\",\"dateModified\":\"2023-04-05T16:06:21+00:00\",\"author\":{\"@id\":\"https:\\\/\\\/interamerica.org\\\/es\\\/#\\\/schema\\\/person\\\/29998f2bc2d8bd0d38662909289b54f1\"},\"breadcrumb\":{\"@id\":\"https:\\\/\\\/interamerica.org\\\/es\\\/2023\\\/04\\\/en-el-campamento-los-conquistadores-tienen-una-mision\\\/#breadcrumb\"},\"inLanguage\":\"es\",\"potentialAction\":[{\"@type\":\"ReadAction\",\"target\":[\"https:\\\/\\\/interamerica.org\\\/es\\\/2023\\\/04\\\/en-el-campamento-los-conquistadores-tienen-una-mision\\\/\"]}]},{\"@type\":\"ImageObject\",\"inLanguage\":\"es\",\"@id\":\"https:\\\/\\\/interamerica.org\\\/es\\\/2023\\\/04\\\/en-el-campamento-los-conquistadores-tienen-una-mision\\\/#primaryimage\",\"url\":\"https:\\\/\\\/interamerica.org\\\/wp-content\\\/uploads\\\/2023\\\/04\\\/iadcamp-ejc-pathfinders.jpg\",\"contentUrl\":\"https:\\\/\\\/interamerica.org\\\/wp-content\\\/uploads\\\/2023\\\/04\\\/iadcamp-ejc-pathfinders.jpg\",\"width\":950,\"height\":713,\"caption\":\"[Photo: Libna Stevens\\\/IAD]\"},{\"@type\":\"BreadcrumbList\",\"@id\":\"https:\\\/\\\/interamerica.org\\\/es\\\/2023\\\/04\\\/en-el-campamento-los-conquistadores-tienen-una-mision\\\/#breadcrumb\",\"itemListElement\":[{\"@type\":\"ListItem\",\"position\":1,\"name\":\"Home\",\"item\":\"https:\\\/\\\/interamerica.org\\\/es\\\/\"},{\"@type\":\"ListItem\",\"position\":2,\"name\":\"En el campamento, los Conquistadores tienen una misi\u00f3n\"}]},{\"@type\":\"WebSite\",\"@id\":\"https:\\\/\\\/interamerica.org\\\/es\\\/#website\",\"url\":\"https:\\\/\\\/interamerica.org\\\/es\\\/\",\"name\":\"Iglesia Adventista del S\u00e9ptimo D\u00eda - Divisi\u00f3n Interamericana\",\"description\":\"\",\"potentialAction\":[{\"@type\":\"SearchAction\",\"target\":{\"@type\":\"EntryPoint\",\"urlTemplate\":\"https:\\\/\\\/interamerica.org\\\/es\\\/?s={search_term_string}\"},\"query-input\":{\"@type\":\"PropertyValueSpecification\",\"valueRequired\":true,\"valueName\":\"search_term_string\"}}],\"inLanguage\":\"es\"},{\"@type\":\"Person\",\"@id\":\"https:\\\/\\\/interamerica.org\\\/es\\\/#\\\/schema\\\/person\\\/29998f2bc2d8bd0d38662909289b54f1\",\"name\":\"libna\",\"image\":{\"@type\":\"ImageObject\",\"inLanguage\":\"es\",\"@id\":\"https:\\\/\\\/secure.gravatar.com\\\/avatar\\\/7c5bd30ae4b47a9ba3c856590957fd1d96dc588bf3ac05719d247e126840331f?s=96&d=mm&r=g\",\"url\":\"https:\\\/\\\/secure.gravatar.com\\\/avatar\\\/7c5bd30ae4b47a9ba3c856590957fd1d96dc588bf3ac05719d247e126840331f?s=96&d=mm&r=g\",\"contentUrl\":\"https:\\\/\\\/secure.gravatar.com\\\/avatar\\\/7c5bd30ae4b47a9ba3c856590957fd1d96dc588bf3ac05719d247e126840331f?s=96&d=mm&r=g\",\"caption\":\"libna\"}}]}<\/script>\n<!-- \/ Yoast SEO plugin. -->","yoast_head_json":{"title":"En el campamento, los Conquistadores tienen una misi\u00f3n - Iglesia Adventista del S\u00e9ptimo D\u00eda - Divisi\u00f3n Interamericana","robots":{"index":"index","follow":"follow","max-snippet":"max-snippet:-1","max-image-preview":"max-image-preview:large","max-video-preview":"max-video-preview:-1"},"canonical":"https:\/\/interamerica.org\/es\/2023\/04\/en-el-campamento-los-conquistadores-tienen-una-mision\/","og_locale":"es_ES","og_type":"article","og_title":"En el campamento, los Conquistadores tienen una misi\u00f3n - Iglesia Adventista del S\u00e9ptimo D\u00eda - Divisi\u00f3n Interamericana","og_description":"4 de abril de 2023 | Trelawny, Jamaica | Libna Stevens, Noticias de la Divisi\u00f3n Interamericana Con miles de Conquistadores que se est\u00e1n acomodando en la vida del campamento en...","og_url":"https:\/\/interamerica.org\/es\/2023\/04\/en-el-campamento-los-conquistadores-tienen-una-mision\/","og_site_name":"Iglesia Adventista del S\u00e9ptimo D\u00eda - Divisi\u00f3n Interamericana","article_published_time":"2023-04-04T18:47:22+00:00","article_modified_time":"2023-04-05T16:06:21+00:00","og_image":[{"width":950,"height":713,"url":"https:\/\/interamerica.org\/wp-content\/uploads\/2023\/04\/iadcamp-ejc-pathfinders.jpg","type":"image\/jpeg"}],"author":"libna","twitter_card":"summary_large_image","twitter_misc":{"Escrito por":"libna","Tiempo de lectura":"7 minutos"},"schema":{"@context":"https:\/\/schema.org","@graph":[{"@type":"Article","@id":"https:\/\/interamerica.org\/es\/2023\/04\/en-el-campamento-los-conquistadores-tienen-una-mision\/#article","isPartOf":{"@id":"https:\/\/interamerica.org\/es\/2023\/04\/en-el-campamento-los-conquistadores-tienen-una-mision\/"},"author":{"name":"libna","@id":"https:\/\/interamerica.org\/es\/#\/schema\/person\/29998f2bc2d8bd0d38662909289b54f1"},"headline":"En el campamento, los Conquistadores tienen una misi\u00f3n","datePublished":"2023-04-04T18:47:22+00:00","dateModified":"2023-04-05T16:06:21+00:00","mainEntityOfPage":{"@id":"https:\/\/interamerica.org\/es\/2023\/04\/en-el-campamento-los-conquistadores-tienen-una-mision\/"},"wordCount":1229,"image":{"@id":"https:\/\/interamerica.org\/es\/2023\/04\/en-el-campamento-los-conquistadores-tienen-una-mision\/#primaryimage"},"thumbnailUrl":"https:\/\/interamerica.org\/wp-content\/uploads\/2023\/04\/iadcamp-ejc-pathfinders.jpg","articleSection":["Desde la sede","RSS Espa\u00f1ol"],"inLanguage":"es"},{"@type":"WebPage","@id":"https:\/\/interamerica.org\/es\/2023\/04\/en-el-campamento-los-conquistadores-tienen-una-mision\/","url":"https:\/\/interamerica.org\/es\/2023\/04\/en-el-campamento-los-conquistadores-tienen-una-mision\/","name":"En el campamento, los Conquistadores tienen una misi\u00f3n - Iglesia Adventista del S\u00e9ptimo D\u00eda - Divisi\u00f3n Interamericana","isPartOf":{"@id":"https:\/\/interamerica.org\/es\/#website"},"primaryImageOfPage":{"@id":"https:\/\/interamerica.org\/es\/2023\/04\/en-el-campamento-los-conquistadores-tienen-una-mision\/#primaryimage"},"image":{"@id":"https:\/\/interamerica.org\/es\/2023\/04\/en-el-campamento-los-conquistadores-tienen-una-mision\/#primaryimage"},"thumbnailUrl":"https:\/\/interamerica.org\/wp-content\/uploads\/2023\/04\/iadcamp-ejc-pathfinders.jpg","datePublished":"2023-04-04T18:47:22+00:00","dateModified":"2023-04-05T16:06:21+00:00","author":{"@id":"https:\/\/interamerica.org\/es\/#\/schema\/person\/29998f2bc2d8bd0d38662909289b54f1"},"breadcrumb":{"@id":"https:\/\/interamerica.org\/es\/2023\/04\/en-el-campamento-los-conquistadores-tienen-una-mision\/#breadcrumb"},"inLanguage":"es","potentialAction":[{"@type":"ReadAction","target":["https:\/\/interamerica.org\/es\/2023\/04\/en-el-campamento-los-conquistadores-tienen-una-mision\/"]}]},{"@type":"ImageObject","inLanguage":"es","@id":"https:\/\/interamerica.org\/es\/2023\/04\/en-el-campamento-los-conquistadores-tienen-una-mision\/#primaryimage","url":"https:\/\/interamerica.org\/wp-content\/uploads\/2023\/04\/iadcamp-ejc-pathfinders.jpg","contentUrl":"https:\/\/interamerica.org\/wp-content\/uploads\/2023\/04\/iadcamp-ejc-pathfinders.jpg","width":950,"height":713,"caption":"[Photo: Libna Stevens\/IAD]"},{"@type":"BreadcrumbList","@id":"https:\/\/interamerica.org\/es\/2023\/04\/en-el-campamento-los-conquistadores-tienen-una-mision\/#breadcrumb","itemListElement":[{"@type":"ListItem","position":1,"name":"Home","item":"https:\/\/interamerica.org\/es\/"},{"@type":"ListItem","position":2,"name":"En el campamento, los Conquistadores tienen una misi\u00f3n"}]},{"@type":"WebSite","@id":"https:\/\/interamerica.org\/es\/#website","url":"https:\/\/interamerica.org\/es\/","name":"Iglesia Adventista del S\u00e9ptimo D\u00eda - Divisi\u00f3n Interamericana","description":"","potentialAction":[{"@type":"SearchAction","target":{"@type":"EntryPoint","urlTemplate":"https:\/\/interamerica.org\/es\/?s={search_term_string}"},"query-input":{"@type":"PropertyValueSpecification","valueRequired":true,"valueName":"search_term_string"}}],"inLanguage":"es"},{"@type":"Person","@id":"https:\/\/interamerica.org\/es\/#\/schema\/person\/29998f2bc2d8bd0d38662909289b54f1","name":"libna","image":{"@type":"ImageObject","inLanguage":"es","@id":"https:\/\/secure.gravatar.com\/avatar\/7c5bd30ae4b47a9ba3c856590957fd1d96dc588bf3ac05719d247e126840331f?s=96&d=mm&r=g","url":"https:\/\/secure.gravatar.com\/avatar\/7c5bd30ae4b47a9ba3c856590957fd1d96dc588bf3ac05719d247e126840331f?s=96&d=mm&r=g","contentUrl":"https:\/\/secure.gravatar.com\/avatar\/7c5bd30ae4b47a9ba3c856590957fd1d96dc588bf3ac05719d247e126840331f?s=96&d=mm&r=g","caption":"libna"}}]}},"_links":{"self":[{"href":"https:\/\/interamerica.org\/es\/wp-json\/wp\/v2\/posts\/96858","targetHints":{"allow":["GET"]}}],"collection":[{"href":"https:\/\/interamerica.org\/es\/wp-json\/wp\/v2\/posts"}],"about":[{"href":"https:\/\/interamerica.org\/es\/wp-json\/wp\/v2\/types\/post"}],"author":[{"embeddable":true,"href":"https:\/\/interamerica.org\/es\/wp-json\/wp\/v2\/users\/3"}],"replies":[{"embeddable":true,"href":"https:\/\/interamerica.org\/es\/wp-json\/wp\/v2\/comments?post=96858"}],"version-history":[{"count":0,"href":"https:\/\/interamerica.org\/es\/wp-json\/wp\/v2\/posts\/96858\/revisions"}],"wp:featuredmedia":[{"embeddable":true,"href":"https:\/\/interamerica.org\/es\/wp-json\/wp\/v2\/media\/96813"}],"wp:attachment":[{"href":"https:\/\/interamerica.org\/es\/wp-json\/wp\/v2\/media?parent=96858"}],"wp:term":[{"taxonomy":"category","embeddable":true,"href":"https:\/\/interamerica.org\/es\/wp-json\/wp\/v2\/categories?post=96858"},{"taxonomy":"post_tag","embeddable":true,"href":"https:\/\/interamerica.org\/es\/wp-json\/wp\/v2\/tags?post=96858"}],"curies":[{"name":"wp","href":"https:\/\/api.w.org\/{rel}","templated":true}]}}