{"id":96948,"date":"2023-04-05T13:39:36","date_gmt":"2023-04-05T17:39:36","guid":{"rendered":"https:\/\/interamerica.org\/?p=96948"},"modified":"2023-04-07T20:27:50","modified_gmt":"2023-04-08T00:27:50","slug":"un-marchador-mantiene-el-paso-con-la-mision-de-los-conquistadores","status":"publish","type":"post","link":"https:\/\/interamerica.org\/es\/2023\/04\/un-marchador-mantiene-el-paso-con-la-mision-de-los-conquistadores\/","title":{"rendered":"Un marchador mantiene el paso con la misi\u00f3n de los Conquistadores"},"content":{"rendered":"<p><div id=\"attachment_96901\" style=\"width: 887px\" class=\"wp-caption aligncenter\"><img fetchpriority=\"high\" decoding=\"async\" aria-describedby=\"caption-attachment-96901\" class=\" wp-image-96899\" src=\"https:\/\/interamerica.org\/wp-content\/uploads\/2023\/04\/iadcamp-ejc-meshach-1024x768.jpg\" alt=\"\" width=\"877\" height=\"658\" srcset=\"https:\/\/interamerica.org\/wp-content\/uploads\/2023\/04\/iadcamp-ejc-meshach-1024x768.jpg 1024w, https:\/\/interamerica.org\/wp-content\/uploads\/2023\/04\/iadcamp-ejc-meshach-300x225.jpg 300w, https:\/\/interamerica.org\/wp-content\/uploads\/2023\/04\/iadcamp-ejc-meshach-768x576.jpg 768w, https:\/\/interamerica.org\/wp-content\/uploads\/2023\/04\/iadcamp-ejc-meshach.jpg 1500w\" sizes=\"(max-width: 877px) 100vw, 877px\" \/><p id=\"caption-attachment-96901\" class=\"wp-caption-text\">Meshach Williams de Jamaica Saluda frente a algunas de las tiendas de su club, en los terrenos para acampar en Trelawny, Jamaica, el 4 de abril de 2023. [Fotograf\u00eda: Ruth-Ann Brown\/DIA]<\/p><\/div>5 de abril de 2023 | Trelawny, Jamaica | Ruth-Ann Brown y Noticias de la Divisi\u00f3n Interamericana<\/p>\n<p>Desde que ten\u00eda 3 a\u00f1os, Meshach Williams descubri\u00f3 c\u00f3mo marchar, moviendo sus pies en sincronizaci\u00f3n con los Conquistadores y directivos con los que creci\u00f3. Su ejemplo m\u00e1s cercano era el de su madre, Roxan Chance Williams, que era instructora de marcha.<\/p>\n<p>Despu\u00e9s de llevar a Meshach junto con ella a un ensayo de marcha para un congreso de j\u00f3venes anual que se realiz\u00f3 en Kingston, Jamaica, fue testigo de lo inesperado.<\/p>\n<p>\u201cUno de mis directores le dijo que me incorporara al desfile, y yo pens\u00e9 que era una broma\u201d, dijo Williams.<\/p>\n<p><div id=\"attachment_96908\" style=\"width: 910px\" class=\"wp-caption aligncenter\"><img decoding=\"async\" aria-describedby=\"caption-attachment-96908\" class=\"size-full wp-image-96906\" src=\"https:\/\/interamerica.org\/wp-content\/uploads\/2023\/04\/meshach-and-mother-roxan-horizontal.jpg\" alt=\"\" width=\"900\" height=\"675\" srcset=\"https:\/\/interamerica.org\/wp-content\/uploads\/2023\/04\/meshach-and-mother-roxan-horizontal.jpg 900w, https:\/\/interamerica.org\/wp-content\/uploads\/2023\/04\/meshach-and-mother-roxan-horizontal-300x225.jpg 300w, https:\/\/interamerica.org\/wp-content\/uploads\/2023\/04\/meshach-and-mother-roxan-horizontal-768x576.jpg 768w\" sizes=\"(max-width: 900px) 100vw, 900px\" \/><p id=\"caption-attachment-96908\" class=\"wp-caption-text\">Meshach (derecha) posa junto a su madre Roxan Chance Williams (izquierda). [Fotograf\u00eda: Ruth-Ann Brown\/DIA][caption][Photo: Ruth-Ann Brown\/IAD]<\/p><\/div>Mientras estaba en posici\u00f3n, escuch\u00f3 un alboroto al final de la l\u00ednea, mientras las personas destacaban asombradas los movimientos de Meshach, que por entonces ten\u00eda 4 a\u00f1os. A partir de all\u00ed jam\u00e1s falt\u00f3 a una pr\u00e1ctica, asistiendo a eventos junto con su madre en el Club de Conquistadores. Desde entonces, Meshach ha asistido a varios camporees, lo que incluye haber sido el \u00fanico Aventurero de su asociaci\u00f3n en el Camporee de Conquistadores \u201cFinish Faithful\u201d (Fieles hasta el fin) de la Uni\u00f3n del Atl\u00e1ntico en los Estados Unidos en 2016.<br \/>\nDurante la ceremonia de apertura de anoche del V Camporee de Conquistadores de Interam\u00e9rica en Jamaica, Meshach, que ahora tiene 13 a\u00f1os, particip\u00f3 de la demostraci\u00f3n de destrezas y marcha portando una bandera. March\u00f3 junto a otros Conquistadores y Gu\u00edas Mayores de su asociaci\u00f3n, lo que incluy\u00f3 a Joel Jumpp, su director de ministerios juveniles.<\/p>\n<p><div id=\"attachment_96911\" style=\"width: 913px\" class=\"wp-caption aligncenter\"><img decoding=\"async\" aria-describedby=\"caption-attachment-96911\" class=\" wp-image-96909\" src=\"https:\/\/interamerica.org\/wp-content\/uploads\/2023\/04\/iadcamp-meshach.jpg\" alt=\"\" width=\"903\" height=\"602\" srcset=\"https:\/\/interamerica.org\/wp-content\/uploads\/2023\/04\/iadcamp-meshach.jpg 1000w, https:\/\/interamerica.org\/wp-content\/uploads\/2023\/04\/iadcamp-meshach-300x200.jpg 300w, https:\/\/interamerica.org\/wp-content\/uploads\/2023\/04\/iadcamp-meshach-768x512.jpg 768w\" sizes=\"(max-width: 903px) 100vw, 903px\" \/><p id=\"caption-attachment-96911\" class=\"wp-caption-text\">[Fotograf\u00eda: Daniel Gallardo\/DIA]<\/p><\/div>Jumpp se ha visto impresionado con Meshach, diciendo: \u201cEs un buen joven; siente pasi\u00f3n por su trabajo. Dondequiera vamos, est\u00e1 all\u00ed, listo. A veces nos preguntamos si puede llevar la bandera, porque la bandera es m\u00e1s alta que \u00e9l, pero eso no lo detiene. Es peque\u00f1o pero puede hacer grandes cosas\u201d.<\/p>\n<p>El joven Meshach encuentra una real alegr\u00eda en el Club de Conquistadores. \u201cAll\u00ed se puede testificar y compartir la Palabra de Dios con otras personas y mostrar nuestras habilidades\u201d, dijo Meshach. Cuando se le pregunta por qu\u00e9 ama las destrezas y la marcha, dijo: \u201cMe divierto, participando de esas destrezas y hermosos movimientos\u201d.<\/p>\n<p><div id=\"attachment_96914\" style=\"width: 937px\" class=\"wp-caption aligncenter\"><img loading=\"lazy\" decoding=\"async\" aria-describedby=\"caption-attachment-96914\" class=\" wp-image-96912\" src=\"https:\/\/interamerica.org\/wp-content\/uploads\/2023\/04\/meshach-in-atlantic-union-conference.jpg\" alt=\"\" width=\"927\" height=\"617\" srcset=\"https:\/\/interamerica.org\/wp-content\/uploads\/2023\/04\/meshach-in-atlantic-union-conference.jpg 1000w, https:\/\/interamerica.org\/wp-content\/uploads\/2023\/04\/meshach-in-atlantic-union-conference-300x200.jpg 300w, https:\/\/interamerica.org\/wp-content\/uploads\/2023\/04\/meshach-in-atlantic-union-conference-768x511.jpg 768w\" sizes=\"(max-width: 927px) 100vw, 927px\" \/><p id=\"caption-attachment-96914\" class=\"wp-caption-text\">Meshach Williams dirige la delegaci\u00f3n de la Asociaci\u00f3n de Jamaica Oriental en el Camporee \u201cFinish Faithful\u201d, de la Uni\u00f3n Asociaci\u00f3n del Atl\u00e1ntico en los Estados Unidos, en 2016. [Fotograf\u00eda de archivo: Sophia Dormer, EJC]<\/p><\/div>Meshach, que ahora se encuentra en la clase de Rangers, est\u00e1 aguardando hacer el curso de Gu\u00eda Mayor y de Instructor de Marcha. Entretanto, es predicador infantile de Misi\u00f3n 2000, de la Servicios e Industrias de Laicos Adventistas (ASI) en la sede de Jamaica, y espera viajara a la campa\u00f1a \u201cImpacto Colombia\u201d este pr\u00f3ximo verano.<\/p>\n<p>Meshach y su madre Roxan son dos de los m\u00e1s de 1100 delegados de Conquistadores de la Asociaci\u00f3n de Jamaica Oriental, una de las cinco asociaciones de la Uni\u00f3n Jamaiquina, sede del camporee de este a\u00f1o.<\/p>\n<p>Traducci\u00f3n de Marcos Paseggi<\/p>\n","protected":false},"excerpt":{"rendered":"<p>5 de abril de 2023 | Trelawny, Jamaica | Ruth-Ann Brown y Noticias de la Divisi\u00f3n Interamericana Desde que ten\u00eda 3 a\u00f1os, Meshach Williams descubri\u00f3 c\u00f3mo marchar, moviendo sus pies&#8230;<\/p>\n","protected":false},"author":3,"featured_media":96901,"comment_status":"closed","ping_status":"closed","sticky":false,"template":"","format":"standard","meta":{"_acf_changed":false,"footnotes":""},"categories":[16,15],"tags":[],"class_list":["post-96948","post","type-post","status-publish","format-standard","has-post-thumbnail","hentry","category-desde-la-sede","category-rss-espanol"],"acf":[],"yoast_head":"<!-- This site is optimized with the Yoast SEO plugin v27.3 - https:\/\/yoast.com\/product\/yoast-seo-wordpress\/ -->\n<title>Un marchador mantiene el paso con la misi\u00f3n de los Conquistadores - Iglesia Adventista del S\u00e9ptimo D\u00eda - Divisi\u00f3n Interamericana<\/title>\n<meta name=\"robots\" content=\"index, follow, max-snippet:-1, max-image-preview:large, max-video-preview:-1\" \/>\n<link rel=\"canonical\" href=\"https:\/\/interamerica.org\/es\/2023\/04\/un-marchador-mantiene-el-paso-con-la-mision-de-los-conquistadores\/\" \/>\n<meta property=\"og:locale\" content=\"es_ES\" \/>\n<meta property=\"og:type\" content=\"article\" \/>\n<meta property=\"og:title\" content=\"Un marchador mantiene el paso con la misi\u00f3n de los Conquistadores - Iglesia Adventista del S\u00e9ptimo D\u00eda - Divisi\u00f3n Interamericana\" \/>\n<meta property=\"og:description\" content=\"5 de abril de 2023 | Trelawny, Jamaica | Ruth-Ann Brown y Noticias de la Divisi\u00f3n Interamericana Desde que ten\u00eda 3 a\u00f1os, Meshach Williams descubri\u00f3 c\u00f3mo marchar, moviendo sus pies...\" \/>\n<meta property=\"og:url\" content=\"https:\/\/interamerica.org\/es\/2023\/04\/un-marchador-mantiene-el-paso-con-la-mision-de-los-conquistadores\/\" \/>\n<meta property=\"og:site_name\" content=\"Iglesia Adventista del S\u00e9ptimo D\u00eda - Divisi\u00f3n Interamericana\" \/>\n<meta property=\"article:published_time\" content=\"2023-04-05T17:39:36+00:00\" \/>\n<meta property=\"article:modified_time\" content=\"2023-04-08T00:27:50+00:00\" \/>\n<meta property=\"og:image\" content=\"https:\/\/interamerica.org\/wp-content\/uploads\/2023\/04\/iadcamp-ejc-meshach.jpg\" \/>\n\t<meta property=\"og:image:width\" content=\"1500\" \/>\n\t<meta property=\"og:image:height\" content=\"1125\" \/>\n\t<meta property=\"og:image:type\" content=\"image\/jpeg\" \/>\n<meta name=\"author\" content=\"libna\" \/>\n<meta name=\"twitter:card\" content=\"summary_large_image\" \/>\n<meta name=\"twitter:label1\" content=\"Escrito por\" \/>\n\t<meta name=\"twitter:data1\" content=\"libna\" \/>\n\t<meta name=\"twitter:label2\" content=\"Tiempo de lectura\" \/>\n\t<meta name=\"twitter:data2\" content=\"4 minutos\" \/>\n<script type=\"application\/ld+json\" class=\"yoast-schema-graph\">{\"@context\":\"https:\\\/\\\/schema.org\",\"@graph\":[{\"@type\":\"Article\",\"@id\":\"https:\\\/\\\/interamerica.org\\\/es\\\/2023\\\/04\\\/un-marchador-mantiene-el-paso-con-la-mision-de-los-conquistadores\\\/#article\",\"isPartOf\":{\"@id\":\"https:\\\/\\\/interamerica.org\\\/es\\\/2023\\\/04\\\/un-marchador-mantiene-el-paso-con-la-mision-de-los-conquistadores\\\/\"},\"author\":{\"name\":\"libna\",\"@id\":\"https:\\\/\\\/interamerica.org\\\/es\\\/#\\\/schema\\\/person\\\/29998f2bc2d8bd0d38662909289b54f1\"},\"headline\":\"Un marchador mantiene el paso con la misi\u00f3n de los Conquistadores\",\"datePublished\":\"2023-04-05T17:39:36+00:00\",\"dateModified\":\"2023-04-08T00:27:50+00:00\",\"mainEntityOfPage\":{\"@id\":\"https:\\\/\\\/interamerica.org\\\/es\\\/2023\\\/04\\\/un-marchador-mantiene-el-paso-con-la-mision-de-los-conquistadores\\\/\"},\"wordCount\":612,\"image\":{\"@id\":\"https:\\\/\\\/interamerica.org\\\/es\\\/2023\\\/04\\\/un-marchador-mantiene-el-paso-con-la-mision-de-los-conquistadores\\\/#primaryimage\"},\"thumbnailUrl\":\"https:\\\/\\\/interamerica.org\\\/wp-content\\\/uploads\\\/2023\\\/04\\\/iadcamp-ejc-meshach.jpg\",\"articleSection\":[\"Desde la sede\",\"RSS Espa\u00f1ol\"],\"inLanguage\":\"es\"},{\"@type\":\"WebPage\",\"@id\":\"https:\\\/\\\/interamerica.org\\\/es\\\/2023\\\/04\\\/un-marchador-mantiene-el-paso-con-la-mision-de-los-conquistadores\\\/\",\"url\":\"https:\\\/\\\/interamerica.org\\\/es\\\/2023\\\/04\\\/un-marchador-mantiene-el-paso-con-la-mision-de-los-conquistadores\\\/\",\"name\":\"Un marchador mantiene el paso con la misi\u00f3n de los Conquistadores - Iglesia Adventista del S\u00e9ptimo D\u00eda - Divisi\u00f3n Interamericana\",\"isPartOf\":{\"@id\":\"https:\\\/\\\/interamerica.org\\\/es\\\/#website\"},\"primaryImageOfPage\":{\"@id\":\"https:\\\/\\\/interamerica.org\\\/es\\\/2023\\\/04\\\/un-marchador-mantiene-el-paso-con-la-mision-de-los-conquistadores\\\/#primaryimage\"},\"image\":{\"@id\":\"https:\\\/\\\/interamerica.org\\\/es\\\/2023\\\/04\\\/un-marchador-mantiene-el-paso-con-la-mision-de-los-conquistadores\\\/#primaryimage\"},\"thumbnailUrl\":\"https:\\\/\\\/interamerica.org\\\/wp-content\\\/uploads\\\/2023\\\/04\\\/iadcamp-ejc-meshach.jpg\",\"datePublished\":\"2023-04-05T17:39:36+00:00\",\"dateModified\":\"2023-04-08T00:27:50+00:00\",\"author\":{\"@id\":\"https:\\\/\\\/interamerica.org\\\/es\\\/#\\\/schema\\\/person\\\/29998f2bc2d8bd0d38662909289b54f1\"},\"breadcrumb\":{\"@id\":\"https:\\\/\\\/interamerica.org\\\/es\\\/2023\\\/04\\\/un-marchador-mantiene-el-paso-con-la-mision-de-los-conquistadores\\\/#breadcrumb\"},\"inLanguage\":\"es\",\"potentialAction\":[{\"@type\":\"ReadAction\",\"target\":[\"https:\\\/\\\/interamerica.org\\\/es\\\/2023\\\/04\\\/un-marchador-mantiene-el-paso-con-la-mision-de-los-conquistadores\\\/\"]}]},{\"@type\":\"ImageObject\",\"inLanguage\":\"es\",\"@id\":\"https:\\\/\\\/interamerica.org\\\/es\\\/2023\\\/04\\\/un-marchador-mantiene-el-paso-con-la-mision-de-los-conquistadores\\\/#primaryimage\",\"url\":\"https:\\\/\\\/interamerica.org\\\/wp-content\\\/uploads\\\/2023\\\/04\\\/iadcamp-ejc-meshach.jpg\",\"contentUrl\":\"https:\\\/\\\/interamerica.org\\\/wp-content\\\/uploads\\\/2023\\\/04\\\/iadcamp-ejc-meshach.jpg\",\"width\":1500,\"height\":1125,\"caption\":\"[Photo: Ruth-Ann Brown\\\/IAD]\"},{\"@type\":\"BreadcrumbList\",\"@id\":\"https:\\\/\\\/interamerica.org\\\/es\\\/2023\\\/04\\\/un-marchador-mantiene-el-paso-con-la-mision-de-los-conquistadores\\\/#breadcrumb\",\"itemListElement\":[{\"@type\":\"ListItem\",\"position\":1,\"name\":\"Home\",\"item\":\"https:\\\/\\\/interamerica.org\\\/es\\\/\"},{\"@type\":\"ListItem\",\"position\":2,\"name\":\"Un marchador mantiene el paso con la misi\u00f3n de los Conquistadores\"}]},{\"@type\":\"WebSite\",\"@id\":\"https:\\\/\\\/interamerica.org\\\/es\\\/#website\",\"url\":\"https:\\\/\\\/interamerica.org\\\/es\\\/\",\"name\":\"Iglesia Adventista del S\u00e9ptimo D\u00eda - Divisi\u00f3n Interamericana\",\"description\":\"\",\"potentialAction\":[{\"@type\":\"SearchAction\",\"target\":{\"@type\":\"EntryPoint\",\"urlTemplate\":\"https:\\\/\\\/interamerica.org\\\/es\\\/?s={search_term_string}\"},\"query-input\":{\"@type\":\"PropertyValueSpecification\",\"valueRequired\":true,\"valueName\":\"search_term_string\"}}],\"inLanguage\":\"es\"},{\"@type\":\"Person\",\"@id\":\"https:\\\/\\\/interamerica.org\\\/es\\\/#\\\/schema\\\/person\\\/29998f2bc2d8bd0d38662909289b54f1\",\"name\":\"libna\",\"image\":{\"@type\":\"ImageObject\",\"inLanguage\":\"es\",\"@id\":\"https:\\\/\\\/secure.gravatar.com\\\/avatar\\\/7c5bd30ae4b47a9ba3c856590957fd1d96dc588bf3ac05719d247e126840331f?s=96&d=mm&r=g\",\"url\":\"https:\\\/\\\/secure.gravatar.com\\\/avatar\\\/7c5bd30ae4b47a9ba3c856590957fd1d96dc588bf3ac05719d247e126840331f?s=96&d=mm&r=g\",\"contentUrl\":\"https:\\\/\\\/secure.gravatar.com\\\/avatar\\\/7c5bd30ae4b47a9ba3c856590957fd1d96dc588bf3ac05719d247e126840331f?s=96&d=mm&r=g\",\"caption\":\"libna\"}}]}<\/script>\n<!-- \/ Yoast SEO plugin. -->","yoast_head_json":{"title":"Un marchador mantiene el paso con la misi\u00f3n de los Conquistadores - Iglesia Adventista del S\u00e9ptimo D\u00eda - Divisi\u00f3n Interamericana","robots":{"index":"index","follow":"follow","max-snippet":"max-snippet:-1","max-image-preview":"max-image-preview:large","max-video-preview":"max-video-preview:-1"},"canonical":"https:\/\/interamerica.org\/es\/2023\/04\/un-marchador-mantiene-el-paso-con-la-mision-de-los-conquistadores\/","og_locale":"es_ES","og_type":"article","og_title":"Un marchador mantiene el paso con la misi\u00f3n de los Conquistadores - Iglesia Adventista del S\u00e9ptimo D\u00eda - Divisi\u00f3n Interamericana","og_description":"5 de abril de 2023 | Trelawny, Jamaica | Ruth-Ann Brown y Noticias de la Divisi\u00f3n Interamericana Desde que ten\u00eda 3 a\u00f1os, Meshach Williams descubri\u00f3 c\u00f3mo marchar, moviendo sus pies...","og_url":"https:\/\/interamerica.org\/es\/2023\/04\/un-marchador-mantiene-el-paso-con-la-mision-de-los-conquistadores\/","og_site_name":"Iglesia Adventista del S\u00e9ptimo D\u00eda - Divisi\u00f3n Interamericana","article_published_time":"2023-04-05T17:39:36+00:00","article_modified_time":"2023-04-08T00:27:50+00:00","og_image":[{"width":1500,"height":1125,"url":"https:\/\/interamerica.org\/wp-content\/uploads\/2023\/04\/iadcamp-ejc-meshach.jpg","type":"image\/jpeg"}],"author":"libna","twitter_card":"summary_large_image","twitter_misc":{"Escrito por":"libna","Tiempo de lectura":"4 minutos"},"schema":{"@context":"https:\/\/schema.org","@graph":[{"@type":"Article","@id":"https:\/\/interamerica.org\/es\/2023\/04\/un-marchador-mantiene-el-paso-con-la-mision-de-los-conquistadores\/#article","isPartOf":{"@id":"https:\/\/interamerica.org\/es\/2023\/04\/un-marchador-mantiene-el-paso-con-la-mision-de-los-conquistadores\/"},"author":{"name":"libna","@id":"https:\/\/interamerica.org\/es\/#\/schema\/person\/29998f2bc2d8bd0d38662909289b54f1"},"headline":"Un marchador mantiene el paso con la misi\u00f3n de los Conquistadores","datePublished":"2023-04-05T17:39:36+00:00","dateModified":"2023-04-08T00:27:50+00:00","mainEntityOfPage":{"@id":"https:\/\/interamerica.org\/es\/2023\/04\/un-marchador-mantiene-el-paso-con-la-mision-de-los-conquistadores\/"},"wordCount":612,"image":{"@id":"https:\/\/interamerica.org\/es\/2023\/04\/un-marchador-mantiene-el-paso-con-la-mision-de-los-conquistadores\/#primaryimage"},"thumbnailUrl":"https:\/\/interamerica.org\/wp-content\/uploads\/2023\/04\/iadcamp-ejc-meshach.jpg","articleSection":["Desde la sede","RSS Espa\u00f1ol"],"inLanguage":"es"},{"@type":"WebPage","@id":"https:\/\/interamerica.org\/es\/2023\/04\/un-marchador-mantiene-el-paso-con-la-mision-de-los-conquistadores\/","url":"https:\/\/interamerica.org\/es\/2023\/04\/un-marchador-mantiene-el-paso-con-la-mision-de-los-conquistadores\/","name":"Un marchador mantiene el paso con la misi\u00f3n de los Conquistadores - Iglesia Adventista del S\u00e9ptimo D\u00eda - Divisi\u00f3n Interamericana","isPartOf":{"@id":"https:\/\/interamerica.org\/es\/#website"},"primaryImageOfPage":{"@id":"https:\/\/interamerica.org\/es\/2023\/04\/un-marchador-mantiene-el-paso-con-la-mision-de-los-conquistadores\/#primaryimage"},"image":{"@id":"https:\/\/interamerica.org\/es\/2023\/04\/un-marchador-mantiene-el-paso-con-la-mision-de-los-conquistadores\/#primaryimage"},"thumbnailUrl":"https:\/\/interamerica.org\/wp-content\/uploads\/2023\/04\/iadcamp-ejc-meshach.jpg","datePublished":"2023-04-05T17:39:36+00:00","dateModified":"2023-04-08T00:27:50+00:00","author":{"@id":"https:\/\/interamerica.org\/es\/#\/schema\/person\/29998f2bc2d8bd0d38662909289b54f1"},"breadcrumb":{"@id":"https:\/\/interamerica.org\/es\/2023\/04\/un-marchador-mantiene-el-paso-con-la-mision-de-los-conquistadores\/#breadcrumb"},"inLanguage":"es","potentialAction":[{"@type":"ReadAction","target":["https:\/\/interamerica.org\/es\/2023\/04\/un-marchador-mantiene-el-paso-con-la-mision-de-los-conquistadores\/"]}]},{"@type":"ImageObject","inLanguage":"es","@id":"https:\/\/interamerica.org\/es\/2023\/04\/un-marchador-mantiene-el-paso-con-la-mision-de-los-conquistadores\/#primaryimage","url":"https:\/\/interamerica.org\/wp-content\/uploads\/2023\/04\/iadcamp-ejc-meshach.jpg","contentUrl":"https:\/\/interamerica.org\/wp-content\/uploads\/2023\/04\/iadcamp-ejc-meshach.jpg","width":1500,"height":1125,"caption":"[Photo: Ruth-Ann Brown\/IAD]"},{"@type":"BreadcrumbList","@id":"https:\/\/interamerica.org\/es\/2023\/04\/un-marchador-mantiene-el-paso-con-la-mision-de-los-conquistadores\/#breadcrumb","itemListElement":[{"@type":"ListItem","position":1,"name":"Home","item":"https:\/\/interamerica.org\/es\/"},{"@type":"ListItem","position":2,"name":"Un marchador mantiene el paso con la misi\u00f3n de los Conquistadores"}]},{"@type":"WebSite","@id":"https:\/\/interamerica.org\/es\/#website","url":"https:\/\/interamerica.org\/es\/","name":"Iglesia Adventista del S\u00e9ptimo D\u00eda - Divisi\u00f3n Interamericana","description":"","potentialAction":[{"@type":"SearchAction","target":{"@type":"EntryPoint","urlTemplate":"https:\/\/interamerica.org\/es\/?s={search_term_string}"},"query-input":{"@type":"PropertyValueSpecification","valueRequired":true,"valueName":"search_term_string"}}],"inLanguage":"es"},{"@type":"Person","@id":"https:\/\/interamerica.org\/es\/#\/schema\/person\/29998f2bc2d8bd0d38662909289b54f1","name":"libna","image":{"@type":"ImageObject","inLanguage":"es","@id":"https:\/\/secure.gravatar.com\/avatar\/7c5bd30ae4b47a9ba3c856590957fd1d96dc588bf3ac05719d247e126840331f?s=96&d=mm&r=g","url":"https:\/\/secure.gravatar.com\/avatar\/7c5bd30ae4b47a9ba3c856590957fd1d96dc588bf3ac05719d247e126840331f?s=96&d=mm&r=g","contentUrl":"https:\/\/secure.gravatar.com\/avatar\/7c5bd30ae4b47a9ba3c856590957fd1d96dc588bf3ac05719d247e126840331f?s=96&d=mm&r=g","caption":"libna"}}]}},"_links":{"self":[{"href":"https:\/\/interamerica.org\/es\/wp-json\/wp\/v2\/posts\/96948","targetHints":{"allow":["GET"]}}],"collection":[{"href":"https:\/\/interamerica.org\/es\/wp-json\/wp\/v2\/posts"}],"about":[{"href":"https:\/\/interamerica.org\/es\/wp-json\/wp\/v2\/types\/post"}],"author":[{"embeddable":true,"href":"https:\/\/interamerica.org\/es\/wp-json\/wp\/v2\/users\/3"}],"replies":[{"embeddable":true,"href":"https:\/\/interamerica.org\/es\/wp-json\/wp\/v2\/comments?post=96948"}],"version-history":[{"count":0,"href":"https:\/\/interamerica.org\/es\/wp-json\/wp\/v2\/posts\/96948\/revisions"}],"wp:featuredmedia":[{"embeddable":true,"href":"https:\/\/interamerica.org\/es\/wp-json\/wp\/v2\/media\/96901"}],"wp:attachment":[{"href":"https:\/\/interamerica.org\/es\/wp-json\/wp\/v2\/media?parent=96948"}],"wp:term":[{"taxonomy":"category","embeddable":true,"href":"https:\/\/interamerica.org\/es\/wp-json\/wp\/v2\/categories?post=96948"},{"taxonomy":"post_tag","embeddable":true,"href":"https:\/\/interamerica.org\/es\/wp-json\/wp\/v2\/tags?post=96948"}],"curies":[{"name":"wp","href":"https:\/\/api.w.org\/{rel}","templated":true}]}}