{"id":97077,"date":"2023-04-06T13:10:43","date_gmt":"2023-04-06T17:10:43","guid":{"rendered":"https:\/\/interamerica.org\/?p=97077"},"modified":"2023-04-06T19:32:11","modified_gmt":"2023-04-06T23:32:11","slug":"usain-bolt-enciende-el-camporee-de-conquistadores","status":"publish","type":"post","link":"https:\/\/interamerica.org\/es\/2023\/04\/usain-bolt-enciende-el-camporee-de-conquistadores\/","title":{"rendered":"Usain Bolt enciende el Camporee de Conquistadores"},"content":{"rendered":"<p><div id=\"attachment_97009\" style=\"width: 984px\" class=\"wp-caption aligncenter\"><img fetchpriority=\"high\" decoding=\"async\" aria-describedby=\"caption-attachment-97009\" class=\" wp-image-97007\" src=\"https:\/\/interamerica.org\/wp-content\/uploads\/2023\/04\/usain-bold-1000.jpg\" alt=\"\" width=\"974\" height=\"645\" srcset=\"https:\/\/interamerica.org\/wp-content\/uploads\/2023\/04\/usain-bold-1000.jpg 1000w, https:\/\/interamerica.org\/wp-content\/uploads\/2023\/04\/usain-bold-1000-300x199.jpg 300w, https:\/\/interamerica.org\/wp-content\/uploads\/2023\/04\/usain-bold-1000-768x508.jpg 768w\" sizes=\"(max-width: 974px) 100vw, 974px\" \/><p id=\"caption-attachment-97009\" class=\"wp-caption-text\">El ocho veces campe\u00f3n en los Juegos Ol\u00edmpicos Usain Bolt (al centro), sonr\u00ede a uno de varios Conquistadores que corrieron los 100 metros en los terrenos del Estadio Multiprop\u00f3sito de Trelawny, Jamaica, durante el V Camporee de Conquistadores de Interam\u00e9rica, el 5 de abril de 2023. [Fotograf\u00eda: Maicodox Alcantara Mota\/DIA]<\/p><\/div>6 de abril de 2023 | Trelawny, Jamaica | Nigel Coke y Noticias de la Divisi\u00f3n Interamericana<\/p>\n<p>El sensaci\u00f3n de las carreras cortas y poseer del r\u00e9cord mundial Usain Bolt fue la principal atracci\u00f3n en el segundo d\u00eda del V Camporee de Conquistadores de la Divisi\u00f3n Interamericana, el 5 de abril de 2023.<\/p>\n<p>Apenas el hombre m\u00e1s r\u00e1pido del mundo ingres\u00f3 al Estadio Multiprop\u00f3sito de Trelawny, la atenci\u00f3n y la concentraci\u00f3n de todos cambi\u00f3.<\/p>\n<p>\u201cUsain Bolt es un modelo tanto para los j\u00f3venes como para los adultos a nivel global\u201d, dijo el pastor Balvin Braham, vicepresidente de la Divisi\u00f3n Interamericana. \u201cEs reconocido en los 42 pa\u00edses de la Divisi\u00f3n Interamericana, y existe una fascinaci\u00f3n con este \u00edcono del deporte\u201d, a\u00f1adi\u00f3. \u201cQuer\u00edamos que venga al Camporee para demostrar a los j\u00f3venes lo que es posible lograr siguiendo el potencial que Dios nos ha dado\u201d.<\/p>\n<p><div id=\"attachment_97003\" style=\"width: 950px\" class=\"wp-caption aligncenter\"><img decoding=\"async\" aria-describedby=\"caption-attachment-97003\" class=\" wp-image-97001\" src=\"https:\/\/interamerica.org\/wp-content\/uploads\/2023\/04\/bolt-medal-apr05-2023.jpg\" alt=\"\" width=\"940\" height=\"657\" srcset=\"https:\/\/interamerica.org\/wp-content\/uploads\/2023\/04\/bolt-medal-apr05-2023.jpg 975w, https:\/\/interamerica.org\/wp-content\/uploads\/2023\/04\/bolt-medal-apr05-2023-300x210.jpg 300w, https:\/\/interamerica.org\/wp-content\/uploads\/2023\/04\/bolt-medal-apr05-2023-768x537.jpg 768w\" sizes=\"(max-width: 940px) 100vw, 940px\" \/><p id=\"caption-attachment-97003\" class=\"wp-caption-text\">El pastor Al Powell, director de ministerios j\u00f3venes de la Divisi\u00f3n Interamericana, felicita a Usain Bolt despu\u00e9s de que el pastor Balvin Braham, vicepresidente de la Divisi\u00f3n Interamericana (izquierda), observa, despu\u00e9s de colocarle la Medalla Dorada del Presidente de la Divisi\u00f3n Interamericana en el escenario el pasado 5 de abril de 2023. [Fotograf\u00eda: Nigel Coke\/DIA]<\/p><\/div>Annique Carrington, de 14 a\u00f1os y proveniente de la isla San Vicente dijo que fue un sue\u00f1o hecho realidad encontrarse con la estrella, que la ha inspirado a esforzarse en las carreras de 100 y 200 metros en la escuela secundaria a la que asiste. \u201cFue un momento de mucho entusiasmo para m\u00ed, un sue\u00f1o hecho realidad [\u2026]. Este camporee me ha cumplido ese sue\u00f1o\u201d.<\/p>\n<p>El ocho veces campe\u00f3n ol\u00edmpico, cuya madre y padre son miembros de la iglesia adventista Sherwood Content all\u00ed en Trelawny, creci\u00f3 en la iglesia y conoce muy bien el Club de Conquistadores, pero renunci\u00f3 a asistir a la iglesia los s\u00e1bados debido a su amor por los deportes, en especial el atletismo. Su madre, Jennifer Bolt, tambi\u00e9n estuvo presente en el Camporee durante la visita.<\/p>\n<p>A Bolt se le entreg\u00f3 la medalla del presidente de la Divisi\u00f3n Interamericana durante su visita. Al hacer el anuncio, el pastor Al Powell, director de ministerios juveniles de la Divisi\u00f3n Interamericana, dijo: \u201cEl Honorable Usain Bolt es una figura significativa en Jamaica y en el mundo, y queremos compartir con \u00e9l la medalla dorada del presidente de la Divisi\u00f3n Interamericana. Ahora bien, Usain Bolt est\u00e1 acostumbrado a recibir medallas de oro, y solo queremos mostrarle nuestro aprecio por su compromiso con los j\u00f3venes, no solo en Jamaica, sino tambi\u00e9n en el mundo\u201d.<\/p>\n<p><div id=\"attachment_97016\" style=\"width: 1010px\" class=\"wp-caption aligncenter\"><img decoding=\"async\" aria-describedby=\"caption-attachment-97016\" class=\" wp-image-97014\" src=\"https:\/\/interamerica.org\/wp-content\/uploads\/2023\/04\/bolt-stage-iadcamp1000-1024x542.png\" alt=\"\" width=\"1000\" height=\"529\" srcset=\"https:\/\/interamerica.org\/wp-content\/uploads\/2023\/04\/bolt-stage-iadcamp1000-1024x542.png 1024w, https:\/\/interamerica.org\/wp-content\/uploads\/2023\/04\/bolt-stage-iadcamp1000-300x159.png 300w, https:\/\/interamerica.org\/wp-content\/uploads\/2023\/04\/bolt-stage-iadcamp1000-768x406.png 768w, https:\/\/interamerica.org\/wp-content\/uploads\/2023\/04\/bolt-stage-iadcamp1000.png 1100w\" sizes=\"(max-width: 1000px) 100vw, 1000px\" \/><p id=\"caption-attachment-97016\" class=\"wp-caption-text\">Usain Bolt hace su pose tradicional para indicar victoria, ante la gran multitude, despu\u00e9s de su mensaje a los Conquistadores sobre el escenario. [Fotograf\u00eda: Nigel Coke\/DIA]<\/p><\/div>En su respuesta, el corredor de 1,92 metros anim\u00f3 a miles de j\u00f3venes que asisten al camporee a que trabajan dure y que jam\u00e1s renuncien a sus sue\u00f1os.<\/p>\n<p>\u201cEs un placer estar aqu\u00ed hoy\u201d, dijo Bolt ante fuertes aplausos. \u201cMe entusiasma estar aqu\u00ed ante todos estos j\u00f3venes. Ustedes est\u00e1n aqu\u00ed por una buena causa que est\u00e1 llevando adelante la iglesia\u201d. Los anim\u00f3 entonces a \u201csiempre trabajar duro y jam\u00e1s darse por vencidos. Crean en ustedes mismos y crean en sus sue\u00f1os, porque yo soy del campo, y jam\u00e1s so\u00f1\u00e9 con ser tan grande, pero contin\u00fao trabajando y esforz\u00e1ndose mucho, y Dios me dio un talento y lo us\u00e9 lo mejor que pude. Sigan trabajando duro. Disfruten del Camporee. Dios los bendiga\u201d.<\/p>\n<p>En medio de la gran multitud de Conquistadores y l\u00edderes de la iglesia, Bolt se tom\u00f3 el tiempo de correr 100 metros con dos Conquistadores que lo desafiaron, dici\u00e9ndole que pod\u00edan correr m\u00e1s r\u00e1pido que \u00e9l. Varios j\u00f3venes los siguieron atr\u00e1s mientras disfrutaban de ese hist\u00f3rico momento.<\/p>\n<p><div id=\"attachment_97021\" style=\"width: 860px\" class=\"wp-caption aligncenter\"><img loading=\"lazy\" decoding=\"async\" aria-describedby=\"caption-attachment-97021\" class=\" wp-image-97019\" src=\"https:\/\/interamerica.org\/wp-content\/uploads\/2023\/04\/usain-bolt-mom-bb.jpg\" alt=\"\" width=\"850\" height=\"715\" srcset=\"https:\/\/interamerica.org\/wp-content\/uploads\/2023\/04\/usain-bolt-mom-bb.jpg 900w, https:\/\/interamerica.org\/wp-content\/uploads\/2023\/04\/usain-bolt-mom-bb-300x252.jpg 300w, https:\/\/interamerica.org\/wp-content\/uploads\/2023\/04\/usain-bolt-mom-bb-768x646.jpg 768w\" sizes=\"(max-width: 850px) 100vw, 850px\" \/><p id=\"caption-attachment-97021\" class=\"wp-caption-text\">Jennifer Bolt, la madre de Usain Bolt, saluda a la multitud desde el escenario, despu\u00e9s de ser presentada por el pastor Balvin Braham, vicepresidente de la Divisi\u00f3n Interamericana. [Fotograf\u00eda: Nigel Coke\/DIA]<\/p><\/div>Emmanuel Deher, de 15 a\u00f1os y proveniente de Guadalupe, no pudo sino quedar at\u00f3nito al ver a Bolt en persona. Se sinti\u00f3 impulsado a correr detr\u00e1s de \u00e9l. \u201cLogr\u00e9 realmente correr detr\u00e1s del hombre m\u00e1s r\u00e1pido de la tierra, a quien admiro por su determinaci\u00f3n de ganar cada vez que le toca correr\u201d, dijo.<\/p>\n<p>Bolt tambi\u00e9n dedic\u00f3 tiempo a sacarse fotos grupales con cada delegaci\u00f3n de las uniones antes de salir del estadio.<\/p>\n<p>Casi diez mil Conquistadores y l\u00edderes continuar\u00e1n acampando en el complejo del Estado de Trelawny hasta el 9 de abril de 2023.<\/p>\n<p><div id=\"attachment_97000\" style=\"width: 967px\" class=\"wp-caption aligncenter\"><img loading=\"lazy\" decoding=\"async\" aria-describedby=\"caption-attachment-97000\" class=\" wp-image-96998\" src=\"https:\/\/interamerica.org\/wp-content\/uploads\/2023\/04\/usain-b-guate.jpg\" alt=\"\" width=\"957\" height=\"638\" srcset=\"https:\/\/interamerica.org\/wp-content\/uploads\/2023\/04\/usain-b-guate.jpg 1000w, https:\/\/interamerica.org\/wp-content\/uploads\/2023\/04\/usain-b-guate-300x200.jpg 300w, https:\/\/interamerica.org\/wp-content\/uploads\/2023\/04\/usain-b-guate-768x512.jpg 768w\" sizes=\"(max-width: 957px) 100vw, 957px\" \/><p id=\"caption-attachment-97000\" class=\"wp-caption-text\">Miembros de la delegaci\u00f3n de la Uni\u00f3n Guatemalteca se\u00f1alan a Usain Bolt durante una fotograf\u00eda grupal. [Fotograf\u00eda: Daniel Gallardo\/DIA]<\/p><\/div><em>Dyhann Buddoo-Fletcher colabor\u00f3 con este informe.<\/em><\/p>\n<p>Puede ver fotograf\u00edas de la visita de Usain Bolt al V Camporee de Conquistadores de Interam\u00e9rica <a href=\"https:\/\/flickr.com\/photos\/interamerica\/albums\/72177720307265768\">AQU\u00cd<\/a><\/p>\n<p>Por actualizaciones sobre los eventos de esta semana, vis\u00edtenos en <a href=\"https:\/\/interamerica.org\/news\/\">interamerica.org<\/a><\/p>\n<p>Traducci\u00f3n de Marcos Paseggi<\/p>\n","protected":false},"excerpt":{"rendered":"<p>6 de abril de 2023 | Trelawny, Jamaica | Nigel Coke y Noticias de la Divisi\u00f3n Interamericana El sensaci\u00f3n de las carreras cortas y poseer del r\u00e9cord mundial Usain Bolt&#8230;<\/p>\n","protected":false},"author":3,"featured_media":97009,"comment_status":"closed","ping_status":"closed","sticky":false,"template":"","format":"standard","meta":{"_acf_changed":false,"footnotes":""},"categories":[16,15],"tags":[],"class_list":["post-97077","post","type-post","status-publish","format-standard","has-post-thumbnail","hentry","category-desde-la-sede","category-rss-espanol"],"acf":[],"yoast_head":"<!-- This site is optimized with the Yoast SEO plugin v27.3 - https:\/\/yoast.com\/product\/yoast-seo-wordpress\/ -->\n<title>Usain Bolt enciende el Camporee de Conquistadores - Iglesia Adventista del S\u00e9ptimo D\u00eda - Divisi\u00f3n Interamericana<\/title>\n<meta name=\"robots\" content=\"index, follow, max-snippet:-1, max-image-preview:large, max-video-preview:-1\" \/>\n<link rel=\"canonical\" href=\"https:\/\/interamerica.org\/es\/2023\/04\/usain-bolt-enciende-el-camporee-de-conquistadores\/\" \/>\n<meta property=\"og:locale\" content=\"es_ES\" \/>\n<meta property=\"og:type\" content=\"article\" \/>\n<meta property=\"og:title\" content=\"Usain Bolt enciende el Camporee de Conquistadores - Iglesia Adventista del S\u00e9ptimo D\u00eda - Divisi\u00f3n Interamericana\" \/>\n<meta property=\"og:description\" content=\"6 de abril de 2023 | Trelawny, Jamaica | Nigel Coke y Noticias de la Divisi\u00f3n Interamericana El sensaci\u00f3n de las carreras cortas y poseer del r\u00e9cord mundial Usain Bolt...\" \/>\n<meta property=\"og:url\" content=\"https:\/\/interamerica.org\/es\/2023\/04\/usain-bolt-enciende-el-camporee-de-conquistadores\/\" \/>\n<meta property=\"og:site_name\" content=\"Iglesia Adventista del S\u00e9ptimo D\u00eda - Divisi\u00f3n Interamericana\" \/>\n<meta property=\"article:published_time\" content=\"2023-04-06T17:10:43+00:00\" \/>\n<meta property=\"article:modified_time\" content=\"2023-04-06T23:32:11+00:00\" \/>\n<meta property=\"og:image\" content=\"https:\/\/interamerica.org\/wp-content\/uploads\/2023\/04\/usain-bold-1000.jpg\" \/>\n\t<meta property=\"og:image:width\" content=\"1000\" \/>\n\t<meta property=\"og:image:height\" content=\"662\" \/>\n\t<meta property=\"og:image:type\" content=\"image\/jpeg\" \/>\n<meta name=\"author\" content=\"libna\" \/>\n<meta name=\"twitter:card\" content=\"summary_large_image\" \/>\n<meta name=\"twitter:label1\" content=\"Escrito por\" \/>\n\t<meta name=\"twitter:data1\" content=\"libna\" \/>\n\t<meta name=\"twitter:label2\" content=\"Tiempo de lectura\" \/>\n\t<meta name=\"twitter:data2\" content=\"5 minutos\" \/>\n<script type=\"application\/ld+json\" class=\"yoast-schema-graph\">{\"@context\":\"https:\\\/\\\/schema.org\",\"@graph\":[{\"@type\":\"Article\",\"@id\":\"https:\\\/\\\/interamerica.org\\\/es\\\/2023\\\/04\\\/usain-bolt-enciende-el-camporee-de-conquistadores\\\/#article\",\"isPartOf\":{\"@id\":\"https:\\\/\\\/interamerica.org\\\/es\\\/2023\\\/04\\\/usain-bolt-enciende-el-camporee-de-conquistadores\\\/\"},\"author\":{\"name\":\"libna\",\"@id\":\"https:\\\/\\\/interamerica.org\\\/es\\\/#\\\/schema\\\/person\\\/29998f2bc2d8bd0d38662909289b54f1\"},\"headline\":\"Usain Bolt enciende el Camporee de Conquistadores\",\"datePublished\":\"2023-04-06T17:10:43+00:00\",\"dateModified\":\"2023-04-06T23:32:11+00:00\",\"mainEntityOfPage\":{\"@id\":\"https:\\\/\\\/interamerica.org\\\/es\\\/2023\\\/04\\\/usain-bolt-enciende-el-camporee-de-conquistadores\\\/\"},\"wordCount\":963,\"image\":{\"@id\":\"https:\\\/\\\/interamerica.org\\\/es\\\/2023\\\/04\\\/usain-bolt-enciende-el-camporee-de-conquistadores\\\/#primaryimage\"},\"thumbnailUrl\":\"https:\\\/\\\/interamerica.org\\\/wp-content\\\/uploads\\\/2023\\\/04\\\/usain-bold-1000.jpg\",\"articleSection\":[\"Desde la sede\",\"RSS Espa\u00f1ol\"],\"inLanguage\":\"es\"},{\"@type\":\"WebPage\",\"@id\":\"https:\\\/\\\/interamerica.org\\\/es\\\/2023\\\/04\\\/usain-bolt-enciende-el-camporee-de-conquistadores\\\/\",\"url\":\"https:\\\/\\\/interamerica.org\\\/es\\\/2023\\\/04\\\/usain-bolt-enciende-el-camporee-de-conquistadores\\\/\",\"name\":\"Usain Bolt enciende el Camporee de Conquistadores - Iglesia Adventista del S\u00e9ptimo D\u00eda - Divisi\u00f3n Interamericana\",\"isPartOf\":{\"@id\":\"https:\\\/\\\/interamerica.org\\\/es\\\/#website\"},\"primaryImageOfPage\":{\"@id\":\"https:\\\/\\\/interamerica.org\\\/es\\\/2023\\\/04\\\/usain-bolt-enciende-el-camporee-de-conquistadores\\\/#primaryimage\"},\"image\":{\"@id\":\"https:\\\/\\\/interamerica.org\\\/es\\\/2023\\\/04\\\/usain-bolt-enciende-el-camporee-de-conquistadores\\\/#primaryimage\"},\"thumbnailUrl\":\"https:\\\/\\\/interamerica.org\\\/wp-content\\\/uploads\\\/2023\\\/04\\\/usain-bold-1000.jpg\",\"datePublished\":\"2023-04-06T17:10:43+00:00\",\"dateModified\":\"2023-04-06T23:32:11+00:00\",\"author\":{\"@id\":\"https:\\\/\\\/interamerica.org\\\/es\\\/#\\\/schema\\\/person\\\/29998f2bc2d8bd0d38662909289b54f1\"},\"breadcrumb\":{\"@id\":\"https:\\\/\\\/interamerica.org\\\/es\\\/2023\\\/04\\\/usain-bolt-enciende-el-camporee-de-conquistadores\\\/#breadcrumb\"},\"inLanguage\":\"es\",\"potentialAction\":[{\"@type\":\"ReadAction\",\"target\":[\"https:\\\/\\\/interamerica.org\\\/es\\\/2023\\\/04\\\/usain-bolt-enciende-el-camporee-de-conquistadores\\\/\"]}]},{\"@type\":\"ImageObject\",\"inLanguage\":\"es\",\"@id\":\"https:\\\/\\\/interamerica.org\\\/es\\\/2023\\\/04\\\/usain-bolt-enciende-el-camporee-de-conquistadores\\\/#primaryimage\",\"url\":\"https:\\\/\\\/interamerica.org\\\/wp-content\\\/uploads\\\/2023\\\/04\\\/usain-bold-1000.jpg\",\"contentUrl\":\"https:\\\/\\\/interamerica.org\\\/wp-content\\\/uploads\\\/2023\\\/04\\\/usain-bold-1000.jpg\",\"width\":1000,\"height\":662,\"caption\":\"[Photo: Maicodox Alcantara Mota\\\/IAD]\"},{\"@type\":\"BreadcrumbList\",\"@id\":\"https:\\\/\\\/interamerica.org\\\/es\\\/2023\\\/04\\\/usain-bolt-enciende-el-camporee-de-conquistadores\\\/#breadcrumb\",\"itemListElement\":[{\"@type\":\"ListItem\",\"position\":1,\"name\":\"Home\",\"item\":\"https:\\\/\\\/interamerica.org\\\/es\\\/\"},{\"@type\":\"ListItem\",\"position\":2,\"name\":\"Usain Bolt enciende el Camporee de Conquistadores\"}]},{\"@type\":\"WebSite\",\"@id\":\"https:\\\/\\\/interamerica.org\\\/es\\\/#website\",\"url\":\"https:\\\/\\\/interamerica.org\\\/es\\\/\",\"name\":\"Iglesia Adventista del S\u00e9ptimo D\u00eda - Divisi\u00f3n Interamericana\",\"description\":\"\",\"potentialAction\":[{\"@type\":\"SearchAction\",\"target\":{\"@type\":\"EntryPoint\",\"urlTemplate\":\"https:\\\/\\\/interamerica.org\\\/es\\\/?s={search_term_string}\"},\"query-input\":{\"@type\":\"PropertyValueSpecification\",\"valueRequired\":true,\"valueName\":\"search_term_string\"}}],\"inLanguage\":\"es\"},{\"@type\":\"Person\",\"@id\":\"https:\\\/\\\/interamerica.org\\\/es\\\/#\\\/schema\\\/person\\\/29998f2bc2d8bd0d38662909289b54f1\",\"name\":\"libna\",\"image\":{\"@type\":\"ImageObject\",\"inLanguage\":\"es\",\"@id\":\"https:\\\/\\\/secure.gravatar.com\\\/avatar\\\/7c5bd30ae4b47a9ba3c856590957fd1d96dc588bf3ac05719d247e126840331f?s=96&d=mm&r=g\",\"url\":\"https:\\\/\\\/secure.gravatar.com\\\/avatar\\\/7c5bd30ae4b47a9ba3c856590957fd1d96dc588bf3ac05719d247e126840331f?s=96&d=mm&r=g\",\"contentUrl\":\"https:\\\/\\\/secure.gravatar.com\\\/avatar\\\/7c5bd30ae4b47a9ba3c856590957fd1d96dc588bf3ac05719d247e126840331f?s=96&d=mm&r=g\",\"caption\":\"libna\"}}]}<\/script>\n<!-- \/ Yoast SEO plugin. -->","yoast_head_json":{"title":"Usain Bolt enciende el Camporee de Conquistadores - Iglesia Adventista del S\u00e9ptimo D\u00eda - Divisi\u00f3n Interamericana","robots":{"index":"index","follow":"follow","max-snippet":"max-snippet:-1","max-image-preview":"max-image-preview:large","max-video-preview":"max-video-preview:-1"},"canonical":"https:\/\/interamerica.org\/es\/2023\/04\/usain-bolt-enciende-el-camporee-de-conquistadores\/","og_locale":"es_ES","og_type":"article","og_title":"Usain Bolt enciende el Camporee de Conquistadores - Iglesia Adventista del S\u00e9ptimo D\u00eda - Divisi\u00f3n Interamericana","og_description":"6 de abril de 2023 | Trelawny, Jamaica | Nigel Coke y Noticias de la Divisi\u00f3n Interamericana El sensaci\u00f3n de las carreras cortas y poseer del r\u00e9cord mundial Usain Bolt...","og_url":"https:\/\/interamerica.org\/es\/2023\/04\/usain-bolt-enciende-el-camporee-de-conquistadores\/","og_site_name":"Iglesia Adventista del S\u00e9ptimo D\u00eda - Divisi\u00f3n Interamericana","article_published_time":"2023-04-06T17:10:43+00:00","article_modified_time":"2023-04-06T23:32:11+00:00","og_image":[{"width":1000,"height":662,"url":"https:\/\/interamerica.org\/wp-content\/uploads\/2023\/04\/usain-bold-1000.jpg","type":"image\/jpeg"}],"author":"libna","twitter_card":"summary_large_image","twitter_misc":{"Escrito por":"libna","Tiempo de lectura":"5 minutos"},"schema":{"@context":"https:\/\/schema.org","@graph":[{"@type":"Article","@id":"https:\/\/interamerica.org\/es\/2023\/04\/usain-bolt-enciende-el-camporee-de-conquistadores\/#article","isPartOf":{"@id":"https:\/\/interamerica.org\/es\/2023\/04\/usain-bolt-enciende-el-camporee-de-conquistadores\/"},"author":{"name":"libna","@id":"https:\/\/interamerica.org\/es\/#\/schema\/person\/29998f2bc2d8bd0d38662909289b54f1"},"headline":"Usain Bolt enciende el Camporee de Conquistadores","datePublished":"2023-04-06T17:10:43+00:00","dateModified":"2023-04-06T23:32:11+00:00","mainEntityOfPage":{"@id":"https:\/\/interamerica.org\/es\/2023\/04\/usain-bolt-enciende-el-camporee-de-conquistadores\/"},"wordCount":963,"image":{"@id":"https:\/\/interamerica.org\/es\/2023\/04\/usain-bolt-enciende-el-camporee-de-conquistadores\/#primaryimage"},"thumbnailUrl":"https:\/\/interamerica.org\/wp-content\/uploads\/2023\/04\/usain-bold-1000.jpg","articleSection":["Desde la sede","RSS Espa\u00f1ol"],"inLanguage":"es"},{"@type":"WebPage","@id":"https:\/\/interamerica.org\/es\/2023\/04\/usain-bolt-enciende-el-camporee-de-conquistadores\/","url":"https:\/\/interamerica.org\/es\/2023\/04\/usain-bolt-enciende-el-camporee-de-conquistadores\/","name":"Usain Bolt enciende el Camporee de Conquistadores - Iglesia Adventista del S\u00e9ptimo D\u00eda - Divisi\u00f3n Interamericana","isPartOf":{"@id":"https:\/\/interamerica.org\/es\/#website"},"primaryImageOfPage":{"@id":"https:\/\/interamerica.org\/es\/2023\/04\/usain-bolt-enciende-el-camporee-de-conquistadores\/#primaryimage"},"image":{"@id":"https:\/\/interamerica.org\/es\/2023\/04\/usain-bolt-enciende-el-camporee-de-conquistadores\/#primaryimage"},"thumbnailUrl":"https:\/\/interamerica.org\/wp-content\/uploads\/2023\/04\/usain-bold-1000.jpg","datePublished":"2023-04-06T17:10:43+00:00","dateModified":"2023-04-06T23:32:11+00:00","author":{"@id":"https:\/\/interamerica.org\/es\/#\/schema\/person\/29998f2bc2d8bd0d38662909289b54f1"},"breadcrumb":{"@id":"https:\/\/interamerica.org\/es\/2023\/04\/usain-bolt-enciende-el-camporee-de-conquistadores\/#breadcrumb"},"inLanguage":"es","potentialAction":[{"@type":"ReadAction","target":["https:\/\/interamerica.org\/es\/2023\/04\/usain-bolt-enciende-el-camporee-de-conquistadores\/"]}]},{"@type":"ImageObject","inLanguage":"es","@id":"https:\/\/interamerica.org\/es\/2023\/04\/usain-bolt-enciende-el-camporee-de-conquistadores\/#primaryimage","url":"https:\/\/interamerica.org\/wp-content\/uploads\/2023\/04\/usain-bold-1000.jpg","contentUrl":"https:\/\/interamerica.org\/wp-content\/uploads\/2023\/04\/usain-bold-1000.jpg","width":1000,"height":662,"caption":"[Photo: Maicodox Alcantara Mota\/IAD]"},{"@type":"BreadcrumbList","@id":"https:\/\/interamerica.org\/es\/2023\/04\/usain-bolt-enciende-el-camporee-de-conquistadores\/#breadcrumb","itemListElement":[{"@type":"ListItem","position":1,"name":"Home","item":"https:\/\/interamerica.org\/es\/"},{"@type":"ListItem","position":2,"name":"Usain Bolt enciende el Camporee de Conquistadores"}]},{"@type":"WebSite","@id":"https:\/\/interamerica.org\/es\/#website","url":"https:\/\/interamerica.org\/es\/","name":"Iglesia Adventista del S\u00e9ptimo D\u00eda - Divisi\u00f3n Interamericana","description":"","potentialAction":[{"@type":"SearchAction","target":{"@type":"EntryPoint","urlTemplate":"https:\/\/interamerica.org\/es\/?s={search_term_string}"},"query-input":{"@type":"PropertyValueSpecification","valueRequired":true,"valueName":"search_term_string"}}],"inLanguage":"es"},{"@type":"Person","@id":"https:\/\/interamerica.org\/es\/#\/schema\/person\/29998f2bc2d8bd0d38662909289b54f1","name":"libna","image":{"@type":"ImageObject","inLanguage":"es","@id":"https:\/\/secure.gravatar.com\/avatar\/7c5bd30ae4b47a9ba3c856590957fd1d96dc588bf3ac05719d247e126840331f?s=96&d=mm&r=g","url":"https:\/\/secure.gravatar.com\/avatar\/7c5bd30ae4b47a9ba3c856590957fd1d96dc588bf3ac05719d247e126840331f?s=96&d=mm&r=g","contentUrl":"https:\/\/secure.gravatar.com\/avatar\/7c5bd30ae4b47a9ba3c856590957fd1d96dc588bf3ac05719d247e126840331f?s=96&d=mm&r=g","caption":"libna"}}]}},"_links":{"self":[{"href":"https:\/\/interamerica.org\/es\/wp-json\/wp\/v2\/posts\/97077","targetHints":{"allow":["GET"]}}],"collection":[{"href":"https:\/\/interamerica.org\/es\/wp-json\/wp\/v2\/posts"}],"about":[{"href":"https:\/\/interamerica.org\/es\/wp-json\/wp\/v2\/types\/post"}],"author":[{"embeddable":true,"href":"https:\/\/interamerica.org\/es\/wp-json\/wp\/v2\/users\/3"}],"replies":[{"embeddable":true,"href":"https:\/\/interamerica.org\/es\/wp-json\/wp\/v2\/comments?post=97077"}],"version-history":[{"count":0,"href":"https:\/\/interamerica.org\/es\/wp-json\/wp\/v2\/posts\/97077\/revisions"}],"wp:featuredmedia":[{"embeddable":true,"href":"https:\/\/interamerica.org\/es\/wp-json\/wp\/v2\/media\/97009"}],"wp:attachment":[{"href":"https:\/\/interamerica.org\/es\/wp-json\/wp\/v2\/media?parent=97077"}],"wp:term":[{"taxonomy":"category","embeddable":true,"href":"https:\/\/interamerica.org\/es\/wp-json\/wp\/v2\/categories?post=97077"},{"taxonomy":"post_tag","embeddable":true,"href":"https:\/\/interamerica.org\/es\/wp-json\/wp\/v2\/tags?post=97077"}],"curies":[{"name":"wp","href":"https:\/\/api.w.org\/{rel}","templated":true}]}}