{"id":97511,"date":"2023-04-13T16:35:37","date_gmt":"2023-04-13T20:35:37","guid":{"rendered":"https:\/\/interamerica.org\/?p=97511"},"modified":"2023-04-14T15:40:09","modified_gmt":"2023-04-14T19:40:09","slug":"progresos-de-la-reforma","status":"publish","type":"post","link":"https:\/\/interamerica.org\/es\/2023\/04\/progresos-de-la-reforma\/","title":{"rendered":"Progresos de la reforma"},"content":{"rendered":"<p>13 de abril del 2023 | Silver Spring, Maryland, Estados Unidos | Ted N.C. Wilson, President de la Asociaci\u00f3n General de los Adventistas del S\u00e9ptimo D\u00eda<\/p>\n<p><span style=\"font-weight: 400;\">Saludos amigos. Hoy, mientras continuamos nuestro viaje a trav\u00e9s del libro El conflicto de los Siglos, regresamos a Alemania, donde, como leemos en el cap\u00edtulo 10, todo el pa\u00eds estaba agitado mientras miles de personas se preguntaban qu\u00e9 le hab\u00eda pasado a Mart\u00edn Lutero. Circulaban rumores descabellados, y muchos cre\u00edan que el reformador hab\u00eda sido asesinado. Algunos se unieron, decididos a vengar su muerte, y los l\u00edderes de la Iglesia Romana se aterrorizaron cuando vieron el nivel de ira contra ellos.<\/span><\/p>\n<p><b>Nancy Wilson (NW):<\/b><span style=\"font-weight: 400;\"> Eventualmente, lleg\u00f3 la noticia de que Lutero estaba vivo, aunque lo manten\u00edan prisionero por su propia seguridad. Esto calm\u00f3 un poco las cosas y los escritos del reformador se leyeron con m\u00e1s entusiasmo, y muchas m\u00e1s personas se unieron a la Reforma.<\/span><\/p>\n<p><b>TW: <\/b><span style=\"font-weight: 400;\">Pero Satan\u00e1s no estaba ocioso y trajo una falsificaci\u00f3n para desacreditar la obra de Mart\u00edn Lutero y otros reformadores, buscando destruir la obra de la Reforma. Unos cuantos hombres se levantaron, alegando tener revelaci\u00f3n directa del cielo y descartando la autoridad de la Biblia.<\/span><\/p>\n<p><b>NW:<\/b> <span style=\"font-weight: 400;\">\u201cRechazaban el gran principio que era la base misma de la Reforma\u201d,<\/span><span style=\"font-weight: 400;\"> escribi\u00f3 Elena de White, <\/span><span style=\"font-weight: 400;\">\u201cla Palabra de Dios es la regla perfecta de fe y pr\u00e1ctica\u2026 Y as\u00ed, por haberse despreciado al \u00fanico medio seguro de descubrir el enga\u00f1o y la mentira se le abri\u00f3 camino a Satan\u00e1s para que a su antojo dominase los esp\u00edritus.\u201d (CS 170.3)<\/span><\/p>\n<p><b>TW:<\/b><span style=\"font-weight: 400;\"> Y saben, amigos, lo mismo es cierto hoy. Cuando dejamos de lado la Biblia como nuestra gu\u00eda inspirada para la fe y la pr\u00e1ctica, se abre el camino para que Satan\u00e1s traiga todo tipo de ense\u00f1anzas falsas.<\/span><\/p>\n<p><span style=\"font-weight: 400;\">El fruto de estos falsos maestros, que al principio dec\u00edan ser partidarios de la Reforma pero que se guiaban por sus propios sentimientos y delirios, pronto se hizo evidente. Se produjo el caos, con el fanatismo y la anarqu\u00eda tomando el control de muchos. Peor a\u00fan, se culp\u00f3 a la Reforma de las acciones de aquellos que provocaron conflictos y confusi\u00f3n, con afirmaciones de que esto fue el resultado de seguir las ense\u00f1anzas de Lutero.<\/span><\/p>\n<p><b>NW:<\/b><span style=\"font-weight: 400;\"> Cuando Lutero se enter\u00f3 de los estragos y la confusi\u00f3n causados por estos falsos maestros incluso en Wittenberg, el mismo centro de la Reforma, \u00e9l estaba decidido a dejar su fortaleza segura y una vez m\u00e1s alimentar a su reba\u00f1o.<\/span><\/p>\n<p><span style=\"font-weight: 400;\">\u00bfNo son los vecinos de Wittenberg mi propia grey?<\/span><span style=\"font-weight: 400;\"> Escribi\u00f3 \u00e9l, <\/span><span style=\"font-weight: 400;\">\u00bfNo los encomend\u00f3 Dios a mi cuidado? y \u00bfno deber\u00e9, si es necesario, dar mi vida por amor de ellos? (CS 172.4)<\/span><\/p>\n<p><b>TW: <\/b><span style=\"font-weight: 400;\">Esto no fue una exageraci\u00f3n. Lutero estaba bajo la proscripci\u00f3n del imperio. <\/span><span style=\"font-weight: 400;\">\u201cSus enemigos ten\u00edan libertad para quitarle la vida, y a sus amigos les era prohibido protegerle\u2026 pero vio que peligraba la obra del evangelio, y en el nombre del Se\u00f1or se adelant\u00f3 sin miedo a combatir por la verdad\u2026 Con la Biblia\u2014dijo\u2014,\u00a0 debemos rebatir y echar fuera lo que logr\u00f3 imponerse por medio de la fuerza. (172).<\/span><\/p>\n<p><b>NW: <\/b><span style=\"font-weight: 400;\">Pronto se difundieron informes por todo Wittenberg de que Lutero hab\u00eda regresado y predicar\u00eda. La gente acudi\u00f3 en masa a su iglesia, que estaba llena a rebosar. Durante una semana entera, las ansiosas multitudes se quedaron fascinadas mientras Lutero elevaba la Biblia d\u00eda tras d\u00eda.<\/span><\/p>\n<p><span style=\"font-weight: 400;\">\u201cLa Palabra de Dios quebrant\u00f3 la esclavitud del fanatismo. El poder del evangelio hizo volver a la verdad al pueblo que se hab\u00eda descarriado\u201d (CS174.1).\u00a0<\/span><\/p>\n<p><b>TW:<\/b><span style=\"font-weight: 400;\"> Satan\u00e1s, sin embargo, no se da por vencido f\u00e1cilmente. Unos a\u00f1os m\u00e1s tarde, el fanatismo volvi\u00f3 a estallar con una violencia a\u00fan mayor y resultados m\u00e1s terribles, con muchas biblias quemadas mientras proclamaban,<\/span><span style=\"font-weight: 400;\"> \u201cLa letra mata, el Esp\u00edritu es el que da vida\u201d. Esta ense\u00f1anza \u201cdaba rienda suelta a su orgullo al colocar en realidad las ideas y las opiniones de los hombres por encima de la Palabra de Dios\u201d (CS <\/span><i><span style=\"font-weight: 400;\">175.1).<\/span><\/i><\/p>\n<p><span style=\"font-weight: 400;\">Amigos, cada vez que colocamos las opiniones humanas por encima de la Biblia, podemos esperar resultados terribles. En este caso, <\/span><span style=\"font-weight: 400;\">\u00abSigui\u00e9ronse las m\u00e1s terribles escenas de sedici\u00f3n y contienda y los campos de Alemania se empaparon de sangre\u201d (CS 175.2).<\/span><\/p>\n<p><b>NW:<\/b><span style=\"font-weight: 400;\"> Y, sin embargo, se culp\u00f3 de esta horrible violencia a los reformadores, las mismas personas que defend\u00edan la Palabra de Dios.<\/span><\/p>\n<p><b>TW:<\/b> <span style=\"font-weight: 400;\">\u201cSatan\u00e1s procura constantemente enga\u00f1ar a los hombres y les hace llamar pecado a lo que es bueno, y bueno a lo que es pecado.\u201d (CS 176.1)<\/span><span style=\"font-weight: 400;\">. Sin embargo, Lutero continu\u00f3 defendiendo el evangelio sin miedo de m\u00faltiples ataques, y la Palabra de Dios demostr\u00f3 ser un arma poderosa en cada conflicto.<\/span><\/p>\n<p><b>NW:<\/b><span style=\"font-weight: 400;\"> Fue durante este tiempo que Lutero complet\u00f3 su traducci\u00f3n del Nuevo Testamento al alem\u00e1n, y muchos la recibieron con gran alegr\u00eda. Todos los que sab\u00edan leer estaban ansiosos por estudiar la Palabra de Dios por s\u00ed mismos y, por la noche, los maestros de escuela de las aldeas le\u00edan en voz alta a peque\u00f1os grupos reunidos alrededor de las fogatas de las casas.<\/span><\/p>\n<p><span style=\"font-weight: 400;\">Cuando Lutero vio c\u00f3mo la gente era bendecida al tener el Nuevo Testamento en su idioma nativo, inmediatamente comenz\u00f3 a traducir el Antiguo Testamento, public\u00e1ndolo en partes tan pronto como pudo completarlas.<\/span><\/p>\n<p><b>TW: <\/b><span style=\"font-weight: 400;\">Cada vez m\u00e1s corazones se convencieron de la verdad de Dios y se verific\u00f3 la promesa que se encuentra en el Salmo <\/span><b>119:130: \u00bb La exposici\u00f3n de tus palabras alumbra; Hace entender a los simples\u00bb.<\/b><span style=\"font-weight: 400;\">Esa luz penetr\u00f3 por toda Alemania y m\u00e1s all\u00e1, para nunca extinguirse.<\/span><\/p>\n<p><span style=\"font-weight: 400;\">La persecuci\u00f3n se encendi\u00f3 una vez m\u00e1s contra los que se mantuvieron firmes en su fe, pero no tuvo \u00e9xito. <\/span><span style=\"font-weight: 400;\">\u201cEn vano se mancomunaban las autoridades civiles y eclesi\u00e1sticas para detener el avance de la herej\u00eda. In\u00fatilmente recurr\u00edan a la c\u00e1rcel, al tormento, al fuego y a la espada. Millares de creyentes sellaban su fe con su sangre, pero la obra segu\u00eda adelante. La persecuci\u00f3n no serv\u00eda sino para hacer cundir la verdad\u2026 (CS 179.2)<\/span><\/p>\n<p><span style=\"font-weight: 400;\">Amigos, hoy permanecemos sobre los hombros de aquellos que nos han precedido, aquellos que creyeron en la Palabra de Dios y la siguieron, haciendo lo correcto \u00abaunque se desplomen los cielos\u00bb.<\/span><\/p>\n<p><span style=\"font-weight: 400;\">Que nosotros tambi\u00e9n valoremos y compartamos la verdad de Dios con los dem\u00e1s, dejando que la luz de las Escrituras brille en este mundo de tinieblas.<\/span><\/p>\n<p><span style=\"font-weight: 400;\">Los invito a orar conmigo ahora mismo.<\/span><\/p>\n<p><span style=\"font-weight: 400;\">Padre Celestial, Gracias por la Palabra de Dios. Gracias por el privilegio de compartir estas preciosas instrucciones y directivas desde el Sal\u00f3n del Trono del Cielo mismo.<\/span><\/p>\n<p><span style=\"font-weight: 400;\">Ay\u00fadanos a interactuar con otros para mostrarles tus preceptos, tu gu\u00eda en nuestras vidas y que la Palabra de Dios puede traernos estabilidad y vida. Ay\u00fadanos, Se\u00f1or, a alejarnos del fanatismo de aquellos que quieran reinterpretar tu palabra, cuando en realidad pueden torcerla para decir algo exactamente opuesto. Simplemente te pedimos que nos gu\u00edes en nuestro maravilloso trabajo que nos has encomendado de compartir la clara palabra de Dios con los dem\u00e1s. En el nombre de Jes\u00fas, te lo pedimos, am\u00e9n.<\/span><\/p>\n<p>&nbsp;<\/p>\n<p><iframe title=\"Progresos de la Reforma \/ Pastor Ted Wilson\" width=\"500\" height=\"281\" src=\"https:\/\/www.youtube.com\/embed\/qqhXfzGltZc?feature=oembed\" frameborder=\"0\" allow=\"accelerometer; autoplay; clipboard-write; encrypted-media; gyroscope; picture-in-picture; web-share\" referrerpolicy=\"strict-origin-when-cross-origin\" allowfullscreen><\/iframe><\/p>\n","protected":false},"excerpt":{"rendered":"<p>13 de abril del 2023 | Silver Spring, Maryland, Estados Unidos | Ted N.C. Wilson, President de la Asociaci\u00f3n General de los Adventistas del S\u00e9ptimo D\u00eda Saludos amigos. Hoy, mientras&#8230;<\/p>\n","protected":false},"author":3,"featured_media":97517,"comment_status":"closed","ping_status":"closed","sticky":false,"template":"","format":"standard","meta":{"_acf_changed":false,"footnotes":""},"categories":[14,15],"tags":[],"class_list":["post-97511","post","type-post","status-publish","format-standard","has-post-thumbnail","hentry","category-de-la-iglesia-mundial","category-rss-espanol"],"acf":[],"yoast_head":"<!-- This site is optimized with the Yoast SEO plugin v27.3 - https:\/\/yoast.com\/product\/yoast-seo-wordpress\/ -->\n<title>Progresos de la reforma - Iglesia Adventista del S\u00e9ptimo D\u00eda - Divisi\u00f3n Interamericana<\/title>\n<meta name=\"robots\" content=\"index, follow, max-snippet:-1, max-image-preview:large, max-video-preview:-1\" \/>\n<link rel=\"canonical\" href=\"https:\/\/interamerica.org\/es\/2023\/04\/progresos-de-la-reforma\/\" \/>\n<meta property=\"og:locale\" content=\"es_ES\" \/>\n<meta property=\"og:type\" content=\"article\" \/>\n<meta property=\"og:title\" content=\"Progresos de la reforma - Iglesia Adventista del S\u00e9ptimo D\u00eda - Divisi\u00f3n Interamericana\" \/>\n<meta property=\"og:description\" content=\"13 de abril del 2023 | Silver Spring, Maryland, Estados Unidos | Ted N.C. Wilson, President de la Asociaci\u00f3n General de los Adventistas del S\u00e9ptimo D\u00eda Saludos amigos. Hoy, mientras...\" \/>\n<meta property=\"og:url\" content=\"https:\/\/interamerica.org\/es\/2023\/04\/progresos-de-la-reforma\/\" \/>\n<meta property=\"og:site_name\" content=\"Iglesia Adventista del S\u00e9ptimo D\u00eda - Divisi\u00f3n Interamericana\" \/>\n<meta property=\"article:published_time\" content=\"2023-04-13T20:35:37+00:00\" \/>\n<meta property=\"article:modified_time\" content=\"2023-04-14T19:40:09+00:00\" \/>\n<meta property=\"og:image\" content=\"https:\/\/interamerica.org\/wp-content\/uploads\/2023\/04\/progress-of-reform-in-germany-sp-1.png\" \/>\n\t<meta property=\"og:image:width\" content=\"1334\" \/>\n\t<meta property=\"og:image:height\" content=\"750\" \/>\n\t<meta property=\"og:image:type\" content=\"image\/png\" \/>\n<meta name=\"author\" content=\"libna\" \/>\n<meta name=\"twitter:card\" content=\"summary_large_image\" \/>\n<meta name=\"twitter:label1\" content=\"Escrito por\" \/>\n\t<meta name=\"twitter:data1\" content=\"libna\" \/>\n\t<meta name=\"twitter:label2\" content=\"Tiempo de lectura\" \/>\n\t<meta name=\"twitter:data2\" content=\"6 minutos\" \/>\n<script type=\"application\/ld+json\" class=\"yoast-schema-graph\">{\"@context\":\"https:\\\/\\\/schema.org\",\"@graph\":[{\"@type\":\"Article\",\"@id\":\"https:\\\/\\\/interamerica.org\\\/es\\\/2023\\\/04\\\/progresos-de-la-reforma\\\/#article\",\"isPartOf\":{\"@id\":\"https:\\\/\\\/interamerica.org\\\/es\\\/2023\\\/04\\\/progresos-de-la-reforma\\\/\"},\"author\":{\"name\":\"libna\",\"@id\":\"https:\\\/\\\/interamerica.org\\\/es\\\/#\\\/schema\\\/person\\\/29998f2bc2d8bd0d38662909289b54f1\"},\"headline\":\"Progresos de la reforma\",\"datePublished\":\"2023-04-13T20:35:37+00:00\",\"dateModified\":\"2023-04-14T19:40:09+00:00\",\"mainEntityOfPage\":{\"@id\":\"https:\\\/\\\/interamerica.org\\\/es\\\/2023\\\/04\\\/progresos-de-la-reforma\\\/\"},\"wordCount\":1254,\"image\":{\"@id\":\"https:\\\/\\\/interamerica.org\\\/es\\\/2023\\\/04\\\/progresos-de-la-reforma\\\/#primaryimage\"},\"thumbnailUrl\":\"https:\\\/\\\/interamerica.org\\\/wp-content\\\/uploads\\\/2023\\\/04\\\/progress-of-reform-in-germany-sp-1.png\",\"articleSection\":[\"Desde la iglesia mundial\",\"RSS Espa\u00f1ol\"],\"inLanguage\":\"es\"},{\"@type\":\"WebPage\",\"@id\":\"https:\\\/\\\/interamerica.org\\\/es\\\/2023\\\/04\\\/progresos-de-la-reforma\\\/\",\"url\":\"https:\\\/\\\/interamerica.org\\\/es\\\/2023\\\/04\\\/progresos-de-la-reforma\\\/\",\"name\":\"Progresos de la reforma - Iglesia Adventista del S\u00e9ptimo D\u00eda - Divisi\u00f3n Interamericana\",\"isPartOf\":{\"@id\":\"https:\\\/\\\/interamerica.org\\\/es\\\/#website\"},\"primaryImageOfPage\":{\"@id\":\"https:\\\/\\\/interamerica.org\\\/es\\\/2023\\\/04\\\/progresos-de-la-reforma\\\/#primaryimage\"},\"image\":{\"@id\":\"https:\\\/\\\/interamerica.org\\\/es\\\/2023\\\/04\\\/progresos-de-la-reforma\\\/#primaryimage\"},\"thumbnailUrl\":\"https:\\\/\\\/interamerica.org\\\/wp-content\\\/uploads\\\/2023\\\/04\\\/progress-of-reform-in-germany-sp-1.png\",\"datePublished\":\"2023-04-13T20:35:37+00:00\",\"dateModified\":\"2023-04-14T19:40:09+00:00\",\"author\":{\"@id\":\"https:\\\/\\\/interamerica.org\\\/es\\\/#\\\/schema\\\/person\\\/29998f2bc2d8bd0d38662909289b54f1\"},\"breadcrumb\":{\"@id\":\"https:\\\/\\\/interamerica.org\\\/es\\\/2023\\\/04\\\/progresos-de-la-reforma\\\/#breadcrumb\"},\"inLanguage\":\"es\",\"potentialAction\":[{\"@type\":\"ReadAction\",\"target\":[\"https:\\\/\\\/interamerica.org\\\/es\\\/2023\\\/04\\\/progresos-de-la-reforma\\\/\"]}]},{\"@type\":\"ImageObject\",\"inLanguage\":\"es\",\"@id\":\"https:\\\/\\\/interamerica.org\\\/es\\\/2023\\\/04\\\/progresos-de-la-reforma\\\/#primaryimage\",\"url\":\"https:\\\/\\\/interamerica.org\\\/wp-content\\\/uploads\\\/2023\\\/04\\\/progress-of-reform-in-germany-sp-1.png\",\"contentUrl\":\"https:\\\/\\\/interamerica.org\\\/wp-content\\\/uploads\\\/2023\\\/04\\\/progress-of-reform-in-germany-sp-1.png\",\"width\":1334,\"height\":750},{\"@type\":\"BreadcrumbList\",\"@id\":\"https:\\\/\\\/interamerica.org\\\/es\\\/2023\\\/04\\\/progresos-de-la-reforma\\\/#breadcrumb\",\"itemListElement\":[{\"@type\":\"ListItem\",\"position\":1,\"name\":\"Home\",\"item\":\"https:\\\/\\\/interamerica.org\\\/es\\\/\"},{\"@type\":\"ListItem\",\"position\":2,\"name\":\"Progresos de la reforma\"}]},{\"@type\":\"WebSite\",\"@id\":\"https:\\\/\\\/interamerica.org\\\/es\\\/#website\",\"url\":\"https:\\\/\\\/interamerica.org\\\/es\\\/\",\"name\":\"Iglesia Adventista del S\u00e9ptimo D\u00eda - Divisi\u00f3n Interamericana\",\"description\":\"\",\"potentialAction\":[{\"@type\":\"SearchAction\",\"target\":{\"@type\":\"EntryPoint\",\"urlTemplate\":\"https:\\\/\\\/interamerica.org\\\/es\\\/?s={search_term_string}\"},\"query-input\":{\"@type\":\"PropertyValueSpecification\",\"valueRequired\":true,\"valueName\":\"search_term_string\"}}],\"inLanguage\":\"es\"},{\"@type\":\"Person\",\"@id\":\"https:\\\/\\\/interamerica.org\\\/es\\\/#\\\/schema\\\/person\\\/29998f2bc2d8bd0d38662909289b54f1\",\"name\":\"libna\",\"image\":{\"@type\":\"ImageObject\",\"inLanguage\":\"es\",\"@id\":\"https:\\\/\\\/secure.gravatar.com\\\/avatar\\\/7c5bd30ae4b47a9ba3c856590957fd1d96dc588bf3ac05719d247e126840331f?s=96&d=mm&r=g\",\"url\":\"https:\\\/\\\/secure.gravatar.com\\\/avatar\\\/7c5bd30ae4b47a9ba3c856590957fd1d96dc588bf3ac05719d247e126840331f?s=96&d=mm&r=g\",\"contentUrl\":\"https:\\\/\\\/secure.gravatar.com\\\/avatar\\\/7c5bd30ae4b47a9ba3c856590957fd1d96dc588bf3ac05719d247e126840331f?s=96&d=mm&r=g\",\"caption\":\"libna\"}}]}<\/script>\n<!-- \/ Yoast SEO plugin. -->","yoast_head_json":{"title":"Progresos de la reforma - Iglesia Adventista del S\u00e9ptimo D\u00eda - Divisi\u00f3n Interamericana","robots":{"index":"index","follow":"follow","max-snippet":"max-snippet:-1","max-image-preview":"max-image-preview:large","max-video-preview":"max-video-preview:-1"},"canonical":"https:\/\/interamerica.org\/es\/2023\/04\/progresos-de-la-reforma\/","og_locale":"es_ES","og_type":"article","og_title":"Progresos de la reforma - Iglesia Adventista del S\u00e9ptimo D\u00eda - Divisi\u00f3n Interamericana","og_description":"13 de abril del 2023 | Silver Spring, Maryland, Estados Unidos | Ted N.C. Wilson, President de la Asociaci\u00f3n General de los Adventistas del S\u00e9ptimo D\u00eda Saludos amigos. Hoy, mientras...","og_url":"https:\/\/interamerica.org\/es\/2023\/04\/progresos-de-la-reforma\/","og_site_name":"Iglesia Adventista del S\u00e9ptimo D\u00eda - Divisi\u00f3n Interamericana","article_published_time":"2023-04-13T20:35:37+00:00","article_modified_time":"2023-04-14T19:40:09+00:00","og_image":[{"width":1334,"height":750,"url":"https:\/\/interamerica.org\/wp-content\/uploads\/2023\/04\/progress-of-reform-in-germany-sp-1.png","type":"image\/png"}],"author":"libna","twitter_card":"summary_large_image","twitter_misc":{"Escrito por":"libna","Tiempo de lectura":"6 minutos"},"schema":{"@context":"https:\/\/schema.org","@graph":[{"@type":"Article","@id":"https:\/\/interamerica.org\/es\/2023\/04\/progresos-de-la-reforma\/#article","isPartOf":{"@id":"https:\/\/interamerica.org\/es\/2023\/04\/progresos-de-la-reforma\/"},"author":{"name":"libna","@id":"https:\/\/interamerica.org\/es\/#\/schema\/person\/29998f2bc2d8bd0d38662909289b54f1"},"headline":"Progresos de la reforma","datePublished":"2023-04-13T20:35:37+00:00","dateModified":"2023-04-14T19:40:09+00:00","mainEntityOfPage":{"@id":"https:\/\/interamerica.org\/es\/2023\/04\/progresos-de-la-reforma\/"},"wordCount":1254,"image":{"@id":"https:\/\/interamerica.org\/es\/2023\/04\/progresos-de-la-reforma\/#primaryimage"},"thumbnailUrl":"https:\/\/interamerica.org\/wp-content\/uploads\/2023\/04\/progress-of-reform-in-germany-sp-1.png","articleSection":["Desde la iglesia mundial","RSS Espa\u00f1ol"],"inLanguage":"es"},{"@type":"WebPage","@id":"https:\/\/interamerica.org\/es\/2023\/04\/progresos-de-la-reforma\/","url":"https:\/\/interamerica.org\/es\/2023\/04\/progresos-de-la-reforma\/","name":"Progresos de la reforma - Iglesia Adventista del S\u00e9ptimo D\u00eda - Divisi\u00f3n Interamericana","isPartOf":{"@id":"https:\/\/interamerica.org\/es\/#website"},"primaryImageOfPage":{"@id":"https:\/\/interamerica.org\/es\/2023\/04\/progresos-de-la-reforma\/#primaryimage"},"image":{"@id":"https:\/\/interamerica.org\/es\/2023\/04\/progresos-de-la-reforma\/#primaryimage"},"thumbnailUrl":"https:\/\/interamerica.org\/wp-content\/uploads\/2023\/04\/progress-of-reform-in-germany-sp-1.png","datePublished":"2023-04-13T20:35:37+00:00","dateModified":"2023-04-14T19:40:09+00:00","author":{"@id":"https:\/\/interamerica.org\/es\/#\/schema\/person\/29998f2bc2d8bd0d38662909289b54f1"},"breadcrumb":{"@id":"https:\/\/interamerica.org\/es\/2023\/04\/progresos-de-la-reforma\/#breadcrumb"},"inLanguage":"es","potentialAction":[{"@type":"ReadAction","target":["https:\/\/interamerica.org\/es\/2023\/04\/progresos-de-la-reforma\/"]}]},{"@type":"ImageObject","inLanguage":"es","@id":"https:\/\/interamerica.org\/es\/2023\/04\/progresos-de-la-reforma\/#primaryimage","url":"https:\/\/interamerica.org\/wp-content\/uploads\/2023\/04\/progress-of-reform-in-germany-sp-1.png","contentUrl":"https:\/\/interamerica.org\/wp-content\/uploads\/2023\/04\/progress-of-reform-in-germany-sp-1.png","width":1334,"height":750},{"@type":"BreadcrumbList","@id":"https:\/\/interamerica.org\/es\/2023\/04\/progresos-de-la-reforma\/#breadcrumb","itemListElement":[{"@type":"ListItem","position":1,"name":"Home","item":"https:\/\/interamerica.org\/es\/"},{"@type":"ListItem","position":2,"name":"Progresos de la reforma"}]},{"@type":"WebSite","@id":"https:\/\/interamerica.org\/es\/#website","url":"https:\/\/interamerica.org\/es\/","name":"Iglesia Adventista del S\u00e9ptimo D\u00eda - Divisi\u00f3n Interamericana","description":"","potentialAction":[{"@type":"SearchAction","target":{"@type":"EntryPoint","urlTemplate":"https:\/\/interamerica.org\/es\/?s={search_term_string}"},"query-input":{"@type":"PropertyValueSpecification","valueRequired":true,"valueName":"search_term_string"}}],"inLanguage":"es"},{"@type":"Person","@id":"https:\/\/interamerica.org\/es\/#\/schema\/person\/29998f2bc2d8bd0d38662909289b54f1","name":"libna","image":{"@type":"ImageObject","inLanguage":"es","@id":"https:\/\/secure.gravatar.com\/avatar\/7c5bd30ae4b47a9ba3c856590957fd1d96dc588bf3ac05719d247e126840331f?s=96&d=mm&r=g","url":"https:\/\/secure.gravatar.com\/avatar\/7c5bd30ae4b47a9ba3c856590957fd1d96dc588bf3ac05719d247e126840331f?s=96&d=mm&r=g","contentUrl":"https:\/\/secure.gravatar.com\/avatar\/7c5bd30ae4b47a9ba3c856590957fd1d96dc588bf3ac05719d247e126840331f?s=96&d=mm&r=g","caption":"libna"}}]}},"_links":{"self":[{"href":"https:\/\/interamerica.org\/es\/wp-json\/wp\/v2\/posts\/97511","targetHints":{"allow":["GET"]}}],"collection":[{"href":"https:\/\/interamerica.org\/es\/wp-json\/wp\/v2\/posts"}],"about":[{"href":"https:\/\/interamerica.org\/es\/wp-json\/wp\/v2\/types\/post"}],"author":[{"embeddable":true,"href":"https:\/\/interamerica.org\/es\/wp-json\/wp\/v2\/users\/3"}],"replies":[{"embeddable":true,"href":"https:\/\/interamerica.org\/es\/wp-json\/wp\/v2\/comments?post=97511"}],"version-history":[{"count":0,"href":"https:\/\/interamerica.org\/es\/wp-json\/wp\/v2\/posts\/97511\/revisions"}],"wp:featuredmedia":[{"embeddable":true,"href":"https:\/\/interamerica.org\/es\/wp-json\/wp\/v2\/media\/97517"}],"wp:attachment":[{"href":"https:\/\/interamerica.org\/es\/wp-json\/wp\/v2\/media?parent=97511"}],"wp:term":[{"taxonomy":"category","embeddable":true,"href":"https:\/\/interamerica.org\/es\/wp-json\/wp\/v2\/categories?post=97511"},{"taxonomy":"post_tag","embeddable":true,"href":"https:\/\/interamerica.org\/es\/wp-json\/wp\/v2\/tags?post=97511"}],"curies":[{"name":"wp","href":"https:\/\/api.w.org\/{rel}","templated":true}]}}