{"id":97566,"date":"2023-04-13T20:01:07","date_gmt":"2023-04-14T00:01:07","guid":{"rendered":"https:\/\/interamerica.org\/?p=97566"},"modified":"2023-04-14T12:44:53","modified_gmt":"2023-04-14T16:44:53","slug":"lideres-adventistas-votan-remplazos-para-tres-cargos-vacantes","status":"publish","type":"post","link":"https:\/\/interamerica.org\/es\/2023\/04\/lideres-adventistas-votan-remplazos-para-tres-cargos-vacantes\/","title":{"rendered":"L\u00edderes adventistas votan remplazos para tres cargos vacantes"},"content":{"rendered":"<p>Incluyen un director asociado de educaci\u00f3n, un tesorero de divisi\u00f3n, y un editor asociado para Adventist Review<\/p>\n<p>13 de abril de 2023 | Silver Spring, Maryland, Estados Unidos | Marcos Paseggi, Adventist Review<\/p>\n<p>Los miembros de la Junta Directiva de la Asociaci\u00f3n General de la Iglesia Adventista del S\u00e9ptimo D\u00eda votaron aceptar tres recomendaciones de la Comisi\u00f3n de Nombramientos el 11 de abril, durante el Concilio de Primavera en Silver Spring, Maryland, Estados Unidos.<\/p>\n<p>Se vot\u00f3 aceptar a S\u00f3crates Quispe como director asociado del Departamento de Educaci\u00f3n de la Asociaci\u00f3n General; a Oleg V. Voronyuk como tesorero de la Divisi\u00f3n Euroasi\u00e1tica; y a John C. Peckham como director asociado de las revistas Adventist Review y Adventist World.<\/p>\n<p>A continuaci\u00f3n, se presenta informaci\u00f3n sobre los tres nuevos l\u00edderes.<\/p>\n<p><div id=\"attachment_97549\" style=\"width: 1034px\" class=\"wp-caption aligncenter\"><img fetchpriority=\"high\" decoding=\"async\" aria-describedby=\"caption-attachment-97549\" class=\"size-large wp-image-97547\" src=\"https:\/\/interamerica.org\/wp-content\/uploads\/2023\/04\/artboard-1-1024x576.png\" alt=\"\" width=\"1024\" height=\"576\" srcset=\"https:\/\/interamerica.org\/wp-content\/uploads\/2023\/04\/artboard-1-1024x576.png 1024w, https:\/\/interamerica.org\/wp-content\/uploads\/2023\/04\/artboard-1-300x169.png 300w, https:\/\/interamerica.org\/wp-content\/uploads\/2023\/04\/artboard-1-768x432.png 768w, https:\/\/interamerica.org\/wp-content\/uploads\/2023\/04\/artboard-1.png 1366w\" sizes=\"(max-width: 1024px) 100vw, 1024px\" \/><p id=\"caption-attachment-97549\" class=\"wp-caption-text\">S\u00f3crates Quispe (izquierda), Oleg Voronyuk y John Peckham. [Fotograf\u00edas: cortes\u00eda de la Divisi\u00f3n Sudamericana, la Divisi\u00f3n Euroasi\u00e1tica, y John Peckham]<\/p><\/div><strong>S\u00f3crates Quispe<\/strong><\/p>\n<p>El nuevo director asociado del Departamento de Educaci\u00f3n, que naci\u00f3 en Per\u00fa, llega a su nuevo cargo despu\u00e9s de una extensa carrera como profesor, investigador y l\u00edder educacional. Quispe, quien fue durante los \u00faltimos diez a\u00f1os director asociado de educaci\u00f3n en la Divisi\u00f3n Sudamericana de la iglesia, habla fluidamente en espa\u00f1ol, portugu\u00e9s e ingl\u00e9s. Remplazar\u00e1 a John Wesley Taylor V, quien hace poco fue elegido rector de la Universidad Andrews.<\/p>\n<p>Quispe se capacit\u00f3 en primer lugar como ingeniero de alimentos, y m\u00e1s tarde sigui\u00f3 estudios en teolog\u00eda y gesti\u00f3n y liderazgo de educaci\u00f3n superior. Es un destacado investigador en su pa\u00eds natal y, en 2021, fue el coordinador de la Encuesta Global de Miembros de Iglesia en la Divisi\u00f3n Sudamericana. Durante a\u00f1os, ha dirigido y participado en evaluaciones peri\u00f3dicas de las instituciones educativas en los ocho pa\u00edses de la Divisi\u00f3n Sudamericana y en otras regiones.<\/p>\n<p>Lisa Beardsley-Hardy, directora del Departamento de Educaci\u00f3n de la Asociaci\u00f3n General, brind\u00f3 a Quispe una c\u00e1lida bienvenida al equipo de liderazgo educativo, y destac\u00f3 su experiencia y profundo conocimiento del sistema educativo adventista.<\/p>\n<img decoding=\"async\" class=\"aligncenter wp-image-97556\" src=\"https:\/\/interamerica.org\/wp-content\/uploads\/2023\/04\/socrates-quispe-2.jpeg\" alt=\"\" width=\"468\" height=\"573\" srcset=\"https:\/\/interamerica.org\/wp-content\/uploads\/2023\/04\/socrates-quispe-2.jpeg 686w, https:\/\/interamerica.org\/wp-content\/uploads\/2023\/04\/socrates-quispe-2-245x300.jpeg 245w\" sizes=\"(max-width: 468px) 100vw, 468px\" \/>\n<p>\u201cQuispe es un investigador y cient\u00edfico experimentado, que cuenta con dos t\u00edtulos posdoctorales y una patente\u201d, dijo Beardsley-Hardy. \u201cTrae esa preparaci\u00f3n al desarrollo de t\u00edtulos de posgrado y el desarrollo de la investigaci\u00f3n en las universidades [adventistas], y lo hace desde una posici\u00f3n b\u00edblica y con un compromiso con el mensaje y la misi\u00f3n de la Iglesia Adventista\u201d.<\/p>\n<p>Beardsley-Hardy tambi\u00e9n destac\u00f3 que, en su cargo anterior, Quispe estuvo profundamente involucrado con la evaluaci\u00f3n de programas e instituciones educativos. \u201cHemos trabajado juntos durante muchos a\u00f1os en visitas de inspecci\u00f3n para la Asociaci\u00f3n Adventista de Acreditaci\u00f3n de Escuelas, Colegios Superiores y Universidades, y estoy confiada en que brindar\u00e1 un buen servicio como director asociado de educaci\u00f3n\u201d, dijo.<\/p>\n<p>Quispe agradeci\u00f3 a los l\u00edderes adventistas y a Beardsley-Hardy por su confianza, y reconoci\u00f3 su apoyo continuo. \u201cMe siento peque\u00f1o para tama\u00f1a responsabilidad, pero reconozco que Dios est\u00e1 en control\u201d, dijo Quispe. \u201cEs solo por gracia de Dios que puedo servir a su iglesia. Y tambi\u00e9n s\u00e9 que contar\u00e9 con el apoyo y la ayuda de la doctora Beardsley-Hardy y mis colegas\u201d.<\/p>\n<p><strong>Oleg V. Voronyuk<\/strong><\/p>\n<p>El reci\u00e9n elegido tesorero de la Divisi\u00f3n Euroasi\u00e1tica llega al nuevo cargo despu\u00e9s de a\u00f1os de experiencia como profesor, l\u00edder educativo y directivo del \u00e1rea financiera. Remplazar\u00e1 a Vladimir I. Tkachuk, quien a partir de ahora se dedicar\u00e1 a proyectos espec\u00edficos asignados por la Asociaci\u00f3n General.<\/p>\n<p>Voronyuk, que es pastor ordenado, prest\u00f3 inicialmente servicios como profesor e int\u00e9rprete de ingl\u00e9s y alem\u00e1n en la Universidad Adventista de Zaoksky, antes de llegar a ser director del Departamento de Ingl\u00e9s y entonces vicerrector de Asuntos Estudiantiles. De 2010 a 2021, Voronyuk fue gerente general de la instituci\u00f3n y, a comienzos de 2021, fue elegido tesorero asociado de la Divisi\u00f3n Euroasi\u00e1tica.<\/p>\n<p>Despu\u00e9s de enterarse del voto que lo eligi\u00f3 para el nuevo cargo, Voronyuk dijo que tiene el compromiso de apoyar las actividades de evangelizaci\u00f3n en la regi\u00f3n, en especial una nueva iniciativa que busca capacitar a los pastores y ancianos locales para motivar a los miembros, para que puedan ofrecer y dar estudios b\u00edblicos a sus amigos, parientes y colegas.<\/p>\n<img decoding=\"async\" class=\"aligncenter wp-image-97553\" src=\"https:\/\/interamerica.org\/wp-content\/uploads\/2023\/04\/photo-voronyuk-oleg-474x1024.jpeg\" alt=\"\" width=\"336\" height=\"726\" srcset=\"https:\/\/interamerica.org\/wp-content\/uploads\/2023\/04\/photo-voronyuk-oleg-474x1024.jpeg 474w, https:\/\/interamerica.org\/wp-content\/uploads\/2023\/04\/photo-voronyuk-oleg-139x300.jpeg 139w, https:\/\/interamerica.org\/wp-content\/uploads\/2023\/04\/photo-voronyuk-oleg.jpeg 592w\" sizes=\"(max-width: 336px) 100vw, 336px\" \/>\n<p>Voronyuk tambi\u00e9n enfatiz\u00f3 que est\u00e1 comprometido con dar prioridad a las generaciones m\u00e1s j\u00f3venes. \u201cAun si se hace necesario ahorrar en otras \u00e1reas, me asegurar\u00e9 que, las iniciativas de los ministerios juveniles, los Conquistadores y los ni\u00f1os cuenten con el financiamiento suficiente\u201d, dijo. \u201cLos ni\u00f1os y los j\u00f3venes son el futuro de la iglesia, y necesitan saberlo\u201d.<\/p>\n<p>A\u00f1adi\u00f3 que se brindar\u00e1 tambi\u00e9n atenci\u00f3n especial a los pastores y sus familias que acepten pastorear iglesias y evangelizar en zonas remotas, como por ejemplo en Siberia y el extremo oriental de Rusia. \u201cNecesitan sentir cu\u00e1nto aprecia la iglesia lo que hacen en esas dif\u00edciles condiciones\u201d, dijo. \u201cNo hay nada espec\u00edficamente nuevo o revolucionario en esto, pero me quiero asegurar de que se asignen los fondos all\u00ed donde decimos que es importante hacerlo\u201d, dijo Voronyuk.<\/p>\n<p><strong>John C. Peckham<\/strong><\/p>\n<p>El nuevo editor asociado de las revistas Adventist Review y Adventist World es un profesor premiado, te\u00f3logo y escritor que ha tendido puentes en el \u00e1rea acad\u00e9mica con otras organizaciones cristianas y teol\u00f3gicas. Peckham, que actualmente ense\u00f1a teolog\u00eda y filosof\u00eda cristiana en la Universidad Andrews, asumir\u00e1 su nuevo cargo el 1 de julio. Remplazar\u00e1 a Gerald A. Klingbeil, quien ha sido llamado a prestar servicios en Alemania, su pa\u00eds de origen.<\/p>\n<p>Peckham es pastor ordenado, y complet\u00f3 sus estudios doctorales en la Universidad Andrews en 2012 y una maestr\u00eda en teolog\u00eda con \u00e9nfasis en teolog\u00eda sistem\u00e1tica en 2005. Es autor de varios libros, entre ellos Theodicy of Love: Cosmic Conflict and the Problem of Evil (La teodicea del amor: El conflicto c\u00f3smico y el problema del mal) (Baker, 2018). Esa obra obtuvo en premio WORLD Magazine Accessible Theology Book of the Year; y Canonical Theology: The Biblical Canon, Sola Scriptura, and Theological Method (Teolog\u00eda can\u00f3nica: El canon b\u00edblico, el principio de Sola Scriptura, y el m\u00e9todo teol\u00f3gico) (Eerdmans, 2016). Tambi\u00e9n escribi\u00f3 The Love of God: A Canonical Model (El amor de Dios: Un modelo can\u00f3nico) (IVP Academic, 2015), que obtuvo el IVP Readers\u2019 Choice Award de 2015.<\/p>\n<img loading=\"lazy\" decoding=\"async\" class=\"aligncenter wp-image-97550\" src=\"https:\/\/interamerica.org\/wp-content\/uploads\/2023\/04\/john-peckham-copy-2-1536x1025-1-1024x683.jpeg\" alt=\"\" width=\"835\" height=\"557\" srcset=\"https:\/\/interamerica.org\/wp-content\/uploads\/2023\/04\/john-peckham-copy-2-1536x1025-1-1024x683.jpeg 1024w, https:\/\/interamerica.org\/wp-content\/uploads\/2023\/04\/john-peckham-copy-2-1536x1025-1-300x200.jpeg 300w, https:\/\/interamerica.org\/wp-content\/uploads\/2023\/04\/john-peckham-copy-2-1536x1025-1-768x513.jpeg 768w, https:\/\/interamerica.org\/wp-content\/uploads\/2023\/04\/john-peckham-copy-2-1536x1025-1.jpeg 1536w\" sizes=\"(max-width: 835px) 100vw, 835px\" \/>\n<p>Peckahm es citado a menudo y de manera extensa por la prensa especializada y los acad\u00e9micos. Tambi\u00e9n es un profesor de renombre, que ha obtenido muchos reconocimientos por su docencia e investigaciones. Entre ellos, obtuvo el Premio a la Investigaci\u00f3n y Erudici\u00f3n Creativa de Excelencia Siegfried H. Horn (2019), el Premio a la Excelencia en Docencia Augsburger (2016), y el Premio a la Tesis Doctoral Destacada (2012) en la Universidad Andrews. En 2012, tambi\u00e9n fue nombrado Educador del A\u00f1o en la Universidad Adventista Southwestern.<\/p>\n<p>\u201cEs un gran privilegio ser llamado para prestar servicios a Ministerios de Adventist Review en ese puesto\u201d, dijo Peckham. \u201cEstoy entusiasmado de sumarme al equipo, y mi oraci\u00f3n es que Dios pueda usarme para ser una bendici\u00f3n en ese cargo\u201d.<\/p>\n<p>Justin Kim, editor de Adventist Review, tambi\u00e9n se pronunci\u00f3 sobre la elecci\u00f3n de Peckham.<\/p>\n<p>\u201cAdventist Review tiene el privilegio y el entusiasmo de sumar al doctor John Peckham como nuestro editor asociado\u201d, dijo. \u201c\u00c9l contin\u00faa con la larga tradici\u00f3n de eruditos b\u00edblicos s\u00f3lidos como editores. A\u00f1adir\u00e1 creatividad escritural a la articulaci\u00f3n teol\u00f3gica y profundidad espiritual a la fidelidad doctrinal. Apreciamos su ministerio de excelencia profesional y acad\u00e9mica, adem\u00e1s de su enfoque de cuestiones teol\u00f3gicas de importancia individual y global. Aguardamos con ansias ver qu\u00e9 har\u00e1 el Se\u00f1or con el futuro de Adventist Review y todos sus medios\u201d.<\/p>\n<p>Traducci\u00f3n de Marcos Paseggi<\/p>\n","protected":false},"excerpt":{"rendered":"<p>Incluyen un director asociado de educaci\u00f3n, un tesorero de divisi\u00f3n, y un editor asociado para Adventist Review 13 de abril de 2023 | Silver Spring, Maryland, Estados Unidos | Marcos&#8230;<\/p>\n","protected":false},"author":3,"featured_media":97549,"comment_status":"closed","ping_status":"closed","sticky":false,"template":"","format":"standard","meta":{"_acf_changed":false,"footnotes":""},"categories":[14,15],"tags":[],"class_list":["post-97566","post","type-post","status-publish","format-standard","has-post-thumbnail","hentry","category-de-la-iglesia-mundial","category-rss-espanol"],"acf":[],"yoast_head":"<!-- This site is optimized with the Yoast SEO plugin v27.3 - https:\/\/yoast.com\/product\/yoast-seo-wordpress\/ -->\n<title>L\u00edderes adventistas votan remplazos para tres cargos vacantes - Iglesia Adventista del S\u00e9ptimo D\u00eda - Divisi\u00f3n Interamericana<\/title>\n<meta name=\"robots\" content=\"index, follow, max-snippet:-1, max-image-preview:large, max-video-preview:-1\" \/>\n<link rel=\"canonical\" href=\"https:\/\/interamerica.org\/es\/2023\/04\/lideres-adventistas-votan-remplazos-para-tres-cargos-vacantes\/\" \/>\n<meta property=\"og:locale\" content=\"es_ES\" \/>\n<meta property=\"og:type\" content=\"article\" \/>\n<meta property=\"og:title\" content=\"L\u00edderes adventistas votan remplazos para tres cargos vacantes - Iglesia Adventista del S\u00e9ptimo D\u00eda - Divisi\u00f3n Interamericana\" \/>\n<meta property=\"og:description\" content=\"Incluyen un director asociado de educaci\u00f3n, un tesorero de divisi\u00f3n, y un editor asociado para Adventist Review 13 de abril de 2023 | Silver Spring, Maryland, Estados Unidos | Marcos...\" \/>\n<meta property=\"og:url\" content=\"https:\/\/interamerica.org\/es\/2023\/04\/lideres-adventistas-votan-remplazos-para-tres-cargos-vacantes\/\" \/>\n<meta property=\"og:site_name\" content=\"Iglesia Adventista del S\u00e9ptimo D\u00eda - Divisi\u00f3n Interamericana\" \/>\n<meta property=\"article:published_time\" content=\"2023-04-14T00:01:07+00:00\" \/>\n<meta property=\"article:modified_time\" content=\"2023-04-14T16:44:53+00:00\" \/>\n<meta property=\"og:image\" content=\"https:\/\/interamerica.org\/wp-content\/uploads\/2023\/04\/artboard-1.png\" \/>\n\t<meta property=\"og:image:width\" content=\"1366\" \/>\n\t<meta property=\"og:image:height\" content=\"768\" \/>\n\t<meta property=\"og:image:type\" content=\"image\/png\" \/>\n<meta name=\"author\" content=\"libna\" \/>\n<meta name=\"twitter:card\" content=\"summary_large_image\" \/>\n<meta name=\"twitter:label1\" content=\"Escrito por\" \/>\n\t<meta name=\"twitter:data1\" content=\"libna\" \/>\n\t<meta name=\"twitter:label2\" content=\"Tiempo de lectura\" \/>\n\t<meta name=\"twitter:data2\" content=\"7 minutos\" \/>\n<script type=\"application\/ld+json\" class=\"yoast-schema-graph\">{\"@context\":\"https:\\\/\\\/schema.org\",\"@graph\":[{\"@type\":\"Article\",\"@id\":\"https:\\\/\\\/interamerica.org\\\/es\\\/2023\\\/04\\\/lideres-adventistas-votan-remplazos-para-tres-cargos-vacantes\\\/#article\",\"isPartOf\":{\"@id\":\"https:\\\/\\\/interamerica.org\\\/es\\\/2023\\\/04\\\/lideres-adventistas-votan-remplazos-para-tres-cargos-vacantes\\\/\"},\"author\":{\"name\":\"libna\",\"@id\":\"https:\\\/\\\/interamerica.org\\\/es\\\/#\\\/schema\\\/person\\\/29998f2bc2d8bd0d38662909289b54f1\"},\"headline\":\"L\u00edderes adventistas votan remplazos para tres cargos vacantes\",\"datePublished\":\"2023-04-14T00:01:07+00:00\",\"dateModified\":\"2023-04-14T16:44:53+00:00\",\"mainEntityOfPage\":{\"@id\":\"https:\\\/\\\/interamerica.org\\\/es\\\/2023\\\/04\\\/lideres-adventistas-votan-remplazos-para-tres-cargos-vacantes\\\/\"},\"wordCount\":1362,\"image\":{\"@id\":\"https:\\\/\\\/interamerica.org\\\/es\\\/2023\\\/04\\\/lideres-adventistas-votan-remplazos-para-tres-cargos-vacantes\\\/#primaryimage\"},\"thumbnailUrl\":\"https:\\\/\\\/interamerica.org\\\/wp-content\\\/uploads\\\/2023\\\/04\\\/artboard-1.png\",\"articleSection\":[\"Desde la iglesia mundial\",\"RSS Espa\u00f1ol\"],\"inLanguage\":\"es\"},{\"@type\":\"WebPage\",\"@id\":\"https:\\\/\\\/interamerica.org\\\/es\\\/2023\\\/04\\\/lideres-adventistas-votan-remplazos-para-tres-cargos-vacantes\\\/\",\"url\":\"https:\\\/\\\/interamerica.org\\\/es\\\/2023\\\/04\\\/lideres-adventistas-votan-remplazos-para-tres-cargos-vacantes\\\/\",\"name\":\"L\u00edderes adventistas votan remplazos para tres cargos vacantes - Iglesia Adventista del S\u00e9ptimo D\u00eda - Divisi\u00f3n Interamericana\",\"isPartOf\":{\"@id\":\"https:\\\/\\\/interamerica.org\\\/es\\\/#website\"},\"primaryImageOfPage\":{\"@id\":\"https:\\\/\\\/interamerica.org\\\/es\\\/2023\\\/04\\\/lideres-adventistas-votan-remplazos-para-tres-cargos-vacantes\\\/#primaryimage\"},\"image\":{\"@id\":\"https:\\\/\\\/interamerica.org\\\/es\\\/2023\\\/04\\\/lideres-adventistas-votan-remplazos-para-tres-cargos-vacantes\\\/#primaryimage\"},\"thumbnailUrl\":\"https:\\\/\\\/interamerica.org\\\/wp-content\\\/uploads\\\/2023\\\/04\\\/artboard-1.png\",\"datePublished\":\"2023-04-14T00:01:07+00:00\",\"dateModified\":\"2023-04-14T16:44:53+00:00\",\"author\":{\"@id\":\"https:\\\/\\\/interamerica.org\\\/es\\\/#\\\/schema\\\/person\\\/29998f2bc2d8bd0d38662909289b54f1\"},\"breadcrumb\":{\"@id\":\"https:\\\/\\\/interamerica.org\\\/es\\\/2023\\\/04\\\/lideres-adventistas-votan-remplazos-para-tres-cargos-vacantes\\\/#breadcrumb\"},\"inLanguage\":\"es\",\"potentialAction\":[{\"@type\":\"ReadAction\",\"target\":[\"https:\\\/\\\/interamerica.org\\\/es\\\/2023\\\/04\\\/lideres-adventistas-votan-remplazos-para-tres-cargos-vacantes\\\/\"]}]},{\"@type\":\"ImageObject\",\"inLanguage\":\"es\",\"@id\":\"https:\\\/\\\/interamerica.org\\\/es\\\/2023\\\/04\\\/lideres-adventistas-votan-remplazos-para-tres-cargos-vacantes\\\/#primaryimage\",\"url\":\"https:\\\/\\\/interamerica.org\\\/wp-content\\\/uploads\\\/2023\\\/04\\\/artboard-1.png\",\"contentUrl\":\"https:\\\/\\\/interamerica.org\\\/wp-content\\\/uploads\\\/2023\\\/04\\\/artboard-1.png\",\"width\":1366,\"height\":768,\"caption\":\"S\u00f3crates Quispe (left), Oleg Voronyuk, and John Peckham. [Photo: courtesy of the South American Division, Euro-Asia Division, and John Peckham]\"},{\"@type\":\"BreadcrumbList\",\"@id\":\"https:\\\/\\\/interamerica.org\\\/es\\\/2023\\\/04\\\/lideres-adventistas-votan-remplazos-para-tres-cargos-vacantes\\\/#breadcrumb\",\"itemListElement\":[{\"@type\":\"ListItem\",\"position\":1,\"name\":\"Home\",\"item\":\"https:\\\/\\\/interamerica.org\\\/es\\\/\"},{\"@type\":\"ListItem\",\"position\":2,\"name\":\"L\u00edderes adventistas votan remplazos para tres cargos vacantes\"}]},{\"@type\":\"WebSite\",\"@id\":\"https:\\\/\\\/interamerica.org\\\/es\\\/#website\",\"url\":\"https:\\\/\\\/interamerica.org\\\/es\\\/\",\"name\":\"Iglesia Adventista del S\u00e9ptimo D\u00eda - Divisi\u00f3n Interamericana\",\"description\":\"\",\"potentialAction\":[{\"@type\":\"SearchAction\",\"target\":{\"@type\":\"EntryPoint\",\"urlTemplate\":\"https:\\\/\\\/interamerica.org\\\/es\\\/?s={search_term_string}\"},\"query-input\":{\"@type\":\"PropertyValueSpecification\",\"valueRequired\":true,\"valueName\":\"search_term_string\"}}],\"inLanguage\":\"es\"},{\"@type\":\"Person\",\"@id\":\"https:\\\/\\\/interamerica.org\\\/es\\\/#\\\/schema\\\/person\\\/29998f2bc2d8bd0d38662909289b54f1\",\"name\":\"libna\",\"image\":{\"@type\":\"ImageObject\",\"inLanguage\":\"es\",\"@id\":\"https:\\\/\\\/secure.gravatar.com\\\/avatar\\\/7c5bd30ae4b47a9ba3c856590957fd1d96dc588bf3ac05719d247e126840331f?s=96&d=mm&r=g\",\"url\":\"https:\\\/\\\/secure.gravatar.com\\\/avatar\\\/7c5bd30ae4b47a9ba3c856590957fd1d96dc588bf3ac05719d247e126840331f?s=96&d=mm&r=g\",\"contentUrl\":\"https:\\\/\\\/secure.gravatar.com\\\/avatar\\\/7c5bd30ae4b47a9ba3c856590957fd1d96dc588bf3ac05719d247e126840331f?s=96&d=mm&r=g\",\"caption\":\"libna\"}}]}<\/script>\n<!-- \/ Yoast SEO plugin. -->","yoast_head_json":{"title":"L\u00edderes adventistas votan remplazos para tres cargos vacantes - Iglesia Adventista del S\u00e9ptimo D\u00eda - Divisi\u00f3n Interamericana","robots":{"index":"index","follow":"follow","max-snippet":"max-snippet:-1","max-image-preview":"max-image-preview:large","max-video-preview":"max-video-preview:-1"},"canonical":"https:\/\/interamerica.org\/es\/2023\/04\/lideres-adventistas-votan-remplazos-para-tres-cargos-vacantes\/","og_locale":"es_ES","og_type":"article","og_title":"L\u00edderes adventistas votan remplazos para tres cargos vacantes - Iglesia Adventista del S\u00e9ptimo D\u00eda - Divisi\u00f3n Interamericana","og_description":"Incluyen un director asociado de educaci\u00f3n, un tesorero de divisi\u00f3n, y un editor asociado para Adventist Review 13 de abril de 2023 | Silver Spring, Maryland, Estados Unidos | Marcos...","og_url":"https:\/\/interamerica.org\/es\/2023\/04\/lideres-adventistas-votan-remplazos-para-tres-cargos-vacantes\/","og_site_name":"Iglesia Adventista del S\u00e9ptimo D\u00eda - Divisi\u00f3n Interamericana","article_published_time":"2023-04-14T00:01:07+00:00","article_modified_time":"2023-04-14T16:44:53+00:00","og_image":[{"width":1366,"height":768,"url":"https:\/\/interamerica.org\/wp-content\/uploads\/2023\/04\/artboard-1.png","type":"image\/png"}],"author":"libna","twitter_card":"summary_large_image","twitter_misc":{"Escrito por":"libna","Tiempo de lectura":"7 minutos"},"schema":{"@context":"https:\/\/schema.org","@graph":[{"@type":"Article","@id":"https:\/\/interamerica.org\/es\/2023\/04\/lideres-adventistas-votan-remplazos-para-tres-cargos-vacantes\/#article","isPartOf":{"@id":"https:\/\/interamerica.org\/es\/2023\/04\/lideres-adventistas-votan-remplazos-para-tres-cargos-vacantes\/"},"author":{"name":"libna","@id":"https:\/\/interamerica.org\/es\/#\/schema\/person\/29998f2bc2d8bd0d38662909289b54f1"},"headline":"L\u00edderes adventistas votan remplazos para tres cargos vacantes","datePublished":"2023-04-14T00:01:07+00:00","dateModified":"2023-04-14T16:44:53+00:00","mainEntityOfPage":{"@id":"https:\/\/interamerica.org\/es\/2023\/04\/lideres-adventistas-votan-remplazos-para-tres-cargos-vacantes\/"},"wordCount":1362,"image":{"@id":"https:\/\/interamerica.org\/es\/2023\/04\/lideres-adventistas-votan-remplazos-para-tres-cargos-vacantes\/#primaryimage"},"thumbnailUrl":"https:\/\/interamerica.org\/wp-content\/uploads\/2023\/04\/artboard-1.png","articleSection":["Desde la iglesia mundial","RSS Espa\u00f1ol"],"inLanguage":"es"},{"@type":"WebPage","@id":"https:\/\/interamerica.org\/es\/2023\/04\/lideres-adventistas-votan-remplazos-para-tres-cargos-vacantes\/","url":"https:\/\/interamerica.org\/es\/2023\/04\/lideres-adventistas-votan-remplazos-para-tres-cargos-vacantes\/","name":"L\u00edderes adventistas votan remplazos para tres cargos vacantes - Iglesia Adventista del S\u00e9ptimo D\u00eda - Divisi\u00f3n Interamericana","isPartOf":{"@id":"https:\/\/interamerica.org\/es\/#website"},"primaryImageOfPage":{"@id":"https:\/\/interamerica.org\/es\/2023\/04\/lideres-adventistas-votan-remplazos-para-tres-cargos-vacantes\/#primaryimage"},"image":{"@id":"https:\/\/interamerica.org\/es\/2023\/04\/lideres-adventistas-votan-remplazos-para-tres-cargos-vacantes\/#primaryimage"},"thumbnailUrl":"https:\/\/interamerica.org\/wp-content\/uploads\/2023\/04\/artboard-1.png","datePublished":"2023-04-14T00:01:07+00:00","dateModified":"2023-04-14T16:44:53+00:00","author":{"@id":"https:\/\/interamerica.org\/es\/#\/schema\/person\/29998f2bc2d8bd0d38662909289b54f1"},"breadcrumb":{"@id":"https:\/\/interamerica.org\/es\/2023\/04\/lideres-adventistas-votan-remplazos-para-tres-cargos-vacantes\/#breadcrumb"},"inLanguage":"es","potentialAction":[{"@type":"ReadAction","target":["https:\/\/interamerica.org\/es\/2023\/04\/lideres-adventistas-votan-remplazos-para-tres-cargos-vacantes\/"]}]},{"@type":"ImageObject","inLanguage":"es","@id":"https:\/\/interamerica.org\/es\/2023\/04\/lideres-adventistas-votan-remplazos-para-tres-cargos-vacantes\/#primaryimage","url":"https:\/\/interamerica.org\/wp-content\/uploads\/2023\/04\/artboard-1.png","contentUrl":"https:\/\/interamerica.org\/wp-content\/uploads\/2023\/04\/artboard-1.png","width":1366,"height":768,"caption":"S\u00f3crates Quispe (left), Oleg Voronyuk, and John Peckham. [Photo: courtesy of the South American Division, Euro-Asia Division, and John Peckham]"},{"@type":"BreadcrumbList","@id":"https:\/\/interamerica.org\/es\/2023\/04\/lideres-adventistas-votan-remplazos-para-tres-cargos-vacantes\/#breadcrumb","itemListElement":[{"@type":"ListItem","position":1,"name":"Home","item":"https:\/\/interamerica.org\/es\/"},{"@type":"ListItem","position":2,"name":"L\u00edderes adventistas votan remplazos para tres cargos vacantes"}]},{"@type":"WebSite","@id":"https:\/\/interamerica.org\/es\/#website","url":"https:\/\/interamerica.org\/es\/","name":"Iglesia Adventista del S\u00e9ptimo D\u00eda - Divisi\u00f3n Interamericana","description":"","potentialAction":[{"@type":"SearchAction","target":{"@type":"EntryPoint","urlTemplate":"https:\/\/interamerica.org\/es\/?s={search_term_string}"},"query-input":{"@type":"PropertyValueSpecification","valueRequired":true,"valueName":"search_term_string"}}],"inLanguage":"es"},{"@type":"Person","@id":"https:\/\/interamerica.org\/es\/#\/schema\/person\/29998f2bc2d8bd0d38662909289b54f1","name":"libna","image":{"@type":"ImageObject","inLanguage":"es","@id":"https:\/\/secure.gravatar.com\/avatar\/7c5bd30ae4b47a9ba3c856590957fd1d96dc588bf3ac05719d247e126840331f?s=96&d=mm&r=g","url":"https:\/\/secure.gravatar.com\/avatar\/7c5bd30ae4b47a9ba3c856590957fd1d96dc588bf3ac05719d247e126840331f?s=96&d=mm&r=g","contentUrl":"https:\/\/secure.gravatar.com\/avatar\/7c5bd30ae4b47a9ba3c856590957fd1d96dc588bf3ac05719d247e126840331f?s=96&d=mm&r=g","caption":"libna"}}]}},"_links":{"self":[{"href":"https:\/\/interamerica.org\/es\/wp-json\/wp\/v2\/posts\/97566","targetHints":{"allow":["GET"]}}],"collection":[{"href":"https:\/\/interamerica.org\/es\/wp-json\/wp\/v2\/posts"}],"about":[{"href":"https:\/\/interamerica.org\/es\/wp-json\/wp\/v2\/types\/post"}],"author":[{"embeddable":true,"href":"https:\/\/interamerica.org\/es\/wp-json\/wp\/v2\/users\/3"}],"replies":[{"embeddable":true,"href":"https:\/\/interamerica.org\/es\/wp-json\/wp\/v2\/comments?post=97566"}],"version-history":[{"count":0,"href":"https:\/\/interamerica.org\/es\/wp-json\/wp\/v2\/posts\/97566\/revisions"}],"wp:featuredmedia":[{"embeddable":true,"href":"https:\/\/interamerica.org\/es\/wp-json\/wp\/v2\/media\/97549"}],"wp:attachment":[{"href":"https:\/\/interamerica.org\/es\/wp-json\/wp\/v2\/media?parent=97566"}],"wp:term":[{"taxonomy":"category","embeddable":true,"href":"https:\/\/interamerica.org\/es\/wp-json\/wp\/v2\/categories?post=97566"},{"taxonomy":"post_tag","embeddable":true,"href":"https:\/\/interamerica.org\/es\/wp-json\/wp\/v2\/tags?post=97566"}],"curies":[{"name":"wp","href":"https:\/\/api.w.org\/{rel}","templated":true}]}}