{"id":97649,"date":"2023-04-15T22:23:09","date_gmt":"2023-04-16T02:23:09","guid":{"rendered":"https:\/\/interamerica.org\/?p=97649"},"modified":"2023-04-16T13:47:38","modified_gmt":"2023-04-16T17:47:38","slug":"escogidos-para-la-mision-es-el-lema-que-guiara-la-celebracion-del-160-anivesario","status":"publish","type":"post","link":"https:\/\/interamerica.org\/es\/2023\/04\/escogidos-para-la-mision-es-el-lema-que-guiara-la-celebracion-del-160-anivesario\/","title":{"rendered":"\u201cEscogidos para la misi\u00f3n\u201d es el lema que guiar\u00e1 la celebraci\u00f3n del 160\u00b0 anivesario"},"content":{"rendered":"<h4>La organizaci\u00f3n de la Iglesia Adventista del S\u00e9ptimo D\u00eda cumplir\u00e1 160 a\u00f1os el 21 de mayo.<\/h4>\n<p>15 de abril de 2023 | Silver Spring, Maryland, Estados Unidos | Marcos Paseggi, Adventist Review<\/p>\n<p>Los l\u00edderes de la Iglesia Adventista del S\u00e9ptimo D\u00eda destacaron el pr\u00f3ximo 160 aniversario de la organizaci\u00f3n oficial de la iglesia, durante el Concilio de Primavera de la Junta Directiva de la Asociaci\u00f3n General en Silver Spring, Maryland, Estados Unidos, el 11 de abril. Mediante breves presentaciones, el secretario de la Asociaci\u00f3n General Erton K\u00f6hler y David Trim, director de la Secretar\u00eda de Archivos, Estad\u00edsticas e Investigaciones, hicieron un llamado a los l\u00edderes, para que sigan avanzando mientras celebran los comienzos de la iglesia y su legado.<\/p>\n<p>\u201cMe gusta pensar que las organizaciones saludables avanzan mirando por el parabrisas mientras al mismo mirar por el espejo retrovisor\u201d, dijo K\u00f6hler. \u201cEs nuestra realidad. Tenemos que avanzar; tenemos sue\u00f1os para el future; tenemos nuestra bienaventurada esperanza. Pero necesitamos prestar atenci\u00f3n [a] lo que podemos aprender sobre nuestro pasado\u201d. La organizaci\u00f3n de Iglesia Adventista cumplir\u00e1 160 el pr\u00f3ximo 21 de mayo.<\/p>\n<p>Los procedimientos apropiados<\/p>\n<p><div id=\"attachment_97586\" style=\"width: 1034px\" class=\"wp-caption aligncenter\"><img fetchpriority=\"high\" decoding=\"async\" aria-describedby=\"caption-attachment-97586\" class=\"size-large wp-image-97584\" src=\"https:\/\/interamerica.org\/wp-content\/uploads\/2023\/04\/spring-meeting-etm-53-1280-1024x640.jpg\" alt=\"\" width=\"1024\" height=\"640\" srcset=\"https:\/\/interamerica.org\/wp-content\/uploads\/2023\/04\/spring-meeting-etm-53-1280-1024x640.jpg 1024w, https:\/\/interamerica.org\/wp-content\/uploads\/2023\/04\/spring-meeting-etm-53-1280-300x188.jpg 300w, https:\/\/interamerica.org\/wp-content\/uploads\/2023\/04\/spring-meeting-etm-53-1280-768x480.jpg 768w, https:\/\/interamerica.org\/wp-content\/uploads\/2023\/04\/spring-meeting-etm-53-1280.jpg 1280w\" sizes=\"(max-width: 1024px) 100vw, 1024px\" \/><p id=\"caption-attachment-97586\" class=\"wp-caption-text\">David Trim, director de la Secretar\u00eda de Archivos, Estad\u00edsticas e Investigaciones de la Iglesia Adventista, presenta los detalles sobre la fundaci\u00f3n formal de la Asociaci\u00f3n General, que este a\u00f1o cumple 160 a\u00f1os. [Fotograf\u00eda: Enno M\u00fcller, Adventist Media Exchange (CC BY 4.0)]<\/p><\/div>Trim describi\u00f3 c\u00f3mo, el mi\u00e9rcoles 20 de mayo de 1863, veinte l\u00edderes de lo que \u00e9l llam\u00f3 \u201cel embri\u00f3nico movimiento adventista del s\u00e9ptimo d\u00eda\u201d se reunieron e Battle Creek, M\u00edchigan. \u201cAlgunos llegaron en tren durante el transcurso del d\u00eda, por lo que no fue hasta las 18:00 que pudieron reunirse en la Segunda Casa de Reuniones de Battle Creek\u201d, dijo Trim. \u201cHab\u00eda 18 delegados de cinco de las seis asociaciones estatales existentes: M\u00edchigan, Nueva York, Illinois y Wisconsin, Minnesota e Iowa. La Asociaci\u00f3n de Vermont no envi\u00f3 delegados a Battle Creek, pero las iglesias adventistas de Ohio enviaron dos delegados, a pesar de que a\u00fan no se hab\u00edan organizado como asociaci\u00f3n\u201d.<\/p>\n<p>A\u00f1adi\u00f3 que algunos miembros de la iglesia adventista local de Battle Creek, entre ellos, Elena G. White, asistieron en car\u00e1cter de observadores. \u201cNo eran delegados oficiales [\u2026], pero estaban interesados en el proceso\u201d.<\/p>\n<p>Trim declar\u00f3 que la primera acci\u00f3n de los veinte delegados fue elegir un presidente y un secretario temporarios. Escogieron a Jotham M. Aldrich como presidente y a Ur\u00edas Smith como secretario.<\/p>\n<p>\u201cAldrich ten\u00eda 35 a\u00f1os y solo se hab\u00eda convertido en 1860\u201d, dijo Trim. \u201cNo hab\u00eda pertenecido al movimiento millerita. Smith ten\u00eda 31 y, digno es de destacar, no era delegado\u201d.<\/p>\n<p>Es algo digno de se\u00f1alar, dijo Trim, porque esos dos hechos nos brindan perspectivas importantes sobre la fundaci\u00f3n de la Iglesia Adventista. \u201cMuchos de [los delegados] eran j\u00f3venes, y no eran elitistas o exclusivos\u201d, dijo Trim. \u201cNuestros fundadores buscaban dones espirituales, y cuando ve\u00edan talento, lo usaban para esparcir el mensaje del tercer \u00e1ngel\u201d.<\/p>\n<p>Despu\u00e9s de haber elegido un presidente y un secretario, los delegados y dem\u00e1s presentes se unieron para entonar el Himno 233, \u201cLong Upon the Mountains\u201d [que en espa\u00f1ol se canta con la melod\u00eda de \u201cEn tu nombre comenzamos\u201d], del nuevo himnario que Jaime White hab\u00eda publicado en 1861. Entonces, una comisi\u00f3n de tres delegados inspeccion\u00f3 y verific\u00f3 las credenciales de los delegados.<\/p>\n<p>Una vez m\u00e1s, Trim cree que esos detalles arrojan luz sobre los fundadores de la Asociaci\u00f3n General. \u201cLes gustaba cantar himnos, y valoraban los procedimientos apropiados y las comisiones. Es decir que, algunas caracter\u00edsticas de la Iglesia Adventista se remontan a sus mismos or\u00edgenes\u201d, coment\u00f3.<\/p>\n<p><div id=\"attachment_97592\" style=\"width: 849px\" class=\"wp-caption aligncenter\"><img decoding=\"async\" aria-describedby=\"caption-attachment-97592\" class=\" wp-image-97590\" src=\"https:\/\/interamerica.org\/wp-content\/uploads\/2023\/04\/meeting-house-1-1024x802.jpeg\" alt=\"\" width=\"839\" height=\"657\" srcset=\"https:\/\/interamerica.org\/wp-content\/uploads\/2023\/04\/meeting-house-1-1024x802.jpeg 1024w, https:\/\/interamerica.org\/wp-content\/uploads\/2023\/04\/meeting-house-1-300x235.jpeg 300w, https:\/\/interamerica.org\/wp-content\/uploads\/2023\/04\/meeting-house-1-768x602.jpeg 768w, https:\/\/interamerica.org\/wp-content\/uploads\/2023\/04\/meeting-house-1.jpeg 1532w\" sizes=\"(max-width: 839px) 100vw, 839px\" \/><p id=\"caption-attachment-97592\" class=\"wp-caption-text\">La Segunda Casa de Reuniones de Battle Creek, donde se organiz\u00f3 la Iglesia Adventista del S\u00e9ptimo D\u00eda, el 21 de mayo de 1863. [Fotograf\u00eda: Archivos de la Asociaci\u00f3n General de los Adventistas del S\u00e9ptimo D\u00eda]<\/p><\/div><strong>Un d\u00eda especial para la historia<\/strong><\/p>\n<p>Esa noche del 20 de mayo, los delegados decidieron levantar la sesi\u00f3n hasta la ma\u00f1ana siguiente. El d\u00eda siguiente, el jueves 21 de mayo de 1863, \u201cfue el gran d\u00eda\u201d, dijo Trim.<\/p>\n<p>El primer paso fue la selecci\u00f3n de ocho delegados para preparar el borrador de la constituci\u00f3n. \u201cSe reportaron de regreso tan pronto y con una constituci\u00f3n tan detallada, que se ve que un grupo peque\u00f1o tiene que haber realizado el trabajo preliminar antes de que se reuniera la sesi\u00f3n\u201d, explic\u00f3 Trim. La constituci\u00f3n fue entonces aprobada en forma un\u00e1nime, y as\u00ed se fund\u00f3 oficialmente la Asociaci\u00f3n General de los Adventistas del S\u00e9ptimo D\u00eda\u201d.<\/p>\n<p>La estructura original inclu\u00eda asociaciones como los territorios constituyentes, sesiones anuales de la Asociaci\u00f3n General, y tres directivos permanentes: un presidente, un secretario y un tesorero. Tambi\u00e9n hab\u00eda una junta directiva de tres personas, y el presidente era una de ellas.<\/p>\n<p><strong>Organizados para la misi\u00f3n<\/strong><\/p>\n<p>Trim destac\u00f3 que la constituci\u00f3n que fue adoptada comenzaba con un pre\u00e1mbulo. \u201cMuchos a\u00f1os despu\u00e9s, fue dejada de lado, pero es importante porque afirma por qu\u00e9 se estaba estableciendo una Asociaci\u00f3n General\u201d, dijo Trim, y ley\u00f3: \u201cCon el objetivo de garantizar la unidad y la eficiencia de las labores y promover los intereses generales de la causa de la verdad presente\u201d.<\/p>\n<p>Explic\u00f3 de qu\u00e9 manera el Art\u00edculo V estaba dedicado espec\u00edficamente a la actividad misionera. Expres\u00f3 que la junta directiva necesitaba contar con \u201cla supervisi\u00f3n especial de todas las labores misioneras, y la manera en que la junta misionera tendr\u00eda el poder de decidir d\u00f3nde se necesitaba esa labor, y qui\u00e9n ten\u00eda que ir como misionero para cumplir con esas labores\u201d, ley\u00f3 Trim, y agreg\u00f3: \u201cEl prop\u00f3sito de la Asociaci\u00f3n General, en resumen, era promover la unidad, la identidad y la misi\u00f3n\u201d.<\/p>\n<p>K\u00f6hler sigui\u00f3 a Trim para destacar la significaci\u00f3n de esas tres palabras para los adventistas del s\u00e9ptimo d\u00eda. \u201cEsas tres palabras [unidad, identidad y misi\u00f3n] [\u2026] est\u00e1n detr\u00e1s de nuestra celebraci\u00f3n\u201d, dijo. \u201cEl lema escogido es \u2018Escogidos para la misi\u00f3n\u2019. Es la raz\u00f3n por la cual Dios levant\u00f3 a esta iglesia, y necesitar destacar esto a todas las personas\u201d.<\/p>\n<p>Tambi\u00e9n record\u00f3 a los l\u00edderes adventistas que la celebraci\u00f3n que tendr\u00e1 lugar ahora en 2023 ser\u00e1 una preparaci\u00f3n para otro hito que cumplir\u00e1 la Iglesia Adventista: Los 150 a\u00f1os de Misi\u00f3n Adventista, el env\u00edo del primer misionero de la iglesia al extranjero, que la organizaci\u00f3n espera destacar en 2024. \u201cLa celebraci\u00f3n de este a\u00f1o preparar\u00e1 el camino para la celebraci\u00f3n del a\u00f1o que viene\u201d, dijo K\u00f6hler. \u201cDios organiz\u00f3 a esta iglesia para que cumpla [su] misi\u00f3n\u201d.<\/p>\n<p>Han pasado muchas cosas desde esos 3500 miembros de iglesia y seis asociaciones originales de 1863 a los 22,2 millones de miembros bautizados en 212 pa\u00edses, las 97.811 iglesias, y las actuales 753 asociaciones y misiones, destac\u00f3. Y es algo digno de destacar. \u201cEl pasado es un lugar de referencia, no de residencia\u201d, dijo K\u00f6hler. \u201cPero s\u00ed, tenemos que celebrar nuestro legado [mientras] permanecemos enfocados en la unidad, la identidad y la misi\u00f3n\u201d.<\/p>\n<p>Traducci\u00f3n de Marcos Paseggi<\/p>\n","protected":false},"excerpt":{"rendered":"<p>La organizaci\u00f3n de la Iglesia Adventista del S\u00e9ptimo D\u00eda cumplir\u00e1 160 a\u00f1os el 21 de mayo. 15 de abril de 2023 | Silver Spring, Maryland, Estados Unidos | Marcos Paseggi,&#8230;<\/p>\n","protected":false},"author":3,"featured_media":97586,"comment_status":"closed","ping_status":"closed","sticky":false,"template":"","format":"standard","meta":{"_acf_changed":false,"footnotes":""},"categories":[14,15],"tags":[],"class_list":["post-97649","post","type-post","status-publish","format-standard","has-post-thumbnail","hentry","category-de-la-iglesia-mundial","category-rss-espanol"],"acf":[],"yoast_head":"<!-- This site is optimized with the Yoast SEO plugin v27.3 - https:\/\/yoast.com\/product\/yoast-seo-wordpress\/ -->\n<title>\u201cEscogidos para la misi\u00f3n\u201d es el lema que guiar\u00e1 la celebraci\u00f3n del 160\u00b0 anivesario - Iglesia Adventista del S\u00e9ptimo D\u00eda - Divisi\u00f3n Interamericana<\/title>\n<meta name=\"robots\" content=\"index, follow, max-snippet:-1, max-image-preview:large, max-video-preview:-1\" \/>\n<link rel=\"canonical\" href=\"https:\/\/interamerica.org\/es\/2023\/04\/escogidos-para-la-mision-es-el-lema-que-guiara-la-celebracion-del-160-anivesario\/\" \/>\n<meta property=\"og:locale\" content=\"es_ES\" \/>\n<meta property=\"og:type\" content=\"article\" \/>\n<meta property=\"og:title\" content=\"\u201cEscogidos para la misi\u00f3n\u201d es el lema que guiar\u00e1 la celebraci\u00f3n del 160\u00b0 anivesario - Iglesia Adventista del S\u00e9ptimo D\u00eda - Divisi\u00f3n Interamericana\" \/>\n<meta property=\"og:description\" content=\"La organizaci\u00f3n de la Iglesia Adventista del S\u00e9ptimo D\u00eda cumplir\u00e1 160 a\u00f1os el 21 de mayo. 15 de abril de 2023 | Silver Spring, Maryland, Estados Unidos | Marcos Paseggi,...\" \/>\n<meta property=\"og:url\" content=\"https:\/\/interamerica.org\/es\/2023\/04\/escogidos-para-la-mision-es-el-lema-que-guiara-la-celebracion-del-160-anivesario\/\" \/>\n<meta property=\"og:site_name\" content=\"Iglesia Adventista del S\u00e9ptimo D\u00eda - Divisi\u00f3n Interamericana\" \/>\n<meta property=\"article:published_time\" content=\"2023-04-16T02:23:09+00:00\" \/>\n<meta property=\"article:modified_time\" content=\"2023-04-16T17:47:38+00:00\" \/>\n<meta property=\"og:image\" content=\"https:\/\/interamerica.org\/wp-content\/uploads\/2023\/04\/spring-meeting-etm-53-1280.jpg\" \/>\n\t<meta property=\"og:image:width\" content=\"1280\" \/>\n\t<meta property=\"og:image:height\" content=\"800\" \/>\n\t<meta property=\"og:image:type\" content=\"image\/jpeg\" \/>\n<meta name=\"author\" content=\"libna\" \/>\n<meta name=\"twitter:card\" content=\"summary_large_image\" \/>\n<meta name=\"twitter:label1\" content=\"Escrito por\" \/>\n\t<meta name=\"twitter:data1\" content=\"libna\" \/>\n\t<meta name=\"twitter:label2\" content=\"Tiempo de lectura\" \/>\n\t<meta name=\"twitter:data2\" content=\"6 minutos\" \/>\n<script type=\"application\/ld+json\" class=\"yoast-schema-graph\">{\"@context\":\"https:\\\/\\\/schema.org\",\"@graph\":[{\"@type\":\"Article\",\"@id\":\"https:\\\/\\\/interamerica.org\\\/es\\\/2023\\\/04\\\/escogidos-para-la-mision-es-el-lema-que-guiara-la-celebracion-del-160-anivesario\\\/#article\",\"isPartOf\":{\"@id\":\"https:\\\/\\\/interamerica.org\\\/es\\\/2023\\\/04\\\/escogidos-para-la-mision-es-el-lema-que-guiara-la-celebracion-del-160-anivesario\\\/\"},\"author\":{\"name\":\"libna\",\"@id\":\"https:\\\/\\\/interamerica.org\\\/es\\\/#\\\/schema\\\/person\\\/29998f2bc2d8bd0d38662909289b54f1\"},\"headline\":\"\u201cEscogidos para la misi\u00f3n\u201d es el lema que guiar\u00e1 la celebraci\u00f3n del 160\u00b0 anivesario\",\"datePublished\":\"2023-04-16T02:23:09+00:00\",\"dateModified\":\"2023-04-16T17:47:38+00:00\",\"mainEntityOfPage\":{\"@id\":\"https:\\\/\\\/interamerica.org\\\/es\\\/2023\\\/04\\\/escogidos-para-la-mision-es-el-lema-que-guiara-la-celebracion-del-160-anivesario\\\/\"},\"wordCount\":1261,\"image\":{\"@id\":\"https:\\\/\\\/interamerica.org\\\/es\\\/2023\\\/04\\\/escogidos-para-la-mision-es-el-lema-que-guiara-la-celebracion-del-160-anivesario\\\/#primaryimage\"},\"thumbnailUrl\":\"https:\\\/\\\/interamerica.org\\\/wp-content\\\/uploads\\\/2023\\\/04\\\/spring-meeting-etm-53-1280.jpg\",\"articleSection\":[\"Desde la iglesia mundial\",\"RSS Espa\u00f1ol\"],\"inLanguage\":\"es\"},{\"@type\":\"WebPage\",\"@id\":\"https:\\\/\\\/interamerica.org\\\/es\\\/2023\\\/04\\\/escogidos-para-la-mision-es-el-lema-que-guiara-la-celebracion-del-160-anivesario\\\/\",\"url\":\"https:\\\/\\\/interamerica.org\\\/es\\\/2023\\\/04\\\/escogidos-para-la-mision-es-el-lema-que-guiara-la-celebracion-del-160-anivesario\\\/\",\"name\":\"\u201cEscogidos para la misi\u00f3n\u201d es el lema que guiar\u00e1 la celebraci\u00f3n del 160\u00b0 anivesario - Iglesia Adventista del S\u00e9ptimo D\u00eda - Divisi\u00f3n Interamericana\",\"isPartOf\":{\"@id\":\"https:\\\/\\\/interamerica.org\\\/es\\\/#website\"},\"primaryImageOfPage\":{\"@id\":\"https:\\\/\\\/interamerica.org\\\/es\\\/2023\\\/04\\\/escogidos-para-la-mision-es-el-lema-que-guiara-la-celebracion-del-160-anivesario\\\/#primaryimage\"},\"image\":{\"@id\":\"https:\\\/\\\/interamerica.org\\\/es\\\/2023\\\/04\\\/escogidos-para-la-mision-es-el-lema-que-guiara-la-celebracion-del-160-anivesario\\\/#primaryimage\"},\"thumbnailUrl\":\"https:\\\/\\\/interamerica.org\\\/wp-content\\\/uploads\\\/2023\\\/04\\\/spring-meeting-etm-53-1280.jpg\",\"datePublished\":\"2023-04-16T02:23:09+00:00\",\"dateModified\":\"2023-04-16T17:47:38+00:00\",\"author\":{\"@id\":\"https:\\\/\\\/interamerica.org\\\/es\\\/#\\\/schema\\\/person\\\/29998f2bc2d8bd0d38662909289b54f1\"},\"breadcrumb\":{\"@id\":\"https:\\\/\\\/interamerica.org\\\/es\\\/2023\\\/04\\\/escogidos-para-la-mision-es-el-lema-que-guiara-la-celebracion-del-160-anivesario\\\/#breadcrumb\"},\"inLanguage\":\"es\",\"potentialAction\":[{\"@type\":\"ReadAction\",\"target\":[\"https:\\\/\\\/interamerica.org\\\/es\\\/2023\\\/04\\\/escogidos-para-la-mision-es-el-lema-que-guiara-la-celebracion-del-160-anivesario\\\/\"]}]},{\"@type\":\"ImageObject\",\"inLanguage\":\"es\",\"@id\":\"https:\\\/\\\/interamerica.org\\\/es\\\/2023\\\/04\\\/escogidos-para-la-mision-es-el-lema-que-guiara-la-celebracion-del-160-anivesario\\\/#primaryimage\",\"url\":\"https:\\\/\\\/interamerica.org\\\/wp-content\\\/uploads\\\/2023\\\/04\\\/spring-meeting-etm-53-1280.jpg\",\"contentUrl\":\"https:\\\/\\\/interamerica.org\\\/wp-content\\\/uploads\\\/2023\\\/04\\\/spring-meeting-etm-53-1280.jpg\",\"width\":1280,\"height\":800,\"caption\":\"David Trim, director of the Adventist Church\u2019s Office of Archives, Statistics, and Research, presents the particulars of the formal foundation of the General Conference, which turns 160 this year. [Photo: Enno M\u00fcller, Adventist Media Exchange (CC BY 4.0)]\"},{\"@type\":\"BreadcrumbList\",\"@id\":\"https:\\\/\\\/interamerica.org\\\/es\\\/2023\\\/04\\\/escogidos-para-la-mision-es-el-lema-que-guiara-la-celebracion-del-160-anivesario\\\/#breadcrumb\",\"itemListElement\":[{\"@type\":\"ListItem\",\"position\":1,\"name\":\"Home\",\"item\":\"https:\\\/\\\/interamerica.org\\\/es\\\/\"},{\"@type\":\"ListItem\",\"position\":2,\"name\":\"\u201cEscogidos para la misi\u00f3n\u201d es el lema que guiar\u00e1 la celebraci\u00f3n del 160\u00b0 anivesario\"}]},{\"@type\":\"WebSite\",\"@id\":\"https:\\\/\\\/interamerica.org\\\/es\\\/#website\",\"url\":\"https:\\\/\\\/interamerica.org\\\/es\\\/\",\"name\":\"Iglesia Adventista del S\u00e9ptimo D\u00eda - Divisi\u00f3n Interamericana\",\"description\":\"\",\"potentialAction\":[{\"@type\":\"SearchAction\",\"target\":{\"@type\":\"EntryPoint\",\"urlTemplate\":\"https:\\\/\\\/interamerica.org\\\/es\\\/?s={search_term_string}\"},\"query-input\":{\"@type\":\"PropertyValueSpecification\",\"valueRequired\":true,\"valueName\":\"search_term_string\"}}],\"inLanguage\":\"es\"},{\"@type\":\"Person\",\"@id\":\"https:\\\/\\\/interamerica.org\\\/es\\\/#\\\/schema\\\/person\\\/29998f2bc2d8bd0d38662909289b54f1\",\"name\":\"libna\",\"image\":{\"@type\":\"ImageObject\",\"inLanguage\":\"es\",\"@id\":\"https:\\\/\\\/secure.gravatar.com\\\/avatar\\\/7c5bd30ae4b47a9ba3c856590957fd1d96dc588bf3ac05719d247e126840331f?s=96&d=mm&r=g\",\"url\":\"https:\\\/\\\/secure.gravatar.com\\\/avatar\\\/7c5bd30ae4b47a9ba3c856590957fd1d96dc588bf3ac05719d247e126840331f?s=96&d=mm&r=g\",\"contentUrl\":\"https:\\\/\\\/secure.gravatar.com\\\/avatar\\\/7c5bd30ae4b47a9ba3c856590957fd1d96dc588bf3ac05719d247e126840331f?s=96&d=mm&r=g\",\"caption\":\"libna\"}}]}<\/script>\n<!-- \/ Yoast SEO plugin. -->","yoast_head_json":{"title":"\u201cEscogidos para la misi\u00f3n\u201d es el lema que guiar\u00e1 la celebraci\u00f3n del 160\u00b0 anivesario - Iglesia Adventista del S\u00e9ptimo D\u00eda - Divisi\u00f3n Interamericana","robots":{"index":"index","follow":"follow","max-snippet":"max-snippet:-1","max-image-preview":"max-image-preview:large","max-video-preview":"max-video-preview:-1"},"canonical":"https:\/\/interamerica.org\/es\/2023\/04\/escogidos-para-la-mision-es-el-lema-que-guiara-la-celebracion-del-160-anivesario\/","og_locale":"es_ES","og_type":"article","og_title":"\u201cEscogidos para la misi\u00f3n\u201d es el lema que guiar\u00e1 la celebraci\u00f3n del 160\u00b0 anivesario - Iglesia Adventista del S\u00e9ptimo D\u00eda - Divisi\u00f3n Interamericana","og_description":"La organizaci\u00f3n de la Iglesia Adventista del S\u00e9ptimo D\u00eda cumplir\u00e1 160 a\u00f1os el 21 de mayo. 15 de abril de 2023 | Silver Spring, Maryland, Estados Unidos | Marcos Paseggi,...","og_url":"https:\/\/interamerica.org\/es\/2023\/04\/escogidos-para-la-mision-es-el-lema-que-guiara-la-celebracion-del-160-anivesario\/","og_site_name":"Iglesia Adventista del S\u00e9ptimo D\u00eda - Divisi\u00f3n Interamericana","article_published_time":"2023-04-16T02:23:09+00:00","article_modified_time":"2023-04-16T17:47:38+00:00","og_image":[{"width":1280,"height":800,"url":"https:\/\/interamerica.org\/wp-content\/uploads\/2023\/04\/spring-meeting-etm-53-1280.jpg","type":"image\/jpeg"}],"author":"libna","twitter_card":"summary_large_image","twitter_misc":{"Escrito por":"libna","Tiempo de lectura":"6 minutos"},"schema":{"@context":"https:\/\/schema.org","@graph":[{"@type":"Article","@id":"https:\/\/interamerica.org\/es\/2023\/04\/escogidos-para-la-mision-es-el-lema-que-guiara-la-celebracion-del-160-anivesario\/#article","isPartOf":{"@id":"https:\/\/interamerica.org\/es\/2023\/04\/escogidos-para-la-mision-es-el-lema-que-guiara-la-celebracion-del-160-anivesario\/"},"author":{"name":"libna","@id":"https:\/\/interamerica.org\/es\/#\/schema\/person\/29998f2bc2d8bd0d38662909289b54f1"},"headline":"\u201cEscogidos para la misi\u00f3n\u201d es el lema que guiar\u00e1 la celebraci\u00f3n del 160\u00b0 anivesario","datePublished":"2023-04-16T02:23:09+00:00","dateModified":"2023-04-16T17:47:38+00:00","mainEntityOfPage":{"@id":"https:\/\/interamerica.org\/es\/2023\/04\/escogidos-para-la-mision-es-el-lema-que-guiara-la-celebracion-del-160-anivesario\/"},"wordCount":1261,"image":{"@id":"https:\/\/interamerica.org\/es\/2023\/04\/escogidos-para-la-mision-es-el-lema-que-guiara-la-celebracion-del-160-anivesario\/#primaryimage"},"thumbnailUrl":"https:\/\/interamerica.org\/wp-content\/uploads\/2023\/04\/spring-meeting-etm-53-1280.jpg","articleSection":["Desde la iglesia mundial","RSS Espa\u00f1ol"],"inLanguage":"es"},{"@type":"WebPage","@id":"https:\/\/interamerica.org\/es\/2023\/04\/escogidos-para-la-mision-es-el-lema-que-guiara-la-celebracion-del-160-anivesario\/","url":"https:\/\/interamerica.org\/es\/2023\/04\/escogidos-para-la-mision-es-el-lema-que-guiara-la-celebracion-del-160-anivesario\/","name":"\u201cEscogidos para la misi\u00f3n\u201d es el lema que guiar\u00e1 la celebraci\u00f3n del 160\u00b0 anivesario - Iglesia Adventista del S\u00e9ptimo D\u00eda - Divisi\u00f3n Interamericana","isPartOf":{"@id":"https:\/\/interamerica.org\/es\/#website"},"primaryImageOfPage":{"@id":"https:\/\/interamerica.org\/es\/2023\/04\/escogidos-para-la-mision-es-el-lema-que-guiara-la-celebracion-del-160-anivesario\/#primaryimage"},"image":{"@id":"https:\/\/interamerica.org\/es\/2023\/04\/escogidos-para-la-mision-es-el-lema-que-guiara-la-celebracion-del-160-anivesario\/#primaryimage"},"thumbnailUrl":"https:\/\/interamerica.org\/wp-content\/uploads\/2023\/04\/spring-meeting-etm-53-1280.jpg","datePublished":"2023-04-16T02:23:09+00:00","dateModified":"2023-04-16T17:47:38+00:00","author":{"@id":"https:\/\/interamerica.org\/es\/#\/schema\/person\/29998f2bc2d8bd0d38662909289b54f1"},"breadcrumb":{"@id":"https:\/\/interamerica.org\/es\/2023\/04\/escogidos-para-la-mision-es-el-lema-que-guiara-la-celebracion-del-160-anivesario\/#breadcrumb"},"inLanguage":"es","potentialAction":[{"@type":"ReadAction","target":["https:\/\/interamerica.org\/es\/2023\/04\/escogidos-para-la-mision-es-el-lema-que-guiara-la-celebracion-del-160-anivesario\/"]}]},{"@type":"ImageObject","inLanguage":"es","@id":"https:\/\/interamerica.org\/es\/2023\/04\/escogidos-para-la-mision-es-el-lema-que-guiara-la-celebracion-del-160-anivesario\/#primaryimage","url":"https:\/\/interamerica.org\/wp-content\/uploads\/2023\/04\/spring-meeting-etm-53-1280.jpg","contentUrl":"https:\/\/interamerica.org\/wp-content\/uploads\/2023\/04\/spring-meeting-etm-53-1280.jpg","width":1280,"height":800,"caption":"David Trim, director of the Adventist Church\u2019s Office of Archives, Statistics, and Research, presents the particulars of the formal foundation of the General Conference, which turns 160 this year. [Photo: Enno M\u00fcller, Adventist Media Exchange (CC BY 4.0)]"},{"@type":"BreadcrumbList","@id":"https:\/\/interamerica.org\/es\/2023\/04\/escogidos-para-la-mision-es-el-lema-que-guiara-la-celebracion-del-160-anivesario\/#breadcrumb","itemListElement":[{"@type":"ListItem","position":1,"name":"Home","item":"https:\/\/interamerica.org\/es\/"},{"@type":"ListItem","position":2,"name":"\u201cEscogidos para la misi\u00f3n\u201d es el lema que guiar\u00e1 la celebraci\u00f3n del 160\u00b0 anivesario"}]},{"@type":"WebSite","@id":"https:\/\/interamerica.org\/es\/#website","url":"https:\/\/interamerica.org\/es\/","name":"Iglesia Adventista del S\u00e9ptimo D\u00eda - Divisi\u00f3n Interamericana","description":"","potentialAction":[{"@type":"SearchAction","target":{"@type":"EntryPoint","urlTemplate":"https:\/\/interamerica.org\/es\/?s={search_term_string}"},"query-input":{"@type":"PropertyValueSpecification","valueRequired":true,"valueName":"search_term_string"}}],"inLanguage":"es"},{"@type":"Person","@id":"https:\/\/interamerica.org\/es\/#\/schema\/person\/29998f2bc2d8bd0d38662909289b54f1","name":"libna","image":{"@type":"ImageObject","inLanguage":"es","@id":"https:\/\/secure.gravatar.com\/avatar\/7c5bd30ae4b47a9ba3c856590957fd1d96dc588bf3ac05719d247e126840331f?s=96&d=mm&r=g","url":"https:\/\/secure.gravatar.com\/avatar\/7c5bd30ae4b47a9ba3c856590957fd1d96dc588bf3ac05719d247e126840331f?s=96&d=mm&r=g","contentUrl":"https:\/\/secure.gravatar.com\/avatar\/7c5bd30ae4b47a9ba3c856590957fd1d96dc588bf3ac05719d247e126840331f?s=96&d=mm&r=g","caption":"libna"}}]}},"_links":{"self":[{"href":"https:\/\/interamerica.org\/es\/wp-json\/wp\/v2\/posts\/97649","targetHints":{"allow":["GET"]}}],"collection":[{"href":"https:\/\/interamerica.org\/es\/wp-json\/wp\/v2\/posts"}],"about":[{"href":"https:\/\/interamerica.org\/es\/wp-json\/wp\/v2\/types\/post"}],"author":[{"embeddable":true,"href":"https:\/\/interamerica.org\/es\/wp-json\/wp\/v2\/users\/3"}],"replies":[{"embeddable":true,"href":"https:\/\/interamerica.org\/es\/wp-json\/wp\/v2\/comments?post=97649"}],"version-history":[{"count":0,"href":"https:\/\/interamerica.org\/es\/wp-json\/wp\/v2\/posts\/97649\/revisions"}],"wp:featuredmedia":[{"embeddable":true,"href":"https:\/\/interamerica.org\/es\/wp-json\/wp\/v2\/media\/97586"}],"wp:attachment":[{"href":"https:\/\/interamerica.org\/es\/wp-json\/wp\/v2\/media?parent=97649"}],"wp:term":[{"taxonomy":"category","embeddable":true,"href":"https:\/\/interamerica.org\/es\/wp-json\/wp\/v2\/categories?post=97649"},{"taxonomy":"post_tag","embeddable":true,"href":"https:\/\/interamerica.org\/es\/wp-json\/wp\/v2\/tags?post=97649"}],"curies":[{"name":"wp","href":"https:\/\/api.w.org\/{rel}","templated":true}]}}