{"id":97722,"date":"2023-04-17T17:04:09","date_gmt":"2023-04-17T21:04:09","guid":{"rendered":"https:\/\/interamerica.org\/?p=97722"},"modified":"2023-04-18T10:22:03","modified_gmt":"2023-04-18T14:22:03","slug":"evangelizadores-internacionales-invitados-a-unirse-a-la-iniciativa-cristo-para-europa","status":"publish","type":"post","link":"https:\/\/interamerica.org\/es\/2023\/04\/evangelizadores-internacionales-invitados-a-unirse-a-la-iniciativa-cristo-para-europa\/","title":{"rendered":"Evangelizadores internacionales invitados a unirse a la iniciativa Cristo para Europa"},"content":{"rendered":"<p><strong>El presidente de RMA, Duane McKey, \u00a0hace un llamamiento a m\u00e1s predicadores voluntarios. <\/strong><\/p>\n<p>Rachel Ashworth, ANN y Adventist Review<\/p>\n<p>El presidente de la Asociaci\u00f3n General, Ted N. C. Wilson, quien presidi\u00f3 las Juntas de Primavera de la Iglesia Adventista del S\u00e9ptimo D\u00eda el 11 de abril de 2023 en Silver Spring, Maryland, Estados Unidos, inici\u00f3 la presentaci\u00f3n del Informe sobre Cristo para Europa mencionando que \u201cEuropa se est\u00e1 volviendo m\u00e1s y m\u00e1s secular \u2026 sin embargo, hay miles, en realidad millones de personas, que anhelan escuchar la Palabra de Dios\u201d.<\/p>\n<p>El presidente Wilson mencion\u00f3 dos grandes campa\u00f1as de evangelizaci\u00f3n en Europa este a\u00f1o; en mayo y en septiembre \u2014\u201co en cualquier fecha que ese sitio elija para involucrarse\u201d. \u00c9l mismo est\u00e1 programado para ser el orador en un evento en el mes de mayo, en Praga, Rep\u00fablica Checa. Todos los eventos involucran a centenares de ministros ordenados, voluntarios, oradores, lugares y colaboraciones, inform\u00f3 el presidente de Radio Mundial Adventista (RMA), Duane McKey.<\/p>\n<p><div id=\"attachment_97716\" style=\"width: 981px\" class=\"wp-caption aligncenter\"><img fetchpriority=\"high\" decoding=\"async\" aria-describedby=\"caption-attachment-97716\" class=\" wp-image-97714\" src=\"https:\/\/interamerica.org\/wp-content\/uploads\/2023\/04\/ame-100117697-20230411-spring-meeting-etm-08-mpr-scaled-1-1024x576.jpeg\" alt=\"\" width=\"971\" height=\"546\" srcset=\"https:\/\/interamerica.org\/wp-content\/uploads\/2023\/04\/ame-100117697-20230411-spring-meeting-etm-08-mpr-scaled-1-1024x576.jpeg 1024w, https:\/\/interamerica.org\/wp-content\/uploads\/2023\/04\/ame-100117697-20230411-spring-meeting-etm-08-mpr-scaled-1-300x169.jpeg 300w, https:\/\/interamerica.org\/wp-content\/uploads\/2023\/04\/ame-100117697-20230411-spring-meeting-etm-08-mpr-scaled-1-768x432.jpeg 768w, https:\/\/interamerica.org\/wp-content\/uploads\/2023\/04\/ame-100117697-20230411-spring-meeting-etm-08-mpr-scaled-1-1536x865.jpeg 1536w, https:\/\/interamerica.org\/wp-content\/uploads\/2023\/04\/ame-100117697-20230411-spring-meeting-etm-08-mpr-scaled-1-2048x1153.jpeg 2048w\" sizes=\"(max-width: 971px) 100vw, 971px\" \/><p id=\"caption-attachment-97716\" class=\"wp-caption-text\">Duane McKey, presidente de Radio Mundial Adventista, en una presentaci\u00f3n el 11 de abril durante la Junta de Primavera 2023 en la Asociaci\u00f3n General, Silver Spring, Maryland, EE.UU. [Imagen: Enno M\u00fcller, Adventist Media Exchange]<\/p><\/div><strong>Estad\u00edsticas de \u00abCristo para Europa\u00bb<\/strong><\/p>\n<p>Desde su introducci\u00f3n, Cristo para Europa ha experimentado una afluencia de voluntarios. El presidente McKey, quien es tambi\u00e9n director de la iniciativa Todo Miembro Involucrado, inform\u00f3 que 30 uniones, 38 pa\u00edses y 1,514 lugares van a estar involucrados. Entre esos mencionados sitios, 747 est\u00e1n ubicados en la Divisi\u00f3n Euroasi\u00e1tica y 419 se encuentran en la Uni\u00f3n Asociaci\u00f3n Ucraniana.<\/p>\n<p>Con el objetivo de apoyar los esfuerzos de evangelizaci\u00f3n en la regi\u00f3n, 150 evangelizadores internacionales se han anotado para \u201cpredicar, ense\u00f1ar y bautizar\u201d. Sus esfuerzos se ver\u00e1n combinados con los de centenares de miembros laicos, voluntarios locales y miembros en varios sitios, dijo el director McKey.<\/p>\n<p>El director McKey agradeci\u00f3 a Ram\u00f3n Canals, de la Asociaci\u00f3n Ministerial de la AG, por el apoyo brindado por su departamento e invit\u00f3 a los miembros de la Junta Ejecutiva a unirse a este esfuerzo. \u201cNo son suficientes ciento cincuenta evangelizadores\u201d, dijo el McKey. \u201cPodr\u00edamos usar a otros 10 evangelizadores internacionales\u201d.<\/p>\n<p>\u201cCristo para Europa es el esfuerzo evangelizador m\u00e1s grande conducido en Europa en la historia de la iglesia adventista\u201d, agreg\u00f3 el director McKey.<\/p>\n<p>El continente europeo incluye tres de las 13 divisiones mundiales de la iglesia adventista y el campo adjunto de Ucrania. En total, la poblaci\u00f3n europea llega casi a 447 millones y esas cifras var\u00edan en crisis, desastres y agitaci\u00f3n pol\u00edtica que obligan a muchos a desplazarse de su pa\u00eds de origen a otras naciones. Estas luchas, combinadas con la reinante cultura poscristiana, convierte en grande la necesidad en esa regi\u00f3n.<\/p>\n<p><strong>Ganancia de almas en Europa<\/strong><\/p>\n<p>El director McKey les record\u00f3 a los miembros de la Junta Ejecutiva y a la audiencia mundial que el coraz\u00f3n o centro de la iniciativa Cristo para Europa, es la Palabra de Dios. Inici\u00f3 su informe con las palabras de Cristo registradas en Mateo 4:19: \u00a0\u201cVengan, s\u00edganme \u2014les dijo Jes\u00fas\u2014, y los har\u00e9 pescadores de hombres\u201d. Y a\u00f1adi\u00f3: \u201cS\u00edganme [a Jes\u00fas] y [\u00e9l] y los [har\u00e1] ganadores de almas.\u2026 [\u00e9l] los har\u00e1 evangelizadores\u201d.<\/p>\n<p>\u201cLas primeras y \u00faltimas palabras de Jes\u00fas a sus disc\u00edpulos fueron un llamado a la iglesia para convertirse en ganadores de almas\u201d, dijo el director McKey, \u201cy de eso precisamente se trata la iniciativa Cristo para Europa\u201d.<\/p>\n<p>Les asegur\u00f3 tambi\u00e9n a los voluntarios potenciales que se registren para participar, que todos van a ser equipados y entrenados en el sitio mismo antes de que comiencen las reuniones de evangelizaci\u00f3n. \u201cDoce instructores de Radio Mundial Adventista y de la iniciativa Todo Miembro Involucrado han estado ya <em>in situ <\/em>desde diciembre de 2022\u201d, dijo.<\/p>\n<p>\u201c\u00bfQui\u00e9n debe ir?\u201d, pregunt\u00f3 el director McKey. \u201cCualquiera que est\u00e9 dispuesto y sea capaz debe ofrecerse como voluntario en la iniciativa Cristo para Europa. Son bienvenidos los estudiantes del seminario y universitarios, as\u00ed como familias ministeriales, miembros de iglesia, maestros y otros. Cualquier persona con un pasaporte v\u00e1lido est\u00e1 invitada y se le anima a participar\u201d, dijo. \u201cY si t\u00fa no puedes ir, ora por favor\u201d.<\/p>\n<p>Traducci\u00f3n \u2013 Gloria A. Castrej\u00f3n<\/p>\n","protected":false},"excerpt":{"rendered":"<p>El presidente de RMA, Duane McKey, \u00a0hace un llamamiento a m\u00e1s predicadores voluntarios. Rachel Ashworth, ANN y Adventist Review El presidente de la Asociaci\u00f3n General, Ted N. C. Wilson, quien&#8230;<\/p>\n","protected":false},"author":3,"featured_media":97716,"comment_status":"closed","ping_status":"closed","sticky":false,"template":"","format":"standard","meta":{"_acf_changed":false,"footnotes":""},"categories":[14,15],"tags":[],"class_list":["post-97722","post","type-post","status-publish","format-standard","has-post-thumbnail","hentry","category-de-la-iglesia-mundial","category-rss-espanol"],"acf":[],"yoast_head":"<!-- This site is optimized with the Yoast SEO plugin v27.3 - https:\/\/yoast.com\/product\/yoast-seo-wordpress\/ -->\n<title>Evangelizadores internacionales invitados a unirse a la iniciativa Cristo para Europa - Iglesia Adventista del S\u00e9ptimo D\u00eda - Divisi\u00f3n Interamericana<\/title>\n<meta name=\"robots\" content=\"index, follow, max-snippet:-1, max-image-preview:large, max-video-preview:-1\" \/>\n<link rel=\"canonical\" href=\"https:\/\/interamerica.org\/es\/2023\/04\/evangelizadores-internacionales-invitados-a-unirse-a-la-iniciativa-cristo-para-europa\/\" \/>\n<meta property=\"og:locale\" content=\"es_ES\" \/>\n<meta property=\"og:type\" content=\"article\" \/>\n<meta property=\"og:title\" content=\"Evangelizadores internacionales invitados a unirse a la iniciativa Cristo para Europa - Iglesia Adventista del S\u00e9ptimo D\u00eda - Divisi\u00f3n Interamericana\" \/>\n<meta property=\"og:description\" content=\"El presidente de RMA, Duane McKey, \u00a0hace un llamamiento a m\u00e1s predicadores voluntarios. Rachel Ashworth, ANN y Adventist Review El presidente de la Asociaci\u00f3n General, Ted N. C. Wilson, quien...\" \/>\n<meta property=\"og:url\" content=\"https:\/\/interamerica.org\/es\/2023\/04\/evangelizadores-internacionales-invitados-a-unirse-a-la-iniciativa-cristo-para-europa\/\" \/>\n<meta property=\"og:site_name\" content=\"Iglesia Adventista del S\u00e9ptimo D\u00eda - Divisi\u00f3n Interamericana\" \/>\n<meta property=\"article:published_time\" content=\"2023-04-17T21:04:09+00:00\" \/>\n<meta property=\"article:modified_time\" content=\"2023-04-18T14:22:03+00:00\" \/>\n<meta property=\"og:image\" content=\"https:\/\/interamerica.org\/wp-content\/uploads\/2023\/04\/ame-100117697-20230411-spring-meeting-etm-08-mpr-scaled-1.jpeg\" \/>\n\t<meta property=\"og:image:width\" content=\"2560\" \/>\n\t<meta property=\"og:image:height\" content=\"1441\" \/>\n\t<meta property=\"og:image:type\" content=\"image\/jpeg\" \/>\n<meta name=\"author\" content=\"libna\" \/>\n<meta name=\"twitter:card\" content=\"summary_large_image\" \/>\n<meta name=\"twitter:label1\" content=\"Escrito por\" \/>\n\t<meta name=\"twitter:data1\" content=\"libna\" \/>\n\t<meta name=\"twitter:label2\" content=\"Tiempo de lectura\" \/>\n\t<meta name=\"twitter:data2\" content=\"4 minutos\" \/>\n<script type=\"application\/ld+json\" class=\"yoast-schema-graph\">{\"@context\":\"https:\\\/\\\/schema.org\",\"@graph\":[{\"@type\":\"Article\",\"@id\":\"https:\\\/\\\/interamerica.org\\\/es\\\/2023\\\/04\\\/evangelizadores-internacionales-invitados-a-unirse-a-la-iniciativa-cristo-para-europa\\\/#article\",\"isPartOf\":{\"@id\":\"https:\\\/\\\/interamerica.org\\\/es\\\/2023\\\/04\\\/evangelizadores-internacionales-invitados-a-unirse-a-la-iniciativa-cristo-para-europa\\\/\"},\"author\":{\"name\":\"libna\",\"@id\":\"https:\\\/\\\/interamerica.org\\\/es\\\/#\\\/schema\\\/person\\\/29998f2bc2d8bd0d38662909289b54f1\"},\"headline\":\"Evangelizadores internacionales invitados a unirse a la iniciativa Cristo para Europa\",\"datePublished\":\"2023-04-17T21:04:09+00:00\",\"dateModified\":\"2023-04-18T14:22:03+00:00\",\"mainEntityOfPage\":{\"@id\":\"https:\\\/\\\/interamerica.org\\\/es\\\/2023\\\/04\\\/evangelizadores-internacionales-invitados-a-unirse-a-la-iniciativa-cristo-para-europa\\\/\"},\"wordCount\":743,\"image\":{\"@id\":\"https:\\\/\\\/interamerica.org\\\/es\\\/2023\\\/04\\\/evangelizadores-internacionales-invitados-a-unirse-a-la-iniciativa-cristo-para-europa\\\/#primaryimage\"},\"thumbnailUrl\":\"https:\\\/\\\/interamerica.org\\\/wp-content\\\/uploads\\\/2023\\\/04\\\/ame-100117697-20230411-spring-meeting-etm-08-mpr-scaled-1.jpeg\",\"articleSection\":[\"Desde la iglesia mundial\",\"RSS Espa\u00f1ol\"],\"inLanguage\":\"es\"},{\"@type\":\"WebPage\",\"@id\":\"https:\\\/\\\/interamerica.org\\\/es\\\/2023\\\/04\\\/evangelizadores-internacionales-invitados-a-unirse-a-la-iniciativa-cristo-para-europa\\\/\",\"url\":\"https:\\\/\\\/interamerica.org\\\/es\\\/2023\\\/04\\\/evangelizadores-internacionales-invitados-a-unirse-a-la-iniciativa-cristo-para-europa\\\/\",\"name\":\"Evangelizadores internacionales invitados a unirse a la iniciativa Cristo para Europa - Iglesia Adventista del S\u00e9ptimo D\u00eda - Divisi\u00f3n Interamericana\",\"isPartOf\":{\"@id\":\"https:\\\/\\\/interamerica.org\\\/es\\\/#website\"},\"primaryImageOfPage\":{\"@id\":\"https:\\\/\\\/interamerica.org\\\/es\\\/2023\\\/04\\\/evangelizadores-internacionales-invitados-a-unirse-a-la-iniciativa-cristo-para-europa\\\/#primaryimage\"},\"image\":{\"@id\":\"https:\\\/\\\/interamerica.org\\\/es\\\/2023\\\/04\\\/evangelizadores-internacionales-invitados-a-unirse-a-la-iniciativa-cristo-para-europa\\\/#primaryimage\"},\"thumbnailUrl\":\"https:\\\/\\\/interamerica.org\\\/wp-content\\\/uploads\\\/2023\\\/04\\\/ame-100117697-20230411-spring-meeting-etm-08-mpr-scaled-1.jpeg\",\"datePublished\":\"2023-04-17T21:04:09+00:00\",\"dateModified\":\"2023-04-18T14:22:03+00:00\",\"author\":{\"@id\":\"https:\\\/\\\/interamerica.org\\\/es\\\/#\\\/schema\\\/person\\\/29998f2bc2d8bd0d38662909289b54f1\"},\"breadcrumb\":{\"@id\":\"https:\\\/\\\/interamerica.org\\\/es\\\/2023\\\/04\\\/evangelizadores-internacionales-invitados-a-unirse-a-la-iniciativa-cristo-para-europa\\\/#breadcrumb\"},\"inLanguage\":\"es\",\"potentialAction\":[{\"@type\":\"ReadAction\",\"target\":[\"https:\\\/\\\/interamerica.org\\\/es\\\/2023\\\/04\\\/evangelizadores-internacionales-invitados-a-unirse-a-la-iniciativa-cristo-para-europa\\\/\"]}]},{\"@type\":\"ImageObject\",\"inLanguage\":\"es\",\"@id\":\"https:\\\/\\\/interamerica.org\\\/es\\\/2023\\\/04\\\/evangelizadores-internacionales-invitados-a-unirse-a-la-iniciativa-cristo-para-europa\\\/#primaryimage\",\"url\":\"https:\\\/\\\/interamerica.org\\\/wp-content\\\/uploads\\\/2023\\\/04\\\/ame-100117697-20230411-spring-meeting-etm-08-mpr-scaled-1.jpeg\",\"contentUrl\":\"https:\\\/\\\/interamerica.org\\\/wp-content\\\/uploads\\\/2023\\\/04\\\/ame-100117697-20230411-spring-meeting-etm-08-mpr-scaled-1.jpeg\",\"width\":2560,\"height\":1441,\"caption\":\"Duane McKey, Adventist World Radio president, presents during the 2023 Spring Meeting on April 11, 2023 at the General Conference, Silver Spring, Maryland, USA.\"},{\"@type\":\"BreadcrumbList\",\"@id\":\"https:\\\/\\\/interamerica.org\\\/es\\\/2023\\\/04\\\/evangelizadores-internacionales-invitados-a-unirse-a-la-iniciativa-cristo-para-europa\\\/#breadcrumb\",\"itemListElement\":[{\"@type\":\"ListItem\",\"position\":1,\"name\":\"Home\",\"item\":\"https:\\\/\\\/interamerica.org\\\/es\\\/\"},{\"@type\":\"ListItem\",\"position\":2,\"name\":\"Evangelizadores internacionales invitados a unirse a la iniciativa Cristo para Europa\"}]},{\"@type\":\"WebSite\",\"@id\":\"https:\\\/\\\/interamerica.org\\\/es\\\/#website\",\"url\":\"https:\\\/\\\/interamerica.org\\\/es\\\/\",\"name\":\"Iglesia Adventista del S\u00e9ptimo D\u00eda - Divisi\u00f3n Interamericana\",\"description\":\"\",\"potentialAction\":[{\"@type\":\"SearchAction\",\"target\":{\"@type\":\"EntryPoint\",\"urlTemplate\":\"https:\\\/\\\/interamerica.org\\\/es\\\/?s={search_term_string}\"},\"query-input\":{\"@type\":\"PropertyValueSpecification\",\"valueRequired\":true,\"valueName\":\"search_term_string\"}}],\"inLanguage\":\"es\"},{\"@type\":\"Person\",\"@id\":\"https:\\\/\\\/interamerica.org\\\/es\\\/#\\\/schema\\\/person\\\/29998f2bc2d8bd0d38662909289b54f1\",\"name\":\"libna\",\"image\":{\"@type\":\"ImageObject\",\"inLanguage\":\"es\",\"@id\":\"https:\\\/\\\/secure.gravatar.com\\\/avatar\\\/7c5bd30ae4b47a9ba3c856590957fd1d96dc588bf3ac05719d247e126840331f?s=96&d=mm&r=g\",\"url\":\"https:\\\/\\\/secure.gravatar.com\\\/avatar\\\/7c5bd30ae4b47a9ba3c856590957fd1d96dc588bf3ac05719d247e126840331f?s=96&d=mm&r=g\",\"contentUrl\":\"https:\\\/\\\/secure.gravatar.com\\\/avatar\\\/7c5bd30ae4b47a9ba3c856590957fd1d96dc588bf3ac05719d247e126840331f?s=96&d=mm&r=g\",\"caption\":\"libna\"}}]}<\/script>\n<!-- \/ Yoast SEO plugin. -->","yoast_head_json":{"title":"Evangelizadores internacionales invitados a unirse a la iniciativa Cristo para Europa - Iglesia Adventista del S\u00e9ptimo D\u00eda - Divisi\u00f3n Interamericana","robots":{"index":"index","follow":"follow","max-snippet":"max-snippet:-1","max-image-preview":"max-image-preview:large","max-video-preview":"max-video-preview:-1"},"canonical":"https:\/\/interamerica.org\/es\/2023\/04\/evangelizadores-internacionales-invitados-a-unirse-a-la-iniciativa-cristo-para-europa\/","og_locale":"es_ES","og_type":"article","og_title":"Evangelizadores internacionales invitados a unirse a la iniciativa Cristo para Europa - Iglesia Adventista del S\u00e9ptimo D\u00eda - Divisi\u00f3n Interamericana","og_description":"El presidente de RMA, Duane McKey, \u00a0hace un llamamiento a m\u00e1s predicadores voluntarios. Rachel Ashworth, ANN y Adventist Review El presidente de la Asociaci\u00f3n General, Ted N. C. Wilson, quien...","og_url":"https:\/\/interamerica.org\/es\/2023\/04\/evangelizadores-internacionales-invitados-a-unirse-a-la-iniciativa-cristo-para-europa\/","og_site_name":"Iglesia Adventista del S\u00e9ptimo D\u00eda - Divisi\u00f3n Interamericana","article_published_time":"2023-04-17T21:04:09+00:00","article_modified_time":"2023-04-18T14:22:03+00:00","og_image":[{"width":2560,"height":1441,"url":"https:\/\/interamerica.org\/wp-content\/uploads\/2023\/04\/ame-100117697-20230411-spring-meeting-etm-08-mpr-scaled-1.jpeg","type":"image\/jpeg"}],"author":"libna","twitter_card":"summary_large_image","twitter_misc":{"Escrito por":"libna","Tiempo de lectura":"4 minutos"},"schema":{"@context":"https:\/\/schema.org","@graph":[{"@type":"Article","@id":"https:\/\/interamerica.org\/es\/2023\/04\/evangelizadores-internacionales-invitados-a-unirse-a-la-iniciativa-cristo-para-europa\/#article","isPartOf":{"@id":"https:\/\/interamerica.org\/es\/2023\/04\/evangelizadores-internacionales-invitados-a-unirse-a-la-iniciativa-cristo-para-europa\/"},"author":{"name":"libna","@id":"https:\/\/interamerica.org\/es\/#\/schema\/person\/29998f2bc2d8bd0d38662909289b54f1"},"headline":"Evangelizadores internacionales invitados a unirse a la iniciativa Cristo para Europa","datePublished":"2023-04-17T21:04:09+00:00","dateModified":"2023-04-18T14:22:03+00:00","mainEntityOfPage":{"@id":"https:\/\/interamerica.org\/es\/2023\/04\/evangelizadores-internacionales-invitados-a-unirse-a-la-iniciativa-cristo-para-europa\/"},"wordCount":743,"image":{"@id":"https:\/\/interamerica.org\/es\/2023\/04\/evangelizadores-internacionales-invitados-a-unirse-a-la-iniciativa-cristo-para-europa\/#primaryimage"},"thumbnailUrl":"https:\/\/interamerica.org\/wp-content\/uploads\/2023\/04\/ame-100117697-20230411-spring-meeting-etm-08-mpr-scaled-1.jpeg","articleSection":["Desde la iglesia mundial","RSS Espa\u00f1ol"],"inLanguage":"es"},{"@type":"WebPage","@id":"https:\/\/interamerica.org\/es\/2023\/04\/evangelizadores-internacionales-invitados-a-unirse-a-la-iniciativa-cristo-para-europa\/","url":"https:\/\/interamerica.org\/es\/2023\/04\/evangelizadores-internacionales-invitados-a-unirse-a-la-iniciativa-cristo-para-europa\/","name":"Evangelizadores internacionales invitados a unirse a la iniciativa Cristo para Europa - Iglesia Adventista del S\u00e9ptimo D\u00eda - Divisi\u00f3n Interamericana","isPartOf":{"@id":"https:\/\/interamerica.org\/es\/#website"},"primaryImageOfPage":{"@id":"https:\/\/interamerica.org\/es\/2023\/04\/evangelizadores-internacionales-invitados-a-unirse-a-la-iniciativa-cristo-para-europa\/#primaryimage"},"image":{"@id":"https:\/\/interamerica.org\/es\/2023\/04\/evangelizadores-internacionales-invitados-a-unirse-a-la-iniciativa-cristo-para-europa\/#primaryimage"},"thumbnailUrl":"https:\/\/interamerica.org\/wp-content\/uploads\/2023\/04\/ame-100117697-20230411-spring-meeting-etm-08-mpr-scaled-1.jpeg","datePublished":"2023-04-17T21:04:09+00:00","dateModified":"2023-04-18T14:22:03+00:00","author":{"@id":"https:\/\/interamerica.org\/es\/#\/schema\/person\/29998f2bc2d8bd0d38662909289b54f1"},"breadcrumb":{"@id":"https:\/\/interamerica.org\/es\/2023\/04\/evangelizadores-internacionales-invitados-a-unirse-a-la-iniciativa-cristo-para-europa\/#breadcrumb"},"inLanguage":"es","potentialAction":[{"@type":"ReadAction","target":["https:\/\/interamerica.org\/es\/2023\/04\/evangelizadores-internacionales-invitados-a-unirse-a-la-iniciativa-cristo-para-europa\/"]}]},{"@type":"ImageObject","inLanguage":"es","@id":"https:\/\/interamerica.org\/es\/2023\/04\/evangelizadores-internacionales-invitados-a-unirse-a-la-iniciativa-cristo-para-europa\/#primaryimage","url":"https:\/\/interamerica.org\/wp-content\/uploads\/2023\/04\/ame-100117697-20230411-spring-meeting-etm-08-mpr-scaled-1.jpeg","contentUrl":"https:\/\/interamerica.org\/wp-content\/uploads\/2023\/04\/ame-100117697-20230411-spring-meeting-etm-08-mpr-scaled-1.jpeg","width":2560,"height":1441,"caption":"Duane McKey, Adventist World Radio president, presents during the 2023 Spring Meeting on April 11, 2023 at the General Conference, Silver Spring, Maryland, USA."},{"@type":"BreadcrumbList","@id":"https:\/\/interamerica.org\/es\/2023\/04\/evangelizadores-internacionales-invitados-a-unirse-a-la-iniciativa-cristo-para-europa\/#breadcrumb","itemListElement":[{"@type":"ListItem","position":1,"name":"Home","item":"https:\/\/interamerica.org\/es\/"},{"@type":"ListItem","position":2,"name":"Evangelizadores internacionales invitados a unirse a la iniciativa Cristo para Europa"}]},{"@type":"WebSite","@id":"https:\/\/interamerica.org\/es\/#website","url":"https:\/\/interamerica.org\/es\/","name":"Iglesia Adventista del S\u00e9ptimo D\u00eda - Divisi\u00f3n Interamericana","description":"","potentialAction":[{"@type":"SearchAction","target":{"@type":"EntryPoint","urlTemplate":"https:\/\/interamerica.org\/es\/?s={search_term_string}"},"query-input":{"@type":"PropertyValueSpecification","valueRequired":true,"valueName":"search_term_string"}}],"inLanguage":"es"},{"@type":"Person","@id":"https:\/\/interamerica.org\/es\/#\/schema\/person\/29998f2bc2d8bd0d38662909289b54f1","name":"libna","image":{"@type":"ImageObject","inLanguage":"es","@id":"https:\/\/secure.gravatar.com\/avatar\/7c5bd30ae4b47a9ba3c856590957fd1d96dc588bf3ac05719d247e126840331f?s=96&d=mm&r=g","url":"https:\/\/secure.gravatar.com\/avatar\/7c5bd30ae4b47a9ba3c856590957fd1d96dc588bf3ac05719d247e126840331f?s=96&d=mm&r=g","contentUrl":"https:\/\/secure.gravatar.com\/avatar\/7c5bd30ae4b47a9ba3c856590957fd1d96dc588bf3ac05719d247e126840331f?s=96&d=mm&r=g","caption":"libna"}}]}},"_links":{"self":[{"href":"https:\/\/interamerica.org\/es\/wp-json\/wp\/v2\/posts\/97722","targetHints":{"allow":["GET"]}}],"collection":[{"href":"https:\/\/interamerica.org\/es\/wp-json\/wp\/v2\/posts"}],"about":[{"href":"https:\/\/interamerica.org\/es\/wp-json\/wp\/v2\/types\/post"}],"author":[{"embeddable":true,"href":"https:\/\/interamerica.org\/es\/wp-json\/wp\/v2\/users\/3"}],"replies":[{"embeddable":true,"href":"https:\/\/interamerica.org\/es\/wp-json\/wp\/v2\/comments?post=97722"}],"version-history":[{"count":0,"href":"https:\/\/interamerica.org\/es\/wp-json\/wp\/v2\/posts\/97722\/revisions"}],"wp:featuredmedia":[{"embeddable":true,"href":"https:\/\/interamerica.org\/es\/wp-json\/wp\/v2\/media\/97716"}],"wp:attachment":[{"href":"https:\/\/interamerica.org\/es\/wp-json\/wp\/v2\/media?parent=97722"}],"wp:term":[{"taxonomy":"category","embeddable":true,"href":"https:\/\/interamerica.org\/es\/wp-json\/wp\/v2\/categories?post=97722"},{"taxonomy":"post_tag","embeddable":true,"href":"https:\/\/interamerica.org\/es\/wp-json\/wp\/v2\/tags?post=97722"}],"curies":[{"name":"wp","href":"https:\/\/api.w.org\/{rel}","templated":true}]}}