{"id":98044,"date":"2023-04-24T11:31:09","date_gmt":"2023-04-24T15:31:09","guid":{"rendered":"https:\/\/interamerica.org\/?p=98044"},"modified":"2023-04-26T17:36:26","modified_gmt":"2023-04-26T21:36:26","slug":"corte-suprema-de-estados-unidos-escucha-argumento-sobre-arreglos-por-motivos-religiosos","status":"publish","type":"post","link":"https:\/\/interamerica.org\/es\/2023\/04\/corte-suprema-de-estados-unidos-escucha-argumento-sobre-arreglos-por-motivos-religiosos\/","title":{"rendered":"Corte Suprema de Estados Unidos escucha argumento sobre arreglos por motivos religiosos"},"content":{"rendered":"<h4>El fallo podr\u00eda tener implicaciones para la libertad religiosa en el lugar de trabajo, concuerdan los expertos.<\/h4>\n<p>24 de abril de 2023 | Silver Spring, Maryland, Estados Unidos | Marcos Paseggi, Adventist Review<\/p>\n<p>El 18 de abril, la Corte Suprema de los Estados Unidos llev\u00f3 a cabo una audiencia cuyo fallo final, concuerdan los expertos y defensores de la libertad religiosa, podr\u00eda tener implicaciones de largo plazo sobre los arreglos por motivos religiosos en el lugar de trabajo.<\/p>\n<p>La Corte Suprema llev\u00f3 a cabo una audiencia oral en el caso Groff vs. DeJoy. Gerald Groff era un empleado del servicio postal rural en Pennsylvania que solicit\u00f3 no trabajar los domingos, su d\u00eda religioso de descanso. Aunque al comienzo se le hizo lugar a su pedido, m\u00e1s tarde se le dijo que tendr\u00eda que comenzar a trabajar los domingos. Groff finalmente decidi\u00f3 renunciar a su trabajo y hacer juicio por su derecho a un d\u00eda religioso de descanso.<\/p>\n<p>Los expertos y defensores adventistas de libertad religiosa explicaron que este no es \u201cun caso adventista\u201d, pero que es uno que, sin embargo, podr\u00eda tener implicaciones para todas las minor\u00edas religiosas, incluidos los adventistas del s\u00e9ptimo d\u00eda. En efecto, varios grupos, incluidos los musulmanes, los hind\u00faes, los jud\u00edos ortodoxos y los adventistas del s\u00e9ptimo d\u00eda presentaron lo que se denomina amicus curiae, una declaraci\u00f3n que expresa apoyo al juicio de Groff.<\/p>\n<p><div id=\"attachment_98033\" style=\"width: 1170px\" class=\"wp-caption aligncenter\"><img fetchpriority=\"high\" decoding=\"async\" aria-describedby=\"caption-attachment-98033\" class=\" wp-image-98031\" src=\"https:\/\/interamerica.org\/wp-content\/uploads\/2023\/04\/supremecourt1-1024x512.png\" alt=\"\" width=\"1160\" height=\"580\" srcset=\"https:\/\/interamerica.org\/wp-content\/uploads\/2023\/04\/supremecourt1-1024x512.png 1024w, https:\/\/interamerica.org\/wp-content\/uploads\/2023\/04\/supremecourt1-300x150.png 300w, https:\/\/interamerica.org\/wp-content\/uploads\/2023\/04\/supremecourt1-768x384.png 768w, https:\/\/interamerica.org\/wp-content\/uploads\/2023\/04\/supremecourt1.png 1500w\" sizes=\"(max-width: 1160px) 100vw, 1160px\" \/><p id=\"caption-attachment-98033\" class=\"wp-caption-text\">El abogado Aaron Street, de la organizaci\u00f3n First Liberty, quien present\u00f3 el caso ante la Corte Suprema, es entrevistado junto con otros miembros del equipo de Groff despu\u00e9s de la audiencia. Alan Reinach, director de Asuntos P\u00fablicos y Libertad Religiosa de la Uni\u00f3n Asociaci\u00f3n del Pac\u00edfico de los Adventistas del S\u00e9ptimo D\u00eda, quien primero llev\u00f3 el caso de Groff a juicio, se encuentra en la izquierda del grupo. [Fotograf\u00eda: Todd McFarland]<\/p><\/div>El T\u00edtulo VII de la Ley de Derechos Civiles de 1964 proh\u00edbe la discriminaci\u00f3n religiosa en el lugar de trabajo, y requiere que los empleados \u201cefect\u00faen arreglos razonables\u201d de la observancia religiosa de un empleado a menos que esos arreglos impongan una \u201cdificultad excesiva\u201d sobre la empresa. Desde el caso Trans World Airlines vs. Hardison en 1977, que estableci\u00f3 una exigencia m\u00ednima para los empleadores, la Corte Suprema ha interpretado el T\u00edtulo VII seg\u00fan ese caso a la hora de establecer l\u00edmites a los arreglos que se requer\u00eda que los empleados lleven a cabo en beneficio de los empleados cuyas posturas religiosas limitan su labor en su d\u00eda de adoraci\u00f3n. Este enfoque ha hecho que muchos empleados tengan que escoger entre su d\u00eda de adoraci\u00f3n y su empleo.<\/p>\n<p>Todd McFarland, asesor legal asociado de la Asociaci\u00f3n General de los Adventistas del S\u00e9ptimo D\u00eda, dijo que \u201cel [caso] Groff representa la mejor oportunidad de deshacer los da\u00f1os efectuados hace 46 a\u00f1os por la Corte Suprema, cuando interpret\u00f3 la ley de manera contraria a lo que intent\u00f3 el Congreso. Si la Corte corrigiera su error de 1977, eso marcar\u00e1 una victoria significativa para todas las personas de fe en el lugar de trabajo\u201d.<\/p>\n<p><strong>La audiencia del 18 de abril<\/strong><\/p>\n<p>La audiencia del 18 de abril incluy\u00f3 preguntas de los jueces a los abogados de ambas partes, mientras los nueve magistrados analizaban si corresponde expandir los derechos de los empleados que buscan arreglos por motivos religiosos. Durante todo el proceso, Groff ha sido representado por el Instituto First Liberty, Baker Botts LLP, el Consejo Iglesia y Estado, y el Centro de Derecho Independence.<\/p>\n<p>Seg\u00fan un comunicado del Consejo Iglesia y Estado, el abogado Aaron Streett, de Baker Botts, que present\u00f3 los argumentos ante los jueces en nombre de Groff, explic\u00f3 que \u201clas cortes han interpretado el T\u00edtulo VII de manera tan restrictiva que los empleadores no necesitan otorgar siquiera el m\u00e1s simple de los arreglos a los observadores religiosos, de manera que les permita seguir su fe\u201d.<\/p>\n<p><div id=\"attachment_98036\" style=\"width: 523px\" class=\"wp-caption aligncenter\"><img decoding=\"async\" aria-describedby=\"caption-attachment-98036\" class=\" wp-image-98034\" src=\"https:\/\/interamerica.org\/wp-content\/uploads\/2023\/04\/todd-mcfarland-portrait-1194x1536-1-796x1024.jpeg\" alt=\"\" width=\"513\" height=\"660\" srcset=\"https:\/\/interamerica.org\/wp-content\/uploads\/2023\/04\/todd-mcfarland-portrait-1194x1536-1-796x1024.jpeg 796w, https:\/\/interamerica.org\/wp-content\/uploads\/2023\/04\/todd-mcfarland-portrait-1194x1536-1-233x300.jpeg 233w, https:\/\/interamerica.org\/wp-content\/uploads\/2023\/04\/todd-mcfarland-portrait-1194x1536-1-768x988.jpeg 768w, https:\/\/interamerica.org\/wp-content\/uploads\/2023\/04\/todd-mcfarland-portrait-1194x1536-1.jpeg 1194w\" sizes=\"(max-width: 513px) 100vw, 513px\" \/><p id=\"caption-attachment-98036\" class=\"wp-caption-text\">Todd McFarland, asesor legal asociado de la Asociaci\u00f3n General de los Adventistas del S\u00e9ptimo D\u00eda, trabaj\u00f3 estrechamente con los equipos legales involucrados en Groff vs. DeJoy, y se encarg\u00f3 de gestionar la preparaci\u00f3n de la declaraci\u00f3n amicus presentada por la Asociaci\u00f3n General de los Adventistas del S\u00e9ptimo D\u00eda en apoyo del demandante Gerald Groff. [Fotograf\u00eda: cortes\u00eda de Todd McFarland]<\/p><\/div>Alan Reinach, del Concilio Iglesia y Estado, dijo que la interpretaci\u00f3n restrictiva de las cortes \u201cha puesto en desventaja a aquellos que adhieren a ciertas tradiciones religiosas\u201d. Y a\u00f1adi\u00f3: \u201cAsegurarse de que todos sean tratados con justicia afirma el compromiso hist\u00f3rico de nuestra naci\u00f3n con la diversidad religiosa, aun en el trabajo\u201d.<\/p>\n<p>Para Streett, \u201clos jueces [ahora] tienen la oportunidad en este caso de restaurar la libertad religiosa en el lugar de trabajo. Un pa\u00eds que valora el pluralismo religioso deber\u00eda respetar los derechos de libertad religiosa de cada empleado\u201d.<\/p>\n<p>Kelly Shackelford, presidenta, gerenta general y principal asesora legal del Instituto First Liberty, concord\u00f3 con \u00e9l.<\/p>\n<p>\u201cNing\u00fan estadounidense deber\u00eda verse forzado a escoger entre su fe y el trabajo que ama\u201d, dijo, seg\u00fan el Concilio Iglesia y Estado. \u201cNuestra naci\u00f3n posee una larga historia de proteger a sus empleados de ser tratados de manera diferente en el trabajo por resultado de su fe. Esperamos que la Corte restaure la libertad religiosa en el lugar de trabajo\u201d.<\/p>\n<p>El Concilio Iglesia y Estado tambi\u00e9n cit\u00f3 a Randall Wenger, Centro de Derecho Independence, quien expres\u00f3: \u201cJam\u00e1s deber\u00edamos pedir a los estadounidenses que sacrifiquen su fe para conservar el empleo. Todos se benefician al tratar a los empleados religiosos con respeto\u201d.<\/p>\n<p>Groff mismo enfatiz\u00f3 que cree que \u201cning\u00fan empleado deber\u00eda tener que escoger entre su fe y su carrera como fue mi caso\u201d. Dijo que se siente agradecido de que su caso haya sido escuchado por la Corte Suprema de los Estados Unidos, una oportunidad que muy pocos en su situaci\u00f3n han tenido alguna vez. \u201cEspero que este caso resulte en una decisi\u00f3n que permita que otros sean capaces de conservar sus convicciones sin vivir con temor de perder el trabajo como resultado de sus creencias\u201d, expres\u00f3.<\/p>\n<p>El Instituto First Liberty es la organizaci\u00f3n legal m\u00e1s grande del pa\u00eds que se dedica exclusivamente a defender la libertad religiosa de todos los estadounidenses. El Concilio Iglesia y Estado, una entidad adventista, es la organizaci\u00f3n de pol\u00edticas p\u00fablicas m\u00e1s antiguas en el oeste de los Estados Unidos que se dedica a la libertad religiosa y a la separaci\u00f3n de la Iglesia y el Estado. El Centro de Derecho Independence es una organizaci\u00f3n legal sin fines de lucro y bufete de abogados de derechos civiles que se especializa en temas relacionados con la Primera Enmienda.<\/p>\n<p>Seg\u00fan el diario The Washington Post, la audiencia revel\u00f3 los esfuerzos de los magistrados por \u201challar el equilibrio entre los derechos religiosos en el lugar de trabajo y la carga que podr\u00edan imponer en los empleadores y colegas\u201d. Los expertos concuerdan en que el resultado es dif\u00edcil de predecir. Se espera un fallo para fines de junio de 2023.<\/p>\n<p>Traducci\u00f3n de Marcos Paseggi<\/p>\n","protected":false},"excerpt":{"rendered":"<p>El fallo podr\u00eda tener implicaciones para la libertad religiosa en el lugar de trabajo, concuerdan los expertos. 24 de abril de 2023 | Silver Spring, Maryland, Estados Unidos | Marcos&#8230;<\/p>\n","protected":false},"author":3,"featured_media":98033,"comment_status":"closed","ping_status":"closed","sticky":false,"template":"","format":"standard","meta":{"_acf_changed":false,"footnotes":""},"categories":[14,15],"tags":[],"class_list":["post-98044","post","type-post","status-publish","format-standard","has-post-thumbnail","hentry","category-de-la-iglesia-mundial","category-rss-espanol"],"acf":[],"yoast_head":"<!-- This site is optimized with the Yoast SEO plugin v27.3 - https:\/\/yoast.com\/product\/yoast-seo-wordpress\/ -->\n<title>Corte Suprema de Estados Unidos escucha argumento sobre arreglos por motivos religiosos - Iglesia Adventista del S\u00e9ptimo D\u00eda - Divisi\u00f3n Interamericana<\/title>\n<meta name=\"robots\" content=\"index, follow, max-snippet:-1, max-image-preview:large, max-video-preview:-1\" \/>\n<link rel=\"canonical\" href=\"https:\/\/interamerica.org\/es\/2023\/04\/corte-suprema-de-estados-unidos-escucha-argumento-sobre-arreglos-por-motivos-religiosos\/\" \/>\n<meta property=\"og:locale\" content=\"es_ES\" \/>\n<meta property=\"og:type\" content=\"article\" \/>\n<meta property=\"og:title\" content=\"Corte Suprema de Estados Unidos escucha argumento sobre arreglos por motivos religiosos - Iglesia Adventista del S\u00e9ptimo D\u00eda - Divisi\u00f3n Interamericana\" \/>\n<meta property=\"og:description\" content=\"El fallo podr\u00eda tener implicaciones para la libertad religiosa en el lugar de trabajo, concuerdan los expertos. 24 de abril de 2023 | Silver Spring, Maryland, Estados Unidos | Marcos...\" \/>\n<meta property=\"og:url\" content=\"https:\/\/interamerica.org\/es\/2023\/04\/corte-suprema-de-estados-unidos-escucha-argumento-sobre-arreglos-por-motivos-religiosos\/\" \/>\n<meta property=\"og:site_name\" content=\"Iglesia Adventista del S\u00e9ptimo D\u00eda - Divisi\u00f3n Interamericana\" \/>\n<meta property=\"article:published_time\" content=\"2023-04-24T15:31:09+00:00\" \/>\n<meta property=\"article:modified_time\" content=\"2023-04-26T21:36:26+00:00\" \/>\n<meta property=\"og:image\" content=\"https:\/\/interamerica.org\/wp-content\/uploads\/2023\/04\/supremecourt1.png\" \/>\n\t<meta property=\"og:image:width\" content=\"1500\" \/>\n\t<meta property=\"og:image:height\" content=\"750\" \/>\n\t<meta property=\"og:image:type\" content=\"image\/png\" \/>\n<meta name=\"author\" content=\"libna\" \/>\n<meta name=\"twitter:card\" content=\"summary_large_image\" \/>\n<meta name=\"twitter:label1\" content=\"Escrito por\" \/>\n\t<meta name=\"twitter:data1\" content=\"libna\" \/>\n\t<meta name=\"twitter:label2\" content=\"Tiempo de lectura\" \/>\n\t<meta name=\"twitter:data2\" content=\"6 minutos\" \/>\n<script type=\"application\/ld+json\" class=\"yoast-schema-graph\">{\"@context\":\"https:\\\/\\\/schema.org\",\"@graph\":[{\"@type\":\"Article\",\"@id\":\"https:\\\/\\\/interamerica.org\\\/es\\\/2023\\\/04\\\/corte-suprema-de-estados-unidos-escucha-argumento-sobre-arreglos-por-motivos-religiosos\\\/#article\",\"isPartOf\":{\"@id\":\"https:\\\/\\\/interamerica.org\\\/es\\\/2023\\\/04\\\/corte-suprema-de-estados-unidos-escucha-argumento-sobre-arreglos-por-motivos-religiosos\\\/\"},\"author\":{\"name\":\"libna\",\"@id\":\"https:\\\/\\\/interamerica.org\\\/es\\\/#\\\/schema\\\/person\\\/29998f2bc2d8bd0d38662909289b54f1\"},\"headline\":\"Corte Suprema de Estados Unidos escucha argumento sobre arreglos por motivos religiosos\",\"datePublished\":\"2023-04-24T15:31:09+00:00\",\"dateModified\":\"2023-04-26T21:36:26+00:00\",\"mainEntityOfPage\":{\"@id\":\"https:\\\/\\\/interamerica.org\\\/es\\\/2023\\\/04\\\/corte-suprema-de-estados-unidos-escucha-argumento-sobre-arreglos-por-motivos-religiosos\\\/\"},\"wordCount\":1242,\"image\":{\"@id\":\"https:\\\/\\\/interamerica.org\\\/es\\\/2023\\\/04\\\/corte-suprema-de-estados-unidos-escucha-argumento-sobre-arreglos-por-motivos-religiosos\\\/#primaryimage\"},\"thumbnailUrl\":\"https:\\\/\\\/interamerica.org\\\/wp-content\\\/uploads\\\/2023\\\/04\\\/supremecourt1.png\",\"articleSection\":[\"Desde la iglesia mundial\",\"RSS Espa\u00f1ol\"],\"inLanguage\":\"es\"},{\"@type\":\"WebPage\",\"@id\":\"https:\\\/\\\/interamerica.org\\\/es\\\/2023\\\/04\\\/corte-suprema-de-estados-unidos-escucha-argumento-sobre-arreglos-por-motivos-religiosos\\\/\",\"url\":\"https:\\\/\\\/interamerica.org\\\/es\\\/2023\\\/04\\\/corte-suprema-de-estados-unidos-escucha-argumento-sobre-arreglos-por-motivos-religiosos\\\/\",\"name\":\"Corte Suprema de Estados Unidos escucha argumento sobre arreglos por motivos religiosos - Iglesia Adventista del S\u00e9ptimo D\u00eda - Divisi\u00f3n Interamericana\",\"isPartOf\":{\"@id\":\"https:\\\/\\\/interamerica.org\\\/es\\\/#website\"},\"primaryImageOfPage\":{\"@id\":\"https:\\\/\\\/interamerica.org\\\/es\\\/2023\\\/04\\\/corte-suprema-de-estados-unidos-escucha-argumento-sobre-arreglos-por-motivos-religiosos\\\/#primaryimage\"},\"image\":{\"@id\":\"https:\\\/\\\/interamerica.org\\\/es\\\/2023\\\/04\\\/corte-suprema-de-estados-unidos-escucha-argumento-sobre-arreglos-por-motivos-religiosos\\\/#primaryimage\"},\"thumbnailUrl\":\"https:\\\/\\\/interamerica.org\\\/wp-content\\\/uploads\\\/2023\\\/04\\\/supremecourt1.png\",\"datePublished\":\"2023-04-24T15:31:09+00:00\",\"dateModified\":\"2023-04-26T21:36:26+00:00\",\"author\":{\"@id\":\"https:\\\/\\\/interamerica.org\\\/es\\\/#\\\/schema\\\/person\\\/29998f2bc2d8bd0d38662909289b54f1\"},\"breadcrumb\":{\"@id\":\"https:\\\/\\\/interamerica.org\\\/es\\\/2023\\\/04\\\/corte-suprema-de-estados-unidos-escucha-argumento-sobre-arreglos-por-motivos-religiosos\\\/#breadcrumb\"},\"inLanguage\":\"es\",\"potentialAction\":[{\"@type\":\"ReadAction\",\"target\":[\"https:\\\/\\\/interamerica.org\\\/es\\\/2023\\\/04\\\/corte-suprema-de-estados-unidos-escucha-argumento-sobre-arreglos-por-motivos-religiosos\\\/\"]}]},{\"@type\":\"ImageObject\",\"inLanguage\":\"es\",\"@id\":\"https:\\\/\\\/interamerica.org\\\/es\\\/2023\\\/04\\\/corte-suprema-de-estados-unidos-escucha-argumento-sobre-arreglos-por-motivos-religiosos\\\/#primaryimage\",\"url\":\"https:\\\/\\\/interamerica.org\\\/wp-content\\\/uploads\\\/2023\\\/04\\\/supremecourt1.png\",\"contentUrl\":\"https:\\\/\\\/interamerica.org\\\/wp-content\\\/uploads\\\/2023\\\/04\\\/supremecourt1.png\",\"width\":1500,\"height\":750,\"caption\":\"Attorney Aaron Street of First Liberty, who argued the case before the Supreme Court, is interviewed along with other members of the Groff team following the oral argument. Alan Reinach, Public Affairs and Religious Liberty director of the Pacific Union Conference of Seventh-day Adventists, who first took the Groff case to trial, is on the left of the group. [Photo: Todd McFarland] Read more at: https:\\\/\\\/adventistreview.org\\\/news\\\/u-s-supreme-court-hears-argument-on-religious-accommodation\\\/\"},{\"@type\":\"BreadcrumbList\",\"@id\":\"https:\\\/\\\/interamerica.org\\\/es\\\/2023\\\/04\\\/corte-suprema-de-estados-unidos-escucha-argumento-sobre-arreglos-por-motivos-religiosos\\\/#breadcrumb\",\"itemListElement\":[{\"@type\":\"ListItem\",\"position\":1,\"name\":\"Home\",\"item\":\"https:\\\/\\\/interamerica.org\\\/es\\\/\"},{\"@type\":\"ListItem\",\"position\":2,\"name\":\"Corte Suprema de Estados Unidos escucha argumento sobre arreglos por motivos religiosos\"}]},{\"@type\":\"WebSite\",\"@id\":\"https:\\\/\\\/interamerica.org\\\/es\\\/#website\",\"url\":\"https:\\\/\\\/interamerica.org\\\/es\\\/\",\"name\":\"Iglesia Adventista del S\u00e9ptimo D\u00eda - Divisi\u00f3n Interamericana\",\"description\":\"\",\"potentialAction\":[{\"@type\":\"SearchAction\",\"target\":{\"@type\":\"EntryPoint\",\"urlTemplate\":\"https:\\\/\\\/interamerica.org\\\/es\\\/?s={search_term_string}\"},\"query-input\":{\"@type\":\"PropertyValueSpecification\",\"valueRequired\":true,\"valueName\":\"search_term_string\"}}],\"inLanguage\":\"es\"},{\"@type\":\"Person\",\"@id\":\"https:\\\/\\\/interamerica.org\\\/es\\\/#\\\/schema\\\/person\\\/29998f2bc2d8bd0d38662909289b54f1\",\"name\":\"libna\",\"image\":{\"@type\":\"ImageObject\",\"inLanguage\":\"es\",\"@id\":\"https:\\\/\\\/secure.gravatar.com\\\/avatar\\\/7c5bd30ae4b47a9ba3c856590957fd1d96dc588bf3ac05719d247e126840331f?s=96&d=mm&r=g\",\"url\":\"https:\\\/\\\/secure.gravatar.com\\\/avatar\\\/7c5bd30ae4b47a9ba3c856590957fd1d96dc588bf3ac05719d247e126840331f?s=96&d=mm&r=g\",\"contentUrl\":\"https:\\\/\\\/secure.gravatar.com\\\/avatar\\\/7c5bd30ae4b47a9ba3c856590957fd1d96dc588bf3ac05719d247e126840331f?s=96&d=mm&r=g\",\"caption\":\"libna\"}}]}<\/script>\n<!-- \/ Yoast SEO plugin. -->","yoast_head_json":{"title":"Corte Suprema de Estados Unidos escucha argumento sobre arreglos por motivos religiosos - Iglesia Adventista del S\u00e9ptimo D\u00eda - Divisi\u00f3n Interamericana","robots":{"index":"index","follow":"follow","max-snippet":"max-snippet:-1","max-image-preview":"max-image-preview:large","max-video-preview":"max-video-preview:-1"},"canonical":"https:\/\/interamerica.org\/es\/2023\/04\/corte-suprema-de-estados-unidos-escucha-argumento-sobre-arreglos-por-motivos-religiosos\/","og_locale":"es_ES","og_type":"article","og_title":"Corte Suprema de Estados Unidos escucha argumento sobre arreglos por motivos religiosos - Iglesia Adventista del S\u00e9ptimo D\u00eda - Divisi\u00f3n Interamericana","og_description":"El fallo podr\u00eda tener implicaciones para la libertad religiosa en el lugar de trabajo, concuerdan los expertos. 24 de abril de 2023 | Silver Spring, Maryland, Estados Unidos | Marcos...","og_url":"https:\/\/interamerica.org\/es\/2023\/04\/corte-suprema-de-estados-unidos-escucha-argumento-sobre-arreglos-por-motivos-religiosos\/","og_site_name":"Iglesia Adventista del S\u00e9ptimo D\u00eda - Divisi\u00f3n Interamericana","article_published_time":"2023-04-24T15:31:09+00:00","article_modified_time":"2023-04-26T21:36:26+00:00","og_image":[{"width":1500,"height":750,"url":"https:\/\/interamerica.org\/wp-content\/uploads\/2023\/04\/supremecourt1.png","type":"image\/png"}],"author":"libna","twitter_card":"summary_large_image","twitter_misc":{"Escrito por":"libna","Tiempo de lectura":"6 minutos"},"schema":{"@context":"https:\/\/schema.org","@graph":[{"@type":"Article","@id":"https:\/\/interamerica.org\/es\/2023\/04\/corte-suprema-de-estados-unidos-escucha-argumento-sobre-arreglos-por-motivos-religiosos\/#article","isPartOf":{"@id":"https:\/\/interamerica.org\/es\/2023\/04\/corte-suprema-de-estados-unidos-escucha-argumento-sobre-arreglos-por-motivos-religiosos\/"},"author":{"name":"libna","@id":"https:\/\/interamerica.org\/es\/#\/schema\/person\/29998f2bc2d8bd0d38662909289b54f1"},"headline":"Corte Suprema de Estados Unidos escucha argumento sobre arreglos por motivos religiosos","datePublished":"2023-04-24T15:31:09+00:00","dateModified":"2023-04-26T21:36:26+00:00","mainEntityOfPage":{"@id":"https:\/\/interamerica.org\/es\/2023\/04\/corte-suprema-de-estados-unidos-escucha-argumento-sobre-arreglos-por-motivos-religiosos\/"},"wordCount":1242,"image":{"@id":"https:\/\/interamerica.org\/es\/2023\/04\/corte-suprema-de-estados-unidos-escucha-argumento-sobre-arreglos-por-motivos-religiosos\/#primaryimage"},"thumbnailUrl":"https:\/\/interamerica.org\/wp-content\/uploads\/2023\/04\/supremecourt1.png","articleSection":["Desde la iglesia mundial","RSS Espa\u00f1ol"],"inLanguage":"es"},{"@type":"WebPage","@id":"https:\/\/interamerica.org\/es\/2023\/04\/corte-suprema-de-estados-unidos-escucha-argumento-sobre-arreglos-por-motivos-religiosos\/","url":"https:\/\/interamerica.org\/es\/2023\/04\/corte-suprema-de-estados-unidos-escucha-argumento-sobre-arreglos-por-motivos-religiosos\/","name":"Corte Suprema de Estados Unidos escucha argumento sobre arreglos por motivos religiosos - Iglesia Adventista del S\u00e9ptimo D\u00eda - Divisi\u00f3n Interamericana","isPartOf":{"@id":"https:\/\/interamerica.org\/es\/#website"},"primaryImageOfPage":{"@id":"https:\/\/interamerica.org\/es\/2023\/04\/corte-suprema-de-estados-unidos-escucha-argumento-sobre-arreglos-por-motivos-religiosos\/#primaryimage"},"image":{"@id":"https:\/\/interamerica.org\/es\/2023\/04\/corte-suprema-de-estados-unidos-escucha-argumento-sobre-arreglos-por-motivos-religiosos\/#primaryimage"},"thumbnailUrl":"https:\/\/interamerica.org\/wp-content\/uploads\/2023\/04\/supremecourt1.png","datePublished":"2023-04-24T15:31:09+00:00","dateModified":"2023-04-26T21:36:26+00:00","author":{"@id":"https:\/\/interamerica.org\/es\/#\/schema\/person\/29998f2bc2d8bd0d38662909289b54f1"},"breadcrumb":{"@id":"https:\/\/interamerica.org\/es\/2023\/04\/corte-suprema-de-estados-unidos-escucha-argumento-sobre-arreglos-por-motivos-religiosos\/#breadcrumb"},"inLanguage":"es","potentialAction":[{"@type":"ReadAction","target":["https:\/\/interamerica.org\/es\/2023\/04\/corte-suprema-de-estados-unidos-escucha-argumento-sobre-arreglos-por-motivos-religiosos\/"]}]},{"@type":"ImageObject","inLanguage":"es","@id":"https:\/\/interamerica.org\/es\/2023\/04\/corte-suprema-de-estados-unidos-escucha-argumento-sobre-arreglos-por-motivos-religiosos\/#primaryimage","url":"https:\/\/interamerica.org\/wp-content\/uploads\/2023\/04\/supremecourt1.png","contentUrl":"https:\/\/interamerica.org\/wp-content\/uploads\/2023\/04\/supremecourt1.png","width":1500,"height":750,"caption":"Attorney Aaron Street of First Liberty, who argued the case before the Supreme Court, is interviewed along with other members of the Groff team following the oral argument. Alan Reinach, Public Affairs and Religious Liberty director of the Pacific Union Conference of Seventh-day Adventists, who first took the Groff case to trial, is on the left of the group. [Photo: Todd McFarland] Read more at: https:\/\/adventistreview.org\/news\/u-s-supreme-court-hears-argument-on-religious-accommodation\/"},{"@type":"BreadcrumbList","@id":"https:\/\/interamerica.org\/es\/2023\/04\/corte-suprema-de-estados-unidos-escucha-argumento-sobre-arreglos-por-motivos-religiosos\/#breadcrumb","itemListElement":[{"@type":"ListItem","position":1,"name":"Home","item":"https:\/\/interamerica.org\/es\/"},{"@type":"ListItem","position":2,"name":"Corte Suprema de Estados Unidos escucha argumento sobre arreglos por motivos religiosos"}]},{"@type":"WebSite","@id":"https:\/\/interamerica.org\/es\/#website","url":"https:\/\/interamerica.org\/es\/","name":"Iglesia Adventista del S\u00e9ptimo D\u00eda - Divisi\u00f3n Interamericana","description":"","potentialAction":[{"@type":"SearchAction","target":{"@type":"EntryPoint","urlTemplate":"https:\/\/interamerica.org\/es\/?s={search_term_string}"},"query-input":{"@type":"PropertyValueSpecification","valueRequired":true,"valueName":"search_term_string"}}],"inLanguage":"es"},{"@type":"Person","@id":"https:\/\/interamerica.org\/es\/#\/schema\/person\/29998f2bc2d8bd0d38662909289b54f1","name":"libna","image":{"@type":"ImageObject","inLanguage":"es","@id":"https:\/\/secure.gravatar.com\/avatar\/7c5bd30ae4b47a9ba3c856590957fd1d96dc588bf3ac05719d247e126840331f?s=96&d=mm&r=g","url":"https:\/\/secure.gravatar.com\/avatar\/7c5bd30ae4b47a9ba3c856590957fd1d96dc588bf3ac05719d247e126840331f?s=96&d=mm&r=g","contentUrl":"https:\/\/secure.gravatar.com\/avatar\/7c5bd30ae4b47a9ba3c856590957fd1d96dc588bf3ac05719d247e126840331f?s=96&d=mm&r=g","caption":"libna"}}]}},"_links":{"self":[{"href":"https:\/\/interamerica.org\/es\/wp-json\/wp\/v2\/posts\/98044","targetHints":{"allow":["GET"]}}],"collection":[{"href":"https:\/\/interamerica.org\/es\/wp-json\/wp\/v2\/posts"}],"about":[{"href":"https:\/\/interamerica.org\/es\/wp-json\/wp\/v2\/types\/post"}],"author":[{"embeddable":true,"href":"https:\/\/interamerica.org\/es\/wp-json\/wp\/v2\/users\/3"}],"replies":[{"embeddable":true,"href":"https:\/\/interamerica.org\/es\/wp-json\/wp\/v2\/comments?post=98044"}],"version-history":[{"count":0,"href":"https:\/\/interamerica.org\/es\/wp-json\/wp\/v2\/posts\/98044\/revisions"}],"wp:featuredmedia":[{"embeddable":true,"href":"https:\/\/interamerica.org\/es\/wp-json\/wp\/v2\/media\/98033"}],"wp:attachment":[{"href":"https:\/\/interamerica.org\/es\/wp-json\/wp\/v2\/media?parent=98044"}],"wp:term":[{"taxonomy":"category","embeddable":true,"href":"https:\/\/interamerica.org\/es\/wp-json\/wp\/v2\/categories?post=98044"},{"taxonomy":"post_tag","embeddable":true,"href":"https:\/\/interamerica.org\/es\/wp-json\/wp\/v2\/tags?post=98044"}],"curies":[{"name":"wp","href":"https:\/\/api.w.org\/{rel}","templated":true}]}}