{"id":98063,"date":"2023-04-27T20:55:55","date_gmt":"2023-04-28T00:55:55","guid":{"rendered":"https:\/\/interamerica.org\/?p=98063"},"modified":"2023-04-27T21:07:06","modified_gmt":"2023-04-28T01:07:06","slug":"la-reforma-en-francia-1a-parte","status":"publish","type":"post","link":"https:\/\/interamerica.org\/es\/2023\/04\/la-reforma-en-francia-1a-parte\/","title":{"rendered":"La Reforma en Francia (1a Parte)"},"content":{"rendered":"<p>27 de abril del 2023 | Silver Spring, Maryland, Estados Unidos | Ted N.C. Wilson, President de la Asociaci\u00f3n General de los Adventistas del S\u00e9ptimo D\u00eda<\/p>\n<p><span style=\"font-weight: 400;\">\u00a1Saludos amigos! Hoy continuamos nuestro viaje a trav\u00e9s del asombroso libro <\/span><i><span style=\"font-weight: 400;\">El conflicto de los Siglos<\/span><\/i><span style=\"font-weight: 400;\">, que describe la historia de Dios trabajando a trav\u00e9s de su pueblo fiel a trav\u00e9s de siglos de oscuridad hasta el final de los tiempos. Pero esto es mucho m\u00e1s que solo historia: a trav\u00e9s de estas p\u00e1ginas, vemos la direcci\u00f3n maravillosa de Dios a trav\u00e9s de las circunstancias m\u00e1s dif\u00edciles, vemos el poder y la confiabilidad de Su Palabra, y nos sentimos alentados, sabiendo que, como leemos en Hebreos 13:8, <\/span><span style=\"font-weight: 400;\">\u201cJesucristo es el mismo ayer, y hoy, y por los siglos.\u201d<\/span><span style=\"font-weight: 400;\"> Este mismo Jes\u00fas est\u00e1 con nosotros hoy, gui\u00e1ndonos individualmente y como Iglesia, y estar\u00e1 con nosotros hasta el final.<\/span><\/p>\n<p><span style=\"font-weight: 400;\">Estamos ahora en el Cap\u00edtulo 12, titulado \u00abLa Reforma en Francia\u00bb. Anteriormente, vimos c\u00f3mo Dios obr\u00f3 de manera tremenda en la Protesta de los Spira y a trav\u00e9s de la Confesi\u00f3n en Augsburgo. Esto marc\u00f3 un triunfo maravilloso para la Reforma en Alemania. Sin embargo, fue seguido por un tremendo derramamiento de sangre cuando miles sellaron su testimonio con su sangre mientras la iglesia romana persegu\u00eda a los fieles seguidores de Cristo.<\/span><\/p>\n<p><span style=\"font-weight: 400;\">D\u00edas oscuros tambi\u00e9n llegaron a los seguidores en Suiza. La persecuci\u00f3n de aquellos que deseaban recibir la verdad dio lugar a una guerra civil en la que Zwinglio y muchos otros creyentes fueron asesinados.<\/span><\/p>\n<p><span style=\"font-weight: 400;\">\u201cRoma triunf\u00f3\u201d,<\/span><span style=\"font-weight: 400;\"> se nos dice, <\/span><span style=\"font-weight: 400;\">\u201cPero Aquel cuyos consejos son desde el siglo y hasta el siglo, no hab\u00eda abandonado la causa de su pueblo&#8230; Hab\u00eda levantado en otros pa\u00edses obreros que impulsasen la Reforma\u201d (CS 196.1).<\/span><\/p>\n<p><span style=\"font-weight: 400;\">Incluso antes de que el mundo supiera acerca de Mart\u00edn Lutero, la luz comenzaba a amanecer en el pa\u00eds de Francia. Un distinguido profesor de la Universidad de Par\u00eds, Jacques Lefevre, hab\u00eda estado estudiando las Escrituras. Un cat\u00f3lico devoto, estaba en la biblioteca de la universidad investigando la vida de los santos de la Iglesia, cuando se encontr\u00f3 con una Biblia. Pensando que podr\u00eda ayudar en su investigaci\u00f3n, comenz\u00f3 a leerlo. Sin embargo, en lugar de encontrar informaci\u00f3n sobre los llamados santos, encontr\u00f3 <\/span><span style=\"font-weight: 400;\">\u201cal Se\u00f1or Jesucristo y la doctrina pura que hab\u00eda estado escondida durante siglos\u201d (\u201cJacques Lefevre: A Reformer Before the Reformation\u00bb, de Ray Cameron-Smith) .<\/span><\/p>\n<p><span style=\"font-weight: 400;\">Estaba convencido de la excelencia y belleza de las Escrituras. <\/span><span style=\"font-weight: 400;\">\u201cMe parec\u00edan despedir un perfume cuya dulzura era incomparable, junto a ellos, todos los estudios humanos son niebla y sombra\u201d (Ib\u00edd.).<\/span><\/p>\n<p><span style=\"font-weight: 400;\">Lefevre estaba convencido de que la mayor necesidad de su tiempo era volver a las Escrituras, y resolvi\u00f3 estudiarlas y ense\u00f1arlas con fervor a sus alumnos. M\u00e1s tarde tradujo el Nuevo Testamento al franc\u00e9s, que se public\u00f3 en el mismo momento en que la Biblia alemana de Lutero sal\u00eda de imprenta en Wittenberg.<\/span><\/p>\n<p><span style=\"font-weight: 400;\">Uno de los alumnos de Lefevre, Guillermo Farel, se convirti\u00f3 en una fuerte voz de la Reforma en Francia. Al igual que el ap\u00f3stol Pablo, Farel proven\u00eda de una familia piadosa y apoyaba fervientemente a la iglesia establecida. <\/span><span style=\"font-weight: 400;\">\u00abComo devoto romanista se desvelaba por concluir con todos los que se atrev\u00edan a oponerse a la iglesia. Rechinaba los dientes\u2014dec\u00eda \u00e9l m\u00e1s tarde\u2014como un lobo furioso, cuando o\u00eda que alguno hablaba contra el papa\u201d (CS 197.3).<\/span><\/p>\n<p><span style=\"font-weight: 400;\">\u00c9l, como su mentor Lefevre, hab\u00eda sido fiel en la adoraci\u00f3n de los santos, rezando en los santuarios y haciendo actos de penitencia. Sin embargo, ninguna de estas pr\u00e1cticas le trajo la paz que anhelaba. Mientras Farel escuchaba a su mentor explicar la salvaci\u00f3n por gracia y que solo Cristo puede \u00ababrir las puertas del cielo y cerrar las puertas del infierno\u00bb, sinti\u00f3 un tremendo alivio y gozosamente acept\u00f3 la verdad.<\/span><\/p>\n<p><span style=\"font-weight: 400;\">Al igual que el ap\u00f3stol Pablo, Farel, una vez perseguidor, se volvi\u00f3 celoso en la causa de Cristo y comenz\u00f3 a proclamar p\u00fablicamente el evangelio. Pronto, otros se unieron a \u00e9l, incluido un dignatario de la iglesia, el obispo de Meaux, quien trabaj\u00f3 diligentemente para instruir al clero y al pueblo de su di\u00f3cesis en la Palabra de Dios. Hizo todo lo que pudo para difundir la traducci\u00f3n del Nuevo Testamento de Lefevre por todas partes, y pronto, incluso los campesinos de Meaux ten\u00edan copias del libro sagrado. La luz de la Palabra de Dios se difundi\u00f3 r\u00e1pidamente y cada d\u00eda aumentaba el n\u00famero de conversos.<\/span><\/p>\n<p><span style=\"font-weight: 400;\">Los l\u00edderes de la iglesia romana se alarmaron. La persecuci\u00f3n se encendi\u00f3 en Francia y muchos seguidores de la Reforma fueron quemados en la hoguera. Lamentablemente, cuando al obispo de Meaux <\/span><span style=\"font-weight: 400;\">\u201cle obligaron a elegir entre ella y la retractaci\u00f3n, y opt\u00f3 por el camino m\u00e1s f\u00e1cil; pero a pesar de su ca\u00edda, el reba\u00f1o de este d\u00e9bil pastor se mantuvo firme (CS 199.1)<\/span><\/p>\n<p><span style=\"font-weight: 400;\">Muchos testificaron por la verdad en medio de las llamas. Por su valent\u00eda y fidelidad, hablaron a miles que nunca antes hab\u00edan escuchado su testimonio. La persecuci\u00f3n no pudo detener la propagaci\u00f3n de la Verdad de Dios, solo aviv\u00f3 las llamas de la devoci\u00f3n y la fidelidad a Su Palabra.<\/span><\/p>\n<p><span style=\"font-weight: 400;\">Amigos, \u00bfsomos tan fieles a la Palabra de Dios hoy? \u00bfPasamos tiempo con nuestra Biblia todos los d\u00edas, escuchando la voz de Dios que nos instruye, nos consuela, nos anima y nos dirige? \u00bfEstar\u00edamos dispuestos a arriesgar nuestra vida en lugar de comprometer Su verdad? \u00c9l nos est\u00e1 llamando hoy, diciendo: <\/span><span style=\"font-weight: 400;\">\u201cHe aqu\u00ed, yo estoy a la puerta y llamo; si alguno oye mi voz y abre la puerta, entrar\u00e9 a \u00e9l, y cenar\u00e9 con \u00e9l, y \u00e9l conmigo. Al que venciere, le dar\u00e9 que se siente conmigo en mi trono, as\u00ed como yo he vencido, y me he sentado con mi Padre en su trono. El que tiene o\u00eddo, oiga lo que el Esp\u00edritu dice a las iglesias. \u00bb <\/span><b>(Apoc. 3:20-22)<\/b><span style=\"font-weight: 400;\"> .<\/span><\/p>\n<p><span style=\"font-weight: 400;\">Les invito a orar conmigo ahora mismo.<\/span><\/p>\n<p><span style=\"font-weight: 400;\">Padre Celestial, Gracias por los fieles centinelas del pasado. Personas que al escuchar la Palabra de Dios entendieron su sonido de verdad. Se mantuvieron firmes en lo que era correcto, y a trav\u00e9s de tu poder, pudieron atravesar las llamas para morir. Un testimonio para ti.<\/span><\/p>\n<p><span style=\"font-weight: 400;\">Se\u00f1or, te pedimos que nos ayudes a ser firmes en nuestra resoluci\u00f3n de defender firmemente la Palabra de Dios mientras enfrentamos el futuro y los vientos que soplan en contra de la Palabra de Dios. Ay\u00fadanos a levantar la Palabra de Dios, la Palabra de Dios escrita, que representa a Jes\u00fas, la Palabra viva. Gracias por escucharnos en esta oraci\u00f3n. En el nombre de Jes\u00fas, lo pedimos. Am\u00e9n.<\/span><\/p>\n<p><iframe title=\"La Reforma en Francia (1a Parte) \/ Pastor Ted Wilson\" width=\"500\" height=\"281\" src=\"https:\/\/www.youtube.com\/embed\/IkSA6Cel21k?feature=oembed\" frameborder=\"0\" allow=\"accelerometer; autoplay; clipboard-write; encrypted-media; gyroscope; picture-in-picture; web-share\" referrerpolicy=\"strict-origin-when-cross-origin\" allowfullscreen><\/iframe><\/p>\n","protected":false},"excerpt":{"rendered":"<p>27 de abril del 2023 | Silver Spring, Maryland, Estados Unidos | Ted N.C. Wilson, President de la Asociaci\u00f3n General de los Adventistas del S\u00e9ptimo D\u00eda \u00a1Saludos amigos! Hoy continuamos&#8230;<\/p>\n","protected":false},"author":3,"featured_media":98072,"comment_status":"closed","ping_status":"closed","sticky":false,"template":"","format":"standard","meta":{"_acf_changed":false,"footnotes":""},"categories":[14,15],"tags":[],"class_list":["post-98063","post","type-post","status-publish","format-standard","has-post-thumbnail","hentry","category-de-la-iglesia-mundial","category-rss-espanol"],"acf":[],"yoast_head":"<!-- This site is optimized with the Yoast SEO plugin v27.3 - https:\/\/yoast.com\/product\/yoast-seo-wordpress\/ -->\n<title>La Reforma en Francia (1a Parte) - Iglesia Adventista del S\u00e9ptimo D\u00eda - Divisi\u00f3n Interamericana<\/title>\n<meta name=\"robots\" content=\"index, follow, max-snippet:-1, max-image-preview:large, max-video-preview:-1\" \/>\n<link rel=\"canonical\" href=\"https:\/\/interamerica.org\/es\/2023\/04\/la-reforma-en-francia-1a-parte\/\" \/>\n<meta property=\"og:locale\" content=\"es_ES\" \/>\n<meta property=\"og:type\" content=\"article\" \/>\n<meta property=\"og:title\" content=\"La Reforma en Francia (1a Parte) - Iglesia Adventista del S\u00e9ptimo D\u00eda - Divisi\u00f3n Interamericana\" \/>\n<meta property=\"og:description\" content=\"27 de abril del 2023 | Silver Spring, Maryland, Estados Unidos | Ted N.C. Wilson, President de la Asociaci\u00f3n General de los Adventistas del S\u00e9ptimo D\u00eda \u00a1Saludos amigos! Hoy continuamos...\" \/>\n<meta property=\"og:url\" content=\"https:\/\/interamerica.org\/es\/2023\/04\/la-reforma-en-francia-1a-parte\/\" \/>\n<meta property=\"og:site_name\" content=\"Iglesia Adventista del S\u00e9ptimo D\u00eda - Divisi\u00f3n Interamericana\" \/>\n<meta property=\"article:published_time\" content=\"2023-04-28T00:55:55+00:00\" \/>\n<meta property=\"article:modified_time\" content=\"2023-04-28T01:07:06+00:00\" \/>\n<meta property=\"og:image\" content=\"https:\/\/interamerica.org\/wp-content\/uploads\/2023\/04\/the-french-reformation-part-1-en.png\" \/>\n\t<meta property=\"og:image:width\" content=\"1334\" \/>\n\t<meta property=\"og:image:height\" content=\"750\" \/>\n\t<meta property=\"og:image:type\" content=\"image\/png\" \/>\n<meta name=\"author\" content=\"libna\" \/>\n<meta name=\"twitter:card\" content=\"summary_large_image\" \/>\n<meta name=\"twitter:label1\" content=\"Escrito por\" \/>\n\t<meta name=\"twitter:data1\" content=\"libna\" \/>\n\t<meta name=\"twitter:label2\" content=\"Tiempo de lectura\" \/>\n\t<meta name=\"twitter:data2\" content=\"5 minutos\" \/>\n<script type=\"application\/ld+json\" class=\"yoast-schema-graph\">{\"@context\":\"https:\\\/\\\/schema.org\",\"@graph\":[{\"@type\":\"Article\",\"@id\":\"https:\\\/\\\/interamerica.org\\\/es\\\/2023\\\/04\\\/la-reforma-en-francia-1a-parte\\\/#article\",\"isPartOf\":{\"@id\":\"https:\\\/\\\/interamerica.org\\\/es\\\/2023\\\/04\\\/la-reforma-en-francia-1a-parte\\\/\"},\"author\":{\"name\":\"libna\",\"@id\":\"https:\\\/\\\/interamerica.org\\\/es\\\/#\\\/schema\\\/person\\\/29998f2bc2d8bd0d38662909289b54f1\"},\"headline\":\"La Reforma en Francia (1a Parte)\",\"datePublished\":\"2023-04-28T00:55:55+00:00\",\"dateModified\":\"2023-04-28T01:07:06+00:00\",\"mainEntityOfPage\":{\"@id\":\"https:\\\/\\\/interamerica.org\\\/es\\\/2023\\\/04\\\/la-reforma-en-francia-1a-parte\\\/\"},\"wordCount\":1178,\"image\":{\"@id\":\"https:\\\/\\\/interamerica.org\\\/es\\\/2023\\\/04\\\/la-reforma-en-francia-1a-parte\\\/#primaryimage\"},\"thumbnailUrl\":\"https:\\\/\\\/interamerica.org\\\/wp-content\\\/uploads\\\/2023\\\/04\\\/the-french-reformation-part-1-en.png\",\"articleSection\":[\"Desde la iglesia mundial\",\"RSS Espa\u00f1ol\"],\"inLanguage\":\"es\"},{\"@type\":\"WebPage\",\"@id\":\"https:\\\/\\\/interamerica.org\\\/es\\\/2023\\\/04\\\/la-reforma-en-francia-1a-parte\\\/\",\"url\":\"https:\\\/\\\/interamerica.org\\\/es\\\/2023\\\/04\\\/la-reforma-en-francia-1a-parte\\\/\",\"name\":\"La Reforma en Francia (1a Parte) - Iglesia Adventista del S\u00e9ptimo D\u00eda - Divisi\u00f3n Interamericana\",\"isPartOf\":{\"@id\":\"https:\\\/\\\/interamerica.org\\\/es\\\/#website\"},\"primaryImageOfPage\":{\"@id\":\"https:\\\/\\\/interamerica.org\\\/es\\\/2023\\\/04\\\/la-reforma-en-francia-1a-parte\\\/#primaryimage\"},\"image\":{\"@id\":\"https:\\\/\\\/interamerica.org\\\/es\\\/2023\\\/04\\\/la-reforma-en-francia-1a-parte\\\/#primaryimage\"},\"thumbnailUrl\":\"https:\\\/\\\/interamerica.org\\\/wp-content\\\/uploads\\\/2023\\\/04\\\/the-french-reformation-part-1-en.png\",\"datePublished\":\"2023-04-28T00:55:55+00:00\",\"dateModified\":\"2023-04-28T01:07:06+00:00\",\"author\":{\"@id\":\"https:\\\/\\\/interamerica.org\\\/es\\\/#\\\/schema\\\/person\\\/29998f2bc2d8bd0d38662909289b54f1\"},\"breadcrumb\":{\"@id\":\"https:\\\/\\\/interamerica.org\\\/es\\\/2023\\\/04\\\/la-reforma-en-francia-1a-parte\\\/#breadcrumb\"},\"inLanguage\":\"es\",\"potentialAction\":[{\"@type\":\"ReadAction\",\"target\":[\"https:\\\/\\\/interamerica.org\\\/es\\\/2023\\\/04\\\/la-reforma-en-francia-1a-parte\\\/\"]}]},{\"@type\":\"ImageObject\",\"inLanguage\":\"es\",\"@id\":\"https:\\\/\\\/interamerica.org\\\/es\\\/2023\\\/04\\\/la-reforma-en-francia-1a-parte\\\/#primaryimage\",\"url\":\"https:\\\/\\\/interamerica.org\\\/wp-content\\\/uploads\\\/2023\\\/04\\\/the-french-reformation-part-1-en.png\",\"contentUrl\":\"https:\\\/\\\/interamerica.org\\\/wp-content\\\/uploads\\\/2023\\\/04\\\/the-french-reformation-part-1-en.png\",\"width\":1334,\"height\":750},{\"@type\":\"BreadcrumbList\",\"@id\":\"https:\\\/\\\/interamerica.org\\\/es\\\/2023\\\/04\\\/la-reforma-en-francia-1a-parte\\\/#breadcrumb\",\"itemListElement\":[{\"@type\":\"ListItem\",\"position\":1,\"name\":\"Home\",\"item\":\"https:\\\/\\\/interamerica.org\\\/es\\\/\"},{\"@type\":\"ListItem\",\"position\":2,\"name\":\"La Reforma en Francia (1a Parte)\"}]},{\"@type\":\"WebSite\",\"@id\":\"https:\\\/\\\/interamerica.org\\\/es\\\/#website\",\"url\":\"https:\\\/\\\/interamerica.org\\\/es\\\/\",\"name\":\"Iglesia Adventista del S\u00e9ptimo D\u00eda - Divisi\u00f3n Interamericana\",\"description\":\"\",\"potentialAction\":[{\"@type\":\"SearchAction\",\"target\":{\"@type\":\"EntryPoint\",\"urlTemplate\":\"https:\\\/\\\/interamerica.org\\\/es\\\/?s={search_term_string}\"},\"query-input\":{\"@type\":\"PropertyValueSpecification\",\"valueRequired\":true,\"valueName\":\"search_term_string\"}}],\"inLanguage\":\"es\"},{\"@type\":\"Person\",\"@id\":\"https:\\\/\\\/interamerica.org\\\/es\\\/#\\\/schema\\\/person\\\/29998f2bc2d8bd0d38662909289b54f1\",\"name\":\"libna\",\"image\":{\"@type\":\"ImageObject\",\"inLanguage\":\"es\",\"@id\":\"https:\\\/\\\/secure.gravatar.com\\\/avatar\\\/7c5bd30ae4b47a9ba3c856590957fd1d96dc588bf3ac05719d247e126840331f?s=96&d=mm&r=g\",\"url\":\"https:\\\/\\\/secure.gravatar.com\\\/avatar\\\/7c5bd30ae4b47a9ba3c856590957fd1d96dc588bf3ac05719d247e126840331f?s=96&d=mm&r=g\",\"contentUrl\":\"https:\\\/\\\/secure.gravatar.com\\\/avatar\\\/7c5bd30ae4b47a9ba3c856590957fd1d96dc588bf3ac05719d247e126840331f?s=96&d=mm&r=g\",\"caption\":\"libna\"}}]}<\/script>\n<!-- \/ Yoast SEO plugin. -->","yoast_head_json":{"title":"La Reforma en Francia (1a Parte) - Iglesia Adventista del S\u00e9ptimo D\u00eda - Divisi\u00f3n Interamericana","robots":{"index":"index","follow":"follow","max-snippet":"max-snippet:-1","max-image-preview":"max-image-preview:large","max-video-preview":"max-video-preview:-1"},"canonical":"https:\/\/interamerica.org\/es\/2023\/04\/la-reforma-en-francia-1a-parte\/","og_locale":"es_ES","og_type":"article","og_title":"La Reforma en Francia (1a Parte) - Iglesia Adventista del S\u00e9ptimo D\u00eda - Divisi\u00f3n Interamericana","og_description":"27 de abril del 2023 | Silver Spring, Maryland, Estados Unidos | Ted N.C. Wilson, President de la Asociaci\u00f3n General de los Adventistas del S\u00e9ptimo D\u00eda \u00a1Saludos amigos! Hoy continuamos...","og_url":"https:\/\/interamerica.org\/es\/2023\/04\/la-reforma-en-francia-1a-parte\/","og_site_name":"Iglesia Adventista del S\u00e9ptimo D\u00eda - Divisi\u00f3n Interamericana","article_published_time":"2023-04-28T00:55:55+00:00","article_modified_time":"2023-04-28T01:07:06+00:00","og_image":[{"width":1334,"height":750,"url":"https:\/\/interamerica.org\/wp-content\/uploads\/2023\/04\/the-french-reformation-part-1-en.png","type":"image\/png"}],"author":"libna","twitter_card":"summary_large_image","twitter_misc":{"Escrito por":"libna","Tiempo de lectura":"5 minutos"},"schema":{"@context":"https:\/\/schema.org","@graph":[{"@type":"Article","@id":"https:\/\/interamerica.org\/es\/2023\/04\/la-reforma-en-francia-1a-parte\/#article","isPartOf":{"@id":"https:\/\/interamerica.org\/es\/2023\/04\/la-reforma-en-francia-1a-parte\/"},"author":{"name":"libna","@id":"https:\/\/interamerica.org\/es\/#\/schema\/person\/29998f2bc2d8bd0d38662909289b54f1"},"headline":"La Reforma en Francia (1a Parte)","datePublished":"2023-04-28T00:55:55+00:00","dateModified":"2023-04-28T01:07:06+00:00","mainEntityOfPage":{"@id":"https:\/\/interamerica.org\/es\/2023\/04\/la-reforma-en-francia-1a-parte\/"},"wordCount":1178,"image":{"@id":"https:\/\/interamerica.org\/es\/2023\/04\/la-reforma-en-francia-1a-parte\/#primaryimage"},"thumbnailUrl":"https:\/\/interamerica.org\/wp-content\/uploads\/2023\/04\/the-french-reformation-part-1-en.png","articleSection":["Desde la iglesia mundial","RSS Espa\u00f1ol"],"inLanguage":"es"},{"@type":"WebPage","@id":"https:\/\/interamerica.org\/es\/2023\/04\/la-reforma-en-francia-1a-parte\/","url":"https:\/\/interamerica.org\/es\/2023\/04\/la-reforma-en-francia-1a-parte\/","name":"La Reforma en Francia (1a Parte) - Iglesia Adventista del S\u00e9ptimo D\u00eda - Divisi\u00f3n Interamericana","isPartOf":{"@id":"https:\/\/interamerica.org\/es\/#website"},"primaryImageOfPage":{"@id":"https:\/\/interamerica.org\/es\/2023\/04\/la-reforma-en-francia-1a-parte\/#primaryimage"},"image":{"@id":"https:\/\/interamerica.org\/es\/2023\/04\/la-reforma-en-francia-1a-parte\/#primaryimage"},"thumbnailUrl":"https:\/\/interamerica.org\/wp-content\/uploads\/2023\/04\/the-french-reformation-part-1-en.png","datePublished":"2023-04-28T00:55:55+00:00","dateModified":"2023-04-28T01:07:06+00:00","author":{"@id":"https:\/\/interamerica.org\/es\/#\/schema\/person\/29998f2bc2d8bd0d38662909289b54f1"},"breadcrumb":{"@id":"https:\/\/interamerica.org\/es\/2023\/04\/la-reforma-en-francia-1a-parte\/#breadcrumb"},"inLanguage":"es","potentialAction":[{"@type":"ReadAction","target":["https:\/\/interamerica.org\/es\/2023\/04\/la-reforma-en-francia-1a-parte\/"]}]},{"@type":"ImageObject","inLanguage":"es","@id":"https:\/\/interamerica.org\/es\/2023\/04\/la-reforma-en-francia-1a-parte\/#primaryimage","url":"https:\/\/interamerica.org\/wp-content\/uploads\/2023\/04\/the-french-reformation-part-1-en.png","contentUrl":"https:\/\/interamerica.org\/wp-content\/uploads\/2023\/04\/the-french-reformation-part-1-en.png","width":1334,"height":750},{"@type":"BreadcrumbList","@id":"https:\/\/interamerica.org\/es\/2023\/04\/la-reforma-en-francia-1a-parte\/#breadcrumb","itemListElement":[{"@type":"ListItem","position":1,"name":"Home","item":"https:\/\/interamerica.org\/es\/"},{"@type":"ListItem","position":2,"name":"La Reforma en Francia (1a Parte)"}]},{"@type":"WebSite","@id":"https:\/\/interamerica.org\/es\/#website","url":"https:\/\/interamerica.org\/es\/","name":"Iglesia Adventista del S\u00e9ptimo D\u00eda - Divisi\u00f3n Interamericana","description":"","potentialAction":[{"@type":"SearchAction","target":{"@type":"EntryPoint","urlTemplate":"https:\/\/interamerica.org\/es\/?s={search_term_string}"},"query-input":{"@type":"PropertyValueSpecification","valueRequired":true,"valueName":"search_term_string"}}],"inLanguage":"es"},{"@type":"Person","@id":"https:\/\/interamerica.org\/es\/#\/schema\/person\/29998f2bc2d8bd0d38662909289b54f1","name":"libna","image":{"@type":"ImageObject","inLanguage":"es","@id":"https:\/\/secure.gravatar.com\/avatar\/7c5bd30ae4b47a9ba3c856590957fd1d96dc588bf3ac05719d247e126840331f?s=96&d=mm&r=g","url":"https:\/\/secure.gravatar.com\/avatar\/7c5bd30ae4b47a9ba3c856590957fd1d96dc588bf3ac05719d247e126840331f?s=96&d=mm&r=g","contentUrl":"https:\/\/secure.gravatar.com\/avatar\/7c5bd30ae4b47a9ba3c856590957fd1d96dc588bf3ac05719d247e126840331f?s=96&d=mm&r=g","caption":"libna"}}]}},"_links":{"self":[{"href":"https:\/\/interamerica.org\/es\/wp-json\/wp\/v2\/posts\/98063","targetHints":{"allow":["GET"]}}],"collection":[{"href":"https:\/\/interamerica.org\/es\/wp-json\/wp\/v2\/posts"}],"about":[{"href":"https:\/\/interamerica.org\/es\/wp-json\/wp\/v2\/types\/post"}],"author":[{"embeddable":true,"href":"https:\/\/interamerica.org\/es\/wp-json\/wp\/v2\/users\/3"}],"replies":[{"embeddable":true,"href":"https:\/\/interamerica.org\/es\/wp-json\/wp\/v2\/comments?post=98063"}],"version-history":[{"count":0,"href":"https:\/\/interamerica.org\/es\/wp-json\/wp\/v2\/posts\/98063\/revisions"}],"wp:featuredmedia":[{"embeddable":true,"href":"https:\/\/interamerica.org\/es\/wp-json\/wp\/v2\/media\/98072"}],"wp:attachment":[{"href":"https:\/\/interamerica.org\/es\/wp-json\/wp\/v2\/media?parent=98063"}],"wp:term":[{"taxonomy":"category","embeddable":true,"href":"https:\/\/interamerica.org\/es\/wp-json\/wp\/v2\/categories?post=98063"},{"taxonomy":"post_tag","embeddable":true,"href":"https:\/\/interamerica.org\/es\/wp-json\/wp\/v2\/tags?post=98063"}],"curies":[{"name":"wp","href":"https:\/\/api.w.org\/{rel}","templated":true}]}}