{"id":98331,"date":"2023-04-30T17:33:45","date_gmt":"2023-04-30T21:33:45","guid":{"rendered":"https:\/\/interamerica.org\/?p=98331"},"modified":"2023-04-30T20:43:43","modified_gmt":"2023-05-01T00:43:43","slug":"juntas-institucionales-de-interamerica-reportan-crecimiento-sostenido","status":"publish","type":"post","link":"https:\/\/interamerica.org\/es\/2023\/04\/juntas-institucionales-de-interamerica-reportan-crecimiento-sostenido\/","title":{"rendered":"Juntas institucionales de Interam\u00e9rica reportan crecimiento sostenido"},"content":{"rendered":"<p><div id=\"attachment_98312\" style=\"width: 904px\" class=\"wp-caption aligncenter\"><img fetchpriority=\"high\" decoding=\"async\" aria-describedby=\"caption-attachment-98312\" class=\" wp-image-98310\" src=\"https:\/\/interamerica.org\/wp-content\/uploads\/2023\/04\/iad-admins-boards-mym2023-1280-1024x640.jpg\" alt=\"\" width=\"894\" height=\"559\" srcset=\"https:\/\/interamerica.org\/wp-content\/uploads\/2023\/04\/iad-admins-boards-mym2023-1280-1024x640.jpg 1024w, https:\/\/interamerica.org\/wp-content\/uploads\/2023\/04\/iad-admins-boards-mym2023-1280-300x188.jpg 300w, https:\/\/interamerica.org\/wp-content\/uploads\/2023\/04\/iad-admins-boards-mym2023-1280-768x480.jpg 768w, https:\/\/interamerica.org\/wp-content\/uploads\/2023\/04\/iad-admins-boards-mym2023-1280.jpg 1280w\" sizes=\"(max-width: 894px) 100vw, 894px\" \/><p id=\"caption-attachment-98312\" class=\"wp-caption-text\">Los administradores de la Divisi\u00f3n Interamericana de la Iglesia Adventista Ivelisse Herrera (izquierda), tesorera, el pastor Elie Henry (al centro) presidente, y el pastor Leonard Johnson, secretario ejecutivo, escuchan durante las reuniones de las juntas instituciones llevadas a cabo en l\u00ednea en Miami, Florida, Estados Unidos, el 27 de abril de 2023. [Fotograf\u00eda: Wilmer Barboza\/DIA]<\/p><\/div>30 de abril de 2023 | Miami, Florida, Estados Unidos | Libna Stevens, Noticias de la Divisi\u00f3n Interamericana<\/p>\n<p>Un conjunto de juntas institucionales suupervisadas por la Iglesia Adventista en la Divisi\u00f3n Interamericana comenzaron a reportar a sus miembros sobre sus finanzas, objetivos alcanzados y planes para el pr\u00f3ximo a\u00f1o, durante una reciente reuni\u00f3n en l\u00ednea el pasado 27 de abril de 2023. Los miembros de la junta recibieron un informe sobre actualizaciones de GEMA Editores, la Compa\u00f1\u00eda de Alimentos Saludables de Interam\u00e9rica, la Iglesia Adventista del S\u00e9ptimo D\u00eda en M\u00e9xico, y Servicios Adventistas de Salud de Interam\u00e9rica.<\/p>\n<p><strong>GEMA Editores<\/strong><\/p>\n<p>Los miembros de la junta de <a href=\"https:\/\/tiendagemaeditores.com.mx\/\">GEMA Editores<\/a> escucharon un informe sobre los recursos de producci\u00f3n, las finanzas, los proyectos editoriales, y los detalles de las sedes. GEMA Editores, con sede en M\u00e9xico, es una de dos casas editoras que sirven a la Divisi\u00f3n Interamericana.<\/p>\n<p><div id=\"attachment_98299\" style=\"width: 850px\" class=\"wp-caption aligncenter\"><img decoding=\"async\" aria-describedby=\"caption-attachment-98299\" class=\" wp-image-98297\" src=\"https:\/\/interamerica.org\/wp-content\/uploads\/2023\/04\/gema-socialmedia-mym2023.png\" alt=\"\" width=\"840\" height=\"463\" srcset=\"https:\/\/interamerica.org\/wp-content\/uploads\/2023\/04\/gema-socialmedia-mym2023.png 1000w, https:\/\/interamerica.org\/wp-content\/uploads\/2023\/04\/gema-socialmedia-mym2023-300x165.png 300w, https:\/\/interamerica.org\/wp-content\/uploads\/2023\/04\/gema-socialmedia-mym2023-768x423.png 768w\" sizes=\"(max-width: 840px) 100vw, 840px\" \/><p id=\"caption-attachment-98299\" class=\"wp-caption-text\">GEMA Editores had a banner in sales in 2022 as well as a 100 percent increase in social media followers since 2021, reported Jonatan Diaz Ponce, vice president of production and media for GEMA Editors[Photo: IAD Screenshot]<\/p><\/div>\u201cLas ventas fueron muy importantes y superiores a 2021, en comparaci\u00f3n mes a mes en 2022\u201d, dijo Jonat\u00e1n David Ponce, vicepresidente de producci\u00f3n y medios. En efecto, el 2022 fue un a\u00f1o especial en ventas en comparaci\u00f3n con los \u00faltimos tres a\u00f1os, dijo. \u201cNo fueron tan altas como en 2019, pero se increment\u00f3 significativamente desde 2020\u201d.<\/p>\n<p>Ponce tambi\u00e9n report\u00f3 en sus medios sociales que se produjo un incremento del ciento por ciento en sus plataformas de medios sociales, de m\u00e1s de 124 mil seguidores en 2021 a m\u00e1s de 227 mil en 2022, y sigue increment\u00e1ndose en 2023.<\/p>\n<p>Los miembros de la junta tambi\u00e9n recibieron una actualizaci\u00f3n sobre las ventas en 2022 de las 45 librer\u00edas en todo M\u00e9xico en comparaci\u00f3n con las ventas de 2021, lo que incluye la librer\u00eda m\u00e1s nueva en Tuxtla Gutierrez en Chiapas, que report\u00f3 el mayor n\u00famero de ventas en el pa\u00eds, dijo Rogelio Morales, director de las librer\u00edas de GEMA. \u201cContinuamos esforz\u00e1ndonos por ofrecer libros y recursos que mantengan a la iglesia informada sobre la Palabra de Dios, con la mayor diversidad posible de temas\u201d, dijo.<\/p>\n<p><div id=\"attachment_98308\" style=\"width: 849px\" class=\"wp-caption aligncenter\"><img decoding=\"async\" aria-describedby=\"caption-attachment-98308\" class=\" wp-image-98306\" src=\"https:\/\/interamerica.org\/wp-content\/uploads\/2023\/04\/gema-sales-churches-2022-1024x557.png\" alt=\"\" width=\"839\" height=\"456\" srcset=\"https:\/\/interamerica.org\/wp-content\/uploads\/2023\/04\/gema-sales-churches-2022-1024x557.png 1024w, https:\/\/interamerica.org\/wp-content\/uploads\/2023\/04\/gema-sales-churches-2022-300x163.png 300w, https:\/\/interamerica.org\/wp-content\/uploads\/2023\/04\/gema-sales-churches-2022-768x418.png 768w, https:\/\/interamerica.org\/wp-content\/uploads\/2023\/04\/gema-sales-churches-2022.png 1321w\" sizes=\"(max-width: 839px) 100vw, 839px\" \/><p id=\"caption-attachment-98308\" class=\"wp-caption-text\">El vicepresidente de finanzas de GEMA Editores Fernando Quir\u00f3z informa sobre el aumento de ventas en las librer\u00edas de todo M\u00e9xico, como parte de su informe financiero 2022 a la junta. [Imagen: Captura de pantalla de la DIA]<\/p><\/div>Morales dijo que los l\u00edderes est\u00e1n planificando un crecimiento del treinta por ciento en las librer\u00edas.<\/p>\n<p>Los l\u00edderes de GEMA tambi\u00e9n reportaron sobre los libros que adquirieron los colportores en todo M\u00e9xico, y las publicaciones para este a\u00f1o, que incluyen 17 t\u00edtulos nuevos.<\/p>\n<p>El pastor Elie Henry, presidente de la Divisi\u00f3n Interamericana, celebr\u00f3 el informe de GEMA Editores. \u201cEs muy bueno ver de qu\u00e9 manera las publicaciones en M\u00e9xico siguen siendo una bendici\u00f3n para la iglesia, y cu\u00e1n impresionante es la obra de los colportores para el cumplimiento de la misi\u00f3n\u201d, dijo el pastor Henry.<\/p>\n<p>Los miembros de la junta recibieron un informe sobre el reporte m\u00e1s reciente de auditor\u00eda y votaron el informe financiero para 2022.<\/p>\n<p><div id=\"attachment_98318\" style=\"width: 888px\" class=\"wp-caption aligncenter\"><img loading=\"lazy\" decoding=\"async\" aria-describedby=\"caption-attachment-98318\" class=\" wp-image-98316\" src=\"https:\/\/interamerica.org\/wp-content\/uploads\/2023\/04\/mym-boards-iad-admins.jpg\" alt=\"\" width=\"878\" height=\"494\" srcset=\"https:\/\/interamerica.org\/wp-content\/uploads\/2023\/04\/mym-boards-iad-admins.jpg 1000w, https:\/\/interamerica.org\/wp-content\/uploads\/2023\/04\/mym-boards-iad-admins-300x169.jpg 300w, https:\/\/interamerica.org\/wp-content\/uploads\/2023\/04\/mym-boards-iad-admins-768x432.jpg 768w\" sizes=\"(max-width: 878px) 100vw, 878px\" \/><p id=\"caption-attachment-98318\" class=\"wp-caption-text\">Los administradores de la Divisi\u00f3n Interamericana escuchan a cuatro de las juntas institucionales de la iglesia el pasado 27 de abril de 2023. [Fotograf\u00eda: Wilmer Barbosa\/DIA]<\/p><\/div><strong>Iglesia Adventista del S\u00e9ptimo D\u00eda en M\u00e9xico<\/strong><\/p>\n<p>En su sesi\u00f3n de junta, la Iglesia Adventista del S\u00e9ptimo D\u00eda en M\u00e9xico, que es una entidad registrada reconocida por el gobierno mexicano y que incluye las cinco uniones del pa\u00eds, los l\u00edderes reportaron actividades de evangelismo y requisitos fiscales y gastos incurridos durante 2022.<\/p>\n<p>Los miembros de la junta recibieron un informe sobre las finanzas, el nivel de diezmos y ofrendas, y el \u00faltimo informe de auditor\u00eda, adem\u00e1s de los ajustes reglamentarios. Asimismo, los miembros de la junta analizaron los detalles de la pr\u00f3xima campa\u00f1a nacional de evangelismo en junio y de otros eventos de evangelismo para 2023.<\/p>\n<p><strong>Compa\u00f1\u00eda de Alimentos Saludables de Interam\u00e9rica (IAHFC)<\/strong><\/p>\n<p>Jos\u00e9 Flores, director de Compa\u00f1\u00eda de Alimentos Saludables de Interam\u00e9rica comenz\u00f3 su informe a los miembros de la junta agradeciendo a Dios por su bondad y bendiciones. La Compa\u00f1\u00eda de Alimentos produjo un total de 13 millones de kilogramos en sus 11 compa\u00f1\u00edas y sucursales, tuvo un incremento en las ventas e incluso ingresos netos a fines de 2022.<\/p>\n<p><div id=\"attachment_98293\" style=\"width: 869px\" class=\"wp-caption aligncenter\"><img loading=\"lazy\" decoding=\"async\" aria-describedby=\"caption-attachment-98293\" class=\" wp-image-98291\" src=\"https:\/\/interamerica.org\/wp-content\/uploads\/2023\/04\/jose-flores-iahfc-mym2023-1024x579.png\" alt=\"\" width=\"859\" height=\"486\" srcset=\"https:\/\/interamerica.org\/wp-content\/uploads\/2023\/04\/jose-flores-iahfc-mym2023-1024x579.png 1024w, https:\/\/interamerica.org\/wp-content\/uploads\/2023\/04\/jose-flores-iahfc-mym2023-300x170.png 300w, https:\/\/interamerica.org\/wp-content\/uploads\/2023\/04\/jose-flores-iahfc-mym2023-768x434.png 768w, https:\/\/interamerica.org\/wp-content\/uploads\/2023\/04\/jose-flores-iahfc-mym2023.png 1420w\" sizes=\"(max-width: 859px) 100vw, 859px\" \/><p id=\"caption-attachment-98293\" class=\"wp-caption-text\">Jos\u00e9 Flores, Compa\u00f1\u00eda de Alimentos Saludables de Interam\u00e9rica, se dirige a la junta, durante su informe financiero en l\u00ednea sobre 2022, el 27 de abril de 2023. [Imagen: captura de pantalla de la Divisi\u00f3n Interamericana]<\/p><\/div>\u201cFuimos testigos de un a\u00f1o maravilloso para la compa\u00f1\u00eda de alimentos\u201d, dijo Flores. \u201cCuando hablamos de recuperaci\u00f3n, en un a\u00f1o en que muchas empresas cayeron o se cerraron, el Se\u00f1or tuvo la visi\u00f3n de sustentar su instituci\u00f3n para que contin\u00fae predicando el evangelio y brindando recursos a la iglesia\u201d.<\/p>\n<p>Durante los \u00faltimos cinco a\u00f1os, 2022 ha sido el de mayores ventas, inform\u00f3. La Compa\u00f1\u00eda de Alimentos Saludables de Interam\u00e9rica contin\u00faa pagando un diez por ciento en diezmos, y contribuye un 20 por ciento de sus ingresos netos para educaci\u00f3n, y un 5,5 por ciento para la construcci\u00f3n de iglesias, adem\u00e1s de 4,5 por ciento para un fondo de desarrollo.<\/p>\n<p>\u201cLos n\u00fameros que estamos viendo son resultado de un liderazgo comprometido con la misi\u00f3n de la iglesia, y yo he visto personalmente esa clara visi\u00f3n\u201d, dijo Ivelisse Herrera, tesorera de la Divisi\u00f3n Interamericana. Hay desaf\u00edos muy abarcadores, pero todos trabajando hacia esfuerzos conjuntos. \u201cPuedo ver la unidad entre las f\u00e1bricas y sucursales, para que contin\u00faen colaborando con la expansi\u00f3n de la misi\u00f3n\u201d, expres\u00f3.<\/p>\n<p><div id=\"attachment_98305\" style=\"width: 856px\" class=\"wp-caption aligncenter\"><img loading=\"lazy\" decoding=\"async\" aria-describedby=\"caption-attachment-98305\" class=\" wp-image-98303\" src=\"https:\/\/interamerica.org\/wp-content\/uploads\/2023\/04\/franck-geneus-ahsia-mym-2023.png\" alt=\"\" width=\"846\" height=\"484\" srcset=\"https:\/\/interamerica.org\/wp-content\/uploads\/2023\/04\/franck-geneus-ahsia-mym-2023.png 1000w, https:\/\/interamerica.org\/wp-content\/uploads\/2023\/04\/franck-geneus-ahsia-mym-2023-300x172.png 300w, https:\/\/interamerica.org\/wp-content\/uploads\/2023\/04\/franck-geneus-ahsia-mym-2023-768x439.png 768w\" sizes=\"(max-width: 846px) 100vw, 846px\" \/><p id=\"caption-attachment-98305\" class=\"wp-caption-text\">El doctor Franck G\u00e9neus, presidente de Servicios Adventistas de Salud de Interam\u00e9rica y director de ministerios de salud de la Divisi\u00f3n Interamericana, comparte la visi\u00f3n adoptada en todos los hospitales del territorio. [Imagen: Captura de pantalla de la Divisi\u00f3n Interamericana]<\/p><\/div><strong> Servicios Adventistas de Salud de Interam\u00e9rica (AHSIA)<\/strong><\/p>\n<p>Se record\u00f3 a los miembros de AHSIA del prop\u00f3sito y la misi\u00f3n de las instituciones de salud para llevar a cabo un ministerio abarcador de salud con la comunidad a la que sirve. El doctor Franck G\u00e9neus, presidente de Servicios Adventistas de Salud de Interam\u00e9rica y director de ministerios de salud, reafirm\u00f3 que el sistema de salud contin\u00faa brindando calidad y atenci\u00f3n accesible para la comunidad. \u201cNecesitamos tener apoyo para el desarrollo basado en el desempe\u00f1o, adoptar un sistema eficiente de autogobierno, y garantizar que fomentemos un trabajo conjunto con la iglesia y la comunidad, adem\u00e1s de brindar mejoras de calidad y la seguridad de los pacientes \u201c, dijo G\u00e9neus.<\/p>\n<p>El doctor G\u00e9neus tambi\u00e9n actualiz\u00f3 al grupo sobre el logro m\u00e1s importante en la implementaci\u00f3n de una integraci\u00f3n tecnol\u00f3gica, gracias al desarrollo de la aplicaci\u00f3n de salud DREAM. \u201cLa aplicaci\u00f3n de salud DREAM es una herramienta que crea puentes y conexiones entre las instituciones de salud y las iglesias, y que ayuda a los hospitales para que fortalezcan su capacidad de conectarse con la comunidad. \u201cLa aplicaci\u00f3n est\u00e1 accionada plenamente con funcionalidades tales como la educaci\u00f3n de los pacientes, la instrucci\u00f3n personalizada de salud, y el control y registro de h\u00e1bitos saludables, y se espera que sea lanzada de las pr\u00f3ximas cuatro a seis semanas\u201d, dijo el doctor G\u00e9neus.<\/p>\n<p><div id=\"attachment_98302\" style=\"width: 853px\" class=\"wp-caption aligncenter\"><img loading=\"lazy\" decoding=\"async\" aria-describedby=\"caption-attachment-98302\" class=\" wp-image-98300\" src=\"https:\/\/interamerica.org\/wp-content\/uploads\/2023\/04\/ahsia-dream-healthapp-mym2023.png\" alt=\"\" width=\"843\" height=\"458\" srcset=\"https:\/\/interamerica.org\/wp-content\/uploads\/2023\/04\/ahsia-dream-healthapp-mym2023.png 1000w, https:\/\/interamerica.org\/wp-content\/uploads\/2023\/04\/ahsia-dream-healthapp-mym2023-300x163.png 300w, https:\/\/interamerica.org\/wp-content\/uploads\/2023\/04\/ahsia-dream-healthapp-mym2023-768x417.png 768w\" sizes=\"(max-width: 843px) 100vw, 843px\" \/><p id=\"caption-attachment-98302\" class=\"wp-caption-text\">La nueva aplicaci\u00f3n de salud DREAM ayudar\u00e1 a los hospitales a que se conecten mejor con sus comunidades, entre otras herramientas. La aplicaci\u00f3n de salud estar\u00e1 disponible en junio de 2023. [Imagen: captura de pantalla de la Divisi\u00f3n Interamericana]<\/p><\/div>Los miembros de la junta votaron el informe financiero para 2022.<\/p>\n<p>Otras instituciones de la Divisi\u00f3n Interamericana tendr\u00e1n sus reuniones de junta esta semana, durante las sesiones de la Junta Directiva de la iglesia.<\/p>\n<p>Para saber m\u00e1s sobre la Divisi\u00f3n Interamericana, sus iniciativas y actividades, vis\u00edtenos en <a href=\"https:\/\/interamerica.org\/\">interamerica.org<\/a><\/p>\n<p>Traducci\u00f3n de Marcos Paseggi<\/p>\n","protected":false},"excerpt":{"rendered":"<p>30 de abril de 2023 | Miami, Florida, Estados Unidos | Libna Stevens, Noticias de la Divisi\u00f3n Interamericana Un conjunto de juntas institucionales suupervisadas por la Iglesia Adventista en la&#8230;<\/p>\n","protected":false},"author":3,"featured_media":98318,"comment_status":"closed","ping_status":"closed","sticky":false,"template":"","format":"standard","meta":{"_acf_changed":false,"footnotes":""},"categories":[16,15],"tags":[],"class_list":["post-98331","post","type-post","status-publish","format-standard","has-post-thumbnail","hentry","category-desde-la-sede","category-rss-espanol"],"acf":[],"yoast_head":"<!-- This site is optimized with the Yoast SEO plugin v27.3 - https:\/\/yoast.com\/product\/yoast-seo-wordpress\/ -->\n<title>Juntas institucionales de Interam\u00e9rica reportan crecimiento sostenido - Iglesia Adventista del S\u00e9ptimo D\u00eda - Divisi\u00f3n Interamericana<\/title>\n<meta name=\"robots\" content=\"index, follow, max-snippet:-1, max-image-preview:large, max-video-preview:-1\" \/>\n<link rel=\"canonical\" href=\"https:\/\/interamerica.org\/es\/2023\/04\/juntas-institucionales-de-interamerica-reportan-crecimiento-sostenido\/\" \/>\n<meta property=\"og:locale\" content=\"es_ES\" \/>\n<meta property=\"og:type\" content=\"article\" \/>\n<meta property=\"og:title\" content=\"Juntas institucionales de Interam\u00e9rica reportan crecimiento sostenido - Iglesia Adventista del S\u00e9ptimo D\u00eda - Divisi\u00f3n Interamericana\" \/>\n<meta property=\"og:description\" content=\"30 de abril de 2023 | Miami, Florida, Estados Unidos | Libna Stevens, Noticias de la Divisi\u00f3n Interamericana Un conjunto de juntas institucionales suupervisadas por la Iglesia Adventista en la...\" \/>\n<meta property=\"og:url\" content=\"https:\/\/interamerica.org\/es\/2023\/04\/juntas-institucionales-de-interamerica-reportan-crecimiento-sostenido\/\" \/>\n<meta property=\"og:site_name\" content=\"Iglesia Adventista del S\u00e9ptimo D\u00eda - Divisi\u00f3n Interamericana\" \/>\n<meta property=\"article:published_time\" content=\"2023-04-30T21:33:45+00:00\" \/>\n<meta property=\"article:modified_time\" content=\"2023-05-01T00:43:43+00:00\" \/>\n<meta property=\"og:image\" content=\"https:\/\/interamerica.org\/wp-content\/uploads\/2023\/04\/mym-boards-iad-admins.jpg\" \/>\n\t<meta property=\"og:image:width\" content=\"1000\" \/>\n\t<meta property=\"og:image:height\" content=\"562\" \/>\n\t<meta property=\"og:image:type\" content=\"image\/jpeg\" \/>\n<meta name=\"author\" content=\"libna\" \/>\n<meta name=\"twitter:card\" content=\"summary_large_image\" \/>\n<meta name=\"twitter:label1\" content=\"Escrito por\" \/>\n\t<meta name=\"twitter:data1\" content=\"libna\" \/>\n\t<meta name=\"twitter:label2\" content=\"Tiempo de lectura\" \/>\n\t<meta name=\"twitter:data2\" content=\"8 minutos\" \/>\n<script type=\"application\/ld+json\" class=\"yoast-schema-graph\">{\"@context\":\"https:\\\/\\\/schema.org\",\"@graph\":[{\"@type\":\"Article\",\"@id\":\"https:\\\/\\\/interamerica.org\\\/es\\\/2023\\\/04\\\/juntas-institucionales-de-interamerica-reportan-crecimiento-sostenido\\\/#article\",\"isPartOf\":{\"@id\":\"https:\\\/\\\/interamerica.org\\\/es\\\/2023\\\/04\\\/juntas-institucionales-de-interamerica-reportan-crecimiento-sostenido\\\/\"},\"author\":{\"name\":\"libna\",\"@id\":\"https:\\\/\\\/interamerica.org\\\/es\\\/#\\\/schema\\\/person\\\/29998f2bc2d8bd0d38662909289b54f1\"},\"headline\":\"Juntas institucionales de Interam\u00e9rica reportan crecimiento sostenido\",\"datePublished\":\"2023-04-30T21:33:45+00:00\",\"dateModified\":\"2023-05-01T00:43:43+00:00\",\"mainEntityOfPage\":{\"@id\":\"https:\\\/\\\/interamerica.org\\\/es\\\/2023\\\/04\\\/juntas-institucionales-de-interamerica-reportan-crecimiento-sostenido\\\/\"},\"wordCount\":1497,\"image\":{\"@id\":\"https:\\\/\\\/interamerica.org\\\/es\\\/2023\\\/04\\\/juntas-institucionales-de-interamerica-reportan-crecimiento-sostenido\\\/#primaryimage\"},\"thumbnailUrl\":\"https:\\\/\\\/interamerica.org\\\/wp-content\\\/uploads\\\/2023\\\/04\\\/mym-boards-iad-admins.jpg\",\"articleSection\":[\"Desde la sede\",\"RSS Espa\u00f1ol\"],\"inLanguage\":\"es\"},{\"@type\":\"WebPage\",\"@id\":\"https:\\\/\\\/interamerica.org\\\/es\\\/2023\\\/04\\\/juntas-institucionales-de-interamerica-reportan-crecimiento-sostenido\\\/\",\"url\":\"https:\\\/\\\/interamerica.org\\\/es\\\/2023\\\/04\\\/juntas-institucionales-de-interamerica-reportan-crecimiento-sostenido\\\/\",\"name\":\"Juntas institucionales de Interam\u00e9rica reportan crecimiento sostenido - Iglesia Adventista del S\u00e9ptimo D\u00eda - Divisi\u00f3n Interamericana\",\"isPartOf\":{\"@id\":\"https:\\\/\\\/interamerica.org\\\/es\\\/#website\"},\"primaryImageOfPage\":{\"@id\":\"https:\\\/\\\/interamerica.org\\\/es\\\/2023\\\/04\\\/juntas-institucionales-de-interamerica-reportan-crecimiento-sostenido\\\/#primaryimage\"},\"image\":{\"@id\":\"https:\\\/\\\/interamerica.org\\\/es\\\/2023\\\/04\\\/juntas-institucionales-de-interamerica-reportan-crecimiento-sostenido\\\/#primaryimage\"},\"thumbnailUrl\":\"https:\\\/\\\/interamerica.org\\\/wp-content\\\/uploads\\\/2023\\\/04\\\/mym-boards-iad-admins.jpg\",\"datePublished\":\"2023-04-30T21:33:45+00:00\",\"dateModified\":\"2023-05-01T00:43:43+00:00\",\"author\":{\"@id\":\"https:\\\/\\\/interamerica.org\\\/es\\\/#\\\/schema\\\/person\\\/29998f2bc2d8bd0d38662909289b54f1\"},\"breadcrumb\":{\"@id\":\"https:\\\/\\\/interamerica.org\\\/es\\\/2023\\\/04\\\/juntas-institucionales-de-interamerica-reportan-crecimiento-sostenido\\\/#breadcrumb\"},\"inLanguage\":\"es\",\"potentialAction\":[{\"@type\":\"ReadAction\",\"target\":[\"https:\\\/\\\/interamerica.org\\\/es\\\/2023\\\/04\\\/juntas-institucionales-de-interamerica-reportan-crecimiento-sostenido\\\/\"]}]},{\"@type\":\"ImageObject\",\"inLanguage\":\"es\",\"@id\":\"https:\\\/\\\/interamerica.org\\\/es\\\/2023\\\/04\\\/juntas-institucionales-de-interamerica-reportan-crecimiento-sostenido\\\/#primaryimage\",\"url\":\"https:\\\/\\\/interamerica.org\\\/wp-content\\\/uploads\\\/2023\\\/04\\\/mym-boards-iad-admins.jpg\",\"contentUrl\":\"https:\\\/\\\/interamerica.org\\\/wp-content\\\/uploads\\\/2023\\\/04\\\/mym-boards-iad-admins.jpg\",\"width\":1000,\"height\":562,\"caption\":\"[Photo: Wilmer Barbosa\\\/IAD]\"},{\"@type\":\"BreadcrumbList\",\"@id\":\"https:\\\/\\\/interamerica.org\\\/es\\\/2023\\\/04\\\/juntas-institucionales-de-interamerica-reportan-crecimiento-sostenido\\\/#breadcrumb\",\"itemListElement\":[{\"@type\":\"ListItem\",\"position\":1,\"name\":\"Home\",\"item\":\"https:\\\/\\\/interamerica.org\\\/es\\\/\"},{\"@type\":\"ListItem\",\"position\":2,\"name\":\"Juntas institucionales de Interam\u00e9rica reportan crecimiento sostenido\"}]},{\"@type\":\"WebSite\",\"@id\":\"https:\\\/\\\/interamerica.org\\\/es\\\/#website\",\"url\":\"https:\\\/\\\/interamerica.org\\\/es\\\/\",\"name\":\"Iglesia Adventista del S\u00e9ptimo D\u00eda - Divisi\u00f3n Interamericana\",\"description\":\"\",\"potentialAction\":[{\"@type\":\"SearchAction\",\"target\":{\"@type\":\"EntryPoint\",\"urlTemplate\":\"https:\\\/\\\/interamerica.org\\\/es\\\/?s={search_term_string}\"},\"query-input\":{\"@type\":\"PropertyValueSpecification\",\"valueRequired\":true,\"valueName\":\"search_term_string\"}}],\"inLanguage\":\"es\"},{\"@type\":\"Person\",\"@id\":\"https:\\\/\\\/interamerica.org\\\/es\\\/#\\\/schema\\\/person\\\/29998f2bc2d8bd0d38662909289b54f1\",\"name\":\"libna\",\"image\":{\"@type\":\"ImageObject\",\"inLanguage\":\"es\",\"@id\":\"https:\\\/\\\/secure.gravatar.com\\\/avatar\\\/7c5bd30ae4b47a9ba3c856590957fd1d96dc588bf3ac05719d247e126840331f?s=96&d=mm&r=g\",\"url\":\"https:\\\/\\\/secure.gravatar.com\\\/avatar\\\/7c5bd30ae4b47a9ba3c856590957fd1d96dc588bf3ac05719d247e126840331f?s=96&d=mm&r=g\",\"contentUrl\":\"https:\\\/\\\/secure.gravatar.com\\\/avatar\\\/7c5bd30ae4b47a9ba3c856590957fd1d96dc588bf3ac05719d247e126840331f?s=96&d=mm&r=g\",\"caption\":\"libna\"}}]}<\/script>\n<!-- \/ Yoast SEO plugin. -->","yoast_head_json":{"title":"Juntas institucionales de Interam\u00e9rica reportan crecimiento sostenido - Iglesia Adventista del S\u00e9ptimo D\u00eda - Divisi\u00f3n Interamericana","robots":{"index":"index","follow":"follow","max-snippet":"max-snippet:-1","max-image-preview":"max-image-preview:large","max-video-preview":"max-video-preview:-1"},"canonical":"https:\/\/interamerica.org\/es\/2023\/04\/juntas-institucionales-de-interamerica-reportan-crecimiento-sostenido\/","og_locale":"es_ES","og_type":"article","og_title":"Juntas institucionales de Interam\u00e9rica reportan crecimiento sostenido - Iglesia Adventista del S\u00e9ptimo D\u00eda - Divisi\u00f3n Interamericana","og_description":"30 de abril de 2023 | Miami, Florida, Estados Unidos | Libna Stevens, Noticias de la Divisi\u00f3n Interamericana Un conjunto de juntas institucionales suupervisadas por la Iglesia Adventista en la...","og_url":"https:\/\/interamerica.org\/es\/2023\/04\/juntas-institucionales-de-interamerica-reportan-crecimiento-sostenido\/","og_site_name":"Iglesia Adventista del S\u00e9ptimo D\u00eda - Divisi\u00f3n Interamericana","article_published_time":"2023-04-30T21:33:45+00:00","article_modified_time":"2023-05-01T00:43:43+00:00","og_image":[{"width":1000,"height":562,"url":"https:\/\/interamerica.org\/wp-content\/uploads\/2023\/04\/mym-boards-iad-admins.jpg","type":"image\/jpeg"}],"author":"libna","twitter_card":"summary_large_image","twitter_misc":{"Escrito por":"libna","Tiempo de lectura":"8 minutos"},"schema":{"@context":"https:\/\/schema.org","@graph":[{"@type":"Article","@id":"https:\/\/interamerica.org\/es\/2023\/04\/juntas-institucionales-de-interamerica-reportan-crecimiento-sostenido\/#article","isPartOf":{"@id":"https:\/\/interamerica.org\/es\/2023\/04\/juntas-institucionales-de-interamerica-reportan-crecimiento-sostenido\/"},"author":{"name":"libna","@id":"https:\/\/interamerica.org\/es\/#\/schema\/person\/29998f2bc2d8bd0d38662909289b54f1"},"headline":"Juntas institucionales de Interam\u00e9rica reportan crecimiento sostenido","datePublished":"2023-04-30T21:33:45+00:00","dateModified":"2023-05-01T00:43:43+00:00","mainEntityOfPage":{"@id":"https:\/\/interamerica.org\/es\/2023\/04\/juntas-institucionales-de-interamerica-reportan-crecimiento-sostenido\/"},"wordCount":1497,"image":{"@id":"https:\/\/interamerica.org\/es\/2023\/04\/juntas-institucionales-de-interamerica-reportan-crecimiento-sostenido\/#primaryimage"},"thumbnailUrl":"https:\/\/interamerica.org\/wp-content\/uploads\/2023\/04\/mym-boards-iad-admins.jpg","articleSection":["Desde la sede","RSS Espa\u00f1ol"],"inLanguage":"es"},{"@type":"WebPage","@id":"https:\/\/interamerica.org\/es\/2023\/04\/juntas-institucionales-de-interamerica-reportan-crecimiento-sostenido\/","url":"https:\/\/interamerica.org\/es\/2023\/04\/juntas-institucionales-de-interamerica-reportan-crecimiento-sostenido\/","name":"Juntas institucionales de Interam\u00e9rica reportan crecimiento sostenido - Iglesia Adventista del S\u00e9ptimo D\u00eda - Divisi\u00f3n Interamericana","isPartOf":{"@id":"https:\/\/interamerica.org\/es\/#website"},"primaryImageOfPage":{"@id":"https:\/\/interamerica.org\/es\/2023\/04\/juntas-institucionales-de-interamerica-reportan-crecimiento-sostenido\/#primaryimage"},"image":{"@id":"https:\/\/interamerica.org\/es\/2023\/04\/juntas-institucionales-de-interamerica-reportan-crecimiento-sostenido\/#primaryimage"},"thumbnailUrl":"https:\/\/interamerica.org\/wp-content\/uploads\/2023\/04\/mym-boards-iad-admins.jpg","datePublished":"2023-04-30T21:33:45+00:00","dateModified":"2023-05-01T00:43:43+00:00","author":{"@id":"https:\/\/interamerica.org\/es\/#\/schema\/person\/29998f2bc2d8bd0d38662909289b54f1"},"breadcrumb":{"@id":"https:\/\/interamerica.org\/es\/2023\/04\/juntas-institucionales-de-interamerica-reportan-crecimiento-sostenido\/#breadcrumb"},"inLanguage":"es","potentialAction":[{"@type":"ReadAction","target":["https:\/\/interamerica.org\/es\/2023\/04\/juntas-institucionales-de-interamerica-reportan-crecimiento-sostenido\/"]}]},{"@type":"ImageObject","inLanguage":"es","@id":"https:\/\/interamerica.org\/es\/2023\/04\/juntas-institucionales-de-interamerica-reportan-crecimiento-sostenido\/#primaryimage","url":"https:\/\/interamerica.org\/wp-content\/uploads\/2023\/04\/mym-boards-iad-admins.jpg","contentUrl":"https:\/\/interamerica.org\/wp-content\/uploads\/2023\/04\/mym-boards-iad-admins.jpg","width":1000,"height":562,"caption":"[Photo: Wilmer Barbosa\/IAD]"},{"@type":"BreadcrumbList","@id":"https:\/\/interamerica.org\/es\/2023\/04\/juntas-institucionales-de-interamerica-reportan-crecimiento-sostenido\/#breadcrumb","itemListElement":[{"@type":"ListItem","position":1,"name":"Home","item":"https:\/\/interamerica.org\/es\/"},{"@type":"ListItem","position":2,"name":"Juntas institucionales de Interam\u00e9rica reportan crecimiento sostenido"}]},{"@type":"WebSite","@id":"https:\/\/interamerica.org\/es\/#website","url":"https:\/\/interamerica.org\/es\/","name":"Iglesia Adventista del S\u00e9ptimo D\u00eda - Divisi\u00f3n Interamericana","description":"","potentialAction":[{"@type":"SearchAction","target":{"@type":"EntryPoint","urlTemplate":"https:\/\/interamerica.org\/es\/?s={search_term_string}"},"query-input":{"@type":"PropertyValueSpecification","valueRequired":true,"valueName":"search_term_string"}}],"inLanguage":"es"},{"@type":"Person","@id":"https:\/\/interamerica.org\/es\/#\/schema\/person\/29998f2bc2d8bd0d38662909289b54f1","name":"libna","image":{"@type":"ImageObject","inLanguage":"es","@id":"https:\/\/secure.gravatar.com\/avatar\/7c5bd30ae4b47a9ba3c856590957fd1d96dc588bf3ac05719d247e126840331f?s=96&d=mm&r=g","url":"https:\/\/secure.gravatar.com\/avatar\/7c5bd30ae4b47a9ba3c856590957fd1d96dc588bf3ac05719d247e126840331f?s=96&d=mm&r=g","contentUrl":"https:\/\/secure.gravatar.com\/avatar\/7c5bd30ae4b47a9ba3c856590957fd1d96dc588bf3ac05719d247e126840331f?s=96&d=mm&r=g","caption":"libna"}}]}},"_links":{"self":[{"href":"https:\/\/interamerica.org\/es\/wp-json\/wp\/v2\/posts\/98331","targetHints":{"allow":["GET"]}}],"collection":[{"href":"https:\/\/interamerica.org\/es\/wp-json\/wp\/v2\/posts"}],"about":[{"href":"https:\/\/interamerica.org\/es\/wp-json\/wp\/v2\/types\/post"}],"author":[{"embeddable":true,"href":"https:\/\/interamerica.org\/es\/wp-json\/wp\/v2\/users\/3"}],"replies":[{"embeddable":true,"href":"https:\/\/interamerica.org\/es\/wp-json\/wp\/v2\/comments?post=98331"}],"version-history":[{"count":0,"href":"https:\/\/interamerica.org\/es\/wp-json\/wp\/v2\/posts\/98331\/revisions"}],"wp:featuredmedia":[{"embeddable":true,"href":"https:\/\/interamerica.org\/es\/wp-json\/wp\/v2\/media\/98318"}],"wp:attachment":[{"href":"https:\/\/interamerica.org\/es\/wp-json\/wp\/v2\/media?parent=98331"}],"wp:term":[{"taxonomy":"category","embeddable":true,"href":"https:\/\/interamerica.org\/es\/wp-json\/wp\/v2\/categories?post=98331"},{"taxonomy":"post_tag","embeddable":true,"href":"https:\/\/interamerica.org\/es\/wp-json\/wp\/v2\/tags?post=98331"}],"curies":[{"name":"wp","href":"https:\/\/api.w.org\/{rel}","templated":true}]}}