{"id":98566,"date":"2023-05-05T15:30:21","date_gmt":"2023-05-05T19:30:21","guid":{"rendered":"https:\/\/interamerica.org\/?p=98566"},"modified":"2023-05-08T10:43:08","modified_gmt":"2023-05-08T14:43:08","slug":"el-13-de-mayo-se-celebrara-el-dia-del-servicio-voluntario-adventista","status":"publish","type":"post","link":"https:\/\/interamerica.org\/es\/2023\/05\/el-13-de-mayo-se-celebrara-el-dia-del-servicio-voluntario-adventista\/","title":{"rendered":"El 13 de mayo se celebrar\u00e1 el D\u00eda del Servicio Voluntario Adventista"},"content":{"rendered":"<p>5 de mayo de 2023 | Miami, Florida, Estados Unidos | Libna Stevens, Noticias de la Divisi\u00f3n Interamericana<\/p>\n<p>La Secretar\u00eda de Servicio Voluntario Adventista (AVS) de la Divisi\u00f3n Interamericana llevar\u00e1 a cabo un programa en vivo en l\u00ednea para destacar la obra dedicada de cientos de voluntarios que est\u00e1n prestando servicios en diversas partes del mundo. El evento se lleva a cabo en conjunci\u00f3n el D\u00eda del Servicio Voluntario Adventista en Interam\u00e9rica bajo el lema \u201cAtr\u00e9vete a servir\u201d, el pr\u00f3ximo 13 de mayo de 2023, de 15:30 a 17:30 Tiempo de Miami.<\/p>\n<p>\u201cA fines de diciembre de 2022, Servicio Voluntario Adventista cerr\u00f3 su plataforma para dar lugar a la nueva <a href=\"https:\/\/vividfaith.com\/\">Plataforma VIVIDFaith<\/a> que ser\u00e1 ahora la plataforma de Servicio Voluntario Adventista y de todos los dem\u00e1s programas misioneros\u201d, dijo Janelle Scantlebury, coordinadora del Servicio Voluntario Adventista en la Iglesia Adventista de Interam\u00e9rica.<\/p>\n<p>Aunque la Divisi\u00f3n Interamericana ha estado celebrando el D\u00eda del Servicio Voluntario Adventista ya por varios a\u00f1os, el \u00e9nfasis de este a\u00f1o servir\u00e1 para revitalizar la obra de las escuelas misioneras, en la tarea de preparar a los miembros para que presten servicios como misioneros a largo plazo, voluntarios, y VIVIDFriends, explic\u00f3 Scantlebury.<\/p>\n<p><div id=\"attachment_98348\" style=\"width: 957px\" class=\"wp-caption aligncenter\"><img fetchpriority=\"high\" decoding=\"async\" aria-describedby=\"caption-attachment-98348\" class=\" wp-image-98348\" src=\"https:\/\/interamerica.org\/wp-content\/uploads\/2022\/12\/photo-2023-04-27-13-23-47-1.jpg\" alt=\"\" width=\"947\" height=\"947\" srcset=\"https:\/\/interamerica.org\/wp-content\/uploads\/2022\/12\/photo-2023-04-27-13-23-47-1.jpg 1024w, https:\/\/interamerica.org\/wp-content\/uploads\/2022\/12\/photo-2023-04-27-13-23-47-1-300x300.jpg 300w, https:\/\/interamerica.org\/wp-content\/uploads\/2022\/12\/photo-2023-04-27-13-23-47-1-150x150.jpg 150w, https:\/\/interamerica.org\/wp-content\/uploads\/2022\/12\/photo-2023-04-27-13-23-47-1-768x768.jpg 768w\" sizes=\"(max-width: 947px) 100vw, 947px\" \/><p id=\"caption-attachment-98348\" class=\"wp-caption-text\">[magen de la DIA]<\/p><\/div>\u201cEl \u00e9nfasis en la capacitaci\u00f3n es oportuno en momentos en que lanzamos la nueva Plataforma VIVIDFaith en Interam\u00e9rica y extendemos las tareas de servicio voluntario a solteros, matrimonios y jubilados\u201d, expres\u00f3. Implica que todos tengan la oportunidad de prestar servicios y participar de la misi\u00f3n. \u201cEste evento en l\u00ednea ser\u00e1 como una forma de lanzamiento de un reenfoque misionero, para tratar de atraer a todos los niveles de la iglesia, no solo a los j\u00f3venes y los osados\u201d, dijo Scantlebury.<\/p>\n<p>Casi cuatrocientos voluntarios recibir\u00e1n certificados oficiales y pines de Servicio Voluntario Adventista por haber prestado servicios en Jamaica, durante el Camporee de Conquistadores de Interam\u00e9rica el mes pasado, expres\u00f3.<\/p>\n<p>El evento, de dos horas de duraci\u00f3n, contar\u00e1 con l\u00edderes de la Asociaci\u00f3n General y de la Divisi\u00f3n Interamericana, quienes motivar\u00e1n y brindar\u00e1n herramientas especializadas a los voluntarios que actualmente prestan servicio fuera del territorio de la Divisi\u00f3n Interamericana, e invitar\u00e1n a otros miembros para que participen de la organizaci\u00f3n del servicio voluntario.<\/p>\n<p>El programa en vivo en l\u00ednea tambi\u00e9n incluir\u00e1 mensajes espirituales, testimonios y segmentos para entregar certificados y pines. La transmisi\u00f3n en l\u00ednea se ofrecer\u00e1 en ingl\u00e9s, espa\u00f1ol y franc\u00e9s.<\/p>\n<p>Para mirar el D\u00eda del Servicio Voluntario Adventista el pr\u00f3ximo 13 de mayo de 2023 a partir de las 15:30, Hora de Miami, ingrese a <a href=\"https:\/\/www.youtube.com\/c\/InterAmericanDivision\">webcast.interamerica.org<\/a><\/p>\n<p>Traducci\u00f3n de Marcos Paseggi<\/p>\n","protected":false},"excerpt":{"rendered":"<p>5 de mayo de 2023 | Miami, Florida, Estados Unidos | Libna Stevens, Noticias de la Divisi\u00f3n Interamericana La Secretar\u00eda de Servicio Voluntario Adventista (AVS) de la Divisi\u00f3n Interamericana llevar\u00e1&#8230;<\/p>\n","protected":false},"author":3,"featured_media":98512,"comment_status":"closed","ping_status":"closed","sticky":false,"template":"","format":"standard","meta":{"_acf_changed":false,"footnotes":""},"categories":[16,15],"tags":[],"class_list":["post-98566","post","type-post","status-publish","format-standard","has-post-thumbnail","hentry","category-desde-la-sede","category-rss-espanol"],"acf":[],"yoast_head":"<!-- This site is optimized with the Yoast SEO plugin v27.3 - https:\/\/yoast.com\/product\/yoast-seo-wordpress\/ -->\n<title>El 13 de mayo se celebrar\u00e1 el D\u00eda del Servicio Voluntario Adventista - Iglesia Adventista del S\u00e9ptimo D\u00eda - Divisi\u00f3n Interamericana<\/title>\n<meta name=\"robots\" content=\"index, follow, max-snippet:-1, max-image-preview:large, max-video-preview:-1\" \/>\n<link rel=\"canonical\" href=\"https:\/\/interamerica.org\/es\/2023\/05\/el-13-de-mayo-se-celebrara-el-dia-del-servicio-voluntario-adventista\/\" \/>\n<meta property=\"og:locale\" content=\"es_ES\" \/>\n<meta property=\"og:type\" content=\"article\" \/>\n<meta property=\"og:title\" content=\"El 13 de mayo se celebrar\u00e1 el D\u00eda del Servicio Voluntario Adventista - Iglesia Adventista del S\u00e9ptimo D\u00eda - Divisi\u00f3n Interamericana\" \/>\n<meta property=\"og:description\" content=\"5 de mayo de 2023 | Miami, Florida, Estados Unidos | Libna Stevens, Noticias de la Divisi\u00f3n Interamericana La Secretar\u00eda de Servicio Voluntario Adventista (AVS) de la Divisi\u00f3n Interamericana llevar\u00e1...\" \/>\n<meta property=\"og:url\" content=\"https:\/\/interamerica.org\/es\/2023\/05\/el-13-de-mayo-se-celebrara-el-dia-del-servicio-voluntario-adventista\/\" \/>\n<meta property=\"og:site_name\" content=\"Iglesia Adventista del S\u00e9ptimo D\u00eda - Divisi\u00f3n Interamericana\" \/>\n<meta property=\"article:published_time\" content=\"2023-05-05T19:30:21+00:00\" \/>\n<meta property=\"article:modified_time\" content=\"2023-05-08T14:43:08+00:00\" \/>\n<meta property=\"og:image\" content=\"https:\/\/interamerica.org\/wp-content\/uploads\/2023\/05\/avs-day2023.jpg\" \/>\n\t<meta property=\"og:image:width\" content=\"1280\" \/>\n\t<meta property=\"og:image:height\" content=\"800\" \/>\n\t<meta property=\"og:image:type\" content=\"image\/jpeg\" \/>\n<meta name=\"author\" content=\"libna\" \/>\n<meta name=\"twitter:card\" content=\"summary_large_image\" \/>\n<meta name=\"twitter:label1\" content=\"Escrito por\" \/>\n\t<meta name=\"twitter:data1\" content=\"libna\" \/>\n\t<meta name=\"twitter:label2\" content=\"Tiempo de lectura\" \/>\n\t<meta name=\"twitter:data2\" content=\"3 minutos\" \/>\n<script type=\"application\/ld+json\" class=\"yoast-schema-graph\">{\"@context\":\"https:\\\/\\\/schema.org\",\"@graph\":[{\"@type\":\"Article\",\"@id\":\"https:\\\/\\\/interamerica.org\\\/es\\\/2023\\\/05\\\/el-13-de-mayo-se-celebrara-el-dia-del-servicio-voluntario-adventista\\\/#article\",\"isPartOf\":{\"@id\":\"https:\\\/\\\/interamerica.org\\\/es\\\/2023\\\/05\\\/el-13-de-mayo-se-celebrara-el-dia-del-servicio-voluntario-adventista\\\/\"},\"author\":{\"name\":\"libna\",\"@id\":\"https:\\\/\\\/interamerica.org\\\/es\\\/#\\\/schema\\\/person\\\/29998f2bc2d8bd0d38662909289b54f1\"},\"headline\":\"El 13 de mayo se celebrar\u00e1 el D\u00eda del Servicio Voluntario Adventista\",\"datePublished\":\"2023-05-05T19:30:21+00:00\",\"dateModified\":\"2023-05-08T14:43:08+00:00\",\"mainEntityOfPage\":{\"@id\":\"https:\\\/\\\/interamerica.org\\\/es\\\/2023\\\/05\\\/el-13-de-mayo-se-celebrara-el-dia-del-servicio-voluntario-adventista\\\/\"},\"wordCount\":471,\"image\":{\"@id\":\"https:\\\/\\\/interamerica.org\\\/es\\\/2023\\\/05\\\/el-13-de-mayo-se-celebrara-el-dia-del-servicio-voluntario-adventista\\\/#primaryimage\"},\"thumbnailUrl\":\"https:\\\/\\\/interamerica.org\\\/wp-content\\\/uploads\\\/2023\\\/05\\\/avs-day2023.jpg\",\"articleSection\":[\"Desde la sede\",\"RSS Espa\u00f1ol\"],\"inLanguage\":\"es\"},{\"@type\":\"WebPage\",\"@id\":\"https:\\\/\\\/interamerica.org\\\/es\\\/2023\\\/05\\\/el-13-de-mayo-se-celebrara-el-dia-del-servicio-voluntario-adventista\\\/\",\"url\":\"https:\\\/\\\/interamerica.org\\\/es\\\/2023\\\/05\\\/el-13-de-mayo-se-celebrara-el-dia-del-servicio-voluntario-adventista\\\/\",\"name\":\"El 13 de mayo se celebrar\u00e1 el D\u00eda del Servicio Voluntario Adventista - Iglesia Adventista del S\u00e9ptimo D\u00eda - Divisi\u00f3n Interamericana\",\"isPartOf\":{\"@id\":\"https:\\\/\\\/interamerica.org\\\/es\\\/#website\"},\"primaryImageOfPage\":{\"@id\":\"https:\\\/\\\/interamerica.org\\\/es\\\/2023\\\/05\\\/el-13-de-mayo-se-celebrara-el-dia-del-servicio-voluntario-adventista\\\/#primaryimage\"},\"image\":{\"@id\":\"https:\\\/\\\/interamerica.org\\\/es\\\/2023\\\/05\\\/el-13-de-mayo-se-celebrara-el-dia-del-servicio-voluntario-adventista\\\/#primaryimage\"},\"thumbnailUrl\":\"https:\\\/\\\/interamerica.org\\\/wp-content\\\/uploads\\\/2023\\\/05\\\/avs-day2023.jpg\",\"datePublished\":\"2023-05-05T19:30:21+00:00\",\"dateModified\":\"2023-05-08T14:43:08+00:00\",\"author\":{\"@id\":\"https:\\\/\\\/interamerica.org\\\/es\\\/#\\\/schema\\\/person\\\/29998f2bc2d8bd0d38662909289b54f1\"},\"breadcrumb\":{\"@id\":\"https:\\\/\\\/interamerica.org\\\/es\\\/2023\\\/05\\\/el-13-de-mayo-se-celebrara-el-dia-del-servicio-voluntario-adventista\\\/#breadcrumb\"},\"inLanguage\":\"es\",\"potentialAction\":[{\"@type\":\"ReadAction\",\"target\":[\"https:\\\/\\\/interamerica.org\\\/es\\\/2023\\\/05\\\/el-13-de-mayo-se-celebrara-el-dia-del-servicio-voluntario-adventista\\\/\"]}]},{\"@type\":\"ImageObject\",\"inLanguage\":\"es\",\"@id\":\"https:\\\/\\\/interamerica.org\\\/es\\\/2023\\\/05\\\/el-13-de-mayo-se-celebrara-el-dia-del-servicio-voluntario-adventista\\\/#primaryimage\",\"url\":\"https:\\\/\\\/interamerica.org\\\/wp-content\\\/uploads\\\/2023\\\/05\\\/avs-day2023.jpg\",\"contentUrl\":\"https:\\\/\\\/interamerica.org\\\/wp-content\\\/uploads\\\/2023\\\/05\\\/avs-day2023.jpg\",\"width\":1280,\"height\":800},{\"@type\":\"BreadcrumbList\",\"@id\":\"https:\\\/\\\/interamerica.org\\\/es\\\/2023\\\/05\\\/el-13-de-mayo-se-celebrara-el-dia-del-servicio-voluntario-adventista\\\/#breadcrumb\",\"itemListElement\":[{\"@type\":\"ListItem\",\"position\":1,\"name\":\"Home\",\"item\":\"https:\\\/\\\/interamerica.org\\\/es\\\/\"},{\"@type\":\"ListItem\",\"position\":2,\"name\":\"El 13 de mayo se celebrar\u00e1 el D\u00eda del Servicio Voluntario Adventista\"}]},{\"@type\":\"WebSite\",\"@id\":\"https:\\\/\\\/interamerica.org\\\/es\\\/#website\",\"url\":\"https:\\\/\\\/interamerica.org\\\/es\\\/\",\"name\":\"Iglesia Adventista del S\u00e9ptimo D\u00eda - Divisi\u00f3n Interamericana\",\"description\":\"\",\"potentialAction\":[{\"@type\":\"SearchAction\",\"target\":{\"@type\":\"EntryPoint\",\"urlTemplate\":\"https:\\\/\\\/interamerica.org\\\/es\\\/?s={search_term_string}\"},\"query-input\":{\"@type\":\"PropertyValueSpecification\",\"valueRequired\":true,\"valueName\":\"search_term_string\"}}],\"inLanguage\":\"es\"},{\"@type\":\"Person\",\"@id\":\"https:\\\/\\\/interamerica.org\\\/es\\\/#\\\/schema\\\/person\\\/29998f2bc2d8bd0d38662909289b54f1\",\"name\":\"libna\",\"image\":{\"@type\":\"ImageObject\",\"inLanguage\":\"es\",\"@id\":\"https:\\\/\\\/secure.gravatar.com\\\/avatar\\\/7c5bd30ae4b47a9ba3c856590957fd1d96dc588bf3ac05719d247e126840331f?s=96&d=mm&r=g\",\"url\":\"https:\\\/\\\/secure.gravatar.com\\\/avatar\\\/7c5bd30ae4b47a9ba3c856590957fd1d96dc588bf3ac05719d247e126840331f?s=96&d=mm&r=g\",\"contentUrl\":\"https:\\\/\\\/secure.gravatar.com\\\/avatar\\\/7c5bd30ae4b47a9ba3c856590957fd1d96dc588bf3ac05719d247e126840331f?s=96&d=mm&r=g\",\"caption\":\"libna\"}}]}<\/script>\n<!-- \/ Yoast SEO plugin. -->","yoast_head_json":{"title":"El 13 de mayo se celebrar\u00e1 el D\u00eda del Servicio Voluntario Adventista - Iglesia Adventista del S\u00e9ptimo D\u00eda - Divisi\u00f3n Interamericana","robots":{"index":"index","follow":"follow","max-snippet":"max-snippet:-1","max-image-preview":"max-image-preview:large","max-video-preview":"max-video-preview:-1"},"canonical":"https:\/\/interamerica.org\/es\/2023\/05\/el-13-de-mayo-se-celebrara-el-dia-del-servicio-voluntario-adventista\/","og_locale":"es_ES","og_type":"article","og_title":"El 13 de mayo se celebrar\u00e1 el D\u00eda del Servicio Voluntario Adventista - Iglesia Adventista del S\u00e9ptimo D\u00eda - Divisi\u00f3n Interamericana","og_description":"5 de mayo de 2023 | Miami, Florida, Estados Unidos | Libna Stevens, Noticias de la Divisi\u00f3n Interamericana La Secretar\u00eda de Servicio Voluntario Adventista (AVS) de la Divisi\u00f3n Interamericana llevar\u00e1...","og_url":"https:\/\/interamerica.org\/es\/2023\/05\/el-13-de-mayo-se-celebrara-el-dia-del-servicio-voluntario-adventista\/","og_site_name":"Iglesia Adventista del S\u00e9ptimo D\u00eda - Divisi\u00f3n Interamericana","article_published_time":"2023-05-05T19:30:21+00:00","article_modified_time":"2023-05-08T14:43:08+00:00","og_image":[{"width":1280,"height":800,"url":"https:\/\/interamerica.org\/wp-content\/uploads\/2023\/05\/avs-day2023.jpg","type":"image\/jpeg"}],"author":"libna","twitter_card":"summary_large_image","twitter_misc":{"Escrito por":"libna","Tiempo de lectura":"3 minutos"},"schema":{"@context":"https:\/\/schema.org","@graph":[{"@type":"Article","@id":"https:\/\/interamerica.org\/es\/2023\/05\/el-13-de-mayo-se-celebrara-el-dia-del-servicio-voluntario-adventista\/#article","isPartOf":{"@id":"https:\/\/interamerica.org\/es\/2023\/05\/el-13-de-mayo-se-celebrara-el-dia-del-servicio-voluntario-adventista\/"},"author":{"name":"libna","@id":"https:\/\/interamerica.org\/es\/#\/schema\/person\/29998f2bc2d8bd0d38662909289b54f1"},"headline":"El 13 de mayo se celebrar\u00e1 el D\u00eda del Servicio Voluntario Adventista","datePublished":"2023-05-05T19:30:21+00:00","dateModified":"2023-05-08T14:43:08+00:00","mainEntityOfPage":{"@id":"https:\/\/interamerica.org\/es\/2023\/05\/el-13-de-mayo-se-celebrara-el-dia-del-servicio-voluntario-adventista\/"},"wordCount":471,"image":{"@id":"https:\/\/interamerica.org\/es\/2023\/05\/el-13-de-mayo-se-celebrara-el-dia-del-servicio-voluntario-adventista\/#primaryimage"},"thumbnailUrl":"https:\/\/interamerica.org\/wp-content\/uploads\/2023\/05\/avs-day2023.jpg","articleSection":["Desde la sede","RSS Espa\u00f1ol"],"inLanguage":"es"},{"@type":"WebPage","@id":"https:\/\/interamerica.org\/es\/2023\/05\/el-13-de-mayo-se-celebrara-el-dia-del-servicio-voluntario-adventista\/","url":"https:\/\/interamerica.org\/es\/2023\/05\/el-13-de-mayo-se-celebrara-el-dia-del-servicio-voluntario-adventista\/","name":"El 13 de mayo se celebrar\u00e1 el D\u00eda del Servicio Voluntario Adventista - Iglesia Adventista del S\u00e9ptimo D\u00eda - Divisi\u00f3n Interamericana","isPartOf":{"@id":"https:\/\/interamerica.org\/es\/#website"},"primaryImageOfPage":{"@id":"https:\/\/interamerica.org\/es\/2023\/05\/el-13-de-mayo-se-celebrara-el-dia-del-servicio-voluntario-adventista\/#primaryimage"},"image":{"@id":"https:\/\/interamerica.org\/es\/2023\/05\/el-13-de-mayo-se-celebrara-el-dia-del-servicio-voluntario-adventista\/#primaryimage"},"thumbnailUrl":"https:\/\/interamerica.org\/wp-content\/uploads\/2023\/05\/avs-day2023.jpg","datePublished":"2023-05-05T19:30:21+00:00","dateModified":"2023-05-08T14:43:08+00:00","author":{"@id":"https:\/\/interamerica.org\/es\/#\/schema\/person\/29998f2bc2d8bd0d38662909289b54f1"},"breadcrumb":{"@id":"https:\/\/interamerica.org\/es\/2023\/05\/el-13-de-mayo-se-celebrara-el-dia-del-servicio-voluntario-adventista\/#breadcrumb"},"inLanguage":"es","potentialAction":[{"@type":"ReadAction","target":["https:\/\/interamerica.org\/es\/2023\/05\/el-13-de-mayo-se-celebrara-el-dia-del-servicio-voluntario-adventista\/"]}]},{"@type":"ImageObject","inLanguage":"es","@id":"https:\/\/interamerica.org\/es\/2023\/05\/el-13-de-mayo-se-celebrara-el-dia-del-servicio-voluntario-adventista\/#primaryimage","url":"https:\/\/interamerica.org\/wp-content\/uploads\/2023\/05\/avs-day2023.jpg","contentUrl":"https:\/\/interamerica.org\/wp-content\/uploads\/2023\/05\/avs-day2023.jpg","width":1280,"height":800},{"@type":"BreadcrumbList","@id":"https:\/\/interamerica.org\/es\/2023\/05\/el-13-de-mayo-se-celebrara-el-dia-del-servicio-voluntario-adventista\/#breadcrumb","itemListElement":[{"@type":"ListItem","position":1,"name":"Home","item":"https:\/\/interamerica.org\/es\/"},{"@type":"ListItem","position":2,"name":"El 13 de mayo se celebrar\u00e1 el D\u00eda del Servicio Voluntario Adventista"}]},{"@type":"WebSite","@id":"https:\/\/interamerica.org\/es\/#website","url":"https:\/\/interamerica.org\/es\/","name":"Iglesia Adventista del S\u00e9ptimo D\u00eda - Divisi\u00f3n Interamericana","description":"","potentialAction":[{"@type":"SearchAction","target":{"@type":"EntryPoint","urlTemplate":"https:\/\/interamerica.org\/es\/?s={search_term_string}"},"query-input":{"@type":"PropertyValueSpecification","valueRequired":true,"valueName":"search_term_string"}}],"inLanguage":"es"},{"@type":"Person","@id":"https:\/\/interamerica.org\/es\/#\/schema\/person\/29998f2bc2d8bd0d38662909289b54f1","name":"libna","image":{"@type":"ImageObject","inLanguage":"es","@id":"https:\/\/secure.gravatar.com\/avatar\/7c5bd30ae4b47a9ba3c856590957fd1d96dc588bf3ac05719d247e126840331f?s=96&d=mm&r=g","url":"https:\/\/secure.gravatar.com\/avatar\/7c5bd30ae4b47a9ba3c856590957fd1d96dc588bf3ac05719d247e126840331f?s=96&d=mm&r=g","contentUrl":"https:\/\/secure.gravatar.com\/avatar\/7c5bd30ae4b47a9ba3c856590957fd1d96dc588bf3ac05719d247e126840331f?s=96&d=mm&r=g","caption":"libna"}}]}},"_links":{"self":[{"href":"https:\/\/interamerica.org\/es\/wp-json\/wp\/v2\/posts\/98566","targetHints":{"allow":["GET"]}}],"collection":[{"href":"https:\/\/interamerica.org\/es\/wp-json\/wp\/v2\/posts"}],"about":[{"href":"https:\/\/interamerica.org\/es\/wp-json\/wp\/v2\/types\/post"}],"author":[{"embeddable":true,"href":"https:\/\/interamerica.org\/es\/wp-json\/wp\/v2\/users\/3"}],"replies":[{"embeddable":true,"href":"https:\/\/interamerica.org\/es\/wp-json\/wp\/v2\/comments?post=98566"}],"version-history":[{"count":0,"href":"https:\/\/interamerica.org\/es\/wp-json\/wp\/v2\/posts\/98566\/revisions"}],"wp:featuredmedia":[{"embeddable":true,"href":"https:\/\/interamerica.org\/es\/wp-json\/wp\/v2\/media\/98512"}],"wp:attachment":[{"href":"https:\/\/interamerica.org\/es\/wp-json\/wp\/v2\/media?parent=98566"}],"wp:term":[{"taxonomy":"category","embeddable":true,"href":"https:\/\/interamerica.org\/es\/wp-json\/wp\/v2\/categories?post=98566"},{"taxonomy":"post_tag","embeddable":true,"href":"https:\/\/interamerica.org\/es\/wp-json\/wp\/v2\/tags?post=98566"}],"curies":[{"name":"wp","href":"https:\/\/api.w.org\/{rel}","templated":true}]}}