{"id":98661,"date":"2023-05-09T21:31:57","date_gmt":"2023-05-10T01:31:57","guid":{"rendered":"https:\/\/interamerica.org\/?p=98661"},"modified":"2023-05-10T09:45:38","modified_gmt":"2023-05-10T13:45:38","slug":"juntas-institucionales-reportan-sobre-su-crecimiento-y-planes-de-desarrollo","status":"publish","type":"post","link":"https:\/\/interamerica.org\/es\/2023\/05\/juntas-institucionales-reportan-sobre-su-crecimiento-y-planes-de-desarrollo\/","title":{"rendered":"Juntas institucionales reportan sobre su crecimiento y planes de desarrollo"},"content":{"rendered":"<p><div id=\"attachment_98625\" style=\"width: 880px\" class=\"wp-caption aligncenter\"><img fetchpriority=\"high\" decoding=\"async\" aria-describedby=\"caption-attachment-98625\" class=\" wp-image-98623\" src=\"https:\/\/interamerica.org\/wp-content\/uploads\/2023\/05\/efrain-velazquez-iats-mym23.jpg\" alt=\"\" width=\"870\" height=\"580\" srcset=\"https:\/\/interamerica.org\/wp-content\/uploads\/2023\/05\/efrain-velazquez-iats-mym23.jpg 1000w, https:\/\/interamerica.org\/wp-content\/uploads\/2023\/05\/efrain-velazquez-iats-mym23-300x200.jpg 300w, https:\/\/interamerica.org\/wp-content\/uploads\/2023\/05\/efrain-velazquez-iats-mym23-768x512.jpg 768w\" sizes=\"(max-width: 870px) 100vw, 870px\" \/><p id=\"caption-attachment-98625\" class=\"wp-caption-text\">Efra\u00edn Vel\u00e1zquez (derecha) presidente del Seminario Teol\u00f3gico Adventista Interamericano se dirige a los miembros de la junta, durante las sesiones en Miami, Florida, Estados Unidos, el 2 de mayo de 2023, mientras que el pastor Elie Henry, presidente de la Divisi\u00f3n Interamericana y presidente de la junta, escucha y analiza los documentos. [Fotograf\u00eda: Keila Trejo\/DIA]<\/p><\/div>9 de mayo de 2023 | Miami, Florida, Estados Unidos | Libna Stevens, Noticias de la Divisi\u00f3n Interamericana<\/p>\n<p>Dos juntas institucionales supervisadas por la Iglesia Adventista del S\u00e9ptimo en la Divisi\u00f3n Interamericana reportaron hace poco sus desarrollos, progresos financieros y planes para los pr\u00f3ximos a\u00f1os. Los miembros de la junta se reunieron para la Junta de Educaci\u00f3n Superior del Seminario Teol\u00f3gico Adventista Interamericano el 2 y el 3 de mayo de 2023, respectivamente, durante las sesiones de Mitad de A\u00f1o de la Junta Directiva de la Divisi\u00f3n Interamericana en Miami, Florida, Estados Unidos.<\/p>\n<p><strong>SETAI<\/strong><\/p>\n<p>El doctor Efrain Vel\u00e1zquez, presidente del <a href=\"http:\/\/setai.edu\/\">SETAI<\/a> y secretario de la junta, comenz\u00f3 las sesiones al expresar la misi\u00f3n y visi\u00f3n del seminario. \u201cEl SETAI se especializa en la educaci\u00f3n teol\u00f3gico de los l\u00edderes misioneros en un ambiente creativo y erudito de la Iglesia, mayormente en las Am\u00e9ricas\u201d, expres\u00f3. \u201cEl Seminario sirve como una comunidad de aprendizaje de l\u00edderes de diversidad cultural y \u00e9tnica en sus propios contextos culturales y nacionales. Los graduados del SETAI llevan una vida de testificaci\u00f3n y servicio. Ministran, proclaman la esperanza y discipulan a las comunidades de fe sobre la base de los fundamentos de las Escrituras\u201d.<\/p>\n<p><div id=\"attachment_98628\" style=\"width: 851px\" class=\"wp-caption aligncenter\"><img decoding=\"async\" aria-describedby=\"caption-attachment-98628\" class=\" wp-image-98626\" src=\"https:\/\/interamerica.org\/wp-content\/uploads\/2023\/05\/abilio-cima-iats-mym23.jpg\" alt=\"\" width=\"841\" height=\"538\" srcset=\"https:\/\/interamerica.org\/wp-content\/uploads\/2023\/05\/abilio-cima-iats-mym23.jpg 1000w, https:\/\/interamerica.org\/wp-content\/uploads\/2023\/05\/abilio-cima-iats-mym23-300x192.jpg 300w, https:\/\/interamerica.org\/wp-content\/uploads\/2023\/05\/abilio-cima-iats-mym23-768x492.jpg 768w\" sizes=\"(max-width: 841px) 100vw, 841px\" \/><p id=\"caption-attachment-98628\" class=\"wp-caption-text\">Abilio Cima, subtesorero de la Divisi\u00f3n Interamericana y vicepresidente de finanzas del SETAI, durante su informe financiero a los miembros de la junta el pasado 2 de mayo de 2023. [Fotograf\u00eda: Keila Trejo\/DIA]<\/p><\/div>Los miembros de la junta recibieron un informe sobre las visitas a los seminarios del territorio, los recursos b\u00edblicos disponibles, las conferencias y programas pastorales llevados a cabo en forma presencial y en l\u00ednea durante el a\u00f1o, y los programados para los pr\u00f3ximos meses.<\/p>\n<p>El SETAI, que ofrece t\u00edtulos de maestr\u00eda y doctorales a los ministros de toda la Divisi\u00f3n Interamericana, report\u00f3 que, para 2023, cuenta con 507 estudiantes registrados. La mayor\u00eda de los estudiantes est\u00e1n matriculados en la Universidad de Montemorelos, a lo que le sigue la Universidad Adventista Centroamericana y la Universidad Adventista de las Antillas.<\/p>\n<p>Los l\u00edderes del SETAI reportaron que est\u00e1n revisando el plan de estudios, para que est\u00e9 m\u00e1s basado en la misi\u00f3n y visi\u00f3n del seminario, en el perfil de los graduados y en los objetivos del programa. Asimismo, el seminario planea trabajar en un proyecto especial, para tener una base de datos unificada de los diversos planes de clase, modificar el proceso de desarrollo de cada asignatura, adem\u00e1s de actualizar los procesos de evaluaci\u00f3n.<\/p>\n<p><div id=\"attachment_98619\" style=\"width: 895px\" class=\"wp-caption aligncenter\"><img decoding=\"async\" aria-describedby=\"caption-attachment-98619\" class=\" wp-image-98617\" src=\"https:\/\/interamerica.org\/wp-content\/uploads\/2023\/05\/jorge-torreblanca-iats-mym23.jpg\" alt=\"\" width=\"885\" height=\"553\" srcset=\"https:\/\/interamerica.org\/wp-content\/uploads\/2023\/05\/jorge-torreblanca-iats-mym23.jpg 1000w, https:\/\/interamerica.org\/wp-content\/uploads\/2023\/05\/jorge-torreblanca-iats-mym23-300x188.jpg 300w, https:\/\/interamerica.org\/wp-content\/uploads\/2023\/05\/jorge-torreblanca-iats-mym23-768x480.jpg 768w\" sizes=\"(max-width: 885px) 100vw, 885px\" \/><p id=\"caption-attachment-98619\" class=\"wp-caption-text\">El pastor Elie Henry (derecha) entrega el Premio a la Excelencia \u00c1ngel Manuel Rodr\u00edguez a Jorge Torreblanca (izquierda) por su compromiso y servicio al SETAI, durante los \u00faltimos trece a\u00f1os, mientras que el pastor Efra\u00edn Vel\u00e1zquez (centro) observa. [Fotograf\u00eda: Keila Trejo\/DIA]<\/p><\/div>En su informe ante la junta del SETAI, Abilio Cima, subtesorero de la Divisi\u00f3n Interamericana y vicepresidente de finanzas del SETAI en ejercicio, inform\u00f3 que las finanzas a abril de este a\u00f1o, en comparaci\u00f3n con abril de 2022, muestran mejoras sostenidas. \u201cAlabamos a Dios por el desempe\u00f1o financiero del SETAI y el apoyo de las uniones y campos locales, para que contin\u00faen usando los recursos de la Divisi\u00f3n Interamericana hacia la misi\u00f3n de la iglesia y puedan volver a ustedes\u201d, dijo Cima. Al mismo tiempo, Cima report\u00f3 que se us\u00f3 el 67 por ciento del presupuesto acumulado para el a\u00f1o, \u201clo que significa que estamos gastando menos\u201d, expres\u00f3.<\/p>\n<p>Los miembros de la junta tambi\u00e9n recibieron un informe sobre las estrategias y la pr\u00f3xima evaluaci\u00f3n sobre la efectividad de los programas, la ense\u00f1anza a distancia, y las tan necesarias mejoras tecnol\u00f3gicas tanto para los docentes como para los estudiantes.<\/p>\n<p>La Junta del SETAI tambi\u00e9n votaron otorgar el <em>Premio a la Excelencia \u00c1ngel Manuel Rodr\u00edguez<\/em> a Jorge Torreblanca, quien se jubila despu\u00e9s de prestar servicios al SETAI durante 13 a\u00f1os. Torreblanca fue profesor de teolog\u00eda, coordinador de programas doctorales, y editor de la revista TeoBiblica, entre otras responsabilidades.<\/p>\n<p><div id=\"attachment_98641\" style=\"width: 905px\" class=\"wp-caption aligncenter\"><img loading=\"lazy\" decoding=\"async\" aria-describedby=\"caption-attachment-98641\" class=\" wp-image-98640\" src=\"https:\/\/interamerica.org\/wp-content\/uploads\/2023\/05\/faye-patterson-mym23.jpg\" alt=\"\" width=\"895\" height=\"597\" srcset=\"https:\/\/interamerica.org\/wp-content\/uploads\/2023\/05\/faye-patterson-mym23.jpg 1000w, https:\/\/interamerica.org\/wp-content\/uploads\/2023\/05\/faye-patterson-mym23-300x200.jpg 300w, https:\/\/interamerica.org\/wp-content\/uploads\/2023\/05\/faye-patterson-mym23-768x512.jpg 768w\" sizes=\"(max-width: 895px) 100vw, 895px\" \/><p id=\"caption-attachment-98641\" class=\"wp-caption-text\">Faye Patterson (izquierda), directora de educaci\u00f3n de la Divisi\u00f3n Interamericana, informa a los miembros de la junta sobre el progreso del Sistema Educativo Adventista en todo el territorio, mientras que el pastor Leonard Johnson (derecha), secretario ejecutivo de la Divisi\u00f3n Interamericana y presidente de la Junta de Educaci\u00f3n y Educaci\u00f3n Superior el 3 de mayo de 2023. [Fotograf\u00eda: Keila Trejo\/DIA]<\/p><\/div><strong>Junta de Educaci\u00f3n y Educaci\u00f3n Superior<\/strong><\/p>\n<p>Al comienzo de su informe a la Junta sobre Educaci\u00f3n Adventista, la doctora Faye Patterson, directora de educaci\u00f3n de la Divisi\u00f3n Interamericana, comenz\u00f3 expresando que la iglesia continu\u00f3 operando 910 escuelas preescolares, primarias y secundarias con 156.263 estudiantes en 2022, un aumento de los 112.824 estudiantes matriculados en 2021. En las universidades y seminarios, hubo 20.119 estudiantes matriculados en 13 universidades, una diferencia con 2021, cuando hubo 16.364 estudiantes.<\/p>\n<p>Son cifras positivas desde antes de la pandemia, dijo la doctora Patterson. \u201cAun en medio de los desaf\u00edos, nuestras escuelas y universidades crecieron\u201d.<\/p>\n<p>La matriculaci\u00f3n en las escuelas adventistas primarias y secundarias cont\u00f3 con un promedio de 42 por ciento de estudiantes adventistas y un 58 por ciento de no adventistas que asistieron al sistema educativo. Las universidades mostraron un promedio de un 63 por ciento de adventistas matriculados.<\/p>\n<p><div id=\"attachment_98637\" style=\"width: 905px\" class=\"wp-caption aligncenter\"><img loading=\"lazy\" decoding=\"async\" aria-describedby=\"caption-attachment-98637\" class=\" wp-image-98635\" src=\"https:\/\/interamerica.org\/wp-content\/uploads\/2023\/05\/students-mym23.png\" alt=\"\" width=\"895\" height=\"538\" srcset=\"https:\/\/interamerica.org\/wp-content\/uploads\/2023\/05\/students-mym23.png 1000w, https:\/\/interamerica.org\/wp-content\/uploads\/2023\/05\/students-mym23-300x180.png 300w, https:\/\/interamerica.org\/wp-content\/uploads\/2023\/05\/students-mym23-768x462.png 768w\" sizes=\"(max-width: 895px) 100vw, 895px\" \/><p id=\"caption-attachment-98637\" class=\"wp-caption-text\">Las estad\u00edsticas sobre el n\u00famero de estudiantes matriculados en las escuelas adventistas de la Divisi\u00f3n Interamericana entre 2019 y 2022. [Imagen: captura de pantalla de la DIA]<\/p><\/div>Patterson report\u00f3 que hubo 981 bautismos entre los estudiantes de las instituciones educativas. \u201cHemos estado creciendo, y tenemos docentes, capellanes y directores que est\u00e1n haciendo su trabajo de cumplir con la misi\u00f3n.<\/p>\n<p>Al mismo tiempo, dijo que el 66 por ciento de las escuelas secundarias est\u00e1n acreditadas, y que el 98 por ciento de las escuelas terciarias han sido acreditadas.<\/p>\n<p>Varias iniciativas en 2022 incluyeron un reciente simposio de liderazgo para docentes y educadores, una conferencia internacional sobre investigaci\u00f3n, y capacitaciones de certificaci\u00f3n, entre otros.<\/p>\n<p><div id=\"attachment_98634\" style=\"width: 878px\" class=\"wp-caption aligncenter\"><img loading=\"lazy\" decoding=\"async\" aria-describedby=\"caption-attachment-98634\" class=\" wp-image-98632\" src=\"https:\/\/interamerica.org\/wp-content\/uploads\/2023\/05\/baptims-in-schools-mym23.png\" alt=\"\" width=\"868\" height=\"499\" srcset=\"https:\/\/interamerica.org\/wp-content\/uploads\/2023\/05\/baptims-in-schools-mym23.png 1000w, https:\/\/interamerica.org\/wp-content\/uploads\/2023\/05\/baptims-in-schools-mym23-300x173.png 300w, https:\/\/interamerica.org\/wp-content\/uploads\/2023\/05\/baptims-in-schools-mym23-768x442.png 768w\" sizes=\"(max-width: 868px) 100vw, 868px\" \/><p id=\"caption-attachment-98634\" class=\"wp-caption-text\">Casi mil estudiantes fueron bautizados en la Iglesia Adventista gracias al sistema educativo adventista en la Divisi\u00f3n Interamericana. [Imagen: captura de pantalla de la DIA]<\/p><\/div>Los miembros de la junta votaron incorporar dos instituciones al sistema educativo adventista en la Uni\u00f3n Centroamericana Sur y la Uni\u00f3n Colombiana del Norte. Al mismo tiempo, los miembros de la junta votaron un cronograma de pr\u00f3ximas evaluaciones de decenas de colegios secundarios, que se llevar\u00e1n a cabo entre 2024 y 2028.<\/p>\n<p>Dos nuevos programas fueron aprobados en sendas universidades adventistas. Incluyen un M\u00e1ster en Ciencias de Enfermer\u00eda en la Universidad Norte\u00f1a del Caribe en Jamaica, y dos t\u00edtulos de grado en Ciencias, uno en Nutrici\u00f3n y Diet\u00e9tica, y otro en Enfermer\u00eda, en la Universidad Sure\u00f1a del Caribe en Trinidad.<\/p>\n<p>Traducci\u00f3n de Marcos Paseggi<\/p>\n","protected":false},"excerpt":{"rendered":"<p>9 de mayo de 2023 | Miami, Florida, Estados Unidos | Libna Stevens, Noticias de la Divisi\u00f3n Interamericana Dos juntas institucionales supervisadas por la Iglesia Adventista del S\u00e9ptimo en la&#8230;<\/p>\n","protected":false},"author":3,"featured_media":98625,"comment_status":"closed","ping_status":"closed","sticky":false,"template":"","format":"standard","meta":{"_acf_changed":false,"footnotes":""},"categories":[16,15],"tags":[],"class_list":["post-98661","post","type-post","status-publish","format-standard","has-post-thumbnail","hentry","category-desde-la-sede","category-rss-espanol"],"acf":[],"yoast_head":"<!-- This site is optimized with the Yoast SEO plugin v27.3 - https:\/\/yoast.com\/product\/yoast-seo-wordpress\/ -->\n<title>Juntas institucionales reportan sobre su crecimiento y planes de desarrollo - Iglesia Adventista del S\u00e9ptimo D\u00eda - Divisi\u00f3n Interamericana<\/title>\n<meta name=\"robots\" content=\"index, follow, max-snippet:-1, max-image-preview:large, max-video-preview:-1\" \/>\n<link rel=\"canonical\" href=\"https:\/\/interamerica.org\/es\/2023\/05\/juntas-institucionales-reportan-sobre-su-crecimiento-y-planes-de-desarrollo\/\" \/>\n<meta property=\"og:locale\" content=\"es_ES\" \/>\n<meta property=\"og:type\" content=\"article\" \/>\n<meta property=\"og:title\" content=\"Juntas institucionales reportan sobre su crecimiento y planes de desarrollo - Iglesia Adventista del S\u00e9ptimo D\u00eda - Divisi\u00f3n Interamericana\" \/>\n<meta property=\"og:description\" content=\"9 de mayo de 2023 | Miami, Florida, Estados Unidos | Libna Stevens, Noticias de la Divisi\u00f3n Interamericana Dos juntas institucionales supervisadas por la Iglesia Adventista del S\u00e9ptimo en la...\" \/>\n<meta property=\"og:url\" content=\"https:\/\/interamerica.org\/es\/2023\/05\/juntas-institucionales-reportan-sobre-su-crecimiento-y-planes-de-desarrollo\/\" \/>\n<meta property=\"og:site_name\" content=\"Iglesia Adventista del S\u00e9ptimo D\u00eda - Divisi\u00f3n Interamericana\" \/>\n<meta property=\"article:published_time\" content=\"2023-05-10T01:31:57+00:00\" \/>\n<meta property=\"article:modified_time\" content=\"2023-05-10T13:45:38+00:00\" \/>\n<meta property=\"og:image\" content=\"https:\/\/interamerica.org\/wp-content\/uploads\/2023\/05\/efrain-velazquez-iats-mym23.jpg\" \/>\n\t<meta property=\"og:image:width\" content=\"1000\" \/>\n\t<meta property=\"og:image:height\" content=\"667\" \/>\n\t<meta property=\"og:image:type\" content=\"image\/jpeg\" \/>\n<meta name=\"author\" content=\"libna\" \/>\n<meta name=\"twitter:card\" content=\"summary_large_image\" \/>\n<meta name=\"twitter:label1\" content=\"Escrito por\" \/>\n\t<meta name=\"twitter:data1\" content=\"libna\" \/>\n\t<meta name=\"twitter:label2\" content=\"Tiempo de lectura\" \/>\n\t<meta name=\"twitter:data2\" content=\"7 minutos\" \/>\n<script type=\"application\/ld+json\" class=\"yoast-schema-graph\">{\"@context\":\"https:\\\/\\\/schema.org\",\"@graph\":[{\"@type\":\"Article\",\"@id\":\"https:\\\/\\\/interamerica.org\\\/es\\\/2023\\\/05\\\/juntas-institucionales-reportan-sobre-su-crecimiento-y-planes-de-desarrollo\\\/#article\",\"isPartOf\":{\"@id\":\"https:\\\/\\\/interamerica.org\\\/es\\\/2023\\\/05\\\/juntas-institucionales-reportan-sobre-su-crecimiento-y-planes-de-desarrollo\\\/\"},\"author\":{\"name\":\"libna\",\"@id\":\"https:\\\/\\\/interamerica.org\\\/es\\\/#\\\/schema\\\/person\\\/29998f2bc2d8bd0d38662909289b54f1\"},\"headline\":\"Juntas institucionales reportan sobre su crecimiento y planes de desarrollo\",\"datePublished\":\"2023-05-10T01:31:57+00:00\",\"dateModified\":\"2023-05-10T13:45:38+00:00\",\"mainEntityOfPage\":{\"@id\":\"https:\\\/\\\/interamerica.org\\\/es\\\/2023\\\/05\\\/juntas-institucionales-reportan-sobre-su-crecimiento-y-planes-de-desarrollo\\\/\"},\"wordCount\":1254,\"image\":{\"@id\":\"https:\\\/\\\/interamerica.org\\\/es\\\/2023\\\/05\\\/juntas-institucionales-reportan-sobre-su-crecimiento-y-planes-de-desarrollo\\\/#primaryimage\"},\"thumbnailUrl\":\"https:\\\/\\\/interamerica.org\\\/wp-content\\\/uploads\\\/2023\\\/05\\\/efrain-velazquez-iats-mym23.jpg\",\"articleSection\":[\"Desde la sede\",\"RSS Espa\u00f1ol\"],\"inLanguage\":\"es\"},{\"@type\":\"WebPage\",\"@id\":\"https:\\\/\\\/interamerica.org\\\/es\\\/2023\\\/05\\\/juntas-institucionales-reportan-sobre-su-crecimiento-y-planes-de-desarrollo\\\/\",\"url\":\"https:\\\/\\\/interamerica.org\\\/es\\\/2023\\\/05\\\/juntas-institucionales-reportan-sobre-su-crecimiento-y-planes-de-desarrollo\\\/\",\"name\":\"Juntas institucionales reportan sobre su crecimiento y planes de desarrollo - Iglesia Adventista del S\u00e9ptimo D\u00eda - Divisi\u00f3n Interamericana\",\"isPartOf\":{\"@id\":\"https:\\\/\\\/interamerica.org\\\/es\\\/#website\"},\"primaryImageOfPage\":{\"@id\":\"https:\\\/\\\/interamerica.org\\\/es\\\/2023\\\/05\\\/juntas-institucionales-reportan-sobre-su-crecimiento-y-planes-de-desarrollo\\\/#primaryimage\"},\"image\":{\"@id\":\"https:\\\/\\\/interamerica.org\\\/es\\\/2023\\\/05\\\/juntas-institucionales-reportan-sobre-su-crecimiento-y-planes-de-desarrollo\\\/#primaryimage\"},\"thumbnailUrl\":\"https:\\\/\\\/interamerica.org\\\/wp-content\\\/uploads\\\/2023\\\/05\\\/efrain-velazquez-iats-mym23.jpg\",\"datePublished\":\"2023-05-10T01:31:57+00:00\",\"dateModified\":\"2023-05-10T13:45:38+00:00\",\"author\":{\"@id\":\"https:\\\/\\\/interamerica.org\\\/es\\\/#\\\/schema\\\/person\\\/29998f2bc2d8bd0d38662909289b54f1\"},\"breadcrumb\":{\"@id\":\"https:\\\/\\\/interamerica.org\\\/es\\\/2023\\\/05\\\/juntas-institucionales-reportan-sobre-su-crecimiento-y-planes-de-desarrollo\\\/#breadcrumb\"},\"inLanguage\":\"es\",\"potentialAction\":[{\"@type\":\"ReadAction\",\"target\":[\"https:\\\/\\\/interamerica.org\\\/es\\\/2023\\\/05\\\/juntas-institucionales-reportan-sobre-su-crecimiento-y-planes-de-desarrollo\\\/\"]}]},{\"@type\":\"ImageObject\",\"inLanguage\":\"es\",\"@id\":\"https:\\\/\\\/interamerica.org\\\/es\\\/2023\\\/05\\\/juntas-institucionales-reportan-sobre-su-crecimiento-y-planes-de-desarrollo\\\/#primaryimage\",\"url\":\"https:\\\/\\\/interamerica.org\\\/wp-content\\\/uploads\\\/2023\\\/05\\\/efrain-velazquez-iats-mym23.jpg\",\"contentUrl\":\"https:\\\/\\\/interamerica.org\\\/wp-content\\\/uploads\\\/2023\\\/05\\\/efrain-velazquez-iats-mym23.jpg\",\"width\":1000,\"height\":667,\"caption\":\"[Photo: Keila Trejo\\\/IAD]\"},{\"@type\":\"BreadcrumbList\",\"@id\":\"https:\\\/\\\/interamerica.org\\\/es\\\/2023\\\/05\\\/juntas-institucionales-reportan-sobre-su-crecimiento-y-planes-de-desarrollo\\\/#breadcrumb\",\"itemListElement\":[{\"@type\":\"ListItem\",\"position\":1,\"name\":\"Home\",\"item\":\"https:\\\/\\\/interamerica.org\\\/es\\\/\"},{\"@type\":\"ListItem\",\"position\":2,\"name\":\"Juntas institucionales reportan sobre su crecimiento y planes de desarrollo\"}]},{\"@type\":\"WebSite\",\"@id\":\"https:\\\/\\\/interamerica.org\\\/es\\\/#website\",\"url\":\"https:\\\/\\\/interamerica.org\\\/es\\\/\",\"name\":\"Iglesia Adventista del S\u00e9ptimo D\u00eda - Divisi\u00f3n Interamericana\",\"description\":\"\",\"potentialAction\":[{\"@type\":\"SearchAction\",\"target\":{\"@type\":\"EntryPoint\",\"urlTemplate\":\"https:\\\/\\\/interamerica.org\\\/es\\\/?s={search_term_string}\"},\"query-input\":{\"@type\":\"PropertyValueSpecification\",\"valueRequired\":true,\"valueName\":\"search_term_string\"}}],\"inLanguage\":\"es\"},{\"@type\":\"Person\",\"@id\":\"https:\\\/\\\/interamerica.org\\\/es\\\/#\\\/schema\\\/person\\\/29998f2bc2d8bd0d38662909289b54f1\",\"name\":\"libna\",\"image\":{\"@type\":\"ImageObject\",\"inLanguage\":\"es\",\"@id\":\"https:\\\/\\\/secure.gravatar.com\\\/avatar\\\/7c5bd30ae4b47a9ba3c856590957fd1d96dc588bf3ac05719d247e126840331f?s=96&d=mm&r=g\",\"url\":\"https:\\\/\\\/secure.gravatar.com\\\/avatar\\\/7c5bd30ae4b47a9ba3c856590957fd1d96dc588bf3ac05719d247e126840331f?s=96&d=mm&r=g\",\"contentUrl\":\"https:\\\/\\\/secure.gravatar.com\\\/avatar\\\/7c5bd30ae4b47a9ba3c856590957fd1d96dc588bf3ac05719d247e126840331f?s=96&d=mm&r=g\",\"caption\":\"libna\"}}]}<\/script>\n<!-- \/ Yoast SEO plugin. -->","yoast_head_json":{"title":"Juntas institucionales reportan sobre su crecimiento y planes de desarrollo - Iglesia Adventista del S\u00e9ptimo D\u00eda - Divisi\u00f3n Interamericana","robots":{"index":"index","follow":"follow","max-snippet":"max-snippet:-1","max-image-preview":"max-image-preview:large","max-video-preview":"max-video-preview:-1"},"canonical":"https:\/\/interamerica.org\/es\/2023\/05\/juntas-institucionales-reportan-sobre-su-crecimiento-y-planes-de-desarrollo\/","og_locale":"es_ES","og_type":"article","og_title":"Juntas institucionales reportan sobre su crecimiento y planes de desarrollo - Iglesia Adventista del S\u00e9ptimo D\u00eda - Divisi\u00f3n Interamericana","og_description":"9 de mayo de 2023 | Miami, Florida, Estados Unidos | Libna Stevens, Noticias de la Divisi\u00f3n Interamericana Dos juntas institucionales supervisadas por la Iglesia Adventista del S\u00e9ptimo en la...","og_url":"https:\/\/interamerica.org\/es\/2023\/05\/juntas-institucionales-reportan-sobre-su-crecimiento-y-planes-de-desarrollo\/","og_site_name":"Iglesia Adventista del S\u00e9ptimo D\u00eda - Divisi\u00f3n Interamericana","article_published_time":"2023-05-10T01:31:57+00:00","article_modified_time":"2023-05-10T13:45:38+00:00","og_image":[{"width":1000,"height":667,"url":"https:\/\/interamerica.org\/wp-content\/uploads\/2023\/05\/efrain-velazquez-iats-mym23.jpg","type":"image\/jpeg"}],"author":"libna","twitter_card":"summary_large_image","twitter_misc":{"Escrito por":"libna","Tiempo de lectura":"7 minutos"},"schema":{"@context":"https:\/\/schema.org","@graph":[{"@type":"Article","@id":"https:\/\/interamerica.org\/es\/2023\/05\/juntas-institucionales-reportan-sobre-su-crecimiento-y-planes-de-desarrollo\/#article","isPartOf":{"@id":"https:\/\/interamerica.org\/es\/2023\/05\/juntas-institucionales-reportan-sobre-su-crecimiento-y-planes-de-desarrollo\/"},"author":{"name":"libna","@id":"https:\/\/interamerica.org\/es\/#\/schema\/person\/29998f2bc2d8bd0d38662909289b54f1"},"headline":"Juntas institucionales reportan sobre su crecimiento y planes de desarrollo","datePublished":"2023-05-10T01:31:57+00:00","dateModified":"2023-05-10T13:45:38+00:00","mainEntityOfPage":{"@id":"https:\/\/interamerica.org\/es\/2023\/05\/juntas-institucionales-reportan-sobre-su-crecimiento-y-planes-de-desarrollo\/"},"wordCount":1254,"image":{"@id":"https:\/\/interamerica.org\/es\/2023\/05\/juntas-institucionales-reportan-sobre-su-crecimiento-y-planes-de-desarrollo\/#primaryimage"},"thumbnailUrl":"https:\/\/interamerica.org\/wp-content\/uploads\/2023\/05\/efrain-velazquez-iats-mym23.jpg","articleSection":["Desde la sede","RSS Espa\u00f1ol"],"inLanguage":"es"},{"@type":"WebPage","@id":"https:\/\/interamerica.org\/es\/2023\/05\/juntas-institucionales-reportan-sobre-su-crecimiento-y-planes-de-desarrollo\/","url":"https:\/\/interamerica.org\/es\/2023\/05\/juntas-institucionales-reportan-sobre-su-crecimiento-y-planes-de-desarrollo\/","name":"Juntas institucionales reportan sobre su crecimiento y planes de desarrollo - Iglesia Adventista del S\u00e9ptimo D\u00eda - Divisi\u00f3n Interamericana","isPartOf":{"@id":"https:\/\/interamerica.org\/es\/#website"},"primaryImageOfPage":{"@id":"https:\/\/interamerica.org\/es\/2023\/05\/juntas-institucionales-reportan-sobre-su-crecimiento-y-planes-de-desarrollo\/#primaryimage"},"image":{"@id":"https:\/\/interamerica.org\/es\/2023\/05\/juntas-institucionales-reportan-sobre-su-crecimiento-y-planes-de-desarrollo\/#primaryimage"},"thumbnailUrl":"https:\/\/interamerica.org\/wp-content\/uploads\/2023\/05\/efrain-velazquez-iats-mym23.jpg","datePublished":"2023-05-10T01:31:57+00:00","dateModified":"2023-05-10T13:45:38+00:00","author":{"@id":"https:\/\/interamerica.org\/es\/#\/schema\/person\/29998f2bc2d8bd0d38662909289b54f1"},"breadcrumb":{"@id":"https:\/\/interamerica.org\/es\/2023\/05\/juntas-institucionales-reportan-sobre-su-crecimiento-y-planes-de-desarrollo\/#breadcrumb"},"inLanguage":"es","potentialAction":[{"@type":"ReadAction","target":["https:\/\/interamerica.org\/es\/2023\/05\/juntas-institucionales-reportan-sobre-su-crecimiento-y-planes-de-desarrollo\/"]}]},{"@type":"ImageObject","inLanguage":"es","@id":"https:\/\/interamerica.org\/es\/2023\/05\/juntas-institucionales-reportan-sobre-su-crecimiento-y-planes-de-desarrollo\/#primaryimage","url":"https:\/\/interamerica.org\/wp-content\/uploads\/2023\/05\/efrain-velazquez-iats-mym23.jpg","contentUrl":"https:\/\/interamerica.org\/wp-content\/uploads\/2023\/05\/efrain-velazquez-iats-mym23.jpg","width":1000,"height":667,"caption":"[Photo: Keila Trejo\/IAD]"},{"@type":"BreadcrumbList","@id":"https:\/\/interamerica.org\/es\/2023\/05\/juntas-institucionales-reportan-sobre-su-crecimiento-y-planes-de-desarrollo\/#breadcrumb","itemListElement":[{"@type":"ListItem","position":1,"name":"Home","item":"https:\/\/interamerica.org\/es\/"},{"@type":"ListItem","position":2,"name":"Juntas institucionales reportan sobre su crecimiento y planes de desarrollo"}]},{"@type":"WebSite","@id":"https:\/\/interamerica.org\/es\/#website","url":"https:\/\/interamerica.org\/es\/","name":"Iglesia Adventista del S\u00e9ptimo D\u00eda - Divisi\u00f3n Interamericana","description":"","potentialAction":[{"@type":"SearchAction","target":{"@type":"EntryPoint","urlTemplate":"https:\/\/interamerica.org\/es\/?s={search_term_string}"},"query-input":{"@type":"PropertyValueSpecification","valueRequired":true,"valueName":"search_term_string"}}],"inLanguage":"es"},{"@type":"Person","@id":"https:\/\/interamerica.org\/es\/#\/schema\/person\/29998f2bc2d8bd0d38662909289b54f1","name":"libna","image":{"@type":"ImageObject","inLanguage":"es","@id":"https:\/\/secure.gravatar.com\/avatar\/7c5bd30ae4b47a9ba3c856590957fd1d96dc588bf3ac05719d247e126840331f?s=96&d=mm&r=g","url":"https:\/\/secure.gravatar.com\/avatar\/7c5bd30ae4b47a9ba3c856590957fd1d96dc588bf3ac05719d247e126840331f?s=96&d=mm&r=g","contentUrl":"https:\/\/secure.gravatar.com\/avatar\/7c5bd30ae4b47a9ba3c856590957fd1d96dc588bf3ac05719d247e126840331f?s=96&d=mm&r=g","caption":"libna"}}]}},"_links":{"self":[{"href":"https:\/\/interamerica.org\/es\/wp-json\/wp\/v2\/posts\/98661","targetHints":{"allow":["GET"]}}],"collection":[{"href":"https:\/\/interamerica.org\/es\/wp-json\/wp\/v2\/posts"}],"about":[{"href":"https:\/\/interamerica.org\/es\/wp-json\/wp\/v2\/types\/post"}],"author":[{"embeddable":true,"href":"https:\/\/interamerica.org\/es\/wp-json\/wp\/v2\/users\/3"}],"replies":[{"embeddable":true,"href":"https:\/\/interamerica.org\/es\/wp-json\/wp\/v2\/comments?post=98661"}],"version-history":[{"count":0,"href":"https:\/\/interamerica.org\/es\/wp-json\/wp\/v2\/posts\/98661\/revisions"}],"wp:featuredmedia":[{"embeddable":true,"href":"https:\/\/interamerica.org\/es\/wp-json\/wp\/v2\/media\/98625"}],"wp:attachment":[{"href":"https:\/\/interamerica.org\/es\/wp-json\/wp\/v2\/media?parent=98661"}],"wp:term":[{"taxonomy":"category","embeddable":true,"href":"https:\/\/interamerica.org\/es\/wp-json\/wp\/v2\/categories?post=98661"},{"taxonomy":"post_tag","embeddable":true,"href":"https:\/\/interamerica.org\/es\/wp-json\/wp\/v2\/tags?post=98661"}],"curies":[{"name":"wp","href":"https:\/\/api.w.org\/{rel}","templated":true}]}}