{"id":98888,"date":"2023-05-15T15:45:09","date_gmt":"2023-05-15T19:45:09","guid":{"rendered":"https:\/\/interamerica.org\/?p=98888"},"modified":"2023-05-16T09:53:20","modified_gmt":"2023-05-16T13:53:20","slug":"en-mexico-pastores-locales-dialogan-y-reenfocan-su-ministerio-para-cumplir-mejor-con-la-mision","status":"publish","type":"post","link":"https:\/\/interamerica.org\/es\/2023\/05\/en-mexico-pastores-locales-dialogan-y-reenfocan-su-ministerio-para-cumplir-mejor-con-la-mision\/","title":{"rendered":"En M\u00e9xico, pastores locales dialogan y reenfocan su ministerio para cumplir mejor con la misi\u00f3n"},"content":{"rendered":"<p><div id=\"attachment_98821\" style=\"width: 1010px\" class=\"wp-caption aligncenter\"><img fetchpriority=\"high\" decoding=\"async\" aria-describedby=\"caption-attachment-98821\" class=\"size-full wp-image-98820\" src=\"https:\/\/interamerica.org\/wp-content\/uploads\/2023\/05\/semu-pastors-studying.jpg\" alt=\"\" width=\"1000\" height=\"667\" srcset=\"https:\/\/interamerica.org\/wp-content\/uploads\/2023\/05\/semu-pastors-studying.jpg 1000w, https:\/\/interamerica.org\/wp-content\/uploads\/2023\/05\/semu-pastors-studying-300x200.jpg 300w, https:\/\/interamerica.org\/wp-content\/uploads\/2023\/05\/semu-pastors-studying-768x512.jpg 768w\" sizes=\"(max-width: 1000px) 100vw, 1000px\" \/><p id=\"caption-attachment-98821\" class=\"wp-caption-text\">Pastores de la Uni\u00f3n Mexicana del Sureste<br \/>from the Southeast Mexican Union meet during a first ministerial retreat at the church\u2019s El Tr\u00e9bol, Tekax, Campgrounds, in southeastern Mexico on Apr. 16-19, 2023. The four-day event was part of dialogue sessions where 196 local district pastors shared their experiences, studied the Bible and focused on fulfilling the mission of sharing the gospel more effectively in their congregations and the community. [Photo: Germ\u00e1n Rodr\u00edguez]<\/p><\/div>15 de mayo de 2023 | M\u00e9rida, M\u00e9xico | V\u00edctor Mart\u00ednez y Noticias de la Divisi\u00f3n Interamericana<\/p>\n<p>Decenas de pastores distritales de toda la Iglesia Adventista del S\u00e9ptimo D\u00eda en la Uni\u00f3n Mexicana del Sureste, se reunieron hace poco para participar del primer retiro espiritual de su historia, donde pudieron dialogar y compartir sus experiencias con los administradores de la iglesia, permanecer anclados en la Palabra de Dios mientras siguen enfocados en cumplir la misi\u00f3n de compartir el evangelio y pastorear a cientos de miembros en medio de numerosos desaf\u00edos que enfrentan en su ministerio.<\/p>\n<p>Los 196 pastores locales de los siete campos locales de la regi\u00f3n sureste de M\u00e9xico se reunieron en el Campamento Tekax El Tr\u00e9bol, de propiedad de la iglesia, del 16-19 de abril de 2023.<\/p>\n<p><div id=\"attachment_98824\" style=\"width: 926px\" class=\"wp-caption aligncenter\"><img decoding=\"async\" aria-describedby=\"caption-attachment-98824\" class=\" wp-image-98823\" src=\"https:\/\/interamerica.org\/wp-content\/uploads\/2023\/05\/semu-elie-henry-pastors.jpg\" alt=\"\" width=\"916\" height=\"611\" srcset=\"https:\/\/interamerica.org\/wp-content\/uploads\/2023\/05\/semu-elie-henry-pastors.jpg 1000w, https:\/\/interamerica.org\/wp-content\/uploads\/2023\/05\/semu-elie-henry-pastors-300x200.jpg 300w, https:\/\/interamerica.org\/wp-content\/uploads\/2023\/05\/semu-elie-henry-pastors-768x512.jpg 768w\" sizes=\"(max-width: 916px) 100vw, 916px\" \/><p id=\"caption-attachment-98824\" class=\"wp-caption-text\">El pastor Elie Henry, presidente de la Divisi\u00f3n Interamericana, habla a los pastores locales de la Uni\u00f3n Mexicana del Sureste durante los momentos devocionales. [Fotograf\u00eda: Germ\u00e1n Rodr\u00edguez]<\/p><\/div>\u201cQueremos facilitar un encuentro personal con nuestro Salvador y usar la oportunidad para hablar, analizar las definiciones b\u00edblicas y del esp\u00edritu de profec\u00eda sobre el don pastoral, y orar para comprender cu\u00e1les son nuestras tareas para ministrar a los miembros\u201d, dijo el pastor David Celis, presidente de la Uni\u00f3n Mexicana del Sureste. \u201cEs fundamental que busquemos el Esp\u00edritu Santo para comprender qu\u00e9 significa ser pastor y cu\u00e1l es nuestro impacto en la iglesia y la comunidad\u201d.<\/p>\n<p>El pastor Celis, quien, antes de ser elegido como presidente de la Uni\u00f3n Mexicana del Sureste, prest\u00f3 servicios por muchos a\u00f1os como su secretario ejecutivo, dijo que era importante aprender c\u00f3mo se sent\u00edan los pastores, qu\u00e9 enfrentaban, cu\u00e1les eran sus necesidades y preocupaciones m\u00e1s apremiantes, y animarlos a un compromiso sincero con la misi\u00f3n y el discipulado.<\/p>\n<p>\u201cLa tarea m\u00e1s importante del pastor es la de promover y facilitar el discipulado, la visitaci\u00f3n y la ense\u00f1anza a los miembros de la iglesia\u201d, dijo Celis.<\/p>\n<p><div id=\"attachment_98818\" style=\"width: 937px\" class=\"wp-caption aligncenter\"><img decoding=\"async\" aria-describedby=\"caption-attachment-98818\" class=\" wp-image-98817\" src=\"https:\/\/interamerica.org\/wp-content\/uploads\/2023\/05\/semu-pastors-group-sessions.jpg\" alt=\"\" width=\"927\" height=\"618\" srcset=\"https:\/\/interamerica.org\/wp-content\/uploads\/2023\/05\/semu-pastors-group-sessions.jpg 1000w, https:\/\/interamerica.org\/wp-content\/uploads\/2023\/05\/semu-pastors-group-sessions-300x200.jpg 300w, https:\/\/interamerica.org\/wp-content\/uploads\/2023\/05\/semu-pastors-group-sessions-768x512.jpg 768w\" sizes=\"(max-width: 927px) 100vw, 927px\" \/><p id=\"caption-attachment-98818\" class=\"wp-caption-text\">Los pastores estudian y reflexionan en sesiones de grupos espec\u00edficos durante todo el d\u00eda. [Fotograf\u00eda: Germ\u00e1n Rodr\u00edguez]<\/p><\/div><strong>Un ministerio cristoc\u00e9ntrico<\/strong><\/p>\n<p>El pastor Elie Henry, presidente de la Divisi\u00f3n Interamericana, durante uno de sus mensajes especiales al grupo pastoral, expres\u00f3: \u201cEl ministerio pastoral necesita ser un ministerio cristoc\u00e9ntrico, un ministerio que puede hacer de la Biblia y la oraci\u00f3n su principal herramienta\u201d, dijo. Los pastores tienen que enfocarse en proclamar el reino de Dios, record\u00f3 el pastor Henry. \u201cNuestro mensaje adventista proviene de los mensajes de los tres \u00e1ngeles y nos lleva hacia el evento m\u00e1s glorioso, que es la segunda venida de Cristo\u201d.<\/p>\n<p>Las reuniones se refirieron a que los pastores usen cada espacio como una oportunidad de reflexionar sobre el cumplimiento de su ministerio de manera m\u00e1s efectiva, y sobre la promoci\u00f3n de una mayor integraci\u00f3n entre el cuerpo ministerial de la uni\u00f3n, dijo el pastor Breyner Roblero, secretario ministerial y uno de los principales organizadores del evento.<\/p>\n<p><div id=\"attachment_98827\" style=\"width: 904px\" class=\"wp-caption aligncenter\"><img loading=\"lazy\" decoding=\"async\" aria-describedby=\"caption-attachment-98827\" class=\" wp-image-98826\" src=\"https:\/\/interamerica.org\/wp-content\/uploads\/2023\/05\/semu-pastors-exercise.jpg\" alt=\"\" width=\"894\" height=\"596\" srcset=\"https:\/\/interamerica.org\/wp-content\/uploads\/2023\/05\/semu-pastors-exercise.jpg 1000w, https:\/\/interamerica.org\/wp-content\/uploads\/2023\/05\/semu-pastors-exercise-300x200.jpg 300w, https:\/\/interamerica.org\/wp-content\/uploads\/2023\/05\/semu-pastors-exercise-768x512.jpg 768w\" sizes=\"(max-width: 894px) 100vw, 894px\" \/><p id=\"caption-attachment-98827\" class=\"wp-caption-text\">Los pastores dedicand tiempo a estirarse y hacer ejercicios, durante el evento de cuatro d\u00edas en el sureste de M\u00e9xico. [Fotograf\u00eda: Germ\u00e1n Rodr\u00edguez]<\/p><\/div>Los pastores participaron en las sesiones grupales para analizar maneras de trabajar juntos entre los diferentes campos locales, y de presentar mejores maneras de responder a las necesidades de la iglesia, explic\u00f3 Roblero. Aunque en el pasado se han llevado a cabo retiros ministeriales, este retiro fue dise\u00f1ado para dar forma a un nuevo paradigma del ministerio pastoral en toda la uni\u00f3n, a\u00f1adi\u00f3 Roblero.<\/p>\n<p>\u201cAnte tantas responsabilidades, como lo son predicar sermones, organizar programas de evangelismo, presidir las juntas de iglesia, visitar a los miembros, estar al tanto de los eventos y actividades del calendario de la iglesia local, adem\u00e1s de los campos locales, la uni\u00f3n y la divisi\u00f3n, muchas veces, los pastores llegan a sus casas a media noche todas las noches\u201d, dijo Roblero.<\/p>\n<p><div id=\"attachment_98872\" style=\"width: 900px\" class=\"wp-caption aligncenter\"><img loading=\"lazy\" decoding=\"async\" aria-describedby=\"caption-attachment-98872\" class=\" wp-image-98870\" src=\"https:\/\/interamerica.org\/wp-content\/uploads\/2023\/05\/semu-group-session-outdoors-b.jpg\" alt=\"\" width=\"890\" height=\"594\" srcset=\"https:\/\/interamerica.org\/wp-content\/uploads\/2023\/05\/semu-group-session-outdoors-b.jpg 1000w, https:\/\/interamerica.org\/wp-content\/uploads\/2023\/05\/semu-group-session-outdoors-b-300x200.jpg 300w, https:\/\/interamerica.org\/wp-content\/uploads\/2023\/05\/semu-group-session-outdoors-b-768x512.jpg 768w\" sizes=\"(max-width: 890px) 100vw, 890px\" \/><p id=\"caption-attachment-98872\" class=\"wp-caption-text\">Los pastores dialogan, durante una de varias sesiones grupales del evento pastoral. [Fotograf\u00eda: Germ\u00e1n Rodr\u00edguez]<\/p><\/div><strong>Pastorear a m\u00e1s de doce iglesias<\/strong><\/p>\n<p>Un pastor en la Uni\u00f3n Mexicana del Sureste puede tener un promedio de 14 a 16 iglesias, con un total de m\u00e1s de ochocientos o mil miembros de iglesia, dijo Roblero.<\/p>\n<p>Para muchos de los pastores, la reuni\u00f3n ministerial sirvi\u00f3 como un nuevo compromiso al llamado al ministerio, como en el caso de Dar\u00edo Ocampo, de 52 a\u00f1os, que es pastor de doce iglesias en el distrito en Chetumal, Quintana Roo. \u201cDios me dio un llamado maravilloso seg\u00fan el cual deber\u00eda aprender a amar el cuerpo de Cristo, que es su iglesia, ser paciente con cada miembro mientras siento que soy parte de una misi\u00f3n que tenemos, para que el fin llegue pronto\u201d, dijo Ocampo.<\/p>\n<p><div id=\"attachment_98863\" style=\"width: 889px\" class=\"wp-caption aligncenter\"><img loading=\"lazy\" decoding=\"async\" aria-describedby=\"caption-attachment-98863\" class=\" wp-image-98861\" src=\"https:\/\/interamerica.org\/wp-content\/uploads\/2023\/05\/familia-pastoral.jpg\" alt=\"\" width=\"879\" height=\"617\" srcset=\"https:\/\/interamerica.org\/wp-content\/uploads\/2023\/05\/familia-pastoral.jpg 950w, https:\/\/interamerica.org\/wp-content\/uploads\/2023\/05\/familia-pastoral-300x211.jpg 300w, https:\/\/interamerica.org\/wp-content\/uploads\/2023\/05\/familia-pastoral-768x539.jpg 768w\" sizes=\"(max-width: 879px) 100vw, 879px\" \/><p id=\"caption-attachment-98863\" class=\"wp-caption-text\">El pastor Neftaly V\u00e1zquez, ques es pastor de doce iglesias en el distrito de Juan Aldama en Teapa, Tabasco, posa para una fotograf\u00eda con su familia. [Fotograf\u00eda: Germ\u00e1n Rodr\u00edguez]<\/p><\/div>Benjam\u00edn Vargas, que es pastor de la Iglesia Adventista Central, una congregaci\u00f3n con m\u00e1s de seiscientos miembros en Canc\u00fan, dijo que \u201cser pastor en 2023 es ser apasionado por la misi\u00f3n. Alguien que tiene una relaci\u00f3n cercana con Dios, que ama, cuida, sana, renueva e investiga\u201d, expres\u00f3. \u201cComo pastor, es necesario ir m\u00e1s all\u00e1 de la rutina diaria, entrar a la innovaci\u00f3n de la fe basados en las Sagradas Escrituras para ser como Cristo en un mundo cambiante\u201d.<\/p>\n<p>El pastor Neftaly V\u00e1zquez, quien tiene casi cuarenta a\u00f1os de servicio y actualmente est\u00e1 al frente de doce iglesias en el distrito de Juan Aldama en Teapa, Tabasco, descubri\u00f3 que lo m\u00e1s importante es comprender el ministerio propio. \u201cAprend\u00ed que estas reuniones en las que aprendemos m\u00e1s sobre nuestra visi\u00f3n en el ministerio con los j\u00f3venes nos ayuda a enfocarnos en la misi\u00f3n\u201d.<\/p>\n<p><div id=\"attachment_98866\" style=\"width: 862px\" class=\"wp-caption aligncenter\"><img loading=\"lazy\" decoding=\"async\" aria-describedby=\"caption-attachment-98866\" class=\" wp-image-98864\" src=\"https:\/\/interamerica.org\/wp-content\/uploads\/2023\/05\/david-celis-campestre-ministerial-1024x683.jpg\" alt=\"\" width=\"852\" height=\"568\" srcset=\"https:\/\/interamerica.org\/wp-content\/uploads\/2023\/05\/david-celis-campestre-ministerial-1024x683.jpg 1024w, https:\/\/interamerica.org\/wp-content\/uploads\/2023\/05\/david-celis-campestre-ministerial-300x200.jpg 300w, https:\/\/interamerica.org\/wp-content\/uploads\/2023\/05\/david-celis-campestre-ministerial-768x512.jpg 768w, https:\/\/interamerica.org\/wp-content\/uploads\/2023\/05\/david-celis-campestre-ministerial-1536x1024.jpg 1536w, https:\/\/interamerica.org\/wp-content\/uploads\/2023\/05\/david-celis-campestre-ministerial-2048x1365.jpg 2048w\" sizes=\"(max-width: 852px) 100vw, 852px\" \/><p id=\"caption-attachment-98866\" class=\"wp-caption-text\">El pastor David Celis (segundo desde la izquierda), presidente de la Uni\u00f3n Mexicana del Sureste, dirige el servicio de Santa Cena al final del evento ministerial. [Fotograf\u00eda: Germ\u00e1n Rodr\u00edguez]<\/p><\/div>Las experiencias en el ministerio han marcado el prop\u00f3sito que Dios tiene en su vida, cont\u00f3 V\u00e1zquez. \u201cDios tuvo un prop\u00f3sito para m\u00ed cuando fui llamado al ministerio. La raz\u00f3n de mi existencia qued\u00f3 muy clara cuando fui liberado junto con otro pastor de ser linchado, dijo. \u201cDios salv\u00f3 mi vida en 1999, cuando estaba en Chiapas, donde hab\u00eda intolerancia religiosa en una comunidad, y esa experiencia me reafirm\u00f3 que soy un pastor para alcanzar a los dem\u00e1s\u201d. Hoy d\u00eda, hay tres iglesias adventistas en esa comunidad, a\u00f1adi\u00f3.<\/p>\n<p>Su experiencia como pastor ha llevado a que toda una iglesia pentecostal se convierta a la fe adventista, dijo V\u00e1zquez. \u201cHay muchas evidencias de mi llamado al ministerio, y me deleita servir a un Dios vivo\u201d. Hace poco, V\u00e1zquez llev\u00f3 a cabo una serie de campa\u00f1as de evangelizaci\u00f3n, que llevaron a que m\u00e1s de veinte personas se unan a la iglesia.<\/p>\n<p><div id=\"attachment_98830\" style=\"width: 866px\" class=\"wp-caption aligncenter\"><img loading=\"lazy\" decoding=\"async\" aria-describedby=\"caption-attachment-98830\" class=\" wp-image-98829\" src=\"https:\/\/interamerica.org\/wp-content\/uploads\/2023\/05\/semu-declaration-pastors.jpg\" alt=\"\" width=\"856\" height=\"571\" srcset=\"https:\/\/interamerica.org\/wp-content\/uploads\/2023\/05\/semu-declaration-pastors.jpg 1000w, https:\/\/interamerica.org\/wp-content\/uploads\/2023\/05\/semu-declaration-pastors-300x200.jpg 300w, https:\/\/interamerica.org\/wp-content\/uploads\/2023\/05\/semu-declaration-pastors-768x512.jpg 768w\" sizes=\"(max-width: 856px) 100vw, 856px\" \/><p id=\"caption-attachment-98830\" class=\"wp-caption-text\">Un grupo de pastores dedica tiempo a escribir una declaraci\u00f3n de su misi\u00f3n y del ministerio por los miembros de sus iglesias. [Fotograf\u00eda: Germ\u00e1n Rodr\u00edguez]<\/p><\/div><strong>Reenfoque en la misi\u00f3n del ministerio pastoral<\/strong><\/p>\n<p>Cada pastor redact\u00f3 su propia nueva declaraci\u00f3n personal de misi\u00f3n en su ministerio y la comparti\u00f3 con sus grupos, particip\u00f3 de actividades de camarader\u00eda y de un servicio de Santa Cena al final del evento ministerial.<\/p>\n<p>El encuentro pastoral fue una parte integral para establecer planes estrat\u00e9gico e iniciativas que se tendr\u00e1n efecto en las iglesias y sus comunidades en los pr\u00f3ximos a\u00f1os, dijo Roblero. \u201cVolveremos a estudiar lo que se analiz\u00f3 y sugiri\u00f3, y crearemos planes piloto para fusionar lo que hemos escuchado de nuestro grupo ministerial, y para combinarlo todo con la visi\u00f3n pastoral en todo el territorio\u201d.<\/p>\n<p><div id=\"attachment_98815\" style=\"width: 867px\" class=\"wp-caption aligncenter\"><img loading=\"lazy\" decoding=\"async\" aria-describedby=\"caption-attachment-98815\" class=\" wp-image-98814\" src=\"https:\/\/interamerica.org\/wp-content\/uploads\/2023\/05\/foto-oficial-campestre-pastoral-1-1024x503.jpg\" alt=\"\" width=\"857\" height=\"421\" srcset=\"https:\/\/interamerica.org\/wp-content\/uploads\/2023\/05\/foto-oficial-campestre-pastoral-1-1024x503.jpg 1024w, https:\/\/interamerica.org\/wp-content\/uploads\/2023\/05\/foto-oficial-campestre-pastoral-1-300x147.jpg 300w, https:\/\/interamerica.org\/wp-content\/uploads\/2023\/05\/foto-oficial-campestre-pastoral-1-768x377.jpg 768w, https:\/\/interamerica.org\/wp-content\/uploads\/2023\/05\/foto-oficial-campestre-pastoral-1-1536x755.jpg 1536w, https:\/\/interamerica.org\/wp-content\/uploads\/2023\/05\/foto-oficial-campestre-pastoral-1-2048x1007.jpg 2048w\" sizes=\"(max-width: 857px) 100vw, 857px\" \/><p id=\"caption-attachment-98815\" class=\"wp-caption-text\">Fotograf\u00eda grupal de los l\u00edderes de la Uni\u00f3n Mexicana del Sureste y los pastores de las iglesias locales en el territorio. [Fotograf\u00eda: Germ\u00e1n Rodr\u00edguez]<\/p><\/div>Hay en el territorio m\u00e1s de 92 mil adventistas del s\u00e9ptimo d\u00eda que se re\u00fanen en 1261 iglesias y congregaciones en 141 distritos pastorales. La iglesia administra siete campos locales, una universidad, un hospital, y catorce escuelas primarias y secundarias.<\/p>\n<p>Traducci\u00f3n de Marcos Paseggi<\/p>\n","protected":false},"excerpt":{"rendered":"<p>15 de mayo de 2023 | M\u00e9rida, M\u00e9xico | V\u00edctor Mart\u00ednez y Noticias de la Divisi\u00f3n Interamericana Decenas de pastores distritales de toda la Iglesia Adventista del S\u00e9ptimo D\u00eda en&#8230;<\/p>\n","protected":false},"author":3,"featured_media":98833,"comment_status":"closed","ping_status":"closed","sticky":false,"template":"","format":"standard","meta":{"_acf_changed":false,"footnotes":""},"categories":[17,15],"tags":[],"class_list":["post-98888","post","type-post","status-publish","format-standard","has-post-thumbnail","hentry","category-desde-el-campo","category-rss-espanol"],"acf":[],"yoast_head":"<!-- This site is optimized with the Yoast SEO plugin v27.3 - https:\/\/yoast.com\/product\/yoast-seo-wordpress\/ -->\n<title>En M\u00e9xico, pastores locales dialogan y reenfocan su ministerio para cumplir mejor con la misi\u00f3n - Iglesia Adventista del S\u00e9ptimo D\u00eda - Divisi\u00f3n Interamericana<\/title>\n<meta name=\"robots\" content=\"index, follow, max-snippet:-1, max-image-preview:large, max-video-preview:-1\" \/>\n<link rel=\"canonical\" href=\"https:\/\/interamerica.org\/es\/2023\/05\/en-mexico-pastores-locales-dialogan-y-reenfocan-su-ministerio-para-cumplir-mejor-con-la-mision\/\" \/>\n<meta property=\"og:locale\" content=\"es_ES\" \/>\n<meta property=\"og:type\" content=\"article\" \/>\n<meta property=\"og:title\" content=\"En M\u00e9xico, pastores locales dialogan y reenfocan su ministerio para cumplir mejor con la misi\u00f3n - Iglesia Adventista del S\u00e9ptimo D\u00eda - Divisi\u00f3n Interamericana\" \/>\n<meta property=\"og:description\" content=\"15 de mayo de 2023 | M\u00e9rida, M\u00e9xico | V\u00edctor Mart\u00ednez y Noticias de la Divisi\u00f3n Interamericana Decenas de pastores distritales de toda la Iglesia Adventista del S\u00e9ptimo D\u00eda en...\" \/>\n<meta property=\"og:url\" content=\"https:\/\/interamerica.org\/es\/2023\/05\/en-mexico-pastores-locales-dialogan-y-reenfocan-su-ministerio-para-cumplir-mejor-con-la-mision\/\" \/>\n<meta property=\"og:site_name\" content=\"Iglesia Adventista del S\u00e9ptimo D\u00eda - Divisi\u00f3n Interamericana\" \/>\n<meta property=\"article:published_time\" content=\"2023-05-15T19:45:09+00:00\" \/>\n<meta property=\"article:modified_time\" content=\"2023-05-16T13:53:20+00:00\" \/>\n<meta property=\"og:image\" content=\"https:\/\/interamerica.org\/wp-content\/uploads\/2023\/05\/semu-pastors-studying-1280.jpg\" \/>\n\t<meta property=\"og:image:width\" content=\"1280\" \/>\n\t<meta property=\"og:image:height\" content=\"800\" \/>\n\t<meta property=\"og:image:type\" content=\"image\/jpeg\" \/>\n<meta name=\"author\" content=\"libna\" \/>\n<meta name=\"twitter:card\" content=\"summary_large_image\" \/>\n<meta name=\"twitter:label1\" content=\"Escrito por\" \/>\n\t<meta name=\"twitter:data1\" content=\"libna\" \/>\n\t<meta name=\"twitter:label2\" content=\"Tiempo de lectura\" \/>\n\t<meta name=\"twitter:data2\" content=\"9 minutos\" \/>\n<script type=\"application\/ld+json\" class=\"yoast-schema-graph\">{\"@context\":\"https:\\\/\\\/schema.org\",\"@graph\":[{\"@type\":\"Article\",\"@id\":\"https:\\\/\\\/interamerica.org\\\/es\\\/2023\\\/05\\\/en-mexico-pastores-locales-dialogan-y-reenfocan-su-ministerio-para-cumplir-mejor-con-la-mision\\\/#article\",\"isPartOf\":{\"@id\":\"https:\\\/\\\/interamerica.org\\\/es\\\/2023\\\/05\\\/en-mexico-pastores-locales-dialogan-y-reenfocan-su-ministerio-para-cumplir-mejor-con-la-mision\\\/\"},\"author\":{\"name\":\"libna\",\"@id\":\"https:\\\/\\\/interamerica.org\\\/es\\\/#\\\/schema\\\/person\\\/29998f2bc2d8bd0d38662909289b54f1\"},\"headline\":\"En M\u00e9xico, pastores locales dialogan y reenfocan su ministerio para cumplir mejor con la misi\u00f3n\",\"datePublished\":\"2023-05-15T19:45:09+00:00\",\"dateModified\":\"2023-05-16T13:53:20+00:00\",\"mainEntityOfPage\":{\"@id\":\"https:\\\/\\\/interamerica.org\\\/es\\\/2023\\\/05\\\/en-mexico-pastores-locales-dialogan-y-reenfocan-su-ministerio-para-cumplir-mejor-con-la-mision\\\/\"},\"wordCount\":1581,\"image\":{\"@id\":\"https:\\\/\\\/interamerica.org\\\/es\\\/2023\\\/05\\\/en-mexico-pastores-locales-dialogan-y-reenfocan-su-ministerio-para-cumplir-mejor-con-la-mision\\\/#primaryimage\"},\"thumbnailUrl\":\"https:\\\/\\\/interamerica.org\\\/wp-content\\\/uploads\\\/2023\\\/05\\\/semu-pastors-studying-1280.jpg\",\"articleSection\":[\"Desde el campo\",\"RSS Espa\u00f1ol\"],\"inLanguage\":\"es\"},{\"@type\":\"WebPage\",\"@id\":\"https:\\\/\\\/interamerica.org\\\/es\\\/2023\\\/05\\\/en-mexico-pastores-locales-dialogan-y-reenfocan-su-ministerio-para-cumplir-mejor-con-la-mision\\\/\",\"url\":\"https:\\\/\\\/interamerica.org\\\/es\\\/2023\\\/05\\\/en-mexico-pastores-locales-dialogan-y-reenfocan-su-ministerio-para-cumplir-mejor-con-la-mision\\\/\",\"name\":\"En M\u00e9xico, pastores locales dialogan y reenfocan su ministerio para cumplir mejor con la misi\u00f3n - Iglesia Adventista del S\u00e9ptimo D\u00eda - Divisi\u00f3n Interamericana\",\"isPartOf\":{\"@id\":\"https:\\\/\\\/interamerica.org\\\/es\\\/#website\"},\"primaryImageOfPage\":{\"@id\":\"https:\\\/\\\/interamerica.org\\\/es\\\/2023\\\/05\\\/en-mexico-pastores-locales-dialogan-y-reenfocan-su-ministerio-para-cumplir-mejor-con-la-mision\\\/#primaryimage\"},\"image\":{\"@id\":\"https:\\\/\\\/interamerica.org\\\/es\\\/2023\\\/05\\\/en-mexico-pastores-locales-dialogan-y-reenfocan-su-ministerio-para-cumplir-mejor-con-la-mision\\\/#primaryimage\"},\"thumbnailUrl\":\"https:\\\/\\\/interamerica.org\\\/wp-content\\\/uploads\\\/2023\\\/05\\\/semu-pastors-studying-1280.jpg\",\"datePublished\":\"2023-05-15T19:45:09+00:00\",\"dateModified\":\"2023-05-16T13:53:20+00:00\",\"author\":{\"@id\":\"https:\\\/\\\/interamerica.org\\\/es\\\/#\\\/schema\\\/person\\\/29998f2bc2d8bd0d38662909289b54f1\"},\"breadcrumb\":{\"@id\":\"https:\\\/\\\/interamerica.org\\\/es\\\/2023\\\/05\\\/en-mexico-pastores-locales-dialogan-y-reenfocan-su-ministerio-para-cumplir-mejor-con-la-mision\\\/#breadcrumb\"},\"inLanguage\":\"es\",\"potentialAction\":[{\"@type\":\"ReadAction\",\"target\":[\"https:\\\/\\\/interamerica.org\\\/es\\\/2023\\\/05\\\/en-mexico-pastores-locales-dialogan-y-reenfocan-su-ministerio-para-cumplir-mejor-con-la-mision\\\/\"]}]},{\"@type\":\"ImageObject\",\"inLanguage\":\"es\",\"@id\":\"https:\\\/\\\/interamerica.org\\\/es\\\/2023\\\/05\\\/en-mexico-pastores-locales-dialogan-y-reenfocan-su-ministerio-para-cumplir-mejor-con-la-mision\\\/#primaryimage\",\"url\":\"https:\\\/\\\/interamerica.org\\\/wp-content\\\/uploads\\\/2023\\\/05\\\/semu-pastors-studying-1280.jpg\",\"contentUrl\":\"https:\\\/\\\/interamerica.org\\\/wp-content\\\/uploads\\\/2023\\\/05\\\/semu-pastors-studying-1280.jpg\",\"width\":1280,\"height\":800,\"caption\":\"[Photo: German\"},{\"@type\":\"BreadcrumbList\",\"@id\":\"https:\\\/\\\/interamerica.org\\\/es\\\/2023\\\/05\\\/en-mexico-pastores-locales-dialogan-y-reenfocan-su-ministerio-para-cumplir-mejor-con-la-mision\\\/#breadcrumb\",\"itemListElement\":[{\"@type\":\"ListItem\",\"position\":1,\"name\":\"Home\",\"item\":\"https:\\\/\\\/interamerica.org\\\/es\\\/\"},{\"@type\":\"ListItem\",\"position\":2,\"name\":\"En M\u00e9xico, pastores locales dialogan y reenfocan su ministerio para cumplir mejor con la misi\u00f3n\"}]},{\"@type\":\"WebSite\",\"@id\":\"https:\\\/\\\/interamerica.org\\\/es\\\/#website\",\"url\":\"https:\\\/\\\/interamerica.org\\\/es\\\/\",\"name\":\"Iglesia Adventista del S\u00e9ptimo D\u00eda - Divisi\u00f3n Interamericana\",\"description\":\"\",\"potentialAction\":[{\"@type\":\"SearchAction\",\"target\":{\"@type\":\"EntryPoint\",\"urlTemplate\":\"https:\\\/\\\/interamerica.org\\\/es\\\/?s={search_term_string}\"},\"query-input\":{\"@type\":\"PropertyValueSpecification\",\"valueRequired\":true,\"valueName\":\"search_term_string\"}}],\"inLanguage\":\"es\"},{\"@type\":\"Person\",\"@id\":\"https:\\\/\\\/interamerica.org\\\/es\\\/#\\\/schema\\\/person\\\/29998f2bc2d8bd0d38662909289b54f1\",\"name\":\"libna\",\"image\":{\"@type\":\"ImageObject\",\"inLanguage\":\"es\",\"@id\":\"https:\\\/\\\/secure.gravatar.com\\\/avatar\\\/7c5bd30ae4b47a9ba3c856590957fd1d96dc588bf3ac05719d247e126840331f?s=96&d=mm&r=g\",\"url\":\"https:\\\/\\\/secure.gravatar.com\\\/avatar\\\/7c5bd30ae4b47a9ba3c856590957fd1d96dc588bf3ac05719d247e126840331f?s=96&d=mm&r=g\",\"contentUrl\":\"https:\\\/\\\/secure.gravatar.com\\\/avatar\\\/7c5bd30ae4b47a9ba3c856590957fd1d96dc588bf3ac05719d247e126840331f?s=96&d=mm&r=g\",\"caption\":\"libna\"}}]}<\/script>\n<!-- \/ Yoast SEO plugin. -->","yoast_head_json":{"title":"En M\u00e9xico, pastores locales dialogan y reenfocan su ministerio para cumplir mejor con la misi\u00f3n - Iglesia Adventista del S\u00e9ptimo D\u00eda - Divisi\u00f3n Interamericana","robots":{"index":"index","follow":"follow","max-snippet":"max-snippet:-1","max-image-preview":"max-image-preview:large","max-video-preview":"max-video-preview:-1"},"canonical":"https:\/\/interamerica.org\/es\/2023\/05\/en-mexico-pastores-locales-dialogan-y-reenfocan-su-ministerio-para-cumplir-mejor-con-la-mision\/","og_locale":"es_ES","og_type":"article","og_title":"En M\u00e9xico, pastores locales dialogan y reenfocan su ministerio para cumplir mejor con la misi\u00f3n - Iglesia Adventista del S\u00e9ptimo D\u00eda - Divisi\u00f3n Interamericana","og_description":"15 de mayo de 2023 | M\u00e9rida, M\u00e9xico | V\u00edctor Mart\u00ednez y Noticias de la Divisi\u00f3n Interamericana Decenas de pastores distritales de toda la Iglesia Adventista del S\u00e9ptimo D\u00eda en...","og_url":"https:\/\/interamerica.org\/es\/2023\/05\/en-mexico-pastores-locales-dialogan-y-reenfocan-su-ministerio-para-cumplir-mejor-con-la-mision\/","og_site_name":"Iglesia Adventista del S\u00e9ptimo D\u00eda - Divisi\u00f3n Interamericana","article_published_time":"2023-05-15T19:45:09+00:00","article_modified_time":"2023-05-16T13:53:20+00:00","og_image":[{"width":1280,"height":800,"url":"https:\/\/interamerica.org\/wp-content\/uploads\/2023\/05\/semu-pastors-studying-1280.jpg","type":"image\/jpeg"}],"author":"libna","twitter_card":"summary_large_image","twitter_misc":{"Escrito por":"libna","Tiempo de lectura":"9 minutos"},"schema":{"@context":"https:\/\/schema.org","@graph":[{"@type":"Article","@id":"https:\/\/interamerica.org\/es\/2023\/05\/en-mexico-pastores-locales-dialogan-y-reenfocan-su-ministerio-para-cumplir-mejor-con-la-mision\/#article","isPartOf":{"@id":"https:\/\/interamerica.org\/es\/2023\/05\/en-mexico-pastores-locales-dialogan-y-reenfocan-su-ministerio-para-cumplir-mejor-con-la-mision\/"},"author":{"name":"libna","@id":"https:\/\/interamerica.org\/es\/#\/schema\/person\/29998f2bc2d8bd0d38662909289b54f1"},"headline":"En M\u00e9xico, pastores locales dialogan y reenfocan su ministerio para cumplir mejor con la misi\u00f3n","datePublished":"2023-05-15T19:45:09+00:00","dateModified":"2023-05-16T13:53:20+00:00","mainEntityOfPage":{"@id":"https:\/\/interamerica.org\/es\/2023\/05\/en-mexico-pastores-locales-dialogan-y-reenfocan-su-ministerio-para-cumplir-mejor-con-la-mision\/"},"wordCount":1581,"image":{"@id":"https:\/\/interamerica.org\/es\/2023\/05\/en-mexico-pastores-locales-dialogan-y-reenfocan-su-ministerio-para-cumplir-mejor-con-la-mision\/#primaryimage"},"thumbnailUrl":"https:\/\/interamerica.org\/wp-content\/uploads\/2023\/05\/semu-pastors-studying-1280.jpg","articleSection":["Desde el campo","RSS Espa\u00f1ol"],"inLanguage":"es"},{"@type":"WebPage","@id":"https:\/\/interamerica.org\/es\/2023\/05\/en-mexico-pastores-locales-dialogan-y-reenfocan-su-ministerio-para-cumplir-mejor-con-la-mision\/","url":"https:\/\/interamerica.org\/es\/2023\/05\/en-mexico-pastores-locales-dialogan-y-reenfocan-su-ministerio-para-cumplir-mejor-con-la-mision\/","name":"En M\u00e9xico, pastores locales dialogan y reenfocan su ministerio para cumplir mejor con la misi\u00f3n - Iglesia Adventista del S\u00e9ptimo D\u00eda - Divisi\u00f3n Interamericana","isPartOf":{"@id":"https:\/\/interamerica.org\/es\/#website"},"primaryImageOfPage":{"@id":"https:\/\/interamerica.org\/es\/2023\/05\/en-mexico-pastores-locales-dialogan-y-reenfocan-su-ministerio-para-cumplir-mejor-con-la-mision\/#primaryimage"},"image":{"@id":"https:\/\/interamerica.org\/es\/2023\/05\/en-mexico-pastores-locales-dialogan-y-reenfocan-su-ministerio-para-cumplir-mejor-con-la-mision\/#primaryimage"},"thumbnailUrl":"https:\/\/interamerica.org\/wp-content\/uploads\/2023\/05\/semu-pastors-studying-1280.jpg","datePublished":"2023-05-15T19:45:09+00:00","dateModified":"2023-05-16T13:53:20+00:00","author":{"@id":"https:\/\/interamerica.org\/es\/#\/schema\/person\/29998f2bc2d8bd0d38662909289b54f1"},"breadcrumb":{"@id":"https:\/\/interamerica.org\/es\/2023\/05\/en-mexico-pastores-locales-dialogan-y-reenfocan-su-ministerio-para-cumplir-mejor-con-la-mision\/#breadcrumb"},"inLanguage":"es","potentialAction":[{"@type":"ReadAction","target":["https:\/\/interamerica.org\/es\/2023\/05\/en-mexico-pastores-locales-dialogan-y-reenfocan-su-ministerio-para-cumplir-mejor-con-la-mision\/"]}]},{"@type":"ImageObject","inLanguage":"es","@id":"https:\/\/interamerica.org\/es\/2023\/05\/en-mexico-pastores-locales-dialogan-y-reenfocan-su-ministerio-para-cumplir-mejor-con-la-mision\/#primaryimage","url":"https:\/\/interamerica.org\/wp-content\/uploads\/2023\/05\/semu-pastors-studying-1280.jpg","contentUrl":"https:\/\/interamerica.org\/wp-content\/uploads\/2023\/05\/semu-pastors-studying-1280.jpg","width":1280,"height":800,"caption":"[Photo: German"},{"@type":"BreadcrumbList","@id":"https:\/\/interamerica.org\/es\/2023\/05\/en-mexico-pastores-locales-dialogan-y-reenfocan-su-ministerio-para-cumplir-mejor-con-la-mision\/#breadcrumb","itemListElement":[{"@type":"ListItem","position":1,"name":"Home","item":"https:\/\/interamerica.org\/es\/"},{"@type":"ListItem","position":2,"name":"En M\u00e9xico, pastores locales dialogan y reenfocan su ministerio para cumplir mejor con la misi\u00f3n"}]},{"@type":"WebSite","@id":"https:\/\/interamerica.org\/es\/#website","url":"https:\/\/interamerica.org\/es\/","name":"Iglesia Adventista del S\u00e9ptimo D\u00eda - Divisi\u00f3n Interamericana","description":"","potentialAction":[{"@type":"SearchAction","target":{"@type":"EntryPoint","urlTemplate":"https:\/\/interamerica.org\/es\/?s={search_term_string}"},"query-input":{"@type":"PropertyValueSpecification","valueRequired":true,"valueName":"search_term_string"}}],"inLanguage":"es"},{"@type":"Person","@id":"https:\/\/interamerica.org\/es\/#\/schema\/person\/29998f2bc2d8bd0d38662909289b54f1","name":"libna","image":{"@type":"ImageObject","inLanguage":"es","@id":"https:\/\/secure.gravatar.com\/avatar\/7c5bd30ae4b47a9ba3c856590957fd1d96dc588bf3ac05719d247e126840331f?s=96&d=mm&r=g","url":"https:\/\/secure.gravatar.com\/avatar\/7c5bd30ae4b47a9ba3c856590957fd1d96dc588bf3ac05719d247e126840331f?s=96&d=mm&r=g","contentUrl":"https:\/\/secure.gravatar.com\/avatar\/7c5bd30ae4b47a9ba3c856590957fd1d96dc588bf3ac05719d247e126840331f?s=96&d=mm&r=g","caption":"libna"}}]}},"_links":{"self":[{"href":"https:\/\/interamerica.org\/es\/wp-json\/wp\/v2\/posts\/98888","targetHints":{"allow":["GET"]}}],"collection":[{"href":"https:\/\/interamerica.org\/es\/wp-json\/wp\/v2\/posts"}],"about":[{"href":"https:\/\/interamerica.org\/es\/wp-json\/wp\/v2\/types\/post"}],"author":[{"embeddable":true,"href":"https:\/\/interamerica.org\/es\/wp-json\/wp\/v2\/users\/3"}],"replies":[{"embeddable":true,"href":"https:\/\/interamerica.org\/es\/wp-json\/wp\/v2\/comments?post=98888"}],"version-history":[{"count":0,"href":"https:\/\/interamerica.org\/es\/wp-json\/wp\/v2\/posts\/98888\/revisions"}],"wp:featuredmedia":[{"embeddable":true,"href":"https:\/\/interamerica.org\/es\/wp-json\/wp\/v2\/media\/98833"}],"wp:attachment":[{"href":"https:\/\/interamerica.org\/es\/wp-json\/wp\/v2\/media?parent=98888"}],"wp:term":[{"taxonomy":"category","embeddable":true,"href":"https:\/\/interamerica.org\/es\/wp-json\/wp\/v2\/categories?post=98888"},{"taxonomy":"post_tag","embeddable":true,"href":"https:\/\/interamerica.org\/es\/wp-json\/wp\/v2\/tags?post=98888"}],"curies":[{"name":"wp","href":"https:\/\/api.w.org\/{rel}","templated":true}]}}