{"id":99348,"date":"2023-05-17T19:52:40","date_gmt":"2023-05-17T23:52:40","guid":{"rendered":"https:\/\/interamerica.org\/?p=99348"},"modified":"2023-05-18T08:56:16","modified_gmt":"2023-05-18T12:56:16","slug":"en-jamaica-banco-adventista-de-alimentos-se-asocia-con-compania-para-alimentar-a-los-necesitados","status":"publish","type":"post","link":"https:\/\/interamerica.org\/es\/2023\/05\/en-jamaica-banco-adventista-de-alimentos-se-asocia-con-compania-para-alimentar-a-los-necesitados\/","title":{"rendered":"En Jamaica, banco adventista de alimentos se asocia con compa\u00f1\u00eda para alimentar a los necesitados"},"content":{"rendered":"<p>17 de mayo de 2023 | Mount Salem, St. James | Nigel Coke y Divisi\u00f3n Interamericana<\/p>\n<p>La Iglesia Adventista del S\u00e9ptimo D\u00eda en Jamaica, por medio de su Banco de Alimentos, se ha embarcado en una sociedad con una compa\u00f1\u00eda de distribuci\u00f3n corporativa, Derrimon Trading Ltd. (DTL), para ayudarlos a alimentar personas necesitadas en el pa\u00eds.<\/p>\n<p>Se distribuyeron alimentos valuados en 35 mil d\u00f3lares por medio de las cinco regiones de la iglesia en Jamaica Occidental, Central, Norte, Noreste y Este, en diversas comunidades, del 25-28 de abril de 2023.<\/p>\n<p><div id=\"attachment_99308\" style=\"width: 950px\" class=\"wp-caption aligncenter\"><img fetchpriority=\"high\" decoding=\"async\" aria-describedby=\"caption-attachment-99308\" class=\"wp-image-99306\" src=\"https:\/\/interamerica.org\/wp-content\/uploads\/2023\/05\/jamu-e-brown-img-3802.jpg\" alt=\"\" width=\"940\" height=\"729\" srcset=\"https:\/\/interamerica.org\/wp-content\/uploads\/2023\/05\/jamu-e-brown-img-3802.jpg 940w, https:\/\/interamerica.org\/wp-content\/uploads\/2023\/05\/jamu-e-brown-img-3802-300x233.jpg 300w, https:\/\/interamerica.org\/wp-content\/uploads\/2023\/05\/jamu-e-brown-img-3802-768x596.jpg 768w\" sizes=\"(max-width: 940px) 100vw, 940px\" \/><p id=\"caption-attachment-99308\" class=\"wp-caption-text\">El pastor Everett Brown (izquierda), presidente de la Iglesia Adventista en Jamaica, presenta una bolsa de Select Grocers con muestras de productos alimentarios, que se espera distribuir en toda la regi\u00f3n occidental de la iglesia, durante una presentaci\u00f3n el pasado 25 de abril de 2023. El se\u00f1or Leroy Dawkins (atr\u00e1s, a la izquierda), gerente del canal de comercio de Derrimon Trading Ltd., y el pastor Vincent Rose, secretario ejecutivo de la asociaci\u00f3n, observan. [Fotograf\u00eda: Nigel Coke\/DIA]<\/p><\/div>\u201cEste no es sino un comienzo de lo que esperamos ser\u00e1 una gran sociedad con DTL, en momentos en que buscamos ayudar a aliviar el hambre de la sociedad\u201d, dijo el pastor Levi Johnson, presidente del Banco de Alimentos y secretario ejecutivo de la Uni\u00f3n Jamaiquina. El plan es llevar a cabo una distribuci\u00f3n de alimentos cada tres meses, y entonces, cuando se consigan m\u00e1s contribuciones y apoyo, hacerlo mensualmente\u201d.<\/p>\n<p>Adem\u00e1s de las regiones de la iglesia, se llev\u00f3 a cabo una distribuci\u00f3n en la Universidad Norte\u00f1a del Caribe y la iglesia para sordos de Portmore. Ambas tambi\u00e9n son operadas por la Iglesia Adventista.<\/p>\n<p>\u201cLa misi\u00f3n humanitaria de la Iglesia Adventista es una misi\u00f3n con la cual estoy profundamente comprometido en el ministerio caritativo de Cristo\u201d, dijo Johnson. \u201cSer sus manos y sus pies es maravilloso. Siento entusiasmo y al mismo tiempo me siento humilde de poder ayudar a alimentar a algunas de las personas m\u00e1s necesitadas de Jamaica\u201d.<\/p>\n<p>Leroy Dawkins, gerente del canal de comercio de DTL, hizo un llamado a otras compa\u00f1\u00edas, durante un ejercicio de distribuci\u00f3n en la sede de la Asociaci\u00f3n de Jamaica Occidental en Montego Bay el 25 de abril, para sumarse al programa de alimentaci\u00f3n junto con el Banco de Alimentos.<\/p>\n<p><div id=\"attachment_99320\" style=\"width: 1034px\" class=\"wp-caption aligncenter\"><img decoding=\"async\" aria-describedby=\"caption-attachment-99320\" class=\"size-large wp-image-99318\" src=\"https:\/\/interamerica.org\/wp-content\/uploads\/2023\/05\/jamu-foodbank3-1-1024x697.jpg\" alt=\"\" width=\"1024\" height=\"697\" srcset=\"https:\/\/interamerica.org\/wp-content\/uploads\/2023\/05\/jamu-foodbank3-1-1024x697.jpg 1024w, https:\/\/interamerica.org\/wp-content\/uploads\/2023\/05\/jamu-foodbank3-1-300x204.jpg 300w, https:\/\/interamerica.org\/wp-content\/uploads\/2023\/05\/jamu-foodbank3-1-768x523.jpg 768w, https:\/\/interamerica.org\/wp-content\/uploads\/2023\/05\/jamu-foodbank3-1.jpg 1280w\" sizes=\"(max-width: 1024px) 100vw, 1024px\" \/><p id=\"caption-attachment-99320\" class=\"wp-caption-text\">De izquierda a derecha, el pastor Adrian Cotterell, director del Banco de Alimentos; Everett Brown, presidente de la Iglesia Adventista en Jamaica; el se\u00f1or Leroy Dawkins, gerente del canal de comercializaci\u00f3n de Derrimon Trading Ltd; el pastor Glen Samuels, presidente de la Iglesia Adventista en la regi\u00f3n occidental; y el pastor Levi Johnson, presidente del Banco de Alimentos, posan detr\u00e1s de muestras de los productos adquiridos por medio de la marca DTL, Select Grocers, durante un ejercicio de presentaci\u00f3n el pasado martes 25 de abril de 2023, en la sede de la Asociaci\u00f3n de Jamaica Occidental. [Fotograf\u00eda: Nigel Coke]<\/p><\/div>\u201cDerrimon Trading Ltd. tiene el agrado de asociarse con la Iglesia Adventista del S\u00e9ptimo D\u00eda\u201d, dijo Dawkins. \u201cMe gustar\u00eda implorar y animar a otros a que incorporen entidades corporativas para ser buenos ciudadanos corporativos y que se sumen y hagan lo mismo, porque si uno puede alimentar a miles, dos bien podr\u00edan alimentar a diez mil\u201d.<\/p>\n<p>\u201cLa sociedad con Derrimon Trading Ltd. llega en la forma de un descuento especial que nos es dado de manera trimestral, en l\u00ednea con la distribuci\u00f3n planificada que se lleva a cabo cada tres meses\u201d, explic\u00f3 Johnson.<\/p>\n<p>Tambi\u00e9n se consiguieron fondos para la iniciativa de los miembros de iglesias locales y de obreros de la iglesia, la uni\u00f3n y otros donantes locales y del extranjero, que donan de manera peri\u00f3dica y continua, lo que permite el funcionamiento del Banco de Alimentos, dijeron los l\u00edderes de la iglesia.<\/p>\n<p>\u201cEstamos rodeados por varias \u00e1reas con necesidades\u201d, dijo el pastor Glen Samuels, presidente de la Iglesia Adventista en la regi\u00f3n occidental. Nuestra asociaci\u00f3n se encuentra en una zona que fue designada como la primera Zona de Operaciones Especiales y, por ello, tenemos zonas como Granville, Flankers, Norwood, Rose Heights, zonas tales como Railway Lane y Canterbury, y secciones de Glendevon, donde la necesidad siempre es mayor a los suministros que tenemos\u201d.<\/p>\n<p><div id=\"attachment_99311\" style=\"width: 960px\" class=\"wp-caption aligncenter\"><img decoding=\"async\" aria-describedby=\"caption-attachment-99311\" class=\"size-full wp-image-99309\" src=\"https:\/\/interamerica.org\/wp-content\/uploads\/2023\/05\/jamu-food-bank-img-3791.jpg\" alt=\"\" width=\"950\" height=\"682\" srcset=\"https:\/\/interamerica.org\/wp-content\/uploads\/2023\/05\/jamu-food-bank-img-3791.jpg 950w, https:\/\/interamerica.org\/wp-content\/uploads\/2023\/05\/jamu-food-bank-img-3791-300x215.jpg 300w, https:\/\/interamerica.org\/wp-content\/uploads\/2023\/05\/jamu-food-bank-img-3791-768x551.jpg 768w\" sizes=\"(max-width: 950px) 100vw, 950px\" \/><p id=\"caption-attachment-99311\" class=\"wp-caption-text\">Grupo de l\u00edderes de la iglesia presentan la sociedad entre el Banco de Alimentos de la Iglesia y Derrimon Trading Ltd., para ayudar a alimentar a los necesitados en diversas partes de Jamaica. [Fotograf\u00eda: Nigel Coke]<\/p><\/div>Desde su lanzamiento inicial<br \/>\nSince its initial launch in September 2021, The Food Bank has impacted more than 100,000 lives, not only through food distribution but gift vouchers and assistive devices to individuals with disability.<\/p>\n<p>\u201cWe are aware that there are a number of students in our primary, secondary and tertiary learning institutions who are attending school without having a proper meal for the day, so we plan to provide funding to some of these schools to make provision for lunch daily, while school is session,\u201d said Pastor Adrian Cotterell, coordinator and secretary of the board of The Food Bank.<\/p>\n<p>\u201cWe continue as a conference region to provide not only education for the children of our workers, but more so our commitment is to assist any youngster that comes to us with the need because our ministry is to the community,\u201d added Samuels. \u201cIt is one of the most joyful areas of service to provide service to the community. The church prepares itself to minister to broken people as God lends us breath in this region.<\/p>\n<p>El Banco de Alimentos es propiedad y est\u00e1 operado por la Iglesia Adventista de Jamaica, y extiende el ministerio compasivo de Cristo al conseguir y distribuir alimentos a los necesitados de Jamaica.<\/p>\n<p>Traducci\u00f3n de Marcos Paseggi<\/p>\n","protected":false},"excerpt":{"rendered":"<p>17 de mayo de 2023 | Mount Salem, St. James | Nigel Coke y Divisi\u00f3n Interamericana La Iglesia Adventista del S\u00e9ptimo D\u00eda en Jamaica, por medio de su Banco de&#8230;<\/p>\n","protected":false},"author":3,"featured_media":99308,"comment_status":"closed","ping_status":"closed","sticky":false,"template":"","format":"standard","meta":{"_acf_changed":false,"footnotes":""},"categories":[17,15],"tags":[],"class_list":["post-99348","post","type-post","status-publish","format-standard","has-post-thumbnail","hentry","category-desde-el-campo","category-rss-espanol"],"acf":[],"yoast_head":"<!-- This site is optimized with the Yoast SEO plugin v27.3 - https:\/\/yoast.com\/product\/yoast-seo-wordpress\/ -->\n<title>En Jamaica, banco adventista de alimentos se asocia con compa\u00f1\u00eda para alimentar a los necesitados - Iglesia Adventista del S\u00e9ptimo D\u00eda - Divisi\u00f3n Interamericana<\/title>\n<meta name=\"robots\" content=\"index, follow, max-snippet:-1, max-image-preview:large, max-video-preview:-1\" \/>\n<link rel=\"canonical\" href=\"https:\/\/interamerica.org\/es\/2023\/05\/en-jamaica-banco-adventista-de-alimentos-se-asocia-con-compania-para-alimentar-a-los-necesitados\/\" \/>\n<meta property=\"og:locale\" content=\"es_ES\" \/>\n<meta property=\"og:type\" content=\"article\" \/>\n<meta property=\"og:title\" content=\"En Jamaica, banco adventista de alimentos se asocia con compa\u00f1\u00eda para alimentar a los necesitados - Iglesia Adventista del S\u00e9ptimo D\u00eda - Divisi\u00f3n Interamericana\" \/>\n<meta property=\"og:description\" content=\"17 de mayo de 2023 | Mount Salem, St. James | Nigel Coke y Divisi\u00f3n Interamericana La Iglesia Adventista del S\u00e9ptimo D\u00eda en Jamaica, por medio de su Banco de...\" \/>\n<meta property=\"og:url\" content=\"https:\/\/interamerica.org\/es\/2023\/05\/en-jamaica-banco-adventista-de-alimentos-se-asocia-con-compania-para-alimentar-a-los-necesitados\/\" \/>\n<meta property=\"og:site_name\" content=\"Iglesia Adventista del S\u00e9ptimo D\u00eda - Divisi\u00f3n Interamericana\" \/>\n<meta property=\"article:published_time\" content=\"2023-05-17T23:52:40+00:00\" \/>\n<meta property=\"article:modified_time\" content=\"2023-05-18T12:56:16+00:00\" \/>\n<meta property=\"og:image\" content=\"https:\/\/interamerica.org\/wp-content\/uploads\/2023\/05\/jamu-e-brown-img-3802.jpg\" \/>\n\t<meta property=\"og:image:width\" content=\"940\" \/>\n\t<meta property=\"og:image:height\" content=\"729\" \/>\n\t<meta property=\"og:image:type\" content=\"image\/jpeg\" \/>\n<meta name=\"author\" content=\"libna\" \/>\n<meta name=\"twitter:card\" content=\"summary_large_image\" \/>\n<meta name=\"twitter:label1\" content=\"Escrito por\" \/>\n\t<meta name=\"twitter:data1\" content=\"libna\" \/>\n\t<meta name=\"twitter:label2\" content=\"Tiempo de lectura\" \/>\n\t<meta name=\"twitter:data2\" content=\"5 minutos\" \/>\n<script type=\"application\/ld+json\" class=\"yoast-schema-graph\">{\"@context\":\"https:\\\/\\\/schema.org\",\"@graph\":[{\"@type\":\"Article\",\"@id\":\"https:\\\/\\\/interamerica.org\\\/es\\\/2023\\\/05\\\/en-jamaica-banco-adventista-de-alimentos-se-asocia-con-compania-para-alimentar-a-los-necesitados\\\/#article\",\"isPartOf\":{\"@id\":\"https:\\\/\\\/interamerica.org\\\/es\\\/2023\\\/05\\\/en-jamaica-banco-adventista-de-alimentos-se-asocia-con-compania-para-alimentar-a-los-necesitados\\\/\"},\"author\":{\"name\":\"libna\",\"@id\":\"https:\\\/\\\/interamerica.org\\\/es\\\/#\\\/schema\\\/person\\\/29998f2bc2d8bd0d38662909289b54f1\"},\"headline\":\"En Jamaica, banco adventista de alimentos se asocia con compa\u00f1\u00eda para alimentar a los necesitados\",\"datePublished\":\"2023-05-17T23:52:40+00:00\",\"dateModified\":\"2023-05-18T12:56:16+00:00\",\"mainEntityOfPage\":{\"@id\":\"https:\\\/\\\/interamerica.org\\\/es\\\/2023\\\/05\\\/en-jamaica-banco-adventista-de-alimentos-se-asocia-con-compania-para-alimentar-a-los-necesitados\\\/\"},\"wordCount\":1008,\"image\":{\"@id\":\"https:\\\/\\\/interamerica.org\\\/es\\\/2023\\\/05\\\/en-jamaica-banco-adventista-de-alimentos-se-asocia-con-compania-para-alimentar-a-los-necesitados\\\/#primaryimage\"},\"thumbnailUrl\":\"https:\\\/\\\/interamerica.org\\\/wp-content\\\/uploads\\\/2023\\\/05\\\/jamu-e-brown-img-3802.jpg\",\"articleSection\":[\"Desde el campo\",\"RSS Espa\u00f1ol\"],\"inLanguage\":\"es\"},{\"@type\":\"WebPage\",\"@id\":\"https:\\\/\\\/interamerica.org\\\/es\\\/2023\\\/05\\\/en-jamaica-banco-adventista-de-alimentos-se-asocia-con-compania-para-alimentar-a-los-necesitados\\\/\",\"url\":\"https:\\\/\\\/interamerica.org\\\/es\\\/2023\\\/05\\\/en-jamaica-banco-adventista-de-alimentos-se-asocia-con-compania-para-alimentar-a-los-necesitados\\\/\",\"name\":\"En Jamaica, banco adventista de alimentos se asocia con compa\u00f1\u00eda para alimentar a los necesitados - Iglesia Adventista del S\u00e9ptimo D\u00eda - Divisi\u00f3n Interamericana\",\"isPartOf\":{\"@id\":\"https:\\\/\\\/interamerica.org\\\/es\\\/#website\"},\"primaryImageOfPage\":{\"@id\":\"https:\\\/\\\/interamerica.org\\\/es\\\/2023\\\/05\\\/en-jamaica-banco-adventista-de-alimentos-se-asocia-con-compania-para-alimentar-a-los-necesitados\\\/#primaryimage\"},\"image\":{\"@id\":\"https:\\\/\\\/interamerica.org\\\/es\\\/2023\\\/05\\\/en-jamaica-banco-adventista-de-alimentos-se-asocia-con-compania-para-alimentar-a-los-necesitados\\\/#primaryimage\"},\"thumbnailUrl\":\"https:\\\/\\\/interamerica.org\\\/wp-content\\\/uploads\\\/2023\\\/05\\\/jamu-e-brown-img-3802.jpg\",\"datePublished\":\"2023-05-17T23:52:40+00:00\",\"dateModified\":\"2023-05-18T12:56:16+00:00\",\"author\":{\"@id\":\"https:\\\/\\\/interamerica.org\\\/es\\\/#\\\/schema\\\/person\\\/29998f2bc2d8bd0d38662909289b54f1\"},\"breadcrumb\":{\"@id\":\"https:\\\/\\\/interamerica.org\\\/es\\\/2023\\\/05\\\/en-jamaica-banco-adventista-de-alimentos-se-asocia-con-compania-para-alimentar-a-los-necesitados\\\/#breadcrumb\"},\"inLanguage\":\"es\",\"potentialAction\":[{\"@type\":\"ReadAction\",\"target\":[\"https:\\\/\\\/interamerica.org\\\/es\\\/2023\\\/05\\\/en-jamaica-banco-adventista-de-alimentos-se-asocia-con-compania-para-alimentar-a-los-necesitados\\\/\"]}]},{\"@type\":\"ImageObject\",\"inLanguage\":\"es\",\"@id\":\"https:\\\/\\\/interamerica.org\\\/es\\\/2023\\\/05\\\/en-jamaica-banco-adventista-de-alimentos-se-asocia-con-compania-para-alimentar-a-los-necesitados\\\/#primaryimage\",\"url\":\"https:\\\/\\\/interamerica.org\\\/wp-content\\\/uploads\\\/2023\\\/05\\\/jamu-e-brown-img-3802.jpg\",\"contentUrl\":\"https:\\\/\\\/interamerica.org\\\/wp-content\\\/uploads\\\/2023\\\/05\\\/jamu-e-brown-img-3802.jpg\",\"width\":940,\"height\":729,\"caption\":\"[Photo: Nigel Coke\\\/IAD]\"},{\"@type\":\"BreadcrumbList\",\"@id\":\"https:\\\/\\\/interamerica.org\\\/es\\\/2023\\\/05\\\/en-jamaica-banco-adventista-de-alimentos-se-asocia-con-compania-para-alimentar-a-los-necesitados\\\/#breadcrumb\",\"itemListElement\":[{\"@type\":\"ListItem\",\"position\":1,\"name\":\"Home\",\"item\":\"https:\\\/\\\/interamerica.org\\\/es\\\/\"},{\"@type\":\"ListItem\",\"position\":2,\"name\":\"En Jamaica, banco adventista de alimentos se asocia con compa\u00f1\u00eda para alimentar a los necesitados\"}]},{\"@type\":\"WebSite\",\"@id\":\"https:\\\/\\\/interamerica.org\\\/es\\\/#website\",\"url\":\"https:\\\/\\\/interamerica.org\\\/es\\\/\",\"name\":\"Iglesia Adventista del S\u00e9ptimo D\u00eda - Divisi\u00f3n Interamericana\",\"description\":\"\",\"potentialAction\":[{\"@type\":\"SearchAction\",\"target\":{\"@type\":\"EntryPoint\",\"urlTemplate\":\"https:\\\/\\\/interamerica.org\\\/es\\\/?s={search_term_string}\"},\"query-input\":{\"@type\":\"PropertyValueSpecification\",\"valueRequired\":true,\"valueName\":\"search_term_string\"}}],\"inLanguage\":\"es\"},{\"@type\":\"Person\",\"@id\":\"https:\\\/\\\/interamerica.org\\\/es\\\/#\\\/schema\\\/person\\\/29998f2bc2d8bd0d38662909289b54f1\",\"name\":\"libna\",\"image\":{\"@type\":\"ImageObject\",\"inLanguage\":\"es\",\"@id\":\"https:\\\/\\\/secure.gravatar.com\\\/avatar\\\/7c5bd30ae4b47a9ba3c856590957fd1d96dc588bf3ac05719d247e126840331f?s=96&d=mm&r=g\",\"url\":\"https:\\\/\\\/secure.gravatar.com\\\/avatar\\\/7c5bd30ae4b47a9ba3c856590957fd1d96dc588bf3ac05719d247e126840331f?s=96&d=mm&r=g\",\"contentUrl\":\"https:\\\/\\\/secure.gravatar.com\\\/avatar\\\/7c5bd30ae4b47a9ba3c856590957fd1d96dc588bf3ac05719d247e126840331f?s=96&d=mm&r=g\",\"caption\":\"libna\"}}]}<\/script>\n<!-- \/ Yoast SEO plugin. -->","yoast_head_json":{"title":"En Jamaica, banco adventista de alimentos se asocia con compa\u00f1\u00eda para alimentar a los necesitados - Iglesia Adventista del S\u00e9ptimo D\u00eda - Divisi\u00f3n Interamericana","robots":{"index":"index","follow":"follow","max-snippet":"max-snippet:-1","max-image-preview":"max-image-preview:large","max-video-preview":"max-video-preview:-1"},"canonical":"https:\/\/interamerica.org\/es\/2023\/05\/en-jamaica-banco-adventista-de-alimentos-se-asocia-con-compania-para-alimentar-a-los-necesitados\/","og_locale":"es_ES","og_type":"article","og_title":"En Jamaica, banco adventista de alimentos se asocia con compa\u00f1\u00eda para alimentar a los necesitados - Iglesia Adventista del S\u00e9ptimo D\u00eda - Divisi\u00f3n Interamericana","og_description":"17 de mayo de 2023 | Mount Salem, St. James | Nigel Coke y Divisi\u00f3n Interamericana La Iglesia Adventista del S\u00e9ptimo D\u00eda en Jamaica, por medio de su Banco de...","og_url":"https:\/\/interamerica.org\/es\/2023\/05\/en-jamaica-banco-adventista-de-alimentos-se-asocia-con-compania-para-alimentar-a-los-necesitados\/","og_site_name":"Iglesia Adventista del S\u00e9ptimo D\u00eda - Divisi\u00f3n Interamericana","article_published_time":"2023-05-17T23:52:40+00:00","article_modified_time":"2023-05-18T12:56:16+00:00","og_image":[{"width":940,"height":729,"url":"https:\/\/interamerica.org\/wp-content\/uploads\/2023\/05\/jamu-e-brown-img-3802.jpg","type":"image\/jpeg"}],"author":"libna","twitter_card":"summary_large_image","twitter_misc":{"Escrito por":"libna","Tiempo de lectura":"5 minutos"},"schema":{"@context":"https:\/\/schema.org","@graph":[{"@type":"Article","@id":"https:\/\/interamerica.org\/es\/2023\/05\/en-jamaica-banco-adventista-de-alimentos-se-asocia-con-compania-para-alimentar-a-los-necesitados\/#article","isPartOf":{"@id":"https:\/\/interamerica.org\/es\/2023\/05\/en-jamaica-banco-adventista-de-alimentos-se-asocia-con-compania-para-alimentar-a-los-necesitados\/"},"author":{"name":"libna","@id":"https:\/\/interamerica.org\/es\/#\/schema\/person\/29998f2bc2d8bd0d38662909289b54f1"},"headline":"En Jamaica, banco adventista de alimentos se asocia con compa\u00f1\u00eda para alimentar a los necesitados","datePublished":"2023-05-17T23:52:40+00:00","dateModified":"2023-05-18T12:56:16+00:00","mainEntityOfPage":{"@id":"https:\/\/interamerica.org\/es\/2023\/05\/en-jamaica-banco-adventista-de-alimentos-se-asocia-con-compania-para-alimentar-a-los-necesitados\/"},"wordCount":1008,"image":{"@id":"https:\/\/interamerica.org\/es\/2023\/05\/en-jamaica-banco-adventista-de-alimentos-se-asocia-con-compania-para-alimentar-a-los-necesitados\/#primaryimage"},"thumbnailUrl":"https:\/\/interamerica.org\/wp-content\/uploads\/2023\/05\/jamu-e-brown-img-3802.jpg","articleSection":["Desde el campo","RSS Espa\u00f1ol"],"inLanguage":"es"},{"@type":"WebPage","@id":"https:\/\/interamerica.org\/es\/2023\/05\/en-jamaica-banco-adventista-de-alimentos-se-asocia-con-compania-para-alimentar-a-los-necesitados\/","url":"https:\/\/interamerica.org\/es\/2023\/05\/en-jamaica-banco-adventista-de-alimentos-se-asocia-con-compania-para-alimentar-a-los-necesitados\/","name":"En Jamaica, banco adventista de alimentos se asocia con compa\u00f1\u00eda para alimentar a los necesitados - Iglesia Adventista del S\u00e9ptimo D\u00eda - Divisi\u00f3n Interamericana","isPartOf":{"@id":"https:\/\/interamerica.org\/es\/#website"},"primaryImageOfPage":{"@id":"https:\/\/interamerica.org\/es\/2023\/05\/en-jamaica-banco-adventista-de-alimentos-se-asocia-con-compania-para-alimentar-a-los-necesitados\/#primaryimage"},"image":{"@id":"https:\/\/interamerica.org\/es\/2023\/05\/en-jamaica-banco-adventista-de-alimentos-se-asocia-con-compania-para-alimentar-a-los-necesitados\/#primaryimage"},"thumbnailUrl":"https:\/\/interamerica.org\/wp-content\/uploads\/2023\/05\/jamu-e-brown-img-3802.jpg","datePublished":"2023-05-17T23:52:40+00:00","dateModified":"2023-05-18T12:56:16+00:00","author":{"@id":"https:\/\/interamerica.org\/es\/#\/schema\/person\/29998f2bc2d8bd0d38662909289b54f1"},"breadcrumb":{"@id":"https:\/\/interamerica.org\/es\/2023\/05\/en-jamaica-banco-adventista-de-alimentos-se-asocia-con-compania-para-alimentar-a-los-necesitados\/#breadcrumb"},"inLanguage":"es","potentialAction":[{"@type":"ReadAction","target":["https:\/\/interamerica.org\/es\/2023\/05\/en-jamaica-banco-adventista-de-alimentos-se-asocia-con-compania-para-alimentar-a-los-necesitados\/"]}]},{"@type":"ImageObject","inLanguage":"es","@id":"https:\/\/interamerica.org\/es\/2023\/05\/en-jamaica-banco-adventista-de-alimentos-se-asocia-con-compania-para-alimentar-a-los-necesitados\/#primaryimage","url":"https:\/\/interamerica.org\/wp-content\/uploads\/2023\/05\/jamu-e-brown-img-3802.jpg","contentUrl":"https:\/\/interamerica.org\/wp-content\/uploads\/2023\/05\/jamu-e-brown-img-3802.jpg","width":940,"height":729,"caption":"[Photo: Nigel Coke\/IAD]"},{"@type":"BreadcrumbList","@id":"https:\/\/interamerica.org\/es\/2023\/05\/en-jamaica-banco-adventista-de-alimentos-se-asocia-con-compania-para-alimentar-a-los-necesitados\/#breadcrumb","itemListElement":[{"@type":"ListItem","position":1,"name":"Home","item":"https:\/\/interamerica.org\/es\/"},{"@type":"ListItem","position":2,"name":"En Jamaica, banco adventista de alimentos se asocia con compa\u00f1\u00eda para alimentar a los necesitados"}]},{"@type":"WebSite","@id":"https:\/\/interamerica.org\/es\/#website","url":"https:\/\/interamerica.org\/es\/","name":"Iglesia Adventista del S\u00e9ptimo D\u00eda - Divisi\u00f3n Interamericana","description":"","potentialAction":[{"@type":"SearchAction","target":{"@type":"EntryPoint","urlTemplate":"https:\/\/interamerica.org\/es\/?s={search_term_string}"},"query-input":{"@type":"PropertyValueSpecification","valueRequired":true,"valueName":"search_term_string"}}],"inLanguage":"es"},{"@type":"Person","@id":"https:\/\/interamerica.org\/es\/#\/schema\/person\/29998f2bc2d8bd0d38662909289b54f1","name":"libna","image":{"@type":"ImageObject","inLanguage":"es","@id":"https:\/\/secure.gravatar.com\/avatar\/7c5bd30ae4b47a9ba3c856590957fd1d96dc588bf3ac05719d247e126840331f?s=96&d=mm&r=g","url":"https:\/\/secure.gravatar.com\/avatar\/7c5bd30ae4b47a9ba3c856590957fd1d96dc588bf3ac05719d247e126840331f?s=96&d=mm&r=g","contentUrl":"https:\/\/secure.gravatar.com\/avatar\/7c5bd30ae4b47a9ba3c856590957fd1d96dc588bf3ac05719d247e126840331f?s=96&d=mm&r=g","caption":"libna"}}]}},"_links":{"self":[{"href":"https:\/\/interamerica.org\/es\/wp-json\/wp\/v2\/posts\/99348","targetHints":{"allow":["GET"]}}],"collection":[{"href":"https:\/\/interamerica.org\/es\/wp-json\/wp\/v2\/posts"}],"about":[{"href":"https:\/\/interamerica.org\/es\/wp-json\/wp\/v2\/types\/post"}],"author":[{"embeddable":true,"href":"https:\/\/interamerica.org\/es\/wp-json\/wp\/v2\/users\/3"}],"replies":[{"embeddable":true,"href":"https:\/\/interamerica.org\/es\/wp-json\/wp\/v2\/comments?post=99348"}],"version-history":[{"count":0,"href":"https:\/\/interamerica.org\/es\/wp-json\/wp\/v2\/posts\/99348\/revisions"}],"wp:featuredmedia":[{"embeddable":true,"href":"https:\/\/interamerica.org\/es\/wp-json\/wp\/v2\/media\/99308"}],"wp:attachment":[{"href":"https:\/\/interamerica.org\/es\/wp-json\/wp\/v2\/media?parent=99348"}],"wp:term":[{"taxonomy":"category","embeddable":true,"href":"https:\/\/interamerica.org\/es\/wp-json\/wp\/v2\/categories?post=99348"},{"taxonomy":"post_tag","embeddable":true,"href":"https:\/\/interamerica.org\/es\/wp-json\/wp\/v2\/tags?post=99348"}],"curies":[{"name":"wp","href":"https:\/\/api.w.org\/{rel}","templated":true}]}}