{"id":99450,"date":"2023-05-22T09:49:20","date_gmt":"2023-05-22T13:49:20","guid":{"rendered":"https:\/\/interamerica.org\/?p=99450"},"modified":"2023-05-22T14:36:51","modified_gmt":"2023-05-22T18:36:51","slug":"escogidos-para-la-mision-celebracion-de-los-160-anos-de-la-iglesia-adventista-del-septimo-dia","status":"publish","type":"post","link":"https:\/\/interamerica.org\/es\/2023\/05\/escogidos-para-la-mision-celebracion-de-los-160-anos-de-la-iglesia-adventista-del-septimo-dia\/","title":{"rendered":"Escogidos para la misi\u00f3n: Celebraci\u00f3n de los 160 a\u00f1os de la Iglesia Adventista del S\u00e9ptimo D\u00eda"},"content":{"rendered":"<div class=\"u-width--100p u-spacing\">\n<p class=\"c-block__description\">La iglesia mira hacia el futuro, enfocada en la unidad, la identidad y la misi\u00f3n.<\/p>\n<\/div>\n<div class=\"c-block__meta\">\n<div class=\"c-block__category u-text-transform--upper\">21 de mayo de 2023 | Silver Spring, Maryland, Estados Unidos | Ang\u00e9lica S\u00e1nchez, ANN<\/div>\n<\/div>\n<div>\n<p>El 21 de mayo de 2023, la Iglesia Adventista del S\u00e9ptimo D\u00eda celebrar\u00e1 su 160\u00b0 aniversario. A pesar de los desaf\u00edos, el movimiento adventista ahora ha alcanzado a las comunidades de todo el mundo el mensaje del evangelio, y todo debido a sus esfuerzos misionales durante los \u00faltimos 160 a\u00f1os.<\/p>\n<p>Bajo el apto lema \u201cEscogidos para la misi\u00f3n\u201d, la celebraci\u00f3n es una invitaci\u00f3n a que todos los miembros de la iglesia mundial prometan su compromiso con la misi\u00f3n por medio de- <a href=\"https:\/\/adventist.news\/news\/mission-refocus-report-mission-is-our-calling\" target=\"_blank\" rel=\"noopener noreferrer\">Reenfoque en la Misi\u00f3n<\/a>. Tambi\u00e9n es un llamado a una dedicaci\u00f3n y participaci\u00f3n renovadas en el discipulado por medio de <a href=\"https:\/\/www.totalmemberinvolvement.org\/\" target=\"_blank\" rel=\"noopener noreferrer\">Todo Miembro Involucrado<\/a> (TMI).<\/p>\n<p>El pastor Ted N. C. Wilson, presidente de la Iglesia Adventista mundial, dijo de su desarrollo: \u201cNos sentimos incre\u00edblemente agradecidos por el privilegio de compartir los mensajes finales de Dios durante los \u00faltimos 160 a\u00f1os\u201d.<\/p>\n<p>Escogidos para la Misi\u00f3n precede y busca preparar a la iglesia mundial para el pr\u00f3ximo hito misionero en 2024: los 150 a\u00f1os de <a href=\"https:\/\/www.adventist.org\/remnant-and-its-mission\/mission\/\" target=\"_blank\" rel=\"noopener noreferrer\">misi\u00f3n adventista<\/a> al mundo.<\/p>\n<p><strong>Una reuni\u00f3n hist\u00f3rica: El nacimiento de la Iglesia Adventista<\/strong><\/p>\n<p>Cuando efectu\u00f3 una presentaci\u00f3n en el <a href=\"https:\/\/www.youtube.com\/watch?v=fShtAHGvh9c&amp;t=13434s\" target=\"_blank\" rel=\"noopener noreferrer\">Concilio de Primavera 2023<\/a> sobre la celebraci\u00f3n del 160\u00b0 aniversario, Ert\u00f6n Kohler, secretario de la Iglesia Adventista, enfatiz\u00f3 la sabidur\u00eda de buscar en el pasado para influir y orientar el futuro. Usando una analog\u00eda, expres\u00f3: \u201cLas organizaciones saludables avanzan mirando por el parabrisas mientras al mismo tiempo mirar por el espejo retrovisor\u201d.<\/p>\n<p>Nuestro espejo retrovisor como iglesia se remonta a 1863, cuando el 20 de mayo de 1863, veinte delegados de diversas partes de los Estados Unidos se reunieron en Battle Creek, M\u00edchigan, para organizar la iglesia. Ten\u00edan una visi\u00f3n y un compromiso compartidos de predicar los mensajes de los tres \u00e1ngeles y reconocieron la necesidad de organizarse para contribuir con el avance de la misi\u00f3n.<\/p>\n<\/div>\n<p><div id=\"attachment_99425\" style=\"width: 856px\" class=\"wp-caption aligncenter\"><img fetchpriority=\"high\" decoding=\"async\" aria-describedby=\"caption-attachment-99425\" class=\" wp-image-99423\" src=\"https:\/\/interamerica.org\/wp-content\/uploads\/2023\/05\/chosenformission-1-1024x640.png\" alt=\"\" width=\"846\" height=\"529\" srcset=\"https:\/\/interamerica.org\/wp-content\/uploads\/2023\/05\/chosenformission-1-1024x640.png 1024w, https:\/\/interamerica.org\/wp-content\/uploads\/2023\/05\/chosenformission-1-300x188.png 300w, https:\/\/interamerica.org\/wp-content\/uploads\/2023\/05\/chosenformission-1-768x480.png 768w, https:\/\/interamerica.org\/wp-content\/uploads\/2023\/05\/chosenformission-1.png 1280w\" sizes=\"(max-width: 846px) 100vw, 846px\" \/><p id=\"caption-attachment-99425\" class=\"wp-caption-text\">Escogidos para la Misi\u00f3n \u2013 160 a\u00f1os de la Iglesia Adventista del S\u00e9ptimo D\u00eda [Imagen: Asociaci\u00f3n General]<\/p><\/div>El 21 de mayo de 1863, una comisi\u00f3n compuesta por ocho delegados prepar\u00f3 una constituci\u00f3n delineando la estructura de lo que llegar\u00eda a ser la Asociaci\u00f3n General de los Adventistas del S\u00e9ptimo D\u00eda.<\/p>\n<p>Seg\u00fan el doctor David Trim, historiador y director de la Secretar\u00eda Adventista de Archivos, Estad\u00edsticas e Investigaciones (ASTR), la constituci\u00f3n incluy\u00f3 un pre\u00e1mbulo, donde se delineaba el prop\u00f3sito y el \u00e9nfasis detr\u00e1s del desarrollo de la Asociaci\u00f3n General: \u201cGarantizar la unidad y la eficiencia de la labor y promover el inter\u00e9s general de la causa de la verdad presente\u201d, cont\u00f3 Trim en el Concilio Anual 2023.<\/p>\n<p>Trim a\u00f1adi\u00f3: \u201cEl art\u00edculo cinco de la primera Constituci\u00f3n de la Asociaci\u00f3n General expres\u00f3 que la Junta Directiva deb\u00eda asumir la supervisi\u00f3n especial de toda la labor misionera y, como junta misionera, [tendr\u00eda] la facultad de decidir d\u00f3nde se necesitaba esa labor y qui\u00e9n deb\u00eda ir como misionero a llevar a cabo esa tarea\u201d.<\/p>\n<p>En resumen, el prop\u00f3sito de la Asociaci\u00f3n General era promover \u201cla unidad, la identidad, y la misi\u00f3n\u201d, enfatiz\u00f3 Trim.<\/p>\n<p><strong>Reflexionar sobre el legado: La Iglesia Adventista hoy<\/strong><\/p>\n<p>Hoy d\u00eda, la Iglesia Adventista est\u00e1 dedicada a ayudar a que los individuos encuentren libertad, sanaci\u00f3n y esperanza en Cristo por medio de una profunda comprensi\u00f3n de la Biblia. Despu\u00e9s de 160 a\u00f1os, los esfuerzos misioneros de la Iglesia Adventista han tenido un impacto sobre la <a href=\"https:\/\/www.adventist.org\/education\/\" target=\"_blank\" rel=\"noopener noreferrer\">educaci\u00f3n<\/a>, <a href=\"https:\/\/www.adventist.org\/health\/\" target=\"_blank\" rel=\"noopener noreferrer\">healthcare<\/a> y el evangelismo de medios. El movimiento que comenz\u00f3 con 3500 miembros y seis asociaciones ahora ha crecido hasta alcanzar una feligres\u00eda global de m\u00e1s de 22 millones de personas, que abarcan a m\u00e1s de doscientos pa\u00edses.<\/p>\n<p><div id=\"attachment_99428\" style=\"width: 554px\" class=\"wp-caption aligncenter\"><img decoding=\"async\" aria-describedby=\"caption-attachment-99428\" class=\" wp-image-99426\" src=\"https:\/\/interamerica.org\/wp-content\/uploads\/2023\/05\/gc160-anniversary-table-425x1024.png\" alt=\"\" width=\"544\" height=\"1310\" srcset=\"https:\/\/interamerica.org\/wp-content\/uploads\/2023\/05\/gc160-anniversary-table-425x1024.png 425w, https:\/\/interamerica.org\/wp-content\/uploads\/2023\/05\/gc160-anniversary-table-124x300.png 124w, https:\/\/interamerica.org\/wp-content\/uploads\/2023\/05\/gc160-anniversary-table-768x1851.png 768w, https:\/\/interamerica.org\/wp-content\/uploads\/2023\/05\/gc160-anniversary-table-850x2048.png 850w, https:\/\/interamerica.org\/wp-content\/uploads\/2023\/05\/gc160-anniversary-table.png 900w\" sizes=\"(max-width: 544px) 100vw, 544px\" \/><p id=\"caption-attachment-99428\" class=\"wp-caption-text\">El legado de la Iglesia Adventista en los \u00faltimos 160 a\u00f1os. [Fotograf\u00eda: Departamento de Comunicaci\u00f3n de la Asociaci\u00f3n General]<\/p><\/div>Con m\u00e1s de nueve mil escuelas y universidades de la iglesia en todo el mundo, la Iglesia ha alimentado la mente y el coraz\u00f3n de m\u00e1s de dos millones de estudiantes.<\/p>\n<p>El sistema de salud de la Iglesia Adventista es otro aspecto significativo de su legado. Con m\u00e1s de doscientos hospitales y sanitarios, y m\u00e1s de mil cl\u00ednicas, el enfoque de salud integral de las instituciones de salud adventistas ha contribuido a la salud f\u00edsica, mental y espiritual de las comunidades globales.<\/p>\n<p>Adem\u00e1s de ello, la presencia de los medios de la iglesia ha seguido increment\u00e1ndose en a\u00f1os recientes. Desde el colportaje a las casas editoras, los canales de radio y televisi\u00f3n en m\u00e1s de ochenta idiomas, y ahora su presencia en la web y los medios sociales, la Iglesia Adventista ha sido fundamental a la hora de esparcir el evangelio.<\/p>\n<p>\u201cEl destacado crecimiento de la Iglesia Adventista del S\u00e9ptimo D\u00eda en los \u00faltimos 160 a\u00f1os es un testamento del compromiso y la participaci\u00f3n de cada miembro de las iglesias locales. Cada individuo juega un papel fundamental en nuestra misi\u00f3n\u201d, dijo Paul Douglas, gerente general y tesorero de la Iglesia Adventista<\/p>\n<p>Douglas a\u00f1adi\u00f3: \u201cAl celebrar este aniversario, invitamos a todos los miembros a que se unan de las manos y avancen con una pasi\u00f3n y dedicaci\u00f3n renovadas. Juntos, reflexionemos en lo que significa ser escogidos para la misi\u00f3n, sabiendo que nuestros esfuerzos colectivos pueden transformar la vida de las personas en todo el mundo\u201d.<\/p>\n<p><div id=\"attachment_97592\" style=\"width: 863px\" class=\"wp-caption aligncenter\"><img decoding=\"async\" aria-describedby=\"caption-attachment-97592\" class=\" wp-image-97590\" src=\"https:\/\/interamerica.org\/wp-content\/uploads\/2023\/04\/meeting-house-1-1024x802.jpeg\" alt=\"\" width=\"853\" height=\"668\" srcset=\"https:\/\/interamerica.org\/wp-content\/uploads\/2023\/04\/meeting-house-1-1024x802.jpeg 1024w, https:\/\/interamerica.org\/wp-content\/uploads\/2023\/04\/meeting-house-1-300x235.jpeg 300w, https:\/\/interamerica.org\/wp-content\/uploads\/2023\/04\/meeting-house-1-768x602.jpeg 768w, https:\/\/interamerica.org\/wp-content\/uploads\/2023\/04\/meeting-house-1.jpeg 1532w\" sizes=\"(max-width: 853px) 100vw, 853px\" \/><p id=\"caption-attachment-97592\" class=\"wp-caption-text\">Segundo sal\u00f3n de reuniones en Battle Creek, donde fue organizada la Iglesia Adventista del S\u00e9ptimo D\u00eda el 21 de mayo de 1863. [Fotograf\u00eda: Archivos de la Asociaci\u00f3n General de los Adventistas del S\u00e9ptimo D\u00eda].<\/p><\/div><strong>Una visi\u00f3n para el futuro: Unidad, Identidad y Misi\u00f3n<\/strong><\/p>\n<p>Cuando la iglesia reflexiona sobre su rico legado el pasado, \u201crecibimos un nuevo compromiso, nuevas energ\u00edas, [y una] nueva visi\u00f3n para el futuro\u201d, expres\u00f3 K\u00f6hler.<\/p>\n<p>A medida que la Iglesia Adventista avanza hacia el futuro, su \u00e9nfasis en estos \u00faltimos 160 a\u00f1os destaca tres puntos clave: unidad, identidad y misi\u00f3n.<\/p>\n<p>Hace 160 a\u00f1os, los adventistas se unieron con el prop\u00f3sito de cumplir su \u00e9nfasis misionero. Ahora, los l\u00edderes adventistas invitan a las divisiones, las uniones, las asociaciones y las iglesias locales a que se unan para hacer progresar la misi\u00f3n hoy, ma\u00f1ana y en los a\u00f1os venideros.<\/p>\n<p>\u201cNuestra identidad ha sido dada por Dios\u201d, est\u00e1 basada en la Biblia, y se enfatizada por las <a href=\"https:\/\/www.adventist.org\/beliefs\/\" target=\"_blank\" rel=\"noopener noreferrer\">Creencias Fundamentales<\/a> adventistas, cont\u00f3 K\u00f6hler. \u201cEste mensaje tiene que ser compartido con el mundo\u201d por los seguidores de Cristo con una identidad \u00fanica.<\/p>\n<p>En una nueva serie de video que busca reafirmar y profundizar la identidad adventista de los miembros en todo el mundo, Frank Hasel, director asociado del Instituto de Investigaciones B\u00edblicas, y la coconductora K\u00e9ldie Paroschi, exploran el fundamento de las 28 Creencias Fundamentales junto con historiadores invitados.<\/p>\n<p>La misi\u00f3n se encuentra tambi\u00e9n en el centro de la visi\u00f3n de la Iglesia Adventista. K\u00f6hler expres\u00f3: \u201cNuestros 160 a\u00f1os representan una invitaci\u00f3n de reavivar el compromiso inquebrantable de nuestros pioneros y de abrazar los logros extraordinarios que el Se\u00f1or ha preparado para estos tiempos cruciales. En medio de la polarizaci\u00f3n, avancemos juntos unificados, fortificando nuestra identidad b\u00edblica en medio de los desaf\u00edos del relativismo, y rejuveneciendo nuestra dedicaci\u00f3n inquebrantable con la misi\u00f3n\u201d.<\/p>\n<p>Los l\u00edderes adventistas compartir\u00e1n y destacar\u00e1n nuevos proyectos e iniciativas para el 160\u00b0 aniversario en el Concilio Anual 2023 en octubre, y los miembros de todo el mundo pueden aguardan art\u00edculos y recursos durante el siguiente a\u00f1o, para que cada miembro pueda llegar a involucrarse en Escogidos para la Misi\u00f3n.<\/p>\n<p>En una nota final de recuerdo, Wilson se dirige a la iglesia mundial: \u201cHagamos una pausa durante un momento en este aniversario para preguntarnos: \u00bfEstamos verdaderamente haciendo todo lo que podemos para alcanzar a cada persona del mundo, para que podamos ser testigos del regreso de nuestro Se\u00f1or durante nuestra generaci\u00f3n? \u00a1Oh, cu\u00e1nto anhelamos que regreses, Se\u00f1or Jes\u00fas!\u201d<\/p>\n<p><em>Siga conectado por actualizaciones sobre el 160\u00b0 aniversario de la Iglesia Adventista del S\u00e9ptimo D\u00eda en <\/em><a href=\"https:\/\/www.instagram.com\/adventistchurch\/?hl=en\" target=\"_blank\" rel=\"noopener noreferrer\"><em>Instagram<\/em><\/a>, <a href=\"https:\/\/www.facebook.com\/TheAdventistChurch\/\" target=\"_blank\" rel=\"noopener noreferrer\"><em>Facebook<\/em><\/a><em>, y <\/em><a href=\"https:\/\/twitter.com\/adventistchurch\" target=\"_blank\" rel=\"noopener noreferrer\"><em>Twitter<\/em><\/a><em>.<\/em><\/p>\n<p>Traducci\u00f3n de Marcos Paseggi<\/p>\n","protected":false},"excerpt":{"rendered":"<p>La iglesia mira hacia el futuro, enfocada en la unidad, la identidad y la misi\u00f3n. 21 de mayo de 2023 | Silver Spring, Maryland, Estados Unidos | Ang\u00e9lica S\u00e1nchez, ANN&#8230;<\/p>\n","protected":false},"author":3,"featured_media":99422,"comment_status":"closed","ping_status":"closed","sticky":false,"template":"","format":"standard","meta":{"_acf_changed":false,"footnotes":""},"categories":[14,15],"tags":[],"class_list":["post-99450","post","type-post","status-publish","format-standard","has-post-thumbnail","hentry","category-de-la-iglesia-mundial","category-rss-espanol"],"acf":[],"yoast_head":"<!-- This site is optimized with the Yoast SEO plugin v27.3 - https:\/\/yoast.com\/product\/yoast-seo-wordpress\/ -->\n<title>Escogidos para la misi\u00f3n: Celebraci\u00f3n de los 160 a\u00f1os de la Iglesia Adventista del S\u00e9ptimo D\u00eda - Iglesia Adventista del S\u00e9ptimo D\u00eda - Divisi\u00f3n Interamericana<\/title>\n<meta name=\"robots\" content=\"index, follow, max-snippet:-1, max-image-preview:large, max-video-preview:-1\" \/>\n<link rel=\"canonical\" href=\"https:\/\/interamerica.org\/es\/2023\/05\/escogidos-para-la-mision-celebracion-de-los-160-anos-de-la-iglesia-adventista-del-septimo-dia\/\" \/>\n<meta property=\"og:locale\" content=\"es_ES\" \/>\n<meta property=\"og:type\" content=\"article\" \/>\n<meta property=\"og:title\" content=\"Escogidos para la misi\u00f3n: Celebraci\u00f3n de los 160 a\u00f1os de la Iglesia Adventista del S\u00e9ptimo D\u00eda - Iglesia Adventista del S\u00e9ptimo D\u00eda - Divisi\u00f3n Interamericana\" \/>\n<meta property=\"og:description\" content=\"La iglesia mira hacia el futuro, enfocada en la unidad, la identidad y la misi\u00f3n. 21 de mayo de 2023 | Silver Spring, Maryland, Estados Unidos | Ang\u00e9lica S\u00e1nchez, ANN...\" \/>\n<meta property=\"og:url\" content=\"https:\/\/interamerica.org\/es\/2023\/05\/escogidos-para-la-mision-celebracion-de-los-160-anos-de-la-iglesia-adventista-del-septimo-dia\/\" \/>\n<meta property=\"og:site_name\" content=\"Iglesia Adventista del S\u00e9ptimo D\u00eda - Divisi\u00f3n Interamericana\" \/>\n<meta property=\"article:published_time\" content=\"2023-05-22T13:49:20+00:00\" \/>\n<meta property=\"article:modified_time\" content=\"2023-05-22T18:36:51+00:00\" \/>\n<meta property=\"og:image\" content=\"https:\/\/interamerica.org\/wp-content\/uploads\/2023\/05\/chosenformission.png\" \/>\n\t<meta property=\"og:image:width\" content=\"1280\" \/>\n\t<meta property=\"og:image:height\" content=\"800\" \/>\n\t<meta property=\"og:image:type\" content=\"image\/png\" \/>\n<meta name=\"author\" content=\"libna\" \/>\n<meta name=\"twitter:card\" content=\"summary_large_image\" \/>\n<meta name=\"twitter:label1\" content=\"Escrito por\" \/>\n\t<meta name=\"twitter:data1\" content=\"libna\" \/>\n\t<meta name=\"twitter:label2\" content=\"Tiempo de lectura\" \/>\n\t<meta name=\"twitter:data2\" content=\"7 minutos\" \/>\n<script type=\"application\/ld+json\" class=\"yoast-schema-graph\">{\"@context\":\"https:\\\/\\\/schema.org\",\"@graph\":[{\"@type\":\"Article\",\"@id\":\"https:\\\/\\\/interamerica.org\\\/es\\\/2023\\\/05\\\/escogidos-para-la-mision-celebracion-de-los-160-anos-de-la-iglesia-adventista-del-septimo-dia\\\/#article\",\"isPartOf\":{\"@id\":\"https:\\\/\\\/interamerica.org\\\/es\\\/2023\\\/05\\\/escogidos-para-la-mision-celebracion-de-los-160-anos-de-la-iglesia-adventista-del-septimo-dia\\\/\"},\"author\":{\"name\":\"libna\",\"@id\":\"https:\\\/\\\/interamerica.org\\\/es\\\/#\\\/schema\\\/person\\\/29998f2bc2d8bd0d38662909289b54f1\"},\"headline\":\"Escogidos para la misi\u00f3n: Celebraci\u00f3n de los 160 a\u00f1os de la Iglesia Adventista del S\u00e9ptimo D\u00eda\",\"datePublished\":\"2023-05-22T13:49:20+00:00\",\"dateModified\":\"2023-05-22T18:36:51+00:00\",\"mainEntityOfPage\":{\"@id\":\"https:\\\/\\\/interamerica.org\\\/es\\\/2023\\\/05\\\/escogidos-para-la-mision-celebracion-de-los-160-anos-de-la-iglesia-adventista-del-septimo-dia\\\/\"},\"wordCount\":1460,\"image\":{\"@id\":\"https:\\\/\\\/interamerica.org\\\/es\\\/2023\\\/05\\\/escogidos-para-la-mision-celebracion-de-los-160-anos-de-la-iglesia-adventista-del-septimo-dia\\\/#primaryimage\"},\"thumbnailUrl\":\"https:\\\/\\\/interamerica.org\\\/wp-content\\\/uploads\\\/2023\\\/05\\\/chosenformission.png\",\"articleSection\":[\"Desde la iglesia mundial\",\"RSS Espa\u00f1ol\"],\"inLanguage\":\"es\"},{\"@type\":\"WebPage\",\"@id\":\"https:\\\/\\\/interamerica.org\\\/es\\\/2023\\\/05\\\/escogidos-para-la-mision-celebracion-de-los-160-anos-de-la-iglesia-adventista-del-septimo-dia\\\/\",\"url\":\"https:\\\/\\\/interamerica.org\\\/es\\\/2023\\\/05\\\/escogidos-para-la-mision-celebracion-de-los-160-anos-de-la-iglesia-adventista-del-septimo-dia\\\/\",\"name\":\"Escogidos para la misi\u00f3n: Celebraci\u00f3n de los 160 a\u00f1os de la Iglesia Adventista del S\u00e9ptimo D\u00eda - Iglesia Adventista del S\u00e9ptimo D\u00eda - Divisi\u00f3n Interamericana\",\"isPartOf\":{\"@id\":\"https:\\\/\\\/interamerica.org\\\/es\\\/#website\"},\"primaryImageOfPage\":{\"@id\":\"https:\\\/\\\/interamerica.org\\\/es\\\/2023\\\/05\\\/escogidos-para-la-mision-celebracion-de-los-160-anos-de-la-iglesia-adventista-del-septimo-dia\\\/#primaryimage\"},\"image\":{\"@id\":\"https:\\\/\\\/interamerica.org\\\/es\\\/2023\\\/05\\\/escogidos-para-la-mision-celebracion-de-los-160-anos-de-la-iglesia-adventista-del-septimo-dia\\\/#primaryimage\"},\"thumbnailUrl\":\"https:\\\/\\\/interamerica.org\\\/wp-content\\\/uploads\\\/2023\\\/05\\\/chosenformission.png\",\"datePublished\":\"2023-05-22T13:49:20+00:00\",\"dateModified\":\"2023-05-22T18:36:51+00:00\",\"author\":{\"@id\":\"https:\\\/\\\/interamerica.org\\\/es\\\/#\\\/schema\\\/person\\\/29998f2bc2d8bd0d38662909289b54f1\"},\"breadcrumb\":{\"@id\":\"https:\\\/\\\/interamerica.org\\\/es\\\/2023\\\/05\\\/escogidos-para-la-mision-celebracion-de-los-160-anos-de-la-iglesia-adventista-del-septimo-dia\\\/#breadcrumb\"},\"inLanguage\":\"es\",\"potentialAction\":[{\"@type\":\"ReadAction\",\"target\":[\"https:\\\/\\\/interamerica.org\\\/es\\\/2023\\\/05\\\/escogidos-para-la-mision-celebracion-de-los-160-anos-de-la-iglesia-adventista-del-septimo-dia\\\/\"]}]},{\"@type\":\"ImageObject\",\"inLanguage\":\"es\",\"@id\":\"https:\\\/\\\/interamerica.org\\\/es\\\/2023\\\/05\\\/escogidos-para-la-mision-celebracion-de-los-160-anos-de-la-iglesia-adventista-del-septimo-dia\\\/#primaryimage\",\"url\":\"https:\\\/\\\/interamerica.org\\\/wp-content\\\/uploads\\\/2023\\\/05\\\/chosenformission.png\",\"contentUrl\":\"https:\\\/\\\/interamerica.org\\\/wp-content\\\/uploads\\\/2023\\\/05\\\/chosenformission.png\",\"width\":1280,\"height\":800},{\"@type\":\"BreadcrumbList\",\"@id\":\"https:\\\/\\\/interamerica.org\\\/es\\\/2023\\\/05\\\/escogidos-para-la-mision-celebracion-de-los-160-anos-de-la-iglesia-adventista-del-septimo-dia\\\/#breadcrumb\",\"itemListElement\":[{\"@type\":\"ListItem\",\"position\":1,\"name\":\"Home\",\"item\":\"https:\\\/\\\/interamerica.org\\\/es\\\/\"},{\"@type\":\"ListItem\",\"position\":2,\"name\":\"Escogidos para la misi\u00f3n: Celebraci\u00f3n de los 160 a\u00f1os de la Iglesia Adventista del S\u00e9ptimo D\u00eda\"}]},{\"@type\":\"WebSite\",\"@id\":\"https:\\\/\\\/interamerica.org\\\/es\\\/#website\",\"url\":\"https:\\\/\\\/interamerica.org\\\/es\\\/\",\"name\":\"Iglesia Adventista del S\u00e9ptimo D\u00eda - Divisi\u00f3n Interamericana\",\"description\":\"\",\"potentialAction\":[{\"@type\":\"SearchAction\",\"target\":{\"@type\":\"EntryPoint\",\"urlTemplate\":\"https:\\\/\\\/interamerica.org\\\/es\\\/?s={search_term_string}\"},\"query-input\":{\"@type\":\"PropertyValueSpecification\",\"valueRequired\":true,\"valueName\":\"search_term_string\"}}],\"inLanguage\":\"es\"},{\"@type\":\"Person\",\"@id\":\"https:\\\/\\\/interamerica.org\\\/es\\\/#\\\/schema\\\/person\\\/29998f2bc2d8bd0d38662909289b54f1\",\"name\":\"libna\",\"image\":{\"@type\":\"ImageObject\",\"inLanguage\":\"es\",\"@id\":\"https:\\\/\\\/secure.gravatar.com\\\/avatar\\\/7c5bd30ae4b47a9ba3c856590957fd1d96dc588bf3ac05719d247e126840331f?s=96&d=mm&r=g\",\"url\":\"https:\\\/\\\/secure.gravatar.com\\\/avatar\\\/7c5bd30ae4b47a9ba3c856590957fd1d96dc588bf3ac05719d247e126840331f?s=96&d=mm&r=g\",\"contentUrl\":\"https:\\\/\\\/secure.gravatar.com\\\/avatar\\\/7c5bd30ae4b47a9ba3c856590957fd1d96dc588bf3ac05719d247e126840331f?s=96&d=mm&r=g\",\"caption\":\"libna\"}}]}<\/script>\n<!-- \/ Yoast SEO plugin. -->","yoast_head_json":{"title":"Escogidos para la misi\u00f3n: Celebraci\u00f3n de los 160 a\u00f1os de la Iglesia Adventista del S\u00e9ptimo D\u00eda - Iglesia Adventista del S\u00e9ptimo D\u00eda - Divisi\u00f3n Interamericana","robots":{"index":"index","follow":"follow","max-snippet":"max-snippet:-1","max-image-preview":"max-image-preview:large","max-video-preview":"max-video-preview:-1"},"canonical":"https:\/\/interamerica.org\/es\/2023\/05\/escogidos-para-la-mision-celebracion-de-los-160-anos-de-la-iglesia-adventista-del-septimo-dia\/","og_locale":"es_ES","og_type":"article","og_title":"Escogidos para la misi\u00f3n: Celebraci\u00f3n de los 160 a\u00f1os de la Iglesia Adventista del S\u00e9ptimo D\u00eda - Iglesia Adventista del S\u00e9ptimo D\u00eda - Divisi\u00f3n Interamericana","og_description":"La iglesia mira hacia el futuro, enfocada en la unidad, la identidad y la misi\u00f3n. 21 de mayo de 2023 | Silver Spring, Maryland, Estados Unidos | Ang\u00e9lica S\u00e1nchez, ANN...","og_url":"https:\/\/interamerica.org\/es\/2023\/05\/escogidos-para-la-mision-celebracion-de-los-160-anos-de-la-iglesia-adventista-del-septimo-dia\/","og_site_name":"Iglesia Adventista del S\u00e9ptimo D\u00eda - Divisi\u00f3n Interamericana","article_published_time":"2023-05-22T13:49:20+00:00","article_modified_time":"2023-05-22T18:36:51+00:00","og_image":[{"width":1280,"height":800,"url":"https:\/\/interamerica.org\/wp-content\/uploads\/2023\/05\/chosenformission.png","type":"image\/png"}],"author":"libna","twitter_card":"summary_large_image","twitter_misc":{"Escrito por":"libna","Tiempo de lectura":"7 minutos"},"schema":{"@context":"https:\/\/schema.org","@graph":[{"@type":"Article","@id":"https:\/\/interamerica.org\/es\/2023\/05\/escogidos-para-la-mision-celebracion-de-los-160-anos-de-la-iglesia-adventista-del-septimo-dia\/#article","isPartOf":{"@id":"https:\/\/interamerica.org\/es\/2023\/05\/escogidos-para-la-mision-celebracion-de-los-160-anos-de-la-iglesia-adventista-del-septimo-dia\/"},"author":{"name":"libna","@id":"https:\/\/interamerica.org\/es\/#\/schema\/person\/29998f2bc2d8bd0d38662909289b54f1"},"headline":"Escogidos para la misi\u00f3n: Celebraci\u00f3n de los 160 a\u00f1os de la Iglesia Adventista del S\u00e9ptimo D\u00eda","datePublished":"2023-05-22T13:49:20+00:00","dateModified":"2023-05-22T18:36:51+00:00","mainEntityOfPage":{"@id":"https:\/\/interamerica.org\/es\/2023\/05\/escogidos-para-la-mision-celebracion-de-los-160-anos-de-la-iglesia-adventista-del-septimo-dia\/"},"wordCount":1460,"image":{"@id":"https:\/\/interamerica.org\/es\/2023\/05\/escogidos-para-la-mision-celebracion-de-los-160-anos-de-la-iglesia-adventista-del-septimo-dia\/#primaryimage"},"thumbnailUrl":"https:\/\/interamerica.org\/wp-content\/uploads\/2023\/05\/chosenformission.png","articleSection":["Desde la iglesia mundial","RSS Espa\u00f1ol"],"inLanguage":"es"},{"@type":"WebPage","@id":"https:\/\/interamerica.org\/es\/2023\/05\/escogidos-para-la-mision-celebracion-de-los-160-anos-de-la-iglesia-adventista-del-septimo-dia\/","url":"https:\/\/interamerica.org\/es\/2023\/05\/escogidos-para-la-mision-celebracion-de-los-160-anos-de-la-iglesia-adventista-del-septimo-dia\/","name":"Escogidos para la misi\u00f3n: Celebraci\u00f3n de los 160 a\u00f1os de la Iglesia Adventista del S\u00e9ptimo D\u00eda - Iglesia Adventista del S\u00e9ptimo D\u00eda - Divisi\u00f3n Interamericana","isPartOf":{"@id":"https:\/\/interamerica.org\/es\/#website"},"primaryImageOfPage":{"@id":"https:\/\/interamerica.org\/es\/2023\/05\/escogidos-para-la-mision-celebracion-de-los-160-anos-de-la-iglesia-adventista-del-septimo-dia\/#primaryimage"},"image":{"@id":"https:\/\/interamerica.org\/es\/2023\/05\/escogidos-para-la-mision-celebracion-de-los-160-anos-de-la-iglesia-adventista-del-septimo-dia\/#primaryimage"},"thumbnailUrl":"https:\/\/interamerica.org\/wp-content\/uploads\/2023\/05\/chosenformission.png","datePublished":"2023-05-22T13:49:20+00:00","dateModified":"2023-05-22T18:36:51+00:00","author":{"@id":"https:\/\/interamerica.org\/es\/#\/schema\/person\/29998f2bc2d8bd0d38662909289b54f1"},"breadcrumb":{"@id":"https:\/\/interamerica.org\/es\/2023\/05\/escogidos-para-la-mision-celebracion-de-los-160-anos-de-la-iglesia-adventista-del-septimo-dia\/#breadcrumb"},"inLanguage":"es","potentialAction":[{"@type":"ReadAction","target":["https:\/\/interamerica.org\/es\/2023\/05\/escogidos-para-la-mision-celebracion-de-los-160-anos-de-la-iglesia-adventista-del-septimo-dia\/"]}]},{"@type":"ImageObject","inLanguage":"es","@id":"https:\/\/interamerica.org\/es\/2023\/05\/escogidos-para-la-mision-celebracion-de-los-160-anos-de-la-iglesia-adventista-del-septimo-dia\/#primaryimage","url":"https:\/\/interamerica.org\/wp-content\/uploads\/2023\/05\/chosenformission.png","contentUrl":"https:\/\/interamerica.org\/wp-content\/uploads\/2023\/05\/chosenformission.png","width":1280,"height":800},{"@type":"BreadcrumbList","@id":"https:\/\/interamerica.org\/es\/2023\/05\/escogidos-para-la-mision-celebracion-de-los-160-anos-de-la-iglesia-adventista-del-septimo-dia\/#breadcrumb","itemListElement":[{"@type":"ListItem","position":1,"name":"Home","item":"https:\/\/interamerica.org\/es\/"},{"@type":"ListItem","position":2,"name":"Escogidos para la misi\u00f3n: Celebraci\u00f3n de los 160 a\u00f1os de la Iglesia Adventista del S\u00e9ptimo D\u00eda"}]},{"@type":"WebSite","@id":"https:\/\/interamerica.org\/es\/#website","url":"https:\/\/interamerica.org\/es\/","name":"Iglesia Adventista del S\u00e9ptimo D\u00eda - Divisi\u00f3n Interamericana","description":"","potentialAction":[{"@type":"SearchAction","target":{"@type":"EntryPoint","urlTemplate":"https:\/\/interamerica.org\/es\/?s={search_term_string}"},"query-input":{"@type":"PropertyValueSpecification","valueRequired":true,"valueName":"search_term_string"}}],"inLanguage":"es"},{"@type":"Person","@id":"https:\/\/interamerica.org\/es\/#\/schema\/person\/29998f2bc2d8bd0d38662909289b54f1","name":"libna","image":{"@type":"ImageObject","inLanguage":"es","@id":"https:\/\/secure.gravatar.com\/avatar\/7c5bd30ae4b47a9ba3c856590957fd1d96dc588bf3ac05719d247e126840331f?s=96&d=mm&r=g","url":"https:\/\/secure.gravatar.com\/avatar\/7c5bd30ae4b47a9ba3c856590957fd1d96dc588bf3ac05719d247e126840331f?s=96&d=mm&r=g","contentUrl":"https:\/\/secure.gravatar.com\/avatar\/7c5bd30ae4b47a9ba3c856590957fd1d96dc588bf3ac05719d247e126840331f?s=96&d=mm&r=g","caption":"libna"}}]}},"_links":{"self":[{"href":"https:\/\/interamerica.org\/es\/wp-json\/wp\/v2\/posts\/99450","targetHints":{"allow":["GET"]}}],"collection":[{"href":"https:\/\/interamerica.org\/es\/wp-json\/wp\/v2\/posts"}],"about":[{"href":"https:\/\/interamerica.org\/es\/wp-json\/wp\/v2\/types\/post"}],"author":[{"embeddable":true,"href":"https:\/\/interamerica.org\/es\/wp-json\/wp\/v2\/users\/3"}],"replies":[{"embeddable":true,"href":"https:\/\/interamerica.org\/es\/wp-json\/wp\/v2\/comments?post=99450"}],"version-history":[{"count":0,"href":"https:\/\/interamerica.org\/es\/wp-json\/wp\/v2\/posts\/99450\/revisions"}],"wp:featuredmedia":[{"embeddable":true,"href":"https:\/\/interamerica.org\/es\/wp-json\/wp\/v2\/media\/99422"}],"wp:attachment":[{"href":"https:\/\/interamerica.org\/es\/wp-json\/wp\/v2\/media?parent=99450"}],"wp:term":[{"taxonomy":"category","embeddable":true,"href":"https:\/\/interamerica.org\/es\/wp-json\/wp\/v2\/categories?post=99450"},{"taxonomy":"post_tag","embeddable":true,"href":"https:\/\/interamerica.org\/es\/wp-json\/wp\/v2\/tags?post=99450"}],"curies":[{"name":"wp","href":"https:\/\/api.w.org\/{rel}","templated":true}]}}