{"id":100020,"date":"2023-06-06T18:38:03","date_gmt":"2023-06-06T22:38:03","guid":{"rendered":"https:\/\/interamerica.org\/?p=100020"},"modified":"2023-06-09T16:06:01","modified_gmt":"2023-06-09T20:06:01","slug":"je-loue-dieu-pour-la-securite-de-ma-famille","status":"publish","type":"post","link":"https:\/\/interamerica.org\/fr\/2023\/06\/je-loue-dieu-pour-la-securite-de-ma-famille\/","title":{"rendered":"\u00ab Je loue Dieu pour la s\u00e9curit\u00e9 de ma famille \u00bb"},"content":{"rendered":"<h4><b>Une membre d\u2019\u00e9glise de Guam d\u00e9crit son exp\u00e9rience terrifiante durant le typhon Mawar.<\/b><\/h4>\n<h4><span style=\"font-weight: 400;\">Le 6 juin 2023 | Guam | Gracelyn Lloyd, Mission de Guam et de la Micron\u00e9sie et <\/span><i><span style=\"font-weight: 400;\">Adventist Review<\/span><\/i><\/h4>\n<p><span style=\"font-weight: 400;\">Une membre de l\u2019\u00c9glise adventiste du septi\u00e8me jour \u00e0 Guam d\u00e9crit son exp\u00e9rience terrifiante durant le typhon Mawar. Bien qu\u2019elle et son mari \u00e9taient en s\u00e9curit\u00e9 hors de l\u2019\u00eele, ils surveillaient de pr\u00e8s l\u2019approche de la temp\u00eate mena\u00e7ante, puisque leurs trois enfants s\u2019y pr\u00e9paraient \u00e0 la maison avec leurs grands-parents.\u00a0<\/span><\/p>\n<p><span style=\"font-weight: 400;\">Ils avaient un certain sentiment de s\u00e9curit\u00e9, car leur maison \u00e9tait construite pour r\u00e9sister aux vents violents. Cependant, il y avait cette fois un danger suppl\u00e9mentaire et inattendu. \u00ab\u00a0La structure de notre maison peut r\u00e9sister aux super typhons, mais pas aux inondations. Nous ne pensions pas que l\u2019eau atteindrait notre maison, puisque, dans notre quartier, elle est la seule \u00e0 \u00eatre sur\u00e9lev\u00e9e.\u00a0\u00bb<\/span><\/p>\n<p><div id=\"attachment_99970\" style=\"width: 960px\" class=\"wp-caption aligncenter\"><img fetchpriority=\"high\" decoding=\"async\" aria-describedby=\"caption-attachment-99970\" class=\" wp-image-99969\" src=\"https:\/\/interamerica.org\/wp-content\/uploads\/2023\/06\/guam-1.jpeg\" alt=\"\" width=\"950\" height=\"461\" srcset=\"https:\/\/interamerica.org\/wp-content\/uploads\/2023\/06\/guam-1.jpeg 1024w, https:\/\/interamerica.org\/wp-content\/uploads\/2023\/06\/guam-1-300x146.jpeg 300w, https:\/\/interamerica.org\/wp-content\/uploads\/2023\/06\/guam-1-768x373.jpeg 768w\" sizes=\"(max-width: 950px) 100vw, 950px\" \/><p id=\"caption-attachment-99970\" class=\"wp-caption-text\"><span style=\"font-weight: 400;\">Le typhon Mawar a caus\u00e9 d\u2019importantes inondations \u00e0 Guam apr\u00e8s avoir travers\u00e9 l\u2019\u00eele le 24 mai dernier. [Une photo de la Mission de Guam et de la Micron\u00e9sie]<\/span><\/p><\/div><span style=\"font-weight: 400;\">L\u2019eau n\u2019a pas seulement atteint l\u2019\u00e9l\u00e9vation de leur b\u00e2timent, mais elle a inond\u00e9 le premier \u00e9tage, l\u00e0 o\u00f9 se trouvent les chambres de leurs enfants.<\/span><\/p>\n<p><span style=\"font-weight: 400;\">Leur voisin a envoy\u00e9 un texto au p\u00e8re, l\u2019avertissant que l\u2019eau montait rapidement l\u00e0 o\u00f9 se trouve sa maison. La m\u00e8re a contact\u00e9 ses parents, qui \u00e9taient avec les enfants, mais qui vivaient au deuxi\u00e8me \u00e9tage du b\u00e2timent. Elle craignait que les enfants restent pris en bas. Les grands-parents sont donc rapidement venus les chercher pour \u00e9vacuer le premier \u00e9tage.<\/span><\/p>\n<p><span style=\"font-weight: 400;\">L\u2019eau avait alors atteint le m\u00e8tre et demi!<\/span><\/p>\n<p><span style=\"font-weight: 400;\">\u00c9tant donn\u00e9 que les deux espaces de vie ne partagent pas la m\u00eame entr\u00e9e, la famille a d\u00fb sortir du premier \u00e9tage et braver la forte temp\u00eate. Le grand-p\u00e8re a transport\u00e9 sa petite-fille de huit ans pendant que les autres ont prudemment pataug\u00e9 dans l\u2019eau qu\u2019ils avaient jusqu\u2019au cou alors que les vents fouettaient tout autour de leur t\u00eate.<\/span><\/p>\n<p><div id=\"attachment_99977\" style=\"width: 588px\" class=\"wp-caption aligncenter\"><img decoding=\"async\" aria-describedby=\"caption-attachment-99977\" class=\" wp-image-99976\" src=\"https:\/\/interamerica.org\/wp-content\/uploads\/2023\/06\/guam2-804x1024.jpeg\" alt=\"\" width=\"578\" height=\"736\" srcset=\"https:\/\/interamerica.org\/wp-content\/uploads\/2023\/06\/guam2-804x1024.jpeg 804w, https:\/\/interamerica.org\/wp-content\/uploads\/2023\/06\/guam2-236x300.jpeg 236w, https:\/\/interamerica.org\/wp-content\/uploads\/2023\/06\/guam2-768x978.jpeg 768w, https:\/\/interamerica.org\/wp-content\/uploads\/2023\/06\/guam2.jpeg 1200w\" sizes=\"(max-width: 578px) 100vw, 578px\" \/><p id=\"caption-attachment-99977\" class=\"wp-caption-text\"><span style=\"font-weight: 400;\">M\u00eame les maisons jug\u00e9es s\u00e9curitaires ont \u00e9t\u00e9 inond\u00e9es. [Une photo de la Mission de Guam et de la Micron\u00e9sie]<\/span><\/p><\/div><span style=\"font-weight: 400;\">Enfin, la m\u00e8re a re\u00e7u le texto r\u00e9confortant que tous avaient atteint sains et saufs le deuxi\u00e8me \u00e9tage. Elle avait d\u00e9j\u00e0 envoy\u00e9 des messages \u00e0 sa famille d\u2019\u00e9glise et \u00e0 ses amis proches pour leur demander de l\u2019aide. Son fils avait appel\u00e9 le 911, mais aucune \u00e9quipe n\u2019avait pu \u00eatre envoy\u00e9e avant le ralentissement des vents du typhon.<\/span><\/p>\n<p><span style=\"font-weight: 400;\">Les membres de la famille ont pri\u00e9. Ils ont demand\u00e9 au Seigneur d\u2019emp\u00eacher l\u2019eau de monter. Ils ont pri\u00e9 pour sa protection. Et le Seigneur \u00e9tait avec eux, ont-ils dit.<\/span><\/p>\n<p><span style=\"font-weight: 400;\">L\u2019eau n\u2019a pas atteint le deuxi\u00e8me \u00e9tage. Leur toit ne s\u2019est pas envol\u00e9, les gardant en s\u00e9curit\u00e9 jusqu\u2019\u00e0 l\u2019arriv\u00e9e des secours.<\/span><\/p>\n<p><span style=\"font-weight: 400;\">\u00ab\u00a0Dieu est effectivement tr\u00e8s bon, a dit la m\u00e8re. Ils \u00e9taient en s\u00e9curit\u00e9 au deuxi\u00e8me \u00e9tage.\u00a0\u00bb<\/span><\/p>\n<p><span style=\"font-weight: 400;\">D\u00e8s que les routes sont redevenues passables, les membres d\u2019\u00e9glise se sont rendus \u00e0 la maison de la famille. L\u2019un des voisins a utilis\u00e9 son bateau pour atteindre la famille et l\u2019emmener sur la terre s\u00e8che.<\/span><\/p>\n<p><span style=\"font-weight: 400;\">Les enfants se remettent de leur aventure chez un membre de leur famille, avec leurs cousins. Les grands-parents sont rentr\u00e9s \u00e0 la maison apr\u00e8s le retrait des eaux pour d\u00e9couvrir que tout ce qui se trouvait au premier \u00e9tage \u00e9tait perdu.<\/span><\/p>\n<p><div id=\"attachment_99980\" style=\"width: 584px\" class=\"wp-caption aligncenter\"><img decoding=\"async\" aria-describedby=\"caption-attachment-99980\" class=\" wp-image-99979\" src=\"https:\/\/interamerica.org\/wp-content\/uploads\/2023\/06\/guam3-768x1024.jpeg\" alt=\"\" width=\"574\" height=\"766\" srcset=\"https:\/\/interamerica.org\/wp-content\/uploads\/2023\/06\/guam3-768x1024.jpeg 768w, https:\/\/interamerica.org\/wp-content\/uploads\/2023\/06\/guam3-225x300.jpeg 225w, https:\/\/interamerica.org\/wp-content\/uploads\/2023\/06\/guam3-1152x1536.jpeg 1152w, https:\/\/interamerica.org\/wp-content\/uploads\/2023\/06\/guam3.jpeg 1200w\" sizes=\"(max-width: 574px) 100vw, 574px\" \/><p id=\"caption-attachment-99980\" class=\"wp-caption-text\"><span style=\"font-weight: 400;\">De nombreux r\u00e9sidents, y compris des membres de l\u2019\u00c9glise adventiste, ont perdu une partie de leurs biens mat\u00e9riels. [Une photo de la Mission de Guam et de la Micron\u00e9sie]<\/span><\/p><\/div><span style=\"font-weight: 400;\">Malgr\u00e9 la perte de leurs biens mat\u00e9riels, la famille dit avoir plusieurs raisons de louer le Seigneur.<\/span><\/p>\n<p><span style=\"font-weight: 400;\">\u00ab\u00a0Je loue Dieu pour la r\u00e9ponse imm\u00e9diate de ma famille d\u2019\u00e9glise. Je le loue pour la s\u00e9curit\u00e9 que ma famille a pu trouver. Je le loue pour le fait que les signaux de communication n\u2019ont jamais \u00e9t\u00e9 coup\u00e9s durant le typhon. Malgr\u00e9 la grosse temp\u00eate, notre foi demeure forte.\u00a0\u00bb<\/span><\/p>\n<p><span style=\"font-weight: 400;\">Les parents sont toujours incapables de rentrer \u00e0 la maison, puisque l\u2019a\u00e9roport de Guam est ferm\u00e9 jusqu\u2019\u00e0 ce que les dommages caus\u00e9s par le typhon puissent \u00eatre r\u00e9par\u00e9s. \u00ab\u00a0Nous remercions Dieu pour le secours de leur famille et prions pour leurs proches retrouvailles, ont dit les dirigeants de l\u2019\u00c9glise r\u00e9gionale. Priez s\u2019il vous pla\u00eet pour eux et pour les autres familles de Guam qui continuent de se relever des effets du typhon.\u00a0\u00bb<\/span><\/p>\n<p><span style=\"font-weight: 400;\">Le typhon Mawar, connu aux Philippines comme le super typhon Betty, fut le plus puissant cyclone tropical de l\u2019h\u00e9misph\u00e8re nord enregistr\u00e9 durant le mois de mai. Il est pass\u00e9 au nord de Guam comme un typhon de cat\u00e9gorie\u00a04 le 24\u00a0mai dernier avec des vents de la force d\u2019un ouragan et de fortes pluies. C\u2019est la plus forte temp\u00eate ayant affect\u00e9 l\u2019\u00eele depuis 2002.<\/span><\/p>\n<p><span style=\"font-weight: 400;\">La <\/span><a href=\"https:\/\/www.gmmsda.org\/stories\/mawar-rescue\"><span style=\"font-weight: 400;\">version originale<\/span><\/a><span style=\"font-weight: 400;\"> de cet article a \u00e9t\u00e9 publi\u00e9e sur le <\/span><a href=\"https:\/\/www.gmmsda.org\/blog\"><span style=\"font-weight: 400;\">site d\u2019actualit\u00e9s<\/span><\/a><span style=\"font-weight: 400;\"> de la Mission de Guam et de la Micron\u00e9sie.<\/span><\/p>\n<p><span style=\"font-weight: 400;\">Traduction\u00a0: Marie-Mich\u00e8le Robitaille<\/span><\/p>\n","protected":false},"excerpt":{"rendered":"<p>Une membre d\u2019\u00e9glise de Guam d\u00e9crit son exp\u00e9rience terrifiante durant le typhon Mawar. Le 6 juin 2023 | Guam | Gracelyn Lloyd, Mission de Guam et de la Micron\u00e9sie et&#8230;<\/p>\n","protected":false},"author":3,"featured_media":99973,"comment_status":"closed","ping_status":"closed","sticky":false,"template":"","format":"standard","meta":{"_acf_changed":false,"footnotes":""},"categories":[18,19],"tags":[],"class_list":["post-100020","post","type-post","status-publish","format-standard","has-post-thumbnail","hentry","category-nouvelles-de-leglise-mondiale","category-rss-francais"],"acf":[],"yoast_head":"<!-- This site is optimized with the Yoast SEO plugin v27.3 - https:\/\/yoast.com\/product\/yoast-seo-wordpress\/ -->\n<title>\u00ab Je loue Dieu pour la s\u00e9curit\u00e9 de ma famille \u00bb - \u00c9glise Adventiste Du Septieme Jour - Inter Am\u00e9rique Division<\/title>\n<meta name=\"robots\" content=\"index, follow, max-snippet:-1, max-image-preview:large, max-video-preview:-1\" \/>\n<link rel=\"canonical\" href=\"https:\/\/interamerica.org\/fr\/2023\/06\/je-loue-dieu-pour-la-securite-de-ma-famille\/\" \/>\n<meta property=\"og:locale\" content=\"fr_FR\" \/>\n<meta property=\"og:type\" content=\"article\" \/>\n<meta property=\"og:title\" content=\"\u00ab Je loue Dieu pour la s\u00e9curit\u00e9 de ma famille \u00bb - \u00c9glise Adventiste Du Septieme Jour - Inter Am\u00e9rique Division\" \/>\n<meta property=\"og:description\" content=\"Une membre d\u2019\u00e9glise de Guam d\u00e9crit son exp\u00e9rience terrifiante durant le typhon Mawar. Le 6 juin 2023 | Guam | Gracelyn Lloyd, Mission de Guam et de la Micron\u00e9sie et...\" \/>\n<meta property=\"og:url\" content=\"https:\/\/interamerica.org\/fr\/2023\/06\/je-loue-dieu-pour-la-securite-de-ma-famille\/\" \/>\n<meta property=\"og:site_name\" content=\"\u00c9glise Adventiste Du Septieme Jour - Inter Am\u00e9rique Division\" \/>\n<meta property=\"article:published_time\" content=\"2023-06-06T22:38:03+00:00\" \/>\n<meta property=\"article:modified_time\" content=\"2023-06-09T20:06:01+00:00\" \/>\n<meta property=\"og:image\" content=\"https:\/\/interamerica.org\/wp-content\/uploads\/2023\/06\/guam-1-1280.jpg\" \/>\n\t<meta property=\"og:image:width\" content=\"1280\" \/>\n\t<meta property=\"og:image:height\" content=\"800\" \/>\n\t<meta property=\"og:image:type\" content=\"image\/jpeg\" \/>\n<meta name=\"author\" content=\"libna\" \/>\n<meta name=\"twitter:card\" content=\"summary_large_image\" \/>\n<meta name=\"twitter:label1\" content=\"\u00c9crit par\" \/>\n\t<meta name=\"twitter:data1\" content=\"libna\" \/>\n\t<meta name=\"twitter:label2\" content=\"Dur\u00e9e de lecture estim\u00e9e\" \/>\n\t<meta name=\"twitter:data2\" content=\"5 minutes\" \/>\n<script type=\"application\/ld+json\" class=\"yoast-schema-graph\">{\"@context\":\"https:\\\/\\\/schema.org\",\"@graph\":[{\"@type\":\"Article\",\"@id\":\"https:\\\/\\\/interamerica.org\\\/fr\\\/2023\\\/06\\\/je-loue-dieu-pour-la-securite-de-ma-famille\\\/#article\",\"isPartOf\":{\"@id\":\"https:\\\/\\\/interamerica.org\\\/fr\\\/2023\\\/06\\\/je-loue-dieu-pour-la-securite-de-ma-famille\\\/\"},\"author\":{\"name\":\"libna\",\"@id\":\"https:\\\/\\\/interamerica.org\\\/fr\\\/#\\\/schema\\\/person\\\/29998f2bc2d8bd0d38662909289b54f1\"},\"headline\":\"\u00ab Je loue Dieu pour la s\u00e9curit\u00e9 de ma famille \u00bb\",\"datePublished\":\"2023-06-06T22:38:03+00:00\",\"dateModified\":\"2023-06-09T20:06:01+00:00\",\"mainEntityOfPage\":{\"@id\":\"https:\\\/\\\/interamerica.org\\\/fr\\\/2023\\\/06\\\/je-loue-dieu-pour-la-securite-de-ma-famille\\\/\"},\"wordCount\":934,\"image\":{\"@id\":\"https:\\\/\\\/interamerica.org\\\/fr\\\/2023\\\/06\\\/je-loue-dieu-pour-la-securite-de-ma-famille\\\/#primaryimage\"},\"thumbnailUrl\":\"https:\\\/\\\/interamerica.org\\\/wp-content\\\/uploads\\\/2023\\\/06\\\/guam-1-1280.jpg\",\"articleSection\":[\"Nouvelles de l'\u00c9glise mondiale\",\"RSS Fran\u00e7ais\"],\"inLanguage\":\"fr-FR\"},{\"@type\":\"WebPage\",\"@id\":\"https:\\\/\\\/interamerica.org\\\/fr\\\/2023\\\/06\\\/je-loue-dieu-pour-la-securite-de-ma-famille\\\/\",\"url\":\"https:\\\/\\\/interamerica.org\\\/fr\\\/2023\\\/06\\\/je-loue-dieu-pour-la-securite-de-ma-famille\\\/\",\"name\":\"\u00ab Je loue Dieu pour la s\u00e9curit\u00e9 de ma famille \u00bb - \u00c9glise Adventiste Du Septieme Jour - Inter Am\u00e9rique Division\",\"isPartOf\":{\"@id\":\"https:\\\/\\\/interamerica.org\\\/fr\\\/#website\"},\"primaryImageOfPage\":{\"@id\":\"https:\\\/\\\/interamerica.org\\\/fr\\\/2023\\\/06\\\/je-loue-dieu-pour-la-securite-de-ma-famille\\\/#primaryimage\"},\"image\":{\"@id\":\"https:\\\/\\\/interamerica.org\\\/fr\\\/2023\\\/06\\\/je-loue-dieu-pour-la-securite-de-ma-famille\\\/#primaryimage\"},\"thumbnailUrl\":\"https:\\\/\\\/interamerica.org\\\/wp-content\\\/uploads\\\/2023\\\/06\\\/guam-1-1280.jpg\",\"datePublished\":\"2023-06-06T22:38:03+00:00\",\"dateModified\":\"2023-06-09T20:06:01+00:00\",\"author\":{\"@id\":\"https:\\\/\\\/interamerica.org\\\/fr\\\/#\\\/schema\\\/person\\\/29998f2bc2d8bd0d38662909289b54f1\"},\"breadcrumb\":{\"@id\":\"https:\\\/\\\/interamerica.org\\\/fr\\\/2023\\\/06\\\/je-loue-dieu-pour-la-securite-de-ma-famille\\\/#breadcrumb\"},\"inLanguage\":\"fr-FR\",\"potentialAction\":[{\"@type\":\"ReadAction\",\"target\":[\"https:\\\/\\\/interamerica.org\\\/fr\\\/2023\\\/06\\\/je-loue-dieu-pour-la-securite-de-ma-famille\\\/\"]}]},{\"@type\":\"ImageObject\",\"inLanguage\":\"fr-FR\",\"@id\":\"https:\\\/\\\/interamerica.org\\\/fr\\\/2023\\\/06\\\/je-loue-dieu-pour-la-securite-de-ma-famille\\\/#primaryimage\",\"url\":\"https:\\\/\\\/interamerica.org\\\/wp-content\\\/uploads\\\/2023\\\/06\\\/guam-1-1280.jpg\",\"contentUrl\":\"https:\\\/\\\/interamerica.org\\\/wp-content\\\/uploads\\\/2023\\\/06\\\/guam-1-1280.jpg\",\"width\":1280,\"height\":800},{\"@type\":\"BreadcrumbList\",\"@id\":\"https:\\\/\\\/interamerica.org\\\/fr\\\/2023\\\/06\\\/je-loue-dieu-pour-la-securite-de-ma-famille\\\/#breadcrumb\",\"itemListElement\":[{\"@type\":\"ListItem\",\"position\":1,\"name\":\"Home\",\"item\":\"https:\\\/\\\/interamerica.org\\\/fr\\\/\"},{\"@type\":\"ListItem\",\"position\":2,\"name\":\"\u00ab Je loue Dieu pour la s\u00e9curit\u00e9 de ma famille \u00bb\"}]},{\"@type\":\"WebSite\",\"@id\":\"https:\\\/\\\/interamerica.org\\\/fr\\\/#website\",\"url\":\"https:\\\/\\\/interamerica.org\\\/fr\\\/\",\"name\":\"\u00c9glise Adventiste Du Septieme Jour - Inter Am\u00e9rique Division\",\"description\":\"\",\"potentialAction\":[{\"@type\":\"SearchAction\",\"target\":{\"@type\":\"EntryPoint\",\"urlTemplate\":\"https:\\\/\\\/interamerica.org\\\/fr\\\/?s={search_term_string}\"},\"query-input\":{\"@type\":\"PropertyValueSpecification\",\"valueRequired\":true,\"valueName\":\"search_term_string\"}}],\"inLanguage\":\"fr-FR\"},{\"@type\":\"Person\",\"@id\":\"https:\\\/\\\/interamerica.org\\\/fr\\\/#\\\/schema\\\/person\\\/29998f2bc2d8bd0d38662909289b54f1\",\"name\":\"libna\",\"image\":{\"@type\":\"ImageObject\",\"inLanguage\":\"fr-FR\",\"@id\":\"https:\\\/\\\/secure.gravatar.com\\\/avatar\\\/7c5bd30ae4b47a9ba3c856590957fd1d96dc588bf3ac05719d247e126840331f?s=96&d=mm&r=g\",\"url\":\"https:\\\/\\\/secure.gravatar.com\\\/avatar\\\/7c5bd30ae4b47a9ba3c856590957fd1d96dc588bf3ac05719d247e126840331f?s=96&d=mm&r=g\",\"contentUrl\":\"https:\\\/\\\/secure.gravatar.com\\\/avatar\\\/7c5bd30ae4b47a9ba3c856590957fd1d96dc588bf3ac05719d247e126840331f?s=96&d=mm&r=g\",\"caption\":\"libna\"}}]}<\/script>\n<!-- \/ Yoast SEO plugin. -->","yoast_head_json":{"title":"\u00ab Je loue Dieu pour la s\u00e9curit\u00e9 de ma famille \u00bb - \u00c9glise Adventiste Du Septieme Jour - Inter Am\u00e9rique Division","robots":{"index":"index","follow":"follow","max-snippet":"max-snippet:-1","max-image-preview":"max-image-preview:large","max-video-preview":"max-video-preview:-1"},"canonical":"https:\/\/interamerica.org\/fr\/2023\/06\/je-loue-dieu-pour-la-securite-de-ma-famille\/","og_locale":"fr_FR","og_type":"article","og_title":"\u00ab Je loue Dieu pour la s\u00e9curit\u00e9 de ma famille \u00bb - \u00c9glise Adventiste Du Septieme Jour - Inter Am\u00e9rique Division","og_description":"Une membre d\u2019\u00e9glise de Guam d\u00e9crit son exp\u00e9rience terrifiante durant le typhon Mawar. Le 6 juin 2023 | Guam | Gracelyn Lloyd, Mission de Guam et de la Micron\u00e9sie et...","og_url":"https:\/\/interamerica.org\/fr\/2023\/06\/je-loue-dieu-pour-la-securite-de-ma-famille\/","og_site_name":"\u00c9glise Adventiste Du Septieme Jour - Inter Am\u00e9rique Division","article_published_time":"2023-06-06T22:38:03+00:00","article_modified_time":"2023-06-09T20:06:01+00:00","og_image":[{"width":1280,"height":800,"url":"https:\/\/interamerica.org\/wp-content\/uploads\/2023\/06\/guam-1-1280.jpg","type":"image\/jpeg"}],"author":"libna","twitter_card":"summary_large_image","twitter_misc":{"\u00c9crit par":"libna","Dur\u00e9e de lecture estim\u00e9e":"5 minutes"},"schema":{"@context":"https:\/\/schema.org","@graph":[{"@type":"Article","@id":"https:\/\/interamerica.org\/fr\/2023\/06\/je-loue-dieu-pour-la-securite-de-ma-famille\/#article","isPartOf":{"@id":"https:\/\/interamerica.org\/fr\/2023\/06\/je-loue-dieu-pour-la-securite-de-ma-famille\/"},"author":{"name":"libna","@id":"https:\/\/interamerica.org\/fr\/#\/schema\/person\/29998f2bc2d8bd0d38662909289b54f1"},"headline":"\u00ab Je loue Dieu pour la s\u00e9curit\u00e9 de ma famille \u00bb","datePublished":"2023-06-06T22:38:03+00:00","dateModified":"2023-06-09T20:06:01+00:00","mainEntityOfPage":{"@id":"https:\/\/interamerica.org\/fr\/2023\/06\/je-loue-dieu-pour-la-securite-de-ma-famille\/"},"wordCount":934,"image":{"@id":"https:\/\/interamerica.org\/fr\/2023\/06\/je-loue-dieu-pour-la-securite-de-ma-famille\/#primaryimage"},"thumbnailUrl":"https:\/\/interamerica.org\/wp-content\/uploads\/2023\/06\/guam-1-1280.jpg","articleSection":["Nouvelles de l'\u00c9glise mondiale","RSS Fran\u00e7ais"],"inLanguage":"fr-FR"},{"@type":"WebPage","@id":"https:\/\/interamerica.org\/fr\/2023\/06\/je-loue-dieu-pour-la-securite-de-ma-famille\/","url":"https:\/\/interamerica.org\/fr\/2023\/06\/je-loue-dieu-pour-la-securite-de-ma-famille\/","name":"\u00ab Je loue Dieu pour la s\u00e9curit\u00e9 de ma famille \u00bb - \u00c9glise Adventiste Du Septieme Jour - Inter Am\u00e9rique Division","isPartOf":{"@id":"https:\/\/interamerica.org\/fr\/#website"},"primaryImageOfPage":{"@id":"https:\/\/interamerica.org\/fr\/2023\/06\/je-loue-dieu-pour-la-securite-de-ma-famille\/#primaryimage"},"image":{"@id":"https:\/\/interamerica.org\/fr\/2023\/06\/je-loue-dieu-pour-la-securite-de-ma-famille\/#primaryimage"},"thumbnailUrl":"https:\/\/interamerica.org\/wp-content\/uploads\/2023\/06\/guam-1-1280.jpg","datePublished":"2023-06-06T22:38:03+00:00","dateModified":"2023-06-09T20:06:01+00:00","author":{"@id":"https:\/\/interamerica.org\/fr\/#\/schema\/person\/29998f2bc2d8bd0d38662909289b54f1"},"breadcrumb":{"@id":"https:\/\/interamerica.org\/fr\/2023\/06\/je-loue-dieu-pour-la-securite-de-ma-famille\/#breadcrumb"},"inLanguage":"fr-FR","potentialAction":[{"@type":"ReadAction","target":["https:\/\/interamerica.org\/fr\/2023\/06\/je-loue-dieu-pour-la-securite-de-ma-famille\/"]}]},{"@type":"ImageObject","inLanguage":"fr-FR","@id":"https:\/\/interamerica.org\/fr\/2023\/06\/je-loue-dieu-pour-la-securite-de-ma-famille\/#primaryimage","url":"https:\/\/interamerica.org\/wp-content\/uploads\/2023\/06\/guam-1-1280.jpg","contentUrl":"https:\/\/interamerica.org\/wp-content\/uploads\/2023\/06\/guam-1-1280.jpg","width":1280,"height":800},{"@type":"BreadcrumbList","@id":"https:\/\/interamerica.org\/fr\/2023\/06\/je-loue-dieu-pour-la-securite-de-ma-famille\/#breadcrumb","itemListElement":[{"@type":"ListItem","position":1,"name":"Home","item":"https:\/\/interamerica.org\/fr\/"},{"@type":"ListItem","position":2,"name":"\u00ab Je loue Dieu pour la s\u00e9curit\u00e9 de ma famille \u00bb"}]},{"@type":"WebSite","@id":"https:\/\/interamerica.org\/fr\/#website","url":"https:\/\/interamerica.org\/fr\/","name":"\u00c9glise Adventiste Du Septieme Jour - Inter Am\u00e9rique Division","description":"","potentialAction":[{"@type":"SearchAction","target":{"@type":"EntryPoint","urlTemplate":"https:\/\/interamerica.org\/fr\/?s={search_term_string}"},"query-input":{"@type":"PropertyValueSpecification","valueRequired":true,"valueName":"search_term_string"}}],"inLanguage":"fr-FR"},{"@type":"Person","@id":"https:\/\/interamerica.org\/fr\/#\/schema\/person\/29998f2bc2d8bd0d38662909289b54f1","name":"libna","image":{"@type":"ImageObject","inLanguage":"fr-FR","@id":"https:\/\/secure.gravatar.com\/avatar\/7c5bd30ae4b47a9ba3c856590957fd1d96dc588bf3ac05719d247e126840331f?s=96&d=mm&r=g","url":"https:\/\/secure.gravatar.com\/avatar\/7c5bd30ae4b47a9ba3c856590957fd1d96dc588bf3ac05719d247e126840331f?s=96&d=mm&r=g","contentUrl":"https:\/\/secure.gravatar.com\/avatar\/7c5bd30ae4b47a9ba3c856590957fd1d96dc588bf3ac05719d247e126840331f?s=96&d=mm&r=g","caption":"libna"}}]}},"_links":{"self":[{"href":"https:\/\/interamerica.org\/fr\/wp-json\/wp\/v2\/posts\/100020","targetHints":{"allow":["GET"]}}],"collection":[{"href":"https:\/\/interamerica.org\/fr\/wp-json\/wp\/v2\/posts"}],"about":[{"href":"https:\/\/interamerica.org\/fr\/wp-json\/wp\/v2\/types\/post"}],"author":[{"embeddable":true,"href":"https:\/\/interamerica.org\/fr\/wp-json\/wp\/v2\/users\/3"}],"replies":[{"embeddable":true,"href":"https:\/\/interamerica.org\/fr\/wp-json\/wp\/v2\/comments?post=100020"}],"version-history":[{"count":0,"href":"https:\/\/interamerica.org\/fr\/wp-json\/wp\/v2\/posts\/100020\/revisions"}],"wp:featuredmedia":[{"embeddable":true,"href":"https:\/\/interamerica.org\/fr\/wp-json\/wp\/v2\/media\/99973"}],"wp:attachment":[{"href":"https:\/\/interamerica.org\/fr\/wp-json\/wp\/v2\/media?parent=100020"}],"wp:term":[{"taxonomy":"category","embeddable":true,"href":"https:\/\/interamerica.org\/fr\/wp-json\/wp\/v2\/categories?post=100020"},{"taxonomy":"post_tag","embeddable":true,"href":"https:\/\/interamerica.org\/fr\/wp-json\/wp\/v2\/tags?post=100020"}],"curies":[{"name":"wp","href":"https:\/\/api.w.org\/{rel}","templated":true}]}}