{"id":100107,"date":"2023-06-12T10:23:14","date_gmt":"2023-06-12T14:23:14","guid":{"rendered":"https:\/\/interamerica.org\/?p=100107"},"modified":"2023-06-13T09:51:27","modified_gmt":"2023-06-13T13:51:27","slug":"declaration-de-la-conference-generale-concernant-les-activites-parrainees-localement","status":"publish","type":"post","link":"https:\/\/interamerica.org\/fr\/2023\/06\/declaration-de-la-conference-generale-concernant-les-activites-parrainees-localement\/","title":{"rendered":"D\u00e9claration de la Conf\u00e9rence G\u00e9n\u00e9rale concernant les activit\u00e9s parrain\u00e9es localement"},"content":{"rendered":"<h4>Promouvoir ou soutenir des modes de vie non bibliques en mati\u00e8re de sexualit\u00e9 humaine<\/h4>\n<p>11 Juin 2023 | Silver Spring, Maryland, \u00c9tats-Unis | Conf\u00e9rence G\u00e9n\u00e9rale des adventistes du septi\u00e8me jour<\/p>\n<p>L\u2019\u00c9glise adventiste du septi\u00e8me jour a publi\u00e9 des d\u00e9clarations claires concernant\u00a0<a href=\"https:\/\/www.adventist.org\/official-statements\/sexual-behavior\/\" target=\"_blank\" rel=\"noopener noreferrer\">la sexualit\u00e9 humaine<\/a>,<a href=\"https:\/\/www.adventist.org\/official-statements\/homosexuality\/\" target=\"_blank\" rel=\"noopener noreferrer\">\u00a0l&rsquo;homosexualit\u00e9<\/a>, et\u00a0<a href=\"https:\/\/www.adventist.org\/official-statements\/statement-on-transgenderism\/\" target=\"_blank\" rel=\"noopener noreferrer\">la transidentit\u00e9<\/a>.\u00a0Toutes ces d\u00e9clarations ont \u00e9t\u00e9 publi\u00e9es apr\u00e8s une \u00e9tude minutieuse de la Parole de Dieu contenue dans les Saintes \u00c9critures, car elle constitue la base qui fait autorit\u00e9 et permet de comprendre de mani\u00e8re appropri\u00e9e Sa volont\u00e9 au sujet de toutes les questions auxquelles l\u2019humanit\u00e9 est confront\u00e9e, y compris celle de la sexualit\u00e9 humaine. \u00c0 partir de notre \u00e9tude de la Parole de Dieu, \u00e0 laquelle s\u2019ajoute la lecture de l\u2019Esprit de proph\u00e9tie, nous voyons la sexualit\u00e9 humaine d\u00e9peinte comme une institution divine dans le cadre du mariage entre un homme et une femme. En exprimant notre compr\u00e9hension de la volont\u00e9 de Dieu \u00e0 propos de la sexualit\u00e9 humaine, nous l\u2019avons fait avec le m\u00eame amour et la m\u00eame compassion dont faisait preuve le Christ, sachant que tous ont p\u00e9ch\u00e9 et n\u2019atteignent pas Sa glorieuse norme de vie (Romains 3:23). En tant que famille d\u2019\u00e9glise, nous devons \u00eatre le prolongement de l\u2019amour de Dieu pour toute l\u2019humanit\u00e9 et soutenir de mani\u00e8re intentionnelle ceux qui sont en lutte avec le p\u00e9ch\u00e9 sous toutes ses formes et qui en m\u00eame temps cultivent un style de vie en harmonie avec la Parole de Dieu. Nous croyons que toute l\u2019humanit\u00e9 p\u00e9cheresse peut \u00eatre une nouvelle cr\u00e9ation en Christ comme l\u2019indique 2 Corinthiens 5:17 : \u00ab Si quelqu&rsquo;un est en Christ, il est une nouvelle cr\u00e9ature. Les choses anciennes sont pass\u00e9es; voici, toutes choses sont devenues nouvelles. \u00bb (LSG).<\/p>\n<p>Au cours des derni\u00e8res semaines, certains individus au niveau local, ou parfois des organisations d\u2019\u00e9glises locales dans leurs contextes locaux, ont cherch\u00e9 \u00e0 apporter un soutien \u00e0 ceux qui vivent des modes de vie alternatifs en mati\u00e8re de sexualit\u00e9 humaine qui sont incompatibles avec notre compr\u00e9hension biblique de cette question et les d\u00e9clarations vot\u00e9es et publi\u00e9es par l\u2019\u00c9glise adventiste du septi\u00e8me jour. Pour certains, dans leurs contextes locaux, il y a m\u00eame eu des efforts d\u00e9lib\u00e9r\u00e9s visant \u00e0 promouvoir la cause des modes de vie alternatifs en mati\u00e8re de sexualit\u00e9 humaine sans tenir compte de l\u2019autorit\u00e9 de la Parole de Dieu et des conseils donn\u00e9s dans l\u2019Esprit de Proph\u00e9tie. Bien que ces activit\u00e9s aient \u00e9t\u00e9 parrain\u00e9es localement, \u00e0 travers les r\u00e9seaux sociaux elles ont \u00e9t\u00e9 annonc\u00e9es partout, cr\u00e9ant confusion et pr\u00e9occupation parmi les membres d\u2019\u00e9glise qui demandent une position claire mais bienveillante sur la question aux dirigeants de l\u2019\u00e9glise \u00e0 diff\u00e9rents niveaux.<\/p>\n<p>La Conf\u00e9rence G\u00e9n\u00e9rale confirme les d\u00e9clarations vot\u00e9es sur la sexualit\u00e9 humaine, l\u2019homosexualit\u00e9 et la transidentit\u00e9 publi\u00e9es par l\u2019\u00c9glise adventiste du septi\u00e8me jour et ne soutient, ni n\u2019approuve, ni ne donne son aval aux activit\u00e9s qui cherchent \u00e0 promouvoir des comportements sexuels humains non conformes \u00e0 la Parole de Dieu. Sous la direction du Saint-Esprit, la Conf\u00e9rence G\u00e9n\u00e9rale et ses divisions continueront \u00e0 travailler avec les diff\u00e9rents niveaux de la structure de notre \u00e9glise pour r\u00e9soudre les probl\u00e8mes d\u00e9coulant de ces activit\u00e9s parrain\u00e9es localement tout en maintenant l\u2019amour et la compassion dont Christ a fait preuve envers tous. La Conf\u00e9rence G\u00e9n\u00e9rale et les autres entit\u00e9s de l\u2019\u00c9glise travailleront avec diligence, selon les pr\u00e9ceptes et les instructions de la Sainte Parole de Dieu, pour apporter des \u00e9claircissements et une r\u00e9solution aux d\u00e9fis auxquels elles sont confront\u00e9es. Chaque membre d\u2019\u00e9glise \u00e0 travers le monde devrait rester proche de la Parole de Dieu dans la vie quotidienne et, par la pri\u00e8re fervente, demander l\u2019intervention directe de Dieu dans les situations o\u00f9 il y a un \u00e9cart par rapport \u00e0 Ses instructions divines rapport\u00e9es dans la Bible et dans l\u2019Esprit de Proph\u00e9tie. Sans aucun doute, il y aura d\u2019autres tentatives de divers groupes visant \u00e0 discr\u00e9diter les instructions claires de la Parole de Dieu et les d\u00e9clarations vot\u00e9es par l\u2019\u00c9glise mondiale sur ces questions. Lorsque des individus souhaitent exprimer leurs pr\u00e9occupations, ils doivent travailler en \u00e9troitement avec l\u2019\u00e9glise locale, la f\u00e9d\u00e9ration, l\u2019union ou les dirigeants d\u2019institution avec l\u2019amour et la compassion dont faisait preuve le Christ afin d\u2019aborder les activit\u00e9s parrain\u00e9es localement qui ne sont pas en harmonie avec la Parole de Dieu.<\/p>\n<p>Attachons-nous fermement \u00e0 la pr\u00e9cieuse sainte Parole de Dieu, la Bible, acceptant la vertu du Christ qui nous justifie et nous sanctifie alors que nous attendons sa prochaine venue.<\/p>\n<p>Traduction: Patrick Luciathe<\/p>\n","protected":false},"excerpt":{"rendered":"<p>Promouvoir ou soutenir des modes de vie non bibliques en mati\u00e8re de sexualit\u00e9 humaine 11 Juin 2023 | Silver Spring, Maryland, \u00c9tats-Unis | Conf\u00e9rence G\u00e9n\u00e9rale des adventistes du septi\u00e8me jour&#8230;<\/p>\n","protected":false},"author":3,"featured_media":100060,"comment_status":"closed","ping_status":"closed","sticky":false,"template":"","format":"standard","meta":{"_acf_changed":false,"footnotes":""},"categories":[18,19],"tags":[],"class_list":["post-100107","post","type-post","status-publish","format-standard","has-post-thumbnail","hentry","category-nouvelles-de-leglise-mondiale","category-rss-francais"],"acf":[],"yoast_head":"<!-- This site is optimized with the Yoast SEO plugin v27.3 - https:\/\/yoast.com\/product\/yoast-seo-wordpress\/ -->\n<title>D\u00e9claration de la Conf\u00e9rence G\u00e9n\u00e9rale concernant les activit\u00e9s parrain\u00e9es localement - \u00c9glise Adventiste Du Septieme Jour - Inter Am\u00e9rique Division<\/title>\n<meta name=\"robots\" content=\"index, follow, max-snippet:-1, max-image-preview:large, max-video-preview:-1\" \/>\n<link rel=\"canonical\" href=\"https:\/\/interamerica.org\/fr\/2023\/06\/declaration-de-la-conference-generale-concernant-les-activites-parrainees-localement\/\" \/>\n<meta property=\"og:locale\" content=\"fr_FR\" \/>\n<meta property=\"og:type\" content=\"article\" \/>\n<meta property=\"og:title\" content=\"D\u00e9claration de la Conf\u00e9rence G\u00e9n\u00e9rale concernant les activit\u00e9s parrain\u00e9es localement - \u00c9glise Adventiste Du Septieme Jour - Inter Am\u00e9rique Division\" \/>\n<meta property=\"og:description\" content=\"Promouvoir ou soutenir des modes de vie non bibliques en mati\u00e8re de sexualit\u00e9 humaine 11 Juin 2023 | Silver Spring, Maryland, \u00c9tats-Unis | Conf\u00e9rence G\u00e9n\u00e9rale des adventistes du septi\u00e8me jour...\" \/>\n<meta property=\"og:url\" content=\"https:\/\/interamerica.org\/fr\/2023\/06\/declaration-de-la-conference-generale-concernant-les-activites-parrainees-localement\/\" \/>\n<meta property=\"og:site_name\" content=\"\u00c9glise Adventiste Du Septieme Jour - Inter Am\u00e9rique Division\" \/>\n<meta property=\"article:published_time\" content=\"2023-06-12T14:23:14+00:00\" \/>\n<meta property=\"article:modified_time\" content=\"2023-06-13T13:51:27+00:00\" \/>\n<meta property=\"og:image\" content=\"https:\/\/interamerica.org\/wp-content\/uploads\/2023\/06\/gc-building-statement.jpeg\" \/>\n\t<meta property=\"og:image:width\" content=\"2560\" \/>\n\t<meta property=\"og:image:height\" content=\"1378\" \/>\n\t<meta property=\"og:image:type\" content=\"image\/jpeg\" \/>\n<meta name=\"author\" content=\"libna\" \/>\n<meta name=\"twitter:card\" content=\"summary_large_image\" \/>\n<meta name=\"twitter:label1\" content=\"\u00c9crit par\" \/>\n\t<meta name=\"twitter:data1\" content=\"libna\" \/>\n\t<meta name=\"twitter:label2\" content=\"Dur\u00e9e de lecture estim\u00e9e\" \/>\n\t<meta name=\"twitter:data2\" content=\"4 minutes\" \/>\n<script type=\"application\/ld+json\" class=\"yoast-schema-graph\">{\"@context\":\"https:\\\/\\\/schema.org\",\"@graph\":[{\"@type\":\"Article\",\"@id\":\"https:\\\/\\\/interamerica.org\\\/fr\\\/2023\\\/06\\\/declaration-de-la-conference-generale-concernant-les-activites-parrainees-localement\\\/#article\",\"isPartOf\":{\"@id\":\"https:\\\/\\\/interamerica.org\\\/fr\\\/2023\\\/06\\\/declaration-de-la-conference-generale-concernant-les-activites-parrainees-localement\\\/\"},\"author\":{\"name\":\"libna\",\"@id\":\"https:\\\/\\\/interamerica.org\\\/fr\\\/#\\\/schema\\\/person\\\/29998f2bc2d8bd0d38662909289b54f1\"},\"headline\":\"D\u00e9claration de la Conf\u00e9rence G\u00e9n\u00e9rale concernant les activit\u00e9s parrain\u00e9es localement\",\"datePublished\":\"2023-06-12T14:23:14+00:00\",\"dateModified\":\"2023-06-13T13:51:27+00:00\",\"mainEntityOfPage\":{\"@id\":\"https:\\\/\\\/interamerica.org\\\/fr\\\/2023\\\/06\\\/declaration-de-la-conference-generale-concernant-les-activites-parrainees-localement\\\/\"},\"wordCount\":843,\"image\":{\"@id\":\"https:\\\/\\\/interamerica.org\\\/fr\\\/2023\\\/06\\\/declaration-de-la-conference-generale-concernant-les-activites-parrainees-localement\\\/#primaryimage\"},\"thumbnailUrl\":\"https:\\\/\\\/interamerica.org\\\/wp-content\\\/uploads\\\/2023\\\/06\\\/gc-building-statement.jpeg\",\"articleSection\":[\"Nouvelles de l'\u00c9glise mondiale\",\"RSS Fran\u00e7ais\"],\"inLanguage\":\"fr-FR\"},{\"@type\":\"WebPage\",\"@id\":\"https:\\\/\\\/interamerica.org\\\/fr\\\/2023\\\/06\\\/declaration-de-la-conference-generale-concernant-les-activites-parrainees-localement\\\/\",\"url\":\"https:\\\/\\\/interamerica.org\\\/fr\\\/2023\\\/06\\\/declaration-de-la-conference-generale-concernant-les-activites-parrainees-localement\\\/\",\"name\":\"D\u00e9claration de la Conf\u00e9rence G\u00e9n\u00e9rale concernant les activit\u00e9s parrain\u00e9es localement - \u00c9glise Adventiste Du Septieme Jour - Inter Am\u00e9rique Division\",\"isPartOf\":{\"@id\":\"https:\\\/\\\/interamerica.org\\\/fr\\\/#website\"},\"primaryImageOfPage\":{\"@id\":\"https:\\\/\\\/interamerica.org\\\/fr\\\/2023\\\/06\\\/declaration-de-la-conference-generale-concernant-les-activites-parrainees-localement\\\/#primaryimage\"},\"image\":{\"@id\":\"https:\\\/\\\/interamerica.org\\\/fr\\\/2023\\\/06\\\/declaration-de-la-conference-generale-concernant-les-activites-parrainees-localement\\\/#primaryimage\"},\"thumbnailUrl\":\"https:\\\/\\\/interamerica.org\\\/wp-content\\\/uploads\\\/2023\\\/06\\\/gc-building-statement.jpeg\",\"datePublished\":\"2023-06-12T14:23:14+00:00\",\"dateModified\":\"2023-06-13T13:51:27+00:00\",\"author\":{\"@id\":\"https:\\\/\\\/interamerica.org\\\/fr\\\/#\\\/schema\\\/person\\\/29998f2bc2d8bd0d38662909289b54f1\"},\"breadcrumb\":{\"@id\":\"https:\\\/\\\/interamerica.org\\\/fr\\\/2023\\\/06\\\/declaration-de-la-conference-generale-concernant-les-activites-parrainees-localement\\\/#breadcrumb\"},\"inLanguage\":\"fr-FR\",\"potentialAction\":[{\"@type\":\"ReadAction\",\"target\":[\"https:\\\/\\\/interamerica.org\\\/fr\\\/2023\\\/06\\\/declaration-de-la-conference-generale-concernant-les-activites-parrainees-localement\\\/\"]}]},{\"@type\":\"ImageObject\",\"inLanguage\":\"fr-FR\",\"@id\":\"https:\\\/\\\/interamerica.org\\\/fr\\\/2023\\\/06\\\/declaration-de-la-conference-generale-concernant-les-activites-parrainees-localement\\\/#primaryimage\",\"url\":\"https:\\\/\\\/interamerica.org\\\/wp-content\\\/uploads\\\/2023\\\/06\\\/gc-building-statement.jpeg\",\"contentUrl\":\"https:\\\/\\\/interamerica.org\\\/wp-content\\\/uploads\\\/2023\\\/06\\\/gc-building-statement.jpeg\",\"width\":2560,\"height\":1378},{\"@type\":\"BreadcrumbList\",\"@id\":\"https:\\\/\\\/interamerica.org\\\/fr\\\/2023\\\/06\\\/declaration-de-la-conference-generale-concernant-les-activites-parrainees-localement\\\/#breadcrumb\",\"itemListElement\":[{\"@type\":\"ListItem\",\"position\":1,\"name\":\"Home\",\"item\":\"https:\\\/\\\/interamerica.org\\\/fr\\\/\"},{\"@type\":\"ListItem\",\"position\":2,\"name\":\"D\u00e9claration de la Conf\u00e9rence G\u00e9n\u00e9rale concernant les activit\u00e9s parrain\u00e9es localement\"}]},{\"@type\":\"WebSite\",\"@id\":\"https:\\\/\\\/interamerica.org\\\/fr\\\/#website\",\"url\":\"https:\\\/\\\/interamerica.org\\\/fr\\\/\",\"name\":\"\u00c9glise Adventiste Du Septieme Jour - Inter Am\u00e9rique Division\",\"description\":\"\",\"potentialAction\":[{\"@type\":\"SearchAction\",\"target\":{\"@type\":\"EntryPoint\",\"urlTemplate\":\"https:\\\/\\\/interamerica.org\\\/fr\\\/?s={search_term_string}\"},\"query-input\":{\"@type\":\"PropertyValueSpecification\",\"valueRequired\":true,\"valueName\":\"search_term_string\"}}],\"inLanguage\":\"fr-FR\"},{\"@type\":\"Person\",\"@id\":\"https:\\\/\\\/interamerica.org\\\/fr\\\/#\\\/schema\\\/person\\\/29998f2bc2d8bd0d38662909289b54f1\",\"name\":\"libna\",\"image\":{\"@type\":\"ImageObject\",\"inLanguage\":\"fr-FR\",\"@id\":\"https:\\\/\\\/secure.gravatar.com\\\/avatar\\\/7c5bd30ae4b47a9ba3c856590957fd1d96dc588bf3ac05719d247e126840331f?s=96&d=mm&r=g\",\"url\":\"https:\\\/\\\/secure.gravatar.com\\\/avatar\\\/7c5bd30ae4b47a9ba3c856590957fd1d96dc588bf3ac05719d247e126840331f?s=96&d=mm&r=g\",\"contentUrl\":\"https:\\\/\\\/secure.gravatar.com\\\/avatar\\\/7c5bd30ae4b47a9ba3c856590957fd1d96dc588bf3ac05719d247e126840331f?s=96&d=mm&r=g\",\"caption\":\"libna\"}}]}<\/script>\n<!-- \/ Yoast SEO plugin. -->","yoast_head_json":{"title":"D\u00e9claration de la Conf\u00e9rence G\u00e9n\u00e9rale concernant les activit\u00e9s parrain\u00e9es localement - \u00c9glise Adventiste Du Septieme Jour - Inter Am\u00e9rique Division","robots":{"index":"index","follow":"follow","max-snippet":"max-snippet:-1","max-image-preview":"max-image-preview:large","max-video-preview":"max-video-preview:-1"},"canonical":"https:\/\/interamerica.org\/fr\/2023\/06\/declaration-de-la-conference-generale-concernant-les-activites-parrainees-localement\/","og_locale":"fr_FR","og_type":"article","og_title":"D\u00e9claration de la Conf\u00e9rence G\u00e9n\u00e9rale concernant les activit\u00e9s parrain\u00e9es localement - \u00c9glise Adventiste Du Septieme Jour - Inter Am\u00e9rique Division","og_description":"Promouvoir ou soutenir des modes de vie non bibliques en mati\u00e8re de sexualit\u00e9 humaine 11 Juin 2023 | Silver Spring, Maryland, \u00c9tats-Unis | Conf\u00e9rence G\u00e9n\u00e9rale des adventistes du septi\u00e8me jour...","og_url":"https:\/\/interamerica.org\/fr\/2023\/06\/declaration-de-la-conference-generale-concernant-les-activites-parrainees-localement\/","og_site_name":"\u00c9glise Adventiste Du Septieme Jour - Inter Am\u00e9rique Division","article_published_time":"2023-06-12T14:23:14+00:00","article_modified_time":"2023-06-13T13:51:27+00:00","og_image":[{"width":2560,"height":1378,"url":"https:\/\/interamerica.org\/wp-content\/uploads\/2023\/06\/gc-building-statement.jpeg","type":"image\/jpeg"}],"author":"libna","twitter_card":"summary_large_image","twitter_misc":{"\u00c9crit par":"libna","Dur\u00e9e de lecture estim\u00e9e":"4 minutes"},"schema":{"@context":"https:\/\/schema.org","@graph":[{"@type":"Article","@id":"https:\/\/interamerica.org\/fr\/2023\/06\/declaration-de-la-conference-generale-concernant-les-activites-parrainees-localement\/#article","isPartOf":{"@id":"https:\/\/interamerica.org\/fr\/2023\/06\/declaration-de-la-conference-generale-concernant-les-activites-parrainees-localement\/"},"author":{"name":"libna","@id":"https:\/\/interamerica.org\/fr\/#\/schema\/person\/29998f2bc2d8bd0d38662909289b54f1"},"headline":"D\u00e9claration de la Conf\u00e9rence G\u00e9n\u00e9rale concernant les activit\u00e9s parrain\u00e9es localement","datePublished":"2023-06-12T14:23:14+00:00","dateModified":"2023-06-13T13:51:27+00:00","mainEntityOfPage":{"@id":"https:\/\/interamerica.org\/fr\/2023\/06\/declaration-de-la-conference-generale-concernant-les-activites-parrainees-localement\/"},"wordCount":843,"image":{"@id":"https:\/\/interamerica.org\/fr\/2023\/06\/declaration-de-la-conference-generale-concernant-les-activites-parrainees-localement\/#primaryimage"},"thumbnailUrl":"https:\/\/interamerica.org\/wp-content\/uploads\/2023\/06\/gc-building-statement.jpeg","articleSection":["Nouvelles de l'\u00c9glise mondiale","RSS Fran\u00e7ais"],"inLanguage":"fr-FR"},{"@type":"WebPage","@id":"https:\/\/interamerica.org\/fr\/2023\/06\/declaration-de-la-conference-generale-concernant-les-activites-parrainees-localement\/","url":"https:\/\/interamerica.org\/fr\/2023\/06\/declaration-de-la-conference-generale-concernant-les-activites-parrainees-localement\/","name":"D\u00e9claration de la Conf\u00e9rence G\u00e9n\u00e9rale concernant les activit\u00e9s parrain\u00e9es localement - \u00c9glise Adventiste Du Septieme Jour - Inter Am\u00e9rique Division","isPartOf":{"@id":"https:\/\/interamerica.org\/fr\/#website"},"primaryImageOfPage":{"@id":"https:\/\/interamerica.org\/fr\/2023\/06\/declaration-de-la-conference-generale-concernant-les-activites-parrainees-localement\/#primaryimage"},"image":{"@id":"https:\/\/interamerica.org\/fr\/2023\/06\/declaration-de-la-conference-generale-concernant-les-activites-parrainees-localement\/#primaryimage"},"thumbnailUrl":"https:\/\/interamerica.org\/wp-content\/uploads\/2023\/06\/gc-building-statement.jpeg","datePublished":"2023-06-12T14:23:14+00:00","dateModified":"2023-06-13T13:51:27+00:00","author":{"@id":"https:\/\/interamerica.org\/fr\/#\/schema\/person\/29998f2bc2d8bd0d38662909289b54f1"},"breadcrumb":{"@id":"https:\/\/interamerica.org\/fr\/2023\/06\/declaration-de-la-conference-generale-concernant-les-activites-parrainees-localement\/#breadcrumb"},"inLanguage":"fr-FR","potentialAction":[{"@type":"ReadAction","target":["https:\/\/interamerica.org\/fr\/2023\/06\/declaration-de-la-conference-generale-concernant-les-activites-parrainees-localement\/"]}]},{"@type":"ImageObject","inLanguage":"fr-FR","@id":"https:\/\/interamerica.org\/fr\/2023\/06\/declaration-de-la-conference-generale-concernant-les-activites-parrainees-localement\/#primaryimage","url":"https:\/\/interamerica.org\/wp-content\/uploads\/2023\/06\/gc-building-statement.jpeg","contentUrl":"https:\/\/interamerica.org\/wp-content\/uploads\/2023\/06\/gc-building-statement.jpeg","width":2560,"height":1378},{"@type":"BreadcrumbList","@id":"https:\/\/interamerica.org\/fr\/2023\/06\/declaration-de-la-conference-generale-concernant-les-activites-parrainees-localement\/#breadcrumb","itemListElement":[{"@type":"ListItem","position":1,"name":"Home","item":"https:\/\/interamerica.org\/fr\/"},{"@type":"ListItem","position":2,"name":"D\u00e9claration de la Conf\u00e9rence G\u00e9n\u00e9rale concernant les activit\u00e9s parrain\u00e9es localement"}]},{"@type":"WebSite","@id":"https:\/\/interamerica.org\/fr\/#website","url":"https:\/\/interamerica.org\/fr\/","name":"\u00c9glise Adventiste Du Septieme Jour - Inter Am\u00e9rique Division","description":"","potentialAction":[{"@type":"SearchAction","target":{"@type":"EntryPoint","urlTemplate":"https:\/\/interamerica.org\/fr\/?s={search_term_string}"},"query-input":{"@type":"PropertyValueSpecification","valueRequired":true,"valueName":"search_term_string"}}],"inLanguage":"fr-FR"},{"@type":"Person","@id":"https:\/\/interamerica.org\/fr\/#\/schema\/person\/29998f2bc2d8bd0d38662909289b54f1","name":"libna","image":{"@type":"ImageObject","inLanguage":"fr-FR","@id":"https:\/\/secure.gravatar.com\/avatar\/7c5bd30ae4b47a9ba3c856590957fd1d96dc588bf3ac05719d247e126840331f?s=96&d=mm&r=g","url":"https:\/\/secure.gravatar.com\/avatar\/7c5bd30ae4b47a9ba3c856590957fd1d96dc588bf3ac05719d247e126840331f?s=96&d=mm&r=g","contentUrl":"https:\/\/secure.gravatar.com\/avatar\/7c5bd30ae4b47a9ba3c856590957fd1d96dc588bf3ac05719d247e126840331f?s=96&d=mm&r=g","caption":"libna"}}]}},"_links":{"self":[{"href":"https:\/\/interamerica.org\/fr\/wp-json\/wp\/v2\/posts\/100107","targetHints":{"allow":["GET"]}}],"collection":[{"href":"https:\/\/interamerica.org\/fr\/wp-json\/wp\/v2\/posts"}],"about":[{"href":"https:\/\/interamerica.org\/fr\/wp-json\/wp\/v2\/types\/post"}],"author":[{"embeddable":true,"href":"https:\/\/interamerica.org\/fr\/wp-json\/wp\/v2\/users\/3"}],"replies":[{"embeddable":true,"href":"https:\/\/interamerica.org\/fr\/wp-json\/wp\/v2\/comments?post=100107"}],"version-history":[{"count":0,"href":"https:\/\/interamerica.org\/fr\/wp-json\/wp\/v2\/posts\/100107\/revisions"}],"wp:featuredmedia":[{"embeddable":true,"href":"https:\/\/interamerica.org\/fr\/wp-json\/wp\/v2\/media\/100060"}],"wp:attachment":[{"href":"https:\/\/interamerica.org\/fr\/wp-json\/wp\/v2\/media?parent=100107"}],"wp:term":[{"taxonomy":"category","embeddable":true,"href":"https:\/\/interamerica.org\/fr\/wp-json\/wp\/v2\/categories?post=100107"},{"taxonomy":"post_tag","embeddable":true,"href":"https:\/\/interamerica.org\/fr\/wp-json\/wp\/v2\/tags?post=100107"}],"curies":[{"name":"wp","href":"https:\/\/api.w.org\/{rel}","templated":true}]}}