{"id":100168,"date":"2023-06-13T20:48:14","date_gmt":"2023-06-14T00:48:14","guid":{"rendered":"https:\/\/interamerica.org\/?p=100168"},"modified":"2023-06-15T09:25:40","modified_gmt":"2023-06-15T13:25:40","slug":"leglise-adventiste-va-debuter-une-campagne-nationale-devangelisation-en-ligne-depuis-mexico","status":"publish","type":"post","link":"https:\/\/interamerica.org\/fr\/2023\/06\/leglise-adventiste-va-debuter-une-campagne-nationale-devangelisation-en-ligne-depuis-mexico\/","title":{"rendered":"L\u2019\u00c9glise adventiste va d\u00e9buter une campagne nationale d\u2019\u00e9vang\u00e9lisation en ligne depuis Mexico"},"content":{"rendered":"<p>13 Juin 2023 | Miami, Floride, \u00c9tats-Unis | Libna Stevens, Actualit\u00e9s de la Division Inter Am\u00e9ricaine<\/p>\n<p>Des milliers d\u2019adventistes du septi\u00e8me jour au Mexique se sont r\u00e9unis pendant des mois pour proclamer l\u2019\u00e9vangile dans leurs communaut\u00e9s en pr\u00e9paration d\u2019une campagne d\u2019\u00e9vang\u00e9lisation en ligne qui sera lanc\u00e9e depuis Mexico le 17 juin 2023. La s\u00e9rie qui durera une semaine devient la troisi\u00e8me campagne nationale annuelle d\u2019\u00e9vang\u00e9lisation en ligne organis\u00e9e par les cinq unions, ou r\u00e9gions majeures de l\u2019\u00e9glise. Les pasteurs et les dirigeants d\u2019\u00e9glise esp\u00e8rent que la campagne permettra de gagner des milliers de nouveaux membres d\u2019\u00e9glise.<\/p>\n<p>Avec pour th\u00e8me \u00ab N\u2019abandonnez pas, il y a Encore de l\u2019Espoir, \u00bb la s\u00e9rie de huit jours verra l\u2019intervention de l\u2019orateur principal, le pasteur Daniel Torreblanca, directeur des minist\u00e8res de la jeunesse de l\u2019Union Mexicaine du Chiapas, qui encouragera les t\u00e9l\u00e9spectateurs \u00e0 avancer en d\u00e9pit de la peur, du doute et de l\u2019incertitude gr\u00e2ce \u00e0 leur foi en J\u00e9sus. Le programme d\u2019une heure chaque soir d\u00e9butera \u00e0 19h30, heure du Centre du Mexique (21h30, heure de Miami), et se tiendra \u00e0 l\u2019\u00e9glise adventiste Centrale de Mexico. Plus de 800 participants sont attendus en personne.<\/p>\n<p>\u00ab Nous sommes heureux d\u2019accueillir la campagne d\u2019\u00e9vang\u00e9lisation de cette ann\u00e9e gr\u00e2ce au soutien du reste de l\u2019\u00c9glise adventiste au Mexique, afin d\u2019attirer et d\u2019atteindre la plus grande population possible avec le message du salut, \u00bb a d\u00e9clar\u00e9 pasteur Jorge Garc\u00eda, secr\u00e9taire ex\u00e9cutif de l\u2019Union du Centre du Mexique.<\/p>\n<p><div id=\"attachment_100150\" style=\"width: 859px\" class=\"wp-caption aligncenter\"><img fetchpriority=\"high\" decoding=\"async\" aria-describedby=\"caption-attachment-100150\" class=\" wp-image-100149\" src=\"https:\/\/interamerica.org\/wp-content\/uploads\/2023\/06\/noterindas-poster2023.jpg\" alt=\"\" width=\"849\" height=\"584\" srcset=\"https:\/\/interamerica.org\/wp-content\/uploads\/2023\/06\/noterindas-poster2023.jpg 1000w, https:\/\/interamerica.org\/wp-content\/uploads\/2023\/06\/noterindas-poster2023-300x206.jpg 300w, https:\/\/interamerica.org\/wp-content\/uploads\/2023\/06\/noterindas-poster2023-768x528.jpg 768w\" sizes=\"(max-width: 849px) 100vw, 849px\" \/><p id=\"caption-attachment-100150\" class=\"wp-caption-text\">L\u2019affiche annonce comment regarder et \u00e9couter la campagne d\u2019\u00e9vang\u00e9lisation en ligne qui se tiendra du 17 au 24 juin 2023, depuis l\u2019\u00e9glise adventiste Centrale de Mexico, au Mexique. [Image : Union du Centre du Mexique]<\/p><\/div>Plus de 27000 foyers au Mexique, appel\u00e9s \u00ab Casas de Esperanza \u00bb, ou \u00ab Maisons ou Centres d\u2019Esp\u00e9rance, \u00bb relaieront la campagne en ligne pour les voisins, les amis et la famille. \u00ab Les Maisons d\u2019Esp\u00e9rance, \u00bb proposeront un moment de fraternit\u00e9 pendant les rassemblements, un repas et une opportunit\u00e9 d\u2019entrer en contact avec le groupe chaque soir, ont indiqu\u00e9 les dirigeants de l\u2019\u00e9glise. Rien qu\u2019\u00e0 Mexico et dans son agglom\u00e9ration, pr\u00e8s de 1000 \u00ab Maisons d\u2019Esp\u00e9rance \u00bb retransmettront la campagne en ligne.<\/p>\n<p>La campagne d\u2019\u00e9vang\u00e9lisation sera retransmise \u00e0 la radio et la t\u00e9l\u00e9vision. Pendant des mois, l\u2019\u00e9glise a \u00e9galement fait la promotion de la campagne sur les r\u00e9seaux sociaux.<\/p>\n<p>\u00ab Il s\u2019agit de l\u2019une des campagnes d\u2019\u00e9vang\u00e9lisation les plus importantes et les plus strat\u00e9giques dans les cinq unions du Mexique, \u00bb a d\u00e9clar\u00e9 pasteur Ignacio Navarro, pr\u00e9sident du bureau administratif de l\u2019\u00c9glise adventiste du septi\u00e8me jour au Mexique, qui repr\u00e9sente les cinq unions. \u00ab La ville de Mexico repr\u00e9sente l\u2019un des plus grands d\u00e9fis non seulement pour l\u2019\u00c9glise adventiste au Mexique et pour la Division Inter Am\u00e9ricaine, mais aussi pour l\u2019\u00c9glise adventiste mondiale. \u00bb Pour surmonter de grands d\u00e9fis, il faut de grands efforts, a ajout\u00e9 pasteur Navarro.<\/p>\n<p>Avec plus de 24 millions d\u2019habitants \u00e0 Mexico, l\u2019\u00e9vang\u00e9lisation doit se faire de mani\u00e8re tr\u00e8s intentionnelle, a-t-il d\u00e9clar\u00e9. \u00ab Cette [campagne d\u2019\u00e9vang\u00e9lisation] doit \u00eatre une t\u00e2che qui incombe \u00e0 l\u2019ensemble de l\u2019\u00e9glise dans ce pays, afin d\u2019atteindre les millions de personnes dans une si grande ville, \u00bb a dit pasteur Navarro.<\/p>\n<p><div id=\"attachment_100154\" style=\"width: 843px\" class=\"wp-caption aligncenter\"><img decoding=\"async\" aria-describedby=\"caption-attachment-100154\" class=\" wp-image-100153\" src=\"https:\/\/interamerica.org\/wp-content\/uploads\/2023\/06\/noterindas-uno-tv-2023.png\" alt=\"\" width=\"833\" height=\"491\" srcset=\"https:\/\/interamerica.org\/wp-content\/uploads\/2023\/06\/noterindas-uno-tv-2023.png 604w, https:\/\/interamerica.org\/wp-content\/uploads\/2023\/06\/noterindas-uno-tv-2023-300x177.png 300w\" sizes=\"(max-width: 833px) 100vw, 833px\" \/><p id=\"caption-attachment-100154\" class=\"wp-caption-text\">La cha\u00eene de t\u00e9l\u00e9vision UNO annonce la prochaine campagne nationale d\u2019\u00e9vang\u00e9lisation de l\u2019\u00e9glise. Des spots t\u00e9l\u00e9vis\u00e9s ont \u00e9galement \u00e9t\u00e9 diffus\u00e9s sur TV Azteca, une cha\u00eene de t\u00e9l\u00e9vision nationale. [Image : Capture d\u2019\u00e9cran]<\/p><\/div>Pasteur Navarro, qui est \u00e9galement pr\u00e9sident de l\u2019Union Mexicaine du Chiapas, a d\u00e9clar\u00e9 que l\u2019\u00c9glise adventiste dans le Chiapas s\u2019\u00e9tait engag\u00e9e \u00e0 soutenir l\u2019Union du Centre du Mexique en envoyant des dizaines de professionnels de la sant\u00e9 et de la m\u00e9decine pour organiser des brigades m\u00e9dicales et des expositions sur la sant\u00e9 \u00e0 Mexico au d\u00e9but de cette ann\u00e9e. De plus, 50 pasteurs du Chiapas ont organis\u00e9 des campagnes d\u2019\u00e9vang\u00e9lisation dans toute la ville et deux employ\u00e9s de l\u2019\u00e9glise ont \u00e9t\u00e9 envoy\u00e9s \u00e0 Mexico pour y r\u00e9sider et travailler pendant trois ans dans le cadre du soutien par l\u2019\u00e9vang\u00e9lisation num\u00e9rique.<\/p>\n<p>Ailleurs au Mexique, les \u00e9glises se sont engag\u00e9es dans des efforts d\u2019\u00e9vang\u00e9lisation int\u00e9grale et des activit\u00e9s missionnaires depuis octobre 2022. Des milliers d\u2019adventistes ont pris part \u00e0 une distribution massive de \u00ab La Trag\u00e9die des Si\u00e8cles, \u00bb un livre d\u2019Ellen G. White d\u00e9taillant l\u2019histoire de l\u2019\u00c9glise chr\u00e9tienne de l\u2019ascension du Christ jusqu\u2019\u00e0 nos jours et au-del\u00e0, dans toute la ville de Mexico et \u00e0 travers le pays le 18 mars 2023. Le livre est \u00e9galement disponible en format num\u00e9rique.<\/p>\n<p>Pour en savoir plus sur la campagne d\u2019\u00e9vang\u00e9lisation qui aura lieu du 17 au 24 juin 2023, \u00e0 19h30, heure du Centre du Mexique, visitez le site <a href=\"https:\/\/adventistasmexico.com\/eventos\/\">adventistasmexico.com<\/a><\/p>\n<p><em>Fabiola Quinto a contribu\u00e9 \u00e0 cet article.<\/em><\/p>\n<p>Pour regarder en ligne, visitez Hope Channel Inter-Am\u00e9rique<\/p>\n<p>Sur Facebook\u00a0<a href=\"https:\/\/www.facebook.com\/hopechannelinteramerica\">ICI<\/a><\/p>\n<p>Sur YouTube\u00a0<a href=\"https:\/\/www.youtube.com\/c\/HopeChannelInterAmerica\">ICI<\/a><\/p>\n<p>&nbsp;<\/p>\n<p>Traduction: Patrick Luciathe<\/p>\n","protected":false},"excerpt":{"rendered":"<p>13 Juin 2023 | Miami, Floride, \u00c9tats-Unis | Libna Stevens, Actualit\u00e9s de la Division Inter Am\u00e9ricaine Des milliers d\u2019adventistes du septi\u00e8me jour au Mexique se sont r\u00e9unis pendant des mois&#8230;<\/p>\n","protected":false},"author":3,"featured_media":100147,"comment_status":"closed","ping_status":"closed","sticky":false,"template":"","format":"standard","meta":{"_acf_changed":false,"footnotes":""},"categories":[20,19],"tags":[],"class_list":["post-100168","post","type-post","status-publish","format-standard","has-post-thumbnail","hentry","category-nouvelles-du-siege-de-la-division","category-rss-francais"],"acf":[],"yoast_head":"<!-- This site is optimized with the Yoast SEO plugin v27.3 - https:\/\/yoast.com\/product\/yoast-seo-wordpress\/ -->\n<title>L\u2019\u00c9glise adventiste va d\u00e9buter une campagne nationale d\u2019\u00e9vang\u00e9lisation en ligne depuis Mexico - \u00c9glise Adventiste Du Septieme Jour - Inter Am\u00e9rique Division<\/title>\n<meta name=\"robots\" content=\"index, follow, max-snippet:-1, max-image-preview:large, max-video-preview:-1\" \/>\n<link rel=\"canonical\" href=\"https:\/\/interamerica.org\/fr\/2023\/06\/leglise-adventiste-va-debuter-une-campagne-nationale-devangelisation-en-ligne-depuis-mexico\/\" \/>\n<meta property=\"og:locale\" content=\"fr_FR\" \/>\n<meta property=\"og:type\" content=\"article\" \/>\n<meta property=\"og:title\" content=\"L\u2019\u00c9glise adventiste va d\u00e9buter une campagne nationale d\u2019\u00e9vang\u00e9lisation en ligne depuis Mexico - \u00c9glise Adventiste Du Septieme Jour - Inter Am\u00e9rique Division\" \/>\n<meta property=\"og:description\" content=\"13 Juin 2023 | Miami, Floride, \u00c9tats-Unis | Libna Stevens, Actualit\u00e9s de la Division Inter Am\u00e9ricaine Des milliers d\u2019adventistes du septi\u00e8me jour au Mexique se sont r\u00e9unis pendant des mois...\" \/>\n<meta property=\"og:url\" content=\"https:\/\/interamerica.org\/fr\/2023\/06\/leglise-adventiste-va-debuter-une-campagne-nationale-devangelisation-en-ligne-depuis-mexico\/\" \/>\n<meta property=\"og:site_name\" content=\"\u00c9glise Adventiste Du Septieme Jour - Inter Am\u00e9rique Division\" \/>\n<meta property=\"article:published_time\" content=\"2023-06-14T00:48:14+00:00\" \/>\n<meta property=\"article:modified_time\" content=\"2023-06-15T13:25:40+00:00\" \/>\n<meta property=\"og:image\" content=\"https:\/\/interamerica.org\/wp-content\/uploads\/2023\/06\/mexico-city-elijah-loffkov-canva-2.jpg\" \/>\n\t<meta property=\"og:image:width\" content=\"1000\" \/>\n\t<meta property=\"og:image:height\" content=\"625\" \/>\n\t<meta property=\"og:image:type\" content=\"image\/jpeg\" \/>\n<meta name=\"author\" content=\"libna\" \/>\n<meta name=\"twitter:card\" content=\"summary_large_image\" \/>\n<meta name=\"twitter:label1\" content=\"\u00c9crit par\" \/>\n\t<meta name=\"twitter:data1\" content=\"libna\" \/>\n\t<meta name=\"twitter:label2\" content=\"Dur\u00e9e de lecture estim\u00e9e\" \/>\n\t<meta name=\"twitter:data2\" content=\"4 minutes\" \/>\n<script type=\"application\/ld+json\" class=\"yoast-schema-graph\">{\"@context\":\"https:\\\/\\\/schema.org\",\"@graph\":[{\"@type\":\"Article\",\"@id\":\"https:\\\/\\\/interamerica.org\\\/fr\\\/2023\\\/06\\\/leglise-adventiste-va-debuter-une-campagne-nationale-devangelisation-en-ligne-depuis-mexico\\\/#article\",\"isPartOf\":{\"@id\":\"https:\\\/\\\/interamerica.org\\\/fr\\\/2023\\\/06\\\/leglise-adventiste-va-debuter-une-campagne-nationale-devangelisation-en-ligne-depuis-mexico\\\/\"},\"author\":{\"name\":\"libna\",\"@id\":\"https:\\\/\\\/interamerica.org\\\/fr\\\/#\\\/schema\\\/person\\\/29998f2bc2d8bd0d38662909289b54f1\"},\"headline\":\"L\u2019\u00c9glise adventiste va d\u00e9buter une campagne nationale d\u2019\u00e9vang\u00e9lisation en ligne depuis Mexico\",\"datePublished\":\"2023-06-14T00:48:14+00:00\",\"dateModified\":\"2023-06-15T13:25:40+00:00\",\"mainEntityOfPage\":{\"@id\":\"https:\\\/\\\/interamerica.org\\\/fr\\\/2023\\\/06\\\/leglise-adventiste-va-debuter-une-campagne-nationale-devangelisation-en-ligne-depuis-mexico\\\/\"},\"wordCount\":918,\"image\":{\"@id\":\"https:\\\/\\\/interamerica.org\\\/fr\\\/2023\\\/06\\\/leglise-adventiste-va-debuter-une-campagne-nationale-devangelisation-en-ligne-depuis-mexico\\\/#primaryimage\"},\"thumbnailUrl\":\"https:\\\/\\\/interamerica.org\\\/wp-content\\\/uploads\\\/2023\\\/06\\\/mexico-city-elijah-loffkov-canva-2.jpg\",\"articleSection\":[\"Nouvelles du si\u00e8ge de la division\",\"RSS Fran\u00e7ais\"],\"inLanguage\":\"fr-FR\"},{\"@type\":\"WebPage\",\"@id\":\"https:\\\/\\\/interamerica.org\\\/fr\\\/2023\\\/06\\\/leglise-adventiste-va-debuter-une-campagne-nationale-devangelisation-en-ligne-depuis-mexico\\\/\",\"url\":\"https:\\\/\\\/interamerica.org\\\/fr\\\/2023\\\/06\\\/leglise-adventiste-va-debuter-une-campagne-nationale-devangelisation-en-ligne-depuis-mexico\\\/\",\"name\":\"L\u2019\u00c9glise adventiste va d\u00e9buter une campagne nationale d\u2019\u00e9vang\u00e9lisation en ligne depuis Mexico - \u00c9glise Adventiste Du Septieme Jour - Inter Am\u00e9rique Division\",\"isPartOf\":{\"@id\":\"https:\\\/\\\/interamerica.org\\\/fr\\\/#website\"},\"primaryImageOfPage\":{\"@id\":\"https:\\\/\\\/interamerica.org\\\/fr\\\/2023\\\/06\\\/leglise-adventiste-va-debuter-une-campagne-nationale-devangelisation-en-ligne-depuis-mexico\\\/#primaryimage\"},\"image\":{\"@id\":\"https:\\\/\\\/interamerica.org\\\/fr\\\/2023\\\/06\\\/leglise-adventiste-va-debuter-une-campagne-nationale-devangelisation-en-ligne-depuis-mexico\\\/#primaryimage\"},\"thumbnailUrl\":\"https:\\\/\\\/interamerica.org\\\/wp-content\\\/uploads\\\/2023\\\/06\\\/mexico-city-elijah-loffkov-canva-2.jpg\",\"datePublished\":\"2023-06-14T00:48:14+00:00\",\"dateModified\":\"2023-06-15T13:25:40+00:00\",\"author\":{\"@id\":\"https:\\\/\\\/interamerica.org\\\/fr\\\/#\\\/schema\\\/person\\\/29998f2bc2d8bd0d38662909289b54f1\"},\"breadcrumb\":{\"@id\":\"https:\\\/\\\/interamerica.org\\\/fr\\\/2023\\\/06\\\/leglise-adventiste-va-debuter-une-campagne-nationale-devangelisation-en-ligne-depuis-mexico\\\/#breadcrumb\"},\"inLanguage\":\"fr-FR\",\"potentialAction\":[{\"@type\":\"ReadAction\",\"target\":[\"https:\\\/\\\/interamerica.org\\\/fr\\\/2023\\\/06\\\/leglise-adventiste-va-debuter-une-campagne-nationale-devangelisation-en-ligne-depuis-mexico\\\/\"]}]},{\"@type\":\"ImageObject\",\"inLanguage\":\"fr-FR\",\"@id\":\"https:\\\/\\\/interamerica.org\\\/fr\\\/2023\\\/06\\\/leglise-adventiste-va-debuter-une-campagne-nationale-devangelisation-en-ligne-depuis-mexico\\\/#primaryimage\",\"url\":\"https:\\\/\\\/interamerica.org\\\/wp-content\\\/uploads\\\/2023\\\/06\\\/mexico-city-elijah-loffkov-canva-2.jpg\",\"contentUrl\":\"https:\\\/\\\/interamerica.org\\\/wp-content\\\/uploads\\\/2023\\\/06\\\/mexico-city-elijah-loffkov-canva-2.jpg\",\"width\":1000,\"height\":625,\"caption\":\"[Photo: Elijah Loffkov\\\/Canva]\"},{\"@type\":\"BreadcrumbList\",\"@id\":\"https:\\\/\\\/interamerica.org\\\/fr\\\/2023\\\/06\\\/leglise-adventiste-va-debuter-une-campagne-nationale-devangelisation-en-ligne-depuis-mexico\\\/#breadcrumb\",\"itemListElement\":[{\"@type\":\"ListItem\",\"position\":1,\"name\":\"Home\",\"item\":\"https:\\\/\\\/interamerica.org\\\/fr\\\/\"},{\"@type\":\"ListItem\",\"position\":2,\"name\":\"L\u2019\u00c9glise adventiste va d\u00e9buter une campagne nationale d\u2019\u00e9vang\u00e9lisation en ligne depuis Mexico\"}]},{\"@type\":\"WebSite\",\"@id\":\"https:\\\/\\\/interamerica.org\\\/fr\\\/#website\",\"url\":\"https:\\\/\\\/interamerica.org\\\/fr\\\/\",\"name\":\"\u00c9glise Adventiste Du Septieme Jour - Inter Am\u00e9rique Division\",\"description\":\"\",\"potentialAction\":[{\"@type\":\"SearchAction\",\"target\":{\"@type\":\"EntryPoint\",\"urlTemplate\":\"https:\\\/\\\/interamerica.org\\\/fr\\\/?s={search_term_string}\"},\"query-input\":{\"@type\":\"PropertyValueSpecification\",\"valueRequired\":true,\"valueName\":\"search_term_string\"}}],\"inLanguage\":\"fr-FR\"},{\"@type\":\"Person\",\"@id\":\"https:\\\/\\\/interamerica.org\\\/fr\\\/#\\\/schema\\\/person\\\/29998f2bc2d8bd0d38662909289b54f1\",\"name\":\"libna\",\"image\":{\"@type\":\"ImageObject\",\"inLanguage\":\"fr-FR\",\"@id\":\"https:\\\/\\\/secure.gravatar.com\\\/avatar\\\/7c5bd30ae4b47a9ba3c856590957fd1d96dc588bf3ac05719d247e126840331f?s=96&d=mm&r=g\",\"url\":\"https:\\\/\\\/secure.gravatar.com\\\/avatar\\\/7c5bd30ae4b47a9ba3c856590957fd1d96dc588bf3ac05719d247e126840331f?s=96&d=mm&r=g\",\"contentUrl\":\"https:\\\/\\\/secure.gravatar.com\\\/avatar\\\/7c5bd30ae4b47a9ba3c856590957fd1d96dc588bf3ac05719d247e126840331f?s=96&d=mm&r=g\",\"caption\":\"libna\"}}]}<\/script>\n<!-- \/ Yoast SEO plugin. -->","yoast_head_json":{"title":"L\u2019\u00c9glise adventiste va d\u00e9buter une campagne nationale d\u2019\u00e9vang\u00e9lisation en ligne depuis Mexico - \u00c9glise Adventiste Du Septieme Jour - Inter Am\u00e9rique Division","robots":{"index":"index","follow":"follow","max-snippet":"max-snippet:-1","max-image-preview":"max-image-preview:large","max-video-preview":"max-video-preview:-1"},"canonical":"https:\/\/interamerica.org\/fr\/2023\/06\/leglise-adventiste-va-debuter-une-campagne-nationale-devangelisation-en-ligne-depuis-mexico\/","og_locale":"fr_FR","og_type":"article","og_title":"L\u2019\u00c9glise adventiste va d\u00e9buter une campagne nationale d\u2019\u00e9vang\u00e9lisation en ligne depuis Mexico - \u00c9glise Adventiste Du Septieme Jour - Inter Am\u00e9rique Division","og_description":"13 Juin 2023 | Miami, Floride, \u00c9tats-Unis | Libna Stevens, Actualit\u00e9s de la Division Inter Am\u00e9ricaine Des milliers d\u2019adventistes du septi\u00e8me jour au Mexique se sont r\u00e9unis pendant des mois...","og_url":"https:\/\/interamerica.org\/fr\/2023\/06\/leglise-adventiste-va-debuter-une-campagne-nationale-devangelisation-en-ligne-depuis-mexico\/","og_site_name":"\u00c9glise Adventiste Du Septieme Jour - Inter Am\u00e9rique Division","article_published_time":"2023-06-14T00:48:14+00:00","article_modified_time":"2023-06-15T13:25:40+00:00","og_image":[{"width":1000,"height":625,"url":"https:\/\/interamerica.org\/wp-content\/uploads\/2023\/06\/mexico-city-elijah-loffkov-canva-2.jpg","type":"image\/jpeg"}],"author":"libna","twitter_card":"summary_large_image","twitter_misc":{"\u00c9crit par":"libna","Dur\u00e9e de lecture estim\u00e9e":"4 minutes"},"schema":{"@context":"https:\/\/schema.org","@graph":[{"@type":"Article","@id":"https:\/\/interamerica.org\/fr\/2023\/06\/leglise-adventiste-va-debuter-une-campagne-nationale-devangelisation-en-ligne-depuis-mexico\/#article","isPartOf":{"@id":"https:\/\/interamerica.org\/fr\/2023\/06\/leglise-adventiste-va-debuter-une-campagne-nationale-devangelisation-en-ligne-depuis-mexico\/"},"author":{"name":"libna","@id":"https:\/\/interamerica.org\/fr\/#\/schema\/person\/29998f2bc2d8bd0d38662909289b54f1"},"headline":"L\u2019\u00c9glise adventiste va d\u00e9buter une campagne nationale d\u2019\u00e9vang\u00e9lisation en ligne depuis Mexico","datePublished":"2023-06-14T00:48:14+00:00","dateModified":"2023-06-15T13:25:40+00:00","mainEntityOfPage":{"@id":"https:\/\/interamerica.org\/fr\/2023\/06\/leglise-adventiste-va-debuter-une-campagne-nationale-devangelisation-en-ligne-depuis-mexico\/"},"wordCount":918,"image":{"@id":"https:\/\/interamerica.org\/fr\/2023\/06\/leglise-adventiste-va-debuter-une-campagne-nationale-devangelisation-en-ligne-depuis-mexico\/#primaryimage"},"thumbnailUrl":"https:\/\/interamerica.org\/wp-content\/uploads\/2023\/06\/mexico-city-elijah-loffkov-canva-2.jpg","articleSection":["Nouvelles du si\u00e8ge de la division","RSS Fran\u00e7ais"],"inLanguage":"fr-FR"},{"@type":"WebPage","@id":"https:\/\/interamerica.org\/fr\/2023\/06\/leglise-adventiste-va-debuter-une-campagne-nationale-devangelisation-en-ligne-depuis-mexico\/","url":"https:\/\/interamerica.org\/fr\/2023\/06\/leglise-adventiste-va-debuter-une-campagne-nationale-devangelisation-en-ligne-depuis-mexico\/","name":"L\u2019\u00c9glise adventiste va d\u00e9buter une campagne nationale d\u2019\u00e9vang\u00e9lisation en ligne depuis Mexico - \u00c9glise Adventiste Du Septieme Jour - Inter Am\u00e9rique Division","isPartOf":{"@id":"https:\/\/interamerica.org\/fr\/#website"},"primaryImageOfPage":{"@id":"https:\/\/interamerica.org\/fr\/2023\/06\/leglise-adventiste-va-debuter-une-campagne-nationale-devangelisation-en-ligne-depuis-mexico\/#primaryimage"},"image":{"@id":"https:\/\/interamerica.org\/fr\/2023\/06\/leglise-adventiste-va-debuter-une-campagne-nationale-devangelisation-en-ligne-depuis-mexico\/#primaryimage"},"thumbnailUrl":"https:\/\/interamerica.org\/wp-content\/uploads\/2023\/06\/mexico-city-elijah-loffkov-canva-2.jpg","datePublished":"2023-06-14T00:48:14+00:00","dateModified":"2023-06-15T13:25:40+00:00","author":{"@id":"https:\/\/interamerica.org\/fr\/#\/schema\/person\/29998f2bc2d8bd0d38662909289b54f1"},"breadcrumb":{"@id":"https:\/\/interamerica.org\/fr\/2023\/06\/leglise-adventiste-va-debuter-une-campagne-nationale-devangelisation-en-ligne-depuis-mexico\/#breadcrumb"},"inLanguage":"fr-FR","potentialAction":[{"@type":"ReadAction","target":["https:\/\/interamerica.org\/fr\/2023\/06\/leglise-adventiste-va-debuter-une-campagne-nationale-devangelisation-en-ligne-depuis-mexico\/"]}]},{"@type":"ImageObject","inLanguage":"fr-FR","@id":"https:\/\/interamerica.org\/fr\/2023\/06\/leglise-adventiste-va-debuter-une-campagne-nationale-devangelisation-en-ligne-depuis-mexico\/#primaryimage","url":"https:\/\/interamerica.org\/wp-content\/uploads\/2023\/06\/mexico-city-elijah-loffkov-canva-2.jpg","contentUrl":"https:\/\/interamerica.org\/wp-content\/uploads\/2023\/06\/mexico-city-elijah-loffkov-canva-2.jpg","width":1000,"height":625,"caption":"[Photo: Elijah Loffkov\/Canva]"},{"@type":"BreadcrumbList","@id":"https:\/\/interamerica.org\/fr\/2023\/06\/leglise-adventiste-va-debuter-une-campagne-nationale-devangelisation-en-ligne-depuis-mexico\/#breadcrumb","itemListElement":[{"@type":"ListItem","position":1,"name":"Home","item":"https:\/\/interamerica.org\/fr\/"},{"@type":"ListItem","position":2,"name":"L\u2019\u00c9glise adventiste va d\u00e9buter une campagne nationale d\u2019\u00e9vang\u00e9lisation en ligne depuis Mexico"}]},{"@type":"WebSite","@id":"https:\/\/interamerica.org\/fr\/#website","url":"https:\/\/interamerica.org\/fr\/","name":"\u00c9glise Adventiste Du Septieme Jour - Inter Am\u00e9rique Division","description":"","potentialAction":[{"@type":"SearchAction","target":{"@type":"EntryPoint","urlTemplate":"https:\/\/interamerica.org\/fr\/?s={search_term_string}"},"query-input":{"@type":"PropertyValueSpecification","valueRequired":true,"valueName":"search_term_string"}}],"inLanguage":"fr-FR"},{"@type":"Person","@id":"https:\/\/interamerica.org\/fr\/#\/schema\/person\/29998f2bc2d8bd0d38662909289b54f1","name":"libna","image":{"@type":"ImageObject","inLanguage":"fr-FR","@id":"https:\/\/secure.gravatar.com\/avatar\/7c5bd30ae4b47a9ba3c856590957fd1d96dc588bf3ac05719d247e126840331f?s=96&d=mm&r=g","url":"https:\/\/secure.gravatar.com\/avatar\/7c5bd30ae4b47a9ba3c856590957fd1d96dc588bf3ac05719d247e126840331f?s=96&d=mm&r=g","contentUrl":"https:\/\/secure.gravatar.com\/avatar\/7c5bd30ae4b47a9ba3c856590957fd1d96dc588bf3ac05719d247e126840331f?s=96&d=mm&r=g","caption":"libna"}}]}},"_links":{"self":[{"href":"https:\/\/interamerica.org\/fr\/wp-json\/wp\/v2\/posts\/100168","targetHints":{"allow":["GET"]}}],"collection":[{"href":"https:\/\/interamerica.org\/fr\/wp-json\/wp\/v2\/posts"}],"about":[{"href":"https:\/\/interamerica.org\/fr\/wp-json\/wp\/v2\/types\/post"}],"author":[{"embeddable":true,"href":"https:\/\/interamerica.org\/fr\/wp-json\/wp\/v2\/users\/3"}],"replies":[{"embeddable":true,"href":"https:\/\/interamerica.org\/fr\/wp-json\/wp\/v2\/comments?post=100168"}],"version-history":[{"count":0,"href":"https:\/\/interamerica.org\/fr\/wp-json\/wp\/v2\/posts\/100168\/revisions"}],"wp:featuredmedia":[{"embeddable":true,"href":"https:\/\/interamerica.org\/fr\/wp-json\/wp\/v2\/media\/100147"}],"wp:attachment":[{"href":"https:\/\/interamerica.org\/fr\/wp-json\/wp\/v2\/media?parent=100168"}],"wp:term":[{"taxonomy":"category","embeddable":true,"href":"https:\/\/interamerica.org\/fr\/wp-json\/wp\/v2\/categories?post=100168"},{"taxonomy":"post_tag","embeddable":true,"href":"https:\/\/interamerica.org\/fr\/wp-json\/wp\/v2\/tags?post=100168"}],"curies":[{"name":"wp","href":"https:\/\/api.w.org\/{rel}","templated":true}]}}