{"id":100284,"date":"2023-06-15T15:39:41","date_gmt":"2023-06-15T19:39:41","guid":{"rendered":"https:\/\/interamerica.org\/?p=100284"},"modified":"2023-06-16T09:51:15","modified_gmt":"2023-06-16T13:51:15","slug":"une-infirmiere-met-sur-pied-un-refuge-pour-les-enfants-autistes","status":"publish","type":"post","link":"https:\/\/interamerica.org\/fr\/2023\/06\/une-infirmiere-met-sur-pied-un-refuge-pour-les-enfants-autistes\/","title":{"rendered":"Une infirmi\u00e8re met sur pied un refuge pour les enfants autistes"},"content":{"rendered":"<h4><b>Sur le Puzzle Ranch, il y a des chevaux, des poules, des lapins, des vaches, des ch\u00e8vres, des cochons et des tortues.<\/b><\/h4>\n<p><span style=\"font-weight: 400;\">Le 15 juin 2023 | Floride, \u00c9tats-Unis | Caroline Glenn, actualit\u00e9s d\u2019AdventHealth<\/span><\/p>\n<p><span style=\"font-weight: 400;\">Perdu dans la campagne de Sorrento, dans l\u2019\u00c9tat am\u00e9ricain de la Floride, le Puzzle Ranch est devenu un refuge s\u00e9curitaire pour les familles avec des enfants autistes. Pour Cameron Munoz, une infirmi\u00e8re au d\u00e9partement des accouchements d\u2019AdventHealth \u00e0 Waterman, il s\u2019agit \u00e9galement d\u2019une maison pour ses quatre fils, tous sur le spectre de l\u2019autisme.<\/span><\/p>\n<p><span style=\"font-weight: 400;\">Ce sont eux\u2014 Alex, 15\u00a0ans; les jumeaux Michael et Matthew, 10\u00a0ans; et Elijah, 8\u00a0ans \u2014 qui ont pouss\u00e9 la famille \u00e0 d\u00e9m\u00e9nager d\u2019Orlando \u00e0 Lake County en 2020 et \u00e0 ouvrir le Puzzle Ranch l\u2019ann\u00e9e suivante. Au d\u00e9but, il n\u2019y avait que des chevaux, mais des poules, des lapins, des vaches, des ch\u00e8vres, des cochons et des tortues ont par la suite \u00e9t\u00e9 ajout\u00e9s. Au fil des ans, M<\/span><span style=\"font-weight: 400;\">me<\/span><span style=\"font-weight: 400;\">\u00a0Munoz et son mari ont construit sur plusieurs acres de petites cabanes au th\u00e8me western, un tipi et un un feu de camp, le tout sur la m\u00eame propri\u00e9t\u00e9 que leur maison familiale.<\/span><\/p>\n<p><div id=\"attachment_100218\" style=\"width: 892px\" class=\"wp-caption aligncenter\"><img fetchpriority=\"high\" decoding=\"async\" aria-describedby=\"caption-attachment-100218\" class=\" wp-image-100217\" src=\"https:\/\/interamerica.org\/wp-content\/uploads\/2023\/06\/adventhealth-cameron-munoz.jpeg\" alt=\"\" width=\"882\" height=\"611\" srcset=\"https:\/\/interamerica.org\/wp-content\/uploads\/2023\/06\/adventhealth-cameron-munoz.jpeg 1008w, https:\/\/interamerica.org\/wp-content\/uploads\/2023\/06\/adventhealth-cameron-munoz-300x208.jpeg 300w, https:\/\/interamerica.org\/wp-content\/uploads\/2023\/06\/adventhealth-cameron-munoz-768x532.jpeg 768w\" sizes=\"(max-width: 882px) 100vw, 882px\" \/><p id=\"caption-attachment-100218\" class=\"wp-caption-text\"><span style=\"font-weight: 400;\">Le Puzzle Ranch aide les enfants sur le spectre de l\u2019autisme \u00e0 \u00e9tablir des relations. [Une photo de Joe Burbank, <\/span><i><span style=\"font-weight: 400;\">Orlando Sentinel<\/span><\/i><span style=\"font-weight: 400;\">]<\/span><\/p><\/div><span style=\"font-weight: 400;\">\u00ab\u00a0Nous voulions laisser entrer d\u2019autres personnes, leur faciliter la vie et tenter de leur donner l\u2019occasion de vivre des exp\u00e9riences dont ils se souviendraient dans un lieu o\u00f9 ils peuvent se sentir bien et les bienvenus, a expliqu\u00e9 M<\/span><span style=\"font-weight: 400;\">me<\/span><span style=\"font-weight: 400;\">\u00a0Munoz lors d\u2019une entrevue qu\u2019elle a accord\u00e9e \u00e0 l\u2019<\/span><i><span style=\"font-weight: 400;\">Orlando Sentinel<\/span><\/i><span style=\"font-weight: 400;\">. Parce que nous connaissons les difficult\u00e9s de vivre avec des enfants qui ont des handicaps.\u00a0\u00bb<\/span><\/p>\n<p><span style=\"font-weight: 400;\">Elle a \u00e9galement re\u00e7u le titre de \u00ab\u00a0Championne communautaire\u00a0\u00bb par WESH-2 News pour son travail avec les enfants autistes et aux autres besoins particuliers. \u00ab\u00a0Je d\u00e9fends mes enfants, a-t-elle dit, je d\u00e9fends d\u2019autres familles dans la communaut\u00e9 et je tente vraiment de les soutenir\u2026 je reconnais [les gens aux prises avec des handicaps] comme des personnes en les acceptant et en leur faisant une place.\u00a0\u00bb<\/span><\/p>\n<p><span style=\"font-weight: 400;\">D\u2019apr\u00e8s Tina Gurnani, p\u00e9dopsychiatre chez AdventHealth pour enfants et sp\u00e9cialis\u00e9e dans le traitement des enfants sur le spectre, l\u2019autisme est un trouble neurod\u00e9veloppemental ou neuropsychiatrique caus\u00e9 par des anomalies dans les parties du cerveau qui interpr\u00e8tent l\u2019information sensorielle et qui traitent le langage.<\/span><\/p>\n<p><span style=\"font-weight: 400;\">Les enfants autistes peuvent pr\u00e9senter une vaste gamme de sympt\u00f4mes, mais ils ont typiquement de la difficult\u00e9 \u00e0 exprimer et \u00e0 reconna\u00eetre les \u00e9motions et peuvent adopter des comportements ou des mouvements r\u00e9p\u00e9titifs ainsi qu\u2019une certaine redondance dans leur fa\u00e7on de s\u2019exprimer. Certains sont non verbaux et d\u2019autres parlent de mani\u00e8re totalement fluide. Les fils de M<\/span><span style=\"font-weight: 400;\">me<\/span><span style=\"font-weight: 400;\">\u00a0Munoz ont tous re\u00e7u un diagnostic d\u2019autisme lorsqu\u2019ils avaient environ un an et demi et ne parlent toujours pas.<\/span><\/p>\n<p><span style=\"font-weight: 400;\">Mais il a \u00e9t\u00e9 d\u00e9couvert que l\u2019orthophonie, l\u2019ergoth\u00e9rapie, les interventions \u00e9ducatives et les occasions d\u2019apprendre et d\u2019exercer des comp\u00e9tences am\u00e9liorent consid\u00e9rablement les sympt\u00f4mes de l\u2019autisme. Pour les enfants de M<\/span><span style=\"font-weight: 400;\">me<\/span><span style=\"font-weight: 400;\">\u00a0Munoz, c\u2019est le travail avec des animaux qui les a le plus aid\u00e9s \u00e0 interagir, \u00e0 apprendre la douceur ainsi qu\u2019\u00e0 respecter les limites. En plus, ils ont maintenant suffisamment d\u2019espace ext\u00e9rieur pour d\u00e9penser leur \u00e9nergie.<\/span><\/p>\n<p><span style=\"font-weight: 400;\">\u00ab\u00a0Les enfants autistes peuvent \u00eatre moins anxieux lorsqu\u2019ils sont entour\u00e9s d\u2019enfants qui ont des difficult\u00e9s semblables aux leurs et quand ils ont la libert\u00e9 d\u2019errer et de faire ce qu\u2019ils sont \u00e0 l\u2019aise de faire\u00a0\u00bb, a dit la D<\/span><span style=\"font-weight: 400;\">re<\/span><span style=\"font-weight: 400;\">\u00a0Gurnani. Il est \u00e9galement b\u00e9n\u00e9fique pour les parents d\u2019avoir la chance de rencontrer d\u2019autres familles avec des enfants sur le spectre et d\u2019avoir acc\u00e8s \u00e0 une zone sans jugement o\u00f9 amener leurs enfants, a-t-elle ajout\u00e9.<\/span><\/p>\n<p><span style=\"font-weight: 400;\">Selon le dernier rapport des Centres am\u00e9ricains pour le contr\u00f4le et la pr\u00e9vention des maladies (CDC), un enfant de huit ans sur 36 avait, en 2020, un diagnostic d\u2019autisme. C\u2019est une augmentation importante du nombre d\u2019enfants que l\u2019on estime \u00eatre sur le spectre, car c\u2019\u00e9tait un sur 44 en 2018 et un sur 150 en 2000.<\/span><\/p>\n<p><span style=\"font-weight: 400;\">Parmi les familles affect\u00e9es par l\u2019autisme, jusqu\u2019\u00e0 18\u00a0% ont plus d\u2019un enfant atteint du trouble.<\/span><\/p>\n<p><span style=\"font-weight: 400;\">\u00ab\u00a0C\u2019est un tout autre type de parentalit\u00e9, tr\u00e8s diff\u00e9rent de ce \u00e0 quoi on s\u2019attendait. Et il y a beaucoup de deuils \u00e0 faire, a dit M<\/span><span style=\"font-weight: 400;\">me<\/span><span style=\"font-weight: 400;\">\u00a0Munoz. C\u2019est dans les petits moments. Quand je pense \u00e0 la planification d\u2019un voyage, par exemple, quand je me demande s\u2019ils iront un jour \u00e0 un bal de fin d\u2019\u00e9tudes ou dans la salle de pause, o\u00f9 mes coll\u00e8gues parlent des entra\u00eenements de foot ou de basketball de leurs enfants. Et ces petits moments peuvent survenir une centaine de fois par ann\u00e9e.\u00a0\u00bb<\/span><\/p>\n<p><span style=\"font-weight: 400;\">Mais au Ranch Puzzle, M<\/span><span style=\"font-weight: 400;\">me<\/span><span style=\"font-weight: 400;\">\u00a0Munoz aide les familles centre-floridiennes \u00e0 cr\u00e9er les beaux souvenirs auxquels elles aspirent.<\/span><\/p>\n<p><span style=\"font-weight: 400;\">La <\/span><a href=\"https:\/\/www.adventhealth.com\/business\/adventhealth-central-florida-media-resources\/news\/nurse-builds-puzzle-ranch-a-safe-haven-children-autism?listFilters=page%3D1\"><span style=\"font-weight: 400;\">version originale<\/span><\/a><span style=\"font-weight: 400;\"> de cet article a \u00e9t\u00e9 publi\u00e9e par <\/span><a href=\"https:\/\/www.adventhealth.com\/\"><span style=\"font-weight: 400;\">AdventHealth<\/span><\/a><span style=\"font-weight: 400;\">.<\/span><\/p>\n<p><span style=\"font-weight: 400;\">Traduction\u00a0: Marie-Mich\u00e8le Robitaille<\/span><\/p>\n<p><iframe title=\"AdventHealth Nurse Runs Puzzle Ranch for Children with Autism\" width=\"500\" height=\"281\" src=\"https:\/\/www.youtube.com\/embed\/o_OuVXMr4-4?start=1&#038;feature=oembed\" frameborder=\"0\" allow=\"accelerometer; autoplay; clipboard-write; encrypted-media; gyroscope; picture-in-picture; web-share\" referrerpolicy=\"strict-origin-when-cross-origin\" allowfullscreen><\/iframe><\/p>\n","protected":false},"excerpt":{"rendered":"<p>Sur le Puzzle Ranch, il y a des chevaux, des poules, des lapins, des vaches, des ch\u00e8vres, des cochons et des tortues. Le 15 juin 2023 | Floride, \u00c9tats-Unis |&#8230;<\/p>\n","protected":false},"author":3,"featured_media":100218,"comment_status":"closed","ping_status":"closed","sticky":false,"template":"","format":"standard","meta":{"_acf_changed":false,"footnotes":""},"categories":[18,19],"tags":[],"class_list":["post-100284","post","type-post","status-publish","format-standard","has-post-thumbnail","hentry","category-nouvelles-de-leglise-mondiale","category-rss-francais"],"acf":[],"yoast_head":"<!-- This site is optimized with the Yoast SEO plugin v27.3 - https:\/\/yoast.com\/product\/yoast-seo-wordpress\/ -->\n<title>Une infirmi\u00e8re met sur pied un refuge pour les enfants autistes - \u00c9glise Adventiste Du Septieme Jour - Inter Am\u00e9rique Division<\/title>\n<meta name=\"robots\" content=\"index, follow, max-snippet:-1, max-image-preview:large, max-video-preview:-1\" \/>\n<link rel=\"canonical\" href=\"https:\/\/interamerica.org\/fr\/2023\/06\/une-infirmiere-met-sur-pied-un-refuge-pour-les-enfants-autistes\/\" \/>\n<meta property=\"og:locale\" content=\"fr_FR\" \/>\n<meta property=\"og:type\" content=\"article\" \/>\n<meta property=\"og:title\" content=\"Une infirmi\u00e8re met sur pied un refuge pour les enfants autistes - \u00c9glise Adventiste Du Septieme Jour - Inter Am\u00e9rique Division\" \/>\n<meta property=\"og:description\" content=\"Sur le Puzzle Ranch, il y a des chevaux, des poules, des lapins, des vaches, des ch\u00e8vres, des cochons et des tortues. Le 15 juin 2023 | Floride, \u00c9tats-Unis |...\" \/>\n<meta property=\"og:url\" content=\"https:\/\/interamerica.org\/fr\/2023\/06\/une-infirmiere-met-sur-pied-un-refuge-pour-les-enfants-autistes\/\" \/>\n<meta property=\"og:site_name\" content=\"\u00c9glise Adventiste Du Septieme Jour - Inter Am\u00e9rique Division\" \/>\n<meta property=\"article:published_time\" content=\"2023-06-15T19:39:41+00:00\" \/>\n<meta property=\"article:modified_time\" content=\"2023-06-16T13:51:15+00:00\" \/>\n<meta property=\"og:image\" content=\"https:\/\/interamerica.org\/wp-content\/uploads\/2023\/06\/adventhealth-cameron-munoz.jpeg\" \/>\n\t<meta property=\"og:image:width\" content=\"1008\" \/>\n\t<meta property=\"og:image:height\" content=\"698\" \/>\n\t<meta property=\"og:image:type\" content=\"image\/jpeg\" \/>\n<meta name=\"author\" content=\"libna\" \/>\n<meta name=\"twitter:card\" content=\"summary_large_image\" \/>\n<meta name=\"twitter:label1\" content=\"\u00c9crit par\" \/>\n\t<meta name=\"twitter:data1\" content=\"libna\" \/>\n\t<meta name=\"twitter:label2\" content=\"Dur\u00e9e de lecture estim\u00e9e\" \/>\n\t<meta name=\"twitter:data2\" content=\"4 minutes\" \/>\n<script type=\"application\/ld+json\" class=\"yoast-schema-graph\">{\"@context\":\"https:\\\/\\\/schema.org\",\"@graph\":[{\"@type\":\"Article\",\"@id\":\"https:\\\/\\\/interamerica.org\\\/fr\\\/2023\\\/06\\\/une-infirmiere-met-sur-pied-un-refuge-pour-les-enfants-autistes\\\/#article\",\"isPartOf\":{\"@id\":\"https:\\\/\\\/interamerica.org\\\/fr\\\/2023\\\/06\\\/une-infirmiere-met-sur-pied-un-refuge-pour-les-enfants-autistes\\\/\"},\"author\":{\"name\":\"libna\",\"@id\":\"https:\\\/\\\/interamerica.org\\\/fr\\\/#\\\/schema\\\/person\\\/29998f2bc2d8bd0d38662909289b54f1\"},\"headline\":\"Une infirmi\u00e8re met sur pied un refuge pour les enfants autistes\",\"datePublished\":\"2023-06-15T19:39:41+00:00\",\"dateModified\":\"2023-06-16T13:51:15+00:00\",\"mainEntityOfPage\":{\"@id\":\"https:\\\/\\\/interamerica.org\\\/fr\\\/2023\\\/06\\\/une-infirmiere-met-sur-pied-un-refuge-pour-les-enfants-autistes\\\/\"},\"wordCount\":913,\"image\":{\"@id\":\"https:\\\/\\\/interamerica.org\\\/fr\\\/2023\\\/06\\\/une-infirmiere-met-sur-pied-un-refuge-pour-les-enfants-autistes\\\/#primaryimage\"},\"thumbnailUrl\":\"https:\\\/\\\/interamerica.org\\\/wp-content\\\/uploads\\\/2023\\\/06\\\/adventhealth-cameron-munoz.jpeg\",\"articleSection\":[\"Nouvelles de l'\u00c9glise mondiale\",\"RSS Fran\u00e7ais\"],\"inLanguage\":\"fr-FR\"},{\"@type\":\"WebPage\",\"@id\":\"https:\\\/\\\/interamerica.org\\\/fr\\\/2023\\\/06\\\/une-infirmiere-met-sur-pied-un-refuge-pour-les-enfants-autistes\\\/\",\"url\":\"https:\\\/\\\/interamerica.org\\\/fr\\\/2023\\\/06\\\/une-infirmiere-met-sur-pied-un-refuge-pour-les-enfants-autistes\\\/\",\"name\":\"Une infirmi\u00e8re met sur pied un refuge pour les enfants autistes - \u00c9glise Adventiste Du Septieme Jour - Inter Am\u00e9rique Division\",\"isPartOf\":{\"@id\":\"https:\\\/\\\/interamerica.org\\\/fr\\\/#website\"},\"primaryImageOfPage\":{\"@id\":\"https:\\\/\\\/interamerica.org\\\/fr\\\/2023\\\/06\\\/une-infirmiere-met-sur-pied-un-refuge-pour-les-enfants-autistes\\\/#primaryimage\"},\"image\":{\"@id\":\"https:\\\/\\\/interamerica.org\\\/fr\\\/2023\\\/06\\\/une-infirmiere-met-sur-pied-un-refuge-pour-les-enfants-autistes\\\/#primaryimage\"},\"thumbnailUrl\":\"https:\\\/\\\/interamerica.org\\\/wp-content\\\/uploads\\\/2023\\\/06\\\/adventhealth-cameron-munoz.jpeg\",\"datePublished\":\"2023-06-15T19:39:41+00:00\",\"dateModified\":\"2023-06-16T13:51:15+00:00\",\"author\":{\"@id\":\"https:\\\/\\\/interamerica.org\\\/fr\\\/#\\\/schema\\\/person\\\/29998f2bc2d8bd0d38662909289b54f1\"},\"breadcrumb\":{\"@id\":\"https:\\\/\\\/interamerica.org\\\/fr\\\/2023\\\/06\\\/une-infirmiere-met-sur-pied-un-refuge-pour-les-enfants-autistes\\\/#breadcrumb\"},\"inLanguage\":\"fr-FR\",\"potentialAction\":[{\"@type\":\"ReadAction\",\"target\":[\"https:\\\/\\\/interamerica.org\\\/fr\\\/2023\\\/06\\\/une-infirmiere-met-sur-pied-un-refuge-pour-les-enfants-autistes\\\/\"]}]},{\"@type\":\"ImageObject\",\"inLanguage\":\"fr-FR\",\"@id\":\"https:\\\/\\\/interamerica.org\\\/fr\\\/2023\\\/06\\\/une-infirmiere-met-sur-pied-un-refuge-pour-les-enfants-autistes\\\/#primaryimage\",\"url\":\"https:\\\/\\\/interamerica.org\\\/wp-content\\\/uploads\\\/2023\\\/06\\\/adventhealth-cameron-munoz.jpeg\",\"contentUrl\":\"https:\\\/\\\/interamerica.org\\\/wp-content\\\/uploads\\\/2023\\\/06\\\/adventhealth-cameron-munoz.jpeg\",\"width\":1008,\"height\":698,\"caption\":\"Puzzle Ranch helps children on the autism spectrum to connect. [Photo: Joe Burbank, Ontario Sentinel]\"},{\"@type\":\"BreadcrumbList\",\"@id\":\"https:\\\/\\\/interamerica.org\\\/fr\\\/2023\\\/06\\\/une-infirmiere-met-sur-pied-un-refuge-pour-les-enfants-autistes\\\/#breadcrumb\",\"itemListElement\":[{\"@type\":\"ListItem\",\"position\":1,\"name\":\"Home\",\"item\":\"https:\\\/\\\/interamerica.org\\\/fr\\\/\"},{\"@type\":\"ListItem\",\"position\":2,\"name\":\"Une infirmi\u00e8re met sur pied un refuge pour les enfants autistes\"}]},{\"@type\":\"WebSite\",\"@id\":\"https:\\\/\\\/interamerica.org\\\/fr\\\/#website\",\"url\":\"https:\\\/\\\/interamerica.org\\\/fr\\\/\",\"name\":\"\u00c9glise Adventiste Du Septieme Jour - Inter Am\u00e9rique Division\",\"description\":\"\",\"potentialAction\":[{\"@type\":\"SearchAction\",\"target\":{\"@type\":\"EntryPoint\",\"urlTemplate\":\"https:\\\/\\\/interamerica.org\\\/fr\\\/?s={search_term_string}\"},\"query-input\":{\"@type\":\"PropertyValueSpecification\",\"valueRequired\":true,\"valueName\":\"search_term_string\"}}],\"inLanguage\":\"fr-FR\"},{\"@type\":\"Person\",\"@id\":\"https:\\\/\\\/interamerica.org\\\/fr\\\/#\\\/schema\\\/person\\\/29998f2bc2d8bd0d38662909289b54f1\",\"name\":\"libna\",\"image\":{\"@type\":\"ImageObject\",\"inLanguage\":\"fr-FR\",\"@id\":\"https:\\\/\\\/secure.gravatar.com\\\/avatar\\\/7c5bd30ae4b47a9ba3c856590957fd1d96dc588bf3ac05719d247e126840331f?s=96&d=mm&r=g\",\"url\":\"https:\\\/\\\/secure.gravatar.com\\\/avatar\\\/7c5bd30ae4b47a9ba3c856590957fd1d96dc588bf3ac05719d247e126840331f?s=96&d=mm&r=g\",\"contentUrl\":\"https:\\\/\\\/secure.gravatar.com\\\/avatar\\\/7c5bd30ae4b47a9ba3c856590957fd1d96dc588bf3ac05719d247e126840331f?s=96&d=mm&r=g\",\"caption\":\"libna\"}}]}<\/script>\n<!-- \/ Yoast SEO plugin. -->","yoast_head_json":{"title":"Une infirmi\u00e8re met sur pied un refuge pour les enfants autistes - \u00c9glise Adventiste Du Septieme Jour - Inter Am\u00e9rique Division","robots":{"index":"index","follow":"follow","max-snippet":"max-snippet:-1","max-image-preview":"max-image-preview:large","max-video-preview":"max-video-preview:-1"},"canonical":"https:\/\/interamerica.org\/fr\/2023\/06\/une-infirmiere-met-sur-pied-un-refuge-pour-les-enfants-autistes\/","og_locale":"fr_FR","og_type":"article","og_title":"Une infirmi\u00e8re met sur pied un refuge pour les enfants autistes - \u00c9glise Adventiste Du Septieme Jour - Inter Am\u00e9rique Division","og_description":"Sur le Puzzle Ranch, il y a des chevaux, des poules, des lapins, des vaches, des ch\u00e8vres, des cochons et des tortues. Le 15 juin 2023 | Floride, \u00c9tats-Unis |...","og_url":"https:\/\/interamerica.org\/fr\/2023\/06\/une-infirmiere-met-sur-pied-un-refuge-pour-les-enfants-autistes\/","og_site_name":"\u00c9glise Adventiste Du Septieme Jour - Inter Am\u00e9rique Division","article_published_time":"2023-06-15T19:39:41+00:00","article_modified_time":"2023-06-16T13:51:15+00:00","og_image":[{"width":1008,"height":698,"url":"https:\/\/interamerica.org\/wp-content\/uploads\/2023\/06\/adventhealth-cameron-munoz.jpeg","type":"image\/jpeg"}],"author":"libna","twitter_card":"summary_large_image","twitter_misc":{"\u00c9crit par":"libna","Dur\u00e9e de lecture estim\u00e9e":"4 minutes"},"schema":{"@context":"https:\/\/schema.org","@graph":[{"@type":"Article","@id":"https:\/\/interamerica.org\/fr\/2023\/06\/une-infirmiere-met-sur-pied-un-refuge-pour-les-enfants-autistes\/#article","isPartOf":{"@id":"https:\/\/interamerica.org\/fr\/2023\/06\/une-infirmiere-met-sur-pied-un-refuge-pour-les-enfants-autistes\/"},"author":{"name":"libna","@id":"https:\/\/interamerica.org\/fr\/#\/schema\/person\/29998f2bc2d8bd0d38662909289b54f1"},"headline":"Une infirmi\u00e8re met sur pied un refuge pour les enfants autistes","datePublished":"2023-06-15T19:39:41+00:00","dateModified":"2023-06-16T13:51:15+00:00","mainEntityOfPage":{"@id":"https:\/\/interamerica.org\/fr\/2023\/06\/une-infirmiere-met-sur-pied-un-refuge-pour-les-enfants-autistes\/"},"wordCount":913,"image":{"@id":"https:\/\/interamerica.org\/fr\/2023\/06\/une-infirmiere-met-sur-pied-un-refuge-pour-les-enfants-autistes\/#primaryimage"},"thumbnailUrl":"https:\/\/interamerica.org\/wp-content\/uploads\/2023\/06\/adventhealth-cameron-munoz.jpeg","articleSection":["Nouvelles de l'\u00c9glise mondiale","RSS Fran\u00e7ais"],"inLanguage":"fr-FR"},{"@type":"WebPage","@id":"https:\/\/interamerica.org\/fr\/2023\/06\/une-infirmiere-met-sur-pied-un-refuge-pour-les-enfants-autistes\/","url":"https:\/\/interamerica.org\/fr\/2023\/06\/une-infirmiere-met-sur-pied-un-refuge-pour-les-enfants-autistes\/","name":"Une infirmi\u00e8re met sur pied un refuge pour les enfants autistes - \u00c9glise Adventiste Du Septieme Jour - Inter Am\u00e9rique Division","isPartOf":{"@id":"https:\/\/interamerica.org\/fr\/#website"},"primaryImageOfPage":{"@id":"https:\/\/interamerica.org\/fr\/2023\/06\/une-infirmiere-met-sur-pied-un-refuge-pour-les-enfants-autistes\/#primaryimage"},"image":{"@id":"https:\/\/interamerica.org\/fr\/2023\/06\/une-infirmiere-met-sur-pied-un-refuge-pour-les-enfants-autistes\/#primaryimage"},"thumbnailUrl":"https:\/\/interamerica.org\/wp-content\/uploads\/2023\/06\/adventhealth-cameron-munoz.jpeg","datePublished":"2023-06-15T19:39:41+00:00","dateModified":"2023-06-16T13:51:15+00:00","author":{"@id":"https:\/\/interamerica.org\/fr\/#\/schema\/person\/29998f2bc2d8bd0d38662909289b54f1"},"breadcrumb":{"@id":"https:\/\/interamerica.org\/fr\/2023\/06\/une-infirmiere-met-sur-pied-un-refuge-pour-les-enfants-autistes\/#breadcrumb"},"inLanguage":"fr-FR","potentialAction":[{"@type":"ReadAction","target":["https:\/\/interamerica.org\/fr\/2023\/06\/une-infirmiere-met-sur-pied-un-refuge-pour-les-enfants-autistes\/"]}]},{"@type":"ImageObject","inLanguage":"fr-FR","@id":"https:\/\/interamerica.org\/fr\/2023\/06\/une-infirmiere-met-sur-pied-un-refuge-pour-les-enfants-autistes\/#primaryimage","url":"https:\/\/interamerica.org\/wp-content\/uploads\/2023\/06\/adventhealth-cameron-munoz.jpeg","contentUrl":"https:\/\/interamerica.org\/wp-content\/uploads\/2023\/06\/adventhealth-cameron-munoz.jpeg","width":1008,"height":698,"caption":"Puzzle Ranch helps children on the autism spectrum to connect. [Photo: Joe Burbank, Ontario Sentinel]"},{"@type":"BreadcrumbList","@id":"https:\/\/interamerica.org\/fr\/2023\/06\/une-infirmiere-met-sur-pied-un-refuge-pour-les-enfants-autistes\/#breadcrumb","itemListElement":[{"@type":"ListItem","position":1,"name":"Home","item":"https:\/\/interamerica.org\/fr\/"},{"@type":"ListItem","position":2,"name":"Une infirmi\u00e8re met sur pied un refuge pour les enfants autistes"}]},{"@type":"WebSite","@id":"https:\/\/interamerica.org\/fr\/#website","url":"https:\/\/interamerica.org\/fr\/","name":"\u00c9glise Adventiste Du Septieme Jour - Inter Am\u00e9rique Division","description":"","potentialAction":[{"@type":"SearchAction","target":{"@type":"EntryPoint","urlTemplate":"https:\/\/interamerica.org\/fr\/?s={search_term_string}"},"query-input":{"@type":"PropertyValueSpecification","valueRequired":true,"valueName":"search_term_string"}}],"inLanguage":"fr-FR"},{"@type":"Person","@id":"https:\/\/interamerica.org\/fr\/#\/schema\/person\/29998f2bc2d8bd0d38662909289b54f1","name":"libna","image":{"@type":"ImageObject","inLanguage":"fr-FR","@id":"https:\/\/secure.gravatar.com\/avatar\/7c5bd30ae4b47a9ba3c856590957fd1d96dc588bf3ac05719d247e126840331f?s=96&d=mm&r=g","url":"https:\/\/secure.gravatar.com\/avatar\/7c5bd30ae4b47a9ba3c856590957fd1d96dc588bf3ac05719d247e126840331f?s=96&d=mm&r=g","contentUrl":"https:\/\/secure.gravatar.com\/avatar\/7c5bd30ae4b47a9ba3c856590957fd1d96dc588bf3ac05719d247e126840331f?s=96&d=mm&r=g","caption":"libna"}}]}},"_links":{"self":[{"href":"https:\/\/interamerica.org\/fr\/wp-json\/wp\/v2\/posts\/100284","targetHints":{"allow":["GET"]}}],"collection":[{"href":"https:\/\/interamerica.org\/fr\/wp-json\/wp\/v2\/posts"}],"about":[{"href":"https:\/\/interamerica.org\/fr\/wp-json\/wp\/v2\/types\/post"}],"author":[{"embeddable":true,"href":"https:\/\/interamerica.org\/fr\/wp-json\/wp\/v2\/users\/3"}],"replies":[{"embeddable":true,"href":"https:\/\/interamerica.org\/fr\/wp-json\/wp\/v2\/comments?post=100284"}],"version-history":[{"count":0,"href":"https:\/\/interamerica.org\/fr\/wp-json\/wp\/v2\/posts\/100284\/revisions"}],"wp:featuredmedia":[{"embeddable":true,"href":"https:\/\/interamerica.org\/fr\/wp-json\/wp\/v2\/media\/100218"}],"wp:attachment":[{"href":"https:\/\/interamerica.org\/fr\/wp-json\/wp\/v2\/media?parent=100284"}],"wp:term":[{"taxonomy":"category","embeddable":true,"href":"https:\/\/interamerica.org\/fr\/wp-json\/wp\/v2\/categories?post=100284"},{"taxonomy":"post_tag","embeddable":true,"href":"https:\/\/interamerica.org\/fr\/wp-json\/wp\/v2\/tags?post=100284"}],"curies":[{"name":"wp","href":"https:\/\/api.w.org\/{rel}","templated":true}]}}