{"id":100372,"date":"2023-06-18T16:00:23","date_gmt":"2023-06-18T20:00:23","guid":{"rendered":"https:\/\/interamerica.org\/?p=100372"},"modified":"2023-06-20T09:50:42","modified_gmt":"2023-06-20T13:50:42","slug":"la-plus-grande-ecole-autochtone-damerique-du-nord-celebre-son-20eme-anniversaire","status":"publish","type":"post","link":"https:\/\/interamerica.org\/fr\/2023\/06\/la-plus-grande-ecole-autochtone-damerique-du-nord-celebre-son-20eme-anniversaire\/","title":{"rendered":"La plus grande \u00e9cole autochtone d\u2019Am\u00e9rique du Nord c\u00e9l\u00e8bre son 20\u00e8me anniversaire"},"content":{"rendered":"<div id=\"attachment_100359\" style=\"width: 871px\" class=\"wp-caption aligncenter\"><img fetchpriority=\"high\" decoding=\"async\" aria-describedby=\"caption-attachment-100359\" class=\" wp-image-100358\" src=\"https:\/\/interamerica.org\/wp-content\/uploads\/2023\/06\/may12openhouse-mans-85-ca-1024x683.jpeg\" alt=\"\" width=\"861\" height=\"574\" srcset=\"https:\/\/interamerica.org\/wp-content\/uploads\/2023\/06\/may12openhouse-mans-85-ca-1024x683.jpeg 1024w, https:\/\/interamerica.org\/wp-content\/uploads\/2023\/06\/may12openhouse-mans-85-ca-300x200.jpeg 300w, https:\/\/interamerica.org\/wp-content\/uploads\/2023\/06\/may12openhouse-mans-85-ca-768x512.jpeg 768w, https:\/\/interamerica.org\/wp-content\/uploads\/2023\/06\/may12openhouse-mans-85-ca-1536x1024.jpeg 1536w, https:\/\/interamerica.org\/wp-content\/uploads\/2023\/06\/may12openhouse-mans-85-ca.jpeg 1800w\" sizes=\"(max-width: 861px) 100vw, 861px\" \/><p id=\"caption-attachment-100359\" class=\"wp-caption-text\">Le 12 mai, lors de la journ\u00e9e portes ouvertes organis\u00e9e \u00e0 l\u2019occasion du 20\u00e8me anniversaire de l\u2019\u00c9cole Autochtone Mamawi Atosketan, les parents ont regard\u00e9 leurs enfants faire des danses traditionnelles dans des tenues color\u00e9es. [Photo : Mishell Raedeke]<\/p><\/div>\n<h4>L\u2019\u00c9cole Autochtone Mamawi Atosketan est une institution adventiste qui se trouve dans l\u2019Alberta, au Canada.<\/h4>\n<p>18 Juin 2023 | Lynn McDowell, Actualit\u00e9s de la Division Nord-Am\u00e9ricaine<\/p>\n<p>La satisfaction \u00e9tait palpable lors de la journ\u00e9e portes ouvertes du 20\u00e8me anniversaire de l\u2019\u00c9cole Autochtone Mamawi Atosketan (MANS) \u00e0 Maskwacis, dans l\u2019Alberta, au Canada, alors que les parents regardaient leurs enfants faire des danses traditionnelles dans des costumes color\u00e9s. Le vendredi 12 mai, les parents sont venus en grand nombre, remplissant les places disponibles dans le gymnase de l\u2019\u00e9cole secondaire pour assister \u00e0 la pr\u00e9sentation du savoir-faire et des r\u00e9alisations des \u00e9l\u00e8ves.<\/p>\n<p>Le th\u00e8me du jour \u00e9tait \u00ab C\u2019est Parti ! \u00bb La journ\u00e9e portes ouvertes comprenait un match de volley-ball entre les \u00e9quipes Mamawi Howlers du coll\u00e8ge et du lyc\u00e9e. A noter que chaque \u00e9quipe comprenait un joueur qui participera aux Jeux Autochtones Nord-Am\u00e9ricains (NAIG) en juillet \u2014 Jeresyn Francis, \u00e9l\u00e8ve de 3\u00e8me, et son fr\u00e8re Jerelus, \u00e9l\u00e8ve de 1\u00e8re. Des applaudissements ont retenti depuis les gradins, alors que Jeresyn venait de marquer un point par smash dans l\u2019action la plus m\u00e9morable du match, confirmant qu\u2019il avait m\u00e9rit\u00e9 sa place au sein de l\u2019\u00e9quipe de volley-ball de la NAIG dans sa tranche d\u2019\u00e2ge. Mais \u00e0 la fin, les lyc\u00e9ens sont sortis vainqueurs, men\u00e9s par le capitaine de l\u2019\u00e9quipe, Jerelus.<\/p>\n<p><div id=\"attachment_100365\" style=\"width: 870px\" class=\"wp-caption aligncenter\"><img decoding=\"async\" aria-describedby=\"caption-attachment-100365\" class=\" wp-image-100364\" src=\"https:\/\/interamerica.org\/wp-content\/uploads\/2023\/06\/may12openhouse-mans-167-ca-0-1536x1022-1-1024x681.jpeg\" alt=\"\" width=\"860\" height=\"572\" srcset=\"https:\/\/interamerica.org\/wp-content\/uploads\/2023\/06\/may12openhouse-mans-167-ca-0-1536x1022-1-1024x681.jpeg 1024w, https:\/\/interamerica.org\/wp-content\/uploads\/2023\/06\/may12openhouse-mans-167-ca-0-1536x1022-1-300x200.jpeg 300w, https:\/\/interamerica.org\/wp-content\/uploads\/2023\/06\/may12openhouse-mans-167-ca-0-1536x1022-1-768x511.jpeg 768w, https:\/\/interamerica.org\/wp-content\/uploads\/2023\/06\/may12openhouse-mans-167-ca-0-1536x1022-1.jpeg 1536w\" sizes=\"(max-width: 860px) 100vw, 860px\" \/><p id=\"caption-attachment-100365\" class=\"wp-caption-text\">La journ\u00e9e portes ouvertes du 12 mai \u00e0 l\u2019\u00c9cole Autochtone Mamawi Atosketan comprenait un match de volley-ball entre les \u00e9quipes Mamawi Howlers du coll\u00e8ge et du lyc\u00e9e. [Photo : Mishell Raedeke]<\/p><\/div>Pour parfaire le programme il y a eu des animations \u00e0 la mi-temps faites par des \u00e9tudiants, notamment des percussions autochtones, de la danse et un ensemble de ukul\u00e9l\u00e9s. De plus, les \u00e9l\u00e8ves de la maternelle au CE1 ont jou\u00e9 un mini-match de hockey contre des adultes, qui jouaient \u00e0 genoux. Le spectacle \u00e9tait appropri\u00e9 pour le jalon du 20\u00e8me anniversaire de l\u2019ouverture de l\u2019\u00e9cole qui a \u00e9t\u00e9 nomm\u00e9e par les \u00e9l\u00e8ves qui avaient vot\u00e9 pour un nom tir\u00e9 de leur langue Cree sous la direction de la directrice de l\u2019\u00e9poque, Gail Wilton.<\/p>\n<p>Ce jour-l\u00e0, l\u2019approche diff\u00e9rente du format habituel des week-ends portes ouvertes du MANS a \u00e9t\u00e9 particuli\u00e8rement importante pour amener la c\u00e9l\u00e9bration \u00e0 mettre l\u2019accent davantage sur la communaut\u00e9 Maskwacis. Le choix d\u2019un jour de semaine a donn\u00e9 aux parents et aux membres de la communaut\u00e9 Maskwacis une rare opportunit\u00e9 de voir leurs enfants en action pendant une journ\u00e9e scolaire &#8211; une occasion dont beaucoup ont profit\u00e9. La forte participation a \u00e9galement permis au personnel de la MANS de vendre de la nourriture et des marchandises pour soutenir son programme de distribution de nourriture aux \u00e9l\u00e8ves.<\/p>\n<p>\u00ab C\u2019\u00e9tait incroyable de voir le nombre de personnes venues profiter des festivit\u00e9s. [Les] foules importantes ont contribu\u00e9 \u00e0 donner plus d\u2019\u00e9nergie \u00e0 l\u2019\u00e9cole [afin que nous puissions] vraiment montrer ce que nous avons [\u00e0 offrir], \u00bb a d\u00e9clar\u00e9 le directeur du MANS, Michael Willing.<\/p>\n<p>De tous les parents pr\u00e9sents, aucun parent n\u2019\u00e9tait plus fier que le Chef Vernon Saddleback de la Nation Cree Samson alors qu\u2019il regardait son fils Joshua, un ancien du MANS, et la fille de huit ans de Joshua, Kiya, une \u00e9l\u00e8ve qui fr\u00e9quente actuellement l\u2019\u00e9tablissement, danser avec assurance et finesse &#8211; un hommage au travail de Joshua en tant qu\u2019instructeur pour la section mouvement des classes d\u2019\u00c9tudes Culturelles du MANS.<\/p>\n<p><div id=\"attachment_100368\" style=\"width: 853px\" class=\"wp-caption aligncenter\"><img decoding=\"async\" aria-describedby=\"caption-attachment-100368\" class=\" wp-image-100367\" src=\"https:\/\/interamerica.org\/wp-content\/uploads\/2023\/06\/may12openhouse-mans-22-ca-1024x683.jpeg\" alt=\"\" width=\"843\" height=\"562\" srcset=\"https:\/\/interamerica.org\/wp-content\/uploads\/2023\/06\/may12openhouse-mans-22-ca-1024x683.jpeg 1024w, https:\/\/interamerica.org\/wp-content\/uploads\/2023\/06\/may12openhouse-mans-22-ca-300x200.jpeg 300w, https:\/\/interamerica.org\/wp-content\/uploads\/2023\/06\/may12openhouse-mans-22-ca-768x512.jpeg 768w, https:\/\/interamerica.org\/wp-content\/uploads\/2023\/06\/may12openhouse-mans-22-ca-1536x1024.jpeg 1536w, https:\/\/interamerica.org\/wp-content\/uploads\/2023\/06\/may12openhouse-mans-22-ca.jpeg 1800w\" sizes=\"(max-width: 843px) 100vw, 843px\" \/><p id=\"caption-attachment-100368\" class=\"wp-caption-text\">Un ensemble d\u2019ukul\u00e9l\u00e9 a jou\u00e9 pendant l\u2019animation de la mi-temps lors de la journ\u00e9e portes ouvertes \u00ab C\u2019est Parti ! \u00bb \u00e0 l\u2019occasion du 20\u00e8me anniversaire de l\u2019\u00c9cole Autochtone Mamawi Atosketan. [Photo : Mishell Raedeke]<\/p><\/div>\u00ab Comment aurais-je pu laisser passer l\u2019occasion de danser avec ma fille ? \u00bb a dit Joshua en r\u00e9ponse \u00e0 la question de savoir pourquoi il avait accept\u00e9 d\u2019aider suite \u00e0 la demande de Janice Clark, enseignante dans la section \u00c9tudes Culturelles.<\/p>\n<p>L\u2019engagement de Joshua \u00e0 redonner en reconnaissance \u00e0 l\u2019\u00e9cole o\u00f9 il a \u00e9tudi\u00e9, t\u00e9moigne de son impact sur une communaut\u00e9 historiquement marginalis\u00e9e et opprim\u00e9e. Actuellement, MANS propose \u00e0 plus de 200 jeunes des Premi\u00e8res Nations des quatre groupes des Maskwacis, un environnement d\u2019apprentissage de la maternelle \u00e0 la terminale qui est respectueux de la culture et centr\u00e9 sur le Christ.<\/p>\n<p>Le partenariat parents-enseignants a donn\u00e9 un grand coup de pouce \u00e0 l\u2019\u00e9cole, et durant le programme \u00ab C\u2019est Parti, \u00bb la communaut\u00e9 \u00e9tait \u00e0 la fois divertie et ravie de voir le haut niveau d\u2019exp\u00e9rience d\u2019action traditionnelle \u00e0 laquelle leurs enfants sont expos\u00e9s au MANS, ainsi que les \u00ab Trois R en anglais. \u00bb (C\u2019est-\u00e0-dire la Lecture, l\u2019\u00c9criture et l\u2019Arithm\u00e9tique) du programme d\u2019\u00e9tude gouvernemental.<\/p>\n<p>La <a href=\"https:\/\/www.nadadventist.org\/news\/seventh-day-adventist-churchs-largest-indigenous-school-north-america-celebrates-20th\">version originale<\/a> de cet article a \u00e9t\u00e9 publi\u00e9e sur le <a href=\"https:\/\/www.nadadventist.org\/news\">site d&rsquo;informations<\/a>de la Division Nord-Am\u00e9ricaine.<\/p>\n<p>&nbsp;<\/p>\n<p>Traduction: Patrick Luciathe<\/p>\n","protected":false},"excerpt":{"rendered":"<p>L\u2019\u00c9cole Autochtone Mamawi Atosketan est une institution adventiste qui se trouve dans l\u2019Alberta, au Canada. 18 Juin 2023 | Lynn McDowell, Actualit\u00e9s de la Division Nord-Am\u00e9ricaine La satisfaction \u00e9tait palpable&#8230;<\/p>\n","protected":false},"author":3,"featured_media":100359,"comment_status":"closed","ping_status":"closed","sticky":false,"template":"","format":"standard","meta":{"_acf_changed":false,"footnotes":""},"categories":[18,19],"tags":[],"class_list":["post-100372","post","type-post","status-publish","format-standard","has-post-thumbnail","hentry","category-nouvelles-de-leglise-mondiale","category-rss-francais"],"acf":[],"yoast_head":"<!-- This site is optimized with the Yoast SEO plugin v27.3 - https:\/\/yoast.com\/product\/yoast-seo-wordpress\/ -->\n<title>La plus grande \u00e9cole autochtone d\u2019Am\u00e9rique du Nord c\u00e9l\u00e8bre son 20\u00e8me anniversaire - \u00c9glise Adventiste Du Septieme Jour - Inter Am\u00e9rique Division<\/title>\n<meta name=\"robots\" content=\"index, follow, max-snippet:-1, max-image-preview:large, max-video-preview:-1\" \/>\n<link rel=\"canonical\" href=\"https:\/\/interamerica.org\/fr\/2023\/06\/la-plus-grande-ecole-autochtone-damerique-du-nord-celebre-son-20eme-anniversaire\/\" \/>\n<meta property=\"og:locale\" content=\"fr_FR\" \/>\n<meta property=\"og:type\" content=\"article\" \/>\n<meta property=\"og:title\" content=\"La plus grande \u00e9cole autochtone d\u2019Am\u00e9rique du Nord c\u00e9l\u00e8bre son 20\u00e8me anniversaire - \u00c9glise Adventiste Du Septieme Jour - Inter Am\u00e9rique Division\" \/>\n<meta property=\"og:description\" content=\"L\u2019\u00c9cole Autochtone Mamawi Atosketan est une institution adventiste qui se trouve dans l\u2019Alberta, au Canada. 18 Juin 2023 | Lynn McDowell, Actualit\u00e9s de la Division Nord-Am\u00e9ricaine La satisfaction \u00e9tait palpable...\" \/>\n<meta property=\"og:url\" content=\"https:\/\/interamerica.org\/fr\/2023\/06\/la-plus-grande-ecole-autochtone-damerique-du-nord-celebre-son-20eme-anniversaire\/\" \/>\n<meta property=\"og:site_name\" content=\"\u00c9glise Adventiste Du Septieme Jour - Inter Am\u00e9rique Division\" \/>\n<meta property=\"article:published_time\" content=\"2023-06-18T20:00:23+00:00\" \/>\n<meta property=\"article:modified_time\" content=\"2023-06-20T13:50:42+00:00\" \/>\n<meta property=\"og:image\" content=\"https:\/\/interamerica.org\/wp-content\/uploads\/2023\/06\/may12openhouse-mans-85-ca.jpeg\" \/>\n\t<meta property=\"og:image:width\" content=\"1800\" \/>\n\t<meta property=\"og:image:height\" content=\"1200\" \/>\n\t<meta property=\"og:image:type\" content=\"image\/jpeg\" \/>\n<meta name=\"author\" content=\"libna\" \/>\n<meta name=\"twitter:card\" content=\"summary_large_image\" \/>\n<meta name=\"twitter:label1\" content=\"\u00c9crit par\" \/>\n\t<meta name=\"twitter:data1\" content=\"libna\" \/>\n\t<meta name=\"twitter:label2\" content=\"Dur\u00e9e de lecture estim\u00e9e\" \/>\n\t<meta name=\"twitter:data2\" content=\"5 minutes\" \/>\n<script type=\"application\/ld+json\" class=\"yoast-schema-graph\">{\"@context\":\"https:\\\/\\\/schema.org\",\"@graph\":[{\"@type\":\"Article\",\"@id\":\"https:\\\/\\\/interamerica.org\\\/fr\\\/2023\\\/06\\\/la-plus-grande-ecole-autochtone-damerique-du-nord-celebre-son-20eme-anniversaire\\\/#article\",\"isPartOf\":{\"@id\":\"https:\\\/\\\/interamerica.org\\\/fr\\\/2023\\\/06\\\/la-plus-grande-ecole-autochtone-damerique-du-nord-celebre-son-20eme-anniversaire\\\/\"},\"author\":{\"name\":\"libna\",\"@id\":\"https:\\\/\\\/interamerica.org\\\/fr\\\/#\\\/schema\\\/person\\\/29998f2bc2d8bd0d38662909289b54f1\"},\"headline\":\"La plus grande \u00e9cole autochtone d\u2019Am\u00e9rique du Nord c\u00e9l\u00e8bre son 20\u00e8me anniversaire\",\"datePublished\":\"2023-06-18T20:00:23+00:00\",\"dateModified\":\"2023-06-20T13:50:42+00:00\",\"mainEntityOfPage\":{\"@id\":\"https:\\\/\\\/interamerica.org\\\/fr\\\/2023\\\/06\\\/la-plus-grande-ecole-autochtone-damerique-du-nord-celebre-son-20eme-anniversaire\\\/\"},\"wordCount\":901,\"image\":{\"@id\":\"https:\\\/\\\/interamerica.org\\\/fr\\\/2023\\\/06\\\/la-plus-grande-ecole-autochtone-damerique-du-nord-celebre-son-20eme-anniversaire\\\/#primaryimage\"},\"thumbnailUrl\":\"https:\\\/\\\/interamerica.org\\\/wp-content\\\/uploads\\\/2023\\\/06\\\/may12openhouse-mans-85-ca.jpeg\",\"articleSection\":[\"Nouvelles de l'\u00c9glise mondiale\",\"RSS Fran\u00e7ais\"],\"inLanguage\":\"fr-FR\"},{\"@type\":\"WebPage\",\"@id\":\"https:\\\/\\\/interamerica.org\\\/fr\\\/2023\\\/06\\\/la-plus-grande-ecole-autochtone-damerique-du-nord-celebre-son-20eme-anniversaire\\\/\",\"url\":\"https:\\\/\\\/interamerica.org\\\/fr\\\/2023\\\/06\\\/la-plus-grande-ecole-autochtone-damerique-du-nord-celebre-son-20eme-anniversaire\\\/\",\"name\":\"La plus grande \u00e9cole autochtone d\u2019Am\u00e9rique du Nord c\u00e9l\u00e8bre son 20\u00e8me anniversaire - \u00c9glise Adventiste Du Septieme Jour - Inter Am\u00e9rique Division\",\"isPartOf\":{\"@id\":\"https:\\\/\\\/interamerica.org\\\/fr\\\/#website\"},\"primaryImageOfPage\":{\"@id\":\"https:\\\/\\\/interamerica.org\\\/fr\\\/2023\\\/06\\\/la-plus-grande-ecole-autochtone-damerique-du-nord-celebre-son-20eme-anniversaire\\\/#primaryimage\"},\"image\":{\"@id\":\"https:\\\/\\\/interamerica.org\\\/fr\\\/2023\\\/06\\\/la-plus-grande-ecole-autochtone-damerique-du-nord-celebre-son-20eme-anniversaire\\\/#primaryimage\"},\"thumbnailUrl\":\"https:\\\/\\\/interamerica.org\\\/wp-content\\\/uploads\\\/2023\\\/06\\\/may12openhouse-mans-85-ca.jpeg\",\"datePublished\":\"2023-06-18T20:00:23+00:00\",\"dateModified\":\"2023-06-20T13:50:42+00:00\",\"author\":{\"@id\":\"https:\\\/\\\/interamerica.org\\\/fr\\\/#\\\/schema\\\/person\\\/29998f2bc2d8bd0d38662909289b54f1\"},\"breadcrumb\":{\"@id\":\"https:\\\/\\\/interamerica.org\\\/fr\\\/2023\\\/06\\\/la-plus-grande-ecole-autochtone-damerique-du-nord-celebre-son-20eme-anniversaire\\\/#breadcrumb\"},\"inLanguage\":\"fr-FR\",\"potentialAction\":[{\"@type\":\"ReadAction\",\"target\":[\"https:\\\/\\\/interamerica.org\\\/fr\\\/2023\\\/06\\\/la-plus-grande-ecole-autochtone-damerique-du-nord-celebre-son-20eme-anniversaire\\\/\"]}]},{\"@type\":\"ImageObject\",\"inLanguage\":\"fr-FR\",\"@id\":\"https:\\\/\\\/interamerica.org\\\/fr\\\/2023\\\/06\\\/la-plus-grande-ecole-autochtone-damerique-du-nord-celebre-son-20eme-anniversaire\\\/#primaryimage\",\"url\":\"https:\\\/\\\/interamerica.org\\\/wp-content\\\/uploads\\\/2023\\\/06\\\/may12openhouse-mans-85-ca.jpeg\",\"contentUrl\":\"https:\\\/\\\/interamerica.org\\\/wp-content\\\/uploads\\\/2023\\\/06\\\/may12openhouse-mans-85-ca.jpeg\",\"width\":1800,\"height\":1200,\"caption\":\"On May 12, at the 20th-anniversary open house of Mamawi Atosketan Native School, parents watched their children doing traditional steps in colorful regalia. [Photo: Mishell Raedeke]\"},{\"@type\":\"BreadcrumbList\",\"@id\":\"https:\\\/\\\/interamerica.org\\\/fr\\\/2023\\\/06\\\/la-plus-grande-ecole-autochtone-damerique-du-nord-celebre-son-20eme-anniversaire\\\/#breadcrumb\",\"itemListElement\":[{\"@type\":\"ListItem\",\"position\":1,\"name\":\"Home\",\"item\":\"https:\\\/\\\/interamerica.org\\\/fr\\\/\"},{\"@type\":\"ListItem\",\"position\":2,\"name\":\"La plus grande \u00e9cole autochtone d\u2019Am\u00e9rique du Nord c\u00e9l\u00e8bre son 20\u00e8me anniversaire\"}]},{\"@type\":\"WebSite\",\"@id\":\"https:\\\/\\\/interamerica.org\\\/fr\\\/#website\",\"url\":\"https:\\\/\\\/interamerica.org\\\/fr\\\/\",\"name\":\"\u00c9glise Adventiste Du Septieme Jour - Inter Am\u00e9rique Division\",\"description\":\"\",\"potentialAction\":[{\"@type\":\"SearchAction\",\"target\":{\"@type\":\"EntryPoint\",\"urlTemplate\":\"https:\\\/\\\/interamerica.org\\\/fr\\\/?s={search_term_string}\"},\"query-input\":{\"@type\":\"PropertyValueSpecification\",\"valueRequired\":true,\"valueName\":\"search_term_string\"}}],\"inLanguage\":\"fr-FR\"},{\"@type\":\"Person\",\"@id\":\"https:\\\/\\\/interamerica.org\\\/fr\\\/#\\\/schema\\\/person\\\/29998f2bc2d8bd0d38662909289b54f1\",\"name\":\"libna\",\"image\":{\"@type\":\"ImageObject\",\"inLanguage\":\"fr-FR\",\"@id\":\"https:\\\/\\\/secure.gravatar.com\\\/avatar\\\/7c5bd30ae4b47a9ba3c856590957fd1d96dc588bf3ac05719d247e126840331f?s=96&d=mm&r=g\",\"url\":\"https:\\\/\\\/secure.gravatar.com\\\/avatar\\\/7c5bd30ae4b47a9ba3c856590957fd1d96dc588bf3ac05719d247e126840331f?s=96&d=mm&r=g\",\"contentUrl\":\"https:\\\/\\\/secure.gravatar.com\\\/avatar\\\/7c5bd30ae4b47a9ba3c856590957fd1d96dc588bf3ac05719d247e126840331f?s=96&d=mm&r=g\",\"caption\":\"libna\"}}]}<\/script>\n<!-- \/ Yoast SEO plugin. -->","yoast_head_json":{"title":"La plus grande \u00e9cole autochtone d\u2019Am\u00e9rique du Nord c\u00e9l\u00e8bre son 20\u00e8me anniversaire - \u00c9glise Adventiste Du Septieme Jour - Inter Am\u00e9rique Division","robots":{"index":"index","follow":"follow","max-snippet":"max-snippet:-1","max-image-preview":"max-image-preview:large","max-video-preview":"max-video-preview:-1"},"canonical":"https:\/\/interamerica.org\/fr\/2023\/06\/la-plus-grande-ecole-autochtone-damerique-du-nord-celebre-son-20eme-anniversaire\/","og_locale":"fr_FR","og_type":"article","og_title":"La plus grande \u00e9cole autochtone d\u2019Am\u00e9rique du Nord c\u00e9l\u00e8bre son 20\u00e8me anniversaire - \u00c9glise Adventiste Du Septieme Jour - Inter Am\u00e9rique Division","og_description":"L\u2019\u00c9cole Autochtone Mamawi Atosketan est une institution adventiste qui se trouve dans l\u2019Alberta, au Canada. 18 Juin 2023 | Lynn McDowell, Actualit\u00e9s de la Division Nord-Am\u00e9ricaine La satisfaction \u00e9tait palpable...","og_url":"https:\/\/interamerica.org\/fr\/2023\/06\/la-plus-grande-ecole-autochtone-damerique-du-nord-celebre-son-20eme-anniversaire\/","og_site_name":"\u00c9glise Adventiste Du Septieme Jour - Inter Am\u00e9rique Division","article_published_time":"2023-06-18T20:00:23+00:00","article_modified_time":"2023-06-20T13:50:42+00:00","og_image":[{"width":1800,"height":1200,"url":"https:\/\/interamerica.org\/wp-content\/uploads\/2023\/06\/may12openhouse-mans-85-ca.jpeg","type":"image\/jpeg"}],"author":"libna","twitter_card":"summary_large_image","twitter_misc":{"\u00c9crit par":"libna","Dur\u00e9e de lecture estim\u00e9e":"5 minutes"},"schema":{"@context":"https:\/\/schema.org","@graph":[{"@type":"Article","@id":"https:\/\/interamerica.org\/fr\/2023\/06\/la-plus-grande-ecole-autochtone-damerique-du-nord-celebre-son-20eme-anniversaire\/#article","isPartOf":{"@id":"https:\/\/interamerica.org\/fr\/2023\/06\/la-plus-grande-ecole-autochtone-damerique-du-nord-celebre-son-20eme-anniversaire\/"},"author":{"name":"libna","@id":"https:\/\/interamerica.org\/fr\/#\/schema\/person\/29998f2bc2d8bd0d38662909289b54f1"},"headline":"La plus grande \u00e9cole autochtone d\u2019Am\u00e9rique du Nord c\u00e9l\u00e8bre son 20\u00e8me anniversaire","datePublished":"2023-06-18T20:00:23+00:00","dateModified":"2023-06-20T13:50:42+00:00","mainEntityOfPage":{"@id":"https:\/\/interamerica.org\/fr\/2023\/06\/la-plus-grande-ecole-autochtone-damerique-du-nord-celebre-son-20eme-anniversaire\/"},"wordCount":901,"image":{"@id":"https:\/\/interamerica.org\/fr\/2023\/06\/la-plus-grande-ecole-autochtone-damerique-du-nord-celebre-son-20eme-anniversaire\/#primaryimage"},"thumbnailUrl":"https:\/\/interamerica.org\/wp-content\/uploads\/2023\/06\/may12openhouse-mans-85-ca.jpeg","articleSection":["Nouvelles de l'\u00c9glise mondiale","RSS Fran\u00e7ais"],"inLanguage":"fr-FR"},{"@type":"WebPage","@id":"https:\/\/interamerica.org\/fr\/2023\/06\/la-plus-grande-ecole-autochtone-damerique-du-nord-celebre-son-20eme-anniversaire\/","url":"https:\/\/interamerica.org\/fr\/2023\/06\/la-plus-grande-ecole-autochtone-damerique-du-nord-celebre-son-20eme-anniversaire\/","name":"La plus grande \u00e9cole autochtone d\u2019Am\u00e9rique du Nord c\u00e9l\u00e8bre son 20\u00e8me anniversaire - \u00c9glise Adventiste Du Septieme Jour - Inter Am\u00e9rique Division","isPartOf":{"@id":"https:\/\/interamerica.org\/fr\/#website"},"primaryImageOfPage":{"@id":"https:\/\/interamerica.org\/fr\/2023\/06\/la-plus-grande-ecole-autochtone-damerique-du-nord-celebre-son-20eme-anniversaire\/#primaryimage"},"image":{"@id":"https:\/\/interamerica.org\/fr\/2023\/06\/la-plus-grande-ecole-autochtone-damerique-du-nord-celebre-son-20eme-anniversaire\/#primaryimage"},"thumbnailUrl":"https:\/\/interamerica.org\/wp-content\/uploads\/2023\/06\/may12openhouse-mans-85-ca.jpeg","datePublished":"2023-06-18T20:00:23+00:00","dateModified":"2023-06-20T13:50:42+00:00","author":{"@id":"https:\/\/interamerica.org\/fr\/#\/schema\/person\/29998f2bc2d8bd0d38662909289b54f1"},"breadcrumb":{"@id":"https:\/\/interamerica.org\/fr\/2023\/06\/la-plus-grande-ecole-autochtone-damerique-du-nord-celebre-son-20eme-anniversaire\/#breadcrumb"},"inLanguage":"fr-FR","potentialAction":[{"@type":"ReadAction","target":["https:\/\/interamerica.org\/fr\/2023\/06\/la-plus-grande-ecole-autochtone-damerique-du-nord-celebre-son-20eme-anniversaire\/"]}]},{"@type":"ImageObject","inLanguage":"fr-FR","@id":"https:\/\/interamerica.org\/fr\/2023\/06\/la-plus-grande-ecole-autochtone-damerique-du-nord-celebre-son-20eme-anniversaire\/#primaryimage","url":"https:\/\/interamerica.org\/wp-content\/uploads\/2023\/06\/may12openhouse-mans-85-ca.jpeg","contentUrl":"https:\/\/interamerica.org\/wp-content\/uploads\/2023\/06\/may12openhouse-mans-85-ca.jpeg","width":1800,"height":1200,"caption":"On May 12, at the 20th-anniversary open house of Mamawi Atosketan Native School, parents watched their children doing traditional steps in colorful regalia. [Photo: Mishell Raedeke]"},{"@type":"BreadcrumbList","@id":"https:\/\/interamerica.org\/fr\/2023\/06\/la-plus-grande-ecole-autochtone-damerique-du-nord-celebre-son-20eme-anniversaire\/#breadcrumb","itemListElement":[{"@type":"ListItem","position":1,"name":"Home","item":"https:\/\/interamerica.org\/fr\/"},{"@type":"ListItem","position":2,"name":"La plus grande \u00e9cole autochtone d\u2019Am\u00e9rique du Nord c\u00e9l\u00e8bre son 20\u00e8me anniversaire"}]},{"@type":"WebSite","@id":"https:\/\/interamerica.org\/fr\/#website","url":"https:\/\/interamerica.org\/fr\/","name":"\u00c9glise Adventiste Du Septieme Jour - Inter Am\u00e9rique Division","description":"","potentialAction":[{"@type":"SearchAction","target":{"@type":"EntryPoint","urlTemplate":"https:\/\/interamerica.org\/fr\/?s={search_term_string}"},"query-input":{"@type":"PropertyValueSpecification","valueRequired":true,"valueName":"search_term_string"}}],"inLanguage":"fr-FR"},{"@type":"Person","@id":"https:\/\/interamerica.org\/fr\/#\/schema\/person\/29998f2bc2d8bd0d38662909289b54f1","name":"libna","image":{"@type":"ImageObject","inLanguage":"fr-FR","@id":"https:\/\/secure.gravatar.com\/avatar\/7c5bd30ae4b47a9ba3c856590957fd1d96dc588bf3ac05719d247e126840331f?s=96&d=mm&r=g","url":"https:\/\/secure.gravatar.com\/avatar\/7c5bd30ae4b47a9ba3c856590957fd1d96dc588bf3ac05719d247e126840331f?s=96&d=mm&r=g","contentUrl":"https:\/\/secure.gravatar.com\/avatar\/7c5bd30ae4b47a9ba3c856590957fd1d96dc588bf3ac05719d247e126840331f?s=96&d=mm&r=g","caption":"libna"}}]}},"_links":{"self":[{"href":"https:\/\/interamerica.org\/fr\/wp-json\/wp\/v2\/posts\/100372","targetHints":{"allow":["GET"]}}],"collection":[{"href":"https:\/\/interamerica.org\/fr\/wp-json\/wp\/v2\/posts"}],"about":[{"href":"https:\/\/interamerica.org\/fr\/wp-json\/wp\/v2\/types\/post"}],"author":[{"embeddable":true,"href":"https:\/\/interamerica.org\/fr\/wp-json\/wp\/v2\/users\/3"}],"replies":[{"embeddable":true,"href":"https:\/\/interamerica.org\/fr\/wp-json\/wp\/v2\/comments?post=100372"}],"version-history":[{"count":0,"href":"https:\/\/interamerica.org\/fr\/wp-json\/wp\/v2\/posts\/100372\/revisions"}],"wp:featuredmedia":[{"embeddable":true,"href":"https:\/\/interamerica.org\/fr\/wp-json\/wp\/v2\/media\/100359"}],"wp:attachment":[{"href":"https:\/\/interamerica.org\/fr\/wp-json\/wp\/v2\/media?parent=100372"}],"wp:term":[{"taxonomy":"category","embeddable":true,"href":"https:\/\/interamerica.org\/fr\/wp-json\/wp\/v2\/categories?post=100372"},{"taxonomy":"post_tag","embeddable":true,"href":"https:\/\/interamerica.org\/fr\/wp-json\/wp\/v2\/tags?post=100372"}],"curies":[{"name":"wp","href":"https:\/\/api.w.org\/{rel}","templated":true}]}}