{"id":100374,"date":"2023-06-19T15:21:51","date_gmt":"2023-06-19T19:21:51","guid":{"rendered":"https:\/\/interamerica.org\/?p=100374"},"modified":"2023-06-20T09:51:09","modified_gmt":"2023-06-20T13:51:09","slug":"les-eleves-dune-ecole-adventiste-bresilienne-donnent-de-la-nourriture-pour-animaux-a-des-ong","status":"publish","type":"post","link":"https:\/\/interamerica.org\/fr\/2023\/06\/les-eleves-dune-ecole-adventiste-bresilienne-donnent-de-la-nourriture-pour-animaux-a-des-ong\/","title":{"rendered":"Les \u00e9l\u00e8ves d\u2019une \u00e9cole adventiste br\u00e9silienne donnent de la nourriture pour animaux \u00e0 des ONG"},"content":{"rendered":"<div id=\"attachment_100339\" style=\"width: 891px\" class=\"wp-caption aligncenter\"><img fetchpriority=\"high\" decoding=\"async\" aria-describedby=\"caption-attachment-100339\" class=\" wp-image-100338\" src=\"https:\/\/interamerica.org\/wp-content\/uploads\/2023\/06\/brazil-petfood-1024x682.jpeg\" alt=\"\" width=\"881\" height=\"587\" srcset=\"https:\/\/interamerica.org\/wp-content\/uploads\/2023\/06\/brazil-petfood-1024x682.jpeg 1024w, https:\/\/interamerica.org\/wp-content\/uploads\/2023\/06\/brazil-petfood-300x200.jpeg 300w, https:\/\/interamerica.org\/wp-content\/uploads\/2023\/06\/brazil-petfood-768x512.jpeg 768w, https:\/\/interamerica.org\/wp-content\/uploads\/2023\/06\/brazil-petfood-1536x1023.jpeg 1536w, https:\/\/interamerica.org\/wp-content\/uploads\/2023\/06\/brazil-petfood.jpeg 1600w\" sizes=\"(max-width: 881px) 100vw, 881px\" \/><p id=\"caption-attachment-100339\" class=\"wp-caption-text\"><span style=\"font-weight: 400;\">Des \u00e9l\u00e8ves et leurs parents ont donn\u00e9 de la nourriture pour animaux domestiques et ont emmen\u00e9 leurs animaux jouer dans un square du centre-ville de Joinville, dans l\u2019\u00c9tat br\u00e9silien de Santa Catarina. [Une photo de Paulo Ribeiro]<\/span><\/p><\/div>\n<h4><b>Selon les dirigeants, l\u2019initiative a aid\u00e9 les enfants \u00e0 apprendre \u00e0 penser aux autres et \u00e0 prendre soin d\u2019eux.<\/b><\/h4>\n<h4><span style=\"font-weight: 400;\">Le 17 juin 2023 | Paulo Ribeiro, Division sud-am\u00e9ricaine et <\/span><i><span style=\"font-weight: 400;\">Adventist Review<\/span><\/i><\/h4>\n<p><span style=\"font-weight: 400;\">Ceux qui ont travers\u00e9 le square Dario Salles, au centre-ville de Joinville, dans l\u2019\u00c9tat de Santa Catarina, au Br\u00e9sil, le matin du 4\u00a0juin, ont remarqu\u00e9 des activit\u00e9s inhabituelles. En effet, il y avait des dizaines de chiens et de chats ainsi que quelques lapins et hamsters.<\/span><\/p>\n<p><span style=\"font-weight: 400;\">Les animaux \u00e9taient avec leurs ma\u00eetres, qui \u00e9taient sur place ce dimanche matin l\u00e0 pour une heureuse Journ\u00e9e des animaux domestiques, organis\u00e9e et encourag\u00e9e par l\u2019\u00e9cole adventiste de Joinville \u2014 Saguacu. L\u2019objectif? Recueillir des rations de nourriture pour animaux domestiques afin de les offrir \u00e0 deux organisations non gouvernementales (ONG) locales qui s\u2019efforcent de prot\u00e9ger les animaux domestiques dans la r\u00e9gion.<\/span><\/p>\n<p><span style=\"font-weight: 400;\">Nara Falc\u00e3o, directrice de l\u2019\u00e9cole adventiste de Joinville \u2014 Saguacu, a mentionn\u00e9 que le projet de collecte avait commenc\u00e9 un mois auparavant. \u00ab\u00a0Il implique la participation des parents, des \u00e9l\u00e8ves et d\u2019autres b\u00e9n\u00e9voles, a-t-elle expliqu\u00e9. Et c\u2019est ici, au square, que nous tenons le dernier \u00e9v\u00e9nement de la campagne de cette ann\u00e9e.\u00a0\u00bb<\/span><\/p>\n<p><div id=\"attachment_100342\" style=\"width: 857px\" class=\"wp-caption aligncenter\"><img decoding=\"async\" aria-describedby=\"caption-attachment-100342\" class=\" wp-image-100341\" src=\"https:\/\/interamerica.org\/wp-content\/uploads\/2023\/06\/brazil-petfood-checkups-1024x682.jpeg\" alt=\"\" width=\"847\" height=\"564\" srcset=\"https:\/\/interamerica.org\/wp-content\/uploads\/2023\/06\/brazil-petfood-checkups-1024x682.jpeg 1024w, https:\/\/interamerica.org\/wp-content\/uploads\/2023\/06\/brazil-petfood-checkups-300x200.jpeg 300w, https:\/\/interamerica.org\/wp-content\/uploads\/2023\/06\/brazil-petfood-checkups-768x512.jpeg 768w, https:\/\/interamerica.org\/wp-content\/uploads\/2023\/06\/brazil-petfood-checkups-1536x1023.jpeg 1536w, https:\/\/interamerica.org\/wp-content\/uploads\/2023\/06\/brazil-petfood-checkups.jpeg 1600w\" sizes=\"(max-width: 847px) 100vw, 847px\" \/><p id=\"caption-attachment-100342\" class=\"wp-caption-text\"><span style=\"font-weight: 400;\">Une v\u00e9t\u00e9rinaire examine l\u2019un des animaux pr\u00e9sents lors de l\u2019\u00e9v\u00e9nement de Joinville. [Une photo de Paulo Ribeiro]<\/span><\/p><\/div><b>La participation des \u00e9l\u00e8ves et de leur famille<\/b><\/p>\n<p><span style=\"font-weight: 400;\">Luana Ribeiro est la m\u00e8re de l\u2019un des \u00e9l\u00e8ves qui a d\u00e9cid\u00e9 de participer et de recueillir de la nourriture pour la campagne de la Journ\u00e9e des animaux domestiques. \u00ab\u00a0Nous avons amass\u00e9 21\u00a0kilogrammes de nourriture, a-t-elle dit. Je suis entra\u00eeneuse personnelle et mon fils a enregistr\u00e9 une vid\u00e9o, demandant \u00e0 mes \u00e9l\u00e8ves de contribuer. Certains ont donn\u00e9 de l\u2019argent et d\u2019autres, des sacs de nourriture pour animaux. Mon fils est tr\u00e8s heureux du r\u00e9sultat. Et je pense qu\u2019il s\u2019agit d\u2019une excellente action sociale, parce qu\u2019elle rappelle aux enfants de penser aux autres.\u00a0\u00bb<\/span><\/p>\n<p><span style=\"font-weight: 400;\">Darci Venancio, p\u00e8re de deux enfants, fait \u00e9galement partie des donateurs. Il a un chiot \u00e0 la maison, un animal que ses enfants aiment \u00e9norm\u00e9ment. \u00ab\u00a0Nous savons que de nombreux animaux n\u2019ont pas de maison, a-t-il dit. C\u2019est \u00e9vident que ces dons seront une b\u00e9n\u00e9diction dans la vie de ces animaux. Si chacun de nous aide un peu, \u00e0 la fin, le r\u00e9sultat sera consid\u00e9rable.\u00a0\u00bb<\/span><\/p>\n<img decoding=\"async\" class=\"aligncenter wp-image-100344\" src=\"https:\/\/interamerica.org\/wp-content\/uploads\/2023\/06\/brazil-petfood-collection.jpg\" alt=\"\" width=\"829\" height=\"552\" srcset=\"https:\/\/interamerica.org\/wp-content\/uploads\/2023\/06\/brazil-petfood-collection.jpg 1000w, https:\/\/interamerica.org\/wp-content\/uploads\/2023\/06\/brazil-petfood-collection-300x200.jpg 300w, https:\/\/interamerica.org\/wp-content\/uploads\/2023\/06\/brazil-petfood-collection-768x511.jpg 768w\" sizes=\"(max-width: 829px) 100vw, 829px\" \/>\n<p><b>Des services offerts gratuitement aux animaux<\/b><\/p>\n<p><span style=\"font-weight: 400;\">En plus d\u2019une sortie en famille et de l\u2019interaction avec des animaux domestiques, l\u2019\u00e9v\u00e9nement du 4\u00a0juin au square \u00e9tait l\u2019occasion d\u2019offrir des services gratuits pour les animaux. Les gens pouvaient b\u00e9n\u00e9ficier d\u2019une consultation gratuite avec un v\u00e9t\u00e9rinaire, qui examinait les animaux et offrait des conseils aux propri\u00e9taires.<\/span><\/p>\n<p><span style=\"font-weight: 400;\">Les visiteurs ont \u00e9galement re\u00e7u des cadeaux pour les aider \u00e0 mieux prendre soin de leurs animaux domestiques, et leur chien pouvait \u00e9galement s\u2019exercer sur un parcours d\u2019agilit\u00e9. Le parcours comprenait divers obstacles et \u00e9quipements destin\u00e9s sp\u00e9cifiquement \u00e0 l\u2019exercice et au d\u00e9veloppement de nouvelles habilet\u00e9s.<\/span><\/p>\n<h5><img loading=\"lazy\" decoding=\"async\" class=\" wp-image-100347\" src=\"https:\/\/interamerica.org\/wp-content\/uploads\/2023\/06\/brazil-ped-rabbit.jpg\" alt=\"\" width=\"825\" height=\"550\" srcset=\"https:\/\/interamerica.org\/wp-content\/uploads\/2023\/06\/brazil-ped-rabbit.jpg 1000w, https:\/\/interamerica.org\/wp-content\/uploads\/2023\/06\/brazil-ped-rabbit-300x200.jpg 300w, https:\/\/interamerica.org\/wp-content\/uploads\/2023\/06\/brazil-ped-rabbit-768x511.jpg 768w\" sizes=\"(max-width: 825px) 100vw, 825px\" \/><span style=\"font-weight: 400;\">Certains \u00e9l\u00e8ves ont aussi amen\u00e9 leurs lapins et leurs hamsters \u00e0 l\u2019\u00e9v\u00e9nement du square de Joinville. [Une photo de Paulo Ribeiro]<\/span><\/h5>\n<p><span style=\"font-weight: 400;\">Turma do Gatil, l\u2019une des ONG qui recevra une partie des dons recueillis par l\u2019\u00e9cole adventiste, \u00e9tait \u00e9galement sur place, offrant des chatons en adoption. Certaines familles de passage ont donc d\u00e9cid\u00e9 d\u2019adopter un nouvel animal, avec lequel elles sont reparties.<\/span><\/p>\n<p><span style=\"font-weight: 400;\">La <\/span><a href=\"https:\/\/noticias.adventistas.org\/pt\/alunos-levam-pets-para-praca-e-doam-quase-uma-tonelada-de-racao-para-ongs\/\"><span style=\"font-weight: 400;\">version originale<\/span><\/a><span style=\"font-weight: 400;\"> de cet article a \u00e9t\u00e9 publi\u00e9e sur la page en portugais du <\/span><a href=\"https:\/\/noticias.adventistas.org\/pt\/\"><span style=\"font-weight: 400;\">site des actualit\u00e9s<\/span><\/a><span style=\"font-weight: 400;\"> de la Division sud-am\u00e9ricaine.<\/span><\/p>\n<p><span style=\"font-weight: 400;\">Traduction\u00a0: Marie-Mich\u00e8le Robitaille<\/span><\/p>\n","protected":false},"excerpt":{"rendered":"<p>Selon les dirigeants, l\u2019initiative a aid\u00e9 les enfants \u00e0 apprendre \u00e0 penser aux autres et \u00e0 prendre soin d\u2019eux. Le 17 juin 2023 | Paulo Ribeiro, Division sud-am\u00e9ricaine et Adventist&#8230;<\/p>\n","protected":false},"author":3,"featured_media":100339,"comment_status":"closed","ping_status":"closed","sticky":false,"template":"","format":"standard","meta":{"_acf_changed":false,"footnotes":""},"categories":[18,19],"tags":[],"class_list":["post-100374","post","type-post","status-publish","format-standard","has-post-thumbnail","hentry","category-nouvelles-de-leglise-mondiale","category-rss-francais"],"acf":[],"yoast_head":"<!-- This site is optimized with the Yoast SEO plugin v27.3 - https:\/\/yoast.com\/product\/yoast-seo-wordpress\/ -->\n<title>Les \u00e9l\u00e8ves d\u2019une \u00e9cole adventiste br\u00e9silienne donnent de la nourriture pour animaux \u00e0 des ONG - \u00c9glise Adventiste Du Septieme Jour - Inter Am\u00e9rique Division<\/title>\n<meta name=\"robots\" content=\"index, follow, max-snippet:-1, max-image-preview:large, max-video-preview:-1\" \/>\n<link rel=\"canonical\" href=\"https:\/\/interamerica.org\/fr\/2023\/06\/les-eleves-dune-ecole-adventiste-bresilienne-donnent-de-la-nourriture-pour-animaux-a-des-ong\/\" \/>\n<meta property=\"og:locale\" content=\"fr_FR\" \/>\n<meta property=\"og:type\" content=\"article\" \/>\n<meta property=\"og:title\" content=\"Les \u00e9l\u00e8ves d\u2019une \u00e9cole adventiste br\u00e9silienne donnent de la nourriture pour animaux \u00e0 des ONG - \u00c9glise Adventiste Du Septieme Jour - Inter Am\u00e9rique Division\" \/>\n<meta property=\"og:description\" content=\"Selon les dirigeants, l\u2019initiative a aid\u00e9 les enfants \u00e0 apprendre \u00e0 penser aux autres et \u00e0 prendre soin d\u2019eux. Le 17 juin 2023 | Paulo Ribeiro, Division sud-am\u00e9ricaine et Adventist...\" \/>\n<meta property=\"og:url\" content=\"https:\/\/interamerica.org\/fr\/2023\/06\/les-eleves-dune-ecole-adventiste-bresilienne-donnent-de-la-nourriture-pour-animaux-a-des-ong\/\" \/>\n<meta property=\"og:site_name\" content=\"\u00c9glise Adventiste Du Septieme Jour - Inter Am\u00e9rique Division\" \/>\n<meta property=\"article:published_time\" content=\"2023-06-19T19:21:51+00:00\" \/>\n<meta property=\"article:modified_time\" content=\"2023-06-20T13:51:09+00:00\" \/>\n<meta property=\"og:image\" content=\"https:\/\/interamerica.org\/wp-content\/uploads\/2023\/06\/brazil-petfood.jpeg\" \/>\n\t<meta property=\"og:image:width\" content=\"1600\" \/>\n\t<meta property=\"og:image:height\" content=\"1066\" \/>\n\t<meta property=\"og:image:type\" content=\"image\/jpeg\" \/>\n<meta name=\"author\" content=\"libna\" \/>\n<meta name=\"twitter:card\" content=\"summary_large_image\" \/>\n<meta name=\"twitter:label1\" content=\"\u00c9crit par\" \/>\n\t<meta name=\"twitter:data1\" content=\"libna\" \/>\n\t<meta name=\"twitter:label2\" content=\"Dur\u00e9e de lecture estim\u00e9e\" \/>\n\t<meta name=\"twitter:data2\" content=\"4 minutes\" \/>\n<script type=\"application\/ld+json\" class=\"yoast-schema-graph\">{\"@context\":\"https:\\\/\\\/schema.org\",\"@graph\":[{\"@type\":\"Article\",\"@id\":\"https:\\\/\\\/interamerica.org\\\/fr\\\/2023\\\/06\\\/les-eleves-dune-ecole-adventiste-bresilienne-donnent-de-la-nourriture-pour-animaux-a-des-ong\\\/#article\",\"isPartOf\":{\"@id\":\"https:\\\/\\\/interamerica.org\\\/fr\\\/2023\\\/06\\\/les-eleves-dune-ecole-adventiste-bresilienne-donnent-de-la-nourriture-pour-animaux-a-des-ong\\\/\"},\"author\":{\"name\":\"libna\",\"@id\":\"https:\\\/\\\/interamerica.org\\\/fr\\\/#\\\/schema\\\/person\\\/29998f2bc2d8bd0d38662909289b54f1\"},\"headline\":\"Les \u00e9l\u00e8ves d\u2019une \u00e9cole adventiste br\u00e9silienne donnent de la nourriture pour animaux \u00e0 des ONG\",\"datePublished\":\"2023-06-19T19:21:51+00:00\",\"dateModified\":\"2023-06-20T13:51:09+00:00\",\"mainEntityOfPage\":{\"@id\":\"https:\\\/\\\/interamerica.org\\\/fr\\\/2023\\\/06\\\/les-eleves-dune-ecole-adventiste-bresilienne-donnent-de-la-nourriture-pour-animaux-a-des-ong\\\/\"},\"wordCount\":699,\"image\":{\"@id\":\"https:\\\/\\\/interamerica.org\\\/fr\\\/2023\\\/06\\\/les-eleves-dune-ecole-adventiste-bresilienne-donnent-de-la-nourriture-pour-animaux-a-des-ong\\\/#primaryimage\"},\"thumbnailUrl\":\"https:\\\/\\\/interamerica.org\\\/wp-content\\\/uploads\\\/2023\\\/06\\\/brazil-petfood.jpeg\",\"articleSection\":[\"Nouvelles de l'\u00c9glise mondiale\",\"RSS Fran\u00e7ais\"],\"inLanguage\":\"fr-FR\"},{\"@type\":\"WebPage\",\"@id\":\"https:\\\/\\\/interamerica.org\\\/fr\\\/2023\\\/06\\\/les-eleves-dune-ecole-adventiste-bresilienne-donnent-de-la-nourriture-pour-animaux-a-des-ong\\\/\",\"url\":\"https:\\\/\\\/interamerica.org\\\/fr\\\/2023\\\/06\\\/les-eleves-dune-ecole-adventiste-bresilienne-donnent-de-la-nourriture-pour-animaux-a-des-ong\\\/\",\"name\":\"Les \u00e9l\u00e8ves d\u2019une \u00e9cole adventiste br\u00e9silienne donnent de la nourriture pour animaux \u00e0 des ONG - \u00c9glise Adventiste Du Septieme Jour - Inter Am\u00e9rique Division\",\"isPartOf\":{\"@id\":\"https:\\\/\\\/interamerica.org\\\/fr\\\/#website\"},\"primaryImageOfPage\":{\"@id\":\"https:\\\/\\\/interamerica.org\\\/fr\\\/2023\\\/06\\\/les-eleves-dune-ecole-adventiste-bresilienne-donnent-de-la-nourriture-pour-animaux-a-des-ong\\\/#primaryimage\"},\"image\":{\"@id\":\"https:\\\/\\\/interamerica.org\\\/fr\\\/2023\\\/06\\\/les-eleves-dune-ecole-adventiste-bresilienne-donnent-de-la-nourriture-pour-animaux-a-des-ong\\\/#primaryimage\"},\"thumbnailUrl\":\"https:\\\/\\\/interamerica.org\\\/wp-content\\\/uploads\\\/2023\\\/06\\\/brazil-petfood.jpeg\",\"datePublished\":\"2023-06-19T19:21:51+00:00\",\"dateModified\":\"2023-06-20T13:51:09+00:00\",\"author\":{\"@id\":\"https:\\\/\\\/interamerica.org\\\/fr\\\/#\\\/schema\\\/person\\\/29998f2bc2d8bd0d38662909289b54f1\"},\"breadcrumb\":{\"@id\":\"https:\\\/\\\/interamerica.org\\\/fr\\\/2023\\\/06\\\/les-eleves-dune-ecole-adventiste-bresilienne-donnent-de-la-nourriture-pour-animaux-a-des-ong\\\/#breadcrumb\"},\"inLanguage\":\"fr-FR\",\"potentialAction\":[{\"@type\":\"ReadAction\",\"target\":[\"https:\\\/\\\/interamerica.org\\\/fr\\\/2023\\\/06\\\/les-eleves-dune-ecole-adventiste-bresilienne-donnent-de-la-nourriture-pour-animaux-a-des-ong\\\/\"]}]},{\"@type\":\"ImageObject\",\"inLanguage\":\"fr-FR\",\"@id\":\"https:\\\/\\\/interamerica.org\\\/fr\\\/2023\\\/06\\\/les-eleves-dune-ecole-adventiste-bresilienne-donnent-de-la-nourriture-pour-animaux-a-des-ong\\\/#primaryimage\",\"url\":\"https:\\\/\\\/interamerica.org\\\/wp-content\\\/uploads\\\/2023\\\/06\\\/brazil-petfood.jpeg\",\"contentUrl\":\"https:\\\/\\\/interamerica.org\\\/wp-content\\\/uploads\\\/2023\\\/06\\\/brazil-petfood.jpeg\",\"width\":1600,\"height\":1066,\"caption\":\"Students and their parents donated pet food and took their pets to play in a downtown square in Joinville, Santa Catarina, Brazil. [Photo: Paulo Ribeiro]\"},{\"@type\":\"BreadcrumbList\",\"@id\":\"https:\\\/\\\/interamerica.org\\\/fr\\\/2023\\\/06\\\/les-eleves-dune-ecole-adventiste-bresilienne-donnent-de-la-nourriture-pour-animaux-a-des-ong\\\/#breadcrumb\",\"itemListElement\":[{\"@type\":\"ListItem\",\"position\":1,\"name\":\"Home\",\"item\":\"https:\\\/\\\/interamerica.org\\\/fr\\\/\"},{\"@type\":\"ListItem\",\"position\":2,\"name\":\"Les \u00e9l\u00e8ves d\u2019une \u00e9cole adventiste br\u00e9silienne donnent de la nourriture pour animaux \u00e0 des ONG\"}]},{\"@type\":\"WebSite\",\"@id\":\"https:\\\/\\\/interamerica.org\\\/fr\\\/#website\",\"url\":\"https:\\\/\\\/interamerica.org\\\/fr\\\/\",\"name\":\"\u00c9glise Adventiste Du Septieme Jour - Inter Am\u00e9rique Division\",\"description\":\"\",\"potentialAction\":[{\"@type\":\"SearchAction\",\"target\":{\"@type\":\"EntryPoint\",\"urlTemplate\":\"https:\\\/\\\/interamerica.org\\\/fr\\\/?s={search_term_string}\"},\"query-input\":{\"@type\":\"PropertyValueSpecification\",\"valueRequired\":true,\"valueName\":\"search_term_string\"}}],\"inLanguage\":\"fr-FR\"},{\"@type\":\"Person\",\"@id\":\"https:\\\/\\\/interamerica.org\\\/fr\\\/#\\\/schema\\\/person\\\/29998f2bc2d8bd0d38662909289b54f1\",\"name\":\"libna\",\"image\":{\"@type\":\"ImageObject\",\"inLanguage\":\"fr-FR\",\"@id\":\"https:\\\/\\\/secure.gravatar.com\\\/avatar\\\/7c5bd30ae4b47a9ba3c856590957fd1d96dc588bf3ac05719d247e126840331f?s=96&d=mm&r=g\",\"url\":\"https:\\\/\\\/secure.gravatar.com\\\/avatar\\\/7c5bd30ae4b47a9ba3c856590957fd1d96dc588bf3ac05719d247e126840331f?s=96&d=mm&r=g\",\"contentUrl\":\"https:\\\/\\\/secure.gravatar.com\\\/avatar\\\/7c5bd30ae4b47a9ba3c856590957fd1d96dc588bf3ac05719d247e126840331f?s=96&d=mm&r=g\",\"caption\":\"libna\"}}]}<\/script>\n<!-- \/ Yoast SEO plugin. -->","yoast_head_json":{"title":"Les \u00e9l\u00e8ves d\u2019une \u00e9cole adventiste br\u00e9silienne donnent de la nourriture pour animaux \u00e0 des ONG - \u00c9glise Adventiste Du Septieme Jour - Inter Am\u00e9rique Division","robots":{"index":"index","follow":"follow","max-snippet":"max-snippet:-1","max-image-preview":"max-image-preview:large","max-video-preview":"max-video-preview:-1"},"canonical":"https:\/\/interamerica.org\/fr\/2023\/06\/les-eleves-dune-ecole-adventiste-bresilienne-donnent-de-la-nourriture-pour-animaux-a-des-ong\/","og_locale":"fr_FR","og_type":"article","og_title":"Les \u00e9l\u00e8ves d\u2019une \u00e9cole adventiste br\u00e9silienne donnent de la nourriture pour animaux \u00e0 des ONG - \u00c9glise Adventiste Du Septieme Jour - Inter Am\u00e9rique Division","og_description":"Selon les dirigeants, l\u2019initiative a aid\u00e9 les enfants \u00e0 apprendre \u00e0 penser aux autres et \u00e0 prendre soin d\u2019eux. Le 17 juin 2023 | Paulo Ribeiro, Division sud-am\u00e9ricaine et Adventist...","og_url":"https:\/\/interamerica.org\/fr\/2023\/06\/les-eleves-dune-ecole-adventiste-bresilienne-donnent-de-la-nourriture-pour-animaux-a-des-ong\/","og_site_name":"\u00c9glise Adventiste Du Septieme Jour - Inter Am\u00e9rique Division","article_published_time":"2023-06-19T19:21:51+00:00","article_modified_time":"2023-06-20T13:51:09+00:00","og_image":[{"width":1600,"height":1066,"url":"https:\/\/interamerica.org\/wp-content\/uploads\/2023\/06\/brazil-petfood.jpeg","type":"image\/jpeg"}],"author":"libna","twitter_card":"summary_large_image","twitter_misc":{"\u00c9crit par":"libna","Dur\u00e9e de lecture estim\u00e9e":"4 minutes"},"schema":{"@context":"https:\/\/schema.org","@graph":[{"@type":"Article","@id":"https:\/\/interamerica.org\/fr\/2023\/06\/les-eleves-dune-ecole-adventiste-bresilienne-donnent-de-la-nourriture-pour-animaux-a-des-ong\/#article","isPartOf":{"@id":"https:\/\/interamerica.org\/fr\/2023\/06\/les-eleves-dune-ecole-adventiste-bresilienne-donnent-de-la-nourriture-pour-animaux-a-des-ong\/"},"author":{"name":"libna","@id":"https:\/\/interamerica.org\/fr\/#\/schema\/person\/29998f2bc2d8bd0d38662909289b54f1"},"headline":"Les \u00e9l\u00e8ves d\u2019une \u00e9cole adventiste br\u00e9silienne donnent de la nourriture pour animaux \u00e0 des ONG","datePublished":"2023-06-19T19:21:51+00:00","dateModified":"2023-06-20T13:51:09+00:00","mainEntityOfPage":{"@id":"https:\/\/interamerica.org\/fr\/2023\/06\/les-eleves-dune-ecole-adventiste-bresilienne-donnent-de-la-nourriture-pour-animaux-a-des-ong\/"},"wordCount":699,"image":{"@id":"https:\/\/interamerica.org\/fr\/2023\/06\/les-eleves-dune-ecole-adventiste-bresilienne-donnent-de-la-nourriture-pour-animaux-a-des-ong\/#primaryimage"},"thumbnailUrl":"https:\/\/interamerica.org\/wp-content\/uploads\/2023\/06\/brazil-petfood.jpeg","articleSection":["Nouvelles de l'\u00c9glise mondiale","RSS Fran\u00e7ais"],"inLanguage":"fr-FR"},{"@type":"WebPage","@id":"https:\/\/interamerica.org\/fr\/2023\/06\/les-eleves-dune-ecole-adventiste-bresilienne-donnent-de-la-nourriture-pour-animaux-a-des-ong\/","url":"https:\/\/interamerica.org\/fr\/2023\/06\/les-eleves-dune-ecole-adventiste-bresilienne-donnent-de-la-nourriture-pour-animaux-a-des-ong\/","name":"Les \u00e9l\u00e8ves d\u2019une \u00e9cole adventiste br\u00e9silienne donnent de la nourriture pour animaux \u00e0 des ONG - \u00c9glise Adventiste Du Septieme Jour - Inter Am\u00e9rique Division","isPartOf":{"@id":"https:\/\/interamerica.org\/fr\/#website"},"primaryImageOfPage":{"@id":"https:\/\/interamerica.org\/fr\/2023\/06\/les-eleves-dune-ecole-adventiste-bresilienne-donnent-de-la-nourriture-pour-animaux-a-des-ong\/#primaryimage"},"image":{"@id":"https:\/\/interamerica.org\/fr\/2023\/06\/les-eleves-dune-ecole-adventiste-bresilienne-donnent-de-la-nourriture-pour-animaux-a-des-ong\/#primaryimage"},"thumbnailUrl":"https:\/\/interamerica.org\/wp-content\/uploads\/2023\/06\/brazil-petfood.jpeg","datePublished":"2023-06-19T19:21:51+00:00","dateModified":"2023-06-20T13:51:09+00:00","author":{"@id":"https:\/\/interamerica.org\/fr\/#\/schema\/person\/29998f2bc2d8bd0d38662909289b54f1"},"breadcrumb":{"@id":"https:\/\/interamerica.org\/fr\/2023\/06\/les-eleves-dune-ecole-adventiste-bresilienne-donnent-de-la-nourriture-pour-animaux-a-des-ong\/#breadcrumb"},"inLanguage":"fr-FR","potentialAction":[{"@type":"ReadAction","target":["https:\/\/interamerica.org\/fr\/2023\/06\/les-eleves-dune-ecole-adventiste-bresilienne-donnent-de-la-nourriture-pour-animaux-a-des-ong\/"]}]},{"@type":"ImageObject","inLanguage":"fr-FR","@id":"https:\/\/interamerica.org\/fr\/2023\/06\/les-eleves-dune-ecole-adventiste-bresilienne-donnent-de-la-nourriture-pour-animaux-a-des-ong\/#primaryimage","url":"https:\/\/interamerica.org\/wp-content\/uploads\/2023\/06\/brazil-petfood.jpeg","contentUrl":"https:\/\/interamerica.org\/wp-content\/uploads\/2023\/06\/brazil-petfood.jpeg","width":1600,"height":1066,"caption":"Students and their parents donated pet food and took their pets to play in a downtown square in Joinville, Santa Catarina, Brazil. [Photo: Paulo Ribeiro]"},{"@type":"BreadcrumbList","@id":"https:\/\/interamerica.org\/fr\/2023\/06\/les-eleves-dune-ecole-adventiste-bresilienne-donnent-de-la-nourriture-pour-animaux-a-des-ong\/#breadcrumb","itemListElement":[{"@type":"ListItem","position":1,"name":"Home","item":"https:\/\/interamerica.org\/fr\/"},{"@type":"ListItem","position":2,"name":"Les \u00e9l\u00e8ves d\u2019une \u00e9cole adventiste br\u00e9silienne donnent de la nourriture pour animaux \u00e0 des ONG"}]},{"@type":"WebSite","@id":"https:\/\/interamerica.org\/fr\/#website","url":"https:\/\/interamerica.org\/fr\/","name":"\u00c9glise Adventiste Du Septieme Jour - Inter Am\u00e9rique Division","description":"","potentialAction":[{"@type":"SearchAction","target":{"@type":"EntryPoint","urlTemplate":"https:\/\/interamerica.org\/fr\/?s={search_term_string}"},"query-input":{"@type":"PropertyValueSpecification","valueRequired":true,"valueName":"search_term_string"}}],"inLanguage":"fr-FR"},{"@type":"Person","@id":"https:\/\/interamerica.org\/fr\/#\/schema\/person\/29998f2bc2d8bd0d38662909289b54f1","name":"libna","image":{"@type":"ImageObject","inLanguage":"fr-FR","@id":"https:\/\/secure.gravatar.com\/avatar\/7c5bd30ae4b47a9ba3c856590957fd1d96dc588bf3ac05719d247e126840331f?s=96&d=mm&r=g","url":"https:\/\/secure.gravatar.com\/avatar\/7c5bd30ae4b47a9ba3c856590957fd1d96dc588bf3ac05719d247e126840331f?s=96&d=mm&r=g","contentUrl":"https:\/\/secure.gravatar.com\/avatar\/7c5bd30ae4b47a9ba3c856590957fd1d96dc588bf3ac05719d247e126840331f?s=96&d=mm&r=g","caption":"libna"}}]}},"_links":{"self":[{"href":"https:\/\/interamerica.org\/fr\/wp-json\/wp\/v2\/posts\/100374","targetHints":{"allow":["GET"]}}],"collection":[{"href":"https:\/\/interamerica.org\/fr\/wp-json\/wp\/v2\/posts"}],"about":[{"href":"https:\/\/interamerica.org\/fr\/wp-json\/wp\/v2\/types\/post"}],"author":[{"embeddable":true,"href":"https:\/\/interamerica.org\/fr\/wp-json\/wp\/v2\/users\/3"}],"replies":[{"embeddable":true,"href":"https:\/\/interamerica.org\/fr\/wp-json\/wp\/v2\/comments?post=100374"}],"version-history":[{"count":0,"href":"https:\/\/interamerica.org\/fr\/wp-json\/wp\/v2\/posts\/100374\/revisions"}],"wp:featuredmedia":[{"embeddable":true,"href":"https:\/\/interamerica.org\/fr\/wp-json\/wp\/v2\/media\/100339"}],"wp:attachment":[{"href":"https:\/\/interamerica.org\/fr\/wp-json\/wp\/v2\/media?parent=100374"}],"wp:term":[{"taxonomy":"category","embeddable":true,"href":"https:\/\/interamerica.org\/fr\/wp-json\/wp\/v2\/categories?post=100374"},{"taxonomy":"post_tag","embeddable":true,"href":"https:\/\/interamerica.org\/fr\/wp-json\/wp\/v2\/tags?post=100374"}],"curies":[{"name":"wp","href":"https:\/\/api.w.org\/{rel}","templated":true}]}}