{"id":100417,"date":"2023-06-22T09:22:34","date_gmt":"2023-06-22T13:22:34","guid":{"rendered":"https:\/\/interamerica.org\/?p=100417"},"modified":"2023-06-23T21:27:22","modified_gmt":"2023-06-24T01:27:22","slug":"precher-levangile-a-lere-de-lintelligence-artificielle","status":"publish","type":"post","link":"https:\/\/interamerica.org\/fr\/2023\/06\/precher-levangile-a-lere-de-lintelligence-artificielle\/","title":{"rendered":"Pr\u00eacher l\u2019\u00e9vangile \u00e0 l\u2019\u00e8re de l\u2019intelligence artificielle"},"content":{"rendered":"<p><em>Le programme r\u00e9unissant les acteurs adventistes de la communication discute de la mani\u00e8re de faire de l\u2019I.A. une alli\u00e9e de la mission de l\u2019\u00c9glise.<\/em><\/p>\n<p>22 Juin 2023 | Br\u00e9sil | Felipe Lemos, Division Sud-Am\u00e9ricaine et <em>Adventist Review<\/em><\/p>\n<p>L\u2019utilisation et les ressources de l\u2019intelligence artificielle (IA) sont devenues de plus en plus populaires ces derniers temps. Ce qui se limitait auparavant \u00e0 la recherche universitaire et \u00e0 la production cin\u00e9matographique aux accents futuristes s\u2019est absolument rapproch\u00e9 de la vie de tous les jours. Selon <em>Search Logistics<\/em>, \u00ab le march\u00e9 mondial de la technologie de l\u2019I.A. devrait grimper en fl\u00e8che au cours des prochaines ann\u00e9es, atteignant une valeur marchande totale de 190,61 milliards de dollars am\u00e9ricains d\u2019ici 2025. \u00bb[<a href=\"https:\/\/noticias.adventistas.org\/pt\/inteligencia-artificial-a-servico-da-pregacao-do-evangelho\/#_ftn1\">[1]<\/a>\u00a0Selon une \u00e9tude publi\u00e9e par Forbes Advisor, les utilisations les plus populaires de l\u2019I.A. aujourd\u2019hui comprennent la r\u00e9ponse aux messages, les questions financi\u00e8res, la planification d\u2019itin\u00e9raires de voyage et la r\u00e9daction de messages post\u00e9s sur les r\u00e9seaux sociaux.\u00a0<a href=\"https:\/\/noticias.adventistas.org\/pt\/inteligencia-artificial-a-servico-da-pregacao-do-evangelho\/#_ftn2\">[2]<\/a><\/p>\n<p>D\u2019autres analyses des tendances futures semblent indiquer que l\u2019I.A. sera responsable de changements importants dans divers domaines de la vie humaine, comme la sant\u00e9, l\u2019\u00e9ducation et le d\u00e9veloppement humain et social, entre autres. Ils incluent \u00e9galement la religion, qui fait \u00e9galement partie des entit\u00e9s impact\u00e9es par les <em>chatbots<\/em>, g\u00e9n\u00e9rateurs de conversations aliment\u00e9s par des processus de plus en plus sophistiqu\u00e9s.<\/p>\n<p><div id=\"attachment_100411\" style=\"width: 859px\" class=\"wp-caption aligncenter\"><img fetchpriority=\"high\" decoding=\"async\" aria-describedby=\"caption-attachment-100411\" class=\" wp-image-100410\" src=\"https:\/\/interamerica.org\/wp-content\/uploads\/2023\/06\/erick-1024x768.jpeg\" alt=\"\" width=\"849\" height=\"637\" srcset=\"https:\/\/interamerica.org\/wp-content\/uploads\/2023\/06\/erick-1024x768.jpeg 1024w, https:\/\/interamerica.org\/wp-content\/uploads\/2023\/06\/erick-300x225.jpeg 300w, https:\/\/interamerica.org\/wp-content\/uploads\/2023\/06\/erick-768x576.jpeg 768w, https:\/\/interamerica.org\/wp-content\/uploads\/2023\/06\/erick-1536x1152.jpeg 1536w, https:\/\/interamerica.org\/wp-content\/uploads\/2023\/06\/erick.jpeg 2000w\" sizes=\"(max-width: 849px) 100vw, 849px\" \/><p id=\"caption-attachment-100411\" class=\"wp-caption-text\">Les moyens de faire des syst\u00e8mes d\u2019intelligence artificielle des alli\u00e9s pour accomplir la mission de l\u2019\u00c9glise adventiste ont \u00e9t\u00e9 discut\u00e9s lors du programme. [Photo : Actualit\u00e9s de la Division Sud-Am\u00e9ricaine]<\/p><\/div>Les responsables de la communication de l\u2019\u00c9glise adventiste du septi\u00e8me jour venus des trois principales r\u00e9gions des Am\u00e9riques &#8211; Am\u00e9rique du Nord, Am\u00e9rique Centrale et Am\u00e9rique du Sud &#8211; se sont r\u00e9unis pendant quelques jours pour discuter de l\u2019I.A. et de ses intersections avec la mission adventiste consistant \u00e0 pr\u00eacher l\u2019\u00e9vangile au monde entier. Des conf\u00e9rences, des d\u00e9bats et des panels ont amen\u00e9 les participants \u00e0 conclure que, comme les adventistes ne peuvent pas \u00e9chapper \u00e0 l\u2019I.A., ils doivent apprendre \u00e0 en faire une alli\u00e9e.<\/p>\n<p>Ce grand rassemblement de plus de 100 participants, connu sous le nom de R\u00e9seau Mondial Adventiste d\u2019Internet (GAiN), a toujours eu pour objectif de r\u00e9fl\u00e9chir sur la technologie et la communication et sur la fa\u00e7on de les appliquer \u00e0 la mission de l\u2019\u00c9glise adventiste. En 2023, la rencontre de cinq jours a eu lieu \u00e0 Columbia, dans le Maryland, aux \u00c9tats-Unis.<\/p>\n<h4><strong>Intelligence artificielle et \u00e9vang\u00e9lisation<\/strong><\/h4>\n<p>Les solides fondements bibliques qui \u00e9clairent le message pr\u00each\u00e9 par l\u2019\u00c9glise adventiste peuvent \u00eatre exploit\u00e9s gr\u00e2ce \u00e0 l\u2019utilisation de l\u2019I.A., a sugg\u00e9r\u00e9 Emmanuel Arriaga, qui travaille chez Google. Il comprend que l\u2019intelligence artificielle est utile dans le contexte de l\u2019\u00c9glise adventiste pour l\u2019\u00e9laboration de propositions, de documents et pour la recherche. Il a cependant rappel\u00e9 aux participants de GAiN que le d\u00e9veloppement de la plate-forme et des mod\u00e8les am\u00e8ne des discussions \u00e9thiques.<\/p>\n<p>Erick Sperandio Nascimento, professeur d\u2019universit\u00e9 et chercheur, a soulign\u00e9 que les outils de l\u2019I.A. sont des opportunit\u00e9s pour mettre en \u0153uvre des mod\u00e8les de cr\u00e9ation de contenu in\u00e9dits pour \u00e9vang\u00e9liser. Il a mentionn\u00e9, par exemple, l\u2019importance d\u2019utiliser des outils de conseil th\u00e9ologique et des solutions pour les \u00e9tudes bibliques. \u00ab Il est possible de structurer des syst\u00e8mes pour proposer des \u00e9tudes personnalis\u00e9es bas\u00e9es sur les pr\u00e9f\u00e9rences des gens, \u00bb a-t-il d\u00e9clar\u00e9.<\/p>\n<h4><strong>Intelligence appliqu\u00e9e <\/strong><\/h4>\n<p>L\u2019\u00c9glise adventiste a d\u00e9j\u00e0 des applications pratiques pour l\u2019I.A. Un exemple venant d\u2019Am\u00e9rique du Sud est le \u00a0<em>chatbot<\/em>\u00a0ou assistant biblique virtuel appel\u00e9 Hope, con\u00e7u et mis en place il y a six ans. Le syst\u00e8me offre aux personnes une assistance en temps r\u00e9el, en portugais et en espagnol, pour leurs \u00e9tudes. Il poss\u00e8de une base de donn\u00e9es de pr\u00e8s de six mille articles web officiels produits par l\u2019\u00c9glise adventiste, ainsi que 89 manuels de le\u00e7ons de l\u2019\u00c9cole du Sabbat et 63 livres de la cofondatrice de l\u2019\u00c9glise adventiste, Ellen White.<\/p>\n<p>William Timm, coordinateur de l\u2019\u00c9cole Biblique Num\u00e9rique Novo Tempo, a expliqu\u00e9 qu\u2019entre 2019 et 2023, l\u2019outil a aid\u00e9 278422 \u00e9tudiants, dont plus de 40000 rien qu\u2019en 2023. \u00ab Il est possible d\u2019utiliser la technologie d\u2019une mani\u00e8re utile pour l\u2019\u00e9ducation spirituelle des gens, \u00bb a indiqu\u00e9 William Timm. Selon les coordinateurs, des milliers de personnes ont \u00e9t\u00e9 baptis\u00e9es suite \u00e0 cela.<\/p>\n<h4><strong>R\u00e9actions des participants<\/strong><\/h4>\n<p>Pour le directeur de la communication de la Division Sud-Am\u00e9ricaine, Jorge Rampogna, \u00ab des programmes comme [GAiN] nous font r\u00e9fl\u00e9chir \u00e0 la n\u00e9cessit\u00e9 d\u2019utiliser toutes les opportunit\u00e9s possibles de proclamer l\u2019\u00e9vangile et de soutenir la mission. \u00bb Abel M\u00e1rquez, directeur de la communication de la Division Inter Am\u00e9ricaine, a ajout\u00e9 que \u00ab GAiN est un programme qui favorise l\u2019interaction et la cr\u00e9ativit\u00e9 qui nous permet de rester \u00e0 jour en mati\u00e8re d\u2019id\u00e9aux et d\u2019outils pour l\u2019\u00e9vang\u00e9lisation num\u00e9rique. \u00bb<\/p>\n<p>Chrystelle Agboka, responsable de la production des informations pour l\u2019\u00c9glise adventiste dans la Division Nord-Am\u00e9ricaine, a soulign\u00e9 que les avanc\u00e9es technologiques telles que l\u2019IA peuvent rendre le travail encore plus efficace. \u00ab En tant qu\u2019acteurs de la communication, nous avons beaucoup de pouvoir pour fa\u00e7onner l\u2019image institutionnelle de l\u2019\u00c9glise adventiste, pour atteindre les gens \u00e0 l\u2019int\u00e9rieur et \u00e0 l\u2019ext\u00e9rieur de l\u2019\u00e9glise et aider \u00e0 faire des disciples. \u00bb<\/p>\n<p><em>La <\/em><a href=\"https:\/\/noticias.adventistas.org\/pt\/inteligencia-artificial-a-servico-da-pregacao-do-evangelho\/\"><em>version originale<\/em><\/a><em> de cet article a \u00e9t\u00e9 publi\u00e9e sur le <\/em><a href=\"https:\/\/noticias.adventistas.org\/pt\/\"><em>site d\u2019information en langue portugaise <\/em><\/a><em>de la Division Sud-Am\u00e9ricaine.<\/em><\/p>\n<p>Traduction: Patrick Luciathe<\/p>\n","protected":false},"excerpt":{"rendered":"<p>Le programme r\u00e9unissant les acteurs adventistes de la communication discute de la mani\u00e8re de faire de l\u2019I.A. une alli\u00e9e de la mission de l\u2019\u00c9glise. 22 Juin 2023 | Br\u00e9sil |&#8230;<\/p>\n","protected":false},"author":3,"featured_media":100411,"comment_status":"closed","ping_status":"closed","sticky":false,"template":"","format":"standard","meta":{"_acf_changed":false,"footnotes":""},"categories":[18,19],"tags":[],"class_list":["post-100417","post","type-post","status-publish","format-standard","has-post-thumbnail","hentry","category-nouvelles-de-leglise-mondiale","category-rss-francais"],"acf":[],"yoast_head":"<!-- This site is optimized with the Yoast SEO plugin v27.3 - https:\/\/yoast.com\/product\/yoast-seo-wordpress\/ -->\n<title>Pr\u00eacher l\u2019\u00e9vangile \u00e0 l\u2019\u00e8re de l\u2019intelligence artificielle - \u00c9glise Adventiste Du Septieme Jour - Inter Am\u00e9rique Division<\/title>\n<meta name=\"robots\" content=\"index, follow, max-snippet:-1, max-image-preview:large, max-video-preview:-1\" \/>\n<link rel=\"canonical\" href=\"https:\/\/interamerica.org\/fr\/2023\/06\/precher-levangile-a-lere-de-lintelligence-artificielle\/\" \/>\n<meta property=\"og:locale\" content=\"fr_FR\" \/>\n<meta property=\"og:type\" content=\"article\" \/>\n<meta property=\"og:title\" content=\"Pr\u00eacher l\u2019\u00e9vangile \u00e0 l\u2019\u00e8re de l\u2019intelligence artificielle - \u00c9glise Adventiste Du Septieme Jour - Inter Am\u00e9rique Division\" \/>\n<meta property=\"og:description\" content=\"Le programme r\u00e9unissant les acteurs adventistes de la communication discute de la mani\u00e8re de faire de l\u2019I.A. une alli\u00e9e de la mission de l\u2019\u00c9glise. 22 Juin 2023 | Br\u00e9sil |...\" \/>\n<meta property=\"og:url\" content=\"https:\/\/interamerica.org\/fr\/2023\/06\/precher-levangile-a-lere-de-lintelligence-artificielle\/\" \/>\n<meta property=\"og:site_name\" content=\"\u00c9glise Adventiste Du Septieme Jour - Inter Am\u00e9rique Division\" \/>\n<meta property=\"article:published_time\" content=\"2023-06-22T13:22:34+00:00\" \/>\n<meta property=\"article:modified_time\" content=\"2023-06-24T01:27:22+00:00\" \/>\n<meta property=\"og:image\" content=\"https:\/\/interamerica.org\/wp-content\/uploads\/2023\/06\/erick.jpeg\" \/>\n\t<meta property=\"og:image:width\" content=\"2000\" \/>\n\t<meta property=\"og:image:height\" content=\"1500\" \/>\n\t<meta property=\"og:image:type\" content=\"image\/jpeg\" \/>\n<meta name=\"author\" content=\"libna\" \/>\n<meta name=\"twitter:card\" content=\"summary_large_image\" \/>\n<meta name=\"twitter:label1\" content=\"\u00c9crit par\" \/>\n\t<meta name=\"twitter:data1\" content=\"libna\" \/>\n\t<meta name=\"twitter:label2\" content=\"Dur\u00e9e de lecture estim\u00e9e\" \/>\n\t<meta name=\"twitter:data2\" content=\"4 minutes\" \/>\n<script type=\"application\/ld+json\" class=\"yoast-schema-graph\">{\"@context\":\"https:\\\/\\\/schema.org\",\"@graph\":[{\"@type\":\"Article\",\"@id\":\"https:\\\/\\\/interamerica.org\\\/fr\\\/2023\\\/06\\\/precher-levangile-a-lere-de-lintelligence-artificielle\\\/#article\",\"isPartOf\":{\"@id\":\"https:\\\/\\\/interamerica.org\\\/fr\\\/2023\\\/06\\\/precher-levangile-a-lere-de-lintelligence-artificielle\\\/\"},\"author\":{\"name\":\"libna\",\"@id\":\"https:\\\/\\\/interamerica.org\\\/fr\\\/#\\\/schema\\\/person\\\/29998f2bc2d8bd0d38662909289b54f1\"},\"headline\":\"Pr\u00eacher l\u2019\u00e9vangile \u00e0 l\u2019\u00e8re de l\u2019intelligence artificielle\",\"datePublished\":\"2023-06-22T13:22:34+00:00\",\"dateModified\":\"2023-06-24T01:27:22+00:00\",\"mainEntityOfPage\":{\"@id\":\"https:\\\/\\\/interamerica.org\\\/fr\\\/2023\\\/06\\\/precher-levangile-a-lere-de-lintelligence-artificielle\\\/\"},\"wordCount\":1001,\"image\":{\"@id\":\"https:\\\/\\\/interamerica.org\\\/fr\\\/2023\\\/06\\\/precher-levangile-a-lere-de-lintelligence-artificielle\\\/#primaryimage\"},\"thumbnailUrl\":\"https:\\\/\\\/interamerica.org\\\/wp-content\\\/uploads\\\/2023\\\/06\\\/erick.jpeg\",\"articleSection\":[\"Nouvelles de l'\u00c9glise mondiale\",\"RSS Fran\u00e7ais\"],\"inLanguage\":\"fr-FR\"},{\"@type\":\"WebPage\",\"@id\":\"https:\\\/\\\/interamerica.org\\\/fr\\\/2023\\\/06\\\/precher-levangile-a-lere-de-lintelligence-artificielle\\\/\",\"url\":\"https:\\\/\\\/interamerica.org\\\/fr\\\/2023\\\/06\\\/precher-levangile-a-lere-de-lintelligence-artificielle\\\/\",\"name\":\"Pr\u00eacher l\u2019\u00e9vangile \u00e0 l\u2019\u00e8re de l\u2019intelligence artificielle - \u00c9glise Adventiste Du Septieme Jour - Inter Am\u00e9rique Division\",\"isPartOf\":{\"@id\":\"https:\\\/\\\/interamerica.org\\\/fr\\\/#website\"},\"primaryImageOfPage\":{\"@id\":\"https:\\\/\\\/interamerica.org\\\/fr\\\/2023\\\/06\\\/precher-levangile-a-lere-de-lintelligence-artificielle\\\/#primaryimage\"},\"image\":{\"@id\":\"https:\\\/\\\/interamerica.org\\\/fr\\\/2023\\\/06\\\/precher-levangile-a-lere-de-lintelligence-artificielle\\\/#primaryimage\"},\"thumbnailUrl\":\"https:\\\/\\\/interamerica.org\\\/wp-content\\\/uploads\\\/2023\\\/06\\\/erick.jpeg\",\"datePublished\":\"2023-06-22T13:22:34+00:00\",\"dateModified\":\"2023-06-24T01:27:22+00:00\",\"author\":{\"@id\":\"https:\\\/\\\/interamerica.org\\\/fr\\\/#\\\/schema\\\/person\\\/29998f2bc2d8bd0d38662909289b54f1\"},\"breadcrumb\":{\"@id\":\"https:\\\/\\\/interamerica.org\\\/fr\\\/2023\\\/06\\\/precher-levangile-a-lere-de-lintelligence-artificielle\\\/#breadcrumb\"},\"inLanguage\":\"fr-FR\",\"potentialAction\":[{\"@type\":\"ReadAction\",\"target\":[\"https:\\\/\\\/interamerica.org\\\/fr\\\/2023\\\/06\\\/precher-levangile-a-lere-de-lintelligence-artificielle\\\/\"]}]},{\"@type\":\"ImageObject\",\"inLanguage\":\"fr-FR\",\"@id\":\"https:\\\/\\\/interamerica.org\\\/fr\\\/2023\\\/06\\\/precher-levangile-a-lere-de-lintelligence-artificielle\\\/#primaryimage\",\"url\":\"https:\\\/\\\/interamerica.org\\\/wp-content\\\/uploads\\\/2023\\\/06\\\/erick.jpeg\",\"contentUrl\":\"https:\\\/\\\/interamerica.org\\\/wp-content\\\/uploads\\\/2023\\\/06\\\/erick.jpeg\",\"width\":2000,\"height\":1500,\"caption\":\"Ways to make artificial intelligence systems in allies to fulfill the mission of the Adventist Church were discussed at the event. [Photo: South American Division News]\"},{\"@type\":\"BreadcrumbList\",\"@id\":\"https:\\\/\\\/interamerica.org\\\/fr\\\/2023\\\/06\\\/precher-levangile-a-lere-de-lintelligence-artificielle\\\/#breadcrumb\",\"itemListElement\":[{\"@type\":\"ListItem\",\"position\":1,\"name\":\"Home\",\"item\":\"https:\\\/\\\/interamerica.org\\\/fr\\\/\"},{\"@type\":\"ListItem\",\"position\":2,\"name\":\"Pr\u00eacher l\u2019\u00e9vangile \u00e0 l\u2019\u00e8re de l\u2019intelligence artificielle\"}]},{\"@type\":\"WebSite\",\"@id\":\"https:\\\/\\\/interamerica.org\\\/fr\\\/#website\",\"url\":\"https:\\\/\\\/interamerica.org\\\/fr\\\/\",\"name\":\"\u00c9glise Adventiste Du Septieme Jour - Inter Am\u00e9rique Division\",\"description\":\"\",\"potentialAction\":[{\"@type\":\"SearchAction\",\"target\":{\"@type\":\"EntryPoint\",\"urlTemplate\":\"https:\\\/\\\/interamerica.org\\\/fr\\\/?s={search_term_string}\"},\"query-input\":{\"@type\":\"PropertyValueSpecification\",\"valueRequired\":true,\"valueName\":\"search_term_string\"}}],\"inLanguage\":\"fr-FR\"},{\"@type\":\"Person\",\"@id\":\"https:\\\/\\\/interamerica.org\\\/fr\\\/#\\\/schema\\\/person\\\/29998f2bc2d8bd0d38662909289b54f1\",\"name\":\"libna\",\"image\":{\"@type\":\"ImageObject\",\"inLanguage\":\"fr-FR\",\"@id\":\"https:\\\/\\\/secure.gravatar.com\\\/avatar\\\/7c5bd30ae4b47a9ba3c856590957fd1d96dc588bf3ac05719d247e126840331f?s=96&d=mm&r=g\",\"url\":\"https:\\\/\\\/secure.gravatar.com\\\/avatar\\\/7c5bd30ae4b47a9ba3c856590957fd1d96dc588bf3ac05719d247e126840331f?s=96&d=mm&r=g\",\"contentUrl\":\"https:\\\/\\\/secure.gravatar.com\\\/avatar\\\/7c5bd30ae4b47a9ba3c856590957fd1d96dc588bf3ac05719d247e126840331f?s=96&d=mm&r=g\",\"caption\":\"libna\"}}]}<\/script>\n<!-- \/ Yoast SEO plugin. -->","yoast_head_json":{"title":"Pr\u00eacher l\u2019\u00e9vangile \u00e0 l\u2019\u00e8re de l\u2019intelligence artificielle - \u00c9glise Adventiste Du Septieme Jour - Inter Am\u00e9rique Division","robots":{"index":"index","follow":"follow","max-snippet":"max-snippet:-1","max-image-preview":"max-image-preview:large","max-video-preview":"max-video-preview:-1"},"canonical":"https:\/\/interamerica.org\/fr\/2023\/06\/precher-levangile-a-lere-de-lintelligence-artificielle\/","og_locale":"fr_FR","og_type":"article","og_title":"Pr\u00eacher l\u2019\u00e9vangile \u00e0 l\u2019\u00e8re de l\u2019intelligence artificielle - \u00c9glise Adventiste Du Septieme Jour - Inter Am\u00e9rique Division","og_description":"Le programme r\u00e9unissant les acteurs adventistes de la communication discute de la mani\u00e8re de faire de l\u2019I.A. une alli\u00e9e de la mission de l\u2019\u00c9glise. 22 Juin 2023 | Br\u00e9sil |...","og_url":"https:\/\/interamerica.org\/fr\/2023\/06\/precher-levangile-a-lere-de-lintelligence-artificielle\/","og_site_name":"\u00c9glise Adventiste Du Septieme Jour - Inter Am\u00e9rique Division","article_published_time":"2023-06-22T13:22:34+00:00","article_modified_time":"2023-06-24T01:27:22+00:00","og_image":[{"width":2000,"height":1500,"url":"https:\/\/interamerica.org\/wp-content\/uploads\/2023\/06\/erick.jpeg","type":"image\/jpeg"}],"author":"libna","twitter_card":"summary_large_image","twitter_misc":{"\u00c9crit par":"libna","Dur\u00e9e de lecture estim\u00e9e":"4 minutes"},"schema":{"@context":"https:\/\/schema.org","@graph":[{"@type":"Article","@id":"https:\/\/interamerica.org\/fr\/2023\/06\/precher-levangile-a-lere-de-lintelligence-artificielle\/#article","isPartOf":{"@id":"https:\/\/interamerica.org\/fr\/2023\/06\/precher-levangile-a-lere-de-lintelligence-artificielle\/"},"author":{"name":"libna","@id":"https:\/\/interamerica.org\/fr\/#\/schema\/person\/29998f2bc2d8bd0d38662909289b54f1"},"headline":"Pr\u00eacher l\u2019\u00e9vangile \u00e0 l\u2019\u00e8re de l\u2019intelligence artificielle","datePublished":"2023-06-22T13:22:34+00:00","dateModified":"2023-06-24T01:27:22+00:00","mainEntityOfPage":{"@id":"https:\/\/interamerica.org\/fr\/2023\/06\/precher-levangile-a-lere-de-lintelligence-artificielle\/"},"wordCount":1001,"image":{"@id":"https:\/\/interamerica.org\/fr\/2023\/06\/precher-levangile-a-lere-de-lintelligence-artificielle\/#primaryimage"},"thumbnailUrl":"https:\/\/interamerica.org\/wp-content\/uploads\/2023\/06\/erick.jpeg","articleSection":["Nouvelles de l'\u00c9glise mondiale","RSS Fran\u00e7ais"],"inLanguage":"fr-FR"},{"@type":"WebPage","@id":"https:\/\/interamerica.org\/fr\/2023\/06\/precher-levangile-a-lere-de-lintelligence-artificielle\/","url":"https:\/\/interamerica.org\/fr\/2023\/06\/precher-levangile-a-lere-de-lintelligence-artificielle\/","name":"Pr\u00eacher l\u2019\u00e9vangile \u00e0 l\u2019\u00e8re de l\u2019intelligence artificielle - \u00c9glise Adventiste Du Septieme Jour - Inter Am\u00e9rique Division","isPartOf":{"@id":"https:\/\/interamerica.org\/fr\/#website"},"primaryImageOfPage":{"@id":"https:\/\/interamerica.org\/fr\/2023\/06\/precher-levangile-a-lere-de-lintelligence-artificielle\/#primaryimage"},"image":{"@id":"https:\/\/interamerica.org\/fr\/2023\/06\/precher-levangile-a-lere-de-lintelligence-artificielle\/#primaryimage"},"thumbnailUrl":"https:\/\/interamerica.org\/wp-content\/uploads\/2023\/06\/erick.jpeg","datePublished":"2023-06-22T13:22:34+00:00","dateModified":"2023-06-24T01:27:22+00:00","author":{"@id":"https:\/\/interamerica.org\/fr\/#\/schema\/person\/29998f2bc2d8bd0d38662909289b54f1"},"breadcrumb":{"@id":"https:\/\/interamerica.org\/fr\/2023\/06\/precher-levangile-a-lere-de-lintelligence-artificielle\/#breadcrumb"},"inLanguage":"fr-FR","potentialAction":[{"@type":"ReadAction","target":["https:\/\/interamerica.org\/fr\/2023\/06\/precher-levangile-a-lere-de-lintelligence-artificielle\/"]}]},{"@type":"ImageObject","inLanguage":"fr-FR","@id":"https:\/\/interamerica.org\/fr\/2023\/06\/precher-levangile-a-lere-de-lintelligence-artificielle\/#primaryimage","url":"https:\/\/interamerica.org\/wp-content\/uploads\/2023\/06\/erick.jpeg","contentUrl":"https:\/\/interamerica.org\/wp-content\/uploads\/2023\/06\/erick.jpeg","width":2000,"height":1500,"caption":"Ways to make artificial intelligence systems in allies to fulfill the mission of the Adventist Church were discussed at the event. [Photo: South American Division News]"},{"@type":"BreadcrumbList","@id":"https:\/\/interamerica.org\/fr\/2023\/06\/precher-levangile-a-lere-de-lintelligence-artificielle\/#breadcrumb","itemListElement":[{"@type":"ListItem","position":1,"name":"Home","item":"https:\/\/interamerica.org\/fr\/"},{"@type":"ListItem","position":2,"name":"Pr\u00eacher l\u2019\u00e9vangile \u00e0 l\u2019\u00e8re de l\u2019intelligence artificielle"}]},{"@type":"WebSite","@id":"https:\/\/interamerica.org\/fr\/#website","url":"https:\/\/interamerica.org\/fr\/","name":"\u00c9glise Adventiste Du Septieme Jour - Inter Am\u00e9rique Division","description":"","potentialAction":[{"@type":"SearchAction","target":{"@type":"EntryPoint","urlTemplate":"https:\/\/interamerica.org\/fr\/?s={search_term_string}"},"query-input":{"@type":"PropertyValueSpecification","valueRequired":true,"valueName":"search_term_string"}}],"inLanguage":"fr-FR"},{"@type":"Person","@id":"https:\/\/interamerica.org\/fr\/#\/schema\/person\/29998f2bc2d8bd0d38662909289b54f1","name":"libna","image":{"@type":"ImageObject","inLanguage":"fr-FR","@id":"https:\/\/secure.gravatar.com\/avatar\/7c5bd30ae4b47a9ba3c856590957fd1d96dc588bf3ac05719d247e126840331f?s=96&d=mm&r=g","url":"https:\/\/secure.gravatar.com\/avatar\/7c5bd30ae4b47a9ba3c856590957fd1d96dc588bf3ac05719d247e126840331f?s=96&d=mm&r=g","contentUrl":"https:\/\/secure.gravatar.com\/avatar\/7c5bd30ae4b47a9ba3c856590957fd1d96dc588bf3ac05719d247e126840331f?s=96&d=mm&r=g","caption":"libna"}}]}},"_links":{"self":[{"href":"https:\/\/interamerica.org\/fr\/wp-json\/wp\/v2\/posts\/100417","targetHints":{"allow":["GET"]}}],"collection":[{"href":"https:\/\/interamerica.org\/fr\/wp-json\/wp\/v2\/posts"}],"about":[{"href":"https:\/\/interamerica.org\/fr\/wp-json\/wp\/v2\/types\/post"}],"author":[{"embeddable":true,"href":"https:\/\/interamerica.org\/fr\/wp-json\/wp\/v2\/users\/3"}],"replies":[{"embeddable":true,"href":"https:\/\/interamerica.org\/fr\/wp-json\/wp\/v2\/comments?post=100417"}],"version-history":[{"count":0,"href":"https:\/\/interamerica.org\/fr\/wp-json\/wp\/v2\/posts\/100417\/revisions"}],"wp:featuredmedia":[{"embeddable":true,"href":"https:\/\/interamerica.org\/fr\/wp-json\/wp\/v2\/media\/100411"}],"wp:attachment":[{"href":"https:\/\/interamerica.org\/fr\/wp-json\/wp\/v2\/media?parent=100417"}],"wp:term":[{"taxonomy":"category","embeddable":true,"href":"https:\/\/interamerica.org\/fr\/wp-json\/wp\/v2\/categories?post=100417"},{"taxonomy":"post_tag","embeddable":true,"href":"https:\/\/interamerica.org\/fr\/wp-json\/wp\/v2\/tags?post=100417"}],"curies":[{"name":"wp","href":"https:\/\/api.w.org\/{rel}","templated":true}]}}