{"id":100487,"date":"2023-06-23T18:07:34","date_gmt":"2023-06-23T22:07:34","guid":{"rendered":"https:\/\/interamerica.org\/?p=100487"},"modified":"2023-06-23T19:58:12","modified_gmt":"2023-06-23T23:58:12","slug":"adra-colombie-distribue-des-paniers-de-nourriture-aux-communautes-autochtones","status":"publish","type":"post","link":"https:\/\/interamerica.org\/fr\/2023\/06\/adra-colombie-distribue-des-paniers-de-nourriture-aux-communautes-autochtones\/","title":{"rendered":"ADRA Colombie distribue des paniers de nourriture aux communaut\u00e9s autochtones"},"content":{"rendered":"<p>23 Janvier 2023 | Medellin, Colombie | Daniela Arrieta et \u00e9quipe de presse de la Division Inter Am\u00e9ricaine<\/p>\n<p>Des dizaines de familles autochtones de la r\u00e9gion montagneuse du sud de Los Llanos, dans le sud de la Colombie, ont re\u00e7u des paniers de nourriture gr\u00e2ce \u00e0 l\u2019action d\u2019\u00e9vang\u00e9lisation men\u00e9e par les dirigeants de l\u2019\u00c9glise adventiste et l\u2019Agence Adventiste de D\u00e9veloppement et de Secours (ADRA) en Colombie.<\/p>\n<p>\u00ab En visitant ces communaut\u00e9s autochtones et en passant du temps avec elles, nous avons pu identifier certaines difficult\u00e9s auxquelles elles sont confront\u00e9es et leur besoin de nourriture pour leurs familles, \u00bb a indiqu\u00e9 pasteur Christian Soto, pasteur adjoint du district de Puerto L\u00f3pez. Pasteur Soto, qui visite r\u00e9guli\u00e8rement les communaut\u00e9s Awaliba et Guacoyo, a d\u00e9clar\u00e9 que de nombreuses familles avaient un besoin urgent de nourriture, en particulier les m\u00e8res c\u00e9libataires et leurs enfants.<\/p>\n<p><div id=\"attachment_100480\" style=\"width: 913px\" class=\"wp-caption aligncenter\"><img fetchpriority=\"high\" decoding=\"async\" aria-describedby=\"caption-attachment-100480\" class=\" wp-image-100479\" src=\"https:\/\/interamerica.org\/wp-content\/uploads\/2023\/06\/adra-colombia-indigenous-food.jpg\" alt=\"\" width=\"903\" height=\"677\" srcset=\"https:\/\/interamerica.org\/wp-content\/uploads\/2023\/06\/adra-colombia-indigenous-food.jpg 1000w, https:\/\/interamerica.org\/wp-content\/uploads\/2023\/06\/adra-colombia-indigenous-food-300x225.jpg 300w, https:\/\/interamerica.org\/wp-content\/uploads\/2023\/06\/adra-colombia-indigenous-food-768x576.jpg 768w\" sizes=\"(max-width: 903px) 100vw, 903px\" \/><p id=\"caption-attachment-100480\" class=\"wp-caption-text\">Des dizaines de familles autochtones \u00e0 Los Llanos dans le Sud de la Colombie ont re\u00e7u de la nourriture et des kits d\u2019hygi\u00e8ne dans le cadre d\u2019un projet sp\u00e9cial visant \u00e0 venir en aide aux plus n\u00e9cessiteux dans deux des 21 communaut\u00e9s de la r\u00e9gion. Gr\u00e2ce aux efforts d\u2019\u00e9vang\u00e9lisation men\u00e9s par les pasteurs locaux dans la r\u00e9gion, ils ont pu identifier leurs besoins urgents et se sont tourn\u00e9s vers les dirigeants d\u2019ADRA en Colombie pour recevoir de l\u2019aide. [Photo : ADRA Colombie]<\/p><\/div>La plupart des communaut\u00e9s autochtones d\u00e9pendent uniquement de l\u2019agriculture et du partage des revenus g\u00e9n\u00e9r\u00e9s par la vente de leurs produits, car il est difficile de trouver des opportunit\u00e9s d\u2019emploi en dehors de leur communaut\u00e9, a expliqu\u00e9 pasteur Soto. \u00ab Leur principale source de nourriture est le manioc \u00e0 partir duquel ils fabriquent d\u2019autres produits, mais leurs revenus suffisent \u00e0 peine \u00e0 couvrir leurs besoins quotidiens, \u00bb a-t-il ajout\u00e9.<\/p>\n<p>Les dirigeants de l\u2019\u00e9glise font un travail d\u2019\u00e9vang\u00e9lisation \u00e0 cet endroit et m\u00eame si les communaut\u00e9s autochtones re\u00e7oivent une certaine aide du gouvernement, les distances et le manque de ressources rendent difficile l\u2019acheminement de la nourriture dans les zones les plus recul\u00e9es, a expliqu\u00e9 Carol Rojas, tr\u00e9sori\u00e8re de la f\u00e9d\u00e9ration de l\u2019Est de Los Llanos. Carol Rojas a d\u00e9clar\u00e9 que la f\u00e9d\u00e9ration soutenait le travail d\u2019\u00e9vang\u00e9lisation dans la r\u00e9gion depuis des mois. \u00ab ADRA Colombie s\u2019est impliqu\u00e9e pour combler ce vide et elle offre un soutien \u00e0 ces communaut\u00e9s dans leur lutte pour s\u2019assurer qu\u2019elles ont de la nourriture, \u00bb a d\u00e9clar\u00e9 Carol Rojas.<\/p>\n<p>ADRA Colombie a pu distribuer des paniers alimentaires contenant du riz, de la farine, du sucre et d\u2019autres aliments essentiels \u00e0 130 familles, a d\u00e9clar\u00e9 Elva G\u00f3mez, directrice de la communication pour ADRA Colombie. \u00ab Les familles ont re\u00e7u des kits d\u2019hygi\u00e8ne qui comprenaient du produit pour lessive, du savon de toilette, des brosses, de la cr\u00e8me et du papier toilette, \u00bb a d\u00e9clar\u00e9 Elva G\u00f3mez.<\/p>\n<p><div id=\"attachment_100471\" style=\"width: 889px\" class=\"wp-caption aligncenter\"><img decoding=\"async\" aria-describedby=\"caption-attachment-100471\" class=\" wp-image-100470\" src=\"https:\/\/interamerica.org\/wp-content\/uploads\/2023\/06\/adra-colombia-losllanos-indigenous1.jpg\" alt=\"\" width=\"879\" height=\"659\" srcset=\"https:\/\/interamerica.org\/wp-content\/uploads\/2023\/06\/adra-colombia-losllanos-indigenous1.jpg 1024w, https:\/\/interamerica.org\/wp-content\/uploads\/2023\/06\/adra-colombia-losllanos-indigenous1-300x225.jpg 300w, https:\/\/interamerica.org\/wp-content\/uploads\/2023\/06\/adra-colombia-losllanos-indigenous1-768x576.jpg 768w\" sizes=\"(max-width: 879px) 100vw, 879px\" \/><p id=\"caption-attachment-100471\" class=\"wp-caption-text\">Un p\u00e8re re\u00e7oit des sacs de nourriture pour sa famille lors de la r\u00e9cente distribution qui a eu lieu dans les communaut\u00e9s d\u2019Awaliba et de Guacoyo. [Photo : ADRA Colombie]<\/p><\/div><br \/>\n\u00ab Les communaut\u00e9s \u00e9taient vraiment heureuses de recevoir l\u2019aide et ont pu participer \u00e0 une c\u00e9l\u00e9bration spirituelle sp\u00e9ciale au moment o\u00f9 nous avons inaugur\u00e9 deux \u00e9glises l\u00e0-bas, \u00bb a dit pasteur Soto.<\/p>\n<p>L\u2019\u00e9glise et ADRA Colombie ont pu aider 21 communaut\u00e9s du groupe ethnique Ikuani, comme la communaut\u00e9 Piapoco. De nombreux membres de la communaut\u00e9 Piapoco ont accept\u00e9 le message adventiste, a d\u00e9clar\u00e9 pasteur Soto. Jusqu\u2019ici, 14 \u00e9glises ont \u00e9t\u00e9 construites dans ces communaut\u00e9s et quelques autres sont en train de construire leurs \u00e9glises, a expliqu\u00e9 pasteur Soto.<\/p>\n<p>\u00ab Ces communaut\u00e9s autochtones ont non seulement re\u00e7u de l\u2019aide pour leurs besoins imm\u00e9diats, mais leur sens de la communaut\u00e9 et du soutien mutuel a \u00e9galement \u00e9t\u00e9 consolid\u00e9, \u00bb a ajout\u00e9 pasteur Soto.<\/p>\n<p><div id=\"attachment_100474\" style=\"width: 873px\" class=\"wp-caption aligncenter\"><img decoding=\"async\" aria-describedby=\"caption-attachment-100474\" class=\" wp-image-100473\" src=\"https:\/\/interamerica.org\/wp-content\/uploads\/2023\/06\/adra-colombia-indigenous-food2.jpg\" alt=\"\" width=\"863\" height=\"647\" srcset=\"https:\/\/interamerica.org\/wp-content\/uploads\/2023\/06\/adra-colombia-indigenous-food2.jpg 1000w, https:\/\/interamerica.org\/wp-content\/uploads\/2023\/06\/adra-colombia-indigenous-food2-300x225.jpg 300w, https:\/\/interamerica.org\/wp-content\/uploads\/2023\/06\/adra-colombia-indigenous-food2-768x576.jpg 768w\" sizes=\"(max-width: 863px) 100vw, 863px\" \/><p id=\"caption-attachment-100474\" class=\"wp-caption-text\">La plupart des familles autochtones ne g\u00e9n\u00e8rent pas suffisamment de revenus de leurs fermes de manioc pour subvenir \u00e0 leurs besoins dans la r\u00e9gion. [Photo : ADRA Colombie]<\/p><\/div>Francisco Ramos, qui est le pasteur de l\u2019\u00e9glise adventiste de Millares de Angeles, a d\u00e9clar\u00e9 : \u00ab Nous sommes tr\u00e8s reconnaissants et pleins d\u2019espoir alors que nous continuons \u00e0 travailler avec la population et \u00e0 nous accrocher \u00e0 la main de Dieu afin qu\u2019il puisse continuer \u00e0 nous fortifier et \u00e0 nous aider \u00e0 faire notre travail avec ces communaut\u00e9s. \u00bb<\/p>\n<p>\u00ab Les dirigeants de l\u2019\u00c9glise continueront \u00e0 exercer un minist\u00e8re et \u00e0 proclamer l\u2019\u00e9vangile aupr\u00e8s des communaut\u00e9s, mais ils sont toujours confront\u00e9s \u00e0 des difficult\u00e9s d\u2019ordre linguistique, a indiqu\u00e9 pasteur Soto. \u00ab Chaque groupe ethnique a sa propre langue, donc les leaders des communaut\u00e9s jouent un r\u00f4le fondamental dans la traduction des messages, en particulier pour les femmes et les enfants, qui connaissent moins la langue espagnole, \u00bb a-t-il d\u00e9clar\u00e9.<\/p>\n<p>\u00ab Le plan est d\u2019\u00eatre en mesure d\u2019avoir plus de traductions dans d\u2019autres langues afin qu\u2019ils puissent comprendre le message de J\u00e9sus dans leur langue maternelle, \u00bb a dit pasteur Soto.<\/p>\n<p><div id=\"attachment_100477\" style=\"width: 869px\" class=\"wp-caption aligncenter\"><img loading=\"lazy\" decoding=\"async\" aria-describedby=\"caption-attachment-100477\" class=\" wp-image-100476\" src=\"https:\/\/interamerica.org\/wp-content\/uploads\/2023\/06\/adra-colombia-indigenous-food3.jpg\" alt=\"\" width=\"859\" height=\"644\" srcset=\"https:\/\/interamerica.org\/wp-content\/uploads\/2023\/06\/adra-colombia-indigenous-food3.jpg 1024w, https:\/\/interamerica.org\/wp-content\/uploads\/2023\/06\/adra-colombia-indigenous-food3-300x225.jpg 300w, https:\/\/interamerica.org\/wp-content\/uploads\/2023\/06\/adra-colombia-indigenous-food3-768x576.jpg 768w\" sizes=\"(max-width: 859px) 100vw, 859px\" \/><p id=\"caption-attachment-100477\" class=\"wp-caption-text\">De nombreuses m\u00e8res c\u00e9libataires ont re\u00e7u une attention sp\u00e9ciale lors de la distribution de nourriture et de kits d\u2019hygi\u00e8ne. [Photo : ADRA Colombie]<\/p><\/div>L\u2019\u00e9glise adventiste et ADRA Colombie continueront \u00e0 d\u00e9velopper le travail afin de r\u00e9pandre le message d\u2019amour et d\u2019esp\u00e9rance aupr\u00e8s de plus de personnes dans les communaut\u00e9s autochtones, a d\u00e9clar\u00e9 pasteur Soto. \u00ab Nous voulons continuer \u00e0 surmonter certaines barri\u00e8res culturelles et linguistiques pour avoir un impact durable dans la vie de ceux qui sont le plus dans le besoin ici, \u00bb a d\u00e9clar\u00e9 pasteur Soto.<\/p>\n<p>Traduction: Patrick Luciathe<\/p>\n","protected":false},"excerpt":{"rendered":"<p>23 Janvier 2023 | Medellin, Colombie | Daniela Arrieta et \u00e9quipe de presse de la Division Inter Am\u00e9ricaine Des dizaines de familles autochtones de la r\u00e9gion montagneuse du sud de&#8230;<\/p>\n","protected":false},"author":3,"featured_media":100480,"comment_status":"closed","ping_status":"closed","sticky":false,"template":"","format":"standard","meta":{"_acf_changed":false,"footnotes":""},"categories":[21,19],"tags":[],"class_list":["post-100487","post","type-post","status-publish","format-standard","has-post-thumbnail","hentry","category-nouvelles-du-territoire","category-rss-francais"],"acf":[],"yoast_head":"<!-- This site is optimized with the Yoast SEO plugin v27.3 - https:\/\/yoast.com\/product\/yoast-seo-wordpress\/ -->\n<title>ADRA Colombie distribue des paniers de nourriture aux communaut\u00e9s autochtones - \u00c9glise Adventiste Du Septieme Jour - Inter Am\u00e9rique Division<\/title>\n<meta name=\"robots\" content=\"index, follow, max-snippet:-1, max-image-preview:large, max-video-preview:-1\" \/>\n<link rel=\"canonical\" href=\"https:\/\/interamerica.org\/fr\/2023\/06\/adra-colombie-distribue-des-paniers-de-nourriture-aux-communautes-autochtones\/\" \/>\n<meta property=\"og:locale\" content=\"fr_FR\" \/>\n<meta property=\"og:type\" content=\"article\" \/>\n<meta property=\"og:title\" content=\"ADRA Colombie distribue des paniers de nourriture aux communaut\u00e9s autochtones - \u00c9glise Adventiste Du Septieme Jour - Inter Am\u00e9rique Division\" \/>\n<meta property=\"og:description\" content=\"23 Janvier 2023 | Medellin, Colombie | Daniela Arrieta et \u00e9quipe de presse de la Division Inter Am\u00e9ricaine Des dizaines de familles autochtones de la r\u00e9gion montagneuse du sud de...\" \/>\n<meta property=\"og:url\" content=\"https:\/\/interamerica.org\/fr\/2023\/06\/adra-colombie-distribue-des-paniers-de-nourriture-aux-communautes-autochtones\/\" \/>\n<meta property=\"og:site_name\" content=\"\u00c9glise Adventiste Du Septieme Jour - Inter Am\u00e9rique Division\" \/>\n<meta property=\"article:published_time\" content=\"2023-06-23T22:07:34+00:00\" \/>\n<meta property=\"article:modified_time\" content=\"2023-06-23T23:58:12+00:00\" \/>\n<meta property=\"og:image\" content=\"https:\/\/interamerica.org\/wp-content\/uploads\/2023\/06\/adra-colombia-indigenous-food.jpg\" \/>\n\t<meta property=\"og:image:width\" content=\"1000\" \/>\n\t<meta property=\"og:image:height\" content=\"750\" \/>\n\t<meta property=\"og:image:type\" content=\"image\/jpeg\" \/>\n<meta name=\"author\" content=\"libna\" \/>\n<meta name=\"twitter:card\" content=\"summary_large_image\" \/>\n<meta name=\"twitter:label1\" content=\"\u00c9crit par\" \/>\n\t<meta name=\"twitter:data1\" content=\"libna\" \/>\n\t<meta name=\"twitter:label2\" content=\"Dur\u00e9e de lecture estim\u00e9e\" \/>\n\t<meta name=\"twitter:data2\" content=\"5 minutes\" \/>\n<script type=\"application\/ld+json\" class=\"yoast-schema-graph\">{\"@context\":\"https:\\\/\\\/schema.org\",\"@graph\":[{\"@type\":\"Article\",\"@id\":\"https:\\\/\\\/interamerica.org\\\/fr\\\/2023\\\/06\\\/adra-colombie-distribue-des-paniers-de-nourriture-aux-communautes-autochtones\\\/#article\",\"isPartOf\":{\"@id\":\"https:\\\/\\\/interamerica.org\\\/fr\\\/2023\\\/06\\\/adra-colombie-distribue-des-paniers-de-nourriture-aux-communautes-autochtones\\\/\"},\"author\":{\"name\":\"libna\",\"@id\":\"https:\\\/\\\/interamerica.org\\\/fr\\\/#\\\/schema\\\/person\\\/29998f2bc2d8bd0d38662909289b54f1\"},\"headline\":\"ADRA Colombie distribue des paniers de nourriture aux communaut\u00e9s autochtones\",\"datePublished\":\"2023-06-23T22:07:34+00:00\",\"dateModified\":\"2023-06-23T23:58:12+00:00\",\"mainEntityOfPage\":{\"@id\":\"https:\\\/\\\/interamerica.org\\\/fr\\\/2023\\\/06\\\/adra-colombie-distribue-des-paniers-de-nourriture-aux-communautes-autochtones\\\/\"},\"wordCount\":1018,\"image\":{\"@id\":\"https:\\\/\\\/interamerica.org\\\/fr\\\/2023\\\/06\\\/adra-colombie-distribue-des-paniers-de-nourriture-aux-communautes-autochtones\\\/#primaryimage\"},\"thumbnailUrl\":\"https:\\\/\\\/interamerica.org\\\/wp-content\\\/uploads\\\/2023\\\/06\\\/adra-colombia-indigenous-food.jpg\",\"articleSection\":[\"Nouvelles du territoire\",\"RSS Fran\u00e7ais\"],\"inLanguage\":\"fr-FR\"},{\"@type\":\"WebPage\",\"@id\":\"https:\\\/\\\/interamerica.org\\\/fr\\\/2023\\\/06\\\/adra-colombie-distribue-des-paniers-de-nourriture-aux-communautes-autochtones\\\/\",\"url\":\"https:\\\/\\\/interamerica.org\\\/fr\\\/2023\\\/06\\\/adra-colombie-distribue-des-paniers-de-nourriture-aux-communautes-autochtones\\\/\",\"name\":\"ADRA Colombie distribue des paniers de nourriture aux communaut\u00e9s autochtones - \u00c9glise Adventiste Du Septieme Jour - Inter Am\u00e9rique Division\",\"isPartOf\":{\"@id\":\"https:\\\/\\\/interamerica.org\\\/fr\\\/#website\"},\"primaryImageOfPage\":{\"@id\":\"https:\\\/\\\/interamerica.org\\\/fr\\\/2023\\\/06\\\/adra-colombie-distribue-des-paniers-de-nourriture-aux-communautes-autochtones\\\/#primaryimage\"},\"image\":{\"@id\":\"https:\\\/\\\/interamerica.org\\\/fr\\\/2023\\\/06\\\/adra-colombie-distribue-des-paniers-de-nourriture-aux-communautes-autochtones\\\/#primaryimage\"},\"thumbnailUrl\":\"https:\\\/\\\/interamerica.org\\\/wp-content\\\/uploads\\\/2023\\\/06\\\/adra-colombia-indigenous-food.jpg\",\"datePublished\":\"2023-06-23T22:07:34+00:00\",\"dateModified\":\"2023-06-23T23:58:12+00:00\",\"author\":{\"@id\":\"https:\\\/\\\/interamerica.org\\\/fr\\\/#\\\/schema\\\/person\\\/29998f2bc2d8bd0d38662909289b54f1\"},\"breadcrumb\":{\"@id\":\"https:\\\/\\\/interamerica.org\\\/fr\\\/2023\\\/06\\\/adra-colombie-distribue-des-paniers-de-nourriture-aux-communautes-autochtones\\\/#breadcrumb\"},\"inLanguage\":\"fr-FR\",\"potentialAction\":[{\"@type\":\"ReadAction\",\"target\":[\"https:\\\/\\\/interamerica.org\\\/fr\\\/2023\\\/06\\\/adra-colombie-distribue-des-paniers-de-nourriture-aux-communautes-autochtones\\\/\"]}]},{\"@type\":\"ImageObject\",\"inLanguage\":\"fr-FR\",\"@id\":\"https:\\\/\\\/interamerica.org\\\/fr\\\/2023\\\/06\\\/adra-colombie-distribue-des-paniers-de-nourriture-aux-communautes-autochtones\\\/#primaryimage\",\"url\":\"https:\\\/\\\/interamerica.org\\\/wp-content\\\/uploads\\\/2023\\\/06\\\/adra-colombia-indigenous-food.jpg\",\"contentUrl\":\"https:\\\/\\\/interamerica.org\\\/wp-content\\\/uploads\\\/2023\\\/06\\\/adra-colombia-indigenous-food.jpg\",\"width\":1000,\"height\":750,\"caption\":\"[Photo: ADRA Colombia]\"},{\"@type\":\"BreadcrumbList\",\"@id\":\"https:\\\/\\\/interamerica.org\\\/fr\\\/2023\\\/06\\\/adra-colombie-distribue-des-paniers-de-nourriture-aux-communautes-autochtones\\\/#breadcrumb\",\"itemListElement\":[{\"@type\":\"ListItem\",\"position\":1,\"name\":\"Home\",\"item\":\"https:\\\/\\\/interamerica.org\\\/fr\\\/\"},{\"@type\":\"ListItem\",\"position\":2,\"name\":\"ADRA Colombie distribue des paniers de nourriture aux communaut\u00e9s autochtones\"}]},{\"@type\":\"WebSite\",\"@id\":\"https:\\\/\\\/interamerica.org\\\/fr\\\/#website\",\"url\":\"https:\\\/\\\/interamerica.org\\\/fr\\\/\",\"name\":\"\u00c9glise Adventiste Du Septieme Jour - Inter Am\u00e9rique Division\",\"description\":\"\",\"potentialAction\":[{\"@type\":\"SearchAction\",\"target\":{\"@type\":\"EntryPoint\",\"urlTemplate\":\"https:\\\/\\\/interamerica.org\\\/fr\\\/?s={search_term_string}\"},\"query-input\":{\"@type\":\"PropertyValueSpecification\",\"valueRequired\":true,\"valueName\":\"search_term_string\"}}],\"inLanguage\":\"fr-FR\"},{\"@type\":\"Person\",\"@id\":\"https:\\\/\\\/interamerica.org\\\/fr\\\/#\\\/schema\\\/person\\\/29998f2bc2d8bd0d38662909289b54f1\",\"name\":\"libna\",\"image\":{\"@type\":\"ImageObject\",\"inLanguage\":\"fr-FR\",\"@id\":\"https:\\\/\\\/secure.gravatar.com\\\/avatar\\\/7c5bd30ae4b47a9ba3c856590957fd1d96dc588bf3ac05719d247e126840331f?s=96&d=mm&r=g\",\"url\":\"https:\\\/\\\/secure.gravatar.com\\\/avatar\\\/7c5bd30ae4b47a9ba3c856590957fd1d96dc588bf3ac05719d247e126840331f?s=96&d=mm&r=g\",\"contentUrl\":\"https:\\\/\\\/secure.gravatar.com\\\/avatar\\\/7c5bd30ae4b47a9ba3c856590957fd1d96dc588bf3ac05719d247e126840331f?s=96&d=mm&r=g\",\"caption\":\"libna\"}}]}<\/script>\n<!-- \/ Yoast SEO plugin. -->","yoast_head_json":{"title":"ADRA Colombie distribue des paniers de nourriture aux communaut\u00e9s autochtones - \u00c9glise Adventiste Du Septieme Jour - Inter Am\u00e9rique Division","robots":{"index":"index","follow":"follow","max-snippet":"max-snippet:-1","max-image-preview":"max-image-preview:large","max-video-preview":"max-video-preview:-1"},"canonical":"https:\/\/interamerica.org\/fr\/2023\/06\/adra-colombie-distribue-des-paniers-de-nourriture-aux-communautes-autochtones\/","og_locale":"fr_FR","og_type":"article","og_title":"ADRA Colombie distribue des paniers de nourriture aux communaut\u00e9s autochtones - \u00c9glise Adventiste Du Septieme Jour - Inter Am\u00e9rique Division","og_description":"23 Janvier 2023 | Medellin, Colombie | Daniela Arrieta et \u00e9quipe de presse de la Division Inter Am\u00e9ricaine Des dizaines de familles autochtones de la r\u00e9gion montagneuse du sud de...","og_url":"https:\/\/interamerica.org\/fr\/2023\/06\/adra-colombie-distribue-des-paniers-de-nourriture-aux-communautes-autochtones\/","og_site_name":"\u00c9glise Adventiste Du Septieme Jour - Inter Am\u00e9rique Division","article_published_time":"2023-06-23T22:07:34+00:00","article_modified_time":"2023-06-23T23:58:12+00:00","og_image":[{"width":1000,"height":750,"url":"https:\/\/interamerica.org\/wp-content\/uploads\/2023\/06\/adra-colombia-indigenous-food.jpg","type":"image\/jpeg"}],"author":"libna","twitter_card":"summary_large_image","twitter_misc":{"\u00c9crit par":"libna","Dur\u00e9e de lecture estim\u00e9e":"5 minutes"},"schema":{"@context":"https:\/\/schema.org","@graph":[{"@type":"Article","@id":"https:\/\/interamerica.org\/fr\/2023\/06\/adra-colombie-distribue-des-paniers-de-nourriture-aux-communautes-autochtones\/#article","isPartOf":{"@id":"https:\/\/interamerica.org\/fr\/2023\/06\/adra-colombie-distribue-des-paniers-de-nourriture-aux-communautes-autochtones\/"},"author":{"name":"libna","@id":"https:\/\/interamerica.org\/fr\/#\/schema\/person\/29998f2bc2d8bd0d38662909289b54f1"},"headline":"ADRA Colombie distribue des paniers de nourriture aux communaut\u00e9s autochtones","datePublished":"2023-06-23T22:07:34+00:00","dateModified":"2023-06-23T23:58:12+00:00","mainEntityOfPage":{"@id":"https:\/\/interamerica.org\/fr\/2023\/06\/adra-colombie-distribue-des-paniers-de-nourriture-aux-communautes-autochtones\/"},"wordCount":1018,"image":{"@id":"https:\/\/interamerica.org\/fr\/2023\/06\/adra-colombie-distribue-des-paniers-de-nourriture-aux-communautes-autochtones\/#primaryimage"},"thumbnailUrl":"https:\/\/interamerica.org\/wp-content\/uploads\/2023\/06\/adra-colombia-indigenous-food.jpg","articleSection":["Nouvelles du territoire","RSS Fran\u00e7ais"],"inLanguage":"fr-FR"},{"@type":"WebPage","@id":"https:\/\/interamerica.org\/fr\/2023\/06\/adra-colombie-distribue-des-paniers-de-nourriture-aux-communautes-autochtones\/","url":"https:\/\/interamerica.org\/fr\/2023\/06\/adra-colombie-distribue-des-paniers-de-nourriture-aux-communautes-autochtones\/","name":"ADRA Colombie distribue des paniers de nourriture aux communaut\u00e9s autochtones - \u00c9glise Adventiste Du Septieme Jour - Inter Am\u00e9rique Division","isPartOf":{"@id":"https:\/\/interamerica.org\/fr\/#website"},"primaryImageOfPage":{"@id":"https:\/\/interamerica.org\/fr\/2023\/06\/adra-colombie-distribue-des-paniers-de-nourriture-aux-communautes-autochtones\/#primaryimage"},"image":{"@id":"https:\/\/interamerica.org\/fr\/2023\/06\/adra-colombie-distribue-des-paniers-de-nourriture-aux-communautes-autochtones\/#primaryimage"},"thumbnailUrl":"https:\/\/interamerica.org\/wp-content\/uploads\/2023\/06\/adra-colombia-indigenous-food.jpg","datePublished":"2023-06-23T22:07:34+00:00","dateModified":"2023-06-23T23:58:12+00:00","author":{"@id":"https:\/\/interamerica.org\/fr\/#\/schema\/person\/29998f2bc2d8bd0d38662909289b54f1"},"breadcrumb":{"@id":"https:\/\/interamerica.org\/fr\/2023\/06\/adra-colombie-distribue-des-paniers-de-nourriture-aux-communautes-autochtones\/#breadcrumb"},"inLanguage":"fr-FR","potentialAction":[{"@type":"ReadAction","target":["https:\/\/interamerica.org\/fr\/2023\/06\/adra-colombie-distribue-des-paniers-de-nourriture-aux-communautes-autochtones\/"]}]},{"@type":"ImageObject","inLanguage":"fr-FR","@id":"https:\/\/interamerica.org\/fr\/2023\/06\/adra-colombie-distribue-des-paniers-de-nourriture-aux-communautes-autochtones\/#primaryimage","url":"https:\/\/interamerica.org\/wp-content\/uploads\/2023\/06\/adra-colombia-indigenous-food.jpg","contentUrl":"https:\/\/interamerica.org\/wp-content\/uploads\/2023\/06\/adra-colombia-indigenous-food.jpg","width":1000,"height":750,"caption":"[Photo: ADRA Colombia]"},{"@type":"BreadcrumbList","@id":"https:\/\/interamerica.org\/fr\/2023\/06\/adra-colombie-distribue-des-paniers-de-nourriture-aux-communautes-autochtones\/#breadcrumb","itemListElement":[{"@type":"ListItem","position":1,"name":"Home","item":"https:\/\/interamerica.org\/fr\/"},{"@type":"ListItem","position":2,"name":"ADRA Colombie distribue des paniers de nourriture aux communaut\u00e9s autochtones"}]},{"@type":"WebSite","@id":"https:\/\/interamerica.org\/fr\/#website","url":"https:\/\/interamerica.org\/fr\/","name":"\u00c9glise Adventiste Du Septieme Jour - Inter Am\u00e9rique Division","description":"","potentialAction":[{"@type":"SearchAction","target":{"@type":"EntryPoint","urlTemplate":"https:\/\/interamerica.org\/fr\/?s={search_term_string}"},"query-input":{"@type":"PropertyValueSpecification","valueRequired":true,"valueName":"search_term_string"}}],"inLanguage":"fr-FR"},{"@type":"Person","@id":"https:\/\/interamerica.org\/fr\/#\/schema\/person\/29998f2bc2d8bd0d38662909289b54f1","name":"libna","image":{"@type":"ImageObject","inLanguage":"fr-FR","@id":"https:\/\/secure.gravatar.com\/avatar\/7c5bd30ae4b47a9ba3c856590957fd1d96dc588bf3ac05719d247e126840331f?s=96&d=mm&r=g","url":"https:\/\/secure.gravatar.com\/avatar\/7c5bd30ae4b47a9ba3c856590957fd1d96dc588bf3ac05719d247e126840331f?s=96&d=mm&r=g","contentUrl":"https:\/\/secure.gravatar.com\/avatar\/7c5bd30ae4b47a9ba3c856590957fd1d96dc588bf3ac05719d247e126840331f?s=96&d=mm&r=g","caption":"libna"}}]}},"_links":{"self":[{"href":"https:\/\/interamerica.org\/fr\/wp-json\/wp\/v2\/posts\/100487","targetHints":{"allow":["GET"]}}],"collection":[{"href":"https:\/\/interamerica.org\/fr\/wp-json\/wp\/v2\/posts"}],"about":[{"href":"https:\/\/interamerica.org\/fr\/wp-json\/wp\/v2\/types\/post"}],"author":[{"embeddable":true,"href":"https:\/\/interamerica.org\/fr\/wp-json\/wp\/v2\/users\/3"}],"replies":[{"embeddable":true,"href":"https:\/\/interamerica.org\/fr\/wp-json\/wp\/v2\/comments?post=100487"}],"version-history":[{"count":0,"href":"https:\/\/interamerica.org\/fr\/wp-json\/wp\/v2\/posts\/100487\/revisions"}],"wp:featuredmedia":[{"embeddable":true,"href":"https:\/\/interamerica.org\/fr\/wp-json\/wp\/v2\/media\/100480"}],"wp:attachment":[{"href":"https:\/\/interamerica.org\/fr\/wp-json\/wp\/v2\/media?parent=100487"}],"wp:term":[{"taxonomy":"category","embeddable":true,"href":"https:\/\/interamerica.org\/fr\/wp-json\/wp\/v2\/categories?post=100487"},{"taxonomy":"post_tag","embeddable":true,"href":"https:\/\/interamerica.org\/fr\/wp-json\/wp\/v2\/tags?post=100487"}],"curies":[{"name":"wp","href":"https:\/\/api.w.org\/{rel}","templated":true}]}}