{"id":100571,"date":"2023-07-05T09:52:43","date_gmt":"2023-07-05T13:52:43","guid":{"rendered":"https:\/\/interamerica.org\/?p=100571"},"modified":"2023-07-06T09:11:59","modified_gmt":"2023-07-06T13:11:59","slug":"leducateur-pionnier-humberto-mario-rasi-decede-a-88-ans","status":"publish","type":"post","link":"https:\/\/interamerica.org\/fr\/2023\/07\/leducateur-pionnier-humberto-mario-rasi-decede-a-88-ans\/","title":{"rendered":"L\u2019\u00e9ducateur pionnier Humberto Mario Rasi d\u00e9c\u00e8de \u00e0 88 ans"},"content":{"rendered":"<h4>Il a accompagn\u00e9 des professionnels et mobilis\u00e9 le soutien en faveur des \u00e9tudiants adventistes dans les \u00e9coles publiques.<\/h4>\n<p>5 Juillet 2023 | Silver Spring, Maryland, \u00c9tats-Unis | Marcos Paseggi, Adventist Review<\/p>\n<p>Humberto Mario Rasi, un \u00e9ducateur et \u00e9rudit adventiste du septi\u00e8me jour qui a \u00e9t\u00e9 directeur de l\u2019\u00e9ducation \u00e0 la Conf\u00e9rence G\u00e9n\u00e9rale, est d\u00e9c\u00e9d\u00e9 le 28 juin suite \u00e0 une longue maladie. Il avait 88 ans. Fervent d\u00e9fenseur et promoteur de l\u2019\u00e9ducation adventiste et des professionnels adventistes, Humberto Rasi a servi l\u2019\u00c9glise adventiste dans divers postes au cours de sa vie longue et productive.<\/p>\n<p>Il est n\u00e9 \u00e0 Buenos Aires, en Argentine, en 1935, un sabbat matin au niveau r\u00e9sidentiel sup\u00e9rieur de l\u2019\u00e9glise adventiste du septi\u00e8me jour de Palermo, tandis que son p\u00e8re, Mario Rasi, dirigeait l\u2019\u00e9cole du sabbat plusieurs \u00e9tages plus bas. Sa m\u00e8re, Frida Heyde Rasi, \u00e9tait infirmi\u00e8re et soutenait son mari dans son minist\u00e8re.<\/p>\n<p>Humberto Rasi a \u00e9pous\u00e9 Julieta Cuchma Cayrus \u00e0 Montevideo, en Uruguay, en 1957. Il a enseign\u00e9 \u00e0 l\u2019Instituto Florida, l\u2019\u00e9cole de l\u2019\u00e9glise adventiste du septi\u00e8me jour \u00e0 Buenos Aires, pendant que lui et sa femme \u00e9tudiaient. Titulaire d\u2019un dipl\u00f4me en langue et en litt\u00e9rature espagnoles de l\u2019Instituto Nacional del Profesorado Jos\u00e9 Hern\u00e1ndez, il a travaill\u00e9 comme traducteur et r\u00e9dacteur \u00e0 la maison d\u2019\u00e9dition adventiste en Argentine.<\/p>\n<p>Le couple a d\u00e9m\u00e9nag\u00e9 aux \u00c9tats-Unis en 1962. Tous deux ont travaill\u00e9 \u00e0 la maison d\u2019\u00e9dition de la Pacific Press (qui se trouvait alors \u00e0 Mountain View, en Californie). Humberto Rasi a particip\u00e9 \u00e0 la traduction en espagnol et \u00e0 la r\u00e9daction du Commentaire Biblique Adventiste du septi\u00e8me jour, de plusieurs \u00e9crits d\u2019Ellen G. White et des collections d\u2019histoires bibliques et d\u2019histoires pour coucher les enfants d\u2019Arthur Maxwell. Au cours de ces ann\u00e9es, ils ont \u00e9galement eu un fils, Leroy, et une fille, Sylvia.<\/p>\n<p>Humberto Rasi a \u00e9t\u00e9 invit\u00e9 \u00e0 servir au d\u00e9partement des Langues Modernes \u00e0 l\u2019Universit\u00e9 d\u2019Andrews \u00e0 Berrien Springs, dans le Michigan, en 1968, et est devenu pr\u00e9sident du d\u00e9partement en 1971. Il a obtenu un doctorat en Histoire et Litt\u00e9rature Latino-Am\u00e9ricaines de l\u2019Universit\u00e9 de Stanford, o\u00f9 sa th\u00e8se de doctorat portait sur le travail de l\u2019\u00e9crivain argentin Jorge Luis Borges.<\/p>\n<p>En 1972, Humberto Rasi a aid\u00e9 \u00e0 fonder l\u2019\u00e9glise adventiste du septi\u00e8me jour hispanophone \u00e0 Berrien Springs, dans le Michigan, devenue une \u00e9glise m\u00e8re de nombreuses congr\u00e9gations. Parrain\u00e9es par la Dotation Nationale pour les Sciences Humaines, ses \u00e9tudes post-doctorales \u00e0 l\u2019Universit\u00e9 Johns Hopkins se sont concentr\u00e9es sur la foi chr\u00e9tienne de l\u2019auteur espagnol basque, Miguel de Unamuno.<\/p>\n<p>Humberto Rasi a dirig\u00e9 la section po\u00e9sie du Manuel d\u2019\u00c9tudes Latino-Am\u00e9ricaines pendant dix ans, publi\u00e9 par la Biblioth\u00e8que du Congr\u00e8s des \u00c9tats-Unis. Il a \u00e9galement \u00e9t\u00e9 consultant pour la Soci\u00e9t\u00e9 Biblique Am\u00e9ricaine. Humberto Rasi est retourn\u00e9 \u00e0 l\u2019Universit\u00e9 d\u2019Andrews en tant que doyen des \u00c9tudes Sup\u00e9rieures. Peu de temps apr\u00e8s, Dr Rasi a rejoint la Pacific Press en tant que vice-pr\u00e9sident \u00e9ditorial. De sa propre initiative, il a \u00e9crit l\u2019ouvrage graphiquement visionnaire de style roman, La Vie de J\u00e9sus, avec l\u2019illustrateur Heber Pintos.<\/p>\n<p>En 1980, alors qu\u2019il \u00e9tait encore \u00e0 la Pacific Press, Humberto Rasi a \u00e9t\u00e9 consacr\u00e9 pasteur lors d\u2019une c\u00e9r\u00e9monie dirig\u00e9e par le pr\u00e9sident de la Conf\u00e9rence G\u00e9n\u00e9rale, Neal C. Wilson.<\/p>\n<p>Humberto Rasi a \u00e9t\u00e9 appel\u00e9 au d\u00e9partement de l\u2019\u00e9ducation de la Conf\u00e9rence G\u00e9n\u00e9rale, o\u00f9 il a travaill\u00e9 pendant quinze ans, d\u2019abord en tant que directeur adjoint, puis en tant que directeur. Il a supervis\u00e9 le programme \u00e9ducatif de l\u2019\u00c9glise adventiste mondiale. Ses responsabilit\u00e9s comprenaient la supervision de plus de 100 \u00e9tablissements d\u2019enseignement sup\u00e9rieur sur quatre continents.<\/p>\n<p>Dans le cadre de cette d\u00e9marche, en 1989, il a lanc\u00e9 Dialogue Universitaire, le premier journal d\u2019id\u00e9es pour les \u00e9tudiants universitaires adventistes qui \u00e9tudient dans des institutions non adventistes. C\u2019\u00e9tait aussi la premi\u00e8re publication \u00e0 \u00eatre produite simultan\u00e9ment en quatre langues : anglais, fran\u00e7ais, portugais et espagnol.<\/p>\n<p>Dr Rasi a lanc\u00e9 l\u2019Institut pour l\u2019Enseignement Chr\u00e9tien, et a organis\u00e9 des dizaines de s\u00e9minaires internationaux sur l\u2019int\u00e9gration de la foi et de l\u2019\u00e9ducation. Ceux-ci ont renforc\u00e9 le lien entre la foi et la formation professionnelle des adventistes du tertiaire travaillant dans le monde entier. Les quelque 1500 pr\u00e9sentations des intervenants dans les s\u00e9minaires ont \u00e9t\u00e9 publi\u00e9es dans les 40 volumes de Christ dans la Salle de Classe.<\/p>\n<p>Il a jou\u00e9 un r\u00f4le d\u00e9terminant dans la croissance de son universit\u00e9 d\u2019origine, l\u2019Universit\u00e9 Adventiste de River Plate en Argentine, qui a obtenu le statut d\u2019universit\u00e9 et a ouvert une facult\u00e9 de m\u00e9decine pendant son mandat. Dr Rasi a \u00e9galement \u00e9t\u00e9 directeur ex\u00e9cutif de la Fondation pour l\u2019\u00c9ducation Adventiste et a cr\u00e9\u00e9 le R\u00e9seau des Professionnels Adventistes.<\/p>\n<p>En reconnaissance pour son service \u00e0 l\u2019\u00e9ducation adventiste, Humberto Rasi a re\u00e7u la M\u00e9daille de Distinction du D\u00e9partement de l\u2019\u00c9ducation de la Conf\u00e9rence G\u00e9n\u00e9rale. Ses contributions \u00e0 l\u2019\u00e9ducation adventiste ont \u00e9t\u00e9 en outre reconnues \u00e0 travers l\u2019attribution de 4 doctorats honoris causa.<\/p>\n<p>Apr\u00e8s son d\u00e9part \u00e0 la retraite, il est rest\u00e9 tr\u00e8s actif, encadrant et encourageant les jeunes leaders. Il a collabor\u00e9 avec l\u2019Institut de Recherche G\u00e9o-scientifique en \u00e9tant co-auteur des volumes Comprendre la Cr\u00e9ation (2011); Responsabilit\u00e9: Les Chr\u00e9tiens et la Protection de l\u2019Environnement (2013); et Design et Catastrophe: 51 Scientifiques Explorent les Preuves dans la Nature (2021). Il a \u00e9galement enseign\u00e9 l\u2019espagnol aux professionnels de la sant\u00e9 \u00e0 l\u2019Universit\u00e9 de Loma Linda.<\/p>\n<p>Amoureux de la musique depuis toujours, en tant que jeune homme, Dr Rasi a dirig\u00e9 et chant\u00e9 dans un quatuor acapella prim\u00e9 et a pr\u00e9par\u00e9 la traduction de plusieurs hymnes, certains avec sa femme. Ceux-ci ont \u00e9t\u00e9 inclus dans un recueil de chants pour les jeunes de la Division Sud-Am\u00e9ricaine. D\u2019autres sont inclus dans le recueil de chants adventiste du septi\u00e8me jour en espagnol.<\/p>\n<p>En 2010, il a cr\u00e9\u00e9 un consortium d\u2019\u00e9dition, Adventus 21, pour servir les universitaires adventistes. Il est devenu directeur du minist\u00e8re t\u00e9l\u00e9visuel LLBN Latino sur le c\u00e2ble. Il a dans le m\u00eame temps lanc\u00e9 le programme en espagnol Di\u00e1logo al Punto, o\u00f9 il a men\u00e9 plus de 250 entretiens avec des professionnels adventistes dans divers domaines. Les revenus g\u00e9n\u00e9r\u00e9s par ses livres de d\u00e9votion Inspiration pour Aujourd\u2019hui en 2 volumes ont \u00e9t\u00e9 revers\u00e9s \u00e0 des bourses d\u2019\u00e9tudes pour des \u00e9tudiants dans trois universit\u00e9s adventistes du septi\u00e8me jour en Am\u00e9rique Latine.<\/p>\n<p>Ted N. C. Wilson, pr\u00e9sident de la Conf\u00e9rence G\u00e9n\u00e9rale, a envoy\u00e9 un message de condol\u00e9ances \u00e0 la famille et a dit ceci \u00e0 propos du dirigeant d\u00e9funt : \u00ab Dr. Rasi \u00e9tait un leader adventiste du septi\u00e8me jour exceptionnel et un \u00e9ducateur accompli. Il a profond\u00e9ment contribu\u00e9 \u00e0 l\u2019avancement du mouvement adventiste et \u00e0 la venue prochaine du Seigneur. Comme c\u2019est merveilleux de se pr\u00e9parer \u00e0 revoir Dr Rasi en ce jour extraordinaire o\u00f9 l\u2019appel de la trompette du Christ le r\u00e9veillera, et o\u00f9 nous monterons pour compl\u00e9ter notre \u00e9ducation c\u00e9leste pour toujours avec J\u00e9sus comme Ma\u00eetre Enseignant ! \u00bb a \u00e9crit Ted Wilson.<\/p>\n<p>Lisa Beardsley-Hardy, directrice de l\u2019\u00e9ducation \u00e0 la Conf\u00e9rence G\u00e9n\u00e9rale, partage la m\u00eame vision : \u00ab Dr. Rasi \u00e9tait un champion de l\u2019int\u00e9gration de la foi et de l\u2019\u00e9ducation sur une base biblique. Il \u00e9tait raffin\u00e9 et cultiv\u00e9, un homme de la Renaissance qui avait des connaissances et qui s\u2019int\u00e9ressait \u00e0 la th\u00e9ologie, aux id\u00e9es, \u00e0 la musique, \u00e0 l\u2019histoire et \u00e0 la litt\u00e9rature, \u00bb a-t-elle \u00e9crit. \u00ab Il \u00e9tait un mentor astucieux avec une intelligence et un esprit brillants, tout cela mis au service des id\u00e9aux les plus \u00e9lev\u00e9s de l\u2019\u00e9ducation chr\u00e9tienne r\u00e9demptrice\u2026. Lorsque j\u2019ai \u00e9t\u00e9 \u00e9lue directrice de l\u2019\u00e9ducation, la premi\u00e8re chose qu\u2019il m\u2019a conseill\u00e9e c\u2019est d\u2019\u00eatre pr\u00eate \u00e0 expliquer quels \u00e9taient mes objectifs pour l\u2019\u00e9ducation adventiste. Quelle b\u00e9n\u00e9diction incommensurable il a \u00e9t\u00e9 et continuera d\u2019\u00eatre pour l\u2019\u00e9ducation adventiste pendant des ann\u00e9es ! \u00bb<\/p>\n<p>La famille de Dr Rasi a \u00e9galement partag\u00e9 ses r\u00e9flexions. \u00ab Fid\u00e8le \u00e9poux de Julieta pendant 66 ans, p\u00e8re apportant soutien et encouragement, et fier grand-p\u00e8re qui a avec joie baptis\u00e9 ses trois petites-filles, Humberto Mario a men\u00e9 le bon combat et a achev\u00e9 la course [2 Tim. 4:7], \u00bb a \u00e9crit sa famille. \u00ab Nous attendons de le revoir quand J\u00e9sus reviendra, quand il n\u2019y aura plus d\u2019adieux. \u00bb<\/p>\n<p>Des contributions comm\u00e9moratives peuvent \u00eatre faites \u00e0 la bourse de la famille Rasi (Beca Rasi) \u00e0 l\u2019Universit\u00e9 Adventiste de River Plate en Argentine.<\/p>\n<p><em>Sylvia Rasi Gregorutti et Julieta C. Rasi ont contribu\u00e9 \u00e0 cet article.<\/em><\/p>\n<p>Traduction: Patrick Luciathe<\/p>\n","protected":false},"excerpt":{"rendered":"<p>Il a accompagn\u00e9 des professionnels et mobilis\u00e9 le soutien en faveur des \u00e9tudiants adventistes dans les \u00e9coles publiques. 5 Juillet 2023 | Silver Spring, Maryland, \u00c9tats-Unis | Marcos Paseggi, Adventist&#8230;<\/p>\n","protected":false},"author":3,"featured_media":100563,"comment_status":"closed","ping_status":"closed","sticky":false,"template":"","format":"standard","meta":{"_acf_changed":false,"footnotes":""},"categories":[18,19],"tags":[],"class_list":["post-100571","post","type-post","status-publish","format-standard","has-post-thumbnail","hentry","category-nouvelles-de-leglise-mondiale","category-rss-francais"],"acf":[],"yoast_head":"<!-- This site is optimized with the Yoast SEO plugin v27.3 - https:\/\/yoast.com\/product\/yoast-seo-wordpress\/ -->\n<title>L\u2019\u00e9ducateur pionnier Humberto Mario Rasi d\u00e9c\u00e8de \u00e0 88 ans - \u00c9glise Adventiste Du Septieme Jour - Inter Am\u00e9rique Division<\/title>\n<meta name=\"robots\" content=\"index, follow, max-snippet:-1, max-image-preview:large, max-video-preview:-1\" \/>\n<link rel=\"canonical\" href=\"https:\/\/interamerica.org\/fr\/2023\/07\/leducateur-pionnier-humberto-mario-rasi-decede-a-88-ans\/\" \/>\n<meta property=\"og:locale\" content=\"fr_FR\" \/>\n<meta property=\"og:type\" content=\"article\" \/>\n<meta property=\"og:title\" content=\"L\u2019\u00e9ducateur pionnier Humberto Mario Rasi d\u00e9c\u00e8de \u00e0 88 ans - \u00c9glise Adventiste Du Septieme Jour - Inter Am\u00e9rique Division\" \/>\n<meta property=\"og:description\" content=\"Il a accompagn\u00e9 des professionnels et mobilis\u00e9 le soutien en faveur des \u00e9tudiants adventistes dans les \u00e9coles publiques. 5 Juillet 2023 | Silver Spring, Maryland, \u00c9tats-Unis | Marcos Paseggi, Adventist...\" \/>\n<meta property=\"og:url\" content=\"https:\/\/interamerica.org\/fr\/2023\/07\/leducateur-pionnier-humberto-mario-rasi-decede-a-88-ans\/\" \/>\n<meta property=\"og:site_name\" content=\"\u00c9glise Adventiste Du Septieme Jour - Inter Am\u00e9rique Division\" \/>\n<meta property=\"article:published_time\" content=\"2023-07-05T13:52:43+00:00\" \/>\n<meta property=\"article:modified_time\" content=\"2023-07-06T13:11:59+00:00\" \/>\n<meta property=\"og:image\" content=\"https:\/\/interamerica.org\/wp-content\/uploads\/2023\/07\/mario-rasi-obit.png\" \/>\n\t<meta property=\"og:image:width\" content=\"1280\" \/>\n\t<meta property=\"og:image:height\" content=\"800\" \/>\n\t<meta property=\"og:image:type\" content=\"image\/png\" \/>\n<meta name=\"author\" content=\"libna\" \/>\n<meta name=\"twitter:card\" content=\"summary_large_image\" \/>\n<meta name=\"twitter:label1\" content=\"\u00c9crit par\" \/>\n\t<meta name=\"twitter:data1\" content=\"libna\" \/>\n\t<meta name=\"twitter:label2\" content=\"Dur\u00e9e de lecture estim\u00e9e\" \/>\n\t<meta name=\"twitter:data2\" content=\"6 minutes\" \/>\n<script type=\"application\/ld+json\" class=\"yoast-schema-graph\">{\"@context\":\"https:\\\/\\\/schema.org\",\"@graph\":[{\"@type\":\"Article\",\"@id\":\"https:\\\/\\\/interamerica.org\\\/fr\\\/2023\\\/07\\\/leducateur-pionnier-humberto-mario-rasi-decede-a-88-ans\\\/#article\",\"isPartOf\":{\"@id\":\"https:\\\/\\\/interamerica.org\\\/fr\\\/2023\\\/07\\\/leducateur-pionnier-humberto-mario-rasi-decede-a-88-ans\\\/\"},\"author\":{\"name\":\"libna\",\"@id\":\"https:\\\/\\\/interamerica.org\\\/fr\\\/#\\\/schema\\\/person\\\/29998f2bc2d8bd0d38662909289b54f1\"},\"headline\":\"L\u2019\u00e9ducateur pionnier Humberto Mario Rasi d\u00e9c\u00e8de \u00e0 88 ans\",\"datePublished\":\"2023-07-05T13:52:43+00:00\",\"dateModified\":\"2023-07-06T13:11:59+00:00\",\"mainEntityOfPage\":{\"@id\":\"https:\\\/\\\/interamerica.org\\\/fr\\\/2023\\\/07\\\/leducateur-pionnier-humberto-mario-rasi-decede-a-88-ans\\\/\"},\"wordCount\":1515,\"image\":{\"@id\":\"https:\\\/\\\/interamerica.org\\\/fr\\\/2023\\\/07\\\/leducateur-pionnier-humberto-mario-rasi-decede-a-88-ans\\\/#primaryimage\"},\"thumbnailUrl\":\"https:\\\/\\\/interamerica.org\\\/wp-content\\\/uploads\\\/2023\\\/07\\\/mario-rasi-obit.png\",\"articleSection\":[\"Nouvelles de l'\u00c9glise mondiale\",\"RSS Fran\u00e7ais\"],\"inLanguage\":\"fr-FR\"},{\"@type\":\"WebPage\",\"@id\":\"https:\\\/\\\/interamerica.org\\\/fr\\\/2023\\\/07\\\/leducateur-pionnier-humberto-mario-rasi-decede-a-88-ans\\\/\",\"url\":\"https:\\\/\\\/interamerica.org\\\/fr\\\/2023\\\/07\\\/leducateur-pionnier-humberto-mario-rasi-decede-a-88-ans\\\/\",\"name\":\"L\u2019\u00e9ducateur pionnier Humberto Mario Rasi d\u00e9c\u00e8de \u00e0 88 ans - \u00c9glise Adventiste Du Septieme Jour - Inter Am\u00e9rique Division\",\"isPartOf\":{\"@id\":\"https:\\\/\\\/interamerica.org\\\/fr\\\/#website\"},\"primaryImageOfPage\":{\"@id\":\"https:\\\/\\\/interamerica.org\\\/fr\\\/2023\\\/07\\\/leducateur-pionnier-humberto-mario-rasi-decede-a-88-ans\\\/#primaryimage\"},\"image\":{\"@id\":\"https:\\\/\\\/interamerica.org\\\/fr\\\/2023\\\/07\\\/leducateur-pionnier-humberto-mario-rasi-decede-a-88-ans\\\/#primaryimage\"},\"thumbnailUrl\":\"https:\\\/\\\/interamerica.org\\\/wp-content\\\/uploads\\\/2023\\\/07\\\/mario-rasi-obit.png\",\"datePublished\":\"2023-07-05T13:52:43+00:00\",\"dateModified\":\"2023-07-06T13:11:59+00:00\",\"author\":{\"@id\":\"https:\\\/\\\/interamerica.org\\\/fr\\\/#\\\/schema\\\/person\\\/29998f2bc2d8bd0d38662909289b54f1\"},\"breadcrumb\":{\"@id\":\"https:\\\/\\\/interamerica.org\\\/fr\\\/2023\\\/07\\\/leducateur-pionnier-humberto-mario-rasi-decede-a-88-ans\\\/#breadcrumb\"},\"inLanguage\":\"fr-FR\",\"potentialAction\":[{\"@type\":\"ReadAction\",\"target\":[\"https:\\\/\\\/interamerica.org\\\/fr\\\/2023\\\/07\\\/leducateur-pionnier-humberto-mario-rasi-decede-a-88-ans\\\/\"]}]},{\"@type\":\"ImageObject\",\"inLanguage\":\"fr-FR\",\"@id\":\"https:\\\/\\\/interamerica.org\\\/fr\\\/2023\\\/07\\\/leducateur-pionnier-humberto-mario-rasi-decede-a-88-ans\\\/#primaryimage\",\"url\":\"https:\\\/\\\/interamerica.org\\\/wp-content\\\/uploads\\\/2023\\\/07\\\/mario-rasi-obit.png\",\"contentUrl\":\"https:\\\/\\\/interamerica.org\\\/wp-content\\\/uploads\\\/2023\\\/07\\\/mario-rasi-obit.png\",\"width\":1280,\"height\":800},{\"@type\":\"BreadcrumbList\",\"@id\":\"https:\\\/\\\/interamerica.org\\\/fr\\\/2023\\\/07\\\/leducateur-pionnier-humberto-mario-rasi-decede-a-88-ans\\\/#breadcrumb\",\"itemListElement\":[{\"@type\":\"ListItem\",\"position\":1,\"name\":\"Home\",\"item\":\"https:\\\/\\\/interamerica.org\\\/fr\\\/\"},{\"@type\":\"ListItem\",\"position\":2,\"name\":\"L\u2019\u00e9ducateur pionnier Humberto Mario Rasi d\u00e9c\u00e8de \u00e0 88 ans\"}]},{\"@type\":\"WebSite\",\"@id\":\"https:\\\/\\\/interamerica.org\\\/fr\\\/#website\",\"url\":\"https:\\\/\\\/interamerica.org\\\/fr\\\/\",\"name\":\"\u00c9glise Adventiste Du Septieme Jour - Inter Am\u00e9rique Division\",\"description\":\"\",\"potentialAction\":[{\"@type\":\"SearchAction\",\"target\":{\"@type\":\"EntryPoint\",\"urlTemplate\":\"https:\\\/\\\/interamerica.org\\\/fr\\\/?s={search_term_string}\"},\"query-input\":{\"@type\":\"PropertyValueSpecification\",\"valueRequired\":true,\"valueName\":\"search_term_string\"}}],\"inLanguage\":\"fr-FR\"},{\"@type\":\"Person\",\"@id\":\"https:\\\/\\\/interamerica.org\\\/fr\\\/#\\\/schema\\\/person\\\/29998f2bc2d8bd0d38662909289b54f1\",\"name\":\"libna\",\"image\":{\"@type\":\"ImageObject\",\"inLanguage\":\"fr-FR\",\"@id\":\"https:\\\/\\\/secure.gravatar.com\\\/avatar\\\/7c5bd30ae4b47a9ba3c856590957fd1d96dc588bf3ac05719d247e126840331f?s=96&d=mm&r=g\",\"url\":\"https:\\\/\\\/secure.gravatar.com\\\/avatar\\\/7c5bd30ae4b47a9ba3c856590957fd1d96dc588bf3ac05719d247e126840331f?s=96&d=mm&r=g\",\"contentUrl\":\"https:\\\/\\\/secure.gravatar.com\\\/avatar\\\/7c5bd30ae4b47a9ba3c856590957fd1d96dc588bf3ac05719d247e126840331f?s=96&d=mm&r=g\",\"caption\":\"libna\"}}]}<\/script>\n<!-- \/ Yoast SEO plugin. -->","yoast_head_json":{"title":"L\u2019\u00e9ducateur pionnier Humberto Mario Rasi d\u00e9c\u00e8de \u00e0 88 ans - \u00c9glise Adventiste Du Septieme Jour - Inter Am\u00e9rique Division","robots":{"index":"index","follow":"follow","max-snippet":"max-snippet:-1","max-image-preview":"max-image-preview:large","max-video-preview":"max-video-preview:-1"},"canonical":"https:\/\/interamerica.org\/fr\/2023\/07\/leducateur-pionnier-humberto-mario-rasi-decede-a-88-ans\/","og_locale":"fr_FR","og_type":"article","og_title":"L\u2019\u00e9ducateur pionnier Humberto Mario Rasi d\u00e9c\u00e8de \u00e0 88 ans - \u00c9glise Adventiste Du Septieme Jour - Inter Am\u00e9rique Division","og_description":"Il a accompagn\u00e9 des professionnels et mobilis\u00e9 le soutien en faveur des \u00e9tudiants adventistes dans les \u00e9coles publiques. 5 Juillet 2023 | Silver Spring, Maryland, \u00c9tats-Unis | Marcos Paseggi, Adventist...","og_url":"https:\/\/interamerica.org\/fr\/2023\/07\/leducateur-pionnier-humberto-mario-rasi-decede-a-88-ans\/","og_site_name":"\u00c9glise Adventiste Du Septieme Jour - Inter Am\u00e9rique Division","article_published_time":"2023-07-05T13:52:43+00:00","article_modified_time":"2023-07-06T13:11:59+00:00","og_image":[{"width":1280,"height":800,"url":"https:\/\/interamerica.org\/wp-content\/uploads\/2023\/07\/mario-rasi-obit.png","type":"image\/png"}],"author":"libna","twitter_card":"summary_large_image","twitter_misc":{"\u00c9crit par":"libna","Dur\u00e9e de lecture estim\u00e9e":"6 minutes"},"schema":{"@context":"https:\/\/schema.org","@graph":[{"@type":"Article","@id":"https:\/\/interamerica.org\/fr\/2023\/07\/leducateur-pionnier-humberto-mario-rasi-decede-a-88-ans\/#article","isPartOf":{"@id":"https:\/\/interamerica.org\/fr\/2023\/07\/leducateur-pionnier-humberto-mario-rasi-decede-a-88-ans\/"},"author":{"name":"libna","@id":"https:\/\/interamerica.org\/fr\/#\/schema\/person\/29998f2bc2d8bd0d38662909289b54f1"},"headline":"L\u2019\u00e9ducateur pionnier Humberto Mario Rasi d\u00e9c\u00e8de \u00e0 88 ans","datePublished":"2023-07-05T13:52:43+00:00","dateModified":"2023-07-06T13:11:59+00:00","mainEntityOfPage":{"@id":"https:\/\/interamerica.org\/fr\/2023\/07\/leducateur-pionnier-humberto-mario-rasi-decede-a-88-ans\/"},"wordCount":1515,"image":{"@id":"https:\/\/interamerica.org\/fr\/2023\/07\/leducateur-pionnier-humberto-mario-rasi-decede-a-88-ans\/#primaryimage"},"thumbnailUrl":"https:\/\/interamerica.org\/wp-content\/uploads\/2023\/07\/mario-rasi-obit.png","articleSection":["Nouvelles de l'\u00c9glise mondiale","RSS Fran\u00e7ais"],"inLanguage":"fr-FR"},{"@type":"WebPage","@id":"https:\/\/interamerica.org\/fr\/2023\/07\/leducateur-pionnier-humberto-mario-rasi-decede-a-88-ans\/","url":"https:\/\/interamerica.org\/fr\/2023\/07\/leducateur-pionnier-humberto-mario-rasi-decede-a-88-ans\/","name":"L\u2019\u00e9ducateur pionnier Humberto Mario Rasi d\u00e9c\u00e8de \u00e0 88 ans - \u00c9glise Adventiste Du Septieme Jour - Inter Am\u00e9rique Division","isPartOf":{"@id":"https:\/\/interamerica.org\/fr\/#website"},"primaryImageOfPage":{"@id":"https:\/\/interamerica.org\/fr\/2023\/07\/leducateur-pionnier-humberto-mario-rasi-decede-a-88-ans\/#primaryimage"},"image":{"@id":"https:\/\/interamerica.org\/fr\/2023\/07\/leducateur-pionnier-humberto-mario-rasi-decede-a-88-ans\/#primaryimage"},"thumbnailUrl":"https:\/\/interamerica.org\/wp-content\/uploads\/2023\/07\/mario-rasi-obit.png","datePublished":"2023-07-05T13:52:43+00:00","dateModified":"2023-07-06T13:11:59+00:00","author":{"@id":"https:\/\/interamerica.org\/fr\/#\/schema\/person\/29998f2bc2d8bd0d38662909289b54f1"},"breadcrumb":{"@id":"https:\/\/interamerica.org\/fr\/2023\/07\/leducateur-pionnier-humberto-mario-rasi-decede-a-88-ans\/#breadcrumb"},"inLanguage":"fr-FR","potentialAction":[{"@type":"ReadAction","target":["https:\/\/interamerica.org\/fr\/2023\/07\/leducateur-pionnier-humberto-mario-rasi-decede-a-88-ans\/"]}]},{"@type":"ImageObject","inLanguage":"fr-FR","@id":"https:\/\/interamerica.org\/fr\/2023\/07\/leducateur-pionnier-humberto-mario-rasi-decede-a-88-ans\/#primaryimage","url":"https:\/\/interamerica.org\/wp-content\/uploads\/2023\/07\/mario-rasi-obit.png","contentUrl":"https:\/\/interamerica.org\/wp-content\/uploads\/2023\/07\/mario-rasi-obit.png","width":1280,"height":800},{"@type":"BreadcrumbList","@id":"https:\/\/interamerica.org\/fr\/2023\/07\/leducateur-pionnier-humberto-mario-rasi-decede-a-88-ans\/#breadcrumb","itemListElement":[{"@type":"ListItem","position":1,"name":"Home","item":"https:\/\/interamerica.org\/fr\/"},{"@type":"ListItem","position":2,"name":"L\u2019\u00e9ducateur pionnier Humberto Mario Rasi d\u00e9c\u00e8de \u00e0 88 ans"}]},{"@type":"WebSite","@id":"https:\/\/interamerica.org\/fr\/#website","url":"https:\/\/interamerica.org\/fr\/","name":"\u00c9glise Adventiste Du Septieme Jour - Inter Am\u00e9rique Division","description":"","potentialAction":[{"@type":"SearchAction","target":{"@type":"EntryPoint","urlTemplate":"https:\/\/interamerica.org\/fr\/?s={search_term_string}"},"query-input":{"@type":"PropertyValueSpecification","valueRequired":true,"valueName":"search_term_string"}}],"inLanguage":"fr-FR"},{"@type":"Person","@id":"https:\/\/interamerica.org\/fr\/#\/schema\/person\/29998f2bc2d8bd0d38662909289b54f1","name":"libna","image":{"@type":"ImageObject","inLanguage":"fr-FR","@id":"https:\/\/secure.gravatar.com\/avatar\/7c5bd30ae4b47a9ba3c856590957fd1d96dc588bf3ac05719d247e126840331f?s=96&d=mm&r=g","url":"https:\/\/secure.gravatar.com\/avatar\/7c5bd30ae4b47a9ba3c856590957fd1d96dc588bf3ac05719d247e126840331f?s=96&d=mm&r=g","contentUrl":"https:\/\/secure.gravatar.com\/avatar\/7c5bd30ae4b47a9ba3c856590957fd1d96dc588bf3ac05719d247e126840331f?s=96&d=mm&r=g","caption":"libna"}}]}},"_links":{"self":[{"href":"https:\/\/interamerica.org\/fr\/wp-json\/wp\/v2\/posts\/100571","targetHints":{"allow":["GET"]}}],"collection":[{"href":"https:\/\/interamerica.org\/fr\/wp-json\/wp\/v2\/posts"}],"about":[{"href":"https:\/\/interamerica.org\/fr\/wp-json\/wp\/v2\/types\/post"}],"author":[{"embeddable":true,"href":"https:\/\/interamerica.org\/fr\/wp-json\/wp\/v2\/users\/3"}],"replies":[{"embeddable":true,"href":"https:\/\/interamerica.org\/fr\/wp-json\/wp\/v2\/comments?post=100571"}],"version-history":[{"count":0,"href":"https:\/\/interamerica.org\/fr\/wp-json\/wp\/v2\/posts\/100571\/revisions"}],"wp:featuredmedia":[{"embeddable":true,"href":"https:\/\/interamerica.org\/fr\/wp-json\/wp\/v2\/media\/100563"}],"wp:attachment":[{"href":"https:\/\/interamerica.org\/fr\/wp-json\/wp\/v2\/media?parent=100571"}],"wp:term":[{"taxonomy":"category","embeddable":true,"href":"https:\/\/interamerica.org\/fr\/wp-json\/wp\/v2\/categories?post=100571"},{"taxonomy":"post_tag","embeddable":true,"href":"https:\/\/interamerica.org\/fr\/wp-json\/wp\/v2\/tags?post=100571"}],"curies":[{"name":"wp","href":"https:\/\/api.w.org\/{rel}","templated":true}]}}