{"id":100573,"date":"2023-07-05T09:41:46","date_gmt":"2023-07-05T13:41:46","guid":{"rendered":"https:\/\/interamerica.org\/?p=100573"},"modified":"2023-07-06T09:11:32","modified_gmt":"2023-07-06T13:11:32","slug":"judy-r-glass-nommee-tresoriere-de-la-division-nord-americaine","status":"publish","type":"post","link":"https:\/\/interamerica.org\/fr\/2023\/07\/judy-r-glass-nommee-tresoriere-de-la-division-nord-americaine\/","title":{"rendered":"Judy R. Glass nomm\u00e9e tr\u00e9sori\u00e8re de la Division nord-am\u00e9ricaine"},"content":{"rendered":"<h4><b>Le comit\u00e9 ex\u00e9cutif de la Conf\u00e9rence g\u00e9n\u00e9rale de l\u2019\u00c9glise adventiste a vot\u00e9 le 29 juin dernier.<\/b><\/h4>\n<p><span style=\"font-weight: 400;\">Le 4 juillet 2023 | Columbia, Maryland, \u00c9tats-Unis| Kimberly Luste Maran, d\u00e9partement des actualit\u00e9s de la Division nord-am\u00e9ricaine<\/span><\/p>\n<p><span style=\"font-weight: 400;\">Le 29\u00a0juin dernier, le comit\u00e9 ex\u00e9cutif de la Conf\u00e9rence g\u00e9n\u00e9rale de l\u2019\u00c9glise adventiste du septi\u00e8me jour s\u2019est r\u00e9uni pour recevoir le nom de Judy R. Glass, recommand\u00e9e au poste de tr\u00e9sori\u00e8re, tant par le comit\u00e9 permanent de nomination de la Division nord-am\u00e9ricaine que par son comit\u00e9 ex\u00e9cutif.* Le vote \u00e0 l\u2019endroit de M<\/span><span style=\"font-weight: 400;\">me<\/span><span style=\"font-weight: 400;\">\u00a0Glass a \u00e9t\u00e9 positif \u00e0 99\u00a0%, et elle sera la premi\u00e8re femme \u00e0 servir \u00e0 titre de tr\u00e9sori\u00e8re de la Division nord-am\u00e9ricaine (DNA) de l\u2019\u00c9glise adventiste du septi\u00e8me jour.<\/span><\/p>\n<p><span style=\"font-weight: 400;\">\u00ab\u00a0Je suis heureux que Judy R. Glass se joigne \u00e0 notre \u00e9quipe administrative en ce moment historique. Celle-ci devient l\u2019\u00e9quipe administrative la plus diversifi\u00e9e de notre histoire. Je crois que Dieu l\u2019a outill\u00e9e et pr\u00e9par\u00e9e \u00e0 servir maintenant l\u2019\u00c9glise en Am\u00e9rique du Nord\u00a0\u00bb, a dit G.\u00a0Alexander Bryant, pr\u00e9sident de la DNA, qui a pr\u00e9sid\u00e9 les deux r\u00e9unions de la division.<\/span><\/p>\n<p><span style=\"font-weight: 400;\">\u00ab\u00a0\u00c9tant pass\u00e9e par diff\u00e9rentes fonctions, elle sert l\u2019\u00c9glise de mani\u00e8re fid\u00e8le et responsable depuis plus de 25\u00a0ans, a poursuivi le pasteur Bryant. Par la gr\u00e2ce de Dieu, sa nomination nous permettra de faire activement avancer la mission de l\u2019\u00c9glise\u00a0\u2014 et bient\u00f4t, notre Seigneur reviendra. Prions pour elle alors qu\u2019elle entre dans ses nouvelles fonctions.\u00a0\u00bb<\/span><\/p>\n<p><div id=\"attachment_100554\" style=\"width: 547px\" class=\"wp-caption aligncenter\"><img fetchpriority=\"high\" decoding=\"async\" aria-describedby=\"caption-attachment-100554\" class=\" wp-image-100553\" src=\"https:\/\/interamerica.org\/wp-content\/uploads\/2023\/07\/judyglass2020-940x1024.jpeg\" alt=\"\" width=\"537\" height=\"585\" srcset=\"https:\/\/interamerica.org\/wp-content\/uploads\/2023\/07\/judyglass2020-940x1024.jpeg 940w, https:\/\/interamerica.org\/wp-content\/uploads\/2023\/07\/judyglass2020-275x300.jpeg 275w, https:\/\/interamerica.org\/wp-content\/uploads\/2023\/07\/judyglass2020-768x837.jpeg 768w, https:\/\/interamerica.org\/wp-content\/uploads\/2023\/07\/judyglass2020-1410x1536.jpeg 1410w, https:\/\/interamerica.org\/wp-content\/uploads\/2023\/07\/judyglass2020-1879x2048.jpeg 1879w\" sizes=\"(max-width: 537px) 100vw, 537px\" \/><p id=\"caption-attachment-100554\" class=\"wp-caption-text\"><span style=\"font-weight: 400;\">Judy R. Glass, nouvelle tr\u00e9sori\u00e8re de la Division nord-am\u00e9ricaine, a \u00e9t\u00e9 nomm\u00e9e le 29 juin 2023. Elle sera la premi\u00e8re femme \u00e0 occuper ce poste. [Une photo de la Division nord-am\u00e9ricaine]<\/span><\/p><\/div><span style=\"font-weight: 400;\">M<\/span><span style=\"font-weight: 400;\">me<\/span><span style=\"font-weight: 400;\">\u00a0Glass doit remplacer Randy Robinson, qui prendra sa retraite le 31\u00a0juillet apr\u00e8s avoir servi l\u2019\u00c9glise pendant 40\u00a0ans. Il avait officiellement \u00e9t\u00e9 nomm\u00e9 au poste de tr\u00e9sorier de la Division nord-am\u00e9ricaine en novembre 2018, lors de la r\u00e9union de fin d\u2019ann\u00e9e de la DNA, nomination qui a \u00e9t\u00e9 reconduite lors de la session de la Conf\u00e9rence g\u00e9n\u00e9rale de 2022 \u00e0 Saint-Louis, au Missouri.<\/span><\/p>\n<p><span style=\"font-weight: 400;\">\u00ab\u00a0Ce fut un si grand honneur de servir \u00e0 titre de tr\u00e9sorier de la Division nord-am\u00e9ricaine lors des cinq derni\u00e8res ann\u00e9es. Pendant la majorit\u00e9 de ce temps, Judy servait \u00e0 titre de sous-tr\u00e9sori\u00e8re et a pu prouver ses grandes comp\u00e9tences administratives, a-t-il dit. C\u2019est donc sans r\u00e9serve que j\u2019appuie sa nomination \u00e0 ce poste. J\u2019ai confiance que Dieu l\u2019utilisera pour guider cette grande division sur le plan financier et pour soutenir la mission \u00e0 laquelle il nous a appel\u00e9s.\u00a0\u00bb<\/span><\/p>\n<p><span style=\"font-weight: 400;\">En apprenant la d\u00e9cision par le vote, M<\/span><span style=\"font-weight: 400;\">me<\/span><span style=\"font-weight: 400;\">\u00a0Glass a dit ceci\u00a0: \u00ab\u00a0C\u2019est un privil\u00e8ge et un honneur d\u2019\u00eatre appel\u00e9e au poste de tr\u00e9sori\u00e8re\/directrice des finances de la Division nord-am\u00e9ricaine. Dieu m\u2019a b\u00e9nie de mentors extraordinaires tout au long de ma carri\u00e8re, et je suis reconnaissante pour l\u2019investissement de chacun en moi. Je suis impatiente de voir comment les plans de Dieu pour notre \u00c9glise se d\u00e9velopperont et comment je pourrai me rendre utile dans ce nouveau r\u00f4le.\u00a0\u00bb<\/span><\/p>\n<p><span style=\"font-weight: 400;\">M<\/span><span style=\"font-weight: 400;\">me<\/span><span style=\"font-weight: 400;\">\u00a0Glass occupait le poste de sous-tr\u00e9sori\u00e8re de la DNA depuis novembre 2019. Dans ces fonctions, elle participait \u00e0 la gestion du budget de la division et supervisait les op\u00e9rations quotidiennes de la tr\u00e9sorerie et du personnel de la DNA. Pr\u00e9c\u00e9demment, elle servait \u00e0 titre de directrice des finances d\u2019AdventSource, o\u00f9 elle a travaill\u00e9 pendant dix ans, aidant le minist\u00e8re, entre autres nombreuses r\u00e9alisations, \u00e0 s\u2019acquitter de ses dettes et \u00e0 construire son propre b\u00e2timent.<\/span><\/p>\n<p><span style=\"font-weight: 400;\">Elle a \u00e9galement \u00e9t\u00e9 professeure adjointe au sein du d\u00e9partement de l\u2019administration et des sciences informatiques du Union College \u00e0 Lincoln, au Nebraska, en 1996, de 2013 \u00e0 2015 puis en 2019. Et lorsqu\u2019elle est arriv\u00e9e [\u00e0 la DNA], elle n\u2019\u00e9tait pas \u00e9trang\u00e8re dans la r\u00e9gion, puisqu\u2019elle avait travaill\u00e9 comme adjointe au directeur des finances des R\u00e9gimes de retraite de la DNA de 2006 \u00e0 2009.<\/span><\/p>\n<p><span style=\"font-weight: 400;\">Avant cela, de 1997 \u00e0 2006, M<\/span><span style=\"font-weight: 400;\">me<\/span><span style=\"font-weight: 400;\">\u00a0Glass \u00e9tait la directrice administrative de l\u2019\u00e9cole Spring Valley de Centerville, en Ohio, et la directrice administrative de l\u2019\u00e9cole College View et de l\u2019\u00e9cole primaire Helen Hyatt \u00e0 Lincoln, au Nebraska, de 1994 \u00e0 1997. En sortant de l\u2019universit\u00e9, elle a \u00e9t\u00e9 embauch\u00e9e comme tr\u00e9sori\u00e8re adjointe de l\u2019\u00e9cole adventiste Great Lake, \u00e0 Cedar Lake, au Michigan, o\u00f9 elle a servi de 1991 \u00e0 1994.<\/span><\/p>\n<p><span style=\"font-weight: 400;\">En 1991, elle a obtenu un baccalaur\u00e9at en science de l\u2019administration des affaires, avec des majeurs en comptabilit\u00e9 et en gestion, du Union College, \u00e0 Lincoln, au Nebraska. En 2008, elle a obtenu une ma\u00eetrise en administration des affaires du Columbia Union College (maintenant l\u2019Universit\u00e9 adventiste de Washington) \u00e0 Takoma Park, au Maryland.<\/span><\/p>\n<p><span style=\"font-weight: 400;\">Elle se joint au pasteur Bryant et \u00e0 Kyoshin Ahn, secr\u00e9taire administratif, comme membre de l\u2019\u00e9quipe de direction de la DNA, territoire comptant plus de 1,2\u00a0million de membres aux Bermudes, au Canada, \u00e0 Guam, en Micron\u00e9sie et aux \u00c9tats-Unis.<\/span><\/p>\n<p><span style=\"font-weight: 400;\">* Tous les dirigeants administratifs des divisions mondiales sont automatiquement membres du comit\u00e9 ex\u00e9cutif de la Conf\u00e9rence g\u00e9n\u00e9rale, et leur nomination et \u00e9lection par la r\u00e9gion qu\u2019ils repr\u00e9sentent doit \u00eatre approuv\u00e9e par cedit comit\u00e9. Les r\u00e9unions de la DNA menant \u00e0 la r\u00e9union de la Conf\u00e9rence g\u00e9n\u00e9rale ont \u00e9t\u00e9 tenues virtuellement sur Zoom, les votes ayant \u00e9t\u00e9 pris \u00e9lectroniquement par t\u00e9l\u00e9phone cellulaire gr\u00e2ce \u00e0 un proc\u00e9d\u00e9 qui avait d\u00e9j\u00e0 \u00e9t\u00e9 utilis\u00e9 auparavant.<\/span><\/p>\n<p><span style=\"font-weight: 400;\">La <\/span><a href=\"https:\/\/www.nadadventist.org\/news\/judy-r-glass-named-north-american-division-treasurer\"><span style=\"font-weight: 400;\">version originale<\/span><\/a><span style=\"font-weight: 400;\"> de cet article a \u00e9t\u00e9 publi\u00e9e sur le <\/span><a href=\"https:\/\/www.nadadventist.org\/news\"><span style=\"font-weight: 400;\">site des actualit\u00e9s<\/span><\/a><span style=\"font-weight: 400;\"> de la Division nord-am\u00e9ricaine.<\/span><\/p>\n<p><span style=\"font-weight: 400;\">Traduction\u00a0: Marie-Mich\u00e8le Robitaille<\/span><\/p>\n","protected":false},"excerpt":{"rendered":"<p>Le comit\u00e9 ex\u00e9cutif de la Conf\u00e9rence g\u00e9n\u00e9rale de l\u2019\u00c9glise adventiste a vot\u00e9 le 29 juin dernier. Le 4 juillet 2023 | Columbia, Maryland, \u00c9tats-Unis| Kimberly Luste Maran, d\u00e9partement des actualit\u00e9s&#8230;<\/p>\n","protected":false},"author":3,"featured_media":100557,"comment_status":"closed","ping_status":"closed","sticky":false,"template":"","format":"standard","meta":{"_acf_changed":false,"footnotes":""},"categories":[18,19],"tags":[],"class_list":["post-100573","post","type-post","status-publish","format-standard","has-post-thumbnail","hentry","category-nouvelles-de-leglise-mondiale","category-rss-francais"],"acf":[],"yoast_head":"<!-- This site is optimized with the Yoast SEO plugin v27.3 - https:\/\/yoast.com\/product\/yoast-seo-wordpress\/ -->\n<title>Judy R. Glass nomm\u00e9e tr\u00e9sori\u00e8re de la Division nord-am\u00e9ricaine - \u00c9glise Adventiste Du Septieme Jour - Inter Am\u00e9rique Division<\/title>\n<meta name=\"robots\" content=\"index, follow, max-snippet:-1, max-image-preview:large, max-video-preview:-1\" \/>\n<link rel=\"canonical\" href=\"https:\/\/interamerica.org\/fr\/2023\/07\/judy-r-glass-nommee-tresoriere-de-la-division-nord-americaine\/\" \/>\n<meta property=\"og:locale\" content=\"fr_FR\" \/>\n<meta property=\"og:type\" content=\"article\" \/>\n<meta property=\"og:title\" content=\"Judy R. Glass nomm\u00e9e tr\u00e9sori\u00e8re de la Division nord-am\u00e9ricaine - \u00c9glise Adventiste Du Septieme Jour - Inter Am\u00e9rique Division\" \/>\n<meta property=\"og:description\" content=\"Le comit\u00e9 ex\u00e9cutif de la Conf\u00e9rence g\u00e9n\u00e9rale de l\u2019\u00c9glise adventiste a vot\u00e9 le 29 juin dernier. Le 4 juillet 2023 | Columbia, Maryland, \u00c9tats-Unis| Kimberly Luste Maran, d\u00e9partement des actualit\u00e9s...\" \/>\n<meta property=\"og:url\" content=\"https:\/\/interamerica.org\/fr\/2023\/07\/judy-r-glass-nommee-tresoriere-de-la-division-nord-americaine\/\" \/>\n<meta property=\"og:site_name\" content=\"\u00c9glise Adventiste Du Septieme Jour - Inter Am\u00e9rique Division\" \/>\n<meta property=\"article:published_time\" content=\"2023-07-05T13:41:46+00:00\" \/>\n<meta property=\"article:modified_time\" content=\"2023-07-06T13:11:32+00:00\" \/>\n<meta property=\"og:image\" content=\"https:\/\/interamerica.org\/wp-content\/uploads\/2023\/07\/judyglass2020-1-scaled.jpeg\" \/>\n\t<meta property=\"og:image:width\" content=\"2349\" \/>\n\t<meta property=\"og:image:height\" content=\"2560\" \/>\n\t<meta property=\"og:image:type\" content=\"image\/jpeg\" \/>\n<meta name=\"author\" content=\"libna\" \/>\n<meta name=\"twitter:card\" content=\"summary_large_image\" \/>\n<meta name=\"twitter:label1\" content=\"\u00c9crit par\" \/>\n\t<meta name=\"twitter:data1\" content=\"libna\" \/>\n\t<meta name=\"twitter:label2\" content=\"Dur\u00e9e de lecture estim\u00e9e\" \/>\n\t<meta name=\"twitter:data2\" content=\"5 minutes\" \/>\n<script type=\"application\/ld+json\" class=\"yoast-schema-graph\">{\"@context\":\"https:\\\/\\\/schema.org\",\"@graph\":[{\"@type\":\"Article\",\"@id\":\"https:\\\/\\\/interamerica.org\\\/fr\\\/2023\\\/07\\\/judy-r-glass-nommee-tresoriere-de-la-division-nord-americaine\\\/#article\",\"isPartOf\":{\"@id\":\"https:\\\/\\\/interamerica.org\\\/fr\\\/2023\\\/07\\\/judy-r-glass-nommee-tresoriere-de-la-division-nord-americaine\\\/\"},\"author\":{\"name\":\"libna\",\"@id\":\"https:\\\/\\\/interamerica.org\\\/fr\\\/#\\\/schema\\\/person\\\/29998f2bc2d8bd0d38662909289b54f1\"},\"headline\":\"Judy R. Glass nomm\u00e9e tr\u00e9sori\u00e8re de la Division nord-am\u00e9ricaine\",\"datePublished\":\"2023-07-05T13:41:46+00:00\",\"dateModified\":\"2023-07-06T13:11:32+00:00\",\"mainEntityOfPage\":{\"@id\":\"https:\\\/\\\/interamerica.org\\\/fr\\\/2023\\\/07\\\/judy-r-glass-nommee-tresoriere-de-la-division-nord-americaine\\\/\"},\"wordCount\":997,\"image\":{\"@id\":\"https:\\\/\\\/interamerica.org\\\/fr\\\/2023\\\/07\\\/judy-r-glass-nommee-tresoriere-de-la-division-nord-americaine\\\/#primaryimage\"},\"thumbnailUrl\":\"https:\\\/\\\/interamerica.org\\\/wp-content\\\/uploads\\\/2023\\\/07\\\/judyglass2020-1-scaled.jpeg\",\"articleSection\":[\"Nouvelles de l'\u00c9glise mondiale\",\"RSS Fran\u00e7ais\"],\"inLanguage\":\"fr-FR\"},{\"@type\":\"WebPage\",\"@id\":\"https:\\\/\\\/interamerica.org\\\/fr\\\/2023\\\/07\\\/judy-r-glass-nommee-tresoriere-de-la-division-nord-americaine\\\/\",\"url\":\"https:\\\/\\\/interamerica.org\\\/fr\\\/2023\\\/07\\\/judy-r-glass-nommee-tresoriere-de-la-division-nord-americaine\\\/\",\"name\":\"Judy R. Glass nomm\u00e9e tr\u00e9sori\u00e8re de la Division nord-am\u00e9ricaine - \u00c9glise Adventiste Du Septieme Jour - Inter Am\u00e9rique Division\",\"isPartOf\":{\"@id\":\"https:\\\/\\\/interamerica.org\\\/fr\\\/#website\"},\"primaryImageOfPage\":{\"@id\":\"https:\\\/\\\/interamerica.org\\\/fr\\\/2023\\\/07\\\/judy-r-glass-nommee-tresoriere-de-la-division-nord-americaine\\\/#primaryimage\"},\"image\":{\"@id\":\"https:\\\/\\\/interamerica.org\\\/fr\\\/2023\\\/07\\\/judy-r-glass-nommee-tresoriere-de-la-division-nord-americaine\\\/#primaryimage\"},\"thumbnailUrl\":\"https:\\\/\\\/interamerica.org\\\/wp-content\\\/uploads\\\/2023\\\/07\\\/judyglass2020-1-scaled.jpeg\",\"datePublished\":\"2023-07-05T13:41:46+00:00\",\"dateModified\":\"2023-07-06T13:11:32+00:00\",\"author\":{\"@id\":\"https:\\\/\\\/interamerica.org\\\/fr\\\/#\\\/schema\\\/person\\\/29998f2bc2d8bd0d38662909289b54f1\"},\"breadcrumb\":{\"@id\":\"https:\\\/\\\/interamerica.org\\\/fr\\\/2023\\\/07\\\/judy-r-glass-nommee-tresoriere-de-la-division-nord-americaine\\\/#breadcrumb\"},\"inLanguage\":\"fr-FR\",\"potentialAction\":[{\"@type\":\"ReadAction\",\"target\":[\"https:\\\/\\\/interamerica.org\\\/fr\\\/2023\\\/07\\\/judy-r-glass-nommee-tresoriere-de-la-division-nord-americaine\\\/\"]}]},{\"@type\":\"ImageObject\",\"inLanguage\":\"fr-FR\",\"@id\":\"https:\\\/\\\/interamerica.org\\\/fr\\\/2023\\\/07\\\/judy-r-glass-nommee-tresoriere-de-la-division-nord-americaine\\\/#primaryimage\",\"url\":\"https:\\\/\\\/interamerica.org\\\/wp-content\\\/uploads\\\/2023\\\/07\\\/judyglass2020-1-scaled.jpeg\",\"contentUrl\":\"https:\\\/\\\/interamerica.org\\\/wp-content\\\/uploads\\\/2023\\\/07\\\/judyglass2020-1-scaled.jpeg\",\"width\":2349,\"height\":2560,\"caption\":\"Judy R. Glass, new North American Division treasurer, was elected on June 29, 2023. She will be the first woman to serve in this role. [Photo: North American Division]\"},{\"@type\":\"BreadcrumbList\",\"@id\":\"https:\\\/\\\/interamerica.org\\\/fr\\\/2023\\\/07\\\/judy-r-glass-nommee-tresoriere-de-la-division-nord-americaine\\\/#breadcrumb\",\"itemListElement\":[{\"@type\":\"ListItem\",\"position\":1,\"name\":\"Home\",\"item\":\"https:\\\/\\\/interamerica.org\\\/fr\\\/\"},{\"@type\":\"ListItem\",\"position\":2,\"name\":\"Judy R. Glass nomm\u00e9e tr\u00e9sori\u00e8re de la Division nord-am\u00e9ricaine\"}]},{\"@type\":\"WebSite\",\"@id\":\"https:\\\/\\\/interamerica.org\\\/fr\\\/#website\",\"url\":\"https:\\\/\\\/interamerica.org\\\/fr\\\/\",\"name\":\"\u00c9glise Adventiste Du Septieme Jour - Inter Am\u00e9rique Division\",\"description\":\"\",\"potentialAction\":[{\"@type\":\"SearchAction\",\"target\":{\"@type\":\"EntryPoint\",\"urlTemplate\":\"https:\\\/\\\/interamerica.org\\\/fr\\\/?s={search_term_string}\"},\"query-input\":{\"@type\":\"PropertyValueSpecification\",\"valueRequired\":true,\"valueName\":\"search_term_string\"}}],\"inLanguage\":\"fr-FR\"},{\"@type\":\"Person\",\"@id\":\"https:\\\/\\\/interamerica.org\\\/fr\\\/#\\\/schema\\\/person\\\/29998f2bc2d8bd0d38662909289b54f1\",\"name\":\"libna\",\"image\":{\"@type\":\"ImageObject\",\"inLanguage\":\"fr-FR\",\"@id\":\"https:\\\/\\\/secure.gravatar.com\\\/avatar\\\/7c5bd30ae4b47a9ba3c856590957fd1d96dc588bf3ac05719d247e126840331f?s=96&d=mm&r=g\",\"url\":\"https:\\\/\\\/secure.gravatar.com\\\/avatar\\\/7c5bd30ae4b47a9ba3c856590957fd1d96dc588bf3ac05719d247e126840331f?s=96&d=mm&r=g\",\"contentUrl\":\"https:\\\/\\\/secure.gravatar.com\\\/avatar\\\/7c5bd30ae4b47a9ba3c856590957fd1d96dc588bf3ac05719d247e126840331f?s=96&d=mm&r=g\",\"caption\":\"libna\"}}]}<\/script>\n<!-- \/ Yoast SEO plugin. -->","yoast_head_json":{"title":"Judy R. Glass nomm\u00e9e tr\u00e9sori\u00e8re de la Division nord-am\u00e9ricaine - \u00c9glise Adventiste Du Septieme Jour - Inter Am\u00e9rique Division","robots":{"index":"index","follow":"follow","max-snippet":"max-snippet:-1","max-image-preview":"max-image-preview:large","max-video-preview":"max-video-preview:-1"},"canonical":"https:\/\/interamerica.org\/fr\/2023\/07\/judy-r-glass-nommee-tresoriere-de-la-division-nord-americaine\/","og_locale":"fr_FR","og_type":"article","og_title":"Judy R. Glass nomm\u00e9e tr\u00e9sori\u00e8re de la Division nord-am\u00e9ricaine - \u00c9glise Adventiste Du Septieme Jour - Inter Am\u00e9rique Division","og_description":"Le comit\u00e9 ex\u00e9cutif de la Conf\u00e9rence g\u00e9n\u00e9rale de l\u2019\u00c9glise adventiste a vot\u00e9 le 29 juin dernier. Le 4 juillet 2023 | Columbia, Maryland, \u00c9tats-Unis| Kimberly Luste Maran, d\u00e9partement des actualit\u00e9s...","og_url":"https:\/\/interamerica.org\/fr\/2023\/07\/judy-r-glass-nommee-tresoriere-de-la-division-nord-americaine\/","og_site_name":"\u00c9glise Adventiste Du Septieme Jour - Inter Am\u00e9rique Division","article_published_time":"2023-07-05T13:41:46+00:00","article_modified_time":"2023-07-06T13:11:32+00:00","og_image":[{"width":2349,"height":2560,"url":"https:\/\/interamerica.org\/wp-content\/uploads\/2023\/07\/judyglass2020-1-scaled.jpeg","type":"image\/jpeg"}],"author":"libna","twitter_card":"summary_large_image","twitter_misc":{"\u00c9crit par":"libna","Dur\u00e9e de lecture estim\u00e9e":"5 minutes"},"schema":{"@context":"https:\/\/schema.org","@graph":[{"@type":"Article","@id":"https:\/\/interamerica.org\/fr\/2023\/07\/judy-r-glass-nommee-tresoriere-de-la-division-nord-americaine\/#article","isPartOf":{"@id":"https:\/\/interamerica.org\/fr\/2023\/07\/judy-r-glass-nommee-tresoriere-de-la-division-nord-americaine\/"},"author":{"name":"libna","@id":"https:\/\/interamerica.org\/fr\/#\/schema\/person\/29998f2bc2d8bd0d38662909289b54f1"},"headline":"Judy R. Glass nomm\u00e9e tr\u00e9sori\u00e8re de la Division nord-am\u00e9ricaine","datePublished":"2023-07-05T13:41:46+00:00","dateModified":"2023-07-06T13:11:32+00:00","mainEntityOfPage":{"@id":"https:\/\/interamerica.org\/fr\/2023\/07\/judy-r-glass-nommee-tresoriere-de-la-division-nord-americaine\/"},"wordCount":997,"image":{"@id":"https:\/\/interamerica.org\/fr\/2023\/07\/judy-r-glass-nommee-tresoriere-de-la-division-nord-americaine\/#primaryimage"},"thumbnailUrl":"https:\/\/interamerica.org\/wp-content\/uploads\/2023\/07\/judyglass2020-1-scaled.jpeg","articleSection":["Nouvelles de l'\u00c9glise mondiale","RSS Fran\u00e7ais"],"inLanguage":"fr-FR"},{"@type":"WebPage","@id":"https:\/\/interamerica.org\/fr\/2023\/07\/judy-r-glass-nommee-tresoriere-de-la-division-nord-americaine\/","url":"https:\/\/interamerica.org\/fr\/2023\/07\/judy-r-glass-nommee-tresoriere-de-la-division-nord-americaine\/","name":"Judy R. Glass nomm\u00e9e tr\u00e9sori\u00e8re de la Division nord-am\u00e9ricaine - \u00c9glise Adventiste Du Septieme Jour - Inter Am\u00e9rique Division","isPartOf":{"@id":"https:\/\/interamerica.org\/fr\/#website"},"primaryImageOfPage":{"@id":"https:\/\/interamerica.org\/fr\/2023\/07\/judy-r-glass-nommee-tresoriere-de-la-division-nord-americaine\/#primaryimage"},"image":{"@id":"https:\/\/interamerica.org\/fr\/2023\/07\/judy-r-glass-nommee-tresoriere-de-la-division-nord-americaine\/#primaryimage"},"thumbnailUrl":"https:\/\/interamerica.org\/wp-content\/uploads\/2023\/07\/judyglass2020-1-scaled.jpeg","datePublished":"2023-07-05T13:41:46+00:00","dateModified":"2023-07-06T13:11:32+00:00","author":{"@id":"https:\/\/interamerica.org\/fr\/#\/schema\/person\/29998f2bc2d8bd0d38662909289b54f1"},"breadcrumb":{"@id":"https:\/\/interamerica.org\/fr\/2023\/07\/judy-r-glass-nommee-tresoriere-de-la-division-nord-americaine\/#breadcrumb"},"inLanguage":"fr-FR","potentialAction":[{"@type":"ReadAction","target":["https:\/\/interamerica.org\/fr\/2023\/07\/judy-r-glass-nommee-tresoriere-de-la-division-nord-americaine\/"]}]},{"@type":"ImageObject","inLanguage":"fr-FR","@id":"https:\/\/interamerica.org\/fr\/2023\/07\/judy-r-glass-nommee-tresoriere-de-la-division-nord-americaine\/#primaryimage","url":"https:\/\/interamerica.org\/wp-content\/uploads\/2023\/07\/judyglass2020-1-scaled.jpeg","contentUrl":"https:\/\/interamerica.org\/wp-content\/uploads\/2023\/07\/judyglass2020-1-scaled.jpeg","width":2349,"height":2560,"caption":"Judy R. Glass, new North American Division treasurer, was elected on June 29, 2023. She will be the first woman to serve in this role. [Photo: North American Division]"},{"@type":"BreadcrumbList","@id":"https:\/\/interamerica.org\/fr\/2023\/07\/judy-r-glass-nommee-tresoriere-de-la-division-nord-americaine\/#breadcrumb","itemListElement":[{"@type":"ListItem","position":1,"name":"Home","item":"https:\/\/interamerica.org\/fr\/"},{"@type":"ListItem","position":2,"name":"Judy R. Glass nomm\u00e9e tr\u00e9sori\u00e8re de la Division nord-am\u00e9ricaine"}]},{"@type":"WebSite","@id":"https:\/\/interamerica.org\/fr\/#website","url":"https:\/\/interamerica.org\/fr\/","name":"\u00c9glise Adventiste Du Septieme Jour - Inter Am\u00e9rique Division","description":"","potentialAction":[{"@type":"SearchAction","target":{"@type":"EntryPoint","urlTemplate":"https:\/\/interamerica.org\/fr\/?s={search_term_string}"},"query-input":{"@type":"PropertyValueSpecification","valueRequired":true,"valueName":"search_term_string"}}],"inLanguage":"fr-FR"},{"@type":"Person","@id":"https:\/\/interamerica.org\/fr\/#\/schema\/person\/29998f2bc2d8bd0d38662909289b54f1","name":"libna","image":{"@type":"ImageObject","inLanguage":"fr-FR","@id":"https:\/\/secure.gravatar.com\/avatar\/7c5bd30ae4b47a9ba3c856590957fd1d96dc588bf3ac05719d247e126840331f?s=96&d=mm&r=g","url":"https:\/\/secure.gravatar.com\/avatar\/7c5bd30ae4b47a9ba3c856590957fd1d96dc588bf3ac05719d247e126840331f?s=96&d=mm&r=g","contentUrl":"https:\/\/secure.gravatar.com\/avatar\/7c5bd30ae4b47a9ba3c856590957fd1d96dc588bf3ac05719d247e126840331f?s=96&d=mm&r=g","caption":"libna"}}]}},"_links":{"self":[{"href":"https:\/\/interamerica.org\/fr\/wp-json\/wp\/v2\/posts\/100573","targetHints":{"allow":["GET"]}}],"collection":[{"href":"https:\/\/interamerica.org\/fr\/wp-json\/wp\/v2\/posts"}],"about":[{"href":"https:\/\/interamerica.org\/fr\/wp-json\/wp\/v2\/types\/post"}],"author":[{"embeddable":true,"href":"https:\/\/interamerica.org\/fr\/wp-json\/wp\/v2\/users\/3"}],"replies":[{"embeddable":true,"href":"https:\/\/interamerica.org\/fr\/wp-json\/wp\/v2\/comments?post=100573"}],"version-history":[{"count":0,"href":"https:\/\/interamerica.org\/fr\/wp-json\/wp\/v2\/posts\/100573\/revisions"}],"wp:featuredmedia":[{"embeddable":true,"href":"https:\/\/interamerica.org\/fr\/wp-json\/wp\/v2\/media\/100557"}],"wp:attachment":[{"href":"https:\/\/interamerica.org\/fr\/wp-json\/wp\/v2\/media?parent=100573"}],"wp:term":[{"taxonomy":"category","embeddable":true,"href":"https:\/\/interamerica.org\/fr\/wp-json\/wp\/v2\/categories?post=100573"},{"taxonomy":"post_tag","embeddable":true,"href":"https:\/\/interamerica.org\/fr\/wp-json\/wp\/v2\/tags?post=100573"}],"curies":[{"name":"wp","href":"https:\/\/api.w.org\/{rel}","templated":true}]}}