{"id":100627,"date":"2023-07-06T18:01:53","date_gmt":"2023-07-06T22:01:53","guid":{"rendered":"https:\/\/interamerica.org\/?p=100627"},"modified":"2023-07-07T10:16:50","modified_gmt":"2023-07-07T14:16:50","slug":"un-orchestre-de-marche-celebre-12-annees-dengagement-des-jeunes-et-des-moins-jeunes-au-venezuela","status":"publish","type":"post","link":"https:\/\/interamerica.org\/fr\/2023\/07\/un-orchestre-de-marche-celebre-12-annees-dengagement-des-jeunes-et-des-moins-jeunes-au-venezuela\/","title":{"rendered":"Un orchestre de marche c\u00e9l\u00e8bre 12 ann\u00e9es d\u2019engagement des jeunes et des moins jeunes au Venezuela"},"content":{"rendered":"<p><div id=\"attachment_100597\" style=\"width: 897px\" class=\"wp-caption aligncenter\"><img fetchpriority=\"high\" decoding=\"async\" aria-describedby=\"caption-attachment-100597\" class=\" wp-image-100596\" src=\"https:\/\/interamerica.org\/wp-content\/uploads\/2023\/07\/evau-marching-band-1-1024x640.jpg\" alt=\"\" width=\"887\" height=\"554\" srcset=\"https:\/\/interamerica.org\/wp-content\/uploads\/2023\/07\/evau-marching-band-1-1024x640.jpg 1024w, https:\/\/interamerica.org\/wp-content\/uploads\/2023\/07\/evau-marching-band-1-300x188.jpg 300w, https:\/\/interamerica.org\/wp-content\/uploads\/2023\/07\/evau-marching-band-1-768x480.jpg 768w, https:\/\/interamerica.org\/wp-content\/uploads\/2023\/07\/evau-marching-band-1.jpg 1280w\" sizes=\"(max-width: 887px) 100vw, 887px\" \/><p id=\"caption-attachment-100597\" class=\"wp-caption-text\">Les membres d\u2019un orchestre de marche cr\u00e9\u00e9e par un pasteur \u00e0 la retraite et son \u00e9pouse, jouent r\u00e9cemment lors d\u2019une marche dans les rues de Yare, au Venezuela. L\u2019ensemble joue dans les villes et les communaut\u00e9s et invite les enfants et les adolescents \u00e0 apprendre \u00e0 jouer du tambour et \u00e0 conna\u00eetre les valeurs. [Photo : Union de l\u2019Est du Venezuela]<\/p><\/div>6 Juillet 2023 | Valles del Tuy, Miranda, V\u00e9n\u00e9zuela | Steven\u2019s Rosado et \u00c9quipe de presse de la Division Inter Am\u00e9ricaine<\/p>\n<p>Un orchestre de marche cr\u00e9\u00e9 par un pasteur adventiste du septi\u00e8me jour exp\u00e9riment\u00e9 et son \u00e9pouse au Venezuela a c\u00e9l\u00e9br\u00e9 12 ans de louange \u00e0 Dieu et d\u2019engagement des jeunes et des vieux dans une \u00e9glise locale et dans la communaut\u00e9. L\u2019Orchestre de Marche Sina\u00ef a \u00e9t\u00e9 cr\u00e9\u00e9 en 2011 \u00e0 Valles del Tuy, dans l\u2019\u00e9tat de Miranda, au sud de Caracas, la capitale du Venezuela, par le pasteur maintenant \u00e0 la retraite, Pedro Gil, et sa femme Rut, la directrice musicale.<\/p>\n<p>\u00ab Lorsque mon mari et moi \u00e9tions sur le point de partir \u00e0 la retraite, nous avons visit\u00e9 Valles del Tuy et nous avons constat\u00e9 qu\u2019il y avait un besoin, celui de guider la jeunesse locale, \u00bb a d\u00e9clar\u00e9 Rut. \u00ab C\u2019est ainsi qu\u2019est n\u00e9e l\u2019id\u00e9e de cr\u00e9er un ensemble musical, pour aider les jeunes \u00e0 se tenir \u00e9loign\u00e9s de la drogue et du crime. \u00bb<\/p>\n<p><div id=\"attachment_100610\" style=\"width: 890px\" class=\"wp-caption aligncenter\"><img decoding=\"async\" aria-describedby=\"caption-attachment-100610\" class=\" wp-image-100609\" src=\"https:\/\/interamerica.org\/wp-content\/uploads\/2023\/07\/evau-marching-band-class.jpg\" alt=\"\" width=\"880\" height=\"495\" srcset=\"https:\/\/interamerica.org\/wp-content\/uploads\/2023\/07\/evau-marching-band-class.jpg 1000w, https:\/\/interamerica.org\/wp-content\/uploads\/2023\/07\/evau-marching-band-class-300x169.jpg 300w, https:\/\/interamerica.org\/wp-content\/uploads\/2023\/07\/evau-marching-band-class-768x432.jpg 768w\" sizes=\"(max-width: 880px) 100vw, 880px\" \/><p id=\"caption-attachment-100610\" class=\"wp-caption-text\">Les responsales de l\u2019orchestre enseignent lors d\u2019une s\u00e9ance de r\u00e9p\u00e9tition \u00e0 Valles del Tuy, \u00e9tat de Miranda, au Venezuela. [Photo : Union Est du Venezuela]<\/p><\/div>Petit \u00e0 petit, les Gils ont commenc\u00e9 \u00e0 acheter des instruments de musique &#8211; y compris des caisses claires, des xylophones lyre et des cymbales &#8211; souvent en les payant en plusieurs fois. Finalement, ils ont pu avoir environ 50 instruments et kits de r\u00e9paration. En 2023, les Gils \u00e9taient heureux d\u2019annoncer que pour la premi\u00e8re fois, on leur avait fait don de quelques instruments. Maintenant, ils envisagent d\u2019acheter des cuatros, un instrument v\u00e9n\u00e9zu\u00e9lien similaire au ukul\u00e9l\u00e9 mais avec un caract\u00e8re et un son distinctifs. Avec tout cela, les Gils envisagent de toucher \u00e0 d\u2019autres styles de musique pour \u00e9largir leur r\u00e9pertoire.<\/p>\n<p><strong>Croissance r\u00e9guli\u00e8re <\/strong><\/p>\n<p>Rut Gil a racont\u00e9 comment, \u00e0 partir d\u2019humbles d\u00e9buts avec un petit groupe de membres d\u2019\u00e9glise adventistes, jeunes et adultes, le groupe s\u2019est agrandi pour compter 26 jeunes participants de la communaut\u00e9. Les jeunes membres actuels ont d\u2019abord \u00e9t\u00e9 contact\u00e9s <a href=\"https:\/\/interamerica.org\/2023\/05\/in-venezuela-adventist-pastor-spreads-hope-in-public-plazas-communities-and-prisons\/\">gr\u00e2ce \u00e0 l\u2019initiative \u00ab Donnez-leur \u00e0 Manger \u00bb avec le pasteur Edgar Mongua<\/a> et son \u00e9quipe de b\u00e9n\u00e9voles, a-t-elle d\u00e9clar\u00e9.<\/p>\n<p>\u00ab L\u2019orchestre de marche a \u00e9t\u00e9 une belle exp\u00e9rience musicale pour moi, mais ma plus grande r\u00e9ussite a \u00e9t\u00e9 de travailler avec des enfants de la communaut\u00e9, \u00bb a dit Rut Gil. \u00ab Lorsque je vois leurs visages heureux, quand je leur offre un repas chaud, je suis reconnaissante envers Dieu. \u00bb<\/p>\n<p><div id=\"attachment_100613\" style=\"width: 514px\" class=\"wp-caption aligncenter\"><img decoding=\"async\" aria-describedby=\"caption-attachment-100613\" class=\" wp-image-100612\" src=\"https:\/\/interamerica.org\/wp-content\/uploads\/2023\/07\/evau-marching-band-girl.jpg\" alt=\"\" width=\"504\" height=\"895\" srcset=\"https:\/\/interamerica.org\/wp-content\/uploads\/2023\/07\/evau-marching-band-girl.jpg 563w, https:\/\/interamerica.org\/wp-content\/uploads\/2023\/07\/evau-marching-band-girl-169x300.jpg 169w\" sizes=\"(max-width: 504px) 100vw, 504px\" \/><p id=\"caption-attachment-100613\" class=\"wp-caption-text\">Les enfants s\u2019alignent avant de s\u2019entra\u00eener \u00e0 jouer du tambour. [Photo : Union de l\u2019Est du Venezuela]<\/p><\/div>De m\u00eame, a expliqu\u00e9 Rut Gil, \u00ab chaque fois que nous pla\u00e7ons un instrument de musique entre leurs mains, nous leur enseignons un avenir de service tout en profitant des b\u00e9n\u00e9dictions de Dieu. \u00bb<\/p>\n<p>La composition actuelle du groupe comprend un directeur g\u00e9n\u00e9ral, un directeur musical, un tr\u00e9sorier et un aum\u00f4nier, a indiqu\u00e9 Rut Gil.<\/p>\n<p><strong>Un outil d\u2019action de proximit\u00e9 et de mission<\/strong><\/p>\n<p>Au fil des ans, l\u2019orchestre de marche Sina\u00ef a particip\u00e9 \u00e0 divers programmes et manifestations dans plusieurs communaut\u00e9s de la r\u00e9gion de Valles del Tuy, notamment \u00e0 Charallave, \u00e0 Santa Teresa, \u00e0 Ocumare, \u00e0 San Antonio, \u00e0 La Esperanza et \u00e0 Yare. Ses jeunes membres se sont produits lors de programmes d\u2019\u00e9vang\u00e9lisation publique, lors de c\u00e9l\u00e9brations sp\u00e9ciales telles que la F\u00eate des M\u00e8res et la F\u00eate des P\u00e8res et la Journ\u00e9e Mondiale sans Tabac, pour n\u2019en nommer que quelques-uns.<\/p>\n<p><div id=\"attachment_100607\" style=\"width: 837px\" class=\"wp-caption aligncenter\"><img loading=\"lazy\" decoding=\"async\" aria-describedby=\"caption-attachment-100607\" class=\" wp-image-100606\" src=\"https:\/\/interamerica.org\/wp-content\/uploads\/2023\/07\/evau-marching-band-stretches.jpg\" alt=\"\" width=\"827\" height=\"465\" srcset=\"https:\/\/interamerica.org\/wp-content\/uploads\/2023\/07\/evau-marching-band-stretches.jpg 1000w, https:\/\/interamerica.org\/wp-content\/uploads\/2023\/07\/evau-marching-band-stretches-300x169.jpg 300w, https:\/\/interamerica.org\/wp-content\/uploads\/2023\/07\/evau-marching-band-stretches-768x432.jpg 768w\" sizes=\"(max-width: 827px) 100vw, 827px\" \/><p id=\"caption-attachment-100607\" class=\"wp-caption-text\">Les enfants participent \u00e0 des exercices d\u2019\u00e9tirement avant de s\u2019engager avec leurs tambours dans une s\u00e9ance de r\u00e9p\u00e9tition. [Photo : Union de l\u2019Est du Venezuela]<\/p><\/div>Rut Gil a ajout\u00e9 qu\u2019en plus de participer \u00e0 des programmes religieux et communautaires dans toute la r\u00e9gion, le groupe musical s\u2019est produit \u00e0 l\u2019Universit\u00e9 San Andr\u00e9s \u00e0 M\u00e9rida, dans une campagne d\u2019\u00e9vang\u00e9lisation \u00e0 Barquisimeto et dans la capitale du pays, Caracas. Gr\u00e2ce \u00e0 l\u2019approche missionnaire retenue par l\u2019initiative, six jeunes membres ont \u00e9t\u00e9 baptis\u00e9s en 2022.<\/p>\n<p>\u00ab Notre projet actuel comprend l\u2019offre d\u2019\u00e9tudes bibliques aux 26 enfants issus de la communaut\u00e9, \u00bb a indiqu\u00e9 Rut Gil. \u00ab Il s\u2019agit non seulement de leur donner des cours de musique, mais aussi des \u00e9tudes bibliques et leur distribuer de la nourriture tous les samedis. \u00bb<\/p>\n<p><strong>Am\u00e9liorer la vie des jeunes<\/strong><\/p>\n<p>Rency, un jeune gar\u00e7on autiste de 11 ans qui est membre de l\u2019orchestre de marche, a d\u00e9clar\u00e9 qu\u2019il \u00e9tait heureux de faire partie de l\u2019ensemble musical. \u00ab Je suis vraiment heureux. J\u2019ai appris \u00e0 jouer du xylophone lyre et de la caisse claire sur diff\u00e9rents rythmes, \u00bb a-t-il dit.<\/p>\n<p><div id=\"attachment_100604\" style=\"width: 847px\" class=\"wp-caption aligncenter\"><img loading=\"lazy\" decoding=\"async\" aria-describedby=\"caption-attachment-100604\" class=\" wp-image-100603\" src=\"https:\/\/interamerica.org\/wp-content\/uploads\/2023\/07\/evau-marching-band-break.jpg\" alt=\"\" width=\"837\" height=\"471\" srcset=\"https:\/\/interamerica.org\/wp-content\/uploads\/2023\/07\/evau-marching-band-break.jpg 1000w, https:\/\/interamerica.org\/wp-content\/uploads\/2023\/07\/evau-marching-band-break-300x169.jpg 300w, https:\/\/interamerica.org\/wp-content\/uploads\/2023\/07\/evau-marching-band-break-768x432.jpg 768w\" sizes=\"(max-width: 837px) 100vw, 837px\" \/><p id=\"caption-attachment-100604\" class=\"wp-caption-text\">Les enfants montrent leurs berlingots glac\u00e9s apr\u00e8s une s\u00e9ance de r\u00e9p\u00e9tition. L\u2019initiative intervient dans le cadre d\u2019un minist\u00e8re d\u2019impact communautaire dirig\u00e9 par le pasteur Edgar Mongua appel\u00e9 \u00ab Donnez-leur \u00e0 Manger \u00bb \u00e0 travers lequel des personnes des communaut\u00e9s n\u00e9cessiteuses dans l\u2019est du Venezuela re\u00e7oivent chaque mois de la nourriture et des publications \u00e9vang\u00e9liques. [Photo : Union de l\u2019Est du Venezuela]<\/p><\/div>Mais la chose la plus importante, selon Rency, est de \u00ab passer du temps avec des amis, de se produire dans toutes les communaut\u00e9s et d\u2019aider \u00e0 distribuer des repas \u00e0 ceux qui sont dans le besoin.<\/p>\n<p>La sous-r\u00e9gion Valles del Tuy fait partie de ce que l\u2019on appelle la grande r\u00e9gion de Caracas. Selon une \u00e9tude datant de novembre 2022, au moins 50 pour cent des 28 millions d\u2019habitants du Venezuela vivent dans la pauvret\u00e9. Depuis 2014, plus de sept millions d\u2019habitants ont fui vers les pays voisins et au-del\u00e0. Cependant, depuis le d\u00e9but de la pand\u00e9mie de COVID-19, environ 150000 V\u00e9n\u00e9zu\u00e9liens sont rentr\u00e9s chez eux, souvent apr\u00e8s avoir perdu leur emploi dans leur pays d\u2019accueil.<\/p>\n<p>L\u2019Agence Adventiste de D\u00e9veloppement et de Secours (ADRA) au Venezuela, en Colombie, au Br\u00e9sil et dans d\u2019autres pays travaille de fa\u00e7on \u00e0 r\u00e9pondre aux besoins fondamentaux des r\u00e9sidents, des migrants et des r\u00e9fugi\u00e9s.<\/p>\n<p>Traduction: Patrick Luciathe<\/p>\n","protected":false},"excerpt":{"rendered":"<p>6 Juillet 2023 | Valles del Tuy, Miranda, V\u00e9n\u00e9zuela | Steven\u2019s Rosado et \u00c9quipe de presse de la Division Inter Am\u00e9ricaine Un orchestre de marche cr\u00e9\u00e9 par un pasteur adventiste&#8230;<\/p>\n","protected":false},"author":3,"featured_media":100597,"comment_status":"closed","ping_status":"closed","sticky":false,"template":"","format":"standard","meta":{"_acf_changed":false,"footnotes":""},"categories":[21,19],"tags":[],"class_list":["post-100627","post","type-post","status-publish","format-standard","has-post-thumbnail","hentry","category-nouvelles-du-territoire","category-rss-francais"],"acf":[],"yoast_head":"<!-- This site is optimized with the Yoast SEO plugin v27.3 - https:\/\/yoast.com\/product\/yoast-seo-wordpress\/ -->\n<title>Un orchestre de marche c\u00e9l\u00e8bre 12 ann\u00e9es d\u2019engagement des jeunes et des moins jeunes au Venezuela - \u00c9glise Adventiste Du Septieme Jour - Inter Am\u00e9rique Division<\/title>\n<meta name=\"robots\" content=\"index, follow, max-snippet:-1, max-image-preview:large, max-video-preview:-1\" \/>\n<link rel=\"canonical\" href=\"https:\/\/interamerica.org\/fr\/2023\/07\/un-orchestre-de-marche-celebre-12-annees-dengagement-des-jeunes-et-des-moins-jeunes-au-venezuela\/\" \/>\n<meta property=\"og:locale\" content=\"fr_FR\" \/>\n<meta property=\"og:type\" content=\"article\" \/>\n<meta property=\"og:title\" content=\"Un orchestre de marche c\u00e9l\u00e8bre 12 ann\u00e9es d\u2019engagement des jeunes et des moins jeunes au Venezuela - \u00c9glise Adventiste Du Septieme Jour - Inter Am\u00e9rique Division\" \/>\n<meta property=\"og:description\" content=\"6 Juillet 2023 | Valles del Tuy, Miranda, V\u00e9n\u00e9zuela | Steven\u2019s Rosado et \u00c9quipe de presse de la Division Inter Am\u00e9ricaine Un orchestre de marche cr\u00e9\u00e9 par un pasteur adventiste...\" \/>\n<meta property=\"og:url\" content=\"https:\/\/interamerica.org\/fr\/2023\/07\/un-orchestre-de-marche-celebre-12-annees-dengagement-des-jeunes-et-des-moins-jeunes-au-venezuela\/\" \/>\n<meta property=\"og:site_name\" content=\"\u00c9glise Adventiste Du Septieme Jour - Inter Am\u00e9rique Division\" \/>\n<meta property=\"article:published_time\" content=\"2023-07-06T22:01:53+00:00\" \/>\n<meta property=\"article:modified_time\" content=\"2023-07-07T14:16:50+00:00\" \/>\n<meta property=\"og:image\" content=\"https:\/\/interamerica.org\/wp-content\/uploads\/2023\/07\/evau-marching-band-1.jpg\" \/>\n\t<meta property=\"og:image:width\" content=\"1280\" \/>\n\t<meta property=\"og:image:height\" content=\"800\" \/>\n\t<meta property=\"og:image:type\" content=\"image\/jpeg\" \/>\n<meta name=\"author\" content=\"libna\" \/>\n<meta name=\"twitter:card\" content=\"summary_large_image\" \/>\n<meta name=\"twitter:label1\" content=\"\u00c9crit par\" \/>\n\t<meta name=\"twitter:data1\" content=\"libna\" \/>\n\t<meta name=\"twitter:label2\" content=\"Dur\u00e9e de lecture estim\u00e9e\" \/>\n\t<meta name=\"twitter:data2\" content=\"6 minutes\" \/>\n<script type=\"application\/ld+json\" class=\"yoast-schema-graph\">{\"@context\":\"https:\\\/\\\/schema.org\",\"@graph\":[{\"@type\":\"Article\",\"@id\":\"https:\\\/\\\/interamerica.org\\\/fr\\\/2023\\\/07\\\/un-orchestre-de-marche-celebre-12-annees-dengagement-des-jeunes-et-des-moins-jeunes-au-venezuela\\\/#article\",\"isPartOf\":{\"@id\":\"https:\\\/\\\/interamerica.org\\\/fr\\\/2023\\\/07\\\/un-orchestre-de-marche-celebre-12-annees-dengagement-des-jeunes-et-des-moins-jeunes-au-venezuela\\\/\"},\"author\":{\"name\":\"libna\",\"@id\":\"https:\\\/\\\/interamerica.org\\\/fr\\\/#\\\/schema\\\/person\\\/29998f2bc2d8bd0d38662909289b54f1\"},\"headline\":\"Un orchestre de marche c\u00e9l\u00e8bre 12 ann\u00e9es d\u2019engagement des jeunes et des moins jeunes au Venezuela\",\"datePublished\":\"2023-07-06T22:01:53+00:00\",\"dateModified\":\"2023-07-07T14:16:50+00:00\",\"mainEntityOfPage\":{\"@id\":\"https:\\\/\\\/interamerica.org\\\/fr\\\/2023\\\/07\\\/un-orchestre-de-marche-celebre-12-annees-dengagement-des-jeunes-et-des-moins-jeunes-au-venezuela\\\/\"},\"wordCount\":1157,\"image\":{\"@id\":\"https:\\\/\\\/interamerica.org\\\/fr\\\/2023\\\/07\\\/un-orchestre-de-marche-celebre-12-annees-dengagement-des-jeunes-et-des-moins-jeunes-au-venezuela\\\/#primaryimage\"},\"thumbnailUrl\":\"https:\\\/\\\/interamerica.org\\\/wp-content\\\/uploads\\\/2023\\\/07\\\/evau-marching-band-1.jpg\",\"articleSection\":[\"Nouvelles du territoire\",\"RSS Fran\u00e7ais\"],\"inLanguage\":\"fr-FR\"},{\"@type\":\"WebPage\",\"@id\":\"https:\\\/\\\/interamerica.org\\\/fr\\\/2023\\\/07\\\/un-orchestre-de-marche-celebre-12-annees-dengagement-des-jeunes-et-des-moins-jeunes-au-venezuela\\\/\",\"url\":\"https:\\\/\\\/interamerica.org\\\/fr\\\/2023\\\/07\\\/un-orchestre-de-marche-celebre-12-annees-dengagement-des-jeunes-et-des-moins-jeunes-au-venezuela\\\/\",\"name\":\"Un orchestre de marche c\u00e9l\u00e8bre 12 ann\u00e9es d\u2019engagement des jeunes et des moins jeunes au Venezuela - \u00c9glise Adventiste Du Septieme Jour - Inter Am\u00e9rique Division\",\"isPartOf\":{\"@id\":\"https:\\\/\\\/interamerica.org\\\/fr\\\/#website\"},\"primaryImageOfPage\":{\"@id\":\"https:\\\/\\\/interamerica.org\\\/fr\\\/2023\\\/07\\\/un-orchestre-de-marche-celebre-12-annees-dengagement-des-jeunes-et-des-moins-jeunes-au-venezuela\\\/#primaryimage\"},\"image\":{\"@id\":\"https:\\\/\\\/interamerica.org\\\/fr\\\/2023\\\/07\\\/un-orchestre-de-marche-celebre-12-annees-dengagement-des-jeunes-et-des-moins-jeunes-au-venezuela\\\/#primaryimage\"},\"thumbnailUrl\":\"https:\\\/\\\/interamerica.org\\\/wp-content\\\/uploads\\\/2023\\\/07\\\/evau-marching-band-1.jpg\",\"datePublished\":\"2023-07-06T22:01:53+00:00\",\"dateModified\":\"2023-07-07T14:16:50+00:00\",\"author\":{\"@id\":\"https:\\\/\\\/interamerica.org\\\/fr\\\/#\\\/schema\\\/person\\\/29998f2bc2d8bd0d38662909289b54f1\"},\"breadcrumb\":{\"@id\":\"https:\\\/\\\/interamerica.org\\\/fr\\\/2023\\\/07\\\/un-orchestre-de-marche-celebre-12-annees-dengagement-des-jeunes-et-des-moins-jeunes-au-venezuela\\\/#breadcrumb\"},\"inLanguage\":\"fr-FR\",\"potentialAction\":[{\"@type\":\"ReadAction\",\"target\":[\"https:\\\/\\\/interamerica.org\\\/fr\\\/2023\\\/07\\\/un-orchestre-de-marche-celebre-12-annees-dengagement-des-jeunes-et-des-moins-jeunes-au-venezuela\\\/\"]}]},{\"@type\":\"ImageObject\",\"inLanguage\":\"fr-FR\",\"@id\":\"https:\\\/\\\/interamerica.org\\\/fr\\\/2023\\\/07\\\/un-orchestre-de-marche-celebre-12-annees-dengagement-des-jeunes-et-des-moins-jeunes-au-venezuela\\\/#primaryimage\",\"url\":\"https:\\\/\\\/interamerica.org\\\/wp-content\\\/uploads\\\/2023\\\/07\\\/evau-marching-band-1.jpg\",\"contentUrl\":\"https:\\\/\\\/interamerica.org\\\/wp-content\\\/uploads\\\/2023\\\/07\\\/evau-marching-band-1.jpg\",\"width\":1280,\"height\":800,\"caption\":\"[Photo: East Venezuela Union]\"},{\"@type\":\"BreadcrumbList\",\"@id\":\"https:\\\/\\\/interamerica.org\\\/fr\\\/2023\\\/07\\\/un-orchestre-de-marche-celebre-12-annees-dengagement-des-jeunes-et-des-moins-jeunes-au-venezuela\\\/#breadcrumb\",\"itemListElement\":[{\"@type\":\"ListItem\",\"position\":1,\"name\":\"Home\",\"item\":\"https:\\\/\\\/interamerica.org\\\/fr\\\/\"},{\"@type\":\"ListItem\",\"position\":2,\"name\":\"Un orchestre de marche c\u00e9l\u00e8bre 12 ann\u00e9es d\u2019engagement des jeunes et des moins jeunes au Venezuela\"}]},{\"@type\":\"WebSite\",\"@id\":\"https:\\\/\\\/interamerica.org\\\/fr\\\/#website\",\"url\":\"https:\\\/\\\/interamerica.org\\\/fr\\\/\",\"name\":\"\u00c9glise Adventiste Du Septieme Jour - Inter Am\u00e9rique Division\",\"description\":\"\",\"potentialAction\":[{\"@type\":\"SearchAction\",\"target\":{\"@type\":\"EntryPoint\",\"urlTemplate\":\"https:\\\/\\\/interamerica.org\\\/fr\\\/?s={search_term_string}\"},\"query-input\":{\"@type\":\"PropertyValueSpecification\",\"valueRequired\":true,\"valueName\":\"search_term_string\"}}],\"inLanguage\":\"fr-FR\"},{\"@type\":\"Person\",\"@id\":\"https:\\\/\\\/interamerica.org\\\/fr\\\/#\\\/schema\\\/person\\\/29998f2bc2d8bd0d38662909289b54f1\",\"name\":\"libna\",\"image\":{\"@type\":\"ImageObject\",\"inLanguage\":\"fr-FR\",\"@id\":\"https:\\\/\\\/secure.gravatar.com\\\/avatar\\\/7c5bd30ae4b47a9ba3c856590957fd1d96dc588bf3ac05719d247e126840331f?s=96&d=mm&r=g\",\"url\":\"https:\\\/\\\/secure.gravatar.com\\\/avatar\\\/7c5bd30ae4b47a9ba3c856590957fd1d96dc588bf3ac05719d247e126840331f?s=96&d=mm&r=g\",\"contentUrl\":\"https:\\\/\\\/secure.gravatar.com\\\/avatar\\\/7c5bd30ae4b47a9ba3c856590957fd1d96dc588bf3ac05719d247e126840331f?s=96&d=mm&r=g\",\"caption\":\"libna\"}}]}<\/script>\n<!-- \/ Yoast SEO plugin. -->","yoast_head_json":{"title":"Un orchestre de marche c\u00e9l\u00e8bre 12 ann\u00e9es d\u2019engagement des jeunes et des moins jeunes au Venezuela - \u00c9glise Adventiste Du Septieme Jour - Inter Am\u00e9rique Division","robots":{"index":"index","follow":"follow","max-snippet":"max-snippet:-1","max-image-preview":"max-image-preview:large","max-video-preview":"max-video-preview:-1"},"canonical":"https:\/\/interamerica.org\/fr\/2023\/07\/un-orchestre-de-marche-celebre-12-annees-dengagement-des-jeunes-et-des-moins-jeunes-au-venezuela\/","og_locale":"fr_FR","og_type":"article","og_title":"Un orchestre de marche c\u00e9l\u00e8bre 12 ann\u00e9es d\u2019engagement des jeunes et des moins jeunes au Venezuela - \u00c9glise Adventiste Du Septieme Jour - Inter Am\u00e9rique Division","og_description":"6 Juillet 2023 | Valles del Tuy, Miranda, V\u00e9n\u00e9zuela | Steven\u2019s Rosado et \u00c9quipe de presse de la Division Inter Am\u00e9ricaine Un orchestre de marche cr\u00e9\u00e9 par un pasteur adventiste...","og_url":"https:\/\/interamerica.org\/fr\/2023\/07\/un-orchestre-de-marche-celebre-12-annees-dengagement-des-jeunes-et-des-moins-jeunes-au-venezuela\/","og_site_name":"\u00c9glise Adventiste Du Septieme Jour - Inter Am\u00e9rique Division","article_published_time":"2023-07-06T22:01:53+00:00","article_modified_time":"2023-07-07T14:16:50+00:00","og_image":[{"width":1280,"height":800,"url":"https:\/\/interamerica.org\/wp-content\/uploads\/2023\/07\/evau-marching-band-1.jpg","type":"image\/jpeg"}],"author":"libna","twitter_card":"summary_large_image","twitter_misc":{"\u00c9crit par":"libna","Dur\u00e9e de lecture estim\u00e9e":"6 minutes"},"schema":{"@context":"https:\/\/schema.org","@graph":[{"@type":"Article","@id":"https:\/\/interamerica.org\/fr\/2023\/07\/un-orchestre-de-marche-celebre-12-annees-dengagement-des-jeunes-et-des-moins-jeunes-au-venezuela\/#article","isPartOf":{"@id":"https:\/\/interamerica.org\/fr\/2023\/07\/un-orchestre-de-marche-celebre-12-annees-dengagement-des-jeunes-et-des-moins-jeunes-au-venezuela\/"},"author":{"name":"libna","@id":"https:\/\/interamerica.org\/fr\/#\/schema\/person\/29998f2bc2d8bd0d38662909289b54f1"},"headline":"Un orchestre de marche c\u00e9l\u00e8bre 12 ann\u00e9es d\u2019engagement des jeunes et des moins jeunes au Venezuela","datePublished":"2023-07-06T22:01:53+00:00","dateModified":"2023-07-07T14:16:50+00:00","mainEntityOfPage":{"@id":"https:\/\/interamerica.org\/fr\/2023\/07\/un-orchestre-de-marche-celebre-12-annees-dengagement-des-jeunes-et-des-moins-jeunes-au-venezuela\/"},"wordCount":1157,"image":{"@id":"https:\/\/interamerica.org\/fr\/2023\/07\/un-orchestre-de-marche-celebre-12-annees-dengagement-des-jeunes-et-des-moins-jeunes-au-venezuela\/#primaryimage"},"thumbnailUrl":"https:\/\/interamerica.org\/wp-content\/uploads\/2023\/07\/evau-marching-band-1.jpg","articleSection":["Nouvelles du territoire","RSS Fran\u00e7ais"],"inLanguage":"fr-FR"},{"@type":"WebPage","@id":"https:\/\/interamerica.org\/fr\/2023\/07\/un-orchestre-de-marche-celebre-12-annees-dengagement-des-jeunes-et-des-moins-jeunes-au-venezuela\/","url":"https:\/\/interamerica.org\/fr\/2023\/07\/un-orchestre-de-marche-celebre-12-annees-dengagement-des-jeunes-et-des-moins-jeunes-au-venezuela\/","name":"Un orchestre de marche c\u00e9l\u00e8bre 12 ann\u00e9es d\u2019engagement des jeunes et des moins jeunes au Venezuela - \u00c9glise Adventiste Du Septieme Jour - Inter Am\u00e9rique Division","isPartOf":{"@id":"https:\/\/interamerica.org\/fr\/#website"},"primaryImageOfPage":{"@id":"https:\/\/interamerica.org\/fr\/2023\/07\/un-orchestre-de-marche-celebre-12-annees-dengagement-des-jeunes-et-des-moins-jeunes-au-venezuela\/#primaryimage"},"image":{"@id":"https:\/\/interamerica.org\/fr\/2023\/07\/un-orchestre-de-marche-celebre-12-annees-dengagement-des-jeunes-et-des-moins-jeunes-au-venezuela\/#primaryimage"},"thumbnailUrl":"https:\/\/interamerica.org\/wp-content\/uploads\/2023\/07\/evau-marching-band-1.jpg","datePublished":"2023-07-06T22:01:53+00:00","dateModified":"2023-07-07T14:16:50+00:00","author":{"@id":"https:\/\/interamerica.org\/fr\/#\/schema\/person\/29998f2bc2d8bd0d38662909289b54f1"},"breadcrumb":{"@id":"https:\/\/interamerica.org\/fr\/2023\/07\/un-orchestre-de-marche-celebre-12-annees-dengagement-des-jeunes-et-des-moins-jeunes-au-venezuela\/#breadcrumb"},"inLanguage":"fr-FR","potentialAction":[{"@type":"ReadAction","target":["https:\/\/interamerica.org\/fr\/2023\/07\/un-orchestre-de-marche-celebre-12-annees-dengagement-des-jeunes-et-des-moins-jeunes-au-venezuela\/"]}]},{"@type":"ImageObject","inLanguage":"fr-FR","@id":"https:\/\/interamerica.org\/fr\/2023\/07\/un-orchestre-de-marche-celebre-12-annees-dengagement-des-jeunes-et-des-moins-jeunes-au-venezuela\/#primaryimage","url":"https:\/\/interamerica.org\/wp-content\/uploads\/2023\/07\/evau-marching-band-1.jpg","contentUrl":"https:\/\/interamerica.org\/wp-content\/uploads\/2023\/07\/evau-marching-band-1.jpg","width":1280,"height":800,"caption":"[Photo: East Venezuela Union]"},{"@type":"BreadcrumbList","@id":"https:\/\/interamerica.org\/fr\/2023\/07\/un-orchestre-de-marche-celebre-12-annees-dengagement-des-jeunes-et-des-moins-jeunes-au-venezuela\/#breadcrumb","itemListElement":[{"@type":"ListItem","position":1,"name":"Home","item":"https:\/\/interamerica.org\/fr\/"},{"@type":"ListItem","position":2,"name":"Un orchestre de marche c\u00e9l\u00e8bre 12 ann\u00e9es d\u2019engagement des jeunes et des moins jeunes au Venezuela"}]},{"@type":"WebSite","@id":"https:\/\/interamerica.org\/fr\/#website","url":"https:\/\/interamerica.org\/fr\/","name":"\u00c9glise Adventiste Du Septieme Jour - Inter Am\u00e9rique Division","description":"","potentialAction":[{"@type":"SearchAction","target":{"@type":"EntryPoint","urlTemplate":"https:\/\/interamerica.org\/fr\/?s={search_term_string}"},"query-input":{"@type":"PropertyValueSpecification","valueRequired":true,"valueName":"search_term_string"}}],"inLanguage":"fr-FR"},{"@type":"Person","@id":"https:\/\/interamerica.org\/fr\/#\/schema\/person\/29998f2bc2d8bd0d38662909289b54f1","name":"libna","image":{"@type":"ImageObject","inLanguage":"fr-FR","@id":"https:\/\/secure.gravatar.com\/avatar\/7c5bd30ae4b47a9ba3c856590957fd1d96dc588bf3ac05719d247e126840331f?s=96&d=mm&r=g","url":"https:\/\/secure.gravatar.com\/avatar\/7c5bd30ae4b47a9ba3c856590957fd1d96dc588bf3ac05719d247e126840331f?s=96&d=mm&r=g","contentUrl":"https:\/\/secure.gravatar.com\/avatar\/7c5bd30ae4b47a9ba3c856590957fd1d96dc588bf3ac05719d247e126840331f?s=96&d=mm&r=g","caption":"libna"}}]}},"_links":{"self":[{"href":"https:\/\/interamerica.org\/fr\/wp-json\/wp\/v2\/posts\/100627","targetHints":{"allow":["GET"]}}],"collection":[{"href":"https:\/\/interamerica.org\/fr\/wp-json\/wp\/v2\/posts"}],"about":[{"href":"https:\/\/interamerica.org\/fr\/wp-json\/wp\/v2\/types\/post"}],"author":[{"embeddable":true,"href":"https:\/\/interamerica.org\/fr\/wp-json\/wp\/v2\/users\/3"}],"replies":[{"embeddable":true,"href":"https:\/\/interamerica.org\/fr\/wp-json\/wp\/v2\/comments?post=100627"}],"version-history":[{"count":0,"href":"https:\/\/interamerica.org\/fr\/wp-json\/wp\/v2\/posts\/100627\/revisions"}],"wp:featuredmedia":[{"embeddable":true,"href":"https:\/\/interamerica.org\/fr\/wp-json\/wp\/v2\/media\/100597"}],"wp:attachment":[{"href":"https:\/\/interamerica.org\/fr\/wp-json\/wp\/v2\/media?parent=100627"}],"wp:term":[{"taxonomy":"category","embeddable":true,"href":"https:\/\/interamerica.org\/fr\/wp-json\/wp\/v2\/categories?post=100627"},{"taxonomy":"post_tag","embeddable":true,"href":"https:\/\/interamerica.org\/fr\/wp-json\/wp\/v2\/tags?post=100627"}],"curies":[{"name":"wp","href":"https:\/\/api.w.org\/{rel}","templated":true}]}}