{"id":100637,"date":"2023-07-07T10:58:31","date_gmt":"2023-07-07T14:58:31","guid":{"rendered":"https:\/\/interamerica.org\/?p=100637"},"modified":"2023-07-07T13:17:15","modified_gmt":"2023-07-07T17:17:15","slug":"la-voie-de-la-sagesse","status":"publish","type":"post","link":"https:\/\/interamerica.org\/fr\/2023\/07\/la-voie-de-la-sagesse\/","title":{"rendered":"La voie de la sagesse"},"content":{"rendered":"<p><em>Ci-dessous, un message adress\u00e9 \u00e0 l\u2019\u00c9glise adventiste du septi\u00e8me jour par le pr\u00e9sident de la Division Inter Am\u00e9ricaine, Elie Henry \u2013 \u00c9quipe de Presse de la DIA<\/em><\/p>\n<p>7 juillet 2023 | Miami, Florida, \u00c9tats-Unis, | Elie Henry, pr\u00e9sident de l\u2019\u00c9glise Adventiste du Septi\u00e8me jour en Inter Am\u00e9rique<\/p>\n<p><span style=\"font-weight: 400;\">Chers fr\u00e8res et s\u0153urs de l&rsquo;Inter Am\u00e9rique, <\/span><\/p>\n<p><span style=\"font-weight: 400;\">Je remercie Dieu grandement <\/span><span style=\"font-weight: 400;\">pour les opportunit\u00e9s que nous avons eues <\/span><span style=\"font-weight: 400;\">en tant qu&rsquo;\u00e9glise, <\/span><span style=\"font-weight: 400;\">au cours des six premiers mois de l&rsquo;ann\u00e9e pour nous impliquer dans la mission de pr\u00eacher le message du salut.<\/span><\/p>\n<p><span style=\"font-weight: 400;\">Nous avons commenc\u00e9 ce mois de juillet avec de nombreuses activit\u00e9s pour les enfants, les jeunes et les \u00e9tudiants universitaires, telles que l&rsquo;exp\u00e9rience biblique de vacances, des campagnes pour les jeunes et le t\u00e9moignage en ligne, entre autres.<\/span><\/p>\n<p><span style=\"font-weight: 400;\">En tant qu&rsquo;\u00e9glise, nous appr\u00e9cions le potentiel qu&rsquo;ont les enfants, les adolescents et les jeunes d&rsquo;\u00eatre des disciples de J\u00e9sus et des agents de changement dans leurs foyers, leurs communaut\u00e9s et leurs \u00e9glises et nous sommes conscients des d\u00e9fis et des influences n\u00e9gatives auxquels ils sont expos\u00e9s ; Pour cette raison, nous avons le devoir de les inspirer \u00e0 vivre pour le Christ, de les impliquer activement dans la vie de l&rsquo;\u00e9glise et de les \u00e9quiper pour \u00eatre de fid\u00e8les disciples. Mais nous avons aussi le devoir de prier pour eux chaque jour, afin qu&rsquo;ils soient remplis de l&rsquo;Esprit Saint, guid\u00e9s par sa sagesse et son discernement dans tous les domaines de leur vie.<\/span><\/p>\n<p><span style=\"font-weight: 400;\">Pr\u00e9cis\u00e9ment<\/span><span style=\"font-weight: 400;\"> Proverbes 4:11-12<\/span><span style=\"font-weight: 400;\">, inclut une promesse qui r\u00e9sulte de la sagesse et de la direction de Dieu dans la vie des enfants et des jeunes :<\/span><span style=\"font-weight: 400;\"> \u00abJe te montre la voie de la sagesse, Je te conduis dans les sentiers de la droiture. 12 Si tu marches, ton pas ne sera point g\u00ean\u00e9; Et si tu cours, tu ne chancelleras point.<\/span><span style=\"font-weight: 400;\">\u00a0<\/span><\/p>\n<p><span style=\"font-weight: 400;\">Je vous invite \u00e0 vous joindre \u00e0 la culture de la foi et de la croissance spirituelle de nos prochaines g\u00e9n\u00e9rations.<\/span><\/p>\n<p><span style=\"font-weight: 400;\">Que Dieu <\/span><span style=\"font-weight: 400;\">vous<\/span><span style=\"font-weight: 400;\"> b\u00e9nisse,<\/span><\/p>\n<p>Elie Henry, pr\u00e9sident<br \/>\nDivision Interam\u00e9ricaine<\/p>\n","protected":false},"excerpt":{"rendered":"<p>Ci-dessous, un message adress\u00e9 \u00e0 l\u2019\u00c9glise adventiste du septi\u00e8me jour par le pr\u00e9sident de la Division Inter Am\u00e9ricaine, Elie Henry \u2013 \u00c9quipe de Presse de la DIA 7 juillet 2023&#8230;<\/p>\n","protected":false},"author":3,"featured_media":100629,"comment_status":"closed","ping_status":"closed","sticky":false,"template":"","format":"standard","meta":{"_acf_changed":false,"footnotes":""},"categories":[20,19],"tags":[],"class_list":["post-100637","post","type-post","status-publish","format-standard","has-post-thumbnail","hentry","category-nouvelles-du-siege-de-la-division","category-rss-francais"],"acf":[],"yoast_head":"<!-- This site is optimized with the Yoast SEO plugin v27.3 - https:\/\/yoast.com\/product\/yoast-seo-wordpress\/ -->\n<title>La voie de la sagesse - \u00c9glise Adventiste Du Septieme Jour - Inter Am\u00e9rique Division<\/title>\n<meta name=\"robots\" content=\"index, follow, max-snippet:-1, max-image-preview:large, max-video-preview:-1\" \/>\n<link rel=\"canonical\" href=\"https:\/\/interamerica.org\/fr\/2023\/07\/la-voie-de-la-sagesse\/\" \/>\n<meta property=\"og:locale\" content=\"fr_FR\" \/>\n<meta property=\"og:type\" content=\"article\" \/>\n<meta property=\"og:title\" content=\"La voie de la sagesse - \u00c9glise Adventiste Du Septieme Jour - Inter Am\u00e9rique Division\" \/>\n<meta property=\"og:description\" content=\"Ci-dessous, un message adress\u00e9 \u00e0 l\u2019\u00c9glise adventiste du septi\u00e8me jour par le pr\u00e9sident de la Division Inter Am\u00e9ricaine, Elie Henry \u2013 \u00c9quipe de Presse de la DIA 7 juillet 2023...\" \/>\n<meta property=\"og:url\" content=\"https:\/\/interamerica.org\/fr\/2023\/07\/la-voie-de-la-sagesse\/\" \/>\n<meta property=\"og:site_name\" content=\"\u00c9glise Adventiste Du Septieme Jour - Inter Am\u00e9rique Division\" \/>\n<meta property=\"article:published_time\" content=\"2023-07-07T14:58:31+00:00\" \/>\n<meta property=\"article:modified_time\" content=\"2023-07-07T17:17:15+00:00\" \/>\n<meta property=\"og:image\" content=\"https:\/\/interamerica.org\/wp-content\/uploads\/2023\/07\/eh-jul7-2023.jpg\" \/>\n\t<meta property=\"og:image:width\" content=\"1000\" \/>\n\t<meta property=\"og:image:height\" content=\"619\" \/>\n\t<meta property=\"og:image:type\" content=\"image\/jpeg\" \/>\n<meta name=\"author\" content=\"libna\" \/>\n<meta name=\"twitter:card\" content=\"summary_large_image\" \/>\n<meta name=\"twitter:label1\" content=\"\u00c9crit par\" \/>\n\t<meta name=\"twitter:data1\" content=\"libna\" \/>\n\t<meta name=\"twitter:label2\" content=\"Dur\u00e9e de lecture estim\u00e9e\" \/>\n\t<meta name=\"twitter:data2\" content=\"2 minutes\" \/>\n<script type=\"application\/ld+json\" class=\"yoast-schema-graph\">{\"@context\":\"https:\\\/\\\/schema.org\",\"@graph\":[{\"@type\":\"Article\",\"@id\":\"https:\\\/\\\/interamerica.org\\\/fr\\\/2023\\\/07\\\/la-voie-de-la-sagesse\\\/#article\",\"isPartOf\":{\"@id\":\"https:\\\/\\\/interamerica.org\\\/fr\\\/2023\\\/07\\\/la-voie-de-la-sagesse\\\/\"},\"author\":{\"name\":\"libna\",\"@id\":\"https:\\\/\\\/interamerica.org\\\/fr\\\/#\\\/schema\\\/person\\\/29998f2bc2d8bd0d38662909289b54f1\"},\"headline\":\"La voie de la sagesse\",\"datePublished\":\"2023-07-07T14:58:31+00:00\",\"dateModified\":\"2023-07-07T17:17:15+00:00\",\"mainEntityOfPage\":{\"@id\":\"https:\\\/\\\/interamerica.org\\\/fr\\\/2023\\\/07\\\/la-voie-de-la-sagesse\\\/\"},\"wordCount\":368,\"image\":{\"@id\":\"https:\\\/\\\/interamerica.org\\\/fr\\\/2023\\\/07\\\/la-voie-de-la-sagesse\\\/#primaryimage\"},\"thumbnailUrl\":\"https:\\\/\\\/interamerica.org\\\/wp-content\\\/uploads\\\/2023\\\/07\\\/eh-jul7-2023.jpg\",\"articleSection\":[\"Nouvelles du si\u00e8ge de la division\",\"RSS Fran\u00e7ais\"],\"inLanguage\":\"fr-FR\"},{\"@type\":\"WebPage\",\"@id\":\"https:\\\/\\\/interamerica.org\\\/fr\\\/2023\\\/07\\\/la-voie-de-la-sagesse\\\/\",\"url\":\"https:\\\/\\\/interamerica.org\\\/fr\\\/2023\\\/07\\\/la-voie-de-la-sagesse\\\/\",\"name\":\"La voie de la sagesse - \u00c9glise Adventiste Du Septieme Jour - Inter Am\u00e9rique Division\",\"isPartOf\":{\"@id\":\"https:\\\/\\\/interamerica.org\\\/fr\\\/#website\"},\"primaryImageOfPage\":{\"@id\":\"https:\\\/\\\/interamerica.org\\\/fr\\\/2023\\\/07\\\/la-voie-de-la-sagesse\\\/#primaryimage\"},\"image\":{\"@id\":\"https:\\\/\\\/interamerica.org\\\/fr\\\/2023\\\/07\\\/la-voie-de-la-sagesse\\\/#primaryimage\"},\"thumbnailUrl\":\"https:\\\/\\\/interamerica.org\\\/wp-content\\\/uploads\\\/2023\\\/07\\\/eh-jul7-2023.jpg\",\"datePublished\":\"2023-07-07T14:58:31+00:00\",\"dateModified\":\"2023-07-07T17:17:15+00:00\",\"author\":{\"@id\":\"https:\\\/\\\/interamerica.org\\\/fr\\\/#\\\/schema\\\/person\\\/29998f2bc2d8bd0d38662909289b54f1\"},\"breadcrumb\":{\"@id\":\"https:\\\/\\\/interamerica.org\\\/fr\\\/2023\\\/07\\\/la-voie-de-la-sagesse\\\/#breadcrumb\"},\"inLanguage\":\"fr-FR\",\"potentialAction\":[{\"@type\":\"ReadAction\",\"target\":[\"https:\\\/\\\/interamerica.org\\\/fr\\\/2023\\\/07\\\/la-voie-de-la-sagesse\\\/\"]}]},{\"@type\":\"ImageObject\",\"inLanguage\":\"fr-FR\",\"@id\":\"https:\\\/\\\/interamerica.org\\\/fr\\\/2023\\\/07\\\/la-voie-de-la-sagesse\\\/#primaryimage\",\"url\":\"https:\\\/\\\/interamerica.org\\\/wp-content\\\/uploads\\\/2023\\\/07\\\/eh-jul7-2023.jpg\",\"contentUrl\":\"https:\\\/\\\/interamerica.org\\\/wp-content\\\/uploads\\\/2023\\\/07\\\/eh-jul7-2023.jpg\",\"width\":1000,\"height\":619,\"caption\":\"[Photo: IAD File Photo]\"},{\"@type\":\"BreadcrumbList\",\"@id\":\"https:\\\/\\\/interamerica.org\\\/fr\\\/2023\\\/07\\\/la-voie-de-la-sagesse\\\/#breadcrumb\",\"itemListElement\":[{\"@type\":\"ListItem\",\"position\":1,\"name\":\"Home\",\"item\":\"https:\\\/\\\/interamerica.org\\\/fr\\\/\"},{\"@type\":\"ListItem\",\"position\":2,\"name\":\"La voie de la sagesse\"}]},{\"@type\":\"WebSite\",\"@id\":\"https:\\\/\\\/interamerica.org\\\/fr\\\/#website\",\"url\":\"https:\\\/\\\/interamerica.org\\\/fr\\\/\",\"name\":\"\u00c9glise Adventiste Du Septieme Jour - Inter Am\u00e9rique Division\",\"description\":\"\",\"potentialAction\":[{\"@type\":\"SearchAction\",\"target\":{\"@type\":\"EntryPoint\",\"urlTemplate\":\"https:\\\/\\\/interamerica.org\\\/fr\\\/?s={search_term_string}\"},\"query-input\":{\"@type\":\"PropertyValueSpecification\",\"valueRequired\":true,\"valueName\":\"search_term_string\"}}],\"inLanguage\":\"fr-FR\"},{\"@type\":\"Person\",\"@id\":\"https:\\\/\\\/interamerica.org\\\/fr\\\/#\\\/schema\\\/person\\\/29998f2bc2d8bd0d38662909289b54f1\",\"name\":\"libna\",\"image\":{\"@type\":\"ImageObject\",\"inLanguage\":\"fr-FR\",\"@id\":\"https:\\\/\\\/secure.gravatar.com\\\/avatar\\\/7c5bd30ae4b47a9ba3c856590957fd1d96dc588bf3ac05719d247e126840331f?s=96&d=mm&r=g\",\"url\":\"https:\\\/\\\/secure.gravatar.com\\\/avatar\\\/7c5bd30ae4b47a9ba3c856590957fd1d96dc588bf3ac05719d247e126840331f?s=96&d=mm&r=g\",\"contentUrl\":\"https:\\\/\\\/secure.gravatar.com\\\/avatar\\\/7c5bd30ae4b47a9ba3c856590957fd1d96dc588bf3ac05719d247e126840331f?s=96&d=mm&r=g\",\"caption\":\"libna\"}}]}<\/script>\n<!-- \/ Yoast SEO plugin. -->","yoast_head_json":{"title":"La voie de la sagesse - \u00c9glise Adventiste Du Septieme Jour - Inter Am\u00e9rique Division","robots":{"index":"index","follow":"follow","max-snippet":"max-snippet:-1","max-image-preview":"max-image-preview:large","max-video-preview":"max-video-preview:-1"},"canonical":"https:\/\/interamerica.org\/fr\/2023\/07\/la-voie-de-la-sagesse\/","og_locale":"fr_FR","og_type":"article","og_title":"La voie de la sagesse - \u00c9glise Adventiste Du Septieme Jour - Inter Am\u00e9rique Division","og_description":"Ci-dessous, un message adress\u00e9 \u00e0 l\u2019\u00c9glise adventiste du septi\u00e8me jour par le pr\u00e9sident de la Division Inter Am\u00e9ricaine, Elie Henry \u2013 \u00c9quipe de Presse de la DIA 7 juillet 2023...","og_url":"https:\/\/interamerica.org\/fr\/2023\/07\/la-voie-de-la-sagesse\/","og_site_name":"\u00c9glise Adventiste Du Septieme Jour - Inter Am\u00e9rique Division","article_published_time":"2023-07-07T14:58:31+00:00","article_modified_time":"2023-07-07T17:17:15+00:00","og_image":[{"width":1000,"height":619,"url":"https:\/\/interamerica.org\/wp-content\/uploads\/2023\/07\/eh-jul7-2023.jpg","type":"image\/jpeg"}],"author":"libna","twitter_card":"summary_large_image","twitter_misc":{"\u00c9crit par":"libna","Dur\u00e9e de lecture estim\u00e9e":"2 minutes"},"schema":{"@context":"https:\/\/schema.org","@graph":[{"@type":"Article","@id":"https:\/\/interamerica.org\/fr\/2023\/07\/la-voie-de-la-sagesse\/#article","isPartOf":{"@id":"https:\/\/interamerica.org\/fr\/2023\/07\/la-voie-de-la-sagesse\/"},"author":{"name":"libna","@id":"https:\/\/interamerica.org\/fr\/#\/schema\/person\/29998f2bc2d8bd0d38662909289b54f1"},"headline":"La voie de la sagesse","datePublished":"2023-07-07T14:58:31+00:00","dateModified":"2023-07-07T17:17:15+00:00","mainEntityOfPage":{"@id":"https:\/\/interamerica.org\/fr\/2023\/07\/la-voie-de-la-sagesse\/"},"wordCount":368,"image":{"@id":"https:\/\/interamerica.org\/fr\/2023\/07\/la-voie-de-la-sagesse\/#primaryimage"},"thumbnailUrl":"https:\/\/interamerica.org\/wp-content\/uploads\/2023\/07\/eh-jul7-2023.jpg","articleSection":["Nouvelles du si\u00e8ge de la division","RSS Fran\u00e7ais"],"inLanguage":"fr-FR"},{"@type":"WebPage","@id":"https:\/\/interamerica.org\/fr\/2023\/07\/la-voie-de-la-sagesse\/","url":"https:\/\/interamerica.org\/fr\/2023\/07\/la-voie-de-la-sagesse\/","name":"La voie de la sagesse - \u00c9glise Adventiste Du Septieme Jour - Inter Am\u00e9rique Division","isPartOf":{"@id":"https:\/\/interamerica.org\/fr\/#website"},"primaryImageOfPage":{"@id":"https:\/\/interamerica.org\/fr\/2023\/07\/la-voie-de-la-sagesse\/#primaryimage"},"image":{"@id":"https:\/\/interamerica.org\/fr\/2023\/07\/la-voie-de-la-sagesse\/#primaryimage"},"thumbnailUrl":"https:\/\/interamerica.org\/wp-content\/uploads\/2023\/07\/eh-jul7-2023.jpg","datePublished":"2023-07-07T14:58:31+00:00","dateModified":"2023-07-07T17:17:15+00:00","author":{"@id":"https:\/\/interamerica.org\/fr\/#\/schema\/person\/29998f2bc2d8bd0d38662909289b54f1"},"breadcrumb":{"@id":"https:\/\/interamerica.org\/fr\/2023\/07\/la-voie-de-la-sagesse\/#breadcrumb"},"inLanguage":"fr-FR","potentialAction":[{"@type":"ReadAction","target":["https:\/\/interamerica.org\/fr\/2023\/07\/la-voie-de-la-sagesse\/"]}]},{"@type":"ImageObject","inLanguage":"fr-FR","@id":"https:\/\/interamerica.org\/fr\/2023\/07\/la-voie-de-la-sagesse\/#primaryimage","url":"https:\/\/interamerica.org\/wp-content\/uploads\/2023\/07\/eh-jul7-2023.jpg","contentUrl":"https:\/\/interamerica.org\/wp-content\/uploads\/2023\/07\/eh-jul7-2023.jpg","width":1000,"height":619,"caption":"[Photo: IAD File Photo]"},{"@type":"BreadcrumbList","@id":"https:\/\/interamerica.org\/fr\/2023\/07\/la-voie-de-la-sagesse\/#breadcrumb","itemListElement":[{"@type":"ListItem","position":1,"name":"Home","item":"https:\/\/interamerica.org\/fr\/"},{"@type":"ListItem","position":2,"name":"La voie de la sagesse"}]},{"@type":"WebSite","@id":"https:\/\/interamerica.org\/fr\/#website","url":"https:\/\/interamerica.org\/fr\/","name":"\u00c9glise Adventiste Du Septieme Jour - Inter Am\u00e9rique Division","description":"","potentialAction":[{"@type":"SearchAction","target":{"@type":"EntryPoint","urlTemplate":"https:\/\/interamerica.org\/fr\/?s={search_term_string}"},"query-input":{"@type":"PropertyValueSpecification","valueRequired":true,"valueName":"search_term_string"}}],"inLanguage":"fr-FR"},{"@type":"Person","@id":"https:\/\/interamerica.org\/fr\/#\/schema\/person\/29998f2bc2d8bd0d38662909289b54f1","name":"libna","image":{"@type":"ImageObject","inLanguage":"fr-FR","@id":"https:\/\/secure.gravatar.com\/avatar\/7c5bd30ae4b47a9ba3c856590957fd1d96dc588bf3ac05719d247e126840331f?s=96&d=mm&r=g","url":"https:\/\/secure.gravatar.com\/avatar\/7c5bd30ae4b47a9ba3c856590957fd1d96dc588bf3ac05719d247e126840331f?s=96&d=mm&r=g","contentUrl":"https:\/\/secure.gravatar.com\/avatar\/7c5bd30ae4b47a9ba3c856590957fd1d96dc588bf3ac05719d247e126840331f?s=96&d=mm&r=g","caption":"libna"}}]}},"_links":{"self":[{"href":"https:\/\/interamerica.org\/fr\/wp-json\/wp\/v2\/posts\/100637","targetHints":{"allow":["GET"]}}],"collection":[{"href":"https:\/\/interamerica.org\/fr\/wp-json\/wp\/v2\/posts"}],"about":[{"href":"https:\/\/interamerica.org\/fr\/wp-json\/wp\/v2\/types\/post"}],"author":[{"embeddable":true,"href":"https:\/\/interamerica.org\/fr\/wp-json\/wp\/v2\/users\/3"}],"replies":[{"embeddable":true,"href":"https:\/\/interamerica.org\/fr\/wp-json\/wp\/v2\/comments?post=100637"}],"version-history":[{"count":0,"href":"https:\/\/interamerica.org\/fr\/wp-json\/wp\/v2\/posts\/100637\/revisions"}],"wp:featuredmedia":[{"embeddable":true,"href":"https:\/\/interamerica.org\/fr\/wp-json\/wp\/v2\/media\/100629"}],"wp:attachment":[{"href":"https:\/\/interamerica.org\/fr\/wp-json\/wp\/v2\/media?parent=100637"}],"wp:term":[{"taxonomy":"category","embeddable":true,"href":"https:\/\/interamerica.org\/fr\/wp-json\/wp\/v2\/categories?post=100637"},{"taxonomy":"post_tag","embeddable":true,"href":"https:\/\/interamerica.org\/fr\/wp-json\/wp\/v2\/tags?post=100637"}],"curies":[{"name":"wp","href":"https:\/\/api.w.org\/{rel}","templated":true}]}}