{"id":100780,"date":"2023-07-10T09:34:04","date_gmt":"2023-07-10T13:34:04","guid":{"rendered":"https:\/\/interamerica.org\/?p=100780"},"modified":"2023-07-13T10:32:34","modified_gmt":"2023-07-13T14:32:34","slug":"adventhealth-investit-5-millions-de-dollars-en-soins-infirmiers","status":"publish","type":"post","link":"https:\/\/interamerica.org\/fr\/2023\/07\/adventhealth-investit-5-millions-de-dollars-en-soins-infirmiers\/","title":{"rendered":"AdventHealth investit 5 millions de dollars en soins infirmiers"},"content":{"rendered":"<p style=\"font-weight: 400;\"><b>L\u2019argent contribuera aux plans de d\u00e9veloppement de l\u2019Universit\u00e9 du centre de la Floride.<\/b><\/p>\n<p style=\"font-weight: 400;\"><span style=\"font-weight: 400;\">Le 10 juillet 2023 | Altamonte Springs, Floride, \u00c9tats-Unis | Actualit\u00e9s d\u2019AdventHealth<\/span><\/p>\n<p style=\"font-weight: 400;\"><span style=\"font-weight: 400;\">Remarque\u00a0: Les d\u00e9signations \u00ab\u00a0infirmi\u00e8res\u00a0\u00bb et \u00ab\u00a0\u00e9tudiantes\u00a0\u00bb seront utilis\u00e9es pour repr\u00e9senter tant les infirmiers que les infirmi\u00e8res et tant les \u00e9tudiants que les \u00e9tudiantes.<\/span><\/p>\n<p style=\"font-weight: 400;\"><span style=\"font-weight: 400;\">Deux des principaux syst\u00e8mes de sant\u00e9 de la Floride s\u2019unissent \u00e0 l\u2019universit\u00e9 floridienne qui forme le plus d\u2019infirmi\u00e8res afin de s\u2019attaquer \u00e0 la p\u00e9nurie d\u2019infirmi\u00e8res de cette r\u00e9gion.<\/span><\/p>\n<p style=\"font-weight: 400;\"><span style=\"font-weight: 400;\">Ayant obtenu des promesses d\u2019AdventHealth et d\u2019Orlando Health totalisant 10\u00a0millions de dollars am\u00e9ricains, la Facult\u00e9 des sciences infirmi\u00e8res de l\u2019Universit\u00e9 du centre de la Floride (UCF) a fait un \u00e9norme pas vers l\u2019obtention d\u2019un nouveau b\u00e2timent \u00e0 Lake Nona, qui permettra chaque ann\u00e9e \u00e0 l\u2019universit\u00e9 de dipl\u00f4mer des centaines d\u2019infirmi\u00e8res additionnelles qui prendront soin des patients de la r\u00e9gion et de l\u2019\u00c9tat. Le nouveau b\u00e2timent augmentera \u00e9galement la capacit\u00e9 de l\u2019universit\u00e9 de former de nouveaux professeurs en soins infirmiers, dont on a besoin pour enseigner aux infirmi\u00e8res de demain. \u00c9tant les premiers partenaires de l\u2019UCF, AdventHealth et Orlando Health se sont chacun engag\u00e9s \u00e0 investir 5\u00a0millions de dollars am\u00e9ricains pour contribuer \u00e0 ces efforts essentiels ainsi qu\u2019\u00e0 offrir aux \u00e9tudiantes en soins infirmiers de l\u2019UCF de l\u2019aide financi\u00e8re et d\u2019autres bourses d\u2019\u00e9tude.<\/span><\/p>\n<p style=\"font-weight: 400;\"><span style=\"font-weight: 400;\">\u00ab\u00a0AdventHealth et Orlando Health sont les pr\u00e9cieux partenaires de transformation de l\u2019UCF, car nous collaborons pour soutenir la sant\u00e9 et le bien-\u00eatre dans notre communaut\u00e9, a dit Alexander N. Cartwright, recteur de l\u2019UCF. Leur stable partenariat et leurs g\u00e9n\u00e9reux investissements dans la Facult\u00e9 des sciences infirmi\u00e8res de l\u2019UCF aura un r\u00e9el impact sur notre r\u00e9gion pour les g\u00e9n\u00e9rations \u00e0 venir.\u00a0\u00bb<\/span><\/p>\n<p style=\"font-weight: 400;\"><span style=\"font-weight: 400;\">Ensemble, AdventHealth et Orlando Health emploient plus de 12\u00a0000\u00a0infirmi\u00e8res dans un total de 34 \u00e9tablissements hospitaliers couvrant tout le centre de la Floride. Les deux syst\u00e8mes d\u00e9pendront de l\u2019UCF pour la pr\u00e9paration des infirmi\u00e8res dont ils ont tant besoin pour combattre la p\u00e9nurie nationale d\u2019infirmi\u00e8res et agrandir leur main-d\u2019\u0153uvre.<\/span><\/p>\n<p style=\"font-weight: 400;\"><span style=\"font-weight: 400;\">\u00ab\u00a0Tout le secteur de la sant\u00e9 est aux prises avec le d\u00e9fi urgent de r\u00e9pondre aux besoins croissants de la Floride en mati\u00e8re de soins de sant\u00e9, et pour ce faire, il a besoin d\u2019infirmi\u00e8res comp\u00e9tentes et bien form\u00e9es, a expliqu\u00e9 Randy Haffner, PDG d\u2019AdventHealth Floride. Ce partenariat avec les principaux \u00e9tablissements d\u2019\u00e9ducation, comme l\u2019UCF, est absolument essentiel \u00e0 la fructification de nos efforts.\u00a0\u00bb<\/span><\/p>\n<p style=\"font-weight: 400;\"><span style=\"font-weight: 400;\">Selon Karen Frenier, vice-pr\u00e9sidente des ressources humaines et cheffe de direction des soins infirmiers chez Orlando Health, \u00ab\u00a0Comme de nombreux syst\u00e8mes de soins de sant\u00e9 de la Floride et des \u00c9tats-Unis, Orlando Health \u00e9value constamment ses strat\u00e9gies dans le but de les ajuster afin d\u2019offrir des soins exceptionnels aux patients. Nous sommes si heureux de ce partenariat \u00e0 long terme avec l\u2019UCF et poursuivons notre planification strat\u00e9gique des possibilit\u00e9s en mati\u00e8re de main-d\u2019\u0153uvre infirmi\u00e8re.\u00a0\u00bb<\/span><\/p>\n<p style=\"font-weight: 400;\"><span style=\"font-weight: 400;\">En plus de contribuer \u00e0 la construction du nouveau b\u00e2timent, le don de chaque h\u00f4pital aidera les \u00e9tudiantes \u00e0 r\u00e9ussir gr\u00e2ce \u00e0 la cr\u00e9ation de \u00ab\u00a0programmes d\u2019\u00e9rudits\u00a0\u00bb nomm\u00e9s \u00e0 leur honneur. Chacun de ces programmes offrira annuellement de l\u2019aide financi\u00e8re \u00e0 dix \u00e9tudiantes qui en sont \u00e0 leur derni\u00e8re ann\u00e9e en sciences infirmi\u00e8res et mettra sur pied un programme de stage d\u2019\u00e9t\u00e9 r\u00e9mun\u00e9r\u00e9 pour 10 \u00e0 15 autres \u00e9tudiantes par ann\u00e9e.<\/span><\/p>\n<p style=\"font-weight: 400;\"><span style=\"font-weight: 400;\">\u00ab\u00a0Notre partenariat de longue date avec AdventHealth et Orlando Health ont un impact important sur la communaut\u00e9. En effet, il favorise une \u00e9ducation de qualit\u00e9 pour nos \u00e9tudiantes qui se joindront \u00e0 la main-d\u2019\u0153uvre et qui offriront des soins avec comp\u00e9tence et compassion en plus de financer la recherche professorale et l\u2019innovation afin d\u2019am\u00e9liorer les r\u00e9sultats, a expliqu\u00e9 Mary Lou Sole, doyenne de la Facult\u00e9 des sciences infirmi\u00e8res de l\u2019UCF. Nous sommes extr\u00eamement reconnaissants envers ces grands syst\u00e8mes de sant\u00e9 pour leur d\u00e9vouement envers l\u2019UCF et leur g\u00e9n\u00e9reux dons d\u2019investissement dans l\u2019avenir. Ensemble, nous continuerons d\u2019am\u00e9liorer la sant\u00e9 de nos communaut\u00e9s centre-floridiennes.\u00a0\u00bb<\/span><\/p>\n<p style=\"font-weight: 400;\"><span style=\"font-weight: 400;\">L\u2019UCF dipl\u00f4me actuellement plus d\u2019infirmi\u00e8res autoris\u00e9es par ann\u00e9e que tout autre \u00e9tablissement du syst\u00e8me universitaire am\u00e9ricain, envoyant annuellement environ 260\u00a0infirmi\u00e8res sur le march\u00e9 du travail. Et la quasi-totalit\u00e9 d\u2019entre elles, soit 85\u00a0% des 16\u00a0000\u00a0anciennes \u00e9tudiantes infirmi\u00e8res, vivent et travaillent en Floride.<\/span><\/p>\n<p style=\"font-weight: 400;\"><span style=\"font-weight: 400;\">L\u2019ann\u00e9e derni\u00e8re, la Facult\u00e9 des sciences infirmi\u00e8res a ajout\u00e9 100 \u00e9tudiantes \u00e0 ses inscriptions habituelles afin de contribuer au maintien du rythme de la demande de la Floride pour de nouvelles infirmi\u00e8res. Le nouveau b\u00e2timent est n\u00e9cessaire \u00e0 cette augmentation des inscriptions, et lorsqu\u2019il sera achev\u00e9, ses 8\u00a0360 m\u00e8tres carr\u00e9s suffiront \u00e0 une augmentation des inscriptions d\u2019au moins 50\u00a0%, lui permettant d\u2019avoir un impact bien plus important sur l\u2019all\u00e8gement de la p\u00e9nurie d\u2019infirmi\u00e8res en Floride.\u00a0\u00a0\u00a0<\/span><\/p>\n<p style=\"font-weight: 400;\"><span style=\"font-weight: 400;\">L\u2019UCF est toujours \u00e0 la recherche d\u2019investissements philanthropiques pour le nouveau b\u00e2timent alors qu\u2019elle approche de son objectif de recueillir 70\u00a0millions de dollars am\u00e9ricains n\u00e9cessaires au commencement des travaux. Jusqu\u2019ici, 26,2\u00a0millions de dollars ont \u00e9t\u00e9 recueillis en dons philanthropiques, qui seront ajout\u00e9s aux 43,7 millions promis par l\u2019\u00c9tat de la Floride pour soutenir la r\u00e9gion et lui offrir des soins de sant\u00e9 dignes du 21<\/span><span style=\"font-weight: 400;\">e<\/span><span style=\"font-weight: 400;\"> si\u00e8cle.<\/span><\/p>\n<p style=\"font-weight: 400;\"><span style=\"font-weight: 400;\">La <\/span><a href=\"https:\/\/www.adventhealth.com\/news\/adventhealth-invests-5-million-ucfs-college-nursing-fuel-future-whole-person-care\"><span style=\"font-weight: 400;\">version originale<\/span><\/a><span style=\"font-weight: 400;\"> de cette histoire a \u00e9t\u00e9 publi\u00e9e sur le <\/span><a href=\"https:\/\/www.adventhealth.com\/news\"><span style=\"font-weight: 400;\">site des actualit\u00e9s<\/span><\/a><span style=\"font-weight: 400;\"> d\u2019AdventHealth.<\/span><\/p>\n<p style=\"font-weight: 400;\"><span style=\"font-weight: 400;\">Traduction : Marie-Mich\u00e8le Robitaille<\/span><\/p>\n","protected":false},"excerpt":{"rendered":"<p>L\u2019argent contribuera aux plans de d\u00e9veloppement de l\u2019Universit\u00e9 du centre de la Floride. Le 10 juillet 2023 | Altamonte Springs, Floride, \u00c9tats-Unis | Actualit\u00e9s d\u2019AdventHealth Remarque\u00a0: Les d\u00e9signations \u00ab\u00a0infirmi\u00e8res\u00a0\u00bb et&#8230;<\/p>\n","protected":false},"author":3,"featured_media":100658,"comment_status":"closed","ping_status":"closed","sticky":false,"template":"","format":"standard","meta":{"_acf_changed":false,"footnotes":""},"categories":[18,19],"tags":[],"class_list":["post-100780","post","type-post","status-publish","format-standard","has-post-thumbnail","hentry","category-nouvelles-de-leglise-mondiale","category-rss-francais"],"acf":[],"yoast_head":"<!-- This site is optimized with the Yoast SEO plugin v27.3 - https:\/\/yoast.com\/product\/yoast-seo-wordpress\/ -->\n<title>AdventHealth investit 5 millions de dollars en soins infirmiers - \u00c9glise Adventiste Du Septieme Jour - Inter Am\u00e9rique Division<\/title>\n<meta name=\"robots\" content=\"index, follow, max-snippet:-1, max-image-preview:large, max-video-preview:-1\" \/>\n<link rel=\"canonical\" href=\"https:\/\/interamerica.org\/fr\/2023\/07\/adventhealth-investit-5-millions-de-dollars-en-soins-infirmiers\/\" \/>\n<meta property=\"og:locale\" content=\"fr_FR\" \/>\n<meta property=\"og:type\" content=\"article\" \/>\n<meta property=\"og:title\" content=\"AdventHealth investit 5 millions de dollars en soins infirmiers - \u00c9glise Adventiste Du Septieme Jour - Inter Am\u00e9rique Division\" \/>\n<meta property=\"og:description\" content=\"L\u2019argent contribuera aux plans de d\u00e9veloppement de l\u2019Universit\u00e9 du centre de la Floride. Le 10 juillet 2023 | Altamonte Springs, Floride, \u00c9tats-Unis | Actualit\u00e9s d\u2019AdventHealth Remarque\u00a0: Les d\u00e9signations \u00ab\u00a0infirmi\u00e8res\u00a0\u00bb et...\" \/>\n<meta property=\"og:url\" content=\"https:\/\/interamerica.org\/fr\/2023\/07\/adventhealth-investit-5-millions-de-dollars-en-soins-infirmiers\/\" \/>\n<meta property=\"og:site_name\" content=\"\u00c9glise Adventiste Du Septieme Jour - Inter Am\u00e9rique Division\" \/>\n<meta property=\"article:published_time\" content=\"2023-07-10T13:34:04+00:00\" \/>\n<meta property=\"article:modified_time\" content=\"2023-07-13T14:32:34+00:00\" \/>\n<meta property=\"og:image\" content=\"https:\/\/interamerica.org\/wp-content\/uploads\/2023\/07\/ucf-rendering.jpeg\" \/>\n\t<meta property=\"og:image:width\" content=\"1600\" \/>\n\t<meta property=\"og:image:height\" content=\"900\" \/>\n\t<meta property=\"og:image:type\" content=\"image\/jpeg\" \/>\n<meta name=\"author\" content=\"libna\" \/>\n<meta name=\"twitter:card\" content=\"summary_large_image\" \/>\n<meta name=\"twitter:label1\" content=\"\u00c9crit par\" \/>\n\t<meta name=\"twitter:data1\" content=\"libna\" \/>\n\t<meta name=\"twitter:label2\" content=\"Dur\u00e9e de lecture estim\u00e9e\" \/>\n\t<meta name=\"twitter:data2\" content=\"4 minutes\" \/>\n<script type=\"application\/ld+json\" class=\"yoast-schema-graph\">{\"@context\":\"https:\\\/\\\/schema.org\",\"@graph\":[{\"@type\":\"Article\",\"@id\":\"https:\\\/\\\/interamerica.org\\\/fr\\\/2023\\\/07\\\/adventhealth-investit-5-millions-de-dollars-en-soins-infirmiers\\\/#article\",\"isPartOf\":{\"@id\":\"https:\\\/\\\/interamerica.org\\\/fr\\\/2023\\\/07\\\/adventhealth-investit-5-millions-de-dollars-en-soins-infirmiers\\\/\"},\"author\":{\"name\":\"libna\",\"@id\":\"https:\\\/\\\/interamerica.org\\\/fr\\\/#\\\/schema\\\/person\\\/29998f2bc2d8bd0d38662909289b54f1\"},\"headline\":\"AdventHealth investit 5 millions de dollars en soins infirmiers\",\"datePublished\":\"2023-07-10T13:34:04+00:00\",\"dateModified\":\"2023-07-13T14:32:34+00:00\",\"mainEntityOfPage\":{\"@id\":\"https:\\\/\\\/interamerica.org\\\/fr\\\/2023\\\/07\\\/adventhealth-investit-5-millions-de-dollars-en-soins-infirmiers\\\/\"},\"wordCount\":969,\"image\":{\"@id\":\"https:\\\/\\\/interamerica.org\\\/fr\\\/2023\\\/07\\\/adventhealth-investit-5-millions-de-dollars-en-soins-infirmiers\\\/#primaryimage\"},\"thumbnailUrl\":\"https:\\\/\\\/interamerica.org\\\/wp-content\\\/uploads\\\/2023\\\/07\\\/ucf-rendering.jpeg\",\"articleSection\":[\"Nouvelles de l'\u00c9glise mondiale\",\"RSS Fran\u00e7ais\"],\"inLanguage\":\"fr-FR\"},{\"@type\":\"WebPage\",\"@id\":\"https:\\\/\\\/interamerica.org\\\/fr\\\/2023\\\/07\\\/adventhealth-investit-5-millions-de-dollars-en-soins-infirmiers\\\/\",\"url\":\"https:\\\/\\\/interamerica.org\\\/fr\\\/2023\\\/07\\\/adventhealth-investit-5-millions-de-dollars-en-soins-infirmiers\\\/\",\"name\":\"AdventHealth investit 5 millions de dollars en soins infirmiers - \u00c9glise Adventiste Du Septieme Jour - Inter Am\u00e9rique Division\",\"isPartOf\":{\"@id\":\"https:\\\/\\\/interamerica.org\\\/fr\\\/#website\"},\"primaryImageOfPage\":{\"@id\":\"https:\\\/\\\/interamerica.org\\\/fr\\\/2023\\\/07\\\/adventhealth-investit-5-millions-de-dollars-en-soins-infirmiers\\\/#primaryimage\"},\"image\":{\"@id\":\"https:\\\/\\\/interamerica.org\\\/fr\\\/2023\\\/07\\\/adventhealth-investit-5-millions-de-dollars-en-soins-infirmiers\\\/#primaryimage\"},\"thumbnailUrl\":\"https:\\\/\\\/interamerica.org\\\/wp-content\\\/uploads\\\/2023\\\/07\\\/ucf-rendering.jpeg\",\"datePublished\":\"2023-07-10T13:34:04+00:00\",\"dateModified\":\"2023-07-13T14:32:34+00:00\",\"author\":{\"@id\":\"https:\\\/\\\/interamerica.org\\\/fr\\\/#\\\/schema\\\/person\\\/29998f2bc2d8bd0d38662909289b54f1\"},\"breadcrumb\":{\"@id\":\"https:\\\/\\\/interamerica.org\\\/fr\\\/2023\\\/07\\\/adventhealth-investit-5-millions-de-dollars-en-soins-infirmiers\\\/#breadcrumb\"},\"inLanguage\":\"fr-FR\",\"potentialAction\":[{\"@type\":\"ReadAction\",\"target\":[\"https:\\\/\\\/interamerica.org\\\/fr\\\/2023\\\/07\\\/adventhealth-investit-5-millions-de-dollars-en-soins-infirmiers\\\/\"]}]},{\"@type\":\"ImageObject\",\"inLanguage\":\"fr-FR\",\"@id\":\"https:\\\/\\\/interamerica.org\\\/fr\\\/2023\\\/07\\\/adventhealth-investit-5-millions-de-dollars-en-soins-infirmiers\\\/#primaryimage\",\"url\":\"https:\\\/\\\/interamerica.org\\\/wp-content\\\/uploads\\\/2023\\\/07\\\/ucf-rendering.jpeg\",\"contentUrl\":\"https:\\\/\\\/interamerica.org\\\/wp-content\\\/uploads\\\/2023\\\/07\\\/ucf-rendering.jpeg\",\"width\":1600,\"height\":900,\"caption\":\"UCF is actively designing a 21st-century facility that will allow the university to educate more nurses and foster innovation and collaboration. [Image: UCF]\"},{\"@type\":\"BreadcrumbList\",\"@id\":\"https:\\\/\\\/interamerica.org\\\/fr\\\/2023\\\/07\\\/adventhealth-investit-5-millions-de-dollars-en-soins-infirmiers\\\/#breadcrumb\",\"itemListElement\":[{\"@type\":\"ListItem\",\"position\":1,\"name\":\"Home\",\"item\":\"https:\\\/\\\/interamerica.org\\\/fr\\\/\"},{\"@type\":\"ListItem\",\"position\":2,\"name\":\"AdventHealth investit 5 millions de dollars en soins infirmiers\"}]},{\"@type\":\"WebSite\",\"@id\":\"https:\\\/\\\/interamerica.org\\\/fr\\\/#website\",\"url\":\"https:\\\/\\\/interamerica.org\\\/fr\\\/\",\"name\":\"\u00c9glise Adventiste Du Septieme Jour - Inter Am\u00e9rique Division\",\"description\":\"\",\"potentialAction\":[{\"@type\":\"SearchAction\",\"target\":{\"@type\":\"EntryPoint\",\"urlTemplate\":\"https:\\\/\\\/interamerica.org\\\/fr\\\/?s={search_term_string}\"},\"query-input\":{\"@type\":\"PropertyValueSpecification\",\"valueRequired\":true,\"valueName\":\"search_term_string\"}}],\"inLanguage\":\"fr-FR\"},{\"@type\":\"Person\",\"@id\":\"https:\\\/\\\/interamerica.org\\\/fr\\\/#\\\/schema\\\/person\\\/29998f2bc2d8bd0d38662909289b54f1\",\"name\":\"libna\",\"image\":{\"@type\":\"ImageObject\",\"inLanguage\":\"fr-FR\",\"@id\":\"https:\\\/\\\/secure.gravatar.com\\\/avatar\\\/7c5bd30ae4b47a9ba3c856590957fd1d96dc588bf3ac05719d247e126840331f?s=96&d=mm&r=g\",\"url\":\"https:\\\/\\\/secure.gravatar.com\\\/avatar\\\/7c5bd30ae4b47a9ba3c856590957fd1d96dc588bf3ac05719d247e126840331f?s=96&d=mm&r=g\",\"contentUrl\":\"https:\\\/\\\/secure.gravatar.com\\\/avatar\\\/7c5bd30ae4b47a9ba3c856590957fd1d96dc588bf3ac05719d247e126840331f?s=96&d=mm&r=g\",\"caption\":\"libna\"}}]}<\/script>\n<!-- \/ Yoast SEO plugin. -->","yoast_head_json":{"title":"AdventHealth investit 5 millions de dollars en soins infirmiers - \u00c9glise Adventiste Du Septieme Jour - Inter Am\u00e9rique Division","robots":{"index":"index","follow":"follow","max-snippet":"max-snippet:-1","max-image-preview":"max-image-preview:large","max-video-preview":"max-video-preview:-1"},"canonical":"https:\/\/interamerica.org\/fr\/2023\/07\/adventhealth-investit-5-millions-de-dollars-en-soins-infirmiers\/","og_locale":"fr_FR","og_type":"article","og_title":"AdventHealth investit 5 millions de dollars en soins infirmiers - \u00c9glise Adventiste Du Septieme Jour - Inter Am\u00e9rique Division","og_description":"L\u2019argent contribuera aux plans de d\u00e9veloppement de l\u2019Universit\u00e9 du centre de la Floride. Le 10 juillet 2023 | Altamonte Springs, Floride, \u00c9tats-Unis | Actualit\u00e9s d\u2019AdventHealth Remarque\u00a0: Les d\u00e9signations \u00ab\u00a0infirmi\u00e8res\u00a0\u00bb et...","og_url":"https:\/\/interamerica.org\/fr\/2023\/07\/adventhealth-investit-5-millions-de-dollars-en-soins-infirmiers\/","og_site_name":"\u00c9glise Adventiste Du Septieme Jour - Inter Am\u00e9rique Division","article_published_time":"2023-07-10T13:34:04+00:00","article_modified_time":"2023-07-13T14:32:34+00:00","og_image":[{"width":1600,"height":900,"url":"https:\/\/interamerica.org\/wp-content\/uploads\/2023\/07\/ucf-rendering.jpeg","type":"image\/jpeg"}],"author":"libna","twitter_card":"summary_large_image","twitter_misc":{"\u00c9crit par":"libna","Dur\u00e9e de lecture estim\u00e9e":"4 minutes"},"schema":{"@context":"https:\/\/schema.org","@graph":[{"@type":"Article","@id":"https:\/\/interamerica.org\/fr\/2023\/07\/adventhealth-investit-5-millions-de-dollars-en-soins-infirmiers\/#article","isPartOf":{"@id":"https:\/\/interamerica.org\/fr\/2023\/07\/adventhealth-investit-5-millions-de-dollars-en-soins-infirmiers\/"},"author":{"name":"libna","@id":"https:\/\/interamerica.org\/fr\/#\/schema\/person\/29998f2bc2d8bd0d38662909289b54f1"},"headline":"AdventHealth investit 5 millions de dollars en soins infirmiers","datePublished":"2023-07-10T13:34:04+00:00","dateModified":"2023-07-13T14:32:34+00:00","mainEntityOfPage":{"@id":"https:\/\/interamerica.org\/fr\/2023\/07\/adventhealth-investit-5-millions-de-dollars-en-soins-infirmiers\/"},"wordCount":969,"image":{"@id":"https:\/\/interamerica.org\/fr\/2023\/07\/adventhealth-investit-5-millions-de-dollars-en-soins-infirmiers\/#primaryimage"},"thumbnailUrl":"https:\/\/interamerica.org\/wp-content\/uploads\/2023\/07\/ucf-rendering.jpeg","articleSection":["Nouvelles de l'\u00c9glise mondiale","RSS Fran\u00e7ais"],"inLanguage":"fr-FR"},{"@type":"WebPage","@id":"https:\/\/interamerica.org\/fr\/2023\/07\/adventhealth-investit-5-millions-de-dollars-en-soins-infirmiers\/","url":"https:\/\/interamerica.org\/fr\/2023\/07\/adventhealth-investit-5-millions-de-dollars-en-soins-infirmiers\/","name":"AdventHealth investit 5 millions de dollars en soins infirmiers - \u00c9glise Adventiste Du Septieme Jour - Inter Am\u00e9rique Division","isPartOf":{"@id":"https:\/\/interamerica.org\/fr\/#website"},"primaryImageOfPage":{"@id":"https:\/\/interamerica.org\/fr\/2023\/07\/adventhealth-investit-5-millions-de-dollars-en-soins-infirmiers\/#primaryimage"},"image":{"@id":"https:\/\/interamerica.org\/fr\/2023\/07\/adventhealth-investit-5-millions-de-dollars-en-soins-infirmiers\/#primaryimage"},"thumbnailUrl":"https:\/\/interamerica.org\/wp-content\/uploads\/2023\/07\/ucf-rendering.jpeg","datePublished":"2023-07-10T13:34:04+00:00","dateModified":"2023-07-13T14:32:34+00:00","author":{"@id":"https:\/\/interamerica.org\/fr\/#\/schema\/person\/29998f2bc2d8bd0d38662909289b54f1"},"breadcrumb":{"@id":"https:\/\/interamerica.org\/fr\/2023\/07\/adventhealth-investit-5-millions-de-dollars-en-soins-infirmiers\/#breadcrumb"},"inLanguage":"fr-FR","potentialAction":[{"@type":"ReadAction","target":["https:\/\/interamerica.org\/fr\/2023\/07\/adventhealth-investit-5-millions-de-dollars-en-soins-infirmiers\/"]}]},{"@type":"ImageObject","inLanguage":"fr-FR","@id":"https:\/\/interamerica.org\/fr\/2023\/07\/adventhealth-investit-5-millions-de-dollars-en-soins-infirmiers\/#primaryimage","url":"https:\/\/interamerica.org\/wp-content\/uploads\/2023\/07\/ucf-rendering.jpeg","contentUrl":"https:\/\/interamerica.org\/wp-content\/uploads\/2023\/07\/ucf-rendering.jpeg","width":1600,"height":900,"caption":"UCF is actively designing a 21st-century facility that will allow the university to educate more nurses and foster innovation and collaboration. [Image: UCF]"},{"@type":"BreadcrumbList","@id":"https:\/\/interamerica.org\/fr\/2023\/07\/adventhealth-investit-5-millions-de-dollars-en-soins-infirmiers\/#breadcrumb","itemListElement":[{"@type":"ListItem","position":1,"name":"Home","item":"https:\/\/interamerica.org\/fr\/"},{"@type":"ListItem","position":2,"name":"AdventHealth investit 5 millions de dollars en soins infirmiers"}]},{"@type":"WebSite","@id":"https:\/\/interamerica.org\/fr\/#website","url":"https:\/\/interamerica.org\/fr\/","name":"\u00c9glise Adventiste Du Septieme Jour - Inter Am\u00e9rique Division","description":"","potentialAction":[{"@type":"SearchAction","target":{"@type":"EntryPoint","urlTemplate":"https:\/\/interamerica.org\/fr\/?s={search_term_string}"},"query-input":{"@type":"PropertyValueSpecification","valueRequired":true,"valueName":"search_term_string"}}],"inLanguage":"fr-FR"},{"@type":"Person","@id":"https:\/\/interamerica.org\/fr\/#\/schema\/person\/29998f2bc2d8bd0d38662909289b54f1","name":"libna","image":{"@type":"ImageObject","inLanguage":"fr-FR","@id":"https:\/\/secure.gravatar.com\/avatar\/7c5bd30ae4b47a9ba3c856590957fd1d96dc588bf3ac05719d247e126840331f?s=96&d=mm&r=g","url":"https:\/\/secure.gravatar.com\/avatar\/7c5bd30ae4b47a9ba3c856590957fd1d96dc588bf3ac05719d247e126840331f?s=96&d=mm&r=g","contentUrl":"https:\/\/secure.gravatar.com\/avatar\/7c5bd30ae4b47a9ba3c856590957fd1d96dc588bf3ac05719d247e126840331f?s=96&d=mm&r=g","caption":"libna"}}]}},"_links":{"self":[{"href":"https:\/\/interamerica.org\/fr\/wp-json\/wp\/v2\/posts\/100780","targetHints":{"allow":["GET"]}}],"collection":[{"href":"https:\/\/interamerica.org\/fr\/wp-json\/wp\/v2\/posts"}],"about":[{"href":"https:\/\/interamerica.org\/fr\/wp-json\/wp\/v2\/types\/post"}],"author":[{"embeddable":true,"href":"https:\/\/interamerica.org\/fr\/wp-json\/wp\/v2\/users\/3"}],"replies":[{"embeddable":true,"href":"https:\/\/interamerica.org\/fr\/wp-json\/wp\/v2\/comments?post=100780"}],"version-history":[{"count":0,"href":"https:\/\/interamerica.org\/fr\/wp-json\/wp\/v2\/posts\/100780\/revisions"}],"wp:featuredmedia":[{"embeddable":true,"href":"https:\/\/interamerica.org\/fr\/wp-json\/wp\/v2\/media\/100658"}],"wp:attachment":[{"href":"https:\/\/interamerica.org\/fr\/wp-json\/wp\/v2\/media?parent=100780"}],"wp:term":[{"taxonomy":"category","embeddable":true,"href":"https:\/\/interamerica.org\/fr\/wp-json\/wp\/v2\/categories?post=100780"},{"taxonomy":"post_tag","embeddable":true,"href":"https:\/\/interamerica.org\/fr\/wp-json\/wp\/v2\/tags?post=100780"}],"curies":[{"name":"wp","href":"https:\/\/api.w.org\/{rel}","templated":true}]}}