{"id":100853,"date":"2023-07-11T15:12:07","date_gmt":"2023-07-11T19:12:07","guid":{"rendered":"https:\/\/interamerica.org\/?p=100853"},"modified":"2023-07-13T10:35:48","modified_gmt":"2023-07-13T14:35:48","slug":"une-usine-de-biogaz-fournit-de-lenergie-aux-familles-sinistrees","status":"publish","type":"post","link":"https:\/\/interamerica.org\/fr\/2023\/07\/une-usine-de-biogaz-fournit-de-lenergie-aux-familles-sinistrees\/","title":{"rendered":"Une usine de biogaz fournit de l\u2019\u00e9nergie aux familles sinistr\u00e9es"},"content":{"rendered":"<h4><\/h4>\n<p><div id=\"attachment_100727\" style=\"width: 858px\" class=\"wp-caption aligncenter\"><img fetchpriority=\"high\" decoding=\"async\" aria-describedby=\"caption-attachment-100727\" class=\" wp-image-100726\" src=\"https:\/\/interamerica.org\/wp-content\/uploads\/2023\/07\/adra-austria-1-1024x512.png\" alt=\"Biogas plant under construction in Koro Island, Fiji. [Photo: Marcel Wagner, ADRA Austria]\" width=\"848\" height=\"424\" srcset=\"https:\/\/interamerica.org\/wp-content\/uploads\/2023\/07\/adra-austria-1-1024x512.png 1024w, https:\/\/interamerica.org\/wp-content\/uploads\/2023\/07\/adra-austria-1-300x150.png 300w, https:\/\/interamerica.org\/wp-content\/uploads\/2023\/07\/adra-austria-1-768x384.png 768w, https:\/\/interamerica.org\/wp-content\/uploads\/2023\/07\/adra-austria-1.png 1500w\" sizes=\"(max-width: 848px) 100vw, 848px\" \/><p id=\"caption-attachment-100727\" class=\"wp-caption-text\"><span style=\"font-weight: 400;\">L\u2019usine de biogaz en construction \u00e0 l\u2019\u00eele de Koro, aux Fidji. [Une photo de Marcel Wagner pour ADRA Autriche]<\/span><\/p><\/div><b>Cette initiative d\u2019ADRA Autriche aide des familles de l\u2019\u00eele fidjienne de Koro.\u00a0<\/b><\/p>\n<p><span style=\"font-weight: 400;\">Le 11 juillet 2023 | Autriche | J\u00fcrgen Dostal, ADRA Autriche et Adventist Review<\/span><\/p>\n<p><span style=\"font-weight: 400;\">En 2016, un typhon a d\u00e9truit l\u2019\u00eele de Koro, l\u2019une des principales \u00eeles des Fidji. Depuis lors, l\u2019Agence de d\u00e9veloppement et de secours adventiste (ADRA) en Autriche offre de l\u2019aide en mati\u00e8re de reconstruction, et ce, principalement par des m\u00e9thodes non traditionnelles d\u2019agriculture et la production d\u2019\u00e9nergie sans effets sur le climat. En mai dernier, Marcel Wagner, directeur d\u2019ADRA Autriche s\u2019est rendu sur l\u2019\u00eele pour diriger une \u00e9quipe dans la construction d\u2019une usine de biogaz autonome.<\/span><\/p>\n<p><b>Un mod\u00e8le simple<\/b><\/p>\n<p><span style=\"font-weight: 400;\">ADRA Autriche a rapport\u00e9 que la construction d\u2019une usine de biogaz est tr\u00e8s simple. Le cylindre de fermentation d\u2019un volume de six m\u00e8tres cubes est fait de briques et construit dans une fosse d\u2019environ 1,5 m\u00e8tre de profondeur. Apr\u00e8s la fabrication du cylindre, de la terre est ajout\u00e9e autour du cylindre pour cr\u00e9er suffisamment de force stabilisatrice contre la pression g\u00e9n\u00e9r\u00e9e \u00e0 l\u2019int\u00e9rieur. \u00c0 0,5 bar, la pression caus\u00e9e par la fermentation naturelle d\u2019excr\u00e9ments humains et animaux est relativement faible.<\/span><\/p>\n<p><div id=\"attachment_100730\" style=\"width: 857px\" class=\"wp-caption aligncenter\"><img decoding=\"async\" aria-describedby=\"caption-attachment-100730\" class=\" wp-image-100729\" src=\"https:\/\/interamerica.org\/wp-content\/uploads\/2023\/07\/fiji3-1536x1152-1-1024x768.jpeg\" alt=\"\" width=\"847\" height=\"635\" srcset=\"https:\/\/interamerica.org\/wp-content\/uploads\/2023\/07\/fiji3-1536x1152-1-1024x768.jpeg 1024w, https:\/\/interamerica.org\/wp-content\/uploads\/2023\/07\/fiji3-1536x1152-1-300x225.jpeg 300w, https:\/\/interamerica.org\/wp-content\/uploads\/2023\/07\/fiji3-1536x1152-1-768x576.jpeg 768w, https:\/\/interamerica.org\/wp-content\/uploads\/2023\/07\/fiji3-1536x1152-1.jpeg 1536w\" sizes=\"(max-width: 847px) 100vw, 847px\" \/><p id=\"caption-attachment-100730\" class=\"wp-caption-text\"><span style=\"font-weight: 400;\">Les \u00e9l\u00e8ves suivent la construction avec grand int\u00e9r\u00eat. [Une photo de Marcel Wagner pour ADRA Autriche]<\/span><\/p><\/div><span style=\"font-weight: 400;\">\u00c9tant donn\u00e9 qu\u2019il est tr\u00e8s dispendieux de transporter du b\u00e9ton jusqu\u2019\u00e0 cette \u00eele du Pacifique situ\u00e9e \u00e0 quelque 2\u00a0000\u00a0kilom\u00e8tres de l\u2019Australie, un autre m\u00e9lange de ressources disponibles sur les lieux a \u00e9t\u00e9 utilis\u00e9. En plus des briques, des tuyaux d\u2019arrosage faits de caoutchouc seulement sont n\u00e9cessaires \u00e0 la distribution du gaz dans les maisons. Le co\u00fbt total d\u2019un seul syst\u00e8me s\u2019\u00e9l\u00e8ve \u00e0 environ 2\u00a0500\u00a0euros (autour de 2\u00a0737\u00a0dollars am\u00e9ricains). Cependant, cet investissement sera rentabilis\u00e9 en quelques ann\u00e9es, car, selon les dirigeants d\u2019ADRA, les bonbonnes de gaz import\u00e9es sont extr\u00eamement dispendieuses.<\/span><\/p>\n<p><b>De l\u2019\u00e9nergie pour trois foyers<\/b><\/p>\n<p><span style=\"font-weight: 400;\">D\u2019apr\u00e8s ADRA Autriche, une aussi petite usine de biogaz produit suffisamment d\u2019\u00e9nergie pour environ trois familles et peut facilement \u00eatre construite avec la collaboration des r\u00e9sidents. Elle permet aux familles de devenir ind\u00e9pendantes et de ne plus \u00eatre affect\u00e9es par le prix \u00e9lev\u00e9 du gaz.<\/span><\/p>\n<p><div id=\"attachment_100733\" style=\"width: 880px\" class=\"wp-caption aligncenter\"><img decoding=\"async\" aria-describedby=\"caption-attachment-100733\" class=\" wp-image-100732\" src=\"https:\/\/interamerica.org\/wp-content\/uploads\/2023\/07\/fiji5-1536x1152-1-1024x768.jpeg\" alt=\"\" width=\"870\" height=\"653\" srcset=\"https:\/\/interamerica.org\/wp-content\/uploads\/2023\/07\/fiji5-1536x1152-1-1024x768.jpeg 1024w, https:\/\/interamerica.org\/wp-content\/uploads\/2023\/07\/fiji5-1536x1152-1-300x225.jpeg 300w, https:\/\/interamerica.org\/wp-content\/uploads\/2023\/07\/fiji5-1536x1152-1-768x576.jpeg 768w, https:\/\/interamerica.org\/wp-content\/uploads\/2023\/07\/fiji5-1536x1152-1.jpeg 1536w\" sizes=\"(max-width: 870px) 100vw, 870px\" \/><p id=\"caption-attachment-100733\" class=\"wp-caption-text\"><span style=\"font-weight: 400;\">Les travailleurs \u00e0 l\u2019approche de l\u2019ach\u00e8vement de l\u2019usine de biogaz. Lorsque la construction sera achev\u00e9e, ils ajouteront de la terre autour du cylindre pour le stabiliser. [Une photo de Marcel Wagner d\u2019ADRA Autriche]<\/span><\/p><\/div><span style=\"font-weight: 400;\">M\u00eame \u00e0 ce prix, ce n\u2019est pas toujours facile pour les familles de financer une telle construction. Mais ADRA a r\u00e9ussi \u00e0 financer le projet gr\u00e2ce \u00e0 des associations d\u2019\u00e9pargne \u00e9tablies aux \u00eeles Fidji. L\u2019association de nombreux petits \u00e9pargnants priv\u00e9s rend possible l\u2019acc\u00e8s \u00e0 des fonds pour construire les usines comme celle qui vient d\u2019\u00eatre compl\u00e9t\u00e9e \u00e0 Koro. Il faut cependant que les familles puissent faire un profit avec l\u2019usine de biogaz afin de rembourser le capital aux associations d\u2019\u00e9pargne, ont expliqu\u00e9 les dirigeants d\u2019ADRA.<\/span><\/p>\n<p><b>Transfert des connaissances<\/b><\/p>\n<p><span style=\"font-weight: 400;\">\u00ab\u00a0Avec des projets comme celui-ci, ADRA Autriche aide des gens \u00e0 s\u2019aider eux-m\u00eames, ont dit les dirigeants d\u2019ADRA. Dans ce but, il est important que les connaissances soient r\u00e9pandues dans la population et que les gens apprennent \u00e0 b\u00e9n\u00e9ficier directement du savoir-faire.\u00a0\u00bb Sur l\u2019\u00eele de Koro, ont-ils expliqu\u00e9, le transfert des connaissances se fait par la collaboration avec l\u2019universit\u00e9 locale.<\/span><\/p>\n<p><div id=\"attachment_100736\" style=\"width: 475px\" class=\"wp-caption aligncenter\"><img loading=\"lazy\" decoding=\"async\" aria-describedby=\"caption-attachment-100736\" class=\" wp-image-100735\" src=\"https:\/\/interamerica.org\/wp-content\/uploads\/2023\/07\/fiji9a-1152x1536-1-768x1024.jpeg\" alt=\"\" width=\"465\" height=\"620\" srcset=\"https:\/\/interamerica.org\/wp-content\/uploads\/2023\/07\/fiji9a-1152x1536-1-768x1024.jpeg 768w, https:\/\/interamerica.org\/wp-content\/uploads\/2023\/07\/fiji9a-1152x1536-1-225x300.jpeg 225w, https:\/\/interamerica.org\/wp-content\/uploads\/2023\/07\/fiji9a-1152x1536-1.jpeg 1152w\" sizes=\"(max-width: 465px) 100vw, 465px\" \/><p id=\"caption-attachment-100736\" class=\"wp-caption-text\"><span style=\"font-weight: 400;\">Les cuisini\u00e8res \u00e0 gaz sont tr\u00e8s importantes aux Fidji. Cette cuisini\u00e8re est toujours fonctionnelle gr\u00e2ce \u00e0 une bonbonne de gaz dispendieux. [Une photo de Marcel Wagner pour ADRA Autriche]<\/span><\/p><\/div><span style=\"font-weight: 400;\">Selon M.\u00a0Wagner, \u00ab\u00a0ADRA s\u2019efforce d\u2019offrir aux gens la chance d\u2019avoir une vie autod\u00e9termin\u00e9e et caract\u00e9ris\u00e9e par la durabilit\u00e9 et l\u2019autonomie.\u00a0\u00bb<\/span><\/p>\n<p><span style=\"font-weight: 400;\">La version originale de cet article a \u00e9t\u00e9 publi\u00e9e par ADRA Autriche.<\/span><\/p>\n<p>Traduction : Marie-Mich\u00e8le Robitaille<\/p>\n","protected":false},"excerpt":{"rendered":"<p>Cette initiative d\u2019ADRA Autriche aide des familles de l\u2019\u00eele fidjienne de Koro.\u00a0 Le 11 juillet 2023 | Autriche | J\u00fcrgen Dostal, ADRA Autriche et Adventist Review En 2016, un typhon&#8230;<\/p>\n","protected":false},"author":3,"featured_media":100733,"comment_status":"closed","ping_status":"closed","sticky":false,"template":"","format":"standard","meta":{"_acf_changed":false,"footnotes":""},"categories":[18,19],"tags":[],"class_list":["post-100853","post","type-post","status-publish","format-standard","has-post-thumbnail","hentry","category-nouvelles-de-leglise-mondiale","category-rss-francais"],"acf":[],"yoast_head":"<!-- This site is optimized with the Yoast SEO plugin v27.3 - https:\/\/yoast.com\/product\/yoast-seo-wordpress\/ -->\n<title>Une usine de biogaz fournit de l\u2019\u00e9nergie aux familles sinistr\u00e9es - \u00c9glise Adventiste Du Septieme Jour - Inter Am\u00e9rique Division<\/title>\n<meta name=\"robots\" content=\"index, follow, max-snippet:-1, max-image-preview:large, max-video-preview:-1\" \/>\n<link rel=\"canonical\" href=\"https:\/\/interamerica.org\/fr\/2023\/07\/une-usine-de-biogaz-fournit-de-lenergie-aux-familles-sinistrees\/\" \/>\n<meta property=\"og:locale\" content=\"fr_FR\" \/>\n<meta property=\"og:type\" content=\"article\" \/>\n<meta property=\"og:title\" content=\"Une usine de biogaz fournit de l\u2019\u00e9nergie aux familles sinistr\u00e9es - \u00c9glise Adventiste Du Septieme Jour - Inter Am\u00e9rique Division\" \/>\n<meta property=\"og:description\" content=\"Cette initiative d\u2019ADRA Autriche aide des familles de l\u2019\u00eele fidjienne de Koro.\u00a0 Le 11 juillet 2023 | Autriche | J\u00fcrgen Dostal, ADRA Autriche et Adventist Review En 2016, un typhon...\" \/>\n<meta property=\"og:url\" content=\"https:\/\/interamerica.org\/fr\/2023\/07\/une-usine-de-biogaz-fournit-de-lenergie-aux-familles-sinistrees\/\" \/>\n<meta property=\"og:site_name\" content=\"\u00c9glise Adventiste Du Septieme Jour - Inter Am\u00e9rique Division\" \/>\n<meta property=\"article:published_time\" content=\"2023-07-11T19:12:07+00:00\" \/>\n<meta property=\"article:modified_time\" content=\"2023-07-13T14:35:48+00:00\" \/>\n<meta property=\"og:image\" content=\"https:\/\/interamerica.org\/wp-content\/uploads\/2023\/07\/fiji5-1536x1152-1.jpeg\" \/>\n\t<meta property=\"og:image:width\" content=\"1536\" \/>\n\t<meta property=\"og:image:height\" content=\"1152\" \/>\n\t<meta property=\"og:image:type\" content=\"image\/jpeg\" \/>\n<meta name=\"author\" content=\"libna\" \/>\n<meta name=\"twitter:card\" content=\"summary_large_image\" \/>\n<meta name=\"twitter:label1\" content=\"\u00c9crit par\" \/>\n\t<meta name=\"twitter:data1\" content=\"libna\" \/>\n\t<meta name=\"twitter:label2\" content=\"Dur\u00e9e de lecture estim\u00e9e\" \/>\n\t<meta name=\"twitter:data2\" content=\"4 minutes\" \/>\n<script type=\"application\/ld+json\" class=\"yoast-schema-graph\">{\"@context\":\"https:\\\/\\\/schema.org\",\"@graph\":[{\"@type\":\"Article\",\"@id\":\"https:\\\/\\\/interamerica.org\\\/fr\\\/2023\\\/07\\\/une-usine-de-biogaz-fournit-de-lenergie-aux-familles-sinistrees\\\/#article\",\"isPartOf\":{\"@id\":\"https:\\\/\\\/interamerica.org\\\/fr\\\/2023\\\/07\\\/une-usine-de-biogaz-fournit-de-lenergie-aux-familles-sinistrees\\\/\"},\"author\":{\"name\":\"libna\",\"@id\":\"https:\\\/\\\/interamerica.org\\\/fr\\\/#\\\/schema\\\/person\\\/29998f2bc2d8bd0d38662909289b54f1\"},\"headline\":\"Une usine de biogaz fournit de l\u2019\u00e9nergie aux familles sinistr\u00e9es\",\"datePublished\":\"2023-07-11T19:12:07+00:00\",\"dateModified\":\"2023-07-13T14:35:48+00:00\",\"mainEntityOfPage\":{\"@id\":\"https:\\\/\\\/interamerica.org\\\/fr\\\/2023\\\/07\\\/une-usine-de-biogaz-fournit-de-lenergie-aux-familles-sinistrees\\\/\"},\"wordCount\":731,\"image\":{\"@id\":\"https:\\\/\\\/interamerica.org\\\/fr\\\/2023\\\/07\\\/une-usine-de-biogaz-fournit-de-lenergie-aux-familles-sinistrees\\\/#primaryimage\"},\"thumbnailUrl\":\"https:\\\/\\\/interamerica.org\\\/wp-content\\\/uploads\\\/2023\\\/07\\\/fiji5-1536x1152-1.jpeg\",\"articleSection\":[\"Nouvelles de l'\u00c9glise mondiale\",\"RSS Fran\u00e7ais\"],\"inLanguage\":\"fr-FR\"},{\"@type\":\"WebPage\",\"@id\":\"https:\\\/\\\/interamerica.org\\\/fr\\\/2023\\\/07\\\/une-usine-de-biogaz-fournit-de-lenergie-aux-familles-sinistrees\\\/\",\"url\":\"https:\\\/\\\/interamerica.org\\\/fr\\\/2023\\\/07\\\/une-usine-de-biogaz-fournit-de-lenergie-aux-familles-sinistrees\\\/\",\"name\":\"Une usine de biogaz fournit de l\u2019\u00e9nergie aux familles sinistr\u00e9es - \u00c9glise Adventiste Du Septieme Jour - Inter Am\u00e9rique Division\",\"isPartOf\":{\"@id\":\"https:\\\/\\\/interamerica.org\\\/fr\\\/#website\"},\"primaryImageOfPage\":{\"@id\":\"https:\\\/\\\/interamerica.org\\\/fr\\\/2023\\\/07\\\/une-usine-de-biogaz-fournit-de-lenergie-aux-familles-sinistrees\\\/#primaryimage\"},\"image\":{\"@id\":\"https:\\\/\\\/interamerica.org\\\/fr\\\/2023\\\/07\\\/une-usine-de-biogaz-fournit-de-lenergie-aux-familles-sinistrees\\\/#primaryimage\"},\"thumbnailUrl\":\"https:\\\/\\\/interamerica.org\\\/wp-content\\\/uploads\\\/2023\\\/07\\\/fiji5-1536x1152-1.jpeg\",\"datePublished\":\"2023-07-11T19:12:07+00:00\",\"dateModified\":\"2023-07-13T14:35:48+00:00\",\"author\":{\"@id\":\"https:\\\/\\\/interamerica.org\\\/fr\\\/#\\\/schema\\\/person\\\/29998f2bc2d8bd0d38662909289b54f1\"},\"breadcrumb\":{\"@id\":\"https:\\\/\\\/interamerica.org\\\/fr\\\/2023\\\/07\\\/une-usine-de-biogaz-fournit-de-lenergie-aux-familles-sinistrees\\\/#breadcrumb\"},\"inLanguage\":\"fr-FR\",\"potentialAction\":[{\"@type\":\"ReadAction\",\"target\":[\"https:\\\/\\\/interamerica.org\\\/fr\\\/2023\\\/07\\\/une-usine-de-biogaz-fournit-de-lenergie-aux-familles-sinistrees\\\/\"]}]},{\"@type\":\"ImageObject\",\"inLanguage\":\"fr-FR\",\"@id\":\"https:\\\/\\\/interamerica.org\\\/fr\\\/2023\\\/07\\\/une-usine-de-biogaz-fournit-de-lenergie-aux-familles-sinistrees\\\/#primaryimage\",\"url\":\"https:\\\/\\\/interamerica.org\\\/wp-content\\\/uploads\\\/2023\\\/07\\\/fiji5-1536x1152-1.jpeg\",\"contentUrl\":\"https:\\\/\\\/interamerica.org\\\/wp-content\\\/uploads\\\/2023\\\/07\\\/fiji5-1536x1152-1.jpeg\",\"width\":1536,\"height\":1152,\"caption\":\"Workers near completion of the biogas plant. Once complete, they will pour soil around the cylinder to stabilize it. [Photo: Marcel Wagner, ADRA Austria]\"},{\"@type\":\"BreadcrumbList\",\"@id\":\"https:\\\/\\\/interamerica.org\\\/fr\\\/2023\\\/07\\\/une-usine-de-biogaz-fournit-de-lenergie-aux-familles-sinistrees\\\/#breadcrumb\",\"itemListElement\":[{\"@type\":\"ListItem\",\"position\":1,\"name\":\"Home\",\"item\":\"https:\\\/\\\/interamerica.org\\\/fr\\\/\"},{\"@type\":\"ListItem\",\"position\":2,\"name\":\"Une usine de biogaz fournit de l\u2019\u00e9nergie aux familles sinistr\u00e9es\"}]},{\"@type\":\"WebSite\",\"@id\":\"https:\\\/\\\/interamerica.org\\\/fr\\\/#website\",\"url\":\"https:\\\/\\\/interamerica.org\\\/fr\\\/\",\"name\":\"\u00c9glise Adventiste Du Septieme Jour - Inter Am\u00e9rique Division\",\"description\":\"\",\"potentialAction\":[{\"@type\":\"SearchAction\",\"target\":{\"@type\":\"EntryPoint\",\"urlTemplate\":\"https:\\\/\\\/interamerica.org\\\/fr\\\/?s={search_term_string}\"},\"query-input\":{\"@type\":\"PropertyValueSpecification\",\"valueRequired\":true,\"valueName\":\"search_term_string\"}}],\"inLanguage\":\"fr-FR\"},{\"@type\":\"Person\",\"@id\":\"https:\\\/\\\/interamerica.org\\\/fr\\\/#\\\/schema\\\/person\\\/29998f2bc2d8bd0d38662909289b54f1\",\"name\":\"libna\",\"image\":{\"@type\":\"ImageObject\",\"inLanguage\":\"fr-FR\",\"@id\":\"https:\\\/\\\/secure.gravatar.com\\\/avatar\\\/7c5bd30ae4b47a9ba3c856590957fd1d96dc588bf3ac05719d247e126840331f?s=96&d=mm&r=g\",\"url\":\"https:\\\/\\\/secure.gravatar.com\\\/avatar\\\/7c5bd30ae4b47a9ba3c856590957fd1d96dc588bf3ac05719d247e126840331f?s=96&d=mm&r=g\",\"contentUrl\":\"https:\\\/\\\/secure.gravatar.com\\\/avatar\\\/7c5bd30ae4b47a9ba3c856590957fd1d96dc588bf3ac05719d247e126840331f?s=96&d=mm&r=g\",\"caption\":\"libna\"}}]}<\/script>\n<!-- \/ Yoast SEO plugin. -->","yoast_head_json":{"title":"Une usine de biogaz fournit de l\u2019\u00e9nergie aux familles sinistr\u00e9es - \u00c9glise Adventiste Du Septieme Jour - Inter Am\u00e9rique Division","robots":{"index":"index","follow":"follow","max-snippet":"max-snippet:-1","max-image-preview":"max-image-preview:large","max-video-preview":"max-video-preview:-1"},"canonical":"https:\/\/interamerica.org\/fr\/2023\/07\/une-usine-de-biogaz-fournit-de-lenergie-aux-familles-sinistrees\/","og_locale":"fr_FR","og_type":"article","og_title":"Une usine de biogaz fournit de l\u2019\u00e9nergie aux familles sinistr\u00e9es - \u00c9glise Adventiste Du Septieme Jour - Inter Am\u00e9rique Division","og_description":"Cette initiative d\u2019ADRA Autriche aide des familles de l\u2019\u00eele fidjienne de Koro.\u00a0 Le 11 juillet 2023 | Autriche | J\u00fcrgen Dostal, ADRA Autriche et Adventist Review En 2016, un typhon...","og_url":"https:\/\/interamerica.org\/fr\/2023\/07\/une-usine-de-biogaz-fournit-de-lenergie-aux-familles-sinistrees\/","og_site_name":"\u00c9glise Adventiste Du Septieme Jour - Inter Am\u00e9rique Division","article_published_time":"2023-07-11T19:12:07+00:00","article_modified_time":"2023-07-13T14:35:48+00:00","og_image":[{"width":1536,"height":1152,"url":"https:\/\/interamerica.org\/wp-content\/uploads\/2023\/07\/fiji5-1536x1152-1.jpeg","type":"image\/jpeg"}],"author":"libna","twitter_card":"summary_large_image","twitter_misc":{"\u00c9crit par":"libna","Dur\u00e9e de lecture estim\u00e9e":"4 minutes"},"schema":{"@context":"https:\/\/schema.org","@graph":[{"@type":"Article","@id":"https:\/\/interamerica.org\/fr\/2023\/07\/une-usine-de-biogaz-fournit-de-lenergie-aux-familles-sinistrees\/#article","isPartOf":{"@id":"https:\/\/interamerica.org\/fr\/2023\/07\/une-usine-de-biogaz-fournit-de-lenergie-aux-familles-sinistrees\/"},"author":{"name":"libna","@id":"https:\/\/interamerica.org\/fr\/#\/schema\/person\/29998f2bc2d8bd0d38662909289b54f1"},"headline":"Une usine de biogaz fournit de l\u2019\u00e9nergie aux familles sinistr\u00e9es","datePublished":"2023-07-11T19:12:07+00:00","dateModified":"2023-07-13T14:35:48+00:00","mainEntityOfPage":{"@id":"https:\/\/interamerica.org\/fr\/2023\/07\/une-usine-de-biogaz-fournit-de-lenergie-aux-familles-sinistrees\/"},"wordCount":731,"image":{"@id":"https:\/\/interamerica.org\/fr\/2023\/07\/une-usine-de-biogaz-fournit-de-lenergie-aux-familles-sinistrees\/#primaryimage"},"thumbnailUrl":"https:\/\/interamerica.org\/wp-content\/uploads\/2023\/07\/fiji5-1536x1152-1.jpeg","articleSection":["Nouvelles de l'\u00c9glise mondiale","RSS Fran\u00e7ais"],"inLanguage":"fr-FR"},{"@type":"WebPage","@id":"https:\/\/interamerica.org\/fr\/2023\/07\/une-usine-de-biogaz-fournit-de-lenergie-aux-familles-sinistrees\/","url":"https:\/\/interamerica.org\/fr\/2023\/07\/une-usine-de-biogaz-fournit-de-lenergie-aux-familles-sinistrees\/","name":"Une usine de biogaz fournit de l\u2019\u00e9nergie aux familles sinistr\u00e9es - \u00c9glise Adventiste Du Septieme Jour - Inter Am\u00e9rique Division","isPartOf":{"@id":"https:\/\/interamerica.org\/fr\/#website"},"primaryImageOfPage":{"@id":"https:\/\/interamerica.org\/fr\/2023\/07\/une-usine-de-biogaz-fournit-de-lenergie-aux-familles-sinistrees\/#primaryimage"},"image":{"@id":"https:\/\/interamerica.org\/fr\/2023\/07\/une-usine-de-biogaz-fournit-de-lenergie-aux-familles-sinistrees\/#primaryimage"},"thumbnailUrl":"https:\/\/interamerica.org\/wp-content\/uploads\/2023\/07\/fiji5-1536x1152-1.jpeg","datePublished":"2023-07-11T19:12:07+00:00","dateModified":"2023-07-13T14:35:48+00:00","author":{"@id":"https:\/\/interamerica.org\/fr\/#\/schema\/person\/29998f2bc2d8bd0d38662909289b54f1"},"breadcrumb":{"@id":"https:\/\/interamerica.org\/fr\/2023\/07\/une-usine-de-biogaz-fournit-de-lenergie-aux-familles-sinistrees\/#breadcrumb"},"inLanguage":"fr-FR","potentialAction":[{"@type":"ReadAction","target":["https:\/\/interamerica.org\/fr\/2023\/07\/une-usine-de-biogaz-fournit-de-lenergie-aux-familles-sinistrees\/"]}]},{"@type":"ImageObject","inLanguage":"fr-FR","@id":"https:\/\/interamerica.org\/fr\/2023\/07\/une-usine-de-biogaz-fournit-de-lenergie-aux-familles-sinistrees\/#primaryimage","url":"https:\/\/interamerica.org\/wp-content\/uploads\/2023\/07\/fiji5-1536x1152-1.jpeg","contentUrl":"https:\/\/interamerica.org\/wp-content\/uploads\/2023\/07\/fiji5-1536x1152-1.jpeg","width":1536,"height":1152,"caption":"Workers near completion of the biogas plant. Once complete, they will pour soil around the cylinder to stabilize it. [Photo: Marcel Wagner, ADRA Austria]"},{"@type":"BreadcrumbList","@id":"https:\/\/interamerica.org\/fr\/2023\/07\/une-usine-de-biogaz-fournit-de-lenergie-aux-familles-sinistrees\/#breadcrumb","itemListElement":[{"@type":"ListItem","position":1,"name":"Home","item":"https:\/\/interamerica.org\/fr\/"},{"@type":"ListItem","position":2,"name":"Une usine de biogaz fournit de l\u2019\u00e9nergie aux familles sinistr\u00e9es"}]},{"@type":"WebSite","@id":"https:\/\/interamerica.org\/fr\/#website","url":"https:\/\/interamerica.org\/fr\/","name":"\u00c9glise Adventiste Du Septieme Jour - Inter Am\u00e9rique Division","description":"","potentialAction":[{"@type":"SearchAction","target":{"@type":"EntryPoint","urlTemplate":"https:\/\/interamerica.org\/fr\/?s={search_term_string}"},"query-input":{"@type":"PropertyValueSpecification","valueRequired":true,"valueName":"search_term_string"}}],"inLanguage":"fr-FR"},{"@type":"Person","@id":"https:\/\/interamerica.org\/fr\/#\/schema\/person\/29998f2bc2d8bd0d38662909289b54f1","name":"libna","image":{"@type":"ImageObject","inLanguage":"fr-FR","@id":"https:\/\/secure.gravatar.com\/avatar\/7c5bd30ae4b47a9ba3c856590957fd1d96dc588bf3ac05719d247e126840331f?s=96&d=mm&r=g","url":"https:\/\/secure.gravatar.com\/avatar\/7c5bd30ae4b47a9ba3c856590957fd1d96dc588bf3ac05719d247e126840331f?s=96&d=mm&r=g","contentUrl":"https:\/\/secure.gravatar.com\/avatar\/7c5bd30ae4b47a9ba3c856590957fd1d96dc588bf3ac05719d247e126840331f?s=96&d=mm&r=g","caption":"libna"}}]}},"_links":{"self":[{"href":"https:\/\/interamerica.org\/fr\/wp-json\/wp\/v2\/posts\/100853","targetHints":{"allow":["GET"]}}],"collection":[{"href":"https:\/\/interamerica.org\/fr\/wp-json\/wp\/v2\/posts"}],"about":[{"href":"https:\/\/interamerica.org\/fr\/wp-json\/wp\/v2\/types\/post"}],"author":[{"embeddable":true,"href":"https:\/\/interamerica.org\/fr\/wp-json\/wp\/v2\/users\/3"}],"replies":[{"embeddable":true,"href":"https:\/\/interamerica.org\/fr\/wp-json\/wp\/v2\/comments?post=100853"}],"version-history":[{"count":0,"href":"https:\/\/interamerica.org\/fr\/wp-json\/wp\/v2\/posts\/100853\/revisions"}],"wp:featuredmedia":[{"embeddable":true,"href":"https:\/\/interamerica.org\/fr\/wp-json\/wp\/v2\/media\/100733"}],"wp:attachment":[{"href":"https:\/\/interamerica.org\/fr\/wp-json\/wp\/v2\/media?parent=100853"}],"wp:term":[{"taxonomy":"category","embeddable":true,"href":"https:\/\/interamerica.org\/fr\/wp-json\/wp\/v2\/categories?post=100853"},{"taxonomy":"post_tag","embeddable":true,"href":"https:\/\/interamerica.org\/fr\/wp-json\/wp\/v2\/tags?post=100853"}],"curies":[{"name":"wp","href":"https:\/\/api.w.org\/{rel}","templated":true}]}}