{"id":100932,"date":"2023-07-14T07:58:46","date_gmt":"2023-07-14T11:58:46","guid":{"rendered":"https:\/\/interamerica.org\/?p=100932"},"modified":"2023-07-14T12:46:57","modified_gmt":"2023-07-14T16:46:57","slug":"les-adventistes-repondent-a-un-appel-a-assistance-dans-le-plus-grand-hopital-de-la-barbade","status":"publish","type":"post","link":"https:\/\/interamerica.org\/fr\/2023\/07\/les-adventistes-repondent-a-un-appel-a-assistance-dans-le-plus-grand-hopital-de-la-barbade\/","title":{"rendered":"Les adventistes r\u00e9pondent \u00e0 un appel \u00e0 assistance dans le plus grand h\u00f4pital de la Barbade"},"content":{"rendered":"<p>13 Juillet 2023 | Bridgetown, Barbade | Personnel de la CARU et \u00e9quipe de presse de la Division Inter Am\u00e9ricaine<\/p>\n<p>Aussit\u00f4t qu\u2019une demande urgente est parvenue de l\u2019H\u00f4pital Queen Elizabeth, \u00e0 Bridgetown, \u00e0 la Barbade, pour trouver des b\u00e9n\u00e9voles qui pourraient aider son personnel soignant, un groupe d\u2019adventistes du septi\u00e8me jour s\u2019est inscrit pour apporter son aide. L\u2019h\u00f4pital de 600 lits, qui est le plus grand h\u00f4pital g\u00e9n\u00e9ral de la partie sud de l\u2019\u00eele, a lanc\u00e9 l\u2019appel par l\u2019interm\u00e9diaire de ses services de nutrition clinique pour un programme b\u00e9n\u00e9vole d\u2019aide pour les repas qui traite des probl\u00e8mes cruciaux de gaspillage alimentaire et s\u2019assure que les patients re\u00e7oivent l\u2019apport nutritionnel dont ils ont besoin pendant leur phase de gu\u00e9rison.<\/p>\n<p>Kerri Ann Best, di\u00e9t\u00e9ticienne dans les services de nutrition clinique de l\u2019H\u00f4pital Queen Elizabeth et membre de l\u2019\u00e9glise adventiste de Way Calvary, a d\u00e9clar\u00e9 que le programme est important car cela signifie qu\u2019il permet aux personnel infirmier d\u2019avoir une t\u00e2che en moins \u00e0 accomplir afin qu\u2019il puisse se concentrer sur les t\u00e2ches pour lesquelles ils sont sp\u00e9cialis\u00e9s. \u00ab Dans le processus, [le programme] aidera \u00e0 r\u00e9duire le gaspillage parce que les patients auront des personnes d\u00e9sign\u00e9es pour les aider, \u00bb a indiqu\u00e9 Mme Best.<\/p>\n<p>Le directeur des Services Communautaires de la F\u00e9d\u00e9ration de l\u2019Est de la Cara\u00efbe, pasteur Dayle Haynes, a d\u00e9clar\u00e9 que 29 personnes de plusieurs \u00e9glises adventistes de Bridgetown se sont rapidement inscrites en tant que b\u00e9n\u00e9voles. \u00ab Nous avions neuf b\u00e9n\u00e9voles qui ont suivi le programme de formation et qui aident d\u00e9j\u00e0 \u00e0 l\u2019h\u00f4pital, \u00bb a indiqu\u00e9 pasteur Haynes. Il y en a 20 qui suivent la formation, ce sont pour la plupart des adolescents et des jeunes adultes. \u00ab Les b\u00e9n\u00e9voles apprennent comment nourrir les patients et re\u00e7oivent des instructions de base sur les soins \u00e0 apporter au chevet du patient, \u00bb a-t-il d\u00e9clar\u00e9.<\/p>\n<p><div id=\"attachment_100936\" style=\"width: 826px\" class=\"wp-caption aligncenter\"><img fetchpriority=\"high\" decoding=\"async\" aria-describedby=\"caption-attachment-100936\" class=\" wp-image-100936\" src=\"https:\/\/interamerica.org\/wp-content\/uploads\/2023\/07\/queenelizabeth-hospital-barbados-1024x576.jpeg\" alt=\"\" width=\"816\" height=\"459\" srcset=\"https:\/\/interamerica.org\/wp-content\/uploads\/2023\/07\/queenelizabeth-hospital-barbados-1024x576.jpeg 1024w, https:\/\/interamerica.org\/wp-content\/uploads\/2023\/07\/queenelizabeth-hospital-barbados-300x169.jpeg 300w, https:\/\/interamerica.org\/wp-content\/uploads\/2023\/07\/queenelizabeth-hospital-barbados-768x432.jpeg 768w, https:\/\/interamerica.org\/wp-content\/uploads\/2023\/07\/queenelizabeth-hospital-barbados-1536x864.jpeg 1536w, https:\/\/interamerica.org\/wp-content\/uploads\/2023\/07\/queenelizabeth-hospital-barbados.jpeg 1600w\" sizes=\"(max-width: 816px) 100vw, 816px\" \/><p id=\"caption-attachment-100936\" class=\"wp-caption-text\">H\u00f4pital Queen Elizabeth \u00e0 Bridgetown, \u00e0 Barbade. L\u2019h\u00f4pital est le plus grand \u00e9tablissement sanitaire de la r\u00e9gion sud de l\u2019\u00eele. [Photo : Facebook de l\u2019H\u00f4pital Queen Elizabeth][Photo: Anthony Hall]<\/p><\/div>Pasteur Haynes, qui a \u00e9galement rejoint la formation du programme d\u2019aide aux repas, a d\u00e9clar\u00e9 : \u00ab Nous sommes tr\u00e8s reconnaissants d\u2019avoir \u00e9tabli ce partenariat avec l\u2019h\u00f4pital pour apporter de l\u2019aide \u00e0 ces nombreuses personnes qui se trouvent dans des situations de vuln\u00e9rabilit\u00e9 et de besoin. En tant qu\u2019\u00e9glise, nous sommes heureux de relever le d\u00e9fi et de faire une diff\u00e9rence. \u00bb<\/p>\n<p>La r\u00e9ponse de l\u2019\u00c9glise adventiste est importante car c\u2019est une fa\u00e7on d\u2019exprimer sa solidarit\u00e9 avec les h\u00f4pitaux, les professionnels de la sant\u00e9 et les membres de la communaut\u00e9, a dit pasteur Haynes.<\/p>\n<p>Les responsables du gouvernement ont expliqu\u00e9 qu\u2019avec un personnel limit\u00e9 dans le syst\u00e8me de sant\u00e9, il y a un grand besoin d\u2019aide pour nourrir les patients, a indiqu\u00e9 pasteur Haynes. \u00ab Nous comprenons que face \u00e0 l\u2019ampleur de la situation, ce soutien est comme on le dit souvent, une goutte d\u2019eau dans le vase, mais c\u2019est une chose essentielle et c\u2019est un plaisir pour nous de le faire \u00e0 l\u2019H\u00f4pital Queen Elizabeth, \u00bb a-t-il d\u00e9clar\u00e9.<\/p>\n<p>C\u2019est la premi\u00e8re fois que l\u2019\u00c9glise est impliqu\u00e9e dans un tel minist\u00e8re, a dit pasteur Haynes. Les b\u00e9n\u00e9voles fonctionneront selon un emploi du temps \u00e9tabli puisque le programme d\u2019aide aux repas par les b\u00e9n\u00e9voles comprend tous les jours de la semaine.<\/p>\n<p>Bien que l\u2019h\u00f4pital ait mis en place le programme depuis 2016, il s\u2019est arr\u00eat\u00e9 pendant la pand\u00e9mie de COVID et n\u2019a \u00e9t\u00e9 red\u00e9marr\u00e9 qu\u2019en mai.<\/p>\n<p><div id=\"attachment_100904\" style=\"width: 848px\" class=\"wp-caption aligncenter\"><img decoding=\"async\" aria-describedby=\"caption-attachment-100904\" class=\" wp-image-100903\" src=\"https:\/\/interamerica.org\/wp-content\/uploads\/2023\/07\/barbados-9-trained-volunteers.png\" alt=\"\" width=\"838\" height=\"526\" srcset=\"https:\/\/interamerica.org\/wp-content\/uploads\/2023\/07\/barbados-9-trained-volunteers.png 1000w, https:\/\/interamerica.org\/wp-content\/uploads\/2023\/07\/barbados-9-trained-volunteers-300x188.png 300w, https:\/\/interamerica.org\/wp-content\/uploads\/2023\/07\/barbados-9-trained-volunteers-768x482.png 768w\" sizes=\"(max-width: 838px) 100vw, 838px\" \/><p id=\"caption-attachment-100904\" class=\"wp-caption-text\">Neuf b\u00e9n\u00e9voles des Services Communautaires Adventistes re\u00e7oivent leurs certificats apr\u00e8s avoir suivi la formation n\u00e9cessaire pour mener \u00e0 bien le Programme d\u2019Aide B\u00e9n\u00e9vole pour les Repas \u00e0 l\u2019H\u00f4pital Queen Elizabeth \u00e0 Bridgetown, \u00e0 Barbade, en mai 2023. [Photo : Avec l\u2019aimable autorisation de Barbados Today News]<\/p><\/div>R\u00e9pondre \u00e0 la requ\u00eate repr\u00e9sentait une opportunit\u00e9 d\u2019\u00e9tablir le contact et de redonner \u00e0 la communaut\u00e9, a d\u00e9clar\u00e9 pasteur Haynes.<\/p>\n<p>Judy Bourne de l\u2019\u00e9glise adventiste du septi\u00e8me jour Amazing Grace \u00e0 Bridgetown a dit qu\u2019elle aime aider les gens et qu\u2019elle le fait depuis plus de 13 ans. Elle est la directrice des services communautaires de son \u00e9glise et \u00e9tait active dans le programme de repas \u00e0 domicile de l\u2019\u00e9glise avant que la pand\u00e9mie ne frappe. Son \u00e9glise est pass\u00e9e \u00e0 la pr\u00e9paration de bo\u00eetes de nourriture pour les membres n\u00e9cessiteux de la communaut\u00e9. \u00ab Je me souviens quand ma cousine \u00e9tait \u00e0 l\u2019h\u00f4pital pendant l\u2019\u00e9pid\u00e9mie de Covid et qu\u2019elle avait des difficult\u00e9s, donc ce [Minist\u00e8re au chevet des malades] est une autre opportunit\u00e9 d\u2019aider les autres qui sont dans le besoin. \u00bb Judy Bourne a indiqu\u00e9 qu\u2019il y a cinq autres membres de son \u00e9glise qui ont exprim\u00e9 leur int\u00e9r\u00eat pour le programme \u00e0 l\u2019h\u00f4pital.<\/p>\n<p>Les patients ont d\u00e9j\u00e0 dit comment la pr\u00e9sence des b\u00e9n\u00e9voles a illumin\u00e9 leurs journ\u00e9es, a indiqu\u00e9 pasteur Haynes. \u00ab Les familles ont exprim\u00e9 leur profonde gratitude pour l\u2019aide et la compassion dont ont b\u00e9n\u00e9fici\u00e9 leurs proches au moment o\u00f9 ils \u00e9taient les plus vuln\u00e9rables, \u00bb a-t-il ajout\u00e9.<\/p>\n<p><div id=\"attachment_100907\" style=\"width: 863px\" class=\"wp-caption aligncenter\"><img decoding=\"async\" aria-describedby=\"caption-attachment-100907\" class=\" wp-image-100906\" src=\"https:\/\/interamerica.org\/wp-content\/uploads\/2023\/07\/dayle-haynes-barbados.jpg\" alt=\"\" width=\"853\" height=\"533\" srcset=\"https:\/\/interamerica.org\/wp-content\/uploads\/2023\/07\/dayle-haynes-barbados.jpg 1000w, https:\/\/interamerica.org\/wp-content\/uploads\/2023\/07\/dayle-haynes-barbados-300x188.jpg 300w, https:\/\/interamerica.org\/wp-content\/uploads\/2023\/07\/dayle-haynes-barbados-768x480.jpg 768w\" sizes=\"(max-width: 853px) 100vw, 853px\" \/><p id=\"caption-attachment-100907\" class=\"wp-caption-text\">Pasteur Dayle Haynes, directeur des Services Communautaires de la F\u00e9d\u00e9ration de l\u2019Est de la Cara\u00efbe, re\u00e7oit son certificat d\u2019ach\u00e8vement du programme de b\u00e9n\u00e9volat \u00e0 l\u2019H\u00f4pital Queen Elizabeth. [Photo : Avec l\u2019aimable autorisation de Dayle Haynes]<\/p><\/div>Pasteur Anthony Hall, pr\u00e9sident de la F\u00e9d\u00e9ration de l\u2019Est de la Cara\u00efbe dont le si\u00e8ge est \u00e0 Bridgetown et qui supervise l\u2019\u0153uvre de l\u2019\u00c9glise \u00e0 la Barbade et \u00e0 la Dominique, a salu\u00e9 le d\u00e9vouement des membres qui ont r\u00e9pondu \u00e0 l\u2019appel \u00e0 aider les autres. \u00ab Nous sommes fiers des membres qui vivent les principes qui d\u00e9montrent ce que c\u2019est que d\u2019\u00eatre chr\u00e9tien. Merci d\u2019avoir vu un besoin et d\u2019y avoir r\u00e9pondu, \u00bb a d\u00e9clar\u00e9 pasteur Hall.<\/p>\n<p>\u00ab L\u2019\u00c9glise adventiste a \u00e9tabli un partenariat avec la communaut\u00e9 dans la F\u00e9d\u00e9ration de l\u2019Est de la Cara\u00efbe sur de nombreux projets et des initiatives, notamment la promotion d\u2019un mode de vie sain pour le bien de la population en g\u00e9n\u00e9ral, mais il s\u2019agissait ici d\u2019une opportunit\u00e9 d\u2019atteindre les gens dans un moment de besoin, \u00bb a dit pasteur Hall. \u00ab C\u2019est un t\u00e9moignage du pouvoir transformateur de l\u2019engagement communautaire et de l\u2019impact significatif qui peut \u00eatre obtenu lorsque les c\u0153urs et les mains s\u2019unissent. \u00bb<\/p>\n<p>Le programme de b\u00e9n\u00e9volat permet aux volontaires d\u2019avoir une libre opportunit\u00e9 de prier et d\u2019interagir avec les patients, a dit Mme Best.<\/p>\n<p>Le prochain groupe qui doit \u00eatre form\u00e9 sera compos\u00e9 d\u2019adolescents et de jeunes adultes, a dit pasteur Haynes. Le programme est ouvert \u00e0 tous ceux qui souhaitent faire du b\u00e9n\u00e9volat et les \u00e9tudiants peuvent obtenir des acquis de service communautaire dans le cadre du programme.<\/p>\n<p>\u00ab Nous nous engageons \u00e0 refl\u00e9ter qui est Dieu, \u00e0 servir et \u00e0 offrir le meilleur pour ses enfants, \u00bb a d\u00e9clar\u00e9 pasteur Haynes. \u00ab Leur pr\u00e9sence a apport\u00e9 une nouvelle lueur d\u2019espoir et de r\u00e9confort aux patients \u00e0 travers leurs sourires chaleureux, leurs douces paroles d\u2019encouragement et leurs soins attentionn\u00e9s, et a cr\u00e9\u00e9 un environnement \u00e9panouissant qui favorise le processus de gu\u00e9rison pour ceux qui sont dans le besoin. \u00bb<\/p>\n<p>Traduction: Patrick Luciathe<\/p>\n","protected":false},"excerpt":{"rendered":"<p>13 Juillet 2023 | Bridgetown, Barbade | Personnel de la CARU et \u00e9quipe de presse de la Division Inter Am\u00e9ricaine Aussit\u00f4t qu\u2019une demande urgente est parvenue de l\u2019H\u00f4pital Queen Elizabeth,&#8230;<\/p>\n","protected":false},"author":3,"featured_media":100936,"comment_status":"closed","ping_status":"closed","sticky":false,"template":"","format":"standard","meta":{"_acf_changed":false,"footnotes":""},"categories":[21,19],"tags":[],"class_list":["post-100932","post","type-post","status-publish","format-standard","has-post-thumbnail","hentry","category-nouvelles-du-territoire","category-rss-francais"],"acf":[],"yoast_head":"<!-- This site is optimized with the Yoast SEO plugin v27.3 - https:\/\/yoast.com\/product\/yoast-seo-wordpress\/ -->\n<title>Les adventistes r\u00e9pondent \u00e0 un appel \u00e0 assistance dans le plus grand h\u00f4pital de la Barbade - \u00c9glise Adventiste Du Septieme Jour - Inter Am\u00e9rique Division<\/title>\n<meta name=\"robots\" content=\"index, follow, max-snippet:-1, max-image-preview:large, max-video-preview:-1\" \/>\n<link rel=\"canonical\" href=\"https:\/\/interamerica.org\/fr\/2023\/07\/les-adventistes-repondent-a-un-appel-a-assistance-dans-le-plus-grand-hopital-de-la-barbade\/\" \/>\n<meta property=\"og:locale\" content=\"fr_FR\" \/>\n<meta property=\"og:type\" content=\"article\" \/>\n<meta property=\"og:title\" content=\"Les adventistes r\u00e9pondent \u00e0 un appel \u00e0 assistance dans le plus grand h\u00f4pital de la Barbade - \u00c9glise Adventiste Du Septieme Jour - Inter Am\u00e9rique Division\" \/>\n<meta property=\"og:description\" content=\"13 Juillet 2023 | Bridgetown, Barbade | Personnel de la CARU et \u00e9quipe de presse de la Division Inter Am\u00e9ricaine Aussit\u00f4t qu\u2019une demande urgente est parvenue de l\u2019H\u00f4pital Queen Elizabeth,...\" \/>\n<meta property=\"og:url\" content=\"https:\/\/interamerica.org\/fr\/2023\/07\/les-adventistes-repondent-a-un-appel-a-assistance-dans-le-plus-grand-hopital-de-la-barbade\/\" \/>\n<meta property=\"og:site_name\" content=\"\u00c9glise Adventiste Du Septieme Jour - Inter Am\u00e9rique Division\" \/>\n<meta property=\"article:published_time\" content=\"2023-07-14T11:58:46+00:00\" \/>\n<meta property=\"article:modified_time\" content=\"2023-07-14T16:46:57+00:00\" \/>\n<meta property=\"og:image\" content=\"https:\/\/interamerica.org\/wp-content\/uploads\/2023\/07\/queenelizabeth-hospital-barbados.jpeg\" \/>\n\t<meta property=\"og:image:width\" content=\"1600\" \/>\n\t<meta property=\"og:image:height\" content=\"900\" \/>\n\t<meta property=\"og:image:type\" content=\"image\/jpeg\" \/>\n<meta name=\"author\" content=\"libna\" \/>\n<meta name=\"twitter:card\" content=\"summary_large_image\" \/>\n<meta name=\"twitter:label1\" content=\"\u00c9crit par\" \/>\n\t<meta name=\"twitter:data1\" content=\"libna\" \/>\n\t<meta name=\"twitter:label2\" content=\"Dur\u00e9e de lecture estim\u00e9e\" \/>\n\t<meta name=\"twitter:data2\" content=\"6 minutes\" \/>\n<script type=\"application\/ld+json\" class=\"yoast-schema-graph\">{\"@context\":\"https:\\\/\\\/schema.org\",\"@graph\":[{\"@type\":\"Article\",\"@id\":\"https:\\\/\\\/interamerica.org\\\/fr\\\/2023\\\/07\\\/les-adventistes-repondent-a-un-appel-a-assistance-dans-le-plus-grand-hopital-de-la-barbade\\\/#article\",\"isPartOf\":{\"@id\":\"https:\\\/\\\/interamerica.org\\\/fr\\\/2023\\\/07\\\/les-adventistes-repondent-a-un-appel-a-assistance-dans-le-plus-grand-hopital-de-la-barbade\\\/\"},\"author\":{\"name\":\"libna\",\"@id\":\"https:\\\/\\\/interamerica.org\\\/fr\\\/#\\\/schema\\\/person\\\/29998f2bc2d8bd0d38662909289b54f1\"},\"headline\":\"Les adventistes r\u00e9pondent \u00e0 un appel \u00e0 assistance dans le plus grand h\u00f4pital de la Barbade\",\"datePublished\":\"2023-07-14T11:58:46+00:00\",\"dateModified\":\"2023-07-14T16:46:57+00:00\",\"mainEntityOfPage\":{\"@id\":\"https:\\\/\\\/interamerica.org\\\/fr\\\/2023\\\/07\\\/les-adventistes-repondent-a-un-appel-a-assistance-dans-le-plus-grand-hopital-de-la-barbade\\\/\"},\"wordCount\":1348,\"image\":{\"@id\":\"https:\\\/\\\/interamerica.org\\\/fr\\\/2023\\\/07\\\/les-adventistes-repondent-a-un-appel-a-assistance-dans-le-plus-grand-hopital-de-la-barbade\\\/#primaryimage\"},\"thumbnailUrl\":\"https:\\\/\\\/interamerica.org\\\/wp-content\\\/uploads\\\/2023\\\/07\\\/queenelizabeth-hospital-barbados.jpeg\",\"articleSection\":[\"Nouvelles du territoire\",\"RSS Fran\u00e7ais\"],\"inLanguage\":\"fr-FR\"},{\"@type\":\"WebPage\",\"@id\":\"https:\\\/\\\/interamerica.org\\\/fr\\\/2023\\\/07\\\/les-adventistes-repondent-a-un-appel-a-assistance-dans-le-plus-grand-hopital-de-la-barbade\\\/\",\"url\":\"https:\\\/\\\/interamerica.org\\\/fr\\\/2023\\\/07\\\/les-adventistes-repondent-a-un-appel-a-assistance-dans-le-plus-grand-hopital-de-la-barbade\\\/\",\"name\":\"Les adventistes r\u00e9pondent \u00e0 un appel \u00e0 assistance dans le plus grand h\u00f4pital de la Barbade - \u00c9glise Adventiste Du Septieme Jour - Inter Am\u00e9rique Division\",\"isPartOf\":{\"@id\":\"https:\\\/\\\/interamerica.org\\\/fr\\\/#website\"},\"primaryImageOfPage\":{\"@id\":\"https:\\\/\\\/interamerica.org\\\/fr\\\/2023\\\/07\\\/les-adventistes-repondent-a-un-appel-a-assistance-dans-le-plus-grand-hopital-de-la-barbade\\\/#primaryimage\"},\"image\":{\"@id\":\"https:\\\/\\\/interamerica.org\\\/fr\\\/2023\\\/07\\\/les-adventistes-repondent-a-un-appel-a-assistance-dans-le-plus-grand-hopital-de-la-barbade\\\/#primaryimage\"},\"thumbnailUrl\":\"https:\\\/\\\/interamerica.org\\\/wp-content\\\/uploads\\\/2023\\\/07\\\/queenelizabeth-hospital-barbados.jpeg\",\"datePublished\":\"2023-07-14T11:58:46+00:00\",\"dateModified\":\"2023-07-14T16:46:57+00:00\",\"author\":{\"@id\":\"https:\\\/\\\/interamerica.org\\\/fr\\\/#\\\/schema\\\/person\\\/29998f2bc2d8bd0d38662909289b54f1\"},\"breadcrumb\":{\"@id\":\"https:\\\/\\\/interamerica.org\\\/fr\\\/2023\\\/07\\\/les-adventistes-repondent-a-un-appel-a-assistance-dans-le-plus-grand-hopital-de-la-barbade\\\/#breadcrumb\"},\"inLanguage\":\"fr-FR\",\"potentialAction\":[{\"@type\":\"ReadAction\",\"target\":[\"https:\\\/\\\/interamerica.org\\\/fr\\\/2023\\\/07\\\/les-adventistes-repondent-a-un-appel-a-assistance-dans-le-plus-grand-hopital-de-la-barbade\\\/\"]}]},{\"@type\":\"ImageObject\",\"inLanguage\":\"fr-FR\",\"@id\":\"https:\\\/\\\/interamerica.org\\\/fr\\\/2023\\\/07\\\/les-adventistes-repondent-a-un-appel-a-assistance-dans-le-plus-grand-hopital-de-la-barbade\\\/#primaryimage\",\"url\":\"https:\\\/\\\/interamerica.org\\\/wp-content\\\/uploads\\\/2023\\\/07\\\/queenelizabeth-hospital-barbados.jpeg\",\"contentUrl\":\"https:\\\/\\\/interamerica.org\\\/wp-content\\\/uploads\\\/2023\\\/07\\\/queenelizabeth-hospital-barbados.jpeg\",\"width\":1600,\"height\":900,\"caption\":\"[Photo: Anthony Hall]\"},{\"@type\":\"BreadcrumbList\",\"@id\":\"https:\\\/\\\/interamerica.org\\\/fr\\\/2023\\\/07\\\/les-adventistes-repondent-a-un-appel-a-assistance-dans-le-plus-grand-hopital-de-la-barbade\\\/#breadcrumb\",\"itemListElement\":[{\"@type\":\"ListItem\",\"position\":1,\"name\":\"Home\",\"item\":\"https:\\\/\\\/interamerica.org\\\/fr\\\/\"},{\"@type\":\"ListItem\",\"position\":2,\"name\":\"Les adventistes r\u00e9pondent \u00e0 un appel \u00e0 assistance dans le plus grand h\u00f4pital de la Barbade\"}]},{\"@type\":\"WebSite\",\"@id\":\"https:\\\/\\\/interamerica.org\\\/fr\\\/#website\",\"url\":\"https:\\\/\\\/interamerica.org\\\/fr\\\/\",\"name\":\"\u00c9glise Adventiste Du Septieme Jour - Inter Am\u00e9rique Division\",\"description\":\"\",\"potentialAction\":[{\"@type\":\"SearchAction\",\"target\":{\"@type\":\"EntryPoint\",\"urlTemplate\":\"https:\\\/\\\/interamerica.org\\\/fr\\\/?s={search_term_string}\"},\"query-input\":{\"@type\":\"PropertyValueSpecification\",\"valueRequired\":true,\"valueName\":\"search_term_string\"}}],\"inLanguage\":\"fr-FR\"},{\"@type\":\"Person\",\"@id\":\"https:\\\/\\\/interamerica.org\\\/fr\\\/#\\\/schema\\\/person\\\/29998f2bc2d8bd0d38662909289b54f1\",\"name\":\"libna\",\"image\":{\"@type\":\"ImageObject\",\"inLanguage\":\"fr-FR\",\"@id\":\"https:\\\/\\\/secure.gravatar.com\\\/avatar\\\/7c5bd30ae4b47a9ba3c856590957fd1d96dc588bf3ac05719d247e126840331f?s=96&d=mm&r=g\",\"url\":\"https:\\\/\\\/secure.gravatar.com\\\/avatar\\\/7c5bd30ae4b47a9ba3c856590957fd1d96dc588bf3ac05719d247e126840331f?s=96&d=mm&r=g\",\"contentUrl\":\"https:\\\/\\\/secure.gravatar.com\\\/avatar\\\/7c5bd30ae4b47a9ba3c856590957fd1d96dc588bf3ac05719d247e126840331f?s=96&d=mm&r=g\",\"caption\":\"libna\"}}]}<\/script>\n<!-- \/ Yoast SEO plugin. -->","yoast_head_json":{"title":"Les adventistes r\u00e9pondent \u00e0 un appel \u00e0 assistance dans le plus grand h\u00f4pital de la Barbade - \u00c9glise Adventiste Du Septieme Jour - Inter Am\u00e9rique Division","robots":{"index":"index","follow":"follow","max-snippet":"max-snippet:-1","max-image-preview":"max-image-preview:large","max-video-preview":"max-video-preview:-1"},"canonical":"https:\/\/interamerica.org\/fr\/2023\/07\/les-adventistes-repondent-a-un-appel-a-assistance-dans-le-plus-grand-hopital-de-la-barbade\/","og_locale":"fr_FR","og_type":"article","og_title":"Les adventistes r\u00e9pondent \u00e0 un appel \u00e0 assistance dans le plus grand h\u00f4pital de la Barbade - \u00c9glise Adventiste Du Septieme Jour - Inter Am\u00e9rique Division","og_description":"13 Juillet 2023 | Bridgetown, Barbade | Personnel de la CARU et \u00e9quipe de presse de la Division Inter Am\u00e9ricaine Aussit\u00f4t qu\u2019une demande urgente est parvenue de l\u2019H\u00f4pital Queen Elizabeth,...","og_url":"https:\/\/interamerica.org\/fr\/2023\/07\/les-adventistes-repondent-a-un-appel-a-assistance-dans-le-plus-grand-hopital-de-la-barbade\/","og_site_name":"\u00c9glise Adventiste Du Septieme Jour - Inter Am\u00e9rique Division","article_published_time":"2023-07-14T11:58:46+00:00","article_modified_time":"2023-07-14T16:46:57+00:00","og_image":[{"width":1600,"height":900,"url":"https:\/\/interamerica.org\/wp-content\/uploads\/2023\/07\/queenelizabeth-hospital-barbados.jpeg","type":"image\/jpeg"}],"author":"libna","twitter_card":"summary_large_image","twitter_misc":{"\u00c9crit par":"libna","Dur\u00e9e de lecture estim\u00e9e":"6 minutes"},"schema":{"@context":"https:\/\/schema.org","@graph":[{"@type":"Article","@id":"https:\/\/interamerica.org\/fr\/2023\/07\/les-adventistes-repondent-a-un-appel-a-assistance-dans-le-plus-grand-hopital-de-la-barbade\/#article","isPartOf":{"@id":"https:\/\/interamerica.org\/fr\/2023\/07\/les-adventistes-repondent-a-un-appel-a-assistance-dans-le-plus-grand-hopital-de-la-barbade\/"},"author":{"name":"libna","@id":"https:\/\/interamerica.org\/fr\/#\/schema\/person\/29998f2bc2d8bd0d38662909289b54f1"},"headline":"Les adventistes r\u00e9pondent \u00e0 un appel \u00e0 assistance dans le plus grand h\u00f4pital de la Barbade","datePublished":"2023-07-14T11:58:46+00:00","dateModified":"2023-07-14T16:46:57+00:00","mainEntityOfPage":{"@id":"https:\/\/interamerica.org\/fr\/2023\/07\/les-adventistes-repondent-a-un-appel-a-assistance-dans-le-plus-grand-hopital-de-la-barbade\/"},"wordCount":1348,"image":{"@id":"https:\/\/interamerica.org\/fr\/2023\/07\/les-adventistes-repondent-a-un-appel-a-assistance-dans-le-plus-grand-hopital-de-la-barbade\/#primaryimage"},"thumbnailUrl":"https:\/\/interamerica.org\/wp-content\/uploads\/2023\/07\/queenelizabeth-hospital-barbados.jpeg","articleSection":["Nouvelles du territoire","RSS Fran\u00e7ais"],"inLanguage":"fr-FR"},{"@type":"WebPage","@id":"https:\/\/interamerica.org\/fr\/2023\/07\/les-adventistes-repondent-a-un-appel-a-assistance-dans-le-plus-grand-hopital-de-la-barbade\/","url":"https:\/\/interamerica.org\/fr\/2023\/07\/les-adventistes-repondent-a-un-appel-a-assistance-dans-le-plus-grand-hopital-de-la-barbade\/","name":"Les adventistes r\u00e9pondent \u00e0 un appel \u00e0 assistance dans le plus grand h\u00f4pital de la Barbade - \u00c9glise Adventiste Du Septieme Jour - Inter Am\u00e9rique Division","isPartOf":{"@id":"https:\/\/interamerica.org\/fr\/#website"},"primaryImageOfPage":{"@id":"https:\/\/interamerica.org\/fr\/2023\/07\/les-adventistes-repondent-a-un-appel-a-assistance-dans-le-plus-grand-hopital-de-la-barbade\/#primaryimage"},"image":{"@id":"https:\/\/interamerica.org\/fr\/2023\/07\/les-adventistes-repondent-a-un-appel-a-assistance-dans-le-plus-grand-hopital-de-la-barbade\/#primaryimage"},"thumbnailUrl":"https:\/\/interamerica.org\/wp-content\/uploads\/2023\/07\/queenelizabeth-hospital-barbados.jpeg","datePublished":"2023-07-14T11:58:46+00:00","dateModified":"2023-07-14T16:46:57+00:00","author":{"@id":"https:\/\/interamerica.org\/fr\/#\/schema\/person\/29998f2bc2d8bd0d38662909289b54f1"},"breadcrumb":{"@id":"https:\/\/interamerica.org\/fr\/2023\/07\/les-adventistes-repondent-a-un-appel-a-assistance-dans-le-plus-grand-hopital-de-la-barbade\/#breadcrumb"},"inLanguage":"fr-FR","potentialAction":[{"@type":"ReadAction","target":["https:\/\/interamerica.org\/fr\/2023\/07\/les-adventistes-repondent-a-un-appel-a-assistance-dans-le-plus-grand-hopital-de-la-barbade\/"]}]},{"@type":"ImageObject","inLanguage":"fr-FR","@id":"https:\/\/interamerica.org\/fr\/2023\/07\/les-adventistes-repondent-a-un-appel-a-assistance-dans-le-plus-grand-hopital-de-la-barbade\/#primaryimage","url":"https:\/\/interamerica.org\/wp-content\/uploads\/2023\/07\/queenelizabeth-hospital-barbados.jpeg","contentUrl":"https:\/\/interamerica.org\/wp-content\/uploads\/2023\/07\/queenelizabeth-hospital-barbados.jpeg","width":1600,"height":900,"caption":"[Photo: Anthony Hall]"},{"@type":"BreadcrumbList","@id":"https:\/\/interamerica.org\/fr\/2023\/07\/les-adventistes-repondent-a-un-appel-a-assistance-dans-le-plus-grand-hopital-de-la-barbade\/#breadcrumb","itemListElement":[{"@type":"ListItem","position":1,"name":"Home","item":"https:\/\/interamerica.org\/fr\/"},{"@type":"ListItem","position":2,"name":"Les adventistes r\u00e9pondent \u00e0 un appel \u00e0 assistance dans le plus grand h\u00f4pital de la Barbade"}]},{"@type":"WebSite","@id":"https:\/\/interamerica.org\/fr\/#website","url":"https:\/\/interamerica.org\/fr\/","name":"\u00c9glise Adventiste Du Septieme Jour - Inter Am\u00e9rique Division","description":"","potentialAction":[{"@type":"SearchAction","target":{"@type":"EntryPoint","urlTemplate":"https:\/\/interamerica.org\/fr\/?s={search_term_string}"},"query-input":{"@type":"PropertyValueSpecification","valueRequired":true,"valueName":"search_term_string"}}],"inLanguage":"fr-FR"},{"@type":"Person","@id":"https:\/\/interamerica.org\/fr\/#\/schema\/person\/29998f2bc2d8bd0d38662909289b54f1","name":"libna","image":{"@type":"ImageObject","inLanguage":"fr-FR","@id":"https:\/\/secure.gravatar.com\/avatar\/7c5bd30ae4b47a9ba3c856590957fd1d96dc588bf3ac05719d247e126840331f?s=96&d=mm&r=g","url":"https:\/\/secure.gravatar.com\/avatar\/7c5bd30ae4b47a9ba3c856590957fd1d96dc588bf3ac05719d247e126840331f?s=96&d=mm&r=g","contentUrl":"https:\/\/secure.gravatar.com\/avatar\/7c5bd30ae4b47a9ba3c856590957fd1d96dc588bf3ac05719d247e126840331f?s=96&d=mm&r=g","caption":"libna"}}]}},"_links":{"self":[{"href":"https:\/\/interamerica.org\/fr\/wp-json\/wp\/v2\/posts\/100932","targetHints":{"allow":["GET"]}}],"collection":[{"href":"https:\/\/interamerica.org\/fr\/wp-json\/wp\/v2\/posts"}],"about":[{"href":"https:\/\/interamerica.org\/fr\/wp-json\/wp\/v2\/types\/post"}],"author":[{"embeddable":true,"href":"https:\/\/interamerica.org\/fr\/wp-json\/wp\/v2\/users\/3"}],"replies":[{"embeddable":true,"href":"https:\/\/interamerica.org\/fr\/wp-json\/wp\/v2\/comments?post=100932"}],"version-history":[{"count":0,"href":"https:\/\/interamerica.org\/fr\/wp-json\/wp\/v2\/posts\/100932\/revisions"}],"wp:featuredmedia":[{"embeddable":true,"href":"https:\/\/interamerica.org\/fr\/wp-json\/wp\/v2\/media\/100936"}],"wp:attachment":[{"href":"https:\/\/interamerica.org\/fr\/wp-json\/wp\/v2\/media?parent=100932"}],"wp:term":[{"taxonomy":"category","embeddable":true,"href":"https:\/\/interamerica.org\/fr\/wp-json\/wp\/v2\/categories?post=100932"},{"taxonomy":"post_tag","embeddable":true,"href":"https:\/\/interamerica.org\/fr\/wp-json\/wp\/v2\/tags?post=100932"}],"curies":[{"name":"wp","href":"https:\/\/api.w.org\/{rel}","templated":true}]}}