{"id":100995,"date":"2023-07-17T08:53:13","date_gmt":"2023-07-17T12:53:13","guid":{"rendered":"https:\/\/interamerica.org\/?p=100995"},"modified":"2023-07-18T10:50:24","modified_gmt":"2023-07-18T14:50:24","slug":"un-peuple-prophetique","status":"publish","type":"post","link":"https:\/\/interamerica.org\/fr\/2023\/07\/un-peuple-prophetique\/","title":{"rendered":"Un peuple proph\u00e9tique"},"content":{"rendered":"<h4><b>Pourquoi les proph\u00e9ties sont-elles importantes pour les adventistes du septi\u00e8me jour?<\/b><\/h4>\n<p><span style=\"font-weight: 400;\">Le 16 juillet 2023 | Sikhululekile Daco, Adventist Review Ministries<\/span><\/p>\n<p><span style=\"font-weight: 400;\">Est-ce possible d\u2019\u00eatre si fascin\u00e9 par les \u00e9nigmes des proph\u00e9ties bibliques qu\u2019elles deviennent une terrible obsession? Comme pour toutes choses, oui, c\u2019est possible! Les chiffres, les calculs, les faits historiques et m\u00eame les sp\u00e9culations peuvent absorber notre attention au point de nous faire perdre de vue le sens plus large du message proph\u00e9tique. Une fixation excessive sur les dates et les noms peut aussi devenir une source d\u2019orgueil et remplacer la sinc\u00e8re chr\u00e9tient\u00e9.<\/span><\/p>\n<p><span style=\"font-weight: 400;\">En revanche, l\u2019ignorance de notre identit\u00e9 proph\u00e9tique engendre la confusion. Pourquoi avons-nous adopt\u00e9 certains standards et pratiques de vie? Pourquoi mettons-nous l\u2019accent sur certaines doctrines? De quelle mani\u00e8re devons-nous nous int\u00e9resser au monde? Ce num\u00e9ro de magazine porte sur la fa\u00e7on dont nous communiquons avec le monde.<\/span><\/p>\n<p><div id=\"attachment_100954\" style=\"width: 842px\" class=\"wp-caption aligncenter\"><img fetchpriority=\"high\" decoding=\"async\" aria-describedby=\"caption-attachment-100954\" class=\" wp-image-100953\" src=\"https:\/\/interamerica.org\/wp-content\/uploads\/2023\/07\/emmanuel-phaeton-bbfpuf7kw3g-unsplash-1024x683.jpeg\" alt=\"\" width=\"832\" height=\"555\" srcset=\"https:\/\/interamerica.org\/wp-content\/uploads\/2023\/07\/emmanuel-phaeton-bbfpuf7kw3g-unsplash-1024x683.jpeg 1024w, https:\/\/interamerica.org\/wp-content\/uploads\/2023\/07\/emmanuel-phaeton-bbfpuf7kw3g-unsplash-300x200.jpeg 300w, https:\/\/interamerica.org\/wp-content\/uploads\/2023\/07\/emmanuel-phaeton-bbfpuf7kw3g-unsplash-768x512.jpeg 768w, https:\/\/interamerica.org\/wp-content\/uploads\/2023\/07\/emmanuel-phaeton-bbfpuf7kw3g-unsplash-1536x1024.jpeg 1536w, https:\/\/interamerica.org\/wp-content\/uploads\/2023\/07\/emmanuel-phaeton-bbfpuf7kw3g-unsplash.jpeg 1920w\" sizes=\"(max-width: 832px) 100vw, 832px\" \/><p id=\"caption-attachment-100954\" class=\"wp-caption-text\"><span style=\"font-weight: 400;\">[Une photo d\u2019Emmanuel Phaeton\/Unsplash]<\/span><\/p><\/div><span style=\"font-weight: 400;\">Au d\u00e9but des ann\u00e9es\u00a01800, notre mouvement adventiste est n\u00e9 d\u2019une vive exploration des \u00c9critures sacr\u00e9es et de leurs \u00e9nonc\u00e9s proph\u00e9tiques. Ensuite, \u00e0 l\u2019aube de la grande d\u00e9ception de 1844, les croyants adventistes ont d\u00e9couvert leur unique mission dans les proph\u00e9ties de l\u2019Apocalypse. En fait, les premiers adventistes ont d\u00e9couvert que m\u00eame leur exp\u00e9rience de d\u00e9ception avait \u00e9t\u00e9 annonc\u00e9e dans Apocalypse\u00a010, confirmant ce qu\u2019ils venaient de vivre. Au fil des ans, les proph\u00e9ties ont continu\u00e9 de diriger et de fa\u00e7onner l\u2019identit\u00e9 et la mission du mouvement adventiste du septi\u00e8me jour.<\/span><\/p>\n<p><span style=\"font-weight: 400;\">Les \u00e9v\u00e9nements du monde nous appellent de temps \u00e0 autre \u00e0 r\u00e9\u00e9valuer notre compr\u00e9hension des v\u00e9rit\u00e9s proph\u00e9tiques. Pensons, par exemple, \u00e0 la fa\u00e7on dont la signature du trait\u00e9 de Maastricht, en 1992, a, chez beaucoup d\u2019entre nous, suscit\u00e9 de l\u2019espoir pour l\u2019unification de l\u2019Europe ainsi que des doutes sur la v\u00e9racit\u00e9 de Daniel\u00a02. Puis, incroyablement, le 31\u00a0janvier 2020, le Royaume-Uni est devenu la premi\u00e8re nation souveraine \u00e0 se retirer de l\u2019Union europ\u00e9enne, brisant l\u2019espoir autrefois allum\u00e9 tout en confirmant notre confiance aux proph\u00e9ties bibliques. On peut se demander quels investissements et quelles strat\u00e9gies \u00e0 long terme auraient pu \u00eatre (ou ont \u00e9t\u00e9) affect\u00e9s, en 1992, par une confiance en l\u2019interpr\u00e9tation de Daniel\u00a02.<\/span><\/p>\n<p><span style=\"font-weight: 400;\">Aujourd\u2019hui, le portrait mondial est caract\u00e9ris\u00e9 par la peur. La peur du terrorisme. La peur des pand\u00e9mies. La peur de l\u2019extinction ethnique. La peur des effets du d\u00e9clin de la moralit\u00e9 dans la soci\u00e9t\u00e9. La peur des effets de la mont\u00e9e du dogmatisme. La peur de ce que l\u2019on sait et la peur de l\u2019inconnu. Toutes ces craintes en ont men\u00e9 certains \u00e0 r\u00e9interpr\u00e9ter notre compr\u00e9hension des proph\u00e9ties, particuli\u00e8rement celles que l\u2019on retrouve dans les livres de Daniel et de l\u2019Apocalypse. Les affiliations politiques, les pr\u00e9jug\u00e9s qui n\u2019en finissent plus et les nouvelles id\u00e9ologies se superposent \u00e0 notre compr\u00e9hension autrefois \u00e9tablie ou la sapent carr\u00e9ment. Mais que pourrait plut\u00f4t \u00eatre notre t\u00e9moignage chr\u00e9tien si nous manifestions une confiance en la v\u00e9racit\u00e9 des \u00e9v\u00e9nements pr\u00e9dits dans les pages des \u00c9critures? Comment devons-nous r\u00e9agir aux tendances politiques chr\u00e9tiennes? Et quel est notre r\u00f4le en tant que mouvement proph\u00e9tique en ces temps de la fin?<\/span><\/p>\n<p><span style=\"font-weight: 400;\">Notre compr\u00e9hension des proph\u00e9ties bibliques, en tant qu\u2019adventistes du septi\u00e8me jour, est ce qui nous oriente. Elle nous dit o\u00f9 nous sommes dans l\u2019histoire du monde et nous assure que nos \u00e9preuves et nos difficult\u00e9s n\u2019\u00e9tonnent en rien notre Dieu omniscient. M\u00eame si la peur afflige tout le monde qui nous entoure, elle ne trouve aucune place dans le c\u0153ur de ceux dont la confiance est ancr\u00e9e dans le Dieu des saintes \u00c9critures\u00a0: le Dieu qui a promis \u00e0 Adam et \u00e0 \u00c8ve qu\u2019il \u00e9craserait la t\u00eate du serpent m\u00eame si cette action devait lui blesser le talon; le Dieu qui a dit \u00e0 Abraham que ses descendants seraient \u00e9trangers et esclaves dans un autre pays pendant 400\u00a0ans; le Dieu qui, par J\u00e9r\u00e9mie, a pr\u00e9dit qu\u2019Isra\u00ebl passerait 70\u00a0ans sous le joug de la captivit\u00e9 babylonienne; le Dieu qui a annonc\u00e9 qu\u2019apr\u00e8s le r\u00e8gne de l\u2019Empire romain, les pays d\u2019Europe ne seraient plus unis les uns aux autres.<\/span><\/p>\n<p><span style=\"font-weight: 400;\">Lorsque nous acceptons le Dieu des proph\u00e9ties bibliques comme notre Dieu, nous pouvons adopter une confiance imp\u00e9n\u00e9trable dans nos \u00e9changes avec le monde, t\u00e9moignant notre profonde tristesse quant \u00e0 l\u2019extr\u00eame m\u00e9chancet\u00e9 du mal, mais ne la laissant pas pour autant nous perturber. Nous connaissons aujourd\u2019hui les grandes lignes de ce qui nous attend. Notre chr\u00e9tient\u00e9 ne peut, dans ce cas, \u00eatre le reflet d\u2019un monde dans le doute ou la noirceur. Nous avons un appel proph\u00e9tique. <\/span><\/p>\n<p><span style=\"font-weight: 400;\">Nous sommes un peuple proph\u00e9tique.<\/span><\/p>\n<p><span style=\"font-weight: 400;\">Sikhululekile Daco est une adjointe \u00e0 la r\u00e9daction chez Adventist Review Ministries.<\/span><\/p>\n<p><span style=\"font-weight: 400;\">Traduction\u00a0: Marie-Mich\u00e8le Robitaille<\/span><\/p>\n","protected":false},"excerpt":{"rendered":"<p>Pourquoi les proph\u00e9ties sont-elles importantes pour les adventistes du septi\u00e8me jour? Le 16 juillet 2023 | Sikhululekile Daco, Adventist Review Ministries Est-ce possible d\u2019\u00eatre si fascin\u00e9 par les \u00e9nigmes des&#8230;<\/p>\n","protected":false},"author":3,"featured_media":100954,"comment_status":"closed","ping_status":"closed","sticky":false,"template":"","format":"standard","meta":{"_acf_changed":false,"footnotes":""},"categories":[18,19],"tags":[],"class_list":["post-100995","post","type-post","status-publish","format-standard","has-post-thumbnail","hentry","category-nouvelles-de-leglise-mondiale","category-rss-francais"],"acf":[],"yoast_head":"<!-- This site is optimized with the Yoast SEO plugin v27.3 - https:\/\/yoast.com\/product\/yoast-seo-wordpress\/ -->\n<title>Un peuple proph\u00e9tique - \u00c9glise Adventiste Du Septieme Jour - Inter Am\u00e9rique Division<\/title>\n<meta name=\"robots\" content=\"index, follow, max-snippet:-1, max-image-preview:large, max-video-preview:-1\" \/>\n<link rel=\"canonical\" href=\"https:\/\/interamerica.org\/fr\/2023\/07\/un-peuple-prophetique\/\" \/>\n<meta property=\"og:locale\" content=\"fr_FR\" \/>\n<meta property=\"og:type\" content=\"article\" \/>\n<meta property=\"og:title\" content=\"Un peuple proph\u00e9tique - \u00c9glise Adventiste Du Septieme Jour - Inter Am\u00e9rique Division\" \/>\n<meta property=\"og:description\" content=\"Pourquoi les proph\u00e9ties sont-elles importantes pour les adventistes du septi\u00e8me jour? Le 16 juillet 2023 | Sikhululekile Daco, Adventist Review Ministries Est-ce possible d\u2019\u00eatre si fascin\u00e9 par les \u00e9nigmes des...\" \/>\n<meta property=\"og:url\" content=\"https:\/\/interamerica.org\/fr\/2023\/07\/un-peuple-prophetique\/\" \/>\n<meta property=\"og:site_name\" content=\"\u00c9glise Adventiste Du Septieme Jour - Inter Am\u00e9rique Division\" \/>\n<meta property=\"article:published_time\" content=\"2023-07-17T12:53:13+00:00\" \/>\n<meta property=\"article:modified_time\" content=\"2023-07-18T14:50:24+00:00\" \/>\n<meta property=\"og:image\" content=\"https:\/\/interamerica.org\/wp-content\/uploads\/2023\/07\/emmanuel-phaeton-bbfpuf7kw3g-unsplash.jpeg\" \/>\n\t<meta property=\"og:image:width\" content=\"1920\" \/>\n\t<meta property=\"og:image:height\" content=\"1280\" \/>\n\t<meta property=\"og:image:type\" content=\"image\/jpeg\" \/>\n<meta name=\"author\" content=\"libna\" \/>\n<meta name=\"twitter:card\" content=\"summary_large_image\" \/>\n<meta name=\"twitter:label1\" content=\"\u00c9crit par\" \/>\n\t<meta name=\"twitter:data1\" content=\"libna\" \/>\n\t<meta name=\"twitter:label2\" content=\"Dur\u00e9e de lecture estim\u00e9e\" \/>\n\t<meta name=\"twitter:data2\" content=\"4 minutes\" \/>\n<script type=\"application\/ld+json\" class=\"yoast-schema-graph\">{\"@context\":\"https:\\\/\\\/schema.org\",\"@graph\":[{\"@type\":\"Article\",\"@id\":\"https:\\\/\\\/interamerica.org\\\/fr\\\/2023\\\/07\\\/un-peuple-prophetique\\\/#article\",\"isPartOf\":{\"@id\":\"https:\\\/\\\/interamerica.org\\\/fr\\\/2023\\\/07\\\/un-peuple-prophetique\\\/\"},\"author\":{\"name\":\"libna\",\"@id\":\"https:\\\/\\\/interamerica.org\\\/fr\\\/#\\\/schema\\\/person\\\/29998f2bc2d8bd0d38662909289b54f1\"},\"headline\":\"Un peuple proph\u00e9tique\",\"datePublished\":\"2023-07-17T12:53:13+00:00\",\"dateModified\":\"2023-07-18T14:50:24+00:00\",\"mainEntityOfPage\":{\"@id\":\"https:\\\/\\\/interamerica.org\\\/fr\\\/2023\\\/07\\\/un-peuple-prophetique\\\/\"},\"wordCount\":874,\"image\":{\"@id\":\"https:\\\/\\\/interamerica.org\\\/fr\\\/2023\\\/07\\\/un-peuple-prophetique\\\/#primaryimage\"},\"thumbnailUrl\":\"https:\\\/\\\/interamerica.org\\\/wp-content\\\/uploads\\\/2023\\\/07\\\/emmanuel-phaeton-bbfpuf7kw3g-unsplash.jpeg\",\"articleSection\":[\"Nouvelles de l'\u00c9glise mondiale\",\"RSS Fran\u00e7ais\"],\"inLanguage\":\"fr-FR\"},{\"@type\":\"WebPage\",\"@id\":\"https:\\\/\\\/interamerica.org\\\/fr\\\/2023\\\/07\\\/un-peuple-prophetique\\\/\",\"url\":\"https:\\\/\\\/interamerica.org\\\/fr\\\/2023\\\/07\\\/un-peuple-prophetique\\\/\",\"name\":\"Un peuple proph\u00e9tique - \u00c9glise Adventiste Du Septieme Jour - Inter Am\u00e9rique Division\",\"isPartOf\":{\"@id\":\"https:\\\/\\\/interamerica.org\\\/fr\\\/#website\"},\"primaryImageOfPage\":{\"@id\":\"https:\\\/\\\/interamerica.org\\\/fr\\\/2023\\\/07\\\/un-peuple-prophetique\\\/#primaryimage\"},\"image\":{\"@id\":\"https:\\\/\\\/interamerica.org\\\/fr\\\/2023\\\/07\\\/un-peuple-prophetique\\\/#primaryimage\"},\"thumbnailUrl\":\"https:\\\/\\\/interamerica.org\\\/wp-content\\\/uploads\\\/2023\\\/07\\\/emmanuel-phaeton-bbfpuf7kw3g-unsplash.jpeg\",\"datePublished\":\"2023-07-17T12:53:13+00:00\",\"dateModified\":\"2023-07-18T14:50:24+00:00\",\"author\":{\"@id\":\"https:\\\/\\\/interamerica.org\\\/fr\\\/#\\\/schema\\\/person\\\/29998f2bc2d8bd0d38662909289b54f1\"},\"breadcrumb\":{\"@id\":\"https:\\\/\\\/interamerica.org\\\/fr\\\/2023\\\/07\\\/un-peuple-prophetique\\\/#breadcrumb\"},\"inLanguage\":\"fr-FR\",\"potentialAction\":[{\"@type\":\"ReadAction\",\"target\":[\"https:\\\/\\\/interamerica.org\\\/fr\\\/2023\\\/07\\\/un-peuple-prophetique\\\/\"]}]},{\"@type\":\"ImageObject\",\"inLanguage\":\"fr-FR\",\"@id\":\"https:\\\/\\\/interamerica.org\\\/fr\\\/2023\\\/07\\\/un-peuple-prophetique\\\/#primaryimage\",\"url\":\"https:\\\/\\\/interamerica.org\\\/wp-content\\\/uploads\\\/2023\\\/07\\\/emmanuel-phaeton-bbfpuf7kw3g-unsplash.jpeg\",\"contentUrl\":\"https:\\\/\\\/interamerica.org\\\/wp-content\\\/uploads\\\/2023\\\/07\\\/emmanuel-phaeton-bbfpuf7kw3g-unsplash.jpeg\",\"width\":1920,\"height\":1280,\"caption\":\"[Photo: Emmanuel Phaeton \\\/ Unsplash]\"},{\"@type\":\"BreadcrumbList\",\"@id\":\"https:\\\/\\\/interamerica.org\\\/fr\\\/2023\\\/07\\\/un-peuple-prophetique\\\/#breadcrumb\",\"itemListElement\":[{\"@type\":\"ListItem\",\"position\":1,\"name\":\"Home\",\"item\":\"https:\\\/\\\/interamerica.org\\\/fr\\\/\"},{\"@type\":\"ListItem\",\"position\":2,\"name\":\"Un peuple proph\u00e9tique\"}]},{\"@type\":\"WebSite\",\"@id\":\"https:\\\/\\\/interamerica.org\\\/fr\\\/#website\",\"url\":\"https:\\\/\\\/interamerica.org\\\/fr\\\/\",\"name\":\"\u00c9glise Adventiste Du Septieme Jour - Inter Am\u00e9rique Division\",\"description\":\"\",\"potentialAction\":[{\"@type\":\"SearchAction\",\"target\":{\"@type\":\"EntryPoint\",\"urlTemplate\":\"https:\\\/\\\/interamerica.org\\\/fr\\\/?s={search_term_string}\"},\"query-input\":{\"@type\":\"PropertyValueSpecification\",\"valueRequired\":true,\"valueName\":\"search_term_string\"}}],\"inLanguage\":\"fr-FR\"},{\"@type\":\"Person\",\"@id\":\"https:\\\/\\\/interamerica.org\\\/fr\\\/#\\\/schema\\\/person\\\/29998f2bc2d8bd0d38662909289b54f1\",\"name\":\"libna\",\"image\":{\"@type\":\"ImageObject\",\"inLanguage\":\"fr-FR\",\"@id\":\"https:\\\/\\\/secure.gravatar.com\\\/avatar\\\/7c5bd30ae4b47a9ba3c856590957fd1d96dc588bf3ac05719d247e126840331f?s=96&d=mm&r=g\",\"url\":\"https:\\\/\\\/secure.gravatar.com\\\/avatar\\\/7c5bd30ae4b47a9ba3c856590957fd1d96dc588bf3ac05719d247e126840331f?s=96&d=mm&r=g\",\"contentUrl\":\"https:\\\/\\\/secure.gravatar.com\\\/avatar\\\/7c5bd30ae4b47a9ba3c856590957fd1d96dc588bf3ac05719d247e126840331f?s=96&d=mm&r=g\",\"caption\":\"libna\"}}]}<\/script>\n<!-- \/ Yoast SEO plugin. -->","yoast_head_json":{"title":"Un peuple proph\u00e9tique - \u00c9glise Adventiste Du Septieme Jour - Inter Am\u00e9rique Division","robots":{"index":"index","follow":"follow","max-snippet":"max-snippet:-1","max-image-preview":"max-image-preview:large","max-video-preview":"max-video-preview:-1"},"canonical":"https:\/\/interamerica.org\/fr\/2023\/07\/un-peuple-prophetique\/","og_locale":"fr_FR","og_type":"article","og_title":"Un peuple proph\u00e9tique - \u00c9glise Adventiste Du Septieme Jour - Inter Am\u00e9rique Division","og_description":"Pourquoi les proph\u00e9ties sont-elles importantes pour les adventistes du septi\u00e8me jour? Le 16 juillet 2023 | Sikhululekile Daco, Adventist Review Ministries Est-ce possible d\u2019\u00eatre si fascin\u00e9 par les \u00e9nigmes des...","og_url":"https:\/\/interamerica.org\/fr\/2023\/07\/un-peuple-prophetique\/","og_site_name":"\u00c9glise Adventiste Du Septieme Jour - Inter Am\u00e9rique Division","article_published_time":"2023-07-17T12:53:13+00:00","article_modified_time":"2023-07-18T14:50:24+00:00","og_image":[{"width":1920,"height":1280,"url":"https:\/\/interamerica.org\/wp-content\/uploads\/2023\/07\/emmanuel-phaeton-bbfpuf7kw3g-unsplash.jpeg","type":"image\/jpeg"}],"author":"libna","twitter_card":"summary_large_image","twitter_misc":{"\u00c9crit par":"libna","Dur\u00e9e de lecture estim\u00e9e":"4 minutes"},"schema":{"@context":"https:\/\/schema.org","@graph":[{"@type":"Article","@id":"https:\/\/interamerica.org\/fr\/2023\/07\/un-peuple-prophetique\/#article","isPartOf":{"@id":"https:\/\/interamerica.org\/fr\/2023\/07\/un-peuple-prophetique\/"},"author":{"name":"libna","@id":"https:\/\/interamerica.org\/fr\/#\/schema\/person\/29998f2bc2d8bd0d38662909289b54f1"},"headline":"Un peuple proph\u00e9tique","datePublished":"2023-07-17T12:53:13+00:00","dateModified":"2023-07-18T14:50:24+00:00","mainEntityOfPage":{"@id":"https:\/\/interamerica.org\/fr\/2023\/07\/un-peuple-prophetique\/"},"wordCount":874,"image":{"@id":"https:\/\/interamerica.org\/fr\/2023\/07\/un-peuple-prophetique\/#primaryimage"},"thumbnailUrl":"https:\/\/interamerica.org\/wp-content\/uploads\/2023\/07\/emmanuel-phaeton-bbfpuf7kw3g-unsplash.jpeg","articleSection":["Nouvelles de l'\u00c9glise mondiale","RSS Fran\u00e7ais"],"inLanguage":"fr-FR"},{"@type":"WebPage","@id":"https:\/\/interamerica.org\/fr\/2023\/07\/un-peuple-prophetique\/","url":"https:\/\/interamerica.org\/fr\/2023\/07\/un-peuple-prophetique\/","name":"Un peuple proph\u00e9tique - \u00c9glise Adventiste Du Septieme Jour - Inter Am\u00e9rique Division","isPartOf":{"@id":"https:\/\/interamerica.org\/fr\/#website"},"primaryImageOfPage":{"@id":"https:\/\/interamerica.org\/fr\/2023\/07\/un-peuple-prophetique\/#primaryimage"},"image":{"@id":"https:\/\/interamerica.org\/fr\/2023\/07\/un-peuple-prophetique\/#primaryimage"},"thumbnailUrl":"https:\/\/interamerica.org\/wp-content\/uploads\/2023\/07\/emmanuel-phaeton-bbfpuf7kw3g-unsplash.jpeg","datePublished":"2023-07-17T12:53:13+00:00","dateModified":"2023-07-18T14:50:24+00:00","author":{"@id":"https:\/\/interamerica.org\/fr\/#\/schema\/person\/29998f2bc2d8bd0d38662909289b54f1"},"breadcrumb":{"@id":"https:\/\/interamerica.org\/fr\/2023\/07\/un-peuple-prophetique\/#breadcrumb"},"inLanguage":"fr-FR","potentialAction":[{"@type":"ReadAction","target":["https:\/\/interamerica.org\/fr\/2023\/07\/un-peuple-prophetique\/"]}]},{"@type":"ImageObject","inLanguage":"fr-FR","@id":"https:\/\/interamerica.org\/fr\/2023\/07\/un-peuple-prophetique\/#primaryimage","url":"https:\/\/interamerica.org\/wp-content\/uploads\/2023\/07\/emmanuel-phaeton-bbfpuf7kw3g-unsplash.jpeg","contentUrl":"https:\/\/interamerica.org\/wp-content\/uploads\/2023\/07\/emmanuel-phaeton-bbfpuf7kw3g-unsplash.jpeg","width":1920,"height":1280,"caption":"[Photo: Emmanuel Phaeton \/ Unsplash]"},{"@type":"BreadcrumbList","@id":"https:\/\/interamerica.org\/fr\/2023\/07\/un-peuple-prophetique\/#breadcrumb","itemListElement":[{"@type":"ListItem","position":1,"name":"Home","item":"https:\/\/interamerica.org\/fr\/"},{"@type":"ListItem","position":2,"name":"Un peuple proph\u00e9tique"}]},{"@type":"WebSite","@id":"https:\/\/interamerica.org\/fr\/#website","url":"https:\/\/interamerica.org\/fr\/","name":"\u00c9glise Adventiste Du Septieme Jour - Inter Am\u00e9rique Division","description":"","potentialAction":[{"@type":"SearchAction","target":{"@type":"EntryPoint","urlTemplate":"https:\/\/interamerica.org\/fr\/?s={search_term_string}"},"query-input":{"@type":"PropertyValueSpecification","valueRequired":true,"valueName":"search_term_string"}}],"inLanguage":"fr-FR"},{"@type":"Person","@id":"https:\/\/interamerica.org\/fr\/#\/schema\/person\/29998f2bc2d8bd0d38662909289b54f1","name":"libna","image":{"@type":"ImageObject","inLanguage":"fr-FR","@id":"https:\/\/secure.gravatar.com\/avatar\/7c5bd30ae4b47a9ba3c856590957fd1d96dc588bf3ac05719d247e126840331f?s=96&d=mm&r=g","url":"https:\/\/secure.gravatar.com\/avatar\/7c5bd30ae4b47a9ba3c856590957fd1d96dc588bf3ac05719d247e126840331f?s=96&d=mm&r=g","contentUrl":"https:\/\/secure.gravatar.com\/avatar\/7c5bd30ae4b47a9ba3c856590957fd1d96dc588bf3ac05719d247e126840331f?s=96&d=mm&r=g","caption":"libna"}}]}},"_links":{"self":[{"href":"https:\/\/interamerica.org\/fr\/wp-json\/wp\/v2\/posts\/100995","targetHints":{"allow":["GET"]}}],"collection":[{"href":"https:\/\/interamerica.org\/fr\/wp-json\/wp\/v2\/posts"}],"about":[{"href":"https:\/\/interamerica.org\/fr\/wp-json\/wp\/v2\/types\/post"}],"author":[{"embeddable":true,"href":"https:\/\/interamerica.org\/fr\/wp-json\/wp\/v2\/users\/3"}],"replies":[{"embeddable":true,"href":"https:\/\/interamerica.org\/fr\/wp-json\/wp\/v2\/comments?post=100995"}],"version-history":[{"count":0,"href":"https:\/\/interamerica.org\/fr\/wp-json\/wp\/v2\/posts\/100995\/revisions"}],"wp:featuredmedia":[{"embeddable":true,"href":"https:\/\/interamerica.org\/fr\/wp-json\/wp\/v2\/media\/100954"}],"wp:attachment":[{"href":"https:\/\/interamerica.org\/fr\/wp-json\/wp\/v2\/media?parent=100995"}],"wp:term":[{"taxonomy":"category","embeddable":true,"href":"https:\/\/interamerica.org\/fr\/wp-json\/wp\/v2\/categories?post=100995"},{"taxonomy":"post_tag","embeddable":true,"href":"https:\/\/interamerica.org\/fr\/wp-json\/wp\/v2\/tags?post=100995"}],"curies":[{"name":"wp","href":"https:\/\/api.w.org\/{rel}","templated":true}]}}