{"id":101013,"date":"2023-07-17T22:49:05","date_gmt":"2023-07-18T02:49:05","guid":{"rendered":"https:\/\/interamerica.org\/?p=101013"},"modified":"2023-07-19T10:13:08","modified_gmt":"2023-07-19T14:13:08","slug":"adra-haiti-distribue-de-la-nourriture-a-des-centaines-de-personnes-durement-touchees-par-les-recentes-inondations","status":"publish","type":"post","link":"https:\/\/interamerica.org\/fr\/2023\/07\/adra-haiti-distribue-de-la-nourriture-a-des-centaines-de-personnes-durement-touchees-par-les-recentes-inondations\/","title":{"rendered":"ADRA Ha\u00efti distribue de la nourriture \u00e0 des centaines de personnes durement touch\u00e9es par les r\u00e9centes inondations"},"content":{"rendered":"<p><div id=\"attachment_100981\" style=\"width: 892px\" class=\"wp-caption aligncenter\"><img fetchpriority=\"high\" decoding=\"async\" aria-describedby=\"caption-attachment-100981\" class=\"wp-image-100980\" src=\"https:\/\/interamerica.org\/wp-content\/uploads\/2023\/07\/adra-haiti-june2023-1280-1024x640.jpg\" alt=\"\" width=\"882\" height=\"551\" srcset=\"https:\/\/interamerica.org\/wp-content\/uploads\/2023\/07\/adra-haiti-june2023-1280-1024x640.jpg 1024w, https:\/\/interamerica.org\/wp-content\/uploads\/2023\/07\/adra-haiti-june2023-1280-300x188.jpg 300w, https:\/\/interamerica.org\/wp-content\/uploads\/2023\/07\/adra-haiti-june2023-1280-768x480.jpg 768w, https:\/\/interamerica.org\/wp-content\/uploads\/2023\/07\/adra-haiti-june2023-1280.jpg 1280w\" sizes=\"(max-width: 882px) 100vw, 882px\" \/><p id=\"caption-attachment-100981\" class=\"wp-caption-text\">Myrlaine Jean Pierre, directrice nationale d\u2019ADRA Ha\u00efti, parle avec un homme qui re\u00e7oit des denr\u00e9es alimentaires pour sa famille \u00e0 Carrefour, \u00e0 Port-au-Prince, en Ha\u00efti, l\u2019une des nombreuses communaut\u00e9s durement touch\u00e9es par les inondations qui ont d\u00e9truit des maisons, des fermes et tu\u00e9 du b\u00e9tail en juin dernier. Plus de 4400 personnes ont re\u00e7u des denr\u00e9es non p\u00e9rissables, des couvertures, des kits d\u2019hygi\u00e8ne et plus encore lors de plusieurs distributions qui ont eu lieu du 12 au 17 juin et le 25 juin 2023. [Photo : ADRA Ha\u00efti]<\/p><\/div>17 Juillet 2023 | Carrefour, Port-au-Prince, Ha\u00efti | Kevner Sineus et Libna Stevens, Actualit\u00e9s de la Division Inter Am\u00e9ricaine<\/p>\n<p>L\u2019Agence Adventiste de D\u00e9veloppement et de Secours (ADRA) en Ha\u00efti a r\u00e9cemment distribu\u00e9 des centaines de kits alimentaires et d\u2019hygi\u00e8ne aux victimes des pluies torrentielles qui ont inond\u00e9 plusieurs communaut\u00e9s dans la partie sud du d\u00e9partement de l\u2019Ouest \u00e0 Port-au-Prince le mois dernier. Les inondations ont provoqu\u00e9 des glissements de terrain qui ont fait 51 morts, des dizaines de bless\u00e9s et d\u00e9truit des centaines de maisons. Plus de 39000 maisons ont \u00e9t\u00e9 inond\u00e9es et plus de 3500 personnes ont \u00e9t\u00e9 \u00e9vacu\u00e9es, selon la Protection Civile en Ha\u00efti.<\/p>\n<p>ADRA Ha\u00efti a distribu\u00e9 4400 kits alimentaires et des kits d\u2019hygi\u00e8ne ainsi que divers articles dans les communaut\u00e9s de Carrefour, Mariani, Merger, Gressier et L\u00e9ogane.<\/p>\n<p><div id=\"attachment_100972\" style=\"width: 866px\" class=\"wp-caption aligncenter\"><img decoding=\"async\" aria-describedby=\"caption-attachment-100972\" class=\" wp-image-100971\" src=\"https:\/\/interamerica.org\/wp-content\/uploads\/2023\/07\/adra-haiti-distributino-lineup.jpg\" alt=\"\" width=\"856\" height=\"571\" srcset=\"https:\/\/interamerica.org\/wp-content\/uploads\/2023\/07\/adra-haiti-distributino-lineup.jpg 1000w, https:\/\/interamerica.org\/wp-content\/uploads\/2023\/07\/adra-haiti-distributino-lineup-300x200.jpg 300w, https:\/\/interamerica.org\/wp-content\/uploads\/2023\/07\/adra-haiti-distributino-lineup-768x512.jpg 768w\" sizes=\"(max-width: 856px) 100vw, 856px\" \/><p id=\"caption-attachment-100972\" class=\"wp-caption-text\">La plupart des personnes touch\u00e9es ont suivi une file d\u2019attente pour recevoir des provisions lors de l\u2019une des nombreuses distributions organis\u00e9es dans le d\u00e9partement de l\u2019Ouest \u00e0 Port-au-Prince, en Ha\u00efti. [Photo : ADRA Ha\u00efti]<\/p><\/div>\u00ab Nous \u00e9tions heureux que notre \u00e9quipe d\u2019intervention d\u2019urgence d\u2019ADRA ait effectu\u00e9 des distributions dans les zones les plus vuln\u00e9rables gr\u00e2ce \u00e0 notre partenariat avec des agences non gouvernementales comme l\u2019UNICEF, l\u2019Organisation Internationale pour la Migration et le Programme Alimentaire Mondial, \u00bb a d\u00e9clar\u00e9 Myrlaine Jean Pierre, directrice nationale d\u2019ADRA Ha\u00efti. \u00ab Un nombre important de personnes vivant dans ces zones ont perdu leurs maisons. Les inondations ont emport\u00e9 leur b\u00e9tail et d\u00e9truit leurs jardins, souvent consid\u00e9r\u00e9s comme leur principale source de revenus.<\/p>\n<p><a href=\"https:\/\/interamerica.org\/2023\/06\/adventist-church-mobilizes-to-assist-families-affected-by-severe-flooding-across-haiti\/\">ADRA Ha\u00efti et son \u00e9quipe ont imm\u00e9diatement r\u00e9agi <\/a> pour identifier les besoins des familles les plus vuln\u00e9rables, a d\u00e9clar\u00e9 Willy Lima, directeur des programmes d\u2019ADRA Ha\u00efti. La premi\u00e8re distribution a eu lieu du 12 au 17 juin 2023 et la derni\u00e8re le 25 juin.<\/p>\n<p><div id=\"attachment_100969\" style=\"width: 853px\" class=\"wp-caption aligncenter\"><img decoding=\"async\" aria-describedby=\"caption-attachment-100969\" class=\" wp-image-100968\" src=\"https:\/\/interamerica.org\/wp-content\/uploads\/2023\/07\/adra-haiti-distribution-lady-juen2023.jpg\" alt=\"\" width=\"843\" height=\"633\" srcset=\"https:\/\/interamerica.org\/wp-content\/uploads\/2023\/07\/adra-haiti-distribution-lady-juen2023.jpg 950w, https:\/\/interamerica.org\/wp-content\/uploads\/2023\/07\/adra-haiti-distribution-lady-juen2023-300x225.jpg 300w, https:\/\/interamerica.org\/wp-content\/uploads\/2023\/07\/adra-haiti-distribution-lady-juen2023-768x576.jpg 768w\" sizes=\"(max-width: 843px) 100vw, 843px\" \/><p id=\"caption-attachment-100969\" class=\"wp-caption-text\">Une femme re\u00e7oit de l\u2019aide d\u2019un b\u00e9n\u00e9vole d\u2019ADRA qui lui remet des provisions pour sa famille. ADRA Ha\u00efti a effectu\u00e9 une distribution de nourriture en partenariat avec l\u2019UNICEF, l\u2019Organisation Internationale pour la Migration et le Programme Alimentaire Mondial dans les communaut\u00e9s de Carrefour, Mariani, Merger, Gressier et L\u00e9ogane. [Photo : ADRA Ha\u00efti]<\/p><\/div>Les fonds d\u2019ADRA International et d\u2019ADRA Inter-Am\u00e9rique ont \u00e9t\u00e9 mis \u00e0 disposition pour aider des centaines de familles \u00e0 Carrefour et dans les communaut\u00e9s environnantes.<\/p>\n<p>Des dizaines de personnes ont suivi une file d\u2019attente pour recevoir des couvertures, de l\u2019eau, des sacs de riz, des haricots, de l\u2019huile et d\u2019autres denr\u00e9es non p\u00e9rissables, ainsi que des articles non alimentaires \u00e0 ramener dans leurs familles.<\/p>\n<p>Les personnes se retrouvant sans abri et priv\u00e9es de leurs moyens de subsistance ne savent pas comment elles pourront avancer afin de subvenir aux besoins de leurs familles, ont indiqu\u00e9 les dirigeants d\u2019ADRA.<\/p>\n<p><div id=\"attachment_100975\" style=\"width: 845px\" class=\"wp-caption aligncenter\"><img loading=\"lazy\" decoding=\"async\" aria-describedby=\"caption-attachment-100975\" class=\" wp-image-100974\" src=\"https:\/\/interamerica.org\/wp-content\/uploads\/2023\/07\/adra-haiti-carrefour-food-distribution.jpg\" alt=\"\" width=\"835\" height=\"627\" srcset=\"https:\/\/interamerica.org\/wp-content\/uploads\/2023\/07\/adra-haiti-carrefour-food-distribution.jpg 950w, https:\/\/interamerica.org\/wp-content\/uploads\/2023\/07\/adra-haiti-carrefour-food-distribution-300x225.jpg 300w, https:\/\/interamerica.org\/wp-content\/uploads\/2023\/07\/adra-haiti-carrefour-food-distribution-768x576.jpg 768w\" sizes=\"(max-width: 835px) 100vw, 835px\" \/><p id=\"caption-attachment-100975\" class=\"wp-caption-text\">Une b\u00e9n\u00e9vole d\u2019ADRA v\u00eatue de son uniforme de Chef-Guide aide \u00e0 coordonner la livraison de nourriture sur un site lors de l\u2019une des distributions organis\u00e9es le mois dernier. [Photo : ADRA Ha\u00efti]<\/p><\/div>\u00ab La terre ne pourra plus produire car nous avons vu les couches fertiles des champs envahies par les d\u00e9bris, \u00bb a expliqu\u00e9 Willy Lima. De nombreux agriculteurs locaux de la communaut\u00e9 de Tamarin ont expliqu\u00e9 qu\u2019en raison du sol d\u00e9vast\u00e9, tout ce qui est plant\u00e9 dans le sol mourra, a ajout\u00e9 Willy Lima.<\/p>\n<p>Il y a des probl\u00e8mes et des d\u00e9fis en termes d\u2019ins\u00e9curit\u00e9 non seulement dans diverses communaut\u00e9s qui ont des routes encore inond\u00e9es, mais aussi \u00e0 cause de la menace constante de la violence des gangs dans le pays qui a eu un impact sur le rythme de l\u2019acheminement de la nourriture et d\u2019autres articles aux familles touch\u00e9es, ont d\u00e9clar\u00e9 les dirigeants d\u2019ADRA Ha\u00efti.<\/p>\n<p><div id=\"attachment_100978\" style=\"width: 849px\" class=\"wp-caption aligncenter\"><img loading=\"lazy\" decoding=\"async\" aria-describedby=\"caption-attachment-100978\" class=\" wp-image-100977\" src=\"https:\/\/interamerica.org\/wp-content\/uploads\/2023\/07\/adra-haiti-distribution-june2023.jpg\" alt=\"\" width=\"839\" height=\"590\" srcset=\"https:\/\/interamerica.org\/wp-content\/uploads\/2023\/07\/adra-haiti-distribution-june2023.jpg 625w, https:\/\/interamerica.org\/wp-content\/uploads\/2023\/07\/adra-haiti-distribution-june2023-300x211.jpg 300w\" sizes=\"(max-width: 839px) 100vw, 839px\" \/><p id=\"caption-attachment-100978\" class=\"wp-caption-text\">Un groupe suit la file d\u2019attente et attend son tour pour obtenir des provisions alimentaires destin\u00e9es aux familles dans le d\u00e9partement de l\u2019Ouest \u00e0 Port-au-Prince, en Ha\u00efti. [Photo : ADRA Ha\u00efti]<\/p><\/div>\u00ab ADRA Ha\u00efti est toujours pr\u00eate \u00e0 soutenir les communaut\u00e9s affect\u00e9es dans leurs efforts pour se r\u00e9tablir et reconstruire, \u00bb a d\u00e9clar\u00e9 Myrlaine Jean Pierre.<\/p>\n<p>Traduction: Patrick Luciathe<\/p>\n","protected":false},"excerpt":{"rendered":"<p>17 Juillet 2023 | Carrefour, Port-au-Prince, Ha\u00efti | Kevner Sineus et Libna Stevens, Actualit\u00e9s de la Division Inter Am\u00e9ricaine L\u2019Agence Adventiste de D\u00e9veloppement et de Secours (ADRA) en Ha\u00efti a&#8230;<\/p>\n","protected":false},"author":3,"featured_media":100984,"comment_status":"closed","ping_status":"closed","sticky":false,"template":"","format":"standard","meta":{"_acf_changed":false,"footnotes":""},"categories":[21,19],"tags":[],"class_list":["post-101013","post","type-post","status-publish","format-standard","has-post-thumbnail","hentry","category-nouvelles-du-territoire","category-rss-francais"],"acf":[],"yoast_head":"<!-- This site is optimized with the Yoast SEO plugin v27.3 - https:\/\/yoast.com\/product\/yoast-seo-wordpress\/ -->\n<title>ADRA Ha\u00efti distribue de la nourriture \u00e0 des centaines de personnes durement touch\u00e9es par les r\u00e9centes inondations - \u00c9glise Adventiste Du Septieme Jour - Inter Am\u00e9rique Division<\/title>\n<meta name=\"robots\" content=\"index, follow, max-snippet:-1, max-image-preview:large, max-video-preview:-1\" \/>\n<link rel=\"canonical\" href=\"https:\/\/interamerica.org\/fr\/2023\/07\/adra-haiti-distribue-de-la-nourriture-a-des-centaines-de-personnes-durement-touchees-par-les-recentes-inondations\/\" \/>\n<meta property=\"og:locale\" content=\"fr_FR\" \/>\n<meta property=\"og:type\" content=\"article\" \/>\n<meta property=\"og:title\" content=\"ADRA Ha\u00efti distribue de la nourriture \u00e0 des centaines de personnes durement touch\u00e9es par les r\u00e9centes inondations - \u00c9glise Adventiste Du Septieme Jour - Inter Am\u00e9rique Division\" \/>\n<meta property=\"og:description\" content=\"17 Juillet 2023 | Carrefour, Port-au-Prince, Ha\u00efti | Kevner Sineus et Libna Stevens, Actualit\u00e9s de la Division Inter Am\u00e9ricaine L\u2019Agence Adventiste de D\u00e9veloppement et de Secours (ADRA) en Ha\u00efti a...\" \/>\n<meta property=\"og:url\" content=\"https:\/\/interamerica.org\/fr\/2023\/07\/adra-haiti-distribue-de-la-nourriture-a-des-centaines-de-personnes-durement-touchees-par-les-recentes-inondations\/\" \/>\n<meta property=\"og:site_name\" content=\"\u00c9glise Adventiste Du Septieme Jour - Inter Am\u00e9rique Division\" \/>\n<meta property=\"article:published_time\" content=\"2023-07-18T02:49:05+00:00\" \/>\n<meta property=\"article:modified_time\" content=\"2023-07-19T14:13:08+00:00\" \/>\n<meta property=\"og:image\" content=\"https:\/\/interamerica.org\/wp-content\/uploads\/2023\/07\/adra-haiti-june2023.jpg\" \/>\n\t<meta property=\"og:image:width\" content=\"950\" \/>\n\t<meta property=\"og:image:height\" content=\"713\" \/>\n\t<meta property=\"og:image:type\" content=\"image\/jpeg\" \/>\n<meta name=\"author\" content=\"libna\" \/>\n<meta name=\"twitter:card\" content=\"summary_large_image\" \/>\n<meta name=\"twitter:label1\" content=\"\u00c9crit par\" \/>\n\t<meta name=\"twitter:data1\" content=\"libna\" \/>\n\t<meta name=\"twitter:label2\" content=\"Dur\u00e9e de lecture estim\u00e9e\" \/>\n\t<meta name=\"twitter:data2\" content=\"5 minutes\" \/>\n<script type=\"application\/ld+json\" class=\"yoast-schema-graph\">{\"@context\":\"https:\\\/\\\/schema.org\",\"@graph\":[{\"@type\":\"Article\",\"@id\":\"https:\\\/\\\/interamerica.org\\\/fr\\\/2023\\\/07\\\/adra-haiti-distribue-de-la-nourriture-a-des-centaines-de-personnes-durement-touchees-par-les-recentes-inondations\\\/#article\",\"isPartOf\":{\"@id\":\"https:\\\/\\\/interamerica.org\\\/fr\\\/2023\\\/07\\\/adra-haiti-distribue-de-la-nourriture-a-des-centaines-de-personnes-durement-touchees-par-les-recentes-inondations\\\/\"},\"author\":{\"name\":\"libna\",\"@id\":\"https:\\\/\\\/interamerica.org\\\/fr\\\/#\\\/schema\\\/person\\\/29998f2bc2d8bd0d38662909289b54f1\"},\"headline\":\"ADRA Ha\u00efti distribue de la nourriture \u00e0 des centaines de personnes durement touch\u00e9es par les r\u00e9centes inondations\",\"datePublished\":\"2023-07-18T02:49:05+00:00\",\"dateModified\":\"2023-07-19T14:13:08+00:00\",\"mainEntityOfPage\":{\"@id\":\"https:\\\/\\\/interamerica.org\\\/fr\\\/2023\\\/07\\\/adra-haiti-distribue-de-la-nourriture-a-des-centaines-de-personnes-durement-touchees-par-les-recentes-inondations\\\/\"},\"wordCount\":877,\"image\":{\"@id\":\"https:\\\/\\\/interamerica.org\\\/fr\\\/2023\\\/07\\\/adra-haiti-distribue-de-la-nourriture-a-des-centaines-de-personnes-durement-touchees-par-les-recentes-inondations\\\/#primaryimage\"},\"thumbnailUrl\":\"https:\\\/\\\/interamerica.org\\\/wp-content\\\/uploads\\\/2023\\\/07\\\/adra-haiti-june2023.jpg\",\"articleSection\":[\"Nouvelles du territoire\",\"RSS Fran\u00e7ais\"],\"inLanguage\":\"fr-FR\"},{\"@type\":\"WebPage\",\"@id\":\"https:\\\/\\\/interamerica.org\\\/fr\\\/2023\\\/07\\\/adra-haiti-distribue-de-la-nourriture-a-des-centaines-de-personnes-durement-touchees-par-les-recentes-inondations\\\/\",\"url\":\"https:\\\/\\\/interamerica.org\\\/fr\\\/2023\\\/07\\\/adra-haiti-distribue-de-la-nourriture-a-des-centaines-de-personnes-durement-touchees-par-les-recentes-inondations\\\/\",\"name\":\"ADRA Ha\u00efti distribue de la nourriture \u00e0 des centaines de personnes durement touch\u00e9es par les r\u00e9centes inondations - \u00c9glise Adventiste Du Septieme Jour - Inter Am\u00e9rique Division\",\"isPartOf\":{\"@id\":\"https:\\\/\\\/interamerica.org\\\/fr\\\/#website\"},\"primaryImageOfPage\":{\"@id\":\"https:\\\/\\\/interamerica.org\\\/fr\\\/2023\\\/07\\\/adra-haiti-distribue-de-la-nourriture-a-des-centaines-de-personnes-durement-touchees-par-les-recentes-inondations\\\/#primaryimage\"},\"image\":{\"@id\":\"https:\\\/\\\/interamerica.org\\\/fr\\\/2023\\\/07\\\/adra-haiti-distribue-de-la-nourriture-a-des-centaines-de-personnes-durement-touchees-par-les-recentes-inondations\\\/#primaryimage\"},\"thumbnailUrl\":\"https:\\\/\\\/interamerica.org\\\/wp-content\\\/uploads\\\/2023\\\/07\\\/adra-haiti-june2023.jpg\",\"datePublished\":\"2023-07-18T02:49:05+00:00\",\"dateModified\":\"2023-07-19T14:13:08+00:00\",\"author\":{\"@id\":\"https:\\\/\\\/interamerica.org\\\/fr\\\/#\\\/schema\\\/person\\\/29998f2bc2d8bd0d38662909289b54f1\"},\"breadcrumb\":{\"@id\":\"https:\\\/\\\/interamerica.org\\\/fr\\\/2023\\\/07\\\/adra-haiti-distribue-de-la-nourriture-a-des-centaines-de-personnes-durement-touchees-par-les-recentes-inondations\\\/#breadcrumb\"},\"inLanguage\":\"fr-FR\",\"potentialAction\":[{\"@type\":\"ReadAction\",\"target\":[\"https:\\\/\\\/interamerica.org\\\/fr\\\/2023\\\/07\\\/adra-haiti-distribue-de-la-nourriture-a-des-centaines-de-personnes-durement-touchees-par-les-recentes-inondations\\\/\"]}]},{\"@type\":\"ImageObject\",\"inLanguage\":\"fr-FR\",\"@id\":\"https:\\\/\\\/interamerica.org\\\/fr\\\/2023\\\/07\\\/adra-haiti-distribue-de-la-nourriture-a-des-centaines-de-personnes-durement-touchees-par-les-recentes-inondations\\\/#primaryimage\",\"url\":\"https:\\\/\\\/interamerica.org\\\/wp-content\\\/uploads\\\/2023\\\/07\\\/adra-haiti-june2023.jpg\",\"contentUrl\":\"https:\\\/\\\/interamerica.org\\\/wp-content\\\/uploads\\\/2023\\\/07\\\/adra-haiti-june2023.jpg\",\"width\":950,\"height\":713,\"caption\":\"[Photo: ADRA Haiti]\"},{\"@type\":\"BreadcrumbList\",\"@id\":\"https:\\\/\\\/interamerica.org\\\/fr\\\/2023\\\/07\\\/adra-haiti-distribue-de-la-nourriture-a-des-centaines-de-personnes-durement-touchees-par-les-recentes-inondations\\\/#breadcrumb\",\"itemListElement\":[{\"@type\":\"ListItem\",\"position\":1,\"name\":\"Home\",\"item\":\"https:\\\/\\\/interamerica.org\\\/fr\\\/\"},{\"@type\":\"ListItem\",\"position\":2,\"name\":\"ADRA Ha\u00efti distribue de la nourriture \u00e0 des centaines de personnes durement touch\u00e9es par les r\u00e9centes inondations\"}]},{\"@type\":\"WebSite\",\"@id\":\"https:\\\/\\\/interamerica.org\\\/fr\\\/#website\",\"url\":\"https:\\\/\\\/interamerica.org\\\/fr\\\/\",\"name\":\"\u00c9glise Adventiste Du Septieme Jour - Inter Am\u00e9rique Division\",\"description\":\"\",\"potentialAction\":[{\"@type\":\"SearchAction\",\"target\":{\"@type\":\"EntryPoint\",\"urlTemplate\":\"https:\\\/\\\/interamerica.org\\\/fr\\\/?s={search_term_string}\"},\"query-input\":{\"@type\":\"PropertyValueSpecification\",\"valueRequired\":true,\"valueName\":\"search_term_string\"}}],\"inLanguage\":\"fr-FR\"},{\"@type\":\"Person\",\"@id\":\"https:\\\/\\\/interamerica.org\\\/fr\\\/#\\\/schema\\\/person\\\/29998f2bc2d8bd0d38662909289b54f1\",\"name\":\"libna\",\"image\":{\"@type\":\"ImageObject\",\"inLanguage\":\"fr-FR\",\"@id\":\"https:\\\/\\\/secure.gravatar.com\\\/avatar\\\/7c5bd30ae4b47a9ba3c856590957fd1d96dc588bf3ac05719d247e126840331f?s=96&d=mm&r=g\",\"url\":\"https:\\\/\\\/secure.gravatar.com\\\/avatar\\\/7c5bd30ae4b47a9ba3c856590957fd1d96dc588bf3ac05719d247e126840331f?s=96&d=mm&r=g\",\"contentUrl\":\"https:\\\/\\\/secure.gravatar.com\\\/avatar\\\/7c5bd30ae4b47a9ba3c856590957fd1d96dc588bf3ac05719d247e126840331f?s=96&d=mm&r=g\",\"caption\":\"libna\"}}]}<\/script>\n<!-- \/ Yoast SEO plugin. -->","yoast_head_json":{"title":"ADRA Ha\u00efti distribue de la nourriture \u00e0 des centaines de personnes durement touch\u00e9es par les r\u00e9centes inondations - \u00c9glise Adventiste Du Septieme Jour - Inter Am\u00e9rique Division","robots":{"index":"index","follow":"follow","max-snippet":"max-snippet:-1","max-image-preview":"max-image-preview:large","max-video-preview":"max-video-preview:-1"},"canonical":"https:\/\/interamerica.org\/fr\/2023\/07\/adra-haiti-distribue-de-la-nourriture-a-des-centaines-de-personnes-durement-touchees-par-les-recentes-inondations\/","og_locale":"fr_FR","og_type":"article","og_title":"ADRA Ha\u00efti distribue de la nourriture \u00e0 des centaines de personnes durement touch\u00e9es par les r\u00e9centes inondations - \u00c9glise Adventiste Du Septieme Jour - Inter Am\u00e9rique Division","og_description":"17 Juillet 2023 | Carrefour, Port-au-Prince, Ha\u00efti | Kevner Sineus et Libna Stevens, Actualit\u00e9s de la Division Inter Am\u00e9ricaine L\u2019Agence Adventiste de D\u00e9veloppement et de Secours (ADRA) en Ha\u00efti a...","og_url":"https:\/\/interamerica.org\/fr\/2023\/07\/adra-haiti-distribue-de-la-nourriture-a-des-centaines-de-personnes-durement-touchees-par-les-recentes-inondations\/","og_site_name":"\u00c9glise Adventiste Du Septieme Jour - Inter Am\u00e9rique Division","article_published_time":"2023-07-18T02:49:05+00:00","article_modified_time":"2023-07-19T14:13:08+00:00","og_image":[{"width":950,"height":713,"url":"https:\/\/interamerica.org\/wp-content\/uploads\/2023\/07\/adra-haiti-june2023.jpg","type":"image\/jpeg"}],"author":"libna","twitter_card":"summary_large_image","twitter_misc":{"\u00c9crit par":"libna","Dur\u00e9e de lecture estim\u00e9e":"5 minutes"},"schema":{"@context":"https:\/\/schema.org","@graph":[{"@type":"Article","@id":"https:\/\/interamerica.org\/fr\/2023\/07\/adra-haiti-distribue-de-la-nourriture-a-des-centaines-de-personnes-durement-touchees-par-les-recentes-inondations\/#article","isPartOf":{"@id":"https:\/\/interamerica.org\/fr\/2023\/07\/adra-haiti-distribue-de-la-nourriture-a-des-centaines-de-personnes-durement-touchees-par-les-recentes-inondations\/"},"author":{"name":"libna","@id":"https:\/\/interamerica.org\/fr\/#\/schema\/person\/29998f2bc2d8bd0d38662909289b54f1"},"headline":"ADRA Ha\u00efti distribue de la nourriture \u00e0 des centaines de personnes durement touch\u00e9es par les r\u00e9centes inondations","datePublished":"2023-07-18T02:49:05+00:00","dateModified":"2023-07-19T14:13:08+00:00","mainEntityOfPage":{"@id":"https:\/\/interamerica.org\/fr\/2023\/07\/adra-haiti-distribue-de-la-nourriture-a-des-centaines-de-personnes-durement-touchees-par-les-recentes-inondations\/"},"wordCount":877,"image":{"@id":"https:\/\/interamerica.org\/fr\/2023\/07\/adra-haiti-distribue-de-la-nourriture-a-des-centaines-de-personnes-durement-touchees-par-les-recentes-inondations\/#primaryimage"},"thumbnailUrl":"https:\/\/interamerica.org\/wp-content\/uploads\/2023\/07\/adra-haiti-june2023.jpg","articleSection":["Nouvelles du territoire","RSS Fran\u00e7ais"],"inLanguage":"fr-FR"},{"@type":"WebPage","@id":"https:\/\/interamerica.org\/fr\/2023\/07\/adra-haiti-distribue-de-la-nourriture-a-des-centaines-de-personnes-durement-touchees-par-les-recentes-inondations\/","url":"https:\/\/interamerica.org\/fr\/2023\/07\/adra-haiti-distribue-de-la-nourriture-a-des-centaines-de-personnes-durement-touchees-par-les-recentes-inondations\/","name":"ADRA Ha\u00efti distribue de la nourriture \u00e0 des centaines de personnes durement touch\u00e9es par les r\u00e9centes inondations - \u00c9glise Adventiste Du Septieme Jour - Inter Am\u00e9rique Division","isPartOf":{"@id":"https:\/\/interamerica.org\/fr\/#website"},"primaryImageOfPage":{"@id":"https:\/\/interamerica.org\/fr\/2023\/07\/adra-haiti-distribue-de-la-nourriture-a-des-centaines-de-personnes-durement-touchees-par-les-recentes-inondations\/#primaryimage"},"image":{"@id":"https:\/\/interamerica.org\/fr\/2023\/07\/adra-haiti-distribue-de-la-nourriture-a-des-centaines-de-personnes-durement-touchees-par-les-recentes-inondations\/#primaryimage"},"thumbnailUrl":"https:\/\/interamerica.org\/wp-content\/uploads\/2023\/07\/adra-haiti-june2023.jpg","datePublished":"2023-07-18T02:49:05+00:00","dateModified":"2023-07-19T14:13:08+00:00","author":{"@id":"https:\/\/interamerica.org\/fr\/#\/schema\/person\/29998f2bc2d8bd0d38662909289b54f1"},"breadcrumb":{"@id":"https:\/\/interamerica.org\/fr\/2023\/07\/adra-haiti-distribue-de-la-nourriture-a-des-centaines-de-personnes-durement-touchees-par-les-recentes-inondations\/#breadcrumb"},"inLanguage":"fr-FR","potentialAction":[{"@type":"ReadAction","target":["https:\/\/interamerica.org\/fr\/2023\/07\/adra-haiti-distribue-de-la-nourriture-a-des-centaines-de-personnes-durement-touchees-par-les-recentes-inondations\/"]}]},{"@type":"ImageObject","inLanguage":"fr-FR","@id":"https:\/\/interamerica.org\/fr\/2023\/07\/adra-haiti-distribue-de-la-nourriture-a-des-centaines-de-personnes-durement-touchees-par-les-recentes-inondations\/#primaryimage","url":"https:\/\/interamerica.org\/wp-content\/uploads\/2023\/07\/adra-haiti-june2023.jpg","contentUrl":"https:\/\/interamerica.org\/wp-content\/uploads\/2023\/07\/adra-haiti-june2023.jpg","width":950,"height":713,"caption":"[Photo: ADRA Haiti]"},{"@type":"BreadcrumbList","@id":"https:\/\/interamerica.org\/fr\/2023\/07\/adra-haiti-distribue-de-la-nourriture-a-des-centaines-de-personnes-durement-touchees-par-les-recentes-inondations\/#breadcrumb","itemListElement":[{"@type":"ListItem","position":1,"name":"Home","item":"https:\/\/interamerica.org\/fr\/"},{"@type":"ListItem","position":2,"name":"ADRA Ha\u00efti distribue de la nourriture \u00e0 des centaines de personnes durement touch\u00e9es par les r\u00e9centes inondations"}]},{"@type":"WebSite","@id":"https:\/\/interamerica.org\/fr\/#website","url":"https:\/\/interamerica.org\/fr\/","name":"\u00c9glise Adventiste Du Septieme Jour - Inter Am\u00e9rique Division","description":"","potentialAction":[{"@type":"SearchAction","target":{"@type":"EntryPoint","urlTemplate":"https:\/\/interamerica.org\/fr\/?s={search_term_string}"},"query-input":{"@type":"PropertyValueSpecification","valueRequired":true,"valueName":"search_term_string"}}],"inLanguage":"fr-FR"},{"@type":"Person","@id":"https:\/\/interamerica.org\/fr\/#\/schema\/person\/29998f2bc2d8bd0d38662909289b54f1","name":"libna","image":{"@type":"ImageObject","inLanguage":"fr-FR","@id":"https:\/\/secure.gravatar.com\/avatar\/7c5bd30ae4b47a9ba3c856590957fd1d96dc588bf3ac05719d247e126840331f?s=96&d=mm&r=g","url":"https:\/\/secure.gravatar.com\/avatar\/7c5bd30ae4b47a9ba3c856590957fd1d96dc588bf3ac05719d247e126840331f?s=96&d=mm&r=g","contentUrl":"https:\/\/secure.gravatar.com\/avatar\/7c5bd30ae4b47a9ba3c856590957fd1d96dc588bf3ac05719d247e126840331f?s=96&d=mm&r=g","caption":"libna"}}]}},"_links":{"self":[{"href":"https:\/\/interamerica.org\/fr\/wp-json\/wp\/v2\/posts\/101013","targetHints":{"allow":["GET"]}}],"collection":[{"href":"https:\/\/interamerica.org\/fr\/wp-json\/wp\/v2\/posts"}],"about":[{"href":"https:\/\/interamerica.org\/fr\/wp-json\/wp\/v2\/types\/post"}],"author":[{"embeddable":true,"href":"https:\/\/interamerica.org\/fr\/wp-json\/wp\/v2\/users\/3"}],"replies":[{"embeddable":true,"href":"https:\/\/interamerica.org\/fr\/wp-json\/wp\/v2\/comments?post=101013"}],"version-history":[{"count":0,"href":"https:\/\/interamerica.org\/fr\/wp-json\/wp\/v2\/posts\/101013\/revisions"}],"wp:featuredmedia":[{"embeddable":true,"href":"https:\/\/interamerica.org\/fr\/wp-json\/wp\/v2\/media\/100984"}],"wp:attachment":[{"href":"https:\/\/interamerica.org\/fr\/wp-json\/wp\/v2\/media?parent=101013"}],"wp:term":[{"taxonomy":"category","embeddable":true,"href":"https:\/\/interamerica.org\/fr\/wp-json\/wp\/v2\/categories?post=101013"},{"taxonomy":"post_tag","embeddable":true,"href":"https:\/\/interamerica.org\/fr\/wp-json\/wp\/v2\/tags?post=101013"}],"curies":[{"name":"wp","href":"https:\/\/api.w.org\/{rel}","templated":true}]}}