{"id":101014,"date":"2023-07-18T17:16:31","date_gmt":"2023-07-18T21:16:31","guid":{"rendered":"https:\/\/interamerica.org\/?p=101014"},"modified":"2023-07-19T10:13:42","modified_gmt":"2023-07-19T14:13:42","slug":"adra-et-luniversite-de-lunion-peruvienne-collaborent-au-soutien-de-soupes-populaires","status":"publish","type":"post","link":"https:\/\/interamerica.org\/fr\/2023\/07\/adra-et-luniversite-de-lunion-peruvienne-collaborent-au-soutien-de-soupes-populaires\/","title":{"rendered":"ADRA et l\u2019Universit\u00e9 de l\u2019Union p\u00e9ruvienne collaborent au soutien de soupes populaires."},"content":{"rendered":"<h4><b>L\u2019initiative a un impact positif sur un quartier de Lima.<\/b><\/h4>\n<h4><span style=\"font-weight: 400;\">Le 18 juillet 2023 | ADRA P\u00e9rou, Division sud-am\u00e9ricaine et <\/span><i><span style=\"font-weight: 400;\">Adventist Review<\/span><\/i><\/h4>\n<p><span style=\"font-weight: 400;\">Gr\u00e2ce \u00e0 un partenariat entre l\u2019Agence de d\u00e9veloppement et de secours adventiste (ADRA) et l\u2019Universit\u00e9 de l\u2019Union p\u00e9ruvienne (UPeU pour \u00ab\u00a0Universidad Peruana Uni\u00f3n\u00a0\u00bb), les dirigeants de 18\u00a0soupes populaires dans le district de Villa Mar\u00eda del\u00a0Triunfo, dans la ville de Lima, ont re\u00e7u une formation sp\u00e9cialis\u00e9e en boulangerie et en p\u00e2tisserie.<\/span><\/p>\n<p><span style=\"font-weight: 400;\">Par l\u2019entremise de la Facult\u00e9 de g\u00e9nie agroalimentaire, l\u2019UPeU a jou\u00e9 un r\u00f4le cl\u00e9 dans ce programme, ont r\u00e9cemment rapport\u00e9 les leaders de l\u2019initiative. Du 23\u00a0mai au 6\u00a0juin, des ateliers ont servi \u00e0 transmettre aux participants les connaissances et les comp\u00e9tences n\u00e9cessaires \u00e0 la production d\u2019une vaste gamme de p\u00e2tisseries et de produits de confiserie.<\/span><\/p>\n<p><span style=\"font-weight: 400;\">Durant ces ateliers, des connaissances pratiques ont \u00e9t\u00e9 partag\u00e9es sur la pr\u00e9paration de baguettes, de pain au jaune d\u2019\u0153uf, de pain de bl\u00e9 entier, de g\u00e2teaux marbr\u00e9s, de g\u00e2teaux aux trois laits, d\u2019empanadas et de croissants. Une telle formation permettra aux coordonnateurs de soupes populaires de la r\u00e9gion d\u2019acqu\u00e9rir de nouvelles comp\u00e9tences utiles pour nourrir les gens dans le besoin, mais aussi pour saisir les occasions de g\u00e9n\u00e9rer des revenus, ont dit les leaders de l\u2019initiative.<\/span><\/p>\n<p><div id=\"attachment_101003\" style=\"width: 879px\" class=\"wp-caption aligncenter\"><img fetchpriority=\"high\" decoding=\"async\" aria-describedby=\"caption-attachment-101003\" class=\" wp-image-101002\" src=\"https:\/\/interamerica.org\/wp-content\/uploads\/2023\/07\/adra-peru-1.jpeg\" alt=\"\" width=\"869\" height=\"489\" srcset=\"https:\/\/interamerica.org\/wp-content\/uploads\/2023\/07\/adra-peru-1.jpeg 960w, https:\/\/interamerica.org\/wp-content\/uploads\/2023\/07\/adra-peru-1-300x169.jpeg 300w, https:\/\/interamerica.org\/wp-content\/uploads\/2023\/07\/adra-peru-1-768x432.jpeg 768w\" sizes=\"(max-width: 869px) 100vw, 869px\" \/><p id=\"caption-attachment-101003\" class=\"wp-caption-text\"><span style=\"font-weight: 400;\">Des dirigeants de soupes populaires en compagnie du doyen de la Facult\u00e9 de g\u00e9nie agroalimentaire de l\u2019UPeU \u00e0 la fin de la formation. [Une photo de l\u2019UPeU]<\/span><\/p><\/div><span style=\"font-weight: 400;\">Jhony Saavedra, un ing\u00e9nieur \u00e9galement coordonnateur de projet pour ADRA P\u00e9rou, a exprim\u00e9 sa gratitude envers l\u2019UPeU pour son pr\u00e9cieux soutien \u00e0 l\u2019initiative de coop\u00e9ration alimentaire. \u00ab\u00a0Il s\u2019agit d\u2019un engagement qui a consid\u00e9rablement solidifi\u00e9 notre travail et qui a eu un impact extr\u00eamement positif sur ceux qui servent dans les soupes populaires de Villa Mar\u00eda del\u00a0Triunfo, a-t-il dit. Nous sommes reconnaissants pour sa g\u00e9n\u00e9rosit\u00e9 et sa solidarit\u00e9, car elle est une alli\u00e9e dans l\u2019accomplissement de notre mission de combattre l\u2019ins\u00e9curit\u00e9 alimentaire.\u00a0\u00bb<\/span><\/p>\n<p><span style=\"font-weight: 400;\">Cette initiative repr\u00e9sente un pas important dans la lutte contre l\u2019ins\u00e9curit\u00e9 alimentaire et sert d\u2019excellent exemple de la fa\u00e7on dont la collaboration entre \u00e9tablissements peut avoir un impact positif sur la communaut\u00e9, a ajout\u00e9 M.\u00a0Saavedra.<\/span><\/p>\n<p><span style=\"font-weight: 400;\">Les dirigeants ont \u00e9galement expliqu\u00e9 que cette initiative coop\u00e9rative alimentaire fait partie d\u2019un projet plus vaste d\u2019ADRA P\u00e9rou ax\u00e9 sur la collecte et le don de nourriture \u00e0 des gens dans le besoin par le travail des soupes populaires dans la capitale p\u00e9ruvienne de Lima. Les soupes populaires sont g\u00e9r\u00e9es par des groupes d\u2019habitants de chaque quartier qui s\u2019efforcent de combattre l\u2019ins\u00e9curit\u00e9 alimentaire en offrant gratuitement de la nourriture aux personnes dans le besoin.<\/span><\/p>\n<p><div id=\"attachment_101006\" style=\"width: 913px\" class=\"wp-caption aligncenter\"><img decoding=\"async\" aria-describedby=\"caption-attachment-101006\" class=\" wp-image-101005\" src=\"https:\/\/interamerica.org\/wp-content\/uploads\/2023\/07\/adra-peru-soup2.jpeg\" alt=\"\" width=\"903\" height=\"508\" srcset=\"https:\/\/interamerica.org\/wp-content\/uploads\/2023\/07\/adra-peru-soup2.jpeg 768w, https:\/\/interamerica.org\/wp-content\/uploads\/2023\/07\/adra-peru-soup2-300x169.jpeg 300w\" sizes=\"(max-width: 903px) 100vw, 903px\" \/><p id=\"caption-attachment-101006\" class=\"wp-caption-text\"><span style=\"font-weight: 400;\">Un groupe de dirigeants de soupes populaires ayant re\u00e7u une formation sp\u00e9cialis\u00e9e en boulangerie et en techniques de p\u00e2tisserie. [Une photo de l\u2019UPeU]<\/span><\/p><\/div><b>\u00c0 propos d\u2019ADRA<\/b><\/p>\n<p><span style=\"font-weight: 400;\">En 1965, les dirigeants adventistes du septi\u00e8me jour du P\u00e9rou ont mis sur pied un organisme de soutien en cr\u00e9ant OFASA DEL PER\u00da (Assistance sociale et \u0153uvre philanthropique adventiste). L\u2019organisme offrait de la nourriture et des v\u00eatements aux gens dans le besoin \u00e0 la grandeur du pays.<\/span><\/p>\n<p><span style=\"font-weight: 400;\">En 1984, le nom de l\u2019organisme a \u00e9t\u00e9 chang\u00e9 pour ADRA\/OFASA DEL PER\u00da. Les dirigeants ont \u00e9tabli les programmes \u00ab\u00a0De la nourriture pour travailler\u00a0\u00bb et \u00ab\u00a0Sant\u00e9 m\u00e8re-enfant\u00a0\u00bb en mettant l\u2019accent sur le d\u00e9veloppement communautaire.<\/span><\/p>\n<p><span style=\"font-weight: 400;\">En 2003, les dirigeants ont vot\u00e9 d\u2019adopter le nom actuel d\u2019ADRA P\u00e9rou. \u00c0 l\u2019\u00e9poque, l\u2019organisme avait d\u00e9j\u00e0 sept portfolios sp\u00e9cialis\u00e9s de programmes et de projets actifs ax\u00e9s sur le d\u00e9veloppement global et durable.<\/span><\/p>\n<p><span style=\"font-weight: 400;\">ADRA P\u00e9rou fait partie du r\u00e9seau d\u2019ADRA International, bras humanitaire de l\u2019\u00c9glise adventiste du septi\u00e8me jour, qui compte des bureaux dans 130\u00a0pays.<\/span><\/p>\n<p><span style=\"font-weight: 400;\">La <\/span><a href=\"https:\/\/noticias.adventistas.org\/es\/adra-peru-y-la-upeu-impulsan-el-emprendimiento-de-lideres-de-ollas-comunes\/\"><span style=\"font-weight: 400;\">version originale<\/span><\/a><span style=\"font-weight: 400;\"> de cet article a \u00e9t\u00e9 publi\u00e9e sur la page en espagnol du <\/span><a href=\"https:\/\/noticias.adventistas.org\/es\/\"><span style=\"font-weight: 400;\">site des actualit\u00e9s<\/span><\/a><span style=\"font-weight: 400;\"> de la Division sud-am\u00e9ricaine.<\/span><\/p>\n<p><span style=\"font-weight: 400;\">Traduction\u00a0: Marie-Mich\u00e8le Robitaille<\/span><\/p>\n","protected":false},"excerpt":{"rendered":"<p>L\u2019initiative a un impact positif sur un quartier de Lima. Le 18 juillet 2023 | ADRA P\u00e9rou, Division sud-am\u00e9ricaine et Adventist Review Gr\u00e2ce \u00e0 un partenariat entre l\u2019Agence de d\u00e9veloppement&#8230;<\/p>\n","protected":false},"author":3,"featured_media":101003,"comment_status":"closed","ping_status":"closed","sticky":false,"template":"","format":"standard","meta":{"_acf_changed":false,"footnotes":""},"categories":[18,19],"tags":[],"class_list":["post-101014","post","type-post","status-publish","format-standard","has-post-thumbnail","hentry","category-nouvelles-de-leglise-mondiale","category-rss-francais"],"acf":[],"yoast_head":"<!-- This site is optimized with the Yoast SEO plugin v27.3 - https:\/\/yoast.com\/product\/yoast-seo-wordpress\/ -->\n<title>ADRA et l\u2019Universit\u00e9 de l\u2019Union p\u00e9ruvienne collaborent au soutien de soupes populaires. - \u00c9glise Adventiste Du Septieme Jour - Inter Am\u00e9rique Division<\/title>\n<meta name=\"robots\" content=\"index, follow, max-snippet:-1, max-image-preview:large, max-video-preview:-1\" \/>\n<link rel=\"canonical\" href=\"https:\/\/interamerica.org\/fr\/2023\/07\/adra-et-luniversite-de-lunion-peruvienne-collaborent-au-soutien-de-soupes-populaires\/\" \/>\n<meta property=\"og:locale\" content=\"fr_FR\" \/>\n<meta property=\"og:type\" content=\"article\" \/>\n<meta property=\"og:title\" content=\"ADRA et l\u2019Universit\u00e9 de l\u2019Union p\u00e9ruvienne collaborent au soutien de soupes populaires. - \u00c9glise Adventiste Du Septieme Jour - Inter Am\u00e9rique Division\" \/>\n<meta property=\"og:description\" content=\"L\u2019initiative a un impact positif sur un quartier de Lima. Le 18 juillet 2023 | ADRA P\u00e9rou, Division sud-am\u00e9ricaine et Adventist Review Gr\u00e2ce \u00e0 un partenariat entre l\u2019Agence de d\u00e9veloppement...\" \/>\n<meta property=\"og:url\" content=\"https:\/\/interamerica.org\/fr\/2023\/07\/adra-et-luniversite-de-lunion-peruvienne-collaborent-au-soutien-de-soupes-populaires\/\" \/>\n<meta property=\"og:site_name\" content=\"\u00c9glise Adventiste Du Septieme Jour - Inter Am\u00e9rique Division\" \/>\n<meta property=\"article:published_time\" content=\"2023-07-18T21:16:31+00:00\" \/>\n<meta property=\"article:modified_time\" content=\"2023-07-19T14:13:42+00:00\" \/>\n<meta property=\"og:image\" content=\"https:\/\/interamerica.org\/wp-content\/uploads\/2023\/07\/adra-peru-1.jpeg\" \/>\n\t<meta property=\"og:image:width\" content=\"960\" \/>\n\t<meta property=\"og:image:height\" content=\"540\" \/>\n\t<meta property=\"og:image:type\" content=\"image\/jpeg\" \/>\n<meta name=\"author\" content=\"libna\" \/>\n<meta name=\"twitter:card\" content=\"summary_large_image\" \/>\n<meta name=\"twitter:label1\" content=\"\u00c9crit par\" \/>\n\t<meta name=\"twitter:data1\" content=\"libna\" \/>\n\t<meta name=\"twitter:label2\" content=\"Dur\u00e9e de lecture estim\u00e9e\" \/>\n\t<meta name=\"twitter:data2\" content=\"4 minutes\" \/>\n<script type=\"application\/ld+json\" class=\"yoast-schema-graph\">{\"@context\":\"https:\\\/\\\/schema.org\",\"@graph\":[{\"@type\":\"Article\",\"@id\":\"https:\\\/\\\/interamerica.org\\\/fr\\\/2023\\\/07\\\/adra-et-luniversite-de-lunion-peruvienne-collaborent-au-soutien-de-soupes-populaires\\\/#article\",\"isPartOf\":{\"@id\":\"https:\\\/\\\/interamerica.org\\\/fr\\\/2023\\\/07\\\/adra-et-luniversite-de-lunion-peruvienne-collaborent-au-soutien-de-soupes-populaires\\\/\"},\"author\":{\"name\":\"libna\",\"@id\":\"https:\\\/\\\/interamerica.org\\\/fr\\\/#\\\/schema\\\/person\\\/29998f2bc2d8bd0d38662909289b54f1\"},\"headline\":\"ADRA et l\u2019Universit\u00e9 de l\u2019Union p\u00e9ruvienne collaborent au soutien de soupes populaires.\",\"datePublished\":\"2023-07-18T21:16:31+00:00\",\"dateModified\":\"2023-07-19T14:13:42+00:00\",\"mainEntityOfPage\":{\"@id\":\"https:\\\/\\\/interamerica.org\\\/fr\\\/2023\\\/07\\\/adra-et-luniversite-de-lunion-peruvienne-collaborent-au-soutien-de-soupes-populaires\\\/\"},\"wordCount\":734,\"image\":{\"@id\":\"https:\\\/\\\/interamerica.org\\\/fr\\\/2023\\\/07\\\/adra-et-luniversite-de-lunion-peruvienne-collaborent-au-soutien-de-soupes-populaires\\\/#primaryimage\"},\"thumbnailUrl\":\"https:\\\/\\\/interamerica.org\\\/wp-content\\\/uploads\\\/2023\\\/07\\\/adra-peru-1.jpeg\",\"articleSection\":[\"Nouvelles de l'\u00c9glise mondiale\",\"RSS Fran\u00e7ais\"],\"inLanguage\":\"fr-FR\"},{\"@type\":\"WebPage\",\"@id\":\"https:\\\/\\\/interamerica.org\\\/fr\\\/2023\\\/07\\\/adra-et-luniversite-de-lunion-peruvienne-collaborent-au-soutien-de-soupes-populaires\\\/\",\"url\":\"https:\\\/\\\/interamerica.org\\\/fr\\\/2023\\\/07\\\/adra-et-luniversite-de-lunion-peruvienne-collaborent-au-soutien-de-soupes-populaires\\\/\",\"name\":\"ADRA et l\u2019Universit\u00e9 de l\u2019Union p\u00e9ruvienne collaborent au soutien de soupes populaires. - \u00c9glise Adventiste Du Septieme Jour - Inter Am\u00e9rique Division\",\"isPartOf\":{\"@id\":\"https:\\\/\\\/interamerica.org\\\/fr\\\/#website\"},\"primaryImageOfPage\":{\"@id\":\"https:\\\/\\\/interamerica.org\\\/fr\\\/2023\\\/07\\\/adra-et-luniversite-de-lunion-peruvienne-collaborent-au-soutien-de-soupes-populaires\\\/#primaryimage\"},\"image\":{\"@id\":\"https:\\\/\\\/interamerica.org\\\/fr\\\/2023\\\/07\\\/adra-et-luniversite-de-lunion-peruvienne-collaborent-au-soutien-de-soupes-populaires\\\/#primaryimage\"},\"thumbnailUrl\":\"https:\\\/\\\/interamerica.org\\\/wp-content\\\/uploads\\\/2023\\\/07\\\/adra-peru-1.jpeg\",\"datePublished\":\"2023-07-18T21:16:31+00:00\",\"dateModified\":\"2023-07-19T14:13:42+00:00\",\"author\":{\"@id\":\"https:\\\/\\\/interamerica.org\\\/fr\\\/#\\\/schema\\\/person\\\/29998f2bc2d8bd0d38662909289b54f1\"},\"breadcrumb\":{\"@id\":\"https:\\\/\\\/interamerica.org\\\/fr\\\/2023\\\/07\\\/adra-et-luniversite-de-lunion-peruvienne-collaborent-au-soutien-de-soupes-populaires\\\/#breadcrumb\"},\"inLanguage\":\"fr-FR\",\"potentialAction\":[{\"@type\":\"ReadAction\",\"target\":[\"https:\\\/\\\/interamerica.org\\\/fr\\\/2023\\\/07\\\/adra-et-luniversite-de-lunion-peruvienne-collaborent-au-soutien-de-soupes-populaires\\\/\"]}]},{\"@type\":\"ImageObject\",\"inLanguage\":\"fr-FR\",\"@id\":\"https:\\\/\\\/interamerica.org\\\/fr\\\/2023\\\/07\\\/adra-et-luniversite-de-lunion-peruvienne-collaborent-au-soutien-de-soupes-populaires\\\/#primaryimage\",\"url\":\"https:\\\/\\\/interamerica.org\\\/wp-content\\\/uploads\\\/2023\\\/07\\\/adra-peru-1.jpeg\",\"contentUrl\":\"https:\\\/\\\/interamerica.org\\\/wp-content\\\/uploads\\\/2023\\\/07\\\/adra-peru-1.jpeg\",\"width\":960,\"height\":540,\"caption\":\"Soup kitchen leaders and the dean of UPeU School of Food Industry Engineering at the end of the training. [Photo: UPeU]\"},{\"@type\":\"BreadcrumbList\",\"@id\":\"https:\\\/\\\/interamerica.org\\\/fr\\\/2023\\\/07\\\/adra-et-luniversite-de-lunion-peruvienne-collaborent-au-soutien-de-soupes-populaires\\\/#breadcrumb\",\"itemListElement\":[{\"@type\":\"ListItem\",\"position\":1,\"name\":\"Home\",\"item\":\"https:\\\/\\\/interamerica.org\\\/fr\\\/\"},{\"@type\":\"ListItem\",\"position\":2,\"name\":\"ADRA et l\u2019Universit\u00e9 de l\u2019Union p\u00e9ruvienne collaborent au soutien de soupes populaires.\"}]},{\"@type\":\"WebSite\",\"@id\":\"https:\\\/\\\/interamerica.org\\\/fr\\\/#website\",\"url\":\"https:\\\/\\\/interamerica.org\\\/fr\\\/\",\"name\":\"\u00c9glise Adventiste Du Septieme Jour - Inter Am\u00e9rique Division\",\"description\":\"\",\"potentialAction\":[{\"@type\":\"SearchAction\",\"target\":{\"@type\":\"EntryPoint\",\"urlTemplate\":\"https:\\\/\\\/interamerica.org\\\/fr\\\/?s={search_term_string}\"},\"query-input\":{\"@type\":\"PropertyValueSpecification\",\"valueRequired\":true,\"valueName\":\"search_term_string\"}}],\"inLanguage\":\"fr-FR\"},{\"@type\":\"Person\",\"@id\":\"https:\\\/\\\/interamerica.org\\\/fr\\\/#\\\/schema\\\/person\\\/29998f2bc2d8bd0d38662909289b54f1\",\"name\":\"libna\",\"image\":{\"@type\":\"ImageObject\",\"inLanguage\":\"fr-FR\",\"@id\":\"https:\\\/\\\/secure.gravatar.com\\\/avatar\\\/7c5bd30ae4b47a9ba3c856590957fd1d96dc588bf3ac05719d247e126840331f?s=96&d=mm&r=g\",\"url\":\"https:\\\/\\\/secure.gravatar.com\\\/avatar\\\/7c5bd30ae4b47a9ba3c856590957fd1d96dc588bf3ac05719d247e126840331f?s=96&d=mm&r=g\",\"contentUrl\":\"https:\\\/\\\/secure.gravatar.com\\\/avatar\\\/7c5bd30ae4b47a9ba3c856590957fd1d96dc588bf3ac05719d247e126840331f?s=96&d=mm&r=g\",\"caption\":\"libna\"}}]}<\/script>\n<!-- \/ Yoast SEO plugin. -->","yoast_head_json":{"title":"ADRA et l\u2019Universit\u00e9 de l\u2019Union p\u00e9ruvienne collaborent au soutien de soupes populaires. - \u00c9glise Adventiste Du Septieme Jour - Inter Am\u00e9rique Division","robots":{"index":"index","follow":"follow","max-snippet":"max-snippet:-1","max-image-preview":"max-image-preview:large","max-video-preview":"max-video-preview:-1"},"canonical":"https:\/\/interamerica.org\/fr\/2023\/07\/adra-et-luniversite-de-lunion-peruvienne-collaborent-au-soutien-de-soupes-populaires\/","og_locale":"fr_FR","og_type":"article","og_title":"ADRA et l\u2019Universit\u00e9 de l\u2019Union p\u00e9ruvienne collaborent au soutien de soupes populaires. - \u00c9glise Adventiste Du Septieme Jour - Inter Am\u00e9rique Division","og_description":"L\u2019initiative a un impact positif sur un quartier de Lima. Le 18 juillet 2023 | ADRA P\u00e9rou, Division sud-am\u00e9ricaine et Adventist Review Gr\u00e2ce \u00e0 un partenariat entre l\u2019Agence de d\u00e9veloppement...","og_url":"https:\/\/interamerica.org\/fr\/2023\/07\/adra-et-luniversite-de-lunion-peruvienne-collaborent-au-soutien-de-soupes-populaires\/","og_site_name":"\u00c9glise Adventiste Du Septieme Jour - Inter Am\u00e9rique Division","article_published_time":"2023-07-18T21:16:31+00:00","article_modified_time":"2023-07-19T14:13:42+00:00","og_image":[{"width":960,"height":540,"url":"https:\/\/interamerica.org\/wp-content\/uploads\/2023\/07\/adra-peru-1.jpeg","type":"image\/jpeg"}],"author":"libna","twitter_card":"summary_large_image","twitter_misc":{"\u00c9crit par":"libna","Dur\u00e9e de lecture estim\u00e9e":"4 minutes"},"schema":{"@context":"https:\/\/schema.org","@graph":[{"@type":"Article","@id":"https:\/\/interamerica.org\/fr\/2023\/07\/adra-et-luniversite-de-lunion-peruvienne-collaborent-au-soutien-de-soupes-populaires\/#article","isPartOf":{"@id":"https:\/\/interamerica.org\/fr\/2023\/07\/adra-et-luniversite-de-lunion-peruvienne-collaborent-au-soutien-de-soupes-populaires\/"},"author":{"name":"libna","@id":"https:\/\/interamerica.org\/fr\/#\/schema\/person\/29998f2bc2d8bd0d38662909289b54f1"},"headline":"ADRA et l\u2019Universit\u00e9 de l\u2019Union p\u00e9ruvienne collaborent au soutien de soupes populaires.","datePublished":"2023-07-18T21:16:31+00:00","dateModified":"2023-07-19T14:13:42+00:00","mainEntityOfPage":{"@id":"https:\/\/interamerica.org\/fr\/2023\/07\/adra-et-luniversite-de-lunion-peruvienne-collaborent-au-soutien-de-soupes-populaires\/"},"wordCount":734,"image":{"@id":"https:\/\/interamerica.org\/fr\/2023\/07\/adra-et-luniversite-de-lunion-peruvienne-collaborent-au-soutien-de-soupes-populaires\/#primaryimage"},"thumbnailUrl":"https:\/\/interamerica.org\/wp-content\/uploads\/2023\/07\/adra-peru-1.jpeg","articleSection":["Nouvelles de l'\u00c9glise mondiale","RSS Fran\u00e7ais"],"inLanguage":"fr-FR"},{"@type":"WebPage","@id":"https:\/\/interamerica.org\/fr\/2023\/07\/adra-et-luniversite-de-lunion-peruvienne-collaborent-au-soutien-de-soupes-populaires\/","url":"https:\/\/interamerica.org\/fr\/2023\/07\/adra-et-luniversite-de-lunion-peruvienne-collaborent-au-soutien-de-soupes-populaires\/","name":"ADRA et l\u2019Universit\u00e9 de l\u2019Union p\u00e9ruvienne collaborent au soutien de soupes populaires. - \u00c9glise Adventiste Du Septieme Jour - Inter Am\u00e9rique Division","isPartOf":{"@id":"https:\/\/interamerica.org\/fr\/#website"},"primaryImageOfPage":{"@id":"https:\/\/interamerica.org\/fr\/2023\/07\/adra-et-luniversite-de-lunion-peruvienne-collaborent-au-soutien-de-soupes-populaires\/#primaryimage"},"image":{"@id":"https:\/\/interamerica.org\/fr\/2023\/07\/adra-et-luniversite-de-lunion-peruvienne-collaborent-au-soutien-de-soupes-populaires\/#primaryimage"},"thumbnailUrl":"https:\/\/interamerica.org\/wp-content\/uploads\/2023\/07\/adra-peru-1.jpeg","datePublished":"2023-07-18T21:16:31+00:00","dateModified":"2023-07-19T14:13:42+00:00","author":{"@id":"https:\/\/interamerica.org\/fr\/#\/schema\/person\/29998f2bc2d8bd0d38662909289b54f1"},"breadcrumb":{"@id":"https:\/\/interamerica.org\/fr\/2023\/07\/adra-et-luniversite-de-lunion-peruvienne-collaborent-au-soutien-de-soupes-populaires\/#breadcrumb"},"inLanguage":"fr-FR","potentialAction":[{"@type":"ReadAction","target":["https:\/\/interamerica.org\/fr\/2023\/07\/adra-et-luniversite-de-lunion-peruvienne-collaborent-au-soutien-de-soupes-populaires\/"]}]},{"@type":"ImageObject","inLanguage":"fr-FR","@id":"https:\/\/interamerica.org\/fr\/2023\/07\/adra-et-luniversite-de-lunion-peruvienne-collaborent-au-soutien-de-soupes-populaires\/#primaryimage","url":"https:\/\/interamerica.org\/wp-content\/uploads\/2023\/07\/adra-peru-1.jpeg","contentUrl":"https:\/\/interamerica.org\/wp-content\/uploads\/2023\/07\/adra-peru-1.jpeg","width":960,"height":540,"caption":"Soup kitchen leaders and the dean of UPeU School of Food Industry Engineering at the end of the training. [Photo: UPeU]"},{"@type":"BreadcrumbList","@id":"https:\/\/interamerica.org\/fr\/2023\/07\/adra-et-luniversite-de-lunion-peruvienne-collaborent-au-soutien-de-soupes-populaires\/#breadcrumb","itemListElement":[{"@type":"ListItem","position":1,"name":"Home","item":"https:\/\/interamerica.org\/fr\/"},{"@type":"ListItem","position":2,"name":"ADRA et l\u2019Universit\u00e9 de l\u2019Union p\u00e9ruvienne collaborent au soutien de soupes populaires."}]},{"@type":"WebSite","@id":"https:\/\/interamerica.org\/fr\/#website","url":"https:\/\/interamerica.org\/fr\/","name":"\u00c9glise Adventiste Du Septieme Jour - Inter Am\u00e9rique Division","description":"","potentialAction":[{"@type":"SearchAction","target":{"@type":"EntryPoint","urlTemplate":"https:\/\/interamerica.org\/fr\/?s={search_term_string}"},"query-input":{"@type":"PropertyValueSpecification","valueRequired":true,"valueName":"search_term_string"}}],"inLanguage":"fr-FR"},{"@type":"Person","@id":"https:\/\/interamerica.org\/fr\/#\/schema\/person\/29998f2bc2d8bd0d38662909289b54f1","name":"libna","image":{"@type":"ImageObject","inLanguage":"fr-FR","@id":"https:\/\/secure.gravatar.com\/avatar\/7c5bd30ae4b47a9ba3c856590957fd1d96dc588bf3ac05719d247e126840331f?s=96&d=mm&r=g","url":"https:\/\/secure.gravatar.com\/avatar\/7c5bd30ae4b47a9ba3c856590957fd1d96dc588bf3ac05719d247e126840331f?s=96&d=mm&r=g","contentUrl":"https:\/\/secure.gravatar.com\/avatar\/7c5bd30ae4b47a9ba3c856590957fd1d96dc588bf3ac05719d247e126840331f?s=96&d=mm&r=g","caption":"libna"}}]}},"_links":{"self":[{"href":"https:\/\/interamerica.org\/fr\/wp-json\/wp\/v2\/posts\/101014","targetHints":{"allow":["GET"]}}],"collection":[{"href":"https:\/\/interamerica.org\/fr\/wp-json\/wp\/v2\/posts"}],"about":[{"href":"https:\/\/interamerica.org\/fr\/wp-json\/wp\/v2\/types\/post"}],"author":[{"embeddable":true,"href":"https:\/\/interamerica.org\/fr\/wp-json\/wp\/v2\/users\/3"}],"replies":[{"embeddable":true,"href":"https:\/\/interamerica.org\/fr\/wp-json\/wp\/v2\/comments?post=101014"}],"version-history":[{"count":0,"href":"https:\/\/interamerica.org\/fr\/wp-json\/wp\/v2\/posts\/101014\/revisions"}],"wp:featuredmedia":[{"embeddable":true,"href":"https:\/\/interamerica.org\/fr\/wp-json\/wp\/v2\/media\/101003"}],"wp:attachment":[{"href":"https:\/\/interamerica.org\/fr\/wp-json\/wp\/v2\/media?parent=101014"}],"wp:term":[{"taxonomy":"category","embeddable":true,"href":"https:\/\/interamerica.org\/fr\/wp-json\/wp\/v2\/categories?post=101014"},{"taxonomy":"post_tag","embeddable":true,"href":"https:\/\/interamerica.org\/fr\/wp-json\/wp\/v2\/tags?post=101014"}],"curies":[{"name":"wp","href":"https:\/\/api.w.org\/{rel}","templated":true}]}}