{"id":101046,"date":"2023-07-19T17:30:05","date_gmt":"2023-07-19T21:30:05","guid":{"rendered":"https:\/\/interamerica.org\/?p=101046"},"modified":"2023-07-20T09:52:52","modified_gmt":"2023-07-20T13:52:52","slug":"linter-amerique-organise-la-convention-annuelle-dasi-en-jamaique","status":"publish","type":"post","link":"https:\/\/interamerica.org\/fr\/2023\/07\/linter-amerique-organise-la-convention-annuelle-dasi-en-jamaique\/","title":{"rendered":"L\u2019Inter Am\u00e9rique organise la convention annuelle d\u2019ASi en Jama\u00efque"},"content":{"rendered":"<p>19 Juillet 2023 | Miami, Floride, \u00c9tats-Unis | Libna Stevens, Actualit\u00e9s de la Division Inter Am\u00e9ricaine<\/p>\n<p>Les Adventistes La\u00efcs des Services et Industries (ASi) de la Division Inter Am\u00e9ricaine (DIA) r\u00e9uniront des chefs d\u2019entreprise et des professionnels adventistes venus de tout le territoire, \u00e0 Montego Bay, en Jama\u00efque, du 16 au 19 ao\u00fbt 2023. C\u2019est la premi\u00e8re convention d\u2019ASi Inter-Am\u00e9rique \u00e0 se tenir en personne depuis le d\u00e9but de la pand\u00e9mie en 2020.<\/p>\n<p>Le programme de quatre jours, dont le th\u00e8me est \u00ab Allumer la Flamme Pour la Mission, \u00bb cherchera \u00e0 inspirer et \u00e0 r\u00e9affirmer les membres des sections ASi et les participants, dans leur engagement \u00e0 redoubler d\u2019efforts pour proclamer le Christ dans leurs entreprises et leurs communaut\u00e9s.<\/p>\n<p>\u00ab Nous sommes tr\u00e8s heureux d\u2019avoir l\u2019opportunit\u00e9 d\u2019organiser \u00e0 nouveau une convention ASi pour dialoguer, r\u00e9seauter et en apprendre davantage sur les projets et les minist\u00e8res dans lesquels de nombreux la\u00efcs se sont engag\u00e9s afin de r\u00e9pandre la joie et le message de l\u2019\u00e9vangile, \u00bb a d\u00e9clar\u00e9 David Poloche, secr\u00e9taire d\u2019ASi Inter Am\u00e9rique.<\/p>\n<p>Cette ann\u00e9e, la convention proposera des pr\u00e9sentations et des s\u00e9minaires qui mettront l\u2019accent sur la mission, la sant\u00e9 et l\u2019environnement, ont indiqu\u00e9 les organisateurs. Parmi les intervenants principaux de la DIA, il y aura les pasteurs Elie Henry, pr\u00e9sident, Leonard Johnson, secr\u00e9taire ex\u00e9cutif, Franck Geneus, directeur des minist\u00e8res de la sant\u00e9, ainsi que Philip Baptiste, secr\u00e9taire-tr\u00e9sorier d\u2019ASi Am\u00e9rique du Nord, et d\u2019autres orateurs venus de tout le territoire de la DIA.<\/p>\n<p>Il y aura des s\u00e9minaires sur le commerce, la gestion, l\u2019\u00e9vang\u00e9lisation num\u00e9rique, le d\u00e9veloppement de projets, la sant\u00e9 et bien plus encore.<\/p>\n<p>Pour les d\u00e9tails sur le programme et pour plus d\u2019informations sur la Convention ASi de l\u2019Inter Am\u00e9rique, visitez le site <a href=\"https:\/\/asi23.interamerica.org\/\">asi23.interamerica.org<\/a><\/p>\n<p>Pour vous inscrire \u00e0 la convention avant le 31 juillet 2023, rendez-vous sur le site <a href=\"https:\/\/asi23.interamerica.org\/\">asi23.interamerica.org<\/a><\/p>\n<p>Traduction: Patrick Luciathe<\/p>\n","protected":false},"excerpt":{"rendered":"<p>19 Juillet 2023 | Miami, Floride, \u00c9tats-Unis | Libna Stevens, Actualit\u00e9s de la Division Inter Am\u00e9ricaine Les Adventistes La\u00efcs des Services et Industries (ASi) de la Division Inter Am\u00e9ricaine (DIA)&#8230;<\/p>\n","protected":false},"author":3,"featured_media":100710,"comment_status":"closed","ping_status":"closed","sticky":false,"template":"","format":"standard","meta":{"_acf_changed":false,"footnotes":""},"categories":[20,19],"tags":[],"class_list":["post-101046","post","type-post","status-publish","format-standard","has-post-thumbnail","hentry","category-nouvelles-du-siege-de-la-division","category-rss-francais"],"acf":[],"yoast_head":"<!-- This site is optimized with the Yoast SEO plugin v27.3 - https:\/\/yoast.com\/product\/yoast-seo-wordpress\/ -->\n<title>L\u2019Inter Am\u00e9rique organise la convention annuelle d\u2019ASi en Jama\u00efque - \u00c9glise Adventiste Du Septieme Jour - Inter Am\u00e9rique Division<\/title>\n<meta name=\"robots\" content=\"index, follow, max-snippet:-1, max-image-preview:large, max-video-preview:-1\" \/>\n<link rel=\"canonical\" href=\"https:\/\/interamerica.org\/fr\/2023\/07\/linter-amerique-organise-la-convention-annuelle-dasi-en-jamaique\/\" \/>\n<meta property=\"og:locale\" content=\"fr_FR\" \/>\n<meta property=\"og:type\" content=\"article\" \/>\n<meta property=\"og:title\" content=\"L\u2019Inter Am\u00e9rique organise la convention annuelle d\u2019ASi en Jama\u00efque - \u00c9glise Adventiste Du Septieme Jour - Inter Am\u00e9rique Division\" \/>\n<meta property=\"og:description\" content=\"19 Juillet 2023 | Miami, Floride, \u00c9tats-Unis | Libna Stevens, Actualit\u00e9s de la Division Inter Am\u00e9ricaine Les Adventistes La\u00efcs des Services et Industries (ASi) de la Division Inter Am\u00e9ricaine (DIA)...\" \/>\n<meta property=\"og:url\" content=\"https:\/\/interamerica.org\/fr\/2023\/07\/linter-amerique-organise-la-convention-annuelle-dasi-en-jamaique\/\" \/>\n<meta property=\"og:site_name\" content=\"\u00c9glise Adventiste Du Septieme Jour - Inter Am\u00e9rique Division\" \/>\n<meta property=\"article:published_time\" content=\"2023-07-19T21:30:05+00:00\" \/>\n<meta property=\"article:modified_time\" content=\"2023-07-20T13:52:52+00:00\" \/>\n<meta property=\"og:image\" content=\"https:\/\/interamerica.org\/wp-content\/uploads\/2023\/07\/asi.jpg\" \/>\n\t<meta property=\"og:image:width\" content=\"1280\" \/>\n\t<meta property=\"og:image:height\" content=\"800\" \/>\n\t<meta property=\"og:image:type\" content=\"image\/jpeg\" \/>\n<meta name=\"author\" content=\"libna\" \/>\n<meta name=\"twitter:card\" content=\"summary_large_image\" \/>\n<meta name=\"twitter:label1\" content=\"\u00c9crit par\" \/>\n\t<meta name=\"twitter:data1\" content=\"libna\" \/>\n\t<meta name=\"twitter:label2\" content=\"Dur\u00e9e de lecture estim\u00e9e\" \/>\n\t<meta name=\"twitter:data2\" content=\"2 minutes\" \/>\n<script type=\"application\/ld+json\" class=\"yoast-schema-graph\">{\"@context\":\"https:\\\/\\\/schema.org\",\"@graph\":[{\"@type\":\"Article\",\"@id\":\"https:\\\/\\\/interamerica.org\\\/fr\\\/2023\\\/07\\\/linter-amerique-organise-la-convention-annuelle-dasi-en-jamaique\\\/#article\",\"isPartOf\":{\"@id\":\"https:\\\/\\\/interamerica.org\\\/fr\\\/2023\\\/07\\\/linter-amerique-organise-la-convention-annuelle-dasi-en-jamaique\\\/\"},\"author\":{\"name\":\"libna\",\"@id\":\"https:\\\/\\\/interamerica.org\\\/fr\\\/#\\\/schema\\\/person\\\/29998f2bc2d8bd0d38662909289b54f1\"},\"headline\":\"L\u2019Inter Am\u00e9rique organise la convention annuelle d\u2019ASi en Jama\u00efque\",\"datePublished\":\"2023-07-19T21:30:05+00:00\",\"dateModified\":\"2023-07-20T13:52:52+00:00\",\"mainEntityOfPage\":{\"@id\":\"https:\\\/\\\/interamerica.org\\\/fr\\\/2023\\\/07\\\/linter-amerique-organise-la-convention-annuelle-dasi-en-jamaique\\\/\"},\"wordCount\":357,\"image\":{\"@id\":\"https:\\\/\\\/interamerica.org\\\/fr\\\/2023\\\/07\\\/linter-amerique-organise-la-convention-annuelle-dasi-en-jamaique\\\/#primaryimage\"},\"thumbnailUrl\":\"https:\\\/\\\/interamerica.org\\\/wp-content\\\/uploads\\\/2023\\\/07\\\/asi.jpg\",\"articleSection\":[\"Nouvelles du si\u00e8ge de la division\",\"RSS Fran\u00e7ais\"],\"inLanguage\":\"fr-FR\"},{\"@type\":\"WebPage\",\"@id\":\"https:\\\/\\\/interamerica.org\\\/fr\\\/2023\\\/07\\\/linter-amerique-organise-la-convention-annuelle-dasi-en-jamaique\\\/\",\"url\":\"https:\\\/\\\/interamerica.org\\\/fr\\\/2023\\\/07\\\/linter-amerique-organise-la-convention-annuelle-dasi-en-jamaique\\\/\",\"name\":\"L\u2019Inter Am\u00e9rique organise la convention annuelle d\u2019ASi en Jama\u00efque - \u00c9glise Adventiste Du Septieme Jour - Inter Am\u00e9rique Division\",\"isPartOf\":{\"@id\":\"https:\\\/\\\/interamerica.org\\\/fr\\\/#website\"},\"primaryImageOfPage\":{\"@id\":\"https:\\\/\\\/interamerica.org\\\/fr\\\/2023\\\/07\\\/linter-amerique-organise-la-convention-annuelle-dasi-en-jamaique\\\/#primaryimage\"},\"image\":{\"@id\":\"https:\\\/\\\/interamerica.org\\\/fr\\\/2023\\\/07\\\/linter-amerique-organise-la-convention-annuelle-dasi-en-jamaique\\\/#primaryimage\"},\"thumbnailUrl\":\"https:\\\/\\\/interamerica.org\\\/wp-content\\\/uploads\\\/2023\\\/07\\\/asi.jpg\",\"datePublished\":\"2023-07-19T21:30:05+00:00\",\"dateModified\":\"2023-07-20T13:52:52+00:00\",\"author\":{\"@id\":\"https:\\\/\\\/interamerica.org\\\/fr\\\/#\\\/schema\\\/person\\\/29998f2bc2d8bd0d38662909289b54f1\"},\"breadcrumb\":{\"@id\":\"https:\\\/\\\/interamerica.org\\\/fr\\\/2023\\\/07\\\/linter-amerique-organise-la-convention-annuelle-dasi-en-jamaique\\\/#breadcrumb\"},\"inLanguage\":\"fr-FR\",\"potentialAction\":[{\"@type\":\"ReadAction\",\"target\":[\"https:\\\/\\\/interamerica.org\\\/fr\\\/2023\\\/07\\\/linter-amerique-organise-la-convention-annuelle-dasi-en-jamaique\\\/\"]}]},{\"@type\":\"ImageObject\",\"inLanguage\":\"fr-FR\",\"@id\":\"https:\\\/\\\/interamerica.org\\\/fr\\\/2023\\\/07\\\/linter-amerique-organise-la-convention-annuelle-dasi-en-jamaique\\\/#primaryimage\",\"url\":\"https:\\\/\\\/interamerica.org\\\/wp-content\\\/uploads\\\/2023\\\/07\\\/asi.jpg\",\"contentUrl\":\"https:\\\/\\\/interamerica.org\\\/wp-content\\\/uploads\\\/2023\\\/07\\\/asi.jpg\",\"width\":1280,\"height\":800},{\"@type\":\"BreadcrumbList\",\"@id\":\"https:\\\/\\\/interamerica.org\\\/fr\\\/2023\\\/07\\\/linter-amerique-organise-la-convention-annuelle-dasi-en-jamaique\\\/#breadcrumb\",\"itemListElement\":[{\"@type\":\"ListItem\",\"position\":1,\"name\":\"Home\",\"item\":\"https:\\\/\\\/interamerica.org\\\/fr\\\/\"},{\"@type\":\"ListItem\",\"position\":2,\"name\":\"L\u2019Inter Am\u00e9rique organise la convention annuelle d\u2019ASi en Jama\u00efque\"}]},{\"@type\":\"WebSite\",\"@id\":\"https:\\\/\\\/interamerica.org\\\/fr\\\/#website\",\"url\":\"https:\\\/\\\/interamerica.org\\\/fr\\\/\",\"name\":\"\u00c9glise Adventiste Du Septieme Jour - Inter Am\u00e9rique Division\",\"description\":\"\",\"potentialAction\":[{\"@type\":\"SearchAction\",\"target\":{\"@type\":\"EntryPoint\",\"urlTemplate\":\"https:\\\/\\\/interamerica.org\\\/fr\\\/?s={search_term_string}\"},\"query-input\":{\"@type\":\"PropertyValueSpecification\",\"valueRequired\":true,\"valueName\":\"search_term_string\"}}],\"inLanguage\":\"fr-FR\"},{\"@type\":\"Person\",\"@id\":\"https:\\\/\\\/interamerica.org\\\/fr\\\/#\\\/schema\\\/person\\\/29998f2bc2d8bd0d38662909289b54f1\",\"name\":\"libna\",\"image\":{\"@type\":\"ImageObject\",\"inLanguage\":\"fr-FR\",\"@id\":\"https:\\\/\\\/secure.gravatar.com\\\/avatar\\\/7c5bd30ae4b47a9ba3c856590957fd1d96dc588bf3ac05719d247e126840331f?s=96&d=mm&r=g\",\"url\":\"https:\\\/\\\/secure.gravatar.com\\\/avatar\\\/7c5bd30ae4b47a9ba3c856590957fd1d96dc588bf3ac05719d247e126840331f?s=96&d=mm&r=g\",\"contentUrl\":\"https:\\\/\\\/secure.gravatar.com\\\/avatar\\\/7c5bd30ae4b47a9ba3c856590957fd1d96dc588bf3ac05719d247e126840331f?s=96&d=mm&r=g\",\"caption\":\"libna\"}}]}<\/script>\n<!-- \/ Yoast SEO plugin. -->","yoast_head_json":{"title":"L\u2019Inter Am\u00e9rique organise la convention annuelle d\u2019ASi en Jama\u00efque - \u00c9glise Adventiste Du Septieme Jour - Inter Am\u00e9rique Division","robots":{"index":"index","follow":"follow","max-snippet":"max-snippet:-1","max-image-preview":"max-image-preview:large","max-video-preview":"max-video-preview:-1"},"canonical":"https:\/\/interamerica.org\/fr\/2023\/07\/linter-amerique-organise-la-convention-annuelle-dasi-en-jamaique\/","og_locale":"fr_FR","og_type":"article","og_title":"L\u2019Inter Am\u00e9rique organise la convention annuelle d\u2019ASi en Jama\u00efque - \u00c9glise Adventiste Du Septieme Jour - Inter Am\u00e9rique Division","og_description":"19 Juillet 2023 | Miami, Floride, \u00c9tats-Unis | Libna Stevens, Actualit\u00e9s de la Division Inter Am\u00e9ricaine Les Adventistes La\u00efcs des Services et Industries (ASi) de la Division Inter Am\u00e9ricaine (DIA)...","og_url":"https:\/\/interamerica.org\/fr\/2023\/07\/linter-amerique-organise-la-convention-annuelle-dasi-en-jamaique\/","og_site_name":"\u00c9glise Adventiste Du Septieme Jour - Inter Am\u00e9rique Division","article_published_time":"2023-07-19T21:30:05+00:00","article_modified_time":"2023-07-20T13:52:52+00:00","og_image":[{"width":1280,"height":800,"url":"https:\/\/interamerica.org\/wp-content\/uploads\/2023\/07\/asi.jpg","type":"image\/jpeg"}],"author":"libna","twitter_card":"summary_large_image","twitter_misc":{"\u00c9crit par":"libna","Dur\u00e9e de lecture estim\u00e9e":"2 minutes"},"schema":{"@context":"https:\/\/schema.org","@graph":[{"@type":"Article","@id":"https:\/\/interamerica.org\/fr\/2023\/07\/linter-amerique-organise-la-convention-annuelle-dasi-en-jamaique\/#article","isPartOf":{"@id":"https:\/\/interamerica.org\/fr\/2023\/07\/linter-amerique-organise-la-convention-annuelle-dasi-en-jamaique\/"},"author":{"name":"libna","@id":"https:\/\/interamerica.org\/fr\/#\/schema\/person\/29998f2bc2d8bd0d38662909289b54f1"},"headline":"L\u2019Inter Am\u00e9rique organise la convention annuelle d\u2019ASi en Jama\u00efque","datePublished":"2023-07-19T21:30:05+00:00","dateModified":"2023-07-20T13:52:52+00:00","mainEntityOfPage":{"@id":"https:\/\/interamerica.org\/fr\/2023\/07\/linter-amerique-organise-la-convention-annuelle-dasi-en-jamaique\/"},"wordCount":357,"image":{"@id":"https:\/\/interamerica.org\/fr\/2023\/07\/linter-amerique-organise-la-convention-annuelle-dasi-en-jamaique\/#primaryimage"},"thumbnailUrl":"https:\/\/interamerica.org\/wp-content\/uploads\/2023\/07\/asi.jpg","articleSection":["Nouvelles du si\u00e8ge de la division","RSS Fran\u00e7ais"],"inLanguage":"fr-FR"},{"@type":"WebPage","@id":"https:\/\/interamerica.org\/fr\/2023\/07\/linter-amerique-organise-la-convention-annuelle-dasi-en-jamaique\/","url":"https:\/\/interamerica.org\/fr\/2023\/07\/linter-amerique-organise-la-convention-annuelle-dasi-en-jamaique\/","name":"L\u2019Inter Am\u00e9rique organise la convention annuelle d\u2019ASi en Jama\u00efque - \u00c9glise Adventiste Du Septieme Jour - Inter Am\u00e9rique Division","isPartOf":{"@id":"https:\/\/interamerica.org\/fr\/#website"},"primaryImageOfPage":{"@id":"https:\/\/interamerica.org\/fr\/2023\/07\/linter-amerique-organise-la-convention-annuelle-dasi-en-jamaique\/#primaryimage"},"image":{"@id":"https:\/\/interamerica.org\/fr\/2023\/07\/linter-amerique-organise-la-convention-annuelle-dasi-en-jamaique\/#primaryimage"},"thumbnailUrl":"https:\/\/interamerica.org\/wp-content\/uploads\/2023\/07\/asi.jpg","datePublished":"2023-07-19T21:30:05+00:00","dateModified":"2023-07-20T13:52:52+00:00","author":{"@id":"https:\/\/interamerica.org\/fr\/#\/schema\/person\/29998f2bc2d8bd0d38662909289b54f1"},"breadcrumb":{"@id":"https:\/\/interamerica.org\/fr\/2023\/07\/linter-amerique-organise-la-convention-annuelle-dasi-en-jamaique\/#breadcrumb"},"inLanguage":"fr-FR","potentialAction":[{"@type":"ReadAction","target":["https:\/\/interamerica.org\/fr\/2023\/07\/linter-amerique-organise-la-convention-annuelle-dasi-en-jamaique\/"]}]},{"@type":"ImageObject","inLanguage":"fr-FR","@id":"https:\/\/interamerica.org\/fr\/2023\/07\/linter-amerique-organise-la-convention-annuelle-dasi-en-jamaique\/#primaryimage","url":"https:\/\/interamerica.org\/wp-content\/uploads\/2023\/07\/asi.jpg","contentUrl":"https:\/\/interamerica.org\/wp-content\/uploads\/2023\/07\/asi.jpg","width":1280,"height":800},{"@type":"BreadcrumbList","@id":"https:\/\/interamerica.org\/fr\/2023\/07\/linter-amerique-organise-la-convention-annuelle-dasi-en-jamaique\/#breadcrumb","itemListElement":[{"@type":"ListItem","position":1,"name":"Home","item":"https:\/\/interamerica.org\/fr\/"},{"@type":"ListItem","position":2,"name":"L\u2019Inter Am\u00e9rique organise la convention annuelle d\u2019ASi en Jama\u00efque"}]},{"@type":"WebSite","@id":"https:\/\/interamerica.org\/fr\/#website","url":"https:\/\/interamerica.org\/fr\/","name":"\u00c9glise Adventiste Du Septieme Jour - Inter Am\u00e9rique Division","description":"","potentialAction":[{"@type":"SearchAction","target":{"@type":"EntryPoint","urlTemplate":"https:\/\/interamerica.org\/fr\/?s={search_term_string}"},"query-input":{"@type":"PropertyValueSpecification","valueRequired":true,"valueName":"search_term_string"}}],"inLanguage":"fr-FR"},{"@type":"Person","@id":"https:\/\/interamerica.org\/fr\/#\/schema\/person\/29998f2bc2d8bd0d38662909289b54f1","name":"libna","image":{"@type":"ImageObject","inLanguage":"fr-FR","@id":"https:\/\/secure.gravatar.com\/avatar\/7c5bd30ae4b47a9ba3c856590957fd1d96dc588bf3ac05719d247e126840331f?s=96&d=mm&r=g","url":"https:\/\/secure.gravatar.com\/avatar\/7c5bd30ae4b47a9ba3c856590957fd1d96dc588bf3ac05719d247e126840331f?s=96&d=mm&r=g","contentUrl":"https:\/\/secure.gravatar.com\/avatar\/7c5bd30ae4b47a9ba3c856590957fd1d96dc588bf3ac05719d247e126840331f?s=96&d=mm&r=g","caption":"libna"}}]}},"_links":{"self":[{"href":"https:\/\/interamerica.org\/fr\/wp-json\/wp\/v2\/posts\/101046","targetHints":{"allow":["GET"]}}],"collection":[{"href":"https:\/\/interamerica.org\/fr\/wp-json\/wp\/v2\/posts"}],"about":[{"href":"https:\/\/interamerica.org\/fr\/wp-json\/wp\/v2\/types\/post"}],"author":[{"embeddable":true,"href":"https:\/\/interamerica.org\/fr\/wp-json\/wp\/v2\/users\/3"}],"replies":[{"embeddable":true,"href":"https:\/\/interamerica.org\/fr\/wp-json\/wp\/v2\/comments?post=101046"}],"version-history":[{"count":0,"href":"https:\/\/interamerica.org\/fr\/wp-json\/wp\/v2\/posts\/101046\/revisions"}],"wp:featuredmedia":[{"embeddable":true,"href":"https:\/\/interamerica.org\/fr\/wp-json\/wp\/v2\/media\/100710"}],"wp:attachment":[{"href":"https:\/\/interamerica.org\/fr\/wp-json\/wp\/v2\/media?parent=101046"}],"wp:term":[{"taxonomy":"category","embeddable":true,"href":"https:\/\/interamerica.org\/fr\/wp-json\/wp\/v2\/categories?post=101046"},{"taxonomy":"post_tag","embeddable":true,"href":"https:\/\/interamerica.org\/fr\/wp-json\/wp\/v2\/tags?post=101046"}],"curies":[{"name":"wp","href":"https:\/\/api.w.org\/{rel}","templated":true}]}}