{"id":101047,"date":"2023-07-20T08:38:34","date_gmt":"2023-07-20T12:38:34","guid":{"rendered":"https:\/\/interamerica.org\/?p=101047"},"modified":"2023-07-20T14:27:08","modified_gmt":"2023-07-20T18:27:08","slug":"barry-c-black-marque-20-ans-de-service-en-tant-quaumonier-du-senat-americain","status":"publish","type":"post","link":"https:\/\/interamerica.org\/fr\/2023\/07\/barry-c-black-marque-20-ans-de-service-en-tant-quaumonier-du-senat-americain\/","title":{"rendered":"Barry C. Black marque 20 ans de service en tant qu\u2019aum\u00f4nier du S\u00e9nat am\u00e9ricain"},"content":{"rendered":"<p><em>Il est le premier afro-am\u00e9ricain et le premier adventiste du septi\u00e8me jour \u00e0 occuper ce poste.<\/em><\/p>\n<p>20 Juillet 2023 | Silver Spring, Maryland, \u00c9tats-Unis | Marcos Paseggi, Adventist Review<\/p>\n<p>Barry C. Black a r\u00e9cemment atteint la marque des 20 ans de service en tant qu\u2019aum\u00f4nier du S\u00e9nat des \u00c9tats-Unis \u00e0 Washington, D.C. Barry Black, qui aura 75 ans cette ann\u00e9e, est arriv\u00e9 \u00e0 ce poste apr\u00e8s une longue carri\u00e8re comme aum\u00f4nier de la Marine. Barry Black est le premier aum\u00f4nier militaire, le premier adventiste du septi\u00e8me jour et le premier afro-am\u00e9ricain \u00e0 occuper le poste d\u2019aum\u00f4nier du S\u00e9nat am\u00e9ricain.<\/p>\n<p>Dans le cadre de ses fonctions, Barry Black ouvre chaque session du S\u00e9nat par une pri\u00e8re, demandant \u00e0 Dieu de donner la sagesse aux l\u00e9gislateurs. Dans son r\u00f4le, souligne-t-il, il ne fait acception de personne ni d\u2019orientation politiques.<\/p>\n<p>\u00ab Je crois que je ne suis pas partisan, \u00bb a dit Barry Black dans <a href=\"https:\/\/www.washingtontimes.com\/news\/2023\/jun\/27\/senate-chaplain-barry-black-marks-20-years-says-he\/\">une r\u00e9cente interview <\/a> avec le journaliste Mark A. Kellner pour<em> Le Washington Times<\/em>. \u00ab Avec les l\u00e9gislateurs, je ne suis pas cens\u00e9 rester neutre et ne pas exprimer mon opinion sur diverses questions. Donc, je suis capable de le faire et de partager avec eux, et j\u2019appr\u00e9cie l\u2019opportunit\u00e9 de participer \u00e0 la grande conversation. \u00bb<\/p>\n<p>En 2017, Barry Black s\u2019est adress\u00e9 au pr\u00e9sident de l\u2019\u00e9poque, Donald J. Trump, et \u00e0 une salle remplie de dirigeants politiques et civils am\u00e9ricains ainsi que de dirigeants internationaux, dont le roi Abdallah II de Jordanie, \u00e0 l\u2019occasion du 65\u00e8me Petit-D\u00e9jeuner National de Pri\u00e8re.<\/p>\n<p>Au cours de son intervention pour le Petit-D\u00e9jeuner de Pri\u00e8re, qui a \u00e9t\u00e9 diffus\u00e9 \u00e0 la t\u00e9l\u00e9vision \u00e0 l\u2019\u00e9chelle nationale, Barry Black a mentionn\u00e9 le type de relation que Dieu veut avoir avec ceux qui s\u2019approchent de lui par la pri\u00e8re, citant les paroles de J\u00e9sus \u00e0 ses disciples dans Jean 15:16 : \u00ab Je ne vous appelle plus serviteurs,\u2026 mais je vous ai appel\u00e9s amis. \u00bb<\/p>\n<p>Barry Black est le deuxi\u00e8me adventiste du septi\u00e8me jour \u00e0 intervenir dans le petit-d\u00e9jeuner, apr\u00e8s l\u2019ancien neurochirurgien et secr\u00e9taire au Logement et au D\u00e9veloppement Urbain, Benjamin S. Carson Sr., qui est intervenu deux fois, la derni\u00e8re fois \u00e9tant en 2013.<\/p>\n<p>Barry Black est aussi un auteur bien connu. Parmi ses livres, il y a son autobiographie, <em>From the Hood to the Hill<\/em> (Du Quartier au Capitole; Thomas Nelson, 2006), qui raconte l\u2019histoire de son enfance et de son parcours jusqu\u2019\u00e0 son poste actuel.<\/p>\n<p>En 2022, Barry Black a \u00e9crit un livre pour enfants intitul\u00e9 <em>A Prayer for Our Country: Words to Unite and Inspire Hope <\/em>(Une Pri\u00e8re pour notre Pays : Paroles pour Unir et Inspirer l\u2019Espoir; Zonderkidz). Illustr\u00e9 par l\u2019artiste Kim Holt, le livre d\u2019images pour jeunes lecteurs c\u00e9l\u00e8bre les choses qui font des \u00c9tats-Unis d\u2019Am\u00e9rique \u00ab un endroit extraordinaire, \u00bb a dit d\u00e9clar\u00e9 l\u2019\u00e9diteur.<\/p>\n<p>\u00ab Je crois que l\u2019une des plus grandes b\u00e9n\u00e9dictions de ma vie a \u00e9t\u00e9 d\u2019apprendre \u00e0 prier, \u00bb a d\u00e9clar\u00e9 Barry Black dans une d\u00e9claration \u00e0 <em>Adventist Review<\/em> \u00e0 l\u2019\u00e9poque o\u00f9 le livre a \u00e9t\u00e9 publi\u00e9. \u00ab Ma m\u00e8re et les membres de l\u2019\u00e9glise m\u2019ont enseign\u00e9 par le pr\u00e9cepte et par l\u2019exemple comment faire entendre mon murmure spirituel jusqu\u2019au ciel. Mon nouveau livre est une tentative d\u2019aider cette g\u00e9n\u00e9ration d\u2019enfants \u00e0 apprendre \u00e0 exploiter \u00e9galement la puissance de la pri\u00e8re. \u00bb<\/p>\n<p>L\u2019une de ses pri\u00e8res les plus m\u00e9morables au S\u00e9nat am\u00e9ricain a sans doute \u00e9t\u00e9 prononc\u00e9e aux premi\u00e8res heures du 7 janvier 2021, un jour apr\u00e8s les incidents qui ont affect\u00e9 les activit\u00e9s r\u00e9guli\u00e8res de l\u2019assembl\u00e9e. En cl\u00f4turant une session historique, il a d\u00e9nonc\u00e9 la violence et implor\u00e9 les factions bellig\u00e9rantes de s\u2019unir au nom du pays.<\/p>\n<p>\u00ab Nous d\u00e9plorons la profanation du b\u00e2timent du Capitole des \u00c9tats-Unis, le fait que du sang innocent ait \u00e9t\u00e9 vers\u00e9, la perte de vies humaines et le bourbier de dysfonctionnements qui menacent notre d\u00e9mocratie, \u00bb a d\u00e9clar\u00e9 Barry Black dans une citation reprise par <em>Le New York Times<\/em> et d\u2019autres m\u00e9dias nationaux ce jour-l\u00e0. \u00ab Ces trag\u00e9dies nous ont rappel\u00e9 que les mots ont leur importance et que le pouvoir de vie et de mort est dans la langue. Nous avons \u00e9t\u00e9 avertis que la vigilance \u00e9ternelle continue d\u2019\u00eatre le prix de la libert\u00e9. \u00bb<\/p>\n<p>Sa supplique historique s\u2019est termin\u00e9e par une requ\u00eate sp\u00e9ciale. \u00ab Utilise-nous pour apporter la gu\u00e9rison et l\u2019unit\u00e9 \u00e0 notre nation et \u00e0 notre monde bless\u00e9s et divis\u00e9s, \u00bb a-t-il dit dans sa pri\u00e8re.<\/p>\n<p>Traduction: Patrick Luciathe<\/p>\n","protected":false},"excerpt":{"rendered":"<p>Il est le premier afro-am\u00e9ricain et le premier adventiste du septi\u00e8me jour \u00e0 occuper ce poste. 20 Juillet 2023 | Silver Spring, Maryland, \u00c9tats-Unis | Marcos Paseggi, Adventist Review Barry&#8230;<\/p>\n","protected":false},"author":3,"featured_media":101026,"comment_status":"closed","ping_status":"closed","sticky":false,"template":"","format":"standard","meta":{"_acf_changed":false,"footnotes":""},"categories":[18,19],"tags":[],"class_list":["post-101047","post","type-post","status-publish","format-standard","has-post-thumbnail","hentry","category-nouvelles-de-leglise-mondiale","category-rss-francais"],"acf":[],"yoast_head":"<!-- This site is optimized with the Yoast SEO plugin v27.3 - https:\/\/yoast.com\/product\/yoast-seo-wordpress\/ -->\n<title>Barry C. Black marque 20 ans de service en tant qu\u2019aum\u00f4nier du S\u00e9nat am\u00e9ricain - \u00c9glise Adventiste Du Septieme Jour - Inter Am\u00e9rique Division<\/title>\n<meta name=\"robots\" content=\"index, follow, max-snippet:-1, max-image-preview:large, max-video-preview:-1\" \/>\n<link rel=\"canonical\" href=\"https:\/\/interamerica.org\/fr\/2023\/07\/barry-c-black-marque-20-ans-de-service-en-tant-quaumonier-du-senat-americain\/\" \/>\n<meta property=\"og:locale\" content=\"fr_FR\" \/>\n<meta property=\"og:type\" content=\"article\" \/>\n<meta property=\"og:title\" content=\"Barry C. Black marque 20 ans de service en tant qu\u2019aum\u00f4nier du S\u00e9nat am\u00e9ricain - \u00c9glise Adventiste Du Septieme Jour - Inter Am\u00e9rique Division\" \/>\n<meta property=\"og:description\" content=\"Il est le premier afro-am\u00e9ricain et le premier adventiste du septi\u00e8me jour \u00e0 occuper ce poste. 20 Juillet 2023 | Silver Spring, Maryland, \u00c9tats-Unis | Marcos Paseggi, Adventist Review Barry...\" \/>\n<meta property=\"og:url\" content=\"https:\/\/interamerica.org\/fr\/2023\/07\/barry-c-black-marque-20-ans-de-service-en-tant-quaumonier-du-senat-americain\/\" \/>\n<meta property=\"og:site_name\" content=\"\u00c9glise Adventiste Du Septieme Jour - Inter Am\u00e9rique Division\" \/>\n<meta property=\"article:published_time\" content=\"2023-07-20T12:38:34+00:00\" \/>\n<meta property=\"article:modified_time\" content=\"2023-07-20T18:27:08+00:00\" \/>\n<meta property=\"og:image\" content=\"https:\/\/interamerica.org\/wp-content\/uploads\/2023\/07\/barry-black-prayer-breakfast.jpg\" \/>\n\t<meta property=\"og:image:width\" content=\"1000\" \/>\n\t<meta property=\"og:image:height\" content=\"500\" \/>\n\t<meta property=\"og:image:type\" content=\"image\/jpeg\" \/>\n<meta name=\"author\" content=\"libna\" \/>\n<meta name=\"twitter:card\" content=\"summary_large_image\" \/>\n<meta name=\"twitter:label1\" content=\"\u00c9crit par\" \/>\n\t<meta name=\"twitter:data1\" content=\"libna\" \/>\n\t<meta name=\"twitter:label2\" content=\"Dur\u00e9e de lecture estim\u00e9e\" \/>\n\t<meta name=\"twitter:data2\" content=\"4 minutes\" \/>\n<script type=\"application\/ld+json\" class=\"yoast-schema-graph\">{\"@context\":\"https:\\\/\\\/schema.org\",\"@graph\":[{\"@type\":\"Article\",\"@id\":\"https:\\\/\\\/interamerica.org\\\/fr\\\/2023\\\/07\\\/barry-c-black-marque-20-ans-de-service-en-tant-quaumonier-du-senat-americain\\\/#article\",\"isPartOf\":{\"@id\":\"https:\\\/\\\/interamerica.org\\\/fr\\\/2023\\\/07\\\/barry-c-black-marque-20-ans-de-service-en-tant-quaumonier-du-senat-americain\\\/\"},\"author\":{\"name\":\"libna\",\"@id\":\"https:\\\/\\\/interamerica.org\\\/fr\\\/#\\\/schema\\\/person\\\/29998f2bc2d8bd0d38662909289b54f1\"},\"headline\":\"Barry C. Black marque 20 ans de service en tant qu\u2019aum\u00f4nier du S\u00e9nat am\u00e9ricain\",\"datePublished\":\"2023-07-20T12:38:34+00:00\",\"dateModified\":\"2023-07-20T18:27:08+00:00\",\"mainEntityOfPage\":{\"@id\":\"https:\\\/\\\/interamerica.org\\\/fr\\\/2023\\\/07\\\/barry-c-black-marque-20-ans-de-service-en-tant-quaumonier-du-senat-americain\\\/\"},\"wordCount\":812,\"image\":{\"@id\":\"https:\\\/\\\/interamerica.org\\\/fr\\\/2023\\\/07\\\/barry-c-black-marque-20-ans-de-service-en-tant-quaumonier-du-senat-americain\\\/#primaryimage\"},\"thumbnailUrl\":\"https:\\\/\\\/interamerica.org\\\/wp-content\\\/uploads\\\/2023\\\/07\\\/barry-black-prayer-breakfast.jpg\",\"articleSection\":[\"Nouvelles de l'\u00c9glise mondiale\",\"RSS Fran\u00e7ais\"],\"inLanguage\":\"fr-FR\"},{\"@type\":\"WebPage\",\"@id\":\"https:\\\/\\\/interamerica.org\\\/fr\\\/2023\\\/07\\\/barry-c-black-marque-20-ans-de-service-en-tant-quaumonier-du-senat-americain\\\/\",\"url\":\"https:\\\/\\\/interamerica.org\\\/fr\\\/2023\\\/07\\\/barry-c-black-marque-20-ans-de-service-en-tant-quaumonier-du-senat-americain\\\/\",\"name\":\"Barry C. Black marque 20 ans de service en tant qu\u2019aum\u00f4nier du S\u00e9nat am\u00e9ricain - \u00c9glise Adventiste Du Septieme Jour - Inter Am\u00e9rique Division\",\"isPartOf\":{\"@id\":\"https:\\\/\\\/interamerica.org\\\/fr\\\/#website\"},\"primaryImageOfPage\":{\"@id\":\"https:\\\/\\\/interamerica.org\\\/fr\\\/2023\\\/07\\\/barry-c-black-marque-20-ans-de-service-en-tant-quaumonier-du-senat-americain\\\/#primaryimage\"},\"image\":{\"@id\":\"https:\\\/\\\/interamerica.org\\\/fr\\\/2023\\\/07\\\/barry-c-black-marque-20-ans-de-service-en-tant-quaumonier-du-senat-americain\\\/#primaryimage\"},\"thumbnailUrl\":\"https:\\\/\\\/interamerica.org\\\/wp-content\\\/uploads\\\/2023\\\/07\\\/barry-black-prayer-breakfast.jpg\",\"datePublished\":\"2023-07-20T12:38:34+00:00\",\"dateModified\":\"2023-07-20T18:27:08+00:00\",\"author\":{\"@id\":\"https:\\\/\\\/interamerica.org\\\/fr\\\/#\\\/schema\\\/person\\\/29998f2bc2d8bd0d38662909289b54f1\"},\"breadcrumb\":{\"@id\":\"https:\\\/\\\/interamerica.org\\\/fr\\\/2023\\\/07\\\/barry-c-black-marque-20-ans-de-service-en-tant-quaumonier-du-senat-americain\\\/#breadcrumb\"},\"inLanguage\":\"fr-FR\",\"potentialAction\":[{\"@type\":\"ReadAction\",\"target\":[\"https:\\\/\\\/interamerica.org\\\/fr\\\/2023\\\/07\\\/barry-c-black-marque-20-ans-de-service-en-tant-quaumonier-du-senat-americain\\\/\"]}]},{\"@type\":\"ImageObject\",\"inLanguage\":\"fr-FR\",\"@id\":\"https:\\\/\\\/interamerica.org\\\/fr\\\/2023\\\/07\\\/barry-c-black-marque-20-ans-de-service-en-tant-quaumonier-du-senat-americain\\\/#primaryimage\",\"url\":\"https:\\\/\\\/interamerica.org\\\/wp-content\\\/uploads\\\/2023\\\/07\\\/barry-black-prayer-breakfast.jpg\",\"contentUrl\":\"https:\\\/\\\/interamerica.org\\\/wp-content\\\/uploads\\\/2023\\\/07\\\/barry-black-prayer-breakfast.jpg\",\"width\":1000,\"height\":500,\"caption\":\"U.S. Senate chaplain Barry C. Black addresses then President Donald Trump and American political and civic leaders during the 65th National Prayer Breakfast in 2017. [Photo: screenshot by Adventist Review]\"},{\"@type\":\"BreadcrumbList\",\"@id\":\"https:\\\/\\\/interamerica.org\\\/fr\\\/2023\\\/07\\\/barry-c-black-marque-20-ans-de-service-en-tant-quaumonier-du-senat-americain\\\/#breadcrumb\",\"itemListElement\":[{\"@type\":\"ListItem\",\"position\":1,\"name\":\"Home\",\"item\":\"https:\\\/\\\/interamerica.org\\\/fr\\\/\"},{\"@type\":\"ListItem\",\"position\":2,\"name\":\"Barry C. Black marque 20 ans de service en tant qu\u2019aum\u00f4nier du S\u00e9nat am\u00e9ricain\"}]},{\"@type\":\"WebSite\",\"@id\":\"https:\\\/\\\/interamerica.org\\\/fr\\\/#website\",\"url\":\"https:\\\/\\\/interamerica.org\\\/fr\\\/\",\"name\":\"\u00c9glise Adventiste Du Septieme Jour - Inter Am\u00e9rique Division\",\"description\":\"\",\"potentialAction\":[{\"@type\":\"SearchAction\",\"target\":{\"@type\":\"EntryPoint\",\"urlTemplate\":\"https:\\\/\\\/interamerica.org\\\/fr\\\/?s={search_term_string}\"},\"query-input\":{\"@type\":\"PropertyValueSpecification\",\"valueRequired\":true,\"valueName\":\"search_term_string\"}}],\"inLanguage\":\"fr-FR\"},{\"@type\":\"Person\",\"@id\":\"https:\\\/\\\/interamerica.org\\\/fr\\\/#\\\/schema\\\/person\\\/29998f2bc2d8bd0d38662909289b54f1\",\"name\":\"libna\",\"image\":{\"@type\":\"ImageObject\",\"inLanguage\":\"fr-FR\",\"@id\":\"https:\\\/\\\/secure.gravatar.com\\\/avatar\\\/7c5bd30ae4b47a9ba3c856590957fd1d96dc588bf3ac05719d247e126840331f?s=96&d=mm&r=g\",\"url\":\"https:\\\/\\\/secure.gravatar.com\\\/avatar\\\/7c5bd30ae4b47a9ba3c856590957fd1d96dc588bf3ac05719d247e126840331f?s=96&d=mm&r=g\",\"contentUrl\":\"https:\\\/\\\/secure.gravatar.com\\\/avatar\\\/7c5bd30ae4b47a9ba3c856590957fd1d96dc588bf3ac05719d247e126840331f?s=96&d=mm&r=g\",\"caption\":\"libna\"}}]}<\/script>\n<!-- \/ Yoast SEO plugin. -->","yoast_head_json":{"title":"Barry C. Black marque 20 ans de service en tant qu\u2019aum\u00f4nier du S\u00e9nat am\u00e9ricain - \u00c9glise Adventiste Du Septieme Jour - Inter Am\u00e9rique Division","robots":{"index":"index","follow":"follow","max-snippet":"max-snippet:-1","max-image-preview":"max-image-preview:large","max-video-preview":"max-video-preview:-1"},"canonical":"https:\/\/interamerica.org\/fr\/2023\/07\/barry-c-black-marque-20-ans-de-service-en-tant-quaumonier-du-senat-americain\/","og_locale":"fr_FR","og_type":"article","og_title":"Barry C. Black marque 20 ans de service en tant qu\u2019aum\u00f4nier du S\u00e9nat am\u00e9ricain - \u00c9glise Adventiste Du Septieme Jour - Inter Am\u00e9rique Division","og_description":"Il est le premier afro-am\u00e9ricain et le premier adventiste du septi\u00e8me jour \u00e0 occuper ce poste. 20 Juillet 2023 | Silver Spring, Maryland, \u00c9tats-Unis | Marcos Paseggi, Adventist Review Barry...","og_url":"https:\/\/interamerica.org\/fr\/2023\/07\/barry-c-black-marque-20-ans-de-service-en-tant-quaumonier-du-senat-americain\/","og_site_name":"\u00c9glise Adventiste Du Septieme Jour - Inter Am\u00e9rique Division","article_published_time":"2023-07-20T12:38:34+00:00","article_modified_time":"2023-07-20T18:27:08+00:00","og_image":[{"width":1000,"height":500,"url":"https:\/\/interamerica.org\/wp-content\/uploads\/2023\/07\/barry-black-prayer-breakfast.jpg","type":"image\/jpeg"}],"author":"libna","twitter_card":"summary_large_image","twitter_misc":{"\u00c9crit par":"libna","Dur\u00e9e de lecture estim\u00e9e":"4 minutes"},"schema":{"@context":"https:\/\/schema.org","@graph":[{"@type":"Article","@id":"https:\/\/interamerica.org\/fr\/2023\/07\/barry-c-black-marque-20-ans-de-service-en-tant-quaumonier-du-senat-americain\/#article","isPartOf":{"@id":"https:\/\/interamerica.org\/fr\/2023\/07\/barry-c-black-marque-20-ans-de-service-en-tant-quaumonier-du-senat-americain\/"},"author":{"name":"libna","@id":"https:\/\/interamerica.org\/fr\/#\/schema\/person\/29998f2bc2d8bd0d38662909289b54f1"},"headline":"Barry C. Black marque 20 ans de service en tant qu\u2019aum\u00f4nier du S\u00e9nat am\u00e9ricain","datePublished":"2023-07-20T12:38:34+00:00","dateModified":"2023-07-20T18:27:08+00:00","mainEntityOfPage":{"@id":"https:\/\/interamerica.org\/fr\/2023\/07\/barry-c-black-marque-20-ans-de-service-en-tant-quaumonier-du-senat-americain\/"},"wordCount":812,"image":{"@id":"https:\/\/interamerica.org\/fr\/2023\/07\/barry-c-black-marque-20-ans-de-service-en-tant-quaumonier-du-senat-americain\/#primaryimage"},"thumbnailUrl":"https:\/\/interamerica.org\/wp-content\/uploads\/2023\/07\/barry-black-prayer-breakfast.jpg","articleSection":["Nouvelles de l'\u00c9glise mondiale","RSS Fran\u00e7ais"],"inLanguage":"fr-FR"},{"@type":"WebPage","@id":"https:\/\/interamerica.org\/fr\/2023\/07\/barry-c-black-marque-20-ans-de-service-en-tant-quaumonier-du-senat-americain\/","url":"https:\/\/interamerica.org\/fr\/2023\/07\/barry-c-black-marque-20-ans-de-service-en-tant-quaumonier-du-senat-americain\/","name":"Barry C. Black marque 20 ans de service en tant qu\u2019aum\u00f4nier du S\u00e9nat am\u00e9ricain - \u00c9glise Adventiste Du Septieme Jour - Inter Am\u00e9rique Division","isPartOf":{"@id":"https:\/\/interamerica.org\/fr\/#website"},"primaryImageOfPage":{"@id":"https:\/\/interamerica.org\/fr\/2023\/07\/barry-c-black-marque-20-ans-de-service-en-tant-quaumonier-du-senat-americain\/#primaryimage"},"image":{"@id":"https:\/\/interamerica.org\/fr\/2023\/07\/barry-c-black-marque-20-ans-de-service-en-tant-quaumonier-du-senat-americain\/#primaryimage"},"thumbnailUrl":"https:\/\/interamerica.org\/wp-content\/uploads\/2023\/07\/barry-black-prayer-breakfast.jpg","datePublished":"2023-07-20T12:38:34+00:00","dateModified":"2023-07-20T18:27:08+00:00","author":{"@id":"https:\/\/interamerica.org\/fr\/#\/schema\/person\/29998f2bc2d8bd0d38662909289b54f1"},"breadcrumb":{"@id":"https:\/\/interamerica.org\/fr\/2023\/07\/barry-c-black-marque-20-ans-de-service-en-tant-quaumonier-du-senat-americain\/#breadcrumb"},"inLanguage":"fr-FR","potentialAction":[{"@type":"ReadAction","target":["https:\/\/interamerica.org\/fr\/2023\/07\/barry-c-black-marque-20-ans-de-service-en-tant-quaumonier-du-senat-americain\/"]}]},{"@type":"ImageObject","inLanguage":"fr-FR","@id":"https:\/\/interamerica.org\/fr\/2023\/07\/barry-c-black-marque-20-ans-de-service-en-tant-quaumonier-du-senat-americain\/#primaryimage","url":"https:\/\/interamerica.org\/wp-content\/uploads\/2023\/07\/barry-black-prayer-breakfast.jpg","contentUrl":"https:\/\/interamerica.org\/wp-content\/uploads\/2023\/07\/barry-black-prayer-breakfast.jpg","width":1000,"height":500,"caption":"U.S. Senate chaplain Barry C. Black addresses then President Donald Trump and American political and civic leaders during the 65th National Prayer Breakfast in 2017. [Photo: screenshot by Adventist Review]"},{"@type":"BreadcrumbList","@id":"https:\/\/interamerica.org\/fr\/2023\/07\/barry-c-black-marque-20-ans-de-service-en-tant-quaumonier-du-senat-americain\/#breadcrumb","itemListElement":[{"@type":"ListItem","position":1,"name":"Home","item":"https:\/\/interamerica.org\/fr\/"},{"@type":"ListItem","position":2,"name":"Barry C. Black marque 20 ans de service en tant qu\u2019aum\u00f4nier du S\u00e9nat am\u00e9ricain"}]},{"@type":"WebSite","@id":"https:\/\/interamerica.org\/fr\/#website","url":"https:\/\/interamerica.org\/fr\/","name":"\u00c9glise Adventiste Du Septieme Jour - Inter Am\u00e9rique Division","description":"","potentialAction":[{"@type":"SearchAction","target":{"@type":"EntryPoint","urlTemplate":"https:\/\/interamerica.org\/fr\/?s={search_term_string}"},"query-input":{"@type":"PropertyValueSpecification","valueRequired":true,"valueName":"search_term_string"}}],"inLanguage":"fr-FR"},{"@type":"Person","@id":"https:\/\/interamerica.org\/fr\/#\/schema\/person\/29998f2bc2d8bd0d38662909289b54f1","name":"libna","image":{"@type":"ImageObject","inLanguage":"fr-FR","@id":"https:\/\/secure.gravatar.com\/avatar\/7c5bd30ae4b47a9ba3c856590957fd1d96dc588bf3ac05719d247e126840331f?s=96&d=mm&r=g","url":"https:\/\/secure.gravatar.com\/avatar\/7c5bd30ae4b47a9ba3c856590957fd1d96dc588bf3ac05719d247e126840331f?s=96&d=mm&r=g","contentUrl":"https:\/\/secure.gravatar.com\/avatar\/7c5bd30ae4b47a9ba3c856590957fd1d96dc588bf3ac05719d247e126840331f?s=96&d=mm&r=g","caption":"libna"}}]}},"_links":{"self":[{"href":"https:\/\/interamerica.org\/fr\/wp-json\/wp\/v2\/posts\/101047","targetHints":{"allow":["GET"]}}],"collection":[{"href":"https:\/\/interamerica.org\/fr\/wp-json\/wp\/v2\/posts"}],"about":[{"href":"https:\/\/interamerica.org\/fr\/wp-json\/wp\/v2\/types\/post"}],"author":[{"embeddable":true,"href":"https:\/\/interamerica.org\/fr\/wp-json\/wp\/v2\/users\/3"}],"replies":[{"embeddable":true,"href":"https:\/\/interamerica.org\/fr\/wp-json\/wp\/v2\/comments?post=101047"}],"version-history":[{"count":0,"href":"https:\/\/interamerica.org\/fr\/wp-json\/wp\/v2\/posts\/101047\/revisions"}],"wp:featuredmedia":[{"embeddable":true,"href":"https:\/\/interamerica.org\/fr\/wp-json\/wp\/v2\/media\/101026"}],"wp:attachment":[{"href":"https:\/\/interamerica.org\/fr\/wp-json\/wp\/v2\/media?parent=101047"}],"wp:term":[{"taxonomy":"category","embeddable":true,"href":"https:\/\/interamerica.org\/fr\/wp-json\/wp\/v2\/categories?post=101047"},{"taxonomy":"post_tag","embeddable":true,"href":"https:\/\/interamerica.org\/fr\/wp-json\/wp\/v2\/tags?post=101047"}],"curies":[{"name":"wp","href":"https:\/\/api.w.org\/{rel}","templated":true}]}}