{"id":101132,"date":"2023-07-21T11:06:59","date_gmt":"2023-07-21T15:06:59","guid":{"rendered":"https:\/\/interamerica.org\/?p=101132"},"modified":"2023-07-21T14:47:48","modified_gmt":"2023-07-21T18:47:48","slug":"prosperer-dans-la-foi","status":"publish","type":"post","link":"https:\/\/interamerica.org\/fr\/2023\/07\/prosperer-dans-la-foi\/","title":{"rendered":"Prosp\u00e9rer dans la Foi"},"content":{"rendered":"<p><em>Ci-dessous, un message adress\u00e9 \u00e0 l\u2019\u00c9glise adventiste du septi\u00e8me jour par le pr\u00e9sident de la Division Inter Am\u00e9ricaine, Elie Henry \u2013 \u00c9quipe de Presse de la DIA<\/em><\/p>\n<p>21 juillet 2023 | Miami, Florida, \u00c9tats-Unis, | Elie Henry, pr\u00e9sident de l\u2019\u00c9glise Adventiste du Septi\u00e8me jour en Inter Am\u00e9rique<\/p>\n<p><span style=\"font-weight: 400;\">Bonjour fr\u00e8res et s\u0153urs, <\/span><\/p>\n<p><span style=\"font-weight: 400;\">Je vous salue avec joie en ce sabbat tr\u00e8s sp\u00e9cial o\u00f9 culmine la Semaine de Pri\u00e8re des Enfants et des Adolescents, et nous c\u00e9l\u00e9brons aussi les enfants du monde entier.<\/span><\/p>\n<p><span style=\"font-weight: 400;\">Comme nous l&rsquo;avons dit dans un message pr\u00e9c\u00e9dent, les membres d&rsquo;\u00e9glise ont le devoir de prier chaque jour pour les enfants et les jeunes en demandant que l&rsquo;Esprit Saint les guide dans leur croissance spirituelle, et aujourd&rsquo;hui je veux souligner l&rsquo;importance de cette mission en faveur des g\u00e9n\u00e9rations \u00e0 venir.<\/span><\/p>\n<p><span style=\"font-weight: 400;\">Je profite de cette occasion pour exprimer ma gratitude et mon appr\u00e9ciation pour votre d\u00e9vouement constant \u00e0 la foi et aux principes qui nous unissent en tant que famille : la famille adventiste. Et alors qu&rsquo;un colloque organis\u00e9 par le D\u00e9partement du Minist\u00e8re de la Sant\u00e9 d\u00e9bute cette semaine, que vous pouvez suivre en ligne, je vous invite \u00e0 r\u00e9fl\u00e9chir sur la <\/span><b>troisi\u00e8me lettre de Jean, chapitre 1, verset 2 : \u00ab Bien-aim\u00e9, je souhaite que tu prosp\u00e8res \u00e0 tous \u00e9gards et sois en bonne sant\u00e9, comme prosp\u00e8re l&rsquo;\u00e9tat de ton \u00e2me. \u00a0\u00bb (LSG)<\/b><\/p>\n<p><span style=\"font-weight: 400;\">Les soins de sant\u00e9 sont une composante essentielle de nos croyances en tant qu&rsquo;adventistes du septi\u00e8me jour. Mais, en plus, notre accent sur un mode de vie sain qui comprend une bonne nutrition, le repos, l&rsquo;exercice, la lumi\u00e8re du soleil, l&rsquo;air pur, l&rsquo;eau, la temp\u00e9rance et la confiance en Dieu, sont partie int\u00e9grante de notre foi.<\/span><\/p>\n<p><span style=\"font-weight: 400;\">En tant que fr\u00e8res et s\u0153urs en Christ, il est important que nous prenions soin les uns des autres et restions attentifs aux besoins de ceux qui font face \u00e0 des probl\u00e8mes de sant\u00e9, qu&rsquo;ils soient physiques ou \u00e9motionnels. Apportons un soutien aux plus vuln\u00e9rables, offrant toute sorte d&rsquo;aide \u00e0 notre port\u00e9e.<\/span><\/p>\n<p><span style=\"font-weight: 400;\">Prenons le t\u00e9l\u00e9phone, envoyons un message, allons dans ces maisons ou h\u00f4pitaux, partageant des mots d&rsquo;encouragement et d&rsquo;espoir. Mais surtout, prions pour eux en interc\u00e9dant afin que Dieu les gu\u00e9risse et qu&rsquo;ils se sentent aim\u00e9s de Lui.<\/span><\/p>\n<p><span style=\"font-weight: 400;\">Maranatha !<\/span><\/p>\n<p>&nbsp;<\/p>\n<p><iframe title=\"Prosp\u00e9rer Dans La Foi \/ Pasteur Elie Henry\" width=\"500\" height=\"281\" src=\"https:\/\/www.youtube.com\/embed\/lJV0Zzepe_8?feature=oembed\" frameborder=\"0\" allow=\"accelerometer; autoplay; clipboard-write; encrypted-media; gyroscope; picture-in-picture; web-share\" referrerpolicy=\"strict-origin-when-cross-origin\" allowfullscreen><\/iframe><\/p>\n","protected":false},"excerpt":{"rendered":"<p>Ci-dessous, un message adress\u00e9 \u00e0 l\u2019\u00c9glise adventiste du septi\u00e8me jour par le pr\u00e9sident de la Division Inter Am\u00e9ricaine, Elie Henry \u2013 \u00c9quipe de Presse de la DIA 21 juillet 2023&#8230;<\/p>\n","protected":false},"author":3,"featured_media":101118,"comment_status":"closed","ping_status":"closed","sticky":false,"template":"","format":"standard","meta":{"_acf_changed":false,"footnotes":""},"categories":[20,19],"tags":[],"class_list":["post-101132","post","type-post","status-publish","format-standard","has-post-thumbnail","hentry","category-nouvelles-du-siege-de-la-division","category-rss-francais"],"acf":[],"yoast_head":"<!-- This site is optimized with the Yoast SEO plugin v27.3 - https:\/\/yoast.com\/product\/yoast-seo-wordpress\/ -->\n<title>Prosp\u00e9rer dans la Foi - \u00c9glise Adventiste Du Septieme Jour - Inter Am\u00e9rique Division<\/title>\n<meta name=\"robots\" content=\"index, follow, max-snippet:-1, max-image-preview:large, max-video-preview:-1\" \/>\n<link rel=\"canonical\" href=\"https:\/\/interamerica.org\/fr\/2023\/07\/prosperer-dans-la-foi\/\" \/>\n<meta property=\"og:locale\" content=\"fr_FR\" \/>\n<meta property=\"og:type\" content=\"article\" \/>\n<meta property=\"og:title\" content=\"Prosp\u00e9rer dans la Foi - \u00c9glise Adventiste Du Septieme Jour - Inter Am\u00e9rique Division\" \/>\n<meta property=\"og:description\" content=\"Ci-dessous, un message adress\u00e9 \u00e0 l\u2019\u00c9glise adventiste du septi\u00e8me jour par le pr\u00e9sident de la Division Inter Am\u00e9ricaine, Elie Henry \u2013 \u00c9quipe de Presse de la DIA 21 juillet 2023...\" \/>\n<meta property=\"og:url\" content=\"https:\/\/interamerica.org\/fr\/2023\/07\/prosperer-dans-la-foi\/\" \/>\n<meta property=\"og:site_name\" content=\"\u00c9glise Adventiste Du Septieme Jour - Inter Am\u00e9rique Division\" \/>\n<meta property=\"article:published_time\" content=\"2023-07-21T15:06:59+00:00\" \/>\n<meta property=\"article:modified_time\" content=\"2023-07-21T18:47:48+00:00\" \/>\n<meta property=\"og:image\" content=\"https:\/\/interamerica.org\/wp-content\/uploads\/2023\/07\/eh-23-29-thumb-fr.png\" \/>\n\t<meta property=\"og:image:width\" content=\"1250\" \/>\n\t<meta property=\"og:image:height\" content=\"710\" \/>\n\t<meta property=\"og:image:type\" content=\"image\/png\" \/>\n<meta name=\"author\" content=\"libna\" \/>\n<meta name=\"twitter:card\" content=\"summary_large_image\" \/>\n<meta name=\"twitter:label1\" content=\"\u00c9crit par\" \/>\n\t<meta name=\"twitter:data1\" content=\"libna\" \/>\n\t<meta name=\"twitter:label2\" content=\"Dur\u00e9e de lecture estim\u00e9e\" \/>\n\t<meta name=\"twitter:data2\" content=\"2 minutes\" \/>\n<script type=\"application\/ld+json\" class=\"yoast-schema-graph\">{\"@context\":\"https:\\\/\\\/schema.org\",\"@graph\":[{\"@type\":\"Article\",\"@id\":\"https:\\\/\\\/interamerica.org\\\/fr\\\/2023\\\/07\\\/prosperer-dans-la-foi\\\/#article\",\"isPartOf\":{\"@id\":\"https:\\\/\\\/interamerica.org\\\/fr\\\/2023\\\/07\\\/prosperer-dans-la-foi\\\/\"},\"author\":{\"name\":\"libna\",\"@id\":\"https:\\\/\\\/interamerica.org\\\/fr\\\/#\\\/schema\\\/person\\\/29998f2bc2d8bd0d38662909289b54f1\"},\"headline\":\"Prosp\u00e9rer dans la Foi\",\"datePublished\":\"2023-07-21T15:06:59+00:00\",\"dateModified\":\"2023-07-21T18:47:48+00:00\",\"mainEntityOfPage\":{\"@id\":\"https:\\\/\\\/interamerica.org\\\/fr\\\/2023\\\/07\\\/prosperer-dans-la-foi\\\/\"},\"wordCount\":427,\"image\":{\"@id\":\"https:\\\/\\\/interamerica.org\\\/fr\\\/2023\\\/07\\\/prosperer-dans-la-foi\\\/#primaryimage\"},\"thumbnailUrl\":\"https:\\\/\\\/interamerica.org\\\/wp-content\\\/uploads\\\/2023\\\/07\\\/eh-23-29-thumb-fr.png\",\"articleSection\":[\"Nouvelles du si\u00e8ge de la division\",\"RSS Fran\u00e7ais\"],\"inLanguage\":\"fr-FR\"},{\"@type\":\"WebPage\",\"@id\":\"https:\\\/\\\/interamerica.org\\\/fr\\\/2023\\\/07\\\/prosperer-dans-la-foi\\\/\",\"url\":\"https:\\\/\\\/interamerica.org\\\/fr\\\/2023\\\/07\\\/prosperer-dans-la-foi\\\/\",\"name\":\"Prosp\u00e9rer dans la Foi - \u00c9glise Adventiste Du Septieme Jour - Inter Am\u00e9rique Division\",\"isPartOf\":{\"@id\":\"https:\\\/\\\/interamerica.org\\\/fr\\\/#website\"},\"primaryImageOfPage\":{\"@id\":\"https:\\\/\\\/interamerica.org\\\/fr\\\/2023\\\/07\\\/prosperer-dans-la-foi\\\/#primaryimage\"},\"image\":{\"@id\":\"https:\\\/\\\/interamerica.org\\\/fr\\\/2023\\\/07\\\/prosperer-dans-la-foi\\\/#primaryimage\"},\"thumbnailUrl\":\"https:\\\/\\\/interamerica.org\\\/wp-content\\\/uploads\\\/2023\\\/07\\\/eh-23-29-thumb-fr.png\",\"datePublished\":\"2023-07-21T15:06:59+00:00\",\"dateModified\":\"2023-07-21T18:47:48+00:00\",\"author\":{\"@id\":\"https:\\\/\\\/interamerica.org\\\/fr\\\/#\\\/schema\\\/person\\\/29998f2bc2d8bd0d38662909289b54f1\"},\"breadcrumb\":{\"@id\":\"https:\\\/\\\/interamerica.org\\\/fr\\\/2023\\\/07\\\/prosperer-dans-la-foi\\\/#breadcrumb\"},\"inLanguage\":\"fr-FR\",\"potentialAction\":[{\"@type\":\"ReadAction\",\"target\":[\"https:\\\/\\\/interamerica.org\\\/fr\\\/2023\\\/07\\\/prosperer-dans-la-foi\\\/\"]}]},{\"@type\":\"ImageObject\",\"inLanguage\":\"fr-FR\",\"@id\":\"https:\\\/\\\/interamerica.org\\\/fr\\\/2023\\\/07\\\/prosperer-dans-la-foi\\\/#primaryimage\",\"url\":\"https:\\\/\\\/interamerica.org\\\/wp-content\\\/uploads\\\/2023\\\/07\\\/eh-23-29-thumb-fr.png\",\"contentUrl\":\"https:\\\/\\\/interamerica.org\\\/wp-content\\\/uploads\\\/2023\\\/07\\\/eh-23-29-thumb-fr.png\",\"width\":1250,\"height\":710},{\"@type\":\"BreadcrumbList\",\"@id\":\"https:\\\/\\\/interamerica.org\\\/fr\\\/2023\\\/07\\\/prosperer-dans-la-foi\\\/#breadcrumb\",\"itemListElement\":[{\"@type\":\"ListItem\",\"position\":1,\"name\":\"Home\",\"item\":\"https:\\\/\\\/interamerica.org\\\/fr\\\/\"},{\"@type\":\"ListItem\",\"position\":2,\"name\":\"Prosp\u00e9rer dans la Foi\"}]},{\"@type\":\"WebSite\",\"@id\":\"https:\\\/\\\/interamerica.org\\\/fr\\\/#website\",\"url\":\"https:\\\/\\\/interamerica.org\\\/fr\\\/\",\"name\":\"\u00c9glise Adventiste Du Septieme Jour - Inter Am\u00e9rique Division\",\"description\":\"\",\"potentialAction\":[{\"@type\":\"SearchAction\",\"target\":{\"@type\":\"EntryPoint\",\"urlTemplate\":\"https:\\\/\\\/interamerica.org\\\/fr\\\/?s={search_term_string}\"},\"query-input\":{\"@type\":\"PropertyValueSpecification\",\"valueRequired\":true,\"valueName\":\"search_term_string\"}}],\"inLanguage\":\"fr-FR\"},{\"@type\":\"Person\",\"@id\":\"https:\\\/\\\/interamerica.org\\\/fr\\\/#\\\/schema\\\/person\\\/29998f2bc2d8bd0d38662909289b54f1\",\"name\":\"libna\",\"image\":{\"@type\":\"ImageObject\",\"inLanguage\":\"fr-FR\",\"@id\":\"https:\\\/\\\/secure.gravatar.com\\\/avatar\\\/7c5bd30ae4b47a9ba3c856590957fd1d96dc588bf3ac05719d247e126840331f?s=96&d=mm&r=g\",\"url\":\"https:\\\/\\\/secure.gravatar.com\\\/avatar\\\/7c5bd30ae4b47a9ba3c856590957fd1d96dc588bf3ac05719d247e126840331f?s=96&d=mm&r=g\",\"contentUrl\":\"https:\\\/\\\/secure.gravatar.com\\\/avatar\\\/7c5bd30ae4b47a9ba3c856590957fd1d96dc588bf3ac05719d247e126840331f?s=96&d=mm&r=g\",\"caption\":\"libna\"}}]}<\/script>\n<!-- \/ Yoast SEO plugin. -->","yoast_head_json":{"title":"Prosp\u00e9rer dans la Foi - \u00c9glise Adventiste Du Septieme Jour - Inter Am\u00e9rique Division","robots":{"index":"index","follow":"follow","max-snippet":"max-snippet:-1","max-image-preview":"max-image-preview:large","max-video-preview":"max-video-preview:-1"},"canonical":"https:\/\/interamerica.org\/fr\/2023\/07\/prosperer-dans-la-foi\/","og_locale":"fr_FR","og_type":"article","og_title":"Prosp\u00e9rer dans la Foi - \u00c9glise Adventiste Du Septieme Jour - Inter Am\u00e9rique Division","og_description":"Ci-dessous, un message adress\u00e9 \u00e0 l\u2019\u00c9glise adventiste du septi\u00e8me jour par le pr\u00e9sident de la Division Inter Am\u00e9ricaine, Elie Henry \u2013 \u00c9quipe de Presse de la DIA 21 juillet 2023...","og_url":"https:\/\/interamerica.org\/fr\/2023\/07\/prosperer-dans-la-foi\/","og_site_name":"\u00c9glise Adventiste Du Septieme Jour - Inter Am\u00e9rique Division","article_published_time":"2023-07-21T15:06:59+00:00","article_modified_time":"2023-07-21T18:47:48+00:00","og_image":[{"width":1250,"height":710,"url":"https:\/\/interamerica.org\/wp-content\/uploads\/2023\/07\/eh-23-29-thumb-fr.png","type":"image\/png"}],"author":"libna","twitter_card":"summary_large_image","twitter_misc":{"\u00c9crit par":"libna","Dur\u00e9e de lecture estim\u00e9e":"2 minutes"},"schema":{"@context":"https:\/\/schema.org","@graph":[{"@type":"Article","@id":"https:\/\/interamerica.org\/fr\/2023\/07\/prosperer-dans-la-foi\/#article","isPartOf":{"@id":"https:\/\/interamerica.org\/fr\/2023\/07\/prosperer-dans-la-foi\/"},"author":{"name":"libna","@id":"https:\/\/interamerica.org\/fr\/#\/schema\/person\/29998f2bc2d8bd0d38662909289b54f1"},"headline":"Prosp\u00e9rer dans la Foi","datePublished":"2023-07-21T15:06:59+00:00","dateModified":"2023-07-21T18:47:48+00:00","mainEntityOfPage":{"@id":"https:\/\/interamerica.org\/fr\/2023\/07\/prosperer-dans-la-foi\/"},"wordCount":427,"image":{"@id":"https:\/\/interamerica.org\/fr\/2023\/07\/prosperer-dans-la-foi\/#primaryimage"},"thumbnailUrl":"https:\/\/interamerica.org\/wp-content\/uploads\/2023\/07\/eh-23-29-thumb-fr.png","articleSection":["Nouvelles du si\u00e8ge de la division","RSS Fran\u00e7ais"],"inLanguage":"fr-FR"},{"@type":"WebPage","@id":"https:\/\/interamerica.org\/fr\/2023\/07\/prosperer-dans-la-foi\/","url":"https:\/\/interamerica.org\/fr\/2023\/07\/prosperer-dans-la-foi\/","name":"Prosp\u00e9rer dans la Foi - \u00c9glise Adventiste Du Septieme Jour - Inter Am\u00e9rique Division","isPartOf":{"@id":"https:\/\/interamerica.org\/fr\/#website"},"primaryImageOfPage":{"@id":"https:\/\/interamerica.org\/fr\/2023\/07\/prosperer-dans-la-foi\/#primaryimage"},"image":{"@id":"https:\/\/interamerica.org\/fr\/2023\/07\/prosperer-dans-la-foi\/#primaryimage"},"thumbnailUrl":"https:\/\/interamerica.org\/wp-content\/uploads\/2023\/07\/eh-23-29-thumb-fr.png","datePublished":"2023-07-21T15:06:59+00:00","dateModified":"2023-07-21T18:47:48+00:00","author":{"@id":"https:\/\/interamerica.org\/fr\/#\/schema\/person\/29998f2bc2d8bd0d38662909289b54f1"},"breadcrumb":{"@id":"https:\/\/interamerica.org\/fr\/2023\/07\/prosperer-dans-la-foi\/#breadcrumb"},"inLanguage":"fr-FR","potentialAction":[{"@type":"ReadAction","target":["https:\/\/interamerica.org\/fr\/2023\/07\/prosperer-dans-la-foi\/"]}]},{"@type":"ImageObject","inLanguage":"fr-FR","@id":"https:\/\/interamerica.org\/fr\/2023\/07\/prosperer-dans-la-foi\/#primaryimage","url":"https:\/\/interamerica.org\/wp-content\/uploads\/2023\/07\/eh-23-29-thumb-fr.png","contentUrl":"https:\/\/interamerica.org\/wp-content\/uploads\/2023\/07\/eh-23-29-thumb-fr.png","width":1250,"height":710},{"@type":"BreadcrumbList","@id":"https:\/\/interamerica.org\/fr\/2023\/07\/prosperer-dans-la-foi\/#breadcrumb","itemListElement":[{"@type":"ListItem","position":1,"name":"Home","item":"https:\/\/interamerica.org\/fr\/"},{"@type":"ListItem","position":2,"name":"Prosp\u00e9rer dans la Foi"}]},{"@type":"WebSite","@id":"https:\/\/interamerica.org\/fr\/#website","url":"https:\/\/interamerica.org\/fr\/","name":"\u00c9glise Adventiste Du Septieme Jour - Inter Am\u00e9rique Division","description":"","potentialAction":[{"@type":"SearchAction","target":{"@type":"EntryPoint","urlTemplate":"https:\/\/interamerica.org\/fr\/?s={search_term_string}"},"query-input":{"@type":"PropertyValueSpecification","valueRequired":true,"valueName":"search_term_string"}}],"inLanguage":"fr-FR"},{"@type":"Person","@id":"https:\/\/interamerica.org\/fr\/#\/schema\/person\/29998f2bc2d8bd0d38662909289b54f1","name":"libna","image":{"@type":"ImageObject","inLanguage":"fr-FR","@id":"https:\/\/secure.gravatar.com\/avatar\/7c5bd30ae4b47a9ba3c856590957fd1d96dc588bf3ac05719d247e126840331f?s=96&d=mm&r=g","url":"https:\/\/secure.gravatar.com\/avatar\/7c5bd30ae4b47a9ba3c856590957fd1d96dc588bf3ac05719d247e126840331f?s=96&d=mm&r=g","contentUrl":"https:\/\/secure.gravatar.com\/avatar\/7c5bd30ae4b47a9ba3c856590957fd1d96dc588bf3ac05719d247e126840331f?s=96&d=mm&r=g","caption":"libna"}}]}},"_links":{"self":[{"href":"https:\/\/interamerica.org\/fr\/wp-json\/wp\/v2\/posts\/101132","targetHints":{"allow":["GET"]}}],"collection":[{"href":"https:\/\/interamerica.org\/fr\/wp-json\/wp\/v2\/posts"}],"about":[{"href":"https:\/\/interamerica.org\/fr\/wp-json\/wp\/v2\/types\/post"}],"author":[{"embeddable":true,"href":"https:\/\/interamerica.org\/fr\/wp-json\/wp\/v2\/users\/3"}],"replies":[{"embeddable":true,"href":"https:\/\/interamerica.org\/fr\/wp-json\/wp\/v2\/comments?post=101132"}],"version-history":[{"count":0,"href":"https:\/\/interamerica.org\/fr\/wp-json\/wp\/v2\/posts\/101132\/revisions"}],"wp:featuredmedia":[{"embeddable":true,"href":"https:\/\/interamerica.org\/fr\/wp-json\/wp\/v2\/media\/101118"}],"wp:attachment":[{"href":"https:\/\/interamerica.org\/fr\/wp-json\/wp\/v2\/media?parent=101132"}],"wp:term":[{"taxonomy":"category","embeddable":true,"href":"https:\/\/interamerica.org\/fr\/wp-json\/wp\/v2\/categories?post=101132"},{"taxonomy":"post_tag","embeddable":true,"href":"https:\/\/interamerica.org\/fr\/wp-json\/wp\/v2\/tags?post=101132"}],"curies":[{"name":"wp","href":"https:\/\/api.w.org\/{rel}","templated":true}]}}