{"id":101280,"date":"2023-07-26T17:31:40","date_gmt":"2023-07-26T21:31:40","guid":{"rendered":"https:\/\/interamerica.org\/?p=101280"},"modified":"2023-07-28T16:57:29","modified_gmt":"2023-07-28T20:57:29","slug":"des-familles-construisent-et-peignent-des-eglises-en-republique-dominicaine","status":"publish","type":"post","link":"https:\/\/interamerica.org\/fr\/2023\/07\/des-familles-construisent-et-peignent-des-eglises-en-republique-dominicaine\/","title":{"rendered":"Des familles construisent et peignent des \u00e9glises en R\u00e9publique dominicaine"},"content":{"rendered":"<h4><b>Un projet de Maranatha Volunteers International \u00e9nergise 92 b\u00e9n\u00e9voles missionnaires.<\/b><\/h4>\n<h4><span style=\"font-weight: 400;\">Le 27 juillet 2023 | Maranatha Volunteers International et <\/span><i><span style=\"font-weight: 400;\">Adventist Review<\/span><\/i><\/h4>\n<p><span style=\"font-weight: 400;\">Chaque ann\u00e9e, Maranatha Volunteers International organise au moins deux projets pour permettre aux familles de toutes sortes de contribuer, g\u00e9n\u00e9ralement durant l\u2019\u00e9t\u00e9 et lors des vacances de No\u00ebl. Et l\u2019un de ces voyages missionnaires vient tout juste de se terminer en R\u00e9publique dominicaine, o\u00f9 92 b\u00e9n\u00e9voles ont servi pr\u00e8s de la capitale dominicaine de Saint-Domingue. Chaque jour, deux groupes effectuaient des travaux de construction sur l\u2019un des deux sites en d\u00e9veloppement, et ce, dans la chaleur et l\u2019humidit\u00e9 extr\u00eames, posant les briques des murs de l\u2019\u00e9glise adventiste du septi\u00e8me jour La Caleta\u00a04 et installant les dalles de fondation de l\u2019\u00e9glise d\u2019Hacienda Estrella<\/span><\/p>\n<p><span style=\"font-weight: 400;\">Une troisi\u00e8me \u00e9quipe appliquait une fra\u00eeche couche de peinture sur les murs de l\u2019\u00e9glise La Caleta\u00a02 pendant qu\u2019un autre groupe de b\u00e9n\u00e9voles offrait des soins m\u00e9dicaux \u00e0 la communaut\u00e9, voyant quelque 200\u00a0patients par jour. D\u2019autres b\u00e9n\u00e9voles encore ont men\u00e9 des programmes de camp d\u2019\u00e9t\u00e9 biblique pour les enfants de la communaut\u00e9 et des ateliers sur la sant\u00e9 dans divers quartiers.<\/span><\/p>\n<p><div id=\"attachment_101205\" style=\"width: 826px\" class=\"wp-caption aligncenter\"><img fetchpriority=\"high\" decoding=\"async\" aria-describedby=\"caption-attachment-101205\" class=\" wp-image-101204\" src=\"https:\/\/interamerica.org\/wp-content\/uploads\/2023\/07\/family-project-dr-2023-1.jpeg\" alt=\"\" width=\"816\" height=\"450\" srcset=\"https:\/\/interamerica.org\/wp-content\/uploads\/2023\/07\/family-project-dr-2023-1.jpeg 725w, https:\/\/interamerica.org\/wp-content\/uploads\/2023\/07\/family-project-dr-2023-1-300x166.jpeg 300w\" sizes=\"(max-width: 816px) 100vw, 816px\" \/><p id=\"caption-attachment-101205\" class=\"wp-caption-text\"><span style=\"font-weight: 400;\">Des b\u00e9n\u00e9voles ont pos\u00e9 des briques pour une nouvelle congr\u00e9gation adventiste du septi\u00e8me jour en R\u00e9publique dominicaine. [Une photo de Maranatha Volunteers International]<\/span><\/p><\/div><span style=\"font-weight: 400;\">Le camp de jour unique auquel participent les enfants des b\u00e9n\u00e9voles fait partie des aspects particuliers des projets familiaux de Maranatha. Il leur donne la chance de vivre une exp\u00e9rience de construction, d\u2019immersion culturelle et d\u2019activit\u00e9s d\u2019\u00e9vang\u00e9lisation tout au long du voyage missionnaire. Lors de ce projet, ce sont dix enfants de b\u00e9n\u00e9voles qui ont b\u00e9n\u00e9fici\u00e9 de ce camp de jour, travaillant dur pour poser des briques, peindre et aider dans la cuisine. Ils ont aussi particip\u00e9 \u00e0 l\u2019\u00e9vang\u00e9lisation communautaire en allant faire des courses et en distribuant de la nourriture aux gens dans le besoin, en divertissant les enfants du quartier qui attendaient \u00e0 la clinique m\u00e9dicale mobile avec leurs parents et en aidant les dirigeants du camp d\u2019\u00e9t\u00e9 biblique. Les enfants ont aussi d\u00e9couvert la culture locale de l\u2019int\u00e9rieur et se sont amus\u00e9s en visitant une usine de chocolat, une grotte contenant trois lacs ainsi qu\u2019un zoo, un parc aquatique et un parc sur la plage.<\/span><\/p>\n<p><span style=\"font-weight: 400;\">\u00ab\u00a0Il \u00e9tait tr\u00e8s satisfaisant de regarder les enfants faire ces choses pour d\u2019autres personnes, sans se plaindre de la chaleur, a dit Chris Duckett, coordonnateur du camp de jour. On pouvait voir qu\u2019ils n\u2019avaient pas peur de se faire des amis, de sortir de leur zone de confort et de s\u2019efforcer \u00e0 parler espagnol.<\/span><\/p>\n<p><div id=\"attachment_101208\" style=\"width: 853px\" class=\"wp-caption aligncenter\"><img decoding=\"async\" aria-describedby=\"caption-attachment-101208\" class=\" wp-image-101207\" src=\"https:\/\/interamerica.org\/wp-content\/uploads\/2023\/07\/family-project-dr-2023-2.jpeg\" alt=\"\" width=\"843\" height=\"465\" srcset=\"https:\/\/interamerica.org\/wp-content\/uploads\/2023\/07\/family-project-dr-2023-2.jpeg 725w, https:\/\/interamerica.org\/wp-content\/uploads\/2023\/07\/family-project-dr-2023-2-300x166.jpeg 300w\" sizes=\"(max-width: 843px) 100vw, 843px\" \/><p id=\"caption-attachment-101208\" class=\"wp-caption-text\"><span style=\"font-weight: 400;\">Des b\u00e9n\u00e9voles ont am\u00e9nag\u00e9 une clinique m\u00e9dicale. [Une photo de Maranatha Volunteers International]<\/span><\/p><\/div><b>\u00c0 propos de Maranatha Volunteers International<\/b><\/p>\n<p><span style=\"font-weight: 400;\">Maranatha Volunteers International est un organisme chr\u00e9tien sans but lucratif et un minist\u00e8re de soutien de l\u2019\u00c9glise adventiste du septi\u00e8me jour. Il mobilise des b\u00e9n\u00e9voles pour construire, dans le monde entier, des \u00e9glises, des \u00e9coles, des puits et d\u2019autres structures dont les communaut\u00e9s ont urgemment besoin. L\u2019organisation r\u00e9pond \u00e0 des demandes d\u2019aide \u00e0 la construction, chaque projet \u00e9tant attentivement \u00e9valu\u00e9 selon ses besoins, son impact g\u00e9n\u00e9ral sur la communaut\u00e9 et les ressources disponibles pour l\u2019entretien et le soutien subs\u00e9quents.<\/span><\/p>\n<p><span style=\"font-weight: 400;\">Depuis 1969, Maranatha a construit plus de 11\u00a0000\u00a0structures et 1\u00a0500\u00a0puits dans pr\u00e8s de 90\u00a0pays du monde.<\/span><\/p>\n<p><div id=\"attachment_101210\" style=\"width: 856px\" class=\"wp-caption aligncenter\"><img decoding=\"async\" aria-describedby=\"caption-attachment-101210\" class=\"wp-image-101210\" src=\"https:\/\/interamerica.org\/wp-content\/uploads\/2023\/07\/family-project-dr-2023-3.jpeg\" alt=\"\" width=\"846\" height=\"467\" srcset=\"https:\/\/interamerica.org\/wp-content\/uploads\/2023\/07\/family-project-dr-2023-3.jpeg 725w, https:\/\/interamerica.org\/wp-content\/uploads\/2023\/07\/family-project-dr-2023-3-300x166.jpeg 300w\" sizes=\"(max-width: 846px) 100vw, 846px\" \/><p id=\"caption-attachment-101210\" class=\"wp-caption-text\">Un groupe de b\u00e9n\u00e9voles a offert un programme de camp d\u2019\u00e9t\u00e9 biblique pour les enfants de la communaut\u00e9 locale. [Une photo de Maranatha Volunteers International]<\/p><\/div><b>Maranatha en R\u00e9publique dominicaine<\/b><\/p>\n<p><span style=\"font-weight: 400;\">En 2022, Maranatha a commenc\u00e9 \u00e0 travailler en R\u00e9publique dominicaine afin de construire des b\u00e2timents d\u2019\u00e9glise adventiste du septi\u00e8me jour, car le besoin \u00e9tait urgent dans ce pays des Cara\u00efbes. C\u2019\u00e9tait la cinqui\u00e8me fois que Maranatha allait travailler dans ce pays. En 1980, apr\u00e8s le passage du destructeur ouragan David, le minist\u00e8re y avait construit 160\u00a0maisons. En 1992, la R\u00e9publique dominicaine \u00e9tait le site d\u2019un moment d\u00e9cisif de croissance pour Maranatha, quand l\u2019organisme avait coordonn\u00e9 la construction de 25\u00a0b\u00e2timents d\u2019\u00e9glise sur une p\u00e9riode de trois mois. Cette initiative ayant \u00e9t\u00e9 surnomm\u00e9e \u00ab\u00a0Santo Domingo \u201892\u00a0\u00bb, c\u2019\u00e9tait la premi\u00e8re fois que Maranatha concentrait en un lieu plusieurs projets b\u00e9n\u00e9voles. Les autres efforts de construction ont eu lieu en 2003 et en 2013.<\/span><\/p>\n<p><span style=\"font-weight: 400;\">La <\/span><a href=\"https:\/\/maranatha.org\/news-events\/family-project-serves-in-the-dominican-republic\/\"><span style=\"font-weight: 400;\">version originale<\/span><\/a><span style=\"font-weight: 400;\"> de cet article a \u00e9t\u00e9 publi\u00e9e par <\/span><a href=\"https:\/\/maranatha.org\/\"><span style=\"font-weight: 400;\">Maranatha Volunteers International<\/span><\/a><span style=\"font-weight: 400;\">.<\/span><\/p>\n<p><span style=\"font-weight: 400;\">Traduction\u00a0: Marie-Mich\u00e8le Robitaille<\/span><\/p>\n","protected":false},"excerpt":{"rendered":"<p>Un projet de Maranatha Volunteers International \u00e9nergise 92 b\u00e9n\u00e9voles missionnaires. Le 27 juillet 2023 | Maranatha Volunteers International et Adventist Review Chaque ann\u00e9e, Maranatha Volunteers International organise au moins deux&#8230;<\/p>\n","protected":false},"author":3,"featured_media":101196,"comment_status":"closed","ping_status":"closed","sticky":false,"template":"","format":"standard","meta":{"_acf_changed":false,"footnotes":""},"categories":[18,19],"tags":[],"class_list":["post-101280","post","type-post","status-publish","format-standard","has-post-thumbnail","hentry","category-nouvelles-de-leglise-mondiale","category-rss-francais"],"acf":[],"yoast_head":"<!-- This site is optimized with the Yoast SEO plugin v27.3 - https:\/\/yoast.com\/product\/yoast-seo-wordpress\/ -->\n<title>Des familles construisent et peignent des \u00e9glises en R\u00e9publique dominicaine - \u00c9glise Adventiste Du Septieme Jour - Inter Am\u00e9rique Division<\/title>\n<meta name=\"robots\" content=\"index, follow, max-snippet:-1, max-image-preview:large, max-video-preview:-1\" \/>\n<link rel=\"canonical\" href=\"https:\/\/interamerica.org\/fr\/2023\/07\/des-familles-construisent-et-peignent-des-eglises-en-republique-dominicaine\/\" \/>\n<meta property=\"og:locale\" content=\"fr_FR\" \/>\n<meta property=\"og:type\" content=\"article\" \/>\n<meta property=\"og:title\" content=\"Des familles construisent et peignent des \u00e9glises en R\u00e9publique dominicaine - \u00c9glise Adventiste Du Septieme Jour - Inter Am\u00e9rique Division\" \/>\n<meta property=\"og:description\" content=\"Un projet de Maranatha Volunteers International \u00e9nergise 92 b\u00e9n\u00e9voles missionnaires. Le 27 juillet 2023 | Maranatha Volunteers International et Adventist Review Chaque ann\u00e9e, Maranatha Volunteers International organise au moins deux...\" \/>\n<meta property=\"og:url\" content=\"https:\/\/interamerica.org\/fr\/2023\/07\/des-familles-construisent-et-peignent-des-eglises-en-republique-dominicaine\/\" \/>\n<meta property=\"og:site_name\" content=\"\u00c9glise Adventiste Du Septieme Jour - Inter Am\u00e9rique Division\" \/>\n<meta property=\"article:published_time\" content=\"2023-07-26T21:31:40+00:00\" \/>\n<meta property=\"article:modified_time\" content=\"2023-07-28T20:57:29+00:00\" \/>\n<meta property=\"og:image\" content=\"https:\/\/interamerica.org\/wp-content\/uploads\/2023\/07\/group-photo-fp-2023-in-the-dr-copy.jpeg\" \/>\n\t<meta property=\"og:image:width\" content=\"725\" \/>\n\t<meta property=\"og:image:height\" content=\"400\" \/>\n\t<meta property=\"og:image:type\" content=\"image\/jpeg\" \/>\n<meta name=\"author\" content=\"libna\" \/>\n<meta name=\"twitter:card\" content=\"summary_large_image\" \/>\n<meta name=\"twitter:label1\" content=\"\u00c9crit par\" \/>\n\t<meta name=\"twitter:data1\" content=\"libna\" \/>\n\t<meta name=\"twitter:label2\" content=\"Dur\u00e9e de lecture estim\u00e9e\" \/>\n\t<meta name=\"twitter:data2\" content=\"4 minutes\" \/>\n<script type=\"application\/ld+json\" class=\"yoast-schema-graph\">{\"@context\":\"https:\\\/\\\/schema.org\",\"@graph\":[{\"@type\":\"Article\",\"@id\":\"https:\\\/\\\/interamerica.org\\\/fr\\\/2023\\\/07\\\/des-familles-construisent-et-peignent-des-eglises-en-republique-dominicaine\\\/#article\",\"isPartOf\":{\"@id\":\"https:\\\/\\\/interamerica.org\\\/fr\\\/2023\\\/07\\\/des-familles-construisent-et-peignent-des-eglises-en-republique-dominicaine\\\/\"},\"author\":{\"name\":\"libna\",\"@id\":\"https:\\\/\\\/interamerica.org\\\/fr\\\/#\\\/schema\\\/person\\\/29998f2bc2d8bd0d38662909289b54f1\"},\"headline\":\"Des familles construisent et peignent des \u00e9glises en R\u00e9publique dominicaine\",\"datePublished\":\"2023-07-26T21:31:40+00:00\",\"dateModified\":\"2023-07-28T20:57:29+00:00\",\"mainEntityOfPage\":{\"@id\":\"https:\\\/\\\/interamerica.org\\\/fr\\\/2023\\\/07\\\/des-familles-construisent-et-peignent-des-eglises-en-republique-dominicaine\\\/\"},\"wordCount\":818,\"image\":{\"@id\":\"https:\\\/\\\/interamerica.org\\\/fr\\\/2023\\\/07\\\/des-familles-construisent-et-peignent-des-eglises-en-republique-dominicaine\\\/#primaryimage\"},\"thumbnailUrl\":\"https:\\\/\\\/interamerica.org\\\/wp-content\\\/uploads\\\/2023\\\/07\\\/group-photo-fp-2023-in-the-dr-copy.jpeg\",\"articleSection\":[\"Nouvelles de l'\u00c9glise mondiale\",\"RSS Fran\u00e7ais\"],\"inLanguage\":\"fr-FR\"},{\"@type\":\"WebPage\",\"@id\":\"https:\\\/\\\/interamerica.org\\\/fr\\\/2023\\\/07\\\/des-familles-construisent-et-peignent-des-eglises-en-republique-dominicaine\\\/\",\"url\":\"https:\\\/\\\/interamerica.org\\\/fr\\\/2023\\\/07\\\/des-familles-construisent-et-peignent-des-eglises-en-republique-dominicaine\\\/\",\"name\":\"Des familles construisent et peignent des \u00e9glises en R\u00e9publique dominicaine - \u00c9glise Adventiste Du Septieme Jour - Inter Am\u00e9rique Division\",\"isPartOf\":{\"@id\":\"https:\\\/\\\/interamerica.org\\\/fr\\\/#website\"},\"primaryImageOfPage\":{\"@id\":\"https:\\\/\\\/interamerica.org\\\/fr\\\/2023\\\/07\\\/des-familles-construisent-et-peignent-des-eglises-en-republique-dominicaine\\\/#primaryimage\"},\"image\":{\"@id\":\"https:\\\/\\\/interamerica.org\\\/fr\\\/2023\\\/07\\\/des-familles-construisent-et-peignent-des-eglises-en-republique-dominicaine\\\/#primaryimage\"},\"thumbnailUrl\":\"https:\\\/\\\/interamerica.org\\\/wp-content\\\/uploads\\\/2023\\\/07\\\/group-photo-fp-2023-in-the-dr-copy.jpeg\",\"datePublished\":\"2023-07-26T21:31:40+00:00\",\"dateModified\":\"2023-07-28T20:57:29+00:00\",\"author\":{\"@id\":\"https:\\\/\\\/interamerica.org\\\/fr\\\/#\\\/schema\\\/person\\\/29998f2bc2d8bd0d38662909289b54f1\"},\"breadcrumb\":{\"@id\":\"https:\\\/\\\/interamerica.org\\\/fr\\\/2023\\\/07\\\/des-familles-construisent-et-peignent-des-eglises-en-republique-dominicaine\\\/#breadcrumb\"},\"inLanguage\":\"fr-FR\",\"potentialAction\":[{\"@type\":\"ReadAction\",\"target\":[\"https:\\\/\\\/interamerica.org\\\/fr\\\/2023\\\/07\\\/des-familles-construisent-et-peignent-des-eglises-en-republique-dominicaine\\\/\"]}]},{\"@type\":\"ImageObject\",\"inLanguage\":\"fr-FR\",\"@id\":\"https:\\\/\\\/interamerica.org\\\/fr\\\/2023\\\/07\\\/des-familles-construisent-et-peignent-des-eglises-en-republique-dominicaine\\\/#primaryimage\",\"url\":\"https:\\\/\\\/interamerica.org\\\/wp-content\\\/uploads\\\/2023\\\/07\\\/group-photo-fp-2023-in-the-dr-copy.jpeg\",\"contentUrl\":\"https:\\\/\\\/interamerica.org\\\/wp-content\\\/uploads\\\/2023\\\/07\\\/group-photo-fp-2023-in-the-dr-copy.jpeg\",\"width\":725,\"height\":400,\"caption\":\"Group photo of the families who volunteered in the Dominican Republic. [Photo: Maranatha Volunteers International]\"},{\"@type\":\"BreadcrumbList\",\"@id\":\"https:\\\/\\\/interamerica.org\\\/fr\\\/2023\\\/07\\\/des-familles-construisent-et-peignent-des-eglises-en-republique-dominicaine\\\/#breadcrumb\",\"itemListElement\":[{\"@type\":\"ListItem\",\"position\":1,\"name\":\"Home\",\"item\":\"https:\\\/\\\/interamerica.org\\\/fr\\\/\"},{\"@type\":\"ListItem\",\"position\":2,\"name\":\"Des familles construisent et peignent des \u00e9glises en R\u00e9publique dominicaine\"}]},{\"@type\":\"WebSite\",\"@id\":\"https:\\\/\\\/interamerica.org\\\/fr\\\/#website\",\"url\":\"https:\\\/\\\/interamerica.org\\\/fr\\\/\",\"name\":\"\u00c9glise Adventiste Du Septieme Jour - Inter Am\u00e9rique Division\",\"description\":\"\",\"potentialAction\":[{\"@type\":\"SearchAction\",\"target\":{\"@type\":\"EntryPoint\",\"urlTemplate\":\"https:\\\/\\\/interamerica.org\\\/fr\\\/?s={search_term_string}\"},\"query-input\":{\"@type\":\"PropertyValueSpecification\",\"valueRequired\":true,\"valueName\":\"search_term_string\"}}],\"inLanguage\":\"fr-FR\"},{\"@type\":\"Person\",\"@id\":\"https:\\\/\\\/interamerica.org\\\/fr\\\/#\\\/schema\\\/person\\\/29998f2bc2d8bd0d38662909289b54f1\",\"name\":\"libna\",\"image\":{\"@type\":\"ImageObject\",\"inLanguage\":\"fr-FR\",\"@id\":\"https:\\\/\\\/secure.gravatar.com\\\/avatar\\\/7c5bd30ae4b47a9ba3c856590957fd1d96dc588bf3ac05719d247e126840331f?s=96&d=mm&r=g\",\"url\":\"https:\\\/\\\/secure.gravatar.com\\\/avatar\\\/7c5bd30ae4b47a9ba3c856590957fd1d96dc588bf3ac05719d247e126840331f?s=96&d=mm&r=g\",\"contentUrl\":\"https:\\\/\\\/secure.gravatar.com\\\/avatar\\\/7c5bd30ae4b47a9ba3c856590957fd1d96dc588bf3ac05719d247e126840331f?s=96&d=mm&r=g\",\"caption\":\"libna\"}}]}<\/script>\n<!-- \/ Yoast SEO plugin. -->","yoast_head_json":{"title":"Des familles construisent et peignent des \u00e9glises en R\u00e9publique dominicaine - \u00c9glise Adventiste Du Septieme Jour - Inter Am\u00e9rique Division","robots":{"index":"index","follow":"follow","max-snippet":"max-snippet:-1","max-image-preview":"max-image-preview:large","max-video-preview":"max-video-preview:-1"},"canonical":"https:\/\/interamerica.org\/fr\/2023\/07\/des-familles-construisent-et-peignent-des-eglises-en-republique-dominicaine\/","og_locale":"fr_FR","og_type":"article","og_title":"Des familles construisent et peignent des \u00e9glises en R\u00e9publique dominicaine - \u00c9glise Adventiste Du Septieme Jour - Inter Am\u00e9rique Division","og_description":"Un projet de Maranatha Volunteers International \u00e9nergise 92 b\u00e9n\u00e9voles missionnaires. Le 27 juillet 2023 | Maranatha Volunteers International et Adventist Review Chaque ann\u00e9e, Maranatha Volunteers International organise au moins deux...","og_url":"https:\/\/interamerica.org\/fr\/2023\/07\/des-familles-construisent-et-peignent-des-eglises-en-republique-dominicaine\/","og_site_name":"\u00c9glise Adventiste Du Septieme Jour - Inter Am\u00e9rique Division","article_published_time":"2023-07-26T21:31:40+00:00","article_modified_time":"2023-07-28T20:57:29+00:00","og_image":[{"width":725,"height":400,"url":"https:\/\/interamerica.org\/wp-content\/uploads\/2023\/07\/group-photo-fp-2023-in-the-dr-copy.jpeg","type":"image\/jpeg"}],"author":"libna","twitter_card":"summary_large_image","twitter_misc":{"\u00c9crit par":"libna","Dur\u00e9e de lecture estim\u00e9e":"4 minutes"},"schema":{"@context":"https:\/\/schema.org","@graph":[{"@type":"Article","@id":"https:\/\/interamerica.org\/fr\/2023\/07\/des-familles-construisent-et-peignent-des-eglises-en-republique-dominicaine\/#article","isPartOf":{"@id":"https:\/\/interamerica.org\/fr\/2023\/07\/des-familles-construisent-et-peignent-des-eglises-en-republique-dominicaine\/"},"author":{"name":"libna","@id":"https:\/\/interamerica.org\/fr\/#\/schema\/person\/29998f2bc2d8bd0d38662909289b54f1"},"headline":"Des familles construisent et peignent des \u00e9glises en R\u00e9publique dominicaine","datePublished":"2023-07-26T21:31:40+00:00","dateModified":"2023-07-28T20:57:29+00:00","mainEntityOfPage":{"@id":"https:\/\/interamerica.org\/fr\/2023\/07\/des-familles-construisent-et-peignent-des-eglises-en-republique-dominicaine\/"},"wordCount":818,"image":{"@id":"https:\/\/interamerica.org\/fr\/2023\/07\/des-familles-construisent-et-peignent-des-eglises-en-republique-dominicaine\/#primaryimage"},"thumbnailUrl":"https:\/\/interamerica.org\/wp-content\/uploads\/2023\/07\/group-photo-fp-2023-in-the-dr-copy.jpeg","articleSection":["Nouvelles de l'\u00c9glise mondiale","RSS Fran\u00e7ais"],"inLanguage":"fr-FR"},{"@type":"WebPage","@id":"https:\/\/interamerica.org\/fr\/2023\/07\/des-familles-construisent-et-peignent-des-eglises-en-republique-dominicaine\/","url":"https:\/\/interamerica.org\/fr\/2023\/07\/des-familles-construisent-et-peignent-des-eglises-en-republique-dominicaine\/","name":"Des familles construisent et peignent des \u00e9glises en R\u00e9publique dominicaine - \u00c9glise Adventiste Du Septieme Jour - Inter Am\u00e9rique Division","isPartOf":{"@id":"https:\/\/interamerica.org\/fr\/#website"},"primaryImageOfPage":{"@id":"https:\/\/interamerica.org\/fr\/2023\/07\/des-familles-construisent-et-peignent-des-eglises-en-republique-dominicaine\/#primaryimage"},"image":{"@id":"https:\/\/interamerica.org\/fr\/2023\/07\/des-familles-construisent-et-peignent-des-eglises-en-republique-dominicaine\/#primaryimage"},"thumbnailUrl":"https:\/\/interamerica.org\/wp-content\/uploads\/2023\/07\/group-photo-fp-2023-in-the-dr-copy.jpeg","datePublished":"2023-07-26T21:31:40+00:00","dateModified":"2023-07-28T20:57:29+00:00","author":{"@id":"https:\/\/interamerica.org\/fr\/#\/schema\/person\/29998f2bc2d8bd0d38662909289b54f1"},"breadcrumb":{"@id":"https:\/\/interamerica.org\/fr\/2023\/07\/des-familles-construisent-et-peignent-des-eglises-en-republique-dominicaine\/#breadcrumb"},"inLanguage":"fr-FR","potentialAction":[{"@type":"ReadAction","target":["https:\/\/interamerica.org\/fr\/2023\/07\/des-familles-construisent-et-peignent-des-eglises-en-republique-dominicaine\/"]}]},{"@type":"ImageObject","inLanguage":"fr-FR","@id":"https:\/\/interamerica.org\/fr\/2023\/07\/des-familles-construisent-et-peignent-des-eglises-en-republique-dominicaine\/#primaryimage","url":"https:\/\/interamerica.org\/wp-content\/uploads\/2023\/07\/group-photo-fp-2023-in-the-dr-copy.jpeg","contentUrl":"https:\/\/interamerica.org\/wp-content\/uploads\/2023\/07\/group-photo-fp-2023-in-the-dr-copy.jpeg","width":725,"height":400,"caption":"Group photo of the families who volunteered in the Dominican Republic. [Photo: Maranatha Volunteers International]"},{"@type":"BreadcrumbList","@id":"https:\/\/interamerica.org\/fr\/2023\/07\/des-familles-construisent-et-peignent-des-eglises-en-republique-dominicaine\/#breadcrumb","itemListElement":[{"@type":"ListItem","position":1,"name":"Home","item":"https:\/\/interamerica.org\/fr\/"},{"@type":"ListItem","position":2,"name":"Des familles construisent et peignent des \u00e9glises en R\u00e9publique dominicaine"}]},{"@type":"WebSite","@id":"https:\/\/interamerica.org\/fr\/#website","url":"https:\/\/interamerica.org\/fr\/","name":"\u00c9glise Adventiste Du Septieme Jour - Inter Am\u00e9rique Division","description":"","potentialAction":[{"@type":"SearchAction","target":{"@type":"EntryPoint","urlTemplate":"https:\/\/interamerica.org\/fr\/?s={search_term_string}"},"query-input":{"@type":"PropertyValueSpecification","valueRequired":true,"valueName":"search_term_string"}}],"inLanguage":"fr-FR"},{"@type":"Person","@id":"https:\/\/interamerica.org\/fr\/#\/schema\/person\/29998f2bc2d8bd0d38662909289b54f1","name":"libna","image":{"@type":"ImageObject","inLanguage":"fr-FR","@id":"https:\/\/secure.gravatar.com\/avatar\/7c5bd30ae4b47a9ba3c856590957fd1d96dc588bf3ac05719d247e126840331f?s=96&d=mm&r=g","url":"https:\/\/secure.gravatar.com\/avatar\/7c5bd30ae4b47a9ba3c856590957fd1d96dc588bf3ac05719d247e126840331f?s=96&d=mm&r=g","contentUrl":"https:\/\/secure.gravatar.com\/avatar\/7c5bd30ae4b47a9ba3c856590957fd1d96dc588bf3ac05719d247e126840331f?s=96&d=mm&r=g","caption":"libna"}}]}},"_links":{"self":[{"href":"https:\/\/interamerica.org\/fr\/wp-json\/wp\/v2\/posts\/101280","targetHints":{"allow":["GET"]}}],"collection":[{"href":"https:\/\/interamerica.org\/fr\/wp-json\/wp\/v2\/posts"}],"about":[{"href":"https:\/\/interamerica.org\/fr\/wp-json\/wp\/v2\/types\/post"}],"author":[{"embeddable":true,"href":"https:\/\/interamerica.org\/fr\/wp-json\/wp\/v2\/users\/3"}],"replies":[{"embeddable":true,"href":"https:\/\/interamerica.org\/fr\/wp-json\/wp\/v2\/comments?post=101280"}],"version-history":[{"count":0,"href":"https:\/\/interamerica.org\/fr\/wp-json\/wp\/v2\/posts\/101280\/revisions"}],"wp:featuredmedia":[{"embeddable":true,"href":"https:\/\/interamerica.org\/fr\/wp-json\/wp\/v2\/media\/101196"}],"wp:attachment":[{"href":"https:\/\/interamerica.org\/fr\/wp-json\/wp\/v2\/media?parent=101280"}],"wp:term":[{"taxonomy":"category","embeddable":true,"href":"https:\/\/interamerica.org\/fr\/wp-json\/wp\/v2\/categories?post=101280"},{"taxonomy":"post_tag","embeddable":true,"href":"https:\/\/interamerica.org\/fr\/wp-json\/wp\/v2\/tags?post=101280"}],"curies":[{"name":"wp","href":"https:\/\/api.w.org\/{rel}","templated":true}]}}