{"id":101379,"date":"2023-07-28T12:30:32","date_gmt":"2023-07-28T16:30:32","guid":{"rendered":"https:\/\/interamerica.org\/?p=101379"},"modified":"2023-07-28T19:47:39","modified_gmt":"2023-07-28T23:47:39","slug":"un-expert-discute-de-la-position-de-leglise-adventiste-du-septieme-jour-sur-les-questions-relatives-au-genre","status":"publish","type":"post","link":"https:\/\/interamerica.org\/fr\/2023\/07\/un-expert-discute-de-la-position-de-leglise-adventiste-du-septieme-jour-sur-les-questions-relatives-au-genre\/","title":{"rendered":"Un expert discute de la position de l\u2019\u00c9glise adventiste du septi\u00e8me jour sur les questions relatives au genre"},"content":{"rendered":"<p><div id=\"attachment_101294\" style=\"width: 884px\" class=\"wp-caption aligncenter\"><img fetchpriority=\"high\" decoding=\"async\" aria-describedby=\"caption-attachment-101294\" class=\" wp-image-101293\" src=\"https:\/\/interamerica.org\/wp-content\/uploads\/2023\/07\/todd-mcfarland-seld2023-jul25.jpg\" alt=\"\" width=\"874\" height=\"583\" srcset=\"https:\/\/interamerica.org\/wp-content\/uploads\/2023\/07\/todd-mcfarland-seld2023-jul25.jpg 1000w, https:\/\/interamerica.org\/wp-content\/uploads\/2023\/07\/todd-mcfarland-seld2023-jul25-300x200.jpg 300w, https:\/\/interamerica.org\/wp-content\/uploads\/2023\/07\/todd-mcfarland-seld2023-jul25-768x512.jpg 768w\" sizes=\"(max-width: 874px) 100vw, 874px\" \/><p id=\"caption-attachment-101294\" class=\"wp-caption-text\">Todd McFarland (\u00e0 droite), avocat g\u00e9n\u00e9ral adjoint de la Conf\u00e9rence G\u00e9n\u00e9rale des adventistes du septi\u00e8me jour, s\u2019adresse \u00e0 la d\u00e9l\u00e9gation de la Conf\u00e9rence de D\u00e9veloppement du Leadership par Segment (SeLD) \u00e0 Miami, en Floride, aux \u00c9tats-Unis, le 25 juillet 2023, au sujet des probl\u00e8mes li\u00e9es au genre et auxquels les dirigeants et les organisations de l\u2019\u00e9glise sont confront\u00e9s. Gustavo Men\u00e9ndez (\u00e0 gauche), directeur des minist\u00e8res personnels de l\u2019Union du Guatemala, traduit pendant la pr\u00e9sentation de Todd McFarland. [Photo : Libna Stevens\/DIA]<\/p><\/div>27 Juillet 2023 | Miami, Floride, \u00c9tats-Unis | Marcos Paseggi et Libna Stevens, Actualit\u00e9s de la Division Inter Am\u00e9ricaine<\/p>\n<p>Toute personne, quels que soient ses choix de vie, devrait se sentir la bienvenue dans une congr\u00e9gation adventiste du septi\u00e8me jour, a d\u00e9clar\u00e9 l\u2019avocat g\u00e9n\u00e9ral adjoint de la Conf\u00e9rence G\u00e9n\u00e9rale des adventistes du septi\u00e8me jour, Todd McFarland, le 25 juillet 2023. La d\u00e9claration de Todd McFarland intervenait dans le cadre de sa pr\u00e9sentation sur les questions relatives au genre dans l\u2019\u00c9glise adventiste du septi\u00e8me jour, faite devant des centaines de dirigeants d\u2019\u00e9glise qui participent \u00e0 l\u2019\u00e9dition 2023 de la Conf\u00e9rence de D\u00e9veloppement du Leadership par Segment (SeLD) de la Division Inter Am\u00e9ricaine (DIA). Le programme annuel, qui offre une formation et des informations sur des sujets li\u00e9s au management, \u00e0 la th\u00e9ologie et \u00e0 l\u2019organisation, s\u2019est d\u00e9roul\u00e9 cette ann\u00e9e dans un format hybride, avec des participants pr\u00e9sents sur place et d\u2019autres en ligne.<\/p>\n<p><strong>D\u00e9claration de l\u2019\u00c9glise sur le transgenrisme<\/strong><\/p>\n<p>Dans la premi\u00e8re partie de sa pr\u00e9sentation, Todd McFarland a entrepris d\u2019expliquer certaines des implications de la\u00a0<a href=\"https:\/\/www.adventist.org\/official-statements\/statement-on-transgenderism\/\" data-saferedirecturl=\"https:\/\/www.google.com\/url?q=https:\/\/www.adventist.org\/official-statements\/statement-on-transgenderism\/&amp;source=gmail&amp;ust=1690645302295000&amp;usg=AOvVaw2vwc6KjCJv_bIERBLG6mp2\">d\u00e9claration officielle de l\u2019\u00c9glise adventiste du septi\u00e8me jour sur la transidentit\u00e9<\/a>. Le document datant de 2017 ne couvre pas tous les cas possibles, mais donne des principes g\u00e9n\u00e9raux pour faire face \u00e0 un ph\u00e9nom\u00e8ne plut\u00f4t r\u00e9cent connu sous le nom de dysphorie de genre, ou le d\u00e9calage entre le sexe et l\u2019identit\u00e9 de genre qui cause une certaine d\u00e9tresse, a d\u00e9clar\u00e9 Todd McFarland. \u00ab Selon les \u00c9critures, notre identit\u00e9 de genre, telle qu\u2019elle a \u00e9t\u00e9 con\u00e7ue par Dieu, est d\u00e9termin\u00e9e par notre sexe biologique \u00e0 la naissance, \u00bb a-t-il d\u00e9clar\u00e9.<\/p>\n<p><div id=\"attachment_101288\" style=\"width: 877px\" class=\"wp-caption aligncenter\"><img decoding=\"async\" aria-describedby=\"caption-attachment-101288\" class=\" wp-image-101287\" src=\"https:\/\/interamerica.org\/wp-content\/uploads\/2023\/07\/seld2023-july25-audience-morning.jpg\" alt=\"\" width=\"867\" height=\"578\" srcset=\"https:\/\/interamerica.org\/wp-content\/uploads\/2023\/07\/seld2023-july25-audience-morning.jpg 1000w, https:\/\/interamerica.org\/wp-content\/uploads\/2023\/07\/seld2023-july25-audience-morning-300x200.jpg 300w, https:\/\/interamerica.org\/wp-content\/uploads\/2023\/07\/seld2023-july25-audience-morning-768x512.jpg 768w\" sizes=\"(max-width: 867px) 100vw, 867px\" \/><p id=\"caption-attachment-101288\" class=\"wp-caption-text\">Plus de 400 d\u00e9l\u00e9gu\u00e9s \u00e9coutent la pr\u00e9sentation sur les probl\u00e8mes li\u00e9s au genre le 25 juillet 2023. Des centaines d\u2019autres d\u00e9l\u00e9gu\u00e9s inscrits ont regard\u00e9 en ligne. [Photo : Libna Stevens\/DIA]<\/p><\/div>La d\u00e9claration de l\u2019\u00e9glise souligne le fait que \u00ab bien que la dysphorie de genre &#8211; une situation reconnue sur le plan m\u00e9dical &#8211; ne soit pas intrins\u00e8quement un p\u00e9ch\u00e9, elle peut entra\u00eener des choix repr\u00e9hensibles. \u00bb Elle ajoute : \u00ab Tant que les personnes transgenres s\u2019engagent \u00e0 ordonner leur vie selon les enseignements bibliques sur la sexualit\u00e9 et le mariage, elles peuvent \u00eatre membres de l\u2019\u00c9glise adventiste du septi\u00e8me jour. \u00bb<\/p>\n<p><strong>Les personnes transgenres dans l\u2019\u00e9glise<\/strong><\/p>\n<p>Dans le m\u00eame temps, la dysphorie de genre peut entra\u00eener un travestissement, une chirurgie de changement de sexe et le d\u00e9sir d\u2019avoir une relation conjugale avec une personne du m\u00eame sexe biologique, a d\u00e9clar\u00e9 Todd McFarland en citant la d\u00e9claration. Mais quels que soient les choix qu\u2019une personne a faits, a-t-il soulign\u00e9, \u00ab L\u2019\u00e9glise en tant que communaut\u00e9 de J\u00e9sus-Christ est cens\u00e9e \u00eatre un refuge et un lieu d\u2019espoir, d\u2019attention et de compr\u00e9hension pour tous ceux qui sont perplexes, qui souffrent, qui luttent et qui sont seuls&#8230; Tous sont invit\u00e9s \u00e0 fr\u00e9quenter l\u2019\u00c9glise adventiste du septi\u00e8me jour et \u00e0 jouir de la fraternit\u00e9 de ses membres. \u00bb<\/p>\n<p><div id=\"attachment_101310\" style=\"width: 898px\" class=\"wp-caption aligncenter\"><img decoding=\"async\" aria-describedby=\"caption-attachment-101310\" class=\" wp-image-101309\" src=\"https:\/\/interamerica.org\/wp-content\/uploads\/2023\/07\/seld2023-todd-mcfarland-jul25-1.jpg\" alt=\"\" width=\"888\" height=\"592\" srcset=\"https:\/\/interamerica.org\/wp-content\/uploads\/2023\/07\/seld2023-todd-mcfarland-jul25-1.jpg 1000w, https:\/\/interamerica.org\/wp-content\/uploads\/2023\/07\/seld2023-todd-mcfarland-jul25-1-300x200.jpg 300w, https:\/\/interamerica.org\/wp-content\/uploads\/2023\/07\/seld2023-todd-mcfarland-jul25-1-768x511.jpg 768w\" sizes=\"(max-width: 888px) 100vw, 888px\" \/><p id=\"caption-attachment-101310\" class=\"wp-caption-text\">Des centaines de d\u00e9l\u00e9gu\u00e9s \u00e0 la conf\u00e9rence SeLD \u00e9coutent attentivement la pr\u00e9sentation de Todd McFarland sur les questions de genre et la d\u00e9claration de l\u2019\u00e9glise sur le sujet. [Photo : Libna Stevens\/DIA]<\/p><\/div>Il a expliqu\u00e9 un peu plus sa d\u00e9claration. \u00ab En tant qu\u2019\u00e9glise, nous sommes habitu\u00e9s \u00e0 avoir affaire \u00e0 des personnes qui font des choix diff\u00e9rents de ce que disent nos croyances. Et la fa\u00e7on donc nous g\u00e9rons cela est extr\u00eamement importante. Les accueillons-nous ou les chassons-nous dans l\u2019obscurit\u00e9 totale ? a-t-il demand\u00e9.<\/p>\n<p>Todd McFarland a soulign\u00e9 que le fait d\u2019\u00eatre bienveillant avec tout le monde ne signifie pas n\u00e9cessairement que nous sommes d\u2019accord avec les choix de vie d\u2019une personne. \u00ab Dans nos \u00e9glises, nous acceptons les personnes qui ne respectent pas le sabbat ou ne suivent pas l\u2019enseignement de l\u2019\u00e9glise sur l\u2019alimentation, \u00bb a-t-il d\u00e9clar\u00e9. \u00ab Nous ne for\u00e7ons pas tout le monde \u00e0 croire ce en quoi nous croyons avant de les inviter \u00e0 partager avec nous. Il en va de m\u00eame pour les personnes transgenres. Les personnes transgenres doivent se sentir les bienvenues dans nos \u00e9glises, m\u00eame si elles n\u2019en sont pas membres. Le simple fait d\u2019\u00eatre transgenre et de vivre comme tel ne devrait pas emp\u00eacher \u00e0 une personne de b\u00e9n\u00e9ficier de la fraternit\u00e9, m\u00eame si elle ne peut pas \u00eatre membre de l\u2019\u00e9glise. Toute personne, y compris celle qui est transgenre, devrait se sentir aim\u00e9e et accept\u00e9e dans une \u00e9glise adventiste du septi\u00e8me jour. \u00bb<\/p>\n<p><div id=\"attachment_101282\" style=\"width: 880px\" class=\"wp-caption aligncenter\"><img loading=\"lazy\" decoding=\"async\" aria-describedby=\"caption-attachment-101282\" class=\" wp-image-101281\" src=\"https:\/\/interamerica.org\/wp-content\/uploads\/2023\/07\/seld23-oscar-camacho-unadeca.jpg\" alt=\"\" width=\"870\" height=\"558\" srcset=\"https:\/\/interamerica.org\/wp-content\/uploads\/2023\/07\/seld23-oscar-camacho-unadeca.jpg 1000w, https:\/\/interamerica.org\/wp-content\/uploads\/2023\/07\/seld23-oscar-camacho-unadeca-300x192.jpg 300w, https:\/\/interamerica.org\/wp-content\/uploads\/2023\/07\/seld23-oscar-camacho-unadeca-768x492.jpg 768w\" sizes=\"(max-width: 870px) 100vw, 870px\" \/><p id=\"caption-attachment-101282\" class=\"wp-caption-text\">Oscar Camacho, pr\u00e9sident de l\u2019Universit\u00e9 Adventiste d\u2019Am\u00e9rique Centrale \u00e0 Alajuela, au Costa Rica, pose une question sur la fa\u00e7on dont les institutions peuvent accueillir une personne transgenre qui pourrait vouloir \u00e9tudier sur le campus. [Photo : John Garcia\/DIA]<\/p><\/div><strong>Ce que les \u00e9glises locales peuvent faire<\/strong><\/p>\n<p>Dans la pratique, la pr\u00e9sence de personnes transgenres dans les congr\u00e9gations et les institutions adventistes peut entra\u00eener des domaines de conflit, notamment des probl\u00e8mes de tenue vestimentaire et d\u2019apparence, l\u2019utilisation de pronoms et de noms, l\u2019utilisation de toilettes et de casiers, et le sport. Todd McFarland a expliqu\u00e9 que la d\u00e9claration de l\u2019\u00c9glise couvre les principes g\u00e9n\u00e9raux et d\u00e9crit certains choix inappropri\u00e9s, mais ne couvre pas toutes les situations dans chaque congr\u00e9gation locale.<\/p>\n<p>Comme ont pu le constater les pasteurs et les membres de l\u2019\u00e9glise locale, certaines personnes arrivent \u00e0 l\u2019\u00e9glise et d\u00e9couvrent le message adventiste et subissent les cons\u00e9quences de d\u00e9cisions prises de nombreuses ann\u00e9es auparavant. \u00ab Dans de tels cas, une \u00e9glise locale devrait consid\u00e9rer leurs situations au cas par cas, \u00bb a-t-il conseill\u00e9, \u00ab en tenant toujours compte de ce que disent la d\u00e9claration de l\u2019\u00e9glise et le\u00a0<em>Manuel d&rsquo;\u00c9glise<\/em>.\u201d<\/p>\n<p>Dans l\u2019ensemble, a d\u00e9clar\u00e9 Todd McFarland, il est tr\u00e8s probable que ces probl\u00e8mes soient l\u00e0 et resteront, et \u00e0 l\u2019avenir, ils pourraient inclure des risques quant \u00e0 la r\u00e9putation de l\u2019\u00c9glise adventiste. \u00ab Certaines personnes consid\u00e8rent les probl\u00e8mes de transidentit\u00e9 comme \u00e9quivalents \u00e0 ceux pos\u00e9s par la discrimination raciale, \u00bb a-t-il d\u00e9clar\u00e9. \u00ab Bien que je consid\u00e8re ces sujets comme \u00e9tant diff\u00e9rents, certaines personnes pensent qu\u2019ils sont les m\u00eames. \u00bb<\/p>\n<p><div id=\"attachment_101285\" style=\"width: 879px\" class=\"wp-caption aligncenter\"><img loading=\"lazy\" decoding=\"async\" aria-describedby=\"caption-attachment-101285\" class=\" wp-image-101284\" src=\"https:\/\/interamerica.org\/wp-content\/uploads\/2023\/07\/seld-terry-tannis-atcu-ymd.jpg\" alt=\"\" width=\"869\" height=\"537\" srcset=\"https:\/\/interamerica.org\/wp-content\/uploads\/2023\/07\/seld-terry-tannis-atcu-ymd.jpg 1000w, https:\/\/interamerica.org\/wp-content\/uploads\/2023\/07\/seld-terry-tannis-atcu-ymd-300x185.jpg 300w, https:\/\/interamerica.org\/wp-content\/uploads\/2023\/07\/seld-terry-tannis-atcu-ymd-768x475.jpg 768w\" sizes=\"(max-width: 869px) 100vw, 869px\" \/><p id=\"caption-attachment-101285\" class=\"wp-caption-text\">Terry Tannis, directeur des minist\u00e8res de la jeunesse de l\u2019Union de la Cara\u00efbe Atlantique, pose une question sur un probl\u00e8me possible pour les personnes transgenres qui souhaitent se faire baptiser. [Photo : John Garcia\/DIA]<\/p><\/div>Todd McFarland a conseill\u00e9 \u00e0 ceux qui l\u2019\u00e9coutaient de renforcer la position adventiste historique, qui inclut le fait de permettre \u00e0 chacun d\u2019avoir sa libert\u00e9 de conscience, de suivre l\u2019exemple du Christ lorsqu\u2019il s\u2019agit du cas de personnes \u00e9loign\u00e9es de l\u2019id\u00e9al de Dieu, et en cas de doute, de consulter les organismes comp\u00e9tents.<\/p>\n<p>\u00ab Lorsqu\u2019un probl\u00e8me survient au niveau local, appelez votre f\u00e9d\u00e9ration, votre union et votre division, \u00bb a conseill\u00e9 Todd McFarland. \u00ab Il y a des gens qui peuvent vous aider \u00e0 faire face \u00e0 ces probl\u00e8mes. \u00bb<\/p>\n<p><strong>R\u00e9action des dirigeants<\/strong><\/p>\n<p>Pour Erixson Surisaday Barrios, un pasteur de district de sept \u00e9glises dans la ville de Guatemala, au Guatemala, que les dirigeants parlent des questions li\u00e9es au genre est une chose qui aurait d\u00fb se faire depuis bien longtemps pour l\u2019\u00e9glise. Il aurait souhait\u00e9 en savoir plus il y a huit ans lorsqu\u2019un jeune aux prises avec sa sexualit\u00e9 s\u2019est rapproch\u00e9 de lui. \u00ab Je n\u2019ai pas r\u00e9ussi \u00e0 lui donner une r\u00e9ponse empreinte de compassion tout anxieux que j\u2019\u00e9tais de d\u00e9fendre les principes bibliques et je crois que cela lui a caus\u00e9 plus de tort. J\u2019en ai honte, \u00bb a d\u00e9clar\u00e9 pasteur Surisaday.<\/p>\n<p><div id=\"attachment_101307\" style=\"width: 856px\" class=\"wp-caption aligncenter\"><img loading=\"lazy\" decoding=\"async\" aria-describedby=\"caption-attachment-101307\" class=\" wp-image-101306\" src=\"https:\/\/interamerica.org\/wp-content\/uploads\/2023\/07\/seld23-erixson-surisaday-guau.jpg\" alt=\"\" width=\"846\" height=\"555\" srcset=\"https:\/\/interamerica.org\/wp-content\/uploads\/2023\/07\/seld23-erixson-surisaday-guau.jpg 1000w, https:\/\/interamerica.org\/wp-content\/uploads\/2023\/07\/seld23-erixson-surisaday-guau-300x197.jpg 300w, https:\/\/interamerica.org\/wp-content\/uploads\/2023\/07\/seld23-erixson-surisaday-guau-768x504.jpg 768w\" sizes=\"(max-width: 846px) 100vw, 846px\" \/><p id=\"caption-attachment-101307\" class=\"wp-caption-text\">Erixson Surisday Barrios, un pasteur de district au Guatemala, admet qu\u2019il aurait d\u00fb mieux g\u00e9rer un \u00e9change avec un jeune homme aux prises avec sa sexualit\u00e9 il y a huit ans. \u00ab Je ne lui pas donn\u00e9 une r\u00e9ponse compatissante car je voulais d\u00e9fendre les principes bibliques et je crois que cela lui a caus\u00e9 plus de tort. J\u2019en ai honte. \u00bb [Photo : Libna Stevens\/DIA]<\/p><\/div>L\u2019exp\u00e9rience l\u2019a amen\u00e9 \u00e0 mieux comprendre la perspective biblique et \u00e0 en apprendre davantage sur l\u2019\u00e9pig\u00e9n\u00e9tique &#8211; ou l\u2019\u00e9tude de la fa\u00e7on dont l\u2019environnement peut affecter le fonctionnement des g\u00e8nes d\u2019une personne ou la fa\u00e7on dont le corps lit une s\u00e9quence d\u2019ADN. \u00ab C\u2019est une question tr\u00e8s complexe et l\u2019\u00e9glise doit comprendre ces questions, en parler davantage. La communication sera essentielle entre l\u2019administration et le reste de l\u2019\u00e9glise afin que nous n\u2019ayons pas peur d\u2019aborder ces probl\u00e8mes de la meilleure fa\u00e7on possible, \u00bb a-t-il dit.<\/p>\n<p>Cela a \u00e9t\u00e9 une exp\u00e9rience au cours de laquelle il a appris, mais il est clair dans son esprit qu\u2019apporter une r\u00e9ponse de soutien aux personnes aux prises avec des probl\u00e8mes de genre et le fait de proposer des alternatives sans transgresser les principes th\u00e9ologiques peuvent fonctionner. \u00ab J\u2019aurais aim\u00e9 pouvoir montrer \u00e0 ce jeune homme qu\u2019il a une \u00e9glise aimante et un pasteur pr\u00eat \u00e0 l\u2019aider dans sa lutte, dans l\u2019\u00e9tude de la Bible, et \u00e0 le diriger vers des professionnels sp\u00e9cialis\u00e9s qui peuvent \u00e9galement aider, \u00bb a dit pasteur Surisaday.<\/p>\n<p><strong>Faire face \u00e0 des cas r\u00e9els<\/strong><\/p>\n<p>Pour Julio Rodr\u00edguez, qui est secr\u00e9taire ex\u00e9cutif de la F\u00e9d\u00e9ration de la Colombie Atlantique, aborder les probl\u00e8mes qu\u2019une personne peut avoir avec sa pr\u00e9f\u00e9rence sexuelle peut \u00eatre difficile. Alors qu\u2019il dirigeait un service de culte en petit groupe dans une communaut\u00e9, il y avait un homme pr\u00e9sent qui pleurait la perte de son partenaire masculin.<\/p>\n<p><div id=\"attachment_101297\" style=\"width: 871px\" class=\"wp-caption aligncenter\"><img loading=\"lazy\" decoding=\"async\" aria-describedby=\"caption-attachment-101297\" class=\" wp-image-101296\" src=\"https:\/\/interamerica.org\/wp-content\/uploads\/2023\/07\/seld23-julian-rodriguez-nocu.jpg\" alt=\"\" width=\"861\" height=\"538\" srcset=\"https:\/\/interamerica.org\/wp-content\/uploads\/2023\/07\/seld23-julian-rodriguez-nocu.jpg 1000w, https:\/\/interamerica.org\/wp-content\/uploads\/2023\/07\/seld23-julian-rodriguez-nocu-300x188.jpg 300w, https:\/\/interamerica.org\/wp-content\/uploads\/2023\/07\/seld23-julian-rodriguez-nocu-768x480.jpg 768w\" sizes=\"(max-width: 861px) 100vw, 861px\" \/><p id=\"caption-attachment-101297\" class=\"wp-caption-text\">Pasteur Julio Rodr\u00edguez, secr\u00e9taire ex\u00e9cutif de la F\u00e9d\u00e9ration de la Colombie Atlantique, a d\u00e9clar\u00e9 que l\u2019\u00e9glise devait trouver de meilleures fa\u00e7ons d\u2019\u00e9tablir le contact de mani\u00e8re aimante avec ceux qui font face \u00e0 des probl\u00e8mes li\u00e9s au genre. [Photo : Libna Stevens\/DIA]<\/p><\/div>\u00ab J\u2019ai commenc\u00e9 \u00e0 \u00e9tudier la Bible avec lui sur l\u2019\u00e9tat des morts et les principes bibliques, et cet individu \u00e9tait convaincu, il comprenait tout, mais apr\u00e8s des mois d\u2019\u00e9tudes, il est juste parti frustr\u00e9 parce qu\u2019il voulait \u00eatre assur\u00e9 qu\u2019il retrouverait son mari au ciel, \u00bb a d\u00e9clar\u00e9 pasteur Rodr\u00edguez.<\/p>\n<p>Nos dirigeants d\u2019\u00e9glise ont besoin de parler encore davantage des probl\u00e8mes li\u00e9s au genre. \u00ab Nous devons trouver de meilleures fa\u00e7ons d\u2019\u00e9tablir le contact de mani\u00e8re aimante avec ceux qui confrontent ces probl\u00e8mes relatifs au genre ; c\u2019est une question urgente, \u00bb a-t-il d\u00e9clar\u00e9. Pasteur Rodr\u00edguez a dit qu\u2019il pr\u00e9voyait de pr\u00e9senter le sujet lors de son prochain congr\u00e8s de f\u00e9d\u00e9ration avec des centaines d\u2019anciens d\u2019\u00e9glise et 27 pasteurs de district.<\/p>\n<p>Pasteur Cesar Hern\u00e1ndez, pr\u00e9sident de la F\u00e9d\u00e9ration Mexicaine Azt\u00e8que \u00e0 Mexico, a d\u00e9clar\u00e9 qu\u2019il \u00e9tait important d\u2019\u00e9tudier la d\u00e9claration de l\u2019\u00e9glise sur les questions relatives au genre pour mieux faire face aux probl\u00e8mes qui surviennent dans l\u2019\u00e9glise et dans les \u00e9coles. \u00ab De nombreuses personnes revendiquent les droits de l\u2019homme lorsqu\u2019il s\u2019agit de questions li\u00e9es au genre, et il est important de les aborder avec beaucoup d\u2019attention, en veillant \u00e0 ne pas contredire nos croyances bibliques, mais \u00e0 \u00eatre une \u00e9glise pleine de compassion en consid\u00e9rant ces questions. \u00bb<\/p>\n<p><div id=\"attachment_101304\" style=\"width: 877px\" class=\"wp-caption aligncenter\"><img loading=\"lazy\" decoding=\"async\" aria-describedby=\"caption-attachment-101304\" class=\" wp-image-101303\" src=\"https:\/\/interamerica.org\/wp-content\/uploads\/2023\/07\/cesar-hernandez-seld2023-aztecaconf.jpg\" alt=\"\" width=\"867\" height=\"542\" srcset=\"https:\/\/interamerica.org\/wp-content\/uploads\/2023\/07\/cesar-hernandez-seld2023-aztecaconf.jpg 1000w, https:\/\/interamerica.org\/wp-content\/uploads\/2023\/07\/cesar-hernandez-seld2023-aztecaconf-300x188.jpg 300w, https:\/\/interamerica.org\/wp-content\/uploads\/2023\/07\/cesar-hernandez-seld2023-aztecaconf-768x480.jpg 768w\" sizes=\"(max-width: 867px) 100vw, 867px\" \/><p id=\"caption-attachment-101304\" class=\"wp-caption-text\">C\u00e9sar Hern\u00e1ndez, pr\u00e9sident de la F\u00e9d\u00e9ration Mexicaine Azt\u00e8que \u00e0 Mexico, dit que les dirigeants d\u2019\u00e9glise doivent apprendre \u00e0 mieux aborder les complexit\u00e9s des questions li\u00e9es au genre. [Photo : Libna Stevens\/DIA]<\/p><\/div><strong>Besoin de plus de discussions<\/strong><\/p>\n<p>Il y a eu plusieurs cas auxquels l\u2019\u00e9glise a d\u00fb faire face sur son territoire, qui compte plus de 20000 membres. Dans l\u2019une des plus grandes \u00e9coles adventistes, il y avait un coll\u00e9gien qui bataillait avec son orientation sexuelle. Ses parents, qui \u00e9taient membres d\u2019\u00e9glise, ont d\u00e9cid\u00e9 d\u2019enlever l\u2019enfant et de traiter la question en priv\u00e9 comme une affaire de famille. Cela a incit\u00e9 les responsables et le personnel de l\u2019\u00e9cole \u00e0 proposer des principes bibliques plus approfondis aux \u00e9l\u00e8ves dans le cadre du programme scolaire. \u00ab De nos jours, les enfants jouent avec des applications qui posent des questions sur leur pr\u00e9f\u00e9rence de genre et peuvent parfois \u00eatre influenc\u00e9s par des suggestions ou par leurs amis, ce qui peut les amener \u00e0 remettre en question leur identit\u00e9 ou leur orientation, \u00bb a d\u00e9clar\u00e9 Cesar Hern\u00e1ndez.<\/p>\n<p>D\u2019autres probl\u00e8mes surgiront, cela ne fait aucun doute, a dit pasteur Hern\u00e1ndez. Il a indiqu\u00e9 qu\u2019il pr\u00e9voyait de rencontrer les 20 pasteurs de la f\u00e9d\u00e9ration lors de leur r\u00e9union mensuelle pour entamer des discussions sur le sujet, sur les probl\u00e8mes qui surgissent dans leurs congr\u00e9gations et sur la meilleure fa\u00e7on d\u2019aborder les complexit\u00e9s des questions li\u00e9es au genre. \u00ab Nous devons commencer \u00e0 apprendre comment faire face \u00e0 ces d\u00e9fis ensemble en tant qu\u2019\u00e9glise pour repr\u00e9senter au mieux J\u00e9sus dans chaque situation, \u00bb a-t-il d\u00e9clar\u00e9.<\/p>\n<p>Traduction: Patrick Luciathe<\/p>\n","protected":false},"excerpt":{"rendered":"<p>27 Juillet 2023 | Miami, Floride, \u00c9tats-Unis | Marcos Paseggi et Libna Stevens, Actualit\u00e9s de la Division Inter Am\u00e9ricaine Toute personne, quels que soient ses choix de vie, devrait se&#8230;<\/p>\n","protected":false},"author":3,"featured_media":101294,"comment_status":"closed","ping_status":"closed","sticky":false,"template":"","format":"standard","meta":{"_acf_changed":false,"footnotes":""},"categories":[20,19],"tags":[],"class_list":["post-101379","post","type-post","status-publish","format-standard","has-post-thumbnail","hentry","category-nouvelles-du-siege-de-la-division","category-rss-francais"],"acf":[],"yoast_head":"<!-- This site is optimized with the Yoast SEO plugin v27.3 - https:\/\/yoast.com\/product\/yoast-seo-wordpress\/ -->\n<title>Un expert discute de la position de l\u2019\u00c9glise adventiste du septi\u00e8me jour sur les questions relatives au genre - \u00c9glise Adventiste Du Septieme Jour - Inter Am\u00e9rique Division<\/title>\n<meta name=\"robots\" content=\"index, follow, max-snippet:-1, max-image-preview:large, max-video-preview:-1\" \/>\n<link rel=\"canonical\" href=\"https:\/\/interamerica.org\/fr\/2023\/07\/un-expert-discute-de-la-position-de-leglise-adventiste-du-septieme-jour-sur-les-questions-relatives-au-genre\/\" \/>\n<meta property=\"og:locale\" content=\"fr_FR\" \/>\n<meta property=\"og:type\" content=\"article\" \/>\n<meta property=\"og:title\" content=\"Un expert discute de la position de l\u2019\u00c9glise adventiste du septi\u00e8me jour sur les questions relatives au genre - \u00c9glise Adventiste Du Septieme Jour - Inter Am\u00e9rique Division\" \/>\n<meta property=\"og:description\" content=\"27 Juillet 2023 | Miami, Floride, \u00c9tats-Unis | Marcos Paseggi et Libna Stevens, Actualit\u00e9s de la Division Inter Am\u00e9ricaine Toute personne, quels que soient ses choix de vie, devrait se...\" \/>\n<meta property=\"og:url\" content=\"https:\/\/interamerica.org\/fr\/2023\/07\/un-expert-discute-de-la-position-de-leglise-adventiste-du-septieme-jour-sur-les-questions-relatives-au-genre\/\" \/>\n<meta property=\"og:site_name\" content=\"\u00c9glise Adventiste Du Septieme Jour - Inter Am\u00e9rique Division\" \/>\n<meta property=\"article:published_time\" content=\"2023-07-28T16:30:32+00:00\" \/>\n<meta property=\"article:modified_time\" content=\"2023-07-28T23:47:39+00:00\" \/>\n<meta property=\"og:image\" content=\"https:\/\/interamerica.org\/wp-content\/uploads\/2023\/07\/todd-mcfarland-seld2023-jul25.jpg\" \/>\n\t<meta property=\"og:image:width\" content=\"1000\" \/>\n\t<meta property=\"og:image:height\" content=\"667\" \/>\n\t<meta property=\"og:image:type\" content=\"image\/jpeg\" \/>\n<meta name=\"author\" content=\"libna\" \/>\n<meta name=\"twitter:card\" content=\"summary_large_image\" \/>\n<meta name=\"twitter:label1\" content=\"\u00c9crit par\" \/>\n\t<meta name=\"twitter:data1\" content=\"libna\" \/>\n\t<meta name=\"twitter:label2\" content=\"Dur\u00e9e de lecture estim\u00e9e\" \/>\n\t<meta name=\"twitter:data2\" content=\"11 minutes\" \/>\n<script type=\"application\/ld+json\" class=\"yoast-schema-graph\">{\"@context\":\"https:\\\/\\\/schema.org\",\"@graph\":[{\"@type\":\"Article\",\"@id\":\"https:\\\/\\\/interamerica.org\\\/fr\\\/2023\\\/07\\\/un-expert-discute-de-la-position-de-leglise-adventiste-du-septieme-jour-sur-les-questions-relatives-au-genre\\\/#article\",\"isPartOf\":{\"@id\":\"https:\\\/\\\/interamerica.org\\\/fr\\\/2023\\\/07\\\/un-expert-discute-de-la-position-de-leglise-adventiste-du-septieme-jour-sur-les-questions-relatives-au-genre\\\/\"},\"author\":{\"name\":\"libna\",\"@id\":\"https:\\\/\\\/interamerica.org\\\/fr\\\/#\\\/schema\\\/person\\\/29998f2bc2d8bd0d38662909289b54f1\"},\"headline\":\"Un expert discute de la position de l\u2019\u00c9glise adventiste du septi\u00e8me jour sur les questions relatives au genre\",\"datePublished\":\"2023-07-28T16:30:32+00:00\",\"dateModified\":\"2023-07-28T23:47:39+00:00\",\"mainEntityOfPage\":{\"@id\":\"https:\\\/\\\/interamerica.org\\\/fr\\\/2023\\\/07\\\/un-expert-discute-de-la-position-de-leglise-adventiste-du-septieme-jour-sur-les-questions-relatives-au-genre\\\/\"},\"wordCount\":2448,\"image\":{\"@id\":\"https:\\\/\\\/interamerica.org\\\/fr\\\/2023\\\/07\\\/un-expert-discute-de-la-position-de-leglise-adventiste-du-septieme-jour-sur-les-questions-relatives-au-genre\\\/#primaryimage\"},\"thumbnailUrl\":\"https:\\\/\\\/interamerica.org\\\/wp-content\\\/uploads\\\/2023\\\/07\\\/todd-mcfarland-seld2023-jul25.jpg\",\"articleSection\":[\"Nouvelles du si\u00e8ge de la division\",\"RSS Fran\u00e7ais\"],\"inLanguage\":\"fr-FR\"},{\"@type\":\"WebPage\",\"@id\":\"https:\\\/\\\/interamerica.org\\\/fr\\\/2023\\\/07\\\/un-expert-discute-de-la-position-de-leglise-adventiste-du-septieme-jour-sur-les-questions-relatives-au-genre\\\/\",\"url\":\"https:\\\/\\\/interamerica.org\\\/fr\\\/2023\\\/07\\\/un-expert-discute-de-la-position-de-leglise-adventiste-du-septieme-jour-sur-les-questions-relatives-au-genre\\\/\",\"name\":\"Un expert discute de la position de l\u2019\u00c9glise adventiste du septi\u00e8me jour sur les questions relatives au genre - \u00c9glise Adventiste Du Septieme Jour - Inter Am\u00e9rique Division\",\"isPartOf\":{\"@id\":\"https:\\\/\\\/interamerica.org\\\/fr\\\/#website\"},\"primaryImageOfPage\":{\"@id\":\"https:\\\/\\\/interamerica.org\\\/fr\\\/2023\\\/07\\\/un-expert-discute-de-la-position-de-leglise-adventiste-du-septieme-jour-sur-les-questions-relatives-au-genre\\\/#primaryimage\"},\"image\":{\"@id\":\"https:\\\/\\\/interamerica.org\\\/fr\\\/2023\\\/07\\\/un-expert-discute-de-la-position-de-leglise-adventiste-du-septieme-jour-sur-les-questions-relatives-au-genre\\\/#primaryimage\"},\"thumbnailUrl\":\"https:\\\/\\\/interamerica.org\\\/wp-content\\\/uploads\\\/2023\\\/07\\\/todd-mcfarland-seld2023-jul25.jpg\",\"datePublished\":\"2023-07-28T16:30:32+00:00\",\"dateModified\":\"2023-07-28T23:47:39+00:00\",\"author\":{\"@id\":\"https:\\\/\\\/interamerica.org\\\/fr\\\/#\\\/schema\\\/person\\\/29998f2bc2d8bd0d38662909289b54f1\"},\"breadcrumb\":{\"@id\":\"https:\\\/\\\/interamerica.org\\\/fr\\\/2023\\\/07\\\/un-expert-discute-de-la-position-de-leglise-adventiste-du-septieme-jour-sur-les-questions-relatives-au-genre\\\/#breadcrumb\"},\"inLanguage\":\"fr-FR\",\"potentialAction\":[{\"@type\":\"ReadAction\",\"target\":[\"https:\\\/\\\/interamerica.org\\\/fr\\\/2023\\\/07\\\/un-expert-discute-de-la-position-de-leglise-adventiste-du-septieme-jour-sur-les-questions-relatives-au-genre\\\/\"]}]},{\"@type\":\"ImageObject\",\"inLanguage\":\"fr-FR\",\"@id\":\"https:\\\/\\\/interamerica.org\\\/fr\\\/2023\\\/07\\\/un-expert-discute-de-la-position-de-leglise-adventiste-du-septieme-jour-sur-les-questions-relatives-au-genre\\\/#primaryimage\",\"url\":\"https:\\\/\\\/interamerica.org\\\/wp-content\\\/uploads\\\/2023\\\/07\\\/todd-mcfarland-seld2023-jul25.jpg\",\"contentUrl\":\"https:\\\/\\\/interamerica.org\\\/wp-content\\\/uploads\\\/2023\\\/07\\\/todd-mcfarland-seld2023-jul25.jpg\",\"width\":1000,\"height\":667,\"caption\":\"[Photo: Libna Stevens\\\/IAD]\"},{\"@type\":\"BreadcrumbList\",\"@id\":\"https:\\\/\\\/interamerica.org\\\/fr\\\/2023\\\/07\\\/un-expert-discute-de-la-position-de-leglise-adventiste-du-septieme-jour-sur-les-questions-relatives-au-genre\\\/#breadcrumb\",\"itemListElement\":[{\"@type\":\"ListItem\",\"position\":1,\"name\":\"Home\",\"item\":\"https:\\\/\\\/interamerica.org\\\/fr\\\/\"},{\"@type\":\"ListItem\",\"position\":2,\"name\":\"Un expert discute de la position de l\u2019\u00c9glise adventiste du septi\u00e8me jour sur les questions relatives au genre\"}]},{\"@type\":\"WebSite\",\"@id\":\"https:\\\/\\\/interamerica.org\\\/fr\\\/#website\",\"url\":\"https:\\\/\\\/interamerica.org\\\/fr\\\/\",\"name\":\"\u00c9glise Adventiste Du Septieme Jour - Inter Am\u00e9rique Division\",\"description\":\"\",\"potentialAction\":[{\"@type\":\"SearchAction\",\"target\":{\"@type\":\"EntryPoint\",\"urlTemplate\":\"https:\\\/\\\/interamerica.org\\\/fr\\\/?s={search_term_string}\"},\"query-input\":{\"@type\":\"PropertyValueSpecification\",\"valueRequired\":true,\"valueName\":\"search_term_string\"}}],\"inLanguage\":\"fr-FR\"},{\"@type\":\"Person\",\"@id\":\"https:\\\/\\\/interamerica.org\\\/fr\\\/#\\\/schema\\\/person\\\/29998f2bc2d8bd0d38662909289b54f1\",\"name\":\"libna\",\"image\":{\"@type\":\"ImageObject\",\"inLanguage\":\"fr-FR\",\"@id\":\"https:\\\/\\\/secure.gravatar.com\\\/avatar\\\/7c5bd30ae4b47a9ba3c856590957fd1d96dc588bf3ac05719d247e126840331f?s=96&d=mm&r=g\",\"url\":\"https:\\\/\\\/secure.gravatar.com\\\/avatar\\\/7c5bd30ae4b47a9ba3c856590957fd1d96dc588bf3ac05719d247e126840331f?s=96&d=mm&r=g\",\"contentUrl\":\"https:\\\/\\\/secure.gravatar.com\\\/avatar\\\/7c5bd30ae4b47a9ba3c856590957fd1d96dc588bf3ac05719d247e126840331f?s=96&d=mm&r=g\",\"caption\":\"libna\"}}]}<\/script>\n<!-- \/ Yoast SEO plugin. -->","yoast_head_json":{"title":"Un expert discute de la position de l\u2019\u00c9glise adventiste du septi\u00e8me jour sur les questions relatives au genre - \u00c9glise Adventiste Du Septieme Jour - Inter Am\u00e9rique Division","robots":{"index":"index","follow":"follow","max-snippet":"max-snippet:-1","max-image-preview":"max-image-preview:large","max-video-preview":"max-video-preview:-1"},"canonical":"https:\/\/interamerica.org\/fr\/2023\/07\/un-expert-discute-de-la-position-de-leglise-adventiste-du-septieme-jour-sur-les-questions-relatives-au-genre\/","og_locale":"fr_FR","og_type":"article","og_title":"Un expert discute de la position de l\u2019\u00c9glise adventiste du septi\u00e8me jour sur les questions relatives au genre - \u00c9glise Adventiste Du Septieme Jour - Inter Am\u00e9rique Division","og_description":"27 Juillet 2023 | Miami, Floride, \u00c9tats-Unis | Marcos Paseggi et Libna Stevens, Actualit\u00e9s de la Division Inter Am\u00e9ricaine Toute personne, quels que soient ses choix de vie, devrait se...","og_url":"https:\/\/interamerica.org\/fr\/2023\/07\/un-expert-discute-de-la-position-de-leglise-adventiste-du-septieme-jour-sur-les-questions-relatives-au-genre\/","og_site_name":"\u00c9glise Adventiste Du Septieme Jour - Inter Am\u00e9rique Division","article_published_time":"2023-07-28T16:30:32+00:00","article_modified_time":"2023-07-28T23:47:39+00:00","og_image":[{"width":1000,"height":667,"url":"https:\/\/interamerica.org\/wp-content\/uploads\/2023\/07\/todd-mcfarland-seld2023-jul25.jpg","type":"image\/jpeg"}],"author":"libna","twitter_card":"summary_large_image","twitter_misc":{"\u00c9crit par":"libna","Dur\u00e9e de lecture estim\u00e9e":"11 minutes"},"schema":{"@context":"https:\/\/schema.org","@graph":[{"@type":"Article","@id":"https:\/\/interamerica.org\/fr\/2023\/07\/un-expert-discute-de-la-position-de-leglise-adventiste-du-septieme-jour-sur-les-questions-relatives-au-genre\/#article","isPartOf":{"@id":"https:\/\/interamerica.org\/fr\/2023\/07\/un-expert-discute-de-la-position-de-leglise-adventiste-du-septieme-jour-sur-les-questions-relatives-au-genre\/"},"author":{"name":"libna","@id":"https:\/\/interamerica.org\/fr\/#\/schema\/person\/29998f2bc2d8bd0d38662909289b54f1"},"headline":"Un expert discute de la position de l\u2019\u00c9glise adventiste du septi\u00e8me jour sur les questions relatives au genre","datePublished":"2023-07-28T16:30:32+00:00","dateModified":"2023-07-28T23:47:39+00:00","mainEntityOfPage":{"@id":"https:\/\/interamerica.org\/fr\/2023\/07\/un-expert-discute-de-la-position-de-leglise-adventiste-du-septieme-jour-sur-les-questions-relatives-au-genre\/"},"wordCount":2448,"image":{"@id":"https:\/\/interamerica.org\/fr\/2023\/07\/un-expert-discute-de-la-position-de-leglise-adventiste-du-septieme-jour-sur-les-questions-relatives-au-genre\/#primaryimage"},"thumbnailUrl":"https:\/\/interamerica.org\/wp-content\/uploads\/2023\/07\/todd-mcfarland-seld2023-jul25.jpg","articleSection":["Nouvelles du si\u00e8ge de la division","RSS Fran\u00e7ais"],"inLanguage":"fr-FR"},{"@type":"WebPage","@id":"https:\/\/interamerica.org\/fr\/2023\/07\/un-expert-discute-de-la-position-de-leglise-adventiste-du-septieme-jour-sur-les-questions-relatives-au-genre\/","url":"https:\/\/interamerica.org\/fr\/2023\/07\/un-expert-discute-de-la-position-de-leglise-adventiste-du-septieme-jour-sur-les-questions-relatives-au-genre\/","name":"Un expert discute de la position de l\u2019\u00c9glise adventiste du septi\u00e8me jour sur les questions relatives au genre - \u00c9glise Adventiste Du Septieme Jour - Inter Am\u00e9rique Division","isPartOf":{"@id":"https:\/\/interamerica.org\/fr\/#website"},"primaryImageOfPage":{"@id":"https:\/\/interamerica.org\/fr\/2023\/07\/un-expert-discute-de-la-position-de-leglise-adventiste-du-septieme-jour-sur-les-questions-relatives-au-genre\/#primaryimage"},"image":{"@id":"https:\/\/interamerica.org\/fr\/2023\/07\/un-expert-discute-de-la-position-de-leglise-adventiste-du-septieme-jour-sur-les-questions-relatives-au-genre\/#primaryimage"},"thumbnailUrl":"https:\/\/interamerica.org\/wp-content\/uploads\/2023\/07\/todd-mcfarland-seld2023-jul25.jpg","datePublished":"2023-07-28T16:30:32+00:00","dateModified":"2023-07-28T23:47:39+00:00","author":{"@id":"https:\/\/interamerica.org\/fr\/#\/schema\/person\/29998f2bc2d8bd0d38662909289b54f1"},"breadcrumb":{"@id":"https:\/\/interamerica.org\/fr\/2023\/07\/un-expert-discute-de-la-position-de-leglise-adventiste-du-septieme-jour-sur-les-questions-relatives-au-genre\/#breadcrumb"},"inLanguage":"fr-FR","potentialAction":[{"@type":"ReadAction","target":["https:\/\/interamerica.org\/fr\/2023\/07\/un-expert-discute-de-la-position-de-leglise-adventiste-du-septieme-jour-sur-les-questions-relatives-au-genre\/"]}]},{"@type":"ImageObject","inLanguage":"fr-FR","@id":"https:\/\/interamerica.org\/fr\/2023\/07\/un-expert-discute-de-la-position-de-leglise-adventiste-du-septieme-jour-sur-les-questions-relatives-au-genre\/#primaryimage","url":"https:\/\/interamerica.org\/wp-content\/uploads\/2023\/07\/todd-mcfarland-seld2023-jul25.jpg","contentUrl":"https:\/\/interamerica.org\/wp-content\/uploads\/2023\/07\/todd-mcfarland-seld2023-jul25.jpg","width":1000,"height":667,"caption":"[Photo: Libna Stevens\/IAD]"},{"@type":"BreadcrumbList","@id":"https:\/\/interamerica.org\/fr\/2023\/07\/un-expert-discute-de-la-position-de-leglise-adventiste-du-septieme-jour-sur-les-questions-relatives-au-genre\/#breadcrumb","itemListElement":[{"@type":"ListItem","position":1,"name":"Home","item":"https:\/\/interamerica.org\/fr\/"},{"@type":"ListItem","position":2,"name":"Un expert discute de la position de l\u2019\u00c9glise adventiste du septi\u00e8me jour sur les questions relatives au genre"}]},{"@type":"WebSite","@id":"https:\/\/interamerica.org\/fr\/#website","url":"https:\/\/interamerica.org\/fr\/","name":"\u00c9glise Adventiste Du Septieme Jour - Inter Am\u00e9rique Division","description":"","potentialAction":[{"@type":"SearchAction","target":{"@type":"EntryPoint","urlTemplate":"https:\/\/interamerica.org\/fr\/?s={search_term_string}"},"query-input":{"@type":"PropertyValueSpecification","valueRequired":true,"valueName":"search_term_string"}}],"inLanguage":"fr-FR"},{"@type":"Person","@id":"https:\/\/interamerica.org\/fr\/#\/schema\/person\/29998f2bc2d8bd0d38662909289b54f1","name":"libna","image":{"@type":"ImageObject","inLanguage":"fr-FR","@id":"https:\/\/secure.gravatar.com\/avatar\/7c5bd30ae4b47a9ba3c856590957fd1d96dc588bf3ac05719d247e126840331f?s=96&d=mm&r=g","url":"https:\/\/secure.gravatar.com\/avatar\/7c5bd30ae4b47a9ba3c856590957fd1d96dc588bf3ac05719d247e126840331f?s=96&d=mm&r=g","contentUrl":"https:\/\/secure.gravatar.com\/avatar\/7c5bd30ae4b47a9ba3c856590957fd1d96dc588bf3ac05719d247e126840331f?s=96&d=mm&r=g","caption":"libna"}}]}},"_links":{"self":[{"href":"https:\/\/interamerica.org\/fr\/wp-json\/wp\/v2\/posts\/101379","targetHints":{"allow":["GET"]}}],"collection":[{"href":"https:\/\/interamerica.org\/fr\/wp-json\/wp\/v2\/posts"}],"about":[{"href":"https:\/\/interamerica.org\/fr\/wp-json\/wp\/v2\/types\/post"}],"author":[{"embeddable":true,"href":"https:\/\/interamerica.org\/fr\/wp-json\/wp\/v2\/users\/3"}],"replies":[{"embeddable":true,"href":"https:\/\/interamerica.org\/fr\/wp-json\/wp\/v2\/comments?post=101379"}],"version-history":[{"count":0,"href":"https:\/\/interamerica.org\/fr\/wp-json\/wp\/v2\/posts\/101379\/revisions"}],"wp:featuredmedia":[{"embeddable":true,"href":"https:\/\/interamerica.org\/fr\/wp-json\/wp\/v2\/media\/101294"}],"wp:attachment":[{"href":"https:\/\/interamerica.org\/fr\/wp-json\/wp\/v2\/media?parent=101379"}],"wp:term":[{"taxonomy":"category","embeddable":true,"href":"https:\/\/interamerica.org\/fr\/wp-json\/wp\/v2\/categories?post=101379"},{"taxonomy":"post_tag","embeddable":true,"href":"https:\/\/interamerica.org\/fr\/wp-json\/wp\/v2\/tags?post=101379"}],"curies":[{"name":"wp","href":"https:\/\/api.w.org\/{rel}","templated":true}]}}