{"id":101380,"date":"2023-07-28T15:40:44","date_gmt":"2023-07-28T19:40:44","guid":{"rendered":"https:\/\/interamerica.org\/?p=101380"},"modified":"2023-07-28T19:46:57","modified_gmt":"2023-07-28T23:46:57","slug":"les-responsables-et-les-promoteurs-de-la-sante-se-reunissent-pour-reflechir-partager-et-ameliorer","status":"publish","type":"post","link":"https:\/\/interamerica.org\/fr\/2023\/07\/les-responsables-et-les-promoteurs-de-la-sante-se-reunissent-pour-reflechir-partager-et-ameliorer\/","title":{"rendered":"Les responsables et les promoteurs de la sant\u00e9 se r\u00e9unissent pour r\u00e9fl\u00e9chir, partager et am\u00e9liorer"},"content":{"rendered":"<p><div id=\"attachment_101350\" style=\"width: 894px\" class=\"wp-caption aligncenter\"><img fetchpriority=\"high\" decoding=\"async\" aria-describedby=\"caption-attachment-101350\" class=\" wp-image-101349\" src=\"https:\/\/interamerica.org\/wp-content\/uploads\/2023\/07\/franck-geneus-healthsymposium2023.jpg\" alt=\"\" width=\"884\" height=\"589\" srcset=\"https:\/\/interamerica.org\/wp-content\/uploads\/2023\/07\/franck-geneus-healthsymposium2023.jpg 1000w, https:\/\/interamerica.org\/wp-content\/uploads\/2023\/07\/franck-geneus-healthsymposium2023-300x200.jpg 300w, https:\/\/interamerica.org\/wp-content\/uploads\/2023\/07\/franck-geneus-healthsymposium2023-768x512.jpg 768w\" sizes=\"(max-width: 884px) 100vw, 884px\" \/><p id=\"caption-attachment-101350\" class=\"wp-caption-text\">Dr Franck Gen\u00e9us, M.D., directeur des minist\u00e8res de la sant\u00e9 et pr\u00e9sident des Services Adventist Healthcare en Inter-Am\u00e9rique, accueille les dizaines d\u2019administrateurs de l\u2019\u00e9glise, d\u2019administrateurs d\u2019h\u00f4pitaux et de directeurs des minist\u00e8res de la sant\u00e9 de toute la Division Inter Am\u00e9ricaine \u00e0 l\u2019occasion de la c\u00e9r\u00e9monie d\u2019ouverture du Symposium Inter Am\u00e9ricain sur la sant\u00e9, \u00e0 Miami, en Floride, aux \u00c9tats-Unis, 27 juillet 2023. [Photo : Libna Stevens\/DIA]<\/p><\/div>28 Juillet 2023 | Miami, Floride, \u00c9tats-Unis | Marcos Paseggi pour les Actualit\u00e9s de la Division Inter Am\u00e9ricaine<\/p>\n<p>Des dizaines de dirigeants de l\u2019\u00c9glise adventiste du septi\u00e8me jour dans la Division Inter Am\u00e9ricaine se sont r\u00e9unis pour le Symposium de la DIA sur la Sant\u00e9 \u00ab Ensemble en Mission \u00bb \u00e0 Miami, Floride, \u00c9tats-Unis, le 27 juillet. Le programme de trois jours, une initiative conjointe des Services Adventist Healthcare en Inter-Am\u00e9rique (AHSIA) et du d\u00e9partement des minist\u00e8res de la sant\u00e9 de l\u2019\u00e9glise, a \u00e9t\u00e9 l\u2019occasion pour 2500 autres dirigeants, pasteurs d\u2019\u00e9glises locales et membres d\u2019\u00e9glise de tout le territoire de s\u2019inscrire pour participer en ligne.<\/p>\n<p>Le symposium s\u2019adresse aux administrateurs, aux pasteurs et aux membres la\u00efcs impliqu\u00e9s dans les minist\u00e8res de la sant\u00e9 de l\u2019\u00c9glise adventiste. Il concerne les administrateurs d\u2019h\u00f4pitaux et de cliniques adventistes et les pr\u00e9sidents d\u2019union qui pr\u00e9sident les conseils d\u2019administration des h\u00f4pitaux et des cliniques. Il inclut \u00e9galement des membres qui se sont engag\u00e9s \u00e0 faire des minist\u00e8res de la sant\u00e9 \u00ab le bras droit de l\u2019\u00e9vangile, \u00bb comme l\u2019a d\u00e9fini la cofondatrice de l\u2019\u00c9glise adventiste, Ellen G. White, il y a plus d\u2019un si\u00e8cle.<\/p>\n<p><div id=\"attachment_101347\" style=\"width: 863px\" class=\"wp-caption aligncenter\"><img decoding=\"async\" aria-describedby=\"caption-attachment-101347\" class=\" wp-image-101346\" src=\"https:\/\/interamerica.org\/wp-content\/uploads\/2023\/07\/elie-henry-health-symposium-2023.jpg\" alt=\"\" width=\"853\" height=\"568\" srcset=\"https:\/\/interamerica.org\/wp-content\/uploads\/2023\/07\/elie-henry-health-symposium-2023.jpg 1000w, https:\/\/interamerica.org\/wp-content\/uploads\/2023\/07\/elie-henry-health-symposium-2023-300x200.jpg 300w, https:\/\/interamerica.org\/wp-content\/uploads\/2023\/07\/elie-henry-health-symposium-2023-768x511.jpg 768w\" sizes=\"(max-width: 853px) 100vw, 853px\" \/><p id=\"caption-attachment-101347\" class=\"wp-caption-text\">Le pr\u00e9sident de la Division Inter Am\u00e9ricaine, pasteur Elie Henry, d\u00e9clare que le territoire de la DIA est dans une d\u00e9marche visant \u00e0 rendre les minist\u00e8res de la sant\u00e9 encore plus efficaces. [Photo : Libna Stevens\/DIA]<\/p><\/div>\u00ab Chaque fois que nous disons : \u2018Ensemble dans la Mission,\u2019 ici \u00e0 la Division Inter Am\u00e9ricaine, nous sommes enthousiastes, \u00bb a d\u00e9clar\u00e9 pasteur Elie Henry, pr\u00e9sident de la DIA, \u00ab parce que tout ce que nous faisons tourne autour de la mission. \u00bb<\/p>\n<p>\u00c0 ce sujet, pasteur Henry a expliqu\u00e9 qu\u2019en tant que territoire eccl\u00e9sial, la DIA est dans une d\u00e9marche visant \u00e0 rendre les minist\u00e8res de la sant\u00e9 encore plus efficaces, \u00ab en pensant en termes de strat\u00e9gies, en embrassant la recherche et en favorisant une culture de l\u2019am\u00e9lioration de nos services de soins de sant\u00e9. Et nous sommes ici pour en parler, \u00bb a dit pasteur Henry. Il a ajout\u00e9 : \u00ab En collaborant et en combinant nos efforts, nous pouvons cr\u00e9er une force de changement positif. \u00bb<\/p>\n<p><div id=\"attachment_101335\" style=\"width: 877px\" class=\"wp-caption aligncenter\"><img decoding=\"async\" aria-describedby=\"caption-attachment-101335\" class=\" wp-image-101334\" src=\"https:\/\/interamerica.org\/wp-content\/uploads\/2023\/07\/rutherford-award-healthsymposium-2023.jpg\" alt=\"\" width=\"867\" height=\"575\" srcset=\"https:\/\/interamerica.org\/wp-content\/uploads\/2023\/07\/rutherford-award-healthsymposium-2023.jpg 1000w, https:\/\/interamerica.org\/wp-content\/uploads\/2023\/07\/rutherford-award-healthsymposium-2023-300x199.jpg 300w, https:\/\/interamerica.org\/wp-content\/uploads\/2023\/07\/rutherford-award-healthsymposium-2023-768x509.jpg 768w\" sizes=\"(max-width: 867px) 100vw, 867px\" \/><p id=\"caption-attachment-101335\" class=\"wp-caption-text\">Donmayne Gyles (troisi\u00e8me \u00e0 partir de la gauche), administrateur de l\u2019H\u00f4pital Andrews Memorial, en Jama\u00efque, re\u00e7oit le prix pour Patrick Rutherford, ancien administrateur de l\u2019h\u00f4pital, pour son service exceptionnel, son d\u00e9vouement et pour l\u2019\u00e9norme travail r\u00e9alis\u00e9 dans l\u2019\u00e9tablissement de sant\u00e9. [Photo : Libna Stevens\/DIA]<\/p><\/div><strong>Mises \u00e0 l\u2019honneur de tout coeur<\/strong><\/p>\n<p>La premi\u00e8re partie du programme d\u2019ouverture comprenait des moments au cours desquels ont \u00e9t\u00e9 honor\u00e9s les dirigeants et les institutions qui ont, d\u2019une mani\u00e8re ou d\u2019une autre, eu un impact gr\u00e2ce \u00e0 leur action et \u00e0 leur d\u00e9vouement \u00e0 la mission. Parmi les marques de reconnaissance remises par l\u2019AHSIA, il y eu un prix sp\u00e9cial d\u00e9cern\u00e9 \u00e0 Patrick Rutherford, qui a r\u00e9cemment pris sa retraite en tant que directeur g\u00e9n\u00e9ral de l\u2019H\u00f4pital Andrews Memorial en Jama\u00efque. Le prix a \u00e9t\u00e9 remis \u00e0 Donmayne Gyles, actuel directeur g\u00e9n\u00e9ral du m\u00eame \u00e9tablissement de sant\u00e9. La plaque disait \u00ab en reconnaissance de votre service exceptionnel en tant qu\u2019administrateur de l\u2019H\u00f4pital Andrews Memorial en Jama\u00efque, \u00bb et ajoutait : \u00ab Nous vous remercions pour votre d\u00e9vouement, et votre important travail. \u00bb<\/p>\n<p><div id=\"attachment_101338\" style=\"width: 870px\" class=\"wp-caption aligncenter\"><img loading=\"lazy\" decoding=\"async\" aria-describedby=\"caption-attachment-101338\" class=\" wp-image-101337\" src=\"https:\/\/interamerica.org\/wp-content\/uploads\/2023\/07\/crbu-commhospital-award-healthsymp-2023.jpg\" alt=\"\" width=\"860\" height=\"558\" srcset=\"https:\/\/interamerica.org\/wp-content\/uploads\/2023\/07\/crbu-commhospital-award-healthsymp-2023.jpg 1000w, https:\/\/interamerica.org\/wp-content\/uploads\/2023\/07\/crbu-commhospital-award-healthsymp-2023-300x195.jpg 300w, https:\/\/interamerica.org\/wp-content\/uploads\/2023\/07\/crbu-commhospital-award-healthsymp-2023-768x498.jpg 768w\" sizes=\"(max-width: 860px) 100vw, 860px\" \/><p id=\"caption-attachment-101338\" class=\"wp-caption-text\">Pasteur Peter Kerr (\u00e0 gauche), pr\u00e9sident de l\u2019Union Carib\u00e9enne, serre la main du pr\u00e9sident de la DIA, le pasteur Elie Henry (\u00e0 droite) alors qu\u2019il re\u00e7oit un prix d\u00e9cern\u00e9 \u00e0 la direction de l\u2019H\u00f4pital Communautaire de Trinidad \u00e0 Trinidad, pour la mise en \u0153uvre r\u00e9ussie du plan de restructuration de l\u2019h\u00f4pital en 2022. Berti Henry (au centre derri\u00e8re), tr\u00e9sorier de l\u2019Union Carib\u00e9enne regarde. [Photo : Libna Stevens\/DIA]<\/p><\/div>Les dirigeants ont \u00e9galement remis des prix aux dirigeants de l\u2019H\u00f4pital Communautaire de Trinidad, \u00ab pour la mise en \u0153uvre r\u00e9ussie du plan de restructuration de l\u2019h\u00f4pital en 2022, \u00bb et \u00e0 l\u2019H\u00f4pital Adventiste Antillais \u00e0 Cura\u00e7ao, \u00ab en reconnaissance de la mise en place r\u00e9ussie d\u2019un programme d\u2019assurance qualit\u00e9 requis pour l\u2019accr\u00e9ditation internationale en tant qu\u2019h\u00f4pital de classe mondiale. \u00bb L&rsquo;institution travaille dur pour \u00eatre accr\u00e9dit\u00e9e d\u2019ici 2024. Enfin, les dirigeants ont honor\u00e9 l\u2019H\u00f4pital Bella Vista de Porto Rico, \u00ab pour avoir satisfait aux exigences de renouvellement de son accr\u00e9ditation en tant qu\u2019h\u00f4pital de classe mondiale. \u00bb L\u2019H\u00f4pital Bella Vista est accr\u00e9dit\u00e9e par la Commission Mixte depuis 1980.<\/p>\n<p><strong>Notre \u0153uvre finale<\/strong><\/p>\n<p>Apr\u00e8s la c\u00e9r\u00e9monie de remise des prix, le programme d\u2019ouverture du 27 juillet comprenait une vid\u00e9o des minist\u00e8res de la sant\u00e9 de la Conf\u00e9rence G\u00e9n\u00e9rale qui rappelait aux participants l\u2019origine, le but et les objectifs des minist\u00e8res de la sant\u00e9 adventistes. La vid\u00e9o a retrac\u00e9 les premiers messages qu\u2019Ellen G. White a re\u00e7us sur des sujets li\u00e9s \u00e0 la sant\u00e9, et a montr\u00e9 comment ces r\u00e9v\u00e9lations ont eu un impact sur la nouvelle emphase plac\u00e9e par la d\u00e9nomination naissante sur la promotion d\u2019aliments sains et d\u2019habitudes saines. De plus, elles ont amen\u00e9 l\u2019\u00c9glise adventiste \u00e0 ouvrir des dispensaires, des cliniques et plus tard des h\u00f4pitaux pour partager ces connaissances et mettre en pratique les principes de sant\u00e9 bas\u00e9s sur la Bible. Et tout cela, avec \u00e0 c\u0153ur constamment la mission, a expliqu\u00e9 la vid\u00e9o.<\/p>\n<p><div id=\"attachment_101353\" style=\"width: 841px\" class=\"wp-caption aligncenter\"><img loading=\"lazy\" decoding=\"async\" aria-describedby=\"caption-attachment-101353\" class=\" wp-image-101352\" src=\"https:\/\/interamerica.org\/wp-content\/uploads\/2023\/07\/aah-award-healthsymposium.jpg\" alt=\"\" width=\"831\" height=\"525\" srcset=\"https:\/\/interamerica.org\/wp-content\/uploads\/2023\/07\/aah-award-healthsymposium.jpg 1000w, https:\/\/interamerica.org\/wp-content\/uploads\/2023\/07\/aah-award-healthsymposium-300x190.jpg 300w, https:\/\/interamerica.org\/wp-content\/uploads\/2023\/07\/aah-award-healthsymposium-768x485.jpg 768w\" sizes=\"(max-width: 831px) 100vw, 831px\" \/><p id=\"caption-attachment-101353\" class=\"wp-caption-text\">Faith Blades (troisi\u00e8me \u00e0 partir de la gauche), directrice de l\u2019assurance qualit\u00e9 de l\u2019H\u00f4pital Adventiste Antillais \u00e0 Cura\u00e7ao, tient le prix d\u00e9cern\u00e9 \u00e0 l\u2019h\u00f4pital pour avoir avec succ\u00e8s \u00e9tabli r\u00e9cemment un programme d\u2019assurance qualit\u00e9 requis pour l\u2019accr\u00e9ditation internationale, \u00e0 c\u00f4t\u00e9 du pr\u00e9sident de la DIA, pasteur Henry (deuxi\u00e8me \u00e0 partir de la gauche) et sous les yeux des membres du conseil d\u2019administration de l\u2019AHSIA. [Photo : Libna Stevens\/DIA]<\/p><\/div>La port\u00e9e du minist\u00e8re de la sant\u00e9 int\u00e9grale est un minist\u00e8re de bonne nouvelle, de r\u00e9confort, de libert\u00e9, d\u2019esp\u00e9rance, de joie et de restauration pour tous ceux qui souffrent dans ce monde, disait la vid\u00e9o.<\/p>\n<p>Le directeur des minist\u00e8res de la sant\u00e9 de la Conf\u00e9rence G\u00e9n\u00e9rale, Dr Peter Landless, M.D., s\u2019est exprim\u00e9 en ligne, rappelant aux participants que Dieu n\u2019a pas demand\u00e9 aux adventistes du septi\u00e8me jour d\u2019\u00eatre en bonne sant\u00e9 juste pour vivre plus longtemps. \u00ab Ellen G. White a clairement indiqu\u00e9 que nous devrions prendre particuli\u00e8rement soin de notre sant\u00e9 car notre travail n\u2019est pas encore termin\u00e9, \u00bb a-t-il d\u00e9clar\u00e9.<\/p>\n<p><div id=\"attachment_101341\" style=\"width: 838px\" class=\"wp-caption aligncenter\"><img loading=\"lazy\" decoding=\"async\" aria-describedby=\"caption-attachment-101341\" class=\" wp-image-101340\" src=\"https:\/\/interamerica.org\/wp-content\/uploads\/2023\/07\/bvh-award-healthsymposium.jpg\" alt=\"\" width=\"828\" height=\"552\" srcset=\"https:\/\/interamerica.org\/wp-content\/uploads\/2023\/07\/bvh-award-healthsymposium.jpg 1000w, https:\/\/interamerica.org\/wp-content\/uploads\/2023\/07\/bvh-award-healthsymposium-300x200.jpg 300w, https:\/\/interamerica.org\/wp-content\/uploads\/2023\/07\/bvh-award-healthsymposium-768x512.jpg 768w\" sizes=\"(max-width: 828px) 100vw, 828px\" \/><p id=\"caption-attachment-101341\" class=\"wp-caption-text\">Le pr\u00e9sident de la DIA, pasteur Elie Henry (\u00e0 gauche), lit la d\u00e9claration inscrite sur le prix d\u00e9cern\u00e9 aux dirigeants de l\u2019H\u00f4pital Bella Vista, Marielis Guerra (deuxi\u00e8me \u00e0 partir de la gauche), administratrice de l\u2019H\u00f4pital Bella Vista et pasteur Luis Rivera (troisi\u00e8me \u00e0 partir de la gauche), pr\u00e9sident de l\u2019Union Portoricaine, pour avoir satisfait aux exigences du renouvellement de l\u2019accr\u00e9ditation de l\u2019\u00e9tablissement en tant qu\u2019h\u00f4pital de classe mondiale. L\u2019h\u00f4pital a l\u2019accr\u00e9ditation de la Commission Mixte depuis 1980. [Photo : Libna Stevens\/DIA]<\/p><\/div>Dr Landless a partag\u00e9 quelques-unes de ce qu\u2019il a appel\u00e9 des initiatives \u00ab passionnantes \u00bb des minist\u00e8res de la sant\u00e9 qui se d\u00e9roulent dans le monde entier. Parmi elles, il a mentionn\u00e9 l\u2019initiative \u00ab 10000 Orteils \u00bb prim\u00e9e dans le Pacifique Sud, qui lutte contre la pr\u00e9valence du diab\u00e8te parmi les populations Polyn\u00e9siennes. Il a \u00e9galement soulign\u00e9 le travail de l\u2019\u00c9quipe Angelia en Ukraine, qui soutient les efforts de soins de sant\u00e9 d\u2019urgence \u00e0 travers des cliniques \u00e0 Kiev et Chernivski.<\/p>\n<p>Dans le m\u00eame temps, Peter Landless a fait r\u00e9f\u00e9rence \u00e0 la recherche scientifique sanitaire sur les habitudes de sant\u00e9 adventistes qui a \u00e9t\u00e9 lanc\u00e9e en Am\u00e9rique du Nord il y a des ann\u00e9es et qui est maintenant men\u00e9e \u00e0 travers l\u2019Afrique, avec des r\u00e9sultats qui, selon lui, semblent prometteurs. \u00ab Le message adventiste sur la sant\u00e9 est soutenu par la science moderne, \u00bb a d\u00e9clar\u00e9 Peter Landless.<\/p>\n<p><div id=\"attachment_101356\" style=\"width: 866px\" class=\"wp-caption aligncenter\"><img loading=\"lazy\" decoding=\"async\" aria-describedby=\"caption-attachment-101356\" class=\" wp-image-101355\" src=\"https:\/\/interamerica.org\/wp-content\/uploads\/2023\/07\/healthsymposium-2023-audience-header.jpg\" alt=\"\" width=\"856\" height=\"571\" srcset=\"https:\/\/interamerica.org\/wp-content\/uploads\/2023\/07\/healthsymposium-2023-audience-header.jpg 1000w, https:\/\/interamerica.org\/wp-content\/uploads\/2023\/07\/healthsymposium-2023-audience-header-300x200.jpg 300w, https:\/\/interamerica.org\/wp-content\/uploads\/2023\/07\/healthsymposium-2023-audience-header-768x512.jpg 768w\" sizes=\"(max-width: 856px) 100vw, 856px\" \/><p id=\"caption-attachment-101356\" class=\"wp-caption-text\">Plus de 70 administrateurs d\u2019h\u00f4pitaux, de pr\u00e9sidents d\u2019union, de directeurs de minist\u00e8res de la sant\u00e9 assistent \u00e0 la c\u00e9r\u00e9monie d\u2019ouverture du Symposium de l\u2019Inter Am\u00e9rique sur la Sant\u00e9 \u00e0 Miami, en Floride, aux \u00c9tats-Unis, le 27 juillet 2023. [Photo : Libna Stevens\/DIA]<\/p><\/div>Mais en plus de ces projets et de bien d\u2019autres, les adventistes ne doivent jamais oublier quel est le but des soins de sant\u00e9 adventistes dans le monde. \u00ab Il ne s\u2019agit pas de mettre en place une \u2018franchise\u2019 de soins de sant\u00e9, mais plut\u00f4t de donner un prolongement au minist\u00e8re de gu\u00e9rison de J\u00e9sus-Christ, \u00bb a-t-il soulign\u00e9. \u00ab Il ne s\u2019agit pas d\u2019avoir une \u2018franchise\u2019 d\u2019\u00e9ducation m\u00e9dicale, mais plut\u00f4t de former des professionnels de la m\u00e9decine pour qu\u2019ils soient le bras droit de ce minist\u00e8re de gu\u00e9rison et qu\u2019ils puissent toucher un monde bris\u00e9. \u00bb<\/p>\n<p>En terminant, le pr\u00e9sident de l\u2019AHSIA, Dr Franck G\u00e9neus, M.D., s\u2019est exprim\u00e9 en allant dans le m\u00eame sens. \u00ab Rappelons-nous que le minist\u00e8re de la sant\u00e9 int\u00e9grale c\u2019est l\u2019\u00e9vangile en action, \u00bb a-t-il d\u00e9clar\u00e9.<\/p>\n<p>Traduction: Patrick Luciathe<\/p>\n","protected":false},"excerpt":{"rendered":"<p>28 Juillet 2023 | Miami, Floride, \u00c9tats-Unis | Marcos Paseggi pour les Actualit\u00e9s de la Division Inter Am\u00e9ricaine Des dizaines de dirigeants de l\u2019\u00c9glise adventiste du septi\u00e8me jour dans la&#8230;<\/p>\n","protected":false},"author":3,"featured_media":101350,"comment_status":"closed","ping_status":"closed","sticky":false,"template":"","format":"standard","meta":{"_acf_changed":false,"footnotes":""},"categories":[20,19],"tags":[],"class_list":["post-101380","post","type-post","status-publish","format-standard","has-post-thumbnail","hentry","category-nouvelles-du-siege-de-la-division","category-rss-francais"],"acf":[],"yoast_head":"<!-- This site is optimized with the Yoast SEO plugin v27.3 - https:\/\/yoast.com\/product\/yoast-seo-wordpress\/ -->\n<title>Les responsables et les promoteurs de la sant\u00e9 se r\u00e9unissent pour r\u00e9fl\u00e9chir, partager et am\u00e9liorer - \u00c9glise Adventiste Du Septieme Jour - Inter Am\u00e9rique Division<\/title>\n<meta name=\"robots\" content=\"index, follow, max-snippet:-1, max-image-preview:large, max-video-preview:-1\" \/>\n<link rel=\"canonical\" href=\"https:\/\/interamerica.org\/fr\/2023\/07\/les-responsables-et-les-promoteurs-de-la-sante-se-reunissent-pour-reflechir-partager-et-ameliorer\/\" \/>\n<meta property=\"og:locale\" content=\"fr_FR\" \/>\n<meta property=\"og:type\" content=\"article\" \/>\n<meta property=\"og:title\" content=\"Les responsables et les promoteurs de la sant\u00e9 se r\u00e9unissent pour r\u00e9fl\u00e9chir, partager et am\u00e9liorer - \u00c9glise Adventiste Du Septieme Jour - Inter Am\u00e9rique Division\" \/>\n<meta property=\"og:description\" content=\"28 Juillet 2023 | Miami, Floride, \u00c9tats-Unis | Marcos Paseggi pour les Actualit\u00e9s de la Division Inter Am\u00e9ricaine Des dizaines de dirigeants de l\u2019\u00c9glise adventiste du septi\u00e8me jour dans la...\" \/>\n<meta property=\"og:url\" content=\"https:\/\/interamerica.org\/fr\/2023\/07\/les-responsables-et-les-promoteurs-de-la-sante-se-reunissent-pour-reflechir-partager-et-ameliorer\/\" \/>\n<meta property=\"og:site_name\" content=\"\u00c9glise Adventiste Du Septieme Jour - Inter Am\u00e9rique Division\" \/>\n<meta property=\"article:published_time\" content=\"2023-07-28T19:40:44+00:00\" \/>\n<meta property=\"article:modified_time\" content=\"2023-07-28T23:46:57+00:00\" \/>\n<meta property=\"og:image\" content=\"https:\/\/interamerica.org\/wp-content\/uploads\/2023\/07\/franck-geneus-healthsymposium2023.jpg\" \/>\n\t<meta property=\"og:image:width\" content=\"1000\" \/>\n\t<meta property=\"og:image:height\" content=\"667\" \/>\n\t<meta property=\"og:image:type\" content=\"image\/jpeg\" \/>\n<meta name=\"author\" content=\"libna\" \/>\n<meta name=\"twitter:card\" content=\"summary_large_image\" \/>\n<meta name=\"twitter:label1\" content=\"\u00c9crit par\" \/>\n\t<meta name=\"twitter:data1\" content=\"libna\" \/>\n\t<meta name=\"twitter:label2\" content=\"Dur\u00e9e de lecture estim\u00e9e\" \/>\n\t<meta name=\"twitter:data2\" content=\"8 minutes\" \/>\n<script type=\"application\/ld+json\" class=\"yoast-schema-graph\">{\"@context\":\"https:\\\/\\\/schema.org\",\"@graph\":[{\"@type\":\"Article\",\"@id\":\"https:\\\/\\\/interamerica.org\\\/fr\\\/2023\\\/07\\\/les-responsables-et-les-promoteurs-de-la-sante-se-reunissent-pour-reflechir-partager-et-ameliorer\\\/#article\",\"isPartOf\":{\"@id\":\"https:\\\/\\\/interamerica.org\\\/fr\\\/2023\\\/07\\\/les-responsables-et-les-promoteurs-de-la-sante-se-reunissent-pour-reflechir-partager-et-ameliorer\\\/\"},\"author\":{\"name\":\"libna\",\"@id\":\"https:\\\/\\\/interamerica.org\\\/fr\\\/#\\\/schema\\\/person\\\/29998f2bc2d8bd0d38662909289b54f1\"},\"headline\":\"Les responsables et les promoteurs de la sant\u00e9 se r\u00e9unissent pour r\u00e9fl\u00e9chir, partager et am\u00e9liorer\",\"datePublished\":\"2023-07-28T19:40:44+00:00\",\"dateModified\":\"2023-07-28T23:46:57+00:00\",\"mainEntityOfPage\":{\"@id\":\"https:\\\/\\\/interamerica.org\\\/fr\\\/2023\\\/07\\\/les-responsables-et-les-promoteurs-de-la-sante-se-reunissent-pour-reflechir-partager-et-ameliorer\\\/\"},\"wordCount\":1748,\"image\":{\"@id\":\"https:\\\/\\\/interamerica.org\\\/fr\\\/2023\\\/07\\\/les-responsables-et-les-promoteurs-de-la-sante-se-reunissent-pour-reflechir-partager-et-ameliorer\\\/#primaryimage\"},\"thumbnailUrl\":\"https:\\\/\\\/interamerica.org\\\/wp-content\\\/uploads\\\/2023\\\/07\\\/franck-geneus-healthsymposium2023.jpg\",\"articleSection\":[\"Nouvelles du si\u00e8ge de la division\",\"RSS Fran\u00e7ais\"],\"inLanguage\":\"fr-FR\"},{\"@type\":\"WebPage\",\"@id\":\"https:\\\/\\\/interamerica.org\\\/fr\\\/2023\\\/07\\\/les-responsables-et-les-promoteurs-de-la-sante-se-reunissent-pour-reflechir-partager-et-ameliorer\\\/\",\"url\":\"https:\\\/\\\/interamerica.org\\\/fr\\\/2023\\\/07\\\/les-responsables-et-les-promoteurs-de-la-sante-se-reunissent-pour-reflechir-partager-et-ameliorer\\\/\",\"name\":\"Les responsables et les promoteurs de la sant\u00e9 se r\u00e9unissent pour r\u00e9fl\u00e9chir, partager et am\u00e9liorer - \u00c9glise Adventiste Du Septieme Jour - Inter Am\u00e9rique Division\",\"isPartOf\":{\"@id\":\"https:\\\/\\\/interamerica.org\\\/fr\\\/#website\"},\"primaryImageOfPage\":{\"@id\":\"https:\\\/\\\/interamerica.org\\\/fr\\\/2023\\\/07\\\/les-responsables-et-les-promoteurs-de-la-sante-se-reunissent-pour-reflechir-partager-et-ameliorer\\\/#primaryimage\"},\"image\":{\"@id\":\"https:\\\/\\\/interamerica.org\\\/fr\\\/2023\\\/07\\\/les-responsables-et-les-promoteurs-de-la-sante-se-reunissent-pour-reflechir-partager-et-ameliorer\\\/#primaryimage\"},\"thumbnailUrl\":\"https:\\\/\\\/interamerica.org\\\/wp-content\\\/uploads\\\/2023\\\/07\\\/franck-geneus-healthsymposium2023.jpg\",\"datePublished\":\"2023-07-28T19:40:44+00:00\",\"dateModified\":\"2023-07-28T23:46:57+00:00\",\"author\":{\"@id\":\"https:\\\/\\\/interamerica.org\\\/fr\\\/#\\\/schema\\\/person\\\/29998f2bc2d8bd0d38662909289b54f1\"},\"breadcrumb\":{\"@id\":\"https:\\\/\\\/interamerica.org\\\/fr\\\/2023\\\/07\\\/les-responsables-et-les-promoteurs-de-la-sante-se-reunissent-pour-reflechir-partager-et-ameliorer\\\/#breadcrumb\"},\"inLanguage\":\"fr-FR\",\"potentialAction\":[{\"@type\":\"ReadAction\",\"target\":[\"https:\\\/\\\/interamerica.org\\\/fr\\\/2023\\\/07\\\/les-responsables-et-les-promoteurs-de-la-sante-se-reunissent-pour-reflechir-partager-et-ameliorer\\\/\"]}]},{\"@type\":\"ImageObject\",\"inLanguage\":\"fr-FR\",\"@id\":\"https:\\\/\\\/interamerica.org\\\/fr\\\/2023\\\/07\\\/les-responsables-et-les-promoteurs-de-la-sante-se-reunissent-pour-reflechir-partager-et-ameliorer\\\/#primaryimage\",\"url\":\"https:\\\/\\\/interamerica.org\\\/wp-content\\\/uploads\\\/2023\\\/07\\\/franck-geneus-healthsymposium2023.jpg\",\"contentUrl\":\"https:\\\/\\\/interamerica.org\\\/wp-content\\\/uploads\\\/2023\\\/07\\\/franck-geneus-healthsymposium2023.jpg\",\"width\":1000,\"height\":667,\"caption\":\"[Photo: Libna Stevens\\\/IAD]\"},{\"@type\":\"BreadcrumbList\",\"@id\":\"https:\\\/\\\/interamerica.org\\\/fr\\\/2023\\\/07\\\/les-responsables-et-les-promoteurs-de-la-sante-se-reunissent-pour-reflechir-partager-et-ameliorer\\\/#breadcrumb\",\"itemListElement\":[{\"@type\":\"ListItem\",\"position\":1,\"name\":\"Home\",\"item\":\"https:\\\/\\\/interamerica.org\\\/fr\\\/\"},{\"@type\":\"ListItem\",\"position\":2,\"name\":\"Les responsables et les promoteurs de la sant\u00e9 se r\u00e9unissent pour r\u00e9fl\u00e9chir, partager et am\u00e9liorer\"}]},{\"@type\":\"WebSite\",\"@id\":\"https:\\\/\\\/interamerica.org\\\/fr\\\/#website\",\"url\":\"https:\\\/\\\/interamerica.org\\\/fr\\\/\",\"name\":\"\u00c9glise Adventiste Du Septieme Jour - Inter Am\u00e9rique Division\",\"description\":\"\",\"potentialAction\":[{\"@type\":\"SearchAction\",\"target\":{\"@type\":\"EntryPoint\",\"urlTemplate\":\"https:\\\/\\\/interamerica.org\\\/fr\\\/?s={search_term_string}\"},\"query-input\":{\"@type\":\"PropertyValueSpecification\",\"valueRequired\":true,\"valueName\":\"search_term_string\"}}],\"inLanguage\":\"fr-FR\"},{\"@type\":\"Person\",\"@id\":\"https:\\\/\\\/interamerica.org\\\/fr\\\/#\\\/schema\\\/person\\\/29998f2bc2d8bd0d38662909289b54f1\",\"name\":\"libna\",\"image\":{\"@type\":\"ImageObject\",\"inLanguage\":\"fr-FR\",\"@id\":\"https:\\\/\\\/secure.gravatar.com\\\/avatar\\\/7c5bd30ae4b47a9ba3c856590957fd1d96dc588bf3ac05719d247e126840331f?s=96&d=mm&r=g\",\"url\":\"https:\\\/\\\/secure.gravatar.com\\\/avatar\\\/7c5bd30ae4b47a9ba3c856590957fd1d96dc588bf3ac05719d247e126840331f?s=96&d=mm&r=g\",\"contentUrl\":\"https:\\\/\\\/secure.gravatar.com\\\/avatar\\\/7c5bd30ae4b47a9ba3c856590957fd1d96dc588bf3ac05719d247e126840331f?s=96&d=mm&r=g\",\"caption\":\"libna\"}}]}<\/script>\n<!-- \/ Yoast SEO plugin. -->","yoast_head_json":{"title":"Les responsables et les promoteurs de la sant\u00e9 se r\u00e9unissent pour r\u00e9fl\u00e9chir, partager et am\u00e9liorer - \u00c9glise Adventiste Du Septieme Jour - Inter Am\u00e9rique Division","robots":{"index":"index","follow":"follow","max-snippet":"max-snippet:-1","max-image-preview":"max-image-preview:large","max-video-preview":"max-video-preview:-1"},"canonical":"https:\/\/interamerica.org\/fr\/2023\/07\/les-responsables-et-les-promoteurs-de-la-sante-se-reunissent-pour-reflechir-partager-et-ameliorer\/","og_locale":"fr_FR","og_type":"article","og_title":"Les responsables et les promoteurs de la sant\u00e9 se r\u00e9unissent pour r\u00e9fl\u00e9chir, partager et am\u00e9liorer - \u00c9glise Adventiste Du Septieme Jour - Inter Am\u00e9rique Division","og_description":"28 Juillet 2023 | Miami, Floride, \u00c9tats-Unis | Marcos Paseggi pour les Actualit\u00e9s de la Division Inter Am\u00e9ricaine Des dizaines de dirigeants de l\u2019\u00c9glise adventiste du septi\u00e8me jour dans la...","og_url":"https:\/\/interamerica.org\/fr\/2023\/07\/les-responsables-et-les-promoteurs-de-la-sante-se-reunissent-pour-reflechir-partager-et-ameliorer\/","og_site_name":"\u00c9glise Adventiste Du Septieme Jour - Inter Am\u00e9rique Division","article_published_time":"2023-07-28T19:40:44+00:00","article_modified_time":"2023-07-28T23:46:57+00:00","og_image":[{"width":1000,"height":667,"url":"https:\/\/interamerica.org\/wp-content\/uploads\/2023\/07\/franck-geneus-healthsymposium2023.jpg","type":"image\/jpeg"}],"author":"libna","twitter_card":"summary_large_image","twitter_misc":{"\u00c9crit par":"libna","Dur\u00e9e de lecture estim\u00e9e":"8 minutes"},"schema":{"@context":"https:\/\/schema.org","@graph":[{"@type":"Article","@id":"https:\/\/interamerica.org\/fr\/2023\/07\/les-responsables-et-les-promoteurs-de-la-sante-se-reunissent-pour-reflechir-partager-et-ameliorer\/#article","isPartOf":{"@id":"https:\/\/interamerica.org\/fr\/2023\/07\/les-responsables-et-les-promoteurs-de-la-sante-se-reunissent-pour-reflechir-partager-et-ameliorer\/"},"author":{"name":"libna","@id":"https:\/\/interamerica.org\/fr\/#\/schema\/person\/29998f2bc2d8bd0d38662909289b54f1"},"headline":"Les responsables et les promoteurs de la sant\u00e9 se r\u00e9unissent pour r\u00e9fl\u00e9chir, partager et am\u00e9liorer","datePublished":"2023-07-28T19:40:44+00:00","dateModified":"2023-07-28T23:46:57+00:00","mainEntityOfPage":{"@id":"https:\/\/interamerica.org\/fr\/2023\/07\/les-responsables-et-les-promoteurs-de-la-sante-se-reunissent-pour-reflechir-partager-et-ameliorer\/"},"wordCount":1748,"image":{"@id":"https:\/\/interamerica.org\/fr\/2023\/07\/les-responsables-et-les-promoteurs-de-la-sante-se-reunissent-pour-reflechir-partager-et-ameliorer\/#primaryimage"},"thumbnailUrl":"https:\/\/interamerica.org\/wp-content\/uploads\/2023\/07\/franck-geneus-healthsymposium2023.jpg","articleSection":["Nouvelles du si\u00e8ge de la division","RSS Fran\u00e7ais"],"inLanguage":"fr-FR"},{"@type":"WebPage","@id":"https:\/\/interamerica.org\/fr\/2023\/07\/les-responsables-et-les-promoteurs-de-la-sante-se-reunissent-pour-reflechir-partager-et-ameliorer\/","url":"https:\/\/interamerica.org\/fr\/2023\/07\/les-responsables-et-les-promoteurs-de-la-sante-se-reunissent-pour-reflechir-partager-et-ameliorer\/","name":"Les responsables et les promoteurs de la sant\u00e9 se r\u00e9unissent pour r\u00e9fl\u00e9chir, partager et am\u00e9liorer - \u00c9glise Adventiste Du Septieme Jour - Inter Am\u00e9rique Division","isPartOf":{"@id":"https:\/\/interamerica.org\/fr\/#website"},"primaryImageOfPage":{"@id":"https:\/\/interamerica.org\/fr\/2023\/07\/les-responsables-et-les-promoteurs-de-la-sante-se-reunissent-pour-reflechir-partager-et-ameliorer\/#primaryimage"},"image":{"@id":"https:\/\/interamerica.org\/fr\/2023\/07\/les-responsables-et-les-promoteurs-de-la-sante-se-reunissent-pour-reflechir-partager-et-ameliorer\/#primaryimage"},"thumbnailUrl":"https:\/\/interamerica.org\/wp-content\/uploads\/2023\/07\/franck-geneus-healthsymposium2023.jpg","datePublished":"2023-07-28T19:40:44+00:00","dateModified":"2023-07-28T23:46:57+00:00","author":{"@id":"https:\/\/interamerica.org\/fr\/#\/schema\/person\/29998f2bc2d8bd0d38662909289b54f1"},"breadcrumb":{"@id":"https:\/\/interamerica.org\/fr\/2023\/07\/les-responsables-et-les-promoteurs-de-la-sante-se-reunissent-pour-reflechir-partager-et-ameliorer\/#breadcrumb"},"inLanguage":"fr-FR","potentialAction":[{"@type":"ReadAction","target":["https:\/\/interamerica.org\/fr\/2023\/07\/les-responsables-et-les-promoteurs-de-la-sante-se-reunissent-pour-reflechir-partager-et-ameliorer\/"]}]},{"@type":"ImageObject","inLanguage":"fr-FR","@id":"https:\/\/interamerica.org\/fr\/2023\/07\/les-responsables-et-les-promoteurs-de-la-sante-se-reunissent-pour-reflechir-partager-et-ameliorer\/#primaryimage","url":"https:\/\/interamerica.org\/wp-content\/uploads\/2023\/07\/franck-geneus-healthsymposium2023.jpg","contentUrl":"https:\/\/interamerica.org\/wp-content\/uploads\/2023\/07\/franck-geneus-healthsymposium2023.jpg","width":1000,"height":667,"caption":"[Photo: Libna Stevens\/IAD]"},{"@type":"BreadcrumbList","@id":"https:\/\/interamerica.org\/fr\/2023\/07\/les-responsables-et-les-promoteurs-de-la-sante-se-reunissent-pour-reflechir-partager-et-ameliorer\/#breadcrumb","itemListElement":[{"@type":"ListItem","position":1,"name":"Home","item":"https:\/\/interamerica.org\/fr\/"},{"@type":"ListItem","position":2,"name":"Les responsables et les promoteurs de la sant\u00e9 se r\u00e9unissent pour r\u00e9fl\u00e9chir, partager et am\u00e9liorer"}]},{"@type":"WebSite","@id":"https:\/\/interamerica.org\/fr\/#website","url":"https:\/\/interamerica.org\/fr\/","name":"\u00c9glise Adventiste Du Septieme Jour - Inter Am\u00e9rique Division","description":"","potentialAction":[{"@type":"SearchAction","target":{"@type":"EntryPoint","urlTemplate":"https:\/\/interamerica.org\/fr\/?s={search_term_string}"},"query-input":{"@type":"PropertyValueSpecification","valueRequired":true,"valueName":"search_term_string"}}],"inLanguage":"fr-FR"},{"@type":"Person","@id":"https:\/\/interamerica.org\/fr\/#\/schema\/person\/29998f2bc2d8bd0d38662909289b54f1","name":"libna","image":{"@type":"ImageObject","inLanguage":"fr-FR","@id":"https:\/\/secure.gravatar.com\/avatar\/7c5bd30ae4b47a9ba3c856590957fd1d96dc588bf3ac05719d247e126840331f?s=96&d=mm&r=g","url":"https:\/\/secure.gravatar.com\/avatar\/7c5bd30ae4b47a9ba3c856590957fd1d96dc588bf3ac05719d247e126840331f?s=96&d=mm&r=g","contentUrl":"https:\/\/secure.gravatar.com\/avatar\/7c5bd30ae4b47a9ba3c856590957fd1d96dc588bf3ac05719d247e126840331f?s=96&d=mm&r=g","caption":"libna"}}]}},"_links":{"self":[{"href":"https:\/\/interamerica.org\/fr\/wp-json\/wp\/v2\/posts\/101380","targetHints":{"allow":["GET"]}}],"collection":[{"href":"https:\/\/interamerica.org\/fr\/wp-json\/wp\/v2\/posts"}],"about":[{"href":"https:\/\/interamerica.org\/fr\/wp-json\/wp\/v2\/types\/post"}],"author":[{"embeddable":true,"href":"https:\/\/interamerica.org\/fr\/wp-json\/wp\/v2\/users\/3"}],"replies":[{"embeddable":true,"href":"https:\/\/interamerica.org\/fr\/wp-json\/wp\/v2\/comments?post=101380"}],"version-history":[{"count":0,"href":"https:\/\/interamerica.org\/fr\/wp-json\/wp\/v2\/posts\/101380\/revisions"}],"wp:featuredmedia":[{"embeddable":true,"href":"https:\/\/interamerica.org\/fr\/wp-json\/wp\/v2\/media\/101350"}],"wp:attachment":[{"href":"https:\/\/interamerica.org\/fr\/wp-json\/wp\/v2\/media?parent=101380"}],"wp:term":[{"taxonomy":"category","embeddable":true,"href":"https:\/\/interamerica.org\/fr\/wp-json\/wp\/v2\/categories?post=101380"},{"taxonomy":"post_tag","embeddable":true,"href":"https:\/\/interamerica.org\/fr\/wp-json\/wp\/v2\/tags?post=101380"}],"curies":[{"name":"wp","href":"https:\/\/api.w.org\/{rel}","templated":true}]}}